{"id":4598,"date":"2026-09-05T21:13:51","date_gmt":"2026-09-05T19:13:51","guid":{"rendered":"https:\/\/www.geopolitics.fr\/?p=4598"},"modified":"2026-09-06T10:48:41","modified_gmt":"2026-09-06T08:48:41","slug":"le-golfe-a-lepreuve-de-lhistoire-pouvoir-legitimite-et-nouveaux-equilibres-la-legitimite-a-lepreuve-du-reel","status":"publish","type":"post","link":"https:\/\/www.geopolitics.fr\/en\/2026\/09\/05\/le-golfe-a-lepreuve-de-lhistoire-pouvoir-legitimite-et-nouveaux-equilibres-la-legitimite-a-lepreuve-du-reel\/","title":{"rendered":"Pouvoir, l\u00e9gitimit\u00e9 et nouveaux \u00e9quilibres. La l\u00e9gitimit\u00e9 \u00e0 l&rsquo;\u00e9preuve du r\u00e9el. (3\/3)"},"content":{"rendered":"<h1 id=\"h-quand-la-forme-ne-suffit-plus\" class=\"wp-block-heading\"><strong>Quand la forme ne suffit plus <\/strong><\/h1>\n\n\n\n<p class=\"has-medium-font-size wp-block-paragraph\">Car une forme n&rsquo;a de sens que par ce qu&rsquo;elle permet de r\u00e9aliser.<br>La question n&rsquo;est donc pas de savoir s&rsquo;il faut une forme.<br>La question est de savoir si cette forme demeure fid\u00e8le \u00e0 ce qu&rsquo;elle est cens\u00e9e servir.<\/p>\n\n\n\n<p class=\"has-medium-font-size wp-block-paragraph\">C&rsquo;est ici que se situe peut-\u00eatre l&rsquo;une des grandes contradictions de notre temps.<\/p>\n\n\n\n<p class=\"has-medium-font-size wp-block-paragraph\">Les soci\u00e9t\u00e9s modernes ont perfectionn\u00e9 leurs institutions au point de pouvoir parfois donner <strong>l&rsquo;apparence de la libert\u00e9 sans garantir sa r\u00e9alit\u00e9<\/strong>, l&rsquo;apparence de la participation sans que la volont\u00e9 exprim\u00e9e produise toujours une cons\u00e9quence politique, ou l&rsquo;apparence de la souverainet\u00e9 alors que les conditions mat\u00e9rielles de cette souverainet\u00e9 se sont d\u00e9plac\u00e9es ailleurs.<\/p>\n\n\n\n<p class=\"has-medium-font-size wp-block-paragraph\">Une soci\u00e9t\u00e9 peut laisser parler ses citoyens sans r\u00e9ellement les entendre.<br>Elle peut les entendre sans r\u00e9ellement les \u00e9couter.<br>Et elle peut m\u00eame les \u00e9couter sans modifier sa d\u00e9cision.<\/p>\n\n\n\n<h3 id=\"h-ces-trois-situations-ne-sont-pas-equivalentes\" class=\"wp-block-heading has-medium-font-size\">Ces trois situations ne sont pas \u00e9quivalentes<\/h3>\n\n\n\n<p class=\"has-medium-font-size wp-block-paragraph\">Le r\u00e9f\u00e9rendum fran\u00e7ais de 2005 sur le trait\u00e9 \u00e9tablissant une Constitution pour l&rsquo;Europe en offre une illustration. Le \u00ab non \u00bb l&#8217;emporta avec 54,67 % des suffrages exprim\u00e9s. Le projet fut donc rejet\u00e9 par les \u00e9lecteurs fran\u00e7ais.<\/p>\n\n\n\n<p class=\"has-medium-font-size wp-block-paragraph\">Pourtant, Une partie substantielle de ses dispositions fut ensuite reprise dans le trait\u00e9 de Lisbonne, que la France ratifia par voie parlementaire en 2008.<\/p>\n\n\n\n<p class=\"has-medium-font-size wp-block-paragraph\">Le r\u00e9f\u00e9rendum avait bien permis au peuple de s&rsquo;exprimer. Mais que signifie une consultation populaire lorsque la volont\u00e9 exprim\u00e9e ne suffit pas \u00e0 infl\u00e9chir l&rsquo;orientation politique poursuivie ?<\/p>\n\n\n\n<p class=\"has-medium-font-size wp-block-paragraph\">Entendre suppose d\u00e9j\u00e0 autre chose : prendre connaissance de la parole de l&rsquo;autre, sans n\u00e9cessairement lui accorder un v\u00e9ritable poids.<\/p>\n\n\n\n<p class=\"has-medium-font-size wp-block-paragraph\">\u00c9couter sinc\u00e8rement va plus loin : cela suppose d&rsquo;accepter que la parole de l&rsquo;autre puisse contenir une v\u00e9rit\u00e9 que le pouvoir n&rsquo;avait pas envisag\u00e9e, ou une volont\u00e9 qui puisse l&rsquo;obliger \u00e0 revoir sa propre d\u00e9cision.<\/p>\n\n\n\n<p class=\"has-medium-font-size wp-block-paragraph\">Mais m\u00eame l&rsquo;\u00e9coute ne signifie pas n\u00e9cessairement que la d\u00e9cision sera modifi\u00e9e.<\/p>\n\n\n\n<p class=\"has-medium-font-size wp-block-paragraph\">C&rsquo;est lorsque ce qui a \u00e9t\u00e9 exprim\u00e9 peut r\u00e9ellement peser sur l&rsquo;action de ceux qui gouvernent que la forme retrouve son esprit.<\/p>\n\n\n\n<p class=\"has-medium-font-size wp-block-paragraph\">Une d\u00e9mocratie ne peut donc \u00eatre r\u00e9duite \u00e0 la possibilit\u00e9 de voter.<br>Une libert\u00e9 ne peut \u00eatre r\u00e9duite \u00e0 la possibilit\u00e9 de parler.<br>Une souverainet\u00e9 ne peut \u00eatre r\u00e9duite \u00e0 sa proclamation.<br>Et une institution ne peut \u00eatre jug\u00e9e uniquement par son existence.<\/p>\n\n\n\n<p class=\"has-medium-font-size wp-block-paragraph\">Il faut regarder ce qu&rsquo;elle permet r\u00e9ellement \u00e0 ceux qu&rsquo;elle pr\u00e9tend servir.<br>Car c&rsquo;est finalement dans le passage entre la parole et l&rsquo;action que se r\u00e9v\u00e8le la sinc\u00e9rit\u00e9 d&rsquo;un syst\u00e8me.<\/p>\n\n\n\n<p class=\"has-medium-font-size wp-block-paragraph\">Un pouvoir peut tol\u00e9rer la contestation parce qu&rsquo;il y est juridiquement contraint.<\/p>\n\n\n\n<p class=\"has-medium-font-size wp-block-paragraph\">Il peut aussi l&rsquo;\u00e9couter parce qu&rsquo;il comprend qu&rsquo;une soci\u00e9t\u00e9 qu&rsquo;il ne comprend plus devient une soci\u00e9t\u00e9 qu&rsquo;il ne pourra bient\u00f4t plus gouverner.<\/p>\n\n\n\n<p class=\"has-medium-font-size wp-block-paragraph\"><strong>La diff\u00e9rence est fondamentale.<\/strong><\/p>\n\n\n\n<p class=\"has-medium-font-size wp-block-paragraph\">Dans le premier cas, la forme est respect\u00e9e.<br>Dans le second, l&rsquo;esprit demeure vivant.<\/p>\n\n\n\n<h2 id=\"h-l-esprit-se-mesure-aux-actes\" class=\"wp-block-heading\">L&rsquo;esprit se mesure aux actes<\/h2>\n\n\n\n<p class=\"has-medium-font-size wp-block-paragraph\">C&rsquo;est ici que la question de la l\u00e9gitimit\u00e9 appara\u00eet.<\/p>\n\n\n\n<p class=\"has-medium-font-size wp-block-paragraph\"><strong>La l\u00e9galit\u00e9 et la l\u00e9gitimit\u00e9 ne co\u00efncident pas n\u00e9cessairement.<\/strong><\/p>\n\n\n\n<p class=\"has-medium-font-size wp-block-paragraph\">Une d\u00e9cision peut \u00eatre parfaitement l\u00e9gale et pourtant \u00eatre ressentie comme profond\u00e9ment ill\u00e9gitime par une partie de la population. \u00c0 l&rsquo;inverse, une d\u00e9cision peut \u00eatre contest\u00e9e dans sa l\u00e9galit\u00e9 tout en b\u00e9n\u00e9ficiant d&rsquo;une l\u00e9gitimit\u00e9 r\u00e9elle aupr\u00e8s de ceux qui la consid\u00e8rent comme n\u00e9cessaire \u00e0 la sauvegarde de la nation.<\/p>\n\n\n\n<p class=\"has-medium-font-size wp-block-paragraph\">La proc\u00e9dure est indispensable.<br><strong>Mais elle ne suffit pas.<\/strong><\/p>\n\n\n\n<p class=\"has-medium-font-size wp-block-paragraph\">Une \u00e9lection \u00e9tablit qu&rsquo;un pouvoir a \u00e9t\u00e9 d\u00e9sign\u00e9 selon certaines r\u00e8gles. Elle ne garantit pas, \u00e0 elle seule, que ce pouvoir r\u00e9pondra aux attentes de ceux qui l&rsquo;ont port\u00e9 au pouvoir.<br>De m\u00eame, l&rsquo;absence d&rsquo;\u00e9lections nationales comp\u00e9titives ne signifie pas automatiquement que toute relation entre le pouvoir et la population a disparu.<\/p>\n\n\n\n<p class=\"has-medium-font-size wp-block-paragraph\">Les r\u00e9gimes politiques doivent donc \u00eatre observ\u00e9s autrement que par leur seule apparence institutionnelle.<\/p>\n\n\n\n<p class=\"has-medium-font-size wp-block-paragraph\">Cette distinction est particuli\u00e8rement importante lorsqu&rsquo;on compare les d\u00e9mocraties lib\u00e9rales aux grands \u00c9tats \u00e0 pouvoir fortement centralis\u00e9.<\/p>\n\n\n\n<p class=\"has-medium-font-size wp-block-paragraph\">Il serait illusoire de penser que l&rsquo;on gouverne un pays de plusieurs centaines de millions ou de plus d&rsquo;un milliard d&rsquo;habitants comme on gouverne un petit \u00c9tat. Les dimensions d\u00e9mographiques, territoriales, historiques et sociales imposent des formes de gouvernement diff\u00e9rentes. Elles imposent surtout au pouvoir une capacit\u00e9 permanente \u00e0 conna\u00eetre l&rsquo;\u00e9tat r\u00e9el de la soci\u00e9t\u00e9 qu&rsquo;il dirige.<\/p>\n\n\n\n<p class=\"has-medium-font-size wp-block-paragraph\">Dans un r\u00e9gime fortement centralis\u00e9, la responsabilit\u00e9 du pouvoir est d&rsquo;autant plus grande que les contre-pouvoirs institutionnels sont r\u00e9duits.<\/p>\n\n\n\n<p class=\"has-medium-font-size wp-block-paragraph\"><strong>Celui qui concentre la d\u00e9cision concentre aussi la responsabilit\u00e9 du r\u00e9sultat.<\/strong><\/p>\n\n\n\n<p class=\"has-medium-font-size wp-block-paragraph\">Il lui est plus difficile de rejeter ou de diluer durablement la responsabilit\u00e9 de ses \u00e9checs sur un gouvernement pr\u00e9c\u00e9dent, sur une coalition parlementaire, sur une opposition ou sur les contraintes d&rsquo;un syst\u00e8me institutionnel dont il ne contr\u00f4le pas les principaux ressorts.<\/p>\n\n\n\n<p class=\"has-medium-font-size wp-block-paragraph\">Il doit donc r\u00e9pondre autrement \u00e0 la soci\u00e9t\u00e9 : par la s\u00e9curit\u00e9, la stabilit\u00e9, le d\u00e9veloppement, l&rsquo;am\u00e9lioration du niveau de vie, la capacit\u00e9 \u00e0 prot\u00e9ger le territoire et, plus largement, par la d\u00e9monstration qu&rsquo;il est capable de conduire le pays dans la direction qu&rsquo;il lui a promise.<\/p>\n\n\n\n<p class=\"has-medium-font-size wp-block-paragraph\"><strong>Le r\u00e9sultat devient alors lui-m\u00eame une forme de contrat politique.<\/strong><strong><\/strong><\/p>\n\n\n\n<p class=\"has-medium-font-size wp-block-paragraph\">Cela ne signifie pas qu&rsquo;une difficult\u00e9 \u00e9conomique passag\u00e8re suffirait \u00e0 rendre un r\u00e9gime ill\u00e9gitime. Aucun pouvoir ne peut \u00eatre jug\u00e9 sur une crise ponctuelle, pas plus qu&rsquo;une courte p\u00e9riode de prosp\u00e9rit\u00e9 ne suffit \u00e0 \u00e9tablir sa l\u00e9gitimit\u00e9.<\/p>\n\n\n\n<p class=\"has-medium-font-size wp-block-paragraph\">Mais lorsque les difficult\u00e9s deviennent durables, que la pauvret\u00e9 s&rsquo;installe et que le syst\u00e8me se r\u00e9v\u00e8le incapable de les corriger, la question change de nature : ce n&rsquo;est plus seulement le gouvernement qui est mis en cause, mais la capacit\u00e9 du syst\u00e8me politique lui-m\u00eame \u00e0 produire les conditions de sa propre r\u00e9ussite.<\/p>\n\n\n\n<p class=\"has-medium-font-size wp-block-paragraph\">La l\u00e9gitimit\u00e9 ne repose donc ni sur la seule proc\u00e9dure ni sur les seuls r\u00e9sultats imm\u00e9diats.<br>Elle se mesure aussi \u00e0 la capacit\u00e9 d&rsquo;un syst\u00e8me \u00e0 r\u00e9pondre durablement aux difficult\u00e9s auxquelles il est confront\u00e9.<\/p>\n\n\n\n<p class=\"has-medium-font-size wp-block-paragraph\">Un r\u00e9gime qui revendique la capacit\u00e9 de d\u00e9cider doit accepter d&rsquo;\u00eatre jug\u00e9 sur ce que ses d\u00e9cisions produisent.<\/p>\n\n\n\n<p class=\"has-medium-font-size wp-block-paragraph\">Elle peut passer par l&rsquo;adh\u00e9sion, le consentement, la stabilit\u00e9 sociale ou la capacit\u00e9 du pouvoir \u00e0 corriger ses erreurs. Elle peut aussi se r\u00e9v\u00e9ler, en creux, par l&rsquo;apparition progressive d&rsquo;un d\u00e9saccord qu&rsquo;il ne parvient plus \u00e0 contenir.<\/p>\n\n\n\n<p class=\"has-medium-font-size wp-block-paragraph\">L&rsquo;absence d&rsquo;une \u00e9lection ne signifie pas l&rsquo;absence de toute consultation. Les grands \u00c9tats modernes disposent de r\u00e9seaux administratifs consid\u00e9rables, d&rsquo;organismes locaux, de m\u00e9canismes de remont\u00e9e d&rsquo;informations et de multiples moyens permettant au pouvoir de mesurer les r\u00e9actions de la population.<\/p>\n\n\n\n<p class=\"has-medium-font-size wp-block-paragraph\"><strong>La v\u00e9ritable question devient alors moins : \u00ab le peuple vote-t-il ? \u00bb que : la volont\u00e9 de ceux qui sont gouvern\u00e9s poss\u00e8de-t-elle une capacit\u00e9 r\u00e9elle \u00e0 agir sur ceux qui gouvernent ?<\/strong><\/p>\n\n\n\n<p class=\"has-medium-font-size wp-block-paragraph\">C&rsquo;est peut-\u00eatre le crit\u00e8re le plus simple d&rsquo;une d\u00e9mocratie effective. Car si cette capacit\u00e9 repose sur des moyens faibles, illusoires ou purement formels, la proc\u00e9dure demeure, mais la souverainet\u00e9 populaire perd une partie de sa r\u00e9alit\u00e9.<\/p>\n\n\n\n<p class=\"has-medium-font-size wp-block-paragraph\">La d\u00e9mocratie lib\u00e9rale poss\u00e8de une force consid\u00e9rable : elle a institutionnalis\u00e9 le principe selon lequel le pouvoir doit p\u00e9riodiquement demander aux citoyens de renouveler leur confiance.<br><strong>Mais elle poss\u00e8de aussi une faiblesse<\/strong> lorsqu&rsquo;elle finit par confondre cette proc\u00e9dure avec la totalit\u00e9 de la souverainet\u00e9 populaire.<\/p>\n\n\n\n<p class=\"has-medium-font-size wp-block-paragraph\">Car le citoyen ne choisit pas n\u00e9cessairement les conditions dans lesquelles le choix lui est propos\u00e9.<\/p>\n\n\n\n<p class=\"has-medium-font-size wp-block-paragraph\">Il choisit entre des candidats, des partis, des programmes et des orientations qui ont d\u00e9j\u00e0 franchi de nombreux filtres politiques, financiers, m\u00e9diatiques et institutionnels.<\/p>\n\n\n\n<p class=\"has-medium-font-size wp-block-paragraph\">La proc\u00e9dure demeure.<br>Le vote demeure.<br>L&rsquo;alternance demeure.<\/p>\n\n\n\n<p class=\"has-medium-font-size wp-block-paragraph\"><strong>Mais il faut encore r\u00e9pondre \u00e0 une question plus profonde : qu&rsquo;est-ce qui, entre deux \u00e9lections, permet r\u00e9ellement \u00e0 la volont\u00e9 du peuple de peser sur la direction du pays ?<\/strong><\/p>\n\n\n\n<p class=\"has-medium-font-size wp-block-paragraph\"><strong>En France la Ve R\u00e9publique fut taill\u00e9e \u00e0 la mesure d&rsquo;un vieux ch\u00eane : le g\u00e9n\u00e9ral de Gaulle.<br>Le probl\u00e8me est qu&rsquo;une constitution con\u00e7ue pour donner de la force \u00e0 un homme d\u2019\u00c9tat peut devenir dangereuse lorsqu\u2019elle tombe entre les mains de glands.<\/strong><\/p>\n\n\n\n<p class=\"has-medium-font-size wp-block-paragraph\"><strong>La crise du Covid<\/strong> en fut une d\u00e9monstration brutale : face \u00e0 la p\u00e9nurie de masques, le chacun pour soi s&rsquo;imposa au sein m\u00eame de l&rsquo;Union europ\u00e9enne. Et la France, avec seulement 65 millions d&rsquo;habitants, dut faire appel \u00e0 McKinsey pour accompagner une campagne vaccinale.<\/p>\n\n\n\n<p class=\"has-medium-font-size wp-block-paragraph\"><strong>L&rsquo;architecture de puissance occidentale que repr\u00e9sente l&rsquo;OTAN<\/strong> <strong>n&rsquo;a absolument rien pu faire face \u00e0 la vuln\u00e9rabilit\u00e9 sanitaire qui a paralys\u00e9 les soci\u00e9t\u00e9s.<\/strong> Voil\u00e0 une puissance cens\u00e9e \u00eatre capable de faire face aux formes les plus extr\u00eames de la guerre biologique, et pourtant, face \u00e0 un virus, les soci\u00e9t\u00e9s occidentales se sont retrouv\u00e9es livr\u00e9es \u00e0 elles-m\u00eames, dans un d\u00e9sordre sans nom.<\/p>\n\n\n\n<h2 id=\"h-quand-les-actes-revelent-l-esprit\" class=\"wp-block-heading has-medium-font-size\">Quand les actes r\u00e9v\u00e8lent l&rsquo;esprit<\/h2>\n\n\n\n<p class=\"has-medium-font-size wp-block-paragraph\">Il reste pourtant un dernier crit\u00e8re pour distinguer la forme de l&rsquo;esprit : <strong>les actes.<\/strong><\/p>\n\n\n\n<p class=\"has-medium-font-size wp-block-paragraph\">Car un syst\u00e8me politique peut proclamer la libert\u00e9, la souverainet\u00e9, le pluralisme ou l&rsquo;\u00e9galit\u00e9. Il peut m\u00eame multiplier les institutions destin\u00e9es \u00e0 en garantir l&rsquo;existence. Mais l&rsquo;esprit d&rsquo;un syst\u00e8me ne se trouve pas dans ce qu&rsquo;il affirme \u00eatre. <strong>Il appara\u00eet dans ce qu&rsquo;il fait.<\/strong><\/p>\n\n\n\n<p class=\"has-medium-font-size wp-block-paragraph\">La libert\u00e9 d&rsquo;expression offre \u00e0 cet \u00e9gard un exemple particuli\u00e8rement r\u00e9v\u00e9lateur.<\/p>\n\n\n\n<p class=\"has-medium-font-size wp-block-paragraph\"><strong>Aux \u00c9tats-Unis<\/strong>, la Constitution prot\u00e8ge avec une force particuli\u00e8re la libert\u00e9 de la presse.<br>Mais cette libert\u00e9 s&rsquo;exerce dans un espace m\u00e9diatique dont les conditions mat\u00e9rielles sont profond\u00e9ment structur\u00e9es par la concentration \u00e9conomique, la puissance des grands groupes et les int\u00e9r\u00eats financiers qui organisent leur fonctionnement.<br>Le paysage m\u00e9diatique am\u00e9ricain n&rsquo;est donc pas celui d&rsquo;une multitude d&rsquo;acteurs parfaitement ind\u00e9pendants les uns des autres. Il est travers\u00e9 par des concentrations de propri\u00e9t\u00e9 et par des op\u00e9rations de rapprochement qui continuent de transformer le secteur.<br>Il n&rsquo;est pas n\u00e9cessaire, dans un tel syst\u00e8me, qu&rsquo;un censeur d\u00e9signe quotidiennement ce qui peut \u00eatre publi\u00e9.<\/p>\n\n\n\n<p class=\"wp-block-paragraph\">Le paradoxe appara\u00eet : pour maintenir en vie un syst\u00e8me m\u00e9diatique qui peine \u00e0 convaincre, il faut toujours davantage de financement, avec les imp\u00f4ts des citoyens eux-m\u00eames.<\/p>\n\n\n\n<p class=\"wp-block-paragraph\"><strong>La France en fournit une illustration. (<\/strong>Phrase manquante importante, car le paragraphe pr\u00e9c\u00e9dent parlait des \u00c9tats-Unis).<\/p>\n\n\n\n<p class=\"wp-block-paragraph\">L&rsquo;\u00c9tat soutient depuis plusieurs d\u00e9cennies la presse au nom du pluralisme, de la diffusion et de la modernisation. En 2024, les aides directes ont repr\u00e9sent\u00e9 175,2 millions d&rsquo;euros, auxquelles se sont ajout\u00e9s environ 300 millions d&rsquo;euros d&rsquo;aides indirectes, notamment fiscales et postales. Le minist\u00e8re de la Culture assume explicitement cette politique et la pr\u00e9sente comme un moyen de pr\u00e9server la diversit\u00e9 des opinions.<\/p>\n\n\n\n<p class=\"has-medium-font-size wp-block-paragraph\"><strong>La s\u00e9lection peut s&rsquo;op\u00e9rer en amont.<\/strong><\/p>\n\n\n\n<p class=\"has-medium-font-size wp-block-paragraph\">Qui poss\u00e8de les m\u00e9dias ?<br>Qui les finance ?<br>Qui poss\u00e8de les moyens de diffusion ?<br>Qui donne acc\u00e8s aux sources ?<br>Qui dispose des moyens suffisants pour imposer durablement un r\u00e9cit dans l&rsquo;espace public ?<\/p>\n\n\n\n<p class=\"has-medium-font-size wp-block-paragraph\"><strong>Une presse libre et ind\u00e9pendante suppose alors que ces rapports de d\u00e9pendance soient r\u00e9duits au minimum.<\/strong> <strong>La Charte de Munich<\/strong> en pose le principe sur le plan journalistique.<\/p>\n\n\n\n<p class=\"has-medium-font-size wp-block-paragraph\">J&rsquo;ajoute cependant que cette ind\u00e9pendance doit \u00e9galement \u00eatre mat\u00e9rielle : ni subventions ni financements susceptibles de placer les m\u00e9dias sous la d\u00e9pendance d&rsquo;int\u00e9r\u00eats politiques ou \u00e9conomiques et, lorsque la publicit\u00e9 intervient, l&rsquo;identification claire des groupes auxquels elle se rattache.<\/p>\n\n\n\n<p class=\"has-medium-font-size wp-block-paragraph\">La libert\u00e9 juridique demeure enti\u00e8re. Mais <strong>la libert\u00e9 juridique n&rsquo;efface pas les rapports de force qui d\u00e9terminent la puissance r\u00e9elle de la parole<\/strong>. Une opinion peut \u00eatre libre de s&rsquo;exprimer et demeurer pratiquement sans moyens. Une autre peut b\u00e9n\u00e9ficier de ressources, de r\u00e9seaux, d&rsquo;acc\u00e8s aux d\u00e9cideurs et d&rsquo;une capacit\u00e9 de diffusion incomparablement sup\u00e9rieure.<\/p>\n\n\n\n<p class=\"has-medium-font-size wp-block-paragraph\">On a souvent parl\u00e9 <strong>des m\u00e9dias mainstream<\/strong> fonctionnant comme une caisse de r\u00e9sonance.<strong><br>En plus des \u00e9chos<\/strong><strong>, on peut \u00e9galement constater<\/strong> <strong>un effet \u00ab st\u00e9r\u00e9o \u00bb<\/strong> <strong>:<\/strong> certaines petites phrases sont reprises en boucle, davantage sur la forme que sur le fond. Selon les circonstances, l&rsquo;objectif peut \u00eatre le d\u00e9minage ou la diversion.<br>Il n&rsquo;est alors pas \u00e9tonnant qu&rsquo;une partie croissante du public se d\u00e9tourne de la t\u00e9l\u00e9vision et d\u2019une certaine presse, tandis que leurs ventes et leur audience reculent.<\/p>\n\n\n\n<p class=\"has-medium-font-size wp-block-paragraph\"><strong>Le battage m\u00e9diatique et la r\u00e9p\u00e9tition peuvent alors donner \u00e0 l&rsquo;information une apparence d&rsquo;\u00e9vidence.<\/strong> <strong>C&rsquo;est l\u00e0 que commence la mystification : non plus seulement informer, mais orienter la perception du r\u00e9el.<\/strong><\/p>\n\n\n\n<p class=\"has-medium-font-size wp-block-paragraph\">Le paradoxe appara\u00eet : pour maintenir en vie un syst\u00e8me m\u00e9diatique qui peine \u00e0 convaincre, il faut toujours davantage de financement, avec les imp\u00f4ts des citoyens eux-m\u00eames.<\/p>\n\n\n\n<h3 id=\"h-la-france-en-fournit-une-illustration\" class=\"wp-block-heading has-medium-font-size\">La France en fournit une illustration<\/h3>\n\n\n\n<p class=\"has-medium-font-size wp-block-paragraph\">L&rsquo;\u00c9tat soutient depuis plusieurs d\u00e9cennies la presse au nom du pluralisme, de la diffusion et de la modernisation. En 2024, les aides directes ont repr\u00e9sent\u00e9 175,2 millions d&rsquo;euros, auxquelles se sont ajout\u00e9s environ 300 millions d&rsquo;euros d&rsquo;aides indirectes, notamment fiscales et postales. Le minist\u00e8re de la Culture assume explicitement cette politique et la pr\u00e9sente comme un moyen de pr\u00e9server la diversit\u00e9 des opinions.<\/p>\n\n\n\n<p class=\"has-medium-font-size wp-block-paragraph\"><strong>Mais une question demeure :<\/strong> pourquoi un secteur structurellement d\u00e9ficitaire continue-t-il d&rsquo;attirer de grands groupes priv\u00e9s, sinon notamment pour la puissance d&rsquo;influence qu&rsquo;il procure et sa capacit\u00e9 <strong>\u00e0 cr\u00e9er un champ magn\u00e9tique autour de la sph\u00e8re politique ?<\/strong><\/p>\n\n\n\n<p class=\"has-medium-font-size wp-block-paragraph\">Le paradoxe est alors singulier : un pouvoir d&rsquo;influence consid\u00e9rable, largement financ\u00e9 par les citoyens eux-m\u00eames.<\/p>\n\n\n\n<p class=\"has-medium-font-size wp-block-paragraph\"><strong>Cela ne signifie pas que l&rsquo;\u00c9tat dicte aux journalistes ce qu&rsquo;ils doivent \u00e9crire.<\/strong> <strong>La ligne \u00e9ditoriale des m\u00e9dias qui les emploient s&rsquo;en charge d\u00e9j\u00e0.<\/strong><\/p>\n\n\n\n<p class=\"has-medium-font-size wp-block-paragraph\">Cela signifie que <strong>les conditions d&rsquo;existence de l&rsquo;espace m\u00e9diatique ne sont jamais neutres<\/strong>.<\/p>\n\n\n\n<p class=\"has-medium-font-size wp-block-paragraph\">Et c&rsquo;est pr\u00e9cis\u00e9ment l\u00e0 que la forme peut donner une illusion d\u2019accomplissement.<\/p>\n\n\n\n<p class=\"has-medium-font-size wp-block-paragraph\"><strong>Le paradoxe appara\u00eet : pour maintenir en vie un syst\u00e8me m\u00e9diatique qui peine \u00e0 convaincre, il faut toujours davantage de financement, avec les imp\u00f4ts des citoyens eux-m\u00eames.<\/strong><\/p>\n\n\n\n<p class=\"has-medium-font-size wp-block-paragraph\">Et c&rsquo;est pr\u00e9cis\u00e9ment l\u00e0 que la forme peut donner une illusion d\u2019accomplissement.<\/p>\n\n\n\n<p class=\"has-medium-font-size wp-block-paragraph\">La libert\u00e9 existe.<br>Les journaux existent.<br>Les cha\u00eenes existent.<br>Les opinions s&rsquo;expriment.<\/p>\n\n\n\n<p class=\"has-medium-font-size wp-block-paragraph\">Mais la question essentielle demeure : <strong>cette parole peut-elle r\u00e9ellement modifier le pouvoir ?<\/strong><\/p>\n\n\n\n<p class=\"has-medium-font-size wp-block-paragraph\">C&rsquo;est ici que la notion de syst\u00e8me devient essentielle.<br>Les gouvernements changent. Les majorit\u00e9s changent. Les partis changent. Les dirigeants passent.<\/p>\n\n\n\n<p class=\"has-medium-font-size wp-block-paragraph\"><strong>Mais derri\u00e8re ces alternances, d\u2019autres r\u00e9alit\u00e9s persistent.<\/strong><\/p>\n\n\n\n<p class=\"has-medium-font-size wp-block-paragraph\">Les int\u00e9r\u00eats \u00e9conomiques, les grandes organisations, les r\u00e9seaux d&rsquo;influence, les institutions administratives, les habitudes intellectuelles, les m\u00e9canismes financiers et les rapports de force internationaux peuvent traverser les changements de pouvoir sans dispara\u00eetre avec eux.<\/p>\n\n\n\n<p class=\"has-medium-font-size wp-block-paragraph\"><strong>Le gouvernement change. Mais le syst\u00e8me, lui, demeure.<\/strong><\/p>\n\n\n\n<p class=\"has-medium-font-size wp-block-paragraph\">D\u00e8s lors, l&rsquo;alternance politique ne signifie pas n\u00e9cessairement que les conditions fondamentales de l&rsquo;exercice du pouvoir ont chang\u00e9.<\/p>\n\n\n\n<p class=\"has-medium-font-size wp-block-paragraph\">C&rsquo;est pourquoi l&rsquo;esprit d&rsquo;une d\u00e9mocratie ne peut \u00eatre recherch\u00e9 uniquement dans ses \u00e9lections ou dans la libert\u00e9 formelle de ses citoyens.<\/p>\n\n\n\n<p class=\"has-medium-font-size wp-block-paragraph\">Il faut regarder ce qui se produit lorsque le peuple exprime une volont\u00e9 qui contrarie les int\u00e9r\u00eats install\u00e9s.<br><strong>Le pouvoir accepte-t-il r\u00e9ellement d&rsquo;\u00eatre transform\u00e9 par ce qu&rsquo;il entend ?<\/strong><\/p>\n\n\n\n<p class=\"has-medium-font-size wp-block-paragraph\">C&rsquo;est \u00e0 cet endroit pr\u00e9cis que la forme rencontre l&rsquo;esprit.<\/p>\n\n\n\n<p class=\"has-medium-font-size wp-block-paragraph\"><strong>Et c\u2019est aussi l\u00e0 que les r\u00e9gimes d\u00e9mocratiques comme les r\u00e9gimes autoritaires peuvent \u00eatre jug\u00e9s selon le m\u00eame crit\u00e8re.<\/strong><\/p>\n\n\n\n<p class=\"has-medium-font-size wp-block-paragraph\">Car un pouvoir ne r\u00e9v\u00e8le jamais aussi clairement ce qu&rsquo;il est que lorsqu&rsquo;il doit choisir entre la pr\u00e9servation de sa propre forme <strong>et la fid\u00e9lit\u00e9 \u00e0 la finalit\u00e9 au nom de laquelle il pr\u00e9tend gouverner.<\/strong><\/p>\n\n\n\n<h2 id=\"h-que-cherche-t-on-a-preserver\" class=\"wp-block-heading\">Que cherche-t-on \u00e0 pr\u00e9server ?<\/h2>\n\n\n\n<p class=\"has-medium-font-size wp-block-paragraph\">Il reste alors la question la plus importante.<br><strong>Que cherche r\u00e9ellement \u00e0 pr\u00e9server un pouvoir ?<\/strong><\/p>\n\n\n\n<p class=\"has-medium-font-size wp-block-paragraph\">Car derri\u00e8re les institutions, les id\u00e9ologies et les r\u00e9gimes se trouve toujours une finalit\u00e9.<\/p>\n\n\n\n<p class=\"has-medium-font-size wp-block-paragraph\"><strong>Un pouvoir peut chercher \u00e0 pr\u00e9server sa propre existence<\/strong>. Il peut chercher \u00e0 maintenir une \u00e9lite, un syst\u00e8me \u00e9conomique, une dynastie ou une organisation particuli\u00e8re du pouvoir.<\/p>\n\n\n\n<p class=\"has-medium-font-size wp-block-paragraph\"><strong>Mais il peut aussi consid\u00e9rer qu&rsquo;il a une responsabilit\u00e9 qui le d\u00e9passe<\/strong> : pr\u00e9server une nation, son ind\u00e9pendance, son territoire, sa continuit\u00e9 historique et, au-del\u00e0, une civilisation.<\/p>\n\n\n\n<p class=\"has-medium-font-size wp-block-paragraph\"><strong>C&rsquo;est ici que le contraste entre les grands \u00c9tats-civilisations et les d\u00e9mocraties lib\u00e9rales devient particuli\u00e8rement int\u00e9ressant.<\/strong><\/p>\n\n\n\n<p class=\"has-medium-font-size wp-block-paragraph\">La Russie, la Chine et l&rsquo;Iran ont connu, au cours du XXe si\u00e8cle, des p\u00e9riodes au cours desquelles leur souverainet\u00e9, leur ind\u00e9pendance ou leur identit\u00e9 ont \u00e9t\u00e9 profond\u00e9ment menac\u00e9es.<br><strong>Chacune de ces civilisations a connu une exp\u00e9rience diff\u00e9rente<\/strong>, mais toutes ont conserv\u00e9 une m\u00e9moire particuli\u00e8rement vive de la domination \u00e9trang\u00e8re, de l&rsquo;humiliation ou de la d\u00e9pendance.<\/p>\n\n\n\n<p class=\"has-medium-font-size wp-block-paragraph\"><strong>Cette m\u00e9moire n&rsquo;est pas sans cons\u00e9quence sur leur conception du pouvoir.<\/strong><\/p>\n\n\n\n<p class=\"has-medium-font-size wp-block-paragraph\">Dans ces trois \u00c9tats, on peut observer une conception de la puissance \u00e9conomique qui la relie \u00e9troitement \u00e0 la souverainet\u00e9.<br><strong>Elle peut aussi \u00eatre con\u00e7ue comme un instrument de souverainet\u00e9.<\/strong> <strong>La technologie, l&rsquo;industrie, l&rsquo;arm\u00e9e, les infrastructures et les r\u00e9serves financi\u00e8res prennent alors leur valeur politique dans la capacit\u00e9 qu&rsquo;elles donnent \u00e0 l&rsquo;\u00c9tat de d\u00e9cider par lui-m\u00eame.<\/strong><\/p>\n\n\n\n<p class=\"has-medium-font-size wp-block-paragraph\">C&rsquo;est peut-\u00eatre ce qui explique une partie de leur comportement face aux sanctions et aux pressions ext\u00e9rieures.<\/p>\n\n\n\n<p class=\"has-medium-font-size wp-block-paragraph\"><strong>Lorsque l&rsquo;ind\u00e9pendance politique est plac\u00e9e au-dessus des int\u00e9r\u00eats financiers,<\/strong> un \u00c9tat peut accepter de sacrifier une partie de sa richesse \u00e0 sa souverainet\u00e9.<\/p>\n\n\n\n<p class=\"has-medium-font-size wp-block-paragraph\">Lorsque les int\u00e9r\u00eats financiers acqui\u00e8rent au contraire un poids suffisant pour conditionner les choix politiques, <strong>c&rsquo;est la politique qui peut finir par s&rsquo;adapter \u00e0 leurs exigences.<\/strong><\/p>\n\n\n\n<p class=\"has-medium-font-size wp-block-paragraph\"><strong>Cette diff\u00e9rence est fondamentale.<\/strong><\/p>\n\n\n\n<p class=\"has-medium-font-size wp-block-paragraph\">Les grandes puissances lib\u00e9rales ont elles aussi connu des p\u00e9riodes o\u00f9 la puissance \u00e9conomique \u00e9tait mise au service d&rsquo;un projet national. Leur histoire industrielle, scientifique et militaire en t\u00e9moigne.<\/p>\n\n\n\n<p class=\"has-medium-font-size wp-block-paragraph\">Mais une transformation s&rsquo;est op\u00e9r\u00e9e progressivement : la puissance \u00e9conomique et financi\u00e8re s&rsquo;est internationalis\u00e9e, tandis que les int\u00e9r\u00eats des grandes entreprises et des investisseurs se sont d\u00e9tach\u00e9s, au moins en partie, des fronti\u00e8res nationales.<\/p>\n\n\n\n<p class=\"has-medium-font-size wp-block-paragraph\">La mondialisation n&rsquo;a pas supprim\u00e9 les \u00c9tats.<br><strong>Elle a cependant modifi\u00e9 le rapport entre le pouvoir politique et le pouvoir \u00e9conomique.<\/strong><\/p>\n\n\n\n<p class=\"has-medium-font-size wp-block-paragraph\"><strong>Davos en est peut-\u00eatre la repr\u00e9sentation la plus visible.<\/strong> <strong><\/strong><strong>Chaque ann\u00e9e, dirigeants politiques, \u00e9conomiques et institutionnels s&rsquo;y retrouvent pour r\u00e9fl\u00e9chir aux grandes orientations du monde.<\/strong><\/p>\n\n\n\n<p class=\"has-medium-font-size wp-block-paragraph\"><strong>le 16 janvier 2009, \u00e0 Paris, Nicolas Sarkozy d\u00e9clarait :<\/strong> <strong><em>\u00ab On ira ensemble vers ce nouvel ordre mondial et personne, je dis bien personne, ne pourra s&rsquo;y opposer. \u00bb<\/em><\/strong><\/p>\n\n\n\n<p class=\"has-medium-font-size wp-block-paragraph\"><strong>Une telle d\u00e9claration pose une question que la d\u00e9mocratie ne peut \u00e9viter :<\/strong> <strong>qui d\u00e9cide de l&rsquo;ordre qui vient, et au nom de quelle l\u00e9gitimit\u00e9 ?<\/strong><\/p>\n\n\n\n<p class=\"has-medium-font-size wp-block-paragraph\">Lorsque le pouvoir \u00e9conomique devient suffisamment puissant pour conditionner les choix du pouvoir politique, une inversion peut se produire : <strong>la main qui donne finit par peser sur celle qui d\u00e9cide.<\/strong><\/p>\n\n\n\n<p class=\"has-medium-font-size wp-block-paragraph\">La question n&rsquo;est donc pas de savoir si l&rsquo;argent est puissant.<br><strong>Il l&rsquo;est n\u00e9cessairement.<\/strong><\/p>\n\n\n\n<p class=\"has-medium-font-size wp-block-paragraph\">La v\u00e9ritable question est de savoir <strong>qui commande lorsque l&rsquo;int\u00e9r\u00eat financier et l&rsquo;int\u00e9r\u00eat national cessent de co\u00efncider.<\/strong><\/p>\n\n\n\n<p class=\"has-medium-font-size wp-block-paragraph\">C&rsquo;est aussi pour cette raison qu&rsquo;il faut se m\u00e9fier des jugements trop simples sur les r\u00e9gimes autoritaires. Leur absence de pluralisme politique ne les rend pas automatiquement d\u00e9sint\u00e9ress\u00e9s<strong>, pas plus que les \u00e9lections ne rendent automatiquement d\u00e9sint\u00e9ress\u00e9 un r\u00e9gime d\u00e9mocratique.<\/strong><\/p>\n\n\n\n<p class=\"has-medium-font-size wp-block-paragraph\">Un dirigeant peut invoquer la nation pour pr\u00e9server son pouvoir.<br>Il peut \u00e9galement croire sinc\u00e8rement qu&rsquo;il accomplit une mission historique pour son pays.<\/p>\n\n\n\n<p class=\"has-medium-font-size wp-block-paragraph\">La diff\u00e9rence ne peut donc pas \u00eatre \u00e9tablie \u00e0 partir du discours.<br><strong>Elle doit \u00eatre recherch\u00e9e dans les actes.<\/strong><\/p>\n\n\n\n<p class=\"has-medium-font-size wp-block-paragraph\">Un dirigeant qui pr\u00e9tend d\u00e9fendre l&rsquo;ind\u00e9pendance de son pays tout en organisant personnellement sa fortune, celle de sa famille ou de son entourage \u00e0 l&rsquo;\u00e9tranger <strong>offre une contradiction que l&rsquo;Histoire finit t\u00f4t ou tard par r\u00e9v\u00e9ler.<\/strong><\/p>\n\n\n\n<p class=\"has-medium-font-size wp-block-paragraph\">Il faut donc appliquer aux pouvoirs que l&rsquo;on <strong>id\u00e9alise,<\/strong> <strong>les m\u00eames exigences<\/strong> qu&rsquo;\u00e0 ceux que l&rsquo;on condamne.<\/p>\n\n\n\n<p class=\"has-medium-font-size wp-block-paragraph\"><strong>Le patriotisme proclam\u00e9 ne suffit pas.<\/strong> <strong>La souverainet\u00e9 elle-m\u00eame peut devenir un pr\u00e9texte si elle ne sert plus qu&rsquo;\u00e0 prot\u00e9ger ceux qui la revendiquent.<\/strong><\/p>\n\n\n\n<p class=\"has-medium-font-size wp-block-paragraph\">La v\u00e9ritable question est de savoir ce que les dirigeants sont pr\u00eats \u00e0 sacrifier pour leur pays, ce qu&rsquo;ils construisent pour ceux qui viendront apr\u00e8s eux et, surtout, ce qu&rsquo;ils refusent de vendre lorsqu&rsquo;une puissance ext\u00e9rieure leur en offre le prix.<\/p>\n\n\n\n<p class=\"has-medium-font-size wp-block-paragraph\">C&rsquo;est peut-\u00eatre ici que se trouve la diff\u00e9rence entre un r\u00e9gime qui cherche seulement \u00e0 durer et un pouvoir qui se pense comme d\u00e9positaire d&rsquo;une continuit\u00e9 historique.<\/p>\n\n\n\n<p class=\"has-medium-font-size wp-block-paragraph\">Le premier cherche \u00e0 pr\u00e9server sa forme.<br><strong>Le second cherche \u00e0 pr\u00e9server quelque chose qui lui survivra.<\/strong><\/p>\n\n\n\n<p class=\"has-medium-font-size wp-block-paragraph\"><strong>Vladimir Boukovski,<\/strong> <strong>dissident sovi\u00e9tique, porta un jour sur l&rsquo;Union europ\u00e9enne un jugement lapidaire : <em>\u00ab J&rsquo;ai v\u00e9cu dans votre futur et \u00e7a n&rsquo;a pas march\u00e9. \u00bb<\/em><\/strong><\/p>\n\n\n\n<p class=\"has-medium-font-size wp-block-paragraph\"><strong>Et c&rsquo;est finalement \u00e0 cette \u00e9chelle que l&rsquo;Histoire juge les \u00c9tats.<\/strong><\/p>\n\n\n\n<p class=\"has-medium-font-size wp-block-paragraph\">Elle ne leur demande pas seulement s&rsquo;ils ont \u00e9t\u00e9 riches, puissants, d\u00e9mocratiques, monarchiques ou autoritaires.<\/p>\n\n\n\n<p class=\"has-medium-font-size wp-block-paragraph\"><strong>Elle leur demande ce qu&rsquo;ils ont fait de la puissance qui leur avait \u00e9t\u00e9 confi\u00e9e.<\/strong><\/p>\n\n\n\n<p class=\"has-medium-font-size wp-block-paragraph\">Car aucune forme politique n&rsquo;est \u00e9ternelle.<\/p>\n\n\n\n<p class=\"has-medium-font-size wp-block-paragraph\">Les institutions peuvent dispara\u00eetre. Les dynasties peuvent tomber. Les constitutions peuvent \u00eatre remplac\u00e9es. Les fronti\u00e8res elles-m\u00eames peuvent changer.<\/p>\n\n\n\n<p class=\"has-medium-font-size wp-block-paragraph\">Mais une civilisation peut survivre \u00e0 la disparition de ses institutions lorsqu&rsquo;elle a conserv\u00e9 ce qui donnait un sens \u00e0 ces institutions.<\/p>\n\n\n\n<p class=\"has-medium-font-size wp-block-paragraph\"><strong>\u00c0 l&rsquo;inverse,<\/strong> un syst\u00e8me peut conserver toutes ses apparences de stabilit\u00e9 alors qu&rsquo;il a d\u00e9j\u00e0 perdu la raison pour laquelle il existait.<\/p>\n\n\n\n<p class=\"has-medium-font-size wp-block-paragraph\"><strong>La forme peut alors survivre longtemps \u00e0 l&rsquo;esprit<\/strong><\/p>\n\n\n\n<p class=\"has-medium-font-size wp-block-paragraph\">C&rsquo;est peut-\u00eatre la le\u00e7on la plus difficile de l&rsquo;Histoire.<\/p>\n\n\n\n<p class=\"has-medium-font-size wp-block-paragraph\">Une civilisation ne commence pas n\u00e9cessairement \u00e0 dispara\u00eetre lorsque ses institutions s&rsquo;effondrent.<\/p>\n\n\n\n<p class=\"has-medium-font-size wp-block-paragraph\">Elle peut commencer \u00e0 dispara\u00eetre lorsque ceux qui les font vivre ne savent plus tr\u00e8s bien <strong>pourquoi elles existent<\/strong>.<\/p>\n\n\n\n<p class=\"has-medium-font-size wp-block-paragraph\">Et lorsque cette question cesse d&rsquo;\u00eatre pos\u00e9e, la forme devient son propre objectif.<\/p>\n\n\n\n<p class=\"has-medium-font-size wp-block-paragraph\">Elle se prot\u00e8ge elle-m\u00eame.<br>Elle se justifie elle-m\u00eame.<br>Elle se perp\u00e9tue elle-m\u00eame.<\/p>\n\n\n\n<p class=\"has-medium-font-size wp-block-paragraph\">Jusqu&rsquo;au jour o\u00f9 l&rsquo;Histoire lui rappelle une v\u00e9rit\u00e9 qu&rsquo;aucune institution ne peut abolir :<br><strong>ce qui ne sert plus sa raison d&rsquo;\u00eatre finit toujours par perdre sa raison d&rsquo;exister.<\/strong><\/p>\n\n\n\n<h2 id=\"h-conclusion\" class=\"wp-block-heading\">Conclusion<strong> <\/strong><\/h2>\n\n\n\n<p class=\"has-medium-font-size wp-block-paragraph\">Il serait vain de demander aux <strong>d\u00e9mocraties lib\u00e9rales<\/strong> de tirer les le\u00e7ons des autres mod\u00e8les politiques, \u00e9conomiques et de souverainet\u00e9. Il leur faudrait d&rsquo;abord reconna\u00eetre qu&rsquo;elles se sont tromp\u00e9es. Or il n&rsquo;est jamais facile, pour une civilisation, de regarder ses propres idoles et d&rsquo;admettre qu&rsquo;elle leur a sacrifi\u00e9 une partie de son avenir. Le prix de cette erreur ne serait d&rsquo;ailleurs pas seulement politique ou \u00e9conomique : il faudrait assumer les cons\u00e9quences de plusieurs d\u00e9cennies de choix.<br><strong>Les<\/strong> <strong>\u00c9tats-Unis<\/strong> <strong>ne feront pas exception.<\/strong><br>La guerre est la continuation de la politique par les pires moyens ; lorsque le militaire ne permet plus d&rsquo;obtenir le r\u00e9sultat politique recherch\u00e9, les d\u00e9clarations de victoire illusoire ne peuvent en changer la r\u00e9alit\u00e9.<br>Il reste alors le spectacle, les communiqu\u00e9s et les proclamations.<br>Mais fausser le thermom\u00e8tre de la guerre ne change ni son cours ni son r\u00e9sultat.<br>\u00c0 quand le pire ?<\/p>\n\n\n\n<p class=\"has-medium-font-size wp-block-paragraph\">Il serait tout aussi vain de demander aux <strong>monarchies du Golfe<\/strong> de renoncer \u00e0 la voie qu&rsquo;elles ont choisie. <strong>Convaincues de leur propre mission historique et politique, elles ont \u00e9galement fait de leur prosp\u00e9rit\u00e9<\/strong> et de leur capacit\u00e9 de consommation les signes visibles de leur r\u00e9ussite.<br>Comment leur demander de reconna\u00eetre que ce mod\u00e8le, qui leur a apport\u00e9 tant de richesse et de puissance apparente, contient peut-\u00eatre les germes de leur propre d\u00e9pendance ?<\/p>\n\n\n\n<p class=\"has-medium-font-size wp-block-paragraph\">Et il serait peut-\u00eatre plus vain encore de demander \u00e0 <strong>Isra\u00ebl<\/strong> de rechercher durablement la paix avec ses voisins et une solution politique avec <strong>les Palestiniens<\/strong>, dont la sagesse populaire rappelle pourtant une v\u00e9rit\u00e9 \u00e9l\u00e9mentaire : <strong><em>\u00ab Celui qui veut tout, perd tout. \u00bb<\/em><\/strong> Mais renoncer \u00e0 une logique de guerre suppose de renoncer \u00e0 une partie des certitudes sur lesquelles le syst\u00e8me s&rsquo;est construit.<br>Accepter de vivre en paix avec ses voisins ne serait pas seulement un choix diplomatique.<\/p>\n\n\n\n<p class=\"has-medium-font-size wp-block-paragraph\">Ce serait accepter de regarder autrement son histoire, sa s\u00e9curit\u00e9 et la place qu&rsquo;il entend occuper<br>dans la r\u00e9gion. C&rsquo;est peut-\u00eatre l\u00e0 le paradoxe de notre \u00e9poque. <strong>Chacun semble avoir de bonnes raisons de poursuivre dans la voie qu&rsquo;il a choisie.<\/strong><\/p>\n\n\n\n<p class=\"has-medium-font-size wp-block-paragraph\">Chacun poss\u00e8de son histoire, ses blessures, ses int\u00e9r\u00eats et ses certitudes.<br>Chacun peut donc expliquer pourquoi il ne peut pas changer.<\/p>\n\n\n\n<p class=\"has-medium-font-size wp-block-paragraph\"><strong>Mais l&rsquo;Histoire, elle, ne n\u00e9gocie pas avec les certitudes.<\/strong><\/p>\n\n\n\n<p class=\"has-medium-font-size wp-block-paragraph\"><strong>L&rsquo;Iran, la Russie et la Chine<\/strong> paient aussi le co\u00fbt de leurs choix politiques. Mais lorsqu&rsquo;un prix est assum\u00e9 au nom de l&rsquo;ind\u00e9pendance et de la souverainet\u00e9, il rel\u00e8ve de l&rsquo;\u00e9preuve, non n\u00e9cessairement de l&rsquo;\u00e9chec.<\/p>\n\n\n\n<p class=\"has-medium-font-size wp-block-paragraph\">Car chacun peut se tromper. \u00ab Errare humanum est, perseverare diabolicum. \u00bb<\/p>\n\n\n\n<p class=\"has-medium-font-size wp-block-paragraph\">Chacun peut s&rsquo;enfermer dans ses certitudes. <strong>Mais le r\u00e9el, lui, ne n\u00e9gocie pas.<\/strong><\/p>\n\n\n\n<p class=\"has-medium-font-size wp-block-paragraph\"><strong>Il finit toujours par pr\u00e9senter la facture.<\/strong><\/p>","protected":false},"excerpt":{"rendered":"<p>Quand la forme ne suffit plus Car une forme n&rsquo;a de sens que par ce qu&rsquo;elle permet de r\u00e9aliser.La question n&rsquo;est donc&hellip;<\/p>","protected":false},"author":31738,"featured_media":4543,"comment_status":"closed","ping_status":"closed","sticky":false,"template":"","format":"standard","meta":{"_lmt_disableupdate":"","_lmt_disable":"","footnotes":""},"categories":[5,4,617],"tags":[334,731],"class_list":["post-4598","post","type-post","status-publish","format-standard","has-post-thumbnail","hentry","category-international","category-mis-en-avant","category-politique-france","tag-democratie-2","tag-fake-news"],"yoast_head":"<!-- This site is optimized with the Yoast SEO Premium plugin v28.1 (Yoast SEO v28.1) - https:\/\/yoast.com\/product\/yoast-seo-premium-wordpress\/ -->\n<title>Pouvoir, l\u00e9gitimit\u00e9 et nouveaux \u00e9quilibres. La l\u00e9gitimit\u00e9 \u00e0 l&#039;\u00e9preuve du r\u00e9el. (3\/3) | Geopolitics.fr<\/title>\n<meta name=\"description\" content=\"Une civilisation ne dispara\u00eet pas lorsque ses institutions s&#039;effondrent mais lorsque l&#039;ont ne sait plus pourquoi elles existent\" \/>\n<meta name=\"robots\" content=\"index, follow, max-snippet:-1, max-image-preview:large, max-video-preview:-1\" \/>\n<link rel=\"canonical\" href=\"https:\/\/www.geopolitics.fr\/en\/2026\/09\/05\/le-golfe-a-lepreuve-de-lhistoire-pouvoir-legitimite-et-nouveaux-equilibres-la-legitimite-a-lepreuve-du-reel\/\" \/>\n<meta property=\"og:locale\" content=\"en_GB\" \/>\n<meta property=\"og:type\" content=\"article\" \/>\n<meta property=\"og:title\" content=\"Pouvoir, l\u00e9gitimit\u00e9 et nouveaux \u00e9quilibres. La l\u00e9gitimit\u00e9 \u00e0 l&#039;\u00e9preuve du r\u00e9el. (3\/3)\" \/>\n<meta property=\"og:description\" content=\"Une civilisation ne dispara\u00eet pas lorsque ses institutions s&#039;effondrent mais lorsque l&#039;ont ne sait plus pourquoi elles existent\" \/>\n<meta property=\"og:url\" content=\"https:\/\/www.geopolitics.fr\/en\/2026\/09\/05\/le-golfe-a-lepreuve-de-lhistoire-pouvoir-legitimite-et-nouveaux-equilibres-la-legitimite-a-lepreuve-du-reel\/\" \/>\n<meta property=\"og:site_name\" content=\"Geopolitics.fr\" \/>\n<meta property=\"article:publisher\" content=\"https:\/\/www.facebook.com\/people\/Erwan-Davoux\/61557098968092\/\" \/>\n<meta property=\"article:published_time\" content=\"2026-09-05T19:13:51+00:00\" \/>\n<meta property=\"article:modified_time\" content=\"2026-09-06T08:48:41+00:00\" \/>\n<meta property=\"og:image\" content=\"https:\/\/www.geopolitics.fr\/wp-content\/uploads\/2026\/08\/fake-news-l.jpg\" \/>\n\t<meta property=\"og:image:width\" content=\"1056\" \/>\n\t<meta property=\"og:image:height\" content=\"544\" \/>\n\t<meta property=\"og:image:type\" content=\"image\/jpeg\" \/>\n<meta name=\"author\" content=\"Azzedine Kaamil A\u00eft-Ameur\" \/>\n<meta name=\"twitter:card\" content=\"summary_large_image\" \/>\n<meta name=\"twitter:creator\" content=\"@Geopolitics_Fr\" \/>\n<meta name=\"twitter:site\" content=\"@Geopolitics_Fr\" \/>\n<meta name=\"twitter:label1\" content=\"Written by\" \/>\n\t<meta name=\"twitter:data1\" content=\"Azzedine Kaamil A\u00eft-Ameur\" \/>\n\t<meta name=\"twitter:label2\" content=\"Estimated reading time\" \/>\n\t<meta name=\"twitter:data2\" content=\"20 minutes\" \/>\n<script type=\"application\/ld+json\" class=\"yoast-schema-graph\">{\"@context\":\"https:\\\/\\\/schema.org\",\"@graph\":[{\"@type\":\"Article\",\"@id\":\"https:\\\/\\\/www.geopolitics.fr\\\/2026\\\/09\\\/05\\\/le-golfe-a-lepreuve-de-lhistoire-pouvoir-legitimite-et-nouveaux-equilibres-la-legitimite-a-lepreuve-du-reel\\\/#article\",\"isPartOf\":{\"@id\":\"https:\\\/\\\/www.geopolitics.fr\\\/2026\\\/09\\\/05\\\/le-golfe-a-lepreuve-de-lhistoire-pouvoir-legitimite-et-nouveaux-equilibres-la-legitimite-a-lepreuve-du-reel\\\/\"},\"author\":{\"name\":\"Azzedine Kaamil A\u00eft-Ameur\",\"@id\":\"https:\\\/\\\/www.geopolitics.fr\\\/#\\\/schema\\\/person\\\/040df3fa72eeefaf0ef431eadb68dfa2\"},\"headline\":\"Pouvoir, l\u00e9gitimit\u00e9 et nouveaux \u00e9quilibres. La l\u00e9gitimit\u00e9 \u00e0 l&rsquo;\u00e9preuve du r\u00e9el. (3\\\/3)\",\"datePublished\":\"2026-09-05T19:13:51+00:00\",\"dateModified\":\"2026-09-06T08:48:41+00:00\",\"mainEntityOfPage\":{\"@id\":\"https:\\\/\\\/www.geopolitics.fr\\\/2026\\\/09\\\/05\\\/le-golfe-a-lepreuve-de-lhistoire-pouvoir-legitimite-et-nouveaux-equilibres-la-legitimite-a-lepreuve-du-reel\\\/\"},\"wordCount\":4424,\"publisher\":{\"@id\":\"https:\\\/\\\/www.geopolitics.fr\\\/#organization\"},\"image\":{\"@id\":\"https:\\\/\\\/www.geopolitics.fr\\\/2026\\\/09\\\/05\\\/le-golfe-a-lepreuve-de-lhistoire-pouvoir-legitimite-et-nouveaux-equilibres-la-legitimite-a-lepreuve-du-reel\\\/#primaryimage\"},\"thumbnailUrl\":\"https:\\\/\\\/www.geopolitics.fr\\\/wp-content\\\/uploads\\\/2026\\\/08\\\/fake-news-l.jpg\",\"keywords\":[\"DEMOCRATIE\",\"fake news\"],\"articleSection\":[\"International\",\"Mis en AVANT\",\"Politique\"],\"inLanguage\":\"en-GB\"},{\"@type\":\"WebPage\",\"@id\":\"https:\\\/\\\/www.geopolitics.fr\\\/2026\\\/09\\\/05\\\/le-golfe-a-lepreuve-de-lhistoire-pouvoir-legitimite-et-nouveaux-equilibres-la-legitimite-a-lepreuve-du-reel\\\/\",\"url\":\"https:\\\/\\\/www.geopolitics.fr\\\/2026\\\/09\\\/05\\\/le-golfe-a-lepreuve-de-lhistoire-pouvoir-legitimite-et-nouveaux-equilibres-la-legitimite-a-lepreuve-du-reel\\\/\",\"name\":\"Pouvoir, l\u00e9gitimit\u00e9 et nouveaux \u00e9quilibres. La l\u00e9gitimit\u00e9 \u00e0 l'\u00e9preuve du r\u00e9el. (3\\\/3) | Geopolitics.fr\",\"isPartOf\":{\"@id\":\"https:\\\/\\\/www.geopolitics.fr\\\/#website\"},\"primaryImageOfPage\":{\"@id\":\"https:\\\/\\\/www.geopolitics.fr\\\/2026\\\/09\\\/05\\\/le-golfe-a-lepreuve-de-lhistoire-pouvoir-legitimite-et-nouveaux-equilibres-la-legitimite-a-lepreuve-du-reel\\\/#primaryimage\"},\"image\":{\"@id\":\"https:\\\/\\\/www.geopolitics.fr\\\/2026\\\/09\\\/05\\\/le-golfe-a-lepreuve-de-lhistoire-pouvoir-legitimite-et-nouveaux-equilibres-la-legitimite-a-lepreuve-du-reel\\\/#primaryimage\"},\"thumbnailUrl\":\"https:\\\/\\\/www.geopolitics.fr\\\/wp-content\\\/uploads\\\/2026\\\/08\\\/fake-news-l.jpg\",\"datePublished\":\"2026-09-05T19:13:51+00:00\",\"dateModified\":\"2026-09-06T08:48:41+00:00\",\"description\":\"Une civilisation ne dispara\u00eet pas lorsque ses institutions s'effondrent mais lorsque l'ont ne sait plus pourquoi elles existent\",\"breadcrumb\":{\"@id\":\"https:\\\/\\\/www.geopolitics.fr\\\/2026\\\/09\\\/05\\\/le-golfe-a-lepreuve-de-lhistoire-pouvoir-legitimite-et-nouveaux-equilibres-la-legitimite-a-lepreuve-du-reel\\\/#breadcrumb\"},\"inLanguage\":\"en-GB\",\"potentialAction\":[{\"@type\":\"ReadAction\",\"target\":[\"https:\\\/\\\/www.geopolitics.fr\\\/2026\\\/09\\\/05\\\/le-golfe-a-lepreuve-de-lhistoire-pouvoir-legitimite-et-nouveaux-equilibres-la-legitimite-a-lepreuve-du-reel\\\/\"]}]},{\"@type\":\"ImageObject\",\"inLanguage\":\"en-GB\",\"@id\":\"https:\\\/\\\/www.geopolitics.fr\\\/2026\\\/09\\\/05\\\/le-golfe-a-lepreuve-de-lhistoire-pouvoir-legitimite-et-nouveaux-equilibres-la-legitimite-a-lepreuve-du-reel\\\/#primaryimage\",\"url\":\"https:\\\/\\\/www.geopolitics.fr\\\/wp-content\\\/uploads\\\/2026\\\/08\\\/fake-news-l.jpg\",\"contentUrl\":\"https:\\\/\\\/www.geopolitics.fr\\\/wp-content\\\/uploads\\\/2026\\\/08\\\/fake-news-l.jpg\",\"width\":1056,\"height\":544},{\"@type\":\"BreadcrumbList\",\"@id\":\"https:\\\/\\\/www.geopolitics.fr\\\/2026\\\/09\\\/05\\\/le-golfe-a-lepreuve-de-lhistoire-pouvoir-legitimite-et-nouveaux-equilibres-la-legitimite-a-lepreuve-du-reel\\\/#breadcrumb\",\"itemListElement\":[{\"@type\":\"ListItem\",\"position\":1,\"name\":\"Accueil\",\"item\":\"https:\\\/\\\/www.geopolitics.fr\\\/\"},{\"@type\":\"ListItem\",\"position\":2,\"name\":\"Pouvoir, l\u00e9gitimit\u00e9 et nouveaux \u00e9quilibres. La l\u00e9gitimit\u00e9 \u00e0 l&rsquo;\u00e9preuve du r\u00e9el. (3\\\/3)\"}]},{\"@type\":\"WebSite\",\"@id\":\"https:\\\/\\\/www.geopolitics.fr\\\/#website\",\"url\":\"https:\\\/\\\/www.geopolitics.fr\\\/\",\"name\":\"Geopolitics.fr\",\"description\":\"Geopolitics.fr Analyse politique, relations internationales, d\u00e9fense - ligne \u00e9ditoriale gaullo-chiraquienne\",\"publisher\":{\"@id\":\"https:\\\/\\\/www.geopolitics.fr\\\/#organization\"},\"potentialAction\":[{\"@type\":\"SearchAction\",\"target\":{\"@type\":\"EntryPoint\",\"urlTemplate\":\"https:\\\/\\\/www.geopolitics.fr\\\/?s={search_term_string}\"},\"query-input\":{\"@type\":\"PropertyValueSpecification\",\"valueRequired\":true,\"valueName\":\"search_term_string\"}}],\"inLanguage\":\"en-GB\"},{\"@type\":\"Organization\",\"@id\":\"https:\\\/\\\/www.geopolitics.fr\\\/#organization\",\"name\":\"Geopolitics.fr\",\"url\":\"https:\\\/\\\/www.geopolitics.fr\\\/\",\"logo\":{\"@type\":\"ImageObject\",\"inLanguage\":\"en-GB\",\"@id\":\"https:\\\/\\\/www.geopolitics.fr\\\/#\\\/schema\\\/logo\\\/image\\\/\",\"url\":\"https:\\\/\\\/www.geopolitics.fr\\\/wp-content\\\/uploads\\\/2024\\\/01\\\/logo.jpg\",\"contentUrl\":\"https:\\\/\\\/www.geopolitics.fr\\\/wp-content\\\/uploads\\\/2024\\\/01\\\/logo.jpg\",\"width\":500,\"height\":500,\"caption\":\"Geopolitics.fr\"},\"image\":{\"@id\":\"https:\\\/\\\/www.geopolitics.fr\\\/#\\\/schema\\\/logo\\\/image\\\/\"},\"sameAs\":[\"https:\\\/\\\/www.facebook.com\\\/people\\\/Erwan-Davoux\\\/61557098968092\\\/\",\"https:\\\/\\\/x.com\\\/Geopolitics_Fr\"]},{\"@type\":\"Person\",\"@id\":\"https:\\\/\\\/www.geopolitics.fr\\\/#\\\/schema\\\/person\\\/040df3fa72eeefaf0ef431eadb68dfa2\",\"name\":\"Azzedine Kaamil A\u00eft-Ameur\",\"image\":{\"@type\":\"ImageObject\",\"inLanguage\":\"en-GB\",\"@id\":\"https:\\\/\\\/www.geopolitics.fr\\\/wp-content\\\/uploads\\\/2026\\\/08\\\/Azzedine_Kaamil_Ait-Ameur-96x96.png\",\"url\":\"https:\\\/\\\/www.geopolitics.fr\\\/wp-content\\\/uploads\\\/2026\\\/08\\\/Azzedine_Kaamil_Ait-Ameur-96x96.png\",\"contentUrl\":\"https:\\\/\\\/www.geopolitics.fr\\\/wp-content\\\/uploads\\\/2026\\\/08\\\/Azzedine_Kaamil_Ait-Ameur-96x96.png\",\"caption\":\"Azzedine Kaamil A\u00eft-Ameur\"},\"description\":\"Azzedine Kaamil A\u00eft-Ameur est essayiste et auteur ind\u00e9pendant. Ses \u00e9crits portent sur les crises morales, politiques et civilisationnelles du monde contemporain. Il analyse les rapports de pouvoir, les m\u00e9canismes d'influence et les transformations des soci\u00e9t\u00e9s modernes.\",\"url\":\"https:\\\/\\\/www.geopolitics.fr\\\/en\\\/author\\\/azzedine-kaamil\\\/\"}]}<\/script>\n<!-- \/ Yoast SEO Premium plugin. -->","yoast_head_json":{"title":"Pouvoir, l\u00e9gitimit\u00e9 et nouveaux \u00e9quilibres. La l\u00e9gitimit\u00e9 \u00e0 l'\u00e9preuve du r\u00e9el. (3\/3) | Geopolitics.fr","description":"Une civilisation ne dispara\u00eet pas lorsque ses institutions s'effondrent mais lorsque l'ont ne sait plus pourquoi elles existent","robots":{"index":"index","follow":"follow","max-snippet":"max-snippet:-1","max-image-preview":"max-image-preview:large","max-video-preview":"max-video-preview:-1"},"canonical":"https:\/\/www.geopolitics.fr\/en\/2026\/09\/05\/le-golfe-a-lepreuve-de-lhistoire-pouvoir-legitimite-et-nouveaux-equilibres-la-legitimite-a-lepreuve-du-reel\/","og_locale":"en_GB","og_type":"article","og_title":"Pouvoir, l\u00e9gitimit\u00e9 et nouveaux \u00e9quilibres. La l\u00e9gitimit\u00e9 \u00e0 l'\u00e9preuve du r\u00e9el. (3\/3)","og_description":"Une civilisation ne dispara\u00eet pas lorsque ses institutions s'effondrent mais lorsque l'ont ne sait plus pourquoi elles existent","og_url":"https:\/\/www.geopolitics.fr\/en\/2026\/09\/05\/le-golfe-a-lepreuve-de-lhistoire-pouvoir-legitimite-et-nouveaux-equilibres-la-legitimite-a-lepreuve-du-reel\/","og_site_name":"Geopolitics.fr","article_publisher":"https:\/\/www.facebook.com\/people\/Erwan-Davoux\/61557098968092\/","article_published_time":"2026-09-05T19:13:51+00:00","article_modified_time":"2026-09-06T08:48:41+00:00","og_image":[{"width":1056,"height":544,"url":"https:\/\/www.geopolitics.fr\/wp-content\/uploads\/2026\/08\/fake-news-l.jpg","type":"image\/jpeg"}],"author":"Azzedine Kaamil A\u00eft-Ameur","twitter_card":"summary_large_image","twitter_creator":"@Geopolitics_Fr","twitter_site":"@Geopolitics_Fr","twitter_misc":{"Written by":"Azzedine Kaamil A\u00eft-Ameur","Estimated reading time":"20 minutes"},"schema":{"@context":"https:\/\/schema.org","@graph":[{"@type":"Article","@id":"https:\/\/www.geopolitics.fr\/2026\/09\/05\/le-golfe-a-lepreuve-de-lhistoire-pouvoir-legitimite-et-nouveaux-equilibres-la-legitimite-a-lepreuve-du-reel\/#article","isPartOf":{"@id":"https:\/\/www.geopolitics.fr\/2026\/09\/05\/le-golfe-a-lepreuve-de-lhistoire-pouvoir-legitimite-et-nouveaux-equilibres-la-legitimite-a-lepreuve-du-reel\/"},"author":{"name":"Azzedine Kaamil A\u00eft-Ameur","@id":"https:\/\/www.geopolitics.fr\/#\/schema\/person\/040df3fa72eeefaf0ef431eadb68dfa2"},"headline":"Pouvoir, l\u00e9gitimit\u00e9 et nouveaux \u00e9quilibres. La l\u00e9gitimit\u00e9 \u00e0 l&rsquo;\u00e9preuve du r\u00e9el. (3\/3)","datePublished":"2026-09-05T19:13:51+00:00","dateModified":"2026-09-06T08:48:41+00:00","mainEntityOfPage":{"@id":"https:\/\/www.geopolitics.fr\/2026\/09\/05\/le-golfe-a-lepreuve-de-lhistoire-pouvoir-legitimite-et-nouveaux-equilibres-la-legitimite-a-lepreuve-du-reel\/"},"wordCount":4424,"publisher":{"@id":"https:\/\/www.geopolitics.fr\/#organization"},"image":{"@id":"https:\/\/www.geopolitics.fr\/2026\/09\/05\/le-golfe-a-lepreuve-de-lhistoire-pouvoir-legitimite-et-nouveaux-equilibres-la-legitimite-a-lepreuve-du-reel\/#primaryimage"},"thumbnailUrl":"https:\/\/www.geopolitics.fr\/wp-content\/uploads\/2026\/08\/fake-news-l.jpg","keywords":["DEMOCRATIE","fake news"],"articleSection":["International","Mis en AVANT","Politique"],"inLanguage":"en-GB"},{"@type":"WebPage","@id":"https:\/\/www.geopolitics.fr\/2026\/09\/05\/le-golfe-a-lepreuve-de-lhistoire-pouvoir-legitimite-et-nouveaux-equilibres-la-legitimite-a-lepreuve-du-reel\/","url":"https:\/\/www.geopolitics.fr\/2026\/09\/05\/le-golfe-a-lepreuve-de-lhistoire-pouvoir-legitimite-et-nouveaux-equilibres-la-legitimite-a-lepreuve-du-reel\/","name":"Pouvoir, l\u00e9gitimit\u00e9 et nouveaux \u00e9quilibres. La l\u00e9gitimit\u00e9 \u00e0 l'\u00e9preuve du r\u00e9el. (3\/3) | Geopolitics.fr","isPartOf":{"@id":"https:\/\/www.geopolitics.fr\/#website"},"primaryImageOfPage":{"@id":"https:\/\/www.geopolitics.fr\/2026\/09\/05\/le-golfe-a-lepreuve-de-lhistoire-pouvoir-legitimite-et-nouveaux-equilibres-la-legitimite-a-lepreuve-du-reel\/#primaryimage"},"image":{"@id":"https:\/\/www.geopolitics.fr\/2026\/09\/05\/le-golfe-a-lepreuve-de-lhistoire-pouvoir-legitimite-et-nouveaux-equilibres-la-legitimite-a-lepreuve-du-reel\/#primaryimage"},"thumbnailUrl":"https:\/\/www.geopolitics.fr\/wp-content\/uploads\/2026\/08\/fake-news-l.jpg","datePublished":"2026-09-05T19:13:51+00:00","dateModified":"2026-09-06T08:48:41+00:00","description":"Une civilisation ne dispara\u00eet pas lorsque ses institutions s'effondrent mais lorsque l'ont ne sait plus pourquoi elles existent","breadcrumb":{"@id":"https:\/\/www.geopolitics.fr\/2026\/09\/05\/le-golfe-a-lepreuve-de-lhistoire-pouvoir-legitimite-et-nouveaux-equilibres-la-legitimite-a-lepreuve-du-reel\/#breadcrumb"},"inLanguage":"en-GB","potentialAction":[{"@type":"ReadAction","target":["https:\/\/www.geopolitics.fr\/2026\/09\/05\/le-golfe-a-lepreuve-de-lhistoire-pouvoir-legitimite-et-nouveaux-equilibres-la-legitimite-a-lepreuve-du-reel\/"]}]},{"@type":"ImageObject","inLanguage":"en-GB","@id":"https:\/\/www.geopolitics.fr\/2026\/09\/05\/le-golfe-a-lepreuve-de-lhistoire-pouvoir-legitimite-et-nouveaux-equilibres-la-legitimite-a-lepreuve-du-reel\/#primaryimage","url":"https:\/\/www.geopolitics.fr\/wp-content\/uploads\/2026\/08\/fake-news-l.jpg","contentUrl":"https:\/\/www.geopolitics.fr\/wp-content\/uploads\/2026\/08\/fake-news-l.jpg","width":1056,"height":544},{"@type":"BreadcrumbList","@id":"https:\/\/www.geopolitics.fr\/2026\/09\/05\/le-golfe-a-lepreuve-de-lhistoire-pouvoir-legitimite-et-nouveaux-equilibres-la-legitimite-a-lepreuve-du-reel\/#breadcrumb","itemListElement":[{"@type":"ListItem","position":1,"name":"Accueil","item":"https:\/\/www.geopolitics.fr\/"},{"@type":"ListItem","position":2,"name":"Pouvoir, l\u00e9gitimit\u00e9 et nouveaux \u00e9quilibres. La l\u00e9gitimit\u00e9 \u00e0 l&rsquo;\u00e9preuve du r\u00e9el. (3\/3)"}]},{"@type":"WebSite","@id":"https:\/\/www.geopolitics.fr\/#website","url":"https:\/\/www.geopolitics.fr\/","name":"Geopolitics.fr","description":"Geopolitics.fr Analyse politique, relations internationales, d\u00e9fense - ligne \u00e9ditoriale gaullo-chiraquienne","publisher":{"@id":"https:\/\/www.geopolitics.fr\/#organization"},"potentialAction":[{"@type":"SearchAction","target":{"@type":"EntryPoint","urlTemplate":"https:\/\/www.geopolitics.fr\/?s={search_term_string}"},"query-input":{"@type":"PropertyValueSpecification","valueRequired":true,"valueName":"search_term_string"}}],"inLanguage":"en-GB"},{"@type":"Organization","@id":"https:\/\/www.geopolitics.fr\/#organization","name":"Geopolitics.fr","url":"https:\/\/www.geopolitics.fr\/","logo":{"@type":"ImageObject","inLanguage":"en-GB","@id":"https:\/\/www.geopolitics.fr\/#\/schema\/logo\/image\/","url":"https:\/\/www.geopolitics.fr\/wp-content\/uploads\/2024\/01\/logo.jpg","contentUrl":"https:\/\/www.geopolitics.fr\/wp-content\/uploads\/2024\/01\/logo.jpg","width":500,"height":500,"caption":"Geopolitics.fr"},"image":{"@id":"https:\/\/www.geopolitics.fr\/#\/schema\/logo\/image\/"},"sameAs":["https:\/\/www.facebook.com\/people\/Erwan-Davoux\/61557098968092\/","https:\/\/x.com\/Geopolitics_Fr"]},{"@type":"Person","@id":"https:\/\/www.geopolitics.fr\/#\/schema\/person\/040df3fa72eeefaf0ef431eadb68dfa2","name":"Azzedine Kaamil A\u00eft-Ameur","image":{"@type":"ImageObject","inLanguage":"en-GB","@id":"https:\/\/www.geopolitics.fr\/wp-content\/uploads\/2026\/08\/Azzedine_Kaamil_Ait-Ameur-96x96.png","url":"https:\/\/www.geopolitics.fr\/wp-content\/uploads\/2026\/08\/Azzedine_Kaamil_Ait-Ameur-96x96.png","contentUrl":"https:\/\/www.geopolitics.fr\/wp-content\/uploads\/2026\/08\/Azzedine_Kaamil_Ait-Ameur-96x96.png","caption":"Azzedine Kaamil A\u00eft-Ameur"},"description":"Azzedine Kaamil A\u00eft-Ameur est essayiste et auteur ind\u00e9pendant. Ses \u00e9crits portent sur les crises morales, politiques et civilisationnelles du monde contemporain. Il analyse les rapports de pouvoir, les m\u00e9canismes d'influence et les transformations des soci\u00e9t\u00e9s modernes.","url":"https:\/\/www.geopolitics.fr\/en\/author\/azzedine-kaamil\/"}]}},"_links":{"self":[{"href":"https:\/\/www.geopolitics.fr\/en\/wp-json\/wp\/v2\/posts\/4598","targetHints":{"allow":["GET"]}}],"collection":[{"href":"https:\/\/www.geopolitics.fr\/en\/wp-json\/wp\/v2\/posts"}],"about":[{"href":"https:\/\/www.geopolitics.fr\/en\/wp-json\/wp\/v2\/types\/post"}],"author":[{"embeddable":true,"href":"https:\/\/www.geopolitics.fr\/en\/wp-json\/wp\/v2\/users\/31738"}],"replies":[{"embeddable":true,"href":"https:\/\/www.geopolitics.fr\/en\/wp-json\/wp\/v2\/comments?post=4598"}],"version-history":[{"count":5,"href":"https:\/\/www.geopolitics.fr\/en\/wp-json\/wp\/v2\/posts\/4598\/revisions"}],"predecessor-version":[{"id":4604,"href":"https:\/\/www.geopolitics.fr\/en\/wp-json\/wp\/v2\/posts\/4598\/revisions\/4604"}],"wp:featuredmedia":[{"embeddable":true,"href":"https:\/\/www.geopolitics.fr\/en\/wp-json\/wp\/v2\/media\/4543"}],"wp:attachment":[{"href":"https:\/\/www.geopolitics.fr\/en\/wp-json\/wp\/v2\/media?parent=4598"}],"wp:term":[{"taxonomy":"category","embeddable":true,"href":"https:\/\/www.geopolitics.fr\/en\/wp-json\/wp\/v2\/categories?post=4598"},{"taxonomy":"post_tag","embeddable":true,"href":"https:\/\/www.geopolitics.fr\/en\/wp-json\/wp\/v2\/tags?post=4598"}],"curies":[{"name":"wp","href":"https:\/\/api.w.org\/{rel}","templated":true}]}}