{"id":4574,"date":"2026-08-24T11:48:56","date_gmt":"2026-08-24T09:48:56","guid":{"rendered":"https:\/\/www.geopolitics.fr\/?p=4574"},"modified":"2026-08-24T11:48:59","modified_gmt":"2026-08-24T09:48:59","slug":"lia-ecrit-les-humains-hallucinent","status":"publish","type":"post","link":"https:\/\/www.geopolitics.fr\/en\/2026\/08\/24\/lia-ecrit-les-humains-hallucinent\/","title":{"rendered":"L\u2019IA \u00e9crit. Les humains hallucinent &#8211;"},"content":{"rendered":"<h1 id=\"h-essai-sur-la-responsabilite-le-jugement-et-l-intelligence-artificielle\" class=\"wp-block-heading\">Essai sur la responsabilit\u00e9, le jugement et l&rsquo;intelligence artificielle<\/h1>\n\n\n\n<h2 id=\"h-une-vieille-question-sous-un-nouveau-jour\" class=\"wp-block-heading\">Une vieille question, sous un nouveau jour<\/h2>\n\n\n\n<p class=\"has-medium-font-size wp-block-paragraph\">Il y a quelque temps, j\u2019ai publi\u00e9 un article intitul\u00e9 : <strong>\u00ab L&rsquo;IA est-elle un auteur, un \u00e9diteur ou un miroir ? \u00bb<\/strong><\/p>\n\n\n\n<p class=\"has-medium-font-size wp-block-paragraph\">J\u2019y posais une question qui me semblait plus importante que celle qui revient sans cesse : <em>&nbsp;\u00ab Ce texte a-t-il \u00e9t\u00e9 \u00e9crit par un humain ou par une machine ? \u00bb<\/em><\/p>\n\n\n\n<p class=\"has-medium-font-size wp-block-paragraph\"><strong>\u00c0 mes yeux, la vraie question \u00e9tait ailleurs : qui \u00e9crit, certes, mais surtout<\/strong> <strong>qui assume r\u00e9ellement la pens\u00e9e exprim\u00e9e dans un texte ?<\/strong><\/p>\n\n\n\n<p class=\"has-medium-font-size wp-block-paragraph\">J\u2019y rappelais aussi que cette interrogation n\u2019est pas n\u00e9e avec l\u2019IA.<br>Depuis longtemps, l\u2019\u00e9criture soul\u00e8ve des questions d\u2019auteur, de r\u00e9\u00e9criture, de correction, d\u2019influence et m\u00eame de style comme preuve suppos\u00e9e d\u2019intelligence.<\/p>\n\n\n\n<p class=\"has-medium-font-size wp-block-paragraph\">L\u2019IA ne fait donc pas appara\u00eetre un probl\u00e8me enti\u00e8rement nouveau. Elle rend simplement plus visible une confusion ancienne : celle entre <strong>produire un texte et produire une pens\u00e9e<\/strong>.<\/p>\n\n\n\n<p class=\"has-medium-font-size wp-block-paragraph\">Car l\u2019IA peut reformuler, structurer, corriger, proposer et parfois m\u00eame contredire. Mais elle ne peut pas r\u00e9pondre d\u2019une id\u00e9e. Elle ne peut pas l\u2019expliquer comme exp\u00e9rience v\u00e9cue, ni l\u2019assumer comme position intellectuelle.<\/p>\n\n\n\n<p class=\"has-medium-font-size wp-block-paragraph\"><strong>Cette responsabilit\u00e9 reste celle de l\u2019auteur.<\/strong><\/p>\n\n\n\n<h2 id=\"h-quand-le-debat-tourne-en-rond\" class=\"wp-block-heading\">Quand le d\u00e9bat tourne en rond<\/h2>\n\n\n\n<p class=\"has-medium-font-size wp-block-paragraph\">Depuis, je lis chaque jour de nombreux articles sur l\u2019IA. Je comprends que le sujet fascine autant qu&rsquo;il inqui\u00e8te. Il touche \u00e0 l\u2019\u00e9criture, \u00e0 la cr\u00e9ation, au travail, \u00e0 l\u2019intelligence, <strong>\u00e0 la place de l\u2019humain.<\/strong><\/p>\n\n\n\n<p class=\"has-medium-font-size wp-block-paragraph\">Mais \u00e0 force de lire ces articles, un autre probl\u00e8me m\u2019est apparu.<\/p>\n\n\n\n<p class=\"has-medium-font-size wp-block-paragraph\"><strong>Ce n\u2019est pas seulement l\u2019IA qui r\u00e9p\u00e8te.<\/strong><\/p>\n\n\n\n<p class=\"has-medium-font-size wp-block-paragraph\"><strong>C&rsquo;est aussi notre mani\u00e8re de d\u00e9battre de l&rsquo;IA.<\/strong><\/p>\n\n\n\n<p class=\"has-medium-font-size wp-block-paragraph\">Les m\u00eames questions reviennent sans cesse :<\/p>\n\n\n\n<ul class=\"wp-block-list\">\n<li class=\"has-medium-font-size\">L\u2019IA va-t-elle remplacer les \u00e9crivains ?<\/li>\n\n\n\n<li class=\"has-medium-font-size\">Peut-on encore distinguer un texte humain d\u2019un texte artificiel ?<\/li>\n\n\n\n<li class=\"has-medium-font-size\">Faut-il avouer qu\u2019on utilise ChatGPT ?<\/li>\n\n\n\n<li class=\"has-medium-font-size\">Un texte assist\u00e9 par IA est-il encore authentique ?<\/li>\n<\/ul>\n\n\n\n<p class=\"has-medium-font-size wp-block-paragraph\">Ces questions sont l\u00e9gitimes. Mais trop souvent, elles sont formul\u00e9es comme si personne ne les avait jamais soulev\u00e9es auparavant.<\/p>\n\n\n\n<p class=\"has-medium-font-size wp-block-paragraph\"><strong>Le probl\u00e8me n\u2019est pas que l\u2019on parle trop de l\u2019IA.<\/strong><\/p>\n\n\n\n<p class=\"has-medium-font-size wp-block-paragraph\">La difficult\u00e9 appara\u00eet lorsque le d\u00e9bat devient pauvre, lorsqu\u2019il se contente de r\u00e9p\u00e9ter les m\u00eames oppositions :<\/p>\n\n\n\n<ul class=\"wp-block-list\">\n<li class=\"has-medium-font-size\">humain contre machine ;<\/li>\n\n\n\n<li class=\"has-medium-font-size\">authenticit\u00e9 contre assistance ;<\/li>\n\n\n\n<li class=\"has-medium-font-size\">cr\u00e9ation contre automatisation.<\/li>\n<\/ul>\n\n\n\n<h2 id=\"h-la-responsabilite-ne-se-delegue-pas\" class=\"wp-block-heading has-medium-font-size\">La responsabilit\u00e9 ne se d\u00e9l\u00e8gue pas<\/h2>\n\n\n\n<p class=\"has-medium-font-size wp-block-paragraph\">Par moments, on croirait entendre r\u00e9sonner encore un imaginaire fa\u00e7onn\u00e9 par plusieurs d\u00e9cennies de science-fiction. Depuis <em>Terminator<\/em>, l&rsquo;id\u00e9e d&rsquo;une machine intelligente \u00e9chappant \u00e0 son cr\u00e9ateur est devenue une figure famili\u00e8re de notre culture. Le cin\u00e9ma n&rsquo;est \u00e9videmment pas responsable \u00e0 lui seul des inqui\u00e9tudes actuelles, mais il a contribu\u00e9 \u00e0 installer une repr\u00e9sentation de l&rsquo;intelligence artificielle comme une menace potentielle, avant m\u00eame que celle-ci ne fasse son entr\u00e9e visible dans notre quotidien.<\/p>\n\n\n\n<p class=\"has-medium-font-size wp-block-paragraph\">Si l&rsquo;intelligence artificielle doit nous inqui\u00e9ter, ce n&rsquo;est peut-\u00eatre pas d&rsquo;abord pour sa capacit\u00e9 \u00e0 produire des textes, \u00e0 reformuler des id\u00e9es ou \u00e0 imiter certaines formes de cr\u00e9ation humaine. Les enjeux les plus graves apparaissent d\u00e9j\u00e0 ailleurs : <strong>dans les usages militaires et s\u00e9curitaires, o\u00f9 des syst\u00e8mes d&rsquo;IA participent \u00e0 l&rsquo;analyse d&rsquo;informations, \u00e0 l&rsquo;identification de cibles et \u00e0 l&rsquo;acc\u00e9l\u00e9ration des d\u00e9cisions.<\/strong><\/p>\n\n\n\n<p class=\"has-medium-font-size wp-block-paragraph\">Vous souvenez-vous de l&rsquo;\u00e9poque o\u00f9 l&rsquo;ordinateur est entr\u00e9 dans les entreprises ? On entendait alors souvent : <em><strong>\u00ab C&rsquo;est une erreur de l&rsquo;ordinateur. \u00bb<\/strong><\/em> Pourtant, un ordinateur ne fait que traiter les donn\u00e9es et les instructions que nous lui fournissons.<\/p>\n\n\n\n<p class=\"has-medium-font-size wp-block-paragraph\">Cette vieille formule r\u00e9v\u00e9lait d\u00e9j\u00e0 une tendance \u00e0 transf\u00e9rer \u00e0 la machine <strong>une responsabilit\u00e9 qui demeure humaine.<br><\/strong>Ce m\u00e9canisme n&rsquo;est d&rsquo;ailleurs pas nouveau. Il y a plus de vingt ans d\u00e9j\u00e0, les guerres en Irak popularisaient des expressions comme <em><strong>\u00ab frappes chirurgicales \u00bb<\/strong><\/em> <strong>ou <em>\u00ab dommages collat\u00e9raux \u00bb<\/em>.<\/strong> Aujourd&rsquo;hui, alors que l&rsquo;intelligence artificielle participe \u00e0 l&rsquo;identification des cibles et acc\u00e9l\u00e8re la cha\u00eene de d\u00e9cision militaire, le vocabulaire a peu chang\u00e9. Les machines \u00e9voluent. Les euph\u00e9mismes, eux, demeurent.<\/p>\n\n\n\n<p class=\"has-medium-font-size wp-block-paragraph\"><strong>Depuis 2023, les conflits \u00e0 Gaza, au Liban ou plus r\u00e9cemment en Iran ont rendu cette r\u00e9alit\u00e9 plus visible encore.<\/strong> Plus les syst\u00e8mes techniques s&rsquo;interposent entre la d\u00e9cision et ses cons\u00e9quences, plus la responsabilit\u00e9 semble se dissoudre.<\/p>\n\n\n\n<p class=\"has-medium-font-size wp-block-paragraph\">Pourtant, la question demeure enti\u00e8re.<\/p>\n\n\n\n<p class=\"has-medium-font-size wp-block-paragraph\"><strong>Qui est l&rsquo;auteur d&rsquo;un massacre ?<\/strong><\/p>\n\n\n\n<p class=\"has-medium-font-size wp-block-paragraph\">L&rsquo;algorithme qui recommande une cible ? L&rsquo;analyste qui valide ? Le commandement qui ordonne ? Le pilote qui ex\u00e9cute ? Ou le pouvoir politique qui d\u00e9cide ?<\/p>\n\n\n\n<p class=\"has-medium-font-size wp-block-paragraph\">La multiplication des interm\u00e9diaires ne fait pas dispara\u00eetre la responsabilit\u00e9 humaine. Elle permet seulement \u00e0 chacun d&rsquo;en revendiquer une part toujours plus petite.<\/p>\n\n\n\n<p class=\"has-medium-font-size wp-block-paragraph\"><strong>Des crimes de guerre sans auteurs n\u2019existent pas.<\/strong><\/p>\n\n\n\n<h2 id=\"h-quand-l-homme-imite-la-machine\" class=\"wp-block-heading has-medium-font-size\">Quand l&rsquo;homme imite la machine<\/h2>\n\n\n\n<p class=\"has-medium-font-size wp-block-paragraph\">Mais revenons au domaine civil. <strong>Car c\u2019est malheureusement l\u00e0<\/strong> que se concentre aujourd\u2019hui une grande partie du d\u00e9bat public.<\/p>\n\n\n\n<p class=\"has-medium-font-size wp-block-paragraph\"><strong>La vieille opposition entre la puissance du discours et la v\u00e9rit\u00e9 du discours<\/strong> se manifeste aussi dans certaines r\u00e9actions face \u00e0 l\u2019IA.<br>J\u2019ai m\u00eame lu r\u00e9cemment, ailleurs sur le Web, le texte d\u2019un professeur \u00e9crivain qui d\u00e9non\u00e7ait une forme de concurrence d\u00e9loyale exerc\u00e9e par l\u2019IA.<\/p>\n\n\n\n<p class=\"has-medium-font-size wp-block-paragraph\">Cette plainte m\u2019a troubl\u00e9, non parce qu\u2019elle \u00e9tait enti\u00e8rement ill\u00e9gitime, mais parce qu\u2019elle semblait accorder \u00e0 l\u2019IA ce qu\u2019elle ne poss\u00e8de pr\u00e9cis\u00e9ment pas : <strong>la capacit\u00e9 de produire une pens\u00e9e.<\/strong><\/p>\n\n\n\n<p class=\"has-medium-font-size wp-block-paragraph\">L\u2019IA ne cr\u00e9e donc pas un nouveau probl\u00e8me philosophique. Elle r\u00e9active une vieille question socratique <strong>: Faut-il juger un texte \u00e0 son \u00e9loquence ou \u00e0 la v\u00e9rit\u00e9 qu&rsquo;il porte ?<\/strong><\/p>\n\n\n\n<p class=\"has-medium-font-size wp-block-paragraph\">Si nous en venons \u00e0 croire qu\u2019une machine nous fait concurrence sur le terrain de la r\u00e9flexion elle-m\u00eame, alors le probl\u00e8me n\u2019est peut-\u00eatre pas la puissance de l\u2019IA.<\/p>\n\n\n\n<p class=\"has-medium-font-size wp-block-paragraph\"><strong>Le probl\u00e8me est que nous avons cess\u00e9 d\u2019habiter pleinement notre propre pens\u00e9e<\/strong>, ce qui est certainement plus grave encore que de ne plus savoir lire.<br>Car si la lecture n\u2019am\u00e9liore pas notre capacit\u00e9 de raisonnement, alors \u00e0 quoi bon ?<\/p>\n\n\n\n<p class=\"has-medium-font-size wp-block-paragraph\">Montaigne pr\u00e9f\u00e9rait d\u00e9j\u00e0 <strong>une t\u00eate bien faite \u00e0 une t\u00eate bien pleine.<\/strong> Son avertissement n&rsquo;a sans doute jamais \u00e9t\u00e9 aussi actuel. Car notre esprit ne risque plus seulement d&rsquo;\u00eatre encombr\u00e9 de savoirs, mais d\u00e9sormais d&rsquo;\u00eatre submerg\u00e9 par des textes g\u00e9n\u00e9r\u00e9s <strong>plus vite que certains ne seront capables d&rsquo;en comprendre le sens.<\/strong><\/p>\n\n\n\n<p class=\"has-medium-font-size wp-block-paragraph\"><strong>\u00c0 mesure que l\u2019IA s\u2019impose dans notre quotidien, les prises de position se multiplient.<br><\/strong><strong>Chez certains, elle devient presque un r\u00e9flexe compulsif.<\/strong><\/p>\n\n\n\n<p class=\"has-medium-font-size wp-block-paragraph\">Nous en voyons d\u00e9j\u00e0 un sympt\u00f4me : au lieu de nous demander si un texte est vrai, juste ou \u00e9clairant, nous le parcourons en diagonale, \u00e0 la recherche d\u2019indices permettant de savoir qui \u2014 ou quoi \u2014 l\u2019a \u00e9crit.<strong><br><\/strong><strong>Pourtant, un raisonnement erron\u00e9 ne devient pas plus juste parce qu\u2019il est humain.<\/strong><strong><br>C\u2019est peut-\u00eatre cela, le vrai paradoxe : au moment m\u00eame o\u00f9 l\u2019on accuse l\u2019IA de produire des textes r\u00e9p\u00e9titifs,<\/strong> <strong>une partie de l\u2019\u00e9criture humaine sur l\u2019IA devient elle-m\u00eame r\u00e9p\u00e9titive.<\/strong><\/p>\n\n\n\n<p class=\"has-medium-font-size wp-block-paragraph\"><strong>Cet essai aurait pu s\u2019intituler : <em>\u00ab<\/em><\/strong> <em>Le v\u00e9ritable probl\u00e8me n&rsquo;est pas que l&rsquo;IA \u00e9crive. C&rsquo;est que les humains se r\u00e9p\u00e8tent. \u00bb<\/em><\/p>\n\n\n\n<p class=\"has-medium-font-size wp-block-paragraph\">J\u2019aurais aussi pu l\u2019appeler : <em>\u00ab Quand les humains \u00e9crivent sur l&rsquo;IA comme des machines. \u00bb<\/em><\/p>\n\n\n\n<p class=\"has-medium-font-size wp-block-paragraph\">Ou, plus provocateur encore : <strong><em>IA ! IA ! IA !<\/em><\/strong><\/p>\n\n\n\n<p class=\"has-medium-font-size wp-block-paragraph\">Comme un braiement : \u00e0 force de reprendre les m\u00eames questions sur l\u2019IA sans vraiment les approfondir, le d\u00e9bat finit parfois par ressembler moins \u00e0 une pens\u00e9e qu\u2019\u00e0 un \u00e9cho.<\/p>\n\n\n\n<p class=\"has-medium-font-size wp-block-paragraph\"><strong>Mais entendons-nous bien.<\/strong><\/p>\n\n\n\n<p class=\"has-medium-font-size wp-block-paragraph\"><em>Je ne veux pas dire qu\u2019il ne faut plus \u00e9crire sur l\u2019IA. <strong>Au contraire.<\/strong> Mais \u00e9crire sur un sujet d\u00e9j\u00e0 satur\u00e9 suppose d\u2019y apporter un angle, une distinction, une id\u00e9e, quelque chose qui justifie une nouvelle prise de parole.<\/em><\/p>\n\n\n\n<h2 id=\"h-qui-nourrit-qui\" class=\"wp-block-heading\">Qui nourrit qui ?<\/h2>\n\n\n\n<p class=\"has-medium-font-size wp-block-paragraph\">On pourrait alors ouvrir une autre question : <strong>qui a nourri la machine ?<\/strong><\/p>\n\n\n\n<p class=\"has-medium-font-size wp-block-paragraph\">Car l\u2019IA n\u2019est pas apparue dans le vide. Elle a \u00e9t\u00e9 instruite par des milliards de textes, de conversations, de donn\u00e9es, d\u2019\u00e9changes humains, notamment \u00e0 travers Internet et les technologies de communication.<\/p>\n\n\n\n<p class=\"has-medium-font-size wp-block-paragraph\">En ce sens, c\u2019est bien l\u2019intelligence humaine <strong>qui a instruit<\/strong> l\u2019intelligence artificielle.<\/p>\n\n\n\n<p class=\"has-medium-font-size wp-block-paragraph\">Mais peut-\u00eatre que ce qui inqui\u00e8te l\u2019humain n\u2019est-il pas seulement que la machine l\u2019imite, mais que l\u2019\u00e9l\u00e8ve finisse par d\u00e9passer le ma\u00eetre. <em>Blade Runner<\/em> avait d\u00e9j\u00e0 saisi cette inqui\u00e9tude : la cr\u00e9ature y devient un miroir troublant, r\u00e9v\u00e9lant moins ce qu\u2019elle est que ce que son concepteur ne comprend plus de lui-m\u00eame.<\/p>\n\n\n\n<p class=\"has-medium-font-size wp-block-paragraph\">Il faut toutefois ajouter une nuance essentielle : <strong>poss\u00e9der des connaissances ne signifie pas encore avoir conscience de soi.<\/strong><\/p>\n\n\n\n<p class=\"has-medium-font-size wp-block-paragraph\"><strong>Conna\u00eetre n&rsquo;est pas vivre.<\/strong> Et vivre ne consiste pas seulement \u00e0 accumuler des exp\u00e9riences, mais \u00e0 se laisser transformer par elles et \u00e0 r\u00e9pondre ensuite de ce que l&rsquo;on devient.<br><strong>Ce n&rsquo;est peut-\u00eatre pas ce qu&rsquo;une intelligence sait qui la d\u00e9finit, mais ce qu&rsquo;elle est capable d&rsquo;assumer.<\/strong><\/p>\n\n\n\n<p class=\"has-medium-font-size wp-block-paragraph\">L\u2019IA peut traiter, recomposer et restituer des formes issues de l\u2019exp\u00e9rience humaine, <strong>mais elle ne poss\u00e8de pas encore cette exp\u00e9rience comme une conscience.<\/strong><\/p>\n\n\n\n<p class=\"has-medium-font-size wp-block-paragraph\">Nous pouvons bien s\u00fbr extrapoler. La science-fiction explore ces questions depuis longtemps.<br>Mais ce n\u2019est peut-\u00eatre pas le d\u00e9bat le plus urgent.<\/p>\n\n\n\n<p class=\"has-medium-font-size wp-block-paragraph\"><strong>Il est troublant d\u2019\u00eatre perplexe devant ce que nous avons nous-m\u00eames con\u00e7u.<br><\/strong>Cette perplexit\u00e9 devrait peut-\u00eatre nous inviter \u00e0 davantage d\u2019humilit\u00e9.<\/p>\n\n\n\n<p class=\"has-medium-font-size wp-block-paragraph\">Effor\u00e7ons-nous plut\u00f4t d\u2019avoir des d\u00e9bats de fond, plus constructifs, capables de nous apprendre quelque chose sur l\u2019IA, <strong>mais aussi sur nous-m\u00eames :<\/strong> sur certaines facettes de l\u2019esprit humain, sur notre mani\u00e8re de penser, de transmettre, d\u2019imiter, de cr\u00e9er et de croire.<\/p>\n\n\n\n<p class=\"has-medium-font-size wp-block-paragraph\">Et peut-\u00eatre cela nous rappellera-t-il que nous sommes nous-m\u00eames le r\u00e9sultat d\u2019une intelligence plus vaste, qui se manifeste partout, de l\u2019infiniment grand \u00e0 l\u2019infiniment petit.<\/p>\n\n\n\n<p class=\"has-medium-font-size wp-block-paragraph\"><strong>Peut-\u00eatre que l\u2019intelligence artificielle ne nous oblige pas d\u2019abord \u00e0 nous demander ce qu\u2019elle devient, mais ce que nous sommes en train de devenir nous-m\u00eames.<\/strong><\/p>\n\n\n\n<p class=\"has-medium-font-size wp-block-paragraph\"><strong>Et peut-\u00eatre ce d\u00e9tour nous ram\u00e8ne-t-il \u00e0 une interrogation plus ancienne encore :<\/strong> <strong>celle de l\u2019intelligence \u00e0 l\u2019\u0153uvre dans le monde r\u00e9el.<\/strong><\/p>\n\n\n\n<p class=\"wp-block-paragraph\"><\/p>","protected":false},"excerpt":{"rendered":"<p>Essai sur la responsabilit\u00e9, le jugement et l&rsquo;intelligence artificielle Une vieille question, sous un nouveau jour Il y a quelque temps, j\u2019ai&hellip;<\/p>","protected":false},"author":31738,"featured_media":4577,"comment_status":"closed","ping_status":"closed","sticky":false,"template":"","format":"standard","meta":{"_lmt_disableupdate":"","_lmt_disable":"","footnotes":""},"categories":[4,623],"tags":[730],"class_list":["post-4574","post","type-post","status-publish","format-standard","has-post-thumbnail","hentry","category-mis-en-avant","category-sante-sciences-recherche","tag-intelligence-artificielle"],"yoast_head":"<!-- This site is optimized with the Yoast SEO Premium plugin v28.1 (Yoast SEO v28.1) - https:\/\/yoast.com\/product\/yoast-seo-premium-wordpress\/ -->\n<title>L\u2019IA \u00e9crit. Les humains hallucinent - | Geopolitics.fr<\/title>\n<meta name=\"description\" content=\"L&#039;IA est-elle un auteur, un \u00e9diteur ou un miroir ? qui \u00e9crit, certes, mais surtout qui assume r\u00e9ellement la pens\u00e9e exprim\u00e9e dans un texte ?\" \/>\n<meta name=\"robots\" content=\"index, follow, max-snippet:-1, max-image-preview:large, max-video-preview:-1\" \/>\n<link rel=\"canonical\" href=\"https:\/\/www.geopolitics.fr\/en\/2026\/08\/24\/lia-ecrit-les-humains-hallucinent\/\" \/>\n<meta property=\"og:locale\" content=\"en_GB\" \/>\n<meta property=\"og:type\" content=\"article\" \/>\n<meta property=\"og:title\" content=\"L\u2019IA \u00e9crit. Les humains hallucinent -\" \/>\n<meta property=\"og:description\" content=\"L&#039;IA est-elle un auteur, un \u00e9diteur ou un miroir ? qui \u00e9crit, certes, mais surtout qui assume r\u00e9ellement la pens\u00e9e exprim\u00e9e dans un texte ?\" \/>\n<meta property=\"og:url\" content=\"https:\/\/www.geopolitics.fr\/en\/2026\/08\/24\/lia-ecrit-les-humains-hallucinent\/\" \/>\n<meta property=\"og:site_name\" content=\"Geopolitics.fr\" \/>\n<meta property=\"article:publisher\" content=\"https:\/\/www.facebook.com\/people\/Erwan-Davoux\/61557098968092\/\" \/>\n<meta property=\"article:published_time\" content=\"2026-08-24T09:48:56+00:00\" \/>\n<meta property=\"article:modified_time\" content=\"2026-08-24T09:48:59+00:00\" \/>\n<meta property=\"og:image\" content=\"https:\/\/www.geopolitics.fr\/wp-content\/uploads\/2026\/08\/IA-BON.jpg\" \/>\n\t<meta property=\"og:image:width\" content=\"898\" \/>\n\t<meta property=\"og:image:height\" content=\"601\" \/>\n\t<meta property=\"og:image:type\" content=\"image\/jpeg\" \/>\n<meta name=\"author\" content=\"Azzedine Kaamil A\u00eft-Ameur\" \/>\n<meta name=\"twitter:card\" content=\"summary_large_image\" \/>\n<meta name=\"twitter:creator\" content=\"@Geopolitics_Fr\" \/>\n<meta name=\"twitter:site\" content=\"@Geopolitics_Fr\" \/>\n<meta name=\"twitter:label1\" content=\"Written by\" \/>\n\t<meta name=\"twitter:data1\" content=\"Azzedine Kaamil A\u00eft-Ameur\" \/>\n\t<meta name=\"twitter:label2\" content=\"Estimated reading time\" \/>\n\t<meta name=\"twitter:data2\" content=\"8 minutes\" \/>\n<script type=\"application\/ld+json\" class=\"yoast-schema-graph\">{\"@context\":\"https:\\\/\\\/schema.org\",\"@graph\":[{\"@type\":\"Article\",\"@id\":\"https:\\\/\\\/www.geopolitics.fr\\\/2026\\\/08\\\/24\\\/lia-ecrit-les-humains-hallucinent\\\/#article\",\"isPartOf\":{\"@id\":\"https:\\\/\\\/www.geopolitics.fr\\\/2026\\\/08\\\/24\\\/lia-ecrit-les-humains-hallucinent\\\/\"},\"author\":{\"name\":\"Azzedine Kaamil A\u00eft-Ameur\",\"@id\":\"https:\\\/\\\/www.geopolitics.fr\\\/#\\\/schema\\\/person\\\/040df3fa72eeefaf0ef431eadb68dfa2\"},\"headline\":\"L\u2019IA \u00e9crit. Les humains hallucinent &#8211;\",\"datePublished\":\"2026-08-24T09:48:56+00:00\",\"dateModified\":\"2026-08-24T09:48:59+00:00\",\"mainEntityOfPage\":{\"@id\":\"https:\\\/\\\/www.geopolitics.fr\\\/2026\\\/08\\\/24\\\/lia-ecrit-les-humains-hallucinent\\\/\"},\"wordCount\":1773,\"publisher\":{\"@id\":\"https:\\\/\\\/www.geopolitics.fr\\\/#organization\"},\"image\":{\"@id\":\"https:\\\/\\\/www.geopolitics.fr\\\/2026\\\/08\\\/24\\\/lia-ecrit-les-humains-hallucinent\\\/#primaryimage\"},\"thumbnailUrl\":\"https:\\\/\\\/www.geopolitics.fr\\\/wp-content\\\/uploads\\\/2026\\\/08\\\/IA-BON.jpg\",\"keywords\":[\"INTELLIGENCE ARTIFICIELLE\"],\"articleSection\":[\"Mis en AVANT\",\"Sant\u00e9, sciences, recherche\"],\"inLanguage\":\"en-GB\"},{\"@type\":\"WebPage\",\"@id\":\"https:\\\/\\\/www.geopolitics.fr\\\/2026\\\/08\\\/24\\\/lia-ecrit-les-humains-hallucinent\\\/\",\"url\":\"https:\\\/\\\/www.geopolitics.fr\\\/2026\\\/08\\\/24\\\/lia-ecrit-les-humains-hallucinent\\\/\",\"name\":\"L\u2019IA \u00e9crit. Les humains hallucinent - | Geopolitics.fr\",\"isPartOf\":{\"@id\":\"https:\\\/\\\/www.geopolitics.fr\\\/#website\"},\"primaryImageOfPage\":{\"@id\":\"https:\\\/\\\/www.geopolitics.fr\\\/2026\\\/08\\\/24\\\/lia-ecrit-les-humains-hallucinent\\\/#primaryimage\"},\"image\":{\"@id\":\"https:\\\/\\\/www.geopolitics.fr\\\/2026\\\/08\\\/24\\\/lia-ecrit-les-humains-hallucinent\\\/#primaryimage\"},\"thumbnailUrl\":\"https:\\\/\\\/www.geopolitics.fr\\\/wp-content\\\/uploads\\\/2026\\\/08\\\/IA-BON.jpg\",\"datePublished\":\"2026-08-24T09:48:56+00:00\",\"dateModified\":\"2026-08-24T09:48:59+00:00\",\"description\":\"L'IA est-elle un auteur, un \u00e9diteur ou un miroir ? qui \u00e9crit, certes, mais surtout qui assume r\u00e9ellement la pens\u00e9e exprim\u00e9e dans un texte ?\",\"breadcrumb\":{\"@id\":\"https:\\\/\\\/www.geopolitics.fr\\\/2026\\\/08\\\/24\\\/lia-ecrit-les-humains-hallucinent\\\/#breadcrumb\"},\"inLanguage\":\"en-GB\",\"potentialAction\":[{\"@type\":\"ReadAction\",\"target\":[\"https:\\\/\\\/www.geopolitics.fr\\\/2026\\\/08\\\/24\\\/lia-ecrit-les-humains-hallucinent\\\/\"]}]},{\"@type\":\"ImageObject\",\"inLanguage\":\"en-GB\",\"@id\":\"https:\\\/\\\/www.geopolitics.fr\\\/2026\\\/08\\\/24\\\/lia-ecrit-les-humains-hallucinent\\\/#primaryimage\",\"url\":\"https:\\\/\\\/www.geopolitics.fr\\\/wp-content\\\/uploads\\\/2026\\\/08\\\/IA-BON.jpg\",\"contentUrl\":\"https:\\\/\\\/www.geopolitics.fr\\\/wp-content\\\/uploads\\\/2026\\\/08\\\/IA-BON.jpg\",\"width\":898,\"height\":601},{\"@type\":\"BreadcrumbList\",\"@id\":\"https:\\\/\\\/www.geopolitics.fr\\\/2026\\\/08\\\/24\\\/lia-ecrit-les-humains-hallucinent\\\/#breadcrumb\",\"itemListElement\":[{\"@type\":\"ListItem\",\"position\":1,\"name\":\"Accueil\",\"item\":\"https:\\\/\\\/www.geopolitics.fr\\\/\"},{\"@type\":\"ListItem\",\"position\":2,\"name\":\"L\u2019IA \u00e9crit. Les humains hallucinent &#8211;\"}]},{\"@type\":\"WebSite\",\"@id\":\"https:\\\/\\\/www.geopolitics.fr\\\/#website\",\"url\":\"https:\\\/\\\/www.geopolitics.fr\\\/\",\"name\":\"Geopolitics.fr\",\"description\":\"Geopolitics.fr Analyse politique, relations internationales, d\u00e9fense - ligne \u00e9ditoriale gaullo-chiraquienne\",\"publisher\":{\"@id\":\"https:\\\/\\\/www.geopolitics.fr\\\/#organization\"},\"potentialAction\":[{\"@type\":\"SearchAction\",\"target\":{\"@type\":\"EntryPoint\",\"urlTemplate\":\"https:\\\/\\\/www.geopolitics.fr\\\/?s={search_term_string}\"},\"query-input\":{\"@type\":\"PropertyValueSpecification\",\"valueRequired\":true,\"valueName\":\"search_term_string\"}}],\"inLanguage\":\"en-GB\"},{\"@type\":\"Organization\",\"@id\":\"https:\\\/\\\/www.geopolitics.fr\\\/#organization\",\"name\":\"Geopolitics.fr\",\"url\":\"https:\\\/\\\/www.geopolitics.fr\\\/\",\"logo\":{\"@type\":\"ImageObject\",\"inLanguage\":\"en-GB\",\"@id\":\"https:\\\/\\\/www.geopolitics.fr\\\/#\\\/schema\\\/logo\\\/image\\\/\",\"url\":\"https:\\\/\\\/www.geopolitics.fr\\\/wp-content\\\/uploads\\\/2024\\\/01\\\/logo.jpg\",\"contentUrl\":\"https:\\\/\\\/www.geopolitics.fr\\\/wp-content\\\/uploads\\\/2024\\\/01\\\/logo.jpg\",\"width\":500,\"height\":500,\"caption\":\"Geopolitics.fr\"},\"image\":{\"@id\":\"https:\\\/\\\/www.geopolitics.fr\\\/#\\\/schema\\\/logo\\\/image\\\/\"},\"sameAs\":[\"https:\\\/\\\/www.facebook.com\\\/people\\\/Erwan-Davoux\\\/61557098968092\\\/\",\"https:\\\/\\\/x.com\\\/Geopolitics_Fr\"]},{\"@type\":\"Person\",\"@id\":\"https:\\\/\\\/www.geopolitics.fr\\\/#\\\/schema\\\/person\\\/040df3fa72eeefaf0ef431eadb68dfa2\",\"name\":\"Azzedine Kaamil A\u00eft-Ameur\",\"image\":{\"@type\":\"ImageObject\",\"inLanguage\":\"en-GB\",\"@id\":\"https:\\\/\\\/www.geopolitics.fr\\\/wp-content\\\/uploads\\\/2026\\\/08\\\/Azzedine_Kaamil_Ait-Ameur-96x96.png\",\"url\":\"https:\\\/\\\/www.geopolitics.fr\\\/wp-content\\\/uploads\\\/2026\\\/08\\\/Azzedine_Kaamil_Ait-Ameur-96x96.png\",\"contentUrl\":\"https:\\\/\\\/www.geopolitics.fr\\\/wp-content\\\/uploads\\\/2026\\\/08\\\/Azzedine_Kaamil_Ait-Ameur-96x96.png\",\"caption\":\"Azzedine Kaamil A\u00eft-Ameur\"},\"description\":\"Azzedine Kaamil A\u00eft-Ameur est essayiste et auteur ind\u00e9pendant. Ses \u00e9crits portent sur les crises morales, politiques et civilisationnelles du monde contemporain. Il analyse les rapports de pouvoir, les m\u00e9canismes d'influence et les transformations des soci\u00e9t\u00e9s modernes.\",\"url\":\"https:\\\/\\\/www.geopolitics.fr\\\/en\\\/author\\\/azzedine-kaamil\\\/\"}]}<\/script>\n<!-- \/ Yoast SEO Premium plugin. -->","yoast_head_json":{"title":"L\u2019IA \u00e9crit. Les humains hallucinent - | Geopolitics.fr","description":"L'IA est-elle un auteur, un \u00e9diteur ou un miroir ? qui \u00e9crit, certes, mais surtout qui assume r\u00e9ellement la pens\u00e9e exprim\u00e9e dans un texte ?","robots":{"index":"index","follow":"follow","max-snippet":"max-snippet:-1","max-image-preview":"max-image-preview:large","max-video-preview":"max-video-preview:-1"},"canonical":"https:\/\/www.geopolitics.fr\/en\/2026\/08\/24\/lia-ecrit-les-humains-hallucinent\/","og_locale":"en_GB","og_type":"article","og_title":"L\u2019IA \u00e9crit. Les humains hallucinent -","og_description":"L'IA est-elle un auteur, un \u00e9diteur ou un miroir ? qui \u00e9crit, certes, mais surtout qui assume r\u00e9ellement la pens\u00e9e exprim\u00e9e dans un texte ?","og_url":"https:\/\/www.geopolitics.fr\/en\/2026\/08\/24\/lia-ecrit-les-humains-hallucinent\/","og_site_name":"Geopolitics.fr","article_publisher":"https:\/\/www.facebook.com\/people\/Erwan-Davoux\/61557098968092\/","article_published_time":"2026-08-24T09:48:56+00:00","article_modified_time":"2026-08-24T09:48:59+00:00","og_image":[{"width":898,"height":601,"url":"https:\/\/www.geopolitics.fr\/wp-content\/uploads\/2026\/08\/IA-BON.jpg","type":"image\/jpeg"}],"author":"Azzedine Kaamil A\u00eft-Ameur","twitter_card":"summary_large_image","twitter_creator":"@Geopolitics_Fr","twitter_site":"@Geopolitics_Fr","twitter_misc":{"Written by":"Azzedine Kaamil A\u00eft-Ameur","Estimated reading time":"8 minutes"},"schema":{"@context":"https:\/\/schema.org","@graph":[{"@type":"Article","@id":"https:\/\/www.geopolitics.fr\/2026\/08\/24\/lia-ecrit-les-humains-hallucinent\/#article","isPartOf":{"@id":"https:\/\/www.geopolitics.fr\/2026\/08\/24\/lia-ecrit-les-humains-hallucinent\/"},"author":{"name":"Azzedine Kaamil A\u00eft-Ameur","@id":"https:\/\/www.geopolitics.fr\/#\/schema\/person\/040df3fa72eeefaf0ef431eadb68dfa2"},"headline":"L\u2019IA \u00e9crit. Les humains hallucinent &#8211;","datePublished":"2026-08-24T09:48:56+00:00","dateModified":"2026-08-24T09:48:59+00:00","mainEntityOfPage":{"@id":"https:\/\/www.geopolitics.fr\/2026\/08\/24\/lia-ecrit-les-humains-hallucinent\/"},"wordCount":1773,"publisher":{"@id":"https:\/\/www.geopolitics.fr\/#organization"},"image":{"@id":"https:\/\/www.geopolitics.fr\/2026\/08\/24\/lia-ecrit-les-humains-hallucinent\/#primaryimage"},"thumbnailUrl":"https:\/\/www.geopolitics.fr\/wp-content\/uploads\/2026\/08\/IA-BON.jpg","keywords":["INTELLIGENCE ARTIFICIELLE"],"articleSection":["Mis en AVANT","Sant\u00e9, sciences, recherche"],"inLanguage":"en-GB"},{"@type":"WebPage","@id":"https:\/\/www.geopolitics.fr\/2026\/08\/24\/lia-ecrit-les-humains-hallucinent\/","url":"https:\/\/www.geopolitics.fr\/2026\/08\/24\/lia-ecrit-les-humains-hallucinent\/","name":"L\u2019IA \u00e9crit. Les humains hallucinent - | Geopolitics.fr","isPartOf":{"@id":"https:\/\/www.geopolitics.fr\/#website"},"primaryImageOfPage":{"@id":"https:\/\/www.geopolitics.fr\/2026\/08\/24\/lia-ecrit-les-humains-hallucinent\/#primaryimage"},"image":{"@id":"https:\/\/www.geopolitics.fr\/2026\/08\/24\/lia-ecrit-les-humains-hallucinent\/#primaryimage"},"thumbnailUrl":"https:\/\/www.geopolitics.fr\/wp-content\/uploads\/2026\/08\/IA-BON.jpg","datePublished":"2026-08-24T09:48:56+00:00","dateModified":"2026-08-24T09:48:59+00:00","description":"L'IA est-elle un auteur, un \u00e9diteur ou un miroir ? qui \u00e9crit, certes, mais surtout qui assume r\u00e9ellement la pens\u00e9e exprim\u00e9e dans un texte ?","breadcrumb":{"@id":"https:\/\/www.geopolitics.fr\/2026\/08\/24\/lia-ecrit-les-humains-hallucinent\/#breadcrumb"},"inLanguage":"en-GB","potentialAction":[{"@type":"ReadAction","target":["https:\/\/www.geopolitics.fr\/2026\/08\/24\/lia-ecrit-les-humains-hallucinent\/"]}]},{"@type":"ImageObject","inLanguage":"en-GB","@id":"https:\/\/www.geopolitics.fr\/2026\/08\/24\/lia-ecrit-les-humains-hallucinent\/#primaryimage","url":"https:\/\/www.geopolitics.fr\/wp-content\/uploads\/2026\/08\/IA-BON.jpg","contentUrl":"https:\/\/www.geopolitics.fr\/wp-content\/uploads\/2026\/08\/IA-BON.jpg","width":898,"height":601},{"@type":"BreadcrumbList","@id":"https:\/\/www.geopolitics.fr\/2026\/08\/24\/lia-ecrit-les-humains-hallucinent\/#breadcrumb","itemListElement":[{"@type":"ListItem","position":1,"name":"Accueil","item":"https:\/\/www.geopolitics.fr\/"},{"@type":"ListItem","position":2,"name":"L\u2019IA \u00e9crit. Les humains hallucinent &#8211;"}]},{"@type":"WebSite","@id":"https:\/\/www.geopolitics.fr\/#website","url":"https:\/\/www.geopolitics.fr\/","name":"Geopolitics.fr","description":"Geopolitics.fr Analyse politique, relations internationales, d\u00e9fense - ligne \u00e9ditoriale gaullo-chiraquienne","publisher":{"@id":"https:\/\/www.geopolitics.fr\/#organization"},"potentialAction":[{"@type":"SearchAction","target":{"@type":"EntryPoint","urlTemplate":"https:\/\/www.geopolitics.fr\/?s={search_term_string}"},"query-input":{"@type":"PropertyValueSpecification","valueRequired":true,"valueName":"search_term_string"}}],"inLanguage":"en-GB"},{"@type":"Organization","@id":"https:\/\/www.geopolitics.fr\/#organization","name":"Geopolitics.fr","url":"https:\/\/www.geopolitics.fr\/","logo":{"@type":"ImageObject","inLanguage":"en-GB","@id":"https:\/\/www.geopolitics.fr\/#\/schema\/logo\/image\/","url":"https:\/\/www.geopolitics.fr\/wp-content\/uploads\/2024\/01\/logo.jpg","contentUrl":"https:\/\/www.geopolitics.fr\/wp-content\/uploads\/2024\/01\/logo.jpg","width":500,"height":500,"caption":"Geopolitics.fr"},"image":{"@id":"https:\/\/www.geopolitics.fr\/#\/schema\/logo\/image\/"},"sameAs":["https:\/\/www.facebook.com\/people\/Erwan-Davoux\/61557098968092\/","https:\/\/x.com\/Geopolitics_Fr"]},{"@type":"Person","@id":"https:\/\/www.geopolitics.fr\/#\/schema\/person\/040df3fa72eeefaf0ef431eadb68dfa2","name":"Azzedine Kaamil A\u00eft-Ameur","image":{"@type":"ImageObject","inLanguage":"en-GB","@id":"https:\/\/www.geopolitics.fr\/wp-content\/uploads\/2026\/08\/Azzedine_Kaamil_Ait-Ameur-96x96.png","url":"https:\/\/www.geopolitics.fr\/wp-content\/uploads\/2026\/08\/Azzedine_Kaamil_Ait-Ameur-96x96.png","contentUrl":"https:\/\/www.geopolitics.fr\/wp-content\/uploads\/2026\/08\/Azzedine_Kaamil_Ait-Ameur-96x96.png","caption":"Azzedine Kaamil A\u00eft-Ameur"},"description":"Azzedine Kaamil A\u00eft-Ameur est essayiste et auteur ind\u00e9pendant. Ses \u00e9crits portent sur les crises morales, politiques et civilisationnelles du monde contemporain. Il analyse les rapports de pouvoir, les m\u00e9canismes d'influence et les transformations des soci\u00e9t\u00e9s modernes.","url":"https:\/\/www.geopolitics.fr\/en\/author\/azzedine-kaamil\/"}]}},"_links":{"self":[{"href":"https:\/\/www.geopolitics.fr\/en\/wp-json\/wp\/v2\/posts\/4574","targetHints":{"allow":["GET"]}}],"collection":[{"href":"https:\/\/www.geopolitics.fr\/en\/wp-json\/wp\/v2\/posts"}],"about":[{"href":"https:\/\/www.geopolitics.fr\/en\/wp-json\/wp\/v2\/types\/post"}],"author":[{"embeddable":true,"href":"https:\/\/www.geopolitics.fr\/en\/wp-json\/wp\/v2\/users\/31738"}],"replies":[{"embeddable":true,"href":"https:\/\/www.geopolitics.fr\/en\/wp-json\/wp\/v2\/comments?post=4574"}],"version-history":[{"count":1,"href":"https:\/\/www.geopolitics.fr\/en\/wp-json\/wp\/v2\/posts\/4574\/revisions"}],"predecessor-version":[{"id":4578,"href":"https:\/\/www.geopolitics.fr\/en\/wp-json\/wp\/v2\/posts\/4574\/revisions\/4578"}],"wp:featuredmedia":[{"embeddable":true,"href":"https:\/\/www.geopolitics.fr\/en\/wp-json\/wp\/v2\/media\/4577"}],"wp:attachment":[{"href":"https:\/\/www.geopolitics.fr\/en\/wp-json\/wp\/v2\/media?parent=4574"}],"wp:term":[{"taxonomy":"category","embeddable":true,"href":"https:\/\/www.geopolitics.fr\/en\/wp-json\/wp\/v2\/categories?post=4574"},{"taxonomy":"post_tag","embeddable":true,"href":"https:\/\/www.geopolitics.fr\/en\/wp-json\/wp\/v2\/tags?post=4574"}],"curies":[{"name":"wp","href":"https:\/\/api.w.org\/{rel}","templated":true}]}}