{"id":4570,"date":"2026-08-21T12:49:13","date_gmt":"2026-08-21T10:49:13","guid":{"rendered":"https:\/\/www.geopolitics.fr\/?p=4570"},"modified":"2026-08-21T12:49:15","modified_gmt":"2026-08-21T10:49:15","slug":"la-cour-penale-internationale-a-lepreuve-des-puissances-sanctions-souverainete-et-crise-de-la-justice-internationale","status":"publish","type":"post","link":"https:\/\/www.geopolitics.fr\/en\/2026\/08\/21\/la-cour-penale-internationale-a-lepreuve-des-puissances-sanctions-souverainete-et-crise-de-la-justice-internationale\/","title":{"rendered":"La Cour P\u00e9nale Internationale \u00e0 l\u2019\u00e9preuve des puissances : sanctions, souverainet\u00e9 et crise de la justice internationale"},"content":{"rendered":"<p class=\"has-medium-font-size wp-block-paragraph\">La CPI traverse une crise multidimensionnelle. Attaqu\u00e9e de l\u2019ext\u00e9rieur par les grandes puissances, fragilis\u00e9e de l\u2019int\u00e9rieur par ses propres tensions institutionnelles, elle \u00e9volue dans un environnement budg\u00e9taire, technologique et politique de plus en plus hostile.<\/p>\n\n\n\n<h2 id=\"h-une-justice-universelle-sous-pression\" class=\"wp-block-heading\">Une justice universelle sous pression<\/h2>\n\n\n\n<p class=\"has-medium-font-size wp-block-paragraph\">La Cour p\u00e9nale internationale (CPI) devait incarner l\u2019aboutissement d\u2019un projet ancien.  M ettre fin \u00e0 l\u2019impunit\u00e9 des crimes les plus graves \u2013 g\u00e9nocide, crimes contre l\u2019humanit\u00e9, crimes de guerre, crime d\u2019agression \u2013 lorsque les juridictions nationales sont d\u00e9faillantes. Con\u00e7ue comme un instrument permanent de justice p\u00e9nale internationale, elle a longtemps \u00e9t\u00e9 pr\u00e9sent\u00e9e comme le gardien d\u2019un ordre international fond\u00e9 sur le droit plut\u00f4t que sur la seule puissance.<\/p>\n\n\n\n<p class=\"has-medium-font-size wp-block-paragraph\">Cette ambition universaliste contraste aujourd\u2019hui avec la r\u00e9alit\u00e9 d\u2019une institution confront\u00e9e \u00e0 des pressions g\u00e9opolitiques sans pr\u00e9c\u00e9dent. La CPI se trouve au c\u0153ur de tensions g\u00e9opolitiques croissantes, o\u00f9 les grandes puissances rivalisent pour limiter sa port\u00e9e ou la neutraliser. Les mandats d\u2019arr\u00eat d\u00e9livr\u00e9s en novembre 2024 \u00e0 l\u2019encontre de Benyamin Netanyahou de Yoav Gallant, les sanctions am\u00e9ricaines impos\u00e9es \u00e0 des magistrats de La Haye en 2025, les pressions russes sur les juges charg\u00e9s du dossier ukrainien, la r\u00e9vocation du procureur Karim Khan en juillet 2026, ainsi que les tensions budg\u00e9taires de 2026, dessinent un tableau contrast\u00e9. Une Cour dont la l\u00e9gitimit\u00e9 est contest\u00e9e de toutes parts.<\/p>\n\n\n\n<p class=\"has-medium-font-size wp-block-paragraph\">La CPI n\u2019est plus seulement un tribunal p\u00e9nal international. Elle est devenue un terrain de confrontation entre logiques de puissance, o\u00f9 s\u2019affrontent souverainet\u00e9 nationale et responsabilit\u00e9 internationale, int\u00e9r\u00eats strat\u00e9giques et principe de justice.<\/p>\n\n\n\n<h2 id=\"h-l-offensive-americaine-sanctions-et-dissuasion\" class=\"wp-block-heading\">L\u2019offensive am\u00e9ricaine : sanctions et dissuasion<\/h2>\n\n\n\n<p class=\"has-medium-font-size wp-block-paragraph\">L\u2019offensive men\u00e9e par les \u00c9tats-Unis contre la CPI marque un tournant dans l\u2019histoire de la justice p\u00e9nale internationale. En f\u00e9vrier 2025, l\u2019administration am\u00e9ricaine a sign\u00e9 un d\u00e9cret imposant des sanctions contre le procureur Karim Khan et plusieurs responsables de la Cour. Il est une riposte aux enqu\u00eates visant des ressortissants am\u00e9ricains et isra\u00e9liens. Cette mesure a \u00e9t\u00e9 suivie, en juin 2025, par l\u2019extension des sanctions \u00e0 quatre magistrats de la CPI, puis par de nouvelles vagues de restrictions visant d\u2019autres juges et procureurs adjoints au cours de l\u2019ann\u00e9e.<\/p>\n\n\n\n<p class=\"has-medium-font-size wp-block-paragraph\">Les effets de ces sanctions sont concrets et imm\u00e9diats. Les magistrats concern\u00e9s ont fait face \u00e0 des restrictions bancaires, des interdictions d\u2019entr\u00e9e sur le territoire am\u00e9ricain, ainsi qu\u2019\u00e0 des perturbations administratives affectant leur capacit\u00e9 de travail. Ces mesures ne visent pas seulement \u00e0 contester une d\u00e9cision judiciaire ponctuelle. Elles peuvent \u00eatre interpr\u00e9t\u00e9es comme visant \u00e0 cr\u00e9er un pr\u00e9c\u00e9dent dissuasif.<\/p>\n\n\n\n<p class=\"has-medium-font-size wp-block-paragraph\">Le paradoxe est d\u2019autant plus frappant que les \u00c9tats-Unis, non parties au Statut de Rome et non contributeurs au budget ordinaire de la Cour, y comptent n\u00e9anmoins des ressortissants pr\u00e9sents \u00e0 plusieurs \u00e9chelons de l\u2019institution. Cette pr\u00e9sence, qui ne met nullement en cause l\u2019int\u00e9grit\u00e9 des personnes concern\u00e9es, soul\u00e8ve avec prudence une question d\u2019\u00e9quilibre institutionnel. Comment garantir l\u2019autonomie d\u2019une juridiction internationale lorsqu\u2019une puissance non partie y dispose d\u2019une forme de pr\u00e9sence continue ?<\/p>\n\n\n\n<p class=\"has-medium-font-size wp-block-paragraph\">Ces mesures peuvent \u00eatre interpr\u00e9t\u00e9es comme visant \u00e0 d\u00e9courager toute action judiciaire qui pourrait nuire aux int\u00e9r\u00eats am\u00e9ricains ou isra\u00e9liens, tout en pr\u00e9servant une marge d\u2019influence au sein m\u00eame de l\u2019institution. Cette strat\u00e9gie transforme la CPI en un espace o\u00f9 la justice internationale se heurte frontalement \u00e0 la logique de puissance.<\/p>\n\n\n\n<h2 id=\"h-israel-et-la-convergence-strategique-avec-washington\" class=\"wp-block-heading\">Isra\u00ebl et la convergence strat\u00e9gique avec Washington<\/h2>\n\n\n\n<p class=\"has-medium-font-size wp-block-paragraph\">Cette proc\u00e9dure visant les plus hauts responsables de l\u2019\u00c9tat h\u00e9breu a marqu\u00e9 un tournant dans les relations entre la CPI et Isra\u00ebl. La r\u00e9action isra\u00e9lienne a \u00e9t\u00e9 imm\u00e9diate et vigoureuse, d\u00e9non\u00e7ant une d\u00e9cision qualifi\u00e9e d\u2019abus de pouvoir et de politisation de la justice internationale. Cette contestation s\u2019est rapidement traduite par un alignement strat\u00e9gique avec Washington. Les Etats-Unis ont pris des sanctions contre les magistrats, les pr\u00e9sentant comme une r\u00e9ponse l\u00e9gitime \u00e0 des enqu\u00eates jug\u00e9es partiales.<\/p>\n\n\n\n<p class=\"has-medium-font-size wp-block-paragraph\">Cette convergence dessine un front commun contre la CPI. Il vise \u00e0 signifier que toute poursuite visant leurs dirigeants ou leurs militaires aurait un prix politique et diplomatique. D\u00e8s qu&rsquo;elle touche des alli\u00e9s occidentaux, la Cour se voit accus\u00e9e de politisation. Une critique qui nourrit l&rsquo;id\u00e9e d&rsquo;une justice \u00e0 deux vitesses et fragilise sa l\u00e9gitimit\u00e9 aux yeux d&rsquo;une partie de la communaut\u00e9 internationale.<\/p>\n\n\n\n<h2 id=\"h-la-russie-contre-offensive-judiciaire-et-intimidation\" class=\"wp-block-heading\">La Russie : contre-offensive judiciaire et intimidation<\/h2>\n\n\n\n<p class=\"has-medium-font-size wp-block-paragraph\">La r\u00e9ponse russe \u00e0 la CPI s\u2019inscrit dans une logique similaire, mais avec des modalit\u00e9s propres. Le mandat d\u2019arr\u00eat \u00e9mis contre Vladimir Poutine en mars 2023, pour la d\u00e9portation et le transfert ill\u00e9gaux d\u2019enfants ukrainiens, a provoqu\u00e9 une r\u00e9action imm\u00e9diate de Moscou. La Russie a d\u00e9nonc\u00e9 une d\u00e9cision politis\u00e9e, ill\u00e9gitime et sans valeur juridique, avant d\u2019ouvrir des proc\u00e9dures contre le procureur Karim Khan et plusieurs juges de la Cour. Des mandats d\u2019arr\u00eat ont \u00e9t\u00e9 \u00e9mis contre des magistrats de la CPI, et des menaces ont \u00e9t\u00e9 adress\u00e9es \u00e0 ceux qui pourraient tenter d\u2019appliquer les d\u00e9cisions de La Haye.<\/p>\n\n\n\n<p class=\"has-medium-font-size wp-block-paragraph\">Cette strat\u00e9gie vise \u00e0 cibler les personnes, pas seulement les d\u00e9cisions. En intimidant les juges et les procureurs, Moscou cherche \u00e0 dissuader la coop\u00e9ration judiciaire avec la Cour sur le dossier ukrainien. Et \u00e0 montrer que la CPI ne peut pas agir impun\u00e9ment contre les grandes puissances. Cette approche transforme la contestation juridique en rapport de force personnel, o\u00f9 la justice internationale se heurte \u00e0 la volont\u00e9 de puissance d\u2019un \u00c9tat dot\u00e9 de l\u2019arme nucl\u00e9aire.<\/p>\n\n\n\n<h2 id=\"h-la-cpi-comme-champ-de-bataille-geopolitique\" class=\"wp-block-heading\">La CPI comme champ de bataille g\u00e9opolitique<\/h2>\n\n\n\n<p class=\"has-medium-font-size wp-block-paragraph\">La convergence des r\u00e9actions am\u00e9ricaine, isra\u00e9lienne et russe r\u00e9v\u00e8le une dynamique plus large. Il s&rsquo;agit d&rsquo;un rejet commun de la contrainte judiciaire par des puissances qui, s\u2019opposent sur de nombreux autres plans. Cette alliance de circonstance transforme la CPI en un champ de bataille g\u00e9opolitique, o\u00f9 s\u2019affrontent souverainet\u00e9 nationale et responsabilit\u00e9 internationale, int\u00e9r\u00eats strat\u00e9giques et principe de justice.<\/p>\n\n\n\n<p class=\"has-medium-font-size wp-block-paragraph\">La Chine, bien que plus prudente dans ses actions, soutient cette dynamique par son discours. P\u00e9kin d\u00e9nonce r\u00e9guli\u00e8rement les doubles standards de la justice internationale et appelle \u00e0 un respect accru de la souverainet\u00e9 des \u00c9tats. Rejoignant ainsi les critiques russes et am\u00e9ricaines contre une CPI per\u00e7ue comme instrumentalis\u00e9e par l\u2019Occident. Cette position s\u2019inscrit dans une strat\u00e9gie plus large de promotion d\u2019un ordre international multipolaire o\u00f9 les institutions supranationales doivent composer avec la primaut\u00e9 des \u00c9tats.<\/p>\n\n\n\n<p class=\"has-medium-font-size wp-block-paragraph\">La tension entre justice universelle et logique de puissance atteint ainsi un point critique. La CPI se trouve confront\u00e9e \u00e0 une double contrainte : d\u2019un c\u00f4t\u00e9, les grandes puissances qui refusent sa juridiction ; de l\u2019autre, les \u00c9tats plus faibles qui attendent d\u2019elle qu\u2019elle remplisse sa mission de lutte contre l\u2019impunit\u00e9. Cette situation transforme la Cour en une ar\u00e8ne symbolique, o\u00f9 se joue l\u2019avenir m\u00eame du multilat\u00e9ralisme juridique.<\/p>\n\n\n\n<h2 id=\"h-la-crise-interne-l-affaire-karim-khan\" class=\"wp-block-heading\">La crise interne : l\u2019affaire Karim Khan<\/h2>\n\n\n\n<p class=\"has-medium-font-size wp-block-paragraph\">La CPI traverse \u00e9galement une crise interne qui vient aggraver les pressions ext\u00e9rieures. En juin 2026, le procureur Karim Khan a \u00e9t\u00e9 suspendu \u00e0 titre conservatoire, suite \u00e0 des all\u00e9gations d\u2019inconduite grave. Cette suspension a \u00e9t\u00e9 suivie, le 24 juillet 2026, par sa r\u00e9vocation d\u00e9finitive par l\u2019Assembl\u00e9e des \u00c9tats parties. Karim Khan n\u2019est donc plus procureur en exercice, et cette d\u00e9cision marque un tournant dans l\u2019histoire de la Cour.<\/p>\n\n\n\n<p class=\"has-medium-font-size wp-block-paragraph\">La suspension de Karim Khan en juin 2026, puis sa r\u00e9vocation le 24 juillet \u00e0 l\u2019issue de la proc\u00e9dure disciplinaire, ont ouvert une crise de gouvernance particuli\u00e8rement sensible. Cette d\u00e9cision ne pr\u00e9juge pas, \u00e0 elle seule, de la validit\u00e9 des proc\u00e9dures men\u00e9es sous son mandat. N\u00e9anmoins, elle affecte n\u00e9cessairement la perception publique de la Cour et la confiance plac\u00e9e dans sa direction. La r\u00e9vocation du procureur affaiblit l\u2019autorit\u00e9 morale et politique de l\u2019institution et complique sa d\u00e9fense face aux accusations de politisation. La crise externe se trouve ainsi aggrav\u00e9e par une crise interne de gouvernance, renfor\u00e7ant l\u2019id\u00e9e d\u2019une institution confront\u00e9e \u00e0 une crise de rep\u00e8res.<\/p>\n\n\n\n<h2 id=\"h-la-vulnerabilite-technologique\" class=\"wp-block-heading\">La vuln\u00e9rabilit\u00e9 technologique<\/h2>\n\n\n\n<p class=\"has-medium-font-size wp-block-paragraph\">La CPI fait \u00e9galement face \u00e0 des d\u00e9fis technologiques qui r\u00e9v\u00e8lent une autre dimension de sa fragilit\u00e9. Apr\u00e8s les sanctions et les pressions politiques, la Cour a \u00e9t\u00e9 confront\u00e9e \u00e0 des vuln\u00e9rabilit\u00e9s num\u00e9riques, notamment suite \u00e0 des cyberattaques visant ses infrastructures. En r\u00e9ponse, elle a amorc\u00e9 en 2025 une migration vers OpenDesk, une suite open source allemande, pour r\u00e9duire sa d\u00e9pendance aux outils num\u00e9riques traditionnels.<\/p>\n\n\n\n<p class=\"has-medium-font-size wp-block-paragraph\">Cette \u00e9volution montre que la souverainet\u00e9 judiciaire suppose d\u00e9sormais une souverainet\u00e9 technologique. La CPI d\u00e9pend d\u2019infrastructures, de r\u00e9seaux et de prestataires ext\u00e9rieurs sur lesquels elle n\u2019a pas une ma\u00eetrise totale. Cette d\u00e9pendance transforme la vuln\u00e9rabilit\u00e9 technologique en enjeu de s\u00e9curit\u00e9 judiciaire. Elle rappelle que la justice internationale ne d\u00e9pend plus seulement du droit, mais aussi des outils techniques.<\/p>\n\n\n\n<h2 id=\"h-legitimite-afrique-et-perception-de-selectivite\" class=\"wp-block-heading\">L\u00e9gitimit\u00e9, Afrique et perception de s\u00e9lectivit\u00e9<\/h2>\n\n\n\n<p class=\"has-medium-font-size wp-block-paragraph\">La CPI doit \u00e9galement composer avec une crise de l\u00e9gitimit\u00e9 plus ancienne, nourrie par les critiques sur sa focalisation africaine. Depuis sa cr\u00e9ation, la Cour a \u00e9t\u00e9 accus\u00e9e de cibler prioritairement le continent africain. En a r\u00e9sult\u00e9 une m\u00e9fiance durable \u00e0 son encontre au sein de plusieurs \u00c9tats africains. Certains ont m\u00eame envisag\u00e9 ou proc\u00e9d\u00e9 \u00e0 des retraits symboliques du Statut de Rome.<\/p>\n\n\n\n<p class=\"has-medium-font-size wp-block-paragraph\">L\u2019Union europ\u00e9enne, bien que soutenant formellement la CPI, adopte une posture prudente. Elle \u00e9vite toute mesure concr\u00e8te susceptible d\u2019aggraver les tensions avec Washington. Cette attitude refl\u00e8te une division interne entre d\u00e9fenseurs de la justice internationale et partisans d\u2019une approche pragmatique. La CPI reste ainsi per\u00e7ue comme asym\u00e9trique par une partie du Sud, renfor\u00e7ant l\u2019id\u00e9e d\u2019une justice \u00e0 deux vitesses.<\/p>\n\n\n\n<p class=\"has-medium-font-size wp-block-paragraph\">Cette crise de l\u00e9gitimit\u00e9 historique se trouve aggrav\u00e9e par les attaques actuelles des grandes puissances. La Cour appara\u00eet ainsi prise dans un \u00e9tau sym\u00e9trique : trop faible face aux puissants, trop intrusive aux yeux des \u00c9tats du Sud. Cette situation fragilise son ancrage politique et complique sa capacit\u00e9 \u00e0 remplir sa mission de lutte contre l\u2019impunit\u00e9.<\/p>\n\n\n\n<h2 id=\"h-perspectives-d-evolution\" class=\"wp-block-heading\">Perspectives d\u2019\u00e9volution<\/h2>\n\n\n\n<p class=\"has-medium-font-size wp-block-paragraph\">Trois sc\u00e9narios peuvent \u00eatre envisag\u00e9s pour l\u2019avenir de la CPI.<\/p>\n\n\n\n<p class=\"has-medium-font-size wp-block-paragraph\"><strong>Sc\u00e9nario 1 : marginalisation&nbsp;<\/strong><\/p>\n\n\n\n<p class=\"has-medium-font-size wp-block-paragraph\">La CPI survit mais perd sa capacit\u00e9 d\u2019action sur les puissants. Elle continue d\u2019agir sur les \u00c9tats faibles ou coop\u00e9ratifs, mais se trouve marginalis\u00e9e face aux grandes puissances qui refusent sa juridiction.<\/p>\n\n\n\n<p class=\"has-medium-font-size wp-block-paragraph\"><strong>Sc\u00e9nario 2 : fragmentation<\/strong><\/p>\n\n\n\n<p class=\"has-medium-font-size wp-block-paragraph\">Multiplication de m\u00e9canismes judiciaires concurrents, tels que des tribunaux ad hoc ou des initiatives r\u00e9gionales. Cette dynamique \u00e9rode le mod\u00e8le universel et conduit \u00e0 une justice \u00e0 plusieurs vitesses.<\/p>\n\n\n\n<p class=\"has-medium-font-size wp-block-paragraph\"><strong>Sc\u00e9nario 3 : r\u00e9forme et r\u00e9silience<\/strong><\/p>\n\n\n\n<p class=\"has-medium-font-size wp-block-paragraph\">Renforcement politique, budg\u00e9taire et institutionnel de la CPI. D\u00e9fense collective du Statut de Rome par les \u00c9tats parties, modernisation de la Cour et am\u00e9lioration de sa gouvernance. Ce sc\u00e9nario suppose une volont\u00e9 politique forte de la part de la communaut\u00e9 internationale.<\/p>\n\n\n\n<p class=\"has-medium-font-size wp-block-paragraph\">L\u2019avenir de la CPI d\u00e9pendra largement de la capacit\u00e9 des \u00c9tats \u00e0 surmonter les rivalit\u00e9s g\u00e9opolitiques pour pr\u00e9server un syst\u00e8me de justice p\u00e9nale internationale. La crise actuelle peut devenir un moment de clarification strat\u00e9gique, ou au contraire acc\u00e9l\u00e9rer la fragmentation du multilat\u00e9ralisme juridique.<\/p>\n\n\n\n<h2 id=\"h-un-ordre-international-a-la-croisee-des-chemins\" class=\"wp-block-heading\">Un ordre international \u00e0 la crois\u00e9e des chemins<\/h2>\n\n\n\n<p class=\"has-medium-font-size wp-block-paragraph\">La crise que traverse la Cour p\u00e9nale internationale d\u00e9passe largement le cadre institutionnel. Elle est le reflet des fractures profondes qui traversent l\u2019ordre international lui-m\u00eame. La CPI ne fait pas seulement l\u2019objet de critiques concernant ses d\u00e9cisions ou ses m\u00e9thodes ; elle est confront\u00e9e \u00e0 une contestation plus fondamentale de l\u2019id\u00e9e selon laquelle les crimes les plus graves doivent pouvoir \u00eatre poursuivis ind\u00e9pendamment du poids politique des responsables pr\u00e9sum\u00e9s. Les sanctions contre ses magistrats, les menaces contre ses juges, les pressions budg\u00e9taires et technologiques, ainsi que les crises internes de gouvernance, dessinent le portrait d\u2019une institution prise en \u00e9tau entre la vocation universaliste qui l\u2019a fond\u00e9e et les logiques de puissance qui la menacent aujourd\u2019hui.<\/p>\n\n\n\n<p class=\"has-medium-font-size wp-block-paragraph\">L\u2019avenir de la CPI ne d\u00e9pend pas seulement de sa capacit\u00e9 \u00e0 r\u00e9former son fonctionnement interne. Il d\u00e9pend avant tout de la volont\u00e9 politique des \u00c9tats \u00e0 accepter un principe simple mais r\u00e9volutionnaire. Celui selon lequel aucune puissance ne devrait \u00eatre au-dessus du droit. Si la communaut\u00e9 internationale \u00e9choue \u00e0 pr\u00e9server ce principe, la CPI risque de devenir le symbole d\u2019un multilat\u00e9ralisme en d\u00e9clin. La justice ne s\u2019appliquerait qu\u2019aux faibles tandis que les puissants continuent d\u2019\u00e9chapper \u00e0 toute responsabilit\u00e9.<\/p>\n\n\n\n<p class=\"has-medium-font-size wp-block-paragraph\"><strong>La question d\u00e9cisive n\u2019est donc pas seulement de savoir si la Cour survivra \u00e0 la temp\u00eate actuelle. Elle est de savoir si l\u2019ordre international conserve la volont\u00e9 de faire vivre une r\u00e8gle essentielle : aucune puissance, aucun \u00c9tat et aucun dirigeant ne peut pr\u00e9tendre durablement se situer au-dessus du droit.<\/strong><\/p>","protected":false},"excerpt":{"rendered":"<p>La CPI traverse une crise multidimensionnelle. Attaqu\u00e9e de l\u2019ext\u00e9rieur par les grandes puissances, fragilis\u00e9e de l\u2019int\u00e9rieur par ses propres tensions institutionnelles, elle&hellip;<\/p>","protected":false},"author":103,"featured_media":4571,"comment_status":"closed","ping_status":"closed","sticky":false,"template":"","format":"standard","meta":{"_lmt_disableupdate":"","_lmt_disable":"","footnotes":""},"categories":[610,5,4],"tags":[266],"class_list":["post-4570","post","type-post","status-publish","format-standard","has-post-thumbnail","hentry","category-droit-international","category-international","category-mis-en-avant","tag-cpi"],"yoast_head":"<!-- This site is optimized with the Yoast SEO Premium plugin v28.1 (Yoast SEO v28.1) - https:\/\/yoast.com\/product\/yoast-seo-premium-wordpress\/ -->\n<title>La Cour P\u00e9nale Internationale \u00e0 l\u2019\u00e9preuve des puissances : sanctions, souverainet\u00e9 et crise de la justice internationale | Geopolitics.fr<\/title>\n<meta name=\"description\" content=\"La crise que traverse la CPI d\u00e9passe le cadre institutionnel : elle est le reflet des fractures de l\u2019ordre international lui-m\u00eame.\" \/>\n<meta name=\"robots\" content=\"index, follow, max-snippet:-1, max-image-preview:large, max-video-preview:-1\" \/>\n<link rel=\"canonical\" href=\"https:\/\/www.geopolitics.fr\/en\/2026\/08\/21\/la-cour-penale-internationale-a-lepreuve-des-puissances-sanctions-souverainete-et-crise-de-la-justice-internationale\/\" \/>\n<meta property=\"og:locale\" content=\"en_GB\" \/>\n<meta property=\"og:type\" content=\"article\" \/>\n<meta property=\"og:title\" content=\"La Cour P\u00e9nale Internationale \u00e0 l\u2019\u00e9preuve des puissances : sanctions, souverainet\u00e9 et crise de la justice internationale\" \/>\n<meta property=\"og:description\" content=\"La crise que traverse la CPI d\u00e9passe le cadre institutionnel : elle est le reflet des fractures de l\u2019ordre international lui-m\u00eame.\" \/>\n<meta property=\"og:url\" content=\"https:\/\/www.geopolitics.fr\/en\/2026\/08\/21\/la-cour-penale-internationale-a-lepreuve-des-puissances-sanctions-souverainete-et-crise-de-la-justice-internationale\/\" \/>\n<meta property=\"og:site_name\" content=\"Geopolitics.fr\" \/>\n<meta property=\"article:publisher\" content=\"https:\/\/www.facebook.com\/people\/Erwan-Davoux\/61557098968092\/\" \/>\n<meta property=\"article:published_time\" content=\"2026-08-21T10:49:13+00:00\" \/>\n<meta property=\"article:modified_time\" content=\"2026-08-21T10:49:15+00:00\" \/>\n<meta property=\"og:image\" content=\"https:\/\/www.geopolitics.fr\/wp-content\/uploads\/2026\/08\/cpi-bascule.jpg\" \/>\n\t<meta property=\"og:image:width\" content=\"1920\" \/>\n\t<meta property=\"og:image:height\" content=\"1288\" \/>\n\t<meta property=\"og:image:type\" content=\"image\/jpeg\" \/>\n<meta name=\"author\" content=\"Elyes GHARIANI\" \/>\n<meta name=\"twitter:card\" content=\"summary_large_image\" \/>\n<meta name=\"twitter:creator\" content=\"@Geopolitics_Fr\" \/>\n<meta name=\"twitter:site\" content=\"@Geopolitics_Fr\" \/>\n<meta name=\"twitter:label1\" content=\"Written by\" \/>\n\t<meta name=\"twitter:data1\" content=\"Elyes GHARIANI\" \/>\n\t<meta name=\"twitter:label2\" content=\"Estimated reading time\" \/>\n\t<meta name=\"twitter:data2\" content=\"11 minutes\" \/>\n<script type=\"application\/ld+json\" class=\"yoast-schema-graph\">{\"@context\":\"https:\\\/\\\/schema.org\",\"@graph\":[{\"@type\":\"Article\",\"@id\":\"https:\\\/\\\/www.geopolitics.fr\\\/2026\\\/08\\\/21\\\/la-cour-penale-internationale-a-lepreuve-des-puissances-sanctions-souverainete-et-crise-de-la-justice-internationale\\\/#article\",\"isPartOf\":{\"@id\":\"https:\\\/\\\/www.geopolitics.fr\\\/2026\\\/08\\\/21\\\/la-cour-penale-internationale-a-lepreuve-des-puissances-sanctions-souverainete-et-crise-de-la-justice-internationale\\\/\"},\"author\":{\"name\":\"Elyes GHARIANI\",\"@id\":\"https:\\\/\\\/www.geopolitics.fr\\\/#\\\/schema\\\/person\\\/2f100050c14e702a5388d142a9fa8307\"},\"headline\":\"La Cour P\u00e9nale Internationale \u00e0 l\u2019\u00e9preuve des puissances : sanctions, souverainet\u00e9 et crise de la justice internationale\",\"datePublished\":\"2026-08-21T10:49:13+00:00\",\"dateModified\":\"2026-08-21T10:49:15+00:00\",\"mainEntityOfPage\":{\"@id\":\"https:\\\/\\\/www.geopolitics.fr\\\/2026\\\/08\\\/21\\\/la-cour-penale-internationale-a-lepreuve-des-puissances-sanctions-souverainete-et-crise-de-la-justice-internationale\\\/\"},\"wordCount\":2265,\"publisher\":{\"@id\":\"https:\\\/\\\/www.geopolitics.fr\\\/#organization\"},\"image\":{\"@id\":\"https:\\\/\\\/www.geopolitics.fr\\\/2026\\\/08\\\/21\\\/la-cour-penale-internationale-a-lepreuve-des-puissances-sanctions-souverainete-et-crise-de-la-justice-internationale\\\/#primaryimage\"},\"thumbnailUrl\":\"https:\\\/\\\/www.geopolitics.fr\\\/wp-content\\\/uploads\\\/2026\\\/08\\\/cpi-bascule.jpg\",\"keywords\":[\"CPI\"],\"articleSection\":[\"Droit international, multilat\u00e9ral\",\"International\",\"Mis en AVANT\"],\"inLanguage\":\"en-GB\"},{\"@type\":\"WebPage\",\"@id\":\"https:\\\/\\\/www.geopolitics.fr\\\/2026\\\/08\\\/21\\\/la-cour-penale-internationale-a-lepreuve-des-puissances-sanctions-souverainete-et-crise-de-la-justice-internationale\\\/\",\"url\":\"https:\\\/\\\/www.geopolitics.fr\\\/2026\\\/08\\\/21\\\/la-cour-penale-internationale-a-lepreuve-des-puissances-sanctions-souverainete-et-crise-de-la-justice-internationale\\\/\",\"name\":\"La Cour P\u00e9nale Internationale \u00e0 l\u2019\u00e9preuve des puissances : sanctions, souverainet\u00e9 et crise de la justice internationale | Geopolitics.fr\",\"isPartOf\":{\"@id\":\"https:\\\/\\\/www.geopolitics.fr\\\/#website\"},\"primaryImageOfPage\":{\"@id\":\"https:\\\/\\\/www.geopolitics.fr\\\/2026\\\/08\\\/21\\\/la-cour-penale-internationale-a-lepreuve-des-puissances-sanctions-souverainete-et-crise-de-la-justice-internationale\\\/#primaryimage\"},\"image\":{\"@id\":\"https:\\\/\\\/www.geopolitics.fr\\\/2026\\\/08\\\/21\\\/la-cour-penale-internationale-a-lepreuve-des-puissances-sanctions-souverainete-et-crise-de-la-justice-internationale\\\/#primaryimage\"},\"thumbnailUrl\":\"https:\\\/\\\/www.geopolitics.fr\\\/wp-content\\\/uploads\\\/2026\\\/08\\\/cpi-bascule.jpg\",\"datePublished\":\"2026-08-21T10:49:13+00:00\",\"dateModified\":\"2026-08-21T10:49:15+00:00\",\"description\":\"La crise que traverse la CPI d\u00e9passe le cadre institutionnel : elle est le reflet des fractures de l\u2019ordre international lui-m\u00eame.\",\"breadcrumb\":{\"@id\":\"https:\\\/\\\/www.geopolitics.fr\\\/2026\\\/08\\\/21\\\/la-cour-penale-internationale-a-lepreuve-des-puissances-sanctions-souverainete-et-crise-de-la-justice-internationale\\\/#breadcrumb\"},\"inLanguage\":\"en-GB\",\"potentialAction\":[{\"@type\":\"ReadAction\",\"target\":[\"https:\\\/\\\/www.geopolitics.fr\\\/2026\\\/08\\\/21\\\/la-cour-penale-internationale-a-lepreuve-des-puissances-sanctions-souverainete-et-crise-de-la-justice-internationale\\\/\"]}]},{\"@type\":\"ImageObject\",\"inLanguage\":\"en-GB\",\"@id\":\"https:\\\/\\\/www.geopolitics.fr\\\/2026\\\/08\\\/21\\\/la-cour-penale-internationale-a-lepreuve-des-puissances-sanctions-souverainete-et-crise-de-la-justice-internationale\\\/#primaryimage\",\"url\":\"https:\\\/\\\/www.geopolitics.fr\\\/wp-content\\\/uploads\\\/2026\\\/08\\\/cpi-bascule.jpg\",\"contentUrl\":\"https:\\\/\\\/www.geopolitics.fr\\\/wp-content\\\/uploads\\\/2026\\\/08\\\/cpi-bascule.jpg\",\"width\":1920,\"height\":1288,\"caption\":\"War crimes concept background. (Used clipping mask)\"},{\"@type\":\"BreadcrumbList\",\"@id\":\"https:\\\/\\\/www.geopolitics.fr\\\/2026\\\/08\\\/21\\\/la-cour-penale-internationale-a-lepreuve-des-puissances-sanctions-souverainete-et-crise-de-la-justice-internationale\\\/#breadcrumb\",\"itemListElement\":[{\"@type\":\"ListItem\",\"position\":1,\"name\":\"Accueil\",\"item\":\"https:\\\/\\\/www.geopolitics.fr\\\/\"},{\"@type\":\"ListItem\",\"position\":2,\"name\":\"La Cour P\u00e9nale Internationale \u00e0 l\u2019\u00e9preuve des puissances : sanctions, souverainet\u00e9 et crise de la justice internationale\"}]},{\"@type\":\"WebSite\",\"@id\":\"https:\\\/\\\/www.geopolitics.fr\\\/#website\",\"url\":\"https:\\\/\\\/www.geopolitics.fr\\\/\",\"name\":\"Geopolitics.fr\",\"description\":\"Geopolitics.fr Analyse politique, relations internationales, d\u00e9fense - ligne \u00e9ditoriale gaullo-chiraquienne\",\"publisher\":{\"@id\":\"https:\\\/\\\/www.geopolitics.fr\\\/#organization\"},\"potentialAction\":[{\"@type\":\"SearchAction\",\"target\":{\"@type\":\"EntryPoint\",\"urlTemplate\":\"https:\\\/\\\/www.geopolitics.fr\\\/?s={search_term_string}\"},\"query-input\":{\"@type\":\"PropertyValueSpecification\",\"valueRequired\":true,\"valueName\":\"search_term_string\"}}],\"inLanguage\":\"en-GB\"},{\"@type\":\"Organization\",\"@id\":\"https:\\\/\\\/www.geopolitics.fr\\\/#organization\",\"name\":\"Geopolitics.fr\",\"url\":\"https:\\\/\\\/www.geopolitics.fr\\\/\",\"logo\":{\"@type\":\"ImageObject\",\"inLanguage\":\"en-GB\",\"@id\":\"https:\\\/\\\/www.geopolitics.fr\\\/#\\\/schema\\\/logo\\\/image\\\/\",\"url\":\"https:\\\/\\\/www.geopolitics.fr\\\/wp-content\\\/uploads\\\/2024\\\/01\\\/logo.jpg\",\"contentUrl\":\"https:\\\/\\\/www.geopolitics.fr\\\/wp-content\\\/uploads\\\/2024\\\/01\\\/logo.jpg\",\"width\":500,\"height\":500,\"caption\":\"Geopolitics.fr\"},\"image\":{\"@id\":\"https:\\\/\\\/www.geopolitics.fr\\\/#\\\/schema\\\/logo\\\/image\\\/\"},\"sameAs\":[\"https:\\\/\\\/www.facebook.com\\\/people\\\/Erwan-Davoux\\\/61557098968092\\\/\",\"https:\\\/\\\/x.com\\\/Geopolitics_Fr\"]},{\"@type\":\"Person\",\"@id\":\"https:\\\/\\\/www.geopolitics.fr\\\/#\\\/schema\\\/person\\\/2f100050c14e702a5388d142a9fa8307\",\"name\":\"Elyes GHARIANI\",\"image\":{\"@type\":\"ImageObject\",\"inLanguage\":\"en-GB\",\"@id\":\"https:\\\/\\\/www.geopolitics.fr\\\/wp-content\\\/uploads\\\/2024\\\/12\\\/elyes-photo-96x96.png\",\"url\":\"https:\\\/\\\/www.geopolitics.fr\\\/wp-content\\\/uploads\\\/2024\\\/12\\\/elyes-photo-96x96.png\",\"contentUrl\":\"https:\\\/\\\/www.geopolitics.fr\\\/wp-content\\\/uploads\\\/2024\\\/12\\\/elyes-photo-96x96.png\",\"caption\":\"Elyes GHARIANI\"},\"description\":\"Ancien ambassadeur de Tunisie, \u00e0 Berlin et \u00e0 La Haye et fort d\u2019une exp\u00e9rience de 40 ans dans le travail diplomatique et la coop\u00e9ration internationale, il dispose d\u2019une bonne expertise en affaires europ\u00e9ennes pour avoir \u00e9t\u00e9 en poste dans les principaux Etats membres fondateurs de l\u2019UE (Allemagne, Belgique, France, Pays-Bas). Dipl\u00f4m\u00e9 de l\u2019Institut Bourguiba des Langues Vivantes de Tunis, de l\u2019Institut Pouchkine de langue russe \u00e0 Moscou et de l\u2019Institut Universitaire des Hautes Etudes Internationales (IUHEI) de Gen\u00e8ve, il dispose d\u2019une large exp\u00e9rience en mati\u00e8re de gestion et de mise en \u0153uvre de projets au niveau international. Il a \u00e9t\u00e9 Conseiller Diplomatique du Chef du Gouvernement en 2015-2016 et 2020-2021\",\"url\":\"https:\\\/\\\/www.geopolitics.fr\\\/en\\\/author\\\/elyes\\\/\"}]}<\/script>\n<!-- \/ Yoast SEO Premium plugin. -->","yoast_head_json":{"title":"La Cour P\u00e9nale Internationale \u00e0 l\u2019\u00e9preuve des puissances : sanctions, souverainet\u00e9 et crise de la justice internationale | Geopolitics.fr","description":"La crise que traverse la CPI d\u00e9passe le cadre institutionnel : elle est le reflet des fractures de l\u2019ordre international lui-m\u00eame.","robots":{"index":"index","follow":"follow","max-snippet":"max-snippet:-1","max-image-preview":"max-image-preview:large","max-video-preview":"max-video-preview:-1"},"canonical":"https:\/\/www.geopolitics.fr\/en\/2026\/08\/21\/la-cour-penale-internationale-a-lepreuve-des-puissances-sanctions-souverainete-et-crise-de-la-justice-internationale\/","og_locale":"en_GB","og_type":"article","og_title":"La Cour P\u00e9nale Internationale \u00e0 l\u2019\u00e9preuve des puissances : sanctions, souverainet\u00e9 et crise de la justice internationale","og_description":"La crise que traverse la CPI d\u00e9passe le cadre institutionnel : elle est le reflet des fractures de l\u2019ordre international lui-m\u00eame.","og_url":"https:\/\/www.geopolitics.fr\/en\/2026\/08\/21\/la-cour-penale-internationale-a-lepreuve-des-puissances-sanctions-souverainete-et-crise-de-la-justice-internationale\/","og_site_name":"Geopolitics.fr","article_publisher":"https:\/\/www.facebook.com\/people\/Erwan-Davoux\/61557098968092\/","article_published_time":"2026-08-21T10:49:13+00:00","article_modified_time":"2026-08-21T10:49:15+00:00","og_image":[{"width":1920,"height":1288,"url":"https:\/\/www.geopolitics.fr\/wp-content\/uploads\/2026\/08\/cpi-bascule.jpg","type":"image\/jpeg"}],"author":"Elyes GHARIANI","twitter_card":"summary_large_image","twitter_creator":"@Geopolitics_Fr","twitter_site":"@Geopolitics_Fr","twitter_misc":{"Written by":"Elyes GHARIANI","Estimated reading time":"11 minutes"},"schema":{"@context":"https:\/\/schema.org","@graph":[{"@type":"Article","@id":"https:\/\/www.geopolitics.fr\/2026\/08\/21\/la-cour-penale-internationale-a-lepreuve-des-puissances-sanctions-souverainete-et-crise-de-la-justice-internationale\/#article","isPartOf":{"@id":"https:\/\/www.geopolitics.fr\/2026\/08\/21\/la-cour-penale-internationale-a-lepreuve-des-puissances-sanctions-souverainete-et-crise-de-la-justice-internationale\/"},"author":{"name":"Elyes GHARIANI","@id":"https:\/\/www.geopolitics.fr\/#\/schema\/person\/2f100050c14e702a5388d142a9fa8307"},"headline":"La Cour P\u00e9nale Internationale \u00e0 l\u2019\u00e9preuve des puissances : sanctions, souverainet\u00e9 et crise de la justice internationale","datePublished":"2026-08-21T10:49:13+00:00","dateModified":"2026-08-21T10:49:15+00:00","mainEntityOfPage":{"@id":"https:\/\/www.geopolitics.fr\/2026\/08\/21\/la-cour-penale-internationale-a-lepreuve-des-puissances-sanctions-souverainete-et-crise-de-la-justice-internationale\/"},"wordCount":2265,"publisher":{"@id":"https:\/\/www.geopolitics.fr\/#organization"},"image":{"@id":"https:\/\/www.geopolitics.fr\/2026\/08\/21\/la-cour-penale-internationale-a-lepreuve-des-puissances-sanctions-souverainete-et-crise-de-la-justice-internationale\/#primaryimage"},"thumbnailUrl":"https:\/\/www.geopolitics.fr\/wp-content\/uploads\/2026\/08\/cpi-bascule.jpg","keywords":["CPI"],"articleSection":["Droit international, multilat\u00e9ral","International","Mis en AVANT"],"inLanguage":"en-GB"},{"@type":"WebPage","@id":"https:\/\/www.geopolitics.fr\/2026\/08\/21\/la-cour-penale-internationale-a-lepreuve-des-puissances-sanctions-souverainete-et-crise-de-la-justice-internationale\/","url":"https:\/\/www.geopolitics.fr\/2026\/08\/21\/la-cour-penale-internationale-a-lepreuve-des-puissances-sanctions-souverainete-et-crise-de-la-justice-internationale\/","name":"La Cour P\u00e9nale Internationale \u00e0 l\u2019\u00e9preuve des puissances : sanctions, souverainet\u00e9 et crise de la justice internationale | Geopolitics.fr","isPartOf":{"@id":"https:\/\/www.geopolitics.fr\/#website"},"primaryImageOfPage":{"@id":"https:\/\/www.geopolitics.fr\/2026\/08\/21\/la-cour-penale-internationale-a-lepreuve-des-puissances-sanctions-souverainete-et-crise-de-la-justice-internationale\/#primaryimage"},"image":{"@id":"https:\/\/www.geopolitics.fr\/2026\/08\/21\/la-cour-penale-internationale-a-lepreuve-des-puissances-sanctions-souverainete-et-crise-de-la-justice-internationale\/#primaryimage"},"thumbnailUrl":"https:\/\/www.geopolitics.fr\/wp-content\/uploads\/2026\/08\/cpi-bascule.jpg","datePublished":"2026-08-21T10:49:13+00:00","dateModified":"2026-08-21T10:49:15+00:00","description":"La crise que traverse la CPI d\u00e9passe le cadre institutionnel : elle est le reflet des fractures de l\u2019ordre international lui-m\u00eame.","breadcrumb":{"@id":"https:\/\/www.geopolitics.fr\/2026\/08\/21\/la-cour-penale-internationale-a-lepreuve-des-puissances-sanctions-souverainete-et-crise-de-la-justice-internationale\/#breadcrumb"},"inLanguage":"en-GB","potentialAction":[{"@type":"ReadAction","target":["https:\/\/www.geopolitics.fr\/2026\/08\/21\/la-cour-penale-internationale-a-lepreuve-des-puissances-sanctions-souverainete-et-crise-de-la-justice-internationale\/"]}]},{"@type":"ImageObject","inLanguage":"en-GB","@id":"https:\/\/www.geopolitics.fr\/2026\/08\/21\/la-cour-penale-internationale-a-lepreuve-des-puissances-sanctions-souverainete-et-crise-de-la-justice-internationale\/#primaryimage","url":"https:\/\/www.geopolitics.fr\/wp-content\/uploads\/2026\/08\/cpi-bascule.jpg","contentUrl":"https:\/\/www.geopolitics.fr\/wp-content\/uploads\/2026\/08\/cpi-bascule.jpg","width":1920,"height":1288,"caption":"War crimes concept background. (Used clipping mask)"},{"@type":"BreadcrumbList","@id":"https:\/\/www.geopolitics.fr\/2026\/08\/21\/la-cour-penale-internationale-a-lepreuve-des-puissances-sanctions-souverainete-et-crise-de-la-justice-internationale\/#breadcrumb","itemListElement":[{"@type":"ListItem","position":1,"name":"Accueil","item":"https:\/\/www.geopolitics.fr\/"},{"@type":"ListItem","position":2,"name":"La Cour P\u00e9nale Internationale \u00e0 l\u2019\u00e9preuve des puissances : sanctions, souverainet\u00e9 et crise de la justice internationale"}]},{"@type":"WebSite","@id":"https:\/\/www.geopolitics.fr\/#website","url":"https:\/\/www.geopolitics.fr\/","name":"Geopolitics.fr","description":"Geopolitics.fr Analyse politique, relations internationales, d\u00e9fense - ligne \u00e9ditoriale gaullo-chiraquienne","publisher":{"@id":"https:\/\/www.geopolitics.fr\/#organization"},"potentialAction":[{"@type":"SearchAction","target":{"@type":"EntryPoint","urlTemplate":"https:\/\/www.geopolitics.fr\/?s={search_term_string}"},"query-input":{"@type":"PropertyValueSpecification","valueRequired":true,"valueName":"search_term_string"}}],"inLanguage":"en-GB"},{"@type":"Organization","@id":"https:\/\/www.geopolitics.fr\/#organization","name":"Geopolitics.fr","url":"https:\/\/www.geopolitics.fr\/","logo":{"@type":"ImageObject","inLanguage":"en-GB","@id":"https:\/\/www.geopolitics.fr\/#\/schema\/logo\/image\/","url":"https:\/\/www.geopolitics.fr\/wp-content\/uploads\/2024\/01\/logo.jpg","contentUrl":"https:\/\/www.geopolitics.fr\/wp-content\/uploads\/2024\/01\/logo.jpg","width":500,"height":500,"caption":"Geopolitics.fr"},"image":{"@id":"https:\/\/www.geopolitics.fr\/#\/schema\/logo\/image\/"},"sameAs":["https:\/\/www.facebook.com\/people\/Erwan-Davoux\/61557098968092\/","https:\/\/x.com\/Geopolitics_Fr"]},{"@type":"Person","@id":"https:\/\/www.geopolitics.fr\/#\/schema\/person\/2f100050c14e702a5388d142a9fa8307","name":"Elyes GHARIANI","image":{"@type":"ImageObject","inLanguage":"en-GB","@id":"https:\/\/www.geopolitics.fr\/wp-content\/uploads\/2024\/12\/elyes-photo-96x96.png","url":"https:\/\/www.geopolitics.fr\/wp-content\/uploads\/2024\/12\/elyes-photo-96x96.png","contentUrl":"https:\/\/www.geopolitics.fr\/wp-content\/uploads\/2024\/12\/elyes-photo-96x96.png","caption":"Elyes GHARIANI"},"description":"Ancien ambassadeur de Tunisie, \u00e0 Berlin et \u00e0 La Haye et fort d\u2019une exp\u00e9rience de 40 ans dans le travail diplomatique et la coop\u00e9ration internationale, il dispose d\u2019une bonne expertise en affaires europ\u00e9ennes pour avoir \u00e9t\u00e9 en poste dans les principaux Etats membres fondateurs de l\u2019UE (Allemagne, Belgique, France, Pays-Bas). Dipl\u00f4m\u00e9 de l\u2019Institut Bourguiba des Langues Vivantes de Tunis, de l\u2019Institut Pouchkine de langue russe \u00e0 Moscou et de l\u2019Institut Universitaire des Hautes Etudes Internationales (IUHEI) de Gen\u00e8ve, il dispose d\u2019une large exp\u00e9rience en mati\u00e8re de gestion et de mise en \u0153uvre de projets au niveau international. Il a \u00e9t\u00e9 Conseiller Diplomatique du Chef du Gouvernement en 2015-2016 et 2020-2021","url":"https:\/\/www.geopolitics.fr\/en\/author\/elyes\/"}]}},"_links":{"self":[{"href":"https:\/\/www.geopolitics.fr\/en\/wp-json\/wp\/v2\/posts\/4570","targetHints":{"allow":["GET"]}}],"collection":[{"href":"https:\/\/www.geopolitics.fr\/en\/wp-json\/wp\/v2\/posts"}],"about":[{"href":"https:\/\/www.geopolitics.fr\/en\/wp-json\/wp\/v2\/types\/post"}],"author":[{"embeddable":true,"href":"https:\/\/www.geopolitics.fr\/en\/wp-json\/wp\/v2\/users\/103"}],"replies":[{"embeddable":true,"href":"https:\/\/www.geopolitics.fr\/en\/wp-json\/wp\/v2\/comments?post=4570"}],"version-history":[{"count":1,"href":"https:\/\/www.geopolitics.fr\/en\/wp-json\/wp\/v2\/posts\/4570\/revisions"}],"predecessor-version":[{"id":4572,"href":"https:\/\/www.geopolitics.fr\/en\/wp-json\/wp\/v2\/posts\/4570\/revisions\/4572"}],"wp:featuredmedia":[{"embeddable":true,"href":"https:\/\/www.geopolitics.fr\/en\/wp-json\/wp\/v2\/media\/4571"}],"wp:attachment":[{"href":"https:\/\/www.geopolitics.fr\/en\/wp-json\/wp\/v2\/media?parent=4570"}],"wp:term":[{"taxonomy":"category","embeddable":true,"href":"https:\/\/www.geopolitics.fr\/en\/wp-json\/wp\/v2\/categories?post=4570"},{"taxonomy":"post_tag","embeddable":true,"href":"https:\/\/www.geopolitics.fr\/en\/wp-json\/wp\/v2\/tags?post=4570"}],"curies":[{"name":"wp","href":"https:\/\/api.w.org\/{rel}","templated":true}]}}