{"id":4563,"date":"2026-08-12T17:30:00","date_gmt":"2026-08-12T15:30:00","guid":{"rendered":"https:\/\/www.geopolitics.fr\/?p=4563"},"modified":"2026-08-12T17:16:47","modified_gmt":"2026-08-12T15:16:47","slug":"le-retour-probable-des-eliminations-ciblees-contre-les-dirigeants-de-la-republique-islamique-diran","status":"publish","type":"post","link":"https:\/\/www.geopolitics.fr\/en\/2026\/08\/12\/le-retour-probable-des-eliminations-ciblees-contre-les-dirigeants-de-la-republique-islamique-diran\/","title":{"rendered":"Le retour probable des \u00e9liminations cibl\u00e9es contre les dirigeants de la R\u00e9publique islamique d&rsquo;Iran"},"content":{"rendered":"<h2 id=\"h-avril-2025-la-retenue-avant-la-tempete\" class=\"wp-block-heading\">Avril 2025 : la retenue avant la temp\u00eate<\/h2>\n\n\n\n<div class=\"wp-block-group is-vertical is-layout-flex wp-container-core-group-is-layout-4fc3f8e1 wp-block-group-is-layout-flex\">\n<p class=\"has-medium-font-size wp-block-paragraph\">En avril 2025, Isra\u00ebl avait d\u00e9j\u00e0 pr\u00e9par\u00e9 des plans d&rsquo;attaque contre les sites nucl\u00e9aires iraniens. Leur mise en oeuvre n\u00e9cessitait toutefois un soutien logistique am\u00e9ricain. Donald Trump avait alors choisi de retenir ses alli\u00e9s isra\u00e9liens et de privil\u00e9gier l&rsquo;ouverture de n\u00e9gociations avec T\u00e9h\u00e9ran.<\/p>\n\n\n\n<p class=\"has-medium-font-size wp-block-paragraph\">Une enqu\u00eate du <em>New York Times<\/em>, men\u00e9e par plusieurs journalistes sp\u00e9cialis\u00e9s dans les questions de s\u00e9curit\u00e9, avait alors fait appara\u00eetre de profondes divisions au sein de l&rsquo;administration am\u00e9ricaine.<\/p>\n\n\n\n<p class=\"has-medium-font-size wp-block-paragraph\">D&rsquo;un c\u00f4t\u00e9, les partisans d&rsquo;une ligne dure envers l&rsquo;Iran ; de l&rsquo;autre, ceux qui d\u00e9fendaient une nouvelle tentative diplomatique. Le compromis finalement trouv\u00e9 \u00e9tait fragile, mais il conduisait Washington \u00e0 \u00e9carter, dans l&rsquo;imm\u00e9diat, une action militaire directe.<\/p>\n\n\n\n<p class=\"has-medium-font-size wp-block-paragraph\">Cette d\u00e9cision ne signifiait toutefois pas que les autres options avaient \u00e9t\u00e9 abandonn\u00e9es. Apr\u00e8s la visite de Benyamin Netanyahou \u00e0 Washington, Trump avait envoy\u00e9 le directeur de la CIA, John Ratcliffe, \u00e0 J\u00e9rusalem. Il y avait rencontr\u00e9 le Premier ministre isra\u00e9lien ainsi que David Barnea, alors directeur du Mossad. Le but \u00e9tait d&rsquo;examiner les diff\u00e9rentes options disponibles face \u00e0 T\u00e9h\u00e9ran. De l&rsquo;action militaire conventionnelle aux op\u00e9rations clandestines isra\u00e9liennes avec un \u00e9ventuel soutien am\u00e9ricain, mais aussi renforcement des sanctions \u00e9conomiques.<\/p>\n\n\n\n<p class=\"has-medium-font-size wp-block-paragraph\">\u00c0 l&rsquo;\u00e9poque, un porte-parole du Conseil de s\u00e9curit\u00e9 nationale avait r\u00e9sum\u00e9 la position de l&rsquo;administration am\u00e9ricaine, rappelant que l&rsquo;Iran ne pourrait en aucun cas obtenir l&rsquo;arme nucl\u00e9aire que toutes les options restaient ouvertes et que la possibilit\u00e9 de discussions directes ou indirectes ne serait pas illimit\u00e9e.<\/p>\n\n\n\n<p class=\"has-medium-font-size wp-block-paragraph\">Quelques semaines plus tard, Isra\u00ebl lan\u00e7ait une attaque d&rsquo;une ampleur in\u00e9dite au coeur de T\u00e9h\u00e9ran. La guerre dite \u00ab des douze jours \u00bb, en juin 2025, allait notamment entra\u00eener la mort de plusieurs commandants du Corps des gardiens de la r\u00e9volution islamique (CGRI) et de scientifiques li\u00e9s au programme nucl\u00e9aire iranien.<\/p>\n\n\n\n<p class=\"has-medium-font-size wp-block-paragraph\">Avec le recul, la s\u00e9quence para\u00eet donc assez nette. Une phase de temporisation diplomatique, une coordination discr\u00e8te des services de renseignement, puis le passage \u00e0 l&rsquo;action.<\/p>\n<\/div>\n\n\n\n<h2 id=\"h-un-scenario-qui-semble-se-repeter\" class=\"wp-block-heading\">Un sc\u00e9nario qui semble se r\u00e9p\u00e9ter<\/h2>\n\n\n\n<div class=\"wp-block-group is-vertical is-layout-flex wp-container-core-group-is-layout-4fc3f8e1 wp-block-group-is-layout-flex\">\n<p class=\"has-medium-font-size wp-block-paragraph\">Un an plus tard, certains \u00e9l\u00e9ments rappellent \u00e9trangement cette s\u00e9quence.<\/p>\n\n\n\n<p class=\"has-medium-font-size wp-block-paragraph\">Apr\u00e8s la tr\u00eave conclue en avril 2026, les combats ont repris au d\u00e9but du mois de juillet. Les discussions sur la r\u00e9ouverture du d\u00e9troit d&rsquo;Ormuz et sur l&rsquo;avenir du programme nucl\u00e9aire iranien se sont \u00e0 nouveau enlis\u00e9es. D\u00e9but ao\u00fbt, T\u00e9h\u00e9ran est m\u00eame all\u00e9 jusqu&rsquo;\u00e0 d\u00e9mentir \u00eatre engag\u00e9 dans des discussions directes avec Washington, alors que les responsables am\u00e9ricains affirmaient qu&rsquo;un accord \u00e9tait proche.<\/p>\n\n\n\n<p class=\"has-medium-font-size wp-block-paragraph\">C&rsquo;est dans ce contexte qu&rsquo;eut lieu, en juillet, la rencontre entre Roman Gofman,nomm\u00e9 \u00e0 la t\u00eate du Mossad, et John Ratcliffe. Selon Axios, il s&rsquo;agissait du premier d\u00e9placement de Gofman \u00e0 Washington depuis sa prise de fonctions en juin.<\/p>\n\n\n\n<p class=\"has-medium-font-size wp-block-paragraph\">La r\u00e9union, \u00e0 laquelle ont \u00e9galement particip\u00e9 plusieurs hauts responsables de la Maison-Blanche, devait officiellement permettre de coordonner les positions am\u00e9ricaine et isra\u00e9lienne avant de nouvelles discussions sur un accord nucl\u00e9aire.<\/p>\n\n\n\n<p class=\"has-medium-font-size wp-block-paragraph\">Le contexte de cette rencontre est toutefois particuli\u00e8rement important. Ratcliffe figure parmi les responsables am\u00e9ricains les plus sceptiques \u00e0 l&rsquo;\u00e9gard du m\u00e9morandum d&rsquo;entente conclu avec l&rsquo;Iran.<\/p>\n\n\n\n<p class=\"has-medium-font-size wp-block-paragraph\">Il craint notamment que T\u00e9h\u00e9ran n&rsquo;en fasse une lecture diff\u00e9rente de celle de Washington, en particulier sur les dispositions concernant le d\u00e9troit d&rsquo;Ormuz.<\/p>\n\n\n\n<p class=\"has-medium-font-size wp-block-paragraph\">Cette r\u00e9union est intervenue peu avant une nouvelle escalade autour du d\u00e9troit et la reprise des combats \u00e0 grande \u00e9chelle. La chronologie rappelle donc celle de 2025. Des n\u00e9gociations bloqu\u00e9es, rencontre discr\u00e8te entre les responsables des services de renseignement am\u00e9ricain et isra\u00e9lien, puis nouvelle mont\u00e9e des tensions.<\/p>\n\n\n\n<p class=\"has-medium-font-size wp-block-paragraph\">Il faut, \u00e0 mon sens, prendre cette rencontre au s\u00e9rieux \u00e0 la lumi\u00e8re du pr\u00e9c\u00e9dent de 2025. Les contacts de haut niveau entre les appareils de renseignement am\u00e9ricain et isra\u00e9lien ont d\u00e9j\u00e0 co\u00efncid\u00e9, par le pass\u00e9, avec des d\u00e9veloppements s\u00e9curitaires majeurs \u00e0 l&rsquo;int\u00e9rieur m\u00eame de l&rsquo;Iran.<\/p>\n<\/div>\n\n\n\n<h2 id=\"h-une-impasse-militaire-qui-pourrait-pousser-vers-le-clandestin\" class=\"wp-block-heading\">Une impasse militaire qui pourrait pousser vers le clandestin<\/h2>\n\n\n\n<div class=\"wp-block-group is-vertical is-layout-flex wp-container-core-group-is-layout-4fc3f8e1 wp-block-group-is-layout-flex\">\n<p class=\"has-medium-font-size wp-block-paragraph\">Plusieurs d\u00e9veloppements r\u00e9cents renforcent \u00e9galement l&rsquo;hypoth\u00e8se d&rsquo;un d\u00e9placement du conflit vers des formes d&rsquo;action plus clandestines. L&rsquo;affrontement militaire direct devient en effet de plus en plus co\u00fbteux pour les deux camps. Il ne permet pas de d\u00e9gager une issue claire.<\/p>\n\n\n\n<p class=\"has-medium-font-size wp-block-paragraph\">Sur le front jordanien, une attaque de missiles balistiques iraniens a vis\u00e9, le 18 juillet 2026, la base a\u00e9rienne de Muwaffaq Salti, qui accueille des forces am\u00e9ricaines. Deux militaires am\u00e9ricains y ont \u00e9t\u00e9 tu\u00e9s. Ce sont d\u00e9sormais seize le nombre de soldats am\u00e9ricains morts depuis la reprise des hostilit\u00e9s deux semaines auparavant.<\/p>\n\n\n\n<p class=\"has-medium-font-size wp-block-paragraph\">Au Y\u00e9men, les Houthis, alli\u00e9s de T\u00e9h\u00e9ran, ont parall\u00e8lement intensifi\u00e9 leurs attaques contre les infrastructures p\u00e9troli\u00e8res saoudiennes d&rsquo;Aramco. Depuis la fin du mois de juillet, les raffineries de Jizan et le terminal d&rsquo;exportation de Yanbu ont notamment \u00e9t\u00e9 vis\u00e9s. Yanbu a pris une importance particuli\u00e8re depuis la fermeture du d\u00e9troit d&rsquo;Ormuz, en devenant la principale voie de sortie du p\u00e9trole saoudien. Le 9 ao\u00fbt, les Houthis ont de nouveau revendiqu\u00e9 une attaque contre le site de Jizan.<\/p>\n\n\n\n<p class=\"has-medium-font-size wp-block-paragraph\">Ces actions contre les infrastructures saoudiennes, montrent que T\u00e9h\u00e9ran conserve des capacit\u00e9s de pression en dehors du th\u00e9\u00e2tre iranien. Elles traduisent aussi une forme de r\u00e9\u00e9quilibrage du rapport de force.<\/p>\n\n\n\n<p class=\"has-medium-font-size wp-block-paragraph\">Dans le m\u00eame temps, les \u00c9tats-Unis et Isra\u00ebl se retrouvent face \u00e0 une difficult\u00e9 : l&rsquo;option militaire conventionnelle est co\u00fbteuse et ne semble pas, \u00e0 elle seule, permettre de sortir de l&rsquo;impasse.<\/p>\n\n\n\n<p class=\"has-medium-font-size wp-block-paragraph\">C&rsquo;est pourquoi Washington et J\u00e9rusalem pourraient \u00eatre tent\u00e9s de privil\u00e9gier d&rsquo;autres instruments : pression politique, renseignement, op\u00e9rations clandestines et actions cibl\u00e9es. Dans ce sc\u00e9nario, l&rsquo;\u00e9limination de responsables cl\u00e9s du r\u00e9gime, accompagn\u00e9e d&rsquo;une tentative d&rsquo;exploiter les fragilit\u00e9s internes de l&rsquo;Iran, pourrait retrouver une place centrale dans la strat\u00e9gie am\u00e9ricaine et isra\u00e9lienne.<\/p>\n\n\n\n<p class=\"has-medium-font-size wp-block-paragraph\">Un autre \u00e9l\u00e9ment para\u00eet particuli\u00e8rement important et reste relativement absent des analyses centr\u00e9es sur le seul choix entre guerre et n\u00e9gociation : l&rsquo;existence pr\u00e9sum\u00e9e d&rsquo;un \u00ab r\u00e9seau du coup d&rsquo;\u00c9tat \u00bb.<\/p>\n\n\n\n<p class=\"has-medium-font-size wp-block-paragraph\">Le Guide de la r\u00e9volution, assassin\u00e9 lors de ses derniers discours publics, avait lui-m\u00eame \u00e9voqu\u00e9 l&rsquo;existence de ce r\u00e9seau. Celui-ci n&rsquo;a jamais \u00e9t\u00e9 formellement d\u00e9couvert ou neutralis\u00e9 au sein des institutions sensibles iraniennes. S&rsquo;il existe toujours, sa pr\u00e9sence constituerait un facteur suppl\u00e9mentaire de vuln\u00e9rabilit\u00e9 pour le r\u00e9gime.<\/p>\n\n\n\n<p class=\"has-medium-font-size wp-block-paragraph\">Cette hypoth\u00e8se m\u00e9rite d&rsquo;autant plus d&rsquo;attention que l&rsquo;Iran s&rsquo;est d\u00e9j\u00e0 montr\u00e9 vuln\u00e9rable aux op\u00e9rations d&rsquo;infiltration, de sabotage et de renseignement. Dans ces conditions, une strat\u00e9gie reposant sur la p\u00e9n\u00e9tration des structures du r\u00e9gime et l&rsquo;\u00e9limination de cibles de premier plan.<\/p>\n\n\n\n<p class=\"has-medium-font-size wp-block-paragraph\">Il pourrait appara\u00eetre, pour ses adversaires, comme une alternative \u00e0 une confrontation ouverte.<\/p>\n<\/div>\n\n\n\n<h2 id=\"h-une-meme-architecture-un-meme-denouement-possible\" class=\"wp-block-heading\">Une m\u00eame architecture, un m\u00eame d\u00e9nouement possible<\/h2>\n\n\n\n<div class=\"wp-block-group is-vertical is-layout-flex wp-container-core-group-is-layout-4fc3f8e1 wp-block-group-is-layout-flex\">\n<p class=\"has-medium-font-size wp-block-paragraph\">Les deux derni\u00e8res d\u00e9cennies ont montr\u00e9 \u00e0 quel point la R\u00e9publique islamique pouvait \u00eatre vuln\u00e9rable dans la guerre du renseignement et dans ce que l&rsquo;on appelle la \u00ab zone grise \u00bb. Les campagnes isra\u00e9liennes de sabotage et d&rsquo;assassinats men\u00e9es contre l&rsquo;Iran en sont l&rsquo;illustration la plus\u00e9vidente.<\/p>\n\n\n\n<p class=\"has-medium-font-size wp-block-paragraph\">M\u00eame dans l&rsquo;hypoth\u00e8se o\u00f9 les n\u00e9gociations d\u00e9boucheraient finalement sur un compromis \u2014 permettant notamment \u00e0 l&rsquo;Iran de conserver une partie de ses capacit\u00e9s d&rsquo;enrichissement en \u00e9change de concessions \u00e9conomiques \u2014 rien ne garantit que cette guerre de l&rsquo;ombre prendrait fin.<\/p>\n\n\n\n<p class=\"has-medium-font-size wp-block-paragraph\">L&rsquo;une des faiblesses persistantes de T\u00e9h\u00e9ran r\u00e9side pr\u00e9cis\u00e9ment dans l&rsquo;absence d&rsquo;une v\u00e9ritable doctrine de dissuasion dans cette zone grise. Le r\u00e9gime a montr\u00e9 qu&rsquo;il pouvait r\u00e9pondre militairement \u00e0 certaines attaques. Mais qu&rsquo;il \u00e9tait moins capable d&#8217;emp\u00eacher les infiltrations, les sabotages et les op\u00e9rations cibl\u00e9es men\u00e9es \u00e0 l&rsquo;int\u00e9rieur de son propre territoire.<\/p>\n\n\n\n<p class=\"has-medium-font-size wp-block-paragraph\">C&rsquo;est ce qui rend cette forme de confrontation particuli\u00e8rement attractive pour ses adversaires. Elle permet de maintenir une pression consid\u00e9rable tout en \u00e9vitant, les co\u00fbts politiques et militaires d&rsquo;une guerre ouverte.<\/p>\n\n\n\n<p class=\"has-medium-font-size wp-block-paragraph\">C&rsquo;est cette architecture qui, \u00e0 mon avis, est en train de se reconstituer.<\/p>\n\n\n\n<p class=\"has-medium-font-size wp-block-paragraph\">Un an apr\u00e8s la s\u00e9quence \u00ab retenue diplomatique \u2014 coordination CIA-Mossad \u2014 frappe contre T\u00e9h\u00e9ran \u00bb qui avait pr\u00e9c\u00e9d\u00e9 la guerre des douze jours, plusieurs des m\u00eames \u00e9l\u00e9ments sont \u00e0 nouveau pr\u00e9sents : blocage des n\u00e9gociations, guerre d&rsquo;usure par procuration sur les fronts jordanien, saoudien et y\u00e9m\u00e9nite, impasse militaire, fragilit\u00e9s internes persistantes et rencontre discr\u00e8te entre les responsables des services de renseignement am\u00e9ricain et isra\u00e9lien.<\/p>\n\n\n\n<p class=\"has-medium-font-size wp-block-paragraph\">Si le pr\u00e9c\u00e9dent de 2025 constitue un v\u00e9ritable indicateur, la prochaine phase du conflit pourrait donc ne pas se jouer principalement sur les champs de bataille conventionnels.<\/p>\n\n\n\n<p class=\"has-medium-font-size wp-block-paragraph\">Elle pourrait se d\u00e9rouler dans l&rsquo;ombre : par le renseignement, les op\u00e9rations clandestines, le sabotage et, une nouvelle fois, potentiellement, par des frappes visant les plus hauts responsables dela R\u00e9publique islamique.<\/p>\n<\/div>","protected":false},"excerpt":{"rendered":"<p>Avril 2025 : la retenue avant la temp\u00eate En avril 2025, Isra\u00ebl avait d\u00e9j\u00e0 pr\u00e9par\u00e9 des plans d&rsquo;attaque contre les sites nucl\u00e9aires&hellip;<\/p>","protected":false},"author":31739,"featured_media":4564,"comment_status":"closed","ping_status":"closed","sticky":false,"template":"","format":"standard","meta":{"_lmt_disableupdate":"","_lmt_disable":"","footnotes":""},"categories":[609,5,4,632],"tags":[729,105],"class_list":["post-4563","post","type-post","status-publish","format-standard","has-post-thumbnail","hentry","category-defense","category-international","category-mis-en-avant","category-top-secret-local-13","tag-frappes-ciblees","tag-iran"],"yoast_head":"<!-- This site is optimized with the Yoast SEO Premium plugin v28.1 (Yoast SEO v28.1) - https:\/\/yoast.com\/product\/yoast-seo-premium-wordpress\/ -->\n<title>Le retour probable des \u00e9liminations cibl\u00e9es contre les dirigeants de la R\u00e9publique islamique d&#039;Iran | Geopolitics.fr<\/title>\n<meta name=\"description\" content=\"Les n\u00e9gociations irano-am\u00e9ricaines dans l&#039;impasse, le d&#039;\u00e9liminations cibl\u00e9es visant les dirigeants du r\u00e9gime iranien est probable\" \/>\n<meta name=\"robots\" content=\"index, follow, max-snippet:-1, max-image-preview:large, max-video-preview:-1\" \/>\n<link rel=\"canonical\" href=\"https:\/\/www.geopolitics.fr\/en\/2026\/08\/12\/le-retour-probable-des-eliminations-ciblees-contre-les-dirigeants-de-la-republique-islamique-diran\/\" \/>\n<meta property=\"og:locale\" content=\"en_GB\" \/>\n<meta property=\"og:type\" content=\"article\" \/>\n<meta property=\"og:title\" content=\"Le retour probable des \u00e9liminations cibl\u00e9es contre les dirigeants de la R\u00e9publique islamique d&#039;Iran\" \/>\n<meta property=\"og:description\" content=\"Les n\u00e9gociations irano-am\u00e9ricaines dans l&#039;impasse, le d&#039;\u00e9liminations cibl\u00e9es visant les dirigeants du r\u00e9gime iranien est probable\" \/>\n<meta property=\"og:url\" content=\"https:\/\/www.geopolitics.fr\/en\/2026\/08\/12\/le-retour-probable-des-eliminations-ciblees-contre-les-dirigeants-de-la-republique-islamique-diran\/\" \/>\n<meta property=\"og:site_name\" content=\"Geopolitics.fr\" \/>\n<meta property=\"article:publisher\" content=\"https:\/\/www.facebook.com\/people\/Erwan-Davoux\/61557098968092\/\" \/>\n<meta property=\"article:published_time\" content=\"2026-08-12T15:30:00+00:00\" \/>\n<meta property=\"og:image\" content=\"https:\/\/www.geopolitics.fr\/wp-content\/uploads\/2026\/08\/frappes-ciblees.jpg\" \/>\n\t<meta property=\"og:image:width\" content=\"1920\" \/>\n\t<meta property=\"og:image:height\" content=\"1439\" \/>\n\t<meta property=\"og:image:type\" content=\"image\/jpeg\" \/>\n<meta name=\"author\" content=\"Hassan ARJI\" \/>\n<meta name=\"twitter:card\" content=\"summary_large_image\" \/>\n<meta name=\"twitter:creator\" content=\"@Geopolitics_Fr\" \/>\n<meta name=\"twitter:site\" content=\"@Geopolitics_Fr\" \/>\n<meta name=\"twitter:label1\" content=\"Written by\" \/>\n\t<meta name=\"twitter:data1\" content=\"Hassan ARJI\" \/>\n\t<meta name=\"twitter:label2\" content=\"Estimated reading time\" \/>\n\t<meta name=\"twitter:data2\" content=\"7 minutes\" \/>\n<script type=\"application\/ld+json\" class=\"yoast-schema-graph\">{\"@context\":\"https:\\\/\\\/schema.org\",\"@graph\":[{\"@type\":\"Article\",\"@id\":\"https:\\\/\\\/www.geopolitics.fr\\\/2026\\\/08\\\/12\\\/le-retour-probable-des-eliminations-ciblees-contre-les-dirigeants-de-la-republique-islamique-diran\\\/#article\",\"isPartOf\":{\"@id\":\"https:\\\/\\\/www.geopolitics.fr\\\/2026\\\/08\\\/12\\\/le-retour-probable-des-eliminations-ciblees-contre-les-dirigeants-de-la-republique-islamique-diran\\\/\"},\"author\":{\"name\":\"Hassan ARJI\",\"@id\":\"https:\\\/\\\/www.geopolitics.fr\\\/#\\\/schema\\\/person\\\/d008224a1076fad8c7b62d52ec984f41\"},\"headline\":\"Le retour probable des \u00e9liminations cibl\u00e9es contre les dirigeants de la R\u00e9publique islamique d&rsquo;Iran\",\"datePublished\":\"2026-08-12T15:30:00+00:00\",\"mainEntityOfPage\":{\"@id\":\"https:\\\/\\\/www.geopolitics.fr\\\/2026\\\/08\\\/12\\\/le-retour-probable-des-eliminations-ciblees-contre-les-dirigeants-de-la-republique-islamique-diran\\\/\"},\"wordCount\":1610,\"publisher\":{\"@id\":\"https:\\\/\\\/www.geopolitics.fr\\\/#organization\"},\"image\":{\"@id\":\"https:\\\/\\\/www.geopolitics.fr\\\/2026\\\/08\\\/12\\\/le-retour-probable-des-eliminations-ciblees-contre-les-dirigeants-de-la-republique-islamique-diran\\\/#primaryimage\"},\"thumbnailUrl\":\"https:\\\/\\\/www.geopolitics.fr\\\/wp-content\\\/uploads\\\/2026\\\/08\\\/frappes-ciblees.jpg\",\"keywords\":[\"frappes cibl\u00e9es\",\"iran\"],\"articleSection\":[\"D\u00e9fense\",\"International\",\"Mis en AVANT\",\"top secret\"],\"inLanguage\":\"en-GB\"},{\"@type\":\"WebPage\",\"@id\":\"https:\\\/\\\/www.geopolitics.fr\\\/2026\\\/08\\\/12\\\/le-retour-probable-des-eliminations-ciblees-contre-les-dirigeants-de-la-republique-islamique-diran\\\/\",\"url\":\"https:\\\/\\\/www.geopolitics.fr\\\/2026\\\/08\\\/12\\\/le-retour-probable-des-eliminations-ciblees-contre-les-dirigeants-de-la-republique-islamique-diran\\\/\",\"name\":\"Le retour probable des \u00e9liminations cibl\u00e9es contre les dirigeants de la R\u00e9publique islamique d'Iran | Geopolitics.fr\",\"isPartOf\":{\"@id\":\"https:\\\/\\\/www.geopolitics.fr\\\/#website\"},\"primaryImageOfPage\":{\"@id\":\"https:\\\/\\\/www.geopolitics.fr\\\/2026\\\/08\\\/12\\\/le-retour-probable-des-eliminations-ciblees-contre-les-dirigeants-de-la-republique-islamique-diran\\\/#primaryimage\"},\"image\":{\"@id\":\"https:\\\/\\\/www.geopolitics.fr\\\/2026\\\/08\\\/12\\\/le-retour-probable-des-eliminations-ciblees-contre-les-dirigeants-de-la-republique-islamique-diran\\\/#primaryimage\"},\"thumbnailUrl\":\"https:\\\/\\\/www.geopolitics.fr\\\/wp-content\\\/uploads\\\/2026\\\/08\\\/frappes-ciblees.jpg\",\"datePublished\":\"2026-08-12T15:30:00+00:00\",\"description\":\"Les n\u00e9gociations irano-am\u00e9ricaines dans l'impasse, le d'\u00e9liminations cibl\u00e9es visant les dirigeants du r\u00e9gime iranien est probable\",\"breadcrumb\":{\"@id\":\"https:\\\/\\\/www.geopolitics.fr\\\/2026\\\/08\\\/12\\\/le-retour-probable-des-eliminations-ciblees-contre-les-dirigeants-de-la-republique-islamique-diran\\\/#breadcrumb\"},\"inLanguage\":\"en-GB\",\"potentialAction\":[{\"@type\":\"ReadAction\",\"target\":[\"https:\\\/\\\/www.geopolitics.fr\\\/2026\\\/08\\\/12\\\/le-retour-probable-des-eliminations-ciblees-contre-les-dirigeants-de-la-republique-islamique-diran\\\/\"]}]},{\"@type\":\"ImageObject\",\"inLanguage\":\"en-GB\",\"@id\":\"https:\\\/\\\/www.geopolitics.fr\\\/2026\\\/08\\\/12\\\/le-retour-probable-des-eliminations-ciblees-contre-les-dirigeants-de-la-republique-islamique-diran\\\/#primaryimage\",\"url\":\"https:\\\/\\\/www.geopolitics.fr\\\/wp-content\\\/uploads\\\/2026\\\/08\\\/frappes-ciblees.jpg\",\"contentUrl\":\"https:\\\/\\\/www.geopolitics.fr\\\/wp-content\\\/uploads\\\/2026\\\/08\\\/frappes-ciblees.jpg\",\"width\":1920,\"height\":1439,\"caption\":\"Aiming bomber to the target in the desert. Viewfinder camera plane.\"},{\"@type\":\"BreadcrumbList\",\"@id\":\"https:\\\/\\\/www.geopolitics.fr\\\/2026\\\/08\\\/12\\\/le-retour-probable-des-eliminations-ciblees-contre-les-dirigeants-de-la-republique-islamique-diran\\\/#breadcrumb\",\"itemListElement\":[{\"@type\":\"ListItem\",\"position\":1,\"name\":\"Accueil\",\"item\":\"https:\\\/\\\/www.geopolitics.fr\\\/\"},{\"@type\":\"ListItem\",\"position\":2,\"name\":\"Le retour probable des \u00e9liminations cibl\u00e9es contre les dirigeants de la R\u00e9publique islamique d&rsquo;Iran\"}]},{\"@type\":\"WebSite\",\"@id\":\"https:\\\/\\\/www.geopolitics.fr\\\/#website\",\"url\":\"https:\\\/\\\/www.geopolitics.fr\\\/\",\"name\":\"Geopolitics.fr\",\"description\":\"Geopolitics.fr Analyse politique, relations internationales, d\u00e9fense - ligne \u00e9ditoriale gaullo-chiraquienne\",\"publisher\":{\"@id\":\"https:\\\/\\\/www.geopolitics.fr\\\/#organization\"},\"potentialAction\":[{\"@type\":\"SearchAction\",\"target\":{\"@type\":\"EntryPoint\",\"urlTemplate\":\"https:\\\/\\\/www.geopolitics.fr\\\/?s={search_term_string}\"},\"query-input\":{\"@type\":\"PropertyValueSpecification\",\"valueRequired\":true,\"valueName\":\"search_term_string\"}}],\"inLanguage\":\"en-GB\"},{\"@type\":\"Organization\",\"@id\":\"https:\\\/\\\/www.geopolitics.fr\\\/#organization\",\"name\":\"Geopolitics.fr\",\"url\":\"https:\\\/\\\/www.geopolitics.fr\\\/\",\"logo\":{\"@type\":\"ImageObject\",\"inLanguage\":\"en-GB\",\"@id\":\"https:\\\/\\\/www.geopolitics.fr\\\/#\\\/schema\\\/logo\\\/image\\\/\",\"url\":\"https:\\\/\\\/www.geopolitics.fr\\\/wp-content\\\/uploads\\\/2024\\\/01\\\/logo.jpg\",\"contentUrl\":\"https:\\\/\\\/www.geopolitics.fr\\\/wp-content\\\/uploads\\\/2024\\\/01\\\/logo.jpg\",\"width\":500,\"height\":500,\"caption\":\"Geopolitics.fr\"},\"image\":{\"@id\":\"https:\\\/\\\/www.geopolitics.fr\\\/#\\\/schema\\\/logo\\\/image\\\/\"},\"sameAs\":[\"https:\\\/\\\/www.facebook.com\\\/people\\\/Erwan-Davoux\\\/61557098968092\\\/\",\"https:\\\/\\\/x.com\\\/Geopolitics_Fr\"]},{\"@type\":\"Person\",\"@id\":\"https:\\\/\\\/www.geopolitics.fr\\\/#\\\/schema\\\/person\\\/d008224a1076fad8c7b62d52ec984f41\",\"name\":\"Hassan ARJI\",\"image\":{\"@type\":\"ImageObject\",\"inLanguage\":\"en-GB\",\"@id\":\"https:\\\/\\\/www.geopolitics.fr\\\/wp-content\\\/uploads\\\/2026\\\/08\\\/cropped-ARJI-Hassan-96x96.jpg\",\"url\":\"https:\\\/\\\/www.geopolitics.fr\\\/wp-content\\\/uploads\\\/2026\\\/08\\\/cropped-ARJI-Hassan-96x96.jpg\",\"contentUrl\":\"https:\\\/\\\/www.geopolitics.fr\\\/wp-content\\\/uploads\\\/2026\\\/08\\\/cropped-ARJI-Hassan-96x96.jpg\",\"caption\":\"Hassan ARJI\"},\"description\":\"Dipl\u00f4m\u00e9 d'un Master en Risk Management &amp; Compliance, actuellement \u00e9tudiant en Master 2 de droit Des Affaires - Parcours Droit P\u00e9nal Financier \u00e0 CY Cergy Paris universit\u00e9.\",\"url\":\"https:\\\/\\\/www.geopolitics.fr\\\/en\\\/author\\\/nava-arji\\\/\"}]}<\/script>\n<!-- \/ Yoast SEO Premium plugin. -->","yoast_head_json":{"title":"Le retour probable des \u00e9liminations cibl\u00e9es contre les dirigeants de la R\u00e9publique islamique d'Iran | Geopolitics.fr","description":"Les n\u00e9gociations irano-am\u00e9ricaines dans l'impasse, le d'\u00e9liminations cibl\u00e9es visant les dirigeants du r\u00e9gime iranien est probable","robots":{"index":"index","follow":"follow","max-snippet":"max-snippet:-1","max-image-preview":"max-image-preview:large","max-video-preview":"max-video-preview:-1"},"canonical":"https:\/\/www.geopolitics.fr\/en\/2026\/08\/12\/le-retour-probable-des-eliminations-ciblees-contre-les-dirigeants-de-la-republique-islamique-diran\/","og_locale":"en_GB","og_type":"article","og_title":"Le retour probable des \u00e9liminations cibl\u00e9es contre les dirigeants de la R\u00e9publique islamique d'Iran","og_description":"Les n\u00e9gociations irano-am\u00e9ricaines dans l'impasse, le d'\u00e9liminations cibl\u00e9es visant les dirigeants du r\u00e9gime iranien est probable","og_url":"https:\/\/www.geopolitics.fr\/en\/2026\/08\/12\/le-retour-probable-des-eliminations-ciblees-contre-les-dirigeants-de-la-republique-islamique-diran\/","og_site_name":"Geopolitics.fr","article_publisher":"https:\/\/www.facebook.com\/people\/Erwan-Davoux\/61557098968092\/","article_published_time":"2026-08-12T15:30:00+00:00","og_image":[{"width":1920,"height":1439,"url":"https:\/\/www.geopolitics.fr\/wp-content\/uploads\/2026\/08\/frappes-ciblees.jpg","type":"image\/jpeg"}],"author":"Hassan ARJI","twitter_card":"summary_large_image","twitter_creator":"@Geopolitics_Fr","twitter_site":"@Geopolitics_Fr","twitter_misc":{"Written by":"Hassan ARJI","Estimated reading time":"7 minutes"},"schema":{"@context":"https:\/\/schema.org","@graph":[{"@type":"Article","@id":"https:\/\/www.geopolitics.fr\/2026\/08\/12\/le-retour-probable-des-eliminations-ciblees-contre-les-dirigeants-de-la-republique-islamique-diran\/#article","isPartOf":{"@id":"https:\/\/www.geopolitics.fr\/2026\/08\/12\/le-retour-probable-des-eliminations-ciblees-contre-les-dirigeants-de-la-republique-islamique-diran\/"},"author":{"name":"Hassan ARJI","@id":"https:\/\/www.geopolitics.fr\/#\/schema\/person\/d008224a1076fad8c7b62d52ec984f41"},"headline":"Le retour probable des \u00e9liminations cibl\u00e9es contre les dirigeants de la R\u00e9publique islamique d&rsquo;Iran","datePublished":"2026-08-12T15:30:00+00:00","mainEntityOfPage":{"@id":"https:\/\/www.geopolitics.fr\/2026\/08\/12\/le-retour-probable-des-eliminations-ciblees-contre-les-dirigeants-de-la-republique-islamique-diran\/"},"wordCount":1610,"publisher":{"@id":"https:\/\/www.geopolitics.fr\/#organization"},"image":{"@id":"https:\/\/www.geopolitics.fr\/2026\/08\/12\/le-retour-probable-des-eliminations-ciblees-contre-les-dirigeants-de-la-republique-islamique-diran\/#primaryimage"},"thumbnailUrl":"https:\/\/www.geopolitics.fr\/wp-content\/uploads\/2026\/08\/frappes-ciblees.jpg","keywords":["frappes cibl\u00e9es","iran"],"articleSection":["D\u00e9fense","International","Mis en AVANT","top secret"],"inLanguage":"en-GB"},{"@type":"WebPage","@id":"https:\/\/www.geopolitics.fr\/2026\/08\/12\/le-retour-probable-des-eliminations-ciblees-contre-les-dirigeants-de-la-republique-islamique-diran\/","url":"https:\/\/www.geopolitics.fr\/2026\/08\/12\/le-retour-probable-des-eliminations-ciblees-contre-les-dirigeants-de-la-republique-islamique-diran\/","name":"Le retour probable des \u00e9liminations cibl\u00e9es contre les dirigeants de la R\u00e9publique islamique d'Iran | Geopolitics.fr","isPartOf":{"@id":"https:\/\/www.geopolitics.fr\/#website"},"primaryImageOfPage":{"@id":"https:\/\/www.geopolitics.fr\/2026\/08\/12\/le-retour-probable-des-eliminations-ciblees-contre-les-dirigeants-de-la-republique-islamique-diran\/#primaryimage"},"image":{"@id":"https:\/\/www.geopolitics.fr\/2026\/08\/12\/le-retour-probable-des-eliminations-ciblees-contre-les-dirigeants-de-la-republique-islamique-diran\/#primaryimage"},"thumbnailUrl":"https:\/\/www.geopolitics.fr\/wp-content\/uploads\/2026\/08\/frappes-ciblees.jpg","datePublished":"2026-08-12T15:30:00+00:00","description":"Les n\u00e9gociations irano-am\u00e9ricaines dans l'impasse, le d'\u00e9liminations cibl\u00e9es visant les dirigeants du r\u00e9gime iranien est probable","breadcrumb":{"@id":"https:\/\/www.geopolitics.fr\/2026\/08\/12\/le-retour-probable-des-eliminations-ciblees-contre-les-dirigeants-de-la-republique-islamique-diran\/#breadcrumb"},"inLanguage":"en-GB","potentialAction":[{"@type":"ReadAction","target":["https:\/\/www.geopolitics.fr\/2026\/08\/12\/le-retour-probable-des-eliminations-ciblees-contre-les-dirigeants-de-la-republique-islamique-diran\/"]}]},{"@type":"ImageObject","inLanguage":"en-GB","@id":"https:\/\/www.geopolitics.fr\/2026\/08\/12\/le-retour-probable-des-eliminations-ciblees-contre-les-dirigeants-de-la-republique-islamique-diran\/#primaryimage","url":"https:\/\/www.geopolitics.fr\/wp-content\/uploads\/2026\/08\/frappes-ciblees.jpg","contentUrl":"https:\/\/www.geopolitics.fr\/wp-content\/uploads\/2026\/08\/frappes-ciblees.jpg","width":1920,"height":1439,"caption":"Aiming bomber to the target in the desert. Viewfinder camera plane."},{"@type":"BreadcrumbList","@id":"https:\/\/www.geopolitics.fr\/2026\/08\/12\/le-retour-probable-des-eliminations-ciblees-contre-les-dirigeants-de-la-republique-islamique-diran\/#breadcrumb","itemListElement":[{"@type":"ListItem","position":1,"name":"Accueil","item":"https:\/\/www.geopolitics.fr\/"},{"@type":"ListItem","position":2,"name":"Le retour probable des \u00e9liminations cibl\u00e9es contre les dirigeants de la R\u00e9publique islamique d&rsquo;Iran"}]},{"@type":"WebSite","@id":"https:\/\/www.geopolitics.fr\/#website","url":"https:\/\/www.geopolitics.fr\/","name":"Geopolitics.fr","description":"Geopolitics.fr Analyse politique, relations internationales, d\u00e9fense - ligne \u00e9ditoriale gaullo-chiraquienne","publisher":{"@id":"https:\/\/www.geopolitics.fr\/#organization"},"potentialAction":[{"@type":"SearchAction","target":{"@type":"EntryPoint","urlTemplate":"https:\/\/www.geopolitics.fr\/?s={search_term_string}"},"query-input":{"@type":"PropertyValueSpecification","valueRequired":true,"valueName":"search_term_string"}}],"inLanguage":"en-GB"},{"@type":"Organization","@id":"https:\/\/www.geopolitics.fr\/#organization","name":"Geopolitics.fr","url":"https:\/\/www.geopolitics.fr\/","logo":{"@type":"ImageObject","inLanguage":"en-GB","@id":"https:\/\/www.geopolitics.fr\/#\/schema\/logo\/image\/","url":"https:\/\/www.geopolitics.fr\/wp-content\/uploads\/2024\/01\/logo.jpg","contentUrl":"https:\/\/www.geopolitics.fr\/wp-content\/uploads\/2024\/01\/logo.jpg","width":500,"height":500,"caption":"Geopolitics.fr"},"image":{"@id":"https:\/\/www.geopolitics.fr\/#\/schema\/logo\/image\/"},"sameAs":["https:\/\/www.facebook.com\/people\/Erwan-Davoux\/61557098968092\/","https:\/\/x.com\/Geopolitics_Fr"]},{"@type":"Person","@id":"https:\/\/www.geopolitics.fr\/#\/schema\/person\/d008224a1076fad8c7b62d52ec984f41","name":"Hassan ARJI","image":{"@type":"ImageObject","inLanguage":"en-GB","@id":"https:\/\/www.geopolitics.fr\/wp-content\/uploads\/2026\/08\/cropped-ARJI-Hassan-96x96.jpg","url":"https:\/\/www.geopolitics.fr\/wp-content\/uploads\/2026\/08\/cropped-ARJI-Hassan-96x96.jpg","contentUrl":"https:\/\/www.geopolitics.fr\/wp-content\/uploads\/2026\/08\/cropped-ARJI-Hassan-96x96.jpg","caption":"Hassan ARJI"},"description":"Dipl\u00f4m\u00e9 d'un Master en Risk Management &amp; Compliance, actuellement \u00e9tudiant en Master 2 de droit Des Affaires - Parcours Droit P\u00e9nal Financier \u00e0 CY Cergy Paris universit\u00e9.","url":"https:\/\/www.geopolitics.fr\/en\/author\/nava-arji\/"}]}},"_links":{"self":[{"href":"https:\/\/www.geopolitics.fr\/en\/wp-json\/wp\/v2\/posts\/4563","targetHints":{"allow":["GET"]}}],"collection":[{"href":"https:\/\/www.geopolitics.fr\/en\/wp-json\/wp\/v2\/posts"}],"about":[{"href":"https:\/\/www.geopolitics.fr\/en\/wp-json\/wp\/v2\/types\/post"}],"author":[{"embeddable":true,"href":"https:\/\/www.geopolitics.fr\/en\/wp-json\/wp\/v2\/users\/31739"}],"replies":[{"embeddable":true,"href":"https:\/\/www.geopolitics.fr\/en\/wp-json\/wp\/v2\/comments?post=4563"}],"version-history":[{"count":1,"href":"https:\/\/www.geopolitics.fr\/en\/wp-json\/wp\/v2\/posts\/4563\/revisions"}],"predecessor-version":[{"id":4565,"href":"https:\/\/www.geopolitics.fr\/en\/wp-json\/wp\/v2\/posts\/4563\/revisions\/4565"}],"wp:featuredmedia":[{"embeddable":true,"href":"https:\/\/www.geopolitics.fr\/en\/wp-json\/wp\/v2\/media\/4564"}],"wp:attachment":[{"href":"https:\/\/www.geopolitics.fr\/en\/wp-json\/wp\/v2\/media?parent=4563"}],"wp:term":[{"taxonomy":"category","embeddable":true,"href":"https:\/\/www.geopolitics.fr\/en\/wp-json\/wp\/v2\/categories?post=4563"},{"taxonomy":"post_tag","embeddable":true,"href":"https:\/\/www.geopolitics.fr\/en\/wp-json\/wp\/v2\/tags?post=4563"}],"curies":[{"name":"wp","href":"https:\/\/api.w.org\/{rel}","templated":true}]}}