{"id":4553,"date":"2026-08-10T17:30:00","date_gmt":"2026-08-10T15:30:00","guid":{"rendered":"https:\/\/www.geopolitics.fr\/?p=4553"},"modified":"2026-08-10T11:08:20","modified_gmt":"2026-08-10T09:08:20","slug":"health-beyond-healthcare-ou-la-sante-au-au-dela-du-seul-systeme-de-soins","status":"publish","type":"post","link":"https:\/\/www.geopolitics.fr\/en\/2026\/08\/10\/health-beyond-healthcare-ou-la-sante-au-au-dela-du-seul-systeme-de-soins\/","title":{"rendered":"Health Beyond Healthcare ou la sant\u00e9 au au del\u00e0 du seul syst\u00e8me de soins"},"content":{"rendered":"\n<h2 id=\"h-une-serie-consacree-a-la-sante-comme-enjeu-de-puissance-de-souverainete-et-de-geopolitique\" class=\"wp-block-heading\"><em>Une s\u00e9rie consacr\u00e9e \u00e0 la sant\u00e9 comme enjeu de puissance, de souverainet\u00e9 et de g\u00e9opolitique.<\/em><\/h2>\n\n\n\n<p class=\"has-medium-font-size wp-block-paragraph\"><strong>La sant\u00e9 au prisme de la puissance : du G7 \u00e0 la comp\u00e9tition strat\u00e9gique mondiale<\/strong><\/p>\n\n\n\n<p class=\"has-medium-font-size wp-block-paragraph\">La sant\u00e9 est devenue ce que l&rsquo;\u00e9nergie \u00e9tait au d\u00e9but des ann\u00e9es 2000 ou les semi-conducteurs depuis quelques ann\u00e9es : un facteur de puissance. Le G7 r\u00e9uni \u00e0 \u00c9vian en 2026 illustre cette \u00e9volution. \u00c0 travers ses d\u00e9clarations sur la lutte contre le cancer<a href=\"#_ftn1\" id=\"_ftnref1\"><sup>[1]<\/sup><\/a>, la r\u00e9ponse \u00e0 l&rsquo;\u00e9pid\u00e9mie d&rsquo;Ebola<a href=\"#_ftn2\" id=\"_ftnref2\"><sup>[2]<\/sup><\/a>et une croissance plus durable et r\u00e9siliente<a href=\"#_ftn3\" id=\"_ftnref3\"><sup>[3]<\/sup><\/a>, les principales d\u00e9mocraties industrielles reconnaissent que la sant\u00e9 d\u00e9passe le seul champ des politiques sanitaires.<\/p>\n\n\n\n<p class=\"has-medium-font-size wp-block-paragraph\">Alors m\u00eame que les \u00c9tats r\u00e9affirment leur volont\u00e9 de coop\u00e9rer face aux grands d\u00e9fis sanitaires mondiaux, ils cherchent \u00e9galement \u00e0 renforcer leurs propres capacit\u00e9s de recherche, d&rsquo;innovation, de production. La sant\u00e9 appara\u00eet ainsi \u00e0 la crois\u00e9e de deux dynamiques compl\u00e9mentaires. A la fois un besoin croissant de coop\u00e9ration internationale mais aussi une comp\u00e9tition strat\u00e9gique de plus en plus affirm\u00e9e.<\/p>\n\n\n\n<p class=\"has-medium-font-size wp-block-paragraph\">Comment la sant\u00e9 s&rsquo;impose-t-elle comme un facteur de puissance dans les relations internationales ? Quels d\u00e9fis cette transformation soul\u00e8ve-t-elle pour l&rsquo;Union europ\u00e9enne ? Et quel nouveau logiciel appelle-t-elle pour la France ?<\/p>\n\n\n\n<h2 id=\"h-derriere-le-consensus-du-g7-la-sante-s-impose-comme-un-nouveau-terrain-de-competition-strategique\" class=\"wp-block-heading\">Derri\u00e8re le consensus du G7, la sant\u00e9 s&rsquo;impose comme un nouveau terrain de comp\u00e9tition strat\u00e9gique<\/h2>\n\n\n\n<p class=\"has-medium-font-size wp-block-paragraph\">La sant\u00e9 n&rsquo;est plus seulement un bien public mondial ; elle devient un actif strat\u00e9gique au c\u0153ur des politiques industrielles, technologiques, \u00e9conomiques et de s\u00e9curit\u00e9.<\/p>\n\n\n\n<h3 id=\"h-la-sante-devient-un-instrument-de-puissance-economique\" class=\"wp-block-heading has-medium-font-size\"><strong>La sant\u00e9 devient un instrument de puissance \u00e9conomique<\/strong><\/h3>\n\n\n\n<p class=\"has-medium-font-size wp-block-paragraph\">Cette \u00e9volution est particuli\u00e8rement visible aux \u00c9tats-Unis. La politique am\u00e9ricaine de \u00ab Most Favored Nation \u00bb (MFN)<a href=\"#_ftn4\" id=\"_ftnref4\">[4]<\/a>, qui vise \u00e0 aligner certains prix des m\u00e9dicaments sur les niveaux observ\u00e9s dans d&rsquo;autres pays d\u00e9velopp\u00e9s, ne constitue pas une mesure isol\u00e9e. Elle s&rsquo;inscrit dans un d\u00e9bat plus large sur le financement de l&rsquo;innovation biom\u00e9dicale et sur la pr\u00e9servation du leadership am\u00e9ricain dans les sciences du vivant. Depuis plusieurs ann\u00e9es, Washington cherche \u00e0 renforcer l&rsquo;attractivit\u00e9 de son territoire pour la recherche, la production pharmaceutique et les investissements strat\u00e9giques<a href=\"#_ftn5\" id=\"_ftnref5\">[5]<\/a>.<\/p>\n\n\n\n<p class=\"has-medium-font-size wp-block-paragraph\">Le cas am\u00e9ricain, sans \u00eatre le seul, montre que la sant\u00e9 n&rsquo;est plus seulement une politique publique. Elle devient un instrument de comp\u00e9titivit\u00e9 \u00e9conomique, de s\u00e9curit\u00e9 industrielle et, de plus en plus, de puissance internationale. L&rsquo;innovation biom\u00e9dicale, les capacit\u00e9s de production et le contr\u00f4le des technologies de sant\u00e9 sont d\u00e9sormais consid\u00e9r\u00e9s comme des actifs strat\u00e9giques.  Ils contribuent \u00e0 la prosp\u00e9rit\u00e9 et \u00e0 l&rsquo;influence des \u00c9tats.<\/p>\n\n\n\n<h3 id=\"h-l-innovation-en-sante-devient-un-enjeu-de-souverainete-technologique\" class=\"wp-block-heading has-medium-font-size\"><strong> L&rsquo;innovation en sant\u00e9 devient un enjeu de souverainet\u00e9 technologique<\/strong><\/h3>\n\n\n\n<p class=\"has-medium-font-size wp-block-paragraph\">La Chine illustre une autre facette de cette transformation. P\u00e9kin fait des biotechnologies, des th\u00e9rapies innovantes et des sciences du vivant des secteurs prioritaires de sa strat\u00e9gie nationale<a href=\"#_ftn6\" id=\"_ftnref6\">[6]<\/a>. Au-del\u00e0 de la r\u00e9ponse aux besoins sanitaires de sa population, cette strat\u00e9gie s&rsquo;accompagne \u00e9galement de politiques visant \u00e0 d\u00e9velopper l&rsquo;\u00e9cosyst\u00e8me domestique<a href=\"#_ftn7\" id=\"_ftnref7\">[7]<\/a>, \u00e0 soutenir l&rsquo;\u00e9mergence d&rsquo;acteurs nationaux et \u00e0 renforcer les capacit\u00e9s industrielles locales<a href=\"#_ftn8\" id=\"_ftnref8\">[8]<\/a>.<\/p>\n\n\n\n<p class=\"has-medium-font-size wp-block-paragraph\">Malgr\u00e9 des approches diff\u00e9rentes, les \u00c9tats-Unis et la Chine convergent sur un point essentiel.  La ma\u00eetrise de l&rsquo;innovation en sant\u00e9 est d\u00e9sormais per\u00e7ue comme un facteur de puissance \u00e9conomique, technologique et g\u00e9opolitique.<\/p>\n\n\n\n<h3 id=\"h-la-sante-nouvel-instrument-d-influence-internationale\" class=\"wp-block-heading has-medium-font-size\"><strong>La sant\u00e9, nouvel instrument d&rsquo;influence internationale<\/strong><\/h3>\n\n\n\n<p class=\"has-medium-font-size wp-block-paragraph\">La mont\u00e9e en puissance g\u00e9opolitique de la sant\u00e9 ne se limite toutefois pas aux dimensions industrielles et technologiques. Les programmes d&rsquo;aide sanitaire, les financements consacr\u00e9s au renforcement des syst\u00e8mes de sant\u00e9 ou encore le soutien aux capacit\u00e9s locales de production constituent aujourd&rsquo;hui des instruments de politique \u00e9trang\u00e8re \u00e0 part enti\u00e8re. L&rsquo;Organisation Mondiale de la Sant\u00e9 (OMS) reconna\u00eet la diplomatie sanitaire comme un levier important de coop\u00e9ration et d&rsquo;influence <a href=\"#_ftn9\" id=\"_ftnref9\">[9]<\/a>.<\/p>\n\n\n\n<p class=\"has-medium-font-size wp-block-paragraph\">\u00c0 l&rsquo;image de l&rsquo;aide au d\u00e9veloppement ou de la coop\u00e9ration de d\u00e9fense, la sant\u00e9 contribue ainsi \u00e0 la construction de partenariats strat\u00e9giques et au renforcement du rayonnement international des \u00c9tats.<\/p>\n\n\n\n<h2 id=\"h-l-europe-face-a-un-changement-de-paradigme\" class=\"wp-block-heading\">L&rsquo;Europe face \u00e0 un changement de paradigme<\/h2>\n\n\n\n<h3 id=\"h-un-risque-de-decrochage-dans-la-competition-mondiale\" class=\"wp-block-heading has-medium-font-size\"><strong>Un risque de d\u00e9crochage dans la comp\u00e9tition mondiale<\/strong><\/h3>\n\n\n\n<p class=\"has-medium-font-size wp-block-paragraph\">La Chine renforce son autonomie technologique et les \u00c9tats-Unis conditionnent de plus en plus l\u2019acc\u00e8s \u00e0 leur march\u00e9 \u00e0 des objectifs de relocalisation industrielle et de s\u00e9curit\u00e9 \u00e9conomique. L\u2019Europe montre des signes de d\u00e9crochage. L&rsquo;\u00e9cart d&rsquo;investissement en R&amp;D pharmaceutique entre l&rsquo;Union Europ\u00e9enne (UE) et les \u00c9tats-Unis s&rsquo;est creus\u00e9. Il est pass\u00e9 d&rsquo;environ <strong>2 milliards d&rsquo;euros en 2002 \u00e0 25 milliards d&rsquo;euros en 2022<\/strong><a href=\"#_ftn10\" id=\"_ftnref10\"><strong>[10]<\/strong><\/a>. Parall\u00e8lement, la part mondiale des essais cliniques commerciaux r\u00e9alis\u00e9s en Europe a chut\u00e9 de <strong>22 % \u00e0 12 % entre 2013 et 2023<\/strong>. Une perte estim\u00e9e de <strong>60 000 places d&rsquo;essais cliniques pour les patients europ\u00e9ens<\/strong><a href=\"#_ftn11\" id=\"_ftnref11\"><strong>[11]<\/strong><\/a>.<\/p>\n\n\n\n<p class=\"has-medium-font-size wp-block-paragraph\">Ces \u00e9volutions traduisent un d\u00e9placement progressif de certaines activit\u00e9s de recherche, de d\u00e9veloppement et d&rsquo;investissement vers d&rsquo;autres r\u00e9gions du monde. Elles interrogent plus largement la capacit\u00e9 des pays europ\u00e9ens \u00e0 demeurer des acteurs de premier plan.<\/p>\n\n\n\n<h3 id=\"h-un-defi-qui-depasse-les-politiques-nationales\" class=\"wp-block-heading has-medium-font-size\"><strong>Un d\u00e9fi qui d\u00e9passe les politiques nationales<\/strong><\/h3>\n\n\n\n<p class=\"has-medium-font-size wp-block-paragraph\">Les crises r\u00e9centes ont \u00e9galement mis en \u00e9vidence les limites d&rsquo;une approche strictement nationale. La pand\u00e9mie de Covid-19, les guerres en Ukraine et au Moyen-Orient ont rappel\u00e9 que les perturbations des cha\u00eenes d&rsquo;approvisionnement, des infrastructures logistiques ou des flux de mati\u00e8res premi\u00e8res peuvent affecter l&rsquo;ensemble du continent<a href=\"#_ftn12\" id=\"_ftnref12\">[12]<\/a>.<\/p>\n\n\n\n<p class=\"has-medium-font-size wp-block-paragraph\">Contrairement \u00e0 la politique agricole ou \u00e0 la politique commerciale, il n&rsquo;existe pas de v\u00e9ritable politique europ\u00e9enne int\u00e9gr\u00e9e de sant\u00e9. L&rsquo;UE dispose n\u00e9anmoins de leviers croissants pour agir sur les facteurs qui conditionnent l&rsquo;\u00e9cosyst\u00e8me europ\u00e9en de sant\u00e9. Ses moyens sont multiples : r\u00e9glementation, recherche, donn\u00e9es de sant\u00e9, s\u00e9curit\u00e9 des approvisionnements, pr\u00e9paration aux crises et coop\u00e9ration internationale. La construction progressive d&rsquo;une \u00ab Union europ\u00e9enne de la sant\u00e9 \u00bb<a href=\"#_ftn13\" id=\"_ftnref13\">[13]<\/a> t\u00e9moigne de cette \u00e9volution.<\/p>\n\n\n\n<h3 id=\"h-3-faire-de-la-sante-un-choix-politique-europeen\" class=\"wp-block-heading has-medium-font-size\"><strong>3. Faire de la sant\u00e9 un choix politique europ\u00e9en<\/strong><\/h3>\n\n\n\n<p class=\"has-medium-font-size wp-block-paragraph\">Les initiatives engag\u00e9es ces derni\u00e8res ann\u00e9es par l\u2019UE illustrent le caract\u00e8re strat\u00e9gique de la sant\u00e9 au niveau europ\u00e9en. Elles r\u00e9pondent toutefois principalement \u00e0 des vuln\u00e9rabilit\u00e9s r\u00e9v\u00e9l\u00e9es par les crises r\u00e9centes. La question qui se pose d\u00e9sormais est plus fondamentale. L&rsquo;UE souhaite-t-elle faire de la sant\u00e9 une v\u00e9ritable priorit\u00e9 strat\u00e9gique, au m\u00eame titre que l&rsquo;\u00e9nergie, le num\u00e9rique ou les semi-conducteurs ? \u00c0 d\u00e9faut, le risque est de voir se multiplier des strat\u00e9gies nationales concurrentes alors m\u00eame que les principaux comp\u00e9titeurs agissent \u00e0 l&rsquo;\u00e9chelle continentale.<\/p>\n\n\n\n<p class=\"has-medium-font-size wp-block-paragraph\">Faire de la sant\u00e9 un actif strat\u00e9gique europ\u00e9en ne signifie pas transf\u00e9rer \u00e0 l&rsquo;UE les comp\u00e9tences qui demeurent principalement nationales. Il s&rsquo;agit plut\u00f4t d&rsquo;un choix politique : d\u00e9terminer dans quels domaines les Europ\u00e9ens souhaitent agir collectivement pour renforcer leur capacit\u00e9 \u00e0 attirer les investissements, d\u00e9velopper les technologies de sant\u00e9, s\u00e9curiser les approvisionnements et pr\u00e9parer les crises futures.<\/p>\n\n\n\n<h2 id=\"h-penser-la-sante-comme-un-investissement-strategique-un-nouveau-logiciel-pour-la-france\" class=\"wp-block-heading\">Penser la sant\u00e9 comme un investissement strat\u00e9gique : un nouveau logiciel pour la France<\/h2>\n\n\n\n<h3 id=\"h-changer-de-logiciel-de-la-depense-a-l-investissement\" class=\"wp-block-heading has-medium-font-size\"><strong>Changer de logiciel : de la d\u00e9pense \u00e0 l&rsquo;investissement<\/strong><\/h3>\n\n\n\n<p class=\"has-medium-font-size wp-block-paragraph\">Si la sant\u00e9 s&rsquo;affirme d\u00e9sormais comme un enjeu g\u00e9ostrat\u00e9gique, la France doit en tirer les cons\u00e9quences. Pendant plusieurs d\u00e9cennies, le d\u00e9bat public s&rsquo;est principalement concentr\u00e9 sur le financement de l&rsquo;Assurance maladie, la ma\u00eetrise des d\u00e9penses et l&rsquo;organisation du syst\u00e8me de soins. Ces enjeux demeurent essentiels. Mais ils ont \u00e9t\u00e9 largement appr\u00e9hend\u00e9s comme des contraintes budg\u00e9taires. Ils sont aussi des investissements au service de la sant\u00e9 des populations, de l&rsquo;innovation et de la comp\u00e9titivit\u00e9<a href=\"#_ftn14\" id=\"_ftnref14\">[14]<\/a> ainsi que de la r\u00e9silience sociale et \u00e9conomique<a href=\"#_ftn15\" id=\"_ftnref15\">[15]<\/a>.<\/p>\n\n\n\n<h3 id=\"h-faire-de-la-sante-une-politique-transversale-de-puissance\" class=\"wp-block-heading has-medium-font-size\"><strong>Faire de la sant\u00e9 une politique transversale de puissance<\/strong><\/h3>\n\n\n\n<p class=\"has-medium-font-size wp-block-paragraph\">La France dispose d&rsquo;atouts importants : une recherche de haut niveau, des centres hospitalo-universitaires reconnus, un \u00e9cosyst\u00e8me scientifique dense et des acteurs de sant\u00e9 pr\u00e9sents sur l&rsquo;ensemble de la cha\u00eene de valeur. Cette ambition est d&rsquo;ailleurs au c\u0153ur du plan <em>Innovation Sant\u00e9 2030<a href=\"#_ftn16\" id=\"_ftnref16\"><strong>[16]<\/strong><\/a><\/em>, qui vise \u00e0 renforcer simultan\u00e9ment l&rsquo;innovation, l&rsquo;attractivit\u00e9 du territoire, la souverainet\u00e9 sanitaire et le d\u00e9veloppement des technologies de sant\u00e9.<\/p>\n\n\n\n<p class=\"has-medium-font-size wp-block-paragraph\">La r\u00e9ussite de cette ambition suppose toutefois de d\u00e9passer les approches sectorielles traditionnelles. Les facteurs qui d\u00e9terminent aujourd&rsquo;hui la performance d&rsquo;un \u00e9cosyst\u00e8me de sant\u00e9 ne rel\u00e8vent plus uniquement de la politique sanitaire. Ils d\u00e9pendent \u00e9galement des politiques de recherche, d&rsquo;enseignement sup\u00e9rieur, d&rsquo;industrie, d&rsquo;investissement, de num\u00e9rique, d&rsquo;environnement ou encore de politique europ\u00e9enne.<\/p>\n\n\n\n<p class=\"has-medium-font-size wp-block-paragraph\">Dans ce contexte, l&rsquo;enjeu n&rsquo;est plus seulement de soutenir l&rsquo;innovation ou de renforcer l&rsquo;attractivit\u00e9 du territoire. Il est de faire de la sant\u00e9 un atout strat\u00e9gique durable, capable de contribuer \u00e0 la s\u00e9curit\u00e9, \u00e0 la comp\u00e9titivit\u00e9 et \u00e0 l&rsquo;influence de la France dans un environnement international de plus en plus concurrentiel<a href=\"#_ftn17\" id=\"_ftnref17\">[17]<\/a><\/p>\n\n\n\n<h3 id=\"h-faire-entrer-la-sante-dans-le-debat-strategique-francais\" class=\"wp-block-heading has-medium-font-size\"><strong>Faire entrer la sant\u00e9 dans le d\u00e9bat strat\u00e9gique fran\u00e7ais<\/strong><\/h3>\n\n\n\n<p class=\"has-medium-font-size wp-block-paragraph\">Penser la sant\u00e9 comme un investissement strat\u00e9gique ne signifie pas opposer \u00e9conomie et sant\u00e9 publique. Les prochaines \u00e9ch\u00e9ances politiques continueront \u00e0 porter sur l&rsquo;h\u00f4pital, les d\u00e9serts m\u00e9dicaux ou les finances de la S\u00e9curit\u00e9 sociale. Ces enjeux demeurent essentiels, mais ils ne peuvent plus \u00eatre les seuls. De nouvelles questions strat\u00e9giques doivent \u00e9galement \u00eatre pos\u00e9es :<\/p>\n\n\n\n<p class=\"has-medium-font-size wp-block-paragraph\">Comment renforcer la capacit\u00e9 de la France \u00e0 d\u00e9velopper et d\u00e9ployer les innovations qui am\u00e9lioreront la sant\u00e9 des patients ? Comment les investissements, les talents et les activit\u00e9s de recherche n\u00e9cessaires \u00e0 leur \u00e9mergence ? Pr\u00e9parer les structures de sant\u00e9 aux d\u00e9fis de demain tels que les cons\u00e9quences du changement climatique et la multiplication des \u00e9v\u00e9nements extr\u00eames ? Comment mobiliser l&rsquo;intelligence artificielle pour am\u00e9liorer l&rsquo;efficience du syst\u00e8me de sant\u00e9 et permettre aux professionnels de consacrer davantage de temps aux patients ? Comment faire de la France le territoire de r\u00e9f\u00e9rence en Europe pour le d\u00e9ploiement des innovations en sant\u00e9 ?<\/p>\n\n\n\n<p class=\"has-medium-font-size wp-block-paragraph\">Ces questions ne rel\u00e8vent plus uniquement de la politique sanitaire. Elles concernent la place que la France entend occuper dans les grands \u00e9quilibres scientifiques, technologiques, \u00e9conomiques et g\u00e9opolitiques du XXI\u1d49 si\u00e8cle.<\/p>\n\n\n\n<h2 id=\"h-conclusion\" class=\"wp-block-heading\">Conclusion<\/h2>\n\n\n\n<p class=\"has-medium-font-size wp-block-paragraph\">Le G7 2026 n&rsquo;a pas fait de la sant\u00e9 un enjeu g\u00e9opolitique. Il a contribu\u00e9 \u00e0 r\u00e9v\u00e9ler la place qu&rsquo;elle occupe d\u00e9sormais dans les rapports de puissance contemporains.<\/p>\n\n\n\n<p class=\"has-medium-font-size wp-block-paragraph\">Au XXI\u1d49 si\u00e8cle, la puissance d&rsquo;un \u00c9tat ne se mesure plus seulement \u00e0 la taille de son arm\u00e9e, \u00e0 son ind\u00e9pendance \u00e9nerg\u00e9tique ou \u00e0 sa capacit\u00e9 technologique. Elle d\u00e9pendra aussi de sa capacit\u00e9 \u00e0 faire de la sant\u00e9 un investissement strat\u00e9gique.<\/p>\n\n\n\n<hr class=\"wp-block-separator has-alpha-channel-opacity\"\/>\n\n\n\n<p class=\"wp-block-paragraph\"><a href=\"#_ftnref1\" id=\"_ftn1\"><\/a>R\u00e9f\u00e9rences G7<\/p>\n\n\n\n<p class=\"wp-block-paragraph\">[1] G7 \u00c9vian 2026, <em>Appel des chefs d&rsquo;\u00c9tat et de gouvernement sur la lutte contre le cancer<\/em>, 2026.<\/p>\n\n\n\n<p class=\"wp-block-paragraph\"><a href=\"#_ftnref2\" id=\"_ftn2\">[2]<\/a>G7 \u00c9vian 2026, <em>Appel des chefs d&rsquo;\u00c9tat et de gouvernement \u00e0 une r\u00e9ponse coordonn\u00e9e \u00e0 l&rsquo;\u00e9pid\u00e9mie d&rsquo;\u00c9bolavirus de Bundibugyo<\/em>, 2026.<\/p>\n\n\n\n<p class=\"wp-block-paragraph\"><a href=\"#_ftnref3\" id=\"_ftn3\">[3]<\/a> <em>G7 \u00c9vian 2026, D\u00e9claration des chefs d&rsquo;\u00c9tat et de gouvernement pour une croissance plus \u00e9quilibr\u00e9e, plus durable et plus r\u00e9siliente, 2026.<\/em><\/p>\n\n\n\n<p class=\"wp-block-paragraph\">R\u00e9f\u00e9rences Etats-Unis<\/p>\n\n\n\n<p class=\"wp-block-paragraph\"><a href=\"#_ftnref4\" id=\"_ftn4\">[4]<\/a> <em>The White House, Savings from Most-Favored-Nation Drug Pricing Policy, 2025.<\/em><\/p>\n\n\n\n<p class=\"wp-block-paragraph\"><a href=\"#_ftnref5\" id=\"_ftn5\">[5]<\/a> <em>U.S. Food and Drug Administration (FDA), FDA Selects Seven Participants for PreCheck Pilot Program to Advance U.S. Drug Manufacturing, 2025.<\/em><\/p>\n\n\n\n<p class=\"wp-block-paragraph\"><a href=\"#_ftnref6\" id=\"_ftn6\"><\/a>R\u00e9f\u00e9rences Chine:<\/p>\n\n\n\n<p class=\"wp-block-paragraph\"><em><strong>[6]<\/strong><\/em><em>People&rsquo;s Republic of China, Outline of the 15th Five-Year Plan for National Economic and Social Development (2026-2030), 2026.<\/em><\/p>\n\n\n\n<p class=\"wp-block-paragraph\"><a href=\"#_ftnref7\" id=\"_ftn7\"><em><strong>[7]<\/strong><\/em><\/a><em> Center for Security and Emerging Technology (CSET), China&rsquo;s Biotechnology Development Strategy, 2024.<\/em><\/p>\n\n\n\n<p class=\"wp-block-paragraph\"><em>R\u00e9f\u00e9rences Europe<\/em><\/p>\n\n\n\n<p class=\"wp-block-paragraph\"><a href=\"#_ftnref8\" id=\"_ftn8\"><em><strong>[8]<\/strong><\/em><\/a><em> European Commission, Report on the Investigation into Measures and Practices Regarding Medical Devices in China under the International Procurement Instrument (IPI), 2025.<\/em><\/p>\n\n\n\n<p class=\"wp-block-paragraph\"><a href=\"#_ftnref9\" id=\"_ftn9\"><em><strong>[9]<\/strong><\/em><\/a><em>World Health Organization Regional Office for the Eastern Mediterranean (WHO EMRO), Health<\/em><\/p>\n\n\n\n<p class=\"wp-block-paragraph\"><a href=\"#_ftnref10\" id=\"_ftn10\"><em><strong>[10]<\/strong><\/em><\/a><em> EFPIA, R&amp;D Investment Gap between Europe and the United States, 2024<\/em><\/p>\n\n\n\n<p class=\"wp-block-paragraph\"><a href=\"#_ftnref11\" id=\"_ftn11\"><em><strong>[11]<\/strong><\/em><\/a><em> IQVIA for EFPIA &amp; Vaccines Europe, Commercial Clinical Trial Trends in Europe (2013-2023), 2024.<\/em><\/p>\n\n\n\n<p class=\"wp-block-paragraph\"><a href=\"#_ftnref12\" id=\"_ftn12\">[12]<\/a> OECD, <em>Securing Medical Supply Chains in a Post-Pandemic World<\/em>, 2024.<\/p>\n\n\n\n<p class=\"wp-block-paragraph\"><a href=\"#_ftnref13\" id=\"_ftn13\">[13]<\/a> European Commission, <em>European Health Union<\/em>, 2025.<\/p>\n\n\n\n<p class=\"wp-block-paragraph\"><a href=\"#_ftnref14\" id=\"_ftn14\">[14]<\/a><strong> <\/strong>Draghi, M., <em>The Future of European Competitiveness<\/em>, Commission europ\u00e9enne, 2024.<\/p>\n\n\n\n<p class=\"wp-block-paragraph\"><a href=\"#_ftnref15\" id=\"_ftn15\">[15]<\/a> OCDE, <em>Health at a Glance: Europe 2024: State of Health in the EU Cycle<\/em>, \u00c9ditions OCDE, 2024.<\/p>\n\n\n\n<p class=\"wp-block-paragraph\">R\u00e9f\u00e9rences France<\/p>\n\n\n\n<p class=\"wp-block-paragraph\"><a href=\"#_ftnref16\" id=\"_ftn16\"><em><strong>[16]<\/strong><\/em><\/a><em> Pr\u00e9sidence de la R\u00e9publique, Innovation Sant\u00e9 2030 : faire de la France la premi\u00e8re nation europ\u00e9enne innovante et souveraine en sant\u00e9, 2021.<\/em><\/p>\n\n\n\n<p class=\"wp-block-paragraph\"><a href=\"#_ftnref17\" id=\"_ftn17\"><em><strong>[17]<\/strong><\/em><\/a><em> Gouvernement fran\u00e7ais, Agence de l&rsquo;Innovation en Sant\u00e9, feuille de route 2023-2025, 2023.<\/em><\/p>\n\n\n\n<p class=\"wp-block-paragraph\"><\/p>\n","protected":false},"excerpt":{"rendered":"<p>Une s\u00e9rie consacr\u00e9e \u00e0 la sant\u00e9 comme enjeu de puissance, de souverainet\u00e9 et de g\u00e9opolitique. La sant\u00e9 au prisme de la puissance&hellip;<\/p>","protected":false},"author":31737,"featured_media":4555,"comment_status":"closed","ping_status":"closed","sticky":false,"template":"","format":"standard","meta":{"_lmt_disableupdate":"","_lmt_disable":"","footnotes":""},"categories":[5,4,623],"tags":[82,728,168],"class_list":["post-4553","post","type-post","status-publish","format-standard","has-post-thumbnail","hentry","category-international","category-mis-en-avant","category-sante-sciences-recherche","tag-puissance","tag-sante","tag-strategie"],"yoast_head":"<!-- This site is optimized with the Yoast SEO Premium plugin v28.1 (Yoast SEO v28.1) - https:\/\/yoast.com\/product\/yoast-seo-premium-wordpress\/ -->\n<title>Health Beyond Healthcare ou la sant\u00e9 au au del\u00e0 du seul syst\u00e8me de soins | Geopolitics.fr<\/title>\n<meta name=\"description\" content=\"La puissance d&#039;un \u00c9tat n&#039;est pas seulement militaire. Elle d\u00e9pendra aussi de sa capacit\u00e9 \u00e0 faire de la sant\u00e9 un investissement strat\u00e9gique.\" \/>\n<meta name=\"robots\" content=\"index, follow, max-snippet:-1, max-image-preview:large, max-video-preview:-1\" \/>\n<link rel=\"canonical\" href=\"https:\/\/www.geopolitics.fr\/en\/2026\/08\/10\/health-beyond-healthcare-ou-la-sante-au-au-dela-du-seul-systeme-de-soins\/\" \/>\n<meta property=\"og:locale\" content=\"en_GB\" \/>\n<meta property=\"og:type\" content=\"article\" \/>\n<meta property=\"og:title\" content=\"Health Beyond Healthcare ou la sant\u00e9 au au del\u00e0 du seul syst\u00e8me de soins\" \/>\n<meta property=\"og:description\" content=\"La puissance d&#039;un \u00c9tat n&#039;est pas seulement militaire. Elle d\u00e9pendra aussi de sa capacit\u00e9 \u00e0 faire de la sant\u00e9 un investissement strat\u00e9gique.\" \/>\n<meta property=\"og:url\" content=\"https:\/\/www.geopolitics.fr\/en\/2026\/08\/10\/health-beyond-healthcare-ou-la-sante-au-au-dela-du-seul-systeme-de-soins\/\" \/>\n<meta property=\"og:site_name\" content=\"Geopolitics.fr\" \/>\n<meta property=\"article:publisher\" content=\"https:\/\/www.facebook.com\/people\/Erwan-Davoux\/61557098968092\/\" \/>\n<meta property=\"article:published_time\" content=\"2026-08-10T15:30:00+00:00\" \/>\n<meta property=\"og:image\" content=\"https:\/\/www.geopolitics.fr\/wp-content\/uploads\/2026\/08\/SANTE-GEO.jpg\" \/>\n\t<meta property=\"og:image:width\" content=\"1920\" \/>\n\t<meta property=\"og:image:height\" content=\"1280\" \/>\n\t<meta property=\"og:image:type\" content=\"image\/jpeg\" \/>\n<meta name=\"author\" content=\"Diana ISMAIL\" \/>\n<meta name=\"twitter:card\" content=\"summary_large_image\" \/>\n<meta name=\"twitter:creator\" content=\"@Geopolitics_Fr\" \/>\n<meta name=\"twitter:site\" content=\"@Geopolitics_Fr\" \/>\n<meta name=\"twitter:label1\" content=\"Written by\" \/>\n\t<meta name=\"twitter:data1\" content=\"Diana ISMAIL\" \/>\n\t<meta name=\"twitter:label2\" content=\"Estimated reading time\" \/>\n\t<meta name=\"twitter:data2\" content=\"10 minutes\" \/>\n<script type=\"application\/ld+json\" class=\"yoast-schema-graph\">{\"@context\":\"https:\\\/\\\/schema.org\",\"@graph\":[{\"@type\":\"Article\",\"@id\":\"https:\\\/\\\/www.geopolitics.fr\\\/2026\\\/08\\\/10\\\/health-beyond-healthcare-ou-la-sante-au-au-dela-du-seul-systeme-de-soins\\\/#article\",\"isPartOf\":{\"@id\":\"https:\\\/\\\/www.geopolitics.fr\\\/2026\\\/08\\\/10\\\/health-beyond-healthcare-ou-la-sante-au-au-dela-du-seul-systeme-de-soins\\\/\"},\"author\":{\"name\":\"Diana ISMAIL\",\"@id\":\"https:\\\/\\\/www.geopolitics.fr\\\/#\\\/schema\\\/person\\\/b012ff9dadc5eaf3748316c78446f354\"},\"headline\":\"Health Beyond Healthcare ou la sant\u00e9 au au del\u00e0 du seul syst\u00e8me de soins\",\"datePublished\":\"2026-08-10T15:30:00+00:00\",\"mainEntityOfPage\":{\"@id\":\"https:\\\/\\\/www.geopolitics.fr\\\/2026\\\/08\\\/10\\\/health-beyond-healthcare-ou-la-sante-au-au-dela-du-seul-systeme-de-soins\\\/\"},\"wordCount\":2083,\"publisher\":{\"@id\":\"https:\\\/\\\/www.geopolitics.fr\\\/#organization\"},\"image\":{\"@id\":\"https:\\\/\\\/www.geopolitics.fr\\\/2026\\\/08\\\/10\\\/health-beyond-healthcare-ou-la-sante-au-au-dela-du-seul-systeme-de-soins\\\/#primaryimage\"},\"thumbnailUrl\":\"https:\\\/\\\/www.geopolitics.fr\\\/wp-content\\\/uploads\\\/2026\\\/08\\\/SANTE-GEO.jpg\",\"keywords\":[\"puissance\",\"SANTE\",\"STRATEGIE\"],\"articleSection\":[\"International\",\"Mis en AVANT\",\"Sant\u00e9, sciences, recherche\"],\"inLanguage\":\"en-GB\"},{\"@type\":\"WebPage\",\"@id\":\"https:\\\/\\\/www.geopolitics.fr\\\/2026\\\/08\\\/10\\\/health-beyond-healthcare-ou-la-sante-au-au-dela-du-seul-systeme-de-soins\\\/\",\"url\":\"https:\\\/\\\/www.geopolitics.fr\\\/2026\\\/08\\\/10\\\/health-beyond-healthcare-ou-la-sante-au-au-dela-du-seul-systeme-de-soins\\\/\",\"name\":\"Health Beyond Healthcare ou la sant\u00e9 au au del\u00e0 du seul syst\u00e8me de soins | Geopolitics.fr\",\"isPartOf\":{\"@id\":\"https:\\\/\\\/www.geopolitics.fr\\\/#website\"},\"primaryImageOfPage\":{\"@id\":\"https:\\\/\\\/www.geopolitics.fr\\\/2026\\\/08\\\/10\\\/health-beyond-healthcare-ou-la-sante-au-au-dela-du-seul-systeme-de-soins\\\/#primaryimage\"},\"image\":{\"@id\":\"https:\\\/\\\/www.geopolitics.fr\\\/2026\\\/08\\\/10\\\/health-beyond-healthcare-ou-la-sante-au-au-dela-du-seul-systeme-de-soins\\\/#primaryimage\"},\"thumbnailUrl\":\"https:\\\/\\\/www.geopolitics.fr\\\/wp-content\\\/uploads\\\/2026\\\/08\\\/SANTE-GEO.jpg\",\"datePublished\":\"2026-08-10T15:30:00+00:00\",\"description\":\"La puissance d'un \u00c9tat n'est pas seulement militaire. Elle d\u00e9pendra aussi de sa capacit\u00e9 \u00e0 faire de la sant\u00e9 un investissement strat\u00e9gique.\",\"breadcrumb\":{\"@id\":\"https:\\\/\\\/www.geopolitics.fr\\\/2026\\\/08\\\/10\\\/health-beyond-healthcare-ou-la-sante-au-au-dela-du-seul-systeme-de-soins\\\/#breadcrumb\"},\"inLanguage\":\"en-GB\",\"potentialAction\":[{\"@type\":\"ReadAction\",\"target\":[\"https:\\\/\\\/www.geopolitics.fr\\\/2026\\\/08\\\/10\\\/health-beyond-healthcare-ou-la-sante-au-au-dela-du-seul-systeme-de-soins\\\/\"]}]},{\"@type\":\"ImageObject\",\"inLanguage\":\"en-GB\",\"@id\":\"https:\\\/\\\/www.geopolitics.fr\\\/2026\\\/08\\\/10\\\/health-beyond-healthcare-ou-la-sante-au-au-dela-du-seul-systeme-de-soins\\\/#primaryimage\",\"url\":\"https:\\\/\\\/www.geopolitics.fr\\\/wp-content\\\/uploads\\\/2026\\\/08\\\/SANTE-GEO.jpg\",\"contentUrl\":\"https:\\\/\\\/www.geopolitics.fr\\\/wp-content\\\/uploads\\\/2026\\\/08\\\/SANTE-GEO.jpg\",\"width\":1920,\"height\":1280,\"caption\":\"capsules with pills with backlight on\"},{\"@type\":\"BreadcrumbList\",\"@id\":\"https:\\\/\\\/www.geopolitics.fr\\\/2026\\\/08\\\/10\\\/health-beyond-healthcare-ou-la-sante-au-au-dela-du-seul-systeme-de-soins\\\/#breadcrumb\",\"itemListElement\":[{\"@type\":\"ListItem\",\"position\":1,\"name\":\"Accueil\",\"item\":\"https:\\\/\\\/www.geopolitics.fr\\\/\"},{\"@type\":\"ListItem\",\"position\":2,\"name\":\"Health Beyond Healthcare ou la sant\u00e9 au au del\u00e0 du seul syst\u00e8me de soins\"}]},{\"@type\":\"WebSite\",\"@id\":\"https:\\\/\\\/www.geopolitics.fr\\\/#website\",\"url\":\"https:\\\/\\\/www.geopolitics.fr\\\/\",\"name\":\"Geopolitics.fr\",\"description\":\"Geopolitics.fr Analyse politique, relations internationales, d\u00e9fense - ligne \u00e9ditoriale gaullo-chiraquienne\",\"publisher\":{\"@id\":\"https:\\\/\\\/www.geopolitics.fr\\\/#organization\"},\"potentialAction\":[{\"@type\":\"SearchAction\",\"target\":{\"@type\":\"EntryPoint\",\"urlTemplate\":\"https:\\\/\\\/www.geopolitics.fr\\\/?s={search_term_string}\"},\"query-input\":{\"@type\":\"PropertyValueSpecification\",\"valueRequired\":true,\"valueName\":\"search_term_string\"}}],\"inLanguage\":\"en-GB\"},{\"@type\":\"Organization\",\"@id\":\"https:\\\/\\\/www.geopolitics.fr\\\/#organization\",\"name\":\"Geopolitics.fr\",\"url\":\"https:\\\/\\\/www.geopolitics.fr\\\/\",\"logo\":{\"@type\":\"ImageObject\",\"inLanguage\":\"en-GB\",\"@id\":\"https:\\\/\\\/www.geopolitics.fr\\\/#\\\/schema\\\/logo\\\/image\\\/\",\"url\":\"https:\\\/\\\/www.geopolitics.fr\\\/wp-content\\\/uploads\\\/2024\\\/01\\\/logo.jpg\",\"contentUrl\":\"https:\\\/\\\/www.geopolitics.fr\\\/wp-content\\\/uploads\\\/2024\\\/01\\\/logo.jpg\",\"width\":500,\"height\":500,\"caption\":\"Geopolitics.fr\"},\"image\":{\"@id\":\"https:\\\/\\\/www.geopolitics.fr\\\/#\\\/schema\\\/logo\\\/image\\\/\"},\"sameAs\":[\"https:\\\/\\\/www.facebook.com\\\/people\\\/Erwan-Davoux\\\/61557098968092\\\/\",\"https:\\\/\\\/x.com\\\/Geopolitics_Fr\"]},{\"@type\":\"Person\",\"@id\":\"https:\\\/\\\/www.geopolitics.fr\\\/#\\\/schema\\\/person\\\/b012ff9dadc5eaf3748316c78446f354\",\"name\":\"Diana ISMAIL\",\"image\":{\"@type\":\"ImageObject\",\"inLanguage\":\"en-GB\",\"@id\":\"https:\\\/\\\/www.geopolitics.fr\\\/wp-content\\\/uploads\\\/2026\\\/08\\\/Image-diana-96x96.jpg\",\"url\":\"https:\\\/\\\/www.geopolitics.fr\\\/wp-content\\\/uploads\\\/2026\\\/08\\\/Image-diana-96x96.jpg\",\"contentUrl\":\"https:\\\/\\\/www.geopolitics.fr\\\/wp-content\\\/uploads\\\/2026\\\/08\\\/Image-diana-96x96.jpg\",\"caption\":\"Diana ISMAIL\"},\"description\":\"Diana ISMAIL est une professionnelle des affaires publiques en sant\u00e9, forte de neuf ann\u00e9es d'exp\u00e9rience dans l'industrie pharmaceutique. Elle a \u00e9galement exerc\u00e9 au sein de l'Ambassade de France en Alg\u00e9rie. Passionn\u00e9e par les relations internationales, elle s'int\u00e9resse aux interactions entre sant\u00e9, innovation, souverainet\u00e9 et g\u00e9opolitique. Ses travaux s'inscrivent dans une r\u00e9flexion plus large, Health Beyond Healthcare, consacr\u00e9e \u00e0 la sant\u00e9 comme enjeu de puissance dans les relations internationales.\",\"url\":\"https:\\\/\\\/www.geopolitics.fr\\\/en\\\/author\\\/ismail-diana\\\/\"}]}<\/script>\n<!-- \/ Yoast SEO Premium plugin. -->","yoast_head_json":{"title":"Health Beyond Healthcare ou la sant\u00e9 au au del\u00e0 du seul syst\u00e8me de soins | Geopolitics.fr","description":"La puissance d'un \u00c9tat n'est pas seulement militaire. Elle d\u00e9pendra aussi de sa capacit\u00e9 \u00e0 faire de la sant\u00e9 un investissement strat\u00e9gique.","robots":{"index":"index","follow":"follow","max-snippet":"max-snippet:-1","max-image-preview":"max-image-preview:large","max-video-preview":"max-video-preview:-1"},"canonical":"https:\/\/www.geopolitics.fr\/en\/2026\/08\/10\/health-beyond-healthcare-ou-la-sante-au-au-dela-du-seul-systeme-de-soins\/","og_locale":"en_GB","og_type":"article","og_title":"Health Beyond Healthcare ou la sant\u00e9 au au del\u00e0 du seul syst\u00e8me de soins","og_description":"La puissance d'un \u00c9tat n'est pas seulement militaire. Elle d\u00e9pendra aussi de sa capacit\u00e9 \u00e0 faire de la sant\u00e9 un investissement strat\u00e9gique.","og_url":"https:\/\/www.geopolitics.fr\/en\/2026\/08\/10\/health-beyond-healthcare-ou-la-sante-au-au-dela-du-seul-systeme-de-soins\/","og_site_name":"Geopolitics.fr","article_publisher":"https:\/\/www.facebook.com\/people\/Erwan-Davoux\/61557098968092\/","article_published_time":"2026-08-10T15:30:00+00:00","og_image":[{"width":1920,"height":1280,"url":"https:\/\/www.geopolitics.fr\/wp-content\/uploads\/2026\/08\/SANTE-GEO.jpg","type":"image\/jpeg"}],"author":"Diana ISMAIL","twitter_card":"summary_large_image","twitter_creator":"@Geopolitics_Fr","twitter_site":"@Geopolitics_Fr","twitter_misc":{"Written by":"Diana ISMAIL","Estimated reading time":"10 minutes"},"schema":{"@context":"https:\/\/schema.org","@graph":[{"@type":"Article","@id":"https:\/\/www.geopolitics.fr\/2026\/08\/10\/health-beyond-healthcare-ou-la-sante-au-au-dela-du-seul-systeme-de-soins\/#article","isPartOf":{"@id":"https:\/\/www.geopolitics.fr\/2026\/08\/10\/health-beyond-healthcare-ou-la-sante-au-au-dela-du-seul-systeme-de-soins\/"},"author":{"name":"Diana ISMAIL","@id":"https:\/\/www.geopolitics.fr\/#\/schema\/person\/b012ff9dadc5eaf3748316c78446f354"},"headline":"Health Beyond Healthcare ou la sant\u00e9 au au del\u00e0 du seul syst\u00e8me de soins","datePublished":"2026-08-10T15:30:00+00:00","mainEntityOfPage":{"@id":"https:\/\/www.geopolitics.fr\/2026\/08\/10\/health-beyond-healthcare-ou-la-sante-au-au-dela-du-seul-systeme-de-soins\/"},"wordCount":2083,"publisher":{"@id":"https:\/\/www.geopolitics.fr\/#organization"},"image":{"@id":"https:\/\/www.geopolitics.fr\/2026\/08\/10\/health-beyond-healthcare-ou-la-sante-au-au-dela-du-seul-systeme-de-soins\/#primaryimage"},"thumbnailUrl":"https:\/\/www.geopolitics.fr\/wp-content\/uploads\/2026\/08\/SANTE-GEO.jpg","keywords":["puissance","SANTE","STRATEGIE"],"articleSection":["International","Mis en AVANT","Sant\u00e9, sciences, recherche"],"inLanguage":"en-GB"},{"@type":"WebPage","@id":"https:\/\/www.geopolitics.fr\/2026\/08\/10\/health-beyond-healthcare-ou-la-sante-au-au-dela-du-seul-systeme-de-soins\/","url":"https:\/\/www.geopolitics.fr\/2026\/08\/10\/health-beyond-healthcare-ou-la-sante-au-au-dela-du-seul-systeme-de-soins\/","name":"Health Beyond Healthcare ou la sant\u00e9 au au del\u00e0 du seul syst\u00e8me de soins | Geopolitics.fr","isPartOf":{"@id":"https:\/\/www.geopolitics.fr\/#website"},"primaryImageOfPage":{"@id":"https:\/\/www.geopolitics.fr\/2026\/08\/10\/health-beyond-healthcare-ou-la-sante-au-au-dela-du-seul-systeme-de-soins\/#primaryimage"},"image":{"@id":"https:\/\/www.geopolitics.fr\/2026\/08\/10\/health-beyond-healthcare-ou-la-sante-au-au-dela-du-seul-systeme-de-soins\/#primaryimage"},"thumbnailUrl":"https:\/\/www.geopolitics.fr\/wp-content\/uploads\/2026\/08\/SANTE-GEO.jpg","datePublished":"2026-08-10T15:30:00+00:00","description":"La puissance d'un \u00c9tat n'est pas seulement militaire. Elle d\u00e9pendra aussi de sa capacit\u00e9 \u00e0 faire de la sant\u00e9 un investissement strat\u00e9gique.","breadcrumb":{"@id":"https:\/\/www.geopolitics.fr\/2026\/08\/10\/health-beyond-healthcare-ou-la-sante-au-au-dela-du-seul-systeme-de-soins\/#breadcrumb"},"inLanguage":"en-GB","potentialAction":[{"@type":"ReadAction","target":["https:\/\/www.geopolitics.fr\/2026\/08\/10\/health-beyond-healthcare-ou-la-sante-au-au-dela-du-seul-systeme-de-soins\/"]}]},{"@type":"ImageObject","inLanguage":"en-GB","@id":"https:\/\/www.geopolitics.fr\/2026\/08\/10\/health-beyond-healthcare-ou-la-sante-au-au-dela-du-seul-systeme-de-soins\/#primaryimage","url":"https:\/\/www.geopolitics.fr\/wp-content\/uploads\/2026\/08\/SANTE-GEO.jpg","contentUrl":"https:\/\/www.geopolitics.fr\/wp-content\/uploads\/2026\/08\/SANTE-GEO.jpg","width":1920,"height":1280,"caption":"capsules with pills with backlight on"},{"@type":"BreadcrumbList","@id":"https:\/\/www.geopolitics.fr\/2026\/08\/10\/health-beyond-healthcare-ou-la-sante-au-au-dela-du-seul-systeme-de-soins\/#breadcrumb","itemListElement":[{"@type":"ListItem","position":1,"name":"Accueil","item":"https:\/\/www.geopolitics.fr\/"},{"@type":"ListItem","position":2,"name":"Health Beyond Healthcare ou la sant\u00e9 au au del\u00e0 du seul syst\u00e8me de soins"}]},{"@type":"WebSite","@id":"https:\/\/www.geopolitics.fr\/#website","url":"https:\/\/www.geopolitics.fr\/","name":"Geopolitics.fr","description":"Geopolitics.fr Analyse politique, relations internationales, d\u00e9fense - ligne \u00e9ditoriale gaullo-chiraquienne","publisher":{"@id":"https:\/\/www.geopolitics.fr\/#organization"},"potentialAction":[{"@type":"SearchAction","target":{"@type":"EntryPoint","urlTemplate":"https:\/\/www.geopolitics.fr\/?s={search_term_string}"},"query-input":{"@type":"PropertyValueSpecification","valueRequired":true,"valueName":"search_term_string"}}],"inLanguage":"en-GB"},{"@type":"Organization","@id":"https:\/\/www.geopolitics.fr\/#organization","name":"Geopolitics.fr","url":"https:\/\/www.geopolitics.fr\/","logo":{"@type":"ImageObject","inLanguage":"en-GB","@id":"https:\/\/www.geopolitics.fr\/#\/schema\/logo\/image\/","url":"https:\/\/www.geopolitics.fr\/wp-content\/uploads\/2024\/01\/logo.jpg","contentUrl":"https:\/\/www.geopolitics.fr\/wp-content\/uploads\/2024\/01\/logo.jpg","width":500,"height":500,"caption":"Geopolitics.fr"},"image":{"@id":"https:\/\/www.geopolitics.fr\/#\/schema\/logo\/image\/"},"sameAs":["https:\/\/www.facebook.com\/people\/Erwan-Davoux\/61557098968092\/","https:\/\/x.com\/Geopolitics_Fr"]},{"@type":"Person","@id":"https:\/\/www.geopolitics.fr\/#\/schema\/person\/b012ff9dadc5eaf3748316c78446f354","name":"Diana ISMAIL","image":{"@type":"ImageObject","inLanguage":"en-GB","@id":"https:\/\/www.geopolitics.fr\/wp-content\/uploads\/2026\/08\/Image-diana-96x96.jpg","url":"https:\/\/www.geopolitics.fr\/wp-content\/uploads\/2026\/08\/Image-diana-96x96.jpg","contentUrl":"https:\/\/www.geopolitics.fr\/wp-content\/uploads\/2026\/08\/Image-diana-96x96.jpg","caption":"Diana ISMAIL"},"description":"Diana ISMAIL est une professionnelle des affaires publiques en sant\u00e9, forte de neuf ann\u00e9es d'exp\u00e9rience dans l'industrie pharmaceutique. Elle a \u00e9galement exerc\u00e9 au sein de l'Ambassade de France en Alg\u00e9rie. Passionn\u00e9e par les relations internationales, elle s'int\u00e9resse aux interactions entre sant\u00e9, innovation, souverainet\u00e9 et g\u00e9opolitique. Ses travaux s'inscrivent dans une r\u00e9flexion plus large, Health Beyond Healthcare, consacr\u00e9e \u00e0 la sant\u00e9 comme enjeu de puissance dans les relations internationales.","url":"https:\/\/www.geopolitics.fr\/en\/author\/ismail-diana\/"}]}},"_links":{"self":[{"href":"https:\/\/www.geopolitics.fr\/en\/wp-json\/wp\/v2\/posts\/4553","targetHints":{"allow":["GET"]}}],"collection":[{"href":"https:\/\/www.geopolitics.fr\/en\/wp-json\/wp\/v2\/posts"}],"about":[{"href":"https:\/\/www.geopolitics.fr\/en\/wp-json\/wp\/v2\/types\/post"}],"author":[{"embeddable":true,"href":"https:\/\/www.geopolitics.fr\/en\/wp-json\/wp\/v2\/users\/31737"}],"replies":[{"embeddable":true,"href":"https:\/\/www.geopolitics.fr\/en\/wp-json\/wp\/v2\/comments?post=4553"}],"version-history":[{"count":1,"href":"https:\/\/www.geopolitics.fr\/en\/wp-json\/wp\/v2\/posts\/4553\/revisions"}],"predecessor-version":[{"id":4556,"href":"https:\/\/www.geopolitics.fr\/en\/wp-json\/wp\/v2\/posts\/4553\/revisions\/4556"}],"wp:featuredmedia":[{"embeddable":true,"href":"https:\/\/www.geopolitics.fr\/en\/wp-json\/wp\/v2\/media\/4555"}],"wp:attachment":[{"href":"https:\/\/www.geopolitics.fr\/en\/wp-json\/wp\/v2\/media?parent=4553"}],"wp:term":[{"taxonomy":"category","embeddable":true,"href":"https:\/\/www.geopolitics.fr\/en\/wp-json\/wp\/v2\/categories?post=4553"},{"taxonomy":"post_tag","embeddable":true,"href":"https:\/\/www.geopolitics.fr\/en\/wp-json\/wp\/v2\/tags?post=4553"}],"curies":[{"name":"wp","href":"https:\/\/api.w.org\/{rel}","templated":true}]}}