{"id":4546,"date":"2026-08-04T09:49:22","date_gmt":"2026-08-04T07:49:22","guid":{"rendered":"https:\/\/www.geopolitics.fr\/?p=4546"},"modified":"2026-08-04T09:49:25","modified_gmt":"2026-08-04T07:49:25","slug":"la-relation-franco-marocaine-dun-heritage-historique-a-un-partenariat-strategique","status":"publish","type":"post","link":"https:\/\/www.geopolitics.fr\/en\/2026\/08\/04\/la-relation-franco-marocaine-dun-heritage-historique-a-un-partenariat-strategique\/","title":{"rendered":"La relation franco-marocaine : d&rsquo;un h\u00e9ritage historique \u00e0 un partenariat strat\u00e9gique"},"content":{"rendered":"<p class=\"has-medium-font-size wp-block-paragraph\">Depuis le tournant des ann\u00e9es 2000, et plus nettement encore ces derni\u00e8res ann\u00e9es, Rabat a progressivement \u00e9largi son horizon strat\u00e9gique bien au-del\u00e0 de son environnement imm\u00e9diat : s\u00e9curit\u00e9, \u00e9nergie, industrie, infrastructures, connectivit\u00e9, Afrique, Atlantique. Le Royaume occupe d\u00e9sormais une place qui ne se laisse plus saisir \u00e0 travers les seules grilles de lecture h\u00e9rit\u00e9es du pass\u00e9. Il p\u00e8se davantage dans les \u00e9quilibres r\u00e9gionaux, fixe ses priorit\u00e9s selon ses propres int\u00e9r\u00eats et affirme une autonomie strat\u00e9gique qui conduit ses partenaires, \u00e0 commencer par la France, \u00e0 renouveler leur regard sur son \u00e9volution, sur ses ambitions et sur la place qu\u2019il entend d\u00e9sormais occuper.<\/p>\n\n\n\n<p class=\"has-medium-font-size wp-block-paragraph\">Le Premier ministre S\u00e9bastien Lecornu s&rsquo;est rendu \u00e0 Rabat le 16 juillet 2026 pour la 15\u1d49 R\u00e9union de Haut Niveau franco-marocaine. Apr\u00e8s les tensions diplomatiques de 2021-2023, Paris et Rabat ont progressivement repris le fil d&rsquo;un dialogue politique que la crise avait fragilis\u00e9.<\/p>\n\n\n\n<p class=\"has-medium-font-size wp-block-paragraph\">Pour Paris, le Maroc occupe une place singuli\u00e8re dans une r\u00e9gion en recomposition. \u00c0 la crois\u00e9e de plusieurs espaces strat\u00e9giques, fort de sa stabilit\u00e9 institutionnelle et de ses r\u00e9seaux africains, le Royaume appara\u00eet comme un partenaire strat\u00e9gique pour une France confront\u00e9e \u00e0 la n\u00e9cessit\u00e9 de red\u00e9finir son r\u00f4le sur le continent apr\u00e8s le recul de sa pr\u00e9sence au Sahel depuis 2022.<\/p>\n\n\n\n<p class=\"has-medium-font-size wp-block-paragraph\">Pour Rabat, \u00e0 l&rsquo;inverse, le rapprochement avec Paris s&rsquo;inscrit dans une strat\u00e9gie plus large de diversification des partenariats : \u00c9tats-Unis, Europe, Golfe, Afrique subsaharienne, puissances \u00e9mergentes. La diplomatie marocaine ne repose plus sur une relation privil\u00e9gi\u00e9e et unique, mais sur la construction d&rsquo;un r\u00e9seau d&rsquo;alliances multiples destin\u00e9 \u00e0 consolider son autonomie strat\u00e9gique.<\/p>\n\n\n\n<p class=\"has-medium-font-size wp-block-paragraph\">C&rsquo;est cette \u00e9volution qu&rsquo;il convient d&rsquo;interroger : le rapprochement engag\u00e9 depuis 2024 constitue-t-il seulement une sortie de crise entre Paris et Rabat, ou r\u00e9v\u00e8le-t-il une red\u00e9finition plus large du partenariat franco-marocain dans un espace m\u00e9diterran\u00e9en, africain et atlantique en recomposition ?<\/p>\n\n\n\n<h2 id=\"h-vers-un-partenariat-strategique-renouvele\" class=\"wp-block-heading\">Vers un partenariat strat\u00e9gique renouvel\u00e9<\/h2>\n\n\n\n<h3 id=\"h-une-relation-appelee-a-changer-de-nature\" class=\"wp-block-heading has-medium-font-size\">Une relation appel\u00e9e \u00e0 changer de nature<\/h3>\n\n\n\n<p class=\"has-medium-font-size wp-block-paragraph\">La relation franco-marocaine se trouve aujourd\u2019hui \u00e0 un tournant de son histoire. H\u00e9riti\u00e8re d\u2019un lien exceptionnel et d\u2019une histoire singuli\u00e8re, elle ne peut plus \u00eatre comprise \u00e0 travers la seule proximit\u00e9 qui l\u2019a longtemps d\u00e9finie.Le Maroc qui dialogue avec Paris en 2026 n&rsquo;est plus tout \u00e0 fait celui que la diplomatie fran\u00e7aise a connu ces derni\u00e8res ann\u00e9es.<\/p>\n\n\n\n<p class=\"has-medium-font-size wp-block-paragraph\">Deux d\u00e9cennies ont suffi \u00e0 modifier les \u00e9quilibres de la relation bilat\u00e9rale. Durant ces ann\u00e9es, Rabat a renforc\u00e9 son autonomie diplomatique, diversifi\u00e9 ses partenariats et d\u00e9velopp\u00e9 une capacit\u00e9 d&rsquo;initiative qui d\u00e9passe le seul espace maghr\u00e9bin : en Afrique, dans l&rsquo;Atlantique, sur les questions \u00e9nerg\u00e9tiques ou d&rsquo;infrastructures, le Royaume cherche \u00e0 s&rsquo;affirmer comme un point d&rsquo;articulation entre plusieurs espaces strat\u00e9giques.<\/p>\n\n\n\n<p class=\"has-medium-font-size wp-block-paragraph\">La crise diplomatique de 2021-2023 a, \u00e0 cet \u00e9gard, agi comme un r\u00e9v\u00e9lateur. Les tensions autour des visas, les d\u00e9saccords politiques et le ralentissement du dialogue bilat\u00e9ral ont ouvert une p\u00e9riode de distance entre les deux gouvernements, mais ils ont surtout d\u00e9voil\u00e9 un \u00e9cart croissant entre certaines perceptions fran\u00e7aises du Maroc et les transformations profondes du Royaume. Pour Paris, l&rsquo;enjeu n&rsquo;\u00e9tait donc pas seulement de r\u00e9tablir une relation fragilis\u00e9e, mais de reconna\u00eetre la transformation d&rsquo;un partenaire d\u00e9sormais r\u00e9solu \u00e0 d\u00e9finir ses propres priorit\u00e9s internationales<\/p>\n\n\n\n<p class=\"has-medium-font-size wp-block-paragraph\">On mesure la place qu&rsquo;occupe, dans cette \u00ab nouvelle \u00bb diplomatie, le dossier du Sahara occidental \u00e0 la formule qu&#8217;employait le Roi Mohammed VI d\u00e8s ao\u00fbt 2022 : \u00ab Le dossier du Sahara est le prisme \u00e0 travers lequel le Maroc consid\u00e8re son environnement international \u00bb, l&rsquo;\u00ab aune qui mesure la sinc\u00e9rit\u00e9 des amiti\u00e9s et l&rsquo;efficacit\u00e9 des partenariats \u00bb\u00b9. Moins qu&rsquo;un simple contentieux territorial, ce dossier est devenu un barom\u00e8tre de la confiance entre le Maroc et ses partenaires. Il reste l&rsquo;un des principaux rep\u00e8res de la diplomatie marocaine.<\/p>\n\n\n\n<p class=\"has-medium-font-size wp-block-paragraph\">La reconnaissance fran\u00e7aise, en 2024, de la position marocaine sur le Sahara occidental a repr\u00e9sent\u00e9 bien davantage qu&rsquo;un geste diplomatique : elle a lev\u00e9 l&rsquo;un des principaux obstacles politiques entre les deux pays et ouvert une nouvelle s\u00e9quence politique entre Paris et Rabat. Elle ne r\u00e9sume pas \u00e0 elle seule la relation franco-marocaine, mais elle en constitue ainsi le point de bascule : celui qui permet de passer d&rsquo;un rapport longtemps structur\u00e9 par l&rsquo;histoire \u00e0 un partenariat qui repose sur la convergence d&rsquo;int\u00e9r\u00eats. La visite du chef d&rsquo;\u00c9tat fran\u00e7ais Emmanuel Macron au Maroc en octobre 2024, marqu\u00e9e par l&rsquo;annonce d&rsquo;un \u00ab partenariat d&rsquo;exception renforc\u00e9 \u00bb, appara\u00eet ainsi comme le symbole de cette inflexion majeure dans la relation entre les deux pays\u00b2.<\/p>\n\n\n\n<h3 id=\"h-changer-d-echelle-une-nouvelle-gouvernance-bilaterale\" class=\"wp-block-heading has-medium-font-size\">Changer d&rsquo;\u00e9chelle : une nouvelle gouvernance bilat\u00e9rale<\/h3>\n\n\n\n<p class=\"has-medium-font-size wp-block-paragraph\">Premier rendez-vous interminist\u00e9riel de cette ampleur depuis 2019, la rencontre du 16 juillet dernier marque le passage d&rsquo;une impulsion politique port\u00e9e au plus haut niveau vers une nouvelle \u00e9tape de la relation bilat\u00e9rale, d\u00e9sormais appel\u00e9e \u00e0 se traduire dans les politiques publiques et les coop\u00e9rations concr\u00e8tes.<\/p>\n\n\n\n<p class=\"has-medium-font-size wp-block-paragraph\">\u00c0 Rabat, la d\u00e9l\u00e9gation fran\u00e7aise conduite par S\u00e9bastien Lecornu traduit le passage du rapprochement engag\u00e9 depuis 2024 vers une coop\u00e9ration port\u00e9e d\u00e9sormais au niveau gouvernemental : douze ministres fran\u00e7ais ont particip\u00e9 aux travaux ; au total, vingt-deux ministres fran\u00e7ais et marocains ont pris part aux \u00e9changes, dans le prolongement de plus de quarante rencontres de haut niveau recens\u00e9es par Rabat en moins de deux ans. Une dizaine d&rsquo;accords ont \u00e9t\u00e9 sign\u00e9s : \u00e9conomie, s\u00e9curit\u00e9, immigration, d\u00e9fense, infrastructures, recherche, culture. Les projets annonc\u00e9s t\u00e9moignent \u00e9galement d&rsquo;une volont\u00e9 de projection commune : prolongement de la ligne \u00e0 grande vitesse vers Marrakech, d\u00e9veloppement d&rsquo;un r\u00e9seau ferroviaire r\u00e9gional autour de Rabat, ainsi qu&rsquo;un m\u00e9morandum portant sur la coop\u00e9ration dans le domaine de l&rsquo;industrie de d\u00e9fense\u00b3.<\/p>\n\n\n\n<p class=\"has-medium-font-size wp-block-paragraph\">La visite du roi Mohammed VI en France, annonc\u00e9e pour l\u2019automne 2026, pourrait constituer une \u00e9tape majeure dans la relation entre les deux pays ; elle consacrerait l\u2019ancrage politique de cette nouvelle phase et donnerait aux engagements pris une perspective de long terme.<\/p>\n\n\n\n<h3 id=\"h-securite-renseignement-et-stabilite-regionale\" class=\"wp-block-heading has-medium-font-size\">S\u00e9curit\u00e9, renseignement et stabilit\u00e9 r\u00e9gionale<\/h3>\n\n\n\n<p class=\"has-medium-font-size wp-block-paragraph\">La coop\u00e9ration s\u00e9curitaire occupe une place singuli\u00e8re dans la relation franco-marocaine : elle est l&rsquo;un des rares domaines o\u00f9 la continuit\u00e9 a souvent r\u00e9sist\u00e9 aux tensions politiques. Au fil des ann\u00e9es, elle est devenue un v\u00e9ritable point d&rsquo;ancrage strat\u00e9gique entre les deux pays. Terrorisme, criminalit\u00e9 organis\u00e9e transnationale, cybermenaces, contr\u00f4le des fronti\u00e8res ou protection des infrastructures sensibles : les champs de coop\u00e9ration se sont \u00e9tendus \u00e0 mesure que les crises r\u00e9gionales imposaient de nouvelles exigences de s\u00e9curit\u00e9.<\/p>\n\n\n\n<p class=\"has-medium-font-size wp-block-paragraph\">Depuis les attentats qui ont frapp\u00e9 l&rsquo;Europe \u00e0 partir de 2015, le Maroc a consolid\u00e9 sa place dans les dispositifs antiterroristes. Le Bureau central d&rsquo;investigations judiciaires (BCIJ), cr\u00e9\u00e9 cette m\u00eame ann\u00e9e, s&rsquo;est impos\u00e9 comme un acteur central du dispositif antiterroriste marocain ; les autorit\u00e9s marocaines font r\u00e9guli\u00e8rement \u00e9tat de nombreuses op\u00e9rations de d\u00e9mant\u00e8lement de cellules terroristes depuis sa cr\u00e9ation\u2074.<\/p>\n\n\n\n<p class=\"has-medium-font-size wp-block-paragraph\">Plusieurs projets d&rsquo;attentats en France et en Belgique ont \u00e9galement \u00e9t\u00e9 d\u00e9jou\u00e9s, selon les autorit\u00e9s fran\u00e7aises et europ\u00e9ennes, gr\u00e2ce \u00e0 des informations transmises par Rabat &#8211; une coop\u00e9ration qui s&rsquo;inscrit dans un cadre plus large d&rsquo;\u00e9changes s\u00e9curitaires et judiciaires avec les partenaires europ\u00e9ens\u2075. Avec Madrid, cette coop\u00e9ration atteint un degr\u00e9 d&rsquo;int\u00e9gration plus avanc\u00e9 : plus de trente op\u00e9rations conjointes et 150 arrestations depuis 2014, un bilan que les autorit\u00e9s espagnoles qualifient elles-m\u00eames de \u00ab pilier fondamental \u00bb de leur s\u00e9curit\u00e9 int\u00e9rieure\u2076.<\/p>\n\n\n\n<p class=\"has-medium-font-size wp-block-paragraph\">Par ailleurs, cette importance s\u00e9curitaire tient aussi \u00e0 la position g\u00e9ographique du Royaume. Au croisement de l&rsquo;Europe, de l&rsquo;Afrique du Nord, de l&rsquo;Atlantique et de l&rsquo;Afrique subsaharienne, le Maroc occupe un espace d&rsquo;observation privil\u00e9gi\u00e9 des circulations humaines, \u00e9conomiques et s\u00e9curitaires qui traversent ces r\u00e9gions.<\/p>\n\n\n\n<p class=\"has-medium-font-size wp-block-paragraph\">Pour la France, le rapprochement avec Rabat prend une dimension nouvelle alors que son r\u00f4le en Afrique conna\u00eet une phase de red\u00e9finition. Les retraits successifs du Mali, du Burkina Faso et du Niger ont montr\u00e9 les limites d&rsquo;un mod\u00e8le d&rsquo;action longtemps fond\u00e9 sur une pr\u00e9sence directe. Le Maroc appara\u00eet d\u00e8s lors sous un autre regard : non plus seulement comme un partenaire r\u00e9gional, mais comme un acteur capable de relier plusieurs espaces, de s&rsquo;appuyer sur ses propres r\u00e9seaux et d&rsquo;offrir \u00e0 Paris un point d&rsquo;appui dans une Afrique o\u00f9 les \u00e9quilibres de puissance se recomposent.<\/p>\n\n\n\n<p class=\"has-medium-font-size wp-block-paragraph\">Enfin, la force de cette coop\u00e9ration tient \u00e0 sa r\u00e9sistance aux p\u00e9riodes de tension. La crise diplomatique de 2021-2023 n\u2019a interrompu ni les \u00e9changes de renseignement ni la coop\u00e9ration antiterroriste. La s\u00e9curit\u00e9 demeure ainsi l\u2019un des domaines o\u00f9 Paris et Rabat ont conserv\u00e9 une continuit\u00e9 particuli\u00e8rement forte, en raison notamment de la position du Maroc, au carrefour de l\u2019Europe, de l\u2019Afrique du Nord, de l\u2019Atlantique et de l\u2019Afrique subsaharienne.<\/p>\n\n\n\n<h2 id=\"h-le-maroc-puissance-d-interface-entre-l-europe-l-afrique-et-l-atlantique\" class=\"wp-block-heading\">Le Maroc, puissance d&rsquo;interface entre l&rsquo;Europe, l&rsquo;Afrique et l&rsquo;Atlantique<\/h2>\n\n\n\n<h3 id=\"h-un-maroc-trait-d-union\" class=\"wp-block-heading has-medium-font-size\">Un Maroc \u00ab trait d&rsquo;union \u00bb<\/h3>\n\n\n\n<p class=\"has-medium-font-size wp-block-paragraph\">L&rsquo;expression de \u00ab trait d&rsquo;union \u00bb, souvent associ\u00e9e \u00e0 la vision internationale du roi Hassan II, conserve toute son actualit\u00e9. Elle r\u00e9sume une ambition ancienne : faire de la position g\u00e9ographique du Maroc un v\u00e9ritable atout politique. Le Royaume regarde aujourd&rsquo;hui au-del\u00e0 du Maghreb et renforce ses liens avec l&rsquo;Europe, l&rsquo;Afrique subsaharienne et l&rsquo;espace atlantique. Sa g\u00e9ographie, ses infrastructures et son r\u00e9seau diplomatique lui permettent d&rsquo;occuper une place de plus en plus importante entre ces diff\u00e9rents espaces.<\/p>\n\n\n\n<p class=\"has-medium-font-size wp-block-paragraph\">La mont\u00e9e en puissance \u00e9conomique du Maroc nourrit \u00e9galement une autre ambition : faire de sa position g\u00e9ographique un v\u00e9ritable point de connexion entre plusieurs espaces. Selon le Fonds mon\u00e9taire international, le Royaume figurait en 2025 parmi les cinq premi\u00e8res \u00e9conomies africaines\u2077. Derri\u00e8re cette progression appara\u00eet une strat\u00e9gie de long terme : relier les march\u00e9s m\u00e9diterran\u00e9ens, africains et atlantiques, et inscrire le Maroc au c\u0153ur de nouveaux \u00e9changes \u00e9conomiques. Pour la France, l&rsquo;int\u00e9r\u00eat strat\u00e9gique du Royaume d\u00e9passe d\u00e9sormais le seul cadre bilat\u00e9ral. En Afrique, o\u00f9 les influences ext\u00e9rieures s&rsquo;intensifient, avec la pr\u00e9sence croissante de la Chine, de la Russie, de la Turquie ou des pays du Golfe, Rabat appara\u00eet comme un partenaire capable de maintenir des liens avec plusieurs r\u00e9gions et de favoriser de nouvelles coop\u00e9rations.<\/p>\n\n\n\n<p class=\"has-medium-font-size wp-block-paragraph\">L&rsquo;organisation de la Coupe du monde 2030, aux c\u00f4t\u00e9s de l&rsquo;Espagne et du Portugal, offre au Maroc une visibilit\u00e9 internationale nouvelle. Au-del\u00e0 de l&rsquo;\u00e9v\u00e9nement sportif, elle permettra \u00e0 Rabat de valoriser ses infrastructures, son attractivit\u00e9 et sa position entre l&rsquo;Europe et l&rsquo;Afrique\u2078.<\/p>\n\n\n\n<p class=\"has-medium-font-size wp-block-paragraph\">La capacit\u00e9 \u00e0 accueillir de tels \u00e9v\u00e9nements conforte \u00e9galement l&rsquo;image d&rsquo;un pays capable de mener des projets d&rsquo;envergure. Sa stabilit\u00e9 institutionnelle constitue un atout important, \u00e0 la fois pour attirer les investisseurs et pour conforter sa position aupr\u00e8s de ses partenaires europ\u00e9ens et africains.<\/p>\n\n\n\n<h3 id=\"h-une-plateforme-industrielle-et-logistique-en-construction\" class=\"wp-block-heading has-medium-font-size\">Une plateforme industrielle et logistique en construction<\/h3>\n\n\n\n<p class=\"has-medium-font-size wp-block-paragraph\">Le complexe portuaire de Tanger Med en est le meilleur symbole. Premier port de M\u00e9diterran\u00e9e et l&rsquo;un des principaux ports d&rsquo;Afrique, il relie les march\u00e9s europ\u00e9ens, africains et asiatiques et fait du Maroc un espace de circulation capable d&rsquo;attirer des investissements et de s&rsquo;int\u00e9grer dans les grandes cha\u00eenes de valeur internationales\u2079. Nador West Med et le d\u00e9veloppement du port de Dakhla participent d&rsquo;une m\u00eame ambition : faire de la fa\u00e7ade maritime marocaine un espace d&rsquo;ouverture vers l&rsquo;Afrique et l&rsquo;Atlantique.<\/p>\n\n\n\n<p class=\"has-medium-font-size wp-block-paragraph\">L&rsquo;essor touche aussi les fili\u00e8res industrielles : automobile, a\u00e9ronautique, ferroviaire, agro-industrie. Le Maroc a d\u00e9pass\u00e9, secteur apr\u00e8s secteur, une logique limit\u00e9e \u00e0 l&rsquo;assemblage pour d\u00e9velopper des comp\u00e9tences plus sp\u00e9cialis\u00e9es : le secteur a\u00e9ronautique en offre une bonne illustration, avec l&rsquo;installation de groupes internationaux et la constitution progressive d&rsquo;\u00e9cosyst\u00e8mes qui associent entreprises, formation et comp\u00e9tences techniques\u00b9\u2070. Royal Air Maroc participe de la m\u00eame strat\u00e9gie de connexion, en renfor\u00e7ant les liaisons entre l&rsquo;Afrique, l&rsquo;Europe et d&rsquo;autres espaces internationaux.<\/p>\n\n\n\n<h3 id=\"h-une-puissance-atlantique-en-construction\" class=\"wp-block-heading has-medium-font-size\">Une puissance atlantique en construction<\/h3>\n\n\n\n<p class=\"has-medium-font-size wp-block-paragraph\">Longtemps regard\u00e9 \u00e0 travers son seul ancrage m\u00e9diterran\u00e9en, le Maroc donne aujourd&rsquo;hui une place strat\u00e9gique nouvelle \u00e0 sa fa\u00e7ade atlantique. L&rsquo;enjeu d\u00e9passe la seule g\u00e9ographie portuaire : il touche \u00e0 la volont\u00e9 du Royaume de renforcer les liens entre l&rsquo;Europe, l&rsquo;Afrique et l&rsquo;Atlantique.<\/p>\n\n\n\n<p class=\"has-medium-font-size wp-block-paragraph\">La guerre en Ukraine a rappel\u00e9 la vuln\u00e9rabilit\u00e9 des d\u00e9pendances \u00e9nerg\u00e9tiques europ\u00e9ennes et acc\u00e9l\u00e9r\u00e9 la recherche de nouveaux fournisseurs. L&rsquo;Union europ\u00e9enne cherche d\u00e9sormais \u00e0 diversifier ses approvisionnements et \u00e0 r\u00e9duire des d\u00e9pendances devenues un enjeu strat\u00e9gique. L&rsquo;Afrique de l&rsquo;Ouest occupe ainsi une place nouvelle, tandis que la position g\u00e9ographique du Maroc, proche de la p\u00e9ninsule Ib\u00e9rique et ouvert sur l&rsquo;Atlantique, accro\u00eet son r\u00f4le potentiel dans ces nouveaux \u00e9changes \u00e9nerg\u00e9tiques.<\/p>\n\n\n\n<p class=\"has-medium-font-size wp-block-paragraph\">Le Gazoduc Afrique-Atlantique est l&rsquo;un des projets qui illustre le mieux cette \u00e9volution. Port\u00e9 avec le Nigeria et plusieurs pays d&rsquo;Afrique de l&rsquo;Ouest, il doit s&rsquo;\u00e9tendre sur pr\u00e8s de 6 800 kilom\u00e8tres et traverser treize \u00c9tats, pour une capacit\u00e9 annonc\u00e9e de 30 milliards de m\u00e8tres cubes de gaz naturel par an\u00b9\u00b9. Au-del\u00e0 des volumes annonc\u00e9s, le trac\u00e9 du projet r\u00e9v\u00e8le une ambition plus large : cr\u00e9er une nouvelle liaison entre l&rsquo;Afrique de l&rsquo;Ouest, le Maroc et les march\u00e9s europ\u00e9ens. Il pourrait offrir au gaz ouest-africain une voie d&rsquo;exportation alternative, dans une r\u00e9gion marqu\u00e9e par des fragilit\u00e9s politiques et s\u00e9curitaires.<\/p>\n\n\n\n<p class=\"has-medium-font-size wp-block-paragraph\">Pour Rabat, le projet repr\u00e9sente donc plus qu&rsquo;une infrastructure \u00e9nerg\u00e9tique. Il s&rsquo;inscrit dans une strat\u00e9gie visant \u00e0 conforter la place du Maroc comme point de connexion entre plusieurs espaces \u00e9conomiques et politiques. Pour la France et l&rsquo;Europe, l&rsquo;enjeu d\u00e9passe aussi la seule question \u00e9nerg\u00e9tique : dans une Afrique o\u00f9 les \u00e9quilibres \u00e9voluent rapidement, le Maroc appara\u00eet comme un partenaire capable de d\u00e9velopper des liens \u00e9conomiques, politiques et diplomatiques avec plusieurs r\u00e9gions du continent. Le projet reste n\u00e9anmoins un pari de long terme. Relier treize \u00c9tats suppose de s\u00e9curiser les financements, de coordonner les acteurs et de pr\u00e9server des conditions politiques et s\u00e9curitaires favorables dans les pays travers\u00e9s sur plusieurs d\u00e9cennies.<\/p>\n\n\n\n<h2 id=\"h-une-influence-africaine-fondee-sur-des-reseaux\" class=\"wp-block-heading\">Une influence africaine fond\u00e9e sur des r\u00e9seaux<\/h2>\n\n\n\n<p class=\"has-medium-font-size wp-block-paragraph\">La pr\u00e9sence marocaine en Afrique ne repose pas uniquement sur une logique \u00e9conomique ; elle s&rsquo;appuie sur des r\u00e9seaux d\u00e9velopp\u00e9s au fil des ann\u00e9es dans la finance, les t\u00e9l\u00e9communications, les infrastructures, la formation, la coop\u00e9ration religieuse et la diplomatie Sud-Sud. Les grandes entreprises marocaines ont \u00e9tendu leur implantation sur le continent, notamment dans la banque, les t\u00e9l\u00e9communications, l&rsquo;immobilier, les infrastructures et la sant\u00e9, autant de relais de l&rsquo;influence du Royaume. En vingt ans, les exportations marocaines vers l&rsquo;Afrique ont fortement progress\u00e9, signe du d\u00e9veloppement des relations \u00e9conomiques entre le Royaume et le continent\u00b9\u00b2.<\/p>\n\n\n\n<p class=\"has-medium-font-size wp-block-paragraph\">S&rsquo;y ajoute une dimension plus humaine : l&rsquo;accueil d&rsquo;\u00e9tudiants africains, le d\u00e9veloppement de formations, les \u00e9changes culturels et la coop\u00e9ration religieuse construisent un soft power qui d\u00e9passe la seule logique commerciale.<\/p>\n\n\n\n<p class=\"has-medium-font-size wp-block-paragraph\">L&rsquo;influence marocaine s&rsquo;est \u00e9galement exprim\u00e9e sur des dossiers plus sensibles : la lib\u00e9ration, en 2013, de quatre ressortissants fran\u00e7ais de la DGSE retenus au Sahel a montr\u00e9 la capacit\u00e9 de Rabat \u00e0 mobiliser ses r\u00e9seaux dans des situations d\u00e9licates\u00b9\u00b3. Dans un continent africain o\u00f9 la Chine, la Russie, la Turquie et les pays du Golfe renforcent leur pr\u00e9sence, le Maroc offre \u00e0 la France un partenaire aux atouts sp\u00e9cifiques &#8211; non pour se substituer \u00e0 son action sur le continent, mais pour contribuer \u00e0 relier plusieurs espaces : Europe, Afrique du Nord, Afrique subsaharienne, Atlantique.<\/p>\n\n\n\n<h2 id=\"h-une-interdependance-fondee-sur-des-interets-reciproques\" class=\"wp-block-heading\">Une interd\u00e9pendance fond\u00e9e sur des int\u00e9r\u00eats r\u00e9ciproques<\/h2>\n\n\n\n<h3 id=\"h-l-economie-nouveau-socle-de-la-relation\" class=\"wp-block-heading has-medium-font-size\">L&rsquo;\u00e9conomie, nouveau socle de la relation<\/h3>\n\n\n\n<p class=\"has-medium-font-size wp-block-paragraph\">L&rsquo;\u00e9conomie est devenue l&rsquo;un des principaux fondements du partenariat entre Paris et Rabat. En moins de dix ans, les \u00e9changes commerciaux bilat\u00e9raux ont plus que doubl\u00e9, pour atteindre 14,8 milliards d&rsquo;euros en 2024 ; le Maroc est devenu le premier partenaire commercial de la France en Afrique\u00b9\u2074. Paris conserve, dans le m\u00eame temps, une place majeure dans l&rsquo;\u00e9conomie marocaine : la France demeure le premier investisseur \u00e9tranger au Royaume, avec pr\u00e8s de 30,8 % du stock total d&rsquo;IDE, et plus de 950 filiales fran\u00e7aises y sont implant\u00e9es, repr\u00e9sentant plus de 150 000 emplois directs et indirects\u00b9\u2075.<\/p>\n\n\n\n<p class=\"has-medium-font-size wp-block-paragraph\">La relation \u00e9conomique entre les deux pays d\u00e9passe d\u00e9sormais la seule pr\u00e9sence des entreprises fran\u00e7aises au Maroc. Les donn\u00e9es de la Banque de France montrent que le Maroc est devenu le premier investisseur africain en France en stock d&rsquo;investissements directs \u00e9trangers. Le Royaume est aujourd&rsquo;hui un acteur \u00e9conomique \u00e0 part enti\u00e8re, capable de d\u00e9velopper ses propres strat\u00e9gies d&rsquo;implantation \u00e0 l&rsquo;international\u00b9\u2076. Automobile, a\u00e9ronautique, ferroviaire, infrastructures, transition \u00e9nerg\u00e9tique : plusieurs fili\u00e8res rapprochent les deux \u00e9conomies et cr\u00e9ent une interd\u00e9pendance qui d\u00e9passe la seule relation commerciale.<\/p>\n\n\n\n<p class=\"has-medium-font-size wp-block-paragraph\">La pand\u00e9mie de Covid-19, la guerre en Ukraine et les tensions croissantes entre Washington et P\u00e9kin ont conduit l&rsquo;Union europ\u00e9enne \u00e0 repenser la s\u00e9curisation de ses cha\u00eenes de valeur et la r\u00e9duction de certaines d\u00e9pendances ext\u00e9rieures\u00b9\u2077. Rabat dispose d&rsquo;atouts importants : sa proximit\u00e9 g\u00e9ographique avec l&rsquo;Europe, ses infrastructures, sa stabilit\u00e9 institutionnelle relative et son int\u00e9gration progressive dans plusieurs fili\u00e8res industrielles.<\/p>\n\n\n\n<p class=\"has-medium-font-size wp-block-paragraph\">La fili\u00e8re des batteries \u00e9lectriques illustre les opportunit\u00e9s, mais aussi les d\u00e9fis de la transformation industrielle du Maroc. Depuis 2023, plusieurs investissements chinois, pour un montant annonc\u00e9 sup\u00e9rieur \u00e0 7 milliards de dollars (notamment Gotion \u00e0 K\u00e9nitra et CNGR \u00e0 Jorf Lasfar), t\u00e9moignent de l&rsquo;int\u00e9r\u00eat croissant port\u00e9 au Royaume dans les industries li\u00e9es \u00e0 la transition \u00e9nerg\u00e9tique\u00b9\u2078. Une question demeure toutefois : ces implantations permettront-elles au Maroc de renforcer ses propres capacit\u00e9s industrielles ou prolongeront-elles une d\u00e9pendance \u00e0 des acteurs ext\u00e9rieurs ? Les prochaines ann\u00e9es seront d\u00e9terminantes. Le Royaume devra poursuivre ses efforts dans la recherche, l&rsquo;innovation, la formation et la cr\u00e9ation de valeur locale afin de consolider sa mont\u00e9e en gamme.<\/p>\n\n\n\n<p class=\"has-medium-font-size wp-block-paragraph\">Le Maroc poursuit aussi le renforcement de plusieurs secteurs strat\u00e9giques, notamment l&rsquo;agroalimentaire, l&rsquo;industrie pharmaceutique, la cybers\u00e9curit\u00e9 et la d\u00e9fense. Le m\u00e9morandum sign\u00e9 en juillet 2026 et le rapprochement engag\u00e9 avec la Turquie illustrent cette orientation.<\/p>\n\n\n\n<h3 id=\"h-quels-defis\" class=\"wp-block-heading has-medium-font-size\">Quels d\u00e9fis ?<\/h3>\n\n\n\n<p class=\"has-medium-font-size wp-block-paragraph\">La question migratoire, d\u2019abord, demeure l\u2019un des sujets les plus sensibles de la relation bilat\u00e9rale. Malgr\u00e9 le rapprochement politique engag\u00e9 depuis 2024, les questions li\u00e9es aux visas, \u00e0 la mobilit\u00e9 des personnes et \u00e0 la coop\u00e9ration consulaire continuent de r\u00e9v\u00e9ler une r\u00e9alit\u00e9 plus complexe que celle d\u2019une simple convergence entre deux \u00c9tats\u00b9\u2079. Une relation peut progresser au niveau diplomatique tout en laissant subsister des tensions dans la vie quotidienne des citoyens. Le lien franco-marocain ne se r\u00e9sume pas aux accords conclus entre les gouvernements : il repose aussi sur des millions de parcours individuels, familiaux, universitaires et professionnels. La dimension humaine, qui constitue l\u2019une des grandes forces du lien entre les deux pays, peut aussi devenir un espace de tensions lorsque les attentes des deux soci\u00e9t\u00e9s \u00e9voluent dans des directions diff\u00e9rentes.<\/p>\n\n\n\n<p class=\"has-medium-font-size wp-block-paragraph\">Vient ensuite la diversification internationale du Maroc. Pour Rabat, il s\u2019agit d\u2019un levier majeur d&rsquo;autonomie strat\u00e9gique : le Royaume a progressivement \u00e9largi le cercle de ses partenariats &#8211; \u00c9tats-Unis, Chine, pays du Golfe, Espagne, Isra\u00ebl, Union europ\u00e9enne &#8211; pour ne plus inscrire sa diplomatie dans une relation privil\u00e9gi\u00e9e unique, mais dans un ensemble d&rsquo;alliances qui accro\u00eet sa capacit\u00e9 de choix dans un monde souvent travers\u00e9 par de nouvelles rivalit\u00e9s de puissance.<\/p>\n\n\n\n<p class=\"has-medium-font-size wp-block-paragraph\">Une qu\u00eate d&rsquo;autonomie qui se lit \u00e9galement dans les domaines de la d\u00e9fense et de la s\u00e9curit\u00e9. La France demeure un partenaire essentiel, fruit d&rsquo;une histoire et d&rsquo;une coop\u00e9ration ancienne, mais elle n&rsquo;est plus le seul horizon strat\u00e9gique du Royaume. Rabat cherche d\u00e9sormais \u00e0 multiplier les points d&rsquo;appui, \u00e0 l&rsquo;image du rapprochement engag\u00e9 avec la Turquie dans le domaine des drones militaires, \u00e0 travers l&rsquo;acquisition de Bayraktar Akinci aupr\u00e8s du groupe Baykar et le projet d&rsquo;une production locale \u00e0 Benslimane depuis 2024. Derri\u00e8re ces choix militaires appara\u00eet une constante de la diplomatie marocaine contemporaine : pr\u00e9server la capacit\u00e9 de choisir ses partenaires, d\u2019\u00e9largir ses horizons, de conserver sa libert\u00e9 d\u2019action et de construire des alliances moins exclusives\u00b2\u2070\u00b2\u2070.<\/p>\n\n\n\n<p class=\"has-medium-font-size wp-block-paragraph\">Pour Paris, cette \u00e9volution repr\u00e9sente \u00e0 la fois une opportunit\u00e9 et un d\u00e9fi. Le Maroc est certes un partenaire strat\u00e9gique, mais la relation ne repose plus sur une place dominante de la France comme cela a pu \u00eatre le cas par le pass\u00e9. L\u2019enjeu est d\u00e9sormais de continuer \u00e0 convaincre par la qualit\u00e9 de ses propositions et la profondeur de son engagement.<\/p>\n\n\n\n<p class=\"has-medium-font-size wp-block-paragraph\">Troisi\u00e8me point : la dimension africaine du Maroc constitue un autre enjeu pour la relation franco-marocaine. La pr\u00e9sence croissante de Rabat sur le continent, \u00e0 travers ses investissements et ses r\u00e9seaux de coop\u00e9ration, renforce son poids r\u00e9gional. Pour Paris, l&rsquo;enjeu sera de prendre en compte cette nouvelle r\u00e9alit\u00e9 et de consid\u00e9rer le Maroc non seulement comme un partenaire bilat\u00e9ral, mais aussi comme un acteur disposant d&rsquo;une influence croissante en Afrique.<\/p>\n\n\n\n<p class=\"has-medium-font-size wp-block-paragraph\">Enfin, la relation franco-marocaine reste confront\u00e9e aux tensions r\u00e9gionales qui entourent le dossier du Sahara occidental. Le rapprochement engag\u00e9 entre Paris et Rabat sur cette question a contribu\u00e9 \u00e0 consolider les liens entre les deux pays, mais il a \u00e9galement constitu\u00e9 un sujet de d\u00e9saccord avec Alger\u00b2\u00b9. Pour la France, le d\u00e9fi consiste d\u00e9sormais \u00e0 approfondir son partenariat avec le Maroc tout en pr\u00e9servant sa capacit\u00e9 de dialogue avec les autres acteurs de la r\u00e9gion.<\/p>\n\n\n\n<h2 id=\"h-conclusion\" class=\"wp-block-heading has-medium-font-size\">Conclusion<\/h2>\n\n\n\n<p class=\"has-medium-font-size wp-block-paragraph\">La relation franco-marocaine entre dans une phase o\u00f9 l&rsquo;histoire ne suffit plus \u00e0 expliquer, \u00e0 elle seule, la nature du partenariat. L&rsquo;h\u00e9ritage commun demeure une composante majeure du lien entre les deux pays, mais il doit d\u00e9sormais s&rsquo;appuyer sur des int\u00e9r\u00eats strat\u00e9giques partag\u00e9s.<\/p>\n\n\n\n<p class=\"has-medium-font-size wp-block-paragraph\">L&rsquo;enjeu des prochaines ann\u00e9es sera de transformer ces convergences en une vision commune, capable de r\u00e9sister aux crises politiques et aux \u00e9volutions g\u00e9opolitiques. Pour Paris, le d\u00e9fi sera de trouver sa place dans une relation o\u00f9 le Maroc affirme davantage son autonomie et diversifie ses partenariats.<\/p>\n\n\n\n<p class=\"has-medium-font-size wp-block-paragraph\">Pour l&rsquo;Europe, le Maroc repr\u00e9sente un enjeu qui d\u00e9passe la seule relation franco-marocaine. Sa proximit\u00e9 g\u00e9ographique, ses infrastructures et ses capacit\u00e9s industrielles pourraient en faire une plateforme de proximit\u00e9 pour certaines fili\u00e8res strat\u00e9giques, comme l&rsquo;automobile, l&rsquo;a\u00e9ronautique, les batteries, l&rsquo;hydrog\u00e8ne ou les \u00e9nergies renouvelables\u00b2\u00b2.<\/p>\n\n\n\n<p class=\"has-medium-font-size wp-block-paragraph\">Enfin, la dimension humaine restera, elle aussi, un facteur d\u00e9terminant. La diaspora marocaine en France constitue depuis plusieurs d\u00e9cennies un lien singulier entre les deux soci\u00e9t\u00e9s ; elle ne doit pas \u00eatre envisag\u00e9e sous le seul angle migratoire ou culturel, mais aussi comme un levier d&rsquo;innovation, d&rsquo;entrepreneuriat, de circulation des comp\u00e9tences et de rapprochement \u00e9conomique. La jeunesse des deux pays aura \u00e9galement un r\u00f4le essentiel \u00e0 jouer dans l&rsquo;avenir de cette relation, \u00e0 travers les \u00e9changes universitaires, la mobilit\u00e9, l&rsquo;innovation et de nouveaux projets communs.<\/p>\n\n\n\n<p class=\"wp-block-paragraph\"><strong>R\u00e9f\u00e9rences<\/strong><\/p>\n\n\n\n<p class=\"wp-block-paragraph\">\u00b9 Royaume du Maroc, Cabinet Royal, \u00ab Discours de Sa Majest\u00e9 le Roi Mohammed VI \u00e0 la Nation \u00e0 l\u2019occasion du 69\u1d49 anniversaire de la R\u00e9volution du Roi et du Peuple \u00bb, 20 ao\u00fbt 2022,<br><a href=\"https:\/\/www.maroc.ma\/fr\/discours-messages-royaux\/discours-royaux\/discours-de-sm-le-roi-mohammed-vi-loccasion-de-lanniversaire-de-la-revolution-du-roi-et-du-peuple\">https:\/\/www.maroc.ma\/fr\/discours-messages-royaux\/discours-royaux\/discours-de-sm-le-roi-mohammed-vi-loccasion-de-lanniversaire-de-la-revolution-du-roi-et-du-peuple<\/a><\/p>\n\n\n\n<p class=\"wp-block-paragraph\">\u00b2 Pr\u00e9sidence de la R\u00e9publique fran\u00e7aise, \u00ab D\u00e9claration relative au partenariat d\u2019exception renforc\u00e9 entre le Royaume du Maroc et la R\u00e9publique fran\u00e7aise \u00bb, 28 octobre 2024.<br><a href=\"https:\/\/www.elysee.fr\/emmanuel-macron\/2024\/10\/28\/declaration-relative-au-partenariat-dexception-renforce-entre-le-royaume-du-maroc-et-la-republique-francaise\">https:\/\/www.elysee.fr\/emmanuel-macron\/2024\/10\/28\/declaration-relative-au-partenariat-dexception-renforce-entre-le-royaume-du-maroc-et-la-republique-francaise<\/a><\/p>\n\n\n\n<p class=\"wp-block-paragraph\">\u00b3 APAnews, \u00ab Maroc-France : deux accords dans l&rsquo;industrie de d\u00e9fense \u00bb, Agence de Presse Africaine, 16 juillet 2026. <a href=\"https:\/\/fr.apanews.net\/security\/maroc-france-deux-accords-de-dans-lindustrie-de-defense\/\">https:\/\/fr.apanews.net\/security\/maroc-france-deux-accords-de-dans-lindustrie-de-defense\/<\/a><\/p>\n\n\n\n<p class=\"wp-block-paragraph\">\u2074 Bureau central d&rsquo;investigations judiciaires (BCIJ) \/ Direction g\u00e9n\u00e9rale de la s\u00fbret\u00e9 nationale (DGSN), \u00e9l\u00e9ments relatifs \u00e0 la cr\u00e9ation du BCIJ en 2015 et \u00e0 son action dans la lutte contre le terrorisme ; voir \u00e9galement Habboub Cherkaoui, directeur du BCIJ, entretien accord\u00e9 \u00e0 Al Ahdath Al Maghribia, repris par L&rsquo;Observateur, \u00ab Le Maroc est un mod\u00e8le de r\u00e9f\u00e9rence contre le terrorisme, et la vigilance reste de mise \u00bb, 26 mai 2026. <a href=\"https:\/\/lobservateur.info\/article\/118478\/video\/habboub-cherkaoui-le-maroc-est-un-modele-de-reference-contre-le-terrorisme-et-la-vigilance-reste-de-mise\">https:\/\/lobservateur.info\/article\/118478\/video\/habboub-cherkaoui-le-maroc-est-un-modele-de-reference-contre-le-terrorisme-et-la-vigilance-reste-de-mise<\/a><\/p>\n\n\n\n<p class=\"wp-block-paragraph\">\u2075 Eurojust, European Union Agency for Criminal Justice Cooperation &#8211; Morocco and cooperation with third countries. <a href=\"https:\/\/www.eurojust.europa.eu\">https:\/\/www.eurojust.europa.eu<\/a><\/p>\n\n\n\n<p class=\"wp-block-paragraph\">\u2076 Ministerio del Interior (Espagne), \u00ab La Polic\u00eda Nacional y la DGST marroqu\u00ed consolidan m\u00e1s de una d\u00e9cada de \u00e9xitos en la lucha contraterrorista con 31 operaciones conjuntas \u00bb, 25 mars 2026. <a href=\"https:\/\/www.interior.gob.es\/opencms\/eu\/detalle\/articulo\/La-Policia-Nacional-y-la-DGST-marroqui-consolidan-mas-de-una-decada-de-exitos-en-la-lucha-contraterrorista-con-31-operaciones-conjuntas\/\">https:\/\/www.interior.gob.es\/opencms\/eu\/detalle\/articulo\/La-Policia-Nacional-y-la-DGST-marroqui-consolidan-mas-de-una-decada-de-exitos-en-la-lucha-contraterrorista-con-31-operaciones-conjuntas\/<\/a><\/p>\n\n\n\n<p class=\"wp-block-paragraph\">\u2077 Fonds mon\u00e9taire international (FMI), World Economic Outlook Database, donn\u00e9es relatives au PIB des \u00e9conomies africaines.<\/p>\n\n\n\n<p class=\"wp-block-paragraph\">\u2078 <strong>F\u00e9d\u00e9ration internationale de football association (FIFA), \u00ab Le Congr\u00e8s extraordinaire de la FIFA d\u00e9signe les h\u00f4tes des \u00e9ditions 2030 et 2034 de la Coupe du Monde de la FIFA \u00bb, 11 d\u00e9cembre 2024<\/strong><br><a href=\"https:\/\/inside.fifa.com\/fr\/organisation\/congress\/media-releases\/congres-extraordinaire-fifa-hotes-coupe-du-monde-editions-2030-et-2034\">https:\/\/inside.fifa.com\/fr\/organisation\/congress\/media-releases\/congres-extraordinaire-fifa-hotes-coupe-du-monde-editions-2030-et-2034<\/a><\/p>\n\n\n\n<p class=\"wp-block-paragraph\">\u2079 Tanger Med Port Authority, le complexe portuaire Tanger Med et \u00e0 son positionnement international&nbsp;: &nbsp;<a href=\"https:\/\/www.tangermed.ma\">https:\/\/www.tangermed.ma<\/a><\/p>\n\n\n\n<p class=\"wp-block-paragraph\">\u00b9\u2070 Groupement des Industries Marocaines A\u00e9ronautiques et Spatiales (GIMAS), donn\u00e9es sur le d\u00e9veloppement de la fili\u00e8re a\u00e9ronautique marocaine et les implantations industrielles.<\/p>\n\n\n\n<p class=\"wp-block-paragraph\">\u00b9\u00b9 Office national des hydrocarbures et des mines (ONHYM), \u00ab Nigeria\u2013Morocco African Atlantic Gas Pipeline Project: Meeting between ONHYM and NNPC \u00bb, 25 janvier 2024<br><a href=\"https:\/\/www.onhym.com\/en\/nigeria-morocco-african-atlantic-gas-pipeline-project-meeting-between-onhym-and-nnpc\">https:\/\/www.onhym.com\/en\/nigeria-morocco-african-atlantic-gas-pipeline-project-meeting-between-onhym-and-nnpc<\/a><\/p>\n\n\n\n<p class=\"wp-block-paragraph\">\u00b9\u00b2 Office des Changes du Royaume du Maroc, statistiques du commerce ext\u00e9rieur marocain. <a href=\"https:\/\/www.oc.gov.ma\">https:\/\/www.oc.gov.ma<\/a><\/p>\n\n\n\n<p class=\"wp-block-paragraph\">\u00b9\u00b3 Assembl\u00e9e nationale fran\u00e7aise, travaux parlementaires relatifs aux op\u00e9rations ext\u00e9rieures fran\u00e7aises et aux coop\u00e9rations s\u00e9curitaires dans la r\u00e9gion sah\u00e9lienne. <a href=\"https:\/\/www.assemblee-nationale.fr\">https:\/\/www.assemblee-nationale.fr<\/a><\/p>\n\n\n\n<p class=\"wp-block-paragraph\">\u00b9\u2074 Direction g\u00e9n\u00e9rale du Tr\u00e9sor, Service \u00e9conomique r\u00e9gional de Rabat, Maroc &#8211; Relations \u00e9conomiques bilat\u00e9rales, &nbsp;\u00ab Les \u00e9changes commerciaux \u00bb.<br><a href=\"https:\/\/www.tresor.economie.gouv.fr\/Pays\/MA\/relations-economiques-bilaterales\">https:\/\/www.tresor.economie.gouv.fr\/Pays\/MA\/relations-economiques-bilaterales<\/a><\/p>\n\n\n\n<p class=\"wp-block-paragraph\">\u00b9\u2075 Direction g\u00e9n\u00e9rale du Tr\u00e9sor, Service \u00e9conomique r\u00e9gional de Rabat, <em>Maroc -Relations \u00e9conomiques bilat\u00e9rales<\/em>&nbsp;; les \u00e9changes \u00e9conomiques, aux investissements fran\u00e7ais et \u00e0 la pr\u00e9sence des entreprises fran\u00e7aises au Maroc. <a href=\"https:\/\/www.tresor.economie.gouv.fr\/Pays\/MA\/relations-economiques-bilaterales\">https:\/\/www.tresor.economie.gouv.fr\/Pays\/MA\/relations-economiques-bilaterales<\/a><\/p>\n\n\n\n<p class=\"wp-block-paragraph\">\u00b9\u2076 Banque de France, donn\u00e9es relatives aux investissements directs \u00e9trangers marocains en France. <a href=\"https:\/\/www.banque-france.fr\">https:\/\/www.banque-france.fr<\/a><\/p>\n\n\n\n<p class=\"wp-block-paragraph\">\u00b9\u2077 Commission europ\u00e9enne, strat\u00e9gie europ\u00e9enne de s\u00e9curisation des cha\u00eenes de valeur et politique de r\u00e9silience \u00e9conomique.<\/p>\n\n\n\n<p class=\"wp-block-paragraph\">\u00b9\u2078 Le Monde, \u00ab Le Maroc, cible des investissements chinois dans les batteries \u00bb, 27 mai 2024.<br><a href=\"https:\/\/www.lemonde.fr\/economie\/article\/2024\/05\/27\/le-maroc-cible-des-investissements-chinois-dans-les-batteries_6235826_3234.html\">https:\/\/www.lemonde.fr\/economie\/article\/2024\/05\/27\/le-maroc-cible-des-investissements-chinois-dans-les-batteries_6235826_3234.html<\/a><\/p>\n\n\n\n<p class=\"wp-block-paragraph\">\u00b9\u2079 Cour des comptes, rapport relatif \u00e0 la politique migratoire fran\u00e7aise et \u00e0 la coop\u00e9ration consulaire avec les pays partenaires.<\/p>\n\n\n\n<p class=\"wp-block-paragraph\">\u00b2\u2070 Baykar \/ Atlas Defense, accords de coop\u00e9ration et de production locale de drones Bayraktar (TB2, Akinci) au Maroc, implantation industrielle \u00e0 Benslimane. <a href=\"https:\/\/www.baykartech.com\">https:\/\/www.baykartech.com<\/a><\/p>\n\n\n\n<p class=\"wp-block-paragraph\">\u00b2\u00b9 Fr\u00e9d\u00e9ric Bobin, Alexandre Aublanc, Philippe Ricard, \u00ab Sahara occidental : la France s\u2019aligne sur la position du Maroc, au risque d\u2019une nouvelle crise avec l\u2019Alg\u00e9rie \u00bb, <em>Le Monde<\/em>, 30 juillet 2024.<\/p>\n\n\n\n<p class=\"wp-block-paragraph\">\u00b2\u00b2 Financial Times, \u00ab EU frets as China builds an industrial base in Morocco \u00bb, 2026.<br><br><\/p>\n\n\n\n<p class=\"wp-block-paragraph\"><\/p>\n\n\n\n<p class=\"wp-block-paragraph\"><\/p>","protected":false},"excerpt":{"rendered":"<p>Depuis le tournant des ann\u00e9es 2000, et plus nettement encore ces derni\u00e8res ann\u00e9es, Rabat a progressivement \u00e9largi son horizon strat\u00e9gique bien au-del\u00e0&hellip;<\/p>","protected":false},"author":31736,"featured_media":1924,"comment_status":"closed","ping_status":"closed","sticky":false,"template":"","format":"standard","meta":{"_lmt_disableupdate":"","_lmt_disable":"","footnotes":""},"categories":[635,5,4,612],"tags":[57,56,55,725,468],"class_list":["post-4546","post","type-post","status-publish","format-standard","has-post-thumbnail","hentry","category-diplomatie","category-international","category-mis-en-avant","category-monde-arabe","tag-diplomatie","tag-france","tag-maroc","tag-partenariat","tag-partenariat-strategique"],"yoast_head":"<!-- This site is optimized with the Yoast SEO Premium plugin v28.1 (Yoast SEO v28.1) - https:\/\/yoast.com\/product\/yoast-seo-premium-wordpress\/ -->\n<title>La relation franco-marocaine : d&#039;un h\u00e9ritage historique \u00e0 un partenariat strat\u00e9gique | Geopolitics.fr<\/title>\n<meta name=\"description\" content=\"Le rapprochement engag\u00e9 depuis 2024 constitue-t-il une sortie de crise entre Paris et Rabat, ou une red\u00e9finition plus large du partenariat ?\" \/>\n<meta name=\"robots\" content=\"index, follow, max-snippet:-1, max-image-preview:large, max-video-preview:-1\" \/>\n<link rel=\"canonical\" href=\"https:\/\/www.geopolitics.fr\/en\/2026\/08\/04\/la-relation-franco-marocaine-dun-heritage-historique-a-un-partenariat-strategique\/\" \/>\n<meta property=\"og:locale\" content=\"en_GB\" \/>\n<meta property=\"og:type\" content=\"article\" \/>\n<meta property=\"og:title\" content=\"La relation franco-marocaine : d&#039;un h\u00e9ritage historique \u00e0 un partenariat strat\u00e9gique\" \/>\n<meta property=\"og:description\" content=\"Le rapprochement engag\u00e9 depuis 2024 constitue-t-il une sortie de crise entre Paris et Rabat, ou une red\u00e9finition plus large du partenariat ?\" \/>\n<meta property=\"og:url\" content=\"https:\/\/www.geopolitics.fr\/en\/2026\/08\/04\/la-relation-franco-marocaine-dun-heritage-historique-a-un-partenariat-strategique\/\" \/>\n<meta property=\"og:site_name\" content=\"Geopolitics.fr\" \/>\n<meta property=\"article:publisher\" content=\"https:\/\/www.facebook.com\/people\/Erwan-Davoux\/61557098968092\/\" \/>\n<meta property=\"article:published_time\" content=\"2026-08-04T07:49:22+00:00\" \/>\n<meta property=\"article:modified_time\" content=\"2026-08-04T07:49:25+00:00\" \/>\n<meta property=\"og:image\" content=\"https:\/\/www.geopolitics.fr\/wp-content\/uploads\/2024\/01\/france-maroc-2.jpg\" \/>\n\t<meta property=\"og:image:width\" content=\"612\" \/>\n\t<meta property=\"og:image:height\" content=\"343\" \/>\n\t<meta property=\"og:image:type\" content=\"image\/jpeg\" \/>\n<meta name=\"author\" content=\"Houriya HADI\" \/>\n<meta name=\"twitter:card\" content=\"summary_large_image\" \/>\n<meta name=\"twitter:creator\" content=\"@Geopolitics_Fr\" \/>\n<meta name=\"twitter:site\" content=\"@Geopolitics_Fr\" \/>\n<meta name=\"twitter:label1\" content=\"Written by\" \/>\n\t<meta name=\"twitter:data1\" content=\"Houriya HADI\" \/>\n\t<meta name=\"twitter:label2\" content=\"Estimated reading time\" \/>\n\t<meta name=\"twitter:data2\" content=\"21 minutes\" \/>\n<script type=\"application\/ld+json\" class=\"yoast-schema-graph\">{\"@context\":\"https:\\\/\\\/schema.org\",\"@graph\":[{\"@type\":\"Article\",\"@id\":\"https:\\\/\\\/www.geopolitics.fr\\\/2026\\\/08\\\/04\\\/la-relation-franco-marocaine-dun-heritage-historique-a-un-partenariat-strategique\\\/#article\",\"isPartOf\":{\"@id\":\"https:\\\/\\\/www.geopolitics.fr\\\/2026\\\/08\\\/04\\\/la-relation-franco-marocaine-dun-heritage-historique-a-un-partenariat-strategique\\\/\"},\"author\":{\"name\":\"Houriya HADI\",\"@id\":\"https:\\\/\\\/www.geopolitics.fr\\\/#\\\/schema\\\/person\\\/74e961d57855fd5d945bd21966e071fe\"},\"headline\":\"La relation franco-marocaine : d&rsquo;un h\u00e9ritage historique \u00e0 un partenariat strat\u00e9gique\",\"datePublished\":\"2026-08-04T07:49:22+00:00\",\"dateModified\":\"2026-08-04T07:49:25+00:00\",\"mainEntityOfPage\":{\"@id\":\"https:\\\/\\\/www.geopolitics.fr\\\/2026\\\/08\\\/04\\\/la-relation-franco-marocaine-dun-heritage-historique-a-un-partenariat-strategique\\\/\"},\"wordCount\":4651,\"publisher\":{\"@id\":\"https:\\\/\\\/www.geopolitics.fr\\\/#organization\"},\"image\":{\"@id\":\"https:\\\/\\\/www.geopolitics.fr\\\/2026\\\/08\\\/04\\\/la-relation-franco-marocaine-dun-heritage-historique-a-un-partenariat-strategique\\\/#primaryimage\"},\"thumbnailUrl\":\"https:\\\/\\\/www.geopolitics.fr\\\/wp-content\\\/uploads\\\/2024\\\/01\\\/france-maroc-2.jpg\",\"keywords\":[\"diplomatie\",\"France\",\"Maroc\",\"partenariat\",\"PARTENARIAT STRATEGIQUE\"],\"articleSection\":[\"Diplomatie\",\"International\",\"Mis en AVANT\",\"Monde arabe\"],\"inLanguage\":\"en-GB\"},{\"@type\":\"WebPage\",\"@id\":\"https:\\\/\\\/www.geopolitics.fr\\\/2026\\\/08\\\/04\\\/la-relation-franco-marocaine-dun-heritage-historique-a-un-partenariat-strategique\\\/\",\"url\":\"https:\\\/\\\/www.geopolitics.fr\\\/2026\\\/08\\\/04\\\/la-relation-franco-marocaine-dun-heritage-historique-a-un-partenariat-strategique\\\/\",\"name\":\"La relation franco-marocaine : d'un h\u00e9ritage historique \u00e0 un partenariat strat\u00e9gique | Geopolitics.fr\",\"isPartOf\":{\"@id\":\"https:\\\/\\\/www.geopolitics.fr\\\/#website\"},\"primaryImageOfPage\":{\"@id\":\"https:\\\/\\\/www.geopolitics.fr\\\/2026\\\/08\\\/04\\\/la-relation-franco-marocaine-dun-heritage-historique-a-un-partenariat-strategique\\\/#primaryimage\"},\"image\":{\"@id\":\"https:\\\/\\\/www.geopolitics.fr\\\/2026\\\/08\\\/04\\\/la-relation-franco-marocaine-dun-heritage-historique-a-un-partenariat-strategique\\\/#primaryimage\"},\"thumbnailUrl\":\"https:\\\/\\\/www.geopolitics.fr\\\/wp-content\\\/uploads\\\/2024\\\/01\\\/france-maroc-2.jpg\",\"datePublished\":\"2026-08-04T07:49:22+00:00\",\"dateModified\":\"2026-08-04T07:49:25+00:00\",\"description\":\"Le rapprochement engag\u00e9 depuis 2024 constitue-t-il une sortie de crise entre Paris et Rabat, ou une red\u00e9finition plus large du partenariat ?\",\"breadcrumb\":{\"@id\":\"https:\\\/\\\/www.geopolitics.fr\\\/2026\\\/08\\\/04\\\/la-relation-franco-marocaine-dun-heritage-historique-a-un-partenariat-strategique\\\/#breadcrumb\"},\"inLanguage\":\"en-GB\",\"potentialAction\":[{\"@type\":\"ReadAction\",\"target\":[\"https:\\\/\\\/www.geopolitics.fr\\\/2026\\\/08\\\/04\\\/la-relation-franco-marocaine-dun-heritage-historique-a-un-partenariat-strategique\\\/\"]}]},{\"@type\":\"ImageObject\",\"inLanguage\":\"en-GB\",\"@id\":\"https:\\\/\\\/www.geopolitics.fr\\\/2026\\\/08\\\/04\\\/la-relation-franco-marocaine-dun-heritage-historique-a-un-partenariat-strategique\\\/#primaryimage\",\"url\":\"https:\\\/\\\/www.geopolitics.fr\\\/wp-content\\\/uploads\\\/2024\\\/01\\\/france-maroc-2.jpg\",\"contentUrl\":\"https:\\\/\\\/www.geopolitics.fr\\\/wp-content\\\/uploads\\\/2024\\\/01\\\/france-maroc-2.jpg\",\"width\":612,\"height\":343,\"caption\":\"Morocco and France flag together realtions textile cloth fabric texture\"},{\"@type\":\"BreadcrumbList\",\"@id\":\"https:\\\/\\\/www.geopolitics.fr\\\/2026\\\/08\\\/04\\\/la-relation-franco-marocaine-dun-heritage-historique-a-un-partenariat-strategique\\\/#breadcrumb\",\"itemListElement\":[{\"@type\":\"ListItem\",\"position\":1,\"name\":\"Accueil\",\"item\":\"https:\\\/\\\/www.geopolitics.fr\\\/\"},{\"@type\":\"ListItem\",\"position\":2,\"name\":\"La relation franco-marocaine : d&rsquo;un h\u00e9ritage historique \u00e0 un partenariat strat\u00e9gique\"}]},{\"@type\":\"WebSite\",\"@id\":\"https:\\\/\\\/www.geopolitics.fr\\\/#website\",\"url\":\"https:\\\/\\\/www.geopolitics.fr\\\/\",\"name\":\"Geopolitics.fr\",\"description\":\"Geopolitics.fr Analyse politique, relations internationales, d\u00e9fense - ligne \u00e9ditoriale gaullo-chiraquienne\",\"publisher\":{\"@id\":\"https:\\\/\\\/www.geopolitics.fr\\\/#organization\"},\"potentialAction\":[{\"@type\":\"SearchAction\",\"target\":{\"@type\":\"EntryPoint\",\"urlTemplate\":\"https:\\\/\\\/www.geopolitics.fr\\\/?s={search_term_string}\"},\"query-input\":{\"@type\":\"PropertyValueSpecification\",\"valueRequired\":true,\"valueName\":\"search_term_string\"}}],\"inLanguage\":\"en-GB\"},{\"@type\":\"Organization\",\"@id\":\"https:\\\/\\\/www.geopolitics.fr\\\/#organization\",\"name\":\"Geopolitics.fr\",\"url\":\"https:\\\/\\\/www.geopolitics.fr\\\/\",\"logo\":{\"@type\":\"ImageObject\",\"inLanguage\":\"en-GB\",\"@id\":\"https:\\\/\\\/www.geopolitics.fr\\\/#\\\/schema\\\/logo\\\/image\\\/\",\"url\":\"https:\\\/\\\/www.geopolitics.fr\\\/wp-content\\\/uploads\\\/2024\\\/01\\\/logo.jpg\",\"contentUrl\":\"https:\\\/\\\/www.geopolitics.fr\\\/wp-content\\\/uploads\\\/2024\\\/01\\\/logo.jpg\",\"width\":500,\"height\":500,\"caption\":\"Geopolitics.fr\"},\"image\":{\"@id\":\"https:\\\/\\\/www.geopolitics.fr\\\/#\\\/schema\\\/logo\\\/image\\\/\"},\"sameAs\":[\"https:\\\/\\\/www.facebook.com\\\/people\\\/Erwan-Davoux\\\/61557098968092\\\/\",\"https:\\\/\\\/x.com\\\/Geopolitics_Fr\"]},{\"@type\":\"Person\",\"@id\":\"https:\\\/\\\/www.geopolitics.fr\\\/#\\\/schema\\\/person\\\/74e961d57855fd5d945bd21966e071fe\",\"name\":\"Houriya HADI\",\"image\":{\"@type\":\"ImageObject\",\"inLanguage\":\"en-GB\",\"@id\":\"https:\\\/\\\/www.geopolitics.fr\\\/wp-content\\\/uploads\\\/2026\\\/07\\\/logo-geo-96x96.jpg\",\"url\":\"https:\\\/\\\/www.geopolitics.fr\\\/wp-content\\\/uploads\\\/2026\\\/07\\\/logo-geo-96x96.jpg\",\"contentUrl\":\"https:\\\/\\\/www.geopolitics.fr\\\/wp-content\\\/uploads\\\/2026\\\/07\\\/logo-geo-96x96.jpg\",\"caption\":\"Houriya HADI\"},\"description\":\"Houriya HADI est analyste en g\u00e9opolitique et prospective, passionn\u00e9e par les relations internationales et les politiques publiques.\",\"url\":\"https:\\\/\\\/www.geopolitics.fr\\\/en\\\/author\\\/houriya-hadi\\\/\"}]}<\/script>\n<!-- \/ Yoast SEO Premium plugin. -->","yoast_head_json":{"title":"La relation franco-marocaine : d'un h\u00e9ritage historique \u00e0 un partenariat strat\u00e9gique | Geopolitics.fr","description":"Le rapprochement engag\u00e9 depuis 2024 constitue-t-il une sortie de crise entre Paris et Rabat, ou une red\u00e9finition plus large du partenariat ?","robots":{"index":"index","follow":"follow","max-snippet":"max-snippet:-1","max-image-preview":"max-image-preview:large","max-video-preview":"max-video-preview:-1"},"canonical":"https:\/\/www.geopolitics.fr\/en\/2026\/08\/04\/la-relation-franco-marocaine-dun-heritage-historique-a-un-partenariat-strategique\/","og_locale":"en_GB","og_type":"article","og_title":"La relation franco-marocaine : d'un h\u00e9ritage historique \u00e0 un partenariat strat\u00e9gique","og_description":"Le rapprochement engag\u00e9 depuis 2024 constitue-t-il une sortie de crise entre Paris et Rabat, ou une red\u00e9finition plus large du partenariat ?","og_url":"https:\/\/www.geopolitics.fr\/en\/2026\/08\/04\/la-relation-franco-marocaine-dun-heritage-historique-a-un-partenariat-strategique\/","og_site_name":"Geopolitics.fr","article_publisher":"https:\/\/www.facebook.com\/people\/Erwan-Davoux\/61557098968092\/","article_published_time":"2026-08-04T07:49:22+00:00","article_modified_time":"2026-08-04T07:49:25+00:00","og_image":[{"width":612,"height":343,"url":"https:\/\/www.geopolitics.fr\/wp-content\/uploads\/2024\/01\/france-maroc-2.jpg","type":"image\/jpeg"}],"author":"Houriya HADI","twitter_card":"summary_large_image","twitter_creator":"@Geopolitics_Fr","twitter_site":"@Geopolitics_Fr","twitter_misc":{"Written by":"Houriya HADI","Estimated reading time":"21 minutes"},"schema":{"@context":"https:\/\/schema.org","@graph":[{"@type":"Article","@id":"https:\/\/www.geopolitics.fr\/2026\/08\/04\/la-relation-franco-marocaine-dun-heritage-historique-a-un-partenariat-strategique\/#article","isPartOf":{"@id":"https:\/\/www.geopolitics.fr\/2026\/08\/04\/la-relation-franco-marocaine-dun-heritage-historique-a-un-partenariat-strategique\/"},"author":{"name":"Houriya HADI","@id":"https:\/\/www.geopolitics.fr\/#\/schema\/person\/74e961d57855fd5d945bd21966e071fe"},"headline":"La relation franco-marocaine : d&rsquo;un h\u00e9ritage historique \u00e0 un partenariat strat\u00e9gique","datePublished":"2026-08-04T07:49:22+00:00","dateModified":"2026-08-04T07:49:25+00:00","mainEntityOfPage":{"@id":"https:\/\/www.geopolitics.fr\/2026\/08\/04\/la-relation-franco-marocaine-dun-heritage-historique-a-un-partenariat-strategique\/"},"wordCount":4651,"publisher":{"@id":"https:\/\/www.geopolitics.fr\/#organization"},"image":{"@id":"https:\/\/www.geopolitics.fr\/2026\/08\/04\/la-relation-franco-marocaine-dun-heritage-historique-a-un-partenariat-strategique\/#primaryimage"},"thumbnailUrl":"https:\/\/www.geopolitics.fr\/wp-content\/uploads\/2024\/01\/france-maroc-2.jpg","keywords":["diplomatie","France","Maroc","partenariat","PARTENARIAT STRATEGIQUE"],"articleSection":["Diplomatie","International","Mis en AVANT","Monde arabe"],"inLanguage":"en-GB"},{"@type":"WebPage","@id":"https:\/\/www.geopolitics.fr\/2026\/08\/04\/la-relation-franco-marocaine-dun-heritage-historique-a-un-partenariat-strategique\/","url":"https:\/\/www.geopolitics.fr\/2026\/08\/04\/la-relation-franco-marocaine-dun-heritage-historique-a-un-partenariat-strategique\/","name":"La relation franco-marocaine : d'un h\u00e9ritage historique \u00e0 un partenariat strat\u00e9gique | Geopolitics.fr","isPartOf":{"@id":"https:\/\/www.geopolitics.fr\/#website"},"primaryImageOfPage":{"@id":"https:\/\/www.geopolitics.fr\/2026\/08\/04\/la-relation-franco-marocaine-dun-heritage-historique-a-un-partenariat-strategique\/#primaryimage"},"image":{"@id":"https:\/\/www.geopolitics.fr\/2026\/08\/04\/la-relation-franco-marocaine-dun-heritage-historique-a-un-partenariat-strategique\/#primaryimage"},"thumbnailUrl":"https:\/\/www.geopolitics.fr\/wp-content\/uploads\/2024\/01\/france-maroc-2.jpg","datePublished":"2026-08-04T07:49:22+00:00","dateModified":"2026-08-04T07:49:25+00:00","description":"Le rapprochement engag\u00e9 depuis 2024 constitue-t-il une sortie de crise entre Paris et Rabat, ou une red\u00e9finition plus large du partenariat ?","breadcrumb":{"@id":"https:\/\/www.geopolitics.fr\/2026\/08\/04\/la-relation-franco-marocaine-dun-heritage-historique-a-un-partenariat-strategique\/#breadcrumb"},"inLanguage":"en-GB","potentialAction":[{"@type":"ReadAction","target":["https:\/\/www.geopolitics.fr\/2026\/08\/04\/la-relation-franco-marocaine-dun-heritage-historique-a-un-partenariat-strategique\/"]}]},{"@type":"ImageObject","inLanguage":"en-GB","@id":"https:\/\/www.geopolitics.fr\/2026\/08\/04\/la-relation-franco-marocaine-dun-heritage-historique-a-un-partenariat-strategique\/#primaryimage","url":"https:\/\/www.geopolitics.fr\/wp-content\/uploads\/2024\/01\/france-maroc-2.jpg","contentUrl":"https:\/\/www.geopolitics.fr\/wp-content\/uploads\/2024\/01\/france-maroc-2.jpg","width":612,"height":343,"caption":"Morocco and France flag together realtions textile cloth fabric texture"},{"@type":"BreadcrumbList","@id":"https:\/\/www.geopolitics.fr\/2026\/08\/04\/la-relation-franco-marocaine-dun-heritage-historique-a-un-partenariat-strategique\/#breadcrumb","itemListElement":[{"@type":"ListItem","position":1,"name":"Accueil","item":"https:\/\/www.geopolitics.fr\/"},{"@type":"ListItem","position":2,"name":"La relation franco-marocaine : d&rsquo;un h\u00e9ritage historique \u00e0 un partenariat strat\u00e9gique"}]},{"@type":"WebSite","@id":"https:\/\/www.geopolitics.fr\/#website","url":"https:\/\/www.geopolitics.fr\/","name":"Geopolitics.fr","description":"Geopolitics.fr Analyse politique, relations internationales, d\u00e9fense - ligne \u00e9ditoriale gaullo-chiraquienne","publisher":{"@id":"https:\/\/www.geopolitics.fr\/#organization"},"potentialAction":[{"@type":"SearchAction","target":{"@type":"EntryPoint","urlTemplate":"https:\/\/www.geopolitics.fr\/?s={search_term_string}"},"query-input":{"@type":"PropertyValueSpecification","valueRequired":true,"valueName":"search_term_string"}}],"inLanguage":"en-GB"},{"@type":"Organization","@id":"https:\/\/www.geopolitics.fr\/#organization","name":"Geopolitics.fr","url":"https:\/\/www.geopolitics.fr\/","logo":{"@type":"ImageObject","inLanguage":"en-GB","@id":"https:\/\/www.geopolitics.fr\/#\/schema\/logo\/image\/","url":"https:\/\/www.geopolitics.fr\/wp-content\/uploads\/2024\/01\/logo.jpg","contentUrl":"https:\/\/www.geopolitics.fr\/wp-content\/uploads\/2024\/01\/logo.jpg","width":500,"height":500,"caption":"Geopolitics.fr"},"image":{"@id":"https:\/\/www.geopolitics.fr\/#\/schema\/logo\/image\/"},"sameAs":["https:\/\/www.facebook.com\/people\/Erwan-Davoux\/61557098968092\/","https:\/\/x.com\/Geopolitics_Fr"]},{"@type":"Person","@id":"https:\/\/www.geopolitics.fr\/#\/schema\/person\/74e961d57855fd5d945bd21966e071fe","name":"Houriya HADI","image":{"@type":"ImageObject","inLanguage":"en-GB","@id":"https:\/\/www.geopolitics.fr\/wp-content\/uploads\/2026\/07\/logo-geo-96x96.jpg","url":"https:\/\/www.geopolitics.fr\/wp-content\/uploads\/2026\/07\/logo-geo-96x96.jpg","contentUrl":"https:\/\/www.geopolitics.fr\/wp-content\/uploads\/2026\/07\/logo-geo-96x96.jpg","caption":"Houriya HADI"},"description":"Houriya HADI est analyste en g\u00e9opolitique et prospective, passionn\u00e9e par les relations internationales et les politiques publiques.","url":"https:\/\/www.geopolitics.fr\/en\/author\/houriya-hadi\/"}]}},"_links":{"self":[{"href":"https:\/\/www.geopolitics.fr\/en\/wp-json\/wp\/v2\/posts\/4546","targetHints":{"allow":["GET"]}}],"collection":[{"href":"https:\/\/www.geopolitics.fr\/en\/wp-json\/wp\/v2\/posts"}],"about":[{"href":"https:\/\/www.geopolitics.fr\/en\/wp-json\/wp\/v2\/types\/post"}],"author":[{"embeddable":true,"href":"https:\/\/www.geopolitics.fr\/en\/wp-json\/wp\/v2\/users\/31736"}],"replies":[{"embeddable":true,"href":"https:\/\/www.geopolitics.fr\/en\/wp-json\/wp\/v2\/comments?post=4546"}],"version-history":[{"count":1,"href":"https:\/\/www.geopolitics.fr\/en\/wp-json\/wp\/v2\/posts\/4546\/revisions"}],"predecessor-version":[{"id":4547,"href":"https:\/\/www.geopolitics.fr\/en\/wp-json\/wp\/v2\/posts\/4546\/revisions\/4547"}],"wp:featuredmedia":[{"embeddable":true,"href":"https:\/\/www.geopolitics.fr\/en\/wp-json\/wp\/v2\/media\/1924"}],"wp:attachment":[{"href":"https:\/\/www.geopolitics.fr\/en\/wp-json\/wp\/v2\/media?parent=4546"}],"wp:term":[{"taxonomy":"category","embeddable":true,"href":"https:\/\/www.geopolitics.fr\/en\/wp-json\/wp\/v2\/categories?post=4546"},{"taxonomy":"post_tag","embeddable":true,"href":"https:\/\/www.geopolitics.fr\/en\/wp-json\/wp\/v2\/tags?post=4546"}],"curies":[{"name":"wp","href":"https:\/\/api.w.org\/{rel}","templated":true}]}}