{"id":4536,"date":"2026-07-29T08:33:30","date_gmt":"2026-07-29T06:33:30","guid":{"rendered":"https:\/\/www.geopolitics.fr\/?p=4536"},"modified":"2026-07-29T08:33:32","modified_gmt":"2026-07-29T06:33:32","slug":"israel-perd-lamerique-democrate","status":"publish","type":"post","link":"https:\/\/www.geopolitics.fr\/en\/2026\/07\/29\/israel-perd-lamerique-democrate\/","title":{"rendered":"Isra\u00ebl perd l&rsquo;Am\u00e9rique d\u00e9mocrate"},"content":{"rendered":"<p class=\"has-medium-font-size wp-block-paragraph\">Il aura suffi d&rsquo;un amendement au projet de financement du D\u00e9partement d&rsquo;\u00c9tat pour faire voler en \u00e9clats l&rsquo;un des derniers tabous de la politique \u00e9trang\u00e8re am\u00e9ricaine. Par <strong>314 voix contre 104<\/strong>, la Chambre a confirm\u00e9 le maintien de l&rsquo;aide militaire, mais le v\u00e9ritable s\u00e9isme est ailleurs : plus d&rsquo;une centaine d&rsquo;\u00e9lus d\u00e9mocrates ont publiquement remis en cause un soutien longtemps consid\u00e9r\u00e9 comme intangible. Pour la Maison-Blanche, l&rsquo;\u00e9quation devient plus complexe. Si Donald Trump reste r\u00e9solument align\u00e9 sur Tel-Aviv, la contestation qui s&rsquo;enracine dans le camp d\u00e9mocrate transforme progressivement la relation avec Isra\u00ebl en enjeu de confrontation id\u00e9ologique, \u00e0 quelques mois des \u00e9lections de mi-mandat de novembre 2026. &nbsp;&nbsp;<\/p>\n\n\n\n<h2 id=\"h-le-consensus-democrate-se-fissure\" class=\"wp-block-heading\">Le consensus d\u00e9mocrate se fissure<\/h2>\n\n\n\n<p class=\"has-medium-font-size wp-block-paragraph\">Le vote du 15 juillet d\u00e9passe largement le cadre d&rsquo;une r\u00e9bellion de l&rsquo;aile progressiste. Il r\u00e9v\u00e8le une recomposition id\u00e9ologique qui gagne d\u00e9sormais les \u00e9lus mod\u00e9r\u00e9s, confront\u00e9s au co\u00fbt politique du lourd bilan humanitaire \u00e0 Gaza et \u00e0 l&rsquo;impasse durable du processus isra\u00e9lo-palestinien. Les divisions atteignent d\u00e9sormais le sommet m\u00eame du Parti d\u00e9mocrate : tandis que son chef \u00e0 la Chambre, Hakeem Jeffries, s&rsquo;est oppos\u00e9 \u00e0 l&rsquo;amendement, sa num\u00e9ro deux, Katherine Clark, l&rsquo;a soutenu, illustrant une fracture qui s&rsquo;installe au c\u0153ur de l&rsquo;appareil partisan.<\/p>\n\n\n\n<p class=\"has-medium-font-size wp-block-paragraph\">Le soutien \u00e0 Isra\u00ebl cesse ainsi d&rsquo;\u00eatre un r\u00e9flexe consensuel pour devenir un sujet de confrontation politique. Pour l&rsquo;ex\u00e9cutif am\u00e9ricain, l&rsquo;enjeu consiste d\u00e9sormais \u00e0 pr\u00e9server un partenariat strat\u00e9gique sans en faire un fardeau \u00e9lectoral aupr\u00e8s des jeunes g\u00e9n\u00e9rations et des \u00e9lecteurs ind\u00e9pendants.<\/p>\n\n\n\n<h2 id=\"h-l-aipac-sur-la-defensive\" class=\"wp-block-heading\">L&rsquo;AIPAC sur la d\u00e9fensive<\/h2>\n\n\n\n<p class=\"has-medium-font-size wp-block-paragraph\">Cette nouvelle donne contraint les organisations pro-isra\u00e9liennes \u00e0 revoir leur strat\u00e9gie. Longtemps gardienne d&rsquo;un consensus bipartisan presque incontest\u00e9, l&rsquo;AIPAC adopte d\u00e9sormais une logique plus offensive. En retirant son soutien financier aux d\u00e9mocrates favorables \u00e0 l&rsquo;amendement, l&rsquo;organisation reconna\u00eet implicitement que l&rsquo;ob\u00e9issance automatique des \u00e9lus appartient au pass\u00e9. Son influence demeure consid\u00e9rable, mais elle s&rsquo;exerce d\u00e9sormais dans un environnement politique beaucoup plus fragment\u00e9.<\/p>\n\n\n\n<p class=\"has-medium-font-size wp-block-paragraph\">Parall\u00e8lement, des organisations comme <strong>J Street<\/strong>, ainsi que plusieurs \u00e9lus autrefois inconditionnels, redessinent les contours du camp pro-isra\u00e9lien. Celui-ci n&rsquo;appara\u00eet plus comme un bloc homog\u00e8ne, mais comme un espace travers\u00e9 par des lignes de fracture opposant partisans d&rsquo;un soutien sans condition, r\u00e9formateurs favorables \u00e0 une aide encadr\u00e9e et parlementaires de plus en plus critiques \u00e0 l&rsquo;\u00e9gard du gouvernement isra\u00e9lien.<\/p>\n\n\n\n<h2 id=\"h-israel-decouvre-sa-vulnerabilite-politique\" class=\"wp-block-heading\">Isra\u00ebl d\u00e9couvre sa vuln\u00e9rabilit\u00e9 politique<\/h2>\n\n\n\n<p class=\"has-medium-font-size wp-block-paragraph\">En Isra\u00ebl, le vote du 15 juillet n&rsquo;a pas \u00e9t\u00e9 per\u00e7u comme un simple \u00e9pisode parlementaire, mais comme un avertissement strat\u00e9gique. L&rsquo;inqui\u00e9tude est moins financi\u00e8re que politique : les dirigeants isra\u00e9liens constatent l&rsquo;\u00e9rosion progressive de leur capital de soutien aux \u00c9tats-Unis. L&rsquo;aide militaire ne b\u00e9n\u00e9ficie plus d&rsquo;un consensus moral et politique incontest\u00e9 ; elle devient un objet de d\u00e9bat partisan.<\/p>\n\n\n\n<p class=\"has-medium-font-size wp-block-paragraph\">Cette prise de conscience intervient au moment o\u00f9 les calendriers \u00e9lectoraux am\u00e9ricain et isra\u00e9lien se superposent. Avec les \u00e9lections l\u00e9gislatives isra\u00e9liennes d&rsquo;octobre 2026 puis les \u00e9lections am\u00e9ricaines de mi-mandat en novembre, les deux pays entrent dans une s\u00e9quence politique particuli\u00e8rement incertaine.<\/p>\n\n\n\n<p class=\"has-medium-font-size wp-block-paragraph\">En Isra\u00ebl, une interrogation s&rsquo;impose d\u00e9sormais : faut-il envoyer des signaux d&rsquo;apaisement susceptibles de renouer le dialogue avec un Parti d\u00e9mocrate en pleine mutation, ou maintenir une ligne s\u00e9curitaire assum\u00e9e au risque d&rsquo;acc\u00e9l\u00e9rer son \u00e9loignement ?&nbsp;<\/p>\n\n\n\n<h2 id=\"h-les-midterms-l-heure-de-verite\" class=\"wp-block-heading\">Les midterms, l&rsquo;heure de v\u00e9rit\u00e9<\/h2>\n\n\n\n<p class=\"has-medium-font-size wp-block-paragraph\">Les \u00e9lections am\u00e9ricaines de mi-mandat de novembre 2026 d\u00e9passent largement le cadre d&rsquo;un rendez-vous \u00e9lectoral ordinaire. Elles constitueront le premier v\u00e9ritable test de la mutation en cours de la relation am\u00e9ricano-isra\u00e9lienne. Pour la premi\u00e8re fois depuis plusieurs d\u00e9cennies, le soutien \u00e0 Isra\u00ebl ne fait plus consensus au sein du Parti d\u00e9mocrate. Longtemps cantonn\u00e9e \u00e0 l&rsquo;aile progressiste, la contestation s&rsquo;\u00e9tend d\u00e9sormais aux \u00e9lus mod\u00e9r\u00e9s et atteint le c\u0153ur m\u00eame du Congr\u00e8s.<\/p>\n\n\n\n<p class=\"has-medium-font-size wp-block-paragraph\">Cette \u00e9volution ne remet pas encore en cause les fondements strat\u00e9giques de l&rsquo;alliance. En revanche, elle transforme profond\u00e9ment les conditions politiques de son maintien.<\/p>\n\n\n\n<h2 id=\"h-un-congres-plus-exigeant\" class=\"wp-block-heading\">Un Congr\u00e8s plus exigeant<\/h2>\n\n\n\n<p class=\"has-medium-font-size wp-block-paragraph\">Une progression d\u00e9mocrate \u00e0 la Chambre ou au S\u00e9nat amplifierait naturellement cette dynamique. Les nouveaux \u00e9lus issus des grandes m\u00e9tropoles, des circonscriptions universitaires ou d&rsquo;un \u00e9lectorat plus jeune portent une approche sensiblement diff\u00e9rente du dossier isra\u00e9lien. Ils ont grandi dans un contexte marqu\u00e9 par les guerres successives \u00e0 Gaza, l&rsquo;omnipr\u00e9sence des r\u00e9seaux sociaux et une sensibilit\u00e9 accrue aux enjeux du droit international humanitaire.<\/p>\n\n\n\n<p class=\"has-medium-font-size wp-block-paragraph\">Cette \u00e9volution modifierait rapidement le travail du Congr\u00e8s. Les initiatives visant \u00e0 conditionner l&rsquo;aide militaire gagneraient en visibilit\u00e9. Les commissions parlementaires exerceraient un contr\u00f4le plus \u00e9troit sur l&rsquo;utilisation des armements am\u00e9ricains. Quant aux d\u00e9l\u00e9gations parlementaires au Moyen-Orient, elles diversifieraient davantage leurs interlocuteurs en int\u00e9grant plus largement les repr\u00e9sentants de la soci\u00e9t\u00e9 civile palestinienne.<\/p>\n\n\n\n<h2 id=\"h-une-victoire-republicaine-sans-veritable-repit\" class=\"wp-block-heading\">Une victoire r\u00e9publicaine sans v\u00e9ritable r\u00e9pit<\/h2>\n\n\n\n<p class=\"has-medium-font-size wp-block-paragraph\">\u00c0 l&rsquo;inverse, une majorit\u00e9 r\u00e9publicaine conforterait l&rsquo;administration Trump dans son soutien \u00e0 Isra\u00ebl. Les \u00e9ventuelles restrictions \u00e0 l&rsquo;aide militaire resteraient politiquement vou\u00e9es \u00e0 l&rsquo;\u00e9chec. Cette stabilit\u00e9 serait toutefois largement trompeuse. La polarisation ne dispara\u00eetrait pas ; elle se d\u00e9placerait vers l&rsquo;opinion publique, les m\u00e9dias et la pr\u00e9paration de l&rsquo;\u00e9lection pr\u00e9sidentielle de 2028.<\/p>\n\n\n\n<p class=\"has-medium-font-size wp-block-paragraph\">Ce basculement partisan r\u00e9v\u00e8le la fragilit\u00e9 d&rsquo;un soutien longtemps pr\u00e9sent\u00e9 comme intangible : d\u00e8s lors qu&rsquo;il devient l&rsquo;apanage d&rsquo;un seul camp politique am\u00e9ricain, il cesse d&rsquo;\u00eatre un acquis strat\u00e9gique pour devenir un enjeu \u00e9lectoral parmi d&rsquo;autres \u2014 expos\u00e9, comme tel, aux al\u00e9as de chaque scrutin. &nbsp;<\/p>\n\n\n\n<h2 id=\"h-la-nouvelle-geographie-electorale\" class=\"wp-block-heading\">La nouvelle g\u00e9ographie \u00e9lectorale<\/h2>\n\n\n\n<p class=\"has-medium-font-size wp-block-paragraph\">Les r\u00e9sultats du 15 juillet mettent \u00e9galement en lumi\u00e8re les profondes mutations de l&rsquo;\u00e9lectorat am\u00e9ricain. Les \u00c9tats o\u00f9 les \u00e9lus d\u00e9mocrates ont le plus soutenu la r\u00e9duction de l&rsquo;aide \u00e0 Isra\u00ebl \u2014 Californie, New York, Illinois ou Massachusetts \u2014 correspondent aussi aux territoires o\u00f9 la mobilisation autour de la question palestinienne est la plus forte. Ces espaces concentrent une population plus jeune, plus diverse et des communaut\u00e9s juives lib\u00e9rales particuli\u00e8rement influentes.<\/p>\n\n\n\n<p class=\"has-medium-font-size wp-block-paragraph\">Pour les \u00e9lus, le vote devient d\u00e9sormais un v\u00e9ritable marqueur politique. Ceux qui ont maintenu leur soutien \u00e0 l&rsquo;aide militaire devront r\u00e9pondre aux attentes d&rsquo;une base d\u00e9mocrate plus critique ; ceux qui s&rsquo;y sont oppos\u00e9s devront affronter la pression financi\u00e8re et politique des grandes organisations pro-isra\u00e9liennes. Dans tous les cas, les <em>midterms<\/em> feront de la relation avec Isra\u00ebl un th\u00e8me majeur du d\u00e9bat \u00e9lectoral am\u00e9ricain.<em> <\/em>&nbsp;&nbsp;<\/p>\n\n\n\n<h2 id=\"h-l-aide-sous-conditions\" class=\"wp-block-heading\">L&rsquo;aide sous conditions<\/h2>\n\n\n\n<p class=\"has-medium-font-size wp-block-paragraph\">Le v\u00e9ritable enjeu des <em>midterms<\/em> ne r\u00e9side pas tant dans le montant de l&rsquo;aide militaire que dans les conditions qui pourraient d\u00e9sormais l&rsquo;encadrer. Quelle que soit la future majorit\u00e9 au Congr\u00e8s, la pression en faveur d&rsquo;un soutien assorti d&rsquo;exigences devrait continuer de cro\u00eetre.<\/p>\n\n\n\n<p class=\"has-medium-font-size wp-block-paragraph\">Transparence sur l&rsquo;utilisation des armements am\u00e9ricains, gel de l&rsquo;expansion des colonies en Cisjordanie, relance d&rsquo;un processus politique cr\u00e9dible avec les Palestiniens ou respect du droit international humanitaire : autant de conditions qui, hier encore, auraient sembl\u00e9 politiquement inenvisageables.<\/p>\n\n\n\n<p class=\"has-medium-font-size wp-block-paragraph\">Une telle \u00e9volution modifierait profond\u00e9ment la nature de la relation bilat\u00e9rale. Isra\u00ebl ne b\u00e9n\u00e9ficierait plus d&rsquo;un soutien quasi automatique, mais d&rsquo;un partenariat strat\u00e9gique de plus en plus soumis \u00e0 une logique de responsabilit\u00e9 politique. Pour Tel-Aviv, ce changement constituerait une rupture majeure : il ne suffirait plus d&rsquo;invoquer la solidarit\u00e9 historique ; il faudrait d\u00e9sormais convaincre.<\/p>\n\n\n\n<h2 id=\"h-la-bataille-de-l-opinion\" class=\"wp-block-heading\">La bataille de l&rsquo;opinion<\/h2>\n\n\n\n<p class=\"has-medium-font-size wp-block-paragraph\">Les <em>midterms<\/em> ne se joueront pas uniquement dans les urnes ; ils se joueront aussi dans l&rsquo;opinion. Les enqu\u00eates montrent une rupture g\u00e9n\u00e9rationnelle de plus en plus marqu\u00e9e. Si le soutien \u00e0 Isra\u00ebl demeure solide chez les \u00e9lecteurs conservateurs et les g\u00e9n\u00e9rations les plus \u00e2g\u00e9es, il s&rsquo;effrite rapidement parmi les d\u00e9mocrates de moins de quarante ans.<\/p>\n\n\n\n<p class=\"has-medium-font-size wp-block-paragraph\">Cette g\u00e9n\u00e9ration n&rsquo;a ni connu les accords d&rsquo;Oslo ni grandi avec le r\u00e9cit d&rsquo;une d\u00e9mocratie constamment assi\u00e9g\u00e9e. Son regard s&rsquo;est construit au fil des guerres successives \u00e0 Gaza et d&rsquo;une circulation instantan\u00e9e des images sur les r\u00e9seaux sociaux. Pour elle, la question n&rsquo;est plus de savoir si Isra\u00ebl a le droit de se d\u00e9fendre, mais dans quelles conditions il exerce ce droit et \u00e0 quel co\u00fbt humain.<\/p>\n\n\n\n<p class=\"has-medium-font-size wp-block-paragraph\">Face \u00e0 cette \u00e9volution, les arguments s\u00e9curitaires traditionnels perdent progressivement de leur efficacit\u00e9. C&rsquo;est d\u00e9sormais la l\u00e9gitimit\u00e9 politique et morale de l&rsquo;action isra\u00e9lienne qui est d\u00e9battue au c\u0153ur m\u00eame de la soci\u00e9t\u00e9 am\u00e9ricaine.&nbsp;&nbsp;<\/p>\n\n\n\n<h2 id=\"h-l-alliance-change-de-nature\" class=\"wp-block-heading\">L&rsquo;alliance change de nature<\/h2>\n\n\n\n<p class=\"has-medium-font-size wp-block-paragraph\">L&rsquo;alliance entre Washington et Tel-Aviv ne dispara\u00eet pas. Ses fondements strat\u00e9giques demeurent solides. En revanche, le cadre politique qui l&rsquo;a longtemps prot\u00e9g\u00e9e se transforme profond\u00e9ment. L&rsquo;\u00e8re du consensus bipartisan laisse place \u00e0 une relation de plus en plus expos\u00e9e aux alternances \u00e9lectorales, aux rapports de force parlementaires et aux attentes d&rsquo;une opinion publique en mutation.<\/p>\n\n\n\n<p class=\"has-medium-font-size wp-block-paragraph\">Les \u00e9ch\u00e9ances de novembre 2026 diront si cette bascule s&rsquo;installe dans la dur\u00e9e ou si elle n&rsquo;aura \u00e9t\u00e9 qu&rsquo;un accident de parcours. Une progression d\u00e9mocrate acc\u00e9l\u00e9rerait probablement la mont\u00e9e des demandes de conditionnalit\u00e9 de l&rsquo;aide militaire.<\/p>\n\n\n\n<p class=\"has-medium-font-size wp-block-paragraph\">M\u00eame en cas de maintien d&rsquo;une majorit\u00e9 r\u00e9publicaine, la tendance de fond resterait inchang\u00e9e : le soutien \u00e0 Isra\u00ebl deviendrait un objet permanent de d\u00e9bat politique int\u00e9rieur.<\/p>\n\n\n\n<p class=\"has-medium-font-size wp-block-paragraph\">Ce qui vacille aujourd&rsquo;hui n&rsquo;est donc pas l&rsquo;alliance entre Washington et Tel-Aviv, dont les fondements strat\u00e9giques demeurent intacts. C&rsquo;est le <strong>consensus politique am\u00e9ricain qui, pendant pr\u00e8s d&rsquo;un demi-si\u00e8cle, en garantissait la solidit\u00e9 sans partage \u2014 et dont la disparition progressive red\u00e9finit, pour longtemps, les termes m\u00eames du soutien.<\/strong><\/p>\n\n\n\n<p class=\"wp-block-paragraph\"><\/p>","protected":false},"excerpt":{"rendered":"<p>Il aura suffi d&rsquo;un amendement au projet de financement du D\u00e9partement d&rsquo;\u00c9tat pour faire voler en \u00e9clats l&rsquo;un des derniers tabous de&hellip;<\/p>","protected":false},"author":103,"featured_media":4537,"comment_status":"closed","ping_status":"closed","sticky":false,"template":"","format":"standard","meta":{"_lmt_disableupdate":"","_lmt_disable":"","footnotes":""},"categories":[614,5,4],"tags":[719,721,720,110],"class_list":["post-4536","post","type-post","status-publish","format-standard","has-post-thumbnail","hentry","category-ameriques","category-international","category-mis-en-avant","tag-congres","tag-democrate","tag-dmocratee","tag-israel-2"],"yoast_head":"<!-- This site is optimized with the Yoast SEO Premium plugin v28.1 (Yoast SEO v28.1) - https:\/\/yoast.com\/product\/yoast-seo-premium-wordpress\/ -->\n<title>Isra\u00ebl perd l&#039;Am\u00e9rique d\u00e9mocrate | Geopolitics.fr<\/title>\n<meta name=\"description\" content=\"Plus d&#039;une centaine d&#039;\u00e9lus d\u00e9mocrates ont remis en cause un soutien consid\u00e9r\u00e9 comme intangible : le maintien de l&#039;aide militaire \u00e0 Isra\u00ebl\" \/>\n<meta name=\"robots\" content=\"index, follow, max-snippet:-1, max-image-preview:large, max-video-preview:-1\" \/>\n<link rel=\"canonical\" href=\"https:\/\/www.geopolitics.fr\/en\/2026\/07\/29\/israel-perd-lamerique-democrate\/\" \/>\n<meta property=\"og:locale\" content=\"en_GB\" \/>\n<meta property=\"og:type\" content=\"article\" \/>\n<meta property=\"og:title\" content=\"Isra\u00ebl perd l&#039;Am\u00e9rique d\u00e9mocrate\" \/>\n<meta property=\"og:description\" content=\"Plus d&#039;une centaine d&#039;\u00e9lus d\u00e9mocrates ont remis en cause un soutien consid\u00e9r\u00e9 comme intangible : le maintien de l&#039;aide militaire \u00e0 Isra\u00ebl\" \/>\n<meta property=\"og:url\" content=\"https:\/\/www.geopolitics.fr\/en\/2026\/07\/29\/israel-perd-lamerique-democrate\/\" \/>\n<meta property=\"og:site_name\" content=\"Geopolitics.fr\" \/>\n<meta property=\"article:publisher\" content=\"https:\/\/www.facebook.com\/people\/Erwan-Davoux\/61557098968092\/\" \/>\n<meta property=\"article:published_time\" content=\"2026-07-29T06:33:30+00:00\" \/>\n<meta property=\"article:modified_time\" content=\"2026-07-29T06:33:32+00:00\" \/>\n<meta property=\"og:image\" content=\"https:\/\/www.geopolitics.fr\/wp-content\/uploads\/2026\/07\/iStock-1297323207.jpg\" \/>\n\t<meta property=\"og:image:width\" content=\"1920\" \/>\n\t<meta property=\"og:image:height\" content=\"1280\" \/>\n\t<meta property=\"og:image:type\" content=\"image\/jpeg\" \/>\n<meta name=\"author\" content=\"Elyes GHARIANI\" \/>\n<meta name=\"twitter:card\" content=\"summary_large_image\" \/>\n<meta name=\"twitter:creator\" content=\"@Geopolitics_Fr\" \/>\n<meta name=\"twitter:site\" content=\"@Geopolitics_Fr\" \/>\n<meta name=\"twitter:label1\" content=\"Written by\" \/>\n\t<meta name=\"twitter:data1\" content=\"Elyes GHARIANI\" \/>\n\t<meta name=\"twitter:label2\" content=\"Estimated reading time\" \/>\n\t<meta name=\"twitter:data2\" content=\"8 minutes\" \/>\n<script type=\"application\/ld+json\" class=\"yoast-schema-graph\">{\"@context\":\"https:\\\/\\\/schema.org\",\"@graph\":[{\"@type\":\"Article\",\"@id\":\"https:\\\/\\\/www.geopolitics.fr\\\/2026\\\/07\\\/29\\\/israel-perd-lamerique-democrate\\\/#article\",\"isPartOf\":{\"@id\":\"https:\\\/\\\/www.geopolitics.fr\\\/2026\\\/07\\\/29\\\/israel-perd-lamerique-democrate\\\/\"},\"author\":{\"name\":\"Elyes GHARIANI\",\"@id\":\"https:\\\/\\\/www.geopolitics.fr\\\/#\\\/schema\\\/person\\\/2f100050c14e702a5388d142a9fa8307\"},\"headline\":\"Isra\u00ebl perd l&rsquo;Am\u00e9rique d\u00e9mocrate\",\"datePublished\":\"2026-07-29T06:33:30+00:00\",\"dateModified\":\"2026-07-29T06:33:32+00:00\",\"mainEntityOfPage\":{\"@id\":\"https:\\\/\\\/www.geopolitics.fr\\\/2026\\\/07\\\/29\\\/israel-perd-lamerique-democrate\\\/\"},\"wordCount\":1717,\"publisher\":{\"@id\":\"https:\\\/\\\/www.geopolitics.fr\\\/#organization\"},\"image\":{\"@id\":\"https:\\\/\\\/www.geopolitics.fr\\\/2026\\\/07\\\/29\\\/israel-perd-lamerique-democrate\\\/#primaryimage\"},\"thumbnailUrl\":\"https:\\\/\\\/www.geopolitics.fr\\\/wp-content\\\/uploads\\\/2026\\\/07\\\/iStock-1297323207.jpg\",\"keywords\":[\"CONGRES\",\"DEMOCRATE\",\"DMOCRATEE\",\"ISRAEL\"],\"articleSection\":[\"Am\u00e9riques\",\"International\",\"Mis en AVANT\"],\"inLanguage\":\"en-GB\"},{\"@type\":\"WebPage\",\"@id\":\"https:\\\/\\\/www.geopolitics.fr\\\/2026\\\/07\\\/29\\\/israel-perd-lamerique-democrate\\\/\",\"url\":\"https:\\\/\\\/www.geopolitics.fr\\\/2026\\\/07\\\/29\\\/israel-perd-lamerique-democrate\\\/\",\"name\":\"Isra\u00ebl perd l'Am\u00e9rique d\u00e9mocrate | Geopolitics.fr\",\"isPartOf\":{\"@id\":\"https:\\\/\\\/www.geopolitics.fr\\\/#website\"},\"primaryImageOfPage\":{\"@id\":\"https:\\\/\\\/www.geopolitics.fr\\\/2026\\\/07\\\/29\\\/israel-perd-lamerique-democrate\\\/#primaryimage\"},\"image\":{\"@id\":\"https:\\\/\\\/www.geopolitics.fr\\\/2026\\\/07\\\/29\\\/israel-perd-lamerique-democrate\\\/#primaryimage\"},\"thumbnailUrl\":\"https:\\\/\\\/www.geopolitics.fr\\\/wp-content\\\/uploads\\\/2026\\\/07\\\/iStock-1297323207.jpg\",\"datePublished\":\"2026-07-29T06:33:30+00:00\",\"dateModified\":\"2026-07-29T06:33:32+00:00\",\"description\":\"Plus d'une centaine d'\u00e9lus d\u00e9mocrates ont remis en cause un soutien consid\u00e9r\u00e9 comme intangible : le maintien de l'aide militaire \u00e0 Isra\u00ebl\",\"breadcrumb\":{\"@id\":\"https:\\\/\\\/www.geopolitics.fr\\\/2026\\\/07\\\/29\\\/israel-perd-lamerique-democrate\\\/#breadcrumb\"},\"inLanguage\":\"en-GB\",\"potentialAction\":[{\"@type\":\"ReadAction\",\"target\":[\"https:\\\/\\\/www.geopolitics.fr\\\/2026\\\/07\\\/29\\\/israel-perd-lamerique-democrate\\\/\"]}]},{\"@type\":\"ImageObject\",\"inLanguage\":\"en-GB\",\"@id\":\"https:\\\/\\\/www.geopolitics.fr\\\/2026\\\/07\\\/29\\\/israel-perd-lamerique-democrate\\\/#primaryimage\",\"url\":\"https:\\\/\\\/www.geopolitics.fr\\\/wp-content\\\/uploads\\\/2026\\\/07\\\/iStock-1297323207.jpg\",\"contentUrl\":\"https:\\\/\\\/www.geopolitics.fr\\\/wp-content\\\/uploads\\\/2026\\\/07\\\/iStock-1297323207.jpg\",\"width\":1920,\"height\":1280,\"caption\":\"American Politics - Congress Political Divide - Partisan Politicians\"},{\"@type\":\"BreadcrumbList\",\"@id\":\"https:\\\/\\\/www.geopolitics.fr\\\/2026\\\/07\\\/29\\\/israel-perd-lamerique-democrate\\\/#breadcrumb\",\"itemListElement\":[{\"@type\":\"ListItem\",\"position\":1,\"name\":\"Accueil\",\"item\":\"https:\\\/\\\/www.geopolitics.fr\\\/\"},{\"@type\":\"ListItem\",\"position\":2,\"name\":\"Isra\u00ebl perd l&rsquo;Am\u00e9rique d\u00e9mocrate\"}]},{\"@type\":\"WebSite\",\"@id\":\"https:\\\/\\\/www.geopolitics.fr\\\/#website\",\"url\":\"https:\\\/\\\/www.geopolitics.fr\\\/\",\"name\":\"Geopolitics.fr\",\"description\":\"Geopolitics.fr Analyse politique, relations internationales, d\u00e9fense - ligne \u00e9ditoriale gaullo-chiraquienne\",\"publisher\":{\"@id\":\"https:\\\/\\\/www.geopolitics.fr\\\/#organization\"},\"potentialAction\":[{\"@type\":\"SearchAction\",\"target\":{\"@type\":\"EntryPoint\",\"urlTemplate\":\"https:\\\/\\\/www.geopolitics.fr\\\/?s={search_term_string}\"},\"query-input\":{\"@type\":\"PropertyValueSpecification\",\"valueRequired\":true,\"valueName\":\"search_term_string\"}}],\"inLanguage\":\"en-GB\"},{\"@type\":\"Organization\",\"@id\":\"https:\\\/\\\/www.geopolitics.fr\\\/#organization\",\"name\":\"Geopolitics.fr\",\"url\":\"https:\\\/\\\/www.geopolitics.fr\\\/\",\"logo\":{\"@type\":\"ImageObject\",\"inLanguage\":\"en-GB\",\"@id\":\"https:\\\/\\\/www.geopolitics.fr\\\/#\\\/schema\\\/logo\\\/image\\\/\",\"url\":\"https:\\\/\\\/www.geopolitics.fr\\\/wp-content\\\/uploads\\\/2024\\\/01\\\/logo.jpg\",\"contentUrl\":\"https:\\\/\\\/www.geopolitics.fr\\\/wp-content\\\/uploads\\\/2024\\\/01\\\/logo.jpg\",\"width\":500,\"height\":500,\"caption\":\"Geopolitics.fr\"},\"image\":{\"@id\":\"https:\\\/\\\/www.geopolitics.fr\\\/#\\\/schema\\\/logo\\\/image\\\/\"},\"sameAs\":[\"https:\\\/\\\/www.facebook.com\\\/people\\\/Erwan-Davoux\\\/61557098968092\\\/\",\"https:\\\/\\\/x.com\\\/Geopolitics_Fr\"]},{\"@type\":\"Person\",\"@id\":\"https:\\\/\\\/www.geopolitics.fr\\\/#\\\/schema\\\/person\\\/2f100050c14e702a5388d142a9fa8307\",\"name\":\"Elyes GHARIANI\",\"image\":{\"@type\":\"ImageObject\",\"inLanguage\":\"en-GB\",\"@id\":\"https:\\\/\\\/www.geopolitics.fr\\\/wp-content\\\/uploads\\\/2024\\\/12\\\/elyes-photo-96x96.png\",\"url\":\"https:\\\/\\\/www.geopolitics.fr\\\/wp-content\\\/uploads\\\/2024\\\/12\\\/elyes-photo-96x96.png\",\"contentUrl\":\"https:\\\/\\\/www.geopolitics.fr\\\/wp-content\\\/uploads\\\/2024\\\/12\\\/elyes-photo-96x96.png\",\"caption\":\"Elyes GHARIANI\"},\"description\":\"Ancien ambassadeur de Tunisie, \u00e0 Berlin et \u00e0 La Haye et fort d\u2019une exp\u00e9rience de 40 ans dans le travail diplomatique et la coop\u00e9ration internationale, il dispose d\u2019une bonne expertise en affaires europ\u00e9ennes pour avoir \u00e9t\u00e9 en poste dans les principaux Etats membres fondateurs de l\u2019UE (Allemagne, Belgique, France, Pays-Bas). Dipl\u00f4m\u00e9 de l\u2019Institut Bourguiba des Langues Vivantes de Tunis, de l\u2019Institut Pouchkine de langue russe \u00e0 Moscou et de l\u2019Institut Universitaire des Hautes Etudes Internationales (IUHEI) de Gen\u00e8ve, il dispose d\u2019une large exp\u00e9rience en mati\u00e8re de gestion et de mise en \u0153uvre de projets au niveau international. Il a \u00e9t\u00e9 Conseiller Diplomatique du Chef du Gouvernement en 2015-2016 et 2020-2021\",\"url\":\"https:\\\/\\\/www.geopolitics.fr\\\/en\\\/author\\\/elyes\\\/\"}]}<\/script>\n<!-- \/ Yoast SEO Premium plugin. -->","yoast_head_json":{"title":"Isra\u00ebl perd l'Am\u00e9rique d\u00e9mocrate | Geopolitics.fr","description":"Plus d'une centaine d'\u00e9lus d\u00e9mocrates ont remis en cause un soutien consid\u00e9r\u00e9 comme intangible : le maintien de l'aide militaire \u00e0 Isra\u00ebl","robots":{"index":"index","follow":"follow","max-snippet":"max-snippet:-1","max-image-preview":"max-image-preview:large","max-video-preview":"max-video-preview:-1"},"canonical":"https:\/\/www.geopolitics.fr\/en\/2026\/07\/29\/israel-perd-lamerique-democrate\/","og_locale":"en_GB","og_type":"article","og_title":"Isra\u00ebl perd l'Am\u00e9rique d\u00e9mocrate","og_description":"Plus d'une centaine d'\u00e9lus d\u00e9mocrates ont remis en cause un soutien consid\u00e9r\u00e9 comme intangible : le maintien de l'aide militaire \u00e0 Isra\u00ebl","og_url":"https:\/\/www.geopolitics.fr\/en\/2026\/07\/29\/israel-perd-lamerique-democrate\/","og_site_name":"Geopolitics.fr","article_publisher":"https:\/\/www.facebook.com\/people\/Erwan-Davoux\/61557098968092\/","article_published_time":"2026-07-29T06:33:30+00:00","article_modified_time":"2026-07-29T06:33:32+00:00","og_image":[{"width":1920,"height":1280,"url":"https:\/\/www.geopolitics.fr\/wp-content\/uploads\/2026\/07\/iStock-1297323207.jpg","type":"image\/jpeg"}],"author":"Elyes GHARIANI","twitter_card":"summary_large_image","twitter_creator":"@Geopolitics_Fr","twitter_site":"@Geopolitics_Fr","twitter_misc":{"Written by":"Elyes GHARIANI","Estimated reading time":"8 minutes"},"schema":{"@context":"https:\/\/schema.org","@graph":[{"@type":"Article","@id":"https:\/\/www.geopolitics.fr\/2026\/07\/29\/israel-perd-lamerique-democrate\/#article","isPartOf":{"@id":"https:\/\/www.geopolitics.fr\/2026\/07\/29\/israel-perd-lamerique-democrate\/"},"author":{"name":"Elyes GHARIANI","@id":"https:\/\/www.geopolitics.fr\/#\/schema\/person\/2f100050c14e702a5388d142a9fa8307"},"headline":"Isra\u00ebl perd l&rsquo;Am\u00e9rique d\u00e9mocrate","datePublished":"2026-07-29T06:33:30+00:00","dateModified":"2026-07-29T06:33:32+00:00","mainEntityOfPage":{"@id":"https:\/\/www.geopolitics.fr\/2026\/07\/29\/israel-perd-lamerique-democrate\/"},"wordCount":1717,"publisher":{"@id":"https:\/\/www.geopolitics.fr\/#organization"},"image":{"@id":"https:\/\/www.geopolitics.fr\/2026\/07\/29\/israel-perd-lamerique-democrate\/#primaryimage"},"thumbnailUrl":"https:\/\/www.geopolitics.fr\/wp-content\/uploads\/2026\/07\/iStock-1297323207.jpg","keywords":["CONGRES","DEMOCRATE","DMOCRATEE","ISRAEL"],"articleSection":["Am\u00e9riques","International","Mis en AVANT"],"inLanguage":"en-GB"},{"@type":"WebPage","@id":"https:\/\/www.geopolitics.fr\/2026\/07\/29\/israel-perd-lamerique-democrate\/","url":"https:\/\/www.geopolitics.fr\/2026\/07\/29\/israel-perd-lamerique-democrate\/","name":"Isra\u00ebl perd l'Am\u00e9rique d\u00e9mocrate | Geopolitics.fr","isPartOf":{"@id":"https:\/\/www.geopolitics.fr\/#website"},"primaryImageOfPage":{"@id":"https:\/\/www.geopolitics.fr\/2026\/07\/29\/israel-perd-lamerique-democrate\/#primaryimage"},"image":{"@id":"https:\/\/www.geopolitics.fr\/2026\/07\/29\/israel-perd-lamerique-democrate\/#primaryimage"},"thumbnailUrl":"https:\/\/www.geopolitics.fr\/wp-content\/uploads\/2026\/07\/iStock-1297323207.jpg","datePublished":"2026-07-29T06:33:30+00:00","dateModified":"2026-07-29T06:33:32+00:00","description":"Plus d'une centaine d'\u00e9lus d\u00e9mocrates ont remis en cause un soutien consid\u00e9r\u00e9 comme intangible : le maintien de l'aide militaire \u00e0 Isra\u00ebl","breadcrumb":{"@id":"https:\/\/www.geopolitics.fr\/2026\/07\/29\/israel-perd-lamerique-democrate\/#breadcrumb"},"inLanguage":"en-GB","potentialAction":[{"@type":"ReadAction","target":["https:\/\/www.geopolitics.fr\/2026\/07\/29\/israel-perd-lamerique-democrate\/"]}]},{"@type":"ImageObject","inLanguage":"en-GB","@id":"https:\/\/www.geopolitics.fr\/2026\/07\/29\/israel-perd-lamerique-democrate\/#primaryimage","url":"https:\/\/www.geopolitics.fr\/wp-content\/uploads\/2026\/07\/iStock-1297323207.jpg","contentUrl":"https:\/\/www.geopolitics.fr\/wp-content\/uploads\/2026\/07\/iStock-1297323207.jpg","width":1920,"height":1280,"caption":"American Politics - Congress Political Divide - Partisan Politicians"},{"@type":"BreadcrumbList","@id":"https:\/\/www.geopolitics.fr\/2026\/07\/29\/israel-perd-lamerique-democrate\/#breadcrumb","itemListElement":[{"@type":"ListItem","position":1,"name":"Accueil","item":"https:\/\/www.geopolitics.fr\/"},{"@type":"ListItem","position":2,"name":"Isra\u00ebl perd l&rsquo;Am\u00e9rique d\u00e9mocrate"}]},{"@type":"WebSite","@id":"https:\/\/www.geopolitics.fr\/#website","url":"https:\/\/www.geopolitics.fr\/","name":"Geopolitics.fr","description":"Geopolitics.fr Analyse politique, relations internationales, d\u00e9fense - ligne \u00e9ditoriale gaullo-chiraquienne","publisher":{"@id":"https:\/\/www.geopolitics.fr\/#organization"},"potentialAction":[{"@type":"SearchAction","target":{"@type":"EntryPoint","urlTemplate":"https:\/\/www.geopolitics.fr\/?s={search_term_string}"},"query-input":{"@type":"PropertyValueSpecification","valueRequired":true,"valueName":"search_term_string"}}],"inLanguage":"en-GB"},{"@type":"Organization","@id":"https:\/\/www.geopolitics.fr\/#organization","name":"Geopolitics.fr","url":"https:\/\/www.geopolitics.fr\/","logo":{"@type":"ImageObject","inLanguage":"en-GB","@id":"https:\/\/www.geopolitics.fr\/#\/schema\/logo\/image\/","url":"https:\/\/www.geopolitics.fr\/wp-content\/uploads\/2024\/01\/logo.jpg","contentUrl":"https:\/\/www.geopolitics.fr\/wp-content\/uploads\/2024\/01\/logo.jpg","width":500,"height":500,"caption":"Geopolitics.fr"},"image":{"@id":"https:\/\/www.geopolitics.fr\/#\/schema\/logo\/image\/"},"sameAs":["https:\/\/www.facebook.com\/people\/Erwan-Davoux\/61557098968092\/","https:\/\/x.com\/Geopolitics_Fr"]},{"@type":"Person","@id":"https:\/\/www.geopolitics.fr\/#\/schema\/person\/2f100050c14e702a5388d142a9fa8307","name":"Elyes GHARIANI","image":{"@type":"ImageObject","inLanguage":"en-GB","@id":"https:\/\/www.geopolitics.fr\/wp-content\/uploads\/2024\/12\/elyes-photo-96x96.png","url":"https:\/\/www.geopolitics.fr\/wp-content\/uploads\/2024\/12\/elyes-photo-96x96.png","contentUrl":"https:\/\/www.geopolitics.fr\/wp-content\/uploads\/2024\/12\/elyes-photo-96x96.png","caption":"Elyes GHARIANI"},"description":"Ancien ambassadeur de Tunisie, \u00e0 Berlin et \u00e0 La Haye et fort d\u2019une exp\u00e9rience de 40 ans dans le travail diplomatique et la coop\u00e9ration internationale, il dispose d\u2019une bonne expertise en affaires europ\u00e9ennes pour avoir \u00e9t\u00e9 en poste dans les principaux Etats membres fondateurs de l\u2019UE (Allemagne, Belgique, France, Pays-Bas). Dipl\u00f4m\u00e9 de l\u2019Institut Bourguiba des Langues Vivantes de Tunis, de l\u2019Institut Pouchkine de langue russe \u00e0 Moscou et de l\u2019Institut Universitaire des Hautes Etudes Internationales (IUHEI) de Gen\u00e8ve, il dispose d\u2019une large exp\u00e9rience en mati\u00e8re de gestion et de mise en \u0153uvre de projets au niveau international. Il a \u00e9t\u00e9 Conseiller Diplomatique du Chef du Gouvernement en 2015-2016 et 2020-2021","url":"https:\/\/www.geopolitics.fr\/en\/author\/elyes\/"}]}},"_links":{"self":[{"href":"https:\/\/www.geopolitics.fr\/en\/wp-json\/wp\/v2\/posts\/4536","targetHints":{"allow":["GET"]}}],"collection":[{"href":"https:\/\/www.geopolitics.fr\/en\/wp-json\/wp\/v2\/posts"}],"about":[{"href":"https:\/\/www.geopolitics.fr\/en\/wp-json\/wp\/v2\/types\/post"}],"author":[{"embeddable":true,"href":"https:\/\/www.geopolitics.fr\/en\/wp-json\/wp\/v2\/users\/103"}],"replies":[{"embeddable":true,"href":"https:\/\/www.geopolitics.fr\/en\/wp-json\/wp\/v2\/comments?post=4536"}],"version-history":[{"count":1,"href":"https:\/\/www.geopolitics.fr\/en\/wp-json\/wp\/v2\/posts\/4536\/revisions"}],"predecessor-version":[{"id":4538,"href":"https:\/\/www.geopolitics.fr\/en\/wp-json\/wp\/v2\/posts\/4536\/revisions\/4538"}],"wp:featuredmedia":[{"embeddable":true,"href":"https:\/\/www.geopolitics.fr\/en\/wp-json\/wp\/v2\/media\/4537"}],"wp:attachment":[{"href":"https:\/\/www.geopolitics.fr\/en\/wp-json\/wp\/v2\/media?parent=4536"}],"wp:term":[{"taxonomy":"category","embeddable":true,"href":"https:\/\/www.geopolitics.fr\/en\/wp-json\/wp\/v2\/categories?post=4536"},{"taxonomy":"post_tag","embeddable":true,"href":"https:\/\/www.geopolitics.fr\/en\/wp-json\/wp\/v2\/tags?post=4536"}],"curies":[{"name":"wp","href":"https:\/\/api.w.org\/{rel}","templated":true}]}}