{"id":4524,"date":"2026-07-19T12:04:25","date_gmt":"2026-07-19T10:04:25","guid":{"rendered":"https:\/\/www.geopolitics.fr\/?p=4524"},"modified":"2026-07-19T12:04:28","modified_gmt":"2026-07-19T10:04:28","slug":"la-progression-des-droites-populistes-en-amerique-latine-vers-un-basculement-politique","status":"publish","type":"post","link":"https:\/\/www.geopolitics.fr\/en\/2026\/07\/19\/la-progression-des-droites-populistes-en-amerique-latine-vers-un-basculement-politique\/","title":{"rendered":"La progression des droites populistes en Am\u00e9rique latine : vers un basculement politique ?"},"content":{"rendered":"<p class=\"has-medium-font-size wp-block-paragraph\">La question m\u00e9rite d\u2019\u00eatre pos\u00e9e avec prudence. Les gouvernements de droite ne forment pas un bloc homog\u00e8ne. La gauche conserve des positions importantes, notamment au Mexique et au Br\u00e9sil. La progression des nouvelles droites traduit moins un alignement id\u00e9ologique g\u00e9n\u00e9ral qu\u2019une recomposition politique. Cette derni\u00e8re  port\u00e9e par les crises internes, les nouveaux modes de communication et le retour plus marqu\u00e9 de l\u2019influence am\u00e9ricaine.<\/p>\n\n\n\n<h2 id=\"h-une-poussee-des-droites-mais-une-region-toujours-politiquement-fragmentee\" class=\"wp-block-heading\"><u>Une pouss\u00e9e des droites, mais une r\u00e9gion toujours politiquement fragment\u00e9e<\/u><\/h2>\n\n\n\n<h3 id=\"h-des-trajectoires-nationales-differentes\" class=\"wp-block-heading\">Des trajectoires nationales diff\u00e9rentes<\/h3>\n\n\n\n<p class=\"has-medium-font-size wp-block-paragraph\">La progression des droites radicales en Am\u00e9rique latine ne correspond pas \u00e0 un mouvement uniforme. Derri\u00e8re des pr\u00e9occupations communes &#8211; demande d\u2019ordre, d\u00e9fiance envers les \u00e9lites traditionnelles et retour de la question s\u00e9curitaire au centre du d\u00e9bat public &#8211; se dessinent des trajectoires nationales tr\u00e8s diff\u00e9rentes. Certaines forces s\u2019inscrivent dans des traditions politiques anciennes ; d\u2019autres reposent sur des figures nouvelles, souvent ext\u00e9rieures aux appareils partisans classiques.<\/p>\n\n\n\n<p class=\"has-medium-font-size wp-block-paragraph\">En Colombie, l\u2019ascension d\u2019Abelardo de la Espriella met en \u00e9vidence cette nouvelle g\u00e9n\u00e9ration de dirigeants. Issu d\u2019une logique de rupture plus que d\u2019un h\u00e9ritage partisan, \u00ab El Tigre \u00bb, a construit son discours autour de la d\u00e9nonciation des \u00e9lites, du rejet du syst\u00e8me politique traditionnel et de la promesse de restaurer l\u2019autorit\u00e9 de l\u2019\u00c9tat face \u00e0 l\u2019ins\u00e9curit\u00e9. Sa victoire, obtenue sans majorit\u00e9 absolue, ne traduit toutefois pas un basculement g\u00e9n\u00e9ral de la soci\u00e9t\u00e9 colombienne vers la droite. Elle met plut\u00f4t en \u00e9vidence la fragmentation du paysage politique, la progression d\u2019une droite de rupture et la d\u00e9fiance envers les forces traditionnelles.<\/p>\n\n\n\n<p class=\"has-medium-font-size wp-block-paragraph\">Le cas p\u00e9ruvien renvoie \u00e0 une trajectoire politique d\u2019une autre nature. Keiko Fujimori incarne une droite h\u00e9riti\u00e8re d\u2019un courant profond\u00e9ment enracin\u00e9 dans la vie politique nationale depuis les ann\u00e9es 1990. Son accession \u00e0 la pr\u00e9sidence marque le retour du fujimorisme au sommet de l\u2019\u00c9tat, plusieurs ann\u00e9es apr\u00e8s son p\u00e8re, Alberto Fujimori (1990-2000). L\u2019h\u00e9ritage de ce dernier reste cependant tr\u00e8s clivant. Pour une partie des P\u00e9ruviens, les \u00ab ann\u00e9es Fujimori \u00bb sont associ\u00e9es au retour de l\u2019ordre face au Sentier lumineux, organisation insurg\u00e9e mao\u00efste \u00e0 l\u2019origine du conflit arm\u00e9 interne qui a marqu\u00e9 le P\u00e9rou entre 1980 et 2000, ainsi qu\u2019\u00e0 la stabilisation \u00e9conomique. Pour ses adversaires, elles restent au contraire marqu\u00e9es par l\u2019autoritarisme, l\u2019affaiblissement des contre-pouvoirs et les atteintes aux institutions d\u00e9mocratiques. Keiko Fujimori s\u2019appuie sur cette m\u00e9moire divis\u00e9e et place la s\u00e9curit\u00e9, l\u2019autorit\u00e9 de l\u2019\u00c9tat et le durcissement de la r\u00e9ponse p\u00e9nale au c\u0153ur de son discours.<\/p>\n\n\n\n<p class=\"has-medium-font-size wp-block-paragraph\">Ces deux trajectoires mettent en lumi\u00e8re la diversit\u00e9 des droites latino-am\u00e9ricaines. Javier Milei incarne en Argentine une droite \u00ab libertarienne \u00bb et ultralib\u00e9rale, qui conteste radicalement le r\u00f4le de l\u2019\u00c9tat et les \u00e9lites politiques traditionnelles. <\/p>\n\n\n\n<p class=\"has-medium-font-size wp-block-paragraph\">Au Salvador, Nayib Bukele a construit sa l\u00e9gitimit\u00e9 autour de la lutte contre les gangs et du r\u00e9tablissement de l\u2019autorit\u00e9 publique. <\/p>\n\n\n\n<p class=\"has-medium-font-size wp-block-paragraph\">Jos\u00e9 Antonio Kast associe s\u00e9curit\u00e9, contr\u00f4le migratoire et d\u00e9fense des valeurs traditionnelles au Chili.<\/p>\n\n\n\n<p class=\"has-medium-font-size wp-block-paragraph\"> Au Honduras, Nasry Asfura repr\u00e9sente une droite plus classique, li\u00e9e aux r\u00e9seaux politiques historiques.<\/p>\n\n\n\n<p class=\"has-medium-font-size wp-block-paragraph\">Il est donc difficile de parler d\u2019une droite latino-am\u00e9ricaine au singulier. Ces forces ne partagent ni la m\u00eame conception de l\u2019\u00c9tat, ni le m\u00eame rapport \u00e0 l\u2019\u00e9conomie, ni les m\u00eames r\u00e9f\u00e9rences. Leur diversit\u00e9 constitue pr\u00e9cis\u00e9ment l\u2019un des traits de la recomposition politique actuelle. Derri\u00e8re une progression \u00e9lectorale commune se trouvent des projets et des traditions politiques diff\u00e9rents.<\/p>\n\n\n\n<h3 id=\"h-la-progression-des-droites-ne-signifie-pas-la-marginalisation-de-la-gauche\" class=\"wp-block-heading\">La progression des droites ne signifie pas la marginalisation de la gauche<\/h3>\n\n\n\n<p class=\"has-medium-font-size wp-block-paragraph\">La progression des droites ne signifie pas pour autant que la demande d\u2019ordre, de s\u00e9curit\u00e9 et d\u2019efficacit\u00e9 de l\u2019\u00c9tat leur appartienne exclusivement. Au Mexique comme au Br\u00e9sil, la gauche demeure une force politique majeure. Et  montre que ces enjeux peuvent \u00e9galement \u00eatre investis par des gouvernements progressistes.<\/p>\n\n\n\n<p class=\"has-medium-font-size wp-block-paragraph\">Le Mexique d\u00e9montre que la gauche peut placer la lutte contre le narcotrafic et la violence au coeur de l&rsquo;action. \u00c9lue en juin 2024 et issue de la gauche, Claudia Sheinbaum a fait de la s\u00e9curit\u00e9 une priorit\u00e9 de son gouvernement. Depuis l\u2019arriv\u00e9e de cette derni\u00e8re au pouvoir, le nombre quotidien moyen d\u2019homicides volontaires aurait diminu\u00e9 de 49 % entre septembre 2024 et mai 2026.\u00b9 Claudia Sheinbaum cherche ainsi \u00e0 renforcer l\u2019action de l\u2019\u00c9tat face au crime organis\u00e9 tout en d\u00e9fendant fermement la souverainet\u00e9 mexicaine.<\/p>\n\n\n\n<p class=\"has-medium-font-size wp-block-paragraph\">Par ailleurs, cette double priorit\u00e9 se retrouve \u00e9galement dans sa relation avec Washington. Face \u00e0 Donald Trump, Claudia Sheinbaum privil\u00e9gie la n\u00e9gociation sans renoncer \u00e0 ses principes. La question du fentanyl a toutefois durci les relations avec les \u00c9tats-Unis. Donald Trump a qualifi\u00e9 cette drogue d\u2019\u00ab arme de destruction massive \u00bb, tandis que les \u00c9tats-Unis ont d\u00e9sign\u00e9 plusieurs cartels comme organisations terroristes.\u00b2 Claudia Sheinbaum cherche \u00e0 pr\u00e9server la coop\u00e9ration avec les \u00c9tats-Unis dans ce domaine. Mais elle refuse  toute remise en cause du principe de non-intervention.<\/p>\n\n\n\n<p class=\"has-medium-font-size wp-block-paragraph\">Le cas mexicain permet ainsi de distinguer deux \u00e9l\u00e9ments souvent confondus dans le d\u00e9bat politique latino-am\u00e9ricain. Il s&rsquo;agit de la demande sociale d\u2019autorit\u00e9 et la r\u00e9ponse id\u00e9ologique qui lui est apport\u00e9e. La premi\u00e8re ne conduit pas n\u00e9cessairement \u00e0 la seconde. Les \u00e9lecteurs peuvent r\u00e9clamer s\u00e9curit\u00e9, pr\u00e9sence plus forte de l\u2019\u00c9tat et meilleure protection du territoire sans adh\u00e9rer pour autant au programme des nouvelles droites. La demande d\u2019ordre n\u2019appartient donc pas \u00e0 la seule droite. Elle peut \u00eatre port\u00e9e aussi bien par des forces de gauche que par des forces de droite.<\/p>\n\n\n\n<p class=\"has-medium-font-size wp-block-paragraph\">Le Br\u00e9sil rappelle, pour sa part, que la progression des droites ne signifie pas la disparition de la gauche. L\u2019\u00e9lection pr\u00e9sidentielle pr\u00e9vue en octobre 2026 constituera un nouveau test. Quel sera le rapport de forces entre le Parti des travailleurs (PT) de Luiz In\u00e1cio Lula da Silva et le Parti lib\u00e9ral (PL), li\u00e9 au camp de Jair Bolsonaro et \u00e0 une droite conservatrice proche du bolsonarisme ? Dans un pays dont le poids d\u00e9mographique, \u00e9conomique et diplomatique lui conf\u00e8re une influence majeure sur les \u00e9quilibres r\u00e9gionaux, la gauche conserve donc une capacit\u00e9 de r\u00e9sistance politique. Elle pourrait continuer de peser sur l\u2019avenir de l\u2019Am\u00e9rique latine.<\/p>\n\n\n\n<h2 id=\"h-les-ressorts-de-la-recomposition-politique\" class=\"wp-block-heading\"><u>Les ressorts de la recomposition politique<\/u><\/h2>\n\n\n\n<h3 id=\"h-une-fragilisation-socio-economique-qui-nourrit-la-demande-de-changement\" class=\"wp-block-heading\">Une fragilisation socio-\u00e9conomique qui nourrit la demande de changement<\/h3>\n\n\n\n<p class=\"has-medium-font-size wp-block-paragraph\">L\u2019une des explications de la progression des droites populistes r\u00e9side dans la d\u00e9gradation progressive du contexte socio-\u00e9conomique latino-am\u00e9ricain depuis plus d\u2019une d\u00e9cennie. Apr\u00e8s le cycle d\u2019expansion des ann\u00e9es 2000, port\u00e9 notamment par la hausse des prix des mati\u00e8res premi\u00e8res, plusieurs \u00e9conomies de la r\u00e9gion ont connu un ralentissement durable. La croissance s\u2019est essouffl\u00e9e. Les in\u00e9galit\u00e9s ont persist\u00e9 et les attentes sociales se sont progressivement heurt\u00e9es \u00e0 la faiblesse des r\u00e9sultats \u00e9conomiques. Selon la Commission \u00e9conomique pour l\u2019Am\u00e9rique latine et les Cara\u00efbes (CEPAL), la pauvret\u00e9 r\u00e9gionale a atteint 32,8 % de la population en 2020, avant de reculer progressivement. Elle concernait encore 27,3 % des Latino-Am\u00e9ricains en 2023, soit environ 172 millions de personnes, tandis que 66 millions vivaient dans l\u2019extr\u00eame pauvret\u00e9.\u00b3<\/p>\n\n\n\n<p class=\"has-medium-font-size wp-block-paragraph\">La pand\u00e9mie de Covid-19 a r\u00e9v\u00e9l\u00e9 et amplifi\u00e9 ces fragilit\u00e9s. Elle a aussi expos\u00e9 les limites de nombreux \u00c9tats face \u00e0 un choc d\u2019une ampleur exceptionnelle. La pand\u00e9mie a renforc\u00e9 le sentiment d\u2019une certaine impuissance des gouvernements face \u00e0 l\u2019encha\u00eenement des crises. Le malaise social ne s\u2019explique donc pas seulement par la persistance de la pauvret\u00e9 ou des in\u00e9galit\u00e9s. Il tient aussi \u00e0 l\u2019\u00e9cart croissant entre les attentes des populations et la capacit\u00e9 des gouvernements \u00e0 produire des am\u00e9liorations visibles.<\/p>\n\n\n\n<p class=\"has-medium-font-size wp-block-paragraph\">La mont\u00e9e des droites radicales en Am\u00e9rique latine ne peut \u00eatre comprise sans prendre en compte les fragilit\u00e9s socio-\u00e9conomiques. Celles-ci ont contribu\u00e9 \u00e0 affaiblir la confiance et \u00e0 nourrir une demande croissante de changement. Mais cette d\u00e9fiance ne se limite pas aux r\u00e9sultats \u00e9conomiques. Elle touche plus largement le rapport des citoyens \u00e0 la politique et aux institutions cens\u00e9es r\u00e9pondre aux crises.<\/p>\n\n\n\n<h3 id=\"h-une-crise-de-performance-et-de-representation-politique\" class=\"wp-block-heading\">Une crise de performance et de repr\u00e9sentation politique<\/h3>\n\n\n\n<p class=\"has-medium-font-size wp-block-paragraph\">La d\u00e9fiance ne concerne plus seulement les r\u00e9sultats \u00e9conomiques des gouvernements. Elle s\u2019est progressivement \u00e9tendue au fonctionnement m\u00eame du syst\u00e8me politique. Les crises successives ont nourri, chez une partie des citoyens, un sentiment de \u00ab d\u00e9classement \u00bb, d\u2019abandon et d\u2019impuissance. Les gouvernements sont jug\u00e9s incapables d\u2019apporter des r\u00e9ponses convaincantes aux probl\u00e8mes \u00e9conomiques, sociaux et s\u00e9curitaires. <strong>Dans plusieurs soci\u00e9t\u00e9s latino-am\u00e9ricaines, cette perception s\u2019est accompagn\u00e9e d\u2019un sentiment croissant de vuln\u00e9rabilit\u00e9 et d\u2019une interrogation sur la capacit\u00e9 r\u00e9elle des \u00c9tats \u00e0 prot\u00e9ger.<\/strong><\/p>\n\n\n\n<p class=\"has-medium-font-size wp-block-paragraph\">En Colombie, au Chili et au P\u00e9rou \u00a0par exemple cette situation a aliment\u00e9 une forme de \u00ab fatigue d\u00e9mocratique \u00bb. Cette derni\u00e8re est li\u00e9e \u00e0 l\u2019usure des m\u00e9canismes de fonctionnement de la d\u00e9mocratie, \u00e0 l\u2019affaiblissement des m\u00e9diations politiques traditionnelles et au sentiment d\u2019\u00e9loignement des \u00e9lites dirigeantes.\u2074 Une partie des citoyens demeure attach\u00e9e \u00e0 la d\u00e9mocratie mais doute de plus en plus de sa capacit\u00e9 \u00e0 r\u00e9pondre \u00e0 leurs pr\u00e9occupations. En 2023, seuls 48 % des Latino-Am\u00e9ricains d\u00e9claraient soutenir la d\u00e9mocratie tandis que 28 % se disaient satisfaits de son fonctionnement.\u2075<\/p>\n\n\n\n<p class=\"has-medium-font-size wp-block-paragraph\">Le probl\u00e8me n\u2019est donc plus seulement celui de la performance \u00e9conomique. Il touche \u00e0 la repr\u00e9sentation elle-m\u00eame. Qui parle au nom de la soci\u00e9t\u00e9, qui est capable d\u2019agir et qui peut encore \u00eatre cru ? Et c\u2019est bien sur ce terrain que les nouvelles droites populistes ont trouv\u00e9 un espace politique.<\/p>\n\n\n\n<p class=\"has-medium-font-size wp-block-paragraph\">Elles se pr\u00e9sentent comme une rupture et promettent de restaurer l\u2019autorit\u00e9, l\u2019efficacit\u00e9 et la capacit\u00e9 de l\u2019\u00c9tat \u00e0 reprendre prise sur les crises. Leur progression ne traduit donc pas seulement une demande de changement. Elle r\u00e9v\u00e8le aussi une crise de confiance envers les forces politiques qui ont gouvern\u00e9 la r\u00e9gion. Une partie de l\u2019\u00e9lectorat estime qu\u2019elles ne sont plus capables de r\u00e9pondre aux attentes du moment.<\/p>\n\n\n\n<h3 id=\"h-l-usure-du-cycle-progressiste-et-la-recherche-d-une-alternative-politique\" class=\"wp-block-heading\">L\u2019usure du cycle progressiste et la recherche d\u2019une alternative politique<\/h3>\n\n\n\n<p class=\"has-medium-font-size wp-block-paragraph\">Pendant pr\u00e8s de deux d\u00e9cennies, une grande partie de l\u2019Am\u00e9rique latine a \u00e9t\u00e9 gouvern\u00e9e par des forces de gauche. Dans une p\u00e9riode souvent qualifi\u00e9e de \u00ab mar\u00e9e rose \u00bb (Pink Tide). Hugo Ch\u00e1vez au Venezuela, Luiz In\u00e1cio Lula da Silva et Dilma Rousseff au Br\u00e9sil, N\u00e9stor puis Cristina Kirchner en Argentine, Evo Morales en Bolivie ou encore Rafael Correa en \u00c9quateur ont incarn\u00e9 ce cycle politique. Il fut marqu\u00e9 par le renforcement du r\u00f4le de l\u2019\u00c9tat, les politiques sociales et la volont\u00e9 de rompre avec les mod\u00e8les \u00e9conomiques pr\u00e9c\u00e9dents.<\/p>\n\n\n\n<p class=\"has-medium-font-size wp-block-paragraph\">Ce cycle a toutefois commenc\u00e9 \u00e0 montrer ses limites : usure du pouvoir, difficult\u00e9s \u00e9conomiques, scandales de corruption, tensions institutionnelles&#8230; La pand\u00e9mie de Covid-19 a ensuite accentu\u00e9 certaines de ces fragilit\u00e9s. Sans toutefois expliquer \u00e0 elle seule le recul de la gauche. Pour une partie des \u00e9lecteurs, l\u2019enjeu n\u2019\u00e9tait donc pas n\u00e9cessairement de remettre en cause les politiques. Mais de sanctionner des gouvernements jug\u00e9s incapables de r\u00e9pondre \u00e0 des attentes devenues prioritaires.<\/p>\n\n\n\n<p class=\"has-medium-font-size wp-block-paragraph\">En Colombie, les difficult\u00e9s rencontr\u00e9es par le gouvernement de Gustavo Petro ont contribu\u00e9 \u00e0 fragiliser la gauche au pouvoir. Malgr\u00e9 l\u2019importance historique de son arriv\u00e9e \u00e0 la pr\u00e9sidence, son mandat a \u00e9t\u00e9 confront\u00e9 \u00e0 des obstacles dans la mise en \u0153uvre de ses r\u00e9formes, \u00e0 des tensions avec le Congr\u00e8s et \u00e0 la persistance des inqui\u00e9tudes s\u00e9curitaires. L\u2019\u00e9lection d\u2019Abelardo de la Espriella en juin 2026, face au candidat de gauche Iv\u00e1n Cepeda, marque le retour de la droite \u00e0 la t\u00eate du pays.<\/p>\n\n\n\n<p class=\"has-medium-font-size wp-block-paragraph\">De la m\u00eame mani\u00e8re, en \u00c9quateur, la d\u00e9gradation spectaculaire de la situation li\u00e9e au narcotrafic, \u00e0 l\u2019expansion des groupes criminels et \u00e0 la perte de contr\u00f4le de certains territoires a profond\u00e9ment transform\u00e9 le d\u00e9bat politique. Apr\u00e8s l\u2019\u00e8re Rafael Correa, figure majeure de la gauche latino-am\u00e9ricaine vint La r\u00e9\u00e9lection de Daniel Noboa. Candidat de centre droit port\u00e9 par un discours ax\u00e9 sur la s\u00e9curit\u00e9 qui illustre le poids croissant de cette question.<\/p>\n\n\n\n<p class=\"has-medium-font-size wp-block-paragraph\">Si ces deux trajectoires ne sont pas identiques, elles r\u00e9v\u00e8lent toutefois un m\u00eame ph\u00e9nom\u00e8ne. Celui de l\u2019affaiblissement de la capacit\u00e9 des forces progressistes \u00e0 appara\u00eetre comme les principales porteuses de r\u00e9ponses aux crises. Les nouvelles droites ont investi cet espace en d\u00e9non\u00e7ant l\u2019h\u00e9ritage progressiste et en promettant une rupture avec l\u2019ordre politique \u00e9tabli. La d\u00e9nonciation du \u00ab socialisme \u00bb, du \u00ab socialisme du XXI\u1d49 si\u00e8cle \u00bb ou du \u00ab wokisme \u00bb constitue ainsi un ressort de mobilisation.<\/p>\n\n\n\n<p class=\"has-medium-font-size wp-block-paragraph\">Javier Milei a particuli\u00e8rement port\u00e9 cette critique de la gauche. Fin d\u00e9cembre 2025, le pr\u00e9sident argentin a annonc\u00e9 vouloir cr\u00e9er un bloc r\u00e9gional destin\u00e9 \u00e0 d\u00e9fendre \u00ab les id\u00e9es de la libert\u00e9 \u00bb et \u00e0 lutter contre ce qu\u2019il a qualifi\u00e9 de \u00ab cancer du socialisme sous toutes ses formes \u00bb, en visant \u00e0 la fois le \u00ab socialisme du XXI\u1d49 si\u00e8cle \u00bb et le \u00ab wokisme \u00bb.\u2076<\/p>\n\n\n\n<p class=\"has-medium-font-size wp-block-paragraph\"><strong>La recomposition politique latino-am\u00e9ricaine ne r\u00e9sulte donc ni d\u2019un simple basculement id\u00e9ologique ni d\u2019une conversion \u00e0 la droite<\/strong>. Elle est plut\u00f4t le produit de plusieurs \u00e9volutions. L\u2019usure des forces politiques au pouvoir, la crise de confiance et la recherche de nouvelles r\u00e9ponses aux difficult\u00e9s de la r\u00e9gion. Parmi ces nouvelles attentes, la s\u00e9curit\u00e9 occupe d\u00e9sormais une place centrale.<\/p>\n\n\n\n<h2 id=\"h-des-attentes-nouvelles-sur-le-plan-securitaire-la-demande-de-retour-de-l-etat\" class=\"wp-block-heading\">Des attentes nouvelles sur le plan s\u00e9curitaire : la demande de retour de l\u2019\u00c9tat<\/h2>\n\n\n\n<p class=\"has-medium-font-size wp-block-paragraph\">Parmi les facteurs de la progression des droites populistes en Am\u00e9rique latine, la question s\u00e9curitaire occupe une place singuli\u00e8re. Dans plusieurs soci\u00e9t\u00e9s, la progression du narcotrafic, l\u2019essor du crime organis\u00e9, les violences urbaines et le manque de contr\u00f4le de certains territoires ont profond\u00e9ment modifi\u00e9 le rapport des citoyens \u00e0 l\u2019\u00c9tat. En 2024, l\u2019Am\u00e9rique latine a enregistr\u00e9 pr\u00e8s de 122 000 homicides (20 homicides pour 100 000 habitants). Le crime organis\u00e9 n\u2019est donc plus seulement per\u00e7u comme une menace pour la s\u00e9curit\u00e9 publique.  Dans plusieurs pays, il met en cause la capacit\u00e9 de l\u2019\u00c9tat \u00e0 exercer pleinement son autorit\u00e9 et \u00e0 prot\u00e9ger. Il devient ainsi un facteur de d\u00e9stabilisation politique et institutionnelle.\u2077<\/p>\n\n\n\n<p class=\"has-medium-font-size wp-block-paragraph\">Longtemps cantonn\u00e9e au Mexique et \u00e0 l\u2019Am\u00e9rique centrale, cette pr\u00e9occupation s\u2019est \u00e9tendue \u00e0 l&rsquo;Am\u00e9rique du Sud.<\/p>\n\n\n\n<p class=\"has-medium-font-size wp-block-paragraph\">Les nouvelles droites ont trouv\u00e9 dans cette inqui\u00e9tude un terrain politique particuli\u00e8rement favorable. Elles ont fait de la s\u00e9curit\u00e9, du r\u00e9tablissement de l\u2019ordre et du durcissement des politiques p\u00e9nales les axes centraux d\u2019un discours qui promet de rendre \u00e0 l\u2019\u00c9tat sa capacit\u00e9 d\u2019agir. Dans des soci\u00e9t\u00e9s o\u00f9 une partie des citoyens estime que les pouvoirs publics ne parviennent plus \u00e0 contenir les violences et les formes nouvelles de criminalit\u00e9, le sentiment d\u2019ins\u00e9curit\u00e9 est devenu bien davantage qu\u2019une pr\u00e9occupation sociale. Il s\u2019est transform\u00e9 en force \u00e9lectorale.<\/p>\n\n\n\n<p class=\"has-medium-font-size wp-block-paragraph\">L\u2019\u00c9quateur permet de mesurer concr\u00e8tement cette transformation. La progression des groupes criminels li\u00e9s au narcotrafic, l\u2019explosion des violences carc\u00e9rales et l\u2019affaiblissement de l\u2019autorit\u00e9 de l\u2019\u00c9tat dans certaines zones du territoire ont fait de la s\u00e9curit\u00e9 la question centrale du d\u00e9bat politique. Le discours de fermet\u00e9 de Daniel Noboa s\u2019est inscrit dans cette \u00e9volution en r\u00e9pondant \u00e0 une attente devenue prioritaires.  Celles d\u2019un \u00c9tat capable de reprendre l\u2019initiative face aux organisations criminelles.\u2078<\/p>\n\n\n\n<p class=\"has-medium-font-size wp-block-paragraph\">La question migratoire s\u2019inscrit dans cette m\u00eame dynamique. Au Chili, la hausse des flux migratoires irr\u00e9guliers \u00e0 la fronti\u00e8re nord a plac\u00e9 le contr\u00f4le des fronti\u00e8res au c\u0153ur du d\u00e9bat. Jos\u00e9 Antonio Kast en a fait l\u2019un des axes forts de son programme. Il a associ\u00e9 \u00e9troitement immigration irr\u00e9guli\u00e8re, ins\u00e9curit\u00e9 et restauration de l\u2019autorit\u00e9 de l\u2019\u00c9tat. Une fois au pouvoir, cette orientation s\u2019est traduite par le lancement du \u00ab Plan Escudo Fronterizo \u00bb. Il qui combine dispositifs physiques, technologies de surveillance et d\u00e9ploiement des forces de s\u00e9curit\u00e9 afin de renforcer le contr\u00f4le de la fronti\u00e8re nord.\u2079<\/p>\n\n\n\n<p class=\"has-medium-font-size wp-block-paragraph\">L\u2019arriv\u00e9e de Jos\u00e9 Antonio Kast au pouvoir marque \u00e9galement une inflexion du paysage politique chilien. Ses prises de position sur l\u2019h\u00e9ritage de la dictature de Pinochet ont suscit\u00e9 de vifs d\u00e9bats dans une soci\u00e9t\u00e9 encore tr\u00e8s\u00a0 marqu\u00e9e par la m\u00e9moire du r\u00e9gime militaire. Ces controverses n\u2019ont toutefois pas emp\u00each\u00e9 une partie de l\u2019\u00e9lectorat de placer au premier plan des pr\u00e9occupations plus imm\u00e9diates. Et donc de rel\u00e9guer, au moins en partie, les d\u00e9bats historiques derri\u00e8re les urgences du pr\u00e9sent. La m\u00e9moire du pass\u00e9 demeure pr\u00e9sente dans la soci\u00e9t\u00e9 chilienne, mais elle se trouve d\u00e9sormais confront\u00e9e \u00e0 d\u2019autres urgences politiques.<\/p>\n\n\n\n<p class=\"has-medium-font-size wp-block-paragraph\">En Colombie, Abelardo de la Espriella a lui aussi fait de la fermet\u00e9 face \u00e0 l\u2019ins\u00e9curit\u00e9 l\u2019un des ses axes majeurs. Partisan du port d\u2019armes, il a affich\u00e9 son admiration pour Nayib Bukele et revendiqu\u00e9 certains \u00e9l\u00e9ments du mod\u00e8le s\u00e9curitaire salvadorien. Il a affirm\u00e9 vouloir gouverner \u00ab d\u2019une main de fer \u00bb, promis la construction de m\u00e9gaprisons inspir\u00e9es du mod\u00e8le du Salvador et d\u00e9fendu une r\u00e9ponse particuli\u00e8rement ferme face aux groupes arm\u00e9s. Son discours repose ainsi sur le r\u00e9tablissement rapide de l\u2019ordre et le renforcement des moyens coercitifs de l\u2019\u00c9tat. Une promesse de fermet\u00e9 qui a trouv\u00e9 un certain \u00e9cho aupr\u00e8s d\u2019une partie de l\u2019\u00e9lectorat, sensible \u00e0 l\u2019ins\u00e9curit\u00e9.\u00b9\u2070<\/p>\n\n\n\n<h3 id=\"h-le-vote-de-rupture-adhesion-ideologique-ou-volonte-de-sanction\" class=\"wp-block-heading\">Le vote de rupture : adh\u00e9sion id\u00e9ologique ou volont\u00e9 de sanction ?<\/h3>\n\n\n\n<p class=\"has-medium-font-size wp-block-paragraph\">La progression des droites populistes ne peut enfin \u00eatre comprise sans prendre en compte la dimension n\u00e9gative du vote. Une partie des \u00e9lecteurs ne se prononce pas n\u00e9cessairement en faveur de l\u2019ensemble d\u2019un programme ou d\u2019une id\u00e9ologie. Elle exprime d\u2019abord une volont\u00e9 de sanction : d\u2019un gouvernement, d\u2019un parti, d\u2019une classe politique ou d\u2019une situation \u00e9conomique et s\u00e9curitaire.<\/p>\n\n\n\n<p class=\"has-medium-font-size wp-block-paragraph\">Les nouvelles droites parviennent ainsi \u00e0 capter une demande de rupture qui d\u00e9passe parfois leur propre socle id\u00e9ologique. Leur force tient \u00e0 leur capacit\u00e9 \u00e0 transformer des frustrations diverses &#8211; ins\u00e9curit\u00e9, sentiment d\u2019abandon par l\u2019\u00c9tat, difficult\u00e9s \u00e9conomiques, d\u00e9fiance envers les \u00e9lites et fatigue politique &#8211; en une promesse politique \u00ab\u00a0lisible\u00a0\u00bb. Celle de changer de direction, restaurer l\u2019autorit\u00e9 et reprendre le contr\u00f4le.<\/p>\n\n\n\n<p class=\"has-medium-font-size wp-block-paragraph\">Cette r\u00e9versibilit\u00e9 des choix \u00e9lectoraux contribue \u00e0 expliquer la volatilit\u00e9 politique de la r\u00e9gion. Une soci\u00e9t\u00e9 peut soutenir la gauche pour ses politiques sociales, puis se tourner vers la droite lorsque la s\u00e9curit\u00e9 et l\u2019efficacit\u00e9 de l\u2019\u00c9tat deviennent prioritaires. Le vote ne traduit donc pas n\u00e9cessairement une conversion ou une fid\u00e9lit\u00e9 id\u00e9ologique. Il peut avant tout exprimer une demande de r\u00e9sultats.<\/p>\n\n\n\n<p class=\"has-medium-font-size wp-block-paragraph\">Ainsi, la progression actuelle des droites latino-am\u00e9ricaines ne repose pas n\u00e9cessairement sur l\u2019adh\u00e9sion \u00e0 un projet id\u00e9ologique homog\u00e8ne. Elle tient aussi \u00e0 leur capacit\u00e9 \u00e0 saisir un moment politique marqu\u00e9 par l\u2019ins\u00e9curit\u00e9, la d\u00e9fiance et le sentiment d\u2019\u00e9puisement de l\u2019ordre existant. En agr\u00e9geant des frustrations parfois diff\u00e9rentes, voire contradictoires.  Et en leur donnant une traduction politique, ces forces sont parvenues \u00e0 transformer une demande sociale diffuse en dynamique \u00e9lectorale. Leur succ\u00e8s tient ainsi \u00e0 la capacit\u00e9 \u00e0 occuper l\u2019espace laiss\u00e9 vacant.<\/p>\n\n\n\n<h2 id=\"h-l-influence-de-trump-vers-une-nouvelle-preeminence-americaine\" class=\"wp-block-heading\">L\u2019influence de Trump : vers une nouvelle pr\u00e9\u00e9minence am\u00e9ricaine ?<\/h2>\n\n\n\n<p class=\"has-medium-font-size wp-block-paragraph\">La progression des droites latino-am\u00e9ricaines intervient \u00e9galement dans un contexte r\u00e9gional marqu\u00e9 par le retour d\u2019une influence am\u00e9ricaine plus affirm\u00e9e. Depuis janvier 2025, plusieurs pays de la r\u00e9gion ont port\u00e9 au pouvoir des dirigeants dont les orientations sont compatibles avec celles de la nouvelle administration am\u00e9ricaine.<\/p>\n\n\n\n<p class=\"has-medium-font-size wp-block-paragraph\">Ce rapprochement ne tient pas seulement \u00e0 la proximit\u00e9 politique de certains dirigeants latino-am\u00e9ricains avec Donald Trump. Il traduit aussi le retour d\u2019une relation plus asym\u00e9trique entre Washington et la r\u00e9gion. Les \u00c9tats-Unis cherchent \u00e0 peser davantage sur les choix politiques et \u00e9lectoraux de leurs voisins du Sud. Donald Trump est parfois intervenu directement dans certains scrutins. Il a pris publiquement position en faveur de candidats ou en utilisant les aides am\u00e9ricaines comme moyen de pression. En Argentine, il a ainsi apport\u00e9 son appui \u00e0 Javier Milei avant les \u00e9lections de mi-mandat d\u2019octobre 2025. Trump a conditionn\u00e9 ce soutien \u00e0 la poursuite du soutien am\u00e9ricain \u00e0 la victoire du camp pr\u00e9sidentiel : \u00ab S\u2019il gagne, nous restons avec lui (\u2026) Nos soutiens sont d\u2019une certaine mani\u00e8re li\u00e9s \u00e0 qui remporte l\u2019\u00e9lection. \u00bb\u00b9\u00b9. \u00a0Une d\u00e9claration qui a \u00e9t\u00e9 suivie d\u2019un accord de swap de 20 milliards de dollars entre les \u00c9tats-Unis et l\u2019Argentine, et qui a contribu\u00e9 \u00e0 stabiliser les march\u00e9s financiers argentins.\u00b9\u00b2<\/p>\n\n\n\n<p class=\"has-medium-font-size wp-block-paragraph\">On peut y lire \u00e9galement une logique de pr\u00e9\u00e9minence am\u00e9ricaine. L\u2019objectif de Washington ne serait pas seulement de diffuser une certaine vision politique. Il est de construire un environnement r\u00e9gional plus favorable \u00e0 ses int\u00e9r\u00eats \u00e9conomiques, strat\u00e9giques et s\u00e9curitaires. Notamment face \u00e0 l\u2019influence croissante de la Chine.<\/p>\n\n\n\n<p class=\"has-medium-font-size wp-block-paragraph\">Certaines nouvelles droites latino-am\u00e9ricaines partagent ainsi avec Washington plusieurs priorit\u00e9s. La s\u00e9curit\u00e9, la lutte contre le narcotrafic, la militarisation de la lutte contre le crime organis\u00e9, le durcissement des politiques p\u00e9nales, le contr\u00f4le migratoire et la critique de la gauche sont en bonne place. Toutefois,\u00a0 ces proximit\u00e9s ne suffisent pas \u00e0 dessiner un front politique unifi\u00e9 , homog\u00e8ne. Chaque capitale conserve ses propres int\u00e9r\u00eats, ses propres contraintes et sa propre relation avec les \u00c9tats-Unis. Les relations se n\u00e9gocient au cas par cas.<\/p>\n\n\n\n<p class=\"has-medium-font-size wp-block-paragraph\">La bataille ne se livre pourtant pas seulement dans les palais pr\u00e9sidentiels ou autour des tables diplomatiques. Elle se m\u00e8ne aussi dans les espaces o\u00f9 se forment les perceptions, circulent les r\u00e9cits et se construisent les mobilisations.<\/p>\n\n\n\n<h2 id=\"h-les-reseaux-sociaux-un-nouvel-acteur-de-la-transformation-politique\" class=\"wp-block-heading\"><u>Les r\u00e9seaux sociaux, un nouvel acteur de la transformation politique<\/u><\/h2>\n\n\n\n<h3 id=\"h-de-nouveaux-espaces-de-conquete-politique\" class=\"wp-block-heading\">De nouveaux espaces de conqu\u00eate politique<\/h3>\n\n\n\n<p class=\"has-medium-font-size wp-block-paragraph\">Les r\u00e9seaux sociaux ne sont plus de simples outils de campagne. Ils sont devenus des espaces de mobilisation, de construction de l\u2019opinion publique et, dans certains cas, de l\u00e9gitimation du pouvoir. La politique ne se joue plus seulement dans les meetings ou les grands m\u00e9dias. Elle s\u2019\u00e9tend d\u00e9sormais \u00e0 un espace num\u00e9rique permanent, rythm\u00e9 par les publications, les vid\u00e9os, les messages courts et les retransmissions en direct aupr\u00e8s de millions d\u2019abonn\u00e9s.<\/p>\n\n\n\n<p class=\"has-medium-font-size wp-block-paragraph\">Autrefois, les partis, les syndicats et les m\u00e9dias structuraient la vie politique. Ils ne sont plus les seuls \u00e0 jouer ce r\u00f4le. Les plateformes num\u00e9riques permettent aux candidats de s\u2019adresser directement aux citoyens. Et de \u00ab contourner \u00bb les interm\u00e9diaires classiques de la repr\u00e9sentation politique.<\/p>\n\n\n\n<p class=\"has-medium-font-size wp-block-paragraph\">Pour \u00e9merger rapidement dans l\u2019espace public, il n\u2019est donc plus toujours n\u00e9cessaire de disposer d\u2019un appareil partisan ancien, d\u2019un r\u00e9seau militant dense ou d\u2019une implantation territoriale historique. Une forte audience num\u00e9rique et la capacit\u00e9 \u00e0 imposer un r\u00e9cit peuvent d\u00e9sormais constituer des ressources politiques majeures.<\/p>\n\n\n\n<p class=\"has-medium-font-size wp-block-paragraph\">L\u2019ascension d\u2019Abelardo de la Espriella montre bien cette \u00e9volution, ce d\u00e9placement des voies traditionnelles d\u2019acc\u00e8s au pouvoir. \u00c9tranger aux grandes formations politiques traditionnelles, cet avocat et entrepreneur a construit une partie importante de son ascension gr\u00e2ce \u00e0 une forte pr\u00e9sence sur les r\u00e9seaux sociaux. Il y a diffus\u00e9 ses positions sur la s\u00e9curit\u00e9, l\u2019autorit\u00e9 de l\u2019\u00c9tat et la lutte contre le crime organis\u00e9. L\u2019utilisation du maillot de l\u2019\u00e9quipe nationale colombienne a particip\u00e9 \u00e9galement \u00e0 la construction de son image. Elle associe le candidat \u00e0 des r\u00e9f\u00e9rences nationales et \u00e9motionnelles imm\u00e9diatement reconnaissables par une partie de la population. 64 % des Colombiens d\u00e9clarent utiliser les r\u00e9seaux sociaux comme principale source d\u2019information.\u00a0(contre 66 % au P\u00e9rou, 65 % au Chili, 63 % au Mexique, 61 % en Argentine et 57 % au Br\u00e9sil ). Ces plateformes repr\u00e9sentent un espace strat\u00e9gique de conqu\u00eate politique.\u00b9\u00b3<\/p>\n\n\n\n<h3 id=\"h-la-personnalisation-du-pouvoir-et-la-transformation-du-leadership-politique\" class=\"wp-block-heading\">La personnalisation du pouvoir et la transformation du leadership politique<\/h3>\n\n\n\n<p class=\"has-medium-font-size wp-block-paragraph\">Au-del\u00e0 de la conqu\u00eate \u00e9lectorale, les r\u00e9seaux sociaux ont aussi d\u00e9plac\u00e9 le lieu o\u00f9 se construit le pouvoir. Le dirigeant n\u2019y appara\u00eet plus seulement comme le repr\u00e9sentant d\u2019un parti, le d\u00e9fenseur d\u2019un programme ou le porteur d\u2019une id\u00e9ologie. Il devient aussi une image, une voix, un style et une pr\u00e9sence quotidienne. L\u2019exposition de sa vie, de son apparence et de certains fragments de sa personnalit\u00e9 cr\u00e9e une proximit\u00e9 nouvelle avec le public. Elle permet aussi au candidat de devenir une figure \u00e0 laquelle on s\u2019identifie, et \u00e0 laquelle on s\u2019attache.<\/p>\n\n\n\n<p class=\"has-medium-font-size wp-block-paragraph\">Nayib Bukele illustre particuli\u00e8rement cette nouvelle forme de communication politique. Tr\u00e8s pr\u00e9sent sur les r\u00e9seaux sociaux, le pr\u00e9sident salvadorien s\u2019est lui-m\u00eame pr\u00e9sent\u00e9 comme le \u00ab dictateur le plus cool du monde \u00bb. Il a d\u00e9velopp\u00e9 une communication \u00e9loign\u00e9e des codes traditionnels de la fonction pr\u00e9sidentielle. Ses publications m\u00ealent annonces politiques, s\u00e9quences personnelles et contenus plus informels. Son style vestimentaire souvent d\u00e9contract\u00e9 participe \u00e0 la construction d\u2019une image de dirigeant proche du peuple.<\/p>\n\n\n\n<p class=\"has-medium-font-size wp-block-paragraph\">Javier Milei en Argentine, Jos\u00e9 Antonio Kast au Chili et Abelardo de la Espriella en Colombie illustrent cette personnalisation du leadership. Javier Milei a fait de X un instrument central de communication directe avec ses soutiens. Il publie, partage et relaie r\u00e9guli\u00e8rement des contenus parfois virulents. Il entretient ainsi une relation permanente avec son audience en dehors des circuits politiques classique. La communication num\u00e9rique devient ainsi un prolongement quotidien de l\u2019action politique.<\/p>\n\n\n\n<p class=\"has-medium-font-size wp-block-paragraph\">La campagne \u00e9lectorale ne se termine plus vraiment avec la fermeture des bureaux de vote. Elle se prolonge au rythme des publications, des vid\u00e9os, des messages courts et des prises de parole en direct. Certains dirigeants passent m\u00eame d\u2019une langue \u00e0 l\u2019autre, notamment \u00e0 l\u2019anglais, pour \u00e9largir leur audience au-del\u00e0 des fronti\u00e8res nationales. Ils n\u2019attendent plus que les m\u00e9dias relaient leurs paroles. Ils peuvent d\u00e9sormais les produire, les mettre en sc\u00e8ne et les diffuser eux-m\u00eames. Peu \u00e0 peu, le pouvoir se construit aussi dans cette pr\u00e9sence continue, faite de mots, d\u2019images et de r\u00e9cits.<\/p>\n\n\n\n<h3 id=\"h-des-inquietudes-sociales-aux-recits-politiques-les-reseaux-sociaux-comme-accelerateurs\" class=\"wp-block-heading\">Des inqui\u00e9tudes sociales aux r\u00e9cits politiques : les r\u00e9seaux sociaux comme acc\u00e9l\u00e9rateurs<\/h3>\n\n\n\n<p class=\"has-medium-font-size wp-block-paragraph\">Les r\u00e9seaux sociaux jouent d\u00e9sormais un r\u00f4le majeur dans la circulation des mod\u00e8les politiques d\u2019un pays \u00e0 l\u2019autre. Le mod\u00e8le s\u00e9curitaire associ\u00e9 \u00e0 Nayib Bukele au Salvador trouve ainsi un \u00e9cho aupr\u00e8s de plusieurs droites latino-am\u00e9ricaines. Ailleurs, c\u2019est Donald Trump qui sert de r\u00e9f\u00e9rence.  Sa communication directe, sa critique des \u00e9lites traditionnelles, son discours souverainiste et son usage intensif des r\u00e9seaux sociaux ont largement d\u00e9pass\u00e9 les fronti\u00e8res am\u00e9ricaines. Les strat\u00e9gies politiques et les r\u00e9pertoires discursifs circulent d\u00e9sormais d\u2019une soci\u00e9t\u00e9 \u00e0 l\u2019autre.<\/p>\n\n\n\n<p class=\"has-medium-font-size wp-block-paragraph\">Le fonctionnement m\u00eame des plateformes favorise, lui aussi, certains types de messages. Les algorithmes privil\u00e9gient la visibilit\u00e9, la vitesse de circulation et les contenus capables de provoquer une r\u00e9action imm\u00e9diate. Les messages simples, \u00e9motionnels et facilement \u00ab\u00a0partageables\u00a0\u00bb b\u00e9n\u00e9ficient souvent d\u2019une exposition sup\u00e9rieure aux analyses complexes. En effet, la peur, la col\u00e8re et l\u2019indignation circulent plus vite que les raisonnements argument\u00e9s. La s\u00e9curit\u00e9, l\u2019immigration, la corruption, le r\u00e9tablissement de l\u2019ordre et le rejet des \u00e9lites trouvent ainsi un terrain particuli\u00e8rement favorable dans cet environnement num\u00e9rique .<\/p>\n\n\n\n<p class=\"has-medium-font-size wp-block-paragraph\"><strong>\u00c0 mesure que ces r\u00e9cits circulent, le d\u00e9bat politique change lui aussi de visage.<\/strong> Les citoyens se regroupent autour d\u2019espaces num\u00e9riques, des \u00ab cocons \u00bb qui confortent souvent leurs propres convictions. La confrontation entre programmes peut alors laisser place \u00e0 une opposition entre identit\u00e9s, appartenances et visions du monde. Les r\u00e9seaux sociaux ne cr\u00e9ent pas n\u00e9cessairement ces divisions, mais ils peuvent les rendre plus visibles, plus rapides et plus difficiles \u00e0 d\u00e9passer.<\/p>\n\n\n\n<p class=\"has-medium-font-size wp-block-paragraph\">L\u2019Am\u00e9rique latine offre, \u00e0 cet \u00e9gard, un terrain particuli\u00e8rement favorable. En effet, la r\u00e9gion figure parmi celles o\u00f9 l\u2019usage des r\u00e9seaux sociaux est le plus \u00e9lev\u00e9 au monde. Avec environ 3 heures et 32 minutes d\u2019utilisation quotidienne en moyenne de ces derniers. Pourtant, pr\u00e8s de 63 % des Latino-Am\u00e9ricains d\u00e9clarent ne pas faire confiance aux informations qui y circulent. Derri\u00e8re cette contradiction appara\u00eet une vuln\u00e9rabilit\u00e9 plus profonde. L\u2019usage massif des plateformes num\u00e9riques coexiste avec une culture num\u00e9rique encore in\u00e9gale et une capacit\u00e9 limit\u00e9e \u00e0 v\u00e9rifier les sources. Une partie des citoyens se trouve ainsi davantage expos\u00e9e aux campagnes de d\u00e9sinformation et aux r\u00e9cits politiques simplifi\u00e9s.\u00b9\u2074<\/p>\n\n\n\n<p class=\"has-medium-font-size wp-block-paragraph\">Les r\u00e9seaux sociaux ne constituent donc pas la cause premi\u00e8re de la progression des droites populistes latino-am\u00e9ricaines. Les facteurs essentiels restent \u00e9conomiques, sociaux, institutionnels et s\u00e9curitaires. Leur r\u00f4le se situe ailleurs. Ils donnent une forme, une vitesse et une force de diffusion \u00e0 des inqui\u00e9tudes d\u00e9j\u00e0 pr\u00e9sentes dans la soci\u00e9t\u00e9. Ces inqui\u00e9tudes, jusque-l\u00e0 dispers\u00e9es, peuvent alors se transformer en r\u00e9cits politiques simples, personnalis\u00e9s et fortement mobilisateurs. La demande d\u2019autorit\u00e9, d\u2019ordre et de rupture trouve ainsi plus rapidement le chemin des urnes.<\/p>\n\n\n\n<h2 id=\"h-quels-defis-a-venir\" class=\"wp-block-heading\"><u>Quels d\u00e9fis \u00e0 venir ?<\/u><\/h2>\n\n\n\n<p class=\"has-medium-font-size wp-block-paragraph\">La progression des droites latino-am\u00e9ricaines ouvre plusieurs interrogations sur l\u2019avenir politique et strat\u00e9gique de la r\u00e9gion.<\/p>\n\n\n\n<p class=\"has-medium-font-size wp-block-paragraph\"><strong>Premi\u00e8rement, la capacit\u00e9 des gouvernements \u00e0 maintenir une voix commune appara\u00eet de plus en plus incertaine.<\/strong> Les divergences id\u00e9ologiques sont importantes. Les orientations de Javier Milei, de Nayib Bukele ou de certains dirigeants conservateurs ne sont pas n\u00e9cessairement compatibles avec celles d\u2019autres gouvernements de la r\u00e9gion, comme celui de Delcy Rodr\u00edguez au Venezuela. La constitution d\u2019un v\u00e9ritable regroupement politique des droites latino-am\u00e9ricaines para\u00eet donc difficile \u00e0 court terme. Le Mercosur lui-m\u00eame pourrait \u00eatre confront\u00e9 \u00e0 des tensions croissantes si ses membres adoptent des orientations \u00e9conomiques, diplomatiques et ext\u00e9rieures de plus en plus \u00e9loign\u00e9es.<\/p>\n\n\n\n<p class=\"has-medium-font-size wp-block-paragraph\"><strong>Deuxi\u00e8mement, la question est celle du rapport de forces r\u00e9gional<\/strong><strong>.<\/strong> Le Br\u00e9sil, traditionnel moteur du leadership sud-am\u00e9ricain, pourrait rencontrer davantage de difficult\u00e9s \u00e0 imposer une orientation commune face \u00e0 la multiplication de gouvernements proches de Washington. Le risque serait celui d\u2019une r\u00e9gion plus fragment\u00e9e, o\u00f9 les \u00c9tats n\u00e9gocieraient s\u00e9par\u00e9ment leurs relations avec les grandes puissances.<\/p>\n\n\n\n<p class=\"has-medium-font-size wp-block-paragraph\"><strong>Troisi\u00e8mement, le retour de Washington pose directement la question de l\u2019autonomie strat\u00e9gique latino-am\u00e9ricaine.<\/strong> Apr\u00e8s plusieurs ann\u00e9es de relatif d\u00e9sengagement, les \u00c9tats-Unis semblent d\u00e9sormais accorder une priorit\u00e9 nouvelle \u00e0 la r\u00e9gion. L\u2019enjeu est aussi li\u00e9 \u00e0 la mont\u00e9e en puissance de la Chine.  Elle est devenue un partenaire commercial, financier et technologique majeur de l\u2019Am\u00e9rique du Sud. P\u00e9kin a occup\u00e9 une partie de l\u2019espace laiss\u00e9 vacant par Washington et a construit, au fil des ann\u00e9es, une pr\u00e9sence \u00e9conomique. Les \u00c9tats-Unis cherchent d\u00e9sormais \u00e0 la contenir.<\/p>\n\n\n\n<p class=\"has-medium-font-size wp-block-paragraph\"><strong>La strat\u00e9gie de Trump vise \u00e0 replacer les int\u00e9r\u00eats am\u00e9ricains au c\u0153ur des choix \u00e9conomiques et strat\u00e9giques de la r\u00e9gion<\/strong>. La <em>National Security Strategy of the United States of America<\/em>, publi\u00e9e en novembre 2025, affirme \u00e0 cet \u00e9gard que les \u00c9tats-Unis doivent \u00ab r\u00e9affirmer et faire respecter la doctrine Monroe \u00bb afin de \u00ab restaurer la pr\u00e9\u00e9minence am\u00e9ricaine dans l\u2019h\u00e9misph\u00e8re occidental \u00bb.\u00b9\u2075<\/p>\n\n\n\n<p class=\"has-medium-font-size wp-block-paragraph\">Les gouvernements latino-am\u00e9ricains peuvent se rapprocher de Washington sans pour autant se plier enti\u00e8rement \u00e0 ses priorit\u00e9s. La r\u00e9gion ne semble donc pas se diriger vers un nouveau multilat\u00e9ralisme, mais plut\u00f4t vers une constellation de relations bilat\u00e9rales. Chaque gouvernement tente de tirer parti de la rivalit\u00e9 entre les grandes puissances. Reste alors une question : Washington cherche-t-il seulement \u00e0 retrouver l\u2019influence qu\u2019il a perdue, ou entend-il replacer l\u2019Am\u00e9rique latine dans une relation de d\u00e9pendance ? La fronti\u00e8re entre influence et n\u00e9o-imp\u00e9rialisme peut alors devenir particuli\u00e8rement t\u00e9nue.<\/p>\n\n\n\n<p class=\"has-medium-font-size wp-block-paragraph\"><strong>Enfin, un dernier d\u00e9fi concerne la m\u00e9moire politique et le rapport aux exp\u00e9riences autoritaires du pass\u00e9.<\/strong> L\u2019\u00e9lection de Jos\u00e9 Antonio Kast au Chili soul\u00e8ve une question importante. Comment un tel retour est-il devenu possible dans une soci\u00e9t\u00e9 qui a connu la dictature et les violations des droits humains ? Cette \u00e9volution montre que la m\u00e9moire historique ne suffit plus. Le cas chilien rappelle ainsi que la progression des nouvelles droites latino-am\u00e9ricaines ne pose pas seulement une question de programme ou d\u2019orientation id\u00e9ologique. Elle interroge aussi la capacit\u00e9 des soci\u00e9t\u00e9s \u00e0 transmettre leur histoire et \u00e0 emp\u00eacher la banalisation politique de certains h\u00e9ritages autoritaires.<\/p>\n\n\n\n<p class=\"wp-block-paragraph\"><strong>Notes de bas de page<\/strong><\/p>\n\n\n\n<p class=\"wp-block-paragraph\">\u00b9 AFP, \u00ab Mexique : le nombre d\u2019homicides a chut\u00e9 de moiti\u00e9 en deux ans, selon la pr\u00e9sidence \u00bb, TV5MONDE, 14 juillet 2026.<\/p>\n\n\n\n<p class=\"wp-block-paragraph\">\u00b2 The White House, \u00ab Fact Sheet: President Donald J. Trump Designates Fentanyl as a Weapon of Mass Destruction \u00bb, 15 d\u00e9cembre 2025.<\/p>\n\n\n\n<p class=\"wp-block-paragraph\">\u00b3 Commission \u00e9conomique pour l\u2019Am\u00e9rique latine et les Cara\u00efbes (CEPAL), Panorama Social de Am\u00e9rica Latina y el Caribe 2024: desaf\u00edos de la protecci\u00f3n social no contributiva para avanzar hacia el desarrollo social inclusivo, Santiago, Nations unies, 2024.<\/p>\n\n\n\n<p class=\"wp-block-paragraph\">\u2074 Manuel Alc\u00e1ntara S\u00e1ez, Cristina Rivas P\u00e9rez et Cecilia Graciela Rodr\u00edguez Balmaceda, \u00ab Sociedades cansadas y democracias fatigadas en Am\u00e9rica Latina \u00bb, Revista Mexicana de Sociolog\u00eda, vol. 86, juin 2024.<\/p>\n\n\n\n<p class=\"wp-block-paragraph\">\u2075 Latinobar\u00f3metro, Informe Latinobar\u00f3metro 2023: La recesi\u00f3n democr\u00e1tica de Am\u00e9rica Latina, Santiago, 2023.<\/p>\n\n\n\n<p class=\"wp-block-paragraph\">\u2076 CNN Chile, \u00ab Milei, en entrevista con CNN: \u201cPareciera que la regi\u00f3n ha despertado de la pesadilla del socialismo del siglo XXI\u201d \u00bb, entretien d\u2019Andr\u00e9s Oppenheimer pour CNN en Espa\u00f1ol, 1er janvier 2026.<\/p>\n\n\n\n<p class=\"wp-block-paragraph\">\u2077 Office des Nations unies contre la drogue et le crime (ONUDC), Global Study on Homicide 2023: Homicide and Organized Crime in Latin America and the Caribbean, Nations unies, 2023.<\/p>\n\n\n\n<p class=\"wp-block-paragraph\"><strong>\u2078<\/strong> Primicias, \u00ab <em>El Plan Nacional de Seguridad Integral 2025-2029 se convierte en pol\u00edtica p\u00fablica tras decreto de Daniel Noboa<\/em> \u00bb, 14 juillet 2026, au sujet du d\u00e9cret ex\u00e9cutif n\u00b0 448 et des objectifs du Plan national de s\u00e9curit\u00e9 globale 2025-2029.<\/p>\n\n\n\n<p class=\"wp-block-paragraph\"><strong>\u2079<\/strong> Gobierno de Chile, \u00ab Presidente Jos\u00e9 Antonio Kast lleg\u00f3 hasta Arica para supervisar implementaci\u00f3n del Plan Escudo Fronterizo contra la migraci\u00f3n irregular \u00bb, 16 mars 2026.<\/p>\n\n\n\n<p class=\"wp-block-paragraph\">\u00b9\u2070 Norberto Paredes, \u00ab Pourquoi les m\u00e9ga-prisons du Salvador deviennent un mod\u00e8le pour de nombreux responsables politiques de droite \u00e0 travers le monde \u00bb, BBC News Mundo, 9 juillet 2026.<\/p>\n\n\n\n<p class=\"wp-block-paragraph\"><strong>\u00b9\u00b9<\/strong> <em>Le Monde<\/em> avec AFP, \u00ab Donald Trump conditionne la poursuite de l\u2019aide \u00e0 l\u2019Argentine \u00e0 la survie politique de Javier Milei \u00bb, 14 octobre 2025.<\/p>\n\n\n\n<p class=\"wp-block-paragraph\">&nbsp;<strong>\u00b9\u00b2<\/strong> Banco Central de la Rep\u00fablica Argentina (BCRA), \u00ab El BCRA y el Departamento del Tesoro de los Estados Unidos firman un acuerdo de estabilizaci\u00f3n cambiaria por USD 20.000 millones \u00bb, 20 octobre 2025.<\/p>\n\n\n\n<p class=\"wp-block-paragraph\"><strong>\u00b9\u00b3<\/strong> Reuters Institute for the Study of Journalism, <em>Digital News Report 2023<\/em>, University of Oxford, 2023<\/p>\n\n\n\n<p class=\"wp-block-paragraph\"><strong>\u00b9\u2074<\/strong> Programme des Nations unies pour le d\u00e9veloppement (PNUD), <em>Democracias bajo presi\u00f3n: Reimaginar los futuros de la democracia y el desarrollo en Am\u00e9rica Latina y el Caribe<\/em>, chapitre 5, \u00ab Democracias bajo presi\u00f3n digital: IA, desinformaci\u00f3n y un ecosistema informativo en transformaci\u00f3n \u00bb, 2026.<\/p>\n\n\n\n<p class=\"wp-block-paragraph\"><strong>\u00b9\u2075<\/strong> The White House, <em>National Security Strategy<\/em>, Washington, D.C., November 2025, p. 15, section \u00ab Western Hemisphere: The Trump Corollary to the Monroe Doctrine \u00bb. La strat\u00e9gie affirme : \u00ab After years of neglect, the United States will reassert and enforce the Monroe Doctrine to restore American preeminence in the Western Hemisphere. \u00bb<\/p>\n\n\n\n<p class=\"wp-block-paragraph\"><\/p>","protected":false},"excerpt":{"rendered":"<p>La question m\u00e9rite d\u2019\u00eatre pos\u00e9e avec prudence. Les gouvernements de droite ne forment pas un bloc homog\u00e8ne. La gauche conserve des positions&hellip;<\/p>","protected":false},"author":31736,"featured_media":4525,"comment_status":"closed","ping_status":"closed","sticky":false,"template":"","format":"standard","meta":{"_lmt_disableupdate":"","_lmt_disable":"","footnotes":""},"categories":[614,5,4],"tags":[718,139],"class_list":["post-4524","post","type-post","status-publish","format-standard","has-post-thumbnail","hentry","category-ameriques","category-international","category-mis-en-avant","tag-amerique-du-sud","tag-politique"],"yoast_head":"<!-- This site is optimized with the Yoast SEO Premium plugin v28.1 (Yoast SEO v28.1) - https:\/\/yoast.com\/product\/yoast-seo-premium-wordpress\/ -->\n<title>La progression des droites populistes en Am\u00e9rique latine : vers un basculement politique ? | Geopolitics.fr<\/title>\n<meta name=\"description\" content=\"Les \u00e9lections r\u00e9centes ont confirm\u00e9 le d\u00e9placement d\u2019une partie de l\u2019Am\u00e9rique latine vers la droite. Faut-il parler d&#039;un basculement ?\" \/>\n<meta name=\"robots\" content=\"index, follow, max-snippet:-1, max-image-preview:large, max-video-preview:-1\" \/>\n<link rel=\"canonical\" href=\"https:\/\/www.geopolitics.fr\/en\/2026\/07\/19\/la-progression-des-droites-populistes-en-amerique-latine-vers-un-basculement-politique\/\" \/>\n<meta property=\"og:locale\" content=\"en_GB\" \/>\n<meta property=\"og:type\" content=\"article\" \/>\n<meta property=\"og:title\" content=\"La progression des droites populistes en Am\u00e9rique latine : vers un basculement politique ?\" \/>\n<meta property=\"og:description\" content=\"Les \u00e9lections r\u00e9centes ont confirm\u00e9 le d\u00e9placement d\u2019une partie de l\u2019Am\u00e9rique latine vers la droite. Faut-il parler d&#039;un basculement ?\" \/>\n<meta property=\"og:url\" content=\"https:\/\/www.geopolitics.fr\/en\/2026\/07\/19\/la-progression-des-droites-populistes-en-amerique-latine-vers-un-basculement-politique\/\" \/>\n<meta property=\"og:site_name\" content=\"Geopolitics.fr\" \/>\n<meta property=\"article:publisher\" content=\"https:\/\/www.facebook.com\/people\/Erwan-Davoux\/61557098968092\/\" \/>\n<meta property=\"article:published_time\" content=\"2026-07-19T10:04:25+00:00\" \/>\n<meta property=\"article:modified_time\" content=\"2026-07-19T10:04:28+00:00\" \/>\n<meta property=\"og:image\" content=\"https:\/\/www.geopolitics.fr\/wp-content\/uploads\/2026\/07\/am-sud.jpg\" \/>\n\t<meta property=\"og:image:width\" content=\"1920\" \/>\n\t<meta property=\"og:image:height\" content=\"1280\" \/>\n\t<meta property=\"og:image:type\" content=\"image\/jpeg\" \/>\n<meta name=\"author\" content=\"Houriya HADI\" \/>\n<meta name=\"twitter:card\" content=\"summary_large_image\" \/>\n<meta name=\"twitter:creator\" content=\"@Geopolitics_Fr\" \/>\n<meta name=\"twitter:site\" content=\"@Geopolitics_Fr\" \/>\n<meta name=\"twitter:label1\" content=\"Written by\" \/>\n\t<meta name=\"twitter:data1\" content=\"Houriya HADI\" \/>\n\t<meta name=\"twitter:label2\" content=\"Estimated reading time\" \/>\n\t<meta name=\"twitter:data2\" content=\"28 minutes\" \/>\n<script type=\"application\/ld+json\" class=\"yoast-schema-graph\">{\"@context\":\"https:\\\/\\\/schema.org\",\"@graph\":[{\"@type\":\"Article\",\"@id\":\"https:\\\/\\\/www.geopolitics.fr\\\/2026\\\/07\\\/19\\\/la-progression-des-droites-populistes-en-amerique-latine-vers-un-basculement-politique\\\/#article\",\"isPartOf\":{\"@id\":\"https:\\\/\\\/www.geopolitics.fr\\\/2026\\\/07\\\/19\\\/la-progression-des-droites-populistes-en-amerique-latine-vers-un-basculement-politique\\\/\"},\"author\":{\"name\":\"Houriya HADI\",\"@id\":\"https:\\\/\\\/www.geopolitics.fr\\\/#\\\/schema\\\/person\\\/74e961d57855fd5d945bd21966e071fe\"},\"headline\":\"La progression des droites populistes en Am\u00e9rique latine : vers un basculement politique ?\",\"datePublished\":\"2026-07-19T10:04:25+00:00\",\"dateModified\":\"2026-07-19T10:04:28+00:00\",\"mainEntityOfPage\":{\"@id\":\"https:\\\/\\\/www.geopolitics.fr\\\/2026\\\/07\\\/19\\\/la-progression-des-droites-populistes-en-amerique-latine-vers-un-basculement-politique\\\/\"},\"wordCount\":6003,\"publisher\":{\"@id\":\"https:\\\/\\\/www.geopolitics.fr\\\/#organization\"},\"image\":{\"@id\":\"https:\\\/\\\/www.geopolitics.fr\\\/2026\\\/07\\\/19\\\/la-progression-des-droites-populistes-en-amerique-latine-vers-un-basculement-politique\\\/#primaryimage\"},\"thumbnailUrl\":\"https:\\\/\\\/www.geopolitics.fr\\\/wp-content\\\/uploads\\\/2026\\\/07\\\/am-sud.jpg\",\"keywords\":[\"AMERIQUE DU SUD\",\"POLITIQUE\"],\"articleSection\":[\"Am\u00e9riques\",\"International\",\"Mis en AVANT\"],\"inLanguage\":\"en-GB\"},{\"@type\":\"WebPage\",\"@id\":\"https:\\\/\\\/www.geopolitics.fr\\\/2026\\\/07\\\/19\\\/la-progression-des-droites-populistes-en-amerique-latine-vers-un-basculement-politique\\\/\",\"url\":\"https:\\\/\\\/www.geopolitics.fr\\\/2026\\\/07\\\/19\\\/la-progression-des-droites-populistes-en-amerique-latine-vers-un-basculement-politique\\\/\",\"name\":\"La progression des droites populistes en Am\u00e9rique latine : vers un basculement politique ? | Geopolitics.fr\",\"isPartOf\":{\"@id\":\"https:\\\/\\\/www.geopolitics.fr\\\/#website\"},\"primaryImageOfPage\":{\"@id\":\"https:\\\/\\\/www.geopolitics.fr\\\/2026\\\/07\\\/19\\\/la-progression-des-droites-populistes-en-amerique-latine-vers-un-basculement-politique\\\/#primaryimage\"},\"image\":{\"@id\":\"https:\\\/\\\/www.geopolitics.fr\\\/2026\\\/07\\\/19\\\/la-progression-des-droites-populistes-en-amerique-latine-vers-un-basculement-politique\\\/#primaryimage\"},\"thumbnailUrl\":\"https:\\\/\\\/www.geopolitics.fr\\\/wp-content\\\/uploads\\\/2026\\\/07\\\/am-sud.jpg\",\"datePublished\":\"2026-07-19T10:04:25+00:00\",\"dateModified\":\"2026-07-19T10:04:28+00:00\",\"description\":\"Les \u00e9lections r\u00e9centes ont confirm\u00e9 le d\u00e9placement d\u2019une partie de l\u2019Am\u00e9rique latine vers la droite. Faut-il parler d'un basculement ?\",\"breadcrumb\":{\"@id\":\"https:\\\/\\\/www.geopolitics.fr\\\/2026\\\/07\\\/19\\\/la-progression-des-droites-populistes-en-amerique-latine-vers-un-basculement-politique\\\/#breadcrumb\"},\"inLanguage\":\"en-GB\",\"potentialAction\":[{\"@type\":\"ReadAction\",\"target\":[\"https:\\\/\\\/www.geopolitics.fr\\\/2026\\\/07\\\/19\\\/la-progression-des-droites-populistes-en-amerique-latine-vers-un-basculement-politique\\\/\"]}]},{\"@type\":\"ImageObject\",\"inLanguage\":\"en-GB\",\"@id\":\"https:\\\/\\\/www.geopolitics.fr\\\/2026\\\/07\\\/19\\\/la-progression-des-droites-populistes-en-amerique-latine-vers-un-basculement-politique\\\/#primaryimage\",\"url\":\"https:\\\/\\\/www.geopolitics.fr\\\/wp-content\\\/uploads\\\/2026\\\/07\\\/am-sud.jpg\",\"contentUrl\":\"https:\\\/\\\/www.geopolitics.fr\\\/wp-content\\\/uploads\\\/2026\\\/07\\\/am-sud.jpg\",\"width\":1920,\"height\":1280,\"caption\":\"A stylised globe centers on South America. Ideal for geography, travel, world markets, and geopolitical topics.\"},{\"@type\":\"BreadcrumbList\",\"@id\":\"https:\\\/\\\/www.geopolitics.fr\\\/2026\\\/07\\\/19\\\/la-progression-des-droites-populistes-en-amerique-latine-vers-un-basculement-politique\\\/#breadcrumb\",\"itemListElement\":[{\"@type\":\"ListItem\",\"position\":1,\"name\":\"Accueil\",\"item\":\"https:\\\/\\\/www.geopolitics.fr\\\/\"},{\"@type\":\"ListItem\",\"position\":2,\"name\":\"La progression des droites populistes en Am\u00e9rique latine : vers un basculement politique ?\"}]},{\"@type\":\"WebSite\",\"@id\":\"https:\\\/\\\/www.geopolitics.fr\\\/#website\",\"url\":\"https:\\\/\\\/www.geopolitics.fr\\\/\",\"name\":\"Geopolitics.fr\",\"description\":\"Geopolitics.fr Analyse politique, relations internationales, d\u00e9fense - ligne \u00e9ditoriale gaullo-chiraquienne\",\"publisher\":{\"@id\":\"https:\\\/\\\/www.geopolitics.fr\\\/#organization\"},\"potentialAction\":[{\"@type\":\"SearchAction\",\"target\":{\"@type\":\"EntryPoint\",\"urlTemplate\":\"https:\\\/\\\/www.geopolitics.fr\\\/?s={search_term_string}\"},\"query-input\":{\"@type\":\"PropertyValueSpecification\",\"valueRequired\":true,\"valueName\":\"search_term_string\"}}],\"inLanguage\":\"en-GB\"},{\"@type\":\"Organization\",\"@id\":\"https:\\\/\\\/www.geopolitics.fr\\\/#organization\",\"name\":\"Geopolitics.fr\",\"url\":\"https:\\\/\\\/www.geopolitics.fr\\\/\",\"logo\":{\"@type\":\"ImageObject\",\"inLanguage\":\"en-GB\",\"@id\":\"https:\\\/\\\/www.geopolitics.fr\\\/#\\\/schema\\\/logo\\\/image\\\/\",\"url\":\"https:\\\/\\\/www.geopolitics.fr\\\/wp-content\\\/uploads\\\/2024\\\/01\\\/logo.jpg\",\"contentUrl\":\"https:\\\/\\\/www.geopolitics.fr\\\/wp-content\\\/uploads\\\/2024\\\/01\\\/logo.jpg\",\"width\":500,\"height\":500,\"caption\":\"Geopolitics.fr\"},\"image\":{\"@id\":\"https:\\\/\\\/www.geopolitics.fr\\\/#\\\/schema\\\/logo\\\/image\\\/\"},\"sameAs\":[\"https:\\\/\\\/www.facebook.com\\\/people\\\/Erwan-Davoux\\\/61557098968092\\\/\",\"https:\\\/\\\/x.com\\\/Geopolitics_Fr\"]},{\"@type\":\"Person\",\"@id\":\"https:\\\/\\\/www.geopolitics.fr\\\/#\\\/schema\\\/person\\\/74e961d57855fd5d945bd21966e071fe\",\"name\":\"Houriya HADI\",\"image\":{\"@type\":\"ImageObject\",\"inLanguage\":\"en-GB\",\"@id\":\"https:\\\/\\\/www.geopolitics.fr\\\/wp-content\\\/uploads\\\/2026\\\/07\\\/logo-geo-96x96.jpg\",\"url\":\"https:\\\/\\\/www.geopolitics.fr\\\/wp-content\\\/uploads\\\/2026\\\/07\\\/logo-geo-96x96.jpg\",\"contentUrl\":\"https:\\\/\\\/www.geopolitics.fr\\\/wp-content\\\/uploads\\\/2026\\\/07\\\/logo-geo-96x96.jpg\",\"caption\":\"Houriya HADI\"},\"description\":\"Houriya HADI est analyste en g\u00e9opolitique et prospective, passionn\u00e9e par les relations internationales et les politiques publiques.\",\"url\":\"https:\\\/\\\/www.geopolitics.fr\\\/en\\\/author\\\/houriya-hadi\\\/\"}]}<\/script>\n<!-- \/ Yoast SEO Premium plugin. -->","yoast_head_json":{"title":"La progression des droites populistes en Am\u00e9rique latine : vers un basculement politique ? | Geopolitics.fr","description":"Les \u00e9lections r\u00e9centes ont confirm\u00e9 le d\u00e9placement d\u2019une partie de l\u2019Am\u00e9rique latine vers la droite. Faut-il parler d'un basculement ?","robots":{"index":"index","follow":"follow","max-snippet":"max-snippet:-1","max-image-preview":"max-image-preview:large","max-video-preview":"max-video-preview:-1"},"canonical":"https:\/\/www.geopolitics.fr\/en\/2026\/07\/19\/la-progression-des-droites-populistes-en-amerique-latine-vers-un-basculement-politique\/","og_locale":"en_GB","og_type":"article","og_title":"La progression des droites populistes en Am\u00e9rique latine : vers un basculement politique ?","og_description":"Les \u00e9lections r\u00e9centes ont confirm\u00e9 le d\u00e9placement d\u2019une partie de l\u2019Am\u00e9rique latine vers la droite. Faut-il parler d'un basculement ?","og_url":"https:\/\/www.geopolitics.fr\/en\/2026\/07\/19\/la-progression-des-droites-populistes-en-amerique-latine-vers-un-basculement-politique\/","og_site_name":"Geopolitics.fr","article_publisher":"https:\/\/www.facebook.com\/people\/Erwan-Davoux\/61557098968092\/","article_published_time":"2026-07-19T10:04:25+00:00","article_modified_time":"2026-07-19T10:04:28+00:00","og_image":[{"width":1920,"height":1280,"url":"https:\/\/www.geopolitics.fr\/wp-content\/uploads\/2026\/07\/am-sud.jpg","type":"image\/jpeg"}],"author":"Houriya HADI","twitter_card":"summary_large_image","twitter_creator":"@Geopolitics_Fr","twitter_site":"@Geopolitics_Fr","twitter_misc":{"Written by":"Houriya HADI","Estimated reading time":"28 minutes"},"schema":{"@context":"https:\/\/schema.org","@graph":[{"@type":"Article","@id":"https:\/\/www.geopolitics.fr\/2026\/07\/19\/la-progression-des-droites-populistes-en-amerique-latine-vers-un-basculement-politique\/#article","isPartOf":{"@id":"https:\/\/www.geopolitics.fr\/2026\/07\/19\/la-progression-des-droites-populistes-en-amerique-latine-vers-un-basculement-politique\/"},"author":{"name":"Houriya HADI","@id":"https:\/\/www.geopolitics.fr\/#\/schema\/person\/74e961d57855fd5d945bd21966e071fe"},"headline":"La progression des droites populistes en Am\u00e9rique latine : vers un basculement politique ?","datePublished":"2026-07-19T10:04:25+00:00","dateModified":"2026-07-19T10:04:28+00:00","mainEntityOfPage":{"@id":"https:\/\/www.geopolitics.fr\/2026\/07\/19\/la-progression-des-droites-populistes-en-amerique-latine-vers-un-basculement-politique\/"},"wordCount":6003,"publisher":{"@id":"https:\/\/www.geopolitics.fr\/#organization"},"image":{"@id":"https:\/\/www.geopolitics.fr\/2026\/07\/19\/la-progression-des-droites-populistes-en-amerique-latine-vers-un-basculement-politique\/#primaryimage"},"thumbnailUrl":"https:\/\/www.geopolitics.fr\/wp-content\/uploads\/2026\/07\/am-sud.jpg","keywords":["AMERIQUE DU SUD","POLITIQUE"],"articleSection":["Am\u00e9riques","International","Mis en AVANT"],"inLanguage":"en-GB"},{"@type":"WebPage","@id":"https:\/\/www.geopolitics.fr\/2026\/07\/19\/la-progression-des-droites-populistes-en-amerique-latine-vers-un-basculement-politique\/","url":"https:\/\/www.geopolitics.fr\/2026\/07\/19\/la-progression-des-droites-populistes-en-amerique-latine-vers-un-basculement-politique\/","name":"La progression des droites populistes en Am\u00e9rique latine : vers un basculement politique ? | Geopolitics.fr","isPartOf":{"@id":"https:\/\/www.geopolitics.fr\/#website"},"primaryImageOfPage":{"@id":"https:\/\/www.geopolitics.fr\/2026\/07\/19\/la-progression-des-droites-populistes-en-amerique-latine-vers-un-basculement-politique\/#primaryimage"},"image":{"@id":"https:\/\/www.geopolitics.fr\/2026\/07\/19\/la-progression-des-droites-populistes-en-amerique-latine-vers-un-basculement-politique\/#primaryimage"},"thumbnailUrl":"https:\/\/www.geopolitics.fr\/wp-content\/uploads\/2026\/07\/am-sud.jpg","datePublished":"2026-07-19T10:04:25+00:00","dateModified":"2026-07-19T10:04:28+00:00","description":"Les \u00e9lections r\u00e9centes ont confirm\u00e9 le d\u00e9placement d\u2019une partie de l\u2019Am\u00e9rique latine vers la droite. Faut-il parler d'un basculement ?","breadcrumb":{"@id":"https:\/\/www.geopolitics.fr\/2026\/07\/19\/la-progression-des-droites-populistes-en-amerique-latine-vers-un-basculement-politique\/#breadcrumb"},"inLanguage":"en-GB","potentialAction":[{"@type":"ReadAction","target":["https:\/\/www.geopolitics.fr\/2026\/07\/19\/la-progression-des-droites-populistes-en-amerique-latine-vers-un-basculement-politique\/"]}]},{"@type":"ImageObject","inLanguage":"en-GB","@id":"https:\/\/www.geopolitics.fr\/2026\/07\/19\/la-progression-des-droites-populistes-en-amerique-latine-vers-un-basculement-politique\/#primaryimage","url":"https:\/\/www.geopolitics.fr\/wp-content\/uploads\/2026\/07\/am-sud.jpg","contentUrl":"https:\/\/www.geopolitics.fr\/wp-content\/uploads\/2026\/07\/am-sud.jpg","width":1920,"height":1280,"caption":"A stylised globe centers on South America. Ideal for geography, travel, world markets, and geopolitical topics."},{"@type":"BreadcrumbList","@id":"https:\/\/www.geopolitics.fr\/2026\/07\/19\/la-progression-des-droites-populistes-en-amerique-latine-vers-un-basculement-politique\/#breadcrumb","itemListElement":[{"@type":"ListItem","position":1,"name":"Accueil","item":"https:\/\/www.geopolitics.fr\/"},{"@type":"ListItem","position":2,"name":"La progression des droites populistes en Am\u00e9rique latine : vers un basculement politique ?"}]},{"@type":"WebSite","@id":"https:\/\/www.geopolitics.fr\/#website","url":"https:\/\/www.geopolitics.fr\/","name":"Geopolitics.fr","description":"Geopolitics.fr Analyse politique, relations internationales, d\u00e9fense - ligne \u00e9ditoriale gaullo-chiraquienne","publisher":{"@id":"https:\/\/www.geopolitics.fr\/#organization"},"potentialAction":[{"@type":"SearchAction","target":{"@type":"EntryPoint","urlTemplate":"https:\/\/www.geopolitics.fr\/?s={search_term_string}"},"query-input":{"@type":"PropertyValueSpecification","valueRequired":true,"valueName":"search_term_string"}}],"inLanguage":"en-GB"},{"@type":"Organization","@id":"https:\/\/www.geopolitics.fr\/#organization","name":"Geopolitics.fr","url":"https:\/\/www.geopolitics.fr\/","logo":{"@type":"ImageObject","inLanguage":"en-GB","@id":"https:\/\/www.geopolitics.fr\/#\/schema\/logo\/image\/","url":"https:\/\/www.geopolitics.fr\/wp-content\/uploads\/2024\/01\/logo.jpg","contentUrl":"https:\/\/www.geopolitics.fr\/wp-content\/uploads\/2024\/01\/logo.jpg","width":500,"height":500,"caption":"Geopolitics.fr"},"image":{"@id":"https:\/\/www.geopolitics.fr\/#\/schema\/logo\/image\/"},"sameAs":["https:\/\/www.facebook.com\/people\/Erwan-Davoux\/61557098968092\/","https:\/\/x.com\/Geopolitics_Fr"]},{"@type":"Person","@id":"https:\/\/www.geopolitics.fr\/#\/schema\/person\/74e961d57855fd5d945bd21966e071fe","name":"Houriya HADI","image":{"@type":"ImageObject","inLanguage":"en-GB","@id":"https:\/\/www.geopolitics.fr\/wp-content\/uploads\/2026\/07\/logo-geo-96x96.jpg","url":"https:\/\/www.geopolitics.fr\/wp-content\/uploads\/2026\/07\/logo-geo-96x96.jpg","contentUrl":"https:\/\/www.geopolitics.fr\/wp-content\/uploads\/2026\/07\/logo-geo-96x96.jpg","caption":"Houriya HADI"},"description":"Houriya HADI est analyste en g\u00e9opolitique et prospective, passionn\u00e9e par les relations internationales et les politiques publiques.","url":"https:\/\/www.geopolitics.fr\/en\/author\/houriya-hadi\/"}]}},"_links":{"self":[{"href":"https:\/\/www.geopolitics.fr\/en\/wp-json\/wp\/v2\/posts\/4524","targetHints":{"allow":["GET"]}}],"collection":[{"href":"https:\/\/www.geopolitics.fr\/en\/wp-json\/wp\/v2\/posts"}],"about":[{"href":"https:\/\/www.geopolitics.fr\/en\/wp-json\/wp\/v2\/types\/post"}],"author":[{"embeddable":true,"href":"https:\/\/www.geopolitics.fr\/en\/wp-json\/wp\/v2\/users\/31736"}],"replies":[{"embeddable":true,"href":"https:\/\/www.geopolitics.fr\/en\/wp-json\/wp\/v2\/comments?post=4524"}],"version-history":[{"count":1,"href":"https:\/\/www.geopolitics.fr\/en\/wp-json\/wp\/v2\/posts\/4524\/revisions"}],"predecessor-version":[{"id":4526,"href":"https:\/\/www.geopolitics.fr\/en\/wp-json\/wp\/v2\/posts\/4524\/revisions\/4526"}],"wp:featuredmedia":[{"embeddable":true,"href":"https:\/\/www.geopolitics.fr\/en\/wp-json\/wp\/v2\/media\/4525"}],"wp:attachment":[{"href":"https:\/\/www.geopolitics.fr\/en\/wp-json\/wp\/v2\/media?parent=4524"}],"wp:term":[{"taxonomy":"category","embeddable":true,"href":"https:\/\/www.geopolitics.fr\/en\/wp-json\/wp\/v2\/categories?post=4524"},{"taxonomy":"post_tag","embeddable":true,"href":"https:\/\/www.geopolitics.fr\/en\/wp-json\/wp\/v2\/tags?post=4524"}],"curies":[{"name":"wp","href":"https:\/\/api.w.org\/{rel}","templated":true}]}}