{"id":4505,"date":"2026-07-04T13:09:55","date_gmt":"2026-07-04T11:09:55","guid":{"rendered":"https:\/\/www.geopolitics.fr\/?p=4505"},"modified":"2026-07-04T13:09:58","modified_gmt":"2026-07-04T11:09:58","slug":"la-france-et-lordre-international-en-mutation-repositionnement-strategique-dune-puissance-moyenne","status":"publish","type":"post","link":"https:\/\/www.geopolitics.fr\/en\/2026\/07\/04\/la-france-et-lordre-international-en-mutation-repositionnement-strategique-dune-puissance-moyenne\/","title":{"rendered":"La France et l&rsquo;ordre international en mutation : repositionnement strat\u00e9gique d&rsquo;une puissance moyenne"},"content":{"rendered":"<p class=\"has-medium-font-size wp-block-paragraph\">Emmanuel Macron, longtemps chantre d&rsquo;une \u00ab troisi\u00e8me voie \u00bb europ\u00e9enne entre Washington et P\u00e9kin, a d\u00fb reconna\u00eetre implicitement les limites de cette ambition face \u00e0 la fragmentation acc\u00e9l\u00e9r\u00e9e de l&rsquo;ordre international.<\/p>\n\n\n\n<p class=\"has-medium-font-size wp-block-paragraph\">Cette \u00e9volution s&rsquo;inscrit dans une tradition fran\u00e7aise de questionnement permanent sur sa place dans le monde. Depuis la pr\u00e9sidence de Val\u00e9ry Giscard d&rsquo;Estaing, qui affirmait d\u00e8s 1975 que la France devait accepter son statut de puissance de second rang derri\u00e8re les superpuissances, le d\u00e9bat n&rsquo;a jamais cess\u00e9 entre partisans d&rsquo;une grandeur nationale autonome et r\u00e9alistes assumant la n\u00e9cessit\u00e9 de coalitions. Macron lui-m\u00eame rejetait encore en 2020 l&rsquo;id\u00e9e que la France puisse se concevoir comme une \u00ab puissance moyenne. Il estimait que les Fran\u00e7ais ne pourraient l&rsquo;accepter. Pourtant, la pratique diplomatique actuelle de Paris ressemble remarquablement \u00e0 ce que Giscard avait th\u00e9oris\u00e9. Elle vise \u00e0 devenir la t\u00eate de file d&rsquo;un groupe de puissances\u00a0: Royaume-Uni, Japon, Allemagne. Ces derni\u00e8res suivent les superpuissances tout en pr\u00e9servant leur autonomie de d\u00e9cision.<\/p>\n\n\n\n<p class=\"has-medium-font-size wp-block-paragraph\">Le concept d&rsquo;\u00ab autonomie strat\u00e9gique europ\u00e9enne \u00bb, marotte fran\u00e7aise depuis des d\u00e9cennies, a lui aussi subi une mue significative. Il ne s&rsquo;agit plus tant pour Paris de construire une d\u00e9fense europ\u00e9enne vraiment ind\u00e9pendante des \u00c9tats-Unis, objectif irr\u00e9aliste \u00e0 court terme. Mais plut\u00f4t de d\u00e9velopper des capacit\u00e9s permettant aux Europ\u00e9ens d&rsquo;agir seuls \u00ab quand c&rsquo;est n\u00e9cessaire \u00bb.  Selon une formule consacr\u00e9e et r\u00e9currente de la diplomatie fran\u00e7aise.<\/p>\n\n\n\n<p class=\"has-medium-font-size wp-block-paragraph\">Cette nuance s\u00e9mantique traduit un pragmatisme accru.  La France reconna\u00eet que le soutien am\u00e9ricain demeure essentiel pour atteindre ses objectifs politiques. Mais elle refuse de s&rsquo;en remettre enti\u00e8rement \u00e0 Washington dont la fiabilit\u00e9 est d\u00e9sormais questionn\u00e9e.<\/p>\n\n\n\n<h2 id=\"h-la-coalition-des-volontaires-nouveau-vecteur-d-influence\" class=\"wp-block-heading\">La \u00ab coalition des volontaires \u00bb : nouveau vecteur d&rsquo;influence<\/h2>\n\n\n\n<p class=\"has-medium-font-size wp-block-paragraph\">L&rsquo;engagement fran\u00e7ais en Ukraine illustre parfaitement cette nouvelle approche. Conscients que leurs stocks militaires et leurs finances ne leur permettent pas de fournir autant d&rsquo;armements que d&rsquo;autres pays en proportion de leur PIB, les responsables fran\u00e7ais ont mis\u00e9 sur un autre levier.  Celui de l&rsquo;audace politique combin\u00e9e \u00e0 l&rsquo;exp\u00e9rience militaire et \u00e0 la dissuasion nucl\u00e9aire. Macron s&rsquo;est impos\u00e9 comme l&rsquo;architecte d&rsquo;une \u00ab coalition des volontaires \u00bb. Cette derni\u00e8re, r\u00e9unissant les pays europ\u00e9ens dispos\u00e9s \u00e0 aller au-del\u00e0 du consensus minimal de l&rsquo;OTAN ou de l&rsquo;Union europ\u00e9enne. L&rsquo;initiative, annonc\u00e9e fin 2025, visait \u00e0 donner une dimension plus strat\u00e9gique au soutien occidental \u00e0 Kiev, au-del\u00e0 de la simple fourniture d&rsquo;\u00e9quipements.<\/p>\n\n\n\n<p class=\"has-medium-font-size wp-block-paragraph\">Cette posture repr\u00e9sente une inflexion notable par rapport \u00e0 la prudence traditionnelle de Paris concernant l&rsquo;\u00e9largissement de l&rsquo;OTAN vers l&rsquo;Est. Jacques Chirac avait critiqu\u00e9 l&rsquo;id\u00e9e d&rsquo;une expansion de l&rsquo;Alliance vers la G\u00e9orgie et l&rsquo;Ukraine, craignant une d\u00e9t\u00e9rioration des relations avec Moscou. Macron lui-m\u00eame, avant l&rsquo;invasion russe de f\u00e9vrier 2022, multipliait les appels au dialogue avec Vladimir Poutine et mettait en garde contre une \u00ab humiliation \u00bb de la Russie.<\/p>\n\n\n\n<p class=\"has-medium-font-size wp-block-paragraph\">Le revirement est donc consid\u00e9rable : lors du forum Globsec de Bratislava en juin 2023, le pr\u00e9sident fran\u00e7ais d\u00e9clarait que les garanties offertes par le pass\u00e9 \u00e0 l&rsquo;Ukraine et \u00e0 la G\u00e9orgie avaient \u00e9t\u00e9 \u00ab bien trop faibles \u00bb. Il  exprimait son souhait de voir la Su\u00e8de rejoindre l&rsquo;Alliance et d\u00e9montrant ainsi une position favorable \u00e0 l&rsquo;\u00e9largissement de l&rsquo;OTAN.<\/p>\n\n\n\n<p class=\"has-medium-font-size wp-block-paragraph\">Cette \u00e9volution s&rsquo;explique par une lecture lucide du rapport de forces. La France seule ne peut peser face \u00e0 une Russie revancharde, soutenue tacitement par la Chine, ni face \u00e0 des \u00c9tats-Unis dont la politique \u00e9trang\u00e8re oscille au gr\u00e9 des alternances politiques. En revanche, en se positionnant comme le catalyseur des initiatives europ\u00e9ennes les plus ambitieuses, Paris peut d\u00e9multiplier son influence r\u00e9elle. Le pari consiste \u00e0 transformer un handicap, des moyens limit\u00e9s en atout.  Une capacit\u00e9 \u00e0 f\u00e9d\u00e9rer et \u00e0 donner une coh\u00e9rence politique aux efforts dispers\u00e9s des partenaires europ\u00e9ens.<\/p>\n\n\n\n<h2 id=\"h-les-contradictions-d-un-leadership-europeen-conteste\" class=\"wp-block-heading\">Les contradictions d&rsquo;un leadership europ\u00e9en contest\u00e9<\/h2>\n\n\n\n<p class=\"has-medium-font-size wp-block-paragraph\">Malgr\u00e9 cette strat\u00e9gie sophistiqu\u00e9e, la France se heurte au scepticisme persistant de plusieurs partenaires europ\u00e9ens. Le concept m\u00eame d&rsquo;autonomie strat\u00e9gique demeure controvers\u00e9. Le d\u00e9saccord public entre Macron et Annegret Kramp-Karrenbauer, alors ministre allemande de la D\u00e9fense, sur la nature des relations transatlantiques, l&rsquo;a illustr\u00e9.<\/p>\n\n\n\n<p class=\"has-medium-font-size wp-block-paragraph\">Pour nombre de pays d&rsquo;Europe centrale et orientale, toute vell\u00e9it\u00e9 d&rsquo;\u00e9mancipation vis-\u00e0-vis de Washington appara\u00eet comme une menace existentielle face \u00e0 la Russie. La Pologne, les pays baltes ou la Roumanie privil\u00e9gient syst\u00e9matiquement le lien avec les \u00c9tats-Unis.<\/p>\n\n\n\n<p class=\"has-medium-font-size wp-block-paragraph\">La position fran\u00e7aise sur les Balkans occidentaux r\u00e9v\u00e8le \u00e9galement des tensions sous-jacentes. Le blocage par Paris, en 2019, de l&rsquo;ouverture des n\u00e9gociations d&rsquo;adh\u00e9sion avec l&rsquo;Albanie et la Mac\u00e9doine du Nord puis l&rsquo;imposition d&rsquo;une nouvelle m\u00e9thodologie d&rsquo;\u00e9largissement, ont \u00e9t\u00e9 per\u00e7us comme une preuve de d\u00e9sint\u00e9r\u00eat voire d&rsquo;hostilit\u00e9 fran\u00e7aise envers l&rsquo;int\u00e9gration europ\u00e9enne des pays des Balkans.<\/p>\n\n\n\n<p class=\"has-medium-font-size wp-block-paragraph\">Cette posture, justifi\u00e9e \u00e0 Paris par des pr\u00e9occupations l\u00e9gitimes sur le fonctionnement des institutions europ\u00e9ennes et la n\u00e9cessit\u00e9 de r\u00e9formes internes pr\u00e9alables \u00e0 tout nouvel \u00e9largissement, contredit apparemment le discours sur une Europe forte et unie face aux d\u00e9fis g\u00e9opolitiques.<\/p>\n\n\n\n<p class=\"has-medium-font-size wp-block-paragraph\">La question fiscale constitue un autre point de vuln\u00e9rabilit\u00e9 majeur. La France ne peut pr\u00e9tendre au leadership europ\u00e9en en mati\u00e8re de d\u00e9fense et de politique \u00e9trang\u00e8re si elle ne parvient pas \u00e0 assainir sa situation budg\u00e9taire.<\/p>\n\n\n\n<p class=\"has-medium-font-size wp-block-paragraph\">Le d\u00e9ficit public fran\u00e7ais, r\u00e9guli\u00e8rement au-dessus des crit\u00e8res de Maastricht, limite les marges de man\u0153uvre. Il influe significativement sur les d\u00e9penses militaires et mine la cr\u00e9dibilit\u00e9 de Paris. La crise politique qui a secou\u00e9 la France fin 2024 et d\u00e9but 2025 a encore affaibli sa position. Les turbulences int\u00e9rieures ne sont pas sans effet sur g\u00e9opolitique de l&rsquo;Europe dans son ensemble.<\/p>\n\n\n\n<h2 id=\"h-vers-une-nouvelle-grammaire-de-la-puissance-francaise\" class=\"wp-block-heading\">Vers une nouvelle grammaire de la puissance fran\u00e7aise<\/h2>\n\n\n\n<p class=\"has-medium-font-size wp-block-paragraph\">L&rsquo;avenir du positionnement fran\u00e7ais d\u00e9pendra largement de la configuration de l&rsquo;ordre international post-am\u00e9ricain ou du moins post-h\u00e9g\u00e9monique. Si, comme beaucoup l&rsquo;anticipent, le monde \u00e9volue vers une pluralit\u00e9 d&rsquo;ordres r\u00e9gionaux plut\u00f4t qu&rsquo;un syst\u00e8me unifi\u00e9 domin\u00e9 par une seule superpuissance, les puissances moyennes disposeront d&rsquo;un effet de levier accru. Elles n&rsquo;auront plus besoin de s&rsquo;arrimer totalement \u00e0 un h\u00e9g\u00e9mon unique comme l&rsquo;exigeait l&rsquo;apr\u00e8s la Seconde Guerre mondiale. Par la diversification de leurs partenariats, l&rsquo;att\u00e9nuation des risques et les strat\u00e9gies de couverture, leur soutien deviendra un enjeu de comp\u00e9tition entre grandes puissances.<\/p>\n\n\n\n<p class=\"has-medium-font-size wp-block-paragraph\">Dans ce contexte, la tentation pour les puissances moyennes de rivaliser entre elles plut\u00f4t que de coop\u00e9rer sera forte. La saga du Syst\u00e8me de Combat A\u00e9rien du Futur (SCAF), qui devait incarner la coop\u00e9ration franco-allemande en mati\u00e8re d&rsquo;armement, illustre les difficult\u00e9s \u00e0 surmonter les logiques nationales au profit d&rsquo;une v\u00e9ritable int\u00e9gration europ\u00e9enne. Pourtant, dans des domaines comme la d\u00e9fense, la coop\u00e9ration intra-europ\u00e9enne devrait pr\u00e9valoir si les pays du continent veulent peser collectivement.<\/p>\n\n\n\n<p class=\"has-medium-font-size wp-block-paragraph\">La France dispose d&rsquo;atouts singuliers pour naviguer dans cet environnement incertain.   Son si\u00e8ge permanent au Conseil de s\u00e9curit\u00e9 des Nations unies, sa force de dissuasion nucl\u00e9aire autonome, son r\u00e9seau diplomatique mondial, sa pr\u00e9sence militaire sur plusieurs continents gr\u00e2ce \u00e0 ses territoires d&rsquo;outre-mer, et une industrie de d\u00e9fense performante sont \u00e0 prendre en consid\u00e9ration. Ces attributs lui conf\u00e8rent une l\u00e9gitimit\u00e9 que peu de partenaires europ\u00e9ens peuvent revendiquer. Mais ils ne suffiront pas sans une capacit\u00e9 \u00e0 construire des coalitions durables. Ni m\u00eame \u00e0 incarner un projet europ\u00e9en qui d\u00e9passe les seuls int\u00e9r\u00eats fran\u00e7ais.<\/p>\n\n\n\n<p class=\"has-medium-font-size wp-block-paragraph\">Le pragmatisme affich\u00e9 par Macron depuis 2025 sugg\u00e8re que Paris a tir\u00e9 les le\u00e7ons des \u00e9checs pass\u00e9s. Plut\u00f4t que de proclamer une souverainet\u00e9 europ\u00e9enne dont les moyens font d\u00e9faut, la France semble d\u00e9sormais privil\u00e9gier des avanc\u00e9es concr\u00e8tes avec les partenaires dispos\u00e9s \u00e0 s&rsquo;engager. Quitte \u00e0 accepter une Europe \u00e0 g\u00e9om\u00e9trie variable. Cette approche, moins ambitieuse sur le papier, pourrait s&rsquo;av\u00e9rer plus efficace. Notamment dans un monde o\u00f9 la puissance se mesure moins \u00e0 la capacit\u00e9 d&rsquo;imposer qu&rsquo;\u00e0 celle de rassembler.<\/p>\n\n\n\n<p class=\"wp-block-paragraph\"><\/p>","protected":false},"excerpt":{"rendered":"<p>Emmanuel Macron, longtemps chantre d&rsquo;une \u00ab troisi\u00e8me voie \u00bb europ\u00e9enne entre Washington et P\u00e9kin, a d\u00fb reconna\u00eetre implicitement les limites de cette&hellip;<\/p>","protected":false},"author":31730,"featured_media":4506,"comment_status":"closed","ping_status":"closed","sticky":false,"template":"","format":"standard","meta":{"_lmt_disableupdate":"","_lmt_disable":"","footnotes":""},"categories":[635,605,4],"tags":[57,56],"class_list":["post-4505","post","type-post","status-publish","format-standard","has-post-thumbnail","hentry","category-diplomatie","category-france","category-mis-en-avant","tag-diplomatie","tag-france"],"yoast_head":"<!-- This site is optimized with the Yoast SEO Premium plugin v28.1 (Yoast SEO v28.1) - https:\/\/yoast.com\/product\/yoast-seo-premium-wordpress\/ -->\n<title>La France et l&#039;ordre international en mutation : repositionnement strat\u00e9gique d&#039;une puissance moyenne | Geopolitics.fr<\/title>\n<meta name=\"description\" content=\"Comment pr\u00e9server l&#039;influence fran\u00e7aise dans un monde o\u00f9 la puissance se mesure moins \u00e0 la capacit\u00e9 d&#039;imposer qu&#039;\u00e0 celle de rassembler ?\" \/>\n<meta name=\"robots\" content=\"index, follow, max-snippet:-1, max-image-preview:large, max-video-preview:-1\" \/>\n<link rel=\"canonical\" href=\"https:\/\/www.geopolitics.fr\/en\/2026\/07\/04\/la-france-et-lordre-international-en-mutation-repositionnement-strategique-dune-puissance-moyenne\/\" \/>\n<meta property=\"og:locale\" content=\"en_GB\" \/>\n<meta property=\"og:type\" content=\"article\" \/>\n<meta property=\"og:title\" content=\"La France et l&#039;ordre international en mutation : repositionnement strat\u00e9gique d&#039;une puissance moyenne\" \/>\n<meta property=\"og:description\" content=\"Comment pr\u00e9server l&#039;influence fran\u00e7aise dans un monde o\u00f9 la puissance se mesure moins \u00e0 la capacit\u00e9 d&#039;imposer qu&#039;\u00e0 celle de rassembler ?\" \/>\n<meta property=\"og:url\" content=\"https:\/\/www.geopolitics.fr\/en\/2026\/07\/04\/la-france-et-lordre-international-en-mutation-repositionnement-strategique-dune-puissance-moyenne\/\" \/>\n<meta property=\"og:site_name\" content=\"Geopolitics.fr\" \/>\n<meta property=\"article:publisher\" content=\"https:\/\/www.facebook.com\/people\/Erwan-Davoux\/61557098968092\/\" \/>\n<meta property=\"article:published_time\" content=\"2026-07-04T11:09:55+00:00\" \/>\n<meta property=\"article:modified_time\" content=\"2026-07-04T11:09:58+00:00\" \/>\n<meta property=\"og:image\" content=\"https:\/\/www.geopolitics.fr\/wp-content\/uploads\/2026\/07\/quai-orsay-2.jpg\" \/>\n\t<meta property=\"og:image:width\" content=\"1186\" \/>\n\t<meta property=\"og:image:height\" content=\"597\" \/>\n\t<meta property=\"og:image:type\" content=\"image\/jpeg\" \/>\n<meta name=\"author\" content=\"Ghizlaine Badri\" \/>\n<meta name=\"twitter:card\" content=\"summary_large_image\" \/>\n<meta name=\"twitter:creator\" content=\"@Geopolitics_Fr\" \/>\n<meta name=\"twitter:site\" content=\"@Geopolitics_Fr\" \/>\n<meta name=\"twitter:label1\" content=\"Written by\" \/>\n\t<meta name=\"twitter:data1\" content=\"Ghizlaine Badri\" \/>\n\t<meta name=\"twitter:label2\" content=\"Estimated reading time\" \/>\n\t<meta name=\"twitter:data2\" content=\"7 minutes\" \/>\n<script type=\"application\/ld+json\" class=\"yoast-schema-graph\">{\"@context\":\"https:\\\/\\\/schema.org\",\"@graph\":[{\"@type\":\"Article\",\"@id\":\"https:\\\/\\\/www.geopolitics.fr\\\/2026\\\/07\\\/04\\\/la-france-et-lordre-international-en-mutation-repositionnement-strategique-dune-puissance-moyenne\\\/#article\",\"isPartOf\":{\"@id\":\"https:\\\/\\\/www.geopolitics.fr\\\/2026\\\/07\\\/04\\\/la-france-et-lordre-international-en-mutation-repositionnement-strategique-dune-puissance-moyenne\\\/\"},\"author\":{\"name\":\"Ghizlaine Badri\",\"@id\":\"https:\\\/\\\/www.geopolitics.fr\\\/#\\\/schema\\\/person\\\/c36b165f511617c65a2bf8f8abd9af41\"},\"headline\":\"La France et l&rsquo;ordre international en mutation : repositionnement strat\u00e9gique d&rsquo;une puissance moyenne\",\"datePublished\":\"2026-07-04T11:09:55+00:00\",\"dateModified\":\"2026-07-04T11:09:58+00:00\",\"mainEntityOfPage\":{\"@id\":\"https:\\\/\\\/www.geopolitics.fr\\\/2026\\\/07\\\/04\\\/la-france-et-lordre-international-en-mutation-repositionnement-strategique-dune-puissance-moyenne\\\/\"},\"wordCount\":1439,\"publisher\":{\"@id\":\"https:\\\/\\\/www.geopolitics.fr\\\/#organization\"},\"image\":{\"@id\":\"https:\\\/\\\/www.geopolitics.fr\\\/2026\\\/07\\\/04\\\/la-france-et-lordre-international-en-mutation-repositionnement-strategique-dune-puissance-moyenne\\\/#primaryimage\"},\"thumbnailUrl\":\"https:\\\/\\\/www.geopolitics.fr\\\/wp-content\\\/uploads\\\/2026\\\/07\\\/quai-orsay-2.jpg\",\"keywords\":[\"diplomatie\",\"France\"],\"articleSection\":[\"Diplomatie\",\"FRANCE\",\"Mis en AVANT\"],\"inLanguage\":\"en-GB\"},{\"@type\":\"WebPage\",\"@id\":\"https:\\\/\\\/www.geopolitics.fr\\\/2026\\\/07\\\/04\\\/la-france-et-lordre-international-en-mutation-repositionnement-strategique-dune-puissance-moyenne\\\/\",\"url\":\"https:\\\/\\\/www.geopolitics.fr\\\/2026\\\/07\\\/04\\\/la-france-et-lordre-international-en-mutation-repositionnement-strategique-dune-puissance-moyenne\\\/\",\"name\":\"La France et l'ordre international en mutation : repositionnement strat\u00e9gique d'une puissance moyenne | Geopolitics.fr\",\"isPartOf\":{\"@id\":\"https:\\\/\\\/www.geopolitics.fr\\\/#website\"},\"primaryImageOfPage\":{\"@id\":\"https:\\\/\\\/www.geopolitics.fr\\\/2026\\\/07\\\/04\\\/la-france-et-lordre-international-en-mutation-repositionnement-strategique-dune-puissance-moyenne\\\/#primaryimage\"},\"image\":{\"@id\":\"https:\\\/\\\/www.geopolitics.fr\\\/2026\\\/07\\\/04\\\/la-france-et-lordre-international-en-mutation-repositionnement-strategique-dune-puissance-moyenne\\\/#primaryimage\"},\"thumbnailUrl\":\"https:\\\/\\\/www.geopolitics.fr\\\/wp-content\\\/uploads\\\/2026\\\/07\\\/quai-orsay-2.jpg\",\"datePublished\":\"2026-07-04T11:09:55+00:00\",\"dateModified\":\"2026-07-04T11:09:58+00:00\",\"description\":\"Comment pr\u00e9server l'influence fran\u00e7aise dans un monde o\u00f9 la puissance se mesure moins \u00e0 la capacit\u00e9 d'imposer qu'\u00e0 celle de rassembler ?\",\"breadcrumb\":{\"@id\":\"https:\\\/\\\/www.geopolitics.fr\\\/2026\\\/07\\\/04\\\/la-france-et-lordre-international-en-mutation-repositionnement-strategique-dune-puissance-moyenne\\\/#breadcrumb\"},\"inLanguage\":\"en-GB\",\"potentialAction\":[{\"@type\":\"ReadAction\",\"target\":[\"https:\\\/\\\/www.geopolitics.fr\\\/2026\\\/07\\\/04\\\/la-france-et-lordre-international-en-mutation-repositionnement-strategique-dune-puissance-moyenne\\\/\"]}]},{\"@type\":\"ImageObject\",\"inLanguage\":\"en-GB\",\"@id\":\"https:\\\/\\\/www.geopolitics.fr\\\/2026\\\/07\\\/04\\\/la-france-et-lordre-international-en-mutation-repositionnement-strategique-dune-puissance-moyenne\\\/#primaryimage\",\"url\":\"https:\\\/\\\/www.geopolitics.fr\\\/wp-content\\\/uploads\\\/2026\\\/07\\\/quai-orsay-2.jpg\",\"contentUrl\":\"https:\\\/\\\/www.geopolitics.fr\\\/wp-content\\\/uploads\\\/2026\\\/07\\\/quai-orsay-2.jpg\",\"width\":1186,\"height\":597},{\"@type\":\"BreadcrumbList\",\"@id\":\"https:\\\/\\\/www.geopolitics.fr\\\/2026\\\/07\\\/04\\\/la-france-et-lordre-international-en-mutation-repositionnement-strategique-dune-puissance-moyenne\\\/#breadcrumb\",\"itemListElement\":[{\"@type\":\"ListItem\",\"position\":1,\"name\":\"Accueil\",\"item\":\"https:\\\/\\\/www.geopolitics.fr\\\/\"},{\"@type\":\"ListItem\",\"position\":2,\"name\":\"La France et l&rsquo;ordre international en mutation : repositionnement strat\u00e9gique d&rsquo;une puissance moyenne\"}]},{\"@type\":\"WebSite\",\"@id\":\"https:\\\/\\\/www.geopolitics.fr\\\/#website\",\"url\":\"https:\\\/\\\/www.geopolitics.fr\\\/\",\"name\":\"Geopolitics.fr\",\"description\":\"Geopolitics.fr Analyse politique, relations internationales, d\u00e9fense - ligne \u00e9ditoriale gaullo-chiraquienne\",\"publisher\":{\"@id\":\"https:\\\/\\\/www.geopolitics.fr\\\/#organization\"},\"potentialAction\":[{\"@type\":\"SearchAction\",\"target\":{\"@type\":\"EntryPoint\",\"urlTemplate\":\"https:\\\/\\\/www.geopolitics.fr\\\/?s={search_term_string}\"},\"query-input\":{\"@type\":\"PropertyValueSpecification\",\"valueRequired\":true,\"valueName\":\"search_term_string\"}}],\"inLanguage\":\"en-GB\"},{\"@type\":\"Organization\",\"@id\":\"https:\\\/\\\/www.geopolitics.fr\\\/#organization\",\"name\":\"Geopolitics.fr\",\"url\":\"https:\\\/\\\/www.geopolitics.fr\\\/\",\"logo\":{\"@type\":\"ImageObject\",\"inLanguage\":\"en-GB\",\"@id\":\"https:\\\/\\\/www.geopolitics.fr\\\/#\\\/schema\\\/logo\\\/image\\\/\",\"url\":\"https:\\\/\\\/www.geopolitics.fr\\\/wp-content\\\/uploads\\\/2024\\\/01\\\/logo.jpg\",\"contentUrl\":\"https:\\\/\\\/www.geopolitics.fr\\\/wp-content\\\/uploads\\\/2024\\\/01\\\/logo.jpg\",\"width\":500,\"height\":500,\"caption\":\"Geopolitics.fr\"},\"image\":{\"@id\":\"https:\\\/\\\/www.geopolitics.fr\\\/#\\\/schema\\\/logo\\\/image\\\/\"},\"sameAs\":[\"https:\\\/\\\/www.facebook.com\\\/people\\\/Erwan-Davoux\\\/61557098968092\\\/\",\"https:\\\/\\\/x.com\\\/Geopolitics_Fr\"]},{\"@type\":\"Person\",\"@id\":\"https:\\\/\\\/www.geopolitics.fr\\\/#\\\/schema\\\/person\\\/c36b165f511617c65a2bf8f8abd9af41\",\"name\":\"Ghizlaine Badri\",\"image\":{\"@type\":\"ImageObject\",\"inLanguage\":\"en-GB\",\"@id\":\"https:\\\/\\\/www.geopolitics.fr\\\/wp-content\\\/uploads\\\/2026\\\/04\\\/cropped-Ghizlaine-96x96.jpg\",\"url\":\"https:\\\/\\\/www.geopolitics.fr\\\/wp-content\\\/uploads\\\/2026\\\/04\\\/cropped-Ghizlaine-96x96.jpg\",\"contentUrl\":\"https:\\\/\\\/www.geopolitics.fr\\\/wp-content\\\/uploads\\\/2026\\\/04\\\/cropped-Ghizlaine-96x96.jpg\",\"caption\":\"Ghizlaine Badri\"},\"description\":\"R\u00e9dactrice en chef de Geopolitics.fr, Ghizlaine Badri est une Journaliste politique forte de vingt-cing ans d'exp\u00e9rience professionnelle dont quinze ans dans la Presse. Elle a construit un parcours \u00e0 l'intersection des sc\u00e8nes fran\u00e7aise, europ\u00e9enne et internationale. Ghizlaine a collabor\u00e9 avec pr\u00e8s d'une vingtaine de m\u00e9dias, parmi lesquels Le Point, Le Figaro, Les \u00c9chos, L'Express et Forbes. Correspondante Maroc\u2013Maghreb pour Le Point et correspondante Afrique pour Forbes, elle s'est distingu\u00e9e par une couverture approfondie des dynamiques politiques et diplomatiques entre l'Europe et le continent africain. Elle est \u00e0 ce jour la seule journaliste marocaine en activit\u00e9 \u00e0 avoir collabor\u00e9 avec des titres majeurs de la presse fran\u00e7aise hors sph\u00e8re panafricaine en France. Au sein du quotidien \u00e9conomique L'\u00c9conomiste, 1er quotidien au Maroc, elle a fond\u00e9 la rubrique France\u2013Maroc, contribuant \u00e0 structurer un espace \u00e9ditorial in\u00e9dit. Titulaire de trois masters obtenus en France, elle a travaill\u00e9 dans les domaines de la communication institutionnelle notamment \u00e0 la Mairie de Bordeaux aupr\u00e8s d'Alain Jupp\u00e9 et a \u00e9galement exerc\u00e9 des fonctions de direction en communication marketing, notamment aupr\u00e8s de l'Ambassade de France au Maroc. Polyglotte, elle est franco-italo-marocaine, n\u00e9e \u00e0 Casablanca, a v\u00e9cu \u00e0 New-York et maitrise cinq langues le fran\u00e7ais, l'arabe, l'anglais, l'italien et l'espagnol.\",\"url\":\"https:\\\/\\\/www.geopolitics.fr\\\/en\\\/author\\\/ghizlaine-badri\\\/\"}]}<\/script>\n<!-- \/ Yoast SEO Premium plugin. -->","yoast_head_json":{"title":"La France et l'ordre international en mutation : repositionnement strat\u00e9gique d'une puissance moyenne | Geopolitics.fr","description":"Comment pr\u00e9server l'influence fran\u00e7aise dans un monde o\u00f9 la puissance se mesure moins \u00e0 la capacit\u00e9 d'imposer qu'\u00e0 celle de rassembler ?","robots":{"index":"index","follow":"follow","max-snippet":"max-snippet:-1","max-image-preview":"max-image-preview:large","max-video-preview":"max-video-preview:-1"},"canonical":"https:\/\/www.geopolitics.fr\/en\/2026\/07\/04\/la-france-et-lordre-international-en-mutation-repositionnement-strategique-dune-puissance-moyenne\/","og_locale":"en_GB","og_type":"article","og_title":"La France et l'ordre international en mutation : repositionnement strat\u00e9gique d'une puissance moyenne","og_description":"Comment pr\u00e9server l'influence fran\u00e7aise dans un monde o\u00f9 la puissance se mesure moins \u00e0 la capacit\u00e9 d'imposer qu'\u00e0 celle de rassembler ?","og_url":"https:\/\/www.geopolitics.fr\/en\/2026\/07\/04\/la-france-et-lordre-international-en-mutation-repositionnement-strategique-dune-puissance-moyenne\/","og_site_name":"Geopolitics.fr","article_publisher":"https:\/\/www.facebook.com\/people\/Erwan-Davoux\/61557098968092\/","article_published_time":"2026-07-04T11:09:55+00:00","article_modified_time":"2026-07-04T11:09:58+00:00","og_image":[{"width":1186,"height":597,"url":"https:\/\/www.geopolitics.fr\/wp-content\/uploads\/2026\/07\/quai-orsay-2.jpg","type":"image\/jpeg"}],"author":"Ghizlaine Badri","twitter_card":"summary_large_image","twitter_creator":"@Geopolitics_Fr","twitter_site":"@Geopolitics_Fr","twitter_misc":{"Written by":"Ghizlaine Badri","Estimated reading time":"7 minutes"},"schema":{"@context":"https:\/\/schema.org","@graph":[{"@type":"Article","@id":"https:\/\/www.geopolitics.fr\/2026\/07\/04\/la-france-et-lordre-international-en-mutation-repositionnement-strategique-dune-puissance-moyenne\/#article","isPartOf":{"@id":"https:\/\/www.geopolitics.fr\/2026\/07\/04\/la-france-et-lordre-international-en-mutation-repositionnement-strategique-dune-puissance-moyenne\/"},"author":{"name":"Ghizlaine Badri","@id":"https:\/\/www.geopolitics.fr\/#\/schema\/person\/c36b165f511617c65a2bf8f8abd9af41"},"headline":"La France et l&rsquo;ordre international en mutation : repositionnement strat\u00e9gique d&rsquo;une puissance moyenne","datePublished":"2026-07-04T11:09:55+00:00","dateModified":"2026-07-04T11:09:58+00:00","mainEntityOfPage":{"@id":"https:\/\/www.geopolitics.fr\/2026\/07\/04\/la-france-et-lordre-international-en-mutation-repositionnement-strategique-dune-puissance-moyenne\/"},"wordCount":1439,"publisher":{"@id":"https:\/\/www.geopolitics.fr\/#organization"},"image":{"@id":"https:\/\/www.geopolitics.fr\/2026\/07\/04\/la-france-et-lordre-international-en-mutation-repositionnement-strategique-dune-puissance-moyenne\/#primaryimage"},"thumbnailUrl":"https:\/\/www.geopolitics.fr\/wp-content\/uploads\/2026\/07\/quai-orsay-2.jpg","keywords":["diplomatie","France"],"articleSection":["Diplomatie","FRANCE","Mis en AVANT"],"inLanguage":"en-GB"},{"@type":"WebPage","@id":"https:\/\/www.geopolitics.fr\/2026\/07\/04\/la-france-et-lordre-international-en-mutation-repositionnement-strategique-dune-puissance-moyenne\/","url":"https:\/\/www.geopolitics.fr\/2026\/07\/04\/la-france-et-lordre-international-en-mutation-repositionnement-strategique-dune-puissance-moyenne\/","name":"La France et l'ordre international en mutation : repositionnement strat\u00e9gique d'une puissance moyenne | Geopolitics.fr","isPartOf":{"@id":"https:\/\/www.geopolitics.fr\/#website"},"primaryImageOfPage":{"@id":"https:\/\/www.geopolitics.fr\/2026\/07\/04\/la-france-et-lordre-international-en-mutation-repositionnement-strategique-dune-puissance-moyenne\/#primaryimage"},"image":{"@id":"https:\/\/www.geopolitics.fr\/2026\/07\/04\/la-france-et-lordre-international-en-mutation-repositionnement-strategique-dune-puissance-moyenne\/#primaryimage"},"thumbnailUrl":"https:\/\/www.geopolitics.fr\/wp-content\/uploads\/2026\/07\/quai-orsay-2.jpg","datePublished":"2026-07-04T11:09:55+00:00","dateModified":"2026-07-04T11:09:58+00:00","description":"Comment pr\u00e9server l'influence fran\u00e7aise dans un monde o\u00f9 la puissance se mesure moins \u00e0 la capacit\u00e9 d'imposer qu'\u00e0 celle de rassembler ?","breadcrumb":{"@id":"https:\/\/www.geopolitics.fr\/2026\/07\/04\/la-france-et-lordre-international-en-mutation-repositionnement-strategique-dune-puissance-moyenne\/#breadcrumb"},"inLanguage":"en-GB","potentialAction":[{"@type":"ReadAction","target":["https:\/\/www.geopolitics.fr\/2026\/07\/04\/la-france-et-lordre-international-en-mutation-repositionnement-strategique-dune-puissance-moyenne\/"]}]},{"@type":"ImageObject","inLanguage":"en-GB","@id":"https:\/\/www.geopolitics.fr\/2026\/07\/04\/la-france-et-lordre-international-en-mutation-repositionnement-strategique-dune-puissance-moyenne\/#primaryimage","url":"https:\/\/www.geopolitics.fr\/wp-content\/uploads\/2026\/07\/quai-orsay-2.jpg","contentUrl":"https:\/\/www.geopolitics.fr\/wp-content\/uploads\/2026\/07\/quai-orsay-2.jpg","width":1186,"height":597},{"@type":"BreadcrumbList","@id":"https:\/\/www.geopolitics.fr\/2026\/07\/04\/la-france-et-lordre-international-en-mutation-repositionnement-strategique-dune-puissance-moyenne\/#breadcrumb","itemListElement":[{"@type":"ListItem","position":1,"name":"Accueil","item":"https:\/\/www.geopolitics.fr\/"},{"@type":"ListItem","position":2,"name":"La France et l&rsquo;ordre international en mutation : repositionnement strat\u00e9gique d&rsquo;une puissance moyenne"}]},{"@type":"WebSite","@id":"https:\/\/www.geopolitics.fr\/#website","url":"https:\/\/www.geopolitics.fr\/","name":"Geopolitics.fr","description":"Geopolitics.fr Analyse politique, relations internationales, d\u00e9fense - ligne \u00e9ditoriale gaullo-chiraquienne","publisher":{"@id":"https:\/\/www.geopolitics.fr\/#organization"},"potentialAction":[{"@type":"SearchAction","target":{"@type":"EntryPoint","urlTemplate":"https:\/\/www.geopolitics.fr\/?s={search_term_string}"},"query-input":{"@type":"PropertyValueSpecification","valueRequired":true,"valueName":"search_term_string"}}],"inLanguage":"en-GB"},{"@type":"Organization","@id":"https:\/\/www.geopolitics.fr\/#organization","name":"Geopolitics.fr","url":"https:\/\/www.geopolitics.fr\/","logo":{"@type":"ImageObject","inLanguage":"en-GB","@id":"https:\/\/www.geopolitics.fr\/#\/schema\/logo\/image\/","url":"https:\/\/www.geopolitics.fr\/wp-content\/uploads\/2024\/01\/logo.jpg","contentUrl":"https:\/\/www.geopolitics.fr\/wp-content\/uploads\/2024\/01\/logo.jpg","width":500,"height":500,"caption":"Geopolitics.fr"},"image":{"@id":"https:\/\/www.geopolitics.fr\/#\/schema\/logo\/image\/"},"sameAs":["https:\/\/www.facebook.com\/people\/Erwan-Davoux\/61557098968092\/","https:\/\/x.com\/Geopolitics_Fr"]},{"@type":"Person","@id":"https:\/\/www.geopolitics.fr\/#\/schema\/person\/c36b165f511617c65a2bf8f8abd9af41","name":"Ghizlaine Badri","image":{"@type":"ImageObject","inLanguage":"en-GB","@id":"https:\/\/www.geopolitics.fr\/wp-content\/uploads\/2026\/04\/cropped-Ghizlaine-96x96.jpg","url":"https:\/\/www.geopolitics.fr\/wp-content\/uploads\/2026\/04\/cropped-Ghizlaine-96x96.jpg","contentUrl":"https:\/\/www.geopolitics.fr\/wp-content\/uploads\/2026\/04\/cropped-Ghizlaine-96x96.jpg","caption":"Ghizlaine Badri"},"description":"R\u00e9dactrice en chef de Geopolitics.fr, Ghizlaine Badri est une Journaliste politique forte de vingt-cing ans d'exp\u00e9rience professionnelle dont quinze ans dans la Presse. Elle a construit un parcours \u00e0 l'intersection des sc\u00e8nes fran\u00e7aise, europ\u00e9enne et internationale. Ghizlaine a collabor\u00e9 avec pr\u00e8s d'une vingtaine de m\u00e9dias, parmi lesquels Le Point, Le Figaro, Les \u00c9chos, L'Express et Forbes. Correspondante Maroc\u2013Maghreb pour Le Point et correspondante Afrique pour Forbes, elle s'est distingu\u00e9e par une couverture approfondie des dynamiques politiques et diplomatiques entre l'Europe et le continent africain. Elle est \u00e0 ce jour la seule journaliste marocaine en activit\u00e9 \u00e0 avoir collabor\u00e9 avec des titres majeurs de la presse fran\u00e7aise hors sph\u00e8re panafricaine en France. Au sein du quotidien \u00e9conomique L'\u00c9conomiste, 1er quotidien au Maroc, elle a fond\u00e9 la rubrique France\u2013Maroc, contribuant \u00e0 structurer un espace \u00e9ditorial in\u00e9dit. Titulaire de trois masters obtenus en France, elle a travaill\u00e9 dans les domaines de la communication institutionnelle notamment \u00e0 la Mairie de Bordeaux aupr\u00e8s d'Alain Jupp\u00e9 et a \u00e9galement exerc\u00e9 des fonctions de direction en communication marketing, notamment aupr\u00e8s de l'Ambassade de France au Maroc. Polyglotte, elle est franco-italo-marocaine, n\u00e9e \u00e0 Casablanca, a v\u00e9cu \u00e0 New-York et maitrise cinq langues le fran\u00e7ais, l'arabe, l'anglais, l'italien et l'espagnol.","url":"https:\/\/www.geopolitics.fr\/en\/author\/ghizlaine-badri\/"}]}},"_links":{"self":[{"href":"https:\/\/www.geopolitics.fr\/en\/wp-json\/wp\/v2\/posts\/4505","targetHints":{"allow":["GET"]}}],"collection":[{"href":"https:\/\/www.geopolitics.fr\/en\/wp-json\/wp\/v2\/posts"}],"about":[{"href":"https:\/\/www.geopolitics.fr\/en\/wp-json\/wp\/v2\/types\/post"}],"author":[{"embeddable":true,"href":"https:\/\/www.geopolitics.fr\/en\/wp-json\/wp\/v2\/users\/31730"}],"replies":[{"embeddable":true,"href":"https:\/\/www.geopolitics.fr\/en\/wp-json\/wp\/v2\/comments?post=4505"}],"version-history":[{"count":1,"href":"https:\/\/www.geopolitics.fr\/en\/wp-json\/wp\/v2\/posts\/4505\/revisions"}],"predecessor-version":[{"id":4507,"href":"https:\/\/www.geopolitics.fr\/en\/wp-json\/wp\/v2\/posts\/4505\/revisions\/4507"}],"wp:featuredmedia":[{"embeddable":true,"href":"https:\/\/www.geopolitics.fr\/en\/wp-json\/wp\/v2\/media\/4506"}],"wp:attachment":[{"href":"https:\/\/www.geopolitics.fr\/en\/wp-json\/wp\/v2\/media?parent=4505"}],"wp:term":[{"taxonomy":"category","embeddable":true,"href":"https:\/\/www.geopolitics.fr\/en\/wp-json\/wp\/v2\/categories?post=4505"},{"taxonomy":"post_tag","embeddable":true,"href":"https:\/\/www.geopolitics.fr\/en\/wp-json\/wp\/v2\/tags?post=4505"}],"curies":[{"name":"wp","href":"https:\/\/api.w.org\/{rel}","templated":true}]}}