{"id":4502,"date":"2026-07-03T21:50:35","date_gmt":"2026-07-03T19:50:35","guid":{"rendered":"https:\/\/www.geopolitics.fr\/?p=4502"},"modified":"2026-07-03T21:50:38","modified_gmt":"2026-07-03T19:50:38","slug":"qui-gouverne-le-venezuela-au-milieu-de-la-tragedie-annee-0","status":"publish","type":"post","link":"https:\/\/www.geopolitics.fr\/en\/2026\/07\/03\/qui-gouverne-le-venezuela-au-milieu-de-la-tragedie-annee-0\/","title":{"rendered":"QUI GOUVERNE LE VENEZUELA AU MILIEU DE LA TRAG\u00c9DIE? ANNEE 0"},"content":{"rendered":"<h2 id=\"h-une-impreparation-totale\" class=\"wp-block-heading\">Une impr\u00e9paration totale<\/h2>\n\n\n\n<p class=\"has-medium-font-size wp-block-paragraph\">La terrible catastrophe sismique qui a frapp\u00e9 le Venezuela s&rsquo;ajoute \u00e0 une accumulation de douleurs, de frustrations et d&rsquo;\u00e9puisement d&rsquo;un syst\u00e8me politique qui s&rsquo;est av\u00e9r\u00e9 aussi d\u00e9vastateur que les r\u00e9cents tremblements de terre.<\/p>\n\n\n\n<p class=\"has-medium-font-size wp-block-paragraph\">\u200bLe pays vit une urgence humanitaire dont les effets sont la cons\u00e9quence de 27 ans d&rsquo;improvisation, de pr\u00e9carit\u00e9 institutionnelle et de corruption. Cela va de la construction de logements dangereux et instables jusqu&rsquo;\u00e0 l&rsquo;absence de politiques de pr\u00e9voyance et de pr\u00e9paration pour les op\u00e9rations de sauvetage et de secours.<\/p>\n\n\n\n<h2 id=\"h-trump-simple-predateur-de-richesses\" class=\"wp-block-heading\">Trump, simple pr\u00e9dateur de richesses<\/h2>\n\n\n\n<p class=\"has-medium-font-size wp-block-paragraph\">\u200bDepuis le 3 janvier, le pays s&rsquo;\u00e9tait impr\u00e9gn\u00e9 d&rsquo;un espoir qui laissait entrevoir une issue d\u00e9mocratique vers la conqu\u00eate de la libert\u00e9. Cependant, depuis lors, la mise en sc\u00e8ne a \u00e9t\u00e9 totalement diff\u00e9rente et incongrue. Le gouvernement du pr\u00e9sident Trump a pris tr\u00e8s au s\u00e9rieux l&rsquo;id\u00e9e de s&rsquo;approprier les richesses p\u00e9troli\u00e8res et naturelles du Venezuela, dans le cadre de la facture politique et \u00e9conomique li\u00e9e \u00e0 la capture de Nicol\u00e1s Maduro. Les int\u00e9r\u00eats am\u00e9ricains semblent ne pas avoir de limites, aspirant \u00e0 annexer le Venezuela en tant que 51e \u00c9tat, sans aucun scrupule et en violation flagrante de la Charte des Nations Unies et du droit international.<\/p>\n\n\n\n<p class=\"has-medium-font-size wp-block-paragraph\">\u200bPour les \u00c9tats-Unis, cette strat\u00e9gie d\u00e9coule de la fragilit\u00e9 v\u00e9n\u00e9zu\u00e9lienne, tant sociale que politique et \u00e9conomique. N\u00e9anmoins, le deuil collectif et l&rsquo;indignation nationale pourraient contrecarrer les plans de la Maison Blanche visant \u00e0 gouverner le Venezuela comme une colonie ou un protectorat avec l&rsquo;aval du r\u00e9gime chaviste, dont les r\u00e9sidus ne cherchent qu&rsquo;\u00e0 gagner du temps pour leur survie politique. Cela explique, au cours des derniers mois, la lib\u00e9ration d&rsquo;un certain pourcentage de prisonniers politiques, la r\u00e9duction de la censure de l&rsquo;information et une certaine ouverture \u00e9conomique, sans que cela ne signifie pour autant un d\u00e9mant\u00e8lement de sa structure r\u00e9pressive.<\/p>\n\n\n\n<h2 id=\"h-la-strategie-de-trump-a-deja-echoue-et-un-boulet-pour-les-nouvelles-autorites\" class=\"wp-block-heading\">La strat\u00e9gie de Trump a d\u00e9j\u00e0 \u00e9chou\u00e9 et un boulet pour les nouvelles autorit\u00e9s<\/h2>\n\n\n\n<p class=\"has-medium-font-size wp-block-paragraph\">\u200bLa soci\u00e9t\u00e9 v\u00e9n\u00e9zu\u00e9lienne ne r\u00e9clame pas de d\u00e9monstrations de force, mais des m\u00e9canismes d&rsquo;issue politique, des garanties de s\u00e9curit\u00e9 et de gouvernance. \u00c0 mon avis, le plan en trois phases de Trump \u2014 R\u00e9cup\u00e9ration, Stabilit\u00e9 et Transition \u2014 a d\u00e9j\u00e0 perdu tout son sens, car la trag\u00e9die exige un changement politique imminent pour g\u00e9rer la reconstruction du pays.<\/p>\n\n\n\n<p class=\"has-medium-font-size wp-block-paragraph\">\u200bC&rsquo;est peut-\u00eatre la plus grande difficult\u00e9 \u00e0 laquelle fait face actuellement Mar\u00eda Corina Machado. Composer entre l&rsquo;opportunit\u00e9 de r\u00e9pondre \u00e0 l&rsquo;appel de son peuple, qui a besoin de son leadership et de sa direction, et l&rsquo;agenda de Washington, qui pourrait juger son retour inopportun avant de s&rsquo;\u00eatre assur\u00e9 un contr\u00f4le absolu sur les richesses v\u00e9n\u00e9zu\u00e9liennes et ses infrastructures strat\u00e9giques.<\/p>\n\n\n\n<p class=\"has-medium-font-size wp-block-paragraph\">\u200bAu milieu de cette pression, Machado est confront\u00e9e \u00e0 un dilemme qui met \u00e0 l&rsquo;\u00e9preuve son avenir politique. Elle a pour elle le soutien de la communaut\u00e9 internationale et du peuple v\u00e9n\u00e9zu\u00e9lien, mais elle fait face \u00e0 l&rsquo;adversit\u00e9 de Trump, qui n&rsquo;est pas pr\u00e9cis\u00e9ment un gentleman de la politique ni quelqu&rsquo;un de fiable au moment de n\u00e9gocier. C&rsquo;est pourquoi le monde ne peut plus continuer \u00e0 observer la crise v\u00e9n\u00e9zu\u00e9lienne comme une affaire exclusive de g\u00e9opolitique dans les Am\u00e9riques. Le pays dot\u00e9 de la plus grande r\u00e9serve de p\u00e9trole de la plan\u00e8te a besoin de paix et de stabilit\u00e9 politique.<\/p>\n\n\n\n<h2 id=\"h-les-jours-a-venir-pourraient-etre-decisifs-pour-le-venezuela\" class=\"wp-block-heading has-medium-font-size\">\u200bLes jours \u00e0 venir pourraient \u00eatre d\u00e9cisifs pour le Venezuela<\/h2>\n\n\n\n<p class=\"has-medium-font-size wp-block-paragraph\">Il ne fait aucun doute que cette trag\u00e9die provoquera, t\u00f4t ou tard, un v\u00e9ritable s\u00e9isme politique. Le 3 juillet 2026 marque l&rsquo;expiration du d\u00e9lai constitutionnel du gouvernement int\u00e9rimaire de Delcy Rodr\u00edguez, ce qui impose la convocation de nouvelles \u00e9lections pr\u00e9sidentielles. Face \u00e0 cette situation, le Venezuela traverse un vide institutionnel qui, conform\u00e9ment \u00e0 la Constitution, autorise le peuple v\u00e9n\u00e9zu\u00e9lien \u00e0 ne plus reconna\u00eetre le r\u00e9gime.<\/p>\n\n\n\n<p class=\"has-medium-font-size wp-block-paragraph\">Un d\u00e9fi historique qui exigera sans aucun doute de l&rsquo;audace, de l&rsquo;organisation et surtout de l&rsquo;intelligence de la part du peuple v\u00e9n\u00e9zu\u00e9lien et de Mar\u00eda Corina Machado pour d\u00e9loger du pouvoir un r\u00e9gime criminel et dissiper les menaces qui ont mis en p\u00e9ril la souverainet\u00e9 et l&rsquo;ind\u00e9pendance du Venezuela.<\/p>\n\n\n\n<p class=\"wp-block-paragraph\"><\/p>","protected":false},"excerpt":{"rendered":"<p>Une impr\u00e9paration totale La terrible catastrophe sismique qui a frapp\u00e9 le Venezuela s&rsquo;ajoute \u00e0 une accumulation de douleurs, de frustrations et d&rsquo;\u00e9puisement&hellip;<\/p>","protected":false},"author":35,"featured_media":4503,"comment_status":"closed","ping_status":"closed","sticky":false,"template":"","format":"standard","meta":{"_lmt_disableupdate":"","_lmt_disable":"","footnotes":""},"categories":[614,5,4],"tags":[307,313],"class_list":["post-4502","post","type-post","status-publish","format-standard","has-post-thumbnail","hentry","category-ameriques","category-international","category-mis-en-avant","tag-trump","tag-venezuela"],"yoast_head":"<!-- This site is optimized with the Yoast SEO Premium plugin v28.1 (Yoast SEO v28.1) - https:\/\/yoast.com\/product\/yoast-seo-premium-wordpress\/ -->\n<title>QUI GOUVERNE LE VENEZUELA AU MILIEU DE LA TRAG\u00c9DIE? ANNEE 0 | Geopolitics.fr<\/title>\n<meta name=\"description\" content=\"La soci\u00e9t\u00e9 v\u00e9n\u00e9zu\u00e9lienne ne r\u00e9clame pas de d\u00e9monstration de force mais des m\u00e9canismes politiques, des garanties de s\u00e9curit\u00e9 et de gouvernance\" \/>\n<meta name=\"robots\" content=\"index, follow, max-snippet:-1, max-image-preview:large, max-video-preview:-1\" \/>\n<link rel=\"canonical\" href=\"https:\/\/www.geopolitics.fr\/en\/2026\/07\/03\/qui-gouverne-le-venezuela-au-milieu-de-la-tragedie-annee-0\/\" \/>\n<meta property=\"og:locale\" content=\"en_GB\" \/>\n<meta property=\"og:type\" content=\"article\" \/>\n<meta property=\"og:title\" content=\"QUI GOUVERNE LE VENEZUELA AU MILIEU DE LA TRAG\u00c9DIE? ANNEE 0\" \/>\n<meta property=\"og:description\" content=\"La soci\u00e9t\u00e9 v\u00e9n\u00e9zu\u00e9lienne ne r\u00e9clame pas de d\u00e9monstration de force mais des m\u00e9canismes politiques, des garanties de s\u00e9curit\u00e9 et de gouvernance\" \/>\n<meta property=\"og:url\" content=\"https:\/\/www.geopolitics.fr\/en\/2026\/07\/03\/qui-gouverne-le-venezuela-au-milieu-de-la-tragedie-annee-0\/\" \/>\n<meta property=\"og:site_name\" content=\"Geopolitics.fr\" \/>\n<meta property=\"article:publisher\" content=\"https:\/\/www.facebook.com\/people\/Erwan-Davoux\/61557098968092\/\" \/>\n<meta property=\"article:published_time\" content=\"2026-07-03T19:50:35+00:00\" \/>\n<meta property=\"article:modified_time\" content=\"2026-07-03T19:50:38+00:00\" \/>\n<meta property=\"og:image\" content=\"https:\/\/www.geopolitics.fr\/wp-content\/uploads\/2026\/07\/venezuela.jpg\" \/>\n\t<meta property=\"og:image:width\" content=\"1078\" \/>\n\t<meta property=\"og:image:height\" content=\"598\" \/>\n\t<meta property=\"og:image:type\" content=\"image\/jpeg\" \/>\n<meta name=\"author\" content=\"David OSORIO\" \/>\n<meta name=\"twitter:card\" content=\"summary_large_image\" \/>\n<meta name=\"twitter:creator\" content=\"@Geopolitics_Fr\" \/>\n<meta name=\"twitter:site\" content=\"@Geopolitics_Fr\" \/>\n<meta name=\"twitter:label1\" content=\"Written by\" \/>\n\t<meta name=\"twitter:data1\" content=\"David OSORIO\" \/>\n\t<meta name=\"twitter:label2\" content=\"Estimated reading time\" \/>\n\t<meta name=\"twitter:data2\" content=\"4 minutes\" \/>\n<script type=\"application\/ld+json\" class=\"yoast-schema-graph\">{\"@context\":\"https:\\\/\\\/schema.org\",\"@graph\":[{\"@type\":\"Article\",\"@id\":\"https:\\\/\\\/www.geopolitics.fr\\\/2026\\\/07\\\/03\\\/qui-gouverne-le-venezuela-au-milieu-de-la-tragedie-annee-0\\\/#article\",\"isPartOf\":{\"@id\":\"https:\\\/\\\/www.geopolitics.fr\\\/2026\\\/07\\\/03\\\/qui-gouverne-le-venezuela-au-milieu-de-la-tragedie-annee-0\\\/\"},\"author\":{\"name\":\"David OSORIO\",\"@id\":\"https:\\\/\\\/www.geopolitics.fr\\\/#\\\/schema\\\/person\\\/02c106c0272bd8f8e39e0adf38864870\"},\"headline\":\"QUI GOUVERNE LE VENEZUELA AU MILIEU DE LA TRAG\u00c9DIE? ANNEE 0\",\"datePublished\":\"2026-07-03T19:50:35+00:00\",\"dateModified\":\"2026-07-03T19:50:38+00:00\",\"mainEntityOfPage\":{\"@id\":\"https:\\\/\\\/www.geopolitics.fr\\\/2026\\\/07\\\/03\\\/qui-gouverne-le-venezuela-au-milieu-de-la-tragedie-annee-0\\\/\"},\"wordCount\":775,\"publisher\":{\"@id\":\"https:\\\/\\\/www.geopolitics.fr\\\/#organization\"},\"image\":{\"@id\":\"https:\\\/\\\/www.geopolitics.fr\\\/2026\\\/07\\\/03\\\/qui-gouverne-le-venezuela-au-milieu-de-la-tragedie-annee-0\\\/#primaryimage\"},\"thumbnailUrl\":\"https:\\\/\\\/www.geopolitics.fr\\\/wp-content\\\/uploads\\\/2026\\\/07\\\/venezuela.jpg\",\"keywords\":[\"TRUMP\",\"VENEZUELA\"],\"articleSection\":[\"Am\u00e9riques\",\"International\",\"Mis en AVANT\"],\"inLanguage\":\"en-GB\"},{\"@type\":\"WebPage\",\"@id\":\"https:\\\/\\\/www.geopolitics.fr\\\/2026\\\/07\\\/03\\\/qui-gouverne-le-venezuela-au-milieu-de-la-tragedie-annee-0\\\/\",\"url\":\"https:\\\/\\\/www.geopolitics.fr\\\/2026\\\/07\\\/03\\\/qui-gouverne-le-venezuela-au-milieu-de-la-tragedie-annee-0\\\/\",\"name\":\"QUI GOUVERNE LE VENEZUELA AU MILIEU DE LA TRAG\u00c9DIE? ANNEE 0 | Geopolitics.fr\",\"isPartOf\":{\"@id\":\"https:\\\/\\\/www.geopolitics.fr\\\/#website\"},\"primaryImageOfPage\":{\"@id\":\"https:\\\/\\\/www.geopolitics.fr\\\/2026\\\/07\\\/03\\\/qui-gouverne-le-venezuela-au-milieu-de-la-tragedie-annee-0\\\/#primaryimage\"},\"image\":{\"@id\":\"https:\\\/\\\/www.geopolitics.fr\\\/2026\\\/07\\\/03\\\/qui-gouverne-le-venezuela-au-milieu-de-la-tragedie-annee-0\\\/#primaryimage\"},\"thumbnailUrl\":\"https:\\\/\\\/www.geopolitics.fr\\\/wp-content\\\/uploads\\\/2026\\\/07\\\/venezuela.jpg\",\"datePublished\":\"2026-07-03T19:50:35+00:00\",\"dateModified\":\"2026-07-03T19:50:38+00:00\",\"description\":\"La soci\u00e9t\u00e9 v\u00e9n\u00e9zu\u00e9lienne ne r\u00e9clame pas de d\u00e9monstration de force mais des m\u00e9canismes politiques, des garanties de s\u00e9curit\u00e9 et de gouvernance\",\"breadcrumb\":{\"@id\":\"https:\\\/\\\/www.geopolitics.fr\\\/2026\\\/07\\\/03\\\/qui-gouverne-le-venezuela-au-milieu-de-la-tragedie-annee-0\\\/#breadcrumb\"},\"inLanguage\":\"en-GB\",\"potentialAction\":[{\"@type\":\"ReadAction\",\"target\":[\"https:\\\/\\\/www.geopolitics.fr\\\/2026\\\/07\\\/03\\\/qui-gouverne-le-venezuela-au-milieu-de-la-tragedie-annee-0\\\/\"]}]},{\"@type\":\"ImageObject\",\"inLanguage\":\"en-GB\",\"@id\":\"https:\\\/\\\/www.geopolitics.fr\\\/2026\\\/07\\\/03\\\/qui-gouverne-le-venezuela-au-milieu-de-la-tragedie-annee-0\\\/#primaryimage\",\"url\":\"https:\\\/\\\/www.geopolitics.fr\\\/wp-content\\\/uploads\\\/2026\\\/07\\\/venezuela.jpg\",\"contentUrl\":\"https:\\\/\\\/www.geopolitics.fr\\\/wp-content\\\/uploads\\\/2026\\\/07\\\/venezuela.jpg\",\"width\":1078,\"height\":598},{\"@type\":\"BreadcrumbList\",\"@id\":\"https:\\\/\\\/www.geopolitics.fr\\\/2026\\\/07\\\/03\\\/qui-gouverne-le-venezuela-au-milieu-de-la-tragedie-annee-0\\\/#breadcrumb\",\"itemListElement\":[{\"@type\":\"ListItem\",\"position\":1,\"name\":\"Accueil\",\"item\":\"https:\\\/\\\/www.geopolitics.fr\\\/\"},{\"@type\":\"ListItem\",\"position\":2,\"name\":\"QUI GOUVERNE LE VENEZUELA AU MILIEU DE LA TRAG\u00c9DIE? ANNEE 0\"}]},{\"@type\":\"WebSite\",\"@id\":\"https:\\\/\\\/www.geopolitics.fr\\\/#website\",\"url\":\"https:\\\/\\\/www.geopolitics.fr\\\/\",\"name\":\"Geopolitics.fr\",\"description\":\"Geopolitics.fr Analyse politique, relations internationales, d\u00e9fense - ligne \u00e9ditoriale gaullo-chiraquienne\",\"publisher\":{\"@id\":\"https:\\\/\\\/www.geopolitics.fr\\\/#organization\"},\"potentialAction\":[{\"@type\":\"SearchAction\",\"target\":{\"@type\":\"EntryPoint\",\"urlTemplate\":\"https:\\\/\\\/www.geopolitics.fr\\\/?s={search_term_string}\"},\"query-input\":{\"@type\":\"PropertyValueSpecification\",\"valueRequired\":true,\"valueName\":\"search_term_string\"}}],\"inLanguage\":\"en-GB\"},{\"@type\":\"Organization\",\"@id\":\"https:\\\/\\\/www.geopolitics.fr\\\/#organization\",\"name\":\"Geopolitics.fr\",\"url\":\"https:\\\/\\\/www.geopolitics.fr\\\/\",\"logo\":{\"@type\":\"ImageObject\",\"inLanguage\":\"en-GB\",\"@id\":\"https:\\\/\\\/www.geopolitics.fr\\\/#\\\/schema\\\/logo\\\/image\\\/\",\"url\":\"https:\\\/\\\/www.geopolitics.fr\\\/wp-content\\\/uploads\\\/2024\\\/01\\\/logo.jpg\",\"contentUrl\":\"https:\\\/\\\/www.geopolitics.fr\\\/wp-content\\\/uploads\\\/2024\\\/01\\\/logo.jpg\",\"width\":500,\"height\":500,\"caption\":\"Geopolitics.fr\"},\"image\":{\"@id\":\"https:\\\/\\\/www.geopolitics.fr\\\/#\\\/schema\\\/logo\\\/image\\\/\"},\"sameAs\":[\"https:\\\/\\\/www.facebook.com\\\/people\\\/Erwan-Davoux\\\/61557098968092\\\/\",\"https:\\\/\\\/x.com\\\/Geopolitics_Fr\"]},{\"@type\":\"Person\",\"@id\":\"https:\\\/\\\/www.geopolitics.fr\\\/#\\\/schema\\\/person\\\/02c106c0272bd8f8e39e0adf38864870\",\"name\":\"David OSORIO\",\"image\":{\"@type\":\"ImageObject\",\"inLanguage\":\"en-GB\",\"@id\":\"https:\\\/\\\/www.geopolitics.fr\\\/wp-content\\\/uploads\\\/2025\\\/09\\\/OSORIO-96x96.jpg\",\"url\":\"https:\\\/\\\/www.geopolitics.fr\\\/wp-content\\\/uploads\\\/2025\\\/09\\\/OSORIO-96x96.jpg\",\"contentUrl\":\"https:\\\/\\\/www.geopolitics.fr\\\/wp-content\\\/uploads\\\/2025\\\/09\\\/OSORIO-96x96.jpg\",\"caption\":\"David OSORIO\"},\"description\":\"David Osorio est avocat et ancien diplomate v\u00e9n\u00e9zu\u00e9lien. Expert en droit international, g\u00e9opolitique et affaires multilat\u00e9rales. Essayiste sur l'actualit\u00e9 politique internationale.\",\"sameAs\":[\"https:\\\/\\\/www.linkedin.com\\\/in\\\/davidalejandroosoriomeneses\\\/\"],\"url\":\"https:\\\/\\\/www.geopolitics.fr\\\/en\\\/author\\\/david-osorio\\\/\"}]}<\/script>\n<!-- \/ Yoast SEO Premium plugin. -->","yoast_head_json":{"title":"QUI GOUVERNE LE VENEZUELA AU MILIEU DE LA TRAG\u00c9DIE? ANNEE 0 | Geopolitics.fr","description":"La soci\u00e9t\u00e9 v\u00e9n\u00e9zu\u00e9lienne ne r\u00e9clame pas de d\u00e9monstration de force mais des m\u00e9canismes politiques, des garanties de s\u00e9curit\u00e9 et de gouvernance","robots":{"index":"index","follow":"follow","max-snippet":"max-snippet:-1","max-image-preview":"max-image-preview:large","max-video-preview":"max-video-preview:-1"},"canonical":"https:\/\/www.geopolitics.fr\/en\/2026\/07\/03\/qui-gouverne-le-venezuela-au-milieu-de-la-tragedie-annee-0\/","og_locale":"en_GB","og_type":"article","og_title":"QUI GOUVERNE LE VENEZUELA AU MILIEU DE LA TRAG\u00c9DIE? ANNEE 0","og_description":"La soci\u00e9t\u00e9 v\u00e9n\u00e9zu\u00e9lienne ne r\u00e9clame pas de d\u00e9monstration de force mais des m\u00e9canismes politiques, des garanties de s\u00e9curit\u00e9 et de gouvernance","og_url":"https:\/\/www.geopolitics.fr\/en\/2026\/07\/03\/qui-gouverne-le-venezuela-au-milieu-de-la-tragedie-annee-0\/","og_site_name":"Geopolitics.fr","article_publisher":"https:\/\/www.facebook.com\/people\/Erwan-Davoux\/61557098968092\/","article_published_time":"2026-07-03T19:50:35+00:00","article_modified_time":"2026-07-03T19:50:38+00:00","og_image":[{"width":1078,"height":598,"url":"https:\/\/www.geopolitics.fr\/wp-content\/uploads\/2026\/07\/venezuela.jpg","type":"image\/jpeg"}],"author":"David OSORIO","twitter_card":"summary_large_image","twitter_creator":"@Geopolitics_Fr","twitter_site":"@Geopolitics_Fr","twitter_misc":{"Written by":"David OSORIO","Estimated reading time":"4 minutes"},"schema":{"@context":"https:\/\/schema.org","@graph":[{"@type":"Article","@id":"https:\/\/www.geopolitics.fr\/2026\/07\/03\/qui-gouverne-le-venezuela-au-milieu-de-la-tragedie-annee-0\/#article","isPartOf":{"@id":"https:\/\/www.geopolitics.fr\/2026\/07\/03\/qui-gouverne-le-venezuela-au-milieu-de-la-tragedie-annee-0\/"},"author":{"name":"David OSORIO","@id":"https:\/\/www.geopolitics.fr\/#\/schema\/person\/02c106c0272bd8f8e39e0adf38864870"},"headline":"QUI GOUVERNE LE VENEZUELA AU MILIEU DE LA TRAG\u00c9DIE? ANNEE 0","datePublished":"2026-07-03T19:50:35+00:00","dateModified":"2026-07-03T19:50:38+00:00","mainEntityOfPage":{"@id":"https:\/\/www.geopolitics.fr\/2026\/07\/03\/qui-gouverne-le-venezuela-au-milieu-de-la-tragedie-annee-0\/"},"wordCount":775,"publisher":{"@id":"https:\/\/www.geopolitics.fr\/#organization"},"image":{"@id":"https:\/\/www.geopolitics.fr\/2026\/07\/03\/qui-gouverne-le-venezuela-au-milieu-de-la-tragedie-annee-0\/#primaryimage"},"thumbnailUrl":"https:\/\/www.geopolitics.fr\/wp-content\/uploads\/2026\/07\/venezuela.jpg","keywords":["TRUMP","VENEZUELA"],"articleSection":["Am\u00e9riques","International","Mis en AVANT"],"inLanguage":"en-GB"},{"@type":"WebPage","@id":"https:\/\/www.geopolitics.fr\/2026\/07\/03\/qui-gouverne-le-venezuela-au-milieu-de-la-tragedie-annee-0\/","url":"https:\/\/www.geopolitics.fr\/2026\/07\/03\/qui-gouverne-le-venezuela-au-milieu-de-la-tragedie-annee-0\/","name":"QUI GOUVERNE LE VENEZUELA AU MILIEU DE LA TRAG\u00c9DIE? ANNEE 0 | Geopolitics.fr","isPartOf":{"@id":"https:\/\/www.geopolitics.fr\/#website"},"primaryImageOfPage":{"@id":"https:\/\/www.geopolitics.fr\/2026\/07\/03\/qui-gouverne-le-venezuela-au-milieu-de-la-tragedie-annee-0\/#primaryimage"},"image":{"@id":"https:\/\/www.geopolitics.fr\/2026\/07\/03\/qui-gouverne-le-venezuela-au-milieu-de-la-tragedie-annee-0\/#primaryimage"},"thumbnailUrl":"https:\/\/www.geopolitics.fr\/wp-content\/uploads\/2026\/07\/venezuela.jpg","datePublished":"2026-07-03T19:50:35+00:00","dateModified":"2026-07-03T19:50:38+00:00","description":"La soci\u00e9t\u00e9 v\u00e9n\u00e9zu\u00e9lienne ne r\u00e9clame pas de d\u00e9monstration de force mais des m\u00e9canismes politiques, des garanties de s\u00e9curit\u00e9 et de gouvernance","breadcrumb":{"@id":"https:\/\/www.geopolitics.fr\/2026\/07\/03\/qui-gouverne-le-venezuela-au-milieu-de-la-tragedie-annee-0\/#breadcrumb"},"inLanguage":"en-GB","potentialAction":[{"@type":"ReadAction","target":["https:\/\/www.geopolitics.fr\/2026\/07\/03\/qui-gouverne-le-venezuela-au-milieu-de-la-tragedie-annee-0\/"]}]},{"@type":"ImageObject","inLanguage":"en-GB","@id":"https:\/\/www.geopolitics.fr\/2026\/07\/03\/qui-gouverne-le-venezuela-au-milieu-de-la-tragedie-annee-0\/#primaryimage","url":"https:\/\/www.geopolitics.fr\/wp-content\/uploads\/2026\/07\/venezuela.jpg","contentUrl":"https:\/\/www.geopolitics.fr\/wp-content\/uploads\/2026\/07\/venezuela.jpg","width":1078,"height":598},{"@type":"BreadcrumbList","@id":"https:\/\/www.geopolitics.fr\/2026\/07\/03\/qui-gouverne-le-venezuela-au-milieu-de-la-tragedie-annee-0\/#breadcrumb","itemListElement":[{"@type":"ListItem","position":1,"name":"Accueil","item":"https:\/\/www.geopolitics.fr\/"},{"@type":"ListItem","position":2,"name":"QUI GOUVERNE LE VENEZUELA AU MILIEU DE LA TRAG\u00c9DIE? ANNEE 0"}]},{"@type":"WebSite","@id":"https:\/\/www.geopolitics.fr\/#website","url":"https:\/\/www.geopolitics.fr\/","name":"Geopolitics.fr","description":"Geopolitics.fr Analyse politique, relations internationales, d\u00e9fense - ligne \u00e9ditoriale gaullo-chiraquienne","publisher":{"@id":"https:\/\/www.geopolitics.fr\/#organization"},"potentialAction":[{"@type":"SearchAction","target":{"@type":"EntryPoint","urlTemplate":"https:\/\/www.geopolitics.fr\/?s={search_term_string}"},"query-input":{"@type":"PropertyValueSpecification","valueRequired":true,"valueName":"search_term_string"}}],"inLanguage":"en-GB"},{"@type":"Organization","@id":"https:\/\/www.geopolitics.fr\/#organization","name":"Geopolitics.fr","url":"https:\/\/www.geopolitics.fr\/","logo":{"@type":"ImageObject","inLanguage":"en-GB","@id":"https:\/\/www.geopolitics.fr\/#\/schema\/logo\/image\/","url":"https:\/\/www.geopolitics.fr\/wp-content\/uploads\/2024\/01\/logo.jpg","contentUrl":"https:\/\/www.geopolitics.fr\/wp-content\/uploads\/2024\/01\/logo.jpg","width":500,"height":500,"caption":"Geopolitics.fr"},"image":{"@id":"https:\/\/www.geopolitics.fr\/#\/schema\/logo\/image\/"},"sameAs":["https:\/\/www.facebook.com\/people\/Erwan-Davoux\/61557098968092\/","https:\/\/x.com\/Geopolitics_Fr"]},{"@type":"Person","@id":"https:\/\/www.geopolitics.fr\/#\/schema\/person\/02c106c0272bd8f8e39e0adf38864870","name":"David OSORIO","image":{"@type":"ImageObject","inLanguage":"en-GB","@id":"https:\/\/www.geopolitics.fr\/wp-content\/uploads\/2025\/09\/OSORIO-96x96.jpg","url":"https:\/\/www.geopolitics.fr\/wp-content\/uploads\/2025\/09\/OSORIO-96x96.jpg","contentUrl":"https:\/\/www.geopolitics.fr\/wp-content\/uploads\/2025\/09\/OSORIO-96x96.jpg","caption":"David OSORIO"},"description":"David Osorio est avocat et ancien diplomate v\u00e9n\u00e9zu\u00e9lien. Expert en droit international, g\u00e9opolitique et affaires multilat\u00e9rales. Essayiste sur l'actualit\u00e9 politique internationale.","sameAs":["https:\/\/www.linkedin.com\/in\/davidalejandroosoriomeneses\/"],"url":"https:\/\/www.geopolitics.fr\/en\/author\/david-osorio\/"}]}},"_links":{"self":[{"href":"https:\/\/www.geopolitics.fr\/en\/wp-json\/wp\/v2\/posts\/4502","targetHints":{"allow":["GET"]}}],"collection":[{"href":"https:\/\/www.geopolitics.fr\/en\/wp-json\/wp\/v2\/posts"}],"about":[{"href":"https:\/\/www.geopolitics.fr\/en\/wp-json\/wp\/v2\/types\/post"}],"author":[{"embeddable":true,"href":"https:\/\/www.geopolitics.fr\/en\/wp-json\/wp\/v2\/users\/35"}],"replies":[{"embeddable":true,"href":"https:\/\/www.geopolitics.fr\/en\/wp-json\/wp\/v2\/comments?post=4502"}],"version-history":[{"count":1,"href":"https:\/\/www.geopolitics.fr\/en\/wp-json\/wp\/v2\/posts\/4502\/revisions"}],"predecessor-version":[{"id":4504,"href":"https:\/\/www.geopolitics.fr\/en\/wp-json\/wp\/v2\/posts\/4502\/revisions\/4504"}],"wp:featuredmedia":[{"embeddable":true,"href":"https:\/\/www.geopolitics.fr\/en\/wp-json\/wp\/v2\/media\/4503"}],"wp:attachment":[{"href":"https:\/\/www.geopolitics.fr\/en\/wp-json\/wp\/v2\/media?parent=4502"}],"wp:term":[{"taxonomy":"category","embeddable":true,"href":"https:\/\/www.geopolitics.fr\/en\/wp-json\/wp\/v2\/categories?post=4502"},{"taxonomy":"post_tag","embeddable":true,"href":"https:\/\/www.geopolitics.fr\/en\/wp-json\/wp\/v2\/tags?post=4502"}],"curies":[{"name":"wp","href":"https:\/\/api.w.org\/{rel}","templated":true}]}}