{"id":4485,"date":"2026-06-26T08:24:30","date_gmt":"2026-06-26T06:24:30","guid":{"rendered":"https:\/\/www.geopolitics.fr\/?p=4485"},"modified":"2026-06-26T08:24:33","modified_gmt":"2026-06-26T06:24:33","slug":"allemagne-autopsie-dun-echec-diplomatique-historique-au-conseil-de-securite","status":"publish","type":"post","link":"https:\/\/www.geopolitics.fr\/en\/2026\/06\/26\/allemagne-autopsie-dun-echec-diplomatique-historique-au-conseil-de-securite\/","title":{"rendered":"Allemagne : Autopsie d\u2019un \u00e9chec diplomatique historique au Conseil de s\u00e9curit\u00e9"},"content":{"rendered":"<p class=\"has-medium-font-size wp-block-paragraph\">Le <strong>3 juin 2026<\/strong>, \u00e0 New York, la diplomatie allemande a subi un <strong>coup de tonnerre<\/strong> : pour la premi\u00e8re fois de son histoire, Berlin a vu sa candidature \u00e0 un si\u00e8ge de membre non permanent du Conseil de s\u00e9curit\u00e9 de l\u2019ONU <strong>rejet\u00e9e par l\u2019Assembl\u00e9e g\u00e9n\u00e9rale<\/strong>. Avec <strong>104 voix<\/strong> \u2014 loin des <strong>126 requises<\/strong> pour la majorit\u00e9 qualifi\u00e9e des deux tiers \u2014, l\u2019Allemagne a \u00e9t\u00e9 <strong>doublement &nbsp;devanc\u00e9e<\/strong> par le Portugal (134 voix) et l\u2019Autriche (131 voix). Cet \u00e9chec <strong>sans pr\u00e9c\u00e9dent<\/strong> rompt une tradition d\u2019excellence : depuis 1973, Berlin avait syst\u00e9matiquement obtenu ce si\u00e8ge, \u00e0 <strong>six reprises<\/strong>, sans jamais essuyer de revers majeur.<\/p>\n\n\n\n<p class=\"has-medium-font-size wp-block-paragraph\">Pourtant, ce camouflet n\u2019est pas le fruit du hasard. Il r\u00e9v\u00e8le, au contraire, une <strong>convergence de failles strat\u00e9giques<\/strong> \u2014 <strong>historiques, g\u00e9opolitiques et tactiques<\/strong> \u2014 que la chancellerie allemande, malgr\u00e9 son poids \u00e9conomique et son leadership europ\u00e9en, n\u2019a su ni anticiper ni contrer.<\/p>\n\n\n\n<h2 id=\"h-le-fardeau-de-l-histoire-quand-la-memoire-devient-un-piege\" class=\"wp-block-heading has-medium-font-size\">Le fardeau de l\u2019histoire : quand la m\u00e9moire devient un pi\u00e8ge<\/h2>\n\n\n\n<p class=\"has-medium-font-size wp-block-paragraph\">Au c\u0153ur de ce revers se trouve <strong>l\u2019h\u00e9ritage historique allemand<\/strong> et sa <strong>traduction contemporaine<\/strong>, souvent per\u00e7ue comme un <strong>dogme intouchable<\/strong>. Depuis les <strong>attaques du 7 octobre 2023<\/strong> et la guerre \u00e0 Gaza, Berlin a <strong>verrouill\u00e9<\/strong> son soutien \u00e0 Isra\u00ebl, s\u2019imposant comme le <strong>premier fournisseur europ\u00e9en d\u2019armes \u00e0 Tel-Aviv<\/strong> \u2014 et le <strong>deuxi\u00e8me mondial<\/strong>, avec une part estim\u00e9e \u00e0 <strong>30 % des importations isra\u00e9liennes de d\u00e9fense<\/strong>. Cette posture, <strong>revendiqu\u00e9e comme un imp\u00e9ratif moral absolu<\/strong>, s\u2019inscrit dans la doctrine de la <em>\u00ab\u00a0Verantwortung\u00a0\u00bb<\/em> (responsabilit\u00e9), fondement de la politique \u00e9trang\u00e8re allemande depuis la Seconde Guerre mondiale.<\/p>\n\n\n\n<p class=\"has-medium-font-size wp-block-paragraph\">Pourtant, cette <strong>rigidit\u00e9 id\u00e9ologique<\/strong> a heurt\u00e9 de front les <strong>\u00e9volutions du paysage international<\/strong>. Alors que des pays europ\u00e9ens comme la <strong>France, l\u2019Espagne, l\u2019Irlande ou la Norv\u00e8ge<\/strong> \u2014 mais aussi des acteurs cl\u00e9s du Sud global &nbsp;ont <strong>franchit le pas de la reconnaissance de l\u2019\u00c9tat palestinien<\/strong>, Berlin a <strong>persist\u00e9 dans son immobilisme<\/strong>. Ce <strong>monolithisme diplomatique<\/strong> a provoqu\u00e9 une <strong>distanciation syst\u00e9matique<\/strong> de la part des <strong>&nbsp;\u00c9tats membres de la Ligue arabe<\/strong> et des <strong>pays de l\u2019Organisation de la coop\u00e9ration islamique (OCI)<\/strong>, deux blocs d\u00e9terminants dans l\u2019arithm\u00e9tique onusienne.<\/p>\n\n\n\n<p class=\"has-medium-font-size wp-block-paragraph\">Les cons\u00e9quences \u00e9lectives ont \u00e9t\u00e9 <strong>imm\u00e9diates et brutales<\/strong> : selon des sources diplomatiques, cette position aurait <strong>co\u00fbt\u00e9 entre 20 et 30 voix<\/strong> \u00e0 l\u2019Allemagne, principalement dans les <strong>groupes r\u00e9gionaux africain, asiatique et latino-am\u00e9ricain<\/strong> \u2014 privant ainsi Berlin de son <strong>socle \u00e9lectoral vital<\/strong>. Comme l\u2019a reconnu <strong>Johann Wadephul<\/strong>, Ministre des Affaires Etrang\u00e8res, lors d\u2019une audition au Bundestag : <em>\u00ab Notre engagement envers Isra\u00ebl, aussi l\u00e9gitime soit-il, a \u00e9t\u00e9 per\u00e7u comme un <\/em><strong><em>obstacle \u00e0 la neutralit\u00e9<\/em><\/strong><em> que beaucoup attendaient de nous. \u00bb<\/em><\/p>\n\n\n\n<h3 id=\"h-la-facture-geopolitique-de-la-zeitenwende-quand-l-ukraine-devient-un-boulet-onusien\" class=\"wp-block-heading has-medium-font-size\">La facture g\u00e9opolitique de la <em>Zeitenwende<\/em> : quand l\u2019Ukraine devient un boulet onusien<\/h3>\n\n\n\n<p class=\"has-medium-font-size wp-block-paragraph\">Le <strong>deuxi\u00e8me pilier<\/strong> de l\u2019\u00e9chec allemand r\u00e9side dans les <strong>cons\u00e9quences g\u00e9opolitiques de son engagement en Ukraine<\/strong>, symbole de la <em>Zeitenwende<\/em> \u2014 ce <strong>tournant historique<\/strong> annonc\u00e9 par le chancelier Olaf Scholz en f\u00e9vrier 2022. En s\u2019\u00e9rigeant en <strong>fer de lance de la coalition occidentale<\/strong> en faveur de Kiev, Berlin a <strong>cristallis\u00e9<\/strong> l\u2019opposition de Moscou, mais aussi, et surtout, <strong>ali\u00e9n\u00e9 une partie croissante du Sud global<\/strong>.<\/p>\n\n\n\n<p class=\"has-medium-font-size wp-block-paragraph\">La Russie, <strong>ma\u00eetrisant l\u2019art de la diplomatie d\u2019obstruction<\/strong>, a m\u00e9thodiquement <strong>exploit\u00e9 les fractures<\/strong> au sein de l\u2019Assembl\u00e9e g\u00e9n\u00e9rale. Selon des <strong>sources diplomatiques<\/strong>, Moscou a <strong>mobilis\u00e9 ses r\u00e9seaux<\/strong> en Afrique, en Asie et en Am\u00e9rique latine pour <strong>saper la candidature allemande<\/strong>, en capitalisant sur le <strong>rejet croissant de l\u2019alignement automatique sur l\u2019Occident<\/strong>. R\u00e9sultat : <strong>une dizaine de voix suppl\u00e9mentaires<\/strong> \u2014 principalement parmi les pays non-align\u00e9s ou traditionnellement proches de la Russie&nbsp; \u2014 auraient <strong>bascul\u00e9 contre Berlin<\/strong>, transformant un conflit <strong>europ\u00e9en<\/strong> en <strong>pi\u00e8ge \u00e9lectoral onusien<\/strong>.<\/p>\n\n\n\n<h3 id=\"h-l-angle-mort-tactique-inertie-redondance-et-le-syndrome-du-trop-grand-pour-echouer\" class=\"wp-block-heading has-medium-font-size\">L\u2019angle mort tactique : inertie, redondance et le syndrome du \u00ab\u00a0trop grand pour \u00e9chouer\u00a0\u00bb<\/h3>\n\n\n\n<p class=\"has-medium-font-size wp-block-paragraph\">Au-del\u00e0 des <strong>clivages id\u00e9ologiques<\/strong>, l\u2019Allemagne a <strong>p\u00e2ti de deux erreurs strat\u00e9giques majeures<\/strong> :<\/p>\n\n\n\n<h3 id=\"h-1-l-inertie-d-une-candidature-improvisee\" class=\"wp-block-heading has-medium-font-size\"><strong>1. L\u2019inertie d\u2019une candidature improvis\u00e9e<\/strong><\/h3>\n\n\n\n<p class=\"has-medium-font-size wp-block-paragraph\">Comme soulign\u00e9 dans une tribune publi\u00e9e par <em>Foreign Policy<\/em> en mai 2026 : \u00ab Berlin a commis l\u2019erreur classique des grandes puissances : <strong>sous-estimer la pr\u00e9paration<\/strong> \u00bb. Alors que <strong>Vienne<\/strong> a <strong>construit sa candidature sur plus d\u2019une d\u00e9cennie<\/strong>, en <strong>tissant des alliances r\u00e9gionales<\/strong> avec une <strong>minutie de dentelli\u00e8re<\/strong> (notamment en Afrique subsaharienne et en Asie du Sud-Est), l\u2019Allemagne a <strong>tard\u00e9 \u00e0 entrer en campagne<\/strong>. Pire : elle a <strong>n\u00e9glig\u00e9 les m\u00e9canismes informels<\/strong> de l\u2019ONU \u2014 ces <strong>r\u00e9seaux d\u2019influence<\/strong> et <strong>\u00e9changes de faveurs<\/strong> qui, souvent, p\u00e8sent plus lourd que les discours officiels.<\/p>\n\n\n\n<h3 id=\"h-2-le-piege-de-la-redondance-quand-la-taille-devient-un-handicap\" class=\"wp-block-heading has-medium-font-size\"><strong>2. Le pi\u00e8ge de la redondance : quand la taille devient un handicap<\/strong><\/h3>\n\n\n\n<p class=\"has-medium-font-size wp-block-paragraph\">Berlin a aussi \u00e9t\u00e9 <strong>victime de son propre poids<\/strong>. Jug\u00e9e <strong>trop proche de l\u2019Autriche<\/strong> sur le fond (deux pays europ\u00e9ens, deux \u00e9conomies fortes, deux membres de l\u2019UE), mais <strong>trop imposante<\/strong> dans sa posture, l\u2019Allemagne a <strong>subi un arbitrage impitoyable<\/strong> :<\/p>\n\n\n\n<ul class=\"wp-block-list\">\n<li class=\"has-medium-font-size\"><strong>L\u2019Autriche<\/strong> a b\u00e9n\u00e9fici\u00e9 de son image de <strong>\u00ab petit \u00c9tat neutre \u00bb<\/strong>, per\u00e7ue comme <strong>moins mena\u00e7ante<\/strong> par les pays du Sud, qui craignent une <strong>h\u00e9g\u00e9monie occidentale<\/strong> au Conseil de s\u00e9curit\u00e9.<\/li>\n\n\n\n<li class=\"has-medium-font-size\"><strong>Le Portugal<\/strong>, lui, a <strong>jou\u00e9 la carte de la flexibilit\u00e9<\/strong>. En <strong>votant en faveur de la r\u00e9solution ES-10\/21<\/strong> (condamnant les actions isra\u00e9liennes \u00e0 Gaza en d\u00e9cembre 2023), Lisbonne a <strong>marqu\u00e9 des points d\u00e9cisifs<\/strong> aupr\u00e8s des <strong>\u00c9tats arabes<\/strong> et des pays<strong> membres de l\u2019OCI<\/strong>, tout en <strong>\u00e9vitant de froisser<\/strong> ses partenaires europ\u00e9ens. Une <strong>man\u0153uvre diplomatique<\/strong> que Berlin, <strong>enferm\u00e9e dans son dogme pro-isra\u00e9lien<\/strong>, n\u2019a pu reproduire.<\/li>\n<\/ul>\n\n\n\n<h2 id=\"h-lecons-d-un-realisme-diplomatique-brutal-l-allemagne-a-l-heure-des-choix\" class=\"wp-block-heading has-medium-font-size\">Le\u00e7ons d\u2019un r\u00e9alisme diplomatique brutal : l\u2019Allemagne \u00e0 l\u2019heure des choix<\/h2>\n\n\n\n<h3 id=\"h-1-la-fin-des-certitudes-puissance-economique-influence-automatique\" class=\"wp-block-heading has-medium-font-size\"><strong>1. La fin des certitudes : puissance \u00e9conomique \u2260 influence automatique<\/strong><\/h3>\n\n\n\n<p class=\"has-medium-font-size wp-block-paragraph\">Cet \u00e9chec <strong>sonne comme un \u00e9lectrochoc<\/strong> : pour la premi\u00e8re fois, Berlin <strong>d\u00e9couvre que son poids \u00e9conomique (4e PIB mondial) et son leadership europ\u00e9en ne suffisent plus<\/strong> \u00e0 garantir un si\u00e8ge au Conseil de S\u00e9curit\u00e9. Dans un <strong>monde multipolaire<\/strong>, o\u00f9 les <strong>alliances traditionnelles<\/strong> (OTAN, UE) <strong>cohabitent avec de nouveaux blocs<\/strong> (BRICS+, OCI, Ligue arabe), l\u2019influence se <strong>n\u00e9gocie<\/strong>, elle ne s\u2019<strong>impose<\/strong> plus.<\/p>\n\n\n\n<h3 id=\"h-2-le-dilemme-allemand-entre-loyaute-atlantique-et-pragmatisme-global\" class=\"wp-block-heading has-medium-font-size\"><strong>2. Le dilemme allemand : entre loyaut\u00e9 atlantique et pragmatisme global<\/strong><\/h3>\n\n\n\n<p class=\"has-medium-font-size wp-block-paragraph\">La <em>Zeitenwende<\/em> a <strong>renforc\u00e9 les liens transatlantiques<\/strong> de l\u2019Allemagne, mais au prix d\u2019un <strong>affaiblissement de sa position dans le Sud global<\/strong>. Le <strong>message des urnes new-yorkaises est clair<\/strong> :<\/p>\n\n\n\n<ul class=\"wp-block-list\">\n<li class=\"has-medium-font-size\"><strong>L\u2019engagement inconditionnel envers Kiev<\/strong> (plus de <strong>20 milliards d\u2019euros d\u2019aide militaire et humanitaire<\/strong> depuis 2022) <strong>plait \u00e0 Washington<\/strong>, mais <strong>irrite Moscou et ses alli\u00e9s<\/strong>.<\/li>\n\n\n\n<li class=\"has-medium-font-size\"><strong>Le soutien ind\u00e9fectible \u00e0 Isra\u00ebl<\/strong> <strong>s\u00e9curise les relations avec Tel-Aviv<\/strong>, mais <strong>ali\u00e8ne les pays arabes et musulmans<\/strong>.<\/li>\n<\/ul>\n\n\n\n<p class=\"has-medium-font-size wp-block-paragraph\"><strong>R\u00e9sultat<\/strong> : Berlin se retrouve <strong>coinc\u00e9e entre deux feux<\/strong>, incapable de <strong>concilier ses imp\u00e9ratifs moraux<\/strong> (responsabilit\u00e9 historique, d\u00e9fense de la d\u00e9mocratie) et <strong>ses int\u00e9r\u00eats strat\u00e9giques<\/strong> (acc\u00e8s aux march\u00e9s \u00e9mergents, stabilit\u00e9 \u00e9nerg\u00e9tique).<\/p>\n\n\n\n<h3 id=\"h-3-la-diplomatie-de-demain-agilite-humilite-et-terrain\" class=\"wp-block-heading has-medium-font-size\"><strong>3. La diplomatie de demain : agilit\u00e9, humilit\u00e9 et terrain<\/strong><\/h3>\n\n\n\n<p class=\"has-medium-font-size wp-block-paragraph\">Pour <strong>retrouver une place centrale<\/strong> dans les instances multilat\u00e9rales, l\u2019Allemagne devra :<\/p>\n\n\n\n<ul class=\"wp-block-list\">\n<li class=\"has-medium-font-size\"><strong>Anticiper les dynamiques du Sud global<\/strong> : ne plus se contenter de <strong>r\u00e9agir<\/strong> aux crises, mais <strong>devenir un acteur proactif<\/strong> dans les forums comme le <strong>G77+Chine<\/strong> ou l\u2019<strong>Union africaine<\/strong>.<\/li>\n\n\n\n<li class=\"has-medium-font-size\"><strong>Diversifier ses alliances<\/strong> : <strong>sortir du cadre occidental<\/strong> pour <strong>construire des ponts<\/strong> avec des pays cl\u00e9s comme l\u2019Inde, l\u2019Indon\u00e9sie ou le Br\u00e9sil, sans pour autant <strong>renoncer \u00e0 ses principes<\/strong>.<\/li>\n\n\n\n<li class=\"has-medium-font-size\"><strong>Investir dans la diplomatie de terrain<\/strong> : comme l\u2019a fait le Portugal, en <strong>envoyant des \u00e9missaires<\/strong> dans les capitales africaines et asiatiques <strong>d\u00e8s 2024<\/strong>, bien avant le vote.<\/li>\n<\/ul>\n\n\n\n<p class=\"has-medium-font-size wp-block-paragraph\"><strong>En somme<\/strong>, comme le r\u00e9sumait un diplomate allemand sous le couvert de l\u2019anonymat : <em>\u00ab Nous avons appris \u00e0 nos d\u00e9pens que <\/em><strong><em>le leadership ne se d\u00e9cr\u00e8te pas<\/em><\/strong><em> \u2014 il se <\/em><strong><em>m\u00e9rite<\/em><\/strong><em>, pas \u00e0 pas, dans les coulisses de l\u2019ONU comme sur les terrains de jeu du Sud global. \u00bb<\/em><\/p>\n\n\n\n<p class=\"wp-block-paragraph\"><\/p>","protected":false},"excerpt":{"rendered":"<p>Le 3 juin 2026, \u00e0 New York, la diplomatie allemande a subi un coup de tonnerre : pour la premi\u00e8re fois de&hellip;<\/p>","protected":false},"author":103,"featured_media":4486,"comment_status":"closed","ping_status":"closed","sticky":false,"template":"","format":"standard","meta":{"_lmt_disableupdate":"","_lmt_disable":"","footnotes":""},"categories":[610,611,5,4],"tags":[356,217],"class_list":["post-4485","post","type-post","status-publish","format-standard","has-post-thumbnail","hentry","category-droit-international","category-europe","category-international","category-mis-en-avant","tag-allemagne","tag-onu"],"yoast_head":"<!-- This site is optimized with the Yoast SEO Premium plugin v28.1 (Yoast SEO v28.1) - https:\/\/yoast.com\/product\/yoast-seo-premium-wordpress\/ -->\n<title>Allemagne : Autopsie d\u2019un \u00e9chec diplomatique historique au Conseil de s\u00e9curit\u00e9 | Geopolitics.fr<\/title>\n<meta name=\"description\" content=\"Echec diplomatique de l&#039;Allemagne au Conseil de s\u00e9curit\u00e9 : convergence de failles strat\u00e9giques, historiques, g\u00e9opolitiques et tactiques.\" \/>\n<meta name=\"robots\" content=\"index, follow, max-snippet:-1, max-image-preview:large, max-video-preview:-1\" \/>\n<link rel=\"canonical\" href=\"https:\/\/www.geopolitics.fr\/en\/2026\/06\/26\/allemagne-autopsie-dun-echec-diplomatique-historique-au-conseil-de-securite\/\" \/>\n<meta property=\"og:locale\" content=\"en_GB\" \/>\n<meta property=\"og:type\" content=\"article\" \/>\n<meta property=\"og:title\" content=\"Allemagne : Autopsie d\u2019un \u00e9chec diplomatique historique au Conseil de s\u00e9curit\u00e9\" \/>\n<meta property=\"og:description\" content=\"Echec diplomatique de l&#039;Allemagne au Conseil de s\u00e9curit\u00e9 : convergence de failles strat\u00e9giques, historiques, g\u00e9opolitiques et tactiques.\" \/>\n<meta property=\"og:url\" content=\"https:\/\/www.geopolitics.fr\/en\/2026\/06\/26\/allemagne-autopsie-dun-echec-diplomatique-historique-au-conseil-de-securite\/\" \/>\n<meta property=\"og:site_name\" content=\"Geopolitics.fr\" \/>\n<meta property=\"article:publisher\" content=\"https:\/\/www.facebook.com\/people\/Erwan-Davoux\/61557098968092\/\" \/>\n<meta property=\"article:published_time\" content=\"2026-06-26T06:24:30+00:00\" \/>\n<meta property=\"article:modified_time\" content=\"2026-06-26T06:24:33+00:00\" \/>\n<meta property=\"og:image\" content=\"https:\/\/www.geopolitics.fr\/wp-content\/uploads\/2026\/06\/echec-allemagne.jpg\" \/>\n\t<meta property=\"og:image:width\" content=\"572\" \/>\n\t<meta property=\"og:image:height\" content=\"388\" \/>\n\t<meta property=\"og:image:type\" content=\"image\/jpeg\" \/>\n<meta name=\"author\" content=\"Elyes GHARIANI\" \/>\n<meta name=\"twitter:card\" content=\"summary_large_image\" \/>\n<meta name=\"twitter:creator\" content=\"@Geopolitics_Fr\" \/>\n<meta name=\"twitter:site\" content=\"@Geopolitics_Fr\" \/>\n<meta name=\"twitter:label1\" content=\"Written by\" \/>\n\t<meta name=\"twitter:data1\" content=\"Elyes GHARIANI\" \/>\n\t<meta name=\"twitter:label2\" content=\"Estimated reading time\" \/>\n\t<meta name=\"twitter:data2\" content=\"7 minutes\" \/>\n<script type=\"application\/ld+json\" class=\"yoast-schema-graph\">{\"@context\":\"https:\\\/\\\/schema.org\",\"@graph\":[{\"@type\":\"Article\",\"@id\":\"https:\\\/\\\/www.geopolitics.fr\\\/2026\\\/06\\\/26\\\/allemagne-autopsie-dun-echec-diplomatique-historique-au-conseil-de-securite\\\/#article\",\"isPartOf\":{\"@id\":\"https:\\\/\\\/www.geopolitics.fr\\\/2026\\\/06\\\/26\\\/allemagne-autopsie-dun-echec-diplomatique-historique-au-conseil-de-securite\\\/\"},\"author\":{\"name\":\"Elyes GHARIANI\",\"@id\":\"https:\\\/\\\/www.geopolitics.fr\\\/#\\\/schema\\\/person\\\/2f100050c14e702a5388d142a9fa8307\"},\"headline\":\"Allemagne : Autopsie d\u2019un \u00e9chec diplomatique historique au Conseil de s\u00e9curit\u00e9\",\"datePublished\":\"2026-06-26T06:24:30+00:00\",\"dateModified\":\"2026-06-26T06:24:33+00:00\",\"mainEntityOfPage\":{\"@id\":\"https:\\\/\\\/www.geopolitics.fr\\\/2026\\\/06\\\/26\\\/allemagne-autopsie-dun-echec-diplomatique-historique-au-conseil-de-securite\\\/\"},\"wordCount\":1319,\"publisher\":{\"@id\":\"https:\\\/\\\/www.geopolitics.fr\\\/#organization\"},\"image\":{\"@id\":\"https:\\\/\\\/www.geopolitics.fr\\\/2026\\\/06\\\/26\\\/allemagne-autopsie-dun-echec-diplomatique-historique-au-conseil-de-securite\\\/#primaryimage\"},\"thumbnailUrl\":\"https:\\\/\\\/www.geopolitics.fr\\\/wp-content\\\/uploads\\\/2026\\\/06\\\/echec-allemagne.jpg\",\"keywords\":[\"ALLEMAGNE\",\"ONU\"],\"articleSection\":[\"Droit international, multilat\u00e9ral\",\"Europe\",\"International\",\"Mis en AVANT\"],\"inLanguage\":\"en-GB\"},{\"@type\":\"WebPage\",\"@id\":\"https:\\\/\\\/www.geopolitics.fr\\\/2026\\\/06\\\/26\\\/allemagne-autopsie-dun-echec-diplomatique-historique-au-conseil-de-securite\\\/\",\"url\":\"https:\\\/\\\/www.geopolitics.fr\\\/2026\\\/06\\\/26\\\/allemagne-autopsie-dun-echec-diplomatique-historique-au-conseil-de-securite\\\/\",\"name\":\"Allemagne : Autopsie d\u2019un \u00e9chec diplomatique historique au Conseil de s\u00e9curit\u00e9 | Geopolitics.fr\",\"isPartOf\":{\"@id\":\"https:\\\/\\\/www.geopolitics.fr\\\/#website\"},\"primaryImageOfPage\":{\"@id\":\"https:\\\/\\\/www.geopolitics.fr\\\/2026\\\/06\\\/26\\\/allemagne-autopsie-dun-echec-diplomatique-historique-au-conseil-de-securite\\\/#primaryimage\"},\"image\":{\"@id\":\"https:\\\/\\\/www.geopolitics.fr\\\/2026\\\/06\\\/26\\\/allemagne-autopsie-dun-echec-diplomatique-historique-au-conseil-de-securite\\\/#primaryimage\"},\"thumbnailUrl\":\"https:\\\/\\\/www.geopolitics.fr\\\/wp-content\\\/uploads\\\/2026\\\/06\\\/echec-allemagne.jpg\",\"datePublished\":\"2026-06-26T06:24:30+00:00\",\"dateModified\":\"2026-06-26T06:24:33+00:00\",\"description\":\"Echec diplomatique de l'Allemagne au Conseil de s\u00e9curit\u00e9 : convergence de failles strat\u00e9giques, historiques, g\u00e9opolitiques et tactiques.\",\"breadcrumb\":{\"@id\":\"https:\\\/\\\/www.geopolitics.fr\\\/2026\\\/06\\\/26\\\/allemagne-autopsie-dun-echec-diplomatique-historique-au-conseil-de-securite\\\/#breadcrumb\"},\"inLanguage\":\"en-GB\",\"potentialAction\":[{\"@type\":\"ReadAction\",\"target\":[\"https:\\\/\\\/www.geopolitics.fr\\\/2026\\\/06\\\/26\\\/allemagne-autopsie-dun-echec-diplomatique-historique-au-conseil-de-securite\\\/\"]}]},{\"@type\":\"ImageObject\",\"inLanguage\":\"en-GB\",\"@id\":\"https:\\\/\\\/www.geopolitics.fr\\\/2026\\\/06\\\/26\\\/allemagne-autopsie-dun-echec-diplomatique-historique-au-conseil-de-securite\\\/#primaryimage\",\"url\":\"https:\\\/\\\/www.geopolitics.fr\\\/wp-content\\\/uploads\\\/2026\\\/06\\\/echec-allemagne.jpg\",\"contentUrl\":\"https:\\\/\\\/www.geopolitics.fr\\\/wp-content\\\/uploads\\\/2026\\\/06\\\/echec-allemagne.jpg\",\"width\":572,\"height\":388},{\"@type\":\"BreadcrumbList\",\"@id\":\"https:\\\/\\\/www.geopolitics.fr\\\/2026\\\/06\\\/26\\\/allemagne-autopsie-dun-echec-diplomatique-historique-au-conseil-de-securite\\\/#breadcrumb\",\"itemListElement\":[{\"@type\":\"ListItem\",\"position\":1,\"name\":\"Accueil\",\"item\":\"https:\\\/\\\/www.geopolitics.fr\\\/\"},{\"@type\":\"ListItem\",\"position\":2,\"name\":\"Allemagne : Autopsie d\u2019un \u00e9chec diplomatique historique au Conseil de s\u00e9curit\u00e9\"}]},{\"@type\":\"WebSite\",\"@id\":\"https:\\\/\\\/www.geopolitics.fr\\\/#website\",\"url\":\"https:\\\/\\\/www.geopolitics.fr\\\/\",\"name\":\"Geopolitics.fr\",\"description\":\"Geopolitics.fr Analyse politique, relations internationales, d\u00e9fense - ligne \u00e9ditoriale gaullo-chiraquienne\",\"publisher\":{\"@id\":\"https:\\\/\\\/www.geopolitics.fr\\\/#organization\"},\"potentialAction\":[{\"@type\":\"SearchAction\",\"target\":{\"@type\":\"EntryPoint\",\"urlTemplate\":\"https:\\\/\\\/www.geopolitics.fr\\\/?s={search_term_string}\"},\"query-input\":{\"@type\":\"PropertyValueSpecification\",\"valueRequired\":true,\"valueName\":\"search_term_string\"}}],\"inLanguage\":\"en-GB\"},{\"@type\":\"Organization\",\"@id\":\"https:\\\/\\\/www.geopolitics.fr\\\/#organization\",\"name\":\"Geopolitics.fr\",\"url\":\"https:\\\/\\\/www.geopolitics.fr\\\/\",\"logo\":{\"@type\":\"ImageObject\",\"inLanguage\":\"en-GB\",\"@id\":\"https:\\\/\\\/www.geopolitics.fr\\\/#\\\/schema\\\/logo\\\/image\\\/\",\"url\":\"https:\\\/\\\/www.geopolitics.fr\\\/wp-content\\\/uploads\\\/2024\\\/01\\\/logo.jpg\",\"contentUrl\":\"https:\\\/\\\/www.geopolitics.fr\\\/wp-content\\\/uploads\\\/2024\\\/01\\\/logo.jpg\",\"width\":500,\"height\":500,\"caption\":\"Geopolitics.fr\"},\"image\":{\"@id\":\"https:\\\/\\\/www.geopolitics.fr\\\/#\\\/schema\\\/logo\\\/image\\\/\"},\"sameAs\":[\"https:\\\/\\\/www.facebook.com\\\/people\\\/Erwan-Davoux\\\/61557098968092\\\/\",\"https:\\\/\\\/x.com\\\/Geopolitics_Fr\"]},{\"@type\":\"Person\",\"@id\":\"https:\\\/\\\/www.geopolitics.fr\\\/#\\\/schema\\\/person\\\/2f100050c14e702a5388d142a9fa8307\",\"name\":\"Elyes GHARIANI\",\"image\":{\"@type\":\"ImageObject\",\"inLanguage\":\"en-GB\",\"@id\":\"https:\\\/\\\/www.geopolitics.fr\\\/wp-content\\\/uploads\\\/2024\\\/12\\\/elyes-photo-96x96.png\",\"url\":\"https:\\\/\\\/www.geopolitics.fr\\\/wp-content\\\/uploads\\\/2024\\\/12\\\/elyes-photo-96x96.png\",\"contentUrl\":\"https:\\\/\\\/www.geopolitics.fr\\\/wp-content\\\/uploads\\\/2024\\\/12\\\/elyes-photo-96x96.png\",\"caption\":\"Elyes GHARIANI\"},\"description\":\"Ancien ambassadeur de Tunisie, \u00e0 Berlin et \u00e0 La Haye et fort d\u2019une exp\u00e9rience de 40 ans dans le travail diplomatique et la coop\u00e9ration internationale, il dispose d\u2019une bonne expertise en affaires europ\u00e9ennes pour avoir \u00e9t\u00e9 en poste dans les principaux Etats membres fondateurs de l\u2019UE (Allemagne, Belgique, France, Pays-Bas). Dipl\u00f4m\u00e9 de l\u2019Institut Bourguiba des Langues Vivantes de Tunis, de l\u2019Institut Pouchkine de langue russe \u00e0 Moscou et de l\u2019Institut Universitaire des Hautes Etudes Internationales (IUHEI) de Gen\u00e8ve, il dispose d\u2019une large exp\u00e9rience en mati\u00e8re de gestion et de mise en \u0153uvre de projets au niveau international. Il a \u00e9t\u00e9 Conseiller Diplomatique du Chef du Gouvernement en 2015-2016 et 2020-2021\",\"url\":\"https:\\\/\\\/www.geopolitics.fr\\\/en\\\/author\\\/elyes\\\/\"}]}<\/script>\n<!-- \/ Yoast SEO Premium plugin. -->","yoast_head_json":{"title":"Allemagne : Autopsie d\u2019un \u00e9chec diplomatique historique au Conseil de s\u00e9curit\u00e9 | Geopolitics.fr","description":"Echec diplomatique de l'Allemagne au Conseil de s\u00e9curit\u00e9 : convergence de failles strat\u00e9giques, historiques, g\u00e9opolitiques et tactiques.","robots":{"index":"index","follow":"follow","max-snippet":"max-snippet:-1","max-image-preview":"max-image-preview:large","max-video-preview":"max-video-preview:-1"},"canonical":"https:\/\/www.geopolitics.fr\/en\/2026\/06\/26\/allemagne-autopsie-dun-echec-diplomatique-historique-au-conseil-de-securite\/","og_locale":"en_GB","og_type":"article","og_title":"Allemagne : Autopsie d\u2019un \u00e9chec diplomatique historique au Conseil de s\u00e9curit\u00e9","og_description":"Echec diplomatique de l'Allemagne au Conseil de s\u00e9curit\u00e9 : convergence de failles strat\u00e9giques, historiques, g\u00e9opolitiques et tactiques.","og_url":"https:\/\/www.geopolitics.fr\/en\/2026\/06\/26\/allemagne-autopsie-dun-echec-diplomatique-historique-au-conseil-de-securite\/","og_site_name":"Geopolitics.fr","article_publisher":"https:\/\/www.facebook.com\/people\/Erwan-Davoux\/61557098968092\/","article_published_time":"2026-06-26T06:24:30+00:00","article_modified_time":"2026-06-26T06:24:33+00:00","og_image":[{"width":572,"height":388,"url":"https:\/\/www.geopolitics.fr\/wp-content\/uploads\/2026\/06\/echec-allemagne.jpg","type":"image\/jpeg"}],"author":"Elyes GHARIANI","twitter_card":"summary_large_image","twitter_creator":"@Geopolitics_Fr","twitter_site":"@Geopolitics_Fr","twitter_misc":{"Written by":"Elyes GHARIANI","Estimated reading time":"7 minutes"},"schema":{"@context":"https:\/\/schema.org","@graph":[{"@type":"Article","@id":"https:\/\/www.geopolitics.fr\/2026\/06\/26\/allemagne-autopsie-dun-echec-diplomatique-historique-au-conseil-de-securite\/#article","isPartOf":{"@id":"https:\/\/www.geopolitics.fr\/2026\/06\/26\/allemagne-autopsie-dun-echec-diplomatique-historique-au-conseil-de-securite\/"},"author":{"name":"Elyes GHARIANI","@id":"https:\/\/www.geopolitics.fr\/#\/schema\/person\/2f100050c14e702a5388d142a9fa8307"},"headline":"Allemagne : Autopsie d\u2019un \u00e9chec diplomatique historique au Conseil de s\u00e9curit\u00e9","datePublished":"2026-06-26T06:24:30+00:00","dateModified":"2026-06-26T06:24:33+00:00","mainEntityOfPage":{"@id":"https:\/\/www.geopolitics.fr\/2026\/06\/26\/allemagne-autopsie-dun-echec-diplomatique-historique-au-conseil-de-securite\/"},"wordCount":1319,"publisher":{"@id":"https:\/\/www.geopolitics.fr\/#organization"},"image":{"@id":"https:\/\/www.geopolitics.fr\/2026\/06\/26\/allemagne-autopsie-dun-echec-diplomatique-historique-au-conseil-de-securite\/#primaryimage"},"thumbnailUrl":"https:\/\/www.geopolitics.fr\/wp-content\/uploads\/2026\/06\/echec-allemagne.jpg","keywords":["ALLEMAGNE","ONU"],"articleSection":["Droit international, multilat\u00e9ral","Europe","International","Mis en AVANT"],"inLanguage":"en-GB"},{"@type":"WebPage","@id":"https:\/\/www.geopolitics.fr\/2026\/06\/26\/allemagne-autopsie-dun-echec-diplomatique-historique-au-conseil-de-securite\/","url":"https:\/\/www.geopolitics.fr\/2026\/06\/26\/allemagne-autopsie-dun-echec-diplomatique-historique-au-conseil-de-securite\/","name":"Allemagne : Autopsie d\u2019un \u00e9chec diplomatique historique au Conseil de s\u00e9curit\u00e9 | Geopolitics.fr","isPartOf":{"@id":"https:\/\/www.geopolitics.fr\/#website"},"primaryImageOfPage":{"@id":"https:\/\/www.geopolitics.fr\/2026\/06\/26\/allemagne-autopsie-dun-echec-diplomatique-historique-au-conseil-de-securite\/#primaryimage"},"image":{"@id":"https:\/\/www.geopolitics.fr\/2026\/06\/26\/allemagne-autopsie-dun-echec-diplomatique-historique-au-conseil-de-securite\/#primaryimage"},"thumbnailUrl":"https:\/\/www.geopolitics.fr\/wp-content\/uploads\/2026\/06\/echec-allemagne.jpg","datePublished":"2026-06-26T06:24:30+00:00","dateModified":"2026-06-26T06:24:33+00:00","description":"Echec diplomatique de l'Allemagne au Conseil de s\u00e9curit\u00e9 : convergence de failles strat\u00e9giques, historiques, g\u00e9opolitiques et tactiques.","breadcrumb":{"@id":"https:\/\/www.geopolitics.fr\/2026\/06\/26\/allemagne-autopsie-dun-echec-diplomatique-historique-au-conseil-de-securite\/#breadcrumb"},"inLanguage":"en-GB","potentialAction":[{"@type":"ReadAction","target":["https:\/\/www.geopolitics.fr\/2026\/06\/26\/allemagne-autopsie-dun-echec-diplomatique-historique-au-conseil-de-securite\/"]}]},{"@type":"ImageObject","inLanguage":"en-GB","@id":"https:\/\/www.geopolitics.fr\/2026\/06\/26\/allemagne-autopsie-dun-echec-diplomatique-historique-au-conseil-de-securite\/#primaryimage","url":"https:\/\/www.geopolitics.fr\/wp-content\/uploads\/2026\/06\/echec-allemagne.jpg","contentUrl":"https:\/\/www.geopolitics.fr\/wp-content\/uploads\/2026\/06\/echec-allemagne.jpg","width":572,"height":388},{"@type":"BreadcrumbList","@id":"https:\/\/www.geopolitics.fr\/2026\/06\/26\/allemagne-autopsie-dun-echec-diplomatique-historique-au-conseil-de-securite\/#breadcrumb","itemListElement":[{"@type":"ListItem","position":1,"name":"Accueil","item":"https:\/\/www.geopolitics.fr\/"},{"@type":"ListItem","position":2,"name":"Allemagne : Autopsie d\u2019un \u00e9chec diplomatique historique au Conseil de s\u00e9curit\u00e9"}]},{"@type":"WebSite","@id":"https:\/\/www.geopolitics.fr\/#website","url":"https:\/\/www.geopolitics.fr\/","name":"Geopolitics.fr","description":"Geopolitics.fr Analyse politique, relations internationales, d\u00e9fense - ligne \u00e9ditoriale gaullo-chiraquienne","publisher":{"@id":"https:\/\/www.geopolitics.fr\/#organization"},"potentialAction":[{"@type":"SearchAction","target":{"@type":"EntryPoint","urlTemplate":"https:\/\/www.geopolitics.fr\/?s={search_term_string}"},"query-input":{"@type":"PropertyValueSpecification","valueRequired":true,"valueName":"search_term_string"}}],"inLanguage":"en-GB"},{"@type":"Organization","@id":"https:\/\/www.geopolitics.fr\/#organization","name":"Geopolitics.fr","url":"https:\/\/www.geopolitics.fr\/","logo":{"@type":"ImageObject","inLanguage":"en-GB","@id":"https:\/\/www.geopolitics.fr\/#\/schema\/logo\/image\/","url":"https:\/\/www.geopolitics.fr\/wp-content\/uploads\/2024\/01\/logo.jpg","contentUrl":"https:\/\/www.geopolitics.fr\/wp-content\/uploads\/2024\/01\/logo.jpg","width":500,"height":500,"caption":"Geopolitics.fr"},"image":{"@id":"https:\/\/www.geopolitics.fr\/#\/schema\/logo\/image\/"},"sameAs":["https:\/\/www.facebook.com\/people\/Erwan-Davoux\/61557098968092\/","https:\/\/x.com\/Geopolitics_Fr"]},{"@type":"Person","@id":"https:\/\/www.geopolitics.fr\/#\/schema\/person\/2f100050c14e702a5388d142a9fa8307","name":"Elyes GHARIANI","image":{"@type":"ImageObject","inLanguage":"en-GB","@id":"https:\/\/www.geopolitics.fr\/wp-content\/uploads\/2024\/12\/elyes-photo-96x96.png","url":"https:\/\/www.geopolitics.fr\/wp-content\/uploads\/2024\/12\/elyes-photo-96x96.png","contentUrl":"https:\/\/www.geopolitics.fr\/wp-content\/uploads\/2024\/12\/elyes-photo-96x96.png","caption":"Elyes GHARIANI"},"description":"Ancien ambassadeur de Tunisie, \u00e0 Berlin et \u00e0 La Haye et fort d\u2019une exp\u00e9rience de 40 ans dans le travail diplomatique et la coop\u00e9ration internationale, il dispose d\u2019une bonne expertise en affaires europ\u00e9ennes pour avoir \u00e9t\u00e9 en poste dans les principaux Etats membres fondateurs de l\u2019UE (Allemagne, Belgique, France, Pays-Bas). Dipl\u00f4m\u00e9 de l\u2019Institut Bourguiba des Langues Vivantes de Tunis, de l\u2019Institut Pouchkine de langue russe \u00e0 Moscou et de l\u2019Institut Universitaire des Hautes Etudes Internationales (IUHEI) de Gen\u00e8ve, il dispose d\u2019une large exp\u00e9rience en mati\u00e8re de gestion et de mise en \u0153uvre de projets au niveau international. Il a \u00e9t\u00e9 Conseiller Diplomatique du Chef du Gouvernement en 2015-2016 et 2020-2021","url":"https:\/\/www.geopolitics.fr\/en\/author\/elyes\/"}]}},"_links":{"self":[{"href":"https:\/\/www.geopolitics.fr\/en\/wp-json\/wp\/v2\/posts\/4485","targetHints":{"allow":["GET"]}}],"collection":[{"href":"https:\/\/www.geopolitics.fr\/en\/wp-json\/wp\/v2\/posts"}],"about":[{"href":"https:\/\/www.geopolitics.fr\/en\/wp-json\/wp\/v2\/types\/post"}],"author":[{"embeddable":true,"href":"https:\/\/www.geopolitics.fr\/en\/wp-json\/wp\/v2\/users\/103"}],"replies":[{"embeddable":true,"href":"https:\/\/www.geopolitics.fr\/en\/wp-json\/wp\/v2\/comments?post=4485"}],"version-history":[{"count":1,"href":"https:\/\/www.geopolitics.fr\/en\/wp-json\/wp\/v2\/posts\/4485\/revisions"}],"predecessor-version":[{"id":4487,"href":"https:\/\/www.geopolitics.fr\/en\/wp-json\/wp\/v2\/posts\/4485\/revisions\/4487"}],"wp:featuredmedia":[{"embeddable":true,"href":"https:\/\/www.geopolitics.fr\/en\/wp-json\/wp\/v2\/media\/4486"}],"wp:attachment":[{"href":"https:\/\/www.geopolitics.fr\/en\/wp-json\/wp\/v2\/media?parent=4485"}],"wp:term":[{"taxonomy":"category","embeddable":true,"href":"https:\/\/www.geopolitics.fr\/en\/wp-json\/wp\/v2\/categories?post=4485"},{"taxonomy":"post_tag","embeddable":true,"href":"https:\/\/www.geopolitics.fr\/en\/wp-json\/wp\/v2\/tags?post=4485"}],"curies":[{"name":"wp","href":"https:\/\/api.w.org\/{rel}","templated":true}]}}