{"id":4482,"date":"2026-06-24T21:30:13","date_gmt":"2026-06-24T19:30:13","guid":{"rendered":"https:\/\/www.geopolitics.fr\/?p=4482"},"modified":"2026-06-24T21:31:26","modified_gmt":"2026-06-24T19:31:26","slug":"tensions-autour-du-traite-des-eaux-de-lindus-linde-et-le-pakistan-un-an-apres-pahalgam","status":"publish","type":"post","link":"https:\/\/www.geopolitics.fr\/en\/2026\/06\/24\/tensions-autour-du-traite-des-eaux-de-lindus-linde-et-le-pakistan-un-an-apres-pahalgam\/","title":{"rendered":"Tensions autour du Trait\u00e9 des eaux de l&rsquo;Indus : l&rsquo;Inde et le Pakistan un an apr\u00e8s Pahalgam"},"content":{"rendered":"<p class=\"has-medium-font-size wp-block-paragraph\">L&rsquo;Inde avait annonc\u00e9, dans les semaines suivant l&rsquo;attentat, la suspension de sa participation aux m\u00e9canismes de consultation pr\u00e9vus par le trait\u00e9. La raison : le soutien pr\u00e9sum\u00e9 de groupes bas\u00e9s au Pakistan aux auteurs de l&rsquo;attaque. Cette d\u00e9cision, sans \u00e9quivalent dans l&rsquo;histoire, a plong\u00e9 les deux pays dans une incertitude juridique et technique consid\u00e9rable. Le trait\u00e9 r\u00e9partit les eaux des six rivi\u00e8res du bassin de l&rsquo;Indus.  Les trois rivi\u00e8res orientales (Sutlej, Beas, Ravi) sont attribu\u00e9es \u00e0 l&rsquo;Inde, tandis que les trois occidentales (Indus, Jhelum, Chenab) reviennent au Pakistan. Toutefois des droits d&rsquo;usage limit\u00e9s accord\u00e9s \u00e0 New Delhi pour l&rsquo;irrigation et la production hydro\u00e9lectrique.<\/p>\n\n\n\n<p class=\"has-medium-font-size wp-block-paragraph\">La question de l&rsquo;eau rev\u00eat une importance existentielle pour le Pakistan. Le bassin de l&rsquo;Indus fournit plus de 90 % de l&rsquo;eau utilis\u00e9e par l&rsquo;agriculture pakistanaise, secteur qui emploie pr\u00e8s de 40 % de la population active du pays. Toute r\u00e9duction significative des flux en provenance du Cachemire indien menacerait directement la s\u00e9curit\u00e9 alimentaire pakistanaise. Cette d\u00e9pendance structurelle conduit Islamabad \u00e0 consid\u00e9rer le trait\u00e9 comme une ligne rouge absolue, au-del\u00e0 des fluctuations des relations politiques.<\/p>\n\n\n\n<h2 id=\"h-l-eau-comme-arme-geopolitique-une-tentation-indienne-croissante\" class=\"wp-block-heading has-medium-font-size\">L&rsquo;eau comme arme g\u00e9opolitique : une tentation indienne croissante<\/h2>\n\n\n\n<p class=\"has-medium-font-size wp-block-paragraph\">Du c\u00f4t\u00e9 indien, la perception du trait\u00e9 a \u00e9volu\u00e9 au fil des d\u00e9cennies. Longtemps consid\u00e9r\u00e9 comme un mod\u00e8le de coop\u00e9ration pragmatique transcendant les antagonismes politiques, l&rsquo;accord est d\u00e9sormais critiqu\u00e9. Une partie de l&rsquo;establishment de New Delhi consid\u00e8re comme excessivement g\u00e9n\u00e9reux envers le Pakistan. Les nationalistes hindous estiment s&rsquo;\u00eatres  priv\u00e9s de ressources hydrauliques pr\u00e9cieuses pour  pour leur propre d\u00e9veloppement, notamment dans les \u00c9tats arides du Rajasthan et de l&rsquo;Haryana. L&rsquo;id\u00e9e d&rsquo;utiliser l&rsquo;eau comme levier de pression sur Islamabad a gagn\u00e9 du terrain dans le d\u00e9bat public indien.<\/p>\n\n\n\n<p class=\"has-medium-font-size wp-block-paragraph\">Cette instrumentalisation potentielle des ressources hydriques s&rsquo;inscrit dans un contexte r\u00e9gional plus large. Les tensions sino-indiennes au Ladakh, la comp\u00e9tition pour l&rsquo;influence en Asie du Sud, et la perception \u00e0 New Delhi d&rsquo;un Pakistan de plus en plus align\u00e9 sur P\u00e9kin alimentent une vision indienne plus assertive. Pour le gouvernement de Narendra Modi, la suspension du trait\u00e9 de l&rsquo;Indus repr\u00e9sente un signal envoy\u00e9 \u00e0 Islamabad mais aussi \u00e0 l&rsquo;ensemble de la r\u00e9gion. L&rsquo;Inde ne tol\u00e9rera plus ce qu&rsquo;elle consid\u00e8re comme des agressions terroristes soutenues par son voisin sans infliger des co\u00fbts significatifs.<\/p>\n\n\n\n<p class=\"has-medium-font-size wp-block-paragraph\">Pourtant, l&rsquo;utilisation de l&rsquo;eau comme arme comporte des risques consid\u00e9rables. Au-del\u00e0 des implications humanitaires d&rsquo;une crise hydrique au Pakistan, une telle strat\u00e9gie pourrait avoir des effets de r\u00e9torsion impr\u00e9visibles. Le Pakistan dispose de capacit\u00e9s nucl\u00e9aires. Il a historiquement d\u00e9montr\u00e9 sa disposition \u00e0 recourir \u00e0 des acteurs non \u00e9tatiques lorsqu&rsquo;il se sent accul\u00e9. Une guerre de l&rsquo;eau entre deux puissances nucl\u00e9aires repr\u00e9senterait un sc\u00e9nario cauchemardesque pour la stabilit\u00e9 r\u00e9gionale et mondiale.<\/p>\n\n\n\n<h2 id=\"h-quel-forum-pour-relancer-le-dialogue\" class=\"wp-block-heading\">Quel forum pour relancer le dialogue ?<\/h2>\n\n\n\n<p class=\"has-medium-font-size wp-block-paragraph\">La suspension du trait\u00e9 pose la question des m\u00e9canismes susceptibles de faciliter une reprise du dialogue entre les deux capitales. La Banque mondiale, garante originelle de l&rsquo;accord, se trouve dans une position d\u00e9licate. En effet, elle a historiquement \u00e9vit\u00e9 de prendre parti dans les diff\u00e9rends bilat\u00e9raux, pr\u00e9f\u00e9rant encourager les parties \u00e0 r\u00e9soudre leurs divergences par les proc\u00e9dures pr\u00e9vues par le trait\u00e9. Les instances sont la Commission permanente de l&rsquo;Indus, des experts neutres, un tribunal arbitral. Mais ces m\u00e9canismes supposent une volont\u00e9 minimale de coop\u00e9ration que la suspension indienne a pr\u00e9cis\u00e9ment remise en cause.<\/p>\n\n\n\n<p class=\"has-medium-font-size wp-block-paragraph\">Plusieurs observateurs \u00e9voquent la possibilit\u00e9 d&rsquo;une m\u00e9diation internationale, \u00e9ventuellement sous l&rsquo;\u00e9gide des Nations unies ou de puissances extrar\u00e9gionales. Les \u00c9tats-Unis ou la Chine sont \u00e9voqu\u00e9s. Toutefois, l&rsquo;Inde a traditionnellement refus\u00e9 toute internationalisation des diff\u00e9rends avec le Pakistan, consid\u00e9rant qu&rsquo;ils rel\u00e8vent exclusivement du dialogue bilat\u00e9ral. Cette position, r\u00e9affirm\u00e9e avec force par New Delhi depuis l&rsquo;attaque de Pahalgam, limite consid\u00e9rablement les options.<\/p>\n\n\n\n<p class=\"has-medium-font-size wp-block-paragraph\">La Chine, partenaire strat\u00e9gique d&rsquo;Islamabad mais \u00e9galement soucieuse de stabiliser sa fronti\u00e8re himalayenne avec l&rsquo;Inde, pourrait jouer un r\u00f4le de facilitateur. P\u00e9kin a cependant ses propres contentieux hydrologiques avec New Delhi concernant le Brahmapoutre, ce qui complique toute pr\u00e9tention \u00e0 la neutralit\u00e9. <\/p>\n\n\n\n<p class=\"has-medium-font-size wp-block-paragraph\">Quant aux \u00c9tats-Unis, leur attention est largement absorb\u00e9e par le conflit iranien et les tensions avec la Chine, laissant peu de bande passante diplomatique pour la m\u00e9diation indo-pakistanaise.<\/p>\n\n\n\n<h2 id=\"h-les-perspectives-d-une-normalisation-incertaine\" class=\"wp-block-heading\">Les perspectives d&rsquo;une normalisation incertaine<\/h2>\n\n\n\n<p class=\"has-medium-font-size wp-block-paragraph\">Un an apr\u00e8s Pahalgam, les perspectives de normalisation des relations indo-pakistanaises demeurent sombres. Les deux pays restent engag\u00e9s dans une spirale de m\u00e9fiance. Chaque geste de l&rsquo;adversaire est interpr\u00e9t\u00e9 de la mani\u00e8re la plus d\u00e9favorable possible. Le Pakistan d\u00e9nonce ce qu&rsquo;il consid\u00e8re comme une politique de strangulation \u00e9conomique et hydraulique orchestr\u00e9e par New Delhi. L&rsquo;Inde accuse Islamabad de n&rsquo;avoir pris aucune mesure s\u00e9rieuse contre les groupes terroristes op\u00e9rant depuis son territoire.<\/p>\n\n\n\n<p class=\"has-medium-font-size wp-block-paragraph\">La question du Cachemire, source premi\u00e8re du conflit indo-pakistanais, reste aussi \u00e9loign\u00e9e que jamais d&rsquo;une r\u00e9solution. L&rsquo;abrogation par New Delhi, en 2019, de l&rsquo;autonomie constitutionnelle du Jammu-et-Cachemire et sa division en deux territoires de l&rsquo;Union a \u00e9t\u00e9 per\u00e7ue au Pakistan comme une annexion unilat\u00e9rale. Pour Islamabad, aucune normalisation v\u00e9ritable n&rsquo;est envisageable sans discussion sur le statut final du Cachemire. L&rsquo;Inde rejette cat\u00e9goriquement cette condition, consid\u00e9rant la question comme une affaire int\u00e9rieure.<\/p>\n\n\n\n<p class=\"has-medium-font-size wp-block-paragraph\">L&rsquo;avenir du bassin de l&rsquo;Indus d\u00e9pendra in fine de la capacit\u00e9 des deux pays \u00e0 dissocier la gestion technique des ressources partag\u00e9es de leurs antagonismes politiques. L&rsquo;histoire du trait\u00e9 d\u00e9montre que cette dissociation est possible, elle a fonctionn\u00e9 pendant six d\u00e9cennies. Mais l&rsquo;\u00e9pisode actuel rappelle \u00e9galement que rien n&rsquo;est acquis.  L&rsquo;eau, ressource vitale en voie de rar\u00e9faction sous l&rsquo;effet du changement climatique, pourrait devenir le d\u00e9tonateur de conflits bien plus graves si les m\u00e9canismes de coop\u00e9ration ne sont pas restaur\u00e9s.<\/p>","protected":false},"excerpt":{"rendered":"<p>L&rsquo;Inde avait annonc\u00e9, dans les semaines suivant l&rsquo;attentat, la suspension de sa participation aux m\u00e9canismes de consultation pr\u00e9vus par le trait\u00e9. La&hellip;<\/p>","protected":false},"author":31730,"featured_media":4483,"comment_status":"closed","ping_status":"closed","sticky":false,"template":"","format":"standard","meta":{"_lmt_disableupdate":"","_lmt_disable":"","footnotes":""},"categories":[615,609,5,4],"tags":[699,587],"class_list":["post-4482","post","type-post","status-publish","format-standard","has-post-thumbnail","hentry","category-asie-oceanie","category-defense","category-international","category-mis-en-avant","tag-inde","tag-pakistan"],"yoast_head":"<!-- This site is optimized with the Yoast SEO Premium plugin v28.1 (Yoast SEO v28.1) - https:\/\/yoast.com\/product\/yoast-seo-premium-wordpress\/ -->\n<title>Tensions autour du Trait\u00e9 des eaux de l&#039;Indus : l&#039;Inde et le Pakistan un an apr\u00e8s Pahalgam | Geopolitics.fr<\/title>\n<meta name=\"description\" content=\"L&#039;avenir du bassin de l&#039;Indus d\u00e9pendra de la capacit\u00e9 des deux pays \u00e0 dissocier la gestion technique des ressources de les politiques.\" \/>\n<meta name=\"robots\" content=\"index, follow, max-snippet:-1, max-image-preview:large, max-video-preview:-1\" \/>\n<link rel=\"canonical\" href=\"https:\/\/www.geopolitics.fr\/en\/2026\/06\/24\/tensions-autour-du-traite-des-eaux-de-lindus-linde-et-le-pakistan-un-an-apres-pahalgam\/\" \/>\n<meta property=\"og:locale\" content=\"en_GB\" \/>\n<meta property=\"og:type\" content=\"article\" \/>\n<meta property=\"og:title\" content=\"Tensions autour du Trait\u00e9 des eaux de l&#039;Indus : l&#039;Inde et le Pakistan un an apr\u00e8s Pahalgam\" \/>\n<meta property=\"og:description\" content=\"L&#039;avenir du bassin de l&#039;Indus d\u00e9pendra de la capacit\u00e9 des deux pays \u00e0 dissocier la gestion technique des ressources de les politiques.\" \/>\n<meta property=\"og:url\" content=\"https:\/\/www.geopolitics.fr\/en\/2026\/06\/24\/tensions-autour-du-traite-des-eaux-de-lindus-linde-et-le-pakistan-un-an-apres-pahalgam\/\" \/>\n<meta property=\"og:site_name\" content=\"Geopolitics.fr\" \/>\n<meta property=\"article:publisher\" content=\"https:\/\/www.facebook.com\/people\/Erwan-Davoux\/61557098968092\/\" \/>\n<meta property=\"article:published_time\" content=\"2026-06-24T19:30:13+00:00\" \/>\n<meta property=\"article:modified_time\" content=\"2026-06-24T19:31:26+00:00\" \/>\n<meta property=\"og:image\" content=\"https:\/\/www.geopolitics.fr\/wp-content\/uploads\/2026\/06\/inde-pakistan.png\" \/>\n\t<meta property=\"og:image:width\" content=\"286\" \/>\n\t<meta property=\"og:image:height\" content=\"381\" \/>\n\t<meta property=\"og:image:type\" content=\"image\/png\" \/>\n<meta name=\"author\" content=\"Ghizlaine Badri\" \/>\n<meta name=\"twitter:card\" content=\"summary_large_image\" \/>\n<meta name=\"twitter:creator\" content=\"@Geopolitics_Fr\" \/>\n<meta name=\"twitter:site\" content=\"@Geopolitics_Fr\" \/>\n<meta name=\"twitter:label1\" content=\"Written by\" \/>\n\t<meta name=\"twitter:data1\" content=\"Ghizlaine Badri\" \/>\n\t<meta name=\"twitter:label2\" content=\"Estimated reading time\" \/>\n\t<meta name=\"twitter:data2\" content=\"5 minutes\" \/>\n<script type=\"application\/ld+json\" class=\"yoast-schema-graph\">{\"@context\":\"https:\\\/\\\/schema.org\",\"@graph\":[{\"@type\":\"Article\",\"@id\":\"https:\\\/\\\/www.geopolitics.fr\\\/2026\\\/06\\\/24\\\/tensions-autour-du-traite-des-eaux-de-lindus-linde-et-le-pakistan-un-an-apres-pahalgam\\\/#article\",\"isPartOf\":{\"@id\":\"https:\\\/\\\/www.geopolitics.fr\\\/2026\\\/06\\\/24\\\/tensions-autour-du-traite-des-eaux-de-lindus-linde-et-le-pakistan-un-an-apres-pahalgam\\\/\"},\"author\":{\"name\":\"Ghizlaine Badri\",\"@id\":\"https:\\\/\\\/www.geopolitics.fr\\\/#\\\/schema\\\/person\\\/c36b165f511617c65a2bf8f8abd9af41\"},\"headline\":\"Tensions autour du Trait\u00e9 des eaux de l&rsquo;Indus : l&rsquo;Inde et le Pakistan un an apr\u00e8s Pahalgam\",\"datePublished\":\"2026-06-24T19:30:13+00:00\",\"dateModified\":\"2026-06-24T19:31:26+00:00\",\"mainEntityOfPage\":{\"@id\":\"https:\\\/\\\/www.geopolitics.fr\\\/2026\\\/06\\\/24\\\/tensions-autour-du-traite-des-eaux-de-lindus-linde-et-le-pakistan-un-an-apres-pahalgam\\\/\"},\"wordCount\":1064,\"publisher\":{\"@id\":\"https:\\\/\\\/www.geopolitics.fr\\\/#organization\"},\"image\":{\"@id\":\"https:\\\/\\\/www.geopolitics.fr\\\/2026\\\/06\\\/24\\\/tensions-autour-du-traite-des-eaux-de-lindus-linde-et-le-pakistan-un-an-apres-pahalgam\\\/#primaryimage\"},\"thumbnailUrl\":\"https:\\\/\\\/www.geopolitics.fr\\\/wp-content\\\/uploads\\\/2026\\\/06\\\/inde-pakistan.png\",\"keywords\":[\"INDE\",\"PAKISTAN\"],\"articleSection\":[\"Asie\\\/Oc\u00e9anie\",\"D\u00e9fense\",\"International\",\"Mis en AVANT\"],\"inLanguage\":\"en-GB\"},{\"@type\":\"WebPage\",\"@id\":\"https:\\\/\\\/www.geopolitics.fr\\\/2026\\\/06\\\/24\\\/tensions-autour-du-traite-des-eaux-de-lindus-linde-et-le-pakistan-un-an-apres-pahalgam\\\/\",\"url\":\"https:\\\/\\\/www.geopolitics.fr\\\/2026\\\/06\\\/24\\\/tensions-autour-du-traite-des-eaux-de-lindus-linde-et-le-pakistan-un-an-apres-pahalgam\\\/\",\"name\":\"Tensions autour du Trait\u00e9 des eaux de l'Indus : l'Inde et le Pakistan un an apr\u00e8s Pahalgam | Geopolitics.fr\",\"isPartOf\":{\"@id\":\"https:\\\/\\\/www.geopolitics.fr\\\/#website\"},\"primaryImageOfPage\":{\"@id\":\"https:\\\/\\\/www.geopolitics.fr\\\/2026\\\/06\\\/24\\\/tensions-autour-du-traite-des-eaux-de-lindus-linde-et-le-pakistan-un-an-apres-pahalgam\\\/#primaryimage\"},\"image\":{\"@id\":\"https:\\\/\\\/www.geopolitics.fr\\\/2026\\\/06\\\/24\\\/tensions-autour-du-traite-des-eaux-de-lindus-linde-et-le-pakistan-un-an-apres-pahalgam\\\/#primaryimage\"},\"thumbnailUrl\":\"https:\\\/\\\/www.geopolitics.fr\\\/wp-content\\\/uploads\\\/2026\\\/06\\\/inde-pakistan.png\",\"datePublished\":\"2026-06-24T19:30:13+00:00\",\"dateModified\":\"2026-06-24T19:31:26+00:00\",\"description\":\"L'avenir du bassin de l'Indus d\u00e9pendra de la capacit\u00e9 des deux pays \u00e0 dissocier la gestion technique des ressources de les politiques.\",\"breadcrumb\":{\"@id\":\"https:\\\/\\\/www.geopolitics.fr\\\/2026\\\/06\\\/24\\\/tensions-autour-du-traite-des-eaux-de-lindus-linde-et-le-pakistan-un-an-apres-pahalgam\\\/#breadcrumb\"},\"inLanguage\":\"en-GB\",\"potentialAction\":[{\"@type\":\"ReadAction\",\"target\":[\"https:\\\/\\\/www.geopolitics.fr\\\/2026\\\/06\\\/24\\\/tensions-autour-du-traite-des-eaux-de-lindus-linde-et-le-pakistan-un-an-apres-pahalgam\\\/\"]}]},{\"@type\":\"ImageObject\",\"inLanguage\":\"en-GB\",\"@id\":\"https:\\\/\\\/www.geopolitics.fr\\\/2026\\\/06\\\/24\\\/tensions-autour-du-traite-des-eaux-de-lindus-linde-et-le-pakistan-un-an-apres-pahalgam\\\/#primaryimage\",\"url\":\"https:\\\/\\\/www.geopolitics.fr\\\/wp-content\\\/uploads\\\/2026\\\/06\\\/inde-pakistan.png\",\"contentUrl\":\"https:\\\/\\\/www.geopolitics.fr\\\/wp-content\\\/uploads\\\/2026\\\/06\\\/inde-pakistan.png\",\"width\":286,\"height\":381},{\"@type\":\"BreadcrumbList\",\"@id\":\"https:\\\/\\\/www.geopolitics.fr\\\/2026\\\/06\\\/24\\\/tensions-autour-du-traite-des-eaux-de-lindus-linde-et-le-pakistan-un-an-apres-pahalgam\\\/#breadcrumb\",\"itemListElement\":[{\"@type\":\"ListItem\",\"position\":1,\"name\":\"Accueil\",\"item\":\"https:\\\/\\\/www.geopolitics.fr\\\/\"},{\"@type\":\"ListItem\",\"position\":2,\"name\":\"Tensions autour du Trait\u00e9 des eaux de l&rsquo;Indus : l&rsquo;Inde et le Pakistan un an apr\u00e8s Pahalgam\"}]},{\"@type\":\"WebSite\",\"@id\":\"https:\\\/\\\/www.geopolitics.fr\\\/#website\",\"url\":\"https:\\\/\\\/www.geopolitics.fr\\\/\",\"name\":\"Geopolitics.fr\",\"description\":\"Geopolitics.fr Analyse politique, relations internationales, d\u00e9fense - ligne \u00e9ditoriale gaullo-chiraquienne\",\"publisher\":{\"@id\":\"https:\\\/\\\/www.geopolitics.fr\\\/#organization\"},\"potentialAction\":[{\"@type\":\"SearchAction\",\"target\":{\"@type\":\"EntryPoint\",\"urlTemplate\":\"https:\\\/\\\/www.geopolitics.fr\\\/?s={search_term_string}\"},\"query-input\":{\"@type\":\"PropertyValueSpecification\",\"valueRequired\":true,\"valueName\":\"search_term_string\"}}],\"inLanguage\":\"en-GB\"},{\"@type\":\"Organization\",\"@id\":\"https:\\\/\\\/www.geopolitics.fr\\\/#organization\",\"name\":\"Geopolitics.fr\",\"url\":\"https:\\\/\\\/www.geopolitics.fr\\\/\",\"logo\":{\"@type\":\"ImageObject\",\"inLanguage\":\"en-GB\",\"@id\":\"https:\\\/\\\/www.geopolitics.fr\\\/#\\\/schema\\\/logo\\\/image\\\/\",\"url\":\"https:\\\/\\\/www.geopolitics.fr\\\/wp-content\\\/uploads\\\/2024\\\/01\\\/logo.jpg\",\"contentUrl\":\"https:\\\/\\\/www.geopolitics.fr\\\/wp-content\\\/uploads\\\/2024\\\/01\\\/logo.jpg\",\"width\":500,\"height\":500,\"caption\":\"Geopolitics.fr\"},\"image\":{\"@id\":\"https:\\\/\\\/www.geopolitics.fr\\\/#\\\/schema\\\/logo\\\/image\\\/\"},\"sameAs\":[\"https:\\\/\\\/www.facebook.com\\\/people\\\/Erwan-Davoux\\\/61557098968092\\\/\",\"https:\\\/\\\/x.com\\\/Geopolitics_Fr\"]},{\"@type\":\"Person\",\"@id\":\"https:\\\/\\\/www.geopolitics.fr\\\/#\\\/schema\\\/person\\\/c36b165f511617c65a2bf8f8abd9af41\",\"name\":\"Ghizlaine Badri\",\"image\":{\"@type\":\"ImageObject\",\"inLanguage\":\"en-GB\",\"@id\":\"https:\\\/\\\/www.geopolitics.fr\\\/wp-content\\\/uploads\\\/2026\\\/04\\\/cropped-Ghizlaine-96x96.jpg\",\"url\":\"https:\\\/\\\/www.geopolitics.fr\\\/wp-content\\\/uploads\\\/2026\\\/04\\\/cropped-Ghizlaine-96x96.jpg\",\"contentUrl\":\"https:\\\/\\\/www.geopolitics.fr\\\/wp-content\\\/uploads\\\/2026\\\/04\\\/cropped-Ghizlaine-96x96.jpg\",\"caption\":\"Ghizlaine Badri\"},\"description\":\"R\u00e9dactrice en chef de Geopolitics.fr, Ghizlaine Badri est une Journaliste politique forte de vingt-cing ans d'exp\u00e9rience professionnelle dont quinze ans dans la Presse. Elle a construit un parcours \u00e0 l'intersection des sc\u00e8nes fran\u00e7aise, europ\u00e9enne et internationale. Ghizlaine a collabor\u00e9 avec pr\u00e8s d'une vingtaine de m\u00e9dias, parmi lesquels Le Point, Le Figaro, Les \u00c9chos, L'Express et Forbes. Correspondante Maroc\u2013Maghreb pour Le Point et correspondante Afrique pour Forbes, elle s'est distingu\u00e9e par une couverture approfondie des dynamiques politiques et diplomatiques entre l'Europe et le continent africain. Elle est \u00e0 ce jour la seule journaliste marocaine en activit\u00e9 \u00e0 avoir collabor\u00e9 avec des titres majeurs de la presse fran\u00e7aise hors sph\u00e8re panafricaine en France. Au sein du quotidien \u00e9conomique L'\u00c9conomiste, 1er quotidien au Maroc, elle a fond\u00e9 la rubrique France\u2013Maroc, contribuant \u00e0 structurer un espace \u00e9ditorial in\u00e9dit. Titulaire de trois masters obtenus en France, elle a travaill\u00e9 dans les domaines de la communication institutionnelle notamment \u00e0 la Mairie de Bordeaux aupr\u00e8s d'Alain Jupp\u00e9 et a \u00e9galement exerc\u00e9 des fonctions de direction en communication marketing, notamment aupr\u00e8s de l'Ambassade de France au Maroc. Polyglotte, elle est franco-italo-marocaine, n\u00e9e \u00e0 Casablanca, a v\u00e9cu \u00e0 New-York et maitrise cinq langues le fran\u00e7ais, l'arabe, l'anglais, l'italien et l'espagnol.\",\"url\":\"https:\\\/\\\/www.geopolitics.fr\\\/en\\\/author\\\/ghizlaine-badri\\\/\"}]}<\/script>\n<!-- \/ Yoast SEO Premium plugin. -->","yoast_head_json":{"title":"Tensions autour du Trait\u00e9 des eaux de l'Indus : l'Inde et le Pakistan un an apr\u00e8s Pahalgam | Geopolitics.fr","description":"L'avenir du bassin de l'Indus d\u00e9pendra de la capacit\u00e9 des deux pays \u00e0 dissocier la gestion technique des ressources de les politiques.","robots":{"index":"index","follow":"follow","max-snippet":"max-snippet:-1","max-image-preview":"max-image-preview:large","max-video-preview":"max-video-preview:-1"},"canonical":"https:\/\/www.geopolitics.fr\/en\/2026\/06\/24\/tensions-autour-du-traite-des-eaux-de-lindus-linde-et-le-pakistan-un-an-apres-pahalgam\/","og_locale":"en_GB","og_type":"article","og_title":"Tensions autour du Trait\u00e9 des eaux de l'Indus : l'Inde et le Pakistan un an apr\u00e8s Pahalgam","og_description":"L'avenir du bassin de l'Indus d\u00e9pendra de la capacit\u00e9 des deux pays \u00e0 dissocier la gestion technique des ressources de les politiques.","og_url":"https:\/\/www.geopolitics.fr\/en\/2026\/06\/24\/tensions-autour-du-traite-des-eaux-de-lindus-linde-et-le-pakistan-un-an-apres-pahalgam\/","og_site_name":"Geopolitics.fr","article_publisher":"https:\/\/www.facebook.com\/people\/Erwan-Davoux\/61557098968092\/","article_published_time":"2026-06-24T19:30:13+00:00","article_modified_time":"2026-06-24T19:31:26+00:00","og_image":[{"width":286,"height":381,"url":"https:\/\/www.geopolitics.fr\/wp-content\/uploads\/2026\/06\/inde-pakistan.png","type":"image\/png"}],"author":"Ghizlaine Badri","twitter_card":"summary_large_image","twitter_creator":"@Geopolitics_Fr","twitter_site":"@Geopolitics_Fr","twitter_misc":{"Written by":"Ghizlaine Badri","Estimated reading time":"5 minutes"},"schema":{"@context":"https:\/\/schema.org","@graph":[{"@type":"Article","@id":"https:\/\/www.geopolitics.fr\/2026\/06\/24\/tensions-autour-du-traite-des-eaux-de-lindus-linde-et-le-pakistan-un-an-apres-pahalgam\/#article","isPartOf":{"@id":"https:\/\/www.geopolitics.fr\/2026\/06\/24\/tensions-autour-du-traite-des-eaux-de-lindus-linde-et-le-pakistan-un-an-apres-pahalgam\/"},"author":{"name":"Ghizlaine Badri","@id":"https:\/\/www.geopolitics.fr\/#\/schema\/person\/c36b165f511617c65a2bf8f8abd9af41"},"headline":"Tensions autour du Trait\u00e9 des eaux de l&rsquo;Indus : l&rsquo;Inde et le Pakistan un an apr\u00e8s Pahalgam","datePublished":"2026-06-24T19:30:13+00:00","dateModified":"2026-06-24T19:31:26+00:00","mainEntityOfPage":{"@id":"https:\/\/www.geopolitics.fr\/2026\/06\/24\/tensions-autour-du-traite-des-eaux-de-lindus-linde-et-le-pakistan-un-an-apres-pahalgam\/"},"wordCount":1064,"publisher":{"@id":"https:\/\/www.geopolitics.fr\/#organization"},"image":{"@id":"https:\/\/www.geopolitics.fr\/2026\/06\/24\/tensions-autour-du-traite-des-eaux-de-lindus-linde-et-le-pakistan-un-an-apres-pahalgam\/#primaryimage"},"thumbnailUrl":"https:\/\/www.geopolitics.fr\/wp-content\/uploads\/2026\/06\/inde-pakistan.png","keywords":["INDE","PAKISTAN"],"articleSection":["Asie\/Oc\u00e9anie","D\u00e9fense","International","Mis en AVANT"],"inLanguage":"en-GB"},{"@type":"WebPage","@id":"https:\/\/www.geopolitics.fr\/2026\/06\/24\/tensions-autour-du-traite-des-eaux-de-lindus-linde-et-le-pakistan-un-an-apres-pahalgam\/","url":"https:\/\/www.geopolitics.fr\/2026\/06\/24\/tensions-autour-du-traite-des-eaux-de-lindus-linde-et-le-pakistan-un-an-apres-pahalgam\/","name":"Tensions autour du Trait\u00e9 des eaux de l'Indus : l'Inde et le Pakistan un an apr\u00e8s Pahalgam | Geopolitics.fr","isPartOf":{"@id":"https:\/\/www.geopolitics.fr\/#website"},"primaryImageOfPage":{"@id":"https:\/\/www.geopolitics.fr\/2026\/06\/24\/tensions-autour-du-traite-des-eaux-de-lindus-linde-et-le-pakistan-un-an-apres-pahalgam\/#primaryimage"},"image":{"@id":"https:\/\/www.geopolitics.fr\/2026\/06\/24\/tensions-autour-du-traite-des-eaux-de-lindus-linde-et-le-pakistan-un-an-apres-pahalgam\/#primaryimage"},"thumbnailUrl":"https:\/\/www.geopolitics.fr\/wp-content\/uploads\/2026\/06\/inde-pakistan.png","datePublished":"2026-06-24T19:30:13+00:00","dateModified":"2026-06-24T19:31:26+00:00","description":"L'avenir du bassin de l'Indus d\u00e9pendra de la capacit\u00e9 des deux pays \u00e0 dissocier la gestion technique des ressources de les politiques.","breadcrumb":{"@id":"https:\/\/www.geopolitics.fr\/2026\/06\/24\/tensions-autour-du-traite-des-eaux-de-lindus-linde-et-le-pakistan-un-an-apres-pahalgam\/#breadcrumb"},"inLanguage":"en-GB","potentialAction":[{"@type":"ReadAction","target":["https:\/\/www.geopolitics.fr\/2026\/06\/24\/tensions-autour-du-traite-des-eaux-de-lindus-linde-et-le-pakistan-un-an-apres-pahalgam\/"]}]},{"@type":"ImageObject","inLanguage":"en-GB","@id":"https:\/\/www.geopolitics.fr\/2026\/06\/24\/tensions-autour-du-traite-des-eaux-de-lindus-linde-et-le-pakistan-un-an-apres-pahalgam\/#primaryimage","url":"https:\/\/www.geopolitics.fr\/wp-content\/uploads\/2026\/06\/inde-pakistan.png","contentUrl":"https:\/\/www.geopolitics.fr\/wp-content\/uploads\/2026\/06\/inde-pakistan.png","width":286,"height":381},{"@type":"BreadcrumbList","@id":"https:\/\/www.geopolitics.fr\/2026\/06\/24\/tensions-autour-du-traite-des-eaux-de-lindus-linde-et-le-pakistan-un-an-apres-pahalgam\/#breadcrumb","itemListElement":[{"@type":"ListItem","position":1,"name":"Accueil","item":"https:\/\/www.geopolitics.fr\/"},{"@type":"ListItem","position":2,"name":"Tensions autour du Trait\u00e9 des eaux de l&rsquo;Indus : l&rsquo;Inde et le Pakistan un an apr\u00e8s Pahalgam"}]},{"@type":"WebSite","@id":"https:\/\/www.geopolitics.fr\/#website","url":"https:\/\/www.geopolitics.fr\/","name":"Geopolitics.fr","description":"Geopolitics.fr Analyse politique, relations internationales, d\u00e9fense - ligne \u00e9ditoriale gaullo-chiraquienne","publisher":{"@id":"https:\/\/www.geopolitics.fr\/#organization"},"potentialAction":[{"@type":"SearchAction","target":{"@type":"EntryPoint","urlTemplate":"https:\/\/www.geopolitics.fr\/?s={search_term_string}"},"query-input":{"@type":"PropertyValueSpecification","valueRequired":true,"valueName":"search_term_string"}}],"inLanguage":"en-GB"},{"@type":"Organization","@id":"https:\/\/www.geopolitics.fr\/#organization","name":"Geopolitics.fr","url":"https:\/\/www.geopolitics.fr\/","logo":{"@type":"ImageObject","inLanguage":"en-GB","@id":"https:\/\/www.geopolitics.fr\/#\/schema\/logo\/image\/","url":"https:\/\/www.geopolitics.fr\/wp-content\/uploads\/2024\/01\/logo.jpg","contentUrl":"https:\/\/www.geopolitics.fr\/wp-content\/uploads\/2024\/01\/logo.jpg","width":500,"height":500,"caption":"Geopolitics.fr"},"image":{"@id":"https:\/\/www.geopolitics.fr\/#\/schema\/logo\/image\/"},"sameAs":["https:\/\/www.facebook.com\/people\/Erwan-Davoux\/61557098968092\/","https:\/\/x.com\/Geopolitics_Fr"]},{"@type":"Person","@id":"https:\/\/www.geopolitics.fr\/#\/schema\/person\/c36b165f511617c65a2bf8f8abd9af41","name":"Ghizlaine Badri","image":{"@type":"ImageObject","inLanguage":"en-GB","@id":"https:\/\/www.geopolitics.fr\/wp-content\/uploads\/2026\/04\/cropped-Ghizlaine-96x96.jpg","url":"https:\/\/www.geopolitics.fr\/wp-content\/uploads\/2026\/04\/cropped-Ghizlaine-96x96.jpg","contentUrl":"https:\/\/www.geopolitics.fr\/wp-content\/uploads\/2026\/04\/cropped-Ghizlaine-96x96.jpg","caption":"Ghizlaine Badri"},"description":"R\u00e9dactrice en chef de Geopolitics.fr, Ghizlaine Badri est une Journaliste politique forte de vingt-cing ans d'exp\u00e9rience professionnelle dont quinze ans dans la Presse. Elle a construit un parcours \u00e0 l'intersection des sc\u00e8nes fran\u00e7aise, europ\u00e9enne et internationale. Ghizlaine a collabor\u00e9 avec pr\u00e8s d'une vingtaine de m\u00e9dias, parmi lesquels Le Point, Le Figaro, Les \u00c9chos, L'Express et Forbes. Correspondante Maroc\u2013Maghreb pour Le Point et correspondante Afrique pour Forbes, elle s'est distingu\u00e9e par une couverture approfondie des dynamiques politiques et diplomatiques entre l'Europe et le continent africain. Elle est \u00e0 ce jour la seule journaliste marocaine en activit\u00e9 \u00e0 avoir collabor\u00e9 avec des titres majeurs de la presse fran\u00e7aise hors sph\u00e8re panafricaine en France. Au sein du quotidien \u00e9conomique L'\u00c9conomiste, 1er quotidien au Maroc, elle a fond\u00e9 la rubrique France\u2013Maroc, contribuant \u00e0 structurer un espace \u00e9ditorial in\u00e9dit. Titulaire de trois masters obtenus en France, elle a travaill\u00e9 dans les domaines de la communication institutionnelle notamment \u00e0 la Mairie de Bordeaux aupr\u00e8s d'Alain Jupp\u00e9 et a \u00e9galement exerc\u00e9 des fonctions de direction en communication marketing, notamment aupr\u00e8s de l'Ambassade de France au Maroc. Polyglotte, elle est franco-italo-marocaine, n\u00e9e \u00e0 Casablanca, a v\u00e9cu \u00e0 New-York et maitrise cinq langues le fran\u00e7ais, l'arabe, l'anglais, l'italien et l'espagnol.","url":"https:\/\/www.geopolitics.fr\/en\/author\/ghizlaine-badri\/"}]}},"_links":{"self":[{"href":"https:\/\/www.geopolitics.fr\/en\/wp-json\/wp\/v2\/posts\/4482","targetHints":{"allow":["GET"]}}],"collection":[{"href":"https:\/\/www.geopolitics.fr\/en\/wp-json\/wp\/v2\/posts"}],"about":[{"href":"https:\/\/www.geopolitics.fr\/en\/wp-json\/wp\/v2\/types\/post"}],"author":[{"embeddable":true,"href":"https:\/\/www.geopolitics.fr\/en\/wp-json\/wp\/v2\/users\/31730"}],"replies":[{"embeddable":true,"href":"https:\/\/www.geopolitics.fr\/en\/wp-json\/wp\/v2\/comments?post=4482"}],"version-history":[{"count":1,"href":"https:\/\/www.geopolitics.fr\/en\/wp-json\/wp\/v2\/posts\/4482\/revisions"}],"predecessor-version":[{"id":4484,"href":"https:\/\/www.geopolitics.fr\/en\/wp-json\/wp\/v2\/posts\/4482\/revisions\/4484"}],"wp:featuredmedia":[{"embeddable":true,"href":"https:\/\/www.geopolitics.fr\/en\/wp-json\/wp\/v2\/media\/4483"}],"wp:attachment":[{"href":"https:\/\/www.geopolitics.fr\/en\/wp-json\/wp\/v2\/media?parent=4482"}],"wp:term":[{"taxonomy":"category","embeddable":true,"href":"https:\/\/www.geopolitics.fr\/en\/wp-json\/wp\/v2\/categories?post=4482"},{"taxonomy":"post_tag","embeddable":true,"href":"https:\/\/www.geopolitics.fr\/en\/wp-json\/wp\/v2\/tags?post=4482"}],"curies":[{"name":"wp","href":"https:\/\/api.w.org\/{rel}","templated":true}]}}