{"id":4470,"date":"2026-05-31T09:30:00","date_gmt":"2026-05-31T07:30:00","guid":{"rendered":"https:\/\/www.geopolitics.fr\/?p=4470"},"modified":"2026-05-30T23:01:05","modified_gmt":"2026-05-30T21:01:05","slug":"sarkozy-face-au-precipice-lhomme-qui-ne-voulait-pas-y-croire","status":"publish","type":"post","link":"https:\/\/www.geopolitics.fr\/en\/2026\/05\/31\/sarkozy-face-au-precipice-lhomme-qui-ne-voulait-pas-y-croire\/","title":{"rendered":"Sarkozy face au pr\u00e9cipice, l&rsquo;homme qui ne voulait pas y croire"},"content":{"rendered":"<h2 id=\"h-la-chute-d-un-systeme\" class=\"wp-block-heading\">La chute d&rsquo;un syst\u00e8me<\/h2>\n\n\n\n<p class=\"has-medium-font-size wp-block-paragraph\">Il y a une ironie tragique dans la trajectoire de Nicolas Sarkozy. Lui qui incarna la verticalit\u00e9 du pouvoir, la certitude de l&rsquo;impunit\u00e9 r\u00e9publicaine tacitement accord\u00e9e aux anciens pr\u00e9sidents, se retrouve aujourd&rsquo;hui dans la position la plus vuln\u00e9rable de sa vie publique celle du justiciable ordinaire que la machine judiciaire broie sans \u00e9gard pour les \u00e9tats de service. Ce n&rsquo;est pas seulement un homme qui est jug\u00e9. C&rsquo;est une certaine conception de la R\u00e9publique, celle qui voulait que les grands puissent faillir sans jamais vraiment tomber, qui se fissure sous nos yeux.<\/p>\n\n\n\n<p class=\"has-medium-font-size wp-block-paragraph\">L&rsquo;affaire libyenne est \u00e0 cet \u00e9gard plus qu&rsquo;un dossier judiciaire. Elle est un r\u00e9v\u00e9lateur. Si les soup\u00e7ons s&rsquo;av\u00e8rent fond\u00e9s et les juges ont commenc\u00e9 \u00e0 les retenir c&rsquo;est toute la question de la souverainet\u00e9 de la d\u00e9cision d\u00e9mocratique qui se pose. Une victoire \u00e9lectorale potentiellement arros\u00e9e par l&rsquo;or d&rsquo;un despote africain, au m\u00e9pris des r\u00e8gles qui fondent la l\u00e9gitimit\u00e9 du suffrage universel. On comprend d\u00e8s lors pourquoi ses avocats d\u00e9fendent avec une telle v\u00e9h\u00e9mence l&rsquo;id\u00e9e que ce proc\u00e8s est politique. En effet, si l&rsquo;accusation est vraie, les cons\u00e9quences d\u00e9passent infiniment le sort d&rsquo;un seul homme.<\/p>\n\n\n\n<p class=\"has-medium-font-size wp-block-paragraph\">\u00ab C&rsquo;est un jour sinistre pour lui, pour la France et pour nos institutions. Cette incarc\u00e9ration est une honte. \u00bb<\/p>\n\n\n\n<p class=\"has-medium-font-size wp-block-paragraph\">Me Jean-Michel Darrois, avocat de Nicolas Sarkozy<\/p>\n\n\n\n<h2 id=\"h-la-desintegration-des-loyautes\" class=\"wp-block-heading has-medium-font-size\">La d\u00e9sint\u00e9gration des loyaut\u00e9s<\/h2>\n\n\n\n<p class=\"has-medium-font-size wp-block-paragraph\">Au proc\u00e8s en appel, la strat\u00e9gie de d\u00e9fense a cherch\u00e9 \u00e0 construire une distance entre l&rsquo;homme et les actes. Sarkozy ignorait, Sarkozy faisait confiance, Sarkozy \u00e9tait trahi par des collaborateurs trop z\u00e9l\u00e9s. Cette posture, classique dans les proc\u00e8s de pouvoir, a une limite \u00e9vidente : elle exige que les autres tiennent leur r\u00f4le de bouclier humain. Or, Claude Gu\u00e9ant, le fid\u00e8le entre les fid\u00e8les, l&rsquo;homme de l&rsquo;ombre qui avait tout g\u00e9r\u00e9 pendant les ann\u00e9es fastes, n&rsquo;a pas voulu endosser seul le costume du coupable commode. Absent des d\u00e9bats pour raison de sant\u00e9 grave, il a r\u00e9pliqu\u00e9 depuis son silence forc\u00e9 par des attestations pr\u00e9cises et d\u00e9vastatrices, contredisant point par point la version de son ancien patron. Cette rupture est en elle-m\u00eame un \u00e9v\u00e9nement politique. Elle dit quelque chose de profond sur la mani\u00e8re dont les syst\u00e8mes de fid\u00e9lit\u00e9 se d\u00e9litent quand la pression judiciaire devient insupportable.<\/p>\n\n\n\n<p class=\"has-medium-font-size wp-block-paragraph\">Ce que ce proc\u00e8s r\u00e9v\u00e8le aussi, c&rsquo;est l&rsquo;impuissance des r\u00e9seaux de soutien qui avaient longtemps prot\u00e9g\u00e9 Sarkozy des cons\u00e9quences les plus imm\u00e9diates de ses actes. La droite s&rsquo;est tue. Les anciens ministres se sont esquiv\u00e9s. Carla Bruni est l\u00e0, pr\u00e9sente, loyale, mais le cercle s&rsquo;est r\u00e9tr\u00e9ci. L&rsquo;homme qui avait fait de son carnet d&rsquo;adresses une arme politique se retrouve face \u00e0 la solitude fondamentale de celui que la justice a d\u00e9cid\u00e9 de traiter comme un \u00e9gal.<\/p>\n\n\n\n<h2 id=\"h-le-precipice\" class=\"wp-block-heading has-medium-font-size\">Le pr\u00e9cipice<\/h2>\n\n\n\n<p class=\"has-medium-font-size wp-block-paragraph\">Ce qui rend la situation particuli\u00e8rement grave tient \u00e0 la m\u00e9canique judiciaire elle-m\u00eame. Avec une r\u00e9quisition aussi lourde, et si la cour devait la confirmer en novembre prochain, le recours en cassation ne suspendrait pas l&rsquo;ex\u00e9cution de la peine. Et cette peine, compte tenu de son ampleur, serait trop lourde pour faire l&rsquo;objet d&rsquo;un am\u00e9nagement imm\u00e9diat, m\u00eame en tenant compte de l&rsquo;\u00e2ge, des pathologies \u00e9ventuelles, des r\u00e8gles d&rsquo;humanisation des peines que les juridictions d&rsquo;application peuvent mobiliser. <\/p>\n\n\n\n<p class=\"has-medium-font-size wp-block-paragraph\">Pour la premi\u00e8re fois dans l&rsquo;histoire de la Ve R\u00e9publique, un ancien pr\u00e9sident pourrait \u00eatre contraint de purger une longue peine de d\u00e9tention sans filet. Ni d\u00e9lai, ni bracelets, ni sortie rapide. L&rsquo;homme press\u00e9 celui qui r\u00e9formait par d\u00e9cret avant m\u00eame d&rsquo;avoir fini de d\u00e9jeuner devrait alors apprendre ce que c&rsquo;est que d&rsquo;attendre, enferm\u00e9, que le temps passe.<\/p>\n\n\n\n<p class=\"has-medium-font-size wp-block-paragraph\">La question qui flotte d\u00e9sormais sur toute la classe politique n&rsquo;est pas seulement celle du sort d&rsquo;un homme vieillissant, aussi puissant ait-il \u00e9t\u00e9. Elle est celle de ce que cette chute signifie pour la R\u00e9publique elle-m\u00eame, pour l&rsquo;image qu&rsquo;elle donne d&rsquo;elle-m\u00eame, pour la confiance que les citoyens peuvent encore placer dans ses institutions, et pour la mani\u00e8re dont elle traite ceux qu&rsquo;elle a port\u00e9s au sommet. Il n&rsquo;y a pas de r\u00e9ponse simple. Mais la question, elle, ne dispara\u00eetra pas avec un verdict.<\/p>","protected":false},"excerpt":{"rendered":"<p>La chute d&rsquo;un syst\u00e8me Il y a une ironie tragique dans la trajectoire de Nicolas Sarkozy. Lui qui incarna la verticalit\u00e9 du&hellip;<\/p>","protected":false},"author":31730,"featured_media":4471,"comment_status":"closed","ping_status":"closed","sticky":false,"template":"","format":"standard","meta":{"_lmt_disableupdate":"","_lmt_disable":"","footnotes":""},"categories":[605,617],"tags":[],"class_list":["post-4470","post","type-post","status-publish","format-standard","has-post-thumbnail","hentry","category-france","category-politique-france"],"yoast_head":"<!-- This site is optimized with the Yoast SEO Premium plugin v28.1 (Yoast SEO v28.1) - https:\/\/yoast.com\/product\/yoast-seo-premium-wordpress\/ -->\n<title>Sarkozy face au pr\u00e9cipice, l&#039;homme qui ne voulait pas y croire | Geopolitics.fr<\/title>\n<meta name=\"description\" content=\"Si l&#039;accusation \u00e0 l&#039;encontre de Nicolas Sarkozy est fond\u00e9e, les cons\u00e9quences d\u00e9passent infiniment le sort d&#039;un seul homme.\" \/>\n<meta name=\"robots\" content=\"index, follow, max-snippet:-1, max-image-preview:large, max-video-preview:-1\" \/>\n<link rel=\"canonical\" href=\"https:\/\/www.geopolitics.fr\/en\/2026\/05\/31\/sarkozy-face-au-precipice-lhomme-qui-ne-voulait-pas-y-croire\/\" \/>\n<meta property=\"og:locale\" content=\"en_GB\" \/>\n<meta property=\"og:type\" content=\"article\" \/>\n<meta property=\"og:title\" content=\"Sarkozy face au pr\u00e9cipice, l&#039;homme qui ne voulait pas y croire\" \/>\n<meta property=\"og:description\" content=\"Si l&#039;accusation \u00e0 l&#039;encontre de Nicolas Sarkozy est fond\u00e9e, les cons\u00e9quences d\u00e9passent infiniment le sort d&#039;un seul homme.\" \/>\n<meta property=\"og:url\" content=\"https:\/\/www.geopolitics.fr\/en\/2026\/05\/31\/sarkozy-face-au-precipice-lhomme-qui-ne-voulait-pas-y-croire\/\" \/>\n<meta property=\"og:site_name\" content=\"Geopolitics.fr\" \/>\n<meta property=\"article:publisher\" content=\"https:\/\/www.facebook.com\/people\/Erwan-Davoux\/61557098968092\/\" \/>\n<meta property=\"article:published_time\" content=\"2026-05-31T07:30:00+00:00\" \/>\n<meta property=\"og:image\" content=\"https:\/\/www.geopolitics.fr\/wp-content\/uploads\/2026\/05\/SARKO.jpg\" \/>\n\t<meta property=\"og:image:width\" content=\"762\" \/>\n\t<meta property=\"og:image:height\" content=\"512\" \/>\n\t<meta property=\"og:image:type\" content=\"image\/jpeg\" \/>\n<meta name=\"author\" content=\"Ghizlaine Badri\" \/>\n<meta name=\"twitter:card\" content=\"summary_large_image\" \/>\n<meta name=\"twitter:creator\" content=\"@Geopolitics_Fr\" \/>\n<meta name=\"twitter:site\" content=\"@Geopolitics_Fr\" \/>\n<meta name=\"twitter:label1\" content=\"Written by\" \/>\n\t<meta name=\"twitter:data1\" content=\"Ghizlaine Badri\" \/>\n\t<meta name=\"twitter:label2\" content=\"Estimated reading time\" \/>\n\t<meta name=\"twitter:data2\" content=\"4 minutes\" \/>\n<script type=\"application\/ld+json\" class=\"yoast-schema-graph\">{\"@context\":\"https:\\\/\\\/schema.org\",\"@graph\":[{\"@type\":\"Article\",\"@id\":\"https:\\\/\\\/www.geopolitics.fr\\\/2026\\\/05\\\/31\\\/sarkozy-face-au-precipice-lhomme-qui-ne-voulait-pas-y-croire\\\/#article\",\"isPartOf\":{\"@id\":\"https:\\\/\\\/www.geopolitics.fr\\\/2026\\\/05\\\/31\\\/sarkozy-face-au-precipice-lhomme-qui-ne-voulait-pas-y-croire\\\/\"},\"author\":{\"name\":\"Ghizlaine Badri\",\"@id\":\"https:\\\/\\\/www.geopolitics.fr\\\/#\\\/schema\\\/person\\\/c36b165f511617c65a2bf8f8abd9af41\"},\"headline\":\"Sarkozy face au pr\u00e9cipice, l&rsquo;homme qui ne voulait pas y croire\",\"datePublished\":\"2026-05-31T07:30:00+00:00\",\"mainEntityOfPage\":{\"@id\":\"https:\\\/\\\/www.geopolitics.fr\\\/2026\\\/05\\\/31\\\/sarkozy-face-au-precipice-lhomme-qui-ne-voulait-pas-y-croire\\\/\"},\"wordCount\":801,\"publisher\":{\"@id\":\"https:\\\/\\\/www.geopolitics.fr\\\/#organization\"},\"image\":{\"@id\":\"https:\\\/\\\/www.geopolitics.fr\\\/2026\\\/05\\\/31\\\/sarkozy-face-au-precipice-lhomme-qui-ne-voulait-pas-y-croire\\\/#primaryimage\"},\"thumbnailUrl\":\"https:\\\/\\\/www.geopolitics.fr\\\/wp-content\\\/uploads\\\/2026\\\/05\\\/SARKO.jpg\",\"articleSection\":[\"FRANCE\",\"Politique\"],\"inLanguage\":\"en-GB\"},{\"@type\":\"WebPage\",\"@id\":\"https:\\\/\\\/www.geopolitics.fr\\\/2026\\\/05\\\/31\\\/sarkozy-face-au-precipice-lhomme-qui-ne-voulait-pas-y-croire\\\/\",\"url\":\"https:\\\/\\\/www.geopolitics.fr\\\/2026\\\/05\\\/31\\\/sarkozy-face-au-precipice-lhomme-qui-ne-voulait-pas-y-croire\\\/\",\"name\":\"Sarkozy face au pr\u00e9cipice, l'homme qui ne voulait pas y croire | Geopolitics.fr\",\"isPartOf\":{\"@id\":\"https:\\\/\\\/www.geopolitics.fr\\\/#website\"},\"primaryImageOfPage\":{\"@id\":\"https:\\\/\\\/www.geopolitics.fr\\\/2026\\\/05\\\/31\\\/sarkozy-face-au-precipice-lhomme-qui-ne-voulait-pas-y-croire\\\/#primaryimage\"},\"image\":{\"@id\":\"https:\\\/\\\/www.geopolitics.fr\\\/2026\\\/05\\\/31\\\/sarkozy-face-au-precipice-lhomme-qui-ne-voulait-pas-y-croire\\\/#primaryimage\"},\"thumbnailUrl\":\"https:\\\/\\\/www.geopolitics.fr\\\/wp-content\\\/uploads\\\/2026\\\/05\\\/SARKO.jpg\",\"datePublished\":\"2026-05-31T07:30:00+00:00\",\"description\":\"Si l'accusation \u00e0 l'encontre de Nicolas Sarkozy est fond\u00e9e, les cons\u00e9quences d\u00e9passent infiniment le sort d'un seul homme.\",\"breadcrumb\":{\"@id\":\"https:\\\/\\\/www.geopolitics.fr\\\/2026\\\/05\\\/31\\\/sarkozy-face-au-precipice-lhomme-qui-ne-voulait-pas-y-croire\\\/#breadcrumb\"},\"inLanguage\":\"en-GB\",\"potentialAction\":[{\"@type\":\"ReadAction\",\"target\":[\"https:\\\/\\\/www.geopolitics.fr\\\/2026\\\/05\\\/31\\\/sarkozy-face-au-precipice-lhomme-qui-ne-voulait-pas-y-croire\\\/\"]}]},{\"@type\":\"ImageObject\",\"inLanguage\":\"en-GB\",\"@id\":\"https:\\\/\\\/www.geopolitics.fr\\\/2026\\\/05\\\/31\\\/sarkozy-face-au-precipice-lhomme-qui-ne-voulait-pas-y-croire\\\/#primaryimage\",\"url\":\"https:\\\/\\\/www.geopolitics.fr\\\/wp-content\\\/uploads\\\/2026\\\/05\\\/SARKO.jpg\",\"contentUrl\":\"https:\\\/\\\/www.geopolitics.fr\\\/wp-content\\\/uploads\\\/2026\\\/05\\\/SARKO.jpg\",\"width\":762,\"height\":512},{\"@type\":\"BreadcrumbList\",\"@id\":\"https:\\\/\\\/www.geopolitics.fr\\\/2026\\\/05\\\/31\\\/sarkozy-face-au-precipice-lhomme-qui-ne-voulait-pas-y-croire\\\/#breadcrumb\",\"itemListElement\":[{\"@type\":\"ListItem\",\"position\":1,\"name\":\"Accueil\",\"item\":\"https:\\\/\\\/www.geopolitics.fr\\\/\"},{\"@type\":\"ListItem\",\"position\":2,\"name\":\"Sarkozy face au pr\u00e9cipice, l&rsquo;homme qui ne voulait pas y croire\"}]},{\"@type\":\"WebSite\",\"@id\":\"https:\\\/\\\/www.geopolitics.fr\\\/#website\",\"url\":\"https:\\\/\\\/www.geopolitics.fr\\\/\",\"name\":\"Geopolitics.fr\",\"description\":\"Geopolitics.fr Analyse politique, relations internationales, d\u00e9fense - ligne \u00e9ditoriale gaullo-chiraquienne\",\"publisher\":{\"@id\":\"https:\\\/\\\/www.geopolitics.fr\\\/#organization\"},\"potentialAction\":[{\"@type\":\"SearchAction\",\"target\":{\"@type\":\"EntryPoint\",\"urlTemplate\":\"https:\\\/\\\/www.geopolitics.fr\\\/?s={search_term_string}\"},\"query-input\":{\"@type\":\"PropertyValueSpecification\",\"valueRequired\":true,\"valueName\":\"search_term_string\"}}],\"inLanguage\":\"en-GB\"},{\"@type\":\"Organization\",\"@id\":\"https:\\\/\\\/www.geopolitics.fr\\\/#organization\",\"name\":\"Geopolitics.fr\",\"url\":\"https:\\\/\\\/www.geopolitics.fr\\\/\",\"logo\":{\"@type\":\"ImageObject\",\"inLanguage\":\"en-GB\",\"@id\":\"https:\\\/\\\/www.geopolitics.fr\\\/#\\\/schema\\\/logo\\\/image\\\/\",\"url\":\"https:\\\/\\\/www.geopolitics.fr\\\/wp-content\\\/uploads\\\/2024\\\/01\\\/logo.jpg\",\"contentUrl\":\"https:\\\/\\\/www.geopolitics.fr\\\/wp-content\\\/uploads\\\/2024\\\/01\\\/logo.jpg\",\"width\":500,\"height\":500,\"caption\":\"Geopolitics.fr\"},\"image\":{\"@id\":\"https:\\\/\\\/www.geopolitics.fr\\\/#\\\/schema\\\/logo\\\/image\\\/\"},\"sameAs\":[\"https:\\\/\\\/www.facebook.com\\\/people\\\/Erwan-Davoux\\\/61557098968092\\\/\",\"https:\\\/\\\/x.com\\\/Geopolitics_Fr\"]},{\"@type\":\"Person\",\"@id\":\"https:\\\/\\\/www.geopolitics.fr\\\/#\\\/schema\\\/person\\\/c36b165f511617c65a2bf8f8abd9af41\",\"name\":\"Ghizlaine Badri\",\"image\":{\"@type\":\"ImageObject\",\"inLanguage\":\"en-GB\",\"@id\":\"https:\\\/\\\/www.geopolitics.fr\\\/wp-content\\\/uploads\\\/2026\\\/04\\\/cropped-Ghizlaine-96x96.jpg\",\"url\":\"https:\\\/\\\/www.geopolitics.fr\\\/wp-content\\\/uploads\\\/2026\\\/04\\\/cropped-Ghizlaine-96x96.jpg\",\"contentUrl\":\"https:\\\/\\\/www.geopolitics.fr\\\/wp-content\\\/uploads\\\/2026\\\/04\\\/cropped-Ghizlaine-96x96.jpg\",\"caption\":\"Ghizlaine Badri\"},\"description\":\"R\u00e9dactrice en chef de Geopolitics.fr, Ghizlaine Badri est une Journaliste politique forte de vingt-cing ans d'exp\u00e9rience professionnelle dont quinze ans dans la Presse. Elle a construit un parcours \u00e0 l'intersection des sc\u00e8nes fran\u00e7aise, europ\u00e9enne et internationale. Ghizlaine a collabor\u00e9 avec pr\u00e8s d'une vingtaine de m\u00e9dias, parmi lesquels Le Point, Le Figaro, Les \u00c9chos, L'Express et Forbes. Correspondante Maroc\u2013Maghreb pour Le Point et correspondante Afrique pour Forbes, elle s'est distingu\u00e9e par une couverture approfondie des dynamiques politiques et diplomatiques entre l'Europe et le continent africain. Elle est \u00e0 ce jour la seule journaliste marocaine en activit\u00e9 \u00e0 avoir collabor\u00e9 avec des titres majeurs de la presse fran\u00e7aise hors sph\u00e8re panafricaine en France. Au sein du quotidien \u00e9conomique L'\u00c9conomiste, 1er quotidien au Maroc, elle a fond\u00e9 la rubrique France\u2013Maroc, contribuant \u00e0 structurer un espace \u00e9ditorial in\u00e9dit. Titulaire de trois masters obtenus en France, elle a travaill\u00e9 dans les domaines de la communication institutionnelle notamment \u00e0 la Mairie de Bordeaux aupr\u00e8s d'Alain Jupp\u00e9 et a \u00e9galement exerc\u00e9 des fonctions de direction en communication marketing, notamment aupr\u00e8s de l'Ambassade de France au Maroc. Polyglotte, elle est franco-italo-marocaine, n\u00e9e \u00e0 Casablanca, a v\u00e9cu \u00e0 New-York et maitrise cinq langues le fran\u00e7ais, l'arabe, l'anglais, l'italien et l'espagnol.\",\"url\":\"https:\\\/\\\/www.geopolitics.fr\\\/en\\\/author\\\/ghizlaine-badri\\\/\"}]}<\/script>\n<!-- \/ Yoast SEO Premium plugin. -->","yoast_head_json":{"title":"Sarkozy face au pr\u00e9cipice, l'homme qui ne voulait pas y croire | Geopolitics.fr","description":"Si l'accusation \u00e0 l'encontre de Nicolas Sarkozy est fond\u00e9e, les cons\u00e9quences d\u00e9passent infiniment le sort d'un seul homme.","robots":{"index":"index","follow":"follow","max-snippet":"max-snippet:-1","max-image-preview":"max-image-preview:large","max-video-preview":"max-video-preview:-1"},"canonical":"https:\/\/www.geopolitics.fr\/en\/2026\/05\/31\/sarkozy-face-au-precipice-lhomme-qui-ne-voulait-pas-y-croire\/","og_locale":"en_GB","og_type":"article","og_title":"Sarkozy face au pr\u00e9cipice, l'homme qui ne voulait pas y croire","og_description":"Si l'accusation \u00e0 l'encontre de Nicolas Sarkozy est fond\u00e9e, les cons\u00e9quences d\u00e9passent infiniment le sort d'un seul homme.","og_url":"https:\/\/www.geopolitics.fr\/en\/2026\/05\/31\/sarkozy-face-au-precipice-lhomme-qui-ne-voulait-pas-y-croire\/","og_site_name":"Geopolitics.fr","article_publisher":"https:\/\/www.facebook.com\/people\/Erwan-Davoux\/61557098968092\/","article_published_time":"2026-05-31T07:30:00+00:00","og_image":[{"width":762,"height":512,"url":"https:\/\/www.geopolitics.fr\/wp-content\/uploads\/2026\/05\/SARKO.jpg","type":"image\/jpeg"}],"author":"Ghizlaine Badri","twitter_card":"summary_large_image","twitter_creator":"@Geopolitics_Fr","twitter_site":"@Geopolitics_Fr","twitter_misc":{"Written by":"Ghizlaine Badri","Estimated reading time":"4 minutes"},"schema":{"@context":"https:\/\/schema.org","@graph":[{"@type":"Article","@id":"https:\/\/www.geopolitics.fr\/2026\/05\/31\/sarkozy-face-au-precipice-lhomme-qui-ne-voulait-pas-y-croire\/#article","isPartOf":{"@id":"https:\/\/www.geopolitics.fr\/2026\/05\/31\/sarkozy-face-au-precipice-lhomme-qui-ne-voulait-pas-y-croire\/"},"author":{"name":"Ghizlaine Badri","@id":"https:\/\/www.geopolitics.fr\/#\/schema\/person\/c36b165f511617c65a2bf8f8abd9af41"},"headline":"Sarkozy face au pr\u00e9cipice, l&rsquo;homme qui ne voulait pas y croire","datePublished":"2026-05-31T07:30:00+00:00","mainEntityOfPage":{"@id":"https:\/\/www.geopolitics.fr\/2026\/05\/31\/sarkozy-face-au-precipice-lhomme-qui-ne-voulait-pas-y-croire\/"},"wordCount":801,"publisher":{"@id":"https:\/\/www.geopolitics.fr\/#organization"},"image":{"@id":"https:\/\/www.geopolitics.fr\/2026\/05\/31\/sarkozy-face-au-precipice-lhomme-qui-ne-voulait-pas-y-croire\/#primaryimage"},"thumbnailUrl":"https:\/\/www.geopolitics.fr\/wp-content\/uploads\/2026\/05\/SARKO.jpg","articleSection":["FRANCE","Politique"],"inLanguage":"en-GB"},{"@type":"WebPage","@id":"https:\/\/www.geopolitics.fr\/2026\/05\/31\/sarkozy-face-au-precipice-lhomme-qui-ne-voulait-pas-y-croire\/","url":"https:\/\/www.geopolitics.fr\/2026\/05\/31\/sarkozy-face-au-precipice-lhomme-qui-ne-voulait-pas-y-croire\/","name":"Sarkozy face au pr\u00e9cipice, l'homme qui ne voulait pas y croire | Geopolitics.fr","isPartOf":{"@id":"https:\/\/www.geopolitics.fr\/#website"},"primaryImageOfPage":{"@id":"https:\/\/www.geopolitics.fr\/2026\/05\/31\/sarkozy-face-au-precipice-lhomme-qui-ne-voulait-pas-y-croire\/#primaryimage"},"image":{"@id":"https:\/\/www.geopolitics.fr\/2026\/05\/31\/sarkozy-face-au-precipice-lhomme-qui-ne-voulait-pas-y-croire\/#primaryimage"},"thumbnailUrl":"https:\/\/www.geopolitics.fr\/wp-content\/uploads\/2026\/05\/SARKO.jpg","datePublished":"2026-05-31T07:30:00+00:00","description":"Si l'accusation \u00e0 l'encontre de Nicolas Sarkozy est fond\u00e9e, les cons\u00e9quences d\u00e9passent infiniment le sort d'un seul homme.","breadcrumb":{"@id":"https:\/\/www.geopolitics.fr\/2026\/05\/31\/sarkozy-face-au-precipice-lhomme-qui-ne-voulait-pas-y-croire\/#breadcrumb"},"inLanguage":"en-GB","potentialAction":[{"@type":"ReadAction","target":["https:\/\/www.geopolitics.fr\/2026\/05\/31\/sarkozy-face-au-precipice-lhomme-qui-ne-voulait-pas-y-croire\/"]}]},{"@type":"ImageObject","inLanguage":"en-GB","@id":"https:\/\/www.geopolitics.fr\/2026\/05\/31\/sarkozy-face-au-precipice-lhomme-qui-ne-voulait-pas-y-croire\/#primaryimage","url":"https:\/\/www.geopolitics.fr\/wp-content\/uploads\/2026\/05\/SARKO.jpg","contentUrl":"https:\/\/www.geopolitics.fr\/wp-content\/uploads\/2026\/05\/SARKO.jpg","width":762,"height":512},{"@type":"BreadcrumbList","@id":"https:\/\/www.geopolitics.fr\/2026\/05\/31\/sarkozy-face-au-precipice-lhomme-qui-ne-voulait-pas-y-croire\/#breadcrumb","itemListElement":[{"@type":"ListItem","position":1,"name":"Accueil","item":"https:\/\/www.geopolitics.fr\/"},{"@type":"ListItem","position":2,"name":"Sarkozy face au pr\u00e9cipice, l&rsquo;homme qui ne voulait pas y croire"}]},{"@type":"WebSite","@id":"https:\/\/www.geopolitics.fr\/#website","url":"https:\/\/www.geopolitics.fr\/","name":"Geopolitics.fr","description":"Geopolitics.fr Analyse politique, relations internationales, d\u00e9fense - ligne \u00e9ditoriale gaullo-chiraquienne","publisher":{"@id":"https:\/\/www.geopolitics.fr\/#organization"},"potentialAction":[{"@type":"SearchAction","target":{"@type":"EntryPoint","urlTemplate":"https:\/\/www.geopolitics.fr\/?s={search_term_string}"},"query-input":{"@type":"PropertyValueSpecification","valueRequired":true,"valueName":"search_term_string"}}],"inLanguage":"en-GB"},{"@type":"Organization","@id":"https:\/\/www.geopolitics.fr\/#organization","name":"Geopolitics.fr","url":"https:\/\/www.geopolitics.fr\/","logo":{"@type":"ImageObject","inLanguage":"en-GB","@id":"https:\/\/www.geopolitics.fr\/#\/schema\/logo\/image\/","url":"https:\/\/www.geopolitics.fr\/wp-content\/uploads\/2024\/01\/logo.jpg","contentUrl":"https:\/\/www.geopolitics.fr\/wp-content\/uploads\/2024\/01\/logo.jpg","width":500,"height":500,"caption":"Geopolitics.fr"},"image":{"@id":"https:\/\/www.geopolitics.fr\/#\/schema\/logo\/image\/"},"sameAs":["https:\/\/www.facebook.com\/people\/Erwan-Davoux\/61557098968092\/","https:\/\/x.com\/Geopolitics_Fr"]},{"@type":"Person","@id":"https:\/\/www.geopolitics.fr\/#\/schema\/person\/c36b165f511617c65a2bf8f8abd9af41","name":"Ghizlaine Badri","image":{"@type":"ImageObject","inLanguage":"en-GB","@id":"https:\/\/www.geopolitics.fr\/wp-content\/uploads\/2026\/04\/cropped-Ghizlaine-96x96.jpg","url":"https:\/\/www.geopolitics.fr\/wp-content\/uploads\/2026\/04\/cropped-Ghizlaine-96x96.jpg","contentUrl":"https:\/\/www.geopolitics.fr\/wp-content\/uploads\/2026\/04\/cropped-Ghizlaine-96x96.jpg","caption":"Ghizlaine Badri"},"description":"R\u00e9dactrice en chef de Geopolitics.fr, Ghizlaine Badri est une Journaliste politique forte de vingt-cing ans d'exp\u00e9rience professionnelle dont quinze ans dans la Presse. Elle a construit un parcours \u00e0 l'intersection des sc\u00e8nes fran\u00e7aise, europ\u00e9enne et internationale. Ghizlaine a collabor\u00e9 avec pr\u00e8s d'une vingtaine de m\u00e9dias, parmi lesquels Le Point, Le Figaro, Les \u00c9chos, L'Express et Forbes. Correspondante Maroc\u2013Maghreb pour Le Point et correspondante Afrique pour Forbes, elle s'est distingu\u00e9e par une couverture approfondie des dynamiques politiques et diplomatiques entre l'Europe et le continent africain. Elle est \u00e0 ce jour la seule journaliste marocaine en activit\u00e9 \u00e0 avoir collabor\u00e9 avec des titres majeurs de la presse fran\u00e7aise hors sph\u00e8re panafricaine en France. Au sein du quotidien \u00e9conomique L'\u00c9conomiste, 1er quotidien au Maroc, elle a fond\u00e9 la rubrique France\u2013Maroc, contribuant \u00e0 structurer un espace \u00e9ditorial in\u00e9dit. Titulaire de trois masters obtenus en France, elle a travaill\u00e9 dans les domaines de la communication institutionnelle notamment \u00e0 la Mairie de Bordeaux aupr\u00e8s d'Alain Jupp\u00e9 et a \u00e9galement exerc\u00e9 des fonctions de direction en communication marketing, notamment aupr\u00e8s de l'Ambassade de France au Maroc. Polyglotte, elle est franco-italo-marocaine, n\u00e9e \u00e0 Casablanca, a v\u00e9cu \u00e0 New-York et maitrise cinq langues le fran\u00e7ais, l'arabe, l'anglais, l'italien et l'espagnol.","url":"https:\/\/www.geopolitics.fr\/en\/author\/ghizlaine-badri\/"}]}},"_links":{"self":[{"href":"https:\/\/www.geopolitics.fr\/en\/wp-json\/wp\/v2\/posts\/4470","targetHints":{"allow":["GET"]}}],"collection":[{"href":"https:\/\/www.geopolitics.fr\/en\/wp-json\/wp\/v2\/posts"}],"about":[{"href":"https:\/\/www.geopolitics.fr\/en\/wp-json\/wp\/v2\/types\/post"}],"author":[{"embeddable":true,"href":"https:\/\/www.geopolitics.fr\/en\/wp-json\/wp\/v2\/users\/31730"}],"replies":[{"embeddable":true,"href":"https:\/\/www.geopolitics.fr\/en\/wp-json\/wp\/v2\/comments?post=4470"}],"version-history":[{"count":1,"href":"https:\/\/www.geopolitics.fr\/en\/wp-json\/wp\/v2\/posts\/4470\/revisions"}],"predecessor-version":[{"id":4472,"href":"https:\/\/www.geopolitics.fr\/en\/wp-json\/wp\/v2\/posts\/4470\/revisions\/4472"}],"wp:featuredmedia":[{"embeddable":true,"href":"https:\/\/www.geopolitics.fr\/en\/wp-json\/wp\/v2\/media\/4471"}],"wp:attachment":[{"href":"https:\/\/www.geopolitics.fr\/en\/wp-json\/wp\/v2\/media?parent=4470"}],"wp:term":[{"taxonomy":"category","embeddable":true,"href":"https:\/\/www.geopolitics.fr\/en\/wp-json\/wp\/v2\/categories?post=4470"},{"taxonomy":"post_tag","embeddable":true,"href":"https:\/\/www.geopolitics.fr\/en\/wp-json\/wp\/v2\/tags?post=4470"}],"curies":[{"name":"wp","href":"https:\/\/api.w.org\/{rel}","templated":true}]}}