{"id":4428,"date":"2026-05-23T17:32:18","date_gmt":"2026-05-23T15:32:18","guid":{"rendered":"https:\/\/www.geopolitics.fr\/?p=4428"},"modified":"2026-05-23T17:52:05","modified_gmt":"2026-05-23T15:52:05","slug":"iran-israel-etats-unis-anatomie-dune-guerre-inachevee","status":"publish","type":"post","link":"https:\/\/www.geopolitics.fr\/en\/2026\/05\/23\/iran-israel-etats-unis-anatomie-dune-guerre-inachevee\/","title":{"rendered":"Iran-Isra\u00ebl-\u00c9tats-Unis : Anatomie d&rsquo;une guerre inachev\u00e9e"},"content":{"rendered":"<h2 id=\"h-la-chronologie-d-un-basculement\" class=\"wp-block-heading\">La chronologie d&rsquo;un basculement<\/h2>\n\n\n\n<p class=\"has-medium-font-size wp-block-paragraph\">Le 28 f\u00e9vrier 2026, les \u00c9tats-Unis et Isra\u00ebl ont d\u00e9clench\u00e9 l&rsquo;Op\u00e9ration \u00ab\u00a0Epic Fury\u00a0\u00bb, une campagne a\u00e9rienne et navale conjointe contre l&rsquo;Iran. L&rsquo;ouverture du feu a \u00e9limin\u00e9 le c\u0153ur du r\u00e9gime iranien, le Guide supr\u00eame Ali Khamenei, d\u00e9clenchant en retour un torrent de centaines de missiles et de milliers de drones iraniens \u00e0 travers le Moyen-Orient. Cette op\u00e9ration cause des milliers de morts en Iran, au Liban, en Isra\u00ebl et dans les \u00c9tats du Golfe et d\u00e9pla\u00e7e des millions de personnes.<\/p>\n\n\n\n<p class=\"has-medium-font-size wp-block-paragraph\">Les frappes isra\u00e9lo-am\u00e9ricaines visaient officiellement \u00e0 provoquer un changement de r\u00e9gime et \u00e0 d\u00e9truire le programme nucl\u00e9aire et balistique iranien. Elles ont fait suite \u00e0 l&rsquo;\u00e9chec de n\u00e9gociations indirectes en f\u00e9vrier 2026 sur un accord nucl\u00e9aire. Le m\u00e9diateur omanais avait pourtant signal\u00e9 des \u00ab progr\u00e8s significatifs \u00bb et une volont\u00e9 iranienne de faire des concessions mais Trump avait d\u00e9clar\u00e9 n&rsquo;\u00eatre \u00ab pas enthousiaste \u00bb.<\/p>\n\n\n\n<p class=\"has-medium-font-size wp-block-paragraph\">Le 8 avril, un cessez-le-feu conditionnel n\u00e9goci\u00e9 par le Pakistan interrompait les combats. Le m\u00eame jour, le secr\u00e9taire d&rsquo;\u00c9tat Marco Rubio d\u00e9clarait l&rsquo;Op\u00e9ration Epic Fury conclue, signalant formellement la fin de la campagne militaire am\u00e9ricaine. Mais il posa comme condition pr\u00e9alable la r\u00e9ouverture \u00ab compl\u00e8te, imm\u00e9diate et s\u00fbre \u00bb du d\u00e9troit de Ormuz.&nbsp;<\/p>\n\n\n\n<h2 id=\"h-le-noeud-gordien-ormuz-et-le-nucleaire\" class=\"wp-block-heading\">Le n\u0153ud gordien : Ormuz et le nucl\u00e9aire<\/h2>\n\n\n\n<p class=\"has-medium-font-size wp-block-paragraph\">Deux dossiers bloquent toute sortie de crise, et leur articulation est le c\u0153ur du probl\u00e8me strat\u00e9gique.<\/p>\n\n\n\n<h3 id=\"h-le-detroit-d-ormuz\" class=\"wp-block-heading has-medium-font-size\"><strong>Le d\u00e9troit d&rsquo;Ormuz<\/strong><\/h3>\n\n\n\n<p class=\"has-medium-font-size wp-block-paragraph\">Le d\u00e9troit passage vital pour le p\u00e9trole, les engrais et d&rsquo;autres marchandises est effectivement ferm\u00e9 depuis le 28 f\u00e9vrier. Cette situation perturbe les approvisionnements \u00e9nerg\u00e9tiques mondiaux et fait monter les prix du carburant. Washington exige sa r\u00e9ouverture imm\u00e9diate, T\u00e9h\u00e9ran le tient comme levier de n\u00e9gociation. L&rsquo;Iran a d\u00e9crit le contre-blocus am\u00e9ricain ciblant les navires cherchant \u00e0 acc\u00e9der aux ports iraniens, depuis le 13 avril, comme \u00ab pr\u00e9lude potentiel \u00e0 une violation du cessez-le-feu \u00bb.&nbsp;<\/p>\n\n\n\n<p class=\"has-medium-font-size wp-block-paragraph\">La proposition iranienne, transmise via les m\u00e9diateurs pakistanais, consiste \u00e0 r\u00e9soudre la crise du d\u00e9troit et du blocus am\u00e9ricain en priorit\u00e9. T\u00e9h\u00e9ran souhaite explicitement que la question nucl\u00e9aire \u00e0 une phase ult\u00e9rieure. Le r\u00e9gime a fait savoir qu&rsquo;il n&rsquo;y a pas de consensus au sein de la direction iranienne sur la mani\u00e8re de r\u00e9pondre aux exigences am\u00e9ricaines sur le dossier nucl\u00e9aire.&nbsp;<\/p>\n\n\n\n<h3 id=\"h-le-nucleaire\" class=\"wp-block-heading has-medium-font-size\"><strong>Le nucl\u00e9aire<\/strong><\/h3>\n\n\n\n<p class=\"has-medium-font-size wp-block-paragraph\">Washington a articul\u00e9 des exigences maximales. Le plan am\u00e9ricain soumis d\u00e9but mai exige un moratoire de 20 ans sur l&rsquo;enrichissement d&rsquo;uranium, le transfert \u00e0 l&rsquo;\u00e9tranger du stock iranien d&rsquo;uranium hautement enrichi (estim\u00e9 \u00e0 environ 400 kg en richi \u00e0 60%). Mais aussi  le d\u00e9mant\u00e8lement des installations nucl\u00e9aires de Natanz, Isfahan et Fordow.&nbsp;<\/p>\n\n\n\n<p class=\"has-medium-font-size wp-block-paragraph\">Du c\u00f4t\u00e9 iranien, la position est ferme : \u00e0 ce stade, T\u00e9h\u00e9ran n&rsquo;est pas dispos\u00e9 \u00e0 n\u00e9gocier son programme nucl\u00e9aire. Il s&rsquo;agit d&rsquo;abord de mettre fin \u00e0 la guerre sur tous les fronts. T\u00e9h\u00e9ran exige des garanties directes du Conseil de s\u00e9curit\u00e9 de l&rsquo;ONU contre de nouveaux frappes, et la lev\u00e9e des sanctions.&nbsp;<\/p>\n\n\n\n<p class=\"has-medium-font-size wp-block-paragraph\">Les 11 et 12 avril, apr\u00e8s 21 heures de n\u00e9gociations d&rsquo;abord indirectes, puis directes les \u00e9quipes sont parvenues \u00e0 s&rsquo;accorder sur la plupart des points du cessez-le-feu, \u00e0 l&rsquo;exception pr\u00e9cis\u00e9ment du d\u00e9troit d&rsquo;Ormuz et du programme nucl\u00e9aire. Les pourparlers ont \u00e9chou\u00e9 sans accord ni m\u00e9morandum.&nbsp;<\/p>\n\n\n\n<h2 id=\"h-le-nouveau-pouvoir-iranien-une-architecture-fracturee\" class=\"wp-block-heading has-medium-font-size\">Le nouveau pouvoir iranien : une architecture fractur\u00e9e<\/h2>\n\n\n\n<p class=\"has-medium-font-size wp-block-paragraph\">L&rsquo;\u00e9limination d&rsquo;Ali Khamenei n&rsquo;a pas produit l&rsquo;effondrement du r\u00e9gime escompt\u00e9 par Washington. Elle a engendr\u00e9 quelque chose de plus complexe : une recomposition du pouvoir \u00e0 haut risque.<\/p>\n\n\n\n<p class=\"has-medium-font-size wp-block-paragraph\">Le 9 mars 2026, l&rsquo;Assembl\u00e9e des experts a \u00e9lu Mojtaba Khamenei, le fils intransigeant du Guide assassin\u00e9, comme nouveau Guide supr\u00eame. Il s&rsquo;agit d&rsquo;un signal fort selon lequel T\u00e9h\u00e9ran ne comptait pas reculer dans la guerre.&nbsp;<\/p>\n\n\n\n<p class=\"has-medium-font-size wp-block-paragraph\">Mais dans la r\u00e9alit\u00e9 post-Ali Khamenei, le pouvoir \u00e0 T\u00e9h\u00e9ran ne s&rsquo;est pas recentr\u00e9 autour d&rsquo;un leader unique et dominant. Le pouvoir \u00e9tait, autrefois, concentr\u00e9 dans le bureau du Guide. Il est d\u00e9sormais distribu\u00e9 au sein d&rsquo;un cercle restreint de figures militaires, s\u00e9curitaires et politiques aux portefeuilles de plus en plus enchev\u00eatr\u00e9s. Ce qui a \u00e9merg\u00e9, est une architecture de direction collective. L&rsquo;autorit\u00e9 s&rsquo;exerce par des institutions et des r\u00e9seaux reconfigur\u00e9s pour r\u00e9pondre aux exigences de la guerre.&nbsp;<\/p>\n\n\n\n<p class=\"has-medium-font-size wp-block-paragraph\">Historiquement, le syst\u00e8me iranien a d\u00e9montr\u00e9 une capacit\u00e9 consid\u00e9rable \u00e0 se reproduire \u00e0 travers des m\u00e9canismes institutionnels et s\u00e9curitaires imbriqu\u00e9s. Mais cette capacit\u00e9 reste conditionn\u00e9e aux limites de la pression ext\u00e9rieure et au degr\u00e9 de discipline maintenu au sein du cercle int\u00e9rieur du r\u00e9gime. C&rsquo;est pr\u00e9cis\u00e9ment ce que les prochaines semaines vont tester.&nbsp;<\/p>\n\n\n\n<h2 id=\"h-la-geometrie-des-mediateurs\" class=\"wp-block-heading\">La g\u00e9om\u00e9trie des m\u00e9diateurs<\/h2>\n\n\n\n<p class=\"has-medium-font-size wp-block-paragraph\">La crise a fait \u00e9merger une constellation de m\u00e9diateurs dont la pr\u00e9sence r\u00e9v\u00e8le autant la faiblesse du syst\u00e8me international que les ambitions de puissances r\u00e9gionales en qu\u00eate de positionnement.<\/p>\n\n\n\n<p class=\"has-medium-font-size wp-block-paragraph\">Le Pakistan a r\u00e9ussi le cessez-le-feu d&rsquo;avril exploit diplomatique rare pour Islamabad, qui capitalise sur sa cr\u00e9dibilit\u00e9 \u00e0 la fois aupr\u00e8s de T\u00e9h\u00e9ran et de Washington. Des interm\u00e9diaires saoudiens, turcs et \u00e9gyptiens ont \u00e9galement \u00e9t\u00e9 mobilis\u00e9s.&nbsp;<\/p>\n\n\n\n<p class=\"has-medium-font-size wp-block-paragraph\">La France et l&rsquo;Europe tentent de s&rsquo;ins\u00e9rer dans le processus. Macron a d\u00e9clar\u00e9 que la mission europ\u00e9enne de surveillance pourrait aider \u00e0 \u00ab restaurer la confiance des armateurs et des assureurs \u00bb et a appel\u00e9 les deux parties \u00e0 lever leurs blocus du d\u00e9troit \u00ab sans d\u00e9lai et sans conditions \u00bb. Il a affirm\u00e9 que \u00ab les Europ\u00e9ens dont d\u00e9pend la lev\u00e9e des sanctions joueront leur r\u00f4le \u00bb.&nbsp;<\/p>\n\n\n\n<p class=\"has-medium-font-size wp-block-paragraph\">La Chine joue une partition plus discr\u00e8te mais structurellement significative. Des officiels am\u00e9ricains ont ouvertement press\u00e9 P\u00e9kin d&rsquo;user de son influence sur T\u00e9h\u00e9ran pour rouvrir le d\u00e9troit. Cette demande place Xi Jinping dans une position inconfortable. En effet, trop coop\u00e9rer avec Washington, c&rsquo;est valider la coercition am\u00e9ricaine. Mais trop r\u00e9sister, c&rsquo;est prendre le risque d&rsquo;une confrontation \u00e9conomique renouvel\u00e9e.&nbsp;<\/p>\n\n\n\n<h2 id=\"h-la-zone-de-danger-mai-2026\" class=\"wp-block-heading\">La zone de danger : mai 2026<\/h2>\n\n\n\n<p class=\"has-medium-font-size wp-block-paragraph\">La situation en cette fin de mai 2026 est celle d&rsquo;un \u00e9quilibre instable entre cessez-le-feu formel et escalade rampante.<\/p>\n\n\n\n<p class=\"has-medium-font-size wp-block-paragraph\">Le Pentagon a pr\u00e9par\u00e9 des listes de cibles incluant des installations \u00e9nerg\u00e9tiques et infrastructurelles iraniennes. Le porte-parole des forces arm\u00e9es iraniennes a pr\u00e9venu que toute reprise des frappes d\u00e9clencherait \u00ab des contre-attaques plus intenses \u00bb. Des analystes ont averti qu&rsquo;un affrontement naval direct pourrait d\u00e9clencher une escalade rapide en \u00ab 48 \u00e0 72 heures \u00bb.&nbsp;<\/p>\n\n\n\n<p class=\"has-medium-font-size wp-block-paragraph\">Trump a d\u00e9clar\u00e9 que \u00ab la plupart des points avaient \u00e9t\u00e9 accept\u00e9s, mais que le seul point qui comptait vraiment, le nucl\u00e9aire ne l&rsquo;avait pas \u00e9t\u00e9 \u00bb. Il a qualifi\u00e9 l&rsquo;Iran d&rsquo;\u00ab inflexible \u00bb. L&rsquo;Iran a dit qu&rsquo;un accord \u00e9tait \u00ab \u00e0 quelques centim\u00e8tres \u00bb tout en d\u00e9non\u00e7ant les \u00ab exigences maximalistes \u00bb des n\u00e9gociateurs am\u00e9ricains.&nbsp;<\/p>\n\n\n\n<p class=\"has-medium-font-size wp-block-paragraph\">Trois sc\u00e9narios structurent d\u00e9sormais les anticipations des analystes. <\/p>\n\n\n\n<h3 id=\"h-le-premier-est-celui-d-un-accord-sequence-ormuz-d-abord-nucleaire-ensuite\" class=\"wp-block-heading has-medium-font-size\"><strong>Le premier est celui d&rsquo;un accord s\u00e9quenc\u00e9 Ormuz d&rsquo;abord<\/strong>, <strong>nucl\u00e9aire ensuite<\/strong><\/h3>\n\n\n\n<p class=\"has-medium-font-size wp-block-paragraph\">Il correspond \u00e0 la logique iranienne que Washington semble accepter tacitement, au prix d&rsquo;un abandon partiel de ses objectifs initiaux. <\/p>\n\n\n\n<h2 id=\"h-le-second-est-celui-d-une-reprise-des-frappes\" class=\"wp-block-heading has-medium-font-size\"><strong>Le second est celui d&rsquo;une reprise des frappes<\/strong><\/h2>\n\n\n\n<p class=\"has-medium-font-size wp-block-paragraph\">Trump l&rsquo;a agit\u00e9 comme menace cr\u00e9dible le 18 mai, avant de la suspendre sous pression des alli\u00e9s r\u00e9gionaux. <\/p>\n\n\n\n<h2 id=\"h-le-troisieme-peut-etre-le-plus-probable-a-court-terme-est-celui-d-un-gel-prolonge\" class=\"wp-block-heading has-medium-font-size\"><strong>Le troisi\u00e8me, peut-\u00eatre le plus probable \u00e0 court terme, est celui d&rsquo;un gel prolong\u00e9<\/strong><\/h2>\n\n\n\n<p class=\"has-medium-font-size wp-block-paragraph\">Un cessez-le-feu qui tient sans accord de fond, pendant que les deux camps testent la r\u00e9sistance de l&rsquo;autre. Le d\u00e9troit d&rsquo;Ormuz reste, pour les march\u00e9s mondiaux, une \u00e9p\u00e9e de Damocl\u00e8s \u00e0 34 kilom\u00e8tres de largeur.<\/p>\n\n\n\n<h2 id=\"h-ce-que-cette-guerre-change-durablement\" class=\"wp-block-heading\">Ce que cette guerre change durablement<\/h2>\n\n\n\n<h2 id=\"h-independamment-de-son-denouement-le-conflit-de-2026-a-deja-produit-plusieurs-effets-structurels-irreversibles\" class=\"wp-block-heading\"><strong>Ind\u00e9pendamment de son d\u00e9nouement, le conflit de 2026 a d\u00e9j\u00e0 produit plusieurs effets structurels irr\u00e9versibles.<\/strong><\/h2>\n\n\n\n<p class=\"has-medium-font-size wp-block-paragraph\">Il a consacr\u00e9 la fin de la dissuasion par ambigu\u00eft\u00e9 nucl\u00e9aire. Washington et Tel-Aviv ont d\u00e9montr\u00e9 qu&rsquo;ils \u00e9taient pr\u00eats \u00e0 frapper militairement un \u00c9tat au seuil du nucl\u00e9aire. Ils ont ainsi remis en cause la logique qui avait jusqu&rsquo;ici pr\u00e9valu, avec la Cor\u00e9e du Nord. <\/p>\n\n\n\n<p class=\"has-medium-font-size wp-block-paragraph\">Le conflit a redistribu\u00e9 les cartes dans la r\u00e9gion.<\/p>\n\n\n\n<p class=\"has-medium-font-size wp-block-paragraph\">Le Hezbollah affaibli, les proxies iraniens en Irak d\u00e9stabilis\u00e9s, mais T\u00e9h\u00e9ran toujours debout, un r\u00e9sultat ambigu pour Isra\u00ebl. Il a r\u00e9v\u00e9l\u00e9 les limites de la m\u00e9diation onusienne et la mont\u00e9e en puissance de m\u00e9diateurs alternatifs Pakistan, Qatar, Oman dans un Moyen-Orient o\u00f9 l&rsquo;ordre de s\u00e9curit\u00e9 am\u00e9ricain ne va plus de soi. <\/p>\n\n\n\n<p class=\"has-medium-font-size wp-block-paragraph\">Et il a ouvert, au c\u0153ur de l&rsquo;Iran, une question de l\u00e9gitimit\u00e9 et de succession qui ne sera pas r\u00e9solue par la seule d\u00e9signation de Mojtaba Khamenei.<\/p>\n\n\n\n<p class=\"has-medium-font-size wp-block-paragraph\">La guerre est officiellement termin\u00e9e. Mais ce qui vient apr\u00e8s, la n\u00e9gociation de la paix, pourrait s&rsquo;av\u00e9rer plus longue, plus complexe et plus dangereuse encore.<\/p>\n\n\n\n<p class=\"wp-block-paragraph\"><\/p>","protected":false},"excerpt":{"rendered":"<p>La chronologie d&rsquo;un basculement Le 28 f\u00e9vrier 2026, les \u00c9tats-Unis et Isra\u00ebl ont d\u00e9clench\u00e9 l&rsquo;Op\u00e9ration \u00ab\u00a0Epic Fury\u00a0\u00bb, une campagne a\u00e9rienne et navale&hellip;<\/p>","protected":false},"author":31730,"featured_media":4430,"comment_status":"closed","ping_status":"closed","sticky":false,"template":"","format":"standard","meta":{"_lmt_disableupdate":"","_lmt_disable":"","footnotes":""},"categories":[5,4],"tags":[362,105,648],"class_list":["post-4428","post","type-post","status-publish","format-standard","has-post-thumbnail","hentry","category-international","category-mis-en-avant","tag-etats-unis-2","tag-iran","tag-ormuz"],"yoast_head":"<!-- This site is optimized with the Yoast SEO Premium plugin v28.1 (Yoast SEO v28.1) - https:\/\/yoast.com\/product\/yoast-seo-premium-wordpress\/ -->\n<title>Iran-Isra\u00ebl-\u00c9tats-Unis : Anatomie d&#039;une guerre inachev\u00e9e | Geopolitics.fr<\/title>\n<meta name=\"description\" content=\"Ind\u00e9pendamment de son d\u00e9nouement, le conflit iranien de 2026 a d\u00e9j\u00e0 produit plusieurs effets structurels irr\u00e9versibles.\" \/>\n<meta name=\"robots\" content=\"index, follow, max-snippet:-1, max-image-preview:large, max-video-preview:-1\" \/>\n<link rel=\"canonical\" href=\"https:\/\/www.geopolitics.fr\/en\/2026\/05\/23\/iran-israel-etats-unis-anatomie-dune-guerre-inachevee\/\" \/>\n<meta property=\"og:locale\" content=\"en_GB\" \/>\n<meta property=\"og:type\" content=\"article\" \/>\n<meta property=\"og:title\" content=\"Iran-Isra\u00ebl-\u00c9tats-Unis : Anatomie d&#039;une guerre inachev\u00e9e\" \/>\n<meta property=\"og:description\" content=\"Ind\u00e9pendamment de son d\u00e9nouement, le conflit iranien de 2026 a d\u00e9j\u00e0 produit plusieurs effets structurels irr\u00e9versibles.\" \/>\n<meta property=\"og:url\" content=\"https:\/\/www.geopolitics.fr\/en\/2026\/05\/23\/iran-israel-etats-unis-anatomie-dune-guerre-inachevee\/\" \/>\n<meta property=\"og:site_name\" content=\"Geopolitics.fr\" \/>\n<meta property=\"article:publisher\" content=\"https:\/\/www.facebook.com\/people\/Erwan-Davoux\/61557098968092\/\" \/>\n<meta property=\"article:published_time\" content=\"2026-05-23T15:32:18+00:00\" \/>\n<meta property=\"article:modified_time\" content=\"2026-05-23T15:52:05+00:00\" \/>\n<meta property=\"og:image\" content=\"https:\/\/www.geopolitics.fr\/wp-content\/uploads\/2026\/05\/ormuz-new.jpg\" \/>\n\t<meta property=\"og:image:width\" content=\"922\" \/>\n\t<meta property=\"og:image:height\" content=\"525\" \/>\n\t<meta property=\"og:image:type\" content=\"image\/jpeg\" \/>\n<meta name=\"author\" content=\"Ghizlaine Badri\" \/>\n<meta name=\"twitter:card\" content=\"summary_large_image\" \/>\n<meta name=\"twitter:creator\" content=\"@Geopolitics_Fr\" \/>\n<meta name=\"twitter:site\" content=\"@Geopolitics_Fr\" \/>\n<meta name=\"twitter:label1\" content=\"Written by\" \/>\n\t<meta name=\"twitter:data1\" content=\"Ghizlaine Badri\" \/>\n\t<meta name=\"twitter:label2\" content=\"Estimated reading time\" \/>\n\t<meta name=\"twitter:data2\" content=\"7 minutes\" \/>\n<script type=\"application\/ld+json\" class=\"yoast-schema-graph\">{\"@context\":\"https:\\\/\\\/schema.org\",\"@graph\":[{\"@type\":\"Article\",\"@id\":\"https:\\\/\\\/www.geopolitics.fr\\\/2026\\\/05\\\/23\\\/iran-israel-etats-unis-anatomie-dune-guerre-inachevee\\\/#article\",\"isPartOf\":{\"@id\":\"https:\\\/\\\/www.geopolitics.fr\\\/2026\\\/05\\\/23\\\/iran-israel-etats-unis-anatomie-dune-guerre-inachevee\\\/\"},\"author\":{\"name\":\"Ghizlaine Badri\",\"@id\":\"https:\\\/\\\/www.geopolitics.fr\\\/#\\\/schema\\\/person\\\/c36b165f511617c65a2bf8f8abd9af41\"},\"headline\":\"Iran-Isra\u00ebl-\u00c9tats-Unis : Anatomie d&rsquo;une guerre inachev\u00e9e\",\"datePublished\":\"2026-05-23T15:32:18+00:00\",\"dateModified\":\"2026-05-23T15:52:05+00:00\",\"mainEntityOfPage\":{\"@id\":\"https:\\\/\\\/www.geopolitics.fr\\\/2026\\\/05\\\/23\\\/iran-israel-etats-unis-anatomie-dune-guerre-inachevee\\\/\"},\"wordCount\":1565,\"publisher\":{\"@id\":\"https:\\\/\\\/www.geopolitics.fr\\\/#organization\"},\"image\":{\"@id\":\"https:\\\/\\\/www.geopolitics.fr\\\/2026\\\/05\\\/23\\\/iran-israel-etats-unis-anatomie-dune-guerre-inachevee\\\/#primaryimage\"},\"thumbnailUrl\":\"https:\\\/\\\/www.geopolitics.fr\\\/wp-content\\\/uploads\\\/2026\\\/05\\\/ormuz-new.jpg\",\"keywords\":[\"ETATS UNIS\",\"iran\",\"ormuz\"],\"articleSection\":[\"International\",\"Mis en AVANT\"],\"inLanguage\":\"en-GB\"},{\"@type\":\"WebPage\",\"@id\":\"https:\\\/\\\/www.geopolitics.fr\\\/2026\\\/05\\\/23\\\/iran-israel-etats-unis-anatomie-dune-guerre-inachevee\\\/\",\"url\":\"https:\\\/\\\/www.geopolitics.fr\\\/2026\\\/05\\\/23\\\/iran-israel-etats-unis-anatomie-dune-guerre-inachevee\\\/\",\"name\":\"Iran-Isra\u00ebl-\u00c9tats-Unis : Anatomie d'une guerre inachev\u00e9e | Geopolitics.fr\",\"isPartOf\":{\"@id\":\"https:\\\/\\\/www.geopolitics.fr\\\/#website\"},\"primaryImageOfPage\":{\"@id\":\"https:\\\/\\\/www.geopolitics.fr\\\/2026\\\/05\\\/23\\\/iran-israel-etats-unis-anatomie-dune-guerre-inachevee\\\/#primaryimage\"},\"image\":{\"@id\":\"https:\\\/\\\/www.geopolitics.fr\\\/2026\\\/05\\\/23\\\/iran-israel-etats-unis-anatomie-dune-guerre-inachevee\\\/#primaryimage\"},\"thumbnailUrl\":\"https:\\\/\\\/www.geopolitics.fr\\\/wp-content\\\/uploads\\\/2026\\\/05\\\/ormuz-new.jpg\",\"datePublished\":\"2026-05-23T15:32:18+00:00\",\"dateModified\":\"2026-05-23T15:52:05+00:00\",\"description\":\"Ind\u00e9pendamment de son d\u00e9nouement, le conflit iranien de 2026 a d\u00e9j\u00e0 produit plusieurs effets structurels irr\u00e9versibles.\",\"breadcrumb\":{\"@id\":\"https:\\\/\\\/www.geopolitics.fr\\\/2026\\\/05\\\/23\\\/iran-israel-etats-unis-anatomie-dune-guerre-inachevee\\\/#breadcrumb\"},\"inLanguage\":\"en-GB\",\"potentialAction\":[{\"@type\":\"ReadAction\",\"target\":[\"https:\\\/\\\/www.geopolitics.fr\\\/2026\\\/05\\\/23\\\/iran-israel-etats-unis-anatomie-dune-guerre-inachevee\\\/\"]}]},{\"@type\":\"ImageObject\",\"inLanguage\":\"en-GB\",\"@id\":\"https:\\\/\\\/www.geopolitics.fr\\\/2026\\\/05\\\/23\\\/iran-israel-etats-unis-anatomie-dune-guerre-inachevee\\\/#primaryimage\",\"url\":\"https:\\\/\\\/www.geopolitics.fr\\\/wp-content\\\/uploads\\\/2026\\\/05\\\/ormuz-new.jpg\",\"contentUrl\":\"https:\\\/\\\/www.geopolitics.fr\\\/wp-content\\\/uploads\\\/2026\\\/05\\\/ormuz-new.jpg\",\"width\":922,\"height\":525},{\"@type\":\"BreadcrumbList\",\"@id\":\"https:\\\/\\\/www.geopolitics.fr\\\/2026\\\/05\\\/23\\\/iran-israel-etats-unis-anatomie-dune-guerre-inachevee\\\/#breadcrumb\",\"itemListElement\":[{\"@type\":\"ListItem\",\"position\":1,\"name\":\"Accueil\",\"item\":\"https:\\\/\\\/www.geopolitics.fr\\\/\"},{\"@type\":\"ListItem\",\"position\":2,\"name\":\"Iran-Isra\u00ebl-\u00c9tats-Unis : Anatomie d&rsquo;une guerre inachev\u00e9e\"}]},{\"@type\":\"WebSite\",\"@id\":\"https:\\\/\\\/www.geopolitics.fr\\\/#website\",\"url\":\"https:\\\/\\\/www.geopolitics.fr\\\/\",\"name\":\"Geopolitics.fr\",\"description\":\"Geopolitics.fr Analyse politique, relations internationales, d\u00e9fense - ligne \u00e9ditoriale gaullo-chiraquienne\",\"publisher\":{\"@id\":\"https:\\\/\\\/www.geopolitics.fr\\\/#organization\"},\"potentialAction\":[{\"@type\":\"SearchAction\",\"target\":{\"@type\":\"EntryPoint\",\"urlTemplate\":\"https:\\\/\\\/www.geopolitics.fr\\\/?s={search_term_string}\"},\"query-input\":{\"@type\":\"PropertyValueSpecification\",\"valueRequired\":true,\"valueName\":\"search_term_string\"}}],\"inLanguage\":\"en-GB\"},{\"@type\":\"Organization\",\"@id\":\"https:\\\/\\\/www.geopolitics.fr\\\/#organization\",\"name\":\"Geopolitics.fr\",\"url\":\"https:\\\/\\\/www.geopolitics.fr\\\/\",\"logo\":{\"@type\":\"ImageObject\",\"inLanguage\":\"en-GB\",\"@id\":\"https:\\\/\\\/www.geopolitics.fr\\\/#\\\/schema\\\/logo\\\/image\\\/\",\"url\":\"https:\\\/\\\/www.geopolitics.fr\\\/wp-content\\\/uploads\\\/2024\\\/01\\\/logo.jpg\",\"contentUrl\":\"https:\\\/\\\/www.geopolitics.fr\\\/wp-content\\\/uploads\\\/2024\\\/01\\\/logo.jpg\",\"width\":500,\"height\":500,\"caption\":\"Geopolitics.fr\"},\"image\":{\"@id\":\"https:\\\/\\\/www.geopolitics.fr\\\/#\\\/schema\\\/logo\\\/image\\\/\"},\"sameAs\":[\"https:\\\/\\\/www.facebook.com\\\/people\\\/Erwan-Davoux\\\/61557098968092\\\/\",\"https:\\\/\\\/x.com\\\/Geopolitics_Fr\"]},{\"@type\":\"Person\",\"@id\":\"https:\\\/\\\/www.geopolitics.fr\\\/#\\\/schema\\\/person\\\/c36b165f511617c65a2bf8f8abd9af41\",\"name\":\"Ghizlaine Badri\",\"image\":{\"@type\":\"ImageObject\",\"inLanguage\":\"en-GB\",\"@id\":\"https:\\\/\\\/www.geopolitics.fr\\\/wp-content\\\/uploads\\\/2026\\\/04\\\/cropped-Ghizlaine-96x96.jpg\",\"url\":\"https:\\\/\\\/www.geopolitics.fr\\\/wp-content\\\/uploads\\\/2026\\\/04\\\/cropped-Ghizlaine-96x96.jpg\",\"contentUrl\":\"https:\\\/\\\/www.geopolitics.fr\\\/wp-content\\\/uploads\\\/2026\\\/04\\\/cropped-Ghizlaine-96x96.jpg\",\"caption\":\"Ghizlaine Badri\"},\"description\":\"R\u00e9dactrice en chef de Geopolitics.fr, Ghizlaine Badri est une Journaliste politique forte de vingt-cing ans d'exp\u00e9rience professionnelle dont quinze ans dans la Presse. Elle a construit un parcours \u00e0 l'intersection des sc\u00e8nes fran\u00e7aise, europ\u00e9enne et internationale. Ghizlaine a collabor\u00e9 avec pr\u00e8s d'une vingtaine de m\u00e9dias, parmi lesquels Le Point, Le Figaro, Les \u00c9chos, L'Express et Forbes. Correspondante Maroc\u2013Maghreb pour Le Point et correspondante Afrique pour Forbes, elle s'est distingu\u00e9e par une couverture approfondie des dynamiques politiques et diplomatiques entre l'Europe et le continent africain. Elle est \u00e0 ce jour la seule journaliste marocaine en activit\u00e9 \u00e0 avoir collabor\u00e9 avec des titres majeurs de la presse fran\u00e7aise hors sph\u00e8re panafricaine en France. Au sein du quotidien \u00e9conomique L'\u00c9conomiste, 1er quotidien au Maroc, elle a fond\u00e9 la rubrique France\u2013Maroc, contribuant \u00e0 structurer un espace \u00e9ditorial in\u00e9dit. Titulaire de trois masters obtenus en France, elle a travaill\u00e9 dans les domaines de la communication institutionnelle notamment \u00e0 la Mairie de Bordeaux aupr\u00e8s d'Alain Jupp\u00e9 et a \u00e9galement exerc\u00e9 des fonctions de direction en communication marketing, notamment aupr\u00e8s de l'Ambassade de France au Maroc. Polyglotte, elle est franco-italo-marocaine, n\u00e9e \u00e0 Casablanca, a v\u00e9cu \u00e0 New-York et maitrise cinq langues le fran\u00e7ais, l'arabe, l'anglais, l'italien et l'espagnol.\",\"url\":\"https:\\\/\\\/www.geopolitics.fr\\\/en\\\/author\\\/ghizlaine-badri\\\/\"}]}<\/script>\n<!-- \/ Yoast SEO Premium plugin. -->","yoast_head_json":{"title":"Iran-Isra\u00ebl-\u00c9tats-Unis : Anatomie d'une guerre inachev\u00e9e | Geopolitics.fr","description":"Ind\u00e9pendamment de son d\u00e9nouement, le conflit iranien de 2026 a d\u00e9j\u00e0 produit plusieurs effets structurels irr\u00e9versibles.","robots":{"index":"index","follow":"follow","max-snippet":"max-snippet:-1","max-image-preview":"max-image-preview:large","max-video-preview":"max-video-preview:-1"},"canonical":"https:\/\/www.geopolitics.fr\/en\/2026\/05\/23\/iran-israel-etats-unis-anatomie-dune-guerre-inachevee\/","og_locale":"en_GB","og_type":"article","og_title":"Iran-Isra\u00ebl-\u00c9tats-Unis : Anatomie d'une guerre inachev\u00e9e","og_description":"Ind\u00e9pendamment de son d\u00e9nouement, le conflit iranien de 2026 a d\u00e9j\u00e0 produit plusieurs effets structurels irr\u00e9versibles.","og_url":"https:\/\/www.geopolitics.fr\/en\/2026\/05\/23\/iran-israel-etats-unis-anatomie-dune-guerre-inachevee\/","og_site_name":"Geopolitics.fr","article_publisher":"https:\/\/www.facebook.com\/people\/Erwan-Davoux\/61557098968092\/","article_published_time":"2026-05-23T15:32:18+00:00","article_modified_time":"2026-05-23T15:52:05+00:00","og_image":[{"width":922,"height":525,"url":"https:\/\/www.geopolitics.fr\/wp-content\/uploads\/2026\/05\/ormuz-new.jpg","type":"image\/jpeg"}],"author":"Ghizlaine Badri","twitter_card":"summary_large_image","twitter_creator":"@Geopolitics_Fr","twitter_site":"@Geopolitics_Fr","twitter_misc":{"Written by":"Ghizlaine Badri","Estimated reading time":"7 minutes"},"schema":{"@context":"https:\/\/schema.org","@graph":[{"@type":"Article","@id":"https:\/\/www.geopolitics.fr\/2026\/05\/23\/iran-israel-etats-unis-anatomie-dune-guerre-inachevee\/#article","isPartOf":{"@id":"https:\/\/www.geopolitics.fr\/2026\/05\/23\/iran-israel-etats-unis-anatomie-dune-guerre-inachevee\/"},"author":{"name":"Ghizlaine Badri","@id":"https:\/\/www.geopolitics.fr\/#\/schema\/person\/c36b165f511617c65a2bf8f8abd9af41"},"headline":"Iran-Isra\u00ebl-\u00c9tats-Unis : Anatomie d&rsquo;une guerre inachev\u00e9e","datePublished":"2026-05-23T15:32:18+00:00","dateModified":"2026-05-23T15:52:05+00:00","mainEntityOfPage":{"@id":"https:\/\/www.geopolitics.fr\/2026\/05\/23\/iran-israel-etats-unis-anatomie-dune-guerre-inachevee\/"},"wordCount":1565,"publisher":{"@id":"https:\/\/www.geopolitics.fr\/#organization"},"image":{"@id":"https:\/\/www.geopolitics.fr\/2026\/05\/23\/iran-israel-etats-unis-anatomie-dune-guerre-inachevee\/#primaryimage"},"thumbnailUrl":"https:\/\/www.geopolitics.fr\/wp-content\/uploads\/2026\/05\/ormuz-new.jpg","keywords":["ETATS UNIS","iran","ormuz"],"articleSection":["International","Mis en AVANT"],"inLanguage":"en-GB"},{"@type":"WebPage","@id":"https:\/\/www.geopolitics.fr\/2026\/05\/23\/iran-israel-etats-unis-anatomie-dune-guerre-inachevee\/","url":"https:\/\/www.geopolitics.fr\/2026\/05\/23\/iran-israel-etats-unis-anatomie-dune-guerre-inachevee\/","name":"Iran-Isra\u00ebl-\u00c9tats-Unis : Anatomie d'une guerre inachev\u00e9e | Geopolitics.fr","isPartOf":{"@id":"https:\/\/www.geopolitics.fr\/#website"},"primaryImageOfPage":{"@id":"https:\/\/www.geopolitics.fr\/2026\/05\/23\/iran-israel-etats-unis-anatomie-dune-guerre-inachevee\/#primaryimage"},"image":{"@id":"https:\/\/www.geopolitics.fr\/2026\/05\/23\/iran-israel-etats-unis-anatomie-dune-guerre-inachevee\/#primaryimage"},"thumbnailUrl":"https:\/\/www.geopolitics.fr\/wp-content\/uploads\/2026\/05\/ormuz-new.jpg","datePublished":"2026-05-23T15:32:18+00:00","dateModified":"2026-05-23T15:52:05+00:00","description":"Ind\u00e9pendamment de son d\u00e9nouement, le conflit iranien de 2026 a d\u00e9j\u00e0 produit plusieurs effets structurels irr\u00e9versibles.","breadcrumb":{"@id":"https:\/\/www.geopolitics.fr\/2026\/05\/23\/iran-israel-etats-unis-anatomie-dune-guerre-inachevee\/#breadcrumb"},"inLanguage":"en-GB","potentialAction":[{"@type":"ReadAction","target":["https:\/\/www.geopolitics.fr\/2026\/05\/23\/iran-israel-etats-unis-anatomie-dune-guerre-inachevee\/"]}]},{"@type":"ImageObject","inLanguage":"en-GB","@id":"https:\/\/www.geopolitics.fr\/2026\/05\/23\/iran-israel-etats-unis-anatomie-dune-guerre-inachevee\/#primaryimage","url":"https:\/\/www.geopolitics.fr\/wp-content\/uploads\/2026\/05\/ormuz-new.jpg","contentUrl":"https:\/\/www.geopolitics.fr\/wp-content\/uploads\/2026\/05\/ormuz-new.jpg","width":922,"height":525},{"@type":"BreadcrumbList","@id":"https:\/\/www.geopolitics.fr\/2026\/05\/23\/iran-israel-etats-unis-anatomie-dune-guerre-inachevee\/#breadcrumb","itemListElement":[{"@type":"ListItem","position":1,"name":"Accueil","item":"https:\/\/www.geopolitics.fr\/"},{"@type":"ListItem","position":2,"name":"Iran-Isra\u00ebl-\u00c9tats-Unis : Anatomie d&rsquo;une guerre inachev\u00e9e"}]},{"@type":"WebSite","@id":"https:\/\/www.geopolitics.fr\/#website","url":"https:\/\/www.geopolitics.fr\/","name":"Geopolitics.fr","description":"Geopolitics.fr Analyse politique, relations internationales, d\u00e9fense - ligne \u00e9ditoriale gaullo-chiraquienne","publisher":{"@id":"https:\/\/www.geopolitics.fr\/#organization"},"potentialAction":[{"@type":"SearchAction","target":{"@type":"EntryPoint","urlTemplate":"https:\/\/www.geopolitics.fr\/?s={search_term_string}"},"query-input":{"@type":"PropertyValueSpecification","valueRequired":true,"valueName":"search_term_string"}}],"inLanguage":"en-GB"},{"@type":"Organization","@id":"https:\/\/www.geopolitics.fr\/#organization","name":"Geopolitics.fr","url":"https:\/\/www.geopolitics.fr\/","logo":{"@type":"ImageObject","inLanguage":"en-GB","@id":"https:\/\/www.geopolitics.fr\/#\/schema\/logo\/image\/","url":"https:\/\/www.geopolitics.fr\/wp-content\/uploads\/2024\/01\/logo.jpg","contentUrl":"https:\/\/www.geopolitics.fr\/wp-content\/uploads\/2024\/01\/logo.jpg","width":500,"height":500,"caption":"Geopolitics.fr"},"image":{"@id":"https:\/\/www.geopolitics.fr\/#\/schema\/logo\/image\/"},"sameAs":["https:\/\/www.facebook.com\/people\/Erwan-Davoux\/61557098968092\/","https:\/\/x.com\/Geopolitics_Fr"]},{"@type":"Person","@id":"https:\/\/www.geopolitics.fr\/#\/schema\/person\/c36b165f511617c65a2bf8f8abd9af41","name":"Ghizlaine Badri","image":{"@type":"ImageObject","inLanguage":"en-GB","@id":"https:\/\/www.geopolitics.fr\/wp-content\/uploads\/2026\/04\/cropped-Ghizlaine-96x96.jpg","url":"https:\/\/www.geopolitics.fr\/wp-content\/uploads\/2026\/04\/cropped-Ghizlaine-96x96.jpg","contentUrl":"https:\/\/www.geopolitics.fr\/wp-content\/uploads\/2026\/04\/cropped-Ghizlaine-96x96.jpg","caption":"Ghizlaine Badri"},"description":"R\u00e9dactrice en chef de Geopolitics.fr, Ghizlaine Badri est une Journaliste politique forte de vingt-cing ans d'exp\u00e9rience professionnelle dont quinze ans dans la Presse. Elle a construit un parcours \u00e0 l'intersection des sc\u00e8nes fran\u00e7aise, europ\u00e9enne et internationale. Ghizlaine a collabor\u00e9 avec pr\u00e8s d'une vingtaine de m\u00e9dias, parmi lesquels Le Point, Le Figaro, Les \u00c9chos, L'Express et Forbes. Correspondante Maroc\u2013Maghreb pour Le Point et correspondante Afrique pour Forbes, elle s'est distingu\u00e9e par une couverture approfondie des dynamiques politiques et diplomatiques entre l'Europe et le continent africain. Elle est \u00e0 ce jour la seule journaliste marocaine en activit\u00e9 \u00e0 avoir collabor\u00e9 avec des titres majeurs de la presse fran\u00e7aise hors sph\u00e8re panafricaine en France. Au sein du quotidien \u00e9conomique L'\u00c9conomiste, 1er quotidien au Maroc, elle a fond\u00e9 la rubrique France\u2013Maroc, contribuant \u00e0 structurer un espace \u00e9ditorial in\u00e9dit. Titulaire de trois masters obtenus en France, elle a travaill\u00e9 dans les domaines de la communication institutionnelle notamment \u00e0 la Mairie de Bordeaux aupr\u00e8s d'Alain Jupp\u00e9 et a \u00e9galement exerc\u00e9 des fonctions de direction en communication marketing, notamment aupr\u00e8s de l'Ambassade de France au Maroc. Polyglotte, elle est franco-italo-marocaine, n\u00e9e \u00e0 Casablanca, a v\u00e9cu \u00e0 New-York et maitrise cinq langues le fran\u00e7ais, l'arabe, l'anglais, l'italien et l'espagnol.","url":"https:\/\/www.geopolitics.fr\/en\/author\/ghizlaine-badri\/"}]}},"_links":{"self":[{"href":"https:\/\/www.geopolitics.fr\/en\/wp-json\/wp\/v2\/posts\/4428","targetHints":{"allow":["GET"]}}],"collection":[{"href":"https:\/\/www.geopolitics.fr\/en\/wp-json\/wp\/v2\/posts"}],"about":[{"href":"https:\/\/www.geopolitics.fr\/en\/wp-json\/wp\/v2\/types\/post"}],"author":[{"embeddable":true,"href":"https:\/\/www.geopolitics.fr\/en\/wp-json\/wp\/v2\/users\/31730"}],"replies":[{"embeddable":true,"href":"https:\/\/www.geopolitics.fr\/en\/wp-json\/wp\/v2\/comments?post=4428"}],"version-history":[{"count":3,"href":"https:\/\/www.geopolitics.fr\/en\/wp-json\/wp\/v2\/posts\/4428\/revisions"}],"predecessor-version":[{"id":4432,"href":"https:\/\/www.geopolitics.fr\/en\/wp-json\/wp\/v2\/posts\/4428\/revisions\/4432"}],"wp:featuredmedia":[{"embeddable":true,"href":"https:\/\/www.geopolitics.fr\/en\/wp-json\/wp\/v2\/media\/4430"}],"wp:attachment":[{"href":"https:\/\/www.geopolitics.fr\/en\/wp-json\/wp\/v2\/media?parent=4428"}],"wp:term":[{"taxonomy":"category","embeddable":true,"href":"https:\/\/www.geopolitics.fr\/en\/wp-json\/wp\/v2\/categories?post=4428"},{"taxonomy":"post_tag","embeddable":true,"href":"https:\/\/www.geopolitics.fr\/en\/wp-json\/wp\/v2\/tags?post=4428"}],"curies":[{"name":"wp","href":"https:\/\/api.w.org\/{rel}","templated":true}]}}