{"id":4423,"date":"2026-05-23T07:45:23","date_gmt":"2026-05-23T05:45:23","guid":{"rendered":"https:\/\/www.geopolitics.fr\/?p=4423"},"modified":"2026-05-26T18:52:37","modified_gmt":"2026-05-26T16:52:37","slug":"mohammed-vi-a-paris-le-retour-du-partenariat-strategique","status":"publish","type":"post","link":"https:\/\/www.geopolitics.fr\/en\/2026\/05\/23\/mohammed-vi-a-paris-le-retour-du-partenariat-strategique\/","title":{"rendered":"Mohammed VI \u00e0 Paris : le retour du partenariat strat\u00e9gique"},"content":{"rendered":"<p class=\"has-medium-font-size wp-block-paragraph\">Il aura fallu plusieurs ann\u00e9es pour que ce d\u00e9placement prenne forme. Le 20 mai dernier \u00e0 Rabat, les ministres fran\u00e7ais et marocain des Affaires \u00e9trang\u00e8res ont officialis\u00e9 la pr\u00e9paration d\u2019une visite d\u2019\u00c9tat de Mohammed VI en France, accompagn\u00e9e de la signature d\u2019un trait\u00e9 bilat\u00e9ral in\u00e9dit. La derni\u00e8re visite de ce niveau remonte \u00e0 mars 2000, quelques mois apr\u00e8s l\u2019accession au tr\u00f4ne du souverain marocain.<\/p>\n\n\n\n<p class=\"has-medium-font-size wp-block-paragraph\">Longtemps \u00e9voqu\u00e9e puis diff\u00e9r\u00e9e, cette visite intervient apr\u00e8s une phase de r\u00e9chauffement progressif des relations franco-marocaines. Loin d\u2019avoir \u00e9t\u00e9 perdu, ce temps a permis aux deux capitales de reconstruire m\u00e9thodiquement une relation fragilis\u00e9e par plusieurs ann\u00e9es de tensions diplomatiques.<\/p>\n\n\n\n<h2 id=\"h-le-temps-du-rapprochement\" class=\"wp-block-heading\">Le temps du rapprochement<\/h2>\n\n\n\n<p class=\"has-medium-font-size wp-block-paragraph\">Entre 2021 et 2023, Paris et Rabat ont travers\u00e9 une p\u00e9riode de crispation rarement atteinte depuis plusieurs d\u00e9cennies. L\u2019affaire Pegasus, largement relay\u00e9e par la presse internationale, avait aliment\u00e9 un climat de d\u00e9fiance entre les deux partenaires. Dans le m\u00eame temps, la r\u00e9duction du nombre de visas accord\u00e9s aux ressortissants marocains avait suscit\u00e9 une forte incompr\u00e9hension au Maroc, contribuant \u00e0 refroidir davantage la relation bilat\u00e9rale.<\/p>\n\n\n\n<p class=\"has-medium-font-size wp-block-paragraph\">Le rapprochement s\u2019est op\u00e9r\u00e9 progressivement, \u00e0 travers des \u00e9changes diplomatiques discrets, des contacts minist\u00e9riels r\u00e9p\u00e9t\u00e9s et une volont\u00e9 partag\u00e9e de restaurer la confiance. Mais c\u2019est surtout \u00e0 l\u2019\u00e9t\u00e9 2024 qu\u2019un tournant politique majeur intervient. Dans une lettre adress\u00e9e au roi Mohammed VI, Emmanuel Macron clarifie la position fran\u00e7aise sur le Sahara occidental en affirmant que l\u2019avenir du territoire s\u2019inscrit dans le cadre de la souverainet\u00e9 marocaine.<\/p>\n\n\n\n<p class=\"has-medium-font-size wp-block-paragraph\">Ce geste, attendu depuis longtemps par Rabat, ouvre une nouvelle phase dans les relations entre les deux pays. Quelques semaines plus tard, Emmanuel Macron est re\u00e7u au Maroc dans un format particuli\u00e8rement solennel, tandis qu\u2019une visite du souverain marocain en France commence \u00e0 \u00eatre pr\u00e9par\u00e9e.<\/p>\n\n\n\n<h2 id=\"h-un-traite-structurant\" class=\"wp-block-heading\">Un trait\u00e9 structurant<\/h2>\n\n\n\n<p class=\"has-medium-font-size wp-block-paragraph\">La port\u00e9e de cette s\u00e9quence d\u00e9passe largement le symbole diplomatique. Le trait\u00e9 actuellement en pr\u00e9paration entre Paris et Rabat ambitionne de structurer la relation franco-marocaine pour les prochaines d\u00e9cennies. Pour le Maroc, il s\u2019agira du premier trait\u00e9 de cette nature conclu avec un pays europ\u00e9en. Pour la France, du premier accord strat\u00e9gique de ce niveau sign\u00e9 avec un partenaire non europ\u00e9en.<\/p>\n\n\n\n<p class=\"has-medium-font-size wp-block-paragraph\">Les discussions portent sur des secteurs cl\u00e9s : d\u00e9fense, s\u00e9curit\u00e9, transition \u00e9nerg\u00e9tique, industrie, a\u00e9ronautique ou encore coop\u00e9ration \u00e9conomique. Une Haute Commission Mixte doit se r\u00e9unir \u00e0 Rabat afin d\u2019en pr\u00e9ciser les grands axes avant la visite royale.<\/p>\n\n\n\n<p class=\"has-medium-font-size wp-block-paragraph\">Cette \u00e9volution traduit une volont\u00e9 commune de d\u00e9passer la relation historique traditionnelle pour construire un partenariat davantage tourn\u00e9 vers les enjeux strat\u00e9giques contemporains.<\/p>\n\n\n\n<h2 id=\"h-une-recomposition-regionale\" class=\"wp-block-heading\">Une recomposition r\u00e9gionale<\/h2>\n\n\n\n<p class=\"has-medium-font-size wp-block-paragraph\">Ce rapprochement franco-marocain s\u2019inscrit \u00e9galement dans une recomposition plus large des \u00e9quilibres r\u00e9gionaux au Maghreb et en Afrique. En clarifiant sa position sur le Sahara occidental, Paris a engag\u00e9 un repositionnement diplomatique important dans la r\u00e9gion, suscitant des r\u00e9actions critiques du c\u00f4t\u00e9 alg\u00e9rien.<\/p>\n\n\n\n<p class=\"has-medium-font-size wp-block-paragraph\">Dans le m\u00eame temps, le Maroc a consid\u00e9rablement renforc\u00e9 sa place \u00e9conomique et diplomatique sur le continent africain, devenant un acteur central des \u00e9changes entre l\u2019Europe et l\u2019Afrique de l\u2019Ouest. Pour la France, confront\u00e9e \u00e0 un recul de son influence au Sahel ces derni\u00e8res ann\u00e9es, Rabat appara\u00eet d\u00e9sormais comme un partenaire essentiel dans sa strat\u00e9gie africaine et m\u00e9diterran\u00e9enne.<\/p>\n\n\n\n<h2 id=\"h-les-gains-diplomatiques-de-rabat\" class=\"wp-block-heading\">Les gains diplomatiques de Rabat<\/h2>\n\n\n\n<p class=\"has-medium-font-size wp-block-paragraph\">Pour le royaume marocain, cette visite s\u2019inscrit dans une strat\u00e9gie diplomatique conduite avec constance depuis plusieurs ann\u00e9es autour du dossier du Sahara occidental. Apr\u00e8s les \u00c9tats-Unis, puis l\u2019Espagne et l\u2019Allemagne, le soutien fran\u00e7ais repr\u00e9sente une avanc\u00e9e diplomatique significative pour Rabat sur la sc\u00e8ne internationale.<\/p>\n\n\n\n<p class=\"has-medium-font-size wp-block-paragraph\">La perspective de conclure un trait\u00e9 strat\u00e9gique avec un membre permanent du Conseil de s\u00e9curit\u00e9 des Nations unies renforce encore cette dynamique. Dans ce contexte, le retour du roi Mohammed VI sur le devant de la sc\u00e8ne diplomatique internationale appara\u00eet comme un moment politique important pour le royaume.<\/p>\n\n\n\n<h2 id=\"h-un-signal-adresse-a-l-europe\" class=\"wp-block-heading\">Un signal adress\u00e9 \u00e0 l\u2019Europe<\/h2>\n\n\n\n<p class=\"has-medium-font-size wp-block-paragraph\">Au-del\u00e0 de la relation bilat\u00e9rale, ce rapprochement entre Paris et Rabat envoie \u00e9galement un message plus large aux partenaires europ\u00e9ens. \u00c0 l\u2019heure o\u00f9 les grandes puissances multiplient les initiatives d\u2019influence sur le continent africain, la France cherche \u00e0 red\u00e9finir sa pr\u00e9sence r\u00e9gionale \u00e0 travers des partenariats plus structur\u00e9s et plus \u00e9quilibr\u00e9s.<\/p>\n\n\n\n<p class=\"has-medium-font-size wp-block-paragraph\">Le Maroc, dont les ambitions africaines continuent de se renforcer, s\u2019impose dans cette perspective comme un interlocuteur de premier plan.<\/p>\n\n\n\n<p class=\"has-medium-font-size wp-block-paragraph\">La visite de Mohammed VI \u00e0 Paris ne repr\u00e9sentera donc pas seulement le retour d\u2019une s\u00e9quence diplomatique suspendue depuis plusieurs ann\u00e9es. Elle pourrait marquer l\u2019ouverture d\u2019un nouveau cycle strat\u00e9gique entre les deux pays, fond\u00e9 sur des int\u00e9r\u00eats convergents et une volont\u00e9 commune de red\u00e9finir leur partenariat dans un environnement international en pleine mutation.<\/p>\n\n\n\n<p class=\"wp-block-paragraph\"><\/p>","protected":false},"excerpt":{"rendered":"<p>Il aura fallu plusieurs ann\u00e9es pour que ce d\u00e9placement prenne forme. Le 20 mai dernier \u00e0 Rabat, les ministres fran\u00e7ais et marocain&hellip;<\/p>","protected":false},"author":31730,"featured_media":4426,"comment_status":"closed","ping_status":"closed","sticky":false,"template":"","format":"standard","meta":{"_lmt_disableupdate":"","_lmt_disable":"","footnotes":""},"categories":[635,5,4],"tags":[56,55],"class_list":["post-4423","post","type-post","status-publish","format-standard","has-post-thumbnail","hentry","category-diplomatie","category-international","category-mis-en-avant","tag-france","tag-maroc"],"yoast_head":"<!-- This site is optimized with the Yoast SEO Premium plugin v28.1 (Yoast SEO v28.1) - https:\/\/yoast.com\/product\/yoast-seo-premium-wordpress\/ -->\n<title>Mohammed VI \u00e0 Paris : le retour du partenariat strat\u00e9gique | Geopolitics.fr<\/title>\n<meta name=\"description\" content=\"Ce qui distingue cette s\u00e9quence de simples retrouvailles, c&#039;est la nature de l&#039;instrument juridique qu&#039;elle porte. Le trait\u00e9 franco-marocain\" \/>\n<meta name=\"robots\" content=\"index, follow, max-snippet:-1, max-image-preview:large, max-video-preview:-1\" \/>\n<link rel=\"canonical\" href=\"https:\/\/www.geopolitics.fr\/en\/2026\/05\/23\/mohammed-vi-a-paris-le-retour-du-partenariat-strategique\/\" \/>\n<meta property=\"og:locale\" content=\"en_GB\" \/>\n<meta property=\"og:type\" content=\"article\" \/>\n<meta property=\"og:title\" content=\"Mohammed VI \u00e0 Paris : le retour du partenariat strat\u00e9gique\" \/>\n<meta property=\"og:description\" content=\"Ce qui distingue cette s\u00e9quence de simples retrouvailles, c&#039;est la nature de l&#039;instrument juridique qu&#039;elle porte. Le trait\u00e9 franco-marocain\" \/>\n<meta property=\"og:url\" content=\"https:\/\/www.geopolitics.fr\/en\/2026\/05\/23\/mohammed-vi-a-paris-le-retour-du-partenariat-strategique\/\" \/>\n<meta property=\"og:site_name\" content=\"Geopolitics.fr\" \/>\n<meta property=\"article:publisher\" content=\"https:\/\/www.facebook.com\/people\/Erwan-Davoux\/61557098968092\/\" \/>\n<meta property=\"article:published_time\" content=\"2026-05-23T05:45:23+00:00\" \/>\n<meta property=\"article:modified_time\" content=\"2026-05-26T16:52:37+00:00\" \/>\n<meta property=\"og:image\" content=\"https:\/\/www.geopolitics.fr\/wp-content\/uploads\/2026\/05\/MACRON-M-1.jpg\" \/>\n\t<meta property=\"og:image:width\" content=\"811\" \/>\n\t<meta property=\"og:image:height\" content=\"722\" \/>\n\t<meta property=\"og:image:type\" content=\"image\/jpeg\" \/>\n<meta name=\"author\" content=\"Ghizlaine Badri\" \/>\n<meta name=\"twitter:card\" content=\"summary_large_image\" \/>\n<meta name=\"twitter:creator\" content=\"@Geopolitics_Fr\" \/>\n<meta name=\"twitter:site\" content=\"@Geopolitics_Fr\" \/>\n<meta name=\"twitter:label1\" content=\"Written by\" \/>\n\t<meta name=\"twitter:data1\" content=\"Ghizlaine Badri\" \/>\n\t<meta name=\"twitter:label2\" content=\"Estimated reading time\" \/>\n\t<meta name=\"twitter:data2\" content=\"4 minutes\" \/>\n<script type=\"application\/ld+json\" class=\"yoast-schema-graph\">{\"@context\":\"https:\\\/\\\/schema.org\",\"@graph\":[{\"@type\":\"Article\",\"@id\":\"https:\\\/\\\/www.geopolitics.fr\\\/2026\\\/05\\\/23\\\/mohammed-vi-a-paris-le-retour-du-partenariat-strategique\\\/#article\",\"isPartOf\":{\"@id\":\"https:\\\/\\\/www.geopolitics.fr\\\/2026\\\/05\\\/23\\\/mohammed-vi-a-paris-le-retour-du-partenariat-strategique\\\/\"},\"author\":{\"name\":\"Ghizlaine Badri\",\"@id\":\"https:\\\/\\\/www.geopolitics.fr\\\/#\\\/schema\\\/person\\\/c36b165f511617c65a2bf8f8abd9af41\"},\"headline\":\"Mohammed VI \u00e0 Paris : le retour du partenariat strat\u00e9gique\",\"datePublished\":\"2026-05-23T05:45:23+00:00\",\"dateModified\":\"2026-05-26T16:52:37+00:00\",\"mainEntityOfPage\":{\"@id\":\"https:\\\/\\\/www.geopolitics.fr\\\/2026\\\/05\\\/23\\\/mohammed-vi-a-paris-le-retour-du-partenariat-strategique\\\/\"},\"wordCount\":854,\"publisher\":{\"@id\":\"https:\\\/\\\/www.geopolitics.fr\\\/#organization\"},\"image\":{\"@id\":\"https:\\\/\\\/www.geopolitics.fr\\\/2026\\\/05\\\/23\\\/mohammed-vi-a-paris-le-retour-du-partenariat-strategique\\\/#primaryimage\"},\"thumbnailUrl\":\"https:\\\/\\\/www.geopolitics.fr\\\/wp-content\\\/uploads\\\/2026\\\/05\\\/MACRON-M-1.jpg\",\"keywords\":[\"France\",\"Maroc\"],\"articleSection\":[\"Diplomatie\",\"International\",\"Mis en AVANT\"],\"inLanguage\":\"en-GB\"},{\"@type\":\"WebPage\",\"@id\":\"https:\\\/\\\/www.geopolitics.fr\\\/2026\\\/05\\\/23\\\/mohammed-vi-a-paris-le-retour-du-partenariat-strategique\\\/\",\"url\":\"https:\\\/\\\/www.geopolitics.fr\\\/2026\\\/05\\\/23\\\/mohammed-vi-a-paris-le-retour-du-partenariat-strategique\\\/\",\"name\":\"Mohammed VI \u00e0 Paris : le retour du partenariat strat\u00e9gique | Geopolitics.fr\",\"isPartOf\":{\"@id\":\"https:\\\/\\\/www.geopolitics.fr\\\/#website\"},\"primaryImageOfPage\":{\"@id\":\"https:\\\/\\\/www.geopolitics.fr\\\/2026\\\/05\\\/23\\\/mohammed-vi-a-paris-le-retour-du-partenariat-strategique\\\/#primaryimage\"},\"image\":{\"@id\":\"https:\\\/\\\/www.geopolitics.fr\\\/2026\\\/05\\\/23\\\/mohammed-vi-a-paris-le-retour-du-partenariat-strategique\\\/#primaryimage\"},\"thumbnailUrl\":\"https:\\\/\\\/www.geopolitics.fr\\\/wp-content\\\/uploads\\\/2026\\\/05\\\/MACRON-M-1.jpg\",\"datePublished\":\"2026-05-23T05:45:23+00:00\",\"dateModified\":\"2026-05-26T16:52:37+00:00\",\"description\":\"Ce qui distingue cette s\u00e9quence de simples retrouvailles, c'est la nature de l'instrument juridique qu'elle porte. Le trait\u00e9 franco-marocain\",\"breadcrumb\":{\"@id\":\"https:\\\/\\\/www.geopolitics.fr\\\/2026\\\/05\\\/23\\\/mohammed-vi-a-paris-le-retour-du-partenariat-strategique\\\/#breadcrumb\"},\"inLanguage\":\"en-GB\",\"potentialAction\":[{\"@type\":\"ReadAction\",\"target\":[\"https:\\\/\\\/www.geopolitics.fr\\\/2026\\\/05\\\/23\\\/mohammed-vi-a-paris-le-retour-du-partenariat-strategique\\\/\"]}]},{\"@type\":\"ImageObject\",\"inLanguage\":\"en-GB\",\"@id\":\"https:\\\/\\\/www.geopolitics.fr\\\/2026\\\/05\\\/23\\\/mohammed-vi-a-paris-le-retour-du-partenariat-strategique\\\/#primaryimage\",\"url\":\"https:\\\/\\\/www.geopolitics.fr\\\/wp-content\\\/uploads\\\/2026\\\/05\\\/MACRON-M-1.jpg\",\"contentUrl\":\"https:\\\/\\\/www.geopolitics.fr\\\/wp-content\\\/uploads\\\/2026\\\/05\\\/MACRON-M-1.jpg\",\"width\":811,\"height\":722},{\"@type\":\"BreadcrumbList\",\"@id\":\"https:\\\/\\\/www.geopolitics.fr\\\/2026\\\/05\\\/23\\\/mohammed-vi-a-paris-le-retour-du-partenariat-strategique\\\/#breadcrumb\",\"itemListElement\":[{\"@type\":\"ListItem\",\"position\":1,\"name\":\"Accueil\",\"item\":\"https:\\\/\\\/www.geopolitics.fr\\\/\"},{\"@type\":\"ListItem\",\"position\":2,\"name\":\"Mohammed VI \u00e0 Paris : le retour du partenariat strat\u00e9gique\"}]},{\"@type\":\"WebSite\",\"@id\":\"https:\\\/\\\/www.geopolitics.fr\\\/#website\",\"url\":\"https:\\\/\\\/www.geopolitics.fr\\\/\",\"name\":\"Geopolitics.fr\",\"description\":\"Geopolitics.fr Analyse politique, relations internationales, d\u00e9fense - ligne \u00e9ditoriale gaullo-chiraquienne\",\"publisher\":{\"@id\":\"https:\\\/\\\/www.geopolitics.fr\\\/#organization\"},\"potentialAction\":[{\"@type\":\"SearchAction\",\"target\":{\"@type\":\"EntryPoint\",\"urlTemplate\":\"https:\\\/\\\/www.geopolitics.fr\\\/?s={search_term_string}\"},\"query-input\":{\"@type\":\"PropertyValueSpecification\",\"valueRequired\":true,\"valueName\":\"search_term_string\"}}],\"inLanguage\":\"en-GB\"},{\"@type\":\"Organization\",\"@id\":\"https:\\\/\\\/www.geopolitics.fr\\\/#organization\",\"name\":\"Geopolitics.fr\",\"url\":\"https:\\\/\\\/www.geopolitics.fr\\\/\",\"logo\":{\"@type\":\"ImageObject\",\"inLanguage\":\"en-GB\",\"@id\":\"https:\\\/\\\/www.geopolitics.fr\\\/#\\\/schema\\\/logo\\\/image\\\/\",\"url\":\"https:\\\/\\\/www.geopolitics.fr\\\/wp-content\\\/uploads\\\/2024\\\/01\\\/logo.jpg\",\"contentUrl\":\"https:\\\/\\\/www.geopolitics.fr\\\/wp-content\\\/uploads\\\/2024\\\/01\\\/logo.jpg\",\"width\":500,\"height\":500,\"caption\":\"Geopolitics.fr\"},\"image\":{\"@id\":\"https:\\\/\\\/www.geopolitics.fr\\\/#\\\/schema\\\/logo\\\/image\\\/\"},\"sameAs\":[\"https:\\\/\\\/www.facebook.com\\\/people\\\/Erwan-Davoux\\\/61557098968092\\\/\",\"https:\\\/\\\/x.com\\\/Geopolitics_Fr\"]},{\"@type\":\"Person\",\"@id\":\"https:\\\/\\\/www.geopolitics.fr\\\/#\\\/schema\\\/person\\\/c36b165f511617c65a2bf8f8abd9af41\",\"name\":\"Ghizlaine Badri\",\"image\":{\"@type\":\"ImageObject\",\"inLanguage\":\"en-GB\",\"@id\":\"https:\\\/\\\/www.geopolitics.fr\\\/wp-content\\\/uploads\\\/2026\\\/04\\\/cropped-Ghizlaine-96x96.jpg\",\"url\":\"https:\\\/\\\/www.geopolitics.fr\\\/wp-content\\\/uploads\\\/2026\\\/04\\\/cropped-Ghizlaine-96x96.jpg\",\"contentUrl\":\"https:\\\/\\\/www.geopolitics.fr\\\/wp-content\\\/uploads\\\/2026\\\/04\\\/cropped-Ghizlaine-96x96.jpg\",\"caption\":\"Ghizlaine Badri\"},\"description\":\"R\u00e9dactrice en chef de Geopolitics.fr, Ghizlaine Badri est une Journaliste politique forte de vingt-cing ans d'exp\u00e9rience professionnelle dont quinze ans dans la Presse. Elle a construit un parcours \u00e0 l'intersection des sc\u00e8nes fran\u00e7aise, europ\u00e9enne et internationale. Ghizlaine a collabor\u00e9 avec pr\u00e8s d'une vingtaine de m\u00e9dias, parmi lesquels Le Point, Le Figaro, Les \u00c9chos, L'Express et Forbes. Correspondante Maroc\u2013Maghreb pour Le Point et correspondante Afrique pour Forbes, elle s'est distingu\u00e9e par une couverture approfondie des dynamiques politiques et diplomatiques entre l'Europe et le continent africain. Elle est \u00e0 ce jour la seule journaliste marocaine en activit\u00e9 \u00e0 avoir collabor\u00e9 avec des titres majeurs de la presse fran\u00e7aise hors sph\u00e8re panafricaine en France. Au sein du quotidien \u00e9conomique L'\u00c9conomiste, 1er quotidien au Maroc, elle a fond\u00e9 la rubrique France\u2013Maroc, contribuant \u00e0 structurer un espace \u00e9ditorial in\u00e9dit. Titulaire de trois masters obtenus en France, elle a travaill\u00e9 dans les domaines de la communication institutionnelle notamment \u00e0 la Mairie de Bordeaux aupr\u00e8s d'Alain Jupp\u00e9 et a \u00e9galement exerc\u00e9 des fonctions de direction en communication marketing, notamment aupr\u00e8s de l'Ambassade de France au Maroc. Polyglotte, elle est franco-italo-marocaine, n\u00e9e \u00e0 Casablanca, a v\u00e9cu \u00e0 New-York et maitrise cinq langues le fran\u00e7ais, l'arabe, l'anglais, l'italien et l'espagnol.\",\"url\":\"https:\\\/\\\/www.geopolitics.fr\\\/en\\\/author\\\/ghizlaine-badri\\\/\"}]}<\/script>\n<!-- \/ Yoast SEO Premium plugin. -->","yoast_head_json":{"title":"Mohammed VI \u00e0 Paris : le retour du partenariat strat\u00e9gique | Geopolitics.fr","description":"Ce qui distingue cette s\u00e9quence de simples retrouvailles, c'est la nature de l'instrument juridique qu'elle porte. Le trait\u00e9 franco-marocain","robots":{"index":"index","follow":"follow","max-snippet":"max-snippet:-1","max-image-preview":"max-image-preview:large","max-video-preview":"max-video-preview:-1"},"canonical":"https:\/\/www.geopolitics.fr\/en\/2026\/05\/23\/mohammed-vi-a-paris-le-retour-du-partenariat-strategique\/","og_locale":"en_GB","og_type":"article","og_title":"Mohammed VI \u00e0 Paris : le retour du partenariat strat\u00e9gique","og_description":"Ce qui distingue cette s\u00e9quence de simples retrouvailles, c'est la nature de l'instrument juridique qu'elle porte. Le trait\u00e9 franco-marocain","og_url":"https:\/\/www.geopolitics.fr\/en\/2026\/05\/23\/mohammed-vi-a-paris-le-retour-du-partenariat-strategique\/","og_site_name":"Geopolitics.fr","article_publisher":"https:\/\/www.facebook.com\/people\/Erwan-Davoux\/61557098968092\/","article_published_time":"2026-05-23T05:45:23+00:00","article_modified_time":"2026-05-26T16:52:37+00:00","og_image":[{"width":811,"height":722,"url":"https:\/\/www.geopolitics.fr\/wp-content\/uploads\/2026\/05\/MACRON-M-1.jpg","type":"image\/jpeg"}],"author":"Ghizlaine Badri","twitter_card":"summary_large_image","twitter_creator":"@Geopolitics_Fr","twitter_site":"@Geopolitics_Fr","twitter_misc":{"Written by":"Ghizlaine Badri","Estimated reading time":"4 minutes"},"schema":{"@context":"https:\/\/schema.org","@graph":[{"@type":"Article","@id":"https:\/\/www.geopolitics.fr\/2026\/05\/23\/mohammed-vi-a-paris-le-retour-du-partenariat-strategique\/#article","isPartOf":{"@id":"https:\/\/www.geopolitics.fr\/2026\/05\/23\/mohammed-vi-a-paris-le-retour-du-partenariat-strategique\/"},"author":{"name":"Ghizlaine Badri","@id":"https:\/\/www.geopolitics.fr\/#\/schema\/person\/c36b165f511617c65a2bf8f8abd9af41"},"headline":"Mohammed VI \u00e0 Paris : le retour du partenariat strat\u00e9gique","datePublished":"2026-05-23T05:45:23+00:00","dateModified":"2026-05-26T16:52:37+00:00","mainEntityOfPage":{"@id":"https:\/\/www.geopolitics.fr\/2026\/05\/23\/mohammed-vi-a-paris-le-retour-du-partenariat-strategique\/"},"wordCount":854,"publisher":{"@id":"https:\/\/www.geopolitics.fr\/#organization"},"image":{"@id":"https:\/\/www.geopolitics.fr\/2026\/05\/23\/mohammed-vi-a-paris-le-retour-du-partenariat-strategique\/#primaryimage"},"thumbnailUrl":"https:\/\/www.geopolitics.fr\/wp-content\/uploads\/2026\/05\/MACRON-M-1.jpg","keywords":["France","Maroc"],"articleSection":["Diplomatie","International","Mis en AVANT"],"inLanguage":"en-GB"},{"@type":"WebPage","@id":"https:\/\/www.geopolitics.fr\/2026\/05\/23\/mohammed-vi-a-paris-le-retour-du-partenariat-strategique\/","url":"https:\/\/www.geopolitics.fr\/2026\/05\/23\/mohammed-vi-a-paris-le-retour-du-partenariat-strategique\/","name":"Mohammed VI \u00e0 Paris : le retour du partenariat strat\u00e9gique | Geopolitics.fr","isPartOf":{"@id":"https:\/\/www.geopolitics.fr\/#website"},"primaryImageOfPage":{"@id":"https:\/\/www.geopolitics.fr\/2026\/05\/23\/mohammed-vi-a-paris-le-retour-du-partenariat-strategique\/#primaryimage"},"image":{"@id":"https:\/\/www.geopolitics.fr\/2026\/05\/23\/mohammed-vi-a-paris-le-retour-du-partenariat-strategique\/#primaryimage"},"thumbnailUrl":"https:\/\/www.geopolitics.fr\/wp-content\/uploads\/2026\/05\/MACRON-M-1.jpg","datePublished":"2026-05-23T05:45:23+00:00","dateModified":"2026-05-26T16:52:37+00:00","description":"Ce qui distingue cette s\u00e9quence de simples retrouvailles, c'est la nature de l'instrument juridique qu'elle porte. Le trait\u00e9 franco-marocain","breadcrumb":{"@id":"https:\/\/www.geopolitics.fr\/2026\/05\/23\/mohammed-vi-a-paris-le-retour-du-partenariat-strategique\/#breadcrumb"},"inLanguage":"en-GB","potentialAction":[{"@type":"ReadAction","target":["https:\/\/www.geopolitics.fr\/2026\/05\/23\/mohammed-vi-a-paris-le-retour-du-partenariat-strategique\/"]}]},{"@type":"ImageObject","inLanguage":"en-GB","@id":"https:\/\/www.geopolitics.fr\/2026\/05\/23\/mohammed-vi-a-paris-le-retour-du-partenariat-strategique\/#primaryimage","url":"https:\/\/www.geopolitics.fr\/wp-content\/uploads\/2026\/05\/MACRON-M-1.jpg","contentUrl":"https:\/\/www.geopolitics.fr\/wp-content\/uploads\/2026\/05\/MACRON-M-1.jpg","width":811,"height":722},{"@type":"BreadcrumbList","@id":"https:\/\/www.geopolitics.fr\/2026\/05\/23\/mohammed-vi-a-paris-le-retour-du-partenariat-strategique\/#breadcrumb","itemListElement":[{"@type":"ListItem","position":1,"name":"Accueil","item":"https:\/\/www.geopolitics.fr\/"},{"@type":"ListItem","position":2,"name":"Mohammed VI \u00e0 Paris : le retour du partenariat strat\u00e9gique"}]},{"@type":"WebSite","@id":"https:\/\/www.geopolitics.fr\/#website","url":"https:\/\/www.geopolitics.fr\/","name":"Geopolitics.fr","description":"Geopolitics.fr Analyse politique, relations internationales, d\u00e9fense - ligne \u00e9ditoriale gaullo-chiraquienne","publisher":{"@id":"https:\/\/www.geopolitics.fr\/#organization"},"potentialAction":[{"@type":"SearchAction","target":{"@type":"EntryPoint","urlTemplate":"https:\/\/www.geopolitics.fr\/?s={search_term_string}"},"query-input":{"@type":"PropertyValueSpecification","valueRequired":true,"valueName":"search_term_string"}}],"inLanguage":"en-GB"},{"@type":"Organization","@id":"https:\/\/www.geopolitics.fr\/#organization","name":"Geopolitics.fr","url":"https:\/\/www.geopolitics.fr\/","logo":{"@type":"ImageObject","inLanguage":"en-GB","@id":"https:\/\/www.geopolitics.fr\/#\/schema\/logo\/image\/","url":"https:\/\/www.geopolitics.fr\/wp-content\/uploads\/2024\/01\/logo.jpg","contentUrl":"https:\/\/www.geopolitics.fr\/wp-content\/uploads\/2024\/01\/logo.jpg","width":500,"height":500,"caption":"Geopolitics.fr"},"image":{"@id":"https:\/\/www.geopolitics.fr\/#\/schema\/logo\/image\/"},"sameAs":["https:\/\/www.facebook.com\/people\/Erwan-Davoux\/61557098968092\/","https:\/\/x.com\/Geopolitics_Fr"]},{"@type":"Person","@id":"https:\/\/www.geopolitics.fr\/#\/schema\/person\/c36b165f511617c65a2bf8f8abd9af41","name":"Ghizlaine Badri","image":{"@type":"ImageObject","inLanguage":"en-GB","@id":"https:\/\/www.geopolitics.fr\/wp-content\/uploads\/2026\/04\/cropped-Ghizlaine-96x96.jpg","url":"https:\/\/www.geopolitics.fr\/wp-content\/uploads\/2026\/04\/cropped-Ghizlaine-96x96.jpg","contentUrl":"https:\/\/www.geopolitics.fr\/wp-content\/uploads\/2026\/04\/cropped-Ghizlaine-96x96.jpg","caption":"Ghizlaine Badri"},"description":"R\u00e9dactrice en chef de Geopolitics.fr, Ghizlaine Badri est une Journaliste politique forte de vingt-cing ans d'exp\u00e9rience professionnelle dont quinze ans dans la Presse. Elle a construit un parcours \u00e0 l'intersection des sc\u00e8nes fran\u00e7aise, europ\u00e9enne et internationale. Ghizlaine a collabor\u00e9 avec pr\u00e8s d'une vingtaine de m\u00e9dias, parmi lesquels Le Point, Le Figaro, Les \u00c9chos, L'Express et Forbes. Correspondante Maroc\u2013Maghreb pour Le Point et correspondante Afrique pour Forbes, elle s'est distingu\u00e9e par une couverture approfondie des dynamiques politiques et diplomatiques entre l'Europe et le continent africain. Elle est \u00e0 ce jour la seule journaliste marocaine en activit\u00e9 \u00e0 avoir collabor\u00e9 avec des titres majeurs de la presse fran\u00e7aise hors sph\u00e8re panafricaine en France. Au sein du quotidien \u00e9conomique L'\u00c9conomiste, 1er quotidien au Maroc, elle a fond\u00e9 la rubrique France\u2013Maroc, contribuant \u00e0 structurer un espace \u00e9ditorial in\u00e9dit. Titulaire de trois masters obtenus en France, elle a travaill\u00e9 dans les domaines de la communication institutionnelle notamment \u00e0 la Mairie de Bordeaux aupr\u00e8s d'Alain Jupp\u00e9 et a \u00e9galement exerc\u00e9 des fonctions de direction en communication marketing, notamment aupr\u00e8s de l'Ambassade de France au Maroc. Polyglotte, elle est franco-italo-marocaine, n\u00e9e \u00e0 Casablanca, a v\u00e9cu \u00e0 New-York et maitrise cinq langues le fran\u00e7ais, l'arabe, l'anglais, l'italien et l'espagnol.","url":"https:\/\/www.geopolitics.fr\/en\/author\/ghizlaine-badri\/"}]}},"_links":{"self":[{"href":"https:\/\/www.geopolitics.fr\/en\/wp-json\/wp\/v2\/posts\/4423","targetHints":{"allow":["GET"]}}],"collection":[{"href":"https:\/\/www.geopolitics.fr\/en\/wp-json\/wp\/v2\/posts"}],"about":[{"href":"https:\/\/www.geopolitics.fr\/en\/wp-json\/wp\/v2\/types\/post"}],"author":[{"embeddable":true,"href":"https:\/\/www.geopolitics.fr\/en\/wp-json\/wp\/v2\/users\/31730"}],"replies":[{"embeddable":true,"href":"https:\/\/www.geopolitics.fr\/en\/wp-json\/wp\/v2\/comments?post=4423"}],"version-history":[{"count":2,"href":"https:\/\/www.geopolitics.fr\/en\/wp-json\/wp\/v2\/posts\/4423\/revisions"}],"predecessor-version":[{"id":4456,"href":"https:\/\/www.geopolitics.fr\/en\/wp-json\/wp\/v2\/posts\/4423\/revisions\/4456"}],"wp:featuredmedia":[{"embeddable":true,"href":"https:\/\/www.geopolitics.fr\/en\/wp-json\/wp\/v2\/media\/4426"}],"wp:attachment":[{"href":"https:\/\/www.geopolitics.fr\/en\/wp-json\/wp\/v2\/media?parent=4423"}],"wp:term":[{"taxonomy":"category","embeddable":true,"href":"https:\/\/www.geopolitics.fr\/en\/wp-json\/wp\/v2\/categories?post=4423"},{"taxonomy":"post_tag","embeddable":true,"href":"https:\/\/www.geopolitics.fr\/en\/wp-json\/wp\/v2\/tags?post=4423"}],"curies":[{"name":"wp","href":"https:\/\/api.w.org\/{rel}","templated":true}]}}