{"id":4420,"date":"2026-05-22T18:58:10","date_gmt":"2026-05-22T16:58:10","guid":{"rendered":"https:\/\/www.geopolitics.fr\/?p=4420"},"modified":"2026-05-22T18:58:13","modified_gmt":"2026-05-22T16:58:13","slug":"marc-guillaume-au-conseil-detat-macron-pose-la-derniere-pierre-de-son-heritage","status":"publish","type":"post","link":"https:\/\/www.geopolitics.fr\/en\/2026\/05\/22\/marc-guillaume-au-conseil-detat-macron-pose-la-derniere-pierre-de-son-heritage\/","title":{"rendered":"Marc Guillaume au Conseil d&rsquo;\u00c9tat : Macron pose la derni\u00e8re pierre de son h\u00e9ritage"},"content":{"rendered":"<p class=\"has-medium-font-size wp-block-paragraph\">Mercredi 6 mai 2026. Conseil des ministres. G\u00e9rald Darmanin annonce, tout sourire, la nomination de Marc Guillaume, pr\u00e9fet de la r\u00e9gion \u00cele-de-France, \u00e0 la vice-pr\u00e9sidence du Conseil d&rsquo;\u00c9tat. La formule du Garde des Sceaux \u00ab un grand serviteur de l&rsquo;\u00c9tat et du droit \u00bb est belle. Elle m\u00e9rite d&rsquo;\u00eatre examin\u00e9e de tr\u00e8s pr\u00e8s. Car derri\u00e8re cette nomination en apparence technique se lit une strat\u00e9gie d&rsquo;ensemble. Elle es, coh\u00e9rente, m\u00e9thodique, et lourde de cons\u00e9quences pour la prochaine d\u00e9cennie de la vie publique fran\u00e7aise.<\/p>\n\n\n\n<h2 id=\"h-un-animal-du-serail-deux-fois-oublie-enfin-consacre\" class=\"wp-block-heading\">Un animal du s\u00e9rail, deux fois oubli\u00e9, enfin consacr\u00e9<\/h2>\n\n\n\n<h3 id=\"h-enarque-de-61-ans-marc-guillaume-incarne-l-archetype-parfait-du-haut-fonctionnaire-de-l-ombre\" class=\"wp-block-heading has-medium-font-size\"><strong>\u00c9narque de 61 ans, Marc Guillaume incarne l&rsquo;arch\u00e9type parfait du haut fonctionnaire de l&rsquo;ombre. <\/strong><\/h3>\n\n\n\n<p class=\"has-medium-font-size wp-block-paragraph\">Sa trajectoire est celle d&rsquo;un haut-fonctionnaire accompli. Conseiller d&rsquo;\u00c9tat, directeur des affaires juridiques aux minist\u00e8res de la D\u00e9fense puis de la Justice, secr\u00e9taire g\u00e9n\u00e9ral du Conseil constitutionnel de 2007 \u00e0 2015, enfin secr\u00e9taire g\u00e9n\u00e9ral du gouvernement de 2015 \u00e0 2020. <\/p>\n\n\n\n<p class=\"has-medium-font-size wp-block-paragraph\">Ce dernier poste, v\u00e9ritable tour de contr\u00f4le administrative, lui permettait de coordonner les textes, suivre les arbitrages et s\u00e9curiser l&rsquo;ensemble de la proc\u00e9dure gouvernementale. Nomm\u00e9 par Manuel Valls en 2015, il fut maintenu par \u00c9douard Philippe apr\u00e8s l&rsquo;arriv\u00e9e d&rsquo;Emmanuel Macron \u00e0 l&rsquo;\u00c9lys\u00e9e. Vingt ans au c\u0153ur du r\u00e9acteur. Pas un seul jour dans un tribunal ordinaire.<\/p>\n\n\n\n<h2 id=\"h-sa-reputation-est-contrastee\" class=\"wp-block-heading has-medium-font-size\"><strong>Sa r\u00e9putation est contrast\u00e9e<\/strong><\/h2>\n\n\n\n<p class=\"has-medium-font-size wp-block-paragraph\">Le Monde relevait en 2015 qu&rsquo;il suscitait \u00ab les m\u00eames \u00e9loges \u00bb chez tous ceux qui l&rsquo;avaient fr\u00e9quent\u00e9. Mediapart le d\u00e9crit pourtant comme \u00ab r\u00e9put\u00e9 accommodant avec le pouvoir \u00bb. Son d\u00e9part forc\u00e9 du secr\u00e9tariat g\u00e9n\u00e9ral du gouvernement en juillet 2020 fut marqu\u00e9 par une note collective des conseill\u00e8res de l&rsquo;\u00c9lys\u00e9e d\u00e9non\u00e7ant des comportements sexistes en interne sans le nommer, mais le d\u00e9signant implicitement. <\/p>\n\n\n\n<p class=\"has-medium-font-size wp-block-paragraph\">Sa nomination pr\u00e9fectorale en \u00cele-de-France avait d&#8217;embl\u00e9e surpris : l&rsquo;hebdomadaire Marianne notait qu&rsquo;il n&rsquo;avait \u00ab jamais travaill\u00e9 dans la pr\u00e9fectorale, ni manifest\u00e9 le moindre int\u00e9r\u00eat pour cette branche de la fonction publique \u00bb. Un poste d&rsquo;attente, en r\u00e9alit\u00e9. La promesse d&rsquo;une suite.<\/p>\n\n\n\n<p class=\"has-medium-font-size wp-block-paragraph\">En 2018, il avait d\u00e9j\u00e0 \u00e9t\u00e9 pressenti pour la vice-pr\u00e9sidence du Conseil d&rsquo;\u00c9tat. Bruno Lasserre lui avait alors \u00e9t\u00e9 pr\u00e9f\u00e9r\u00e9. Cette fois, le Ch\u00e2teau a tranch\u00e9 diff\u00e9remment. La nomination est une cons\u00e9cration autant qu&rsquo;une revanche pour cet homme \u00e0 qui le poste avait \u00e9chapp\u00e9 par deux fois. Il succ\u00e8de officiellement \u00e0 Didier-Roland Tabuteau le 21 mai prochain au Palais-Royal. La vice-pr\u00e9sidence du Conseil d&rsquo;\u00c9tat lui avait d\u00e9j\u00e0 \u00e9chapp\u00e9 par deux fois. Cette fois, le Ch\u00e2teau a tranch\u00e9 diff\u00e9remment.<\/p>\n\n\n\n<h2 id=\"h-le-conseil-d-etat-bien-plus-qu-une-juridiction\" class=\"wp-block-heading\">Le Conseil d&rsquo;\u00c9tat : bien plus qu&rsquo;une juridiction<\/h2>\n\n\n\n<p class=\"has-medium-font-size wp-block-paragraph\">Pour mesurer l&rsquo;enjeu r\u00e9el de cette nomination, il faut d&rsquo;abord comprendre ce qu&rsquo;est le Conseil d&rsquo;\u00c9tat au-del\u00e0 de l&rsquo;image aust\u00e8re du Palais-Royal. L&rsquo;institution y exerce une double fonction : conseiller juridique du gouvernement et juge supr\u00eame de l&rsquo;ordre administratif. Elle rend des avis sur les projets de loi, d&rsquo;ordonnance et de d\u00e9crets, et tranche en dernier ressort les litiges opposant les citoyens, les collectivit\u00e9s ou les entreprises \u00e0 l&rsquo;administration. Le vice-pr\u00e9sident en est la plus haute autorit\u00e9 effective, le pr\u00e9sident du Conseil d&rsquo;\u00c9tat \u00e9tant, de mani\u00e8re purement honorifique, le chef de l&rsquo;\u00c9tat lui-m\u00eame.<\/p>\n\n\n\n<p class=\"has-medium-font-size wp-block-paragraph\">Concr\u00e8tement : quand un gouvernement recourt au 49.3, c&rsquo;est le Conseil d&rsquo;\u00c9tat qui rend son avis pr\u00e9alable sur le texte. Quand une loi immigration est contest\u00e9e, c&rsquo;est lui qui tranche. Quand un d\u00e9cret d&rsquo;expulsion est attaqu\u00e9 en r\u00e9f\u00e9r\u00e9, c&rsquo;est lui qui statue. Autrement dit, celui qui tient cette institution tient une cl\u00e9 de vo\u00fbte de l&rsquo;\u00c9tat de droit fran\u00e7ais. Et cette cl\u00e9, Macron vient de la confier \u00e0 Marc Guillaume.<\/p>\n\n\n\n<h2 id=\"h-une-piece-dans-un-puzzle-plus-vaste\" class=\"wp-block-heading\">Une pi\u00e8ce dans un puzzle plus vaste<\/h2>\n\n\n\n<p class=\"has-medium-font-size wp-block-paragraph\">La nomination de Marc Guillaume ne s&rsquo;inscrit pas dans le vide. Elle est la derni\u00e8re en date d&rsquo;une longue s\u00e9quence de placements strat\u00e9giques au sommet des institutions, op\u00e9r\u00e9e m\u00e9thodiquement depuis 2022, et qui s&rsquo;est nettement acc\u00e9l\u00e9r\u00e9e \u00e0 mesure que la fin du mandat approchait. (cf https:\/\/www.geopolitics.fr\/2024\/03\/13\/emmanuel-macron-mauvais-drh-ou-le-rates-de-ses-amis-de-lena-places-au-coeur-du-pouvoir\/).<\/p>\n\n\n\n<h2 id=\"h-le-tableau-commence-des-juillet-2022-avec-emmanuelle-wargon\" class=\"wp-block-heading has-medium-font-size\"><br>Le tableau commence d\u00e8s juillet 2022 avec Emmanuelle Wargon<\/h2>\n\n\n\n<p class=\"has-medium-font-size wp-block-paragraph\">Deux fois ministre sous Macron, secr\u00e9taire d&rsquo;\u00c9tat \u00e0 l&rsquo;\u00c9cologie puis ministre d\u00e9l\u00e9gu\u00e9e au Logement, nomm\u00e9e \u00e0 la pr\u00e9sidence de la Commission de r\u00e9gulation de l&rsquo;\u00e9nergie malgr\u00e9 l&rsquo;opposition d&rsquo;une majorit\u00e9 de parlementaires. Battue aux l\u00e9gislatives de la m\u00eame ann\u00e9e sous l&rsquo;\u00e9tiquette LREM, elle n&rsquo;en prenait pas moins la t\u00eate du r\u00e9gulateur \u00e9nerg\u00e9tique fran\u00e7ais. Trois ans plus tard, en septembre 2025, elle \u00e9tait \u00e9lue pr\u00e9sidente du Conseil des r\u00e9gulateurs de l&rsquo;Agence de coop\u00e9ration des r\u00e9gulateurs de l&rsquo;\u00e9nergie au niveau europ\u00e9en, nouvelle r\u00e9compense d&rsquo;une loyaut\u00e9 jamais d\u00e9mentie. <\/p>\n\n\n\n<h2 id=\"h-en-mai-2025-c-est-clement-beaune\" class=\"wp-block-heading has-medium-font-size\"><strong><br>En mai 2025, c&rsquo;est Cl\u00e9ment Beaune<\/strong><\/h2>\n\n\n\n<p class=\"has-medium-font-size wp-block-paragraph\">Ancien conseiller sp\u00e9cial de l&rsquo;\u00c9lys\u00e9e sur les questions europ\u00e9ennes, ex ministre d\u00e9l\u00e9gu\u00e9,  battu lors des l\u00e9gislatives anticip\u00e9es de juillet 2024, qui prenait la t\u00eate du Haut-Commissariat \u00e0 la Strat\u00e9gie et au Plan, poste d&rsquo;influence discret mais r\u00e9el sur les orientations de long terme de l&rsquo;\u00c9tat. <\/p>\n\n\n\n<h2 id=\"h-en-fevrier-2025-richard-ferrand\" class=\"wp-block-heading has-medium-font-size\"><strong>En f\u00e9vrier 2025, Richard Ferrand<\/strong><\/h2>\n\n\n\n<p class=\"has-medium-font-size wp-block-paragraph\">Ancien pr\u00e9sident de l&rsquo;Assembl\u00e9e nationale et compagnon de route de Macron depuis les premi\u00e8res heures d&rsquo;En Marche en 2016, \u00e9tait nomm\u00e9 pr\u00e9sident du Conseil constitutionnel pour un mandat de neuf ans, inamovible et irr\u00e9vocable. <\/p>\n\n\n\n<h2 id=\"h-peu-apres-amelie-de-montchalin\" class=\"wp-block-heading has-medium-font-size\"><strong>Peu<\/strong> <strong>apr\u00e8s, Am\u00e9lie de Montchalin<\/strong><\/h2>\n\n\n\n<p class=\"has-medium-font-size wp-block-paragraph\">Ancienne ministre des Comptes publics, prenait la pr\u00e9sidence de la Cour des comptes. \u00c0 40 ans, et compte tenu du caract\u00e8re irr\u00e9vocable de la fonction jusqu&rsquo;\u00e0 68 ans, elle pourrait th\u00e9oriquement occuper ce poste jusqu&rsquo;en 2054. <\/p>\n\n\n\n<h2 id=\"h-en-mai-2026-emmanuel-moulin-gouverneur-de-la-banque-de-france\" class=\"wp-block-heading has-medium-font-size\"><strong>En mai 2026, Emmanuel Moulin, gouverneur de la Banque de France<\/strong><\/h2>\n\n\n\n<p class=\"has-medium-font-size wp-block-paragraph\">Le Parlement a valid\u00e9 le nomination propos\u00e9e par Emmanuel Macron de l&rsquo;ancien secr\u00e9taire g\u00e9n\u00e9ral de l\u2019Elys\u00e9e m\u00eame si, de la gauche \u00e0 l\u2019extr\u00eame droite, de nombreux \u00e9lus le jugent trop \u00ab politique \u00bb. On parle d&rsquo;un marchandage global pou \u00e9viter l&rsquo;obstruction parlementaire.<\/p>\n\n\n\n<h2 id=\"h-on-pourrait-egalement-citer-stephane-sejourne\" class=\"wp-block-heading has-medium-font-size\"><strong>On pourrait \u00e9galement citer St\u00e9phane S\u00e9journ\u00e9 <\/strong><\/h2>\n\n\n\n<p class=\"has-medium-font-size wp-block-paragraph\">Co-fondateur des Jeunes avec Macron, bombard\u00e9 commissaire europ\u00e9en apr\u00e8s la d\u00e9mission de Thierry Breton en 2024, une fa\u00e7on de recaser un fid\u00e8le parmi les fid\u00e8les \u00e0 Bruxelles, hors de port\u00e9e de l&rsquo;alternance nationale. Le tout apr\u00e8s un passage au Quai d&rsquo;Orsay que l&rsquo;ont peut qualifier d&rsquo;ubuesque. <\/p>\n\n\n\n<p class=\"has-medium-font-size wp-block-paragraph\">Le tableau est saisissant de coh\u00e9rence. \u00c0 chaque institution-cl\u00e9, un profil li\u00e9 de pr\u00e8s ou de loin \u00e0 l&rsquo;orbite pr\u00e9sidentielle. \u00c0 chaque d\u00e9part d&rsquo;un garant de l&rsquo;ind\u00e9pendance, une figure choisie pour son pragmatisme vis-\u00e0-vis du pouvoir. Non pas pour gouverner davantage, mais pour durer autrement.<\/p>\n\n\n\n<p class=\"has-medium-font-size wp-block-paragraph\">Il va sans dire qu&rsquo;aux \u00e9tages l\u00e9g\u00e8rement moins visibles du syst\u00e8me politico-administratif, le processus est le m\u00eame : promotion des macronistes, obstruction pour les autres.<\/p>\n\n\n\n<h2 id=\"h-la-question-qui-reste-sans-reponse\" class=\"wp-block-heading\">La question qui reste sans r\u00e9ponse<\/h2>\n\n\n\n<h2 id=\"h-l-argument-des-defenseurs-de-ces-nominations-est-imparable-en-theorie\" class=\"wp-block-heading has-medium-font-size\"><strong>L&rsquo;argument des d\u00e9fenseurs de ces nominations est imparable en th\u00e9orie <\/strong><\/h2>\n\n\n\n<p class=\"has-medium-font-size wp-block-paragraph\">tous les pr\u00e9sidents l&rsquo;ont fait. La Ve R\u00e9publique porte en elle ce vieux r\u00e9flexe monarchique. Dans un r\u00e9cent ouvrage intitul\u00e9 \u00ab\u00a0Sa Majest\u00e9 nomme\u00a0\u00bb, le journaliste Micha\u00ebl Moreau rappelle que personne, \u00e0 l&rsquo;\u00c9lys\u00e9e comme \u00e0 Matignon, ne conna\u00eet avec pr\u00e9cision le nombre exact de postes relevant du pouvoir pr\u00e9sidentiel. De Gaulle, Mitterrand, Chirac, Sarkozy, Hollande, tous ont utilis\u00e9 ce levier comme extension naturelle du pouvoir ex\u00e9cutif.<\/p>\n\n\n\n<h2 id=\"h-la-question-n-est-pas-de-savoir-si-macron-a-invente-une-pratique-la-question-est-d-intensite-et-de-temporalite\" class=\"wp-block-heading has-medium-font-size\"><strong>La question n&rsquo;est pas de savoir si Macron a invent\u00e9 une pratique. La question est d&rsquo;intensit\u00e9 et de temporalit\u00e9<\/strong><\/h2>\n\n\n\n<p class=\"has-medium-font-size wp-block-paragraph\">La densit\u00e9 des placements en fin de mandat, leur concentration sur des postes \u00e0 mandats longs, neuf ans pour le Conseil constitutionnel, dur\u00e9e ind\u00e9finie pour le Conseil d&rsquo;\u00c9tat, jusqu&rsquo;\u00e0 68 ans pour la Cour des comptes et leur orientation vers des profils politiquement marqu\u00e9s plut\u00f4t qu&rsquo;institutionnellement reconnus dessinent quelque chose qui d\u00e9passe la gestion ordinaire des institutions.<\/p>\n\n\n\n<p class=\"has-medium-font-size wp-block-paragraph\">Dans les couloirs du Palais, certains \u00e9voquent \u00e0 voix basse l&rsquo;hypoth\u00e8se 2032. La Constitution interdit un troisi\u00e8me mandat cons\u00e9cutif, non un retour apr\u00e8s interruption. D&rsquo;autres la volont\u00e9 d&rsquo;entraver un RN parvenu au pouvoir. Consolider des relais durables dans l&rsquo;appareil d&rsquo;\u00c9tat serait, dans cette lecture, une mani\u00e8re de pr\u00e9parer l&rsquo;avenir plut\u00f4t que de le subir. Marc Guillaume a pris ses fonctions ce 21 mai. Il rendra des avis sur les r\u00e9formes du prochain pr\u00e9sident, arbitrera les contentieux administratifs des ann\u00e9es 2030, et fa\u00e7onnera la jurisprudence qui encadrera demain les libert\u00e9s publiques. Sa nomination d\u00e9clenche en parall\u00e8le un jeu de chaises musicales : le directeur de cabinet de l&rsquo;\u00c9lys\u00e9e, Georges-Fran\u00e7ois Leclerc, est pressenti pour lui succ\u00e9der \u00e0 la pr\u00e9fecture d&rsquo;\u00cele-de-France. Le moins que l&rsquo;on puisse dire est que l&rsquo;int\u00e9ress\u00e9 n&rsquo;a pas convaincu lors de son court passage comme Pr\u00e9fet des Bouches-du-Rh\u00f4ne. La m\u00e9canique tourne. Le puzzle, lui, est presque achev\u00e9.<\/p>\n\n\n\n<p class=\"wp-block-paragraph\"><\/p>","protected":false},"excerpt":{"rendered":"<p>Mercredi 6 mai 2026. Conseil des ministres. G\u00e9rald Darmanin annonce, tout sourire, la nomination de Marc Guillaume, pr\u00e9fet de la r\u00e9gion \u00cele-de-France,&hellip;<\/p>","protected":false},"author":9,"featured_media":4421,"comment_status":"closed","ping_status":"closed","sticky":false,"template":"","format":"standard","meta":{"_lmt_disableupdate":"","_lmt_disable":"","footnotes":""},"categories":[605,617],"tags":[61,704],"class_list":["post-4420","post","type-post","status-publish","format-standard","has-post-thumbnail","hentry","category-france","category-politique-france","tag-macron","tag-moulin"],"yoast_head":"<!-- This site is optimized with the Yoast SEO Premium plugin v28.1 (Yoast SEO v28.1) - https:\/\/yoast.com\/product\/yoast-seo-premium-wordpress\/ -->\n<title>Marc Guillaume au Conseil d&#039;\u00c9tat : Macron pose la derni\u00e8re pierre de son h\u00e9ritage | Geopolitics.fr<\/title>\n<meta name=\"description\" content=\"La question n&#039;est pas de savoir si Macron a invent\u00e9 une pratique. La question est l&#039;intensit\u00e9 et la temporalit\u00e9 de ces nominations\" \/>\n<meta name=\"robots\" content=\"index, follow, max-snippet:-1, max-image-preview:large, max-video-preview:-1\" \/>\n<link rel=\"canonical\" href=\"https:\/\/www.geopolitics.fr\/en\/2026\/05\/22\/marc-guillaume-au-conseil-detat-macron-pose-la-derniere-pierre-de-son-heritage\/\" \/>\n<meta property=\"og:locale\" content=\"en_GB\" \/>\n<meta property=\"og:type\" content=\"article\" \/>\n<meta property=\"og:title\" content=\"Marc Guillaume au Conseil d&#039;\u00c9tat : Macron pose la derni\u00e8re pierre de son h\u00e9ritage\" \/>\n<meta property=\"og:description\" content=\"La question n&#039;est pas de savoir si Macron a invent\u00e9 une pratique. La question est l&#039;intensit\u00e9 et la temporalit\u00e9 de ces nominations\" \/>\n<meta property=\"og:url\" content=\"https:\/\/www.geopolitics.fr\/en\/2026\/05\/22\/marc-guillaume-au-conseil-detat-macron-pose-la-derniere-pierre-de-son-heritage\/\" \/>\n<meta property=\"og:site_name\" content=\"Geopolitics.fr\" \/>\n<meta property=\"article:publisher\" content=\"https:\/\/www.facebook.com\/people\/Erwan-Davoux\/61557098968092\/\" \/>\n<meta property=\"article:published_time\" content=\"2026-05-22T16:58:10+00:00\" \/>\n<meta property=\"article:modified_time\" content=\"2026-05-22T16:58:13+00:00\" \/>\n<meta property=\"og:image\" content=\"https:\/\/www.geopolitics.fr\/wp-content\/uploads\/2026\/05\/macron-sol-e1779468718723.jpg\" \/>\n\t<meta property=\"og:image:width\" content=\"400\" \/>\n\t<meta property=\"og:image:height\" content=\"246\" \/>\n\t<meta property=\"og:image:type\" content=\"image\/jpeg\" \/>\n<meta name=\"author\" content=\"contact@geopolitics.fr\" \/>\n<meta name=\"twitter:card\" content=\"summary_large_image\" \/>\n<meta name=\"twitter:creator\" content=\"@Geopolitics_Fr\" \/>\n<meta name=\"twitter:site\" content=\"@Geopolitics_Fr\" \/>\n<meta name=\"twitter:label1\" content=\"Written by\" \/>\n\t<meta name=\"twitter:data1\" content=\"contact@geopolitics.fr\" \/>\n\t<meta name=\"twitter:label2\" content=\"Estimated reading time\" \/>\n\t<meta name=\"twitter:data2\" content=\"7 minutes\" \/>\n<script type=\"application\/ld+json\" class=\"yoast-schema-graph\">{\"@context\":\"https:\\\/\\\/schema.org\",\"@graph\":[{\"@type\":\"Article\",\"@id\":\"https:\\\/\\\/www.geopolitics.fr\\\/2026\\\/05\\\/22\\\/marc-guillaume-au-conseil-detat-macron-pose-la-derniere-pierre-de-son-heritage\\\/#article\",\"isPartOf\":{\"@id\":\"https:\\\/\\\/www.geopolitics.fr\\\/2026\\\/05\\\/22\\\/marc-guillaume-au-conseil-detat-macron-pose-la-derniere-pierre-de-son-heritage\\\/\"},\"author\":{\"name\":\"contact@geopolitics.fr\",\"@id\":\"https:\\\/\\\/www.geopolitics.fr\\\/#\\\/schema\\\/person\\\/69dde260ad11805e2aa68f0d9e9128da\"},\"headline\":\"Marc Guillaume au Conseil d&rsquo;\u00c9tat : Macron pose la derni\u00e8re pierre de son h\u00e9ritage\",\"datePublished\":\"2026-05-22T16:58:10+00:00\",\"dateModified\":\"2026-05-22T16:58:13+00:00\",\"mainEntityOfPage\":{\"@id\":\"https:\\\/\\\/www.geopolitics.fr\\\/2026\\\/05\\\/22\\\/marc-guillaume-au-conseil-detat-macron-pose-la-derniere-pierre-de-son-heritage\\\/\"},\"wordCount\":1569,\"publisher\":{\"@id\":\"https:\\\/\\\/www.geopolitics.fr\\\/#organization\"},\"image\":{\"@id\":\"https:\\\/\\\/www.geopolitics.fr\\\/2026\\\/05\\\/22\\\/marc-guillaume-au-conseil-detat-macron-pose-la-derniere-pierre-de-son-heritage\\\/#primaryimage\"},\"thumbnailUrl\":\"https:\\\/\\\/www.geopolitics.fr\\\/wp-content\\\/uploads\\\/2026\\\/05\\\/macron-sol-e1779468718723.jpg\",\"keywords\":[\"Macron\",\"MOULIN\"],\"articleSection\":[\"FRANCE\",\"Politique\"],\"inLanguage\":\"en-GB\"},{\"@type\":\"WebPage\",\"@id\":\"https:\\\/\\\/www.geopolitics.fr\\\/2026\\\/05\\\/22\\\/marc-guillaume-au-conseil-detat-macron-pose-la-derniere-pierre-de-son-heritage\\\/\",\"url\":\"https:\\\/\\\/www.geopolitics.fr\\\/2026\\\/05\\\/22\\\/marc-guillaume-au-conseil-detat-macron-pose-la-derniere-pierre-de-son-heritage\\\/\",\"name\":\"Marc Guillaume au Conseil d'\u00c9tat : Macron pose la derni\u00e8re pierre de son h\u00e9ritage | Geopolitics.fr\",\"isPartOf\":{\"@id\":\"https:\\\/\\\/www.geopolitics.fr\\\/#website\"},\"primaryImageOfPage\":{\"@id\":\"https:\\\/\\\/www.geopolitics.fr\\\/2026\\\/05\\\/22\\\/marc-guillaume-au-conseil-detat-macron-pose-la-derniere-pierre-de-son-heritage\\\/#primaryimage\"},\"image\":{\"@id\":\"https:\\\/\\\/www.geopolitics.fr\\\/2026\\\/05\\\/22\\\/marc-guillaume-au-conseil-detat-macron-pose-la-derniere-pierre-de-son-heritage\\\/#primaryimage\"},\"thumbnailUrl\":\"https:\\\/\\\/www.geopolitics.fr\\\/wp-content\\\/uploads\\\/2026\\\/05\\\/macron-sol-e1779468718723.jpg\",\"datePublished\":\"2026-05-22T16:58:10+00:00\",\"dateModified\":\"2026-05-22T16:58:13+00:00\",\"description\":\"La question n'est pas de savoir si Macron a invent\u00e9 une pratique. La question est l'intensit\u00e9 et la temporalit\u00e9 de ces nominations\",\"breadcrumb\":{\"@id\":\"https:\\\/\\\/www.geopolitics.fr\\\/2026\\\/05\\\/22\\\/marc-guillaume-au-conseil-detat-macron-pose-la-derniere-pierre-de-son-heritage\\\/#breadcrumb\"},\"inLanguage\":\"en-GB\",\"potentialAction\":[{\"@type\":\"ReadAction\",\"target\":[\"https:\\\/\\\/www.geopolitics.fr\\\/2026\\\/05\\\/22\\\/marc-guillaume-au-conseil-detat-macron-pose-la-derniere-pierre-de-son-heritage\\\/\"]}]},{\"@type\":\"ImageObject\",\"inLanguage\":\"en-GB\",\"@id\":\"https:\\\/\\\/www.geopolitics.fr\\\/2026\\\/05\\\/22\\\/marc-guillaume-au-conseil-detat-macron-pose-la-derniere-pierre-de-son-heritage\\\/#primaryimage\",\"url\":\"https:\\\/\\\/www.geopolitics.fr\\\/wp-content\\\/uploads\\\/2026\\\/05\\\/macron-sol-e1779468718723.jpg\",\"contentUrl\":\"https:\\\/\\\/www.geopolitics.fr\\\/wp-content\\\/uploads\\\/2026\\\/05\\\/macron-sol-e1779468718723.jpg\",\"width\":400,\"height\":246},{\"@type\":\"BreadcrumbList\",\"@id\":\"https:\\\/\\\/www.geopolitics.fr\\\/2026\\\/05\\\/22\\\/marc-guillaume-au-conseil-detat-macron-pose-la-derniere-pierre-de-son-heritage\\\/#breadcrumb\",\"itemListElement\":[{\"@type\":\"ListItem\",\"position\":1,\"name\":\"Accueil\",\"item\":\"https:\\\/\\\/www.geopolitics.fr\\\/\"},{\"@type\":\"ListItem\",\"position\":2,\"name\":\"Marc Guillaume au Conseil d&rsquo;\u00c9tat : Macron pose la derni\u00e8re pierre de son h\u00e9ritage\"}]},{\"@type\":\"WebSite\",\"@id\":\"https:\\\/\\\/www.geopolitics.fr\\\/#website\",\"url\":\"https:\\\/\\\/www.geopolitics.fr\\\/\",\"name\":\"Geopolitics.fr\",\"description\":\"Geopolitics.fr Analyse politique, relations internationales, d\u00e9fense - ligne \u00e9ditoriale gaullo-chiraquienne\",\"publisher\":{\"@id\":\"https:\\\/\\\/www.geopolitics.fr\\\/#organization\"},\"potentialAction\":[{\"@type\":\"SearchAction\",\"target\":{\"@type\":\"EntryPoint\",\"urlTemplate\":\"https:\\\/\\\/www.geopolitics.fr\\\/?s={search_term_string}\"},\"query-input\":{\"@type\":\"PropertyValueSpecification\",\"valueRequired\":true,\"valueName\":\"search_term_string\"}}],\"inLanguage\":\"en-GB\"},{\"@type\":\"Organization\",\"@id\":\"https:\\\/\\\/www.geopolitics.fr\\\/#organization\",\"name\":\"Geopolitics.fr\",\"url\":\"https:\\\/\\\/www.geopolitics.fr\\\/\",\"logo\":{\"@type\":\"ImageObject\",\"inLanguage\":\"en-GB\",\"@id\":\"https:\\\/\\\/www.geopolitics.fr\\\/#\\\/schema\\\/logo\\\/image\\\/\",\"url\":\"https:\\\/\\\/www.geopolitics.fr\\\/wp-content\\\/uploads\\\/2024\\\/01\\\/logo.jpg\",\"contentUrl\":\"https:\\\/\\\/www.geopolitics.fr\\\/wp-content\\\/uploads\\\/2024\\\/01\\\/logo.jpg\",\"width\":500,\"height\":500,\"caption\":\"Geopolitics.fr\"},\"image\":{\"@id\":\"https:\\\/\\\/www.geopolitics.fr\\\/#\\\/schema\\\/logo\\\/image\\\/\"},\"sameAs\":[\"https:\\\/\\\/www.facebook.com\\\/people\\\/Erwan-Davoux\\\/61557098968092\\\/\",\"https:\\\/\\\/x.com\\\/Geopolitics_Fr\"]},{\"@type\":\"Person\",\"@id\":\"https:\\\/\\\/www.geopolitics.fr\\\/#\\\/schema\\\/person\\\/69dde260ad11805e2aa68f0d9e9128da\",\"name\":\"contact@geopolitics.fr\",\"image\":{\"@type\":\"ImageObject\",\"inLanguage\":\"en-GB\",\"@id\":\"https:\\\/\\\/www.geopolitics.fr\\\/wp-content\\\/uploads\\\/2024\\\/01\\\/edito-bonne-banniere-96x96.jpg\",\"url\":\"https:\\\/\\\/www.geopolitics.fr\\\/wp-content\\\/uploads\\\/2024\\\/01\\\/edito-bonne-banniere-96x96.jpg\",\"contentUrl\":\"https:\\\/\\\/www.geopolitics.fr\\\/wp-content\\\/uploads\\\/2024\\\/01\\\/edito-bonne-banniere-96x96.jpg\",\"caption\":\"contact@geopolitics.fr\"},\"url\":\"https:\\\/\\\/www.geopolitics.fr\\\/en\\\/author\\\/contactgeopolitics-fr\\\/\"}]}<\/script>\n<!-- \/ Yoast SEO Premium plugin. -->","yoast_head_json":{"title":"Marc Guillaume au Conseil d'\u00c9tat : Macron pose la derni\u00e8re pierre de son h\u00e9ritage | Geopolitics.fr","description":"La question n'est pas de savoir si Macron a invent\u00e9 une pratique. La question est l'intensit\u00e9 et la temporalit\u00e9 de ces nominations","robots":{"index":"index","follow":"follow","max-snippet":"max-snippet:-1","max-image-preview":"max-image-preview:large","max-video-preview":"max-video-preview:-1"},"canonical":"https:\/\/www.geopolitics.fr\/en\/2026\/05\/22\/marc-guillaume-au-conseil-detat-macron-pose-la-derniere-pierre-de-son-heritage\/","og_locale":"en_GB","og_type":"article","og_title":"Marc Guillaume au Conseil d'\u00c9tat : Macron pose la derni\u00e8re pierre de son h\u00e9ritage","og_description":"La question n'est pas de savoir si Macron a invent\u00e9 une pratique. La question est l'intensit\u00e9 et la temporalit\u00e9 de ces nominations","og_url":"https:\/\/www.geopolitics.fr\/en\/2026\/05\/22\/marc-guillaume-au-conseil-detat-macron-pose-la-derniere-pierre-de-son-heritage\/","og_site_name":"Geopolitics.fr","article_publisher":"https:\/\/www.facebook.com\/people\/Erwan-Davoux\/61557098968092\/","article_published_time":"2026-05-22T16:58:10+00:00","article_modified_time":"2026-05-22T16:58:13+00:00","og_image":[{"width":400,"height":246,"url":"https:\/\/www.geopolitics.fr\/wp-content\/uploads\/2026\/05\/macron-sol-e1779468718723.jpg","type":"image\/jpeg"}],"author":"contact@geopolitics.fr","twitter_card":"summary_large_image","twitter_creator":"@Geopolitics_Fr","twitter_site":"@Geopolitics_Fr","twitter_misc":{"Written by":"contact@geopolitics.fr","Estimated reading time":"7 minutes"},"schema":{"@context":"https:\/\/schema.org","@graph":[{"@type":"Article","@id":"https:\/\/www.geopolitics.fr\/2026\/05\/22\/marc-guillaume-au-conseil-detat-macron-pose-la-derniere-pierre-de-son-heritage\/#article","isPartOf":{"@id":"https:\/\/www.geopolitics.fr\/2026\/05\/22\/marc-guillaume-au-conseil-detat-macron-pose-la-derniere-pierre-de-son-heritage\/"},"author":{"name":"contact@geopolitics.fr","@id":"https:\/\/www.geopolitics.fr\/#\/schema\/person\/69dde260ad11805e2aa68f0d9e9128da"},"headline":"Marc Guillaume au Conseil d&rsquo;\u00c9tat : Macron pose la derni\u00e8re pierre de son h\u00e9ritage","datePublished":"2026-05-22T16:58:10+00:00","dateModified":"2026-05-22T16:58:13+00:00","mainEntityOfPage":{"@id":"https:\/\/www.geopolitics.fr\/2026\/05\/22\/marc-guillaume-au-conseil-detat-macron-pose-la-derniere-pierre-de-son-heritage\/"},"wordCount":1569,"publisher":{"@id":"https:\/\/www.geopolitics.fr\/#organization"},"image":{"@id":"https:\/\/www.geopolitics.fr\/2026\/05\/22\/marc-guillaume-au-conseil-detat-macron-pose-la-derniere-pierre-de-son-heritage\/#primaryimage"},"thumbnailUrl":"https:\/\/www.geopolitics.fr\/wp-content\/uploads\/2026\/05\/macron-sol-e1779468718723.jpg","keywords":["Macron","MOULIN"],"articleSection":["FRANCE","Politique"],"inLanguage":"en-GB"},{"@type":"WebPage","@id":"https:\/\/www.geopolitics.fr\/2026\/05\/22\/marc-guillaume-au-conseil-detat-macron-pose-la-derniere-pierre-de-son-heritage\/","url":"https:\/\/www.geopolitics.fr\/2026\/05\/22\/marc-guillaume-au-conseil-detat-macron-pose-la-derniere-pierre-de-son-heritage\/","name":"Marc Guillaume au Conseil d'\u00c9tat : Macron pose la derni\u00e8re pierre de son h\u00e9ritage | Geopolitics.fr","isPartOf":{"@id":"https:\/\/www.geopolitics.fr\/#website"},"primaryImageOfPage":{"@id":"https:\/\/www.geopolitics.fr\/2026\/05\/22\/marc-guillaume-au-conseil-detat-macron-pose-la-derniere-pierre-de-son-heritage\/#primaryimage"},"image":{"@id":"https:\/\/www.geopolitics.fr\/2026\/05\/22\/marc-guillaume-au-conseil-detat-macron-pose-la-derniere-pierre-de-son-heritage\/#primaryimage"},"thumbnailUrl":"https:\/\/www.geopolitics.fr\/wp-content\/uploads\/2026\/05\/macron-sol-e1779468718723.jpg","datePublished":"2026-05-22T16:58:10+00:00","dateModified":"2026-05-22T16:58:13+00:00","description":"La question n'est pas de savoir si Macron a invent\u00e9 une pratique. La question est l'intensit\u00e9 et la temporalit\u00e9 de ces nominations","breadcrumb":{"@id":"https:\/\/www.geopolitics.fr\/2026\/05\/22\/marc-guillaume-au-conseil-detat-macron-pose-la-derniere-pierre-de-son-heritage\/#breadcrumb"},"inLanguage":"en-GB","potentialAction":[{"@type":"ReadAction","target":["https:\/\/www.geopolitics.fr\/2026\/05\/22\/marc-guillaume-au-conseil-detat-macron-pose-la-derniere-pierre-de-son-heritage\/"]}]},{"@type":"ImageObject","inLanguage":"en-GB","@id":"https:\/\/www.geopolitics.fr\/2026\/05\/22\/marc-guillaume-au-conseil-detat-macron-pose-la-derniere-pierre-de-son-heritage\/#primaryimage","url":"https:\/\/www.geopolitics.fr\/wp-content\/uploads\/2026\/05\/macron-sol-e1779468718723.jpg","contentUrl":"https:\/\/www.geopolitics.fr\/wp-content\/uploads\/2026\/05\/macron-sol-e1779468718723.jpg","width":400,"height":246},{"@type":"BreadcrumbList","@id":"https:\/\/www.geopolitics.fr\/2026\/05\/22\/marc-guillaume-au-conseil-detat-macron-pose-la-derniere-pierre-de-son-heritage\/#breadcrumb","itemListElement":[{"@type":"ListItem","position":1,"name":"Accueil","item":"https:\/\/www.geopolitics.fr\/"},{"@type":"ListItem","position":2,"name":"Marc Guillaume au Conseil d&rsquo;\u00c9tat : Macron pose la derni\u00e8re pierre de son h\u00e9ritage"}]},{"@type":"WebSite","@id":"https:\/\/www.geopolitics.fr\/#website","url":"https:\/\/www.geopolitics.fr\/","name":"Geopolitics.fr","description":"Geopolitics.fr Analyse politique, relations internationales, d\u00e9fense - ligne \u00e9ditoriale gaullo-chiraquienne","publisher":{"@id":"https:\/\/www.geopolitics.fr\/#organization"},"potentialAction":[{"@type":"SearchAction","target":{"@type":"EntryPoint","urlTemplate":"https:\/\/www.geopolitics.fr\/?s={search_term_string}"},"query-input":{"@type":"PropertyValueSpecification","valueRequired":true,"valueName":"search_term_string"}}],"inLanguage":"en-GB"},{"@type":"Organization","@id":"https:\/\/www.geopolitics.fr\/#organization","name":"Geopolitics.fr","url":"https:\/\/www.geopolitics.fr\/","logo":{"@type":"ImageObject","inLanguage":"en-GB","@id":"https:\/\/www.geopolitics.fr\/#\/schema\/logo\/image\/","url":"https:\/\/www.geopolitics.fr\/wp-content\/uploads\/2024\/01\/logo.jpg","contentUrl":"https:\/\/www.geopolitics.fr\/wp-content\/uploads\/2024\/01\/logo.jpg","width":500,"height":500,"caption":"Geopolitics.fr"},"image":{"@id":"https:\/\/www.geopolitics.fr\/#\/schema\/logo\/image\/"},"sameAs":["https:\/\/www.facebook.com\/people\/Erwan-Davoux\/61557098968092\/","https:\/\/x.com\/Geopolitics_Fr"]},{"@type":"Person","@id":"https:\/\/www.geopolitics.fr\/#\/schema\/person\/69dde260ad11805e2aa68f0d9e9128da","name":"contact@geopolitics.fr","image":{"@type":"ImageObject","inLanguage":"en-GB","@id":"https:\/\/www.geopolitics.fr\/wp-content\/uploads\/2024\/01\/edito-bonne-banniere-96x96.jpg","url":"https:\/\/www.geopolitics.fr\/wp-content\/uploads\/2024\/01\/edito-bonne-banniere-96x96.jpg","contentUrl":"https:\/\/www.geopolitics.fr\/wp-content\/uploads\/2024\/01\/edito-bonne-banniere-96x96.jpg","caption":"contact@geopolitics.fr"},"url":"https:\/\/www.geopolitics.fr\/en\/author\/contactgeopolitics-fr\/"}]}},"_links":{"self":[{"href":"https:\/\/www.geopolitics.fr\/en\/wp-json\/wp\/v2\/posts\/4420","targetHints":{"allow":["GET"]}}],"collection":[{"href":"https:\/\/www.geopolitics.fr\/en\/wp-json\/wp\/v2\/posts"}],"about":[{"href":"https:\/\/www.geopolitics.fr\/en\/wp-json\/wp\/v2\/types\/post"}],"author":[{"embeddable":true,"href":"https:\/\/www.geopolitics.fr\/en\/wp-json\/wp\/v2\/users\/9"}],"replies":[{"embeddable":true,"href":"https:\/\/www.geopolitics.fr\/en\/wp-json\/wp\/v2\/comments?post=4420"}],"version-history":[{"count":1,"href":"https:\/\/www.geopolitics.fr\/en\/wp-json\/wp\/v2\/posts\/4420\/revisions"}],"predecessor-version":[{"id":4422,"href":"https:\/\/www.geopolitics.fr\/en\/wp-json\/wp\/v2\/posts\/4420\/revisions\/4422"}],"wp:featuredmedia":[{"embeddable":true,"href":"https:\/\/www.geopolitics.fr\/en\/wp-json\/wp\/v2\/media\/4421"}],"wp:attachment":[{"href":"https:\/\/www.geopolitics.fr\/en\/wp-json\/wp\/v2\/media?parent=4420"}],"wp:term":[{"taxonomy":"category","embeddable":true,"href":"https:\/\/www.geopolitics.fr\/en\/wp-json\/wp\/v2\/categories?post=4420"},{"taxonomy":"post_tag","embeddable":true,"href":"https:\/\/www.geopolitics.fr\/en\/wp-json\/wp\/v2\/tags?post=4420"}],"curies":[{"name":"wp","href":"https:\/\/api.w.org\/{rel}","templated":true}]}}