{"id":4415,"date":"2026-05-22T13:31:21","date_gmt":"2026-05-22T11:31:21","guid":{"rendered":"https:\/\/www.geopolitics.fr\/?p=4415"},"modified":"2026-05-22T14:07:37","modified_gmt":"2026-05-22T12:07:37","slug":"la-prophetie-comme-programme-ben-gvir-la-flottille-et-le-fanatisme-du-sionisme-religieux-qui-dirige-letat-israelien","status":"publish","type":"post","link":"https:\/\/www.geopolitics.fr\/en\/2026\/05\/22\/la-prophetie-comme-programme-ben-gvir-la-flottille-et-le-fanatisme-du-sionisme-religieux-qui-dirige-letat-israelien\/","title":{"rendered":"La Proph\u00e9tie comme Programme \u2014 Ben Gvir, la Flottille et le Fanatisme du sionisme religieux qui dirige l&rsquo;Etat isra\u00e9lien"},"content":{"rendered":"<p class=\"has-medium-font-size wp-block-paragraph\">Le 19 mai 2026, Itamar Ben Gvir publiait sur Telegram une vid\u00e9o devenue le symbole d&rsquo;une \u00e9poque. Des militants humanitaires \u00e9trangers, Espagnols, Britanniques, Australiens, Polonais \u00e9taient agenouill\u00e9s, menott\u00e9s sur le pont d&rsquo;un navire intercept\u00e9 en eaux internationales. Ben Gvir debout face \u00e0 la cam\u00e9ra, drapeau isra\u00e9lien en main, hymne national en fond sonore. Une vingtaine de pays convoqu\u00e8rent leurs diplomates isra\u00e9liens. Netanyahu lui-m\u00eame accusa son propre ministre d&rsquo;avoir nui \u00e0 l&rsquo;image du pays. Ben Gvir, lui, qualifia le geste de grande fiert\u00e9 nationale. Cet \u00e9cart entre la r\u00e9action du monde et celle du ministre n&rsquo;est pas un accident. C&rsquo;est le r\u00e9v\u00e9lateur d&rsquo;une fracture id\u00e9ologique profonde qu&rsquo;il est temps de regarder en face.<\/p>\n\n\n\n<h2 id=\"h-une-doctrine-pas-un-derapage\" class=\"wp-block-heading has-medium-font-size\">Une doctrine, pas un d\u00e9rapage<\/h2>\n\n\n\n<h3 id=\"h-la-flottille-global-sumud-transportait-des-medicaments-du-lait-en-poudre-et-des-vivres-vers-gaza\" class=\"wp-block-heading has-medium-font-size\"><strong>La flottille Global Sumud transportait des m\u00e9dicaments, du lait en poudre et des vivres vers Gaza<\/strong><\/h3>\n\n\n\n<p class=\"has-medium-font-size wp-block-paragraph\">Ses 430 passagers, militants, journalistes, avocats et \u00e9lus de douze nationalit\u00e9s, furent intercept\u00e9s en eaux internationales. Ils furent priv\u00e9s de leurs t\u00e9l\u00e9phones et de tout moyen de communication etconduits de force au port d&rsquo;Ashdod. <\/p>\n\n\n\n<p class=\"has-medium-font-size wp-block-paragraph\">Ben Gvir non seulement assuma l&rsquo;op\u00e9ration, mais la filma et la diffusa lui-m\u00eame comme un troph\u00e9e politique, revendiquant ouvertement le droit \u00e0 traiter ainsi quiconque tenterait de briser le blocus.<\/p>\n\n\n\n<p class=\"has-medium-font-size wp-block-paragraph\">En f\u00e9vrier 2026, des policiers isra\u00e9liens filmaient \u00e0 la prison d&rsquo;Ofer des d\u00e9tenus palestiniens plaqu\u00e9s au sol, menott\u00e9s, pour publication imm\u00e9diate sur les r\u00e9seaux sociaux. <\/p>\n\n\n\n<p class=\"has-medium-font-size wp-block-paragraph\">Ce sch\u00e9ma obsessionnel et r\u00e9p\u00e9t\u00e9 ne rel\u00e8ve pas de l&rsquo;improvisation. Il rel\u00e8ve d&rsquo;une vision du monde dans laquelle l&rsquo;humiliation du non-Juif est non seulement l\u00e9gitime mais digne d&rsquo;\u00eatre exhib\u00e9e publiquement.<\/p>\n\n\n\n<h2 id=\"h-ce-programme-repose-sur-une-base-populaire-dont-l-ampleur-doit-etre-pleinement-mesuree\" class=\"wp-block-heading has-medium-font-size\"><strong>Ce programme repose sur une base populaire dont l&rsquo;ampleur doit \u00eatre pleinement mesur\u00e9e. <\/strong><\/h2>\n\n\n\n<p class=\"has-medium-font-size wp-block-paragraph\">Un sondage publi\u00e9 dans \u00ab\u00a0Haaretz\u00a0\u00bb, en mai 2025, r\u00e9v\u00e8le que plus de 80% des Isra\u00e9liens  soutiennent l&rsquo;expulsion forc\u00e9e des habitants de la bande de Gaza. Plus de la moiti\u00e9 s&rsquo;opposent \u00e0 toute entr\u00e9e d&rsquo;aide humanitaire dans le territoire, au motif qu&rsquo;elle profite \u00e0 l&rsquo;ennemi. Une majorit\u00e9 soutient \u00e9galement l&rsquo;expulsion forc\u00e9e des citoyens arabes d&rsquo;Isra\u00ebl eux-m\u00eames, ceux qui poss\u00e8dent la nationalit\u00e9 isra\u00e9lienne depuis des d\u00e9cennies. Ces chiffres ne d\u00e9crivent pas une frange radicale marginalis\u00e9e. Ils d\u00e9crivent une opinion majoritaire. Et pour comprendre d&rsquo;o\u00f9 vient cette majorit\u00e9, il faut regarder en face l&rsquo;id\u00e9ologie qui la structure depuis plusieurs g\u00e9n\u00e9rations.<\/p>\n\n\n\n<figure class=\"wp-block-image size-large is-resized\"><img fetchpriority=\"high\" decoding=\"async\" width=\"922\" height=\"1024\" src=\"https:\/\/www.geopolitics.fr\/wp-content\/uploads\/2026\/05\/KAHN-922x1024.png\" alt=\"\" class=\"wp-image-4418\" style=\"aspect-ratio:0.9004004184553227;width:425px;height:auto\" srcset=\"https:\/\/www.geopolitics.fr\/wp-content\/uploads\/2026\/05\/KAHN-922x1024.png 922w, https:\/\/www.geopolitics.fr\/wp-content\/uploads\/2026\/05\/KAHN-270x300.png 270w, https:\/\/www.geopolitics.fr\/wp-content\/uploads\/2026\/05\/KAHN-768x853.png 768w, https:\/\/www.geopolitics.fr\/wp-content\/uploads\/2026\/05\/KAHN-585x650.png 585w, https:\/\/www.geopolitics.fr\/wp-content\/uploads\/2026\/05\/KAHN-600x666.png 600w, https:\/\/www.geopolitics.fr\/wp-content\/uploads\/2026\/05\/KAHN.png 960w\" sizes=\"(max-width: 922px) 100vw, 922px\" \/><figcaption class=\"wp-element-caption\">SYMBOLE DU KAHANISME<\/figcaption><\/figure>\n\n\n\n<h2 id=\"h-quand-la-prophetie-devient-programme-gouvernemental\" class=\"wp-block-heading has-medium-font-size\">Quand la proph\u00e9tie devient programme gouvernemental<\/h2>\n\n\n\n<h3 id=\"h-le-sionisme-religieux-une-theologie-politique-integrale-dans-laquelle-chaque-decision-gouvernementale-s-inscrit-dans-un-calendrier-prophetique\" class=\"wp-block-heading has-medium-font-size\"><strong>Le sionisme religieux : une th\u00e9ologie politique int\u00e9grale dans laquelle chaque d\u00e9cision gouvernementale s&rsquo;inscrit dans un calendrier proph\u00e9tique <\/strong><\/h3>\n\n\n\n<p class=\"has-medium-font-size wp-block-paragraph\">Le sionisme religieux messianique, dont Ben Gvir et Smotrich sont les repr\u00e9sentants les plus visibles, n&rsquo;est pas un courant politique ordinaire assorti de convictions religieuses p\u00e9riph\u00e9riques. C&rsquo;est une th\u00e9ologie politique int\u00e9grale. Au seins de laquelle chaque d\u00e9cision gouvernementale s&rsquo;inscrit dans un calendrier proph\u00e9tique que ses acteurs croient sinc\u00e8rement accomplir. Pour en saisir la logique interne, il faut remonter \u00e0 ses fondateurs intellectuels.<\/p>\n\n\n\n<p class=\"has-medium-font-size wp-block-paragraph\">Le rabbin Abraham Isaac Kook, puis son fils Zvi Yehouda Kook, ont b\u00e2ti au cours du vingti\u00e8me si\u00e8cle une doctrine selon laquelle la cr\u00e9ation de l&rsquo;\u00c9tat d&rsquo;Isra\u00ebl en 1948 et la conqu\u00eate de J\u00e9rusalem en 1967 ne sont pas des \u00e9v\u00e9nements politiques ordinaires. Ce sont les pr\u00e9mices de la Geoulah, la R\u00e9demption, le commencement de l&rsquo;\u00e8re messianique annonc\u00e9e par les proph\u00e8tes. Dans cette lecture, l&rsquo;\u00c9tat d&rsquo;Isra\u00ebl n&rsquo;est pas une d\u00e9mocratie parmi d&rsquo;autres. Il est l&rsquo;instrument de la volont\u00e9 divine, dont la mission historique est de pr\u00e9parer l&rsquo;av\u00e8nement du Messie. Et le prochain acte de ce drame cosmique est in\u00e9luctable. Il s&rsquo;agit de la reconstruction du Troisi\u00e8me Temple de J\u00e9rusalem, sur l&rsquo;esplanade exacte o\u00f9 se dressent aujourd&rsquo;hui la mosqu\u00e9e Al-Aqsa et le D\u00f4me du Rocher, quatri\u00e8me lieu saint de l&rsquo;islam.<\/p>\n\n\n\n<h3 id=\"h-une-ideologie-qui-ne-reste-pas-au-niveau-des-idees-abstraites\" class=\"wp-block-heading has-medium-font-size\"><strong>Une id\u00e9ologie qui ne reste pas au niveau des id\u00e9es abstraites<\/strong><\/h3>\n\n\n\n<p class=\"has-medium-font-size wp-block-paragraph\">L&rsquo;Institut pour la reconstruction du Temple, fond\u00e9 en 1987 et financ\u00e9 par des donations priv\u00e9es \u00e0 travers le monde entier. Il pr\u00e9pare concr\u00e8tement cet \u00e9v\u00e9nement : fabrication des ustensiles rituels selon les prescriptions bibliques au millim\u00e8tre pr\u00e8s, formation de pr\u00eatres selon les rites anciens du sacerdoce, financement de maquettes architecturales d\u00e9taill\u00e9es, \u00e9tudes arch\u00e9ologiques du sous-sol de l&rsquo;esplanade. Ce sont ces rabbins qui vinrent solennellement f\u00e9liciter Ben Gvir le soir de son \u00e9lection en novembre 2022. Ce ne sont pas des anecdotes de coulisses, ce sont les coordonn\u00e9es id\u00e9ologiques pr\u00e9cises du ministre qui contr\u00f4le aujourd&rsquo;hui la police isra\u00e9lienne et les forces de s\u00e9curit\u00e9 int\u00e9rieure du pays.<\/p>\n\n\n\n<h2 id=\"h-netanyahu-lui-meme-pourtant-repute-pragmatique-et-calculateur-a-franchi-le-seuil-du-langage-prophetique-dans-l-espace-public-officiel\" class=\"wp-block-heading has-medium-font-size\"><strong>Netanyahu lui-m\u00eame, pourtant r\u00e9put\u00e9 pragmatique et calculateur, a franchi le seuil du langage proph\u00e9tique dans l&rsquo;espace public officiel<\/strong><\/h2>\n\n\n\n<p class=\"has-medium-font-size wp-block-paragraph\">Au d\u00e9but de la guerre, en octobre 2023, il  compara le Hamas aux Amal\u00e9cites, tribu biblique que Dieu ordonna d&rsquo;exterminer jusqu&rsquo;au dernier individu, sans exception. Il  pr\u00e9senta la campagne militaire comme l&rsquo;accomplissement de proph\u00e9ties bibliques. Des op\u00e9rations militaires portent des noms tir\u00e9s des \u00c9critures. Quand le Premier ministre d&rsquo;un \u00c9tat parle \u00e0 ses soldats dans le langage des textes sacr\u00e9s, ce n&rsquo;est plus de la rh\u00e9torique \u00e9lectorale destin\u00e9e \u00e0 sa base. Il s&rsquo;agit d&rsquo;un cadre de l\u00e9gitimation dans lequel les r\u00e8gles du droit international perdent leur autorit\u00e9 au profit d&rsquo;une loi suppos\u00e9ment sup\u00e9rieure.<\/p>\n\n\n\n<h3 id=\"h-smotrich-ministre-des-finances-et-architecte-intellectuel-de-la-colonisation-est-encore-plus-explicite-dans-ses-declarations\" class=\"wp-block-heading has-medium-font-size\"><strong>Smotrich, ministre des Finances et architecte intellectuel de la colonisation, est encore plus explicite dans ses d\u00e9clarations<\/strong><\/h3>\n\n\n\n<p class=\"has-medium-font-size wp-block-paragraph\">L&rsquo;int\u00e9ress\u00e9 a affirm\u00e9 publiquement que l&rsquo;\u00e9tablissement du Grand Isra\u00ebl, englobant toute la Cisjordanie, Gaza et les territoires au-del\u00e0, est la condition pr\u00e9alable \u00e0 la venue du Messie. La colonisation n&rsquo;est donc pas dans son esprit une strat\u00e9gie g\u00e9opolitique discutable; Elle est un commandement divin auquel il lui est impossible de se soustraire sans trahir Dieu lui-m\u00eame. Cette conviction explique pourquoi les sanctions internationales, les pertes humaines, l&rsquo;isolement diplomatique croissant et les mandats d&rsquo;arr\u00eat de la CPI n&rsquo;infl\u00e9chissent rien dans son comportement. Aux yeux d&rsquo;un homme sinc\u00e8rement convaincu d&rsquo;accomplir la volont\u00e9 divine, les objections du monde profane sont des obstacles \u00e0 surmonter.<\/p>\n\n\n\n<h2 id=\"h-la-hierarchie-des-vies-quand-l-ideologie-se-traduit-en-actes\" class=\"wp-block-heading has-medium-font-size\">La Hi\u00e9rarchie des Vies: Quand l&rsquo;id\u00e9ologie se traduit en actes<\/h2>\n\n\n\n<h2 id=\"h-une-conception-explicite-de-la-hierarchie-entre-les-ames-juives-et-les-ames-non-juive\" class=\"wp-block-heading has-medium-font-size\"><strong>Une conception explicite de la hi\u00e9rarchie entre les \u00e2mes juives et les \u00e2mes non-juive<\/strong><\/h2>\n\n\n\n<p class=\"has-medium-font-size wp-block-paragraph\">Cette hi\u00e9rarchie existe dans les courants les plus radicaux du sionisme religieux et particuli\u00e8rement dans l&rsquo;\u00e9cole kahaniste. Ben Gvir en est l&rsquo;h\u00e9ritier revendiqu\u00e9 et assum\u00e9. Cette conception s&rsquo;appuie sur des interpr\u00e9tations s\u00e9lectives et extr\u00e9mistes de textes rabbiniques. La grande majorit\u00e9 des autorit\u00e9s religieuses juives mondiales les rejettent comme h\u00e9t\u00e9rodoxes et dangereuses. Mais elle est r\u00e9elle et enseign\u00e9e dans certains cercles religieux proches du pouvoir. Elle structure concr\u00e8tement la vision du monde de ceux qui gouvernent aujourd&rsquo;hui Isra\u00ebl. Dans ce cadre id\u00e9ologique, la vie d&rsquo;un non-Juif et a fortiori celle d&rsquo;un Palestinien, assimil\u00e9 \u00e0 un ennemi de Dieu, a une valeur radicalement inf\u00e9rieure. Ce n&rsquo;est pas une figure de style. C&rsquo;est un pr\u00e9suppos\u00e9 th\u00e9ologique qui autorise et l\u00e9gitime ce que le reste du monde nomme des crimes.<\/p>\n\n\n\n<h3 id=\"h-cette-hierarchie-se-traduit-concretement-et-systematiquement-dans-les-actes-du-gouvernement\" class=\"wp-block-heading has-medium-font-size\"><strong>Cette hi\u00e9rarchie se traduit concr\u00e8tement et syst\u00e9matiquement dans les actes du gouvernement<\/strong><\/h3>\n\n\n\n<p class=\"has-medium-font-size wp-block-paragraph\">Smotrich a propos\u00e9 de s\u00e9parer patients juifs et arabes dans les h\u00f4pitaux isra\u00e9liens. Il a publiquement ni\u00e9 l&rsquo;existence des Palestinien en tant que peuple. Ben Gvir a qualifi\u00e9 de h\u00e9ros des colons auteurs de violences document\u00e9es contre des civils palestiniens.Il s&rsquo;agit d&rsquo;individus qui ont br\u00fbl\u00e9 des maisons habit\u00e9es avec leurs occupants, tu\u00e9 des bergers dans leurs champs, d\u00e9truit des puits et des milliers d&rsquo;oliviers. Il a cherch\u00e9 \u00e0 armer davantage ces milices en leur conf\u00e9rant un statut l\u00e9gal au sein des forces de s\u00e9curit\u00e9 nationales.<\/p>\n\n\n\n<h2 id=\"h-la-guerre-a-gaza-a-fourni-le-contexte-dans-lequel-cette-ideologie-s-est-exprimee-sans-filtre-et-sans-frein\" class=\"wp-block-heading has-medium-font-size\"><strong>La guerre \u00e0 Gaza a fourni le contexte dans lequel cette id\u00e9ologie s&rsquo;est exprim\u00e9e sans filtre et sans frein<\/strong><\/h2>\n\n\n\n<p class=\"has-medium-font-size wp-block-paragraph\">Des soldats ont publi\u00e9 sur les r\u00e9seaux sociaux des vid\u00e9os de destructions pr\u00e9sent\u00e9es comme des troph\u00e9es personnels, exhibant les effets personnels de civils tu\u00e9s, se filmant dans les d\u00e9combres de maisons effondr\u00e9es avec des sourires. Les images ont montr\u00e9 des soldats abattant des civils d\u00e9sarm\u00e9s qui marchaient vers des zones suppos\u00e9ment s\u00fbres. Des enfants, des nourrissons, sont morts dans des h\u00f4pitaux bombard\u00e9s; dans des \u00e9coles frapp\u00e9es, dans des maisons ras\u00e9es sur leurs occupants pendant leur sommeil. <\/p>\n\n\n\n<p class=\"has-medium-font-size wp-block-paragraph\">La Cour internationale de Justice a ordonn\u00e9 \u00e0 Isra\u00ebl de pr\u00e9venir tout acte de g\u00e9nocide \u00e0 Gaza et de permettre l&rsquo;acc\u00e8s \u00e0 l&rsquo;aide humanitaire. <\/p>\n\n\n\n<p class=\"has-medium-font-size wp-block-paragraph\">La Cour p\u00e9nale internationale a \u00e9mis des mandats d&rsquo;arr\u00eat contre Netanyahu et son ancien ministre de la D\u00e9fense pour crimes contre l&rsquo;humanit\u00e9.  Sans effets. Dans le cadre eschatologique qui justifie ces actes, ces institutions humaines n&rsquo;ont tout simplement pas d&rsquo;autorit\u00e9 sur un peuple accomplissant la volont\u00e9 de Dieu.<\/p>\n\n\n\n<p class=\"has-medium-font-size wp-block-paragraph\">Quand on se croit mandat\u00e9 par Dieu pour accomplir une proph\u00e9tie, le droit international devient une opinion parmi d&rsquo;autres.<\/p>\n\n\n\n<h2 id=\"h-les-4-185-francais-deuxieme-contingent-de-l-armee-israelienne\" class=\"wp-block-heading has-medium-font-size\">Les 4 185 Fran\u00e7ais: deuxi\u00e8me contingent de l&rsquo;arm\u00e9e isra\u00e9lienne<\/h2>\n\n\n\n<h2 id=\"h-une-dimension-de-cette-guerre-reste-obstinement-sous-traitee-dans-le-debat-public-francais-la-participation-directe-de-ressortissants-francais-a-cette-campagne-militaire\" class=\"wp-block-heading has-medium-font-size\"><strong>Une dimension de cette guerre reste obstin\u00e9ment sous-trait\u00e9e dans le d\u00e9bat public fran\u00e7ais : la participation directe de ressortissants fran\u00e7ais \u00e0 cette campagne militaire<\/strong><\/h2>\n\n\n\n<p class=\"has-medium-font-size wp-block-paragraph\">Une enqu\u00eate r\u00e9alis\u00e9e par Europe 1 en Isra\u00ebl a \u00e9tabli que 4 185 personnes de nationalit\u00e9 fran\u00e7aise, essentiellement des binationaux franco-isra\u00e9liens, servaient dans les rangs de Tsahal sur le front de Gaza. Ce chiffre fait de la France le deuxi\u00e8me contingent \u00e9tranger de l&rsquo;arm\u00e9e isra\u00e9lienne, juste derri\u00e8re les \u00c9tats-Unis, et loin devant tout autre pays europ\u00e9en. Ces soldats sont \u00e0 la fois des binationaux qui ont accompli leur service militaire obligatoire en Isra\u00ebl et des volontaires.<\/p>\n\n\n\n<p class=\"has-medium-font-size wp-block-paragraph\">Cette pr\u00e9sence n&rsquo;a rien d&rsquo;anodin. Certains de ces soldats se sont film\u00e9s en op\u00e9ration et ont publi\u00e9 ces images sur les r\u00e9seaux sociaux. Une d\u00e9sinvolture qui dit tout de leur sentiment d&rsquo;impunit\u00e9 totale. Ces vid\u00e9os font aujourd&rsquo;hui partie des pi\u00e8ces \u00e0 conviction de proc\u00e9dures judiciaires en cours. En juillet 2025, la Ligue des droits de l&rsquo;Homme et la F\u00e9d\u00e9ration internationale des droits humains ont d\u00e9pos\u00e9 une plainte avec constitution de partie civile devant le p\u00f4le \u00ab\u00a0crimes contre l&rsquo;humanit\u00e9\u00a0\u00bb du Tribunal judiciaire de Paris. Deux snipers franco-isra\u00e9liens y sont accus\u00e9s d&rsquo;ex\u00e9cutions sommaires de civils palestiniens non arm\u00e9s. Les charges retenues \u00e9voquent des crimes de guerre, des crimes contre l&rsquo;humanit\u00e9 et des actes relevant de la Convention pour la pr\u00e9vention et la r\u00e9pression du crime de g\u00e9nocide. C&rsquo;est la premi\u00e8re proc\u00e9dure de ce type ouverte en France depuis le d\u00e9but du conflit.<\/p>\n\n\n\n<h2 id=\"h-une-question-politique-que-la-france-s-est-jusqu-a-present-refusee-a-traiter-frontalement\" class=\"wp-block-heading has-medium-font-size\"><strong>Une question politique que la France s&rsquo;est jusqu&rsquo;\u00e0 pr\u00e9sent refus\u00e9e \u00e0 traiter frontalement<\/strong><\/h2>\n\n\n\n<p class=\"has-medium-font-size wp-block-paragraph\">Cette proc\u00e9dure judiciaire soul\u00e8ve une question politique que la France s&rsquo;est jusqu&rsquo;\u00e0 pr\u00e9sent refus\u00e9e \u00e0 traiter frontalement. Comment un pays qui se r\u00e9clame de la D\u00e9claration universelle des droits de l&rsquo;Homme peut-il laisser ses ressortissants servir impun\u00e9ment dans cette arm\u00e9e ? Vis\u00e9e par des mandats d&rsquo;arr\u00eat internationaux, document\u00e9e pour des violations syst\u00e9matiques du droit humanitaire&#8230; Sans d\u00e9clencher la moindre r\u00e9ponse judiciaire proactive ? <\/p>\n\n\n\n<p class=\"has-medium-font-size wp-block-paragraph\">La comparaison s&rsquo;impose et elle est accablante : la France a mis en place des m\u00e9canismes antiterroristes s\u00e9v\u00e8res \u00e0 l&rsquo;encontre de Fran\u00e7ais partis combattre au Rojava aux c\u00f4t\u00e9s des Kurdes contre l&rsquo;\u00c9tat islamique. Ces combattants s&rsquo;opposaient \u00e0 une organisation class\u00e9e terroriste. L&rsquo;asym\u00e9trie est totale et ind\u00e9fendable. Elle manifeste un double standard ancr\u00e9 profond\u00e9ment dans la politique fran\u00e7aise qui traite diff\u00e9remment la violence selon l&rsquo;identit\u00e9 des auteurs et des victimes.<\/p>\n\n\n\n<h2 id=\"h-la-question-fondamentale-peut-on-faire-face-a-une-eschatologie-au-pouvoir\" class=\"wp-block-heading has-medium-font-size\">La Question Fondamentale: Peut-on faire face \u00e0 une eschatologie au pouvoir ?<\/h2>\n\n\n\n<h2 id=\"h-la-montee-du-sionisme-religieux-messianique-au-coeur-de-l-appareil-d-etat-israelien-constitue-un-changement-de-paradigme-geopolitique\" class=\"wp-block-heading has-medium-font-size\"><strong>La mont\u00e9e du sionisme religieux messianique au c\u0153ur de l&rsquo;appareil d&rsquo;\u00c9tat isra\u00e9lien constitue un changement de paradigme g\u00e9opolitique<\/strong><\/h2>\n\n\n\n<p class=\"has-medium-font-size wp-block-paragraph\" id=\"h-la-montee-du-sionisme-religieux-messianique-au-coeur-de-l-appareil-d-etat-israelien-constitue-un-changement-de-paradigme-geopolitique\">Les chancelleries occidentales peinent encore \u00e0 l&rsquo;appr\u00e9hender dans toute sa radicalit\u00e9.<\/p>\n\n\n\n<p class=\"has-medium-font-size wp-block-paragraph\">Certaines et certains membres du gouvernement fran\u00e7ais en restent au stade la  niaiserie politique \u00ab\u00a0La France est l&rsquo;amie d&rsquo;Isra\u00ebl\u00a0\u00bb. Est-ce bien la question ? De quel Isra\u00ebl parle-t-on ? De celui dont Netanyahou a commenc\u00e9, il y a 30 ans, une d\u00e9naturation profonde ?<\/p>\n\n\n\n<p class=\"has-medium-font-size wp-block-paragraph\">Pendant des d\u00e9cennies, le conflit isra\u00e9lo-palestinien a \u00e9t\u00e9 analys\u00e9 et trait\u00e9 dans les cadres classiques. Ceux de la s\u00e9curit\u00e9 nationale, du rapport de force colonial ou de la n\u00e9gociation diplomatique entre acteurs rationnel. Ces cadres restent partiellement valides mais profond\u00e9ment insuffisants face \u00e0 un gouvernement dont la fraction d\u00e9cisive croit sinc\u00e8rement, sans m\u00e9taphore ni distance, \u00eatre en train d&rsquo;accomplir un mandat divin dont aucune instance humaine ne peut la d\u00e9mettre.<\/p>\n\n\n\n<h2 id=\"h-la-question-que-cela-pose-est-a-la-fois-simple-a-formuler-et-vertigineuse-dans-ses-implications-pratiques\" class=\"wp-block-heading has-medium-font-size\"><strong>La question que cela pose est \u00e0 la fois simple \u00e0 formuler et vertigineuse dans ses implications pratiques <\/strong><\/h2>\n\n\n\n<p class=\"has-medium-font-size wp-block-paragraph\">Comment fait-on de la diplomatie avec des acteurs qui per\u00e7oivent tout compromis territorial comme une trahison de Dieu ? <\/p>\n\n\n\n<p class=\"has-medium-font-size wp-block-paragraph\">Comment menace-t-on de sanctions des dirigeants convaincus que les souffrances pr\u00e9sentes les leurs comme celles des autres, sont le prix glorieux et n\u00e9cessaire de la R\u00e9demption \u00e0 venir ? <\/p>\n\n\n\n<p class=\"has-medium-font-size wp-block-paragraph\">Est-il possible de cesser  de financer et d&rsquo;armer un \u00c9tat dont les alli\u00e9s se sont enferm\u00e9s dans une logique de soutien inconditionnel ? La r\u00e9ponse classique de la diplomatie internationale, la pression graduelle, la n\u00e9gociation sur les int\u00e9r\u00eats, la menace de co\u00fbt, perd une large partie de son efficacit\u00e9 op\u00e9rationnelle face \u00e0 une eschatologie coh\u00e9rente, assum\u00e9e et partag\u00e9e par une majorit\u00e9 de la population.<\/p>\n\n\n\n<h2 id=\"h-ce-qui-reste-disponible-ce-sont-les-outils-du-droit-international\" class=\"wp-block-heading has-medium-font-size\"><strong>Ce qui reste disponible, ce sont les outils du droit international<\/strong><\/h2>\n\n\n\n<p class=\"has-medium-font-size wp-block-paragraph\">La Cour P\u00e9nale Internationale (CPI) a \u00e9mis ses mandats d&rsquo;arr\u00eat contre Netanyahu, Galland et, tr\u00e8s probablement, d&rsquo;autres dirigeants isra\u00e9liens. L&rsquo;information est tenue secr\u00e8te pour \u00e9viter des repr\u00e9sailles encore plus massives sur les tr\u00e8s hauts magistrats de la CPI . <\/p>\n\n\n\n<p class=\"has-medium-font-size wp-block-paragraph\">La CIJ a rendu ses ordonnances contraignantes. Des proc\u00e9dures judiciaires s&rsquo;ouvrent progressivement dans plusieurs pays europ\u00e9ens dont la France. La reconnaissance internationale de l&rsquo;\u00c9tat palestinien progresse lentement mais r\u00e9guli\u00e8rement parmi les membres de l&rsquo;ONU. Ces outils sont imparfaits, r\u00e9guli\u00e8rement contourn\u00e9s par les \u00c9tats qui en ont les moyens politiques et militaires. Mais ils sont actuellement les seuls qui permettent de traiter cette situation pour ce qu&rsquo;elle est r\u00e9ellement. Non plus un conflit territorial classique entre deux nations qui se disputent un espace. Mais un \u00c9tat qui viole syst\u00e9matiquement le droit international en se r\u00e9clamant d&rsquo;une proph\u00e9tie divine.<\/p>\n\n\n\n<h2 id=\"h-nommer-pour-agir\" class=\"wp-block-heading has-medium-font-size\">Nommer pour agir<\/h2>\n\n\n\n<h2 id=\"h-ce-phenomene-n-est-pas-le-judaisme\" class=\"wp-block-heading has-medium-font-size\"><strong>Ce ph\u00e9nom\u00e8ne n&rsquo;est pas le juda\u00efsme<\/strong><\/h2>\n\n\n\n<p class=\"has-medium-font-size wp-block-paragraph\">Une confusion que font nombre de politiques, de sots, de propagandistes plus ou moins dissimul\u00e9s ainsi que les m\u00e9dia de d\u00e9sinformation continue.<\/p>\n\n\n\n<p class=\"has-medium-font-size wp-block-paragraph\">On s&#8217;empressera d&rsquo;\u00e9voquer l&rsquo;antis\u00e9mitisme pour clore le d\u00e9bat avant qu&rsquo;il ne commence. Il faut refuser cette assimilation avec la m\u00eame fermet\u00e9 qu&rsquo;on refuse l&rsquo;id\u00e9ologie elle-m\u00eame. Les tr\u00e8s nombreux Juifs du monde qui s&rsquo;opposent \u00e0 ce gouvernement, manifestent \u00e0 Tel Aviv chaque semaine, aux Etats-Unis parfois, t\u00e9moignent depuis l&rsquo;int\u00e9rieur au risque de leur libert\u00e9. Ils m\u00e9ritent d&rsquo;\u00eatre distingu\u00e9s sans ambigu\u00eft\u00e9 de ceux qui commettent ces actes et de ceux qui les soutiennent \u00e9lectoralement. <\/p>\n\n\n\n<h2 id=\"h-ce-phenomene-c-est-le-sionisme-religieux-messianique-dans-sa-version-kahaniste-et-gouvernementale\" class=\"wp-block-heading has-medium-font-size\"><strong>Ce ph\u00e9nom\u00e8ne, c&rsquo;est le sionisme religieux messianique dans sa version kahaniste et gouvernementale <\/strong><\/h2>\n\n\n\n<p class=\"has-medium-font-size wp-block-paragraph\">Une id\u00e9ologie ethno-th\u00e9ologique qui hi\u00e9rarchise les vies humaines selon l&rsquo;appartenance religieuse, l\u00e9gitime l&rsquo;expansionnisme territorial par la proph\u00e9tie divine. Une doctrine qui traite les Palestiniens et plus largement tous les non-Juifs,\u00a0 comme des obstacles \u00e0 l&rsquo;accomplissement d&rsquo;un destin cosmique et qui a conquis des positions d\u00e9cisives dans l&rsquo;Etat.  Isra\u00ebl est un  pays qui dispose de l&rsquo;arme nucl\u00e9aire, de l&rsquo;une des arm\u00e9es les mieux \u00e9quip\u00e9es du monde et du soutien diplomatique de la premi\u00e8re puissance mondiale.<\/p>\n\n\n\n<p class=\"has-medium-font-size wp-block-paragraph\">Nommer tout cela clairement, sans euph\u00e9misme ni faux \u00e9quilibre journalistique, n&rsquo;est pas faire de la propagande. C&rsquo;est le pr\u00e9alable indispensable \u00e0 toute r\u00e9ponse politique s\u00e9rieuse et \u00e0 toute action efficace. Car on ne n\u00e9gocie pas un programme eschatologique avec des concessions territoriales. <\/p>\n\n\n\n<p class=\"has-medium-font-size wp-block-paragraph\">On peut seulement en contenir les effets, par le droit international appliqu\u00e9 avec coh\u00e9rence; par la pression politique assum\u00e9e; par le refus concret et document\u00e9 de la complicit\u00e9; par le courage enfin de traiter cet \u00c9tat exactement comme on traiterait n&rsquo;importe quel autre \u00c9tat qui violerait le droit international avec cette constance, cette ampleur et cette impunit\u00e9. <\/p>\n\n\n\n<p class=\"has-medium-font-size wp-block-paragraph\">Et la premi\u00e8re \u00e9tape de ce refus est de regarder en face, sans d\u00e9tourner les yeux, ce qu&rsquo;on a r\u00e9ellement en face de soi.<\/p>","protected":false},"excerpt":{"rendered":"<p>Le 19 mai 2026, Itamar Ben Gvir publiait sur Telegram une vid\u00e9o devenue le symbole d&rsquo;une \u00e9poque. Des militants humanitaires \u00e9trangers, Espagnols,&hellip;<\/p>","protected":false},"author":31730,"featured_media":4417,"comment_status":"closed","ping_status":"closed","sticky":false,"template":"","format":"standard","meta":{"_lmt_disableupdate":"","_lmt_disable":"","footnotes":""},"categories":[610,5,4,612],"tags":[702,78,703,701],"class_list":["post-4415","post","type-post","status-publish","format-standard","has-post-thumbnail","hentry","category-droit-international","category-international","category-mis-en-avant","category-monde-arabe","tag-ben-gvir","tag-israel","tag-kahanisme","tag-sinonisme-religieux"],"yoast_head":"<!-- This site is optimized with the Yoast SEO Premium plugin v28.1 (Yoast SEO v28.1) - https:\/\/yoast.com\/product\/yoast-seo-premium-wordpress\/ -->\n<title>La Proph\u00e9tie comme Programme \u2014 Ben Gvir, la Flottille et le Fanatisme du sionisme religieux qui dirige l&#039;Etat isra\u00e9lien | Geopolitics.fr<\/title>\n<meta name=\"description\" content=\"Est-ce possible de faire de la diplomatie avec des acteurs qui per\u00e7oivent tout compromis territorial comme une trahison de Dieu ?\" \/>\n<meta name=\"robots\" content=\"index, follow, max-snippet:-1, max-image-preview:large, max-video-preview:-1\" \/>\n<link rel=\"canonical\" href=\"https:\/\/www.geopolitics.fr\/en\/2026\/05\/22\/la-prophetie-comme-programme-ben-gvir-la-flottille-et-le-fanatisme-du-sionisme-religieux-qui-dirige-letat-israelien\/\" \/>\n<meta property=\"og:locale\" content=\"en_GB\" \/>\n<meta property=\"og:type\" content=\"article\" \/>\n<meta property=\"og:title\" content=\"La Proph\u00e9tie comme Programme \u2014 Ben Gvir, la Flottille et le Fanatisme du sionisme religieux qui dirige l&#039;Etat isra\u00e9lien\" \/>\n<meta property=\"og:description\" content=\"Est-ce possible de faire de la diplomatie avec des acteurs qui per\u00e7oivent tout compromis territorial comme une trahison de Dieu ?\" \/>\n<meta property=\"og:url\" content=\"https:\/\/www.geopolitics.fr\/en\/2026\/05\/22\/la-prophetie-comme-programme-ben-gvir-la-flottille-et-le-fanatisme-du-sionisme-religieux-qui-dirige-letat-israelien\/\" \/>\n<meta property=\"og:site_name\" content=\"Geopolitics.fr\" \/>\n<meta property=\"article:publisher\" content=\"https:\/\/www.facebook.com\/people\/Erwan-Davoux\/61557098968092\/\" \/>\n<meta property=\"article:published_time\" content=\"2026-05-22T11:31:21+00:00\" \/>\n<meta property=\"article:modified_time\" content=\"2026-05-22T12:07:37+00:00\" \/>\n<meta property=\"og:image\" content=\"https:\/\/www.geopolitics.fr\/wp-content\/uploads\/2026\/05\/le-bon-cochon.jpg\" \/>\n\t<meta property=\"og:image:width\" content=\"684\" \/>\n\t<meta property=\"og:image:height\" content=\"509\" \/>\n\t<meta property=\"og:image:type\" content=\"image\/jpeg\" \/>\n<meta name=\"author\" content=\"Ghizlaine Badri\" \/>\n<meta name=\"twitter:card\" content=\"summary_large_image\" \/>\n<meta name=\"twitter:creator\" content=\"@Geopolitics_Fr\" \/>\n<meta name=\"twitter:site\" content=\"@Geopolitics_Fr\" \/>\n<meta name=\"twitter:label1\" content=\"Written by\" \/>\n\t<meta name=\"twitter:data1\" content=\"Ghizlaine Badri\" \/>\n\t<meta name=\"twitter:label2\" content=\"Estimated reading time\" \/>\n\t<meta name=\"twitter:data2\" content=\"14 minutes\" \/>\n<script type=\"application\/ld+json\" class=\"yoast-schema-graph\">{\"@context\":\"https:\\\/\\\/schema.org\",\"@graph\":[{\"@type\":\"Article\",\"@id\":\"https:\\\/\\\/www.geopolitics.fr\\\/2026\\\/05\\\/22\\\/la-prophetie-comme-programme-ben-gvir-la-flottille-et-le-fanatisme-du-sionisme-religieux-qui-dirige-letat-israelien\\\/#article\",\"isPartOf\":{\"@id\":\"https:\\\/\\\/www.geopolitics.fr\\\/2026\\\/05\\\/22\\\/la-prophetie-comme-programme-ben-gvir-la-flottille-et-le-fanatisme-du-sionisme-religieux-qui-dirige-letat-israelien\\\/\"},\"author\":{\"name\":\"Ghizlaine Badri\",\"@id\":\"https:\\\/\\\/www.geopolitics.fr\\\/#\\\/schema\\\/person\\\/c36b165f511617c65a2bf8f8abd9af41\"},\"headline\":\"La Proph\u00e9tie comme Programme \u2014 Ben Gvir, la Flottille et le Fanatisme du sionisme religieux qui dirige l&rsquo;Etat isra\u00e9lien\",\"datePublished\":\"2026-05-22T11:31:21+00:00\",\"dateModified\":\"2026-05-22T12:07:37+00:00\",\"mainEntityOfPage\":{\"@id\":\"https:\\\/\\\/www.geopolitics.fr\\\/2026\\\/05\\\/22\\\/la-prophetie-comme-programme-ben-gvir-la-flottille-et-le-fanatisme-du-sionisme-religieux-qui-dirige-letat-israelien\\\/\"},\"wordCount\":2949,\"publisher\":{\"@id\":\"https:\\\/\\\/www.geopolitics.fr\\\/#organization\"},\"image\":{\"@id\":\"https:\\\/\\\/www.geopolitics.fr\\\/2026\\\/05\\\/22\\\/la-prophetie-comme-programme-ben-gvir-la-flottille-et-le-fanatisme-du-sionisme-religieux-qui-dirige-letat-israelien\\\/#primaryimage\"},\"thumbnailUrl\":\"https:\\\/\\\/www.geopolitics.fr\\\/wp-content\\\/uploads\\\/2026\\\/05\\\/le-bon-cochon.jpg\",\"keywords\":[\"Ben Gvir\",\"isra\u00ebl\",\"kahanisme\",\"sinonisme religieux\"],\"articleSection\":[\"Droit international, multilat\u00e9ral\",\"International\",\"Mis en AVANT\",\"Monde arabe\"],\"inLanguage\":\"en-GB\"},{\"@type\":\"WebPage\",\"@id\":\"https:\\\/\\\/www.geopolitics.fr\\\/2026\\\/05\\\/22\\\/la-prophetie-comme-programme-ben-gvir-la-flottille-et-le-fanatisme-du-sionisme-religieux-qui-dirige-letat-israelien\\\/\",\"url\":\"https:\\\/\\\/www.geopolitics.fr\\\/2026\\\/05\\\/22\\\/la-prophetie-comme-programme-ben-gvir-la-flottille-et-le-fanatisme-du-sionisme-religieux-qui-dirige-letat-israelien\\\/\",\"name\":\"La Proph\u00e9tie comme Programme \u2014 Ben Gvir, la Flottille et le Fanatisme du sionisme religieux qui dirige l'Etat isra\u00e9lien | Geopolitics.fr\",\"isPartOf\":{\"@id\":\"https:\\\/\\\/www.geopolitics.fr\\\/#website\"},\"primaryImageOfPage\":{\"@id\":\"https:\\\/\\\/www.geopolitics.fr\\\/2026\\\/05\\\/22\\\/la-prophetie-comme-programme-ben-gvir-la-flottille-et-le-fanatisme-du-sionisme-religieux-qui-dirige-letat-israelien\\\/#primaryimage\"},\"image\":{\"@id\":\"https:\\\/\\\/www.geopolitics.fr\\\/2026\\\/05\\\/22\\\/la-prophetie-comme-programme-ben-gvir-la-flottille-et-le-fanatisme-du-sionisme-religieux-qui-dirige-letat-israelien\\\/#primaryimage\"},\"thumbnailUrl\":\"https:\\\/\\\/www.geopolitics.fr\\\/wp-content\\\/uploads\\\/2026\\\/05\\\/le-bon-cochon.jpg\",\"datePublished\":\"2026-05-22T11:31:21+00:00\",\"dateModified\":\"2026-05-22T12:07:37+00:00\",\"description\":\"Est-ce possible de faire de la diplomatie avec des acteurs qui per\u00e7oivent tout compromis territorial comme une trahison de Dieu ?\",\"breadcrumb\":{\"@id\":\"https:\\\/\\\/www.geopolitics.fr\\\/2026\\\/05\\\/22\\\/la-prophetie-comme-programme-ben-gvir-la-flottille-et-le-fanatisme-du-sionisme-religieux-qui-dirige-letat-israelien\\\/#breadcrumb\"},\"inLanguage\":\"en-GB\",\"potentialAction\":[{\"@type\":\"ReadAction\",\"target\":[\"https:\\\/\\\/www.geopolitics.fr\\\/2026\\\/05\\\/22\\\/la-prophetie-comme-programme-ben-gvir-la-flottille-et-le-fanatisme-du-sionisme-religieux-qui-dirige-letat-israelien\\\/\"]}]},{\"@type\":\"ImageObject\",\"inLanguage\":\"en-GB\",\"@id\":\"https:\\\/\\\/www.geopolitics.fr\\\/2026\\\/05\\\/22\\\/la-prophetie-comme-programme-ben-gvir-la-flottille-et-le-fanatisme-du-sionisme-religieux-qui-dirige-letat-israelien\\\/#primaryimage\",\"url\":\"https:\\\/\\\/www.geopolitics.fr\\\/wp-content\\\/uploads\\\/2026\\\/05\\\/le-bon-cochon.jpg\",\"contentUrl\":\"https:\\\/\\\/www.geopolitics.fr\\\/wp-content\\\/uploads\\\/2026\\\/05\\\/le-bon-cochon.jpg\",\"width\":684,\"height\":509},{\"@type\":\"BreadcrumbList\",\"@id\":\"https:\\\/\\\/www.geopolitics.fr\\\/2026\\\/05\\\/22\\\/la-prophetie-comme-programme-ben-gvir-la-flottille-et-le-fanatisme-du-sionisme-religieux-qui-dirige-letat-israelien\\\/#breadcrumb\",\"itemListElement\":[{\"@type\":\"ListItem\",\"position\":1,\"name\":\"Accueil\",\"item\":\"https:\\\/\\\/www.geopolitics.fr\\\/\"},{\"@type\":\"ListItem\",\"position\":2,\"name\":\"La Proph\u00e9tie comme Programme \u2014 Ben Gvir, la Flottille et le Fanatisme du sionisme religieux qui dirige l&rsquo;Etat isra\u00e9lien\"}]},{\"@type\":\"WebSite\",\"@id\":\"https:\\\/\\\/www.geopolitics.fr\\\/#website\",\"url\":\"https:\\\/\\\/www.geopolitics.fr\\\/\",\"name\":\"Geopolitics.fr\",\"description\":\"Geopolitics.fr Analyse politique, relations internationales, d\u00e9fense - ligne \u00e9ditoriale gaullo-chiraquienne\",\"publisher\":{\"@id\":\"https:\\\/\\\/www.geopolitics.fr\\\/#organization\"},\"potentialAction\":[{\"@type\":\"SearchAction\",\"target\":{\"@type\":\"EntryPoint\",\"urlTemplate\":\"https:\\\/\\\/www.geopolitics.fr\\\/?s={search_term_string}\"},\"query-input\":{\"@type\":\"PropertyValueSpecification\",\"valueRequired\":true,\"valueName\":\"search_term_string\"}}],\"inLanguage\":\"en-GB\"},{\"@type\":\"Organization\",\"@id\":\"https:\\\/\\\/www.geopolitics.fr\\\/#organization\",\"name\":\"Geopolitics.fr\",\"url\":\"https:\\\/\\\/www.geopolitics.fr\\\/\",\"logo\":{\"@type\":\"ImageObject\",\"inLanguage\":\"en-GB\",\"@id\":\"https:\\\/\\\/www.geopolitics.fr\\\/#\\\/schema\\\/logo\\\/image\\\/\",\"url\":\"https:\\\/\\\/www.geopolitics.fr\\\/wp-content\\\/uploads\\\/2024\\\/01\\\/logo.jpg\",\"contentUrl\":\"https:\\\/\\\/www.geopolitics.fr\\\/wp-content\\\/uploads\\\/2024\\\/01\\\/logo.jpg\",\"width\":500,\"height\":500,\"caption\":\"Geopolitics.fr\"},\"image\":{\"@id\":\"https:\\\/\\\/www.geopolitics.fr\\\/#\\\/schema\\\/logo\\\/image\\\/\"},\"sameAs\":[\"https:\\\/\\\/www.facebook.com\\\/people\\\/Erwan-Davoux\\\/61557098968092\\\/\",\"https:\\\/\\\/x.com\\\/Geopolitics_Fr\"]},{\"@type\":\"Person\",\"@id\":\"https:\\\/\\\/www.geopolitics.fr\\\/#\\\/schema\\\/person\\\/c36b165f511617c65a2bf8f8abd9af41\",\"name\":\"Ghizlaine Badri\",\"image\":{\"@type\":\"ImageObject\",\"inLanguage\":\"en-GB\",\"@id\":\"https:\\\/\\\/www.geopolitics.fr\\\/wp-content\\\/uploads\\\/2026\\\/04\\\/cropped-Ghizlaine-96x96.jpg\",\"url\":\"https:\\\/\\\/www.geopolitics.fr\\\/wp-content\\\/uploads\\\/2026\\\/04\\\/cropped-Ghizlaine-96x96.jpg\",\"contentUrl\":\"https:\\\/\\\/www.geopolitics.fr\\\/wp-content\\\/uploads\\\/2026\\\/04\\\/cropped-Ghizlaine-96x96.jpg\",\"caption\":\"Ghizlaine Badri\"},\"description\":\"R\u00e9dactrice en chef de Geopolitics.fr, Ghizlaine Badri est une Journaliste politique forte de vingt-cing ans d'exp\u00e9rience professionnelle dont quinze ans dans la Presse. Elle a construit un parcours \u00e0 l'intersection des sc\u00e8nes fran\u00e7aise, europ\u00e9enne et internationale. Ghizlaine a collabor\u00e9 avec pr\u00e8s d'une vingtaine de m\u00e9dias, parmi lesquels Le Point, Le Figaro, Les \u00c9chos, L'Express et Forbes. Correspondante Maroc\u2013Maghreb pour Le Point et correspondante Afrique pour Forbes, elle s'est distingu\u00e9e par une couverture approfondie des dynamiques politiques et diplomatiques entre l'Europe et le continent africain. Elle est \u00e0 ce jour la seule journaliste marocaine en activit\u00e9 \u00e0 avoir collabor\u00e9 avec des titres majeurs de la presse fran\u00e7aise hors sph\u00e8re panafricaine en France. Au sein du quotidien \u00e9conomique L'\u00c9conomiste, 1er quotidien au Maroc, elle a fond\u00e9 la rubrique France\u2013Maroc, contribuant \u00e0 structurer un espace \u00e9ditorial in\u00e9dit. Titulaire de trois masters obtenus en France, elle a travaill\u00e9 dans les domaines de la communication institutionnelle notamment \u00e0 la Mairie de Bordeaux aupr\u00e8s d'Alain Jupp\u00e9 et a \u00e9galement exerc\u00e9 des fonctions de direction en communication marketing, notamment aupr\u00e8s de l'Ambassade de France au Maroc. Polyglotte, elle est franco-italo-marocaine, n\u00e9e \u00e0 Casablanca, a v\u00e9cu \u00e0 New-York et maitrise cinq langues le fran\u00e7ais, l'arabe, l'anglais, l'italien et l'espagnol.\",\"url\":\"https:\\\/\\\/www.geopolitics.fr\\\/en\\\/author\\\/ghizlaine-badri\\\/\"}]}<\/script>\n<!-- \/ Yoast SEO Premium plugin. -->","yoast_head_json":{"title":"La Proph\u00e9tie comme Programme \u2014 Ben Gvir, la Flottille et le Fanatisme du sionisme religieux qui dirige l'Etat isra\u00e9lien | Geopolitics.fr","description":"Est-ce possible de faire de la diplomatie avec des acteurs qui per\u00e7oivent tout compromis territorial comme une trahison de Dieu ?","robots":{"index":"index","follow":"follow","max-snippet":"max-snippet:-1","max-image-preview":"max-image-preview:large","max-video-preview":"max-video-preview:-1"},"canonical":"https:\/\/www.geopolitics.fr\/en\/2026\/05\/22\/la-prophetie-comme-programme-ben-gvir-la-flottille-et-le-fanatisme-du-sionisme-religieux-qui-dirige-letat-israelien\/","og_locale":"en_GB","og_type":"article","og_title":"La Proph\u00e9tie comme Programme \u2014 Ben Gvir, la Flottille et le Fanatisme du sionisme religieux qui dirige l'Etat isra\u00e9lien","og_description":"Est-ce possible de faire de la diplomatie avec des acteurs qui per\u00e7oivent tout compromis territorial comme une trahison de Dieu ?","og_url":"https:\/\/www.geopolitics.fr\/en\/2026\/05\/22\/la-prophetie-comme-programme-ben-gvir-la-flottille-et-le-fanatisme-du-sionisme-religieux-qui-dirige-letat-israelien\/","og_site_name":"Geopolitics.fr","article_publisher":"https:\/\/www.facebook.com\/people\/Erwan-Davoux\/61557098968092\/","article_published_time":"2026-05-22T11:31:21+00:00","article_modified_time":"2026-05-22T12:07:37+00:00","og_image":[{"width":684,"height":509,"url":"https:\/\/www.geopolitics.fr\/wp-content\/uploads\/2026\/05\/le-bon-cochon.jpg","type":"image\/jpeg"}],"author":"Ghizlaine Badri","twitter_card":"summary_large_image","twitter_creator":"@Geopolitics_Fr","twitter_site":"@Geopolitics_Fr","twitter_misc":{"Written by":"Ghizlaine Badri","Estimated reading time":"14 minutes"},"schema":{"@context":"https:\/\/schema.org","@graph":[{"@type":"Article","@id":"https:\/\/www.geopolitics.fr\/2026\/05\/22\/la-prophetie-comme-programme-ben-gvir-la-flottille-et-le-fanatisme-du-sionisme-religieux-qui-dirige-letat-israelien\/#article","isPartOf":{"@id":"https:\/\/www.geopolitics.fr\/2026\/05\/22\/la-prophetie-comme-programme-ben-gvir-la-flottille-et-le-fanatisme-du-sionisme-religieux-qui-dirige-letat-israelien\/"},"author":{"name":"Ghizlaine Badri","@id":"https:\/\/www.geopolitics.fr\/#\/schema\/person\/c36b165f511617c65a2bf8f8abd9af41"},"headline":"La Proph\u00e9tie comme Programme \u2014 Ben Gvir, la Flottille et le Fanatisme du sionisme religieux qui dirige l&rsquo;Etat isra\u00e9lien","datePublished":"2026-05-22T11:31:21+00:00","dateModified":"2026-05-22T12:07:37+00:00","mainEntityOfPage":{"@id":"https:\/\/www.geopolitics.fr\/2026\/05\/22\/la-prophetie-comme-programme-ben-gvir-la-flottille-et-le-fanatisme-du-sionisme-religieux-qui-dirige-letat-israelien\/"},"wordCount":2949,"publisher":{"@id":"https:\/\/www.geopolitics.fr\/#organization"},"image":{"@id":"https:\/\/www.geopolitics.fr\/2026\/05\/22\/la-prophetie-comme-programme-ben-gvir-la-flottille-et-le-fanatisme-du-sionisme-religieux-qui-dirige-letat-israelien\/#primaryimage"},"thumbnailUrl":"https:\/\/www.geopolitics.fr\/wp-content\/uploads\/2026\/05\/le-bon-cochon.jpg","keywords":["Ben Gvir","isra\u00ebl","kahanisme","sinonisme religieux"],"articleSection":["Droit international, multilat\u00e9ral","International","Mis en AVANT","Monde arabe"],"inLanguage":"en-GB"},{"@type":"WebPage","@id":"https:\/\/www.geopolitics.fr\/2026\/05\/22\/la-prophetie-comme-programme-ben-gvir-la-flottille-et-le-fanatisme-du-sionisme-religieux-qui-dirige-letat-israelien\/","url":"https:\/\/www.geopolitics.fr\/2026\/05\/22\/la-prophetie-comme-programme-ben-gvir-la-flottille-et-le-fanatisme-du-sionisme-religieux-qui-dirige-letat-israelien\/","name":"La Proph\u00e9tie comme Programme \u2014 Ben Gvir, la Flottille et le Fanatisme du sionisme religieux qui dirige l'Etat isra\u00e9lien | Geopolitics.fr","isPartOf":{"@id":"https:\/\/www.geopolitics.fr\/#website"},"primaryImageOfPage":{"@id":"https:\/\/www.geopolitics.fr\/2026\/05\/22\/la-prophetie-comme-programme-ben-gvir-la-flottille-et-le-fanatisme-du-sionisme-religieux-qui-dirige-letat-israelien\/#primaryimage"},"image":{"@id":"https:\/\/www.geopolitics.fr\/2026\/05\/22\/la-prophetie-comme-programme-ben-gvir-la-flottille-et-le-fanatisme-du-sionisme-religieux-qui-dirige-letat-israelien\/#primaryimage"},"thumbnailUrl":"https:\/\/www.geopolitics.fr\/wp-content\/uploads\/2026\/05\/le-bon-cochon.jpg","datePublished":"2026-05-22T11:31:21+00:00","dateModified":"2026-05-22T12:07:37+00:00","description":"Est-ce possible de faire de la diplomatie avec des acteurs qui per\u00e7oivent tout compromis territorial comme une trahison de Dieu ?","breadcrumb":{"@id":"https:\/\/www.geopolitics.fr\/2026\/05\/22\/la-prophetie-comme-programme-ben-gvir-la-flottille-et-le-fanatisme-du-sionisme-religieux-qui-dirige-letat-israelien\/#breadcrumb"},"inLanguage":"en-GB","potentialAction":[{"@type":"ReadAction","target":["https:\/\/www.geopolitics.fr\/2026\/05\/22\/la-prophetie-comme-programme-ben-gvir-la-flottille-et-le-fanatisme-du-sionisme-religieux-qui-dirige-letat-israelien\/"]}]},{"@type":"ImageObject","inLanguage":"en-GB","@id":"https:\/\/www.geopolitics.fr\/2026\/05\/22\/la-prophetie-comme-programme-ben-gvir-la-flottille-et-le-fanatisme-du-sionisme-religieux-qui-dirige-letat-israelien\/#primaryimage","url":"https:\/\/www.geopolitics.fr\/wp-content\/uploads\/2026\/05\/le-bon-cochon.jpg","contentUrl":"https:\/\/www.geopolitics.fr\/wp-content\/uploads\/2026\/05\/le-bon-cochon.jpg","width":684,"height":509},{"@type":"BreadcrumbList","@id":"https:\/\/www.geopolitics.fr\/2026\/05\/22\/la-prophetie-comme-programme-ben-gvir-la-flottille-et-le-fanatisme-du-sionisme-religieux-qui-dirige-letat-israelien\/#breadcrumb","itemListElement":[{"@type":"ListItem","position":1,"name":"Accueil","item":"https:\/\/www.geopolitics.fr\/"},{"@type":"ListItem","position":2,"name":"La Proph\u00e9tie comme Programme \u2014 Ben Gvir, la Flottille et le Fanatisme du sionisme religieux qui dirige l&rsquo;Etat isra\u00e9lien"}]},{"@type":"WebSite","@id":"https:\/\/www.geopolitics.fr\/#website","url":"https:\/\/www.geopolitics.fr\/","name":"Geopolitics.fr","description":"Geopolitics.fr Analyse politique, relations internationales, d\u00e9fense - ligne \u00e9ditoriale gaullo-chiraquienne","publisher":{"@id":"https:\/\/www.geopolitics.fr\/#organization"},"potentialAction":[{"@type":"SearchAction","target":{"@type":"EntryPoint","urlTemplate":"https:\/\/www.geopolitics.fr\/?s={search_term_string}"},"query-input":{"@type":"PropertyValueSpecification","valueRequired":true,"valueName":"search_term_string"}}],"inLanguage":"en-GB"},{"@type":"Organization","@id":"https:\/\/www.geopolitics.fr\/#organization","name":"Geopolitics.fr","url":"https:\/\/www.geopolitics.fr\/","logo":{"@type":"ImageObject","inLanguage":"en-GB","@id":"https:\/\/www.geopolitics.fr\/#\/schema\/logo\/image\/","url":"https:\/\/www.geopolitics.fr\/wp-content\/uploads\/2024\/01\/logo.jpg","contentUrl":"https:\/\/www.geopolitics.fr\/wp-content\/uploads\/2024\/01\/logo.jpg","width":500,"height":500,"caption":"Geopolitics.fr"},"image":{"@id":"https:\/\/www.geopolitics.fr\/#\/schema\/logo\/image\/"},"sameAs":["https:\/\/www.facebook.com\/people\/Erwan-Davoux\/61557098968092\/","https:\/\/x.com\/Geopolitics_Fr"]},{"@type":"Person","@id":"https:\/\/www.geopolitics.fr\/#\/schema\/person\/c36b165f511617c65a2bf8f8abd9af41","name":"Ghizlaine Badri","image":{"@type":"ImageObject","inLanguage":"en-GB","@id":"https:\/\/www.geopolitics.fr\/wp-content\/uploads\/2026\/04\/cropped-Ghizlaine-96x96.jpg","url":"https:\/\/www.geopolitics.fr\/wp-content\/uploads\/2026\/04\/cropped-Ghizlaine-96x96.jpg","contentUrl":"https:\/\/www.geopolitics.fr\/wp-content\/uploads\/2026\/04\/cropped-Ghizlaine-96x96.jpg","caption":"Ghizlaine Badri"},"description":"R\u00e9dactrice en chef de Geopolitics.fr, Ghizlaine Badri est une Journaliste politique forte de vingt-cing ans d'exp\u00e9rience professionnelle dont quinze ans dans la Presse. Elle a construit un parcours \u00e0 l'intersection des sc\u00e8nes fran\u00e7aise, europ\u00e9enne et internationale. Ghizlaine a collabor\u00e9 avec pr\u00e8s d'une vingtaine de m\u00e9dias, parmi lesquels Le Point, Le Figaro, Les \u00c9chos, L'Express et Forbes. Correspondante Maroc\u2013Maghreb pour Le Point et correspondante Afrique pour Forbes, elle s'est distingu\u00e9e par une couverture approfondie des dynamiques politiques et diplomatiques entre l'Europe et le continent africain. Elle est \u00e0 ce jour la seule journaliste marocaine en activit\u00e9 \u00e0 avoir collabor\u00e9 avec des titres majeurs de la presse fran\u00e7aise hors sph\u00e8re panafricaine en France. Au sein du quotidien \u00e9conomique L'\u00c9conomiste, 1er quotidien au Maroc, elle a fond\u00e9 la rubrique France\u2013Maroc, contribuant \u00e0 structurer un espace \u00e9ditorial in\u00e9dit. Titulaire de trois masters obtenus en France, elle a travaill\u00e9 dans les domaines de la communication institutionnelle notamment \u00e0 la Mairie de Bordeaux aupr\u00e8s d'Alain Jupp\u00e9 et a \u00e9galement exerc\u00e9 des fonctions de direction en communication marketing, notamment aupr\u00e8s de l'Ambassade de France au Maroc. Polyglotte, elle est franco-italo-marocaine, n\u00e9e \u00e0 Casablanca, a v\u00e9cu \u00e0 New-York et maitrise cinq langues le fran\u00e7ais, l'arabe, l'anglais, l'italien et l'espagnol.","url":"https:\/\/www.geopolitics.fr\/en\/author\/ghizlaine-badri\/"}]}},"_links":{"self":[{"href":"https:\/\/www.geopolitics.fr\/en\/wp-json\/wp\/v2\/posts\/4415","targetHints":{"allow":["GET"]}}],"collection":[{"href":"https:\/\/www.geopolitics.fr\/en\/wp-json\/wp\/v2\/posts"}],"about":[{"href":"https:\/\/www.geopolitics.fr\/en\/wp-json\/wp\/v2\/types\/post"}],"author":[{"embeddable":true,"href":"https:\/\/www.geopolitics.fr\/en\/wp-json\/wp\/v2\/users\/31730"}],"replies":[{"embeddable":true,"href":"https:\/\/www.geopolitics.fr\/en\/wp-json\/wp\/v2\/comments?post=4415"}],"version-history":[{"count":1,"href":"https:\/\/www.geopolitics.fr\/en\/wp-json\/wp\/v2\/posts\/4415\/revisions"}],"predecessor-version":[{"id":4419,"href":"https:\/\/www.geopolitics.fr\/en\/wp-json\/wp\/v2\/posts\/4415\/revisions\/4419"}],"wp:featuredmedia":[{"embeddable":true,"href":"https:\/\/www.geopolitics.fr\/en\/wp-json\/wp\/v2\/media\/4417"}],"wp:attachment":[{"href":"https:\/\/www.geopolitics.fr\/en\/wp-json\/wp\/v2\/media?parent=4415"}],"wp:term":[{"taxonomy":"category","embeddable":true,"href":"https:\/\/www.geopolitics.fr\/en\/wp-json\/wp\/v2\/categories?post=4415"},{"taxonomy":"post_tag","embeddable":true,"href":"https:\/\/www.geopolitics.fr\/en\/wp-json\/wp\/v2\/tags?post=4415"}],"curies":[{"name":"wp","href":"https:\/\/api.w.org\/{rel}","templated":true}]}}