{"id":4392,"date":"2026-05-21T08:31:30","date_gmt":"2026-05-21T06:31:30","guid":{"rendered":"https:\/\/www.geopolitics.fr\/?p=4392"},"modified":"2026-05-21T18:36:48","modified_gmt":"2026-05-21T16:36:48","slug":"bruno-le-maire-la-traversee-du-desert-dun-homme-presse","status":"publish","type":"post","link":"https:\/\/www.geopolitics.fr\/en\/2026\/05\/21\/bruno-le-maire-la-traversee-du-desert-dun-homme-presse\/","title":{"rendered":"Bruno Le Maire : la travers\u00e9e du d\u00e9sert d&rsquo;un homme press\u00e9"},"content":{"rendered":"<p class=\"has-medium-font-size wp-block-paragraph\">\u00ab\u00a0L&rsquo;homme aux mille milliards\u00a0\u00bb. Le surnom lui colle \u00e0 la peau comme une seconde identit\u00e9. La dette publique fran\u00e7aise a d\u00e9pass\u00e9 le seuil des 3 000 milliards d&rsquo;euros, dont pr\u00e8s d&rsquo;un tiers accumul\u00e9 sous ses mandats successifs \u00e0 Bercy. Ses adversaires ont fait de lui \u00ab l&rsquo;homme aux 1 000 milliards \u00bb, une formule qui r\u00e9sume sept ans de politique \u00e9conomique en une attaque simple et efficace.&nbsp;<\/p>\n\n\n\n<p class=\"has-medium-font-size wp-block-paragraph\">Lui se d\u00e9fend avec v\u00e9h\u00e9mence. Devant les d\u00e9put\u00e9s, Bruno Le Maire a imput\u00e9 cette d\u00e9gradation aux diff\u00e9rents \u00e9pisodes qui ont secou\u00e9 l&rsquo;\u00e9conomie fran\u00e7aise depuis quatre ans : \u00ab Tous ici, tous ! pendant la crise du Covid, pendant la crise de l&rsquo;inflation, vous m&rsquo;avez demand\u00e9 de d\u00e9penser beaucoup plus. Tous, sans exception. Vous ne pouvez pas, pendant trois ans, tympaniser le ministre des Finances, puis revenir deux ans plus tard en disant que je n&rsquo;ai pas suffisamment bien tenu les comptes. \u00bb<\/p>\n\n\n\n<h2 class=\"wp-block-heading\" id=\"h-la-realite-comme-souvent-est-plus-nuancee\">La r\u00e9alit\u00e9, comme souvent, est plus nuanc\u00e9e<\/h2>\n\n\n\n<p class=\"has-medium-font-size wp-block-paragraph\">Selon l&rsquo;Observatoire fran\u00e7ais des conjonctures \u00e9conomiques, les crises expliquent entre la moiti\u00e9 et les deux tiers de la hausse de la dette publique depuis 2017. Le reste vient de d\u00e9cisions budg\u00e9taires p\u00e9rennes, baisse de l&rsquo;imp\u00f4t sur le revenu, suppression de la taxe d&rsquo;habitation, de l&rsquo;ISF, qui ont alourdi la dette d&rsquo;environ 120 \u00e0 170 milliards d&rsquo;euros selon les estimations. Loin des mille milliards brandis par ses accusateurs, mais pas anodin non plus.<\/p>\n\n\n\n<p class=\"has-medium-font-size wp-block-paragraph\">\u00c0 peine sorti de Bercy en septembre 2024, Le Maire avait organis\u00e9 sa reconversion avec une efficacit\u00e9 remarquable. Trois mois apr\u00e8s son d\u00e9part du minist\u00e8re de l&rsquo;\u00c9conomie, le comit\u00e9 ex\u00e9cutif du groupe n\u00e9erlandais ASML a annonc\u00e9 son recrutement comme \u00ab conseiller strat\u00e9gique ext\u00e9rieur \u00bb \u00e0 compter du 1er janvier 2025. Valoris\u00e9 pr\u00e8s de 290 milliards d&rsquo;euros en bourse, ASML fabrique des machines de production pour l&rsquo;industrie en hyper-croissance des semi-conducteurs. L&rsquo;ancien ministre devait aider le groupe \u00ab \u00e0 construire une coalition pour investir dans l&rsquo;\u00e9cosyst\u00e8me europ\u00e9en des semi-conducteurs \u00bb.<\/p>\n\n\n\n<p class=\"has-medium-font-size wp-block-paragraph\">Cette reconversion dor\u00e9e a tourn\u00e9 court. Bruno Le Maire n&rsquo;est plus conseiller chez ASML, a confirm\u00e9 un porte-parole du groupe \u00e0 Reuters. Il \u00e9tait sur le point de devenir ministre de la D\u00e9fense dans le gouvernement Lecornu, qui s&rsquo;est effondr\u00e9 quelques heures seulement apr\u00e8s sa nomination. Un \u00e9pisode tragicomique qui illustre \u00e0 lui seul le chaos institutionnel de la France de 2025. Il est ainsi devenu le ministre le plus \u00e9ph\u00e9m\u00e8re de la Cinqui\u00e8me R\u00e9publique, avec un seul jour en poste, battant un record co-d\u00e9tenu jusqu&rsquo;ici par L\u00e9on Schwartzenberg en 1988 et Thomas Th\u00e9venoud en 2014.<\/p>\n\n\n\n<p class=\"has-medium-font-size wp-block-paragraph\">En janvier 2026, Bruno Le Maire s&rsquo;est fait recruter comme conseiller senior par le cabinet de conseil am\u00e9ricain Macro Advisory Partners, bas\u00e9 \u00e0 New York et sp\u00e9cialis\u00e9 sur les sujets g\u00e9opolitiques et \u00e9conomiques pour les multinationales et institutions internationales.<\/p>\n\n\n\n<h2 class=\"wp-block-heading\" id=\"h-la-commission-d-enquete-un-pugilat-revelateur\">La commission d&rsquo;enqu\u00eate : un pugilat r\u00e9v\u00e9lateur<\/h2>\n\n\n\n<p class=\"has-medium-font-size wp-block-paragraph\">Fin avril 2026, Le Maire est convoqu\u00e9 \u00e0 l&rsquo;Assembl\u00e9e nationale dans un tout autre registre. Lors d&rsquo;une audition tendue, Bruno Le Maire a accus\u00e9 la rapporteure de la commission d&rsquo;enqu\u00eate sur les fonds sp\u00e9culatifs, Aur\u00e9lie Trouv\u00e9 (LFI), de \u00ab mensonges \u00bb et lui a reproch\u00e9 de faire de cette instance \u00ab un tribunal politique \u00bb. La d\u00e9put\u00e9e a mis en cause l&rsquo;action de l&rsquo;ancien ministre de l&rsquo;\u00c9conomie, d\u00e9non\u00e7ant \u00ab l&rsquo;absence de r\u00e9gulation \u00bb et \u00ab les avantages fiscaux \u00bb dont ces fonds auraient b\u00e9n\u00e9fici\u00e9 durant ses ann\u00e9es au minist\u00e8re.<\/p>\n\n\n\n<p class=\"has-medium-font-size wp-block-paragraph\">Bruno Le Maire a abord\u00e9 l&rsquo;audition par une d\u00e9fense vigoureuse de son bilan : \u00ab Sans capital, pas d&rsquo;entreprises, et sans entreprises, pas de prosp\u00e9rit\u00e9. Nous risquons de manquer les grands tournants du 21e si\u00e8cle faute de capital. \u00bb Il a \u00e9galement qualifi\u00e9 La France insoumise de \u00ab parti coupeur de t\u00eates \u00bb. Deux visions du monde qui se sont affront\u00e9es pendant deux heures et demie sans point de r\u00e9conciliation possible.<\/p>\n\n\n\n<p class=\"has-medium-font-size wp-block-paragraph\">Parall\u00e8lement aux pol\u00e9miques, Le Maire joue une autre partition. Il publie, en 2026,\u00a0\u00bb Le temps d&rsquo;une d\u00e9cision\u00a0\u00bb aux \u00e9ditions Gallimard, son quinzi\u00e8me ouvrage, un record minist\u00e9riel que ses d\u00e9tracteurs au S\u00e9nat n&rsquo;ont jamais cess\u00e9 de railler. Entre ses cours \u00e0 Lausanne et ses activit\u00e9s de conseil, Bruno Le Maire publie un livre qui signe son retour dans l&rsquo;ar\u00e8ne politique, s&rsquo;abritant derri\u00e8re de fausses pudeurs de candidat qui ne s&rsquo;assume pas. \u00ab Je reste quelqu&rsquo;un de fid\u00e8le, je n&rsquo;attaque d&rsquo;ailleurs pas Emmanuel Macron dans mon livre \u00bb, temp\u00e8re-t-il, avant d&rsquo;affirmer son ind\u00e9pendance : \u00ab Je ne suis pas n\u00e9 en politique avec Macron ou avec Chirac.\u00bb\u00a0<\/p>\n\n\n\n<p class=\"has-medium-font-size wp-block-paragraph\">Le message est clair pour qui sait lire entre les lignes : Bruno Le Maire se repositionne.<\/p>\n\n\n\n<h2 class=\"wp-block-heading\" id=\"h-un-candidat-en-embuscade-pour-2027\">Un candidat en embuscade pour 2027 ?<\/h2>\n\n\n\n<p class=\"has-medium-font-size wp-block-paragraph\">Bruno Le Maire s&rsquo;est exprim\u00e9 sur la pr\u00e9sidentielle de 2027 : \u00ab Ce qui m&rsquo;inqui\u00e8te, c&rsquo;est que les d\u00e9bats de personnes prennent le pas sur les d\u00e9bats d&rsquo;id\u00e9es. Si on continue avec un pr\u00e9sident au centre de tout, des ministres aussi nombreux que des classes surcharg\u00e9es, un Parlement qui l\u00e9gif\u00e8re au lieu de contr\u00f4ler et des communes sous tutelle, on aura les m\u00eames r\u00e9sultats. \u00bb Des mots qui sonnent moins comme l&rsquo;analyse d&rsquo;un observateur que comme l&rsquo;esquisse d&rsquo;un programme.&nbsp;<\/p>\n\n\n\n<p class=\"has-medium-font-size wp-block-paragraph\">Il prend aussi des positions inattendues pour un ancien chantre du lib\u00e9ralisme. L&rsquo;ancien locataire de Bercy aspire \u00e0 une refonte du mod\u00e8le \u00e9conomique et milite d\u00e9sormais pour une hausse du Smic : \u00ab Je suis favorable \u00e0 une augmentation du Smic pour des raisons de justice et d&rsquo;efficacit\u00e9 \u00e9conomique. Il y a un probl\u00e8me de salaires en France, de r\u00e9mun\u00e9ration du travail. \u00bb Un glissement vers le centre-gauche \u00e9conomique qui trahit une reconfiguration tactique \u00e9vidente.<\/p>\n\n\n\n<p class=\"has-medium-font-size wp-block-paragraph\">Bruno Le Maire n&rsquo;est pas candidat. Pas encore. Mais dans la France de 2026, o\u00f9 le paysage pr\u00e9sidentiel est aussi ouvert qu&rsquo;impr\u00e9visible, un \u00e9narque normalien, ancien ministre de l&rsquo;\u00c9conomie le plus longtemps en poste de la R\u00e9publique, qui publie, enseigne, conseille et pol\u00e9mique, ce n&rsquo;est pas un homme qui se retire. C&rsquo;est un homme qui attend.<\/p>","protected":false},"excerpt":{"rendered":"<p>\u00ab\u00a0L&rsquo;homme aux mille milliards\u00a0\u00bb. Le surnom lui colle \u00e0 la peau comme une seconde identit\u00e9. La dette publique fran\u00e7aise a d\u00e9pass\u00e9 le&hellip;<\/p>","protected":false},"author":31730,"featured_media":4414,"comment_status":"closed","ping_status":"closed","sticky":false,"template":"","format":"standard","meta":{"_lmt_disableupdate":"","_lmt_disable":"","footnotes":""},"categories":[605,4,617],"tags":[697],"class_list":["post-4392","post","type-post","status-publish","format-standard","has-post-thumbnail","hentry","category-france","category-mis-en-avant","category-politique-france","tag-brune-le-maire"],"yoast_head":"<!-- This site is optimized with the Yoast SEO Premium plugin v28.1 (Yoast SEO v28.1) - https:\/\/yoast.com\/product\/yoast-seo-premium-wordpress\/ -->\n<title>Bruno Le Maire : la travers\u00e9e du d\u00e9sert d&#039;un homme press\u00e9 | Geopolitics.fr<\/title>\n<meta name=\"description\" content=\"Bruno Le Maire publie un livre qui signe son retour dans l&#039;ar\u00e8ne politique, derri\u00e8re de fausses pudeurs de candidat qui ne s&#039;assume pas.\" \/>\n<meta name=\"robots\" content=\"index, follow, max-snippet:-1, max-image-preview:large, max-video-preview:-1\" \/>\n<link rel=\"canonical\" href=\"https:\/\/www.geopolitics.fr\/en\/2026\/05\/21\/bruno-le-maire-la-traversee-du-desert-dun-homme-presse\/\" \/>\n<meta property=\"og:locale\" content=\"en_GB\" \/>\n<meta property=\"og:type\" content=\"article\" \/>\n<meta property=\"og:title\" content=\"Bruno Le Maire : la travers\u00e9e du d\u00e9sert d&#039;un homme press\u00e9\" \/>\n<meta property=\"og:description\" content=\"Bruno Le Maire publie un livre qui signe son retour dans l&#039;ar\u00e8ne politique, derri\u00e8re de fausses pudeurs de candidat qui ne s&#039;assume pas.\" \/>\n<meta property=\"og:url\" content=\"https:\/\/www.geopolitics.fr\/en\/2026\/05\/21\/bruno-le-maire-la-traversee-du-desert-dun-homme-presse\/\" \/>\n<meta property=\"og:site_name\" content=\"Geopolitics.fr\" \/>\n<meta property=\"article:publisher\" content=\"https:\/\/www.facebook.com\/people\/Erwan-Davoux\/61557098968092\/\" \/>\n<meta property=\"article:published_time\" content=\"2026-05-21T06:31:30+00:00\" \/>\n<meta property=\"article:modified_time\" content=\"2026-05-21T16:36:48+00:00\" \/>\n<meta property=\"og:image\" content=\"https:\/\/www.geopolitics.fr\/wp-content\/uploads\/2026\/05\/lm-m.jpg\" \/>\n\t<meta property=\"og:image:width\" content=\"636\" \/>\n\t<meta property=\"og:image:height\" content=\"429\" \/>\n\t<meta property=\"og:image:type\" content=\"image\/jpeg\" \/>\n<meta name=\"author\" content=\"Ghizlaine Badri\" \/>\n<meta name=\"twitter:card\" content=\"summary_large_image\" \/>\n<meta name=\"twitter:creator\" content=\"@Geopolitics_Fr\" \/>\n<meta name=\"twitter:site\" content=\"@Geopolitics_Fr\" \/>\n<meta name=\"twitter:label1\" content=\"Written by\" \/>\n\t<meta name=\"twitter:data1\" content=\"Ghizlaine Badri\" \/>\n\t<meta name=\"twitter:label2\" content=\"Estimated reading time\" \/>\n\t<meta name=\"twitter:data2\" content=\"5 minutes\" \/>\n<script type=\"application\/ld+json\" class=\"yoast-schema-graph\">{\"@context\":\"https:\\\/\\\/schema.org\",\"@graph\":[{\"@type\":\"Article\",\"@id\":\"https:\\\/\\\/www.geopolitics.fr\\\/2026\\\/05\\\/21\\\/bruno-le-maire-la-traversee-du-desert-dun-homme-presse\\\/#article\",\"isPartOf\":{\"@id\":\"https:\\\/\\\/www.geopolitics.fr\\\/2026\\\/05\\\/21\\\/bruno-le-maire-la-traversee-du-desert-dun-homme-presse\\\/\"},\"author\":{\"name\":\"Ghizlaine Badri\",\"@id\":\"https:\\\/\\\/www.geopolitics.fr\\\/#\\\/schema\\\/person\\\/c36b165f511617c65a2bf8f8abd9af41\"},\"headline\":\"Bruno Le Maire : la travers\u00e9e du d\u00e9sert d&rsquo;un homme press\u00e9\",\"datePublished\":\"2026-05-21T06:31:30+00:00\",\"dateModified\":\"2026-05-21T16:36:48+00:00\",\"mainEntityOfPage\":{\"@id\":\"https:\\\/\\\/www.geopolitics.fr\\\/2026\\\/05\\\/21\\\/bruno-le-maire-la-traversee-du-desert-dun-homme-presse\\\/\"},\"wordCount\":1062,\"publisher\":{\"@id\":\"https:\\\/\\\/www.geopolitics.fr\\\/#organization\"},\"image\":{\"@id\":\"https:\\\/\\\/www.geopolitics.fr\\\/2026\\\/05\\\/21\\\/bruno-le-maire-la-traversee-du-desert-dun-homme-presse\\\/#primaryimage\"},\"thumbnailUrl\":\"https:\\\/\\\/www.geopolitics.fr\\\/wp-content\\\/uploads\\\/2026\\\/05\\\/lm-m.jpg\",\"keywords\":[\"BRUNE LE MAIRE\"],\"articleSection\":[\"FRANCE\",\"Mis en AVANT\",\"Politique\"],\"inLanguage\":\"en-GB\"},{\"@type\":\"WebPage\",\"@id\":\"https:\\\/\\\/www.geopolitics.fr\\\/2026\\\/05\\\/21\\\/bruno-le-maire-la-traversee-du-desert-dun-homme-presse\\\/\",\"url\":\"https:\\\/\\\/www.geopolitics.fr\\\/2026\\\/05\\\/21\\\/bruno-le-maire-la-traversee-du-desert-dun-homme-presse\\\/\",\"name\":\"Bruno Le Maire : la travers\u00e9e du d\u00e9sert d'un homme press\u00e9 | Geopolitics.fr\",\"isPartOf\":{\"@id\":\"https:\\\/\\\/www.geopolitics.fr\\\/#website\"},\"primaryImageOfPage\":{\"@id\":\"https:\\\/\\\/www.geopolitics.fr\\\/2026\\\/05\\\/21\\\/bruno-le-maire-la-traversee-du-desert-dun-homme-presse\\\/#primaryimage\"},\"image\":{\"@id\":\"https:\\\/\\\/www.geopolitics.fr\\\/2026\\\/05\\\/21\\\/bruno-le-maire-la-traversee-du-desert-dun-homme-presse\\\/#primaryimage\"},\"thumbnailUrl\":\"https:\\\/\\\/www.geopolitics.fr\\\/wp-content\\\/uploads\\\/2026\\\/05\\\/lm-m.jpg\",\"datePublished\":\"2026-05-21T06:31:30+00:00\",\"dateModified\":\"2026-05-21T16:36:48+00:00\",\"description\":\"Bruno Le Maire publie un livre qui signe son retour dans l'ar\u00e8ne politique, derri\u00e8re de fausses pudeurs de candidat qui ne s'assume pas.\",\"breadcrumb\":{\"@id\":\"https:\\\/\\\/www.geopolitics.fr\\\/2026\\\/05\\\/21\\\/bruno-le-maire-la-traversee-du-desert-dun-homme-presse\\\/#breadcrumb\"},\"inLanguage\":\"en-GB\",\"potentialAction\":[{\"@type\":\"ReadAction\",\"target\":[\"https:\\\/\\\/www.geopolitics.fr\\\/2026\\\/05\\\/21\\\/bruno-le-maire-la-traversee-du-desert-dun-homme-presse\\\/\"]}]},{\"@type\":\"ImageObject\",\"inLanguage\":\"en-GB\",\"@id\":\"https:\\\/\\\/www.geopolitics.fr\\\/2026\\\/05\\\/21\\\/bruno-le-maire-la-traversee-du-desert-dun-homme-presse\\\/#primaryimage\",\"url\":\"https:\\\/\\\/www.geopolitics.fr\\\/wp-content\\\/uploads\\\/2026\\\/05\\\/lm-m.jpg\",\"contentUrl\":\"https:\\\/\\\/www.geopolitics.fr\\\/wp-content\\\/uploads\\\/2026\\\/05\\\/lm-m.jpg\",\"width\":636,\"height\":429},{\"@type\":\"BreadcrumbList\",\"@id\":\"https:\\\/\\\/www.geopolitics.fr\\\/2026\\\/05\\\/21\\\/bruno-le-maire-la-traversee-du-desert-dun-homme-presse\\\/#breadcrumb\",\"itemListElement\":[{\"@type\":\"ListItem\",\"position\":1,\"name\":\"Accueil\",\"item\":\"https:\\\/\\\/www.geopolitics.fr\\\/\"},{\"@type\":\"ListItem\",\"position\":2,\"name\":\"Bruno Le Maire : la travers\u00e9e du d\u00e9sert d&rsquo;un homme press\u00e9\"}]},{\"@type\":\"WebSite\",\"@id\":\"https:\\\/\\\/www.geopolitics.fr\\\/#website\",\"url\":\"https:\\\/\\\/www.geopolitics.fr\\\/\",\"name\":\"Geopolitics.fr\",\"description\":\"Geopolitics.fr Analyse politique, relations internationales, d\u00e9fense - ligne \u00e9ditoriale gaullo-chiraquienne\",\"publisher\":{\"@id\":\"https:\\\/\\\/www.geopolitics.fr\\\/#organization\"},\"potentialAction\":[{\"@type\":\"SearchAction\",\"target\":{\"@type\":\"EntryPoint\",\"urlTemplate\":\"https:\\\/\\\/www.geopolitics.fr\\\/?s={search_term_string}\"},\"query-input\":{\"@type\":\"PropertyValueSpecification\",\"valueRequired\":true,\"valueName\":\"search_term_string\"}}],\"inLanguage\":\"en-GB\"},{\"@type\":\"Organization\",\"@id\":\"https:\\\/\\\/www.geopolitics.fr\\\/#organization\",\"name\":\"Geopolitics.fr\",\"url\":\"https:\\\/\\\/www.geopolitics.fr\\\/\",\"logo\":{\"@type\":\"ImageObject\",\"inLanguage\":\"en-GB\",\"@id\":\"https:\\\/\\\/www.geopolitics.fr\\\/#\\\/schema\\\/logo\\\/image\\\/\",\"url\":\"https:\\\/\\\/www.geopolitics.fr\\\/wp-content\\\/uploads\\\/2024\\\/01\\\/logo.jpg\",\"contentUrl\":\"https:\\\/\\\/www.geopolitics.fr\\\/wp-content\\\/uploads\\\/2024\\\/01\\\/logo.jpg\",\"width\":500,\"height\":500,\"caption\":\"Geopolitics.fr\"},\"image\":{\"@id\":\"https:\\\/\\\/www.geopolitics.fr\\\/#\\\/schema\\\/logo\\\/image\\\/\"},\"sameAs\":[\"https:\\\/\\\/www.facebook.com\\\/people\\\/Erwan-Davoux\\\/61557098968092\\\/\",\"https:\\\/\\\/x.com\\\/Geopolitics_Fr\"]},{\"@type\":\"Person\",\"@id\":\"https:\\\/\\\/www.geopolitics.fr\\\/#\\\/schema\\\/person\\\/c36b165f511617c65a2bf8f8abd9af41\",\"name\":\"Ghizlaine Badri\",\"image\":{\"@type\":\"ImageObject\",\"inLanguage\":\"en-GB\",\"@id\":\"https:\\\/\\\/www.geopolitics.fr\\\/wp-content\\\/uploads\\\/2026\\\/04\\\/cropped-Ghizlaine-96x96.jpg\",\"url\":\"https:\\\/\\\/www.geopolitics.fr\\\/wp-content\\\/uploads\\\/2026\\\/04\\\/cropped-Ghizlaine-96x96.jpg\",\"contentUrl\":\"https:\\\/\\\/www.geopolitics.fr\\\/wp-content\\\/uploads\\\/2026\\\/04\\\/cropped-Ghizlaine-96x96.jpg\",\"caption\":\"Ghizlaine Badri\"},\"description\":\"R\u00e9dactrice en chef de Geopolitics.fr, Ghizlaine Badri est une Journaliste politique forte de vingt-cing ans d'exp\u00e9rience professionnelle dont quinze ans dans la Presse. Elle a construit un parcours \u00e0 l'intersection des sc\u00e8nes fran\u00e7aise, europ\u00e9enne et internationale. Ghizlaine a collabor\u00e9 avec pr\u00e8s d'une vingtaine de m\u00e9dias, parmi lesquels Le Point, Le Figaro, Les \u00c9chos, L'Express et Forbes. Correspondante Maroc\u2013Maghreb pour Le Point et correspondante Afrique pour Forbes, elle s'est distingu\u00e9e par une couverture approfondie des dynamiques politiques et diplomatiques entre l'Europe et le continent africain. Elle est \u00e0 ce jour la seule journaliste marocaine en activit\u00e9 \u00e0 avoir collabor\u00e9 avec des titres majeurs de la presse fran\u00e7aise hors sph\u00e8re panafricaine en France. Au sein du quotidien \u00e9conomique L'\u00c9conomiste, 1er quotidien au Maroc, elle a fond\u00e9 la rubrique France\u2013Maroc, contribuant \u00e0 structurer un espace \u00e9ditorial in\u00e9dit. Titulaire de trois masters obtenus en France, elle a travaill\u00e9 dans les domaines de la communication institutionnelle notamment \u00e0 la Mairie de Bordeaux aupr\u00e8s d'Alain Jupp\u00e9 et a \u00e9galement exerc\u00e9 des fonctions de direction en communication marketing, notamment aupr\u00e8s de l'Ambassade de France au Maroc. Polyglotte, elle est franco-italo-marocaine, n\u00e9e \u00e0 Casablanca, a v\u00e9cu \u00e0 New-York et maitrise cinq langues le fran\u00e7ais, l'arabe, l'anglais, l'italien et l'espagnol.\",\"url\":\"https:\\\/\\\/www.geopolitics.fr\\\/en\\\/author\\\/ghizlaine-badri\\\/\"}]}<\/script>\n<!-- \/ Yoast SEO Premium plugin. -->","yoast_head_json":{"title":"Bruno Le Maire : la travers\u00e9e du d\u00e9sert d'un homme press\u00e9 | Geopolitics.fr","description":"Bruno Le Maire publie un livre qui signe son retour dans l'ar\u00e8ne politique, derri\u00e8re de fausses pudeurs de candidat qui ne s'assume pas.","robots":{"index":"index","follow":"follow","max-snippet":"max-snippet:-1","max-image-preview":"max-image-preview:large","max-video-preview":"max-video-preview:-1"},"canonical":"https:\/\/www.geopolitics.fr\/en\/2026\/05\/21\/bruno-le-maire-la-traversee-du-desert-dun-homme-presse\/","og_locale":"en_GB","og_type":"article","og_title":"Bruno Le Maire : la travers\u00e9e du d\u00e9sert d'un homme press\u00e9","og_description":"Bruno Le Maire publie un livre qui signe son retour dans l'ar\u00e8ne politique, derri\u00e8re de fausses pudeurs de candidat qui ne s'assume pas.","og_url":"https:\/\/www.geopolitics.fr\/en\/2026\/05\/21\/bruno-le-maire-la-traversee-du-desert-dun-homme-presse\/","og_site_name":"Geopolitics.fr","article_publisher":"https:\/\/www.facebook.com\/people\/Erwan-Davoux\/61557098968092\/","article_published_time":"2026-05-21T06:31:30+00:00","article_modified_time":"2026-05-21T16:36:48+00:00","og_image":[{"width":636,"height":429,"url":"https:\/\/www.geopolitics.fr\/wp-content\/uploads\/2026\/05\/lm-m.jpg","type":"image\/jpeg"}],"author":"Ghizlaine Badri","twitter_card":"summary_large_image","twitter_creator":"@Geopolitics_Fr","twitter_site":"@Geopolitics_Fr","twitter_misc":{"Written by":"Ghizlaine Badri","Estimated reading time":"5 minutes"},"schema":{"@context":"https:\/\/schema.org","@graph":[{"@type":"Article","@id":"https:\/\/www.geopolitics.fr\/2026\/05\/21\/bruno-le-maire-la-traversee-du-desert-dun-homme-presse\/#article","isPartOf":{"@id":"https:\/\/www.geopolitics.fr\/2026\/05\/21\/bruno-le-maire-la-traversee-du-desert-dun-homme-presse\/"},"author":{"name":"Ghizlaine Badri","@id":"https:\/\/www.geopolitics.fr\/#\/schema\/person\/c36b165f511617c65a2bf8f8abd9af41"},"headline":"Bruno Le Maire : la travers\u00e9e du d\u00e9sert d&rsquo;un homme press\u00e9","datePublished":"2026-05-21T06:31:30+00:00","dateModified":"2026-05-21T16:36:48+00:00","mainEntityOfPage":{"@id":"https:\/\/www.geopolitics.fr\/2026\/05\/21\/bruno-le-maire-la-traversee-du-desert-dun-homme-presse\/"},"wordCount":1062,"publisher":{"@id":"https:\/\/www.geopolitics.fr\/#organization"},"image":{"@id":"https:\/\/www.geopolitics.fr\/2026\/05\/21\/bruno-le-maire-la-traversee-du-desert-dun-homme-presse\/#primaryimage"},"thumbnailUrl":"https:\/\/www.geopolitics.fr\/wp-content\/uploads\/2026\/05\/lm-m.jpg","keywords":["BRUNE LE MAIRE"],"articleSection":["FRANCE","Mis en AVANT","Politique"],"inLanguage":"en-GB"},{"@type":"WebPage","@id":"https:\/\/www.geopolitics.fr\/2026\/05\/21\/bruno-le-maire-la-traversee-du-desert-dun-homme-presse\/","url":"https:\/\/www.geopolitics.fr\/2026\/05\/21\/bruno-le-maire-la-traversee-du-desert-dun-homme-presse\/","name":"Bruno Le Maire : la travers\u00e9e du d\u00e9sert d'un homme press\u00e9 | Geopolitics.fr","isPartOf":{"@id":"https:\/\/www.geopolitics.fr\/#website"},"primaryImageOfPage":{"@id":"https:\/\/www.geopolitics.fr\/2026\/05\/21\/bruno-le-maire-la-traversee-du-desert-dun-homme-presse\/#primaryimage"},"image":{"@id":"https:\/\/www.geopolitics.fr\/2026\/05\/21\/bruno-le-maire-la-traversee-du-desert-dun-homme-presse\/#primaryimage"},"thumbnailUrl":"https:\/\/www.geopolitics.fr\/wp-content\/uploads\/2026\/05\/lm-m.jpg","datePublished":"2026-05-21T06:31:30+00:00","dateModified":"2026-05-21T16:36:48+00:00","description":"Bruno Le Maire publie un livre qui signe son retour dans l'ar\u00e8ne politique, derri\u00e8re de fausses pudeurs de candidat qui ne s'assume pas.","breadcrumb":{"@id":"https:\/\/www.geopolitics.fr\/2026\/05\/21\/bruno-le-maire-la-traversee-du-desert-dun-homme-presse\/#breadcrumb"},"inLanguage":"en-GB","potentialAction":[{"@type":"ReadAction","target":["https:\/\/www.geopolitics.fr\/2026\/05\/21\/bruno-le-maire-la-traversee-du-desert-dun-homme-presse\/"]}]},{"@type":"ImageObject","inLanguage":"en-GB","@id":"https:\/\/www.geopolitics.fr\/2026\/05\/21\/bruno-le-maire-la-traversee-du-desert-dun-homme-presse\/#primaryimage","url":"https:\/\/www.geopolitics.fr\/wp-content\/uploads\/2026\/05\/lm-m.jpg","contentUrl":"https:\/\/www.geopolitics.fr\/wp-content\/uploads\/2026\/05\/lm-m.jpg","width":636,"height":429},{"@type":"BreadcrumbList","@id":"https:\/\/www.geopolitics.fr\/2026\/05\/21\/bruno-le-maire-la-traversee-du-desert-dun-homme-presse\/#breadcrumb","itemListElement":[{"@type":"ListItem","position":1,"name":"Accueil","item":"https:\/\/www.geopolitics.fr\/"},{"@type":"ListItem","position":2,"name":"Bruno Le Maire : la travers\u00e9e du d\u00e9sert d&rsquo;un homme press\u00e9"}]},{"@type":"WebSite","@id":"https:\/\/www.geopolitics.fr\/#website","url":"https:\/\/www.geopolitics.fr\/","name":"Geopolitics.fr","description":"Geopolitics.fr Analyse politique, relations internationales, d\u00e9fense - ligne \u00e9ditoriale gaullo-chiraquienne","publisher":{"@id":"https:\/\/www.geopolitics.fr\/#organization"},"potentialAction":[{"@type":"SearchAction","target":{"@type":"EntryPoint","urlTemplate":"https:\/\/www.geopolitics.fr\/?s={search_term_string}"},"query-input":{"@type":"PropertyValueSpecification","valueRequired":true,"valueName":"search_term_string"}}],"inLanguage":"en-GB"},{"@type":"Organization","@id":"https:\/\/www.geopolitics.fr\/#organization","name":"Geopolitics.fr","url":"https:\/\/www.geopolitics.fr\/","logo":{"@type":"ImageObject","inLanguage":"en-GB","@id":"https:\/\/www.geopolitics.fr\/#\/schema\/logo\/image\/","url":"https:\/\/www.geopolitics.fr\/wp-content\/uploads\/2024\/01\/logo.jpg","contentUrl":"https:\/\/www.geopolitics.fr\/wp-content\/uploads\/2024\/01\/logo.jpg","width":500,"height":500,"caption":"Geopolitics.fr"},"image":{"@id":"https:\/\/www.geopolitics.fr\/#\/schema\/logo\/image\/"},"sameAs":["https:\/\/www.facebook.com\/people\/Erwan-Davoux\/61557098968092\/","https:\/\/x.com\/Geopolitics_Fr"]},{"@type":"Person","@id":"https:\/\/www.geopolitics.fr\/#\/schema\/person\/c36b165f511617c65a2bf8f8abd9af41","name":"Ghizlaine Badri","image":{"@type":"ImageObject","inLanguage":"en-GB","@id":"https:\/\/www.geopolitics.fr\/wp-content\/uploads\/2026\/04\/cropped-Ghizlaine-96x96.jpg","url":"https:\/\/www.geopolitics.fr\/wp-content\/uploads\/2026\/04\/cropped-Ghizlaine-96x96.jpg","contentUrl":"https:\/\/www.geopolitics.fr\/wp-content\/uploads\/2026\/04\/cropped-Ghizlaine-96x96.jpg","caption":"Ghizlaine Badri"},"description":"R\u00e9dactrice en chef de Geopolitics.fr, Ghizlaine Badri est une Journaliste politique forte de vingt-cing ans d'exp\u00e9rience professionnelle dont quinze ans dans la Presse. Elle a construit un parcours \u00e0 l'intersection des sc\u00e8nes fran\u00e7aise, europ\u00e9enne et internationale. Ghizlaine a collabor\u00e9 avec pr\u00e8s d'une vingtaine de m\u00e9dias, parmi lesquels Le Point, Le Figaro, Les \u00c9chos, L'Express et Forbes. Correspondante Maroc\u2013Maghreb pour Le Point et correspondante Afrique pour Forbes, elle s'est distingu\u00e9e par une couverture approfondie des dynamiques politiques et diplomatiques entre l'Europe et le continent africain. Elle est \u00e0 ce jour la seule journaliste marocaine en activit\u00e9 \u00e0 avoir collabor\u00e9 avec des titres majeurs de la presse fran\u00e7aise hors sph\u00e8re panafricaine en France. Au sein du quotidien \u00e9conomique L'\u00c9conomiste, 1er quotidien au Maroc, elle a fond\u00e9 la rubrique France\u2013Maroc, contribuant \u00e0 structurer un espace \u00e9ditorial in\u00e9dit. Titulaire de trois masters obtenus en France, elle a travaill\u00e9 dans les domaines de la communication institutionnelle notamment \u00e0 la Mairie de Bordeaux aupr\u00e8s d'Alain Jupp\u00e9 et a \u00e9galement exerc\u00e9 des fonctions de direction en communication marketing, notamment aupr\u00e8s de l'Ambassade de France au Maroc. Polyglotte, elle est franco-italo-marocaine, n\u00e9e \u00e0 Casablanca, a v\u00e9cu \u00e0 New-York et maitrise cinq langues le fran\u00e7ais, l'arabe, l'anglais, l'italien et l'espagnol.","url":"https:\/\/www.geopolitics.fr\/en\/author\/ghizlaine-badri\/"}]}},"_links":{"self":[{"href":"https:\/\/www.geopolitics.fr\/en\/wp-json\/wp\/v2\/posts\/4392","targetHints":{"allow":["GET"]}}],"collection":[{"href":"https:\/\/www.geopolitics.fr\/en\/wp-json\/wp\/v2\/posts"}],"about":[{"href":"https:\/\/www.geopolitics.fr\/en\/wp-json\/wp\/v2\/types\/post"}],"author":[{"embeddable":true,"href":"https:\/\/www.geopolitics.fr\/en\/wp-json\/wp\/v2\/users\/31730"}],"replies":[{"embeddable":true,"href":"https:\/\/www.geopolitics.fr\/en\/wp-json\/wp\/v2\/comments?post=4392"}],"version-history":[{"count":1,"href":"https:\/\/www.geopolitics.fr\/en\/wp-json\/wp\/v2\/posts\/4392\/revisions"}],"predecessor-version":[{"id":4410,"href":"https:\/\/www.geopolitics.fr\/en\/wp-json\/wp\/v2\/posts\/4392\/revisions\/4410"}],"wp:featuredmedia":[{"embeddable":true,"href":"https:\/\/www.geopolitics.fr\/en\/wp-json\/wp\/v2\/media\/4414"}],"wp:attachment":[{"href":"https:\/\/www.geopolitics.fr\/en\/wp-json\/wp\/v2\/media?parent=4392"}],"wp:term":[{"taxonomy":"category","embeddable":true,"href":"https:\/\/www.geopolitics.fr\/en\/wp-json\/wp\/v2\/categories?post=4392"},{"taxonomy":"post_tag","embeddable":true,"href":"https:\/\/www.geopolitics.fr\/en\/wp-json\/wp\/v2\/tags?post=4392"}],"curies":[{"name":"wp","href":"https:\/\/api.w.org\/{rel}","templated":true}]}}