{"id":4378,"date":"2026-05-20T21:11:38","date_gmt":"2026-05-20T19:11:38","guid":{"rendered":"https:\/\/www.geopolitics.fr\/?p=4378"},"modified":"2026-05-20T22:57:41","modified_gmt":"2026-05-20T20:57:41","slug":"une-conseillere-en-immobilier-deja-fort-occupee","status":"publish","type":"post","link":"https:\/\/www.geopolitics.fr\/en\/2026\/05\/20\/une-conseillere-en-immobilier-deja-fort-occupee\/","title":{"rendered":"Isabelle Campagnola-Savon, une conseill\u00e8re en immobilier d\u00e9j\u00e0 fort occup\u00e9e"},"content":{"rendered":"<p class=\"has-medium-font-size wp-block-paragraph\">C\u2019est tout sourire que dans un poste LinkedIn, la Pr\u00e9sidente d\u2019Euromed, Isabelle Campagnola Savon a annonc\u00e9\u00a0qu\u2019elle se lan\u00e7ait dans l\u2019immobilier en ind\u00e9pendante dans le r\u00e9seau d\u2019une enseigne reconnue.<\/p>\n\n\n\n<p class=\"has-medium-font-size wp-block-paragraph\">L\u2019int\u00e9ress\u00e9e, rayonnante, annonce sans y avoir le moindre possible conflit d\u2019int\u00e9r\u00eat,  qu\u2019elle devient \u00ab\u00a0Conseill\u00e8re immobili\u00e8re\u00a0\u00bb. Rappelons que l\u2019un des deux axes fondateurs d\u2019Euromed est pr\u00e9cis\u00e9ment \u00ab\u00a0Un am\u00e9nagement urbain de haute qualit\u00e9 Au c\u0153ur de la ville, une zone urbaine exemplaire se d\u00e9ploie, m\u00ealant\u00a0bureaux, logements, \u00e9quipements culturels et de loisirs, commerces et activit\u00e9s. L\u2019objectif historique : une ville mixte, attractive et inclusive\u00a0\u00bb. Rien \u00e0 voir avec l\u2019immobilier\u00a0? Un peu quand m\u00eame\u2026.<\/p>\n\n\n\n<p class=\"has-medium-font-size wp-block-paragraph\">Isabelle Campagnola Savon est aussi Pr\u00e9sidente Commission Entreprises \u2013 Artisanat et commerce \u2013 Economie sociale et solidaire &#8211; Economie circulaire \u00e0 la R\u00e9gion PACA. Elle avait \u00e9t\u00e9 propuls\u00e9e d\u2019une mani\u00e8re inattendue \u00e0 la t\u00eate de l\u2019\u00e9tablissement public, en septembre 2025. En effet, alors que la Pr\u00e9sidence tournante d\u2019Euromed aurait d\u00fb revenir logiquement \u00e0 une ou un \u00e9lu de la ville de Marseille, Vassal et Muselier s\u2019\u00e9taient entendus pour imposer le contraire. Le d\u00e9but d\u2019une longue histoire qui les mena au succ\u00e8s que l\u2019on connait.<\/p>\n\n\n\n<p class=\"has-medium-font-size wp-block-paragraph\">Gageons que l\u2019int\u00e9ress\u00e9e dispose d\u2019une capacit\u00e9 de travail ph\u00e9nom\u00e9nale, \u00e0 d\u00e9faut de flair juridique. Pr\u00e9sider Euromed, \u00eatre VP \u00e0 la R\u00e9gion\u00a0: anecdotique\u00a0\u2026. Elle en redemande\u00a0!  <\/p>","protected":false},"excerpt":{"rendered":"<p>C\u2019est tout sourire que dans un poste LinkedIn, la Pr\u00e9sidente d\u2019Euromed, Isabelle Campagnola Savon a annonc\u00e9\u00a0qu\u2019elle se lan\u00e7ait dans l\u2019immobilier en ind\u00e9pendante&hellip;<\/p>","protected":false},"author":9,"featured_media":4379,"comment_status":"closed","ping_status":"closed","sticky":false,"template":"","format":"standard","meta":{"_lmt_disableupdate":"","_lmt_disable":"","footnotes":""},"categories":[631,606,626],"tags":[],"class_list":["post-4378","post","type-post","status-publish","format-standard","has-post-thumbnail","hentry","category-breves","category-local-13","category-politique-local-13"],"yoast_head":"<!-- This site is optimized with the Yoast SEO Premium plugin v28.1 (Yoast SEO v28.1) - https:\/\/yoast.com\/product\/yoast-seo-premium-wordpress\/ -->\n<title>Isabelle Campagnola-Savon, une conseill\u00e8re en immobilier d\u00e9j\u00e0 fort occup\u00e9e | Geopolitics.fr<\/title>\n<meta name=\"description\" content=\"Isabelle Campagnola Savon en plein conflit d&#039;int\u00e9r\u00eats. La Pr\u00e9sidente d&#039;Euromed annonce se lancer dans l&#039;immobilier\" \/>\n<meta name=\"robots\" content=\"index, follow, max-snippet:-1, max-image-preview:large, max-video-preview:-1\" \/>\n<link rel=\"canonical\" href=\"https:\/\/www.geopolitics.fr\/en\/2026\/05\/20\/une-conseillere-en-immobilier-deja-fort-occupee\/\" \/>\n<meta property=\"og:locale\" content=\"en_GB\" \/>\n<meta property=\"og:type\" content=\"article\" \/>\n<meta property=\"og:title\" content=\"Isabelle Campagnola-Savon, une conseill\u00e8re en immobilier d\u00e9j\u00e0 fort occup\u00e9e\" \/>\n<meta property=\"og:description\" content=\"Isabelle Campagnola Savon en plein conflit d&#039;int\u00e9r\u00eats. La Pr\u00e9sidente d&#039;Euromed annonce se lancer dans l&#039;immobilier\" \/>\n<meta property=\"og:url\" content=\"https:\/\/www.geopolitics.fr\/en\/2026\/05\/20\/une-conseillere-en-immobilier-deja-fort-occupee\/\" \/>\n<meta property=\"og:site_name\" content=\"Geopolitics.fr\" \/>\n<meta property=\"article:publisher\" content=\"https:\/\/www.facebook.com\/people\/Erwan-Davoux\/61557098968092\/\" \/>\n<meta property=\"article:published_time\" content=\"2026-05-20T19:11:38+00:00\" \/>\n<meta property=\"article:modified_time\" content=\"2026-05-20T20:57:41+00:00\" \/>\n<meta property=\"og:image\" content=\"https:\/\/www.geopolitics.fr\/wp-content\/uploads\/2026\/05\/savo.jpg\" \/>\n\t<meta property=\"og:image:width\" content=\"680\" \/>\n\t<meta property=\"og:image:height\" content=\"634\" \/>\n\t<meta property=\"og:image:type\" content=\"image\/jpeg\" \/>\n<meta name=\"author\" content=\"contact@geopolitics.fr\" \/>\n<meta name=\"twitter:card\" content=\"summary_large_image\" \/>\n<meta name=\"twitter:creator\" content=\"@Geopolitics_Fr\" \/>\n<meta name=\"twitter:site\" content=\"@Geopolitics_Fr\" \/>\n<meta name=\"twitter:label1\" content=\"Written by\" \/>\n\t<meta name=\"twitter:data1\" content=\"contact@geopolitics.fr\" \/>\n\t<meta name=\"twitter:label2\" content=\"Estimated reading time\" \/>\n\t<meta name=\"twitter:data2\" content=\"2 minutes\" \/>\n<script type=\"application\/ld+json\" class=\"yoast-schema-graph\">{\"@context\":\"https:\\\/\\\/schema.org\",\"@graph\":[{\"@type\":\"Article\",\"@id\":\"https:\\\/\\\/www.geopolitics.fr\\\/2026\\\/05\\\/20\\\/une-conseillere-en-immobilier-deja-fort-occupee\\\/#article\",\"isPartOf\":{\"@id\":\"https:\\\/\\\/www.geopolitics.fr\\\/2026\\\/05\\\/20\\\/une-conseillere-en-immobilier-deja-fort-occupee\\\/\"},\"author\":{\"name\":\"contact@geopolitics.fr\",\"@id\":\"https:\\\/\\\/www.geopolitics.fr\\\/#\\\/schema\\\/person\\\/69dde260ad11805e2aa68f0d9e9128da\"},\"headline\":\"Isabelle Campagnola-Savon, une conseill\u00e8re en immobilier d\u00e9j\u00e0 fort occup\u00e9e\",\"datePublished\":\"2026-05-20T19:11:38+00:00\",\"dateModified\":\"2026-05-20T20:57:41+00:00\",\"mainEntityOfPage\":{\"@id\":\"https:\\\/\\\/www.geopolitics.fr\\\/2026\\\/05\\\/20\\\/une-conseillere-en-immobilier-deja-fort-occupee\\\/\"},\"wordCount\":264,\"publisher\":{\"@id\":\"https:\\\/\\\/www.geopolitics.fr\\\/#organization\"},\"image\":{\"@id\":\"https:\\\/\\\/www.geopolitics.fr\\\/2026\\\/05\\\/20\\\/une-conseillere-en-immobilier-deja-fort-occupee\\\/#primaryimage\"},\"thumbnailUrl\":\"https:\\\/\\\/www.geopolitics.fr\\\/wp-content\\\/uploads\\\/2026\\\/05\\\/savo.jpg\",\"articleSection\":[\"br\u00e8ves\",\"LOCAL (13)\",\"politique\"],\"inLanguage\":\"en-GB\"},{\"@type\":\"WebPage\",\"@id\":\"https:\\\/\\\/www.geopolitics.fr\\\/2026\\\/05\\\/20\\\/une-conseillere-en-immobilier-deja-fort-occupee\\\/\",\"url\":\"https:\\\/\\\/www.geopolitics.fr\\\/2026\\\/05\\\/20\\\/une-conseillere-en-immobilier-deja-fort-occupee\\\/\",\"name\":\"Isabelle Campagnola-Savon, une conseill\u00e8re en immobilier d\u00e9j\u00e0 fort occup\u00e9e | Geopolitics.fr\",\"isPartOf\":{\"@id\":\"https:\\\/\\\/www.geopolitics.fr\\\/#website\"},\"primaryImageOfPage\":{\"@id\":\"https:\\\/\\\/www.geopolitics.fr\\\/2026\\\/05\\\/20\\\/une-conseillere-en-immobilier-deja-fort-occupee\\\/#primaryimage\"},\"image\":{\"@id\":\"https:\\\/\\\/www.geopolitics.fr\\\/2026\\\/05\\\/20\\\/une-conseillere-en-immobilier-deja-fort-occupee\\\/#primaryimage\"},\"thumbnailUrl\":\"https:\\\/\\\/www.geopolitics.fr\\\/wp-content\\\/uploads\\\/2026\\\/05\\\/savo.jpg\",\"datePublished\":\"2026-05-20T19:11:38+00:00\",\"dateModified\":\"2026-05-20T20:57:41+00:00\",\"description\":\"Isabelle Campagnola Savon en plein conflit d'int\u00e9r\u00eats. La Pr\u00e9sidente d'Euromed annonce se lancer dans l'immobilier\",\"breadcrumb\":{\"@id\":\"https:\\\/\\\/www.geopolitics.fr\\\/2026\\\/05\\\/20\\\/une-conseillere-en-immobilier-deja-fort-occupee\\\/#breadcrumb\"},\"inLanguage\":\"en-GB\",\"potentialAction\":[{\"@type\":\"ReadAction\",\"target\":[\"https:\\\/\\\/www.geopolitics.fr\\\/2026\\\/05\\\/20\\\/une-conseillere-en-immobilier-deja-fort-occupee\\\/\"]}]},{\"@type\":\"ImageObject\",\"inLanguage\":\"en-GB\",\"@id\":\"https:\\\/\\\/www.geopolitics.fr\\\/2026\\\/05\\\/20\\\/une-conseillere-en-immobilier-deja-fort-occupee\\\/#primaryimage\",\"url\":\"https:\\\/\\\/www.geopolitics.fr\\\/wp-content\\\/uploads\\\/2026\\\/05\\\/savo.jpg\",\"contentUrl\":\"https:\\\/\\\/www.geopolitics.fr\\\/wp-content\\\/uploads\\\/2026\\\/05\\\/savo.jpg\",\"width\":680,\"height\":634},{\"@type\":\"BreadcrumbList\",\"@id\":\"https:\\\/\\\/www.geopolitics.fr\\\/2026\\\/05\\\/20\\\/une-conseillere-en-immobilier-deja-fort-occupee\\\/#breadcrumb\",\"itemListElement\":[{\"@type\":\"ListItem\",\"position\":1,\"name\":\"Accueil\",\"item\":\"https:\\\/\\\/www.geopolitics.fr\\\/\"},{\"@type\":\"ListItem\",\"position\":2,\"name\":\"Isabelle Campagnola-Savon, une conseill\u00e8re en immobilier d\u00e9j\u00e0 fort occup\u00e9e\"}]},{\"@type\":\"WebSite\",\"@id\":\"https:\\\/\\\/www.geopolitics.fr\\\/#website\",\"url\":\"https:\\\/\\\/www.geopolitics.fr\\\/\",\"name\":\"Geopolitics.fr\",\"description\":\"Geopolitics.fr Analyse politique, relations internationales, d\u00e9fense - ligne \u00e9ditoriale gaullo-chiraquienne\",\"publisher\":{\"@id\":\"https:\\\/\\\/www.geopolitics.fr\\\/#organization\"},\"potentialAction\":[{\"@type\":\"SearchAction\",\"target\":{\"@type\":\"EntryPoint\",\"urlTemplate\":\"https:\\\/\\\/www.geopolitics.fr\\\/?s={search_term_string}\"},\"query-input\":{\"@type\":\"PropertyValueSpecification\",\"valueRequired\":true,\"valueName\":\"search_term_string\"}}],\"inLanguage\":\"en-GB\"},{\"@type\":\"Organization\",\"@id\":\"https:\\\/\\\/www.geopolitics.fr\\\/#organization\",\"name\":\"Geopolitics.fr\",\"url\":\"https:\\\/\\\/www.geopolitics.fr\\\/\",\"logo\":{\"@type\":\"ImageObject\",\"inLanguage\":\"en-GB\",\"@id\":\"https:\\\/\\\/www.geopolitics.fr\\\/#\\\/schema\\\/logo\\\/image\\\/\",\"url\":\"https:\\\/\\\/www.geopolitics.fr\\\/wp-content\\\/uploads\\\/2024\\\/01\\\/logo.jpg\",\"contentUrl\":\"https:\\\/\\\/www.geopolitics.fr\\\/wp-content\\\/uploads\\\/2024\\\/01\\\/logo.jpg\",\"width\":500,\"height\":500,\"caption\":\"Geopolitics.fr\"},\"image\":{\"@id\":\"https:\\\/\\\/www.geopolitics.fr\\\/#\\\/schema\\\/logo\\\/image\\\/\"},\"sameAs\":[\"https:\\\/\\\/www.facebook.com\\\/people\\\/Erwan-Davoux\\\/61557098968092\\\/\",\"https:\\\/\\\/x.com\\\/Geopolitics_Fr\"]},{\"@type\":\"Person\",\"@id\":\"https:\\\/\\\/www.geopolitics.fr\\\/#\\\/schema\\\/person\\\/69dde260ad11805e2aa68f0d9e9128da\",\"name\":\"contact@geopolitics.fr\",\"image\":{\"@type\":\"ImageObject\",\"inLanguage\":\"en-GB\",\"@id\":\"https:\\\/\\\/www.geopolitics.fr\\\/wp-content\\\/uploads\\\/2024\\\/01\\\/edito-bonne-banniere-96x96.jpg\",\"url\":\"https:\\\/\\\/www.geopolitics.fr\\\/wp-content\\\/uploads\\\/2024\\\/01\\\/edito-bonne-banniere-96x96.jpg\",\"contentUrl\":\"https:\\\/\\\/www.geopolitics.fr\\\/wp-content\\\/uploads\\\/2024\\\/01\\\/edito-bonne-banniere-96x96.jpg\",\"caption\":\"contact@geopolitics.fr\"},\"url\":\"https:\\\/\\\/www.geopolitics.fr\\\/en\\\/author\\\/contactgeopolitics-fr\\\/\"}]}<\/script>\n<!-- \/ Yoast SEO Premium plugin. -->","yoast_head_json":{"title":"Isabelle Campagnola-Savon, une conseill\u00e8re en immobilier d\u00e9j\u00e0 fort occup\u00e9e | Geopolitics.fr","description":"Isabelle Campagnola Savon en plein conflit d'int\u00e9r\u00eats. La Pr\u00e9sidente d'Euromed annonce se lancer dans l'immobilier","robots":{"index":"index","follow":"follow","max-snippet":"max-snippet:-1","max-image-preview":"max-image-preview:large","max-video-preview":"max-video-preview:-1"},"canonical":"https:\/\/www.geopolitics.fr\/en\/2026\/05\/20\/une-conseillere-en-immobilier-deja-fort-occupee\/","og_locale":"en_GB","og_type":"article","og_title":"Isabelle Campagnola-Savon, une conseill\u00e8re en immobilier d\u00e9j\u00e0 fort occup\u00e9e","og_description":"Isabelle Campagnola Savon en plein conflit d'int\u00e9r\u00eats. La Pr\u00e9sidente d'Euromed annonce se lancer dans l'immobilier","og_url":"https:\/\/www.geopolitics.fr\/en\/2026\/05\/20\/une-conseillere-en-immobilier-deja-fort-occupee\/","og_site_name":"Geopolitics.fr","article_publisher":"https:\/\/www.facebook.com\/people\/Erwan-Davoux\/61557098968092\/","article_published_time":"2026-05-20T19:11:38+00:00","article_modified_time":"2026-05-20T20:57:41+00:00","og_image":[{"width":680,"height":634,"url":"https:\/\/www.geopolitics.fr\/wp-content\/uploads\/2026\/05\/savo.jpg","type":"image\/jpeg"}],"author":"contact@geopolitics.fr","twitter_card":"summary_large_image","twitter_creator":"@Geopolitics_Fr","twitter_site":"@Geopolitics_Fr","twitter_misc":{"Written by":"contact@geopolitics.fr","Estimated reading time":"2 minutes"},"schema":{"@context":"https:\/\/schema.org","@graph":[{"@type":"Article","@id":"https:\/\/www.geopolitics.fr\/2026\/05\/20\/une-conseillere-en-immobilier-deja-fort-occupee\/#article","isPartOf":{"@id":"https:\/\/www.geopolitics.fr\/2026\/05\/20\/une-conseillere-en-immobilier-deja-fort-occupee\/"},"author":{"name":"contact@geopolitics.fr","@id":"https:\/\/www.geopolitics.fr\/#\/schema\/person\/69dde260ad11805e2aa68f0d9e9128da"},"headline":"Isabelle Campagnola-Savon, une conseill\u00e8re en immobilier d\u00e9j\u00e0 fort occup\u00e9e","datePublished":"2026-05-20T19:11:38+00:00","dateModified":"2026-05-20T20:57:41+00:00","mainEntityOfPage":{"@id":"https:\/\/www.geopolitics.fr\/2026\/05\/20\/une-conseillere-en-immobilier-deja-fort-occupee\/"},"wordCount":264,"publisher":{"@id":"https:\/\/www.geopolitics.fr\/#organization"},"image":{"@id":"https:\/\/www.geopolitics.fr\/2026\/05\/20\/une-conseillere-en-immobilier-deja-fort-occupee\/#primaryimage"},"thumbnailUrl":"https:\/\/www.geopolitics.fr\/wp-content\/uploads\/2026\/05\/savo.jpg","articleSection":["br\u00e8ves","LOCAL (13)","politique"],"inLanguage":"en-GB"},{"@type":"WebPage","@id":"https:\/\/www.geopolitics.fr\/2026\/05\/20\/une-conseillere-en-immobilier-deja-fort-occupee\/","url":"https:\/\/www.geopolitics.fr\/2026\/05\/20\/une-conseillere-en-immobilier-deja-fort-occupee\/","name":"Isabelle Campagnola-Savon, une conseill\u00e8re en immobilier d\u00e9j\u00e0 fort occup\u00e9e | Geopolitics.fr","isPartOf":{"@id":"https:\/\/www.geopolitics.fr\/#website"},"primaryImageOfPage":{"@id":"https:\/\/www.geopolitics.fr\/2026\/05\/20\/une-conseillere-en-immobilier-deja-fort-occupee\/#primaryimage"},"image":{"@id":"https:\/\/www.geopolitics.fr\/2026\/05\/20\/une-conseillere-en-immobilier-deja-fort-occupee\/#primaryimage"},"thumbnailUrl":"https:\/\/www.geopolitics.fr\/wp-content\/uploads\/2026\/05\/savo.jpg","datePublished":"2026-05-20T19:11:38+00:00","dateModified":"2026-05-20T20:57:41+00:00","description":"Isabelle Campagnola Savon en plein conflit d'int\u00e9r\u00eats. La Pr\u00e9sidente d'Euromed annonce se lancer dans l'immobilier","breadcrumb":{"@id":"https:\/\/www.geopolitics.fr\/2026\/05\/20\/une-conseillere-en-immobilier-deja-fort-occupee\/#breadcrumb"},"inLanguage":"en-GB","potentialAction":[{"@type":"ReadAction","target":["https:\/\/www.geopolitics.fr\/2026\/05\/20\/une-conseillere-en-immobilier-deja-fort-occupee\/"]}]},{"@type":"ImageObject","inLanguage":"en-GB","@id":"https:\/\/www.geopolitics.fr\/2026\/05\/20\/une-conseillere-en-immobilier-deja-fort-occupee\/#primaryimage","url":"https:\/\/www.geopolitics.fr\/wp-content\/uploads\/2026\/05\/savo.jpg","contentUrl":"https:\/\/www.geopolitics.fr\/wp-content\/uploads\/2026\/05\/savo.jpg","width":680,"height":634},{"@type":"BreadcrumbList","@id":"https:\/\/www.geopolitics.fr\/2026\/05\/20\/une-conseillere-en-immobilier-deja-fort-occupee\/#breadcrumb","itemListElement":[{"@type":"ListItem","position":1,"name":"Accueil","item":"https:\/\/www.geopolitics.fr\/"},{"@type":"ListItem","position":2,"name":"Isabelle Campagnola-Savon, une conseill\u00e8re en immobilier d\u00e9j\u00e0 fort occup\u00e9e"}]},{"@type":"WebSite","@id":"https:\/\/www.geopolitics.fr\/#website","url":"https:\/\/www.geopolitics.fr\/","name":"Geopolitics.fr","description":"Geopolitics.fr Analyse politique, relations internationales, d\u00e9fense - ligne \u00e9ditoriale gaullo-chiraquienne","publisher":{"@id":"https:\/\/www.geopolitics.fr\/#organization"},"potentialAction":[{"@type":"SearchAction","target":{"@type":"EntryPoint","urlTemplate":"https:\/\/www.geopolitics.fr\/?s={search_term_string}"},"query-input":{"@type":"PropertyValueSpecification","valueRequired":true,"valueName":"search_term_string"}}],"inLanguage":"en-GB"},{"@type":"Organization","@id":"https:\/\/www.geopolitics.fr\/#organization","name":"Geopolitics.fr","url":"https:\/\/www.geopolitics.fr\/","logo":{"@type":"ImageObject","inLanguage":"en-GB","@id":"https:\/\/www.geopolitics.fr\/#\/schema\/logo\/image\/","url":"https:\/\/www.geopolitics.fr\/wp-content\/uploads\/2024\/01\/logo.jpg","contentUrl":"https:\/\/www.geopolitics.fr\/wp-content\/uploads\/2024\/01\/logo.jpg","width":500,"height":500,"caption":"Geopolitics.fr"},"image":{"@id":"https:\/\/www.geopolitics.fr\/#\/schema\/logo\/image\/"},"sameAs":["https:\/\/www.facebook.com\/people\/Erwan-Davoux\/61557098968092\/","https:\/\/x.com\/Geopolitics_Fr"]},{"@type":"Person","@id":"https:\/\/www.geopolitics.fr\/#\/schema\/person\/69dde260ad11805e2aa68f0d9e9128da","name":"contact@geopolitics.fr","image":{"@type":"ImageObject","inLanguage":"en-GB","@id":"https:\/\/www.geopolitics.fr\/wp-content\/uploads\/2024\/01\/edito-bonne-banniere-96x96.jpg","url":"https:\/\/www.geopolitics.fr\/wp-content\/uploads\/2024\/01\/edito-bonne-banniere-96x96.jpg","contentUrl":"https:\/\/www.geopolitics.fr\/wp-content\/uploads\/2024\/01\/edito-bonne-banniere-96x96.jpg","caption":"contact@geopolitics.fr"},"url":"https:\/\/www.geopolitics.fr\/en\/author\/contactgeopolitics-fr\/"}]}},"_links":{"self":[{"href":"https:\/\/www.geopolitics.fr\/en\/wp-json\/wp\/v2\/posts\/4378","targetHints":{"allow":["GET"]}}],"collection":[{"href":"https:\/\/www.geopolitics.fr\/en\/wp-json\/wp\/v2\/posts"}],"about":[{"href":"https:\/\/www.geopolitics.fr\/en\/wp-json\/wp\/v2\/types\/post"}],"author":[{"embeddable":true,"href":"https:\/\/www.geopolitics.fr\/en\/wp-json\/wp\/v2\/users\/9"}],"replies":[{"embeddable":true,"href":"https:\/\/www.geopolitics.fr\/en\/wp-json\/wp\/v2\/comments?post=4378"}],"version-history":[{"count":0,"href":"https:\/\/www.geopolitics.fr\/en\/wp-json\/wp\/v2\/posts\/4378\/revisions"}],"wp:featuredmedia":[{"embeddable":true,"href":"https:\/\/www.geopolitics.fr\/en\/wp-json\/wp\/v2\/media\/4379"}],"wp:attachment":[{"href":"https:\/\/www.geopolitics.fr\/en\/wp-json\/wp\/v2\/media?parent=4378"}],"wp:term":[{"taxonomy":"category","embeddable":true,"href":"https:\/\/www.geopolitics.fr\/en\/wp-json\/wp\/v2\/categories?post=4378"},{"taxonomy":"post_tag","embeddable":true,"href":"https:\/\/www.geopolitics.fr\/en\/wp-json\/wp\/v2\/tags?post=4378"}],"curies":[{"name":"wp","href":"https:\/\/api.w.org\/{rel}","templated":true}]}}