{"id":4373,"date":"2026-05-20T17:00:00","date_gmt":"2026-05-20T15:00:00","guid":{"rendered":"https:\/\/www.geopolitics.fr\/?p=4373"},"modified":"2026-05-21T18:14:30","modified_gmt":"2026-05-21T16:14:30","slug":"meloni-puissance-mediane-litalie-a-la-reconquete-de-sa-souverainete-strategique","status":"publish","type":"post","link":"https:\/\/www.geopolitics.fr\/en\/2026\/05\/20\/meloni-puissance-mediane-litalie-a-la-reconquete-de-sa-souverainete-strategique\/","title":{"rendered":"Meloni, puissance m\u00e9diane. L&rsquo;Italie \u00e0 la reconqu\u00eate de sa souverainet\u00e9 strat\u00e9gique"},"content":{"rendered":"<h2 class=\"wp-block-heading has-medium-font-size\" id=\"h-de-l-epouvantail-a-la-politique-reconnue-une-ascension-hors-norme\">De l&rsquo;\u00e9pouvantail \u00e0 la politique reconnue, une ascension hors norme<\/h2>\n\n\n\n<p class=\"has-medium-font-size wp-block-paragraph\">N\u00e9e le 15 janvier 1977 \u00e0 Rome, Giorgia Meloni s&rsquo;engage en politique \u00e0 15 ans au sein du Mouvement social italien, h\u00e9ritier du parti national-fasciste. Elle poursuit son chemin dans l&rsquo;Alliance nationale, devient ministre de la Jeunesse sous Berlusconi, puis fonde en 2012 Fratelli d&rsquo;Italia, parti national-conservateur qu&rsquo;elle pr\u00e9side depuis 2014. En 2022, elle conduit ce parti, longtemps marginal, \u00e0 la victoire \u00e9lectorale, devenant la premi\u00e8re femme \u00e0 diriger un gouvernement en Italie.<\/p>\n\n\n\n<p class=\"has-medium-font-size wp-block-paragraph\">\u00c0 ses d\u00e9buts, les craintes sont nombreuses en Europe : extr\u00eame droite au gouvernement, Italie au bord du gouffre financier, souverainisme affich\u00e9. Pourtant, elle confie rapidement des portefeuilles sensibles \u00e0 des personnalit\u00e9s mod\u00e9r\u00e9es, adopte une politique d&rsquo;aust\u00e9rit\u00e9 compatible avec les exigences de Bruxelles, et obtient l&rsquo;acc\u00e8s aux fonds du plan de relance europ\u00e9en. En l&rsquo;espace de quelques mois, elle est jug\u00e9e \u00ab s\u00e9rieuse et raisonnable \u00bb par ses partenaires occidentaux. C&rsquo;est la premi\u00e8re m\u00e9tamorphose.<\/p>\n\n\n\n<h2 class=\"wp-block-heading\" id=\"h-la-lune-de-miel-transatlantique-un-pari-calcule-une-impasse-annoncee\">La lune de miel transatlantique, un pari calcul\u00e9, une impasse annonc\u00e9e<\/h2>\n\n\n\n<p class=\"has-medium-font-size wp-block-paragraph\">Lorsque Donald Trump revient \u00e0 la Maison-Blanche en janvier 2025, Meloni se positionne comme son interlocutrice privil\u00e9gi\u00e9e en Europe. Elle est la seule dirigeante europ\u00e9enne \u00e0 assister \u00e0 son investiture, et se pr\u00e9sente depuis comme un pont transatlantique entre Washington et Bruxelles. Trump la qualifie d&rsquo;amie et de grande leader. Son m\u00e9moire politique Io Sono Giorgia est r\u00e9\u00e9dit\u00e9 en anglais avec une pr\u00e9face du pr\u00e9sident am\u00e9ricain.&nbsp;<\/p>\n\n\n\n<p class=\"has-medium-font-size wp-block-paragraph\">Mais pour Mario Del Pero, professeur d&rsquo;histoire internationale \u00e0 Sciences Po Paris, questionn\u00e9 par France 24, la rupture \u00e9tait structurellement in\u00e9vitable : il devenait politiquement insoutenable pour Meloni d&rsquo;\u00eatre associ\u00e9e \u00e0 Trump, dont la popularit\u00e9 s&rsquo;\u00e9tait effondr\u00e9e en Europe et en Italie. Le choix initial de se placer dans l&rsquo;orbite de Washington relevait d&rsquo;un calcul rationnel, obtenir un levier pour peser dans les n\u00e9gociations europ\u00e9ennes, mais il comportait un risque syst\u00e9mique que Meloni a tard\u00e9 \u00e0 mesurer : Trump n&rsquo;est pas un partenaire, il exige la vassalit\u00e9.&nbsp;<\/p>\n\n\n\n<p class=\"has-medium-font-size wp-block-paragraph\">Un sondage Statista de 2026 a montr\u00e9 que la cote d&rsquo;approbation de Meloni avait chut\u00e9 \u00e0 39 %, avec un record de 55 % de d\u00e9sapprobation. Des analyses men\u00e9es apr\u00e8s la d\u00e9faite au r\u00e9f\u00e9rendum de mars 2026 sur la r\u00e9forme judiciaire ont confirm\u00e9 qu&rsquo;une part significative du rejet \u00e9tait directement li\u00e9e \u00e0 sa proximit\u00e9 per\u00e7ue avec Trump. Le signal politique \u00e9tait sans ambigu\u00eft\u00e9.&nbsp;<\/p>\n\n\n\n<h2 class=\"wp-block-heading\" id=\"h-le-triple-decrochage-d-avril-2026-la-souverainete-comme-necessite\">Le triple d\u00e9crochage d&rsquo;avril 2026, la souverainet\u00e9 comme n\u00e9cessit\u00e9<\/h2>\n\n\n\n<h3 class=\"wp-block-heading has-medium-font-size\" id=\"h-le-tournant-arrive-en-avril-2026-sur-trois-fronts-simultanes\"><strong>Le tournant arrive en avril 2026, sur trois fronts simultan\u00e9s. <\/strong><\/h3>\n\n\n\n<h3 class=\"wp-block-heading has-medium-font-size\" id=\"h-premier-desaccord-l-iran\"><strong>Premier d\u00e9saccord : l&rsquo;Iran<\/strong><\/h3>\n\n\n\n<p class=\"has-medium-font-size wp-block-paragraph\">L&rsquo;Italie refuse de soutenir la guerre am\u00e9ricaine contre T\u00e9h\u00e9ran et interdit aux bombardiers am\u00e9ricains d&rsquo;atterrir sur une base a\u00e9rienne en Sicile. <\/p>\n\n\n\n<h3 class=\"wp-block-heading has-medium-font-size\" id=\"h-deuxieme-rupture-israel\"><strong>Deuxi\u00e8me rupture : Isra\u00ebl<\/strong><\/h3>\n\n\n\n<p class=\"has-medium-font-size wp-block-paragraph\">Rome d\u00e9cide de ne pas renouveler le m\u00e9morandum de d\u00e9fense avec Tel-Aviv, qui \u00e9tait automatiquement prolong\u00e9 tous les cinq ans.<\/p>\n\n\n\n<h2 class=\"wp-block-heading has-medium-font-size\" id=\"h-troisieme-et-decisive-fracture-le-pape\"><strong>Troisi\u00e8me et d\u00e9cisive fracture : le pape<\/strong><\/h2>\n\n\n\n<p class=\"has-medium-font-size wp-block-paragraph\">Trump s&rsquo;en prend au pape L\u00e9on XIV, et Meloni choisit son camp. \u00ab Je trouve inacceptables les paroles du pr\u00e9sident Trump \u00e0 l&rsquo;\u00e9gard du Saint-P\u00e8re \u00bb, d\u00e9clare-t-elle. La r\u00e9ponse de Trump ne se fait pas attendre dans les colonnes du Corriere della Sera : \u00ab Je pensais qu&rsquo;elle avait du courage, mais je me suis tromp\u00e9 \u00bb.\u00a0<\/p>\n\n\n\n<h2 class=\"wp-block-heading has-medium-font-size\" id=\"h-la-rupture-provoque-une-sequence-inattendue\"><strong>La rupture provoque une s\u00e9quence inattendue <\/strong><\/h2>\n\n\n\n<p class=\"has-medium-font-size wp-block-paragraph\">la presse italienne parle d&rsquo;unit\u00e9 nationale retrouv\u00e9e, et la principale opposante de Meloni, la cheffe du Parti d\u00e9mocrate Elly Schlein, prend sa d\u00e9fense au Parlement : \u00ab Aucun chef d&rsquo;\u00c9tat \u00e9tranger ne peut attaquer, menacer ou manquer de respect \u00e0 notre pays. \u00bb Trump avait r\u00e9ussi l&rsquo;exploit de faire applaudir Meloni par la gauche italienne.<\/p>\n\n\n\n<p class=\"has-medium-font-size wp-block-paragraph\">G\u00e9opolitiquement, la m\u00e9canique est lisible : la guerre en Iran, conjugu\u00e9e au sentiment antiguerre traditionnel de l&rsquo;\u00e9lectorat italien pr\u00e9sent autant \u00e0 gauche qu&rsquo;\u00e0 droite, a forc\u00e9 Meloni non seulement \u00e0 se distancer de Trump, mais \u00e0 le critiquer publiquement \u00e0 chaque occasion. Ce n&rsquo;est pas une conversion id\u00e9ologique. C&rsquo;est de la survie politique \u00e9rig\u00e9e en doctrine.&nbsp;<\/p>\n\n\n\n<h2 class=\"wp-block-heading\" id=\"h-l-effacement-du-modele-orban-pourquoi-la-droite-dure-ne-peut-plus-etre-pro-trump-en-europe\">L&rsquo;effacement du mod\u00e8le Orb\u00e1n, pourquoi la droite dure ne peut plus \u00eatre pro-Trump en Europe<\/h2>\n\n\n\n<p class=\"has-medium-font-size wp-block-paragraph\">Pour comprendre la vitesse du retournement de Meloni, il faut regarder Budapest. La d\u00e9faite de Viktor Orb\u00e1n aux \u00e9lections hongroises a constitu\u00e9 un signal d&rsquo;alarme pour toute la droite nationale-populiste europ\u00e9enne. Meloni a tir\u00e9 la le\u00e7on : se rapprocher trop de Trump est d\u00e9sormais contre-productif, son ambition h\u00e9g\u00e9moniste se heurtant frontalement aux souverainet\u00e9s nationales que cette droite pr\u00e9tend d\u00e9fendre. La contradiction \u00e9tait insurmontable. On ne peut pas \u00eatre souverainiste et vassal.<\/p>\n\n\n\n<p class=\"has-medium-font-size wp-block-paragraph\">Le d\u00e9litement de la relation Meloni-Trump n&rsquo;est pas seulement personnel ou rh\u00e9torique : il signale l&rsquo;effondrement d&rsquo;un terrain d&rsquo;entente fragile entre une Europe cherchant des partenariats et des \u00c9tats-Unis exigeant d\u00e9sormais une loyaut\u00e9 inconditionnelle.&nbsp;<\/p>\n\n\n\n<h2 class=\"wp-block-heading\" id=\"h-le-quartet-europeen-meloni-change-d-orbite\">\u00a0Le quartet europ\u00e9en : Meloni change d&rsquo;orbite<\/h2>\n\n\n\n<h2 class=\"wp-block-heading has-medium-font-size\" id=\"h-meloni-macron-merz-et-starmer-forment-desormais-une-sorte-de-quartet-geopolitique\"><strong>Meloni, Macron, Merz et Starmer forment d\u00e9sormais une sorte de quartet g\u00e9opolitique<\/strong><\/h2>\n\n\n\n<p class=\"has-medium-font-size wp-block-paragraph\"> Unis par la n\u00e9cessit\u00e9 partag\u00e9e. Si Meloni \u00e9tait autrefois un pont transatlantique, elle contribue maintenant \u00e0 construire quelque chose de tout diff\u00e9rent aux c\u00f4t\u00e9s de ses homologues europ\u00e9ens.\u00a0<\/p>\n\n\n\n<p class=\"has-medium-font-size wp-block-paragraph\">R\u00e9unis \u00e0 Paris en avril 2026 pour une conf\u00e9rence r\u00e9unissant 49 pays, ces quatre dirigeants ont acc\u00e9l\u00e9r\u00e9 les plans pour une mission d\u00e9fensive et neutre destin\u00e9e \u00e0 s\u00e9curiser la navigation dans le d\u00e9troit d&rsquo;Ormuz, en dehors du cadre am\u00e9ricain. L&rsquo;image est forte : l&rsquo;Europe, avec Rome dans le tableau, affirme une capacit\u00e9 d&rsquo;action autonome dans une zone strat\u00e9gique majeure.&nbsp;<\/p>\n\n\n\n<h2 class=\"wp-block-heading has-medium-font-size\" id=\"h-meloni-se-defendant-d-etre-sous-l-influence-de-trump\"><strong>Meloni, se d\u00e9fendant d&rsquo;\u00eatre sous l&rsquo;influence de Trump<\/strong><\/h2>\n\n\n\n<p class=\"has-medium-font-size wp-block-paragraph\">Elle a d\u00e9clar\u00e9 au Parlement : \u00ab Je ne suis aveugl\u00e9ment ni l&rsquo;Europe ni les \u00c9tats-Unis. Je suis en Europe parce que l&rsquo;Italie est en Europe. \u00bb Depuis la fondation de Fratelli d&rsquo;Italia en 2012, elle a plac\u00e9 les liens \u00e9troits avec Washington au c\u0153ur de sa politique \u00e9trang\u00e8re mais les m\u00e9thodes muscl\u00e9es de Trump avec ses vieux alli\u00e9s ont d\u00e9stabilis\u00e9 les pro-atlantistes et forc\u00e9 l&rsquo;Europe \u00e0 revoir ses options g\u00e9opolitiques.\u00a0<\/p>\n\n\n\n<p class=\"has-medium-font-size wp-block-paragraph\">Ce repositionnement r\u00e9v\u00e8le quelque chose de plus profond qu&rsquo;une tactique \u00e9lectorale : il pointe vers une vision de l&rsquo;Italie comme puissance souveraine \u00e0 part enti\u00e8re, ni satellite de Washington ni province de Bruxelles.<\/p>\n\n\n\n<h2 class=\"wp-block-heading\" id=\"h-la-doctrine-mattei-la-mediterranee-comme-espace-de-puissance\">La doctrine Mattei, la M\u00e9diterran\u00e9e comme espace de puissance<\/h2>\n\n\n\n<h2 class=\"wp-block-heading has-medium-font-size\" id=\"h-le-vrai-marqueur-geopolitique-du-mandat-meloni-n-est-pas-la-rupture-avec-trump-c-est-la-reformulation-d-une-ambition-mediterraneenne-et-africaine-de-long-terme\"><strong>Le vrai marqueur g\u00e9opolitique du mandat Meloni n&rsquo;est pas la rupture avec Trump. C&rsquo;est la reformulation d&rsquo;une ambition m\u00e9diterran\u00e9enne et africaine de long terme <\/strong><\/h2>\n\n\n\n<p class=\"has-medium-font-size wp-block-paragraph\">Il est incarn\u00e9e par le Plan Mattei.<\/p>\n\n\n\n<p class=\"has-medium-font-size wp-block-paragraph\">Alors que la France a longtemps monopolis\u00e9 la position de principale puissance europ\u00e9enne en M\u00e9diterran\u00e9e, l&rsquo;\u00e9rosion progressive de son influence ouvre la voie \u00e0 une redistribution des r\u00f4les r\u00e9gionaux, favorisant un retour de l&rsquo;Italie sur le devant de la sc\u00e8ne.<\/p>\n\n\n\n<p class=\"has-medium-font-size wp-block-paragraph\">Le nom choisi n&rsquo;est pas innocent. ENI, contr\u00f4l\u00e9e par le minist\u00e8re de l&rsquo;\u00c9conomie, repr\u00e9sente un joyau du capitalisme d&rsquo;\u00c9tat italien qui a toujours cultiv\u00e9 des relations privil\u00e9gi\u00e9es avec les pays fournisseurs d&rsquo;hydrocarbures, h\u00e9ritant de la politique d&rsquo;Enrico Mattei dans les ann\u00e9es 1950, lorsque le fondateur d&rsquo;ENI proposait des contrats plus favorables aux pays producteurs que ceux pratiqu\u00e9s par les \u00ab sept s\u0153urs \u00bb, les grands groupes p\u00e9troliers occidentaux de l&rsquo;\u00e9poque.<\/p>\n\n\n\n<h2 class=\"wp-block-heading has-medium-font-size\" id=\"h-le-plan-mattei-du-gouvernement-meloni-vise-a-lier-la-securite-energetique-europeenne-a-la-rive-sud-de-la-mediterranee\"><strong>Le Plan Mattei du gouvernement Meloni vise \u00e0 lier la s\u00e9curit\u00e9 \u00e9nerg\u00e9tique europ\u00e9enne \u00e0 la rive sud de la M\u00e9diterran\u00e9e<\/strong><\/h2>\n\n\n\n<p class=\"has-medium-font-size wp-block-paragraph\" id=\"h-le-plan-mattei-du-gouvernement-meloni-vise-a-lier-la-securite-energetique-europeenne-a-la-rive-sud-de-la-mediterranee-en-poursuivant-plusieurs-objectifs-convergents\"><strong>Le plan poursuit plusieurs objectifs convergents <\/strong><\/p>\n\n\n\n<p class=\"has-medium-font-size wp-block-paragraph\" id=\"h-le-plan-mattei-du-gouvernement-meloni-vise-a-lier-la-securite-energetique-europeenne-a-la-rive-sud-de-la-mediterranee-en-poursuivant-plusieurs-objectifs-convergents\">Tout d&rsquo;abord, renforcer la position de Rome au sein de l&rsquo;Union europ\u00e9enne, r\u00e9duire l&rsquo;influence fran\u00e7aise dans l&rsquo;espace m\u00e9diterran\u00e9en et rassurer les \u00c9tats-Unis en cherchant des partenaires r\u00e9gionaux capables de g\u00e9rer les dossiers \u00e9nerg\u00e9tiques et s\u00e9curitaires.\u00a0<\/p>\n\n\n\n<p class=\"has-medium-font-size wp-block-paragraph\">Avec un engagement de 5,5 milliards d&rsquo;euros sur cinq ans et 14 pays africains cibl\u00e9s, l&rsquo;\u00e9nergie occupe une place centrale du dispositif. ENI, acteur historique, est d\u00e9j\u00e0 tr\u00e8s actif en Libye, \u00c9gypte, Alg\u00e9rie, Nigeria et Mozambique, fournissant une part majeure du gaz italien, notamment depuis la crise \u00e9nerg\u00e9tique li\u00e9e \u00e0 la guerre en Ukraine.&nbsp;<\/p>\n\n\n\n<p class=\"has-medium-font-size wp-block-paragraph\">Cette strat\u00e9gie d\u00e9passe la politique migratoire qu&rsquo;on lui attribue h\u00e2tivement. Elle dessine une Italie qui ambitionne de devenir le hub \u00e9nerg\u00e9tique de l&rsquo;Europe du Sud, le principal interlocuteur du continent africain francophone en d\u00e9clin d&rsquo;influence fran\u00e7aise, et l&rsquo;acteur incontournable de la M\u00e9diterran\u00e9e centrale. C&rsquo;est le vieux r\u00eave du \u00ab n\u00e9o-atlantisme \u00bb fa\u00e7on Fanfani, revisit\u00e9 pour le XXIe si\u00e8cle.<\/p>\n\n\n\n<h2 class=\"wp-block-heading\" id=\"h-nbsp-l-italie-comme-puissance-mediane-les-limites-d-un-projet\">&nbsp;L&rsquo;Italie comme puissance m\u00e9diane,les limites d&rsquo;un projet<\/h2>\n\n\n\n<p class=\"has-medium-font-size wp-block-paragraph\">La trajectoire de Meloni illustre une tension structurelle que tous les pays de taille interm\u00e9diaire connaissent : ils sont trop grands pour subir sans r\u00e9sister, trop petits pour imposer seuls. Son c\u0153ur \u00e9tait du c\u00f4t\u00e9 de l&rsquo;Am\u00e9rique, mais sa t\u00eate lui dit que l&rsquo;Italie est en Europe et que son \u00e9conomie est imbriqu\u00e9e avec celle de l&rsquo;Allemagne.&nbsp;<\/p>\n\n\n\n<h2 class=\"wp-block-heading has-medium-font-size\" id=\"h-sur-le-plan-interieur-la-coalition-meloni-vient-d-entrer-dans-l-histoire-comme-le-deuxieme-gouvernement-le-plus-long-de-l-italie-republicaine\"><strong>Sur le plan int\u00e9rieur, la coalition Meloni vient d&rsquo;entrer dans l&rsquo;histoire comme le deuxi\u00e8me gouvernement le plus long de l&rsquo;Italie r\u00e9publicaine<\/strong><\/h2>\n\n\n\n<p class=\"has-medium-font-size wp-block-paragraph\">Fratelli d&rsquo;Italia se maintient \u00e0 30 % dans les sondages. Mais la d\u00e9faite au r\u00e9f\u00e9rendum de mars 2026 a r\u00e9v\u00e9l\u00e9 que l&rsquo;opposition, si elle pr\u00e9sente des id\u00e9es claires sur un terrain commun, peut mobiliser une majorit\u00e9. \u00c0 un an des l\u00e9gislatives de 2027, Meloni traverse une zone de turbulences revers r\u00e9f\u00e9rendaire, crise \u00e9nerg\u00e9tique persistante, guerre aux portes de l&rsquo;Europe.<\/p>\n\n\n\n<h2 class=\"wp-block-heading has-medium-font-size\" id=\"h-ce-qui-reste-acquis-en-revanche-c-est-une-transformation-durable-de-la-posture-italienne-sur-la-scene-internationale\"><strong>Ce qui reste acquis, en revanche, c&rsquo;est une transformation durable de la posture italienne sur la sc\u00e8ne internationale<\/strong><\/h2>\n\n\n\n<p class=\"has-medium-font-size wp-block-paragraph\">L&rsquo;Italie de Meloni n&rsquo;est plus le maillon faible de l&rsquo;Europe du Sud ni le partenaire complaisant de qui veut bien l&rsquo;\u00e9couter. Elle joue une partition propre, parfois dissonante, souvent calcul\u00e9e, celle d&rsquo;un pays qui a red\u00e9couvert que la g\u00e9ographie est un destin, et la M\u00e9diterran\u00e9e, un h\u00e9ritage \u00e0 d\u00e9fendre.<\/p>\n\n\n\n<p class=\"has-medium-font-size wp-block-paragraph\">Il y a une ironie profonde dans la trajectoire de Giorgia Meloni. Elle a acc\u00e9d\u00e9 au pouvoir en portant l&rsquo;\u00e9tendard d&rsquo;un nationalisme identitaire tourn\u00e9 vers l&rsquo;int\u00e9rieur, et elle gouverne en pratiquant une diplomatie d&rsquo;\u00c9tat r\u00e9aliste et multilat\u00e9rale, h\u00e9riti\u00e8re davantage de De Gasperi que de Mussolini. Elle a \u00e9t\u00e9 c\u00e9l\u00e9br\u00e9e par la droite dure mondiale comme l&rsquo;une des leurs, et elle est aujourd&rsquo;hui l&rsquo;une des figures qui r\u00e9affirment le plus clairement la primaut\u00e9 de la souverainet\u00e9 nationale face aux imp\u00e9rialismes de toute nature y compris celui de Washington.<\/p>\n\n\n\n<h2 class=\"wp-block-heading has-medium-font-size\" id=\"h-la-lecon-geopolitique-est-simple-et-cruelle-pour-le-trumpisme\"><strong>La le\u00e7on g\u00e9opolitique est simple, et cruelle pour le trumpisme <\/strong><\/h2>\n\n\n\n<p class=\"has-medium-font-size wp-block-paragraph\">on ne peut pas \u00eatre \u00e0 la fois le champion des nations et le suzerain qui exige leur all\u00e9geance. Meloni l&rsquo;a compris avant beaucoup d&rsquo;autres. Elle en a tir\u00e9 les cons\u00e9quences, au prix d&rsquo;une rupture spectaculaire. Elle n&rsquo;est pas sortie indemne des trois derni\u00e8res ann\u00e9es, mais elle en est sortie debout et dans un syst\u00e8me international en recomposition acc\u00e9l\u00e9r\u00e9e, c&rsquo;est d\u00e9j\u00e0 une performance de premier ordre.<\/p>\n\n\n\n<p class=\"wp-block-paragraph\"><\/p>","protected":false},"excerpt":{"rendered":"<p>De l&rsquo;\u00e9pouvantail \u00e0 la politique reconnue, une ascension hors norme N\u00e9e le 15 janvier 1977 \u00e0 Rome, Giorgia Meloni s&rsquo;engage en politique&hellip;<\/p>","protected":false},"author":31730,"featured_media":4403,"comment_status":"closed","ping_status":"closed","sticky":false,"template":"","format":"standard","meta":{"_lmt_disableupdate":"","_lmt_disable":"","footnotes":""},"categories":[611,5,4],"tags":[695,696],"class_list":["post-4373","post","type-post","status-publish","format-standard","has-post-thumbnail","hentry","category-europe","category-international","category-mis-en-avant","tag-italie","tag-meloni"],"yoast_head":"<!-- This site is optimized with the Yoast SEO Premium plugin v28.1 (Yoast SEO v28.1) - https:\/\/yoast.com\/product\/yoast-seo-premium-wordpress\/ -->\n<title>Meloni, puissance m\u00e9diane. L&#039;Italie \u00e0 la reconqu\u00eate de sa souverainet\u00e9 strat\u00e9gique | Geopolitics.fr<\/title>\n<meta name=\"description\" content=\"La rupture de Meloni avec Trump provoque une s\u00e9quence inattendue : la presse italienne parle d&#039;unit\u00e9 nationale retrouv\u00e9e.\" \/>\n<meta name=\"robots\" content=\"index, follow, max-snippet:-1, max-image-preview:large, max-video-preview:-1\" \/>\n<link rel=\"canonical\" href=\"https:\/\/www.geopolitics.fr\/en\/2026\/05\/20\/meloni-puissance-mediane-litalie-a-la-reconquete-de-sa-souverainete-strategique\/\" \/>\n<meta property=\"og:locale\" content=\"en_GB\" \/>\n<meta property=\"og:type\" content=\"article\" \/>\n<meta property=\"og:title\" content=\"Meloni, puissance m\u00e9diane. L&#039;Italie \u00e0 la reconqu\u00eate de sa souverainet\u00e9 strat\u00e9gique\" \/>\n<meta property=\"og:description\" content=\"La rupture de Meloni avec Trump provoque une s\u00e9quence inattendue : la presse italienne parle d&#039;unit\u00e9 nationale retrouv\u00e9e.\" \/>\n<meta property=\"og:url\" content=\"https:\/\/www.geopolitics.fr\/en\/2026\/05\/20\/meloni-puissance-mediane-litalie-a-la-reconquete-de-sa-souverainete-strategique\/\" \/>\n<meta property=\"og:site_name\" content=\"Geopolitics.fr\" \/>\n<meta property=\"article:publisher\" content=\"https:\/\/www.facebook.com\/people\/Erwan-Davoux\/61557098968092\/\" \/>\n<meta property=\"article:published_time\" content=\"2026-05-20T15:00:00+00:00\" \/>\n<meta property=\"article:modified_time\" content=\"2026-05-21T16:14:30+00:00\" \/>\n<meta property=\"og:image\" content=\"https:\/\/www.geopolitics.fr\/wp-content\/uploads\/2026\/05\/meloni.jpg\" \/>\n\t<meta property=\"og:image:width\" content=\"921\" \/>\n\t<meta property=\"og:image:height\" content=\"719\" \/>\n\t<meta property=\"og:image:type\" content=\"image\/jpeg\" \/>\n<meta name=\"author\" content=\"Ghizlaine Badri\" \/>\n<meta name=\"twitter:card\" content=\"summary_large_image\" \/>\n<meta name=\"twitter:creator\" content=\"@Geopolitics_Fr\" \/>\n<meta name=\"twitter:site\" content=\"@Geopolitics_Fr\" \/>\n<meta name=\"twitter:label1\" content=\"Written by\" \/>\n\t<meta name=\"twitter:data1\" content=\"Ghizlaine Badri\" \/>\n\t<meta name=\"twitter:label2\" content=\"Estimated reading time\" \/>\n\t<meta name=\"twitter:data2\" content=\"9 minutes\" \/>\n<script type=\"application\/ld+json\" class=\"yoast-schema-graph\">{\"@context\":\"https:\\\/\\\/schema.org\",\"@graph\":[{\"@type\":\"Article\",\"@id\":\"https:\\\/\\\/www.geopolitics.fr\\\/2026\\\/05\\\/20\\\/meloni-puissance-mediane-litalie-a-la-reconquete-de-sa-souverainete-strategique\\\/#article\",\"isPartOf\":{\"@id\":\"https:\\\/\\\/www.geopolitics.fr\\\/2026\\\/05\\\/20\\\/meloni-puissance-mediane-litalie-a-la-reconquete-de-sa-souverainete-strategique\\\/\"},\"author\":{\"name\":\"Ghizlaine Badri\",\"@id\":\"https:\\\/\\\/www.geopolitics.fr\\\/#\\\/schema\\\/person\\\/c36b165f511617c65a2bf8f8abd9af41\"},\"headline\":\"Meloni, puissance m\u00e9diane. L&rsquo;Italie \u00e0 la reconqu\u00eate de sa souverainet\u00e9 strat\u00e9gique\",\"datePublished\":\"2026-05-20T15:00:00+00:00\",\"dateModified\":\"2026-05-21T16:14:30+00:00\",\"mainEntityOfPage\":{\"@id\":\"https:\\\/\\\/www.geopolitics.fr\\\/2026\\\/05\\\/20\\\/meloni-puissance-mediane-litalie-a-la-reconquete-de-sa-souverainete-strategique\\\/\"},\"wordCount\":1933,\"publisher\":{\"@id\":\"https:\\\/\\\/www.geopolitics.fr\\\/#organization\"},\"image\":{\"@id\":\"https:\\\/\\\/www.geopolitics.fr\\\/2026\\\/05\\\/20\\\/meloni-puissance-mediane-litalie-a-la-reconquete-de-sa-souverainete-strategique\\\/#primaryimage\"},\"thumbnailUrl\":\"https:\\\/\\\/www.geopolitics.fr\\\/wp-content\\\/uploads\\\/2026\\\/05\\\/meloni.jpg\",\"keywords\":[\"ITALIE\",\"MELONI\"],\"articleSection\":[\"Europe\",\"International\",\"Mis en AVANT\"],\"inLanguage\":\"en-GB\"},{\"@type\":\"WebPage\",\"@id\":\"https:\\\/\\\/www.geopolitics.fr\\\/2026\\\/05\\\/20\\\/meloni-puissance-mediane-litalie-a-la-reconquete-de-sa-souverainete-strategique\\\/\",\"url\":\"https:\\\/\\\/www.geopolitics.fr\\\/2026\\\/05\\\/20\\\/meloni-puissance-mediane-litalie-a-la-reconquete-de-sa-souverainete-strategique\\\/\",\"name\":\"Meloni, puissance m\u00e9diane. L'Italie \u00e0 la reconqu\u00eate de sa souverainet\u00e9 strat\u00e9gique | Geopolitics.fr\",\"isPartOf\":{\"@id\":\"https:\\\/\\\/www.geopolitics.fr\\\/#website\"},\"primaryImageOfPage\":{\"@id\":\"https:\\\/\\\/www.geopolitics.fr\\\/2026\\\/05\\\/20\\\/meloni-puissance-mediane-litalie-a-la-reconquete-de-sa-souverainete-strategique\\\/#primaryimage\"},\"image\":{\"@id\":\"https:\\\/\\\/www.geopolitics.fr\\\/2026\\\/05\\\/20\\\/meloni-puissance-mediane-litalie-a-la-reconquete-de-sa-souverainete-strategique\\\/#primaryimage\"},\"thumbnailUrl\":\"https:\\\/\\\/www.geopolitics.fr\\\/wp-content\\\/uploads\\\/2026\\\/05\\\/meloni.jpg\",\"datePublished\":\"2026-05-20T15:00:00+00:00\",\"dateModified\":\"2026-05-21T16:14:30+00:00\",\"description\":\"La rupture de Meloni avec Trump provoque une s\u00e9quence inattendue : la presse italienne parle d'unit\u00e9 nationale retrouv\u00e9e.\",\"breadcrumb\":{\"@id\":\"https:\\\/\\\/www.geopolitics.fr\\\/2026\\\/05\\\/20\\\/meloni-puissance-mediane-litalie-a-la-reconquete-de-sa-souverainete-strategique\\\/#breadcrumb\"},\"inLanguage\":\"en-GB\",\"potentialAction\":[{\"@type\":\"ReadAction\",\"target\":[\"https:\\\/\\\/www.geopolitics.fr\\\/2026\\\/05\\\/20\\\/meloni-puissance-mediane-litalie-a-la-reconquete-de-sa-souverainete-strategique\\\/\"]}]},{\"@type\":\"ImageObject\",\"inLanguage\":\"en-GB\",\"@id\":\"https:\\\/\\\/www.geopolitics.fr\\\/2026\\\/05\\\/20\\\/meloni-puissance-mediane-litalie-a-la-reconquete-de-sa-souverainete-strategique\\\/#primaryimage\",\"url\":\"https:\\\/\\\/www.geopolitics.fr\\\/wp-content\\\/uploads\\\/2026\\\/05\\\/meloni.jpg\",\"contentUrl\":\"https:\\\/\\\/www.geopolitics.fr\\\/wp-content\\\/uploads\\\/2026\\\/05\\\/meloni.jpg\",\"width\":921,\"height\":719},{\"@type\":\"BreadcrumbList\",\"@id\":\"https:\\\/\\\/www.geopolitics.fr\\\/2026\\\/05\\\/20\\\/meloni-puissance-mediane-litalie-a-la-reconquete-de-sa-souverainete-strategique\\\/#breadcrumb\",\"itemListElement\":[{\"@type\":\"ListItem\",\"position\":1,\"name\":\"Accueil\",\"item\":\"https:\\\/\\\/www.geopolitics.fr\\\/\"},{\"@type\":\"ListItem\",\"position\":2,\"name\":\"Meloni, puissance m\u00e9diane. L&rsquo;Italie \u00e0 la reconqu\u00eate de sa souverainet\u00e9 strat\u00e9gique\"}]},{\"@type\":\"WebSite\",\"@id\":\"https:\\\/\\\/www.geopolitics.fr\\\/#website\",\"url\":\"https:\\\/\\\/www.geopolitics.fr\\\/\",\"name\":\"Geopolitics.fr\",\"description\":\"Geopolitics.fr Analyse politique, relations internationales, d\u00e9fense - ligne \u00e9ditoriale gaullo-chiraquienne\",\"publisher\":{\"@id\":\"https:\\\/\\\/www.geopolitics.fr\\\/#organization\"},\"potentialAction\":[{\"@type\":\"SearchAction\",\"target\":{\"@type\":\"EntryPoint\",\"urlTemplate\":\"https:\\\/\\\/www.geopolitics.fr\\\/?s={search_term_string}\"},\"query-input\":{\"@type\":\"PropertyValueSpecification\",\"valueRequired\":true,\"valueName\":\"search_term_string\"}}],\"inLanguage\":\"en-GB\"},{\"@type\":\"Organization\",\"@id\":\"https:\\\/\\\/www.geopolitics.fr\\\/#organization\",\"name\":\"Geopolitics.fr\",\"url\":\"https:\\\/\\\/www.geopolitics.fr\\\/\",\"logo\":{\"@type\":\"ImageObject\",\"inLanguage\":\"en-GB\",\"@id\":\"https:\\\/\\\/www.geopolitics.fr\\\/#\\\/schema\\\/logo\\\/image\\\/\",\"url\":\"https:\\\/\\\/www.geopolitics.fr\\\/wp-content\\\/uploads\\\/2024\\\/01\\\/logo.jpg\",\"contentUrl\":\"https:\\\/\\\/www.geopolitics.fr\\\/wp-content\\\/uploads\\\/2024\\\/01\\\/logo.jpg\",\"width\":500,\"height\":500,\"caption\":\"Geopolitics.fr\"},\"image\":{\"@id\":\"https:\\\/\\\/www.geopolitics.fr\\\/#\\\/schema\\\/logo\\\/image\\\/\"},\"sameAs\":[\"https:\\\/\\\/www.facebook.com\\\/people\\\/Erwan-Davoux\\\/61557098968092\\\/\",\"https:\\\/\\\/x.com\\\/Geopolitics_Fr\"]},{\"@type\":\"Person\",\"@id\":\"https:\\\/\\\/www.geopolitics.fr\\\/#\\\/schema\\\/person\\\/c36b165f511617c65a2bf8f8abd9af41\",\"name\":\"Ghizlaine Badri\",\"image\":{\"@type\":\"ImageObject\",\"inLanguage\":\"en-GB\",\"@id\":\"https:\\\/\\\/www.geopolitics.fr\\\/wp-content\\\/uploads\\\/2026\\\/04\\\/cropped-Ghizlaine-96x96.jpg\",\"url\":\"https:\\\/\\\/www.geopolitics.fr\\\/wp-content\\\/uploads\\\/2026\\\/04\\\/cropped-Ghizlaine-96x96.jpg\",\"contentUrl\":\"https:\\\/\\\/www.geopolitics.fr\\\/wp-content\\\/uploads\\\/2026\\\/04\\\/cropped-Ghizlaine-96x96.jpg\",\"caption\":\"Ghizlaine Badri\"},\"description\":\"R\u00e9dactrice en chef de Geopolitics.fr, Ghizlaine Badri est une Journaliste politique forte de vingt-cing ans d'exp\u00e9rience professionnelle dont quinze ans dans la Presse. Elle a construit un parcours \u00e0 l'intersection des sc\u00e8nes fran\u00e7aise, europ\u00e9enne et internationale. Ghizlaine a collabor\u00e9 avec pr\u00e8s d'une vingtaine de m\u00e9dias, parmi lesquels Le Point, Le Figaro, Les \u00c9chos, L'Express et Forbes. Correspondante Maroc\u2013Maghreb pour Le Point et correspondante Afrique pour Forbes, elle s'est distingu\u00e9e par une couverture approfondie des dynamiques politiques et diplomatiques entre l'Europe et le continent africain. Elle est \u00e0 ce jour la seule journaliste marocaine en activit\u00e9 \u00e0 avoir collabor\u00e9 avec des titres majeurs de la presse fran\u00e7aise hors sph\u00e8re panafricaine en France. Au sein du quotidien \u00e9conomique L'\u00c9conomiste, 1er quotidien au Maroc, elle a fond\u00e9 la rubrique France\u2013Maroc, contribuant \u00e0 structurer un espace \u00e9ditorial in\u00e9dit. Titulaire de trois masters obtenus en France, elle a travaill\u00e9 dans les domaines de la communication institutionnelle notamment \u00e0 la Mairie de Bordeaux aupr\u00e8s d'Alain Jupp\u00e9 et a \u00e9galement exerc\u00e9 des fonctions de direction en communication marketing, notamment aupr\u00e8s de l'Ambassade de France au Maroc. Polyglotte, elle est franco-italo-marocaine, n\u00e9e \u00e0 Casablanca, a v\u00e9cu \u00e0 New-York et maitrise cinq langues le fran\u00e7ais, l'arabe, l'anglais, l'italien et l'espagnol.\",\"url\":\"https:\\\/\\\/www.geopolitics.fr\\\/en\\\/author\\\/ghizlaine-badri\\\/\"}]}<\/script>\n<!-- \/ Yoast SEO Premium plugin. -->","yoast_head_json":{"title":"Meloni, puissance m\u00e9diane. L'Italie \u00e0 la reconqu\u00eate de sa souverainet\u00e9 strat\u00e9gique | Geopolitics.fr","description":"La rupture de Meloni avec Trump provoque une s\u00e9quence inattendue : la presse italienne parle d'unit\u00e9 nationale retrouv\u00e9e.","robots":{"index":"index","follow":"follow","max-snippet":"max-snippet:-1","max-image-preview":"max-image-preview:large","max-video-preview":"max-video-preview:-1"},"canonical":"https:\/\/www.geopolitics.fr\/en\/2026\/05\/20\/meloni-puissance-mediane-litalie-a-la-reconquete-de-sa-souverainete-strategique\/","og_locale":"en_GB","og_type":"article","og_title":"Meloni, puissance m\u00e9diane. L'Italie \u00e0 la reconqu\u00eate de sa souverainet\u00e9 strat\u00e9gique","og_description":"La rupture de Meloni avec Trump provoque une s\u00e9quence inattendue : la presse italienne parle d'unit\u00e9 nationale retrouv\u00e9e.","og_url":"https:\/\/www.geopolitics.fr\/en\/2026\/05\/20\/meloni-puissance-mediane-litalie-a-la-reconquete-de-sa-souverainete-strategique\/","og_site_name":"Geopolitics.fr","article_publisher":"https:\/\/www.facebook.com\/people\/Erwan-Davoux\/61557098968092\/","article_published_time":"2026-05-20T15:00:00+00:00","article_modified_time":"2026-05-21T16:14:30+00:00","og_image":[{"width":921,"height":719,"url":"https:\/\/www.geopolitics.fr\/wp-content\/uploads\/2026\/05\/meloni.jpg","type":"image\/jpeg"}],"author":"Ghizlaine Badri","twitter_card":"summary_large_image","twitter_creator":"@Geopolitics_Fr","twitter_site":"@Geopolitics_Fr","twitter_misc":{"Written by":"Ghizlaine Badri","Estimated reading time":"9 minutes"},"schema":{"@context":"https:\/\/schema.org","@graph":[{"@type":"Article","@id":"https:\/\/www.geopolitics.fr\/2026\/05\/20\/meloni-puissance-mediane-litalie-a-la-reconquete-de-sa-souverainete-strategique\/#article","isPartOf":{"@id":"https:\/\/www.geopolitics.fr\/2026\/05\/20\/meloni-puissance-mediane-litalie-a-la-reconquete-de-sa-souverainete-strategique\/"},"author":{"name":"Ghizlaine Badri","@id":"https:\/\/www.geopolitics.fr\/#\/schema\/person\/c36b165f511617c65a2bf8f8abd9af41"},"headline":"Meloni, puissance m\u00e9diane. L&rsquo;Italie \u00e0 la reconqu\u00eate de sa souverainet\u00e9 strat\u00e9gique","datePublished":"2026-05-20T15:00:00+00:00","dateModified":"2026-05-21T16:14:30+00:00","mainEntityOfPage":{"@id":"https:\/\/www.geopolitics.fr\/2026\/05\/20\/meloni-puissance-mediane-litalie-a-la-reconquete-de-sa-souverainete-strategique\/"},"wordCount":1933,"publisher":{"@id":"https:\/\/www.geopolitics.fr\/#organization"},"image":{"@id":"https:\/\/www.geopolitics.fr\/2026\/05\/20\/meloni-puissance-mediane-litalie-a-la-reconquete-de-sa-souverainete-strategique\/#primaryimage"},"thumbnailUrl":"https:\/\/www.geopolitics.fr\/wp-content\/uploads\/2026\/05\/meloni.jpg","keywords":["ITALIE","MELONI"],"articleSection":["Europe","International","Mis en AVANT"],"inLanguage":"en-GB"},{"@type":"WebPage","@id":"https:\/\/www.geopolitics.fr\/2026\/05\/20\/meloni-puissance-mediane-litalie-a-la-reconquete-de-sa-souverainete-strategique\/","url":"https:\/\/www.geopolitics.fr\/2026\/05\/20\/meloni-puissance-mediane-litalie-a-la-reconquete-de-sa-souverainete-strategique\/","name":"Meloni, puissance m\u00e9diane. L'Italie \u00e0 la reconqu\u00eate de sa souverainet\u00e9 strat\u00e9gique | Geopolitics.fr","isPartOf":{"@id":"https:\/\/www.geopolitics.fr\/#website"},"primaryImageOfPage":{"@id":"https:\/\/www.geopolitics.fr\/2026\/05\/20\/meloni-puissance-mediane-litalie-a-la-reconquete-de-sa-souverainete-strategique\/#primaryimage"},"image":{"@id":"https:\/\/www.geopolitics.fr\/2026\/05\/20\/meloni-puissance-mediane-litalie-a-la-reconquete-de-sa-souverainete-strategique\/#primaryimage"},"thumbnailUrl":"https:\/\/www.geopolitics.fr\/wp-content\/uploads\/2026\/05\/meloni.jpg","datePublished":"2026-05-20T15:00:00+00:00","dateModified":"2026-05-21T16:14:30+00:00","description":"La rupture de Meloni avec Trump provoque une s\u00e9quence inattendue : la presse italienne parle d'unit\u00e9 nationale retrouv\u00e9e.","breadcrumb":{"@id":"https:\/\/www.geopolitics.fr\/2026\/05\/20\/meloni-puissance-mediane-litalie-a-la-reconquete-de-sa-souverainete-strategique\/#breadcrumb"},"inLanguage":"en-GB","potentialAction":[{"@type":"ReadAction","target":["https:\/\/www.geopolitics.fr\/2026\/05\/20\/meloni-puissance-mediane-litalie-a-la-reconquete-de-sa-souverainete-strategique\/"]}]},{"@type":"ImageObject","inLanguage":"en-GB","@id":"https:\/\/www.geopolitics.fr\/2026\/05\/20\/meloni-puissance-mediane-litalie-a-la-reconquete-de-sa-souverainete-strategique\/#primaryimage","url":"https:\/\/www.geopolitics.fr\/wp-content\/uploads\/2026\/05\/meloni.jpg","contentUrl":"https:\/\/www.geopolitics.fr\/wp-content\/uploads\/2026\/05\/meloni.jpg","width":921,"height":719},{"@type":"BreadcrumbList","@id":"https:\/\/www.geopolitics.fr\/2026\/05\/20\/meloni-puissance-mediane-litalie-a-la-reconquete-de-sa-souverainete-strategique\/#breadcrumb","itemListElement":[{"@type":"ListItem","position":1,"name":"Accueil","item":"https:\/\/www.geopolitics.fr\/"},{"@type":"ListItem","position":2,"name":"Meloni, puissance m\u00e9diane. L&rsquo;Italie \u00e0 la reconqu\u00eate de sa souverainet\u00e9 strat\u00e9gique"}]},{"@type":"WebSite","@id":"https:\/\/www.geopolitics.fr\/#website","url":"https:\/\/www.geopolitics.fr\/","name":"Geopolitics.fr","description":"Geopolitics.fr Analyse politique, relations internationales, d\u00e9fense - ligne \u00e9ditoriale gaullo-chiraquienne","publisher":{"@id":"https:\/\/www.geopolitics.fr\/#organization"},"potentialAction":[{"@type":"SearchAction","target":{"@type":"EntryPoint","urlTemplate":"https:\/\/www.geopolitics.fr\/?s={search_term_string}"},"query-input":{"@type":"PropertyValueSpecification","valueRequired":true,"valueName":"search_term_string"}}],"inLanguage":"en-GB"},{"@type":"Organization","@id":"https:\/\/www.geopolitics.fr\/#organization","name":"Geopolitics.fr","url":"https:\/\/www.geopolitics.fr\/","logo":{"@type":"ImageObject","inLanguage":"en-GB","@id":"https:\/\/www.geopolitics.fr\/#\/schema\/logo\/image\/","url":"https:\/\/www.geopolitics.fr\/wp-content\/uploads\/2024\/01\/logo.jpg","contentUrl":"https:\/\/www.geopolitics.fr\/wp-content\/uploads\/2024\/01\/logo.jpg","width":500,"height":500,"caption":"Geopolitics.fr"},"image":{"@id":"https:\/\/www.geopolitics.fr\/#\/schema\/logo\/image\/"},"sameAs":["https:\/\/www.facebook.com\/people\/Erwan-Davoux\/61557098968092\/","https:\/\/x.com\/Geopolitics_Fr"]},{"@type":"Person","@id":"https:\/\/www.geopolitics.fr\/#\/schema\/person\/c36b165f511617c65a2bf8f8abd9af41","name":"Ghizlaine Badri","image":{"@type":"ImageObject","inLanguage":"en-GB","@id":"https:\/\/www.geopolitics.fr\/wp-content\/uploads\/2026\/04\/cropped-Ghizlaine-96x96.jpg","url":"https:\/\/www.geopolitics.fr\/wp-content\/uploads\/2026\/04\/cropped-Ghizlaine-96x96.jpg","contentUrl":"https:\/\/www.geopolitics.fr\/wp-content\/uploads\/2026\/04\/cropped-Ghizlaine-96x96.jpg","caption":"Ghizlaine Badri"},"description":"R\u00e9dactrice en chef de Geopolitics.fr, Ghizlaine Badri est une Journaliste politique forte de vingt-cing ans d'exp\u00e9rience professionnelle dont quinze ans dans la Presse. Elle a construit un parcours \u00e0 l'intersection des sc\u00e8nes fran\u00e7aise, europ\u00e9enne et internationale. Ghizlaine a collabor\u00e9 avec pr\u00e8s d'une vingtaine de m\u00e9dias, parmi lesquels Le Point, Le Figaro, Les \u00c9chos, L'Express et Forbes. Correspondante Maroc\u2013Maghreb pour Le Point et correspondante Afrique pour Forbes, elle s'est distingu\u00e9e par une couverture approfondie des dynamiques politiques et diplomatiques entre l'Europe et le continent africain. Elle est \u00e0 ce jour la seule journaliste marocaine en activit\u00e9 \u00e0 avoir collabor\u00e9 avec des titres majeurs de la presse fran\u00e7aise hors sph\u00e8re panafricaine en France. Au sein du quotidien \u00e9conomique L'\u00c9conomiste, 1er quotidien au Maroc, elle a fond\u00e9 la rubrique France\u2013Maroc, contribuant \u00e0 structurer un espace \u00e9ditorial in\u00e9dit. Titulaire de trois masters obtenus en France, elle a travaill\u00e9 dans les domaines de la communication institutionnelle notamment \u00e0 la Mairie de Bordeaux aupr\u00e8s d'Alain Jupp\u00e9 et a \u00e9galement exerc\u00e9 des fonctions de direction en communication marketing, notamment aupr\u00e8s de l'Ambassade de France au Maroc. Polyglotte, elle est franco-italo-marocaine, n\u00e9e \u00e0 Casablanca, a v\u00e9cu \u00e0 New-York et maitrise cinq langues le fran\u00e7ais, l'arabe, l'anglais, l'italien et l'espagnol.","url":"https:\/\/www.geopolitics.fr\/en\/author\/ghizlaine-badri\/"}]}},"_links":{"self":[{"href":"https:\/\/www.geopolitics.fr\/en\/wp-json\/wp\/v2\/posts\/4373","targetHints":{"allow":["GET"]}}],"collection":[{"href":"https:\/\/www.geopolitics.fr\/en\/wp-json\/wp\/v2\/posts"}],"about":[{"href":"https:\/\/www.geopolitics.fr\/en\/wp-json\/wp\/v2\/types\/post"}],"author":[{"embeddable":true,"href":"https:\/\/www.geopolitics.fr\/en\/wp-json\/wp\/v2\/users\/31730"}],"replies":[{"embeddable":true,"href":"https:\/\/www.geopolitics.fr\/en\/wp-json\/wp\/v2\/comments?post=4373"}],"version-history":[{"count":1,"href":"https:\/\/www.geopolitics.fr\/en\/wp-json\/wp\/v2\/posts\/4373\/revisions"}],"predecessor-version":[{"id":4404,"href":"https:\/\/www.geopolitics.fr\/en\/wp-json\/wp\/v2\/posts\/4373\/revisions\/4404"}],"wp:featuredmedia":[{"embeddable":true,"href":"https:\/\/www.geopolitics.fr\/en\/wp-json\/wp\/v2\/media\/4403"}],"wp:attachment":[{"href":"https:\/\/www.geopolitics.fr\/en\/wp-json\/wp\/v2\/media?parent=4373"}],"wp:term":[{"taxonomy":"category","embeddable":true,"href":"https:\/\/www.geopolitics.fr\/en\/wp-json\/wp\/v2\/categories?post=4373"},{"taxonomy":"post_tag","embeddable":true,"href":"https:\/\/www.geopolitics.fr\/en\/wp-json\/wp\/v2\/tags?post=4373"}],"curies":[{"name":"wp","href":"https:\/\/api.w.org\/{rel}","templated":true}]}}