{"id":4367,"date":"2026-05-20T08:27:05","date_gmt":"2026-05-20T06:27:05","guid":{"rendered":"https:\/\/www.geopolitics.fr\/?p=4367"},"modified":"2026-05-20T13:12:19","modified_gmt":"2026-05-20T11:12:19","slug":"apres-liran-cuba-la-prochaine-cible-de-donald-trump","status":"publish","type":"post","link":"https:\/\/www.geopolitics.fr\/en\/2026\/05\/20\/apres-liran-cuba-la-prochaine-cible-de-donald-trump\/","title":{"rendered":"Apr\u00e8s l\u2019Iran, Cuba : la prochaine cible de Donald Trump ?"},"content":{"rendered":"<h2 class=\"wp-block-heading has-medium-font-size\" id=\"h-cuba-au-coeur-de-la-projection-des-etats-unis\">Cuba au c\u0153ur de la projection des \u00c9tats-Unis<\/h2>\n\n\n\n<p class=\"has-medium-font-size wp-block-paragraph\">La relation entre Washington et La Havane s\u2019inscrit dans une trajectoire ouverte depuis 1962, structur\u00e9e par l\u2019embargo am\u00e9ricain. Au fil des d\u00e9cennies, ce \u00ab blocus \u00bb a connu des phases de durcissementcomme des p\u00e9riodes de relatif desserrement. Sous la pr\u00e9sidence de Barack Obama, Washington et La Havane avaient m\u00eame amorc\u00e9 un processus in\u00e9dit de normalisation diplomatique .En effet , le 11 avril 2015, Ra\u00fal Castro rencontre Barack Obama, tandis que le pr\u00e9sident am\u00e9ricain effectue une visite historique \u00e0 Cuba, une premi\u00e8re depuis 1928. Mais ces tentatives de rapprochement n\u2019ont jamais r\u00e9ellement interrompu la logique de confrontation qui structure les relations entre les deux pays depuis la guerre froide.<\/p>\n\n\n\n<p class=\"has-medium-font-size wp-block-paragraph\">Aujourd\u2019hui, l\u2019\u00eele traverse une crise d\u2019une ampleur in\u00e9dite depuis la r\u00e9volution cubaine de 1959 men\u00e9e par Fidel Castro, Ra\u00fal Castro et Ernesto \u00ab Che \u00bb Guevara. Le retour de Donald Trump \u00e0 la Maison-Blanche s\u2019accompagne d\u2019un durcissement de la posture am\u00e9ricaine sur l\u2019espace latino-am\u00e9ricain, d\u00e9sormais replac\u00e9 au c\u0153ur des priorit\u00e9s strat\u00e9giques de Washington.<\/p>\n\n\n\n<p class=\"has-medium-font-size wp-block-paragraph\">N\u00e9 en 1946, Donald Trump appartient aussi \u00e0 une g\u00e9n\u00e9ration politique pour laquelle la question cubaine conserve une forte charge symbolique dans l\u2019imaginaire am\u00e9ricain. Depuis plus de six d\u00e9cennies, <strong>onze administrations<\/strong><strong> successives<\/strong> ont tent\u00e9, selon des modalit\u00e9s diff\u00e9rentes, d\u2019isoler, d\u2019infl\u00e9chir ou de transformer le r\u00e9gime cubain.<\/p>\n\n\n\n<p class=\"has-medium-font-size wp-block-paragraph\"><strong>Une place singuli\u00e8re dans la g\u00e9opolitique am\u00e9ricaine<\/strong><\/p>\n\n\n\n<p class=\"has-medium-font-size wp-block-paragraph\">Malgr\u00e9 son affaiblissement \u00e9conomique et l\u2019\u00e9rosion progressive de sa capacit\u00e9 d\u2019influence, Cuba conserve une place particuli\u00e8re dans la lecture g\u00e9opolitique am\u00e9ricaine. En raison de sa proximit\u00e9 imm\u00e9diate avec le territoire des \u00c9tats-Unis, de la r\u00e9volution de 1959, de sa position dans l\u2019h\u00e9misph\u00e8re occidental, mais aussi de sa place dans les \u00e9quilibres r\u00e9gionaux marqu\u00e9s par la rivalit\u00e9 avec la Chine et la Russie, l\u2019\u00eele est un point de fixation strat\u00e9gique.<\/p>\n\n\n\n<p class=\"has-medium-font-size wp-block-paragraph\">La question cubaine d\u00e9passe donc le seul cadre bilat\u00e9ral. Elle engage plusieurs facteurs&nbsp;: la gestion du voisinage strat\u00e9gique am\u00e9ricain, les recompositions g\u00e9opolitiques en Am\u00e9rique latine, ainsi que les rivalit\u00e9s d\u2019influence avec la Chine et la Russie. Dans ce contexte de tensions croissantes, une interrogation s\u2019impose donc : jusqu\u2019o\u00f9 Washington est-il pr\u00eat \u00e0 pousser la pression contre La Havane ?<\/p>\n\n\n\n<h2 class=\"wp-block-heading\" id=\"h-une-ile-deja-fragilisee-par-plus-de-soixante-ans-d-embargo\">Une \u00eele d\u00e9j\u00e0 fragilis\u00e9e par plus de soixante ans d\u2019embargo<\/h2>\n\n\n\n<p class=\"has-medium-font-size wp-block-paragraph\"><strong>Depuis le 3 f\u00e9vrier 1962, Cuba vit sous embargo am\u00e9ricain<\/strong><\/p>\n\n\n\n<p class=\"has-medium-font-size wp-block-paragraph\">Pens\u00e9 \u00e0 l\u2019origine comme un instrument de pression commerciale, ce dispositif s\u2019est progressivement transform\u00e9 en un syst\u00e8me beaucoup plus vaste de contraintes \u00e9conomiques, financi\u00e8res et diplomatiques, dont les effets d\u00e9passent depuis longtemps le seul cadre des relations bilat\u00e9rales.<\/p>\n\n\n\n<p class=\"has-medium-font-size wp-block-paragraph\">L\u2019isolement de l\u2019\u00eele ne produit d\u2019ailleurs pas uniquement un effet de fermeture ext\u00e9rieure. Il a \u00e9galement contribu\u00e9, au fil des d\u00e9cennies, \u00e0 remodeler les d\u00e9pendances \u00e9conomiques du pays, dans lesquelles l\u2019\u00e9nergie occupe une place centrale, \u00e0 la fois comme facteur de vuln\u00e9rabilit\u00e9 et comme vecteur d\u2019ajustement politique et \u00e9conomique.<\/p>\n\n\n\n<p class=\"has-medium-font-size wp-block-paragraph\"><strong>Sous la pr\u00e9sidence de Donald Trump, cette politique change d\u2019\u00e9chelle<\/strong>&nbsp;: <strong>l\u2019embargo est durci<\/strong><\/p>\n\n\n\n<p class=\"has-medium-font-size wp-block-paragraph\">Au cours de son premier mandat, l\u2019administration am\u00e9ricaine ajoute <strong>243 mesures \u00e9conomiques et financi\u00e8res <\/strong>\u00e0 l\u2019encontre de La Havane&nbsp;; il inscrit ainsi la relation avec Cuba dans une logique de pression continue, plus offensive, plus diffuse aussi, o\u00f9 les m\u00e9canismes de sanction cessent progressivement d\u2019\u00eatre de simples instruments de coercition bilat\u00e9rale pour devenir un dispositif de contrainte capable d\u2019atteindre, par extension, l\u2019environnement financier et commercial international de l\u2019\u00eele.<\/p>\n\n\n\n<p class=\"has-medium-font-size wp-block-paragraph\">En mai 2019, l\u2019activation du titre III de la loi Helms-Burton introduit une dimension extraterritoriale particuli\u00e8rement sensible. Le dispositif ouvre la possibilit\u00e9 de poursuites devant les juridictions am\u00e9ricaines contre des entreprises \u00e9trang\u00e8res impliqu\u00e9es dans l\u2019exploitation de biens nationalis\u00e9s apr\u00e8s la r\u00e9volution cubaine. La contrainte change alors d\u2019\u00e9chelle : elle ne s\u2019exerce plus seulement \u00e0 partir de l\u2019\u00c9tat am\u00e9ricain, mais s\u2019\u00e9tend d\u00e9sormais aux cha\u00eenes transnationales d\u2019investissement et aux circuits financiers internationaux.<\/p>\n\n\n\n<p class=\"has-medium-font-size wp-block-paragraph\"><strong>En 2021, la r\u00e9inscription de Cuba sur la liste des \u00c9tats qui soutiennent le terrorisme ajoute un niveau suppl\u00e9mentaire de pression<\/strong><\/p>\n\n\n\n<p class=\"has-medium-font-size wp-block-paragraph\">Le pays est d\u00e9j\u00e0 fragilis\u00e9 par l\u2019effondrement du tourisme li\u00e9 \u00e0 la pand\u00e9mie de Covid-19, la persistance de tensions inflationnistes, les p\u00e9nuries \u00e9nerg\u00e9tiques et la r\u00e9duction des capacit\u00e9s d\u2019importation.<\/p>\n\n\n\n<p class=\"has-medium-font-size wp-block-paragraph\">En effet, ces derni\u00e8res ann\u00e9es ont \u00e9t\u00e9 marqu\u00e9es par une forme de lib\u00e9ralisation partielle de l\u2019\u00e9conomie cubaine, appuy\u00e9e notamment sur le secteur touristique. Avant la pand\u00e9mie de Covid-19, il avait atteint des niveaux jamais \u00e9gal\u00e9s, laissant entrevoir une lueur d\u2019espoir pour une partie des Cubains gr\u00e2ce \u00e0 l\u2019injection de devises dans l\u2019\u00e9conomie locale. L\u2019effondrement du secteur durant la p\u00e9riode post-Covid marque ensuite une rupture nette, aggrav\u00e9e par les mesures d\u2019\u00ab \u00e9tranglement \u00bb \u00e9conomique prises sous le second mandat de Donald Trump.<\/p>\n\n\n\n<p class=\"has-medium-font-size wp-block-paragraph\">\u00c0 cela s\u2019ajoutent une r\u00e9duction drastique des transferts d\u2019argent de la diaspora, un recul des investissements \u00e9trangers, ainsi que l\u2019aggravation de la crise v\u00e9n\u00e9zu\u00e9lienne, alors m\u00eame que Caracas assurait encore une part essentielle des besoins \u00e9nerg\u00e9tiques de l\u2019\u00eele.<\/p>\n\n\n\n<h2 class=\"wp-block-heading\" id=\"h-entre-rupture-regionale-et-recomposition-des-equilibres-energetiques\">Entre rupture r\u00e9gionale et recomposition des \u00e9quilibres \u00e9nerg\u00e9tiques<\/h2>\n\n\n\n<p class=\"has-medium-font-size wp-block-paragraph\"><strong>Le second mandat de Donald Trump s\u2019ouvre sur une s\u00e9quence qui replace l\u2019Am\u00e9rique latine au premier plan de la sc\u00e8ne internationale<\/strong><\/p>\n\n\n\n<p class=\"has-medium-font-size wp-block-paragraph\">Les trajectoires cubaine et v\u00e9n\u00e9zu\u00e9lienne apparaissent comme \u00e9troitement imbriqu\u00e9es, construites sur une m\u00eame logique de pression progressive, o\u00f9 sanctions, ruptures diplomatiques et instruments \u00e9conomiques s\u2019accumulent depuis plusieurs d\u00e9cennies.<\/p>\n\n\n\n<p class=\"has-medium-font-size wp-block-paragraph\">Cette relation s\u2019inscrit dans le cadre de l\u2019ALBA-TCP (<em>Alianza Bolivariana para los Pueblos de Nuestra Am\u00e9rica -Tratado de Comercio de los Pueblos<\/em>), qui regroupe entre autres Cuba, le Venezuela, le Nicaragua et la Bolivie, aujourd\u2019hui affaibli et r\u00e9v\u00e9lateur du recul des relais r\u00e9gionaux de La Havane. Elle repose sur des convergences id\u00e9ologiques et des m\u00e9canismes de solidarit\u00e9 \u00e9conomique articul\u00e9s autour des dispositifs de coop\u00e9ration avec Caracas.Elle est, en partie, pens\u00e9e comme contrepoids aux instruments d\u2019influence am\u00e9ricains dans l\u2019h\u00e9misph\u00e8re occidental. Dans cette architecture Cuba occupe une position de d\u00e9pendance asym\u00e9trique croissante. L\u2019ensemble conserve une fonction de compensation r\u00e9gionale en l\u2019absence d\u2019alternative \u00e9quivalente. La d\u00e9pendance de La Havane vis -\u00e0 -vis de Caracas est renforc\u00e9e. Le pays devient donc de plus en plus sensible aux effets internes de toute d\u00e9gradation, notamment sur les fonctions \u00e9nerg\u00e9tiques essentielles de l\u2019\u00c9tat : production \u00e9lectrique, transport, logistique hospitali\u00e8re et approvisionnement alimentaire.<\/p>\n\n\n\n<p class=\"has-medium-font-size wp-block-paragraph\"><strong>Le cas V\u00e9n\u00e9zu\u00e9lien<\/strong><\/p>\n\n\n\n<p class=\"has-medium-font-size wp-block-paragraph\">\u00c0 partir de 2019, la crise v\u00e9n\u00e9zu\u00e9lienne s\u2019inscrit dans un encha\u00eenement de mesures qui red\u00e9finissent les rapports de force entre Caracas et Washington. L\u2019embargo p\u00e9trolier, la non-reconnaissance du pouvoir en place et l\u2019\u00e9pisode Juan Guaid\u00f3 (2019-2023) installent une logique de dualit\u00e9 politique.S\u2019y ajoutent des sanctions contre les autorit\u00e9s de Caracas et la mise \u00e0 prix de Nicol\u00e1s Maduro, port\u00e9e de 15 \u00e0 50 millions de dollars depuis 2020. La logique de coercition gagne alors en intensit\u00e9, sans rupture de continuit\u00e9, mais par accumulation successive de leviers de pression.<\/p>\n\n\n\n<p class=\"has-medium-font-size wp-block-paragraph\">Le contentieux s\u2019\u00e9largit ensuite \u00e0 des dimensions encore plus sensibles, avec les accusations de narcotrafic et une crise migratoire marqu\u00e9e par plus de huit millions de d\u00e9parts depuis 2014. Il se prolonge par des \u00e9pisodes de confrontation plus directe, notamment les accusations v\u00e9n\u00e9zu\u00e9liennes de tentative d\u2019incursion arm\u00e9e en 2020 et des op\u00e9rations clandestines attribu\u00e9es \u00e0 l\u2019administration Trump.<\/p>\n\n\n\n<p class=\"has-medium-font-size wp-block-paragraph\">L\u2019intervention am\u00e9ricaine au Venezuela, le 3 janvier 2026, ainsi que l\u2019enl\u00e8vement de Nicol\u00e1s Maduro est marqu\u00e9 par la mort de 32 ressortissants cubains. Ils sont majoritairement issus des Forces arm\u00e9es r\u00e9volutionnaires et de services de s\u00e9curit\u00e9 d\u00e9ploy\u00e9s dans des missions de coop\u00e9ration avec Caracas. Cela constitue <strong>une rupture imm\u00e9diate<\/strong>&nbsp;: la fois pour la stabilit\u00e9 du pouvoir v\u00e9n\u00e9zu\u00e9lien et pour l\u2019ensemble de l\u2019architecture politique r\u00e9gionale.<\/p>\n\n\n\n<p class=\"has-medium-font-size wp-block-paragraph\">En effet, au-del\u00e0 du cadre strictement local, cet \u00e9v\u00e9nement agit comme un point de tension sur certains principes structurants de l\u2019ordre international, en particulier la souverainet\u00e9 des \u00c9tats et l\u2019interdiction du recours unilat\u00e9ral \u00e0 la force. Leur port\u00e9e ne dispara\u00eet pas, mais elle se trouve fragilis\u00e9e par leur mise \u00e0 l\u2019\u00e9preuve r\u00e9p\u00e9t\u00e9e dans les pratiques contemporaines de puissance.<\/p>\n\n\n\n<p class=\"has-medium-font-size wp-block-paragraph\"><strong>Dans les heures qui suivent, l\u2019administration am\u00e9ricaine annonce un durcissement des pressions \u00e0 l\u2019encontre de plusieurs \u00c9tats identifi\u00e9s comme sensibles dans sa doctrine r\u00e9gionale<\/strong><\/p>\n\n\n\n<p class=\"has-medium-font-size wp-block-paragraph\">Sont explicitement mentionn\u00e9s : Cuba, la Colombie, l\u2019Iran, le Mexique et le Groenland (Danemark).<\/p>\n\n\n\n<p class=\"has-medium-font-size wp-block-paragraph\">Cette extension s\u2019inscrit dans un mouvement plus large de projection de puissance, d\u00e9j\u00e0 perceptible dans la frappe men\u00e9e au nord-ouest du Nigeria \u00e0 la fin de l\u2019ann\u00e9e 2025. Elle traduit une circulation plus diffuse des instruments militaires am\u00e9ricains, au-del\u00e0 du seul espace latino-am\u00e9ricain, vers des espaces p\u00e9riph\u00e9riques mais strat\u00e9giquement interconnect\u00e9s.<\/p>\n\n\n\n<p class=\"has-medium-font-size wp-block-paragraph\">Sur le plan \u00e9nerg\u00e9tique, la crise v\u00e9n\u00e9zu\u00e9lienne r\u00e9active une question ancienne mais des plus structurantes de l\u2019\u00e9conomie politique r\u00e9gionale : le contr\u00f4le des flux p\u00e9troliers et leur transformation en levier d\u2019influence. La recomposition en cours ne se limite pas \u00e0 des ajustements techniques des circuits d\u2019approvisionnement ; elle traduit une reconfiguration progressive des routes \u00e9nerg\u00e9tiques, d\u00e9sormais int\u00e9gr\u00e9es \u00e0 des logiques d\u2019orientation et de s\u00e9curisation des flux \u00e0 l\u2019\u00e9chelle r\u00e9gionale.<\/p>\n\n\n\n<p class=\"has-medium-font-size wp-block-paragraph\"><strong>C\u2019est dans cet ensemble que s\u2019inscrit la fragilit\u00e9 des \u00e9quilibres h\u00e9rit\u00e9s de la p\u00e9riode post-Ch\u00e1vez, structur\u00e9s autour de formes de coop\u00e9ration politique et \u00e9nerg\u00e9tique dont Cuba constituait l\u2019un des pivots<\/strong><\/p>\n\n\n\n<p class=\"has-medium-font-size wp-block-paragraph\">Depuis le d\u00e9but des ann\u00e9es 2000, Caracas assurait \u00e0 La Havane un approvisionnement p\u00e9trolier r\u00e9gulier, \u00e9valu\u00e9 selon les p\u00e9riodes \u00e0 environ 100 000 barils par jour.Ainsi \u00e9tait maintenue une d\u00e9pendance structurelle de l\u2019\u00eele \u00e0 des centrales thermiques aliment\u00e9es par les hydrocarbures. Ce flux, d\u00e9j\u00e0 fragilis\u00e9, tend \u00e0 s\u2019interrompre apr\u00e8s 2026. Washington exige d\u00e9sormais l\u2019arr\u00eat des livraisons vers La Havane.<\/p>\n\n\n\n<p class=\"has-medium-font-size wp-block-paragraph\">Trump va encore plus loin.Le 7 mars 2026, il affirme : \u00ab Cuba vit ses derni\u00e8res heures dans son \u00e9tat actuel \u00bb. Le 16 mars 2026, il d\u00e9clare \u00e9galement vouloir \u00ab prendre Cuba \u00bb et ajoute : \u00abje peux en faire tout ce que je veux \u00bb. Cette ligne dure trouve par ailleurs un relais interne avec Marco Rubio, secr\u00e9taire d\u2019\u00c9tat, partisan d\u2019une rupture compl\u00e8te avec La Havane.<\/p>\n\n\n\n<h2 class=\"wp-block-heading has-medium-font-size\" id=\"h-resilience-controle-et-stabilisation-un-systeme-cubain-sous-contrainte\">R\u00e9silience, contr\u00f4le et stabilisation : un syst\u00e8me cubain sous contrainte<\/h2>\n\n\n\n<p class=\"has-medium-font-size wp-block-paragraph\">La stabilit\u00e9 du r\u00e9gime repose sur un ensemble de piliers anciens r\u00e9activ\u00e9s et consolid\u00e9s par la crise actuelle ainsi que par l\u2019isolement \u00e9conomique et diplomatique de Cuba.<\/p>\n\n\n\n<p class=\"has-medium-font-size wp-block-paragraph\"><strong>L\u2019\u00e9conomie informelle occupe aujourd\u2019hui une place centrale<\/strong><\/p>\n\n\n\n<p class=\"has-medium-font-size wp-block-paragraph\">La \u00ab d\u00e9brouille \u00bb quotidienne, la recomposition des solidarit\u00e9s locales et les ajustements de la vie ordinaire structurent les conditions de survie d\u2019une large partie de la population cubaine. Face \u00e0 la raret\u00e9 de certains produits et de certaines denr\u00e9es, la soci\u00e9t\u00e9 cubaine adapte ses pratiques, r\u00e9organise ses \u00e9changes et maintient, tant bien que mal, un \u00e9quilibre interne sous contrainte. Dans plusieurs espaces urbains comme ruraux, r\u00e9apparaissent ainsi des formes anciennes de locomotion (charrettes, chevaux) qui traduisent moins un retour au pass\u00e9 qu\u2019une adaptation impos\u00e9e par la rar\u00e9faction de l\u2019\u00e9nergie et la d\u00e9gradation des infrastructures.<\/p>\n\n\n\n<h2 class=\"wp-block-heading\" id=\"h-le-systeme-de-controle-social-conserve-egalement-une-reelle-efficacite\"><strong>Le syst\u00e8me de contr\u00f4le social conserve \u00e9galement une r\u00e9elle efficacit\u00e9<\/strong><\/h2>\n\n\n\n<p class=\"has-medium-font-size wp-block-paragraph\">Il repose sur l\u2019articulation entre un appareil s\u00e9curitaire centralis\u00e9 et des dispositifs locaux de surveillance, ins\u00e9r\u00e9s dans le tissu quotidien. Les <em>Comit\u00e9s de defensa de la Revoluci\u00f3n<\/em>, int\u00e9gr\u00e9s aux logiques de <em>vigilancia<\/em> (surveillance de proximit\u00e9), prolongent ce contr\u00f4le dans les relations de voisinage et les espaces de vie ordinaires. Malgr\u00e9 l\u2019\u00e9rosion progressive des ressources \u00e9conomiques, le r\u00e9gime maintient ainsi une capacit\u00e9 d\u2019encadrement social encore op\u00e9rationnelle.<\/p>\n\n\n\n<h2 class=\"wp-block-heading\" id=\"h-a-cette-architecture-interne-s-ajoute-un-troisieme-pilier-decisif-la-diaspora\"><strong>\u00c0 cette architecture interne s\u2019ajoute un troisi\u00e8me pilier d\u00e9cisif : la diaspora<\/strong><\/h2>\n\n\n\n<p class=\"has-medium-font-size wp-block-paragraph\">Elle occupe une position ambivalente, entre ressource \u00e9conomique et espace de tension politique. Les transferts financiers constituent un flux central vers l\u2019\u00eele, principalement aliment\u00e9 par la communaut\u00e9 cubaine install\u00e9e aux \u00c9tats-Unis, concentr\u00e9e en Floride et forte de plus de 1,3 million de personnes. Ces transferts, estim\u00e9s entre 2 et 3 milliards de dollars par an, repr\u00e9sentent l\u2019un des principaux flux ext\u00e9rieurs du pays, apr\u00e8s le tourisme.<\/p>\n\n\n\n<p class=\"has-medium-font-size wp-block-paragraph\">Ces ressources empruntent des circuits multiples, bancaires et familiaux, mais aussi des canaux para-bancaires. Elles assurent un r\u00f4le imm\u00e9diat de stabilisation : acc\u00e8s aux biens essentiels, alimentation, m\u00e9dicaments, micro-activit\u00e9s priv\u00e9es et r\u00e9parations de logements. Cette fonction reste toutefois assez ambivalente. Une partie des flux transite par des circuits encadr\u00e9s par des structures \u00e9tatiques, notamment les magasins en devises et des r\u00e9seaux li\u00e9s \u00e0 des entreprises publiques ou para-publiques. Dans un environnement o\u00f9 une part significative du commerce en devises passe par des groupes publics, dont GAESA, une fraction de ces transferts peut revenir indirectement vers les circuits institutionnels.<\/p>\n\n\n\n<p class=\"has-medium-font-size wp-block-paragraph\">Le syst\u00e8me de stabilisation interne s\u2019appuie enfin sur une architecture d\u00e9fensive h\u00e9rit\u00e9e de la guerre froide. Le dispositif repose encore sur des capacit\u00e9s anti-a\u00e9riennes de type SA-3 Pechora, int\u00e9gr\u00e9es \u00e0 la d\u00e9fense territoriale, ainsi que sur un mod\u00e8le de conscription obligatoire d\u2019environ deux ans. L\u2019ensemble rel\u00e8ve moins d\u2019une logique de projection ext\u00e9rieure que d\u2019une organisation tourn\u00e9e vers la protection du territoire et la continuit\u00e9 de l\u2019\u00c9tat. <strong>En situation de tension, ce dispositif peut \u00eatre renforc\u00e9 par des m\u00e9canismes de mobilisation interne.<\/strong><\/p>\n\n\n\n<h2 class=\"wp-block-heading\" id=\"h-contraintes-de-la-projection-americaine\">Contraintes de la projection am\u00e9ricaine<\/h2>\n\n\n\n<p class=\"has-medium-font-size wp-block-paragraph\"><strong>Cuba conserve une fonction strat\u00e9gique particuli\u00e8re dans l\u2019environnement imm\u00e9diat des \u00c9tats-Unis<\/strong><\/p>\n\n\n\n<p class=\"has-medium-font-size wp-block-paragraph\">Sa proximit\u00e9 g\u00e9ographique avec le territoire am\u00e9ricain (\u00e0 environ 150 kilom\u00e8tres des c\u00f4tes de la Floride) continue de lui conf\u00e9rer une valeur dans les \u00e9quilibres de s\u00e9curit\u00e9 r\u00e9gionaux, malgr\u00e9 l\u2019affaiblissement \u00e9conomique de l\u2019\u00eele et la r\u00e9duction progressive de ses capacit\u00e9s d\u2019influence.<\/p>\n\n\n\n<p class=\"has-medium-font-size wp-block-paragraph\">La question cubaine d\u00e9passe toutefois le seul cadre bilat\u00e9ral&nbsp;: elle se prolonge dans une architecture r\u00e9gionale bien plus vaste, structur\u00e9e autour des routes maritimes carib\u00e9ennes, du golfe du Mexique et des fa\u00e7ades du sud-est am\u00e9ricain. Dans cet espace, Washington cherche \u00e0 pr\u00e9server une continuit\u00e9 logistique, \u00e9nerg\u00e9tique et s\u00e9curitaire dans son environnement imm\u00e9diat, ce qui rend toute intervention directe porteuse d\u2019un risque de dispersion strat\u00e9gique, dans un contexte international d\u00e9j\u00e0 marqu\u00e9 par la coexistence de plusieurs foyers de tension.<\/p>\n\n\n\n<h2 class=\"wp-block-heading\" id=\"h-sur-le-plan-regional-une-escalade-renforcerait-les-accusations-d-ingerence-et-pourrait-accelerer-un-repositionnement-de-certains-etats-latino-americains-vers-la-chine\"><strong>Sur le plan r\u00e9gional, une escalade renforcerait les accusations d\u2019ing\u00e9rence et pourrait acc\u00e9l\u00e9rer un repositionnement de certains \u00c9tats latino-am\u00e9ricains vers la Chine<\/strong><\/h2>\n\n\n\n<p class=\"has-medium-font-size wp-block-paragraph\">La Chine est per\u00e7ue comme un acteur moins interventionniste, plus \u00ab pacifiste \u00bb et politiquement plus \u00ab neutre \u00bb. Une telle dynamique s\u2019inscrit elle-m\u00eame dans des recompositions plus larges d\u00e9j\u00e0 visibles dans plusieurs espaces du continent, au moment o\u00f9 les \u00c9tats-Unis tentent de r\u00e9affirmer leur influence dans l\u2019h\u00e9misph\u00e8re occidental, o\u00f9 cette question de l\u2019ing\u00e9rence est \u00e9galement r\u00e9activ\u00e9e dans le d\u00e9bat occidental \u00e0 travers les engagements militaires r\u00e9cents au Moyen-Orient aux c\u00f4t\u00e9s d\u2019Isra\u00ebl.<\/p>\n\n\n\n<p class=\"has-medium-font-size wp-block-paragraph\"><strong>Sur le plan interne, la question cubaine est \u00e9troitement li\u00e9e aux \u00e9quilibres de la vie politique am\u00e9ricaine<\/strong><\/p>\n\n\n\n<p class=\"has-medium-font-size wp-block-paragraph\">En Floride, o\u00f9 vit une importante communaut\u00e9 d\u2019origine cubaine, elle conserve une forte charge \u00e9lectorale et symbolique, h\u00e9rit\u00e9e \u00e0 la fois de l\u2019exil et d\u2019une m\u00e9moire encore vive de la rupture avec La Havane. Depuis plusieurs d\u00e9cennies, cette partie&nbsp; de l\u2019\u00e9lectorat p\u00e8se sur certains arbitrages politiques, en particulier au sein du Parti r\u00e9publicain, et contribue \u00e0 maintenir Cuba dans une zone de sensibilit\u00e9 particuli\u00e8re du d\u00e9bat politique am\u00e9ricain. Cette continuit\u00e9 trouve aujourd\u2019hui un prolongement institutionnel direct au sein m\u00eame de l\u2019ex\u00e9cutif, avec la pr\u00e9sence de Marco Rubio, secr\u00e9taire d\u2019\u00c9tat d\u2019origine cubaine et partisan assum\u00e9 d\u2019une ligne particuli\u00e8rement ferme \u00e0 l\u2019\u00e9gard de La Havane, figure qui incarne \u00e0 la fois la persistance et la r\u00e9activation de cette variable cubaine dans les \u00e9quilibres de Washington.<\/p>\n\n\n\n<p class=\"has-medium-font-size wp-block-paragraph\"><strong>\u00c0 cette dimension \u00e9lectorale s\u2019ajoute une dimension plus personnelle et symbolique dans la lecture politique de Donald Trump<\/strong><\/p>\n\n\n\n<p class=\"has-medium-font-size wp-block-paragraph\">La question cubaine s\u2019inscrit dans une logique de d\u00e9monstration de puissance vis-\u00e0-vis de l\u2019Am\u00e9rique latine, o\u00f9 les consid\u00e9rations strat\u00e9giques et politiques int\u00e9rieures se confondent largement .Elle r\u00e9pond \u00e9galement \u00e0 une logique de r\u00e9sultats visibles, dans laquelle l\u2019action ext\u00e9rieure fonctionne comme instrument de l\u00e9gitimation politique.<\/p>\n\n\n\n<p class=\"has-medium-font-size wp-block-paragraph\">Enfin, toute escalade prolong\u00e9e comporte un risque d\u2019\u00e9rosion progressive de la cr\u00e9dibilit\u00e9 strat\u00e9gique am\u00e9ricaine, dans un contexte o\u00f9 Washington se trouve d\u00e9j\u00e0 engag\u00e9 sur plusieurs th\u00e9\u00e2tres de conflictualit\u00e9 ouverts ou militaris\u00e9s.Dans ce contexte, l\u2019ouverture d\u2019une nouvelle s\u00e9quence de tension dans l\u2019espace carib\u00e9en viendrait alourdir un dispositif d\u00e9j\u00e0 fortement sollicit\u00e9.Elle accentuerait la dispersion des moyens politiques, militaires et diplomatiques de la projection am\u00e9ricaine.<\/p>\n\n\n\n<p class=\"has-medium-font-size wp-block-paragraph\"><strong>Au regard de l\u2019ensemble de ces \u00e9l\u00e9ments, trois principaux sc\u00e9narios se dessinent :<\/strong><\/p>\n\n\n\n<p class=\"has-medium-font-size wp-block-paragraph\"><strong>1. Une transformation graduelle sous pression \u00e9conomique<\/strong><\/p>\n\n\n\n<p class=\"has-medium-font-size wp-block-paragraph\">Le sc\u00e9nario le plus probable repose sur la poursuite de la pression \u00e9conomique. L\u2019objectif ne porte pas sur un effondrement du r\u00e9gime, mais sur une inflexion progressive du comportement de l\u2019\u00c9tat cubain. Washington cherche \u00e0 encadrer une lib\u00e9ralisation partielle d\u2019une \u00e9conomie parmi les plus \u00e9tatis\u00e9es au monde, par une combinaison d\u2019ouvertures cibl\u00e9es et de contraintes maintenues, sans remise en cause du verrou politico-militaire interne.<\/p>\n\n\n\n<p class=\"has-medium-font-size wp-block-paragraph\">Cette dynamique s\u2019accompagne d\u2019une r\u00e9activation contr\u00f4l\u00e9e des flux li\u00e9s \u00e0 la diaspora cubaine, principalement install\u00e9e en Floride. Une partie de cette diaspora reste structur\u00e9e par des logiques politiques anciennes, entre rejet du mod\u00e8le r\u00e9volutionnaire et revendications li\u00e9es aux biens expropri\u00e9s.<\/p>\n\n\n\n<p class=\"has-medium-font-size wp-block-paragraph\">L\u2019ouverture sectorielle est d\u00e9j\u00e0 engag\u00e9e&nbsp;: elle touche le champ \u00e9nerg\u00e9tique, avec l\u2019autorisation et la mont\u00e9e en puissance d\u2019importations de carburants par des entreprises priv\u00e9es cubaines, y compris depuis des fournisseurs am\u00e9ricains. Ce mouvement contourne de mani\u00e8re&nbsp; partielle le monopole \u00e9tatique sans le supprimer pour autant. Il introduit une forme \u00ab&nbsp;d\u2019hybridation progressive&nbsp;\u00bb de l\u2019\u00e9conomie, dans laquelle le contr\u00f4le politique central demeure, tandis que les circuits \u00e9conomiques se fragmentent et se recomposent sous contrainte.<\/p>\n\n\n\n<p class=\"has-medium-font-size wp-block-paragraph\"><strong>2. Une fracture interne et une transition indirecte<\/strong><\/p>\n\n\n\n<p class=\"has-medium-font-size wp-block-paragraph\">Ce sc\u00e9nario d\u00e9pend de facteurs externes, notamment de l\u2019\u00e9volution de la situation au Moyen-Orient.<\/p>\n\n\n\n<p class=\"has-medium-font-size wp-block-paragraph\"><em>Si l\u2019op\u00e9ration en Iran est un succ\u00e8s, les \u00c9tats-Unis peuvent chercher \u00e0 stabiliser le dossier cubain plut\u00f4t qu\u2019\u00e0 l\u2019ouvrir davantage<\/em><\/p>\n\n\n\n<p class=\"has-medium-font-size wp-block-paragraph\">&nbsp;Dans un contexte de priorisation strat\u00e9gique. La pression resterait pr\u00e9sente, mais elle viserait surtout une forme de n\u00e9gociation indirecte avec les militaires au pouvoir, consid\u00e9r\u00e9s comme le centre r\u00e9el de d\u00e9cision du syst\u00e8me cubain. Une implication plus directe supposerait en effet des co\u00fbts humains, financiers et diplomatiques difficiles \u00e0 soutenir dans un contexte d\u00e9j\u00e0 marqu\u00e9 par la dispersion des priorit\u00e9s strat\u00e9giques am\u00e9ricaines et par le risque d\u2019une nouvelle instabilit\u00e9 migratoire dans l\u2019espace carib\u00e9en particuli\u00e8rement sensible pour la Floride.<\/p>\n\n\n\n<p class=\"has-medium-font-size wp-block-paragraph\"><em>\u00c0 l\u2019inverse, si l\u2019op\u00e9ration en Iran \u00e9choue ou s\u2019enlise, la dynamique peut basculer<\/em><\/p>\n\n\n\n<p class=\"has-medium-font-size wp-block-paragraph\">&nbsp;Dans la perspective des \u00e9lections de mi-mandat, Cuba devient alors un objectif politique et symbolique.Un troph\u00e9e de substitution dans une diplomatie marqu\u00e9e par la recherche de r\u00e9sultats visibles.<\/p>\n\n\n\n<p class=\"has-medium-font-size wp-block-paragraph\">L\u2019\u00eele incarne une r\u00e9sistance ancienne aux \u00c9tats-Unis depuis 1959, mais aussi une m\u00e9moire r\u00e9volutionnaire encore profond\u00e9ment ancr\u00e9e dans l\u2019imaginaire politique am\u00e9ricain. Dans ce contexte, Trump peut alors rechercher un r\u00e9sultat rapide et lisible, ce qui conduit \u00e0 un durcissement de la pression et \u00e0 une logique plus offensive sur les \u00e9quilibres internes du r\u00e9gime, sans intervention directe, mais par une mise sous tension progressive des \u00e9lites et des structures de pouvoir.<\/p>\n\n\n\n<p class=\"has-medium-font-size wp-block-paragraph\"><strong>3. Une crise syst\u00e9mique prolong\u00e9e<\/strong><\/p>\n\n\n\n<p class=\"has-medium-font-size wp-block-paragraph\">Le sc\u00e9nario le plus sombre correspond \u00e0 un isolement progressif de Cuba \u00e0 l\u2019\u00e9chelle r\u00e9gionale et internationale, avec la perte de plusieurs relais ext\u00e9rieurs qui soutenaient son \u00e9quilibre \u00e9conomique et \u00e9nerg\u00e9tique. Cela se manifeste notamment par la fin progressive de certains accords de coop\u00e9ration m\u00e9dicale, dont celui avec le Guatemala, partenaire de longue date de la \u00ab diplomatie de la sant\u00e9 \u00bb cubaine et source importante de devises pour l\u2019\u00e9conomie de l\u2019\u00eele.<\/p>\n\n\n\n<p class=\"has-medium-font-size wp-block-paragraph\">Cuba entrerait alors dans une phase de crise prolong\u00e9e, marqu\u00e9e par une aggravation \u00e9conomique, sociale, sanitaire, \u00e9nerg\u00e9tique et \u00e9cologique. Les p\u00e9nuries, l\u2019inflation et la d\u00e9sorganisation des services publics s\u2019intensifieraient.<\/p>\n\n\n\n<p class=\"has-medium-font-size wp-block-paragraph\">Les m\u00e9canismes de \u00ab&nbsp;d\u00e9brouille&nbsp;\u00bb, l\u2019\u00e9conomie informelle et les solidarit\u00e9s de proximit\u00e9 joueraient un r\u00f4le d\u2019amortisseur, sans modifier la trajectoire g\u00e9n\u00e9rale. La situation renvoie, par certains aspects, \u00e0 la s\u00e9quence des ann\u00e9es 1990, marqu\u00e9e par l\u2019isolement apr\u00e8s la disparition du soutien sovi\u00e9tique, une r\u00e9duction drastique des ressources ext\u00e9rieures et un rationnement organis\u00e9 autour de la <em>libreta de abastecimiento <\/em>(carte de rationnement), devenue un instrument&nbsp; de gestion de la p\u00e9nurie.<\/p>\n\n\n\n<p class=\"has-medium-font-size wp-block-paragraph\">Selon les estimations de l\u2019Observatoire cubain des droits de l\u2019homme, pr\u00e8s de 89 % de la population vivrait d\u00e9j\u00e0 sous le seuil de pauvret\u00e9, tandis que les d\u00e9parts migratoires s\u2019intensifieraient.<\/p>\n\n\n\n<p class=\"has-medium-font-size wp-block-paragraph\">Mais l\u2019histoire r\u00e9cente de Cuba rappelle aussi les limites des strat\u00e9gies d\u2019asphyxie \u00e9conomique. Le syst\u00e8me politique reste contr\u00f4l\u00e9 par un noyau militaire et s\u00e9curitaire central, ce qui limite les sc\u00e9narios de rupture rapide. La soci\u00e9t\u00e9 conserve des capacit\u00e9s de r\u00e9silience h\u00e9rit\u00e9es de d\u00e9cennies de contraintes.<\/p>\n\n\n\n<p class=\"has-medium-font-size wp-block-paragraph\">La question centrale demeure alors la suivante : jusqu\u2019\u00e0 quel point cette r\u00e9silience peut-elle tenir ?<\/p>","protected":false},"excerpt":{"rendered":"<p>Cuba au c\u0153ur de la projection des \u00c9tats-Unis La relation entre Washington et La Havane s\u2019inscrit dans une trajectoire ouverte depuis 1962,&hellip;<\/p>","protected":false},"author":31735,"featured_media":4368,"comment_status":"closed","ping_status":"closed","sticky":false,"template":"","format":"standard","meta":{"_lmt_disableupdate":"","_lmt_disable":"","footnotes":""},"categories":[614,5,4],"tags":[],"class_list":["post-4367","post","type-post","status-publish","format-standard","has-post-thumbnail","hentry","category-ameriques","category-international","category-mis-en-avant"],"yoast_head":"<!-- This site is optimized with the Yoast SEO Premium plugin v28.1 (Yoast SEO v28.1) - https:\/\/yoast.com\/product\/yoast-seo-premium-wordpress\/ -->\n<title>Apr\u00e8s l\u2019Iran, Cuba : la prochaine cible de Donald Trump ? | Geopolitics.fr<\/title>\n<meta name=\"description\" content=\"Donald Trump invente la \u00ab doctrine Donroe \u00bb. Une logique ancienne de projection, l\u2019Am\u00e9rique latine est pens\u00e9e comme une arri\u00e8re-cour\" \/>\n<meta name=\"robots\" content=\"index, follow, max-snippet:-1, max-image-preview:large, max-video-preview:-1\" \/>\n<link rel=\"canonical\" href=\"https:\/\/www.geopolitics.fr\/en\/2026\/05\/20\/apres-liran-cuba-la-prochaine-cible-de-donald-trump\/\" \/>\n<meta property=\"og:locale\" content=\"en_GB\" \/>\n<meta property=\"og:type\" content=\"article\" \/>\n<meta property=\"og:title\" content=\"Apr\u00e8s l\u2019Iran, Cuba : la prochaine cible de Donald Trump ?\" \/>\n<meta property=\"og:description\" content=\"Donald Trump invente la \u00ab doctrine Donroe \u00bb. Une logique ancienne de projection, l\u2019Am\u00e9rique latine est pens\u00e9e comme une arri\u00e8re-cour\" \/>\n<meta property=\"og:url\" content=\"https:\/\/www.geopolitics.fr\/en\/2026\/05\/20\/apres-liran-cuba-la-prochaine-cible-de-donald-trump\/\" \/>\n<meta property=\"og:site_name\" content=\"Geopolitics.fr\" \/>\n<meta property=\"article:publisher\" content=\"https:\/\/www.facebook.com\/people\/Erwan-Davoux\/61557098968092\/\" \/>\n<meta property=\"article:published_time\" content=\"2026-05-20T06:27:05+00:00\" \/>\n<meta property=\"article:modified_time\" content=\"2026-05-20T11:12:19+00:00\" \/>\n<meta property=\"og:image\" content=\"https:\/\/www.geopolitics.fr\/wp-content\/uploads\/2026\/05\/cuba.jpg\" \/>\n\t<meta property=\"og:image:width\" content=\"1920\" \/>\n\t<meta property=\"og:image:height\" content=\"1281\" \/>\n\t<meta property=\"og:image:type\" content=\"image\/jpeg\" \/>\n<meta name=\"author\" content=\"Sarah Hassani\" \/>\n<meta name=\"twitter:card\" content=\"summary_large_image\" \/>\n<meta name=\"twitter:creator\" content=\"@Geopolitics_Fr\" \/>\n<meta name=\"twitter:site\" content=\"@Geopolitics_Fr\" \/>\n<meta name=\"twitter:label1\" content=\"Written by\" \/>\n\t<meta name=\"twitter:data1\" content=\"Sarah Hassani\" \/>\n\t<meta name=\"twitter:label2\" content=\"Estimated reading time\" \/>\n\t<meta name=\"twitter:data2\" content=\"17 minutes\" \/>\n<script type=\"application\/ld+json\" class=\"yoast-schema-graph\">{\"@context\":\"https:\\\/\\\/schema.org\",\"@graph\":[{\"@type\":\"Article\",\"@id\":\"https:\\\/\\\/www.geopolitics.fr\\\/2026\\\/05\\\/20\\\/apres-liran-cuba-la-prochaine-cible-de-donald-trump\\\/#article\",\"isPartOf\":{\"@id\":\"https:\\\/\\\/www.geopolitics.fr\\\/2026\\\/05\\\/20\\\/apres-liran-cuba-la-prochaine-cible-de-donald-trump\\\/\"},\"author\":{\"name\":\"Sarah Hassani\",\"@id\":\"https:\\\/\\\/www.geopolitics.fr\\\/#\\\/schema\\\/person\\\/725e44f9c5734a61a58ae357704bf5bc\"},\"headline\":\"Apr\u00e8s l\u2019Iran, Cuba : la prochaine cible de Donald Trump ?\",\"datePublished\":\"2026-05-20T06:27:05+00:00\",\"dateModified\":\"2026-05-20T11:12:19+00:00\",\"mainEntityOfPage\":{\"@id\":\"https:\\\/\\\/www.geopolitics.fr\\\/2026\\\/05\\\/20\\\/apres-liran-cuba-la-prochaine-cible-de-donald-trump\\\/\"},\"wordCount\":3774,\"publisher\":{\"@id\":\"https:\\\/\\\/www.geopolitics.fr\\\/#organization\"},\"image\":{\"@id\":\"https:\\\/\\\/www.geopolitics.fr\\\/2026\\\/05\\\/20\\\/apres-liran-cuba-la-prochaine-cible-de-donald-trump\\\/#primaryimage\"},\"thumbnailUrl\":\"https:\\\/\\\/www.geopolitics.fr\\\/wp-content\\\/uploads\\\/2026\\\/05\\\/cuba.jpg\",\"articleSection\":[\"Am\u00e9riques\",\"International\",\"Mis en AVANT\"],\"inLanguage\":\"en-GB\"},{\"@type\":\"WebPage\",\"@id\":\"https:\\\/\\\/www.geopolitics.fr\\\/2026\\\/05\\\/20\\\/apres-liran-cuba-la-prochaine-cible-de-donald-trump\\\/\",\"url\":\"https:\\\/\\\/www.geopolitics.fr\\\/2026\\\/05\\\/20\\\/apres-liran-cuba-la-prochaine-cible-de-donald-trump\\\/\",\"name\":\"Apr\u00e8s l\u2019Iran, Cuba : la prochaine cible de Donald Trump ? | Geopolitics.fr\",\"isPartOf\":{\"@id\":\"https:\\\/\\\/www.geopolitics.fr\\\/#website\"},\"primaryImageOfPage\":{\"@id\":\"https:\\\/\\\/www.geopolitics.fr\\\/2026\\\/05\\\/20\\\/apres-liran-cuba-la-prochaine-cible-de-donald-trump\\\/#primaryimage\"},\"image\":{\"@id\":\"https:\\\/\\\/www.geopolitics.fr\\\/2026\\\/05\\\/20\\\/apres-liran-cuba-la-prochaine-cible-de-donald-trump\\\/#primaryimage\"},\"thumbnailUrl\":\"https:\\\/\\\/www.geopolitics.fr\\\/wp-content\\\/uploads\\\/2026\\\/05\\\/cuba.jpg\",\"datePublished\":\"2026-05-20T06:27:05+00:00\",\"dateModified\":\"2026-05-20T11:12:19+00:00\",\"description\":\"Donald Trump invente la \u00ab doctrine Donroe \u00bb. Une logique ancienne de projection, l\u2019Am\u00e9rique latine est pens\u00e9e comme une arri\u00e8re-cour\",\"breadcrumb\":{\"@id\":\"https:\\\/\\\/www.geopolitics.fr\\\/2026\\\/05\\\/20\\\/apres-liran-cuba-la-prochaine-cible-de-donald-trump\\\/#breadcrumb\"},\"inLanguage\":\"en-GB\",\"potentialAction\":[{\"@type\":\"ReadAction\",\"target\":[\"https:\\\/\\\/www.geopolitics.fr\\\/2026\\\/05\\\/20\\\/apres-liran-cuba-la-prochaine-cible-de-donald-trump\\\/\"]}]},{\"@type\":\"ImageObject\",\"inLanguage\":\"en-GB\",\"@id\":\"https:\\\/\\\/www.geopolitics.fr\\\/2026\\\/05\\\/20\\\/apres-liran-cuba-la-prochaine-cible-de-donald-trump\\\/#primaryimage\",\"url\":\"https:\\\/\\\/www.geopolitics.fr\\\/wp-content\\\/uploads\\\/2026\\\/05\\\/cuba.jpg\",\"contentUrl\":\"https:\\\/\\\/www.geopolitics.fr\\\/wp-content\\\/uploads\\\/2026\\\/05\\\/cuba.jpg\",\"width\":1920,\"height\":1281,\"caption\":\"Flag of Cuba painted on a concrete wall with soldier shadows\"},{\"@type\":\"BreadcrumbList\",\"@id\":\"https:\\\/\\\/www.geopolitics.fr\\\/2026\\\/05\\\/20\\\/apres-liran-cuba-la-prochaine-cible-de-donald-trump\\\/#breadcrumb\",\"itemListElement\":[{\"@type\":\"ListItem\",\"position\":1,\"name\":\"Accueil\",\"item\":\"https:\\\/\\\/www.geopolitics.fr\\\/\"},{\"@type\":\"ListItem\",\"position\":2,\"name\":\"Apr\u00e8s l\u2019Iran, Cuba : la prochaine cible de Donald Trump ?\"}]},{\"@type\":\"WebSite\",\"@id\":\"https:\\\/\\\/www.geopolitics.fr\\\/#website\",\"url\":\"https:\\\/\\\/www.geopolitics.fr\\\/\",\"name\":\"Geopolitics.fr\",\"description\":\"Geopolitics.fr Analyse politique, relations internationales, d\u00e9fense - ligne \u00e9ditoriale gaullo-chiraquienne\",\"publisher\":{\"@id\":\"https:\\\/\\\/www.geopolitics.fr\\\/#organization\"},\"potentialAction\":[{\"@type\":\"SearchAction\",\"target\":{\"@type\":\"EntryPoint\",\"urlTemplate\":\"https:\\\/\\\/www.geopolitics.fr\\\/?s={search_term_string}\"},\"query-input\":{\"@type\":\"PropertyValueSpecification\",\"valueRequired\":true,\"valueName\":\"search_term_string\"}}],\"inLanguage\":\"en-GB\"},{\"@type\":\"Organization\",\"@id\":\"https:\\\/\\\/www.geopolitics.fr\\\/#organization\",\"name\":\"Geopolitics.fr\",\"url\":\"https:\\\/\\\/www.geopolitics.fr\\\/\",\"logo\":{\"@type\":\"ImageObject\",\"inLanguage\":\"en-GB\",\"@id\":\"https:\\\/\\\/www.geopolitics.fr\\\/#\\\/schema\\\/logo\\\/image\\\/\",\"url\":\"https:\\\/\\\/www.geopolitics.fr\\\/wp-content\\\/uploads\\\/2024\\\/01\\\/logo.jpg\",\"contentUrl\":\"https:\\\/\\\/www.geopolitics.fr\\\/wp-content\\\/uploads\\\/2024\\\/01\\\/logo.jpg\",\"width\":500,\"height\":500,\"caption\":\"Geopolitics.fr\"},\"image\":{\"@id\":\"https:\\\/\\\/www.geopolitics.fr\\\/#\\\/schema\\\/logo\\\/image\\\/\"},\"sameAs\":[\"https:\\\/\\\/www.facebook.com\\\/people\\\/Erwan-Davoux\\\/61557098968092\\\/\",\"https:\\\/\\\/x.com\\\/Geopolitics_Fr\"]},{\"@type\":\"Person\",\"@id\":\"https:\\\/\\\/www.geopolitics.fr\\\/#\\\/schema\\\/person\\\/725e44f9c5734a61a58ae357704bf5bc\",\"name\":\"Sarah Hassani\",\"image\":{\"@type\":\"ImageObject\",\"inLanguage\":\"en-GB\",\"@id\":\"https:\\\/\\\/secure.gravatar.com\\\/avatar\\\/c05498580cabc5f17a9a7d8242d89232dbfb615c816ad0679f97f5afd1dd8551?s=96&d=mm&r=g\",\"url\":\"https:\\\/\\\/secure.gravatar.com\\\/avatar\\\/c05498580cabc5f17a9a7d8242d89232dbfb615c816ad0679f97f5afd1dd8551?s=96&d=mm&r=g\",\"contentUrl\":\"https:\\\/\\\/secure.gravatar.com\\\/avatar\\\/c05498580cabc5f17a9a7d8242d89232dbfb615c816ad0679f97f5afd1dd8551?s=96&d=mm&r=g\",\"caption\":\"Sarah Hassani\"},\"description\":\"Sarah Hassani est analyste en g\u00e9opolitique et en prospective, elle s'int\u00e9resse aux mutations des \u00e9quilibres internationaux, aux transformations de l'action publique et aux enjeux de gestion des crises. Ses travaux portent sur la gouvernance, la prospective strat\u00e9gique et la communication publique, avec une attention particuli\u00e8re port\u00e9e aux recompositions politiques et aux sc\u00e9narios internationaux.\",\"url\":\"https:\\\/\\\/www.geopolitics.fr\\\/en\\\/author\\\/s-hassani\\\/\"}]}<\/script>\n<!-- \/ Yoast SEO Premium plugin. -->","yoast_head_json":{"title":"Apr\u00e8s l\u2019Iran, Cuba : la prochaine cible de Donald Trump ? | Geopolitics.fr","description":"Donald Trump invente la \u00ab doctrine Donroe \u00bb. Une logique ancienne de projection, l\u2019Am\u00e9rique latine est pens\u00e9e comme une arri\u00e8re-cour","robots":{"index":"index","follow":"follow","max-snippet":"max-snippet:-1","max-image-preview":"max-image-preview:large","max-video-preview":"max-video-preview:-1"},"canonical":"https:\/\/www.geopolitics.fr\/en\/2026\/05\/20\/apres-liran-cuba-la-prochaine-cible-de-donald-trump\/","og_locale":"en_GB","og_type":"article","og_title":"Apr\u00e8s l\u2019Iran, Cuba : la prochaine cible de Donald Trump ?","og_description":"Donald Trump invente la \u00ab doctrine Donroe \u00bb. Une logique ancienne de projection, l\u2019Am\u00e9rique latine est pens\u00e9e comme une arri\u00e8re-cour","og_url":"https:\/\/www.geopolitics.fr\/en\/2026\/05\/20\/apres-liran-cuba-la-prochaine-cible-de-donald-trump\/","og_site_name":"Geopolitics.fr","article_publisher":"https:\/\/www.facebook.com\/people\/Erwan-Davoux\/61557098968092\/","article_published_time":"2026-05-20T06:27:05+00:00","article_modified_time":"2026-05-20T11:12:19+00:00","og_image":[{"width":1920,"height":1281,"url":"https:\/\/www.geopolitics.fr\/wp-content\/uploads\/2026\/05\/cuba.jpg","type":"image\/jpeg"}],"author":"Sarah Hassani","twitter_card":"summary_large_image","twitter_creator":"@Geopolitics_Fr","twitter_site":"@Geopolitics_Fr","twitter_misc":{"Written by":"Sarah Hassani","Estimated reading time":"17 minutes"},"schema":{"@context":"https:\/\/schema.org","@graph":[{"@type":"Article","@id":"https:\/\/www.geopolitics.fr\/2026\/05\/20\/apres-liran-cuba-la-prochaine-cible-de-donald-trump\/#article","isPartOf":{"@id":"https:\/\/www.geopolitics.fr\/2026\/05\/20\/apres-liran-cuba-la-prochaine-cible-de-donald-trump\/"},"author":{"name":"Sarah Hassani","@id":"https:\/\/www.geopolitics.fr\/#\/schema\/person\/725e44f9c5734a61a58ae357704bf5bc"},"headline":"Apr\u00e8s l\u2019Iran, Cuba : la prochaine cible de Donald Trump ?","datePublished":"2026-05-20T06:27:05+00:00","dateModified":"2026-05-20T11:12:19+00:00","mainEntityOfPage":{"@id":"https:\/\/www.geopolitics.fr\/2026\/05\/20\/apres-liran-cuba-la-prochaine-cible-de-donald-trump\/"},"wordCount":3774,"publisher":{"@id":"https:\/\/www.geopolitics.fr\/#organization"},"image":{"@id":"https:\/\/www.geopolitics.fr\/2026\/05\/20\/apres-liran-cuba-la-prochaine-cible-de-donald-trump\/#primaryimage"},"thumbnailUrl":"https:\/\/www.geopolitics.fr\/wp-content\/uploads\/2026\/05\/cuba.jpg","articleSection":["Am\u00e9riques","International","Mis en AVANT"],"inLanguage":"en-GB"},{"@type":"WebPage","@id":"https:\/\/www.geopolitics.fr\/2026\/05\/20\/apres-liran-cuba-la-prochaine-cible-de-donald-trump\/","url":"https:\/\/www.geopolitics.fr\/2026\/05\/20\/apres-liran-cuba-la-prochaine-cible-de-donald-trump\/","name":"Apr\u00e8s l\u2019Iran, Cuba : la prochaine cible de Donald Trump ? | Geopolitics.fr","isPartOf":{"@id":"https:\/\/www.geopolitics.fr\/#website"},"primaryImageOfPage":{"@id":"https:\/\/www.geopolitics.fr\/2026\/05\/20\/apres-liran-cuba-la-prochaine-cible-de-donald-trump\/#primaryimage"},"image":{"@id":"https:\/\/www.geopolitics.fr\/2026\/05\/20\/apres-liran-cuba-la-prochaine-cible-de-donald-trump\/#primaryimage"},"thumbnailUrl":"https:\/\/www.geopolitics.fr\/wp-content\/uploads\/2026\/05\/cuba.jpg","datePublished":"2026-05-20T06:27:05+00:00","dateModified":"2026-05-20T11:12:19+00:00","description":"Donald Trump invente la \u00ab doctrine Donroe \u00bb. Une logique ancienne de projection, l\u2019Am\u00e9rique latine est pens\u00e9e comme une arri\u00e8re-cour","breadcrumb":{"@id":"https:\/\/www.geopolitics.fr\/2026\/05\/20\/apres-liran-cuba-la-prochaine-cible-de-donald-trump\/#breadcrumb"},"inLanguage":"en-GB","potentialAction":[{"@type":"ReadAction","target":["https:\/\/www.geopolitics.fr\/2026\/05\/20\/apres-liran-cuba-la-prochaine-cible-de-donald-trump\/"]}]},{"@type":"ImageObject","inLanguage":"en-GB","@id":"https:\/\/www.geopolitics.fr\/2026\/05\/20\/apres-liran-cuba-la-prochaine-cible-de-donald-trump\/#primaryimage","url":"https:\/\/www.geopolitics.fr\/wp-content\/uploads\/2026\/05\/cuba.jpg","contentUrl":"https:\/\/www.geopolitics.fr\/wp-content\/uploads\/2026\/05\/cuba.jpg","width":1920,"height":1281,"caption":"Flag of Cuba painted on a concrete wall with soldier shadows"},{"@type":"BreadcrumbList","@id":"https:\/\/www.geopolitics.fr\/2026\/05\/20\/apres-liran-cuba-la-prochaine-cible-de-donald-trump\/#breadcrumb","itemListElement":[{"@type":"ListItem","position":1,"name":"Accueil","item":"https:\/\/www.geopolitics.fr\/"},{"@type":"ListItem","position":2,"name":"Apr\u00e8s l\u2019Iran, Cuba : la prochaine cible de Donald Trump ?"}]},{"@type":"WebSite","@id":"https:\/\/www.geopolitics.fr\/#website","url":"https:\/\/www.geopolitics.fr\/","name":"Geopolitics.fr","description":"Geopolitics.fr Analyse politique, relations internationales, d\u00e9fense - ligne \u00e9ditoriale gaullo-chiraquienne","publisher":{"@id":"https:\/\/www.geopolitics.fr\/#organization"},"potentialAction":[{"@type":"SearchAction","target":{"@type":"EntryPoint","urlTemplate":"https:\/\/www.geopolitics.fr\/?s={search_term_string}"},"query-input":{"@type":"PropertyValueSpecification","valueRequired":true,"valueName":"search_term_string"}}],"inLanguage":"en-GB"},{"@type":"Organization","@id":"https:\/\/www.geopolitics.fr\/#organization","name":"Geopolitics.fr","url":"https:\/\/www.geopolitics.fr\/","logo":{"@type":"ImageObject","inLanguage":"en-GB","@id":"https:\/\/www.geopolitics.fr\/#\/schema\/logo\/image\/","url":"https:\/\/www.geopolitics.fr\/wp-content\/uploads\/2024\/01\/logo.jpg","contentUrl":"https:\/\/www.geopolitics.fr\/wp-content\/uploads\/2024\/01\/logo.jpg","width":500,"height":500,"caption":"Geopolitics.fr"},"image":{"@id":"https:\/\/www.geopolitics.fr\/#\/schema\/logo\/image\/"},"sameAs":["https:\/\/www.facebook.com\/people\/Erwan-Davoux\/61557098968092\/","https:\/\/x.com\/Geopolitics_Fr"]},{"@type":"Person","@id":"https:\/\/www.geopolitics.fr\/#\/schema\/person\/725e44f9c5734a61a58ae357704bf5bc","name":"Sarah Hassani","image":{"@type":"ImageObject","inLanguage":"en-GB","@id":"https:\/\/secure.gravatar.com\/avatar\/c05498580cabc5f17a9a7d8242d89232dbfb615c816ad0679f97f5afd1dd8551?s=96&d=mm&r=g","url":"https:\/\/secure.gravatar.com\/avatar\/c05498580cabc5f17a9a7d8242d89232dbfb615c816ad0679f97f5afd1dd8551?s=96&d=mm&r=g","contentUrl":"https:\/\/secure.gravatar.com\/avatar\/c05498580cabc5f17a9a7d8242d89232dbfb615c816ad0679f97f5afd1dd8551?s=96&d=mm&r=g","caption":"Sarah Hassani"},"description":"Sarah Hassani est analyste en g\u00e9opolitique et en prospective, elle s'int\u00e9resse aux mutations des \u00e9quilibres internationaux, aux transformations de l'action publique et aux enjeux de gestion des crises. Ses travaux portent sur la gouvernance, la prospective strat\u00e9gique et la communication publique, avec une attention particuli\u00e8re port\u00e9e aux recompositions politiques et aux sc\u00e9narios internationaux.","url":"https:\/\/www.geopolitics.fr\/en\/author\/s-hassani\/"}]}},"_links":{"self":[{"href":"https:\/\/www.geopolitics.fr\/en\/wp-json\/wp\/v2\/posts\/4367","targetHints":{"allow":["GET"]}}],"collection":[{"href":"https:\/\/www.geopolitics.fr\/en\/wp-json\/wp\/v2\/posts"}],"about":[{"href":"https:\/\/www.geopolitics.fr\/en\/wp-json\/wp\/v2\/types\/post"}],"author":[{"embeddable":true,"href":"https:\/\/www.geopolitics.fr\/en\/wp-json\/wp\/v2\/users\/31735"}],"replies":[{"embeddable":true,"href":"https:\/\/www.geopolitics.fr\/en\/wp-json\/wp\/v2\/comments?post=4367"}],"version-history":[{"count":0,"href":"https:\/\/www.geopolitics.fr\/en\/wp-json\/wp\/v2\/posts\/4367\/revisions"}],"wp:featuredmedia":[{"embeddable":true,"href":"https:\/\/www.geopolitics.fr\/en\/wp-json\/wp\/v2\/media\/4368"}],"wp:attachment":[{"href":"https:\/\/www.geopolitics.fr\/en\/wp-json\/wp\/v2\/media?parent=4367"}],"wp:term":[{"taxonomy":"category","embeddable":true,"href":"https:\/\/www.geopolitics.fr\/en\/wp-json\/wp\/v2\/categories?post=4367"},{"taxonomy":"post_tag","embeddable":true,"href":"https:\/\/www.geopolitics.fr\/en\/wp-json\/wp\/v2\/tags?post=4367"}],"curies":[{"name":"wp","href":"https:\/\/api.w.org\/{rel}","templated":true}]}}