{"id":4364,"date":"2026-05-19T12:14:30","date_gmt":"2026-05-19T10:14:30","guid":{"rendered":"https:\/\/www.geopolitics.fr\/?p=4364"},"modified":"2026-05-19T12:14:33","modified_gmt":"2026-05-19T10:14:33","slug":"bardella-le-pen-le-tandem-sous-tension-a-lassaut-de-2027","status":"publish","type":"post","link":"https:\/\/www.geopolitics.fr\/en\/2026\/05\/19\/bardella-le-pen-le-tandem-sous-tension-a-lassaut-de-2027\/","title":{"rendered":"Bardella-Le Pen : le tandem sous tension \u00e0 l&rsquo;assaut de 2027"},"content":{"rendered":"<h2 class=\"wp-block-heading\" id=\"h-le-rn-au-sommet-pour-la-premiere-fois-de-son-histoire\">Le RN au sommet, pour la premi\u00e8re fois de son histoire<\/h2>\n\n\n\n<p class=\"has-medium-font-size wp-block-paragraph\">Les chiffres sont vertigineux. Jordan Bardella domine les sondages de popularit\u00e9 avec 37 % d&rsquo;opinions favorables, Marine Le Pen le suit \u00e0 34 %. Ils devancent largement \u00c9douard Philippe (32 %), Gabriel Attal (28 %) et tous les candidats de gauche.<\/p>\n\n\n\n<p class=\"has-medium-font-size wp-block-paragraph\">En intention de vote pour le premier tour de la pr\u00e9sidentielle, Bardella tourne autour de 35 % selon un sondage Odoxa d&rsquo;avril 2026, des chiffres qui d\u00e9passent ceux qu&rsquo;enregistraient les candidats victorieux des scrutins pass\u00e9s. Plus parlant encore, un sondage Toluna Harris Interactive pour M6\/RTL publi\u00e9 d\u00e9but mai 2026 a test\u00e9 quatre configurations de premier tour. Bardella obtiendrait 34 \u00e0 35 % des intentions de vote selon les sc\u00e9narios, et Marine Le Pen 32 \u00e0 33 %. Ces variations selon les configurations r\u00e9v\u00e8lent quelque chose d&rsquo;essentiel : pour la premi\u00e8re fois dans l&rsquo;histoire du mouvement fond\u00e9 par Jean-Marie Le Pen en 1972, le candidat national-populiste n&rsquo;est plus un ph\u00e9nom\u00e8ne protestataire \u00e0 contenir, il est un pr\u00e9tendant s\u00e9rieux \u00e0 l&rsquo;\u00c9lys\u00e9e.&nbsp;<\/p>\n\n\n\n<p class=\"has-medium-font-size wp-block-paragraph\">Ce n&rsquo;est pas le fruit du hasard. Depuis 2017, Marine Le Pen a impos\u00e9 une strat\u00e9gie de \u00ab d\u00e9diabolisation \u00bb patiente, laborieuse, d\u00e9cri\u00e9e par les siens mais finalement efficace. Le parti s&rsquo;est normalis\u00e9 dans les urnes, dans les mairies, dans les esprits. Jordan Bardella en est l&rsquo;h\u00e9ritier naturel : jeune, t\u00e9l\u00e9visuel, sans les stigmates du \u00ab vieux RN \u00bb, il incarne la g\u00e9n\u00e9ration d&rsquo;apr\u00e8s.<\/p>\n\n\n\n<h2 class=\"wp-block-heading\" id=\"h-l-epee-de-damocles-judiciaire\">L&rsquo;\u00e9p\u00e9e de Damocl\u00e8s judiciaire<\/h2>\n\n\n\n<p class=\"has-medium-font-size wp-block-paragraph\">Mais le tableau est fissur\u00e9 par une r\u00e9alit\u00e9 judiciaire qui p\u00e8se sur tout. Le 31 mars 2025, Marine Le Pen a \u00e9t\u00e9 condamn\u00e9e \u00e0 quatre ans de prison dont deux ans ferme sous bracelet \u00e9lectronique, ainsi qu&rsquo;\u00e0 100 000 euros d&rsquo;amende et \u00e0 cinq ans d&rsquo;in\u00e9ligibilit\u00e9 avec ex\u00e9cution provisoire, une peine qui l&#8217;emp\u00eacherait de se pr\u00e9senter \u00e0 des \u00e9lections jusqu&rsquo;en 2030, dont l&rsquo;\u00e9lection pr\u00e9sidentielle de 2027.&nbsp;<\/p>\n\n\n\n<p class=\"has-medium-font-size wp-block-paragraph\">Le calendrier judiciaire qui s&rsquo;ensuit est devenu l&rsquo;ar\u00e8ne secr\u00e8te de toute la vie politique fran\u00e7aise. Le proc\u00e8s en appel s&rsquo;est tenu du 13 janvier au 12 f\u00e9vrier 2026, et un d\u00e9lib\u00e9r\u00e9 est pr\u00e9vu au 7 juillet 2026. Ce verdict d&rsquo;\u00e9t\u00e9, rendu dans la torpeur des vacances mais aux cons\u00e9quences politiques hivernales, pourrait tout faire basculer. Pour Marine Le Pen, l&rsquo;enjeu est crucial : seule une relaxe ou une peine d&rsquo;in\u00e9ligibilit\u00e9 non assortie de l&rsquo;ex\u00e9cution provisoire lui permettrait de maintenir sa candidature \u00e0 l&rsquo;\u00e9lection pr\u00e9sidentielle de 2027.<\/p>\n\n\n\n<p class=\"has-medium-font-size wp-block-paragraph\">La position du parquet g\u00e9n\u00e9ral, exprim\u00e9e lors des audiences de f\u00e9vrier, a coup\u00e9 court aux espoirs d&rsquo;une cl\u00e9mence : les avocats g\u00e9n\u00e9raux ont requis d\u00e8s l&rsquo;ouverture de leur r\u00e9quisitoire la confirmation des condamnations et des peines d&rsquo;in\u00e9ligibilit\u00e9, en rappelant que les fonctions \u00e9lectives ne constituent pas un \u00ab\u00a0refuge contre la loi, mais un sommet d&rsquo;exigence\u00a0\u00bb. Une formule qui r\u00e9sonne comme une condamnation anticip\u00e9e dans les couloirs du RN.&nbsp;<\/p>\n\n\n\n<p class=\"has-medium-font-size wp-block-paragraph\">Ce que la cour d&rsquo;appel tranchera cet \u00e9t\u00e9 n&rsquo;est pas seulement le sort p\u00e9nal d&rsquo;une femme politique : c&rsquo;est la forme que prendra la pr\u00e9sidentielle fran\u00e7aise. La confirmation de la peine d&rsquo;in\u00e9ligibilit\u00e9 serait un coup d&rsquo;arr\u00eat pour Marine Le Pen et renforcerait m\u00e9caniquement la position de Jordan Bardella. \u00c0 l&rsquo;inverse, une relaxe ou la suppression de l&rsquo;ex\u00e9cution provisoire lib\u00e8rerait Marine Le Pen pour la campagne et replacerait Bardella dans son r\u00f4le de num\u00e9ro deux, brillant, mais num\u00e9ro deux.<\/p>\n\n\n\n<h2 class=\"wp-block-heading\" id=\"h-la-double-vie-d-un-parti-en-campagne\">La double vie d&rsquo;un parti en campagne<\/h2>\n\n\n\n<p class=\"has-medium-font-size wp-block-paragraph\">Dans ce contexte de double incertitude judiciaire et strat\u00e9gique, le RN joue une partition d\u00e9licate \u00e0 deux voix. La strat\u00e9gie repose sur une forme d&rsquo;\u00e9quilibre : officiellement, Marine Le Pen demeure au centre du dispositif ; officieusement, la pr\u00e9sence de Jordan Bardella permet de s\u00e9curiser l&rsquo;avenir du parti en cas de sc\u00e9nario d\u00e9favorable.<\/p>\n\n\n\n<p class=\"has-medium-font-size wp-block-paragraph\">Cette situation explique la prudence du vocabulaire. Jordan Bardella ne dit pas \u00ab je serai candidat \u00bb. Il parle de la victoire du camp national, du combat pour la France, de la responsabilit\u00e9 d&rsquo;une g\u00e9n\u00e9ration. Ces expressions lui permettent d&rsquo;adopter un ton pr\u00e9sidentiel sans franchir le seuil de l&rsquo;annonce personnelle, en occupant le terrain tout en respectant la hi\u00e9rarchie interne.<\/p>\n\n\n\n<p class=\"has-medium-font-size wp-block-paragraph\">C&rsquo;est une strat\u00e9gie d&rsquo;ambigu\u00eft\u00e9 calcul\u00e9e, qui en dit long sur la maturit\u00e9 politique d&rsquo;un homme de 30 ans. Bardella ne cherche pas \u00e0 usurper la place de Le Pen ; il cherche \u00e0 \u00eatre suffisamment visible pour que, si elle tombe, aucun concurrent interne ne puisse s\u00e9rieusement le contester. Le risque, pour le RN, serait de subir le calendrier judiciaire. Une campagne pr\u00e9sidentielle se pr\u00e9pare longtemps \u00e0 l&rsquo;avance : d\u00e9placements, image, programme, \u00e9quipe, financement, strat\u00e9gie m\u00e9diatique. Si le parti devait changer de candidat tardivement, il aurait besoin d&rsquo;un visage d\u00e9j\u00e0 install\u00e9 dans l&rsquo;opinion. C&rsquo;est pr\u00e9cis\u00e9ment ce r\u00f4le que joue Jordan Bardella.<\/p>\n\n\n\n<p class=\"has-medium-font-size wp-block-paragraph\">Cette double pr\u00e9paration se voit aussi dans les coulisses programmatiques. Selon des sources internes cit\u00e9es par plusieurs m\u00e9dias, des groupes de travail th\u00e9matiques, r\u00e9forme territoriale, \u00e9nergie, \u00e9ducation, environnement pr\u00e9parent le programme en secret depuis plusieurs mois, coordonn\u00e9s par le directeur de cabinet de Le Pen. \u00ab Sur le programme, l&rsquo;essentiel sera tranch\u00e9 avant l&rsquo;\u00e9t\u00e9, \u00e0 deux \u00bb, indique l&rsquo;un des participants. Une m\u00e9canique de tandem, publique pour les meetings, discr\u00e8te pour la doctrine, qui reproduit la compl\u00e9mentarit\u00e9 des r\u00f4les plut\u00f4t qu&rsquo;elle n&rsquo;en r\u00e9v\u00e8le les fractures.<\/p>\n\n\n\n<h2 class=\"wp-block-heading\" id=\"h-le-pivot-economique-vers-la-droite-assumee\">Le pivot \u00e9conomique : vers la droite assum\u00e9e<\/h2>\n\n\n\n<p class=\"has-medium-font-size wp-block-paragraph\">La grande surprise de ce cycle pr\u00e9paratoire \u00e0 2027 est id\u00e9ologique. Le RN n&rsquo;est plus le parti de l&rsquo;\u00c9tat-providence national qu&rsquo;il \u00e9tait sous la houlette de Jean-Marie Le Pen, ni m\u00eame la formation hybride des ann\u00e9es Le Pen-fille qui m\u00ealait protectionnisme, d\u00e9fense du service public et m\u00e9fiance du grand capital. Il est en train d&rsquo;op\u00e9rer un virage lib\u00e9ral dont l&rsquo;ampleur est saisissante.<\/p>\n\n\n\n<p class=\"has-medium-font-size wp-block-paragraph\">Selon une \u00e9tude du Cevipof publi\u00e9e en mars 2026, le point moyen des mesures \u00e9conomiques propos\u00e9es par le RN se situe d\u00e9sormais clairement \u00e0 droite de l&rsquo;axe \u00e9conomique, t\u00e9moignant d&rsquo;une rupture significative avec la d\u00e9cennie 2012\u20132022. Les mesures lib\u00e9rales repr\u00e9sentent d\u00e9sormais 62 % de l&rsquo;ensemble des propositions du parti, contre 42 % en juin 2024 et \u00e0 peine 21 % lors de la pr\u00e9sidentielle de 2022.<\/p>\n\n\n\n<p class=\"has-medium-font-size wp-block-paragraph\">Ce mouvement se traduit concr\u00e8tement dans la strat\u00e9gie de s\u00e9duction des \u00e9lites \u00e9conomiques. En avril 2026, alors que Bardella rencontrait la direction du Medef, Le Pen et lui ont adress\u00e9 une lettre aux dirigeants des grandes entreprises fran\u00e7aises, avec une promesse d&rsquo;identifier et de lever les verrous normatifs qui freinent le d\u00e9veloppement \u00e9conomique. Un d\u00e9jeuner in\u00e9dit avec le bureau ex\u00e9cutif du patronat, quelques semaines apr\u00e8s que Marine Le Pen avait d\u00een\u00e9 en priv\u00e9 avec plusieurs chefs d&rsquo;entreprise du CAC 40, autant de gestes qui auraient sembl\u00e9 impensables sous Jean-Marie Le Pen, et m\u00eame sous la Marine Le Pen des ann\u00e9es 2010.<\/p>\n\n\n\n<p class=\"has-medium-font-size wp-block-paragraph\">Sur le plan programmatique, Bardella insiste sur un \u00ab grand projet d&rsquo;ordonnances de simplification \u00bb publiables d\u00e8s les premiers jours d&rsquo;un \u00e9ventuel mandat, avec pour objectif affich\u00e9 de \u00ab lib\u00e9rer les entreprises d&rsquo;un carcan fiscal et normatif devenu insupportable \u00bb. Le vocabulaire est celui du lib\u00e9ralisme assum\u00e9. Le RN propose \u00e9galement la suppression de la taxe fonci\u00e8re pour les primo-acc\u00e9dants pendant cinq ans et entend financer une partie de ses promesses par la r\u00e9duction des d\u00e9penses li\u00e9es \u00e0 l&rsquo;immigration et par la lutte contre la fraude fiscale.<\/p>\n\n\n\n<p class=\"has-medium-font-size wp-block-paragraph\">Ce glissement vers la droite \u00e9conomique est un pari \u00e0 double tranchant. D&rsquo;un c\u00f4t\u00e9, il permet au RN de capter un \u00e9lectorat de classes moyennes et de petits patrons qui h\u00e9sitait encore ; de l&rsquo;autre, il risque d&rsquo;ali\u00e9ner les franges ouvri\u00e8res et populaires fid\u00e8les au programme social historique du mouvement. Les sondages semblent pour l&rsquo;instant donner raison \u00e0 la strat\u00e9gie : la base \u00e9lectorale reste solide, et les nouveaux profils capt\u00e9s lors des europ\u00e9ennes de 2024 ne semblent pas d\u00e9courag\u00e9s par cette inflexion.<\/p>\n\n\n\n<h2 class=\"wp-block-heading has-medium-font-size\" id=\"h-deux-styles-une-meme-ligne\">Deux styles, une m\u00eame ligne<\/h2>\n\n\n\n<p class=\"has-medium-font-size wp-block-paragraph\">Ce qui frappe dans le tandem, c&rsquo;est la compl\u00e9mentarit\u00e9 de leurs profils. Marine Le Pen, 57 ans, est l&rsquo;h\u00e9riti\u00e8re qui a tout transform\u00e9 : elle a d\u00e9fascis\u00e9 le mouvement, mis son p\u00e8re \u00e0 la porte, encaiss\u00e9 deux d\u00e9faites au second tour en 2017 face \u00e0 Macron et en 2022 dans un duel encore plus serr\u00e9 et gard\u00e9 le cap. Elle est respect\u00e9e, redout\u00e9e, clivante.<\/p>\n\n\n\n<p class=\"has-medium-font-size wp-block-paragraph\">Jordan Bardella, lui, incarne une nouvelle g\u00e9n\u00e9ration politique, avec une communication plus directe et une strat\u00e9gie tourn\u00e9e vers l&rsquo;\u00e9largissement de l&rsquo;\u00e9lectorat. \u00c0 la t\u00eate du parti, il impose progressivement sa marque, multipliant les prises de position et les ajustements strat\u00e9giques. Sa trajectoire personnelle, fils d&rsquo;une m\u00e8re italienne immigr\u00e9e, grandi dans un quartier populaire au nord de Paris, sans dipl\u00f4me universitaire, lui conf\u00e8re une authenticit\u00e9 populaire que les classes bourgeoises de droite ne peuvent pas feindre. Il s\u00e9duit \u00e0 la fois l&rsquo;\u00e9lectorat traditionnel du RN et de nouveaux profils, notamment chez les jeunes et les abstentionnistes.<\/p>\n\n\n\n<p class=\"has-medium-font-size wp-block-paragraph\">La compl\u00e9mentarit\u00e9 est aussi g\u00e9n\u00e9rationnelle dans la forme. L\u00e0 o\u00f9 Marine Le Pen pr\u00e9f\u00e8re les grandes salles de meeting et les \u00e9changes frontaux avec les journalistes, Bardella ma\u00eetrise les codes des r\u00e9seaux sociaux avec une fluidit\u00e9 d\u00e9concertante, TikTok, Instagram, les formats courts. Il est le premier leader politique fran\u00e7ais \u00e0 avoir b\u00e2ti une partie substantielle de sa cote de popularit\u00e9 sur ces plateformes avant m\u00eame d&rsquo;avoir exerc\u00e9 de haute responsabilit\u00e9 gouvernementale. Cette ma\u00eetrise n&rsquo;est pas anodine : dans une \u00e9lection pr\u00e9sidentielle, la capacit\u00e9 \u00e0 saturer l&rsquo;espace m\u00e9diatique compte autant que la solidit\u00e9 du programme.<\/p>\n\n\n\n<h2 class=\"wp-block-heading\" id=\"h-le-spectre-de-l-alternance-au-second-tour\">Le spectre de l&rsquo;alternance au second tour<\/h2>\n\n\n\n<p class=\"has-medium-font-size wp-block-paragraph\">Les chiffres du second tour sont peut-\u00eatre les plus instructifs et les plus troublants pour les partis de gouvernement. Dans les simulations disponibles, Bardella est battu au second tour uniquement par \u00c9douard Philippe (dans un rapport de 52-48), mais l&#8217;emporte contre Glucksmann (58-42) et largement contre M\u00e9lenchon (71-29). Ces chiffres signifient une chose pr\u00e9cise : la seule digue cr\u00e9dible contre une victoire du RN \u00e0 l&rsquo;\u00c9lys\u00e9e est la candidature de l&rsquo;ancien Premier ministre havrais, et encore de justesse.&nbsp;<\/p>\n\n\n\n<p class=\"has-medium-font-size wp-block-paragraph\">Ce sc\u00e9nario, une quasi-victoire du RN au second tour, battue d&rsquo;un souffle par \u00c9douard Philippe est exactement celui que redoutent les strat\u00e8ges de gauche et du centre depuis des mois. Il suppose que les \u00e9lectorats de gauche (M\u00e9lenchon, Glucksmann, Tondelier, Ruffin) se reportent massivement et disciplin\u00e9ment sur Philippe, que les centristes macronistes fassent de m\u00eame, et qu&rsquo;une partie de la droite r\u00e9publicaine surmonte ses r\u00e9ticences. C&rsquo;est beaucoup. Et l&rsquo;histoire r\u00e9cente du front r\u00e9publicain fran\u00e7ais montre que ces coalitions d\u00e9fensives s&rsquo;\u00e9rodent \u00e0 chaque cycle \u00e9lectoral.<\/p>\n\n\n\n<p class=\"has-medium-font-size wp-block-paragraph\">Pour le RN, le deuxi\u00e8me tour n&rsquo;est donc plus une garantie de d\u00e9faite, c&rsquo;est d\u00e9sormais une probabilit\u00e9 de victoire avec un candidat suffisamment affaibli en face. Cette transformation du rapport de force est peut-\u00eatre le changement le plus structurel de la politique fran\u00e7aise depuis l&rsquo;\u00e9lection de 2002.<\/p>\n\n\n\n<h2 class=\"wp-block-heading\" id=\"h-2027-le-moment-ou-jamais\">2027 : le moment ou jamais<\/h2>\n\n\n\n<p class=\"has-medium-font-size wp-block-paragraph\">La fen\u00eatre est unique. \u00c0 gauche, la division persiste entre M\u00e9lenchon, Ruffin et Glucksmann, trois candidats cr\u00e9dibles, aucun dominant. Au centre, Macron est \u00e0 20 % de confiance et ne peut constitutionnellement pas se repr\u00e9senter, laissant un bloc macroniste orphelin et cherchant d\u00e9sesp\u00e9r\u00e9ment un h\u00e9ritier. \u00c0 droite classique, \u00c9douard Philippe d\u00e9croche dans les sondages, us\u00e9 par sa gestion de Matignon sous Macron et incapable de trouver le ton juste face \u00e0 une droite radicale qui lui vole son vocabulaire.<\/p>\n\n\n\n<p class=\"has-medium-font-size wp-block-paragraph\">Tous ces facteurs convergent vers le m\u00eame constat : jamais depuis sa fondation, le Rassemblement national n&rsquo;a \u00e9t\u00e9 aussi proche du pouvoir supr\u00eame. \u00ab Jordan, c&rsquo;est le seul \u00e0 part Marine qui peut nous amener la victoire, on en est tous conscients \u00bb, estime un d\u00e9put\u00e9 RN dans son entourage. \u00ab 2027, c&rsquo;est le moment ou jamais. \u00bb<\/p>\n\n\n\n<p class=\"has-medium-font-size wp-block-paragraph\">Ce \u00ab moment ou jamais \u00bb r\u00e9sume l&rsquo;\u00e9tat d&rsquo;esprit d&rsquo;un parti qui, pour la premi\u00e8re fois de son histoire, se sent en capacit\u00e9 non plus seulement de peser mais de gagner. Mais il r\u00e9v\u00e8le aussi la fragilit\u00e9 d&rsquo;une trajectoire suspendue \u00e0 une d\u00e9cision de justice. Car si le tribunal d&rsquo;appel confirme l&rsquo;in\u00e9ligibilit\u00e9 de Marine Le Pen cet \u00e9t\u00e9, ce sera \u00e0 Jordan Bardella, \u00e0 30 ans, de porter seul la candidature la plus attendue de la Ve R\u00e9publique. Un vertige pour un homme qui n&rsquo;a jamais exerc\u00e9 de minist\u00e8re, jamais g\u00e9r\u00e9 une crise d&rsquo;\u00c9tat, jamais \u00e9t\u00e9 soumis \u00e0 l&rsquo;usure d&rsquo;une campagne pr\u00e9sidentielle en solo.<\/p>\n\n\n\n<p class=\"has-medium-font-size wp-block-paragraph\">Reste \u00e0 savoir lequel des deux portera l&rsquo;\u00e9tendard. Et si la justice, en tranchant \u00e0 l&rsquo;\u00e9t\u00e9 2026 sur le sort de Marine Le Pen, ne sera pas le v\u00e9ritable arbitre de la pr\u00e9sidentielle fran\u00e7aise, avant m\u00eame que les Fran\u00e7ais ne votent.<\/p>","protected":false},"excerpt":{"rendered":"<p>Le RN au sommet, pour la premi\u00e8re fois de son histoire Les chiffres sont vertigineux. Jordan Bardella domine les sondages de popularit\u00e9&hellip;<\/p>","protected":false},"author":31730,"featured_media":4365,"comment_status":"closed","ping_status":"closed","sticky":false,"template":"","format":"standard","meta":{"_lmt_disableupdate":"","_lmt_disable":"","footnotes":""},"categories":[605,4,617],"tags":[508,382,193,147],"class_list":["post-4364","post","type-post","status-publish","format-standard","has-post-thumbnail","hentry","category-france","category-mis-en-avant","category-politique-france","tag-bardella","tag-le-pen","tag-presidentielle","tag-rn"],"yoast_head":"<!-- This site is optimized with the Yoast SEO Premium plugin v28.1 (Yoast SEO v28.1) - https:\/\/yoast.com\/product\/yoast-seo-premium-wordpress\/ -->\n<title>Bardella-Le Pen : le tandem sous tension \u00e0 l&#039;assaut de 2027 | Geopolitics.fr<\/title>\n<meta name=\"description\" content=\"Pour le RN, le 2\u00e8me tour n&#039;est plus une garantie de d\u00e9faite, c&#039;est d\u00e9sormais une probabilit\u00e9 de victoire avec un candidat affaibli en face.\" \/>\n<meta name=\"robots\" content=\"index, follow, max-snippet:-1, max-image-preview:large, max-video-preview:-1\" \/>\n<link rel=\"canonical\" href=\"https:\/\/www.geopolitics.fr\/en\/2026\/05\/19\/bardella-le-pen-le-tandem-sous-tension-a-lassaut-de-2027\/\" \/>\n<meta property=\"og:locale\" content=\"en_GB\" \/>\n<meta property=\"og:type\" content=\"article\" \/>\n<meta property=\"og:title\" content=\"Bardella-Le Pen : le tandem sous tension \u00e0 l&#039;assaut de 2027\" \/>\n<meta property=\"og:description\" content=\"Pour le RN, le 2\u00e8me tour n&#039;est plus une garantie de d\u00e9faite, c&#039;est d\u00e9sormais une probabilit\u00e9 de victoire avec un candidat affaibli en face.\" \/>\n<meta property=\"og:url\" content=\"https:\/\/www.geopolitics.fr\/en\/2026\/05\/19\/bardella-le-pen-le-tandem-sous-tension-a-lassaut-de-2027\/\" \/>\n<meta property=\"og:site_name\" content=\"Geopolitics.fr\" \/>\n<meta property=\"article:publisher\" content=\"https:\/\/www.facebook.com\/people\/Erwan-Davoux\/61557098968092\/\" \/>\n<meta property=\"article:published_time\" content=\"2026-05-19T10:14:30+00:00\" \/>\n<meta property=\"article:modified_time\" content=\"2026-05-19T10:14:33+00:00\" \/>\n<meta property=\"og:image\" content=\"https:\/\/www.geopolitics.fr\/wp-content\/uploads\/2026\/05\/BARDELLA-LE-PEN.jpg\" \/>\n\t<meta property=\"og:image:width\" content=\"990\" \/>\n\t<meta property=\"og:image:height\" content=\"660\" \/>\n\t<meta property=\"og:image:type\" content=\"image\/jpeg\" \/>\n<meta name=\"author\" content=\"Ghizlaine Badri\" \/>\n<meta name=\"twitter:card\" content=\"summary_large_image\" \/>\n<meta name=\"twitter:creator\" content=\"@Geopolitics_Fr\" \/>\n<meta name=\"twitter:site\" content=\"@Geopolitics_Fr\" \/>\n<meta name=\"twitter:label1\" content=\"Written by\" \/>\n\t<meta name=\"twitter:data1\" content=\"Ghizlaine Badri\" \/>\n\t<meta name=\"twitter:label2\" content=\"Estimated reading time\" \/>\n\t<meta name=\"twitter:data2\" content=\"11 minutes\" \/>\n<script type=\"application\/ld+json\" class=\"yoast-schema-graph\">{\"@context\":\"https:\\\/\\\/schema.org\",\"@graph\":[{\"@type\":\"Article\",\"@id\":\"https:\\\/\\\/www.geopolitics.fr\\\/2026\\\/05\\\/19\\\/bardella-le-pen-le-tandem-sous-tension-a-lassaut-de-2027\\\/#article\",\"isPartOf\":{\"@id\":\"https:\\\/\\\/www.geopolitics.fr\\\/2026\\\/05\\\/19\\\/bardella-le-pen-le-tandem-sous-tension-a-lassaut-de-2027\\\/\"},\"author\":{\"name\":\"Ghizlaine Badri\",\"@id\":\"https:\\\/\\\/www.geopolitics.fr\\\/#\\\/schema\\\/person\\\/c36b165f511617c65a2bf8f8abd9af41\"},\"headline\":\"Bardella-Le Pen : le tandem sous tension \u00e0 l&rsquo;assaut de 2027\",\"datePublished\":\"2026-05-19T10:14:30+00:00\",\"dateModified\":\"2026-05-19T10:14:33+00:00\",\"mainEntityOfPage\":{\"@id\":\"https:\\\/\\\/www.geopolitics.fr\\\/2026\\\/05\\\/19\\\/bardella-le-pen-le-tandem-sous-tension-a-lassaut-de-2027\\\/\"},\"wordCount\":2240,\"publisher\":{\"@id\":\"https:\\\/\\\/www.geopolitics.fr\\\/#organization\"},\"image\":{\"@id\":\"https:\\\/\\\/www.geopolitics.fr\\\/2026\\\/05\\\/19\\\/bardella-le-pen-le-tandem-sous-tension-a-lassaut-de-2027\\\/#primaryimage\"},\"thumbnailUrl\":\"https:\\\/\\\/www.geopolitics.fr\\\/wp-content\\\/uploads\\\/2026\\\/05\\\/BARDELLA-LE-PEN.jpg\",\"keywords\":[\"bardella\",\"LE PEN\",\"PRESIDENTIELLE\",\"RN\"],\"articleSection\":[\"FRANCE\",\"Mis en AVANT\",\"Politique\"],\"inLanguage\":\"en-GB\"},{\"@type\":\"WebPage\",\"@id\":\"https:\\\/\\\/www.geopolitics.fr\\\/2026\\\/05\\\/19\\\/bardella-le-pen-le-tandem-sous-tension-a-lassaut-de-2027\\\/\",\"url\":\"https:\\\/\\\/www.geopolitics.fr\\\/2026\\\/05\\\/19\\\/bardella-le-pen-le-tandem-sous-tension-a-lassaut-de-2027\\\/\",\"name\":\"Bardella-Le Pen : le tandem sous tension \u00e0 l'assaut de 2027 | Geopolitics.fr\",\"isPartOf\":{\"@id\":\"https:\\\/\\\/www.geopolitics.fr\\\/#website\"},\"primaryImageOfPage\":{\"@id\":\"https:\\\/\\\/www.geopolitics.fr\\\/2026\\\/05\\\/19\\\/bardella-le-pen-le-tandem-sous-tension-a-lassaut-de-2027\\\/#primaryimage\"},\"image\":{\"@id\":\"https:\\\/\\\/www.geopolitics.fr\\\/2026\\\/05\\\/19\\\/bardella-le-pen-le-tandem-sous-tension-a-lassaut-de-2027\\\/#primaryimage\"},\"thumbnailUrl\":\"https:\\\/\\\/www.geopolitics.fr\\\/wp-content\\\/uploads\\\/2026\\\/05\\\/BARDELLA-LE-PEN.jpg\",\"datePublished\":\"2026-05-19T10:14:30+00:00\",\"dateModified\":\"2026-05-19T10:14:33+00:00\",\"description\":\"Pour le RN, le 2\u00e8me tour n'est plus une garantie de d\u00e9faite, c'est d\u00e9sormais une probabilit\u00e9 de victoire avec un candidat affaibli en face.\",\"breadcrumb\":{\"@id\":\"https:\\\/\\\/www.geopolitics.fr\\\/2026\\\/05\\\/19\\\/bardella-le-pen-le-tandem-sous-tension-a-lassaut-de-2027\\\/#breadcrumb\"},\"inLanguage\":\"en-GB\",\"potentialAction\":[{\"@type\":\"ReadAction\",\"target\":[\"https:\\\/\\\/www.geopolitics.fr\\\/2026\\\/05\\\/19\\\/bardella-le-pen-le-tandem-sous-tension-a-lassaut-de-2027\\\/\"]}]},{\"@type\":\"ImageObject\",\"inLanguage\":\"en-GB\",\"@id\":\"https:\\\/\\\/www.geopolitics.fr\\\/2026\\\/05\\\/19\\\/bardella-le-pen-le-tandem-sous-tension-a-lassaut-de-2027\\\/#primaryimage\",\"url\":\"https:\\\/\\\/www.geopolitics.fr\\\/wp-content\\\/uploads\\\/2026\\\/05\\\/BARDELLA-LE-PEN.jpg\",\"contentUrl\":\"https:\\\/\\\/www.geopolitics.fr\\\/wp-content\\\/uploads\\\/2026\\\/05\\\/BARDELLA-LE-PEN.jpg\",\"width\":990,\"height\":660},{\"@type\":\"BreadcrumbList\",\"@id\":\"https:\\\/\\\/www.geopolitics.fr\\\/2026\\\/05\\\/19\\\/bardella-le-pen-le-tandem-sous-tension-a-lassaut-de-2027\\\/#breadcrumb\",\"itemListElement\":[{\"@type\":\"ListItem\",\"position\":1,\"name\":\"Accueil\",\"item\":\"https:\\\/\\\/www.geopolitics.fr\\\/\"},{\"@type\":\"ListItem\",\"position\":2,\"name\":\"Bardella-Le Pen : le tandem sous tension \u00e0 l&rsquo;assaut de 2027\"}]},{\"@type\":\"WebSite\",\"@id\":\"https:\\\/\\\/www.geopolitics.fr\\\/#website\",\"url\":\"https:\\\/\\\/www.geopolitics.fr\\\/\",\"name\":\"Geopolitics.fr\",\"description\":\"Geopolitics.fr Analyse politique, relations internationales, d\u00e9fense - ligne \u00e9ditoriale gaullo-chiraquienne\",\"publisher\":{\"@id\":\"https:\\\/\\\/www.geopolitics.fr\\\/#organization\"},\"potentialAction\":[{\"@type\":\"SearchAction\",\"target\":{\"@type\":\"EntryPoint\",\"urlTemplate\":\"https:\\\/\\\/www.geopolitics.fr\\\/?s={search_term_string}\"},\"query-input\":{\"@type\":\"PropertyValueSpecification\",\"valueRequired\":true,\"valueName\":\"search_term_string\"}}],\"inLanguage\":\"en-GB\"},{\"@type\":\"Organization\",\"@id\":\"https:\\\/\\\/www.geopolitics.fr\\\/#organization\",\"name\":\"Geopolitics.fr\",\"url\":\"https:\\\/\\\/www.geopolitics.fr\\\/\",\"logo\":{\"@type\":\"ImageObject\",\"inLanguage\":\"en-GB\",\"@id\":\"https:\\\/\\\/www.geopolitics.fr\\\/#\\\/schema\\\/logo\\\/image\\\/\",\"url\":\"https:\\\/\\\/www.geopolitics.fr\\\/wp-content\\\/uploads\\\/2024\\\/01\\\/logo.jpg\",\"contentUrl\":\"https:\\\/\\\/www.geopolitics.fr\\\/wp-content\\\/uploads\\\/2024\\\/01\\\/logo.jpg\",\"width\":500,\"height\":500,\"caption\":\"Geopolitics.fr\"},\"image\":{\"@id\":\"https:\\\/\\\/www.geopolitics.fr\\\/#\\\/schema\\\/logo\\\/image\\\/\"},\"sameAs\":[\"https:\\\/\\\/www.facebook.com\\\/people\\\/Erwan-Davoux\\\/61557098968092\\\/\",\"https:\\\/\\\/x.com\\\/Geopolitics_Fr\"]},{\"@type\":\"Person\",\"@id\":\"https:\\\/\\\/www.geopolitics.fr\\\/#\\\/schema\\\/person\\\/c36b165f511617c65a2bf8f8abd9af41\",\"name\":\"Ghizlaine Badri\",\"image\":{\"@type\":\"ImageObject\",\"inLanguage\":\"en-GB\",\"@id\":\"https:\\\/\\\/www.geopolitics.fr\\\/wp-content\\\/uploads\\\/2026\\\/04\\\/cropped-Ghizlaine-96x96.jpg\",\"url\":\"https:\\\/\\\/www.geopolitics.fr\\\/wp-content\\\/uploads\\\/2026\\\/04\\\/cropped-Ghizlaine-96x96.jpg\",\"contentUrl\":\"https:\\\/\\\/www.geopolitics.fr\\\/wp-content\\\/uploads\\\/2026\\\/04\\\/cropped-Ghizlaine-96x96.jpg\",\"caption\":\"Ghizlaine Badri\"},\"description\":\"R\u00e9dactrice en chef de Geopolitics.fr, Ghizlaine Badri est une Journaliste politique forte de vingt-cing ans d'exp\u00e9rience professionnelle dont quinze ans dans la Presse. Elle a construit un parcours \u00e0 l'intersection des sc\u00e8nes fran\u00e7aise, europ\u00e9enne et internationale. Ghizlaine a collabor\u00e9 avec pr\u00e8s d'une vingtaine de m\u00e9dias, parmi lesquels Le Point, Le Figaro, Les \u00c9chos, L'Express et Forbes. Correspondante Maroc\u2013Maghreb pour Le Point et correspondante Afrique pour Forbes, elle s'est distingu\u00e9e par une couverture approfondie des dynamiques politiques et diplomatiques entre l'Europe et le continent africain. Elle est \u00e0 ce jour la seule journaliste marocaine en activit\u00e9 \u00e0 avoir collabor\u00e9 avec des titres majeurs de la presse fran\u00e7aise hors sph\u00e8re panafricaine en France. Au sein du quotidien \u00e9conomique L'\u00c9conomiste, 1er quotidien au Maroc, elle a fond\u00e9 la rubrique France\u2013Maroc, contribuant \u00e0 structurer un espace \u00e9ditorial in\u00e9dit. Titulaire de trois masters obtenus en France, elle a travaill\u00e9 dans les domaines de la communication institutionnelle notamment \u00e0 la Mairie de Bordeaux aupr\u00e8s d'Alain Jupp\u00e9 et a \u00e9galement exerc\u00e9 des fonctions de direction en communication marketing, notamment aupr\u00e8s de l'Ambassade de France au Maroc. Polyglotte, elle est franco-italo-marocaine, n\u00e9e \u00e0 Casablanca, a v\u00e9cu \u00e0 New-York et maitrise cinq langues le fran\u00e7ais, l'arabe, l'anglais, l'italien et l'espagnol.\",\"url\":\"https:\\\/\\\/www.geopolitics.fr\\\/en\\\/author\\\/ghizlaine-badri\\\/\"}]}<\/script>\n<!-- \/ Yoast SEO Premium plugin. -->","yoast_head_json":{"title":"Bardella-Le Pen : le tandem sous tension \u00e0 l'assaut de 2027 | Geopolitics.fr","description":"Pour le RN, le 2\u00e8me tour n'est plus une garantie de d\u00e9faite, c'est d\u00e9sormais une probabilit\u00e9 de victoire avec un candidat affaibli en face.","robots":{"index":"index","follow":"follow","max-snippet":"max-snippet:-1","max-image-preview":"max-image-preview:large","max-video-preview":"max-video-preview:-1"},"canonical":"https:\/\/www.geopolitics.fr\/en\/2026\/05\/19\/bardella-le-pen-le-tandem-sous-tension-a-lassaut-de-2027\/","og_locale":"en_GB","og_type":"article","og_title":"Bardella-Le Pen : le tandem sous tension \u00e0 l'assaut de 2027","og_description":"Pour le RN, le 2\u00e8me tour n'est plus une garantie de d\u00e9faite, c'est d\u00e9sormais une probabilit\u00e9 de victoire avec un candidat affaibli en face.","og_url":"https:\/\/www.geopolitics.fr\/en\/2026\/05\/19\/bardella-le-pen-le-tandem-sous-tension-a-lassaut-de-2027\/","og_site_name":"Geopolitics.fr","article_publisher":"https:\/\/www.facebook.com\/people\/Erwan-Davoux\/61557098968092\/","article_published_time":"2026-05-19T10:14:30+00:00","article_modified_time":"2026-05-19T10:14:33+00:00","og_image":[{"width":990,"height":660,"url":"https:\/\/www.geopolitics.fr\/wp-content\/uploads\/2026\/05\/BARDELLA-LE-PEN.jpg","type":"image\/jpeg"}],"author":"Ghizlaine Badri","twitter_card":"summary_large_image","twitter_creator":"@Geopolitics_Fr","twitter_site":"@Geopolitics_Fr","twitter_misc":{"Written by":"Ghizlaine Badri","Estimated reading time":"11 minutes"},"schema":{"@context":"https:\/\/schema.org","@graph":[{"@type":"Article","@id":"https:\/\/www.geopolitics.fr\/2026\/05\/19\/bardella-le-pen-le-tandem-sous-tension-a-lassaut-de-2027\/#article","isPartOf":{"@id":"https:\/\/www.geopolitics.fr\/2026\/05\/19\/bardella-le-pen-le-tandem-sous-tension-a-lassaut-de-2027\/"},"author":{"name":"Ghizlaine Badri","@id":"https:\/\/www.geopolitics.fr\/#\/schema\/person\/c36b165f511617c65a2bf8f8abd9af41"},"headline":"Bardella-Le Pen : le tandem sous tension \u00e0 l&rsquo;assaut de 2027","datePublished":"2026-05-19T10:14:30+00:00","dateModified":"2026-05-19T10:14:33+00:00","mainEntityOfPage":{"@id":"https:\/\/www.geopolitics.fr\/2026\/05\/19\/bardella-le-pen-le-tandem-sous-tension-a-lassaut-de-2027\/"},"wordCount":2240,"publisher":{"@id":"https:\/\/www.geopolitics.fr\/#organization"},"image":{"@id":"https:\/\/www.geopolitics.fr\/2026\/05\/19\/bardella-le-pen-le-tandem-sous-tension-a-lassaut-de-2027\/#primaryimage"},"thumbnailUrl":"https:\/\/www.geopolitics.fr\/wp-content\/uploads\/2026\/05\/BARDELLA-LE-PEN.jpg","keywords":["bardella","LE PEN","PRESIDENTIELLE","RN"],"articleSection":["FRANCE","Mis en AVANT","Politique"],"inLanguage":"en-GB"},{"@type":"WebPage","@id":"https:\/\/www.geopolitics.fr\/2026\/05\/19\/bardella-le-pen-le-tandem-sous-tension-a-lassaut-de-2027\/","url":"https:\/\/www.geopolitics.fr\/2026\/05\/19\/bardella-le-pen-le-tandem-sous-tension-a-lassaut-de-2027\/","name":"Bardella-Le Pen : le tandem sous tension \u00e0 l'assaut de 2027 | Geopolitics.fr","isPartOf":{"@id":"https:\/\/www.geopolitics.fr\/#website"},"primaryImageOfPage":{"@id":"https:\/\/www.geopolitics.fr\/2026\/05\/19\/bardella-le-pen-le-tandem-sous-tension-a-lassaut-de-2027\/#primaryimage"},"image":{"@id":"https:\/\/www.geopolitics.fr\/2026\/05\/19\/bardella-le-pen-le-tandem-sous-tension-a-lassaut-de-2027\/#primaryimage"},"thumbnailUrl":"https:\/\/www.geopolitics.fr\/wp-content\/uploads\/2026\/05\/BARDELLA-LE-PEN.jpg","datePublished":"2026-05-19T10:14:30+00:00","dateModified":"2026-05-19T10:14:33+00:00","description":"Pour le RN, le 2\u00e8me tour n'est plus une garantie de d\u00e9faite, c'est d\u00e9sormais une probabilit\u00e9 de victoire avec un candidat affaibli en face.","breadcrumb":{"@id":"https:\/\/www.geopolitics.fr\/2026\/05\/19\/bardella-le-pen-le-tandem-sous-tension-a-lassaut-de-2027\/#breadcrumb"},"inLanguage":"en-GB","potentialAction":[{"@type":"ReadAction","target":["https:\/\/www.geopolitics.fr\/2026\/05\/19\/bardella-le-pen-le-tandem-sous-tension-a-lassaut-de-2027\/"]}]},{"@type":"ImageObject","inLanguage":"en-GB","@id":"https:\/\/www.geopolitics.fr\/2026\/05\/19\/bardella-le-pen-le-tandem-sous-tension-a-lassaut-de-2027\/#primaryimage","url":"https:\/\/www.geopolitics.fr\/wp-content\/uploads\/2026\/05\/BARDELLA-LE-PEN.jpg","contentUrl":"https:\/\/www.geopolitics.fr\/wp-content\/uploads\/2026\/05\/BARDELLA-LE-PEN.jpg","width":990,"height":660},{"@type":"BreadcrumbList","@id":"https:\/\/www.geopolitics.fr\/2026\/05\/19\/bardella-le-pen-le-tandem-sous-tension-a-lassaut-de-2027\/#breadcrumb","itemListElement":[{"@type":"ListItem","position":1,"name":"Accueil","item":"https:\/\/www.geopolitics.fr\/"},{"@type":"ListItem","position":2,"name":"Bardella-Le Pen : le tandem sous tension \u00e0 l&rsquo;assaut de 2027"}]},{"@type":"WebSite","@id":"https:\/\/www.geopolitics.fr\/#website","url":"https:\/\/www.geopolitics.fr\/","name":"Geopolitics.fr","description":"Geopolitics.fr Analyse politique, relations internationales, d\u00e9fense - ligne \u00e9ditoriale gaullo-chiraquienne","publisher":{"@id":"https:\/\/www.geopolitics.fr\/#organization"},"potentialAction":[{"@type":"SearchAction","target":{"@type":"EntryPoint","urlTemplate":"https:\/\/www.geopolitics.fr\/?s={search_term_string}"},"query-input":{"@type":"PropertyValueSpecification","valueRequired":true,"valueName":"search_term_string"}}],"inLanguage":"en-GB"},{"@type":"Organization","@id":"https:\/\/www.geopolitics.fr\/#organization","name":"Geopolitics.fr","url":"https:\/\/www.geopolitics.fr\/","logo":{"@type":"ImageObject","inLanguage":"en-GB","@id":"https:\/\/www.geopolitics.fr\/#\/schema\/logo\/image\/","url":"https:\/\/www.geopolitics.fr\/wp-content\/uploads\/2024\/01\/logo.jpg","contentUrl":"https:\/\/www.geopolitics.fr\/wp-content\/uploads\/2024\/01\/logo.jpg","width":500,"height":500,"caption":"Geopolitics.fr"},"image":{"@id":"https:\/\/www.geopolitics.fr\/#\/schema\/logo\/image\/"},"sameAs":["https:\/\/www.facebook.com\/people\/Erwan-Davoux\/61557098968092\/","https:\/\/x.com\/Geopolitics_Fr"]},{"@type":"Person","@id":"https:\/\/www.geopolitics.fr\/#\/schema\/person\/c36b165f511617c65a2bf8f8abd9af41","name":"Ghizlaine Badri","image":{"@type":"ImageObject","inLanguage":"en-GB","@id":"https:\/\/www.geopolitics.fr\/wp-content\/uploads\/2026\/04\/cropped-Ghizlaine-96x96.jpg","url":"https:\/\/www.geopolitics.fr\/wp-content\/uploads\/2026\/04\/cropped-Ghizlaine-96x96.jpg","contentUrl":"https:\/\/www.geopolitics.fr\/wp-content\/uploads\/2026\/04\/cropped-Ghizlaine-96x96.jpg","caption":"Ghizlaine Badri"},"description":"R\u00e9dactrice en chef de Geopolitics.fr, Ghizlaine Badri est une Journaliste politique forte de vingt-cing ans d'exp\u00e9rience professionnelle dont quinze ans dans la Presse. Elle a construit un parcours \u00e0 l'intersection des sc\u00e8nes fran\u00e7aise, europ\u00e9enne et internationale. Ghizlaine a collabor\u00e9 avec pr\u00e8s d'une vingtaine de m\u00e9dias, parmi lesquels Le Point, Le Figaro, Les \u00c9chos, L'Express et Forbes. Correspondante Maroc\u2013Maghreb pour Le Point et correspondante Afrique pour Forbes, elle s'est distingu\u00e9e par une couverture approfondie des dynamiques politiques et diplomatiques entre l'Europe et le continent africain. Elle est \u00e0 ce jour la seule journaliste marocaine en activit\u00e9 \u00e0 avoir collabor\u00e9 avec des titres majeurs de la presse fran\u00e7aise hors sph\u00e8re panafricaine en France. Au sein du quotidien \u00e9conomique L'\u00c9conomiste, 1er quotidien au Maroc, elle a fond\u00e9 la rubrique France\u2013Maroc, contribuant \u00e0 structurer un espace \u00e9ditorial in\u00e9dit. Titulaire de trois masters obtenus en France, elle a travaill\u00e9 dans les domaines de la communication institutionnelle notamment \u00e0 la Mairie de Bordeaux aupr\u00e8s d'Alain Jupp\u00e9 et a \u00e9galement exerc\u00e9 des fonctions de direction en communication marketing, notamment aupr\u00e8s de l'Ambassade de France au Maroc. Polyglotte, elle est franco-italo-marocaine, n\u00e9e \u00e0 Casablanca, a v\u00e9cu \u00e0 New-York et maitrise cinq langues le fran\u00e7ais, l'arabe, l'anglais, l'italien et l'espagnol.","url":"https:\/\/www.geopolitics.fr\/en\/author\/ghizlaine-badri\/"}]}},"_links":{"self":[{"href":"https:\/\/www.geopolitics.fr\/en\/wp-json\/wp\/v2\/posts\/4364","targetHints":{"allow":["GET"]}}],"collection":[{"href":"https:\/\/www.geopolitics.fr\/en\/wp-json\/wp\/v2\/posts"}],"about":[{"href":"https:\/\/www.geopolitics.fr\/en\/wp-json\/wp\/v2\/types\/post"}],"author":[{"embeddable":true,"href":"https:\/\/www.geopolitics.fr\/en\/wp-json\/wp\/v2\/users\/31730"}],"replies":[{"embeddable":true,"href":"https:\/\/www.geopolitics.fr\/en\/wp-json\/wp\/v2\/comments?post=4364"}],"version-history":[{"count":0,"href":"https:\/\/www.geopolitics.fr\/en\/wp-json\/wp\/v2\/posts\/4364\/revisions"}],"wp:featuredmedia":[{"embeddable":true,"href":"https:\/\/www.geopolitics.fr\/en\/wp-json\/wp\/v2\/media\/4365"}],"wp:attachment":[{"href":"https:\/\/www.geopolitics.fr\/en\/wp-json\/wp\/v2\/media?parent=4364"}],"wp:term":[{"taxonomy":"category","embeddable":true,"href":"https:\/\/www.geopolitics.fr\/en\/wp-json\/wp\/v2\/categories?post=4364"},{"taxonomy":"post_tag","embeddable":true,"href":"https:\/\/www.geopolitics.fr\/en\/wp-json\/wp\/v2\/tags?post=4364"}],"curies":[{"name":"wp","href":"https:\/\/api.w.org\/{rel}","templated":true}]}}