{"id":4360,"date":"2026-05-19T08:36:23","date_gmt":"2026-05-19T06:36:23","guid":{"rendered":"https:\/\/www.geopolitics.fr\/?p=4360"},"modified":"2026-05-19T08:37:23","modified_gmt":"2026-05-19T06:37:23","slug":"berlin-rome-le-nouveau-centre-de-gravite-europeen","status":"publish","type":"post","link":"https:\/\/www.geopolitics.fr\/en\/2026\/05\/19\/berlin-rome-le-nouveau-centre-de-gravite-europeen\/","title":{"rendered":"BERLIN-ROME\u00a0: LE NOUVEAU CENTRE DE GRAVITE EUROPEEN"},"content":{"rendered":"<p class=\"has-medium-font-size wp-block-paragraph\">Cette entente s&rsquo;appuie largement sur le rapport Draghi de 2024, devenu la boussole de Bruxelles.  Relancer la comp\u00e9titivit\u00e9, financer la transition \u00e9nerg\u00e9tique et consolider l&rsquo;industrie de d\u00e9fense telles sont les priorit\u00e9s. Sans bousculer les institutions, elle r\u00e9v\u00e8le un d\u00e9placement profond des \u00e9quilibres au sein de l&rsquo;Union.<\/p>\n\n\n\n<p class=\"has-medium-font-size wp-block-paragraph\">Pour les pays du sud de la M\u00e9diterran\u00e9e, cette recomposition n&rsquo;est pas un d\u00e9tail. Elle marque le retour de l&rsquo;Italie au c\u0153ur du jeu europ\u00e9en. Elle replace la M\u00e9diterran\u00e9e, avec ses flux migratoires, ses ressources \u00e9nerg\u00e9tiques et ses fragilit\u00e9s r\u00e9gionales, parmi les priorit\u00e9s strat\u00e9giques de l&rsquo;Union.<\/p>\n\n\n\n<p class=\"has-medium-font-size wp-block-paragraph\">Ce tandem annonce-t-il la fin du leadership Paris-Berlin ? Ou simplement l&rsquo;av\u00e8nement d&rsquo;une Europe plus fragment\u00e9e, plus pragmatique, davantage gouvern\u00e9e par les rapports de force que par les visions communes ?<\/p>\n\n\n\n<h2 class=\"wp-block-heading\" id=\"h-un-heritage-europeen-encore-lourd\">Un h\u00e9ritage europ\u00e9en encore lourd<\/h2>\n\n\n\n<h3 class=\"wp-block-heading has-medium-font-size\" id=\"h-pour-comprendre-cette-recomposition-il-faut-revenir-a-la-crise-de-la-zone-euro\">Pour comprendre cette recomposition, il faut revenir \u00e0 la crise de la zone euro. <\/h3>\n\n\n\n<p class=\"has-medium-font-size wp-block-paragraph\">Entre 2010 et 2012, Merkel et Sarkozy avaient impos\u00e9 une gouvernance de l&rsquo;urgence : r\u00e9unions bilat\u00e9rales rapides, compromis n\u00e9goci\u00e9s \u00e0 huis clos, cr\u00e9ation du M\u00e9canisme europ\u00e9en de stabilit\u00e9. Cette m\u00e9thode a probablement \u00e9vit\u00e9 l&rsquo;effondrement de la monnaie unique. Elle a aussi laiss\u00e9 des cicatrices durables \u2014 m\u00e9fiance entre le Nord et le Sud, sentiment d&rsquo;une discipline budg\u00e9taire dict\u00e9e par Berlin, d\u00e9saccords persistants sur la Libye, la fiscalit\u00e9, la politique mon\u00e9taire.<\/p>\n\n\n\n<p class=\"has-medium-font-size wp-block-paragraph\">En r\u00e9alit\u00e9, le couple franco-allemand n&rsquo;a jamais \u00e9t\u00e9 un projet politique commun.<\/p>\n\n\n\n<p class=\"has-medium-font-size wp-block-paragraph\">Il a fonctionn\u00e9 comme un pare-feu \u2014 efficace en p\u00e9riode de crise aigu\u00eb, peu adapt\u00e9 aux mutations de fond. Quinze ans plus tard, ce mod\u00e8le atteint ses limites structurelles. L&rsquo;Union de 2026 n&rsquo;affronte plus une urgence financi\u00e8re localis\u00e9e, mais une accumulation de crises simultan\u00e9es : guerre en Ukraine, ralentissement \u00e9conomique, tensions migratoires, comp\u00e9tition industrielle, fragmentation g\u00e9opolitique. Dans ce contexte, les r\u00e9flexes automatiques ne suffisent plus.<\/p>\n\n\n\n<h2 class=\"wp-block-heading\" id=\"h-pourquoi-berlin-et-rome-se-rapprochent\">Pourquoi Berlin et Rome se rapprochent<\/h2>\n\n\n\n<h3 class=\"wp-block-heading has-medium-font-size\" id=\"h-ce-rapprochement-ne-resulte-d-aucun-bouleversement-spectaculaire\">Ce rapprochement ne r\u00e9sulte d&rsquo;aucun bouleversement spectaculaire<\/h3>\n\n\n\n<p class=\"has-medium-font-size wp-block-paragraph\">Il proc\u00e8de d&rsquo;une convergence silencieuse d&rsquo;int\u00e9r\u00eats nationaux, acc\u00e9l\u00e9r\u00e9e par l&rsquo;affaiblissement relatif de Paris.<\/p>\n\n\n\n<p class=\"has-medium-font-size wp-block-paragraph\">Depuis 2024, la France voit sa marge de man\u0153uvre se r\u00e9duire \u00e0 Bruxelles sous le poids de ses d\u00e9ficits. Elle reste influente sur la d\u00e9fense et l&rsquo;autonomie strat\u00e9gique \u2014 domaines o\u00f9 sa cr\u00e9dibilit\u00e9 demeure intacte. Mais sa fragilit\u00e9 budg\u00e9taire \u00e9rode sa capacit\u00e9 \u00e0 entra\u00eener les autres capitales sur les dossiers \u00e9conomiques, l\u00e0 pr\u00e9cis\u00e9ment o\u00f9 se joue l&rsquo;essentiel des arbitrages europ\u00e9ens aujourd&rsquo;hui.<\/p>\n\n\n\n<p class=\"has-medium-font-size wp-block-paragraph\">Friedrich Merz en a tir\u00e9 les cons\u00e9quences. \u00c0 la t\u00eate d&rsquo;une CDU recentr\u00e9e sur la rigueur, il ne cherche pas \u00e0 imposer une h\u00e9g\u00e9monie allemande. Il cherche \u00e0 stabiliser un syst\u00e8me europ\u00e9en qui menace de se gripper. Berlin veut des r\u00e8gles pr\u00e9visibles, des engagements tenus, une solidarit\u00e9 conditionn\u00e9e \u00e0 des r\u00e9formes r\u00e9elles.<\/p>\n\n\n\n<p class=\"has-medium-font-size wp-block-paragraph\">C&rsquo;est pr\u00e9cis\u00e9ment sur ce terrain que Meloni a reconstruit sa cr\u00e9dibilit\u00e9 europ\u00e9enne. Sans renier ses convictions, elle a troqu\u00e9 le ton souverainiste de ses d\u00e9buts contre une posture de partenaire fiable \u2014 au sein de l&rsquo;OTAN comme dans les institutions de l&rsquo;Union. Sur les migrations et la politique industrielle, elle n&rsquo;a rien l\u00e2ch\u00e9. Mais elle a compris une chose simple : l&rsquo;Italie p\u00e8se davantage en jouant le jeu europ\u00e9en qu&rsquo;en le contestant.<\/p>\n\n\n\n<p class=\"has-medium-font-size wp-block-paragraph\">Malgr\u00e9 une dette publique consid\u00e9rable, l&rsquo;\u00e9conomie italienne affiche une r\u00e9silience inattendue. Rome retrouve une influence strat\u00e9gique que les ann\u00e9es Berlusconi puis la crise de 2011 avaient s\u00e9rieusement entam\u00e9e.<\/p>\n\n\n\n<h2 class=\"wp-block-heading has-medium-font-size\" id=\"h-pour-les-pays-du-maghreb-ce-retour-est-lourd-de-sens\">Pour les pays du Maghreb, ce retour est lourd de sens<\/h2>\n\n\n\n<p class=\"has-medium-font-size wp-block-paragraph\">L&rsquo;Italie n&rsquo;est pas un partenaire m\u00e9diterran\u00e9en par id\u00e9ologie ou par tradition diplomatique : elle l&rsquo;est par n\u00e9cessit\u00e9 g\u00e9ographique et par int\u00e9r\u00eat national direct. Ses approvisionnements \u00e9nerg\u00e9tiques d\u00e9pendent des pipelines nord-africains. Ses c\u00f4tes sont en premi\u00e8re ligne des flux migratoires. Sa stabilit\u00e9 int\u00e9rieure est li\u00e9e, plus que celle de tout autre grand pays europ\u00e9en, \u00e0 ce qui se passe sur la rive sud. C&rsquo;est cette convergence d&rsquo;int\u00e9r\u00eats \u2014 et non une solidarit\u00e9 de fa\u00e7ade \u2014 qui fait de Rome un interlocuteur structurellement diff\u00e9rent de Berlin ou de Paris pour les capitales du Maghreb.<\/p>\n\n\n\n<p class=\"has-medium-font-size wp-block-paragraph\">Le rapport Draghi fournit le terrain d&rsquo;entente op\u00e9rationnel : moins de bureaucratie, davantage d&rsquo;investissements industriels, soutien \u00e0 la d\u00e9fense, priorit\u00e9 aux r\u00e9sultats sur les grandes visions. Il ne s&rsquo;agit pas de diriger l&rsquo;Europe \u00e0 deux \u2014 mais de la d\u00e9verrouiller avant les sommets, pour \u00e9viter que les blocages institutionnels ne paralysent des d\u00e9cisions devenues urgentes.<\/p>\n\n\n\n<h2 class=\"wp-block-heading\" id=\"h-les-convergences-et-les-limites-du-tandem\">Les convergences\u2026 et les limites du tandem<\/h2>\n\n\n\n<h2 class=\"wp-block-heading has-medium-font-size\" id=\"h-derriere-l-image-d-un-front-commun-a-bruxelles-l-entente-berlin-rome-reste-avant-tout-pragmatique\">Derri\u00e8re l&rsquo;image d&rsquo;un front commun \u00e0 Bruxelles, l&rsquo;entente Berlin-Rome reste avant tout pragmatique<\/h2>\n\n\n\n<p class=\"has-medium-font-size wp-block-paragraph\">Elle repose moins sur une proximit\u00e9 id\u00e9ologique que sur des int\u00e9r\u00eats g\u00e9opolitiques ponctuellement convergents. Le tandem fonctionne quand les priorit\u00e9s nationales co\u00efncident ; ses fragilit\u00e9s r\u00e9apparaissent d\u00e8s que les questions budg\u00e9taires ou \u00e9nerg\u00e9tiques deviennent sensibles.<\/p>\n\n\n\n<p class=\"has-medium-font-size wp-block-paragraph\">Sur le fond, les deux capitales partagent plusieurs orientations. Elles souhaitent assouplir certaines r\u00e8gles budg\u00e9taires europ\u00e9ennes pour faciliter les investissements strat\u00e9giques, et soutiennent une relance industrielle centr\u00e9e sur la d\u00e9fense, les semi-conducteurs et la s\u00e9curisation des approvisionnements.<\/p>\n\n\n\n<p class=\"has-medium-font-size wp-block-paragraph\">Sur les migrations, leur convergence est peut-\u00eatre la plus significative pour le voisinage sud. L&rsquo;objectif n&rsquo;est plus seulement de contr\u00f4ler les fronti\u00e8res europ\u00e9ennes, mais de d\u00e9placer une partie de la gestion migratoire vers les pays partenaires d&rsquo;Afrique du Nord et du Sahel \u2014 ce qui renforce m\u00e9caniquement le poids strat\u00e9gique de ces \u00c9tats dans leurs n\u00e9gociations avec Bruxelles.<\/p>\n\n\n\n<p class=\"has-medium-font-size wp-block-paragraph\">Sur l&rsquo;Ukraine, Berlin et Rome affichent une ligne plus mesur\u00e9e que les pays d&rsquo;Europe orientale : soutien financier, \u00e9nerg\u00e9tique et industriel \u00e0 Kiev, sans s&rsquo;engager dans une logique d&rsquo;escalade militaire ouverte.<\/p>\n\n\n\n<h3 class=\"wp-block-heading has-medium-font-size\" id=\"h-cette-methode-donne-de-la-souplesse-a-l-union-elle-ne-lui-donne-pas-de-vision-nbsp-nbsp\">Cette m\u00e9thode donne de la souplesse \u00e0 l&rsquo;Union. Elle ne lui donne pas de vision.&nbsp;&nbsp;<\/h3>\n\n\n\n<p class=\"has-medium-font-size wp-block-paragraph\">Car les divergences sont r\u00e9elles. La dette italienne demeure une source de tension structurelle avec la rigueur budg\u00e9taire allemande. Sur l&rsquo;\u00e9nergie, Berlin mise sur le gaz naturel liqu\u00e9fi\u00e9 et les renouvelables ; Rome d\u00e9fend le nucl\u00e9aire et cherche \u00e0 densifier les connexions \u00e9nerg\u00e9tiques m\u00e9diterran\u00e9ennes. Sur la politique mon\u00e9taire, l&rsquo;Allemagne reste attach\u00e9e \u00e0 la lutte contre l&rsquo;inflation, quand l&rsquo;Italie pousse la BCE vers une posture plus favorable \u00e0 la croissance.<\/p>\n\n\n\n<p class=\"has-medium-font-size wp-block-paragraph\">Surtout, leurs horizons g\u00e9opolitiques ne se superposent pas. Berlin regarde vers l&rsquo;Est \u2014 Russie, Balkans, Europe centrale. Rome regarde vers le Sud \u2014 Afrique du Nord, routes \u00e9nerg\u00e9tiques, Sahel, M\u00e9diterran\u00e9e \u00e9largie. Vu depuis le Maghreb, cette asym\u00e9trie est d\u00e9cisive : elle explique pourquoi l&rsquo;Italie ambitionne un r\u00f4le de passerelle entre l&rsquo;Europe et son voisinage m\u00e9ridional, l\u00e0 o\u00f9 l&rsquo;Allemagne reste ancr\u00e9e dans les \u00e9quilibres continentaux.<\/p>\n\n\n\n<p class=\"has-medium-font-size wp-block-paragraph\">Cette alliance reste donc flexible et r\u00e9versible. Elle ne repose sur aucun trait\u00e9, ne porte aucune vision f\u00e9d\u00e9rale. Sa solidit\u00e9 d\u00e9pend des \u00e9quilibres politiques internes, des turbulences \u00e9conomiques et des crises migratoires \u00e0 venir. Berlin et Rome ne dirigent pas l&rsquo;Europe \u2014 ils en g\u00e8rent les urgences, et tentent de maintenir une coh\u00e9sion minimale dans une Union structurellement plus fragment\u00e9e.<\/p>\n\n\n\n<p class=\"has-medium-font-size wp-block-paragraph\">Ce que r\u00e9v\u00e8le cette recomposition est plus profond : les grands axes stables c\u00e8dent la place \u00e0 des coalitions construites dossier par dossier. Le pouvoir \u00e0 Bruxelles devient moins vertical, plus transactionnel, plus mouvant.<\/p>\n\n\n\n<h2 class=\"wp-block-heading\" id=\"h-l-union-europeenne-face-a-ce-nouveau-pilotage\">L\u2019Union europ\u00e9enne face \u00e0 ce nouveau pilotage<\/h2>\n\n\n\n<h2 class=\"wp-block-heading has-medium-font-size\" id=\"h-contrairement-au-couple-franco-allemand-le-tandem-merz-meloni-ne-constitue-pas-un-directoire-europeen\">Contrairement au couple franco-allemand, le tandem Merz-Meloni ne constitue pas un directoire europ\u00e9en<\/h2>\n\n\n\n<p class=\"has-medium-font-size wp-block-paragraph\">Les institutions de l&rsquo;Union continuent de limiter l&rsquo;influence des capitales nationales : la Commission garde l&rsquo;initiative l\u00e9gislative, l&rsquo;Eurogroupe arbitre les finances, le Conseil europ\u00e9en recherche des compromis entre int\u00e9r\u00eats divergents. Dans ce syst\u00e8me, Berlin et Rome ne dictent pas les r\u00e8gles \u2014 ils cr\u00e9ent les conditions pour que les r\u00e8gles soient acceptables.<\/p>\n\n\n\n<p class=\"has-medium-font-size wp-block-paragraph\">La France reste la puissance militaire de r\u00e9f\u00e9rence en Europe \u2014 sur la d\u00e9fense et l&rsquo;autonomie strat\u00e9gique, personne ne peut se passer d&rsquo;elle. Mais ses d\u00e9ficits publics et son instabilit\u00e9 politique ont rogn\u00e9 son influence sur les dossiers \u00e9conomiques. Paris ne dicte plus le tempo. Berlin et Rome ne l&rsquo;\u00e9cartent pas \u2014 ils avancent sans l&rsquo;attendre, et reviennent la chercher quand l&rsquo;accord final l&rsquo;exige. La France est toujours \u00e0 la table. Elle n&rsquo;est plus en t\u00eate de table.<\/p>\n\n\n\n<p class=\"has-medium-font-size wp-block-paragraph\">Le reste de l&rsquo;Union s&rsquo;ajuste en fonction de ses int\u00e9r\u00eats. Les pays du Nord suivent la rigueur budg\u00e9taire allemande. L&rsquo;Europe centrale prot\u00e8ge ses marges de souverainet\u00e9. Les pays du Sud n\u00e9gocient des financements et de la flexibilit\u00e9. Chacun joue sa partition. Il n&rsquo;y a plus de chef d&rsquo;orchestre \u2014 il y a des coalitions qui se forment, se d\u00e9font et se reforment selon les dossiers. Cette Europe-l\u00e0 est moins lisible et moins ambitieuse. Elle est peut-\u00eatre plus solide, pr\u00e9cis\u00e9ment parce qu&rsquo;elle n&rsquo;exige plus de tous qu&rsquo;ils avancent au m\u00eame rythme.<\/p>\n\n\n\n<h2 class=\"wp-block-heading\" id=\"h-un-nouvel-equilibre-europeen\">\u00a0Un nouvel \u00e9quilibre europ\u00e9en<\/h2>\n\n\n\n<h2 class=\"wp-block-heading has-medium-font-size\" id=\"h-le-tandem-merz-meloni-ne-change-pas-l-europe-il-revele-ce-qu-elle-est-devenue\">Le tandem Merz-Meloni ne change pas l&rsquo;Europe \u2014 il r\u00e9v\u00e8le ce qu&rsquo;elle est devenue. <\/h2>\n\n\n\n<p class=\"has-medium-font-size wp-block-paragraph\">Une Union qui a renonc\u00e9 \u00e0 se gouverner par les grandes ambitions et qui apprend \u00e0 se gouverner par la gestion du quotidien.<\/p>\n\n\n\n<p class=\"has-medium-font-size wp-block-paragraph\">Le couple franco-allemand portait encore, m\u00eame maladroitement, un projet politique pour le continent. Berlin et Rome se fixent des objectifs plus modestes : tenir les finances, d\u00e9fendre l&rsquo;industrie, contenir les migrations, accompagner l&rsquo;Ukraine sans s&rsquo;y perdre. C&rsquo;est une Europe qui g\u00e8re ce qu&rsquo;elle a, plut\u00f4t que de construire ce qu&rsquo;elle veut.<\/p>\n\n\n\n<p class=\"has-medium-font-size wp-block-paragraph\">La vraie question n&rsquo;est donc plus de savoir qui dirige l&rsquo;Europe. Elle est de savoir o\u00f9 elle va : vers une puissance \u00e9conomique capable de peser dans la comp\u00e9tition mondiale ? Vers une autonomie strat\u00e9gique r\u00e9elle, avec ses propres capacit\u00e9s de d\u00e9fense ? Ou vers une gestion d\u00e9fensive et permanente des crises, condamn\u00e9e \u00e0 subir les \u00e9v\u00e9nements plut\u00f4t qu&rsquo;\u00e0 les orienter ?<\/p>\n\n\n\n<h2 class=\"wp-block-heading has-medium-font-size\" id=\"h-le-conseil-europeen-de-juin-2026-sera-un-premier-indicateur\">Le Conseil europ\u00e9en de juin 2026 sera un premier indicateur<\/h2>\n\n\n\n<p class=\"has-medium-font-size wp-block-paragraph\">La r\u00e9forme des r\u00e8gles budg\u00e9taires et le financement de la d\u00e9fense diront si Berlin et Rome peuvent transformer leur complicit\u00e9 tactique en \u00e9lan collectif. Mais une \u00e9ch\u00e9ance ne dessine pas un horizon.<\/p>\n\n\n\n<p class=\"has-medium-font-size wp-block-paragraph\">Car cette recomposition d\u00e9passe Bruxelles. Le retour de l&rsquo;Italie au c\u0153ur du jeu europ\u00e9en replace la M\u00e9diterran\u00e9e l\u00e0 o\u00f9 elle aurait toujours d\u00fb \u00eatre : au centre des priorit\u00e9s strat\u00e9giques de l&rsquo;Union. \u00c9nergie, migrations, s\u00e9curit\u00e9 maritime, routes commerciales, stabilit\u00e9 du Sahel \u2014 le Sud m\u00e9diterran\u00e9en cesse d&rsquo;\u00eatre une p\u00e9riph\u00e9rie que l&rsquo;on administre de loin pour redevenir un espace que l&rsquo;on calcule de pr\u00e8s.<\/p>\n\n\n\n<h2 class=\"wp-block-heading has-medium-font-size\" id=\"h-pour-les-capitales-du-maghreb-cette-reconfiguration-est-a-double-tranchant\">Pour les capitales du Maghreb, cette reconfiguration est \u00e0 double tranchant<\/h2>\n\n\n\n<p class=\"has-medium-font-size wp-block-paragraph\">Elle ouvre des perspectives r\u00e9elles \u2014 \u00e9conomiques, \u00e9nerg\u00e9tiques, diplomatiques. Mais elle porte un risque d&rsquo;asym\u00e9trie structurelle : voir la rive sud r\u00e9duite \u00e0 une zone tampon \u2014 utile pour externaliser la gestion migratoire et s\u00e9curiser les fronti\u00e8res de l&rsquo;Union, sans jamais acc\u00e9der au statut de partenaire \u00e0 part enti\u00e8re.<\/p>\n\n\n\n<p class=\"has-medium-font-size wp-block-paragraph\">La trajectoire finale ne se d\u00e9cidera pas \u00e0 Bruxelles. Elle d\u00e9pendra de la capacit\u00e9 des pays du Maghreb \u00e0 opposer une doctrine r\u00e9gionale concert\u00e9e aux strat\u00e9gies de bilat\u00e9ralisation de l&rsquo;Union \u2014 qui divisent pour mieux n\u00e9gocier. L&rsquo;enjeu est de cesser d&rsquo;appara\u00eetre comme un r\u00e9servoir de probl\u00e8mes \u00e0 g\u00e9rer, pour s&rsquo;affirmer comme un ensemble de puissances r\u00e9gionales indispensables : \u00e0 la s\u00e9curit\u00e9 de l&rsquo;Europe, \u00e0 sa transition \u00e9nerg\u00e9tique, et \u00e0 sa stabilit\u00e9 \u00e0 long terme.<\/p>\n\n\n\n<p class=\"has-medium-font-size wp-block-paragraph\">L&rsquo;Europe avance d\u00e9sormais sans cap fixe \u2014 par coalitions provisoires, \u00e9quilibres instables, rapports de force sans cesse ren\u00e9goci\u00e9s. Cette souplesse peut la rendre plus r\u00e9sistante. Elle peut aussi l&#8217;emp\u00eacher de r\u00e9pondre \u00e0 la question qui, t\u00f4t ou tard, s&rsquo;imposera \u00e0 elle :<\/p>\n\n\n\n<p class=\"has-medium-font-size wp-block-paragraph\">Quelle puissance veut-elle encore \u00eatre dans le monde qui se construit sans elle ?<\/p>\n\n\n\n<p class=\"wp-block-paragraph\"><\/p>","protected":false},"excerpt":{"rendered":"<p>Cette entente s&rsquo;appuie largement sur le rapport Draghi de 2024, devenu la boussole de Bruxelles. Relancer la comp\u00e9titivit\u00e9, financer la transition \u00e9nerg\u00e9tique&hellip;<\/p>","protected":false},"author":103,"featured_media":4362,"comment_status":"closed","ping_status":"closed","sticky":false,"template":"","format":"standard","meta":{"_lmt_disableupdate":"","_lmt_disable":"","footnotes":""},"categories":[611,5,4],"tags":[356,109,695],"class_list":["post-4360","post","type-post","status-publish","format-standard","has-post-thumbnail","hentry","category-europe","category-international","category-mis-en-avant","tag-allemagne","tag-europe","tag-italie"],"yoast_head":"<!-- This site is optimized with the Yoast SEO Premium plugin v28.1 (Yoast SEO v28.1) - https:\/\/yoast.com\/product\/yoast-seo-premium-wordpress\/ -->\n<title>BERLIN-ROME\u00a0: LE NOUVEAU CENTRE DE GRAVITE EUROPEEN | Geopolitics.fr<\/title>\n<meta name=\"description\" content=\"A Bruxelles, l&#039;entente Berlin-Rome reste avant tout pragmatique. Elle repose sur des int\u00e9r\u00eats g\u00e9opolitiques ponctuellement convergents.\" \/>\n<meta name=\"robots\" content=\"index, follow, max-snippet:-1, max-image-preview:large, max-video-preview:-1\" \/>\n<link rel=\"canonical\" href=\"https:\/\/www.geopolitics.fr\/en\/2026\/05\/19\/berlin-rome-le-nouveau-centre-de-gravite-europeen\/\" \/>\n<meta property=\"og:locale\" content=\"en_GB\" \/>\n<meta property=\"og:type\" content=\"article\" \/>\n<meta property=\"og:title\" content=\"BERLIN-ROME\u00a0: LE NOUVEAU CENTRE DE GRAVITE EUROPEEN\" \/>\n<meta property=\"og:description\" content=\"A Bruxelles, l&#039;entente Berlin-Rome reste avant tout pragmatique. Elle repose sur des int\u00e9r\u00eats g\u00e9opolitiques ponctuellement convergents.\" \/>\n<meta property=\"og:url\" content=\"https:\/\/www.geopolitics.fr\/en\/2026\/05\/19\/berlin-rome-le-nouveau-centre-de-gravite-europeen\/\" \/>\n<meta property=\"og:site_name\" content=\"Geopolitics.fr\" \/>\n<meta property=\"article:publisher\" content=\"https:\/\/www.facebook.com\/people\/Erwan-Davoux\/61557098968092\/\" \/>\n<meta property=\"article:published_time\" content=\"2026-05-19T06:36:23+00:00\" \/>\n<meta property=\"article:modified_time\" content=\"2026-05-19T06:37:23+00:00\" \/>\n<meta property=\"og:image\" content=\"https:\/\/www.geopolitics.fr\/wp-content\/uploads\/2026\/05\/MERZ-MELONI-BON.jpg\" \/>\n\t<meta property=\"og:image:width\" content=\"663\" \/>\n\t<meta property=\"og:image:height\" content=\"510\" \/>\n\t<meta property=\"og:image:type\" content=\"image\/jpeg\" \/>\n<meta name=\"author\" content=\"Elyes GHARIANI\" \/>\n<meta name=\"twitter:card\" content=\"summary_large_image\" \/>\n<meta name=\"twitter:creator\" content=\"@Geopolitics_Fr\" \/>\n<meta name=\"twitter:site\" content=\"@Geopolitics_Fr\" \/>\n<meta name=\"twitter:label1\" content=\"Written by\" \/>\n\t<meta name=\"twitter:data1\" content=\"Elyes GHARIANI\" \/>\n\t<meta name=\"twitter:label2\" content=\"Estimated reading time\" \/>\n\t<meta name=\"twitter:data2\" content=\"10 minutes\" \/>\n<script type=\"application\/ld+json\" class=\"yoast-schema-graph\">{\"@context\":\"https:\\\/\\\/schema.org\",\"@graph\":[{\"@type\":\"Article\",\"@id\":\"https:\\\/\\\/www.geopolitics.fr\\\/2026\\\/05\\\/19\\\/berlin-rome-le-nouveau-centre-de-gravite-europeen\\\/#article\",\"isPartOf\":{\"@id\":\"https:\\\/\\\/www.geopolitics.fr\\\/2026\\\/05\\\/19\\\/berlin-rome-le-nouveau-centre-de-gravite-europeen\\\/\"},\"author\":{\"name\":\"Elyes GHARIANI\",\"@id\":\"https:\\\/\\\/www.geopolitics.fr\\\/#\\\/schema\\\/person\\\/2f100050c14e702a5388d142a9fa8307\"},\"headline\":\"BERLIN-ROME\u00a0: LE NOUVEAU CENTRE DE GRAVITE EUROPEEN\",\"datePublished\":\"2026-05-19T06:36:23+00:00\",\"dateModified\":\"2026-05-19T06:37:23+00:00\",\"mainEntityOfPage\":{\"@id\":\"https:\\\/\\\/www.geopolitics.fr\\\/2026\\\/05\\\/19\\\/berlin-rome-le-nouveau-centre-de-gravite-europeen\\\/\"},\"wordCount\":2084,\"publisher\":{\"@id\":\"https:\\\/\\\/www.geopolitics.fr\\\/#organization\"},\"image\":{\"@id\":\"https:\\\/\\\/www.geopolitics.fr\\\/2026\\\/05\\\/19\\\/berlin-rome-le-nouveau-centre-de-gravite-europeen\\\/#primaryimage\"},\"thumbnailUrl\":\"https:\\\/\\\/www.geopolitics.fr\\\/wp-content\\\/uploads\\\/2026\\\/05\\\/MERZ-MELONI-BON.jpg\",\"keywords\":[\"ALLEMAGNE\",\"EUROPE\",\"ITALIE\"],\"articleSection\":[\"Europe\",\"International\",\"Mis en AVANT\"],\"inLanguage\":\"en-GB\"},{\"@type\":\"WebPage\",\"@id\":\"https:\\\/\\\/www.geopolitics.fr\\\/2026\\\/05\\\/19\\\/berlin-rome-le-nouveau-centre-de-gravite-europeen\\\/\",\"url\":\"https:\\\/\\\/www.geopolitics.fr\\\/2026\\\/05\\\/19\\\/berlin-rome-le-nouveau-centre-de-gravite-europeen\\\/\",\"name\":\"BERLIN-ROME\u00a0: LE NOUVEAU CENTRE DE GRAVITE EUROPEEN | Geopolitics.fr\",\"isPartOf\":{\"@id\":\"https:\\\/\\\/www.geopolitics.fr\\\/#website\"},\"primaryImageOfPage\":{\"@id\":\"https:\\\/\\\/www.geopolitics.fr\\\/2026\\\/05\\\/19\\\/berlin-rome-le-nouveau-centre-de-gravite-europeen\\\/#primaryimage\"},\"image\":{\"@id\":\"https:\\\/\\\/www.geopolitics.fr\\\/2026\\\/05\\\/19\\\/berlin-rome-le-nouveau-centre-de-gravite-europeen\\\/#primaryimage\"},\"thumbnailUrl\":\"https:\\\/\\\/www.geopolitics.fr\\\/wp-content\\\/uploads\\\/2026\\\/05\\\/MERZ-MELONI-BON.jpg\",\"datePublished\":\"2026-05-19T06:36:23+00:00\",\"dateModified\":\"2026-05-19T06:37:23+00:00\",\"description\":\"A Bruxelles, l'entente Berlin-Rome reste avant tout pragmatique. Elle repose sur des int\u00e9r\u00eats g\u00e9opolitiques ponctuellement convergents.\",\"breadcrumb\":{\"@id\":\"https:\\\/\\\/www.geopolitics.fr\\\/2026\\\/05\\\/19\\\/berlin-rome-le-nouveau-centre-de-gravite-europeen\\\/#breadcrumb\"},\"inLanguage\":\"en-GB\",\"potentialAction\":[{\"@type\":\"ReadAction\",\"target\":[\"https:\\\/\\\/www.geopolitics.fr\\\/2026\\\/05\\\/19\\\/berlin-rome-le-nouveau-centre-de-gravite-europeen\\\/\"]}]},{\"@type\":\"ImageObject\",\"inLanguage\":\"en-GB\",\"@id\":\"https:\\\/\\\/www.geopolitics.fr\\\/2026\\\/05\\\/19\\\/berlin-rome-le-nouveau-centre-de-gravite-europeen\\\/#primaryimage\",\"url\":\"https:\\\/\\\/www.geopolitics.fr\\\/wp-content\\\/uploads\\\/2026\\\/05\\\/MERZ-MELONI-BON.jpg\",\"contentUrl\":\"https:\\\/\\\/www.geopolitics.fr\\\/wp-content\\\/uploads\\\/2026\\\/05\\\/MERZ-MELONI-BON.jpg\",\"width\":663,\"height\":510},{\"@type\":\"BreadcrumbList\",\"@id\":\"https:\\\/\\\/www.geopolitics.fr\\\/2026\\\/05\\\/19\\\/berlin-rome-le-nouveau-centre-de-gravite-europeen\\\/#breadcrumb\",\"itemListElement\":[{\"@type\":\"ListItem\",\"position\":1,\"name\":\"Accueil\",\"item\":\"https:\\\/\\\/www.geopolitics.fr\\\/\"},{\"@type\":\"ListItem\",\"position\":2,\"name\":\"BERLIN-ROME\u00a0: LE NOUVEAU CENTRE DE GRAVITE EUROPEEN\"}]},{\"@type\":\"WebSite\",\"@id\":\"https:\\\/\\\/www.geopolitics.fr\\\/#website\",\"url\":\"https:\\\/\\\/www.geopolitics.fr\\\/\",\"name\":\"Geopolitics.fr\",\"description\":\"Geopolitics.fr Analyse politique, relations internationales, d\u00e9fense - ligne \u00e9ditoriale gaullo-chiraquienne\",\"publisher\":{\"@id\":\"https:\\\/\\\/www.geopolitics.fr\\\/#organization\"},\"potentialAction\":[{\"@type\":\"SearchAction\",\"target\":{\"@type\":\"EntryPoint\",\"urlTemplate\":\"https:\\\/\\\/www.geopolitics.fr\\\/?s={search_term_string}\"},\"query-input\":{\"@type\":\"PropertyValueSpecification\",\"valueRequired\":true,\"valueName\":\"search_term_string\"}}],\"inLanguage\":\"en-GB\"},{\"@type\":\"Organization\",\"@id\":\"https:\\\/\\\/www.geopolitics.fr\\\/#organization\",\"name\":\"Geopolitics.fr\",\"url\":\"https:\\\/\\\/www.geopolitics.fr\\\/\",\"logo\":{\"@type\":\"ImageObject\",\"inLanguage\":\"en-GB\",\"@id\":\"https:\\\/\\\/www.geopolitics.fr\\\/#\\\/schema\\\/logo\\\/image\\\/\",\"url\":\"https:\\\/\\\/www.geopolitics.fr\\\/wp-content\\\/uploads\\\/2024\\\/01\\\/logo.jpg\",\"contentUrl\":\"https:\\\/\\\/www.geopolitics.fr\\\/wp-content\\\/uploads\\\/2024\\\/01\\\/logo.jpg\",\"width\":500,\"height\":500,\"caption\":\"Geopolitics.fr\"},\"image\":{\"@id\":\"https:\\\/\\\/www.geopolitics.fr\\\/#\\\/schema\\\/logo\\\/image\\\/\"},\"sameAs\":[\"https:\\\/\\\/www.facebook.com\\\/people\\\/Erwan-Davoux\\\/61557098968092\\\/\",\"https:\\\/\\\/x.com\\\/Geopolitics_Fr\"]},{\"@type\":\"Person\",\"@id\":\"https:\\\/\\\/www.geopolitics.fr\\\/#\\\/schema\\\/person\\\/2f100050c14e702a5388d142a9fa8307\",\"name\":\"Elyes GHARIANI\",\"image\":{\"@type\":\"ImageObject\",\"inLanguage\":\"en-GB\",\"@id\":\"https:\\\/\\\/www.geopolitics.fr\\\/wp-content\\\/uploads\\\/2024\\\/12\\\/elyes-photo-96x96.png\",\"url\":\"https:\\\/\\\/www.geopolitics.fr\\\/wp-content\\\/uploads\\\/2024\\\/12\\\/elyes-photo-96x96.png\",\"contentUrl\":\"https:\\\/\\\/www.geopolitics.fr\\\/wp-content\\\/uploads\\\/2024\\\/12\\\/elyes-photo-96x96.png\",\"caption\":\"Elyes GHARIANI\"},\"description\":\"Ancien ambassadeur de Tunisie, \u00e0 Berlin et \u00e0 La Haye et fort d\u2019une exp\u00e9rience de 40 ans dans le travail diplomatique et la coop\u00e9ration internationale, il dispose d\u2019une bonne expertise en affaires europ\u00e9ennes pour avoir \u00e9t\u00e9 en poste dans les principaux Etats membres fondateurs de l\u2019UE (Allemagne, Belgique, France, Pays-Bas). Dipl\u00f4m\u00e9 de l\u2019Institut Bourguiba des Langues Vivantes de Tunis, de l\u2019Institut Pouchkine de langue russe \u00e0 Moscou et de l\u2019Institut Universitaire des Hautes Etudes Internationales (IUHEI) de Gen\u00e8ve, il dispose d\u2019une large exp\u00e9rience en mati\u00e8re de gestion et de mise en \u0153uvre de projets au niveau international. Il a \u00e9t\u00e9 Conseiller Diplomatique du Chef du Gouvernement en 2015-2016 et 2020-2021\",\"url\":\"https:\\\/\\\/www.geopolitics.fr\\\/en\\\/author\\\/elyes\\\/\"}]}<\/script>\n<!-- \/ Yoast SEO Premium plugin. -->","yoast_head_json":{"title":"BERLIN-ROME\u00a0: LE NOUVEAU CENTRE DE GRAVITE EUROPEEN | Geopolitics.fr","description":"A Bruxelles, l'entente Berlin-Rome reste avant tout pragmatique. Elle repose sur des int\u00e9r\u00eats g\u00e9opolitiques ponctuellement convergents.","robots":{"index":"index","follow":"follow","max-snippet":"max-snippet:-1","max-image-preview":"max-image-preview:large","max-video-preview":"max-video-preview:-1"},"canonical":"https:\/\/www.geopolitics.fr\/en\/2026\/05\/19\/berlin-rome-le-nouveau-centre-de-gravite-europeen\/","og_locale":"en_GB","og_type":"article","og_title":"BERLIN-ROME\u00a0: LE NOUVEAU CENTRE DE GRAVITE EUROPEEN","og_description":"A Bruxelles, l'entente Berlin-Rome reste avant tout pragmatique. Elle repose sur des int\u00e9r\u00eats g\u00e9opolitiques ponctuellement convergents.","og_url":"https:\/\/www.geopolitics.fr\/en\/2026\/05\/19\/berlin-rome-le-nouveau-centre-de-gravite-europeen\/","og_site_name":"Geopolitics.fr","article_publisher":"https:\/\/www.facebook.com\/people\/Erwan-Davoux\/61557098968092\/","article_published_time":"2026-05-19T06:36:23+00:00","article_modified_time":"2026-05-19T06:37:23+00:00","og_image":[{"width":663,"height":510,"url":"https:\/\/www.geopolitics.fr\/wp-content\/uploads\/2026\/05\/MERZ-MELONI-BON.jpg","type":"image\/jpeg"}],"author":"Elyes GHARIANI","twitter_card":"summary_large_image","twitter_creator":"@Geopolitics_Fr","twitter_site":"@Geopolitics_Fr","twitter_misc":{"Written by":"Elyes GHARIANI","Estimated reading time":"10 minutes"},"schema":{"@context":"https:\/\/schema.org","@graph":[{"@type":"Article","@id":"https:\/\/www.geopolitics.fr\/2026\/05\/19\/berlin-rome-le-nouveau-centre-de-gravite-europeen\/#article","isPartOf":{"@id":"https:\/\/www.geopolitics.fr\/2026\/05\/19\/berlin-rome-le-nouveau-centre-de-gravite-europeen\/"},"author":{"name":"Elyes GHARIANI","@id":"https:\/\/www.geopolitics.fr\/#\/schema\/person\/2f100050c14e702a5388d142a9fa8307"},"headline":"BERLIN-ROME\u00a0: LE NOUVEAU CENTRE DE GRAVITE EUROPEEN","datePublished":"2026-05-19T06:36:23+00:00","dateModified":"2026-05-19T06:37:23+00:00","mainEntityOfPage":{"@id":"https:\/\/www.geopolitics.fr\/2026\/05\/19\/berlin-rome-le-nouveau-centre-de-gravite-europeen\/"},"wordCount":2084,"publisher":{"@id":"https:\/\/www.geopolitics.fr\/#organization"},"image":{"@id":"https:\/\/www.geopolitics.fr\/2026\/05\/19\/berlin-rome-le-nouveau-centre-de-gravite-europeen\/#primaryimage"},"thumbnailUrl":"https:\/\/www.geopolitics.fr\/wp-content\/uploads\/2026\/05\/MERZ-MELONI-BON.jpg","keywords":["ALLEMAGNE","EUROPE","ITALIE"],"articleSection":["Europe","International","Mis en AVANT"],"inLanguage":"en-GB"},{"@type":"WebPage","@id":"https:\/\/www.geopolitics.fr\/2026\/05\/19\/berlin-rome-le-nouveau-centre-de-gravite-europeen\/","url":"https:\/\/www.geopolitics.fr\/2026\/05\/19\/berlin-rome-le-nouveau-centre-de-gravite-europeen\/","name":"BERLIN-ROME\u00a0: LE NOUVEAU CENTRE DE GRAVITE EUROPEEN | Geopolitics.fr","isPartOf":{"@id":"https:\/\/www.geopolitics.fr\/#website"},"primaryImageOfPage":{"@id":"https:\/\/www.geopolitics.fr\/2026\/05\/19\/berlin-rome-le-nouveau-centre-de-gravite-europeen\/#primaryimage"},"image":{"@id":"https:\/\/www.geopolitics.fr\/2026\/05\/19\/berlin-rome-le-nouveau-centre-de-gravite-europeen\/#primaryimage"},"thumbnailUrl":"https:\/\/www.geopolitics.fr\/wp-content\/uploads\/2026\/05\/MERZ-MELONI-BON.jpg","datePublished":"2026-05-19T06:36:23+00:00","dateModified":"2026-05-19T06:37:23+00:00","description":"A Bruxelles, l'entente Berlin-Rome reste avant tout pragmatique. Elle repose sur des int\u00e9r\u00eats g\u00e9opolitiques ponctuellement convergents.","breadcrumb":{"@id":"https:\/\/www.geopolitics.fr\/2026\/05\/19\/berlin-rome-le-nouveau-centre-de-gravite-europeen\/#breadcrumb"},"inLanguage":"en-GB","potentialAction":[{"@type":"ReadAction","target":["https:\/\/www.geopolitics.fr\/2026\/05\/19\/berlin-rome-le-nouveau-centre-de-gravite-europeen\/"]}]},{"@type":"ImageObject","inLanguage":"en-GB","@id":"https:\/\/www.geopolitics.fr\/2026\/05\/19\/berlin-rome-le-nouveau-centre-de-gravite-europeen\/#primaryimage","url":"https:\/\/www.geopolitics.fr\/wp-content\/uploads\/2026\/05\/MERZ-MELONI-BON.jpg","contentUrl":"https:\/\/www.geopolitics.fr\/wp-content\/uploads\/2026\/05\/MERZ-MELONI-BON.jpg","width":663,"height":510},{"@type":"BreadcrumbList","@id":"https:\/\/www.geopolitics.fr\/2026\/05\/19\/berlin-rome-le-nouveau-centre-de-gravite-europeen\/#breadcrumb","itemListElement":[{"@type":"ListItem","position":1,"name":"Accueil","item":"https:\/\/www.geopolitics.fr\/"},{"@type":"ListItem","position":2,"name":"BERLIN-ROME\u00a0: LE NOUVEAU CENTRE DE GRAVITE EUROPEEN"}]},{"@type":"WebSite","@id":"https:\/\/www.geopolitics.fr\/#website","url":"https:\/\/www.geopolitics.fr\/","name":"Geopolitics.fr","description":"Geopolitics.fr Analyse politique, relations internationales, d\u00e9fense - ligne \u00e9ditoriale gaullo-chiraquienne","publisher":{"@id":"https:\/\/www.geopolitics.fr\/#organization"},"potentialAction":[{"@type":"SearchAction","target":{"@type":"EntryPoint","urlTemplate":"https:\/\/www.geopolitics.fr\/?s={search_term_string}"},"query-input":{"@type":"PropertyValueSpecification","valueRequired":true,"valueName":"search_term_string"}}],"inLanguage":"en-GB"},{"@type":"Organization","@id":"https:\/\/www.geopolitics.fr\/#organization","name":"Geopolitics.fr","url":"https:\/\/www.geopolitics.fr\/","logo":{"@type":"ImageObject","inLanguage":"en-GB","@id":"https:\/\/www.geopolitics.fr\/#\/schema\/logo\/image\/","url":"https:\/\/www.geopolitics.fr\/wp-content\/uploads\/2024\/01\/logo.jpg","contentUrl":"https:\/\/www.geopolitics.fr\/wp-content\/uploads\/2024\/01\/logo.jpg","width":500,"height":500,"caption":"Geopolitics.fr"},"image":{"@id":"https:\/\/www.geopolitics.fr\/#\/schema\/logo\/image\/"},"sameAs":["https:\/\/www.facebook.com\/people\/Erwan-Davoux\/61557098968092\/","https:\/\/x.com\/Geopolitics_Fr"]},{"@type":"Person","@id":"https:\/\/www.geopolitics.fr\/#\/schema\/person\/2f100050c14e702a5388d142a9fa8307","name":"Elyes GHARIANI","image":{"@type":"ImageObject","inLanguage":"en-GB","@id":"https:\/\/www.geopolitics.fr\/wp-content\/uploads\/2024\/12\/elyes-photo-96x96.png","url":"https:\/\/www.geopolitics.fr\/wp-content\/uploads\/2024\/12\/elyes-photo-96x96.png","contentUrl":"https:\/\/www.geopolitics.fr\/wp-content\/uploads\/2024\/12\/elyes-photo-96x96.png","caption":"Elyes GHARIANI"},"description":"Ancien ambassadeur de Tunisie, \u00e0 Berlin et \u00e0 La Haye et fort d\u2019une exp\u00e9rience de 40 ans dans le travail diplomatique et la coop\u00e9ration internationale, il dispose d\u2019une bonne expertise en affaires europ\u00e9ennes pour avoir \u00e9t\u00e9 en poste dans les principaux Etats membres fondateurs de l\u2019UE (Allemagne, Belgique, France, Pays-Bas). Dipl\u00f4m\u00e9 de l\u2019Institut Bourguiba des Langues Vivantes de Tunis, de l\u2019Institut Pouchkine de langue russe \u00e0 Moscou et de l\u2019Institut Universitaire des Hautes Etudes Internationales (IUHEI) de Gen\u00e8ve, il dispose d\u2019une large exp\u00e9rience en mati\u00e8re de gestion et de mise en \u0153uvre de projets au niveau international. Il a \u00e9t\u00e9 Conseiller Diplomatique du Chef du Gouvernement en 2015-2016 et 2020-2021","url":"https:\/\/www.geopolitics.fr\/en\/author\/elyes\/"}]}},"_links":{"self":[{"href":"https:\/\/www.geopolitics.fr\/en\/wp-json\/wp\/v2\/posts\/4360","targetHints":{"allow":["GET"]}}],"collection":[{"href":"https:\/\/www.geopolitics.fr\/en\/wp-json\/wp\/v2\/posts"}],"about":[{"href":"https:\/\/www.geopolitics.fr\/en\/wp-json\/wp\/v2\/types\/post"}],"author":[{"embeddable":true,"href":"https:\/\/www.geopolitics.fr\/en\/wp-json\/wp\/v2\/users\/103"}],"replies":[{"embeddable":true,"href":"https:\/\/www.geopolitics.fr\/en\/wp-json\/wp\/v2\/comments?post=4360"}],"version-history":[{"count":0,"href":"https:\/\/www.geopolitics.fr\/en\/wp-json\/wp\/v2\/posts\/4360\/revisions"}],"wp:featuredmedia":[{"embeddable":true,"href":"https:\/\/www.geopolitics.fr\/en\/wp-json\/wp\/v2\/media\/4362"}],"wp:attachment":[{"href":"https:\/\/www.geopolitics.fr\/en\/wp-json\/wp\/v2\/media?parent=4360"}],"wp:term":[{"taxonomy":"category","embeddable":true,"href":"https:\/\/www.geopolitics.fr\/en\/wp-json\/wp\/v2\/categories?post=4360"},{"taxonomy":"post_tag","embeddable":true,"href":"https:\/\/www.geopolitics.fr\/en\/wp-json\/wp\/v2\/tags?post=4360"}],"curies":[{"name":"wp","href":"https:\/\/api.w.org\/{rel}","templated":true}]}}