{"id":4343,"date":"2026-05-18T14:43:46","date_gmt":"2026-05-18T12:43:46","guid":{"rendered":"https:\/\/www.geopolitics.fr\/?p=4343"},"modified":"2026-05-18T15:10:54","modified_gmt":"2026-05-18T13:10:54","slug":"addis-abeba-emmanuel-macron-repositionne-la-france-derriere-lunion-africaine-pour-conserver-son-influence-sur-le-continent","status":"publish","type":"post","link":"https:\/\/www.geopolitics.fr\/en\/2026\/05\/18\/addis-abeba-emmanuel-macron-repositionne-la-france-derriere-lunion-africaine-pour-conserver-son-influence-sur-le-continent\/","title":{"rendered":"Addis-Abeba : Emmanuel Macron repositionne la France derri\u00e8re l\u2019Union africaine pour conserver son influence sur le continent"},"content":{"rendered":"<h2 class=\"wp-block-heading\" id=\"h-pour-la-premiere-fois-depuis-son-arrivee-au-pouvoir-emmanuel-macron-s-est-exprime-au-siege-de-l-union-africaine-a-addis-abeba-un-symbole-hautement-politique-a-l-heure-ou-la-france-cherche-a-redefinir-sa-place-sur-le-continent-africain-apres-plusieurs-annees-de-revers-diplomatiques-et-militaires\"><strong>Pour la premi\u00e8re fois depuis son arriv\u00e9e au pouvoir, Emmanuel Macron s\u2019est exprim\u00e9 au si\u00e8ge de l\u2019Union africaine \u00e0 Addis-Abeba. Un symbole hautement politique \u00e0 l\u2019heure o\u00f9 la France cherche \u00e0 red\u00e9finir sa place sur le continent africain apr\u00e8s plusieurs ann\u00e9es de revers diplomatiques et militaires.<\/strong><\/h2>\n\n\n\n<figure class=\"wp-block-embed is-type-video is-provider-youtube wp-block-embed-youtube wp-embed-aspect-16-9 wp-has-aspect-ratio\"><div class=\"wp-block-embed__wrapper\">\n<iframe title=\"D\u00e9claration du Pr\u00e9sident E. Macron et du Pr\u00e9sident de la Commission Union Africaine M. A. Youssouf\" width=\"1170\" height=\"658\" src=\"https:\/\/www.youtube.com\/embed\/iLM63LRpLTQ?feature=oembed\" frameborder=\"0\" allow=\"accelerometer; autoplay; clipboard-write; encrypted-media; gyroscope; picture-in-picture; web-share\" referrerpolicy=\"strict-origin-when-cross-origin\" allowfullscreen><\/iframe>\n<\/div><\/figure>\n\n\n\n<p class=\"has-medium-font-size wp-block-paragraph\">Aux c\u00f4t\u00e9s de Mahamoud Ali Youssouf et du secr\u00e9taire g\u00e9n\u00e9ral de l\u2019ONU Ant\u00f3nio Guterres, le pr\u00e9sident fran\u00e7ais a affich\u00e9 un soutien appuy\u00e9 au Fonds pour la paix de l\u2019Union africaine, pr\u00e9sent\u00e9 d\u00e9sormais comme un pilier central de la s\u00e9curit\u00e9 continentale.<\/p>\n\n\n\n<p class=\"has-medium-font-size wp-block-paragraph\">Mais derri\u00e8re les annonces officielles, cette visite r\u00e9v\u00e8le surtout une transformation profonde de la doctrine fran\u00e7aise en Afrique : Paris tente d\u00e9sormais de passer d\u2019une logique d\u2019intervention directe \u00e0 une strat\u00e9gie d\u2019influence indirecte appuy\u00e9e sur les institutions africaines.<\/p>\n\n\n\n<h2 class=\"wp-block-heading\" id=\"h-paris-acte-la-fin-du-modele-securitaire-postcolonial\">Paris acte la fin du mod\u00e8le s\u00e9curitaire postcolonial<\/h2>\n\n\n\n<p class=\"has-medium-font-size wp-block-paragraph\">Le discours de Macron \u00e0 Addis-Abeba marque une rupture avec plusieurs d\u00e9cennies de politique africaine fran\u00e7aise.<\/p>\n\n\n\n<p class=\"has-medium-font-size wp-block-paragraph\">Apr\u00e8s les retraits militaires forc\u00e9s du Sahel, la mont\u00e9e des sentiments anti-fran\u00e7ais et la concurrence croissante de nouveaux acteurs comme la Chine, la Russie, la Turquie ou les \u00c9mirats arabes unis, Paris cherche d\u00e9sormais \u00e0 reconstruire sa l\u00e9gitimit\u00e9 par le multilat\u00e9ralisme africain.<\/p>\n\n\n\n<p class=\"has-medium-font-size wp-block-paragraph\">\u00ab&nbsp;<em>Les probl\u00e8mes africains doivent avant tout \u00eatre r\u00e9solus et coordonn\u00e9s par l\u2019Afrique<\/em>&nbsp;\u00bb, a insist\u00e9 Emmanuel Macron.<\/p>\n\n\n\n<p class=\"has-medium-font-size wp-block-paragraph\">Cette phrase constitue un signal strat\u00e9gique clair : la France reconna\u00eet d\u00e9sormais que son influence directe sur les crises africaines s\u2019est consid\u00e9rablement r\u00e9duite. Le soutien au Fonds pour la paix de l\u2019UA devient ainsi un moyen pour Paris de :<\/p>\n\n\n\n<ul class=\"wp-block-list\">\n<li class=\"has-medium-font-size\">maintenir un r\u00f4le s\u00e9curitaire indirect ;<\/li>\n\n\n\n<li class=\"has-medium-font-size\">pr\u00e9server son acc\u00e8s diplomatique ;<\/li>\n\n\n\n<li class=\"has-medium-font-size\">conserver une capacit\u00e9 d\u2019influence continentale ;<\/li>\n\n\n\n<li class=\"has-medium-font-size\">\u00e9viter une marginalisation g\u00e9opolitique face aux puissances concurrentes.<\/li>\n<\/ul>\n\n\n\n<figure class=\"wp-block-image size-full\"><img fetchpriority=\"high\" decoding=\"async\" width=\"854\" height=\"481\" src=\"https:\/\/www.geopolitics.fr\/wp-content\/uploads\/2026\/05\/image-1.jpg\" alt=\"\" class=\"wp-image-4344\" title=\"Image en ligne\" srcset=\"https:\/\/www.geopolitics.fr\/wp-content\/uploads\/2026\/05\/image-1.jpg 854w, https:\/\/www.geopolitics.fr\/wp-content\/uploads\/2026\/05\/image-1-300x169.jpg 300w, https:\/\/www.geopolitics.fr\/wp-content\/uploads\/2026\/05\/image-1-768x433.jpg 768w, https:\/\/www.geopolitics.fr\/wp-content\/uploads\/2026\/05\/image-1-585x329.jpg 585w, https:\/\/www.geopolitics.fr\/wp-content\/uploads\/2026\/05\/image-1-600x338.jpg 600w\" sizes=\"(max-width: 854px) 100vw, 854px\" \/><\/figure>\n\n\n\n<h2 class=\"wp-block-heading\" id=\"h-le-fonds-pour-la-paix-nouveau-levier-d-influence-strategique\">Le Fonds pour la paix : nouveau levier d\u2019influence strat\u00e9gique<\/h2>\n\n\n\n<p class=\"has-medium-font-size wp-block-paragraph\">Au c\u0153ur des annonces figure l\u2019organisation prochaine \u00e0 Paris d\u2019une conf\u00e9rence internationale destin\u00e9e \u00e0 mobiliser de nouveaux financements pour le Fonds pour la paix de l\u2019Union africaine.<\/p>\n\n\n\n<p class=\"has-medium-font-size wp-block-paragraph\">Cr\u00e9\u00e9 en 1993 mais longtemps paralys\u00e9, ce m\u00e9canisme est devenu central depuis l\u2019adoption de la r\u00e9solution 2719 du Conseil de s\u00e9curit\u00e9 des Nations unies en 2023, ouvrant la voie \u00e0 un financement plus structur\u00e9 des op\u00e9rations africaines de maintien de la paix.<\/p>\n\n\n\n<p class=\"has-medium-font-size wp-block-paragraph\">Pr\u00e8s de 400 millions de dollars ont d\u00e9j\u00e0 \u00e9t\u00e9 mobilis\u00e9s, mais l\u2019objectif fix\u00e9 par l\u2019Union africaine approche le milliard. Pour Paris, soutenir ce fonds r\u00e9pond \u00e0 plusieurs objectifs g\u00e9opolitiques :<\/p>\n\n\n\n<ul class=\"wp-block-list\">\n<li class=\"has-medium-font-size\">renforcer les capacit\u00e9s africaines de gestion des crises ;<\/li>\n\n\n\n<li class=\"has-medium-font-size\">limiter les interventions militaires occidentales directes ;<\/li>\n\n\n\n<li class=\"has-medium-font-size\">stabiliser les zones strat\u00e9giques africaines ;<\/li>\n\n\n\n<li class=\"has-medium-font-size\">pr\u00e9server les int\u00e9r\u00eats europ\u00e9ens face aux crises migratoires et s\u00e9curitaires.<\/li>\n<\/ul>\n\n\n\n<p class=\"has-medium-font-size wp-block-paragraph\">La France cherche \u00e9galement \u00e0 s\u2019imposer comme l\u2019un des principaux architectes du futur syst\u00e8me africain de s\u00e9curit\u00e9 collective.<\/p>\n\n\n\n<h2 class=\"wp-block-heading\" id=\"h-crises-africaines-et-competition-mondiale\">Crises africaines et comp\u00e9tition mondiale<\/h2>\n\n\n\n<p class=\"has-medium-font-size wp-block-paragraph\">Cette visite intervient dans un contexte continental particuli\u00e8rement tendu. Les discussions \u00e0 Addis-Abeba ont port\u00e9 sur :<\/p>\n\n\n\n<ul class=\"wp-block-list\">\n<li class=\"has-medium-font-size\">l\u2019est de la R\u00e9publique d\u00e9mocratique du Congo ;<\/li>\n\n\n\n<li class=\"has-medium-font-size\">les tensions s\u00e9curitaires r\u00e9gionales ;<\/li>\n\n\n\n<li class=\"has-medium-font-size\">les cons\u00e9quences mondiales de la crise du d\u00e9troit d\u2019Ormuz ;<\/li>\n\n\n\n<li class=\"has-medium-font-size\">les vuln\u00e9rabilit\u00e9s \u00e9conomiques africaines.<\/li>\n<\/ul>\n\n\n\n<p class=\"has-medium-font-size wp-block-paragraph\">Emmanuel Macron a d\u2019ailleurs reconnu que les tensions au Moyen-Orient risquaient d\u2019avoir des effets majeurs sur les \u00e9conomies africaines, notamment \u00e0 travers : les prix de l\u2019\u00e9nergie ; les engrais ; les cha\u00eenes d\u2019approvisionnement ; les co\u00fbts logistiques.<\/p>\n\n\n\n<p class=\"has-medium-font-size wp-block-paragraph\">Paris souhaite ainsi lancer une initiative d\u2019appui aux pays africains les plus expos\u00e9s aux cons\u00e9quences de la crise d\u2019Ormuz.<\/p>\n\n\n\n<h2 class=\"wp-block-heading\" id=\"h-nairobi-addis-abeba-la-nouvelle-offensive-economique-francaise\">Nairobi\u2013Addis-Abeba : la nouvelle offensive \u00e9conomique fran\u00e7aise<\/h2>\n\n\n\n<p class=\"has-medium-font-size wp-block-paragraph\">Le passage d\u2019Emmanuel Macron en \u00c9thiopie s\u2019inscrit dans une tourn\u00e9e africaine plus large amorc\u00e9e en \u00c9gypte puis au Kenya lors du sommet \u00ab Africa Forward \u00bb. Cette s\u00e9quence confirme une nouvelle priorit\u00e9 fran\u00e7aise : l\u2019\u00e9conomie.<\/p>\n\n\n\n<p class=\"has-medium-font-size wp-block-paragraph\">\u00c0 Nairobi, Emmanuel Macron avait d\u00e9j\u00e0 reconnu que l\u2019Afrique avait d\u00e9sormais davantage besoin \u00ab&nbsp;<em>d\u2019investissements que d\u2019aide publique<\/em>&nbsp;\u00bb. Ce repositionnement traduit plusieurs r\u00e9alit\u00e9s :<\/p>\n\n\n\n<ul class=\"wp-block-list\">\n<li class=\"has-medium-font-size\">les contraintes budg\u00e9taires occidentales ;<\/li>\n\n\n\n<li class=\"has-medium-font-size\">la mont\u00e9e de la concurrence chinoise ;<\/li>\n\n\n\n<li class=\"has-medium-font-size\">l\u2019\u00e9mergence des \u00e9conomies africaines ;<\/li>\n\n\n\n<li class=\"has-medium-font-size\">la volont\u00e9 africaine de diversification des partenariats.<\/li>\n<\/ul>\n\n\n\n<p class=\"has-medium-font-size wp-block-paragraph\">Face \u00e0 la Chine, Macron a d\u2019ailleurs durci son discours, accusant P\u00e9kin de d\u00e9velopper une \u00ab&nbsp;<em>logique pr\u00e9datrice<\/em>&nbsp;\u00bb fond\u00e9e sur les d\u00e9pendances industrielles et mini\u00e8res.<\/p>\n\n\n\n<h2 class=\"wp-block-heading\" id=\"h-l-union-africaine-au-centre-du-nouveau-jeu-diplomatique\">L\u2019Union africaine au centre du nouveau jeu diplomatique<\/h2>\n\n\n\n<p class=\"has-medium-font-size wp-block-paragraph\">En r\u00e9alit\u00e9, cette visite illustre une \u00e9volution plus profonde : l\u2019Union africaine devient progressivement un acteur diplomatique incontournable. Le soutien fran\u00e7ais \u00e0 :<\/p>\n\n\n\n<ul class=\"wp-block-list\">\n<li class=\"has-medium-font-size\">un si\u00e8ge africain permanent au Conseil de s\u00e9curit\u00e9 ;<\/li>\n\n\n\n<li class=\"has-medium-font-size\">l\u2019int\u00e9gration de l\u2019UA au G20 ;<\/li>\n\n\n\n<li class=\"has-medium-font-size\">le financement des op\u00e9rations africaines de paix ; traduit la reconnaissance d\u2019un basculement g\u00e9opolitique en cours.<\/li>\n<\/ul>\n\n\n\n<p class=\"has-medium-font-size wp-block-paragraph\">L\u2019Afrique ne veut plus \u00eatre uniquement un th\u00e9\u00e2tre d\u2019intervention ext\u00e9rieure. Elle cherche d\u00e9sormais \u00e0 devenir un centre autonome de d\u00e9cision strat\u00e9gique. Mais cette ambition reste confront\u00e9e \u00e0 plusieurs limites :<\/p>\n\n\n\n<ul class=\"wp-block-list\">\n<li class=\"has-medium-font-size\">d\u00e9pendance financi\u00e8re ext\u00e9rieure ;<\/li>\n\n\n\n<li class=\"has-medium-font-size\">fragmentation politique continentale ;<\/li>\n\n\n\n<li class=\"has-medium-font-size\">faibles capacit\u00e9s militaires int\u00e9gr\u00e9es ;<\/li>\n\n\n\n<li class=\"has-medium-font-size\">concurrence des puissances \u00e9trang\u00e8res.<\/li>\n<\/ul>\n\n\n\n<h2 class=\"wp-block-heading\" id=\"h-une-bataille-d-influence-desormais-institutionnelle\">Une bataille d\u2019influence d\u00e9sormais institutionnelle<\/h2>\n\n\n\n<p class=\"has-medium-font-size wp-block-paragraph\">Derri\u00e8re les discours sur la paix et la coop\u00e9ration, une r\u00e9alit\u00e9 plus large se dessine : la comp\u00e9tition mondiale pour l\u2019influence en Afrique change de nature. La bataille ne se joue plus seulement :<\/p>\n\n\n\n<ul class=\"wp-block-list\">\n<li class=\"has-medium-font-size\">sur les bases militaires ;<\/li>\n\n\n\n<li class=\"has-medium-font-size\">sur les contrats miniers ;<\/li>\n\n\n\n<li class=\"has-medium-font-size\">sur les infrastructures.<\/li>\n<\/ul>\n\n\n\n<p class=\"has-medium-font-size wp-block-paragraph\">Elle se joue d\u00e9sormais aussi :<\/p>\n\n\n\n<ul class=\"wp-block-list\">\n<li class=\"has-medium-font-size\">dans les institutions africaines ;<\/li>\n\n\n\n<li class=\"has-medium-font-size\">dans les m\u00e9canismes de financement ;<\/li>\n\n\n\n<li class=\"has-medium-font-size\">dans les architectures de s\u00e9curit\u00e9 ;<\/li>\n\n\n\n<li class=\"has-medium-font-size\">dans la capacit\u00e9 \u00e0 influencer les normes continentales.<\/li>\n<\/ul>\n\n\n\n<p class=\"has-medium-font-size wp-block-paragraph\">En soutenant le Fonds pour la paix de l\u2019Union africaine depuis Addis-Abeba, Emmanuel Macron tente ainsi de repositionner la France dans le nouveau paysage g\u00e9opolitique africain. Une Afrique o\u00f9 les puissances ext\u00e9rieures ne peuvent plus imposer seules leurs agendas.<\/p>\n\n\n\n<p class=\"has-medium-font-size wp-block-paragraph\">Et o\u00f9 la souverainet\u00e9 institutionnelle devient progressivement un nouvel instrument de puissance.<\/p>\n\n\n\n<p class=\"wp-block-paragraph\"><\/p>","protected":false},"excerpt":{"rendered":"<p>Pour la premi\u00e8re fois depuis son arriv\u00e9e au pouvoir, Emmanuel Macron s\u2019est exprim\u00e9 au si\u00e8ge de l\u2019Union africaine \u00e0 Addis-Abeba. Un symbole&hellip;<\/p>","protected":false},"author":53,"featured_media":4347,"comment_status":"closed","ping_status":"closed","sticky":false,"template":"","format":"standard","meta":{"_lmt_disableupdate":"","_lmt_disable":"","footnotes":""},"categories":[613,635,605],"tags":[61,694,244],"class_list":["post-4343","post","type-post","status-publish","format-standard","has-post-thumbnail","hentry","category-afrique","category-diplomatie","category-france","tag-macron","tag-mahamoud-ali-youssouf","tag-union-africaine"],"yoast_head":"<!-- This site is optimized with the Yoast SEO Premium plugin v28.1 (Yoast SEO v28.1) - https:\/\/yoast.com\/product\/yoast-seo-premium-wordpress\/ -->\n<title>Addis-Abeba : Emmanuel Macron repositionne la France derri\u00e8re l\u2019Union africaine pour conserver son influence sur le continent | Geopolitics.fr<\/title>\n<meta name=\"description\" content=\"Macron s\u2019est rendu au si\u00e8ge de l\u2019Union africaine. Un symbole politique fort alors que la France cherche \u00e0 red\u00e9finir sa place sur le continent\" \/>\n<meta name=\"robots\" content=\"index, follow, max-snippet:-1, max-image-preview:large, max-video-preview:-1\" \/>\n<link rel=\"canonical\" href=\"https:\/\/www.geopolitics.fr\/en\/2026\/05\/18\/addis-abeba-emmanuel-macron-repositionne-la-france-derriere-lunion-africaine-pour-conserver-son-influence-sur-le-continent\/\" \/>\n<meta property=\"og:locale\" content=\"en_GB\" \/>\n<meta property=\"og:type\" content=\"article\" \/>\n<meta property=\"og:title\" content=\"Addis-Abeba : Emmanuel Macron repositionne la France derri\u00e8re l\u2019Union africaine pour conserver son influence sur le continent\" \/>\n<meta property=\"og:description\" content=\"Macron s\u2019est rendu au si\u00e8ge de l\u2019Union africaine. Un symbole politique fort alors que la France cherche \u00e0 red\u00e9finir sa place sur le continent\" \/>\n<meta property=\"og:url\" content=\"https:\/\/www.geopolitics.fr\/en\/2026\/05\/18\/addis-abeba-emmanuel-macron-repositionne-la-france-derriere-lunion-africaine-pour-conserver-son-influence-sur-le-continent\/\" \/>\n<meta property=\"og:site_name\" content=\"Geopolitics.fr\" \/>\n<meta property=\"article:publisher\" content=\"https:\/\/www.facebook.com\/people\/Erwan-Davoux\/61557098968092\/\" \/>\n<meta property=\"article:published_time\" content=\"2026-05-18T12:43:46+00:00\" \/>\n<meta property=\"article:modified_time\" content=\"2026-05-18T13:10:54+00:00\" \/>\n<meta property=\"og:image\" content=\"https:\/\/www.geopolitics.fr\/wp-content\/uploads\/2026\/05\/les-3-ua.jpg\" \/>\n\t<meta property=\"og:image:width\" content=\"693\" \/>\n\t<meta property=\"og:image:height\" content=\"345\" \/>\n\t<meta property=\"og:image:type\" content=\"image\/jpeg\" \/>\n<meta name=\"author\" content=\"No\u00ebl N&#039;DONG\" \/>\n<meta name=\"twitter:card\" content=\"summary_large_image\" \/>\n<meta name=\"twitter:creator\" content=\"@Geopolitics_Fr\" \/>\n<meta name=\"twitter:site\" content=\"@Geopolitics_Fr\" \/>\n<meta name=\"twitter:label1\" content=\"Written by\" \/>\n\t<meta name=\"twitter:data1\" content=\"No\u00ebl N&#039;DONG\" \/>\n\t<meta name=\"twitter:label2\" content=\"Estimated reading time\" \/>\n\t<meta name=\"twitter:data2\" content=\"5 minutes\" \/>\n<script type=\"application\/ld+json\" class=\"yoast-schema-graph\">{\"@context\":\"https:\\\/\\\/schema.org\",\"@graph\":[{\"@type\":\"Article\",\"@id\":\"https:\\\/\\\/www.geopolitics.fr\\\/2026\\\/05\\\/18\\\/addis-abeba-emmanuel-macron-repositionne-la-france-derriere-lunion-africaine-pour-conserver-son-influence-sur-le-continent\\\/#article\",\"isPartOf\":{\"@id\":\"https:\\\/\\\/www.geopolitics.fr\\\/2026\\\/05\\\/18\\\/addis-abeba-emmanuel-macron-repositionne-la-france-derriere-lunion-africaine-pour-conserver-son-influence-sur-le-continent\\\/\"},\"author\":{\"name\":\"No\u00ebl N'DONG\",\"@id\":\"https:\\\/\\\/www.geopolitics.fr\\\/#\\\/schema\\\/person\\\/7dc57d7d2375406984e1082cad678c4a\"},\"headline\":\"Addis-Abeba : Emmanuel Macron repositionne la France derri\u00e8re l\u2019Union africaine pour conserver son influence sur le continent\",\"datePublished\":\"2026-05-18T12:43:46+00:00\",\"dateModified\":\"2026-05-18T13:10:54+00:00\",\"mainEntityOfPage\":{\"@id\":\"https:\\\/\\\/www.geopolitics.fr\\\/2026\\\/05\\\/18\\\/addis-abeba-emmanuel-macron-repositionne-la-france-derriere-lunion-africaine-pour-conserver-son-influence-sur-le-continent\\\/\"},\"wordCount\":1036,\"publisher\":{\"@id\":\"https:\\\/\\\/www.geopolitics.fr\\\/#organization\"},\"image\":{\"@id\":\"https:\\\/\\\/www.geopolitics.fr\\\/2026\\\/05\\\/18\\\/addis-abeba-emmanuel-macron-repositionne-la-france-derriere-lunion-africaine-pour-conserver-son-influence-sur-le-continent\\\/#primaryimage\"},\"thumbnailUrl\":\"https:\\\/\\\/www.geopolitics.fr\\\/wp-content\\\/uploads\\\/2026\\\/05\\\/les-3-ua.jpg\",\"keywords\":[\"Macron\",\"MAHAMOUD ALI YOUSSOUF\",\"Union Africaine\"],\"articleSection\":[\"Afrique\",\"Diplomatie\",\"FRANCE\"],\"inLanguage\":\"en-GB\"},{\"@type\":\"WebPage\",\"@id\":\"https:\\\/\\\/www.geopolitics.fr\\\/2026\\\/05\\\/18\\\/addis-abeba-emmanuel-macron-repositionne-la-france-derriere-lunion-africaine-pour-conserver-son-influence-sur-le-continent\\\/\",\"url\":\"https:\\\/\\\/www.geopolitics.fr\\\/2026\\\/05\\\/18\\\/addis-abeba-emmanuel-macron-repositionne-la-france-derriere-lunion-africaine-pour-conserver-son-influence-sur-le-continent\\\/\",\"name\":\"Addis-Abeba : Emmanuel Macron repositionne la France derri\u00e8re l\u2019Union africaine pour conserver son influence sur le continent | Geopolitics.fr\",\"isPartOf\":{\"@id\":\"https:\\\/\\\/www.geopolitics.fr\\\/#website\"},\"primaryImageOfPage\":{\"@id\":\"https:\\\/\\\/www.geopolitics.fr\\\/2026\\\/05\\\/18\\\/addis-abeba-emmanuel-macron-repositionne-la-france-derriere-lunion-africaine-pour-conserver-son-influence-sur-le-continent\\\/#primaryimage\"},\"image\":{\"@id\":\"https:\\\/\\\/www.geopolitics.fr\\\/2026\\\/05\\\/18\\\/addis-abeba-emmanuel-macron-repositionne-la-france-derriere-lunion-africaine-pour-conserver-son-influence-sur-le-continent\\\/#primaryimage\"},\"thumbnailUrl\":\"https:\\\/\\\/www.geopolitics.fr\\\/wp-content\\\/uploads\\\/2026\\\/05\\\/les-3-ua.jpg\",\"datePublished\":\"2026-05-18T12:43:46+00:00\",\"dateModified\":\"2026-05-18T13:10:54+00:00\",\"description\":\"Macron s\u2019est rendu au si\u00e8ge de l\u2019Union africaine. Un symbole politique fort alors que la France cherche \u00e0 red\u00e9finir sa place sur le continent\",\"breadcrumb\":{\"@id\":\"https:\\\/\\\/www.geopolitics.fr\\\/2026\\\/05\\\/18\\\/addis-abeba-emmanuel-macron-repositionne-la-france-derriere-lunion-africaine-pour-conserver-son-influence-sur-le-continent\\\/#breadcrumb\"},\"inLanguage\":\"en-GB\",\"potentialAction\":[{\"@type\":\"ReadAction\",\"target\":[\"https:\\\/\\\/www.geopolitics.fr\\\/2026\\\/05\\\/18\\\/addis-abeba-emmanuel-macron-repositionne-la-france-derriere-lunion-africaine-pour-conserver-son-influence-sur-le-continent\\\/\"]}]},{\"@type\":\"ImageObject\",\"inLanguage\":\"en-GB\",\"@id\":\"https:\\\/\\\/www.geopolitics.fr\\\/2026\\\/05\\\/18\\\/addis-abeba-emmanuel-macron-repositionne-la-france-derriere-lunion-africaine-pour-conserver-son-influence-sur-le-continent\\\/#primaryimage\",\"url\":\"https:\\\/\\\/www.geopolitics.fr\\\/wp-content\\\/uploads\\\/2026\\\/05\\\/les-3-ua.jpg\",\"contentUrl\":\"https:\\\/\\\/www.geopolitics.fr\\\/wp-content\\\/uploads\\\/2026\\\/05\\\/les-3-ua.jpg\",\"width\":693,\"height\":345},{\"@type\":\"BreadcrumbList\",\"@id\":\"https:\\\/\\\/www.geopolitics.fr\\\/2026\\\/05\\\/18\\\/addis-abeba-emmanuel-macron-repositionne-la-france-derriere-lunion-africaine-pour-conserver-son-influence-sur-le-continent\\\/#breadcrumb\",\"itemListElement\":[{\"@type\":\"ListItem\",\"position\":1,\"name\":\"Accueil\",\"item\":\"https:\\\/\\\/www.geopolitics.fr\\\/\"},{\"@type\":\"ListItem\",\"position\":2,\"name\":\"Addis-Abeba : Emmanuel Macron repositionne la France derri\u00e8re l\u2019Union africaine pour conserver son influence sur le continent\"}]},{\"@type\":\"WebSite\",\"@id\":\"https:\\\/\\\/www.geopolitics.fr\\\/#website\",\"url\":\"https:\\\/\\\/www.geopolitics.fr\\\/\",\"name\":\"Geopolitics.fr\",\"description\":\"Geopolitics.fr Analyse politique, relations internationales, d\u00e9fense - ligne \u00e9ditoriale gaullo-chiraquienne\",\"publisher\":{\"@id\":\"https:\\\/\\\/www.geopolitics.fr\\\/#organization\"},\"potentialAction\":[{\"@type\":\"SearchAction\",\"target\":{\"@type\":\"EntryPoint\",\"urlTemplate\":\"https:\\\/\\\/www.geopolitics.fr\\\/?s={search_term_string}\"},\"query-input\":{\"@type\":\"PropertyValueSpecification\",\"valueRequired\":true,\"valueName\":\"search_term_string\"}}],\"inLanguage\":\"en-GB\"},{\"@type\":\"Organization\",\"@id\":\"https:\\\/\\\/www.geopolitics.fr\\\/#organization\",\"name\":\"Geopolitics.fr\",\"url\":\"https:\\\/\\\/www.geopolitics.fr\\\/\",\"logo\":{\"@type\":\"ImageObject\",\"inLanguage\":\"en-GB\",\"@id\":\"https:\\\/\\\/www.geopolitics.fr\\\/#\\\/schema\\\/logo\\\/image\\\/\",\"url\":\"https:\\\/\\\/www.geopolitics.fr\\\/wp-content\\\/uploads\\\/2024\\\/01\\\/logo.jpg\",\"contentUrl\":\"https:\\\/\\\/www.geopolitics.fr\\\/wp-content\\\/uploads\\\/2024\\\/01\\\/logo.jpg\",\"width\":500,\"height\":500,\"caption\":\"Geopolitics.fr\"},\"image\":{\"@id\":\"https:\\\/\\\/www.geopolitics.fr\\\/#\\\/schema\\\/logo\\\/image\\\/\"},\"sameAs\":[\"https:\\\/\\\/www.facebook.com\\\/people\\\/Erwan-Davoux\\\/61557098968092\\\/\",\"https:\\\/\\\/x.com\\\/Geopolitics_Fr\"]},{\"@type\":\"Person\",\"@id\":\"https:\\\/\\\/www.geopolitics.fr\\\/#\\\/schema\\\/person\\\/7dc57d7d2375406984e1082cad678c4a\",\"name\":\"No\u00ebl N'DONG\",\"image\":{\"@type\":\"ImageObject\",\"inLanguage\":\"en-GB\",\"@id\":\"https:\\\/\\\/www.geopolitics.fr\\\/wp-content\\\/uploads\\\/2024\\\/06\\\/ndong-96x96.jpg\",\"url\":\"https:\\\/\\\/www.geopolitics.fr\\\/wp-content\\\/uploads\\\/2024\\\/06\\\/ndong-96x96.jpg\",\"contentUrl\":\"https:\\\/\\\/www.geopolitics.fr\\\/wp-content\\\/uploads\\\/2024\\\/06\\\/ndong-96x96.jpg\",\"caption\":\"No\u00ebl N'DONG\"},\"description\":\"Journaliste -Ancien responsable du Courrier d\u2019Afrique centrale (CAC) -Ancien journaliste de la revue G\u00e9opolitique africaine (GA) -Ancien directeur des r\u00e9daction de la revue Afrique D\u00e9fense (AD) -Ancien r\u00e9dacteur en chef adjoint- Desk international de T\u00e9l\u00e9sud -Correspondant Adiac-Les D\u00e9p\u00eaches de Brazzaville -Consultant en intelligence \u00e9conomique\",\"url\":\"https:\\\/\\\/www.geopolitics.fr\\\/en\\\/author\\\/noelndong\\\/\"}]}<\/script>\n<!-- \/ Yoast SEO Premium plugin. -->","yoast_head_json":{"title":"Addis-Abeba : Emmanuel Macron repositionne la France derri\u00e8re l\u2019Union africaine pour conserver son influence sur le continent | Geopolitics.fr","description":"Macron s\u2019est rendu au si\u00e8ge de l\u2019Union africaine. Un symbole politique fort alors que la France cherche \u00e0 red\u00e9finir sa place sur le continent","robots":{"index":"index","follow":"follow","max-snippet":"max-snippet:-1","max-image-preview":"max-image-preview:large","max-video-preview":"max-video-preview:-1"},"canonical":"https:\/\/www.geopolitics.fr\/en\/2026\/05\/18\/addis-abeba-emmanuel-macron-repositionne-la-france-derriere-lunion-africaine-pour-conserver-son-influence-sur-le-continent\/","og_locale":"en_GB","og_type":"article","og_title":"Addis-Abeba : Emmanuel Macron repositionne la France derri\u00e8re l\u2019Union africaine pour conserver son influence sur le continent","og_description":"Macron s\u2019est rendu au si\u00e8ge de l\u2019Union africaine. Un symbole politique fort alors que la France cherche \u00e0 red\u00e9finir sa place sur le continent","og_url":"https:\/\/www.geopolitics.fr\/en\/2026\/05\/18\/addis-abeba-emmanuel-macron-repositionne-la-france-derriere-lunion-africaine-pour-conserver-son-influence-sur-le-continent\/","og_site_name":"Geopolitics.fr","article_publisher":"https:\/\/www.facebook.com\/people\/Erwan-Davoux\/61557098968092\/","article_published_time":"2026-05-18T12:43:46+00:00","article_modified_time":"2026-05-18T13:10:54+00:00","og_image":[{"width":693,"height":345,"url":"https:\/\/www.geopolitics.fr\/wp-content\/uploads\/2026\/05\/les-3-ua.jpg","type":"image\/jpeg"}],"author":"No\u00ebl N'DONG","twitter_card":"summary_large_image","twitter_creator":"@Geopolitics_Fr","twitter_site":"@Geopolitics_Fr","twitter_misc":{"Written by":"No\u00ebl N'DONG","Estimated reading time":"5 minutes"},"schema":{"@context":"https:\/\/schema.org","@graph":[{"@type":"Article","@id":"https:\/\/www.geopolitics.fr\/2026\/05\/18\/addis-abeba-emmanuel-macron-repositionne-la-france-derriere-lunion-africaine-pour-conserver-son-influence-sur-le-continent\/#article","isPartOf":{"@id":"https:\/\/www.geopolitics.fr\/2026\/05\/18\/addis-abeba-emmanuel-macron-repositionne-la-france-derriere-lunion-africaine-pour-conserver-son-influence-sur-le-continent\/"},"author":{"name":"No\u00ebl N'DONG","@id":"https:\/\/www.geopolitics.fr\/#\/schema\/person\/7dc57d7d2375406984e1082cad678c4a"},"headline":"Addis-Abeba : Emmanuel Macron repositionne la France derri\u00e8re l\u2019Union africaine pour conserver son influence sur le continent","datePublished":"2026-05-18T12:43:46+00:00","dateModified":"2026-05-18T13:10:54+00:00","mainEntityOfPage":{"@id":"https:\/\/www.geopolitics.fr\/2026\/05\/18\/addis-abeba-emmanuel-macron-repositionne-la-france-derriere-lunion-africaine-pour-conserver-son-influence-sur-le-continent\/"},"wordCount":1036,"publisher":{"@id":"https:\/\/www.geopolitics.fr\/#organization"},"image":{"@id":"https:\/\/www.geopolitics.fr\/2026\/05\/18\/addis-abeba-emmanuel-macron-repositionne-la-france-derriere-lunion-africaine-pour-conserver-son-influence-sur-le-continent\/#primaryimage"},"thumbnailUrl":"https:\/\/www.geopolitics.fr\/wp-content\/uploads\/2026\/05\/les-3-ua.jpg","keywords":["Macron","MAHAMOUD ALI YOUSSOUF","Union Africaine"],"articleSection":["Afrique","Diplomatie","FRANCE"],"inLanguage":"en-GB"},{"@type":"WebPage","@id":"https:\/\/www.geopolitics.fr\/2026\/05\/18\/addis-abeba-emmanuel-macron-repositionne-la-france-derriere-lunion-africaine-pour-conserver-son-influence-sur-le-continent\/","url":"https:\/\/www.geopolitics.fr\/2026\/05\/18\/addis-abeba-emmanuel-macron-repositionne-la-france-derriere-lunion-africaine-pour-conserver-son-influence-sur-le-continent\/","name":"Addis-Abeba : Emmanuel Macron repositionne la France derri\u00e8re l\u2019Union africaine pour conserver son influence sur le continent | Geopolitics.fr","isPartOf":{"@id":"https:\/\/www.geopolitics.fr\/#website"},"primaryImageOfPage":{"@id":"https:\/\/www.geopolitics.fr\/2026\/05\/18\/addis-abeba-emmanuel-macron-repositionne-la-france-derriere-lunion-africaine-pour-conserver-son-influence-sur-le-continent\/#primaryimage"},"image":{"@id":"https:\/\/www.geopolitics.fr\/2026\/05\/18\/addis-abeba-emmanuel-macron-repositionne-la-france-derriere-lunion-africaine-pour-conserver-son-influence-sur-le-continent\/#primaryimage"},"thumbnailUrl":"https:\/\/www.geopolitics.fr\/wp-content\/uploads\/2026\/05\/les-3-ua.jpg","datePublished":"2026-05-18T12:43:46+00:00","dateModified":"2026-05-18T13:10:54+00:00","description":"Macron s\u2019est rendu au si\u00e8ge de l\u2019Union africaine. Un symbole politique fort alors que la France cherche \u00e0 red\u00e9finir sa place sur le continent","breadcrumb":{"@id":"https:\/\/www.geopolitics.fr\/2026\/05\/18\/addis-abeba-emmanuel-macron-repositionne-la-france-derriere-lunion-africaine-pour-conserver-son-influence-sur-le-continent\/#breadcrumb"},"inLanguage":"en-GB","potentialAction":[{"@type":"ReadAction","target":["https:\/\/www.geopolitics.fr\/2026\/05\/18\/addis-abeba-emmanuel-macron-repositionne-la-france-derriere-lunion-africaine-pour-conserver-son-influence-sur-le-continent\/"]}]},{"@type":"ImageObject","inLanguage":"en-GB","@id":"https:\/\/www.geopolitics.fr\/2026\/05\/18\/addis-abeba-emmanuel-macron-repositionne-la-france-derriere-lunion-africaine-pour-conserver-son-influence-sur-le-continent\/#primaryimage","url":"https:\/\/www.geopolitics.fr\/wp-content\/uploads\/2026\/05\/les-3-ua.jpg","contentUrl":"https:\/\/www.geopolitics.fr\/wp-content\/uploads\/2026\/05\/les-3-ua.jpg","width":693,"height":345},{"@type":"BreadcrumbList","@id":"https:\/\/www.geopolitics.fr\/2026\/05\/18\/addis-abeba-emmanuel-macron-repositionne-la-france-derriere-lunion-africaine-pour-conserver-son-influence-sur-le-continent\/#breadcrumb","itemListElement":[{"@type":"ListItem","position":1,"name":"Accueil","item":"https:\/\/www.geopolitics.fr\/"},{"@type":"ListItem","position":2,"name":"Addis-Abeba : Emmanuel Macron repositionne la France derri\u00e8re l\u2019Union africaine pour conserver son influence sur le continent"}]},{"@type":"WebSite","@id":"https:\/\/www.geopolitics.fr\/#website","url":"https:\/\/www.geopolitics.fr\/","name":"Geopolitics.fr","description":"Geopolitics.fr Analyse politique, relations internationales, d\u00e9fense - ligne \u00e9ditoriale gaullo-chiraquienne","publisher":{"@id":"https:\/\/www.geopolitics.fr\/#organization"},"potentialAction":[{"@type":"SearchAction","target":{"@type":"EntryPoint","urlTemplate":"https:\/\/www.geopolitics.fr\/?s={search_term_string}"},"query-input":{"@type":"PropertyValueSpecification","valueRequired":true,"valueName":"search_term_string"}}],"inLanguage":"en-GB"},{"@type":"Organization","@id":"https:\/\/www.geopolitics.fr\/#organization","name":"Geopolitics.fr","url":"https:\/\/www.geopolitics.fr\/","logo":{"@type":"ImageObject","inLanguage":"en-GB","@id":"https:\/\/www.geopolitics.fr\/#\/schema\/logo\/image\/","url":"https:\/\/www.geopolitics.fr\/wp-content\/uploads\/2024\/01\/logo.jpg","contentUrl":"https:\/\/www.geopolitics.fr\/wp-content\/uploads\/2024\/01\/logo.jpg","width":500,"height":500,"caption":"Geopolitics.fr"},"image":{"@id":"https:\/\/www.geopolitics.fr\/#\/schema\/logo\/image\/"},"sameAs":["https:\/\/www.facebook.com\/people\/Erwan-Davoux\/61557098968092\/","https:\/\/x.com\/Geopolitics_Fr"]},{"@type":"Person","@id":"https:\/\/www.geopolitics.fr\/#\/schema\/person\/7dc57d7d2375406984e1082cad678c4a","name":"No\u00ebl N'DONG","image":{"@type":"ImageObject","inLanguage":"en-GB","@id":"https:\/\/www.geopolitics.fr\/wp-content\/uploads\/2024\/06\/ndong-96x96.jpg","url":"https:\/\/www.geopolitics.fr\/wp-content\/uploads\/2024\/06\/ndong-96x96.jpg","contentUrl":"https:\/\/www.geopolitics.fr\/wp-content\/uploads\/2024\/06\/ndong-96x96.jpg","caption":"No\u00ebl N'DONG"},"description":"Journaliste -Ancien responsable du Courrier d\u2019Afrique centrale (CAC) -Ancien journaliste de la revue G\u00e9opolitique africaine (GA) -Ancien directeur des r\u00e9daction de la revue Afrique D\u00e9fense (AD) -Ancien r\u00e9dacteur en chef adjoint- Desk international de T\u00e9l\u00e9sud -Correspondant Adiac-Les D\u00e9p\u00eaches de Brazzaville -Consultant en intelligence \u00e9conomique","url":"https:\/\/www.geopolitics.fr\/en\/author\/noelndong\/"}]}},"_links":{"self":[{"href":"https:\/\/www.geopolitics.fr\/en\/wp-json\/wp\/v2\/posts\/4343","targetHints":{"allow":["GET"]}}],"collection":[{"href":"https:\/\/www.geopolitics.fr\/en\/wp-json\/wp\/v2\/posts"}],"about":[{"href":"https:\/\/www.geopolitics.fr\/en\/wp-json\/wp\/v2\/types\/post"}],"author":[{"embeddable":true,"href":"https:\/\/www.geopolitics.fr\/en\/wp-json\/wp\/v2\/users\/53"}],"replies":[{"embeddable":true,"href":"https:\/\/www.geopolitics.fr\/en\/wp-json\/wp\/v2\/comments?post=4343"}],"version-history":[{"count":0,"href":"https:\/\/www.geopolitics.fr\/en\/wp-json\/wp\/v2\/posts\/4343\/revisions"}],"wp:featuredmedia":[{"embeddable":true,"href":"https:\/\/www.geopolitics.fr\/en\/wp-json\/wp\/v2\/media\/4347"}],"wp:attachment":[{"href":"https:\/\/www.geopolitics.fr\/en\/wp-json\/wp\/v2\/media?parent=4343"}],"wp:term":[{"taxonomy":"category","embeddable":true,"href":"https:\/\/www.geopolitics.fr\/en\/wp-json\/wp\/v2\/categories?post=4343"},{"taxonomy":"post_tag","embeddable":true,"href":"https:\/\/www.geopolitics.fr\/en\/wp-json\/wp\/v2\/tags?post=4343"}],"curies":[{"name":"wp","href":"https:\/\/api.w.org\/{rel}","templated":true}]}}