{"id":4323,"date":"2026-05-17T17:55:31","date_gmt":"2026-05-17T15:55:31","guid":{"rendered":"https:\/\/www.geopolitics.fr\/?p=4323"},"modified":"2026-05-17T17:55:34","modified_gmt":"2026-05-17T15:55:34","slug":"muselier-se-range-derriere-attal-pour-lelection-presidentielle","status":"publish","type":"post","link":"https:\/\/www.geopolitics.fr\/en\/2026\/05\/17\/muselier-se-range-derriere-attal-pour-lelection-presidentielle\/","title":{"rendered":"Pourquoi Muselier se range derri\u00e8re Attal pour l&rsquo;\u00e9lection pr\u00e9sidentielle ?"},"content":{"rendered":"\n<h2 class=\"wp-block-heading\" id=\"h-le-soutien-a-macron-ne-lui-a-rien-rapporte\">Le soutien \u00e0 Macron ne lui a rien rapport\u00e9<\/h2>\n\n\n\n<p class=\"has-medium-font-size wp-block-paragraph\">Une chose, au moins, est claire avec Renaud Muselier : les convictions ne l&rsquo;encombrent pas. Chiraquien, Sarkozyste puis Maconiste&#8230; Tenant flamboyant du \u00ab\u00a0front r\u00e9publicain\u00a0\u00bb pour conserver la R\u00e9gion mais se refusant \u00e0 l\u00e2cher Vassal lorsque cette derni\u00e8re reprend \u00e0 son compte le slogan vichyste de P\u00e9tain \u00ab\u00a0Travail, Famille, Patrie\u00a0\u00bb. On aurait les plus grandes difficult\u00e9s \u00e0 une trouver la moindre coh\u00e9rence id\u00e9ologique dans ce parcours politique. Seule l&rsquo;ambition semble guider ses pas.<\/p>\n\n\n\n<p class=\"has-medium-font-size wp-block-paragraph\">C&rsquo;est elle, encore une fois, qui explique l'\u00a0\u00bbAttalisme\u00a0\u00bbdu toujours pr\u00e9sident de la r\u00e9gion PACA. Chacun le sait, Renaud Muselier souhaite, par-dessus, tout devenir s\u00e9nateur en septembre 2026. Il pensait avoir un boulevard mais Sabrina Agresti-Roubache est venue contrarier ses plans en annon\u00e7ant sa propre candidature. Estomaqu\u00e9, Muselier en a appel\u00e9 \u00e0 Emmanuel Macron et \u00e0 S\u00e9bastien Lecornu pour voir restaurer ce qu&rsquo;il consid\u00e8re comme un droit l\u00e9gitime. L&rsquo;absence de toute r\u00e9action du Pr\u00e9sident comme du Premier ministre le laissa fort d\u00e9confit.<\/p>\n\n\n\n<p class=\"has-medium-font-size wp-block-paragraph\">Emmanuel Macron n&rsquo;avait d\u00e9j\u00e0 rien donn\u00e9 \u00e0 Muselier,en d\u00e9pit du soutien massif apport\u00e9 lors de la pr\u00e9sidentielle de 2022<a href=\"#_ftn1\" id=\"_ftnref1\">[1]<\/a>. Trop c\u2019est trop, le Pr\u00e9sident de r\u00e9gion tente d\u00e9sormais de contre-carrer les ambitions d\u2019Agresti-Roubache en misant sur les divisions b\u00e9antes de la macronie.<\/p>\n\n\n\n<h2 class=\"wp-block-heading\" id=\"h-macron-attal-nbsp-rien-ne-va-plus-ou-comment-profiter-des-tiraillements-de-la-macronie\">Macron-Attal&nbsp;: rien ne va plus o\u00f9 comment profiter des tiraillements de la macronie.<\/h2>\n\n\n\n<p class=\"has-medium-font-size wp-block-paragraph\">Un retour en arri\u00e8re est n\u00e9cessaire. Emmanuel Macron n\u2019a jamais eu de sympathie particuli\u00e8re pour Attal. Ce dernier entre au gouvernement par l\u2019escalier de service et certains pr\u00e9tendent que sa relation sentimentale avec St\u00e9phane S\u00e9journ\u00e9 n\u2019y est pas \u00e9trang\u00e8re. On se souvient par exemple de l\u2019\u00e9tourderie du nouveau Premier ministre, Jean Castex, laissant appara\u00eetre sur un dossier dans une image captur\u00e9e par la presse\u00a0: \u00ab\u00a0il faut donner un os suppl\u00e9mentaire \u00e0 ronger pour le jeune Gabriel\u00a0\u00bb. Depuis, Attal s\u2019est \u00e9mancip\u00e9, a gravi les \u00e9chelons et a manifest\u00e9 une intelligence tactique politique indiscutable.<\/p>\n\n\n\n<p class=\"has-medium-font-size wp-block-paragraph\">Ce n\u2019est que gr\u00e2ce au lobbying intense de la premi\u00e8re dame en sa faveur, entre autres, qu\u2019Emmanuel Macron se r\u00e9sout \u00e0 le d\u00e9signer Premier ministre, le 9 janvier 2024. Avec un espoir secret&nbsp;: que l\u2019int\u00e9ress\u00e9 \u00e9choue pour s\u2019en d\u00e9barrasser.<\/p>\n\n\n\n<p class=\"has-medium-font-size wp-block-paragraph\">La dissolution d\u00e9cr\u00e9t\u00e9e par le Pr\u00e9sident, le 9 juin 2024, coupe l\u2019herbe sous le pied du tr\u00e8s jeune Premier ministre arriv\u00e9 depuis \u00e0 peine 6 mois. Le choc est rude.<\/p>\n\n\n\n<p class=\"has-medium-font-size wp-block-paragraph\">Mais le Premier ministre qui ex\u00e9cute les \u00ab&nbsp;affaires courantes&nbsp;\u00bb va rendre la monnaie de sa pi\u00e8ce au Chef de l\u2019Etat. Alors qu\u2019Emmanuel Macron anticipe une victoire du RN aux l\u00e9gislatives qui pr\u00e9sente deux avantages \u00e0 son sens&nbsp;: <\/p>\n\n\n\n<ul class=\"wp-block-list\">\n<li class=\"has-medium-font-size\">le faire quitter l\u2019Elys\u00e9e par la grande porte en p\u00e8re rassembleur de la nation <\/li>\n\n\n\n<li class=\"has-medium-font-size\">et discr\u00e9diter le RN dans la perspective de la Pr\u00e9sidentielle <\/li>\n<\/ul>\n\n\n\n<p class=\"has-medium-font-size wp-block-paragraph\">Attal fait \u00e9chouer ce plan. Gr\u00e2ce \u00e0 une \u00e9nergie et un sens tactique certains, il est l\u2019un des initiateurs de ce fameux \u00ab\u00a0front r\u00e9publicain\u00a0\u00bbde l\u2019entre-deux tours qui aboutira \u00e0 un r\u00e9sultat final contraire au vote du 1<sup>er<\/sup> tour. Le RN est repouss\u00e9 loin du pouvoir. La dissolution de juin prend la tournure d\u2019un cataclysme politique en raison de l\u2019absence de toute majorit\u00e9, dont la responsabilit\u00e9 incombe \u00e0 Emmanuel Macron seul.<\/p>\n\n\n\n<p class=\"has-medium-font-size wp-block-paragraph\">La rupture est consomm\u00e9e et d\u00e9finitive entre les deux hommes.<\/p>\n\n\n\n<h2 class=\"wp-block-heading\" id=\"h-une-fracture-beante-de-la-macronie-dont-entend-profiter-renaud-muselier\">Une fracture b\u00e9ante de la macronie dont entend profiter Renaud Muselier.<\/h2>\n\n\n\n<p class=\"has-medium-font-size wp-block-paragraph\">Sabrina Agresti Roubache est proche du couple Macron. Elle pourra b\u00e9n\u00e9ficier de leur soutien pour les s\u00e9natoriales. Ella d\u00e9plor\u00e9 que le \u00ab\u00a0Renaissance\u00a0\u00bb d&rsquo;Attal soutienne Martine Vassal lors des derni\u00e8res municipales.<\/p>\n\n\n\n<p class=\"has-medium-font-size wp-block-paragraph\">Renaud Muselier, lui, mise d\u00e9sormais sur le vrai patron du parti Renaissance, Gabriel, Attal. Il esp\u00e8re que le soutien manifest\u00e9 publiquement r\u00e9\u00e9quilibrera le jeu en sa faveur pour les s\u00e9natoriales.<\/p>\n\n\n\n<p class=\"has-medium-font-size wp-block-paragraph\">Ainsi, au-del\u00e0 de la rivilit\u00e9 Muselier-Roubache, c\u2019est un bras de fer qui se joue entre le Pr\u00e9sident et son ancien Premier ministre. Qui aura le plus d\u2019autorit\u00e9&nbsp;? Le Pr\u00e9sident en fin de mandat ou Attal qui esp\u00e8re lui succ\u00e9der&nbsp;? Les tensions seront vives au sein du parti pr\u00e9sidentiel o\u00f9 la vieille garde macronienne est d\u00e9sormais minoritaire.<\/p>\n\n\n\n<h2 class=\"wp-block-heading has-medium-font-size\" id=\"h-gabriel-attal-sera-t-il-reconnaissant-envers-renaud-muselier-nbsp\">Gabriel Attal sera-t-il reconnaissant envers Renaud Muselier&nbsp;?<\/h2>\n\n\n\n<p class=\"has-medium-font-size wp-block-paragraph\">Autant le dire clairement&nbsp;: Muselier a davantage besoin d\u2019Attal qu\u2019Attal de Muselier. L\u2019un est en fin de parcours, l\u2019autre estime que l\u2019avenir lui appartient. Le poids politique de Renaud Muselier s\u2019est consid\u00e9rablement affaibli.<\/p>\n\n\n\n<p class=\"has-medium-font-size wp-block-paragraph\">N\u00e9anmoins, il apporte \u00e0 G. Attal le pr\u00e9cieux soutien d\u2019un ex-baron de la droite. Et il est quasiment le seul \u00e0 le faire. Les autres, de tendance centriste, ont massivement choisi Edouard Philippe. La bataille pour le leadership sur le bloc central ou centriste s\u2019annonce particuli\u00e8rement \u00e2pre entre Attal et Philippe. L\u2019occasion pour Renaud Muselier de tirer, une derni\u00e8re fois, son \u00e9pingle du jeu\u00a0?<\/p>\n\n\n\n<hr class=\"wp-block-separator has-alpha-channel-opacity\"\/>\n\n\n\n<p class=\"wp-block-paragraph\"><a href=\"#_ftnref1\" id=\"_ftn1\">[1]<\/a> Cf https:\/\/www.geopolitics.fr\/2026\/05\/16\/a-marseille-droite-annee-zero\/<\/p>\n\n\n\n<p class=\"wp-block-paragraph\"><\/p>\n","protected":false},"excerpt":{"rendered":"<p>Le soutien \u00e0 Macron ne lui a rien rapport\u00e9 Une chose, au moins, est claire avec Renaud Muselier : les convictions ne&hellip;<\/p>","protected":false},"author":16,"featured_media":4324,"comment_status":"closed","ping_status":"closed","sticky":false,"template":"","format":"standard","meta":{"_lmt_disableupdate":"","_lmt_disable":"","footnotes":""},"categories":[606,4,626],"tags":[119,661,662,692],"class_list":["post-4323","post","type-post","status-publish","format-standard","has-post-thumbnail","hentry","category-local-13","category-mis-en-avant","category-politique-local-13","tag-attal","tag-muselier","tag-roubache","tag-senatoriales"],"yoast_head":"<!-- This site is optimized with the Yoast SEO Premium plugin v28.1 (Yoast SEO v28.1) - https:\/\/yoast.com\/product\/yoast-seo-premium-wordpress\/ -->\n<title>Pourquoi Muselier se range derri\u00e8re Attal pour l&#039;\u00e9lection pr\u00e9sidentielle ? | Geopolitics.fr<\/title>\n<meta name=\"robots\" content=\"index, follow, max-snippet:-1, max-image-preview:large, max-video-preview:-1\" \/>\n<link rel=\"canonical\" href=\"https:\/\/www.geopolitics.fr\/en\/2026\/05\/17\/muselier-se-range-derriere-attal-pour-lelection-presidentielle\/\" \/>\n<meta property=\"og:locale\" content=\"en_GB\" \/>\n<meta property=\"og:type\" content=\"article\" \/>\n<meta property=\"og:title\" content=\"Pourquoi Muselier se range derri\u00e8re Attal pour l&#039;\u00e9lection pr\u00e9sidentielle ?\" \/>\n<meta property=\"og:description\" content=\"Le soutien \u00e0 Macron ne lui a rien rapport\u00e9 Une chose, au moins, est claire avec Renaud Muselier : les convictions ne&hellip;\" \/>\n<meta property=\"og:url\" content=\"https:\/\/www.geopolitics.fr\/en\/2026\/05\/17\/muselier-se-range-derriere-attal-pour-lelection-presidentielle\/\" \/>\n<meta property=\"og:site_name\" content=\"Geopolitics.fr\" \/>\n<meta property=\"article:publisher\" content=\"https:\/\/www.facebook.com\/people\/Erwan-Davoux\/61557098968092\/\" \/>\n<meta property=\"article:author\" content=\"Erwan Davoux\" \/>\n<meta property=\"article:published_time\" content=\"2026-05-17T15:55:31+00:00\" \/>\n<meta property=\"article:modified_time\" content=\"2026-05-17T15:55:34+00:00\" \/>\n<meta property=\"og:image\" content=\"https:\/\/www.geopolitics.fr\/wp-content\/uploads\/2026\/05\/muselier-roubache.jpg\" \/>\n\t<meta property=\"og:image:width\" content=\"1903\" \/>\n\t<meta property=\"og:image:height\" content=\"716\" \/>\n\t<meta property=\"og:image:type\" content=\"image\/jpeg\" \/>\n<meta name=\"author\" content=\"Erwan Davoux\" \/>\n<meta name=\"twitter:card\" content=\"summary_large_image\" \/>\n<meta name=\"twitter:creator\" content=\"@erwandavoux @Geo_politicsfr\" \/>\n<meta name=\"twitter:site\" content=\"@Geopolitics_Fr\" \/>\n<meta name=\"twitter:label1\" content=\"Written by\" \/>\n\t<meta name=\"twitter:data1\" content=\"Erwan Davoux\" \/>\n\t<meta name=\"twitter:label2\" content=\"Estimated reading time\" \/>\n\t<meta name=\"twitter:data2\" content=\"5 minutes\" \/>\n<script type=\"application\/ld+json\" class=\"yoast-schema-graph\">{\"@context\":\"https:\\\/\\\/schema.org\",\"@graph\":[{\"@type\":\"Article\",\"@id\":\"https:\\\/\\\/www.geopolitics.fr\\\/2026\\\/05\\\/17\\\/muselier-se-range-derriere-attal-pour-lelection-presidentielle\\\/#article\",\"isPartOf\":{\"@id\":\"https:\\\/\\\/www.geopolitics.fr\\\/2026\\\/05\\\/17\\\/muselier-se-range-derriere-attal-pour-lelection-presidentielle\\\/\"},\"author\":{\"name\":\"Erwan Davoux\",\"@id\":\"https:\\\/\\\/www.geopolitics.fr\\\/#\\\/schema\\\/person\\\/a487273e91313e368925717400fa1b11\"},\"headline\":\"Pourquoi Muselier se range derri\u00e8re Attal pour l&rsquo;\u00e9lection pr\u00e9sidentielle ?\",\"datePublished\":\"2026-05-17T15:55:31+00:00\",\"dateModified\":\"2026-05-17T15:55:34+00:00\",\"mainEntityOfPage\":{\"@id\":\"https:\\\/\\\/www.geopolitics.fr\\\/2026\\\/05\\\/17\\\/muselier-se-range-derriere-attal-pour-lelection-presidentielle\\\/\"},\"wordCount\":874,\"publisher\":{\"@id\":\"https:\\\/\\\/www.geopolitics.fr\\\/#organization\"},\"image\":{\"@id\":\"https:\\\/\\\/www.geopolitics.fr\\\/2026\\\/05\\\/17\\\/muselier-se-range-derriere-attal-pour-lelection-presidentielle\\\/#primaryimage\"},\"thumbnailUrl\":\"https:\\\/\\\/www.geopolitics.fr\\\/wp-content\\\/uploads\\\/2026\\\/05\\\/muselier-roubache.jpg\",\"keywords\":[\"ATTAL\",\"MUSELIER\",\"ROUBACHE\",\"senatoriales\"],\"articleSection\":[\"LOCAL (13)\",\"Mis en AVANT\",\"politique\"],\"inLanguage\":\"en-GB\"},{\"@type\":\"WebPage\",\"@id\":\"https:\\\/\\\/www.geopolitics.fr\\\/2026\\\/05\\\/17\\\/muselier-se-range-derriere-attal-pour-lelection-presidentielle\\\/\",\"url\":\"https:\\\/\\\/www.geopolitics.fr\\\/2026\\\/05\\\/17\\\/muselier-se-range-derriere-attal-pour-lelection-presidentielle\\\/\",\"name\":\"Pourquoi Muselier se range derri\u00e8re Attal pour l'\u00e9lection pr\u00e9sidentielle ? | Geopolitics.fr\",\"isPartOf\":{\"@id\":\"https:\\\/\\\/www.geopolitics.fr\\\/#website\"},\"primaryImageOfPage\":{\"@id\":\"https:\\\/\\\/www.geopolitics.fr\\\/2026\\\/05\\\/17\\\/muselier-se-range-derriere-attal-pour-lelection-presidentielle\\\/#primaryimage\"},\"image\":{\"@id\":\"https:\\\/\\\/www.geopolitics.fr\\\/2026\\\/05\\\/17\\\/muselier-se-range-derriere-attal-pour-lelection-presidentielle\\\/#primaryimage\"},\"thumbnailUrl\":\"https:\\\/\\\/www.geopolitics.fr\\\/wp-content\\\/uploads\\\/2026\\\/05\\\/muselier-roubache.jpg\",\"datePublished\":\"2026-05-17T15:55:31+00:00\",\"dateModified\":\"2026-05-17T15:55:34+00:00\",\"breadcrumb\":{\"@id\":\"https:\\\/\\\/www.geopolitics.fr\\\/2026\\\/05\\\/17\\\/muselier-se-range-derriere-attal-pour-lelection-presidentielle\\\/#breadcrumb\"},\"inLanguage\":\"en-GB\",\"potentialAction\":[{\"@type\":\"ReadAction\",\"target\":[\"https:\\\/\\\/www.geopolitics.fr\\\/2026\\\/05\\\/17\\\/muselier-se-range-derriere-attal-pour-lelection-presidentielle\\\/\"]}]},{\"@type\":\"ImageObject\",\"inLanguage\":\"en-GB\",\"@id\":\"https:\\\/\\\/www.geopolitics.fr\\\/2026\\\/05\\\/17\\\/muselier-se-range-derriere-attal-pour-lelection-presidentielle\\\/#primaryimage\",\"url\":\"https:\\\/\\\/www.geopolitics.fr\\\/wp-content\\\/uploads\\\/2026\\\/05\\\/muselier-roubache.jpg\",\"contentUrl\":\"https:\\\/\\\/www.geopolitics.fr\\\/wp-content\\\/uploads\\\/2026\\\/05\\\/muselier-roubache.jpg\",\"width\":1903,\"height\":716},{\"@type\":\"BreadcrumbList\",\"@id\":\"https:\\\/\\\/www.geopolitics.fr\\\/2026\\\/05\\\/17\\\/muselier-se-range-derriere-attal-pour-lelection-presidentielle\\\/#breadcrumb\",\"itemListElement\":[{\"@type\":\"ListItem\",\"position\":1,\"name\":\"Accueil\",\"item\":\"https:\\\/\\\/www.geopolitics.fr\\\/\"},{\"@type\":\"ListItem\",\"position\":2,\"name\":\"Pourquoi Muselier se range derri\u00e8re Attal pour l&rsquo;\u00e9lection pr\u00e9sidentielle ?\"}]},{\"@type\":\"WebSite\",\"@id\":\"https:\\\/\\\/www.geopolitics.fr\\\/#website\",\"url\":\"https:\\\/\\\/www.geopolitics.fr\\\/\",\"name\":\"Geopolitics.fr\",\"description\":\"Geopolitics.fr Analyse politique, relations internationales, d\u00e9fense - ligne \u00e9ditoriale gaullo-chiraquienne\",\"publisher\":{\"@id\":\"https:\\\/\\\/www.geopolitics.fr\\\/#organization\"},\"potentialAction\":[{\"@type\":\"SearchAction\",\"target\":{\"@type\":\"EntryPoint\",\"urlTemplate\":\"https:\\\/\\\/www.geopolitics.fr\\\/?s={search_term_string}\"},\"query-input\":{\"@type\":\"PropertyValueSpecification\",\"valueRequired\":true,\"valueName\":\"search_term_string\"}}],\"inLanguage\":\"en-GB\"},{\"@type\":\"Organization\",\"@id\":\"https:\\\/\\\/www.geopolitics.fr\\\/#organization\",\"name\":\"Geopolitics.fr\",\"url\":\"https:\\\/\\\/www.geopolitics.fr\\\/\",\"logo\":{\"@type\":\"ImageObject\",\"inLanguage\":\"en-GB\",\"@id\":\"https:\\\/\\\/www.geopolitics.fr\\\/#\\\/schema\\\/logo\\\/image\\\/\",\"url\":\"https:\\\/\\\/www.geopolitics.fr\\\/wp-content\\\/uploads\\\/2024\\\/01\\\/logo.jpg\",\"contentUrl\":\"https:\\\/\\\/www.geopolitics.fr\\\/wp-content\\\/uploads\\\/2024\\\/01\\\/logo.jpg\",\"width\":500,\"height\":500,\"caption\":\"Geopolitics.fr\"},\"image\":{\"@id\":\"https:\\\/\\\/www.geopolitics.fr\\\/#\\\/schema\\\/logo\\\/image\\\/\"},\"sameAs\":[\"https:\\\/\\\/www.facebook.com\\\/people\\\/Erwan-Davoux\\\/61557098968092\\\/\",\"https:\\\/\\\/x.com\\\/Geopolitics_Fr\"]},{\"@type\":\"Person\",\"@id\":\"https:\\\/\\\/www.geopolitics.fr\\\/#\\\/schema\\\/person\\\/a487273e91313e368925717400fa1b11\",\"name\":\"Erwan Davoux\",\"image\":{\"@type\":\"ImageObject\",\"inLanguage\":\"en-GB\",\"@id\":\"https:\\\/\\\/www.geopolitics.fr\\\/wp-content\\\/uploads\\\/2026\\\/05\\\/moi-96x96.jpg\",\"url\":\"https:\\\/\\\/www.geopolitics.fr\\\/wp-content\\\/uploads\\\/2026\\\/05\\\/moi-96x96.jpg\",\"contentUrl\":\"https:\\\/\\\/www.geopolitics.fr\\\/wp-content\\\/uploads\\\/2026\\\/05\\\/moi-96x96.jpg\",\"caption\":\"Erwan Davoux\"},\"description\":\"Erwan DAVOUX est Pr\u00e9sident de LMD CONSEIL, (conseil strat\u00e9gique, intelligence \u00e9conomique, risque g\u00e9opolitique, influence politique, diplomatie \u00e9conomique). Dipl\u00f4m\u00e9 de l'IEP de Paris et de l'INALCO (d\u00e9partement d'\u00e9tudes arabes), il est directeur de la publication de geopolitics.fr. Ancien fonctionnaire au Minist\u00e8re de l'Int\u00e9rieur et de la D\u00e9fense (DGSE) Ancien charg\u00e9 de Mission \u00e0 la Pr\u00e9sidence de la R\u00e9publique (cellule diplomatique) Conseil de nombreuses personnalit\u00e9s politiques \u00e0 l'International (dont deux anciens Premiers ministres).\",\"sameAs\":[\"Erwan Davoux\",\"@erwandavoux\",\"https:\\\/\\\/www.linkedin.com\\\/in\\\/erwan-davoux-6800b289\\\/\",\"https:\\\/\\\/x.com\\\/@erwandavoux @Geo_politicsfr\"],\"url\":\"https:\\\/\\\/www.geopolitics.fr\\\/en\\\/author\\\/erwan-davoux\\\/\"}]}<\/script>\n<!-- \/ Yoast SEO Premium plugin. -->","yoast_head_json":{"title":"Pourquoi Muselier se range derri\u00e8re Attal pour l'\u00e9lection pr\u00e9sidentielle ? | Geopolitics.fr","robots":{"index":"index","follow":"follow","max-snippet":"max-snippet:-1","max-image-preview":"max-image-preview:large","max-video-preview":"max-video-preview:-1"},"canonical":"https:\/\/www.geopolitics.fr\/en\/2026\/05\/17\/muselier-se-range-derriere-attal-pour-lelection-presidentielle\/","og_locale":"en_GB","og_type":"article","og_title":"Pourquoi Muselier se range derri\u00e8re Attal pour l'\u00e9lection pr\u00e9sidentielle ?","og_description":"Le soutien \u00e0 Macron ne lui a rien rapport\u00e9 Une chose, au moins, est claire avec Renaud Muselier : les convictions ne&hellip;","og_url":"https:\/\/www.geopolitics.fr\/en\/2026\/05\/17\/muselier-se-range-derriere-attal-pour-lelection-presidentielle\/","og_site_name":"Geopolitics.fr","article_publisher":"https:\/\/www.facebook.com\/people\/Erwan-Davoux\/61557098968092\/","article_author":"Erwan Davoux","article_published_time":"2026-05-17T15:55:31+00:00","article_modified_time":"2026-05-17T15:55:34+00:00","og_image":[{"width":1903,"height":716,"url":"https:\/\/www.geopolitics.fr\/wp-content\/uploads\/2026\/05\/muselier-roubache.jpg","type":"image\/jpeg"}],"author":"Erwan Davoux","twitter_card":"summary_large_image","twitter_creator":"@erwandavoux @Geo_politicsfr","twitter_site":"@Geopolitics_Fr","twitter_misc":{"Written by":"Erwan Davoux","Estimated reading time":"5 minutes"},"schema":{"@context":"https:\/\/schema.org","@graph":[{"@type":"Article","@id":"https:\/\/www.geopolitics.fr\/2026\/05\/17\/muselier-se-range-derriere-attal-pour-lelection-presidentielle\/#article","isPartOf":{"@id":"https:\/\/www.geopolitics.fr\/2026\/05\/17\/muselier-se-range-derriere-attal-pour-lelection-presidentielle\/"},"author":{"name":"Erwan Davoux","@id":"https:\/\/www.geopolitics.fr\/#\/schema\/person\/a487273e91313e368925717400fa1b11"},"headline":"Pourquoi Muselier se range derri\u00e8re Attal pour l&rsquo;\u00e9lection pr\u00e9sidentielle ?","datePublished":"2026-05-17T15:55:31+00:00","dateModified":"2026-05-17T15:55:34+00:00","mainEntityOfPage":{"@id":"https:\/\/www.geopolitics.fr\/2026\/05\/17\/muselier-se-range-derriere-attal-pour-lelection-presidentielle\/"},"wordCount":874,"publisher":{"@id":"https:\/\/www.geopolitics.fr\/#organization"},"image":{"@id":"https:\/\/www.geopolitics.fr\/2026\/05\/17\/muselier-se-range-derriere-attal-pour-lelection-presidentielle\/#primaryimage"},"thumbnailUrl":"https:\/\/www.geopolitics.fr\/wp-content\/uploads\/2026\/05\/muselier-roubache.jpg","keywords":["ATTAL","MUSELIER","ROUBACHE","senatoriales"],"articleSection":["LOCAL (13)","Mis en AVANT","politique"],"inLanguage":"en-GB"},{"@type":"WebPage","@id":"https:\/\/www.geopolitics.fr\/2026\/05\/17\/muselier-se-range-derriere-attal-pour-lelection-presidentielle\/","url":"https:\/\/www.geopolitics.fr\/2026\/05\/17\/muselier-se-range-derriere-attal-pour-lelection-presidentielle\/","name":"Pourquoi Muselier se range derri\u00e8re Attal pour l'\u00e9lection pr\u00e9sidentielle ? | Geopolitics.fr","isPartOf":{"@id":"https:\/\/www.geopolitics.fr\/#website"},"primaryImageOfPage":{"@id":"https:\/\/www.geopolitics.fr\/2026\/05\/17\/muselier-se-range-derriere-attal-pour-lelection-presidentielle\/#primaryimage"},"image":{"@id":"https:\/\/www.geopolitics.fr\/2026\/05\/17\/muselier-se-range-derriere-attal-pour-lelection-presidentielle\/#primaryimage"},"thumbnailUrl":"https:\/\/www.geopolitics.fr\/wp-content\/uploads\/2026\/05\/muselier-roubache.jpg","datePublished":"2026-05-17T15:55:31+00:00","dateModified":"2026-05-17T15:55:34+00:00","breadcrumb":{"@id":"https:\/\/www.geopolitics.fr\/2026\/05\/17\/muselier-se-range-derriere-attal-pour-lelection-presidentielle\/#breadcrumb"},"inLanguage":"en-GB","potentialAction":[{"@type":"ReadAction","target":["https:\/\/www.geopolitics.fr\/2026\/05\/17\/muselier-se-range-derriere-attal-pour-lelection-presidentielle\/"]}]},{"@type":"ImageObject","inLanguage":"en-GB","@id":"https:\/\/www.geopolitics.fr\/2026\/05\/17\/muselier-se-range-derriere-attal-pour-lelection-presidentielle\/#primaryimage","url":"https:\/\/www.geopolitics.fr\/wp-content\/uploads\/2026\/05\/muselier-roubache.jpg","contentUrl":"https:\/\/www.geopolitics.fr\/wp-content\/uploads\/2026\/05\/muselier-roubache.jpg","width":1903,"height":716},{"@type":"BreadcrumbList","@id":"https:\/\/www.geopolitics.fr\/2026\/05\/17\/muselier-se-range-derriere-attal-pour-lelection-presidentielle\/#breadcrumb","itemListElement":[{"@type":"ListItem","position":1,"name":"Accueil","item":"https:\/\/www.geopolitics.fr\/"},{"@type":"ListItem","position":2,"name":"Pourquoi Muselier se range derri\u00e8re Attal pour l&rsquo;\u00e9lection pr\u00e9sidentielle ?"}]},{"@type":"WebSite","@id":"https:\/\/www.geopolitics.fr\/#website","url":"https:\/\/www.geopolitics.fr\/","name":"Geopolitics.fr","description":"Geopolitics.fr Analyse politique, relations internationales, d\u00e9fense - ligne \u00e9ditoriale gaullo-chiraquienne","publisher":{"@id":"https:\/\/www.geopolitics.fr\/#organization"},"potentialAction":[{"@type":"SearchAction","target":{"@type":"EntryPoint","urlTemplate":"https:\/\/www.geopolitics.fr\/?s={search_term_string}"},"query-input":{"@type":"PropertyValueSpecification","valueRequired":true,"valueName":"search_term_string"}}],"inLanguage":"en-GB"},{"@type":"Organization","@id":"https:\/\/www.geopolitics.fr\/#organization","name":"Geopolitics.fr","url":"https:\/\/www.geopolitics.fr\/","logo":{"@type":"ImageObject","inLanguage":"en-GB","@id":"https:\/\/www.geopolitics.fr\/#\/schema\/logo\/image\/","url":"https:\/\/www.geopolitics.fr\/wp-content\/uploads\/2024\/01\/logo.jpg","contentUrl":"https:\/\/www.geopolitics.fr\/wp-content\/uploads\/2024\/01\/logo.jpg","width":500,"height":500,"caption":"Geopolitics.fr"},"image":{"@id":"https:\/\/www.geopolitics.fr\/#\/schema\/logo\/image\/"},"sameAs":["https:\/\/www.facebook.com\/people\/Erwan-Davoux\/61557098968092\/","https:\/\/x.com\/Geopolitics_Fr"]},{"@type":"Person","@id":"https:\/\/www.geopolitics.fr\/#\/schema\/person\/a487273e91313e368925717400fa1b11","name":"Erwan Davoux","image":{"@type":"ImageObject","inLanguage":"en-GB","@id":"https:\/\/www.geopolitics.fr\/wp-content\/uploads\/2026\/05\/moi-96x96.jpg","url":"https:\/\/www.geopolitics.fr\/wp-content\/uploads\/2026\/05\/moi-96x96.jpg","contentUrl":"https:\/\/www.geopolitics.fr\/wp-content\/uploads\/2026\/05\/moi-96x96.jpg","caption":"Erwan Davoux"},"description":"Erwan DAVOUX est Pr\u00e9sident de LMD CONSEIL, (conseil strat\u00e9gique, intelligence \u00e9conomique, risque g\u00e9opolitique, influence politique, diplomatie \u00e9conomique). Dipl\u00f4m\u00e9 de l'IEP de Paris et de l'INALCO (d\u00e9partement d'\u00e9tudes arabes), il est directeur de la publication de geopolitics.fr. Ancien fonctionnaire au Minist\u00e8re de l'Int\u00e9rieur et de la D\u00e9fense (DGSE) Ancien charg\u00e9 de Mission \u00e0 la Pr\u00e9sidence de la R\u00e9publique (cellule diplomatique) Conseil de nombreuses personnalit\u00e9s politiques \u00e0 l'International (dont deux anciens Premiers ministres).","sameAs":["Erwan Davoux","@erwandavoux","https:\/\/www.linkedin.com\/in\/erwan-davoux-6800b289\/","https:\/\/x.com\/@erwandavoux @Geo_politicsfr"],"url":"https:\/\/www.geopolitics.fr\/en\/author\/erwan-davoux\/"}]}},"_links":{"self":[{"href":"https:\/\/www.geopolitics.fr\/en\/wp-json\/wp\/v2\/posts\/4323","targetHints":{"allow":["GET"]}}],"collection":[{"href":"https:\/\/www.geopolitics.fr\/en\/wp-json\/wp\/v2\/posts"}],"about":[{"href":"https:\/\/www.geopolitics.fr\/en\/wp-json\/wp\/v2\/types\/post"}],"author":[{"embeddable":true,"href":"https:\/\/www.geopolitics.fr\/en\/wp-json\/wp\/v2\/users\/16"}],"replies":[{"embeddable":true,"href":"https:\/\/www.geopolitics.fr\/en\/wp-json\/wp\/v2\/comments?post=4323"}],"version-history":[{"count":0,"href":"https:\/\/www.geopolitics.fr\/en\/wp-json\/wp\/v2\/posts\/4323\/revisions"}],"wp:featuredmedia":[{"embeddable":true,"href":"https:\/\/www.geopolitics.fr\/en\/wp-json\/wp\/v2\/media\/4324"}],"wp:attachment":[{"href":"https:\/\/www.geopolitics.fr\/en\/wp-json\/wp\/v2\/media?parent=4323"}],"wp:term":[{"taxonomy":"category","embeddable":true,"href":"https:\/\/www.geopolitics.fr\/en\/wp-json\/wp\/v2\/categories?post=4323"},{"taxonomy":"post_tag","embeddable":true,"href":"https:\/\/www.geopolitics.fr\/en\/wp-json\/wp\/v2\/tags?post=4323"}],"curies":[{"name":"wp","href":"https:\/\/api.w.org\/{rel}","templated":true}]}}