{"id":4319,"date":"2026-05-18T08:36:16","date_gmt":"2026-05-18T06:36:16","guid":{"rendered":"https:\/\/www.geopolitics.fr\/?p=4319"},"modified":"2026-05-18T08:36:18","modified_gmt":"2026-05-18T06:36:18","slug":"iran-derriere-la-guerre-le-monde-dapres","status":"publish","type":"post","link":"https:\/\/www.geopolitics.fr\/en\/2026\/05\/18\/iran-derriere-la-guerre-le-monde-dapres\/","title":{"rendered":"Iran : derri\u00e8re la guerre, le monde d\u2019apr\u00e8s"},"content":{"rendered":"\n<h2 class=\"wp-block-heading has-medium-font-size\" id=\"h-la-guerre-en-iran-constitue-probablement-le-premier-test-grandeur-nature-du-yuan-comme-monnaie-de-reglement-internationale\">La guerre en Iran constitue probablement le premier test grandeur nature du yuan comme monnaie de r\u00e8glement internationale. <\/h2>\n\n\n\n<p class=\"has-medium-font-size wp-block-paragraph\">La part des transactions p\u00e9troli\u00e8res mondiales libell\u00e9es en dollars est pass\u00e9e de 70 % en 1999 \u00e0 57 % aujourd&rsquo;hui. Elle passera probablement sous les 50 % avant 2030, non parce que le yuan sera la monnaie de r\u00e9serve mais parce qu&rsquo;Ormuz sera rest\u00e9 un n\u0153ud gordien suffisamment longtemps, et Trump et Netanyahou ne seront plus l\u00e0.<\/p>\n\n\n\n<p class=\"has-medium-font-size wp-block-paragraph\">Aujourd&rsquo;hui, nous payons surtout aujourd&rsquo;hui les erreurs de ceux qui ont construit l&rsquo;\u00e9conomie mondiale sur des art\u00e8res aussi \u00e9troites qu&rsquo;irrempla\u00e7ables, sans jamais pr\u00e9voir qu&rsquo;un jour quelqu&rsquo;un fermerait le robinet. Ce jour est arriv\u00e9. Le 4 mars 2026, l&rsquo;Iran a officiellement ferm\u00e9 le d\u00e9troit d&rsquo;Ormuz<a href=\"#_ftn2\" id=\"_ftnref2\">[2]<\/a>.<\/p>\n\n\n\n<p class=\"has-medium-font-size wp-block-paragraph\">L\u00e0 o\u00f9 80 \u00e0 90 % du commerce transite par les oc\u00e9ans, au moins les deux tiers passent directement ou indirectement par sept \u00ab chokepoints \u00bb dont la largeur cumul\u00e9e ne d\u00e9passe pas la distance d\u2019un Paris-Bruxelles<a href=\"#_ftn3\" id=\"_ftnref3\">[3]<\/a>. Ormuz : 34 km. Malacca : 2,7 km. Bab el-Mandeb : 29 km. Canal de Suez : 300 m. Bosphore : 700 m. Panama : 33 m. D\u00e9troit de Ta\u00efwan : 130 km<a href=\"#_ftn4\" id=\"_ftnref4\">[4]<\/a>. Aucun gouvernement ni aucune institution internationale, n&rsquo;a jug\u00e9 bon de construire s\u00e9rieusement un plan de r\u00e9silience pour le jour o\u00f9 l&rsquo;un de ces couloirs serait coup\u00e9. La guerre en Iran n\u2019est que le r\u00e9v\u00e9lateur brutal d\u2019une myopie collective que le monde entretenait depuis des d\u00e9cennies.<\/p>\n\n\n\n<h2 class=\"wp-block-heading has-medium-font-size\" id=\"h-les-grandes-crises-ont-toujours-cette-fonction-elles-reveillent-les-dependances-que-les-periodes-de-stabilite-rendaient-invisibles\">Les grandes crises ont toujours cette fonction : elles r\u00e9veillent les d\u00e9pendances que les p\u00e9riodes de stabilit\u00e9 rendaient invisibles<\/h2>\n\n\n\n<p class=\"has-medium-font-size wp-block-paragraph\">La guerre en Ukraine a rappel\u00e9 \u00e0 l\u2019Europe sa d\u00e9pendance au gaz russe et ses lacunes strat\u00e9giques en mati\u00e8re de d\u00e9fense et de coh\u00e9sion ; la guerre en Iran r\u00e9v\u00e8le d\u00e9sormais la fragilit\u00e9 d\u2019une mondialisation construite sur quelques routes, quelques producteurs \u00e9nerg\u00e9tiques et un ordre s\u00e9curitaire am\u00e9ricain qui n\u2019offre plus les m\u00eames garanties.<\/p>\n\n\n\n<p class=\"has-medium-font-size wp-block-paragraph\">Comme il y a eu un monde d\u2019apr\u00e8s-guerre froide et un monde d\u2019apr\u00e8s-Ukraine, il y aura un monde d\u2019apr\u00e8s-Iran. Plus fragment\u00e9, plus concurrentiel, travers\u00e9 de nouvelles formes de guerres froides \u00e9conomiques et technologiques. En d\u2019autres termes, un monde v\u00e9ritablement multipolaire. Un Moyen-Orient qui cesse d\u2019\u00eatre le centre du monde est un facteur de multipolarisation suppl\u00e9mentaire, au profit direct du \u201cSud global\u201d et des \u00e9conomies asiatiques qui ont patiemment construit leurs alternatives.<\/p>\n\n\n\n<p class=\"has-medium-font-size wp-block-paragraph\">Car les grands gagnants de cette guerre ne seront probablement pas ceux qui l\u2019auront men\u00e9e.<\/p>\n\n\n\n<h2 class=\"wp-block-heading\" id=\"h-le-groupe-des-brics-brics-les-veritables-gagnants\">Le groupe des BRICS\/BRICS+ : les v\u00e9ritables gagnants <\/h2>\n\n\n\n<p class=\"has-medium-font-size wp-block-paragraph\">C&rsquo;est le groupe des BRICS+, avec toutes ses contradictions internes, qui en sortira comme la seule structure g\u00e9opolitique ayant collectivement gagn\u00e9 cette guerre sans s&rsquo;y \u00eatre expos\u00e9s.<\/p>\n\n\n\n<p class=\"has-medium-font-size wp-block-paragraph\">En 2026, le groupe repr\u00e9sente pr\u00e8s de la moiti\u00e9 de la population mondiale et environ 40 % du PIB mondial en parit\u00e9 de pouvoir d\u2019achat, apr\u00e8s l\u2019int\u00e9gration de 9 nouveaux \u00c9tats partenaires en janvier 2025. L\u2019Indon\u00e9sie apporte au bloc la quatri\u00e8me population mondiale, la premi\u00e8re \u00e9conomie d\u2019Asie du Sud-Est (ce qui incitera les autres \u00e0 les rejoindre), le plus grand pays musulman de la plan\u00e8te et un verrou maritime hautement strat\u00e9gique entre l\u2019oc\u00e9an Indien et le Pacifique<a href=\"#_ftn5\" id=\"_ftnref5\">[5]<\/a>.<\/p>\n\n\n\n<p class=\"has-medium-font-size wp-block-paragraph\">Leur incapacit\u00e9 \u00e0 produire un communiqu\u00e9 commun quand l&rsquo;Iran membre est bombard\u00e9<a href=\"#_ftn6\" id=\"_ftnref6\">[6]<\/a>, dit tout de ce qu&rsquo;ils sont : pas une alliance militaire, mais une plateforme de contournement, permettant \u00e0 chacun de r\u00e9duire sa d\u00e9pendance aux sanctions am\u00e9ricaines, au dollar, et aux hi\u00e9rarchies diplomatiques h\u00e9rit\u00e9es du XXe si\u00e8cle. La guerre en Iran leur offre une acc\u00e9l\u00e9ration inesp\u00e9r\u00e9e.<\/p>\n\n\n\n<h2 class=\"wp-block-heading has-medium-font-size\" id=\"h-la-chine-est-l-illustration-parfaite-du-gagnant-sans-uniforme\">La Chine est l&rsquo;illustration parfaite du gagnant sans uniforme<\/h2>\n\n\n\n<p class=\"has-medium-font-size wp-block-paragraph\">Elle perd l&rsquo;acc\u00e8s au p\u00e9trole iranien achemin\u00e9 par voie fant\u00f4me (15 % de ses importations totales<a href=\"#_ftn7\" id=\"_ftnref7\">[7]<\/a>), mais gagne sur tous les autres tableaux. Co-signataire du plan de paix avec le Pakistan, garante de la s\u00e9curit\u00e9 des d\u00e9l\u00e9gu\u00e9s iraniens \u00e0 Islamabad, actionnaire \u00e0 25 % du p\u00e9trole guyanais qui remplace le brut du Golfe en Asie pendant qu&rsquo;Ormuz est ferm\u00e9<a href=\"#_ftn8\" id=\"_ftnref8\">[8]<\/a>, et coarchitecte d&rsquo;un Power of Siberia 2 (projet de Gzoduc g\u00e9ant destin\u00e9 \u00e0 relier la Sib\u00e9rie occidentale et le nord de la Chine) dont la premi\u00e8re mention apparait dans le plan quinquennal chinois de mars 2026. Et pendant que l&rsquo;Europe installe des tarifs de 45 % sur les v\u00e9hicules \u00e9lectriques chinois, BYD ouvre une usine \u00e0 Szeged en Hongrie, capable de produire 150 000 v\u00e9hicules \u00e9lectriques\/an d\u00e8s 2026<a href=\"#_ftn9\" id=\"_ftnref9\">[9]<\/a>, contournant les taxes depuis l&rsquo;int\u00e9rieur m\u00eame du march\u00e9 unique. Cette strat\u00e9gie permettra \u00e0 la Chine de casser les prix du march\u00e9 europ\u00e9en \u00e0 20-25 000 euros le v\u00e9hicule \u00e9lectrique (vs 35 000 euros pour les \u00e9quivalents europ\u00e9ens et 38 000 euros pour Tesla), renfor\u00e7ant un exc\u00e9dent commercial d\u00e9j\u00e0 sup\u00e9rieur \u00e0 360 milliards avec l\u2019UE<a href=\"#_ftn10\" id=\"_ftnref10\">[10]<\/a>.<\/p>\n\n\n\n<h2 class=\"wp-block-heading has-medium-font-size\" id=\"h-la-russie-elle-gagne-sans-effort\">La Russie, elle, gagne sans effort<\/h2>\n\n\n\n<p class=\"has-medium-font-size wp-block-paragraph\">Le brut Urals est pass\u00e9 de moins de 55 dollars avant la guerre \u00e0 environ 115 dollars en mars, soit pr\u00e8s de 9 milliards de dollars de revenus suppl\u00e9mentaires par mois<a href=\"#_ftn11\" id=\"_ftnref11\">[11]<\/a>. Chaque jour de fermeture d&rsquo;Ormuz renforce sa position comme fournisseur alternatif. Les exportations vers l&rsquo;Inde ont doubl\u00e9<a href=\"#_ftn12\" id=\"_ftnref12\">[12]<\/a>. Ce pays qui importe 60% de son p\u00e9trole brut et 40 % de son ur\u00e9e et phosphate depuis le Moyen-Orient, expos\u00e9 via ses 10 millions de travailleurs dans le Golfe g\u00e9n\u00e9rant 125 milliards de dollars de rentr\u00e9es annuelles<a href=\"#_ftn13\" id=\"_ftnref13\">[13]<\/a>, tentera de s\u00e9curiser des contrats p\u00e9troliers russes \u00e0 long terme en roupies. Cette guerre pousse New Delhi, pays le plus touch\u00e9 hors MENA, vers une d\u00e9dollarisation pragmatique qu\u2019elle n\u2019aurait jamais assum\u00e9e politiquement en temps normal. Et Trump, pris entre ses sanctions et la n\u00e9cessit\u00e9 d&rsquo;\u00e9viter un choc \u00e9lectoral, accorde \u00e0 Moscou une d\u00e9rogation de 30 jours permettant aux pays d&rsquo;acheter du p\u00e9trole russe sanctionn\u00e9<a href=\"#_ftn14\" id=\"_ftnref14\">[14]<\/a> &#8211; obtenant sans n\u00e9gocier ce que deux ans de diplomatie n\u2019avaient r\u00e9ussi \u00e0 arracher.<\/p>\n\n\n\n<p class=\"has-medium-font-size wp-block-paragraph\">Tout indique que la Russie utilisera ce windfall p\u00e9trolier (mars-septembre 2026) pour reconstituer ses r\u00e9serves en devises et relancer une offensive en Ukraine avant l&rsquo;hiver, profitant de la distraction occidentale et du ralentissement des livraisons d&rsquo;armes \u00e0 Kiev, elles-m\u00eames ralenties par la saturation des commandes li\u00e9es au conflit iranien. Deux guerres. Un gagnant.<\/p>\n\n\n\n<p class=\"has-medium-font-size wp-block-paragraph\">Qui b\u00e9n\u00e9ficie le plus de cette guerre ? Moscou. Qui obtient l&rsquo;assouplissement des sanctions sur son p\u00e9trole ? Moscou. Qui voit ses exportations exploser vers l&rsquo;Inde et la Chine ? Moscou encore. La l\u00e9gende d&rsquo;une influence russe sur Trump n&rsquo;a jamais sembl\u00e9 aussi bien nourrie par les faits.<\/p>\n\n\n\n<h2 class=\"wp-block-heading\" id=\"h-le-pakistan-nbsp-maitre-d-un-nouvel-nbsp-otan-sunnite-nbsp-nbsp\">Le Pakistan&nbsp;: ma\u00eetre d\u2019un nouvel \u00ab&nbsp;OTAN sunnite&nbsp;\u00bb&nbsp;?<\/h2>\n\n\n\n<h3 class=\"wp-block-heading has-medium-font-size\" id=\"h-islamabad-pourrait-rejoindre-les-brics\">Islamabad pourrait rejoindre les BRICS <\/h3>\n\n\n\n<p class=\"has-medium-font-size wp-block-paragraph\">Depuis plusieurs ann\u00e9es, mais son entr\u00e9e restait jusqu\u2019ici bloqu\u00e9e par l\u2019Inde. Dans le monde d\u2019apr\u00e8s, rien n\u2019est plus aussi certain. Soutenu par P\u00e9kin via le Corridor \u00e9conomique Chine-Pakistan (CPEC), utile \u00e0 Riyad et Ankara (l\u2019accord sign\u00e9), capable de parler \u00e0 T\u00e9h\u00e9ran depuis vingt ans, partenaire s\u00e9curitaire historique des \u00c9tats-Unis et seule puissance nucl\u00e9aire musulmane, le Pakistan est devenu trop central pour \u00eatre ignor\u00e9.<\/p>\n\n\n\n<p class=\"has-medium-font-size wp-block-paragraph\">Il est aujourd\u2019hui le seul acteur capable de tenir simultan\u00e9ment ces quatre fils. \u00c0 plus long terme, Islamabad pourrait \u00e9tendre son r\u00f4le de garant s\u00e9curitaire aupr\u00e8s des autres \u00c9tats du Golfe.<\/p>\n\n\n\n<p class=\"has-medium-font-size wp-block-paragraph\">\u00c0 la fois relais du \u201cSud global\u201d et voix musulmane majeure (deuxi\u00e8me population musulmane au monde avec 240 millions de fid\u00e8les), le Pakistan est pass\u00e9 de quasi-failli en 2023 (44 milliards de dollars de dette au FMI) \u00e0 n\u00e9gociateur d\u2019un cessez-le-feu encore attendu Iran-\u00c9tats-Unis. Il pourrait obtenir d\u2019ici 2027\u20132028 un statut renforc\u00e9 de partenaire strat\u00e9gique ; premi\u00e8re \u00e9tape vers une adh\u00e9sion pleine si le rapport de force avec l\u2019Inde se d\u00e9tend ou si la Chine impose.<\/p>\n\n\n\n<h3 class=\"wp-block-heading has-medium-font-size\" id=\"h-une-fragilite-economique-qui-renforce-sa-valeur-diplomatique\">Une fragilit\u00e9 \u00e9conomique qui renforce sa valeur diplomatique<\/h3>\n\n\n\n<p class=\"has-medium-font-size wp-block-paragraph\">D\u2019ici fin 2027, Islamabad pourrait obtenir un second all\u00e8gement de dette aupr\u00e8s du FMI et un acc\u00e8s pr\u00e9f\u00e9rentiel au march\u00e9 am\u00e9ricain pour ses exportations textiles et agricoles. Mais cette trajectoire ne doit pas masquer une r\u00e9alit\u00e9 plus dure. Avec une dette d\u00e9passant 70 % du PIB<a href=\"#_ftn15\" id=\"_ftnref15\">[15]<\/a>, sa neutralit\u00e9 est dict\u00e9e par la contrainte. Paradoxalement, c\u2019est cette fragilit\u00e9 qui renforce sa valeur diplomatique (un Pakistan trop puissant ne serait plus accept\u00e9 par tous comme interm\u00e9diaire).<\/p>\n\n\n\n<p class=\"has-medium-font-size wp-block-paragraph\">La Chine fournit d\u00e9sormais 82 % des importations d\u2019armement pakistanais (contre 50 % dix ans plus t\u00f4t)<a href=\"#_ftn16\" id=\"_ftnref16\">[16]<\/a>, avec une efficacit\u00e9 \u00e9prouv\u00e9e contre l&rsquo;Inde lors de l&rsquo;op\u00e9ration Sindoor en mai 2025. &nbsp;Le Pakistan ne sera plus seulement client mais co-d\u00e9veloppeur et exportateur d\u2019armement pour le monde islamique &#8211; une position d\u00e9j\u00e0 illustr\u00e9e par le contrat de 4,6 milliards de dollars sign\u00e9 entre la Chine et l\u2019Azerba\u00efdjan pour des chasseurs<a href=\"#_ftn17\" id=\"_ftnref17\">[17]<\/a>. Une orientation que la Turquie convoite mais que la convergence pakistano-chinoise est en train de lui disputer.<\/p>\n\n\n\n<h2 class=\"wp-block-heading\" id=\"h-le-conseil-de-cooperation-des-etats-du-golfe-cesse-d-etre-le-centre-du-monde\">Le Conseil de Coop\u00e9ration des Etats du Golfe cesse d\u2019\u00eatre le centre du monde<\/h2>\n\n\n\n<p class=\"has-medium-font-size wp-block-paragraph\">Le 29 avril 2026, les \u00c9mirats arabes unis annonce leur retrait de l\u2019OPEP, effectif le 1er mai, alors que les exportateurs du Golfe ne peuvent plus acheminer un seul baril via Ormuz<a href=\"#_ftn18\" id=\"_ftnref18\">[18]<\/a>. Et pour cause : Abou Dhabi, troisi\u00e8me producteur du cartel, avait investi 150 milliards de dollars pour porter sa capacit\u00e9 \u00e0 4,85 millions de barils\/jour, mais restait contraint par le quota OPEP+ de 3,4 millions, laissant 30 % de sa capacit\u00e9 inutilis\u00e9e pendant que l&rsquo;Irak et la Russie trichaient impun\u00e9ment sur leurs propres plafonds<a href=\"#_ftn19\" id=\"_ftnref19\">[19]<\/a>. Ce d\u00e9part enclenchera une phase de d\u00e9litement progressif du cartel, affaiblissant sa capacit\u00e9 \u00e0 contr\u00f4ler les march\u00e9s et ouvrant la voie \u00e0 une concurrence accrue entre producteurs. Avec le retrait des EAU, c\u2019est 15 % de perdu. Des chutes de prix brutales sont \u00e0 pr\u00e9voir. L&rsquo;OPEP redeviendra un forum politique plus qu\u2019un cartel efficace.<\/p>\n\n\n\n<p class=\"has-medium-font-size wp-block-paragraph\">Sur le papier, Abou Dhabi dit vouloir produire \u00e0 plein r\u00e9gime et vendre sans contrainte. Au-del\u00e0 du co\u00fbt in\u00e9dit des attaques iraniennes, les \u00c9mirats n&rsquo;ont surtout aucune intention de rester dans un cartel o\u00f9 T\u00e9h\u00e9ran si\u00e8ge encore comme membre. Les EAU entendent d\u00e9sormais acheminer davantage de p\u00e9trole directement vers Isra\u00ebl, devenu leur alli\u00e9 strat\u00e9gique num\u00e9ro un. In fine, ce retrait de l\u2019OPEP est la preuve la plus directe du choix irr\u00e9versible des<\/p>\n\n\n\n<h2 class=\"wp-block-heading\" id=\"h-emirats-israel-plutot-que-l-arabie-saoudite-20\">\u00c9mirats : Isra\u00ebl plut\u00f4t que l&rsquo;Arabie saoudite<a href=\"#_ftn20\" id=\"_ftnref20\">[20]<\/a>.<\/h2>\n\n\n\n<p class=\"has-medium-font-size wp-block-paragraph\">Pour comprendre ce moment de bascule, il faut remonter le fil d&rsquo;une fracture ancienne. Riyad a progressivement vu son voisin soutenir, par procuration, des acteurs dont les objectifs entraient en collision directe avec ses priorit\u00e9s. Libye, Soudan, Corne de l\u2019Afrique\u2026 mais c\u2019est le Y\u00e9men qui a fait d\u00e9border le vase. Le soutien \u00e9mirati aux forces s\u00e9paratistes du Sud a compromis l&rsquo;objectif de Riyad de restaurer un \u00c9tat y\u00e9m\u00e9nite unifi\u00e9 sous son \u00e9gide<a href=\"#_ftn21\" id=\"_ftnref21\">[21]<\/a>. Mohamned Bin Salmane (MBS), qui voyait autrefois en Mohamed bin Zayed Al Nahyan (MBZ) un mentor, le regarde d\u00e9sormais comme un rival. Les deux hommes sont id\u00e9ologiquement et g\u00e9opolitiquement trop diff\u00e9rents. Cela devait \u00e9clater un jour ou l&rsquo;autre. La guerre en Iran n&rsquo;en sera que le d\u00e9tonateur. \u00c0 l\u2019avenir, les EAU et l&rsquo;Arabie chercheront chacun \u00e0 agr\u00e9ger autour d\u2019eux leurs propres sph\u00e8res d\u2019influence dans le monde arabe. Le CCG ne sera plus jamais le m\u00eame bloc.<\/p>\n\n\n\n<p class=\"has-medium-font-size wp-block-paragraph\">La guerre ne d\u00e9truit pas seulement des bases et des vies. Elle d\u00e9truit un r\u00e9cit. Les \u00c9mirats se sont tu\u00e9s \u00e0 vendre pendant 30 ans l&rsquo;id\u00e9e inverse du Moyen-Orient : s\u00e9curit\u00e9, modernit\u00e9 et abondance. Il a suffi de quelques semaines pour que cette parenth\u00e8se dor\u00e9e vole en \u00e9clat. L&rsquo;indice de Duba\u00ef a perdu 20 % depuis le 28 f\u00e9vrier<a href=\"#_ftn22\" id=\"_ftnref22\">[22]<\/a>. Goldman Sachs voit les transactions immobili\u00e8res chuter de 37 % sur un an et de 49 % sur un mois, avec des d\u00e9cotes de 15 % sur certains biens de Palm Jumeirah<a href=\"#_ftn23\" id=\"_ftnref23\">[23]<\/a><sup>,<a href=\"#_ftn24\" id=\"_ftnref24\">[24]<\/a><\/sup>. Cette crise de confiance sera plus longue \u00e0 surmonter que les d\u00e9g\u00e2ts physiques eux-m\u00eames, et que les capitaux et talents partis depuis f\u00e9vrier ne reviendront pas avant qu&rsquo;une g\u00e9n\u00e9ration enti\u00e8re ait oubli\u00e9 mars 2026. Apr\u00e8s la reprise des frappes iraniennes du 4 mai<a href=\"#_ftn25\" id=\"_ftnref25\">[25]<\/a>, n\u2019excluons pas qu\u2019Abou Dhabi franchisse le cap d\u2019une riposte directe symbolique contre T\u00e9h\u00e9ran, au risque d\u2019aggraver l\u2019h\u00e9morragie qu\u2019elle cherche \u00e0 contenir.<\/p>\n\n\n\n<h2 class=\"wp-block-heading\" id=\"h-l-audace-iranienne-relegue-les-etats-unis-dans-le-golfe\">L&rsquo;audace iranienne rel\u00e8gue les Etats-Unis dans le Golfe<\/h2>\n\n\n\n<p class=\"has-medium-font-size wp-block-paragraph\">Pour la premi\u00e8re fois, l&rsquo;Iran a attaqu\u00e9 les six membres du CCG conjointement, punissant d\u2019un message clair : tout pays ayant h\u00e9berg\u00e9 un commandement am\u00e9ricain est une cible l\u00e9gitime<a href=\"#_ftn26\" id=\"_ftnref26\">[26]<\/a>. Les pays du Golfe en veulent simultan\u00e9ment \u00e0 l&rsquo;Iran qui les a frapp\u00e9s et aux \u00c9tats-Unis, dont la pr\u00e9sence \u00e9tait cens\u00e9e \u00eatre une garantie. C&rsquo;est dans ce contexte qu&rsquo;il faut lire la question des mille milliards que MBS avait promis sous grande pompe \u00e0 la Maison Blanche<a href=\"#_ftn27\" id=\"_ftnref27\">[27]<\/a>. Ces m\u00e9ga-promesses seront au mieux, divis\u00e9es par deux et conditionn\u00e9es, au pire purement annul\u00e9es. MBS dispose d&rsquo;un levier : l&rsquo;argent. Riyad a d&rsquo;ailleurs d\u00e9j\u00e0 envoy\u00e9 un signal en signant un accord de d\u00e9fense mutuelle avec le Pakistan en septembre 2025<a href=\"#_ftn28\" id=\"_ftnref28\">[28]<\/a>. La relation saoudo-am\u00e9ricaine risque d\u2019entrer dans une phase transactionnelle d&rsquo;une duret\u00e9 in\u00e9dite.<\/p>\n\n\n\n<h2 class=\"wp-block-heading\" id=\"h-l-arabie-saoudite-en-1ere-ligne-pour-reconstruire-pourrait-rejoindre-les-brics\">L&rsquo;Arabie saoudite en 1\u00e8re ligne pour reconstruire, pourrait rejoindre les BRICS <\/h2>\n\n\n\n<p class=\"has-medium-font-size wp-block-paragraph\">Riyad ne normalisera pas avec Isra\u00ebl, du moins pas tant que Netanyahu restera aux commandes et qu\u2019aucune concession visible n\u2019aura \u00e9t\u00e9 consentie sur Gaza. La guerre rappelle \u00e0 MBS que la normalisation est une garantie imparfaite et une vuln\u00e9rabilit\u00e9 certaine. Riyad cherchera plut\u00f4t \u00e0 redevenir le centre politique du monde arabe en finan\u00e7ant la reconstruction de Gaza, alors que ni l&rsquo;Iran affaibli ni le Qatar sous pression ne seront en mesure d&rsquo;\u00eatre les premiers donateurs. Si l&rsquo;Arabie laisse la Turquie capturer ce r\u00e9cit, Ankara raflera la centralit\u00e9 arabe que Riyad revendique depuis des d\u00e9cennies. Gaza devient le seul terrain o\u00f9 MBS peut racheter une l\u00e9gitimit\u00e9 panarabe. Et pour ancrer cette position, l\u2019Arabie ressortira un projet vieux de quarante ans \u2013 son pipeline Est-Ouest de 1 200 km vers la mer Rouge pour contourner Ormuz<a href=\"#_ftn29\" id=\"_ftnref29\">[29]<\/a>. Un pipeline que Saddam Hussein avait jadis contraint Riyad \u00e0 fermer en 1990<a href=\"#_ftn30\" id=\"_ftnref30\">[30]<\/a>. L&rsquo;histoire, parfois, offre des secondes chances.<\/p>\n\n\n\n<p class=\"has-medium-font-size wp-block-paragraph\">Nous anticipons que l&rsquo;Arabie formalisera son adh\u00e9sion aux BRICS d&rsquo;ici 2028. Invit\u00e9e depuis 2023, ayant annul\u00e9 au dernier moment en 2025, Riyad a maintenu une posture d&rsquo;attente<a href=\"#_ftn31\" id=\"_ftnref31\">[31]<\/a>. L\u2019entr\u00e9e du plus grand producteur p\u00e9trolier mondial vers le club des non-align\u00e9s du XXIe si\u00e8cle, entra\u00eenant probablement Bahre\u00efn et le Qatar dans son sillage, constituera l&rsquo;acte fondateur d&rsquo;un ordre v\u00e9ritablement multipolaire. Riyad ne choisira pas P\u00e9kin contre Washington. Elle choisira de ne plus jamais d\u00e9pendre d&rsquo;un seul protecteur. Ni noir ni blanc. Gris.<\/p>\n\n\n\n<h3 class=\"wp-block-heading has-medium-font-size\" id=\"h-bahrein-et-le-koweit-tout-en-prudence\">Bahre\u00efn et le Kowe\u00eft tout en prudence<\/h3>\n\n\n\n<p class=\"has-medium-font-size wp-block-paragraph\">Ils ont encaiss\u00e9 une violence proportionnellement encore plus brutale que leurs voisins<a href=\"#_ftn32\" id=\"_ftnref32\">[32]<\/a>. Bahre\u00efn pourrait se retirer des Accords d\u2019Abraham \u2013 trop d\u00e9pendant de Riyad, trop expos\u00e9 \u00e0 l\u2019Iran, trop fragile int\u00e9rieurement pour assumer seul un co\u00fbt symbolique que son parrain saoudien n&rsquo;a pas encore accept\u00e9 de payer. L\u2019hypoth\u00e8se la plus cr\u00e9dible n\u2019est pas une sortie spectaculaire mais un retrait discret, orchestr\u00e9 pour recentrer ce qui reste du CCG sans les \u00c9mirats. Le Kowe\u00eft, lui, renforcera sa posture prudente et non align\u00e9e.<\/p>\n\n\n\n<h2 class=\"wp-block-heading has-medium-font-size\" id=\"h-le-qatar-retour-en-grace-aupres-de-l-arabie-saoudite\">Le Qatar : retour en gr\u00e2ce aupr\u00e8s de l&rsquo;Arabie Saoudite<\/h2>\n\n\n\n<p class=\"has-medium-font-size wp-block-paragraph\">Il y a quelque chose d&rsquo;ironiquement logique dans cette reconfiguration du Golfe. Le Qatar, que Riyad avait tent\u00e9 d&rsquo;isoler totalement pendant trois ans et demi entre 2017 et 2021<a href=\"#_ftn33\" id=\"_ftnref33\">[33]<\/a>, se retrouve aujourd&rsquo;hui en position de partenaire n\u00e9cessaire. Ras Laffan, plus grande plateforme gazi\u00e8re mondiale, a subi des dommages estim\u00e9s \u00e0 5 ans de r\u00e9parations et une perte de 17 % de sa capacit\u00e9 d&rsquo;exportation de GNL<a href=\"#_ftn34\" id=\"_ftnref34\">[34]<\/a>. Doha a besoin de corridors terrestres saoudiens pour contourner Ormuz et avoir acc\u00e8s \u00e0 la mer Rouge. Riyad a besoin de la l\u00e9gitimit\u00e9 diplomatique qatarie aupr\u00e8s de T\u00e9h\u00e9ran et des Fr\u00e8res musulmans r\u00e9gionaux. Une forme de rapprochement forc\u00e9 s&rsquo;op\u00e9rera entre les deux pays, moins par conviction que par n\u00e9cessit\u00e9 mutuelle. C&rsquo;est un mariage de raison entre deux anciens ennemis que la guerre va rendre in\u00e9vitable.<\/p>\n\n\n\n<h3 class=\"wp-block-heading has-medium-font-size\" id=\"h-mascate-va-consolider-sa-position-de-geneve-du-moyen-orient-pour-les-dix-prochaines-annees\">Mascate va consolider sa position de \u00ab Gen\u00e8ve du Moyen-Orient \u00bb pour les dix prochaines ann\u00e9es<\/h3>\n\n\n\n<p class=\"has-medium-font-size wp-block-paragraph\">Oman : le grand oubli\u00e9 et le grand gagnant du CGC. Le sultanat, le moins touch\u00e9 malgr\u00e9 ses ports abritant des installations am\u00e9ricaines, doit d&rsquo;\u00eatre \u00e9pargn\u00e9 \u00e0 une neutralit\u00e9 construite sur 40 ans de coh\u00e9rence diplomatique. Oman a des atouts&nbsp;: acc\u00e8s maritime en dehors d\u2019Ormuz via Sohar et Salalah et une cr\u00e9dibilit\u00e9 aupr\u00e8s de l\u2019Iran comme des Occidentaux<a href=\"#_ftn35\" id=\"_ftnref35\">[35]<\/a>. , courtis\u00e9e par Washington, P\u00e9kin et T\u00e9h\u00e9ran. Oman va mon\u00e9tiser sa g\u00e9ographie comme jamais auparavant. Avec Islamabad, Mascate sera l&rsquo;un des deux p\u00f4les de m\u00e9diation incontournables du monde arabe. Le CCG tel qu\u2019on l\u2019a connu appartient au pass\u00e9. Un nouveau Golfe \u00e9mergera, plus divis\u00e9, plus m\u00e9fiant, et paradoxalement plus ouvert \u00e0 des alignements ext\u00e9rieurs multiples. Ce qui vient apr\u00e8s n&rsquo;a pas encore de nom. Mais cela commence maintenant.<\/p>\n\n\n\n<h2 class=\"wp-block-heading\" id=\"h-en-quittant-le-golfe-les-routes-se-redirigent-vers-l-afrique\">En quittant le Golfe, les routes se redirigent vers l\u2019Afrique<\/h2>\n\n\n\n<p class=\"has-medium-font-size wp-block-paragraph\">Quelques semaines suffisent pour que les cartes maritimes changent de sens.<\/p>\n\n\n\n<p class=\"has-medium-font-size wp-block-paragraph\">Depuis que les Houthis ont ferm\u00e9 Bab el-Mandeb l\u2019ann\u00e9e derni\u00e8re, Cape Town et Durban ont vu leurs trafics de transit et leurs recettes portuaires augmenter. Le Cap de Bonne Esp\u00e9rance, route de secours depuis l&rsquo;ouverture du canal de Suez en 1869<a href=\"#_ftn36\" id=\"_ftnref36\">[36]<\/a>, retrouve un r\u00f4le qu&rsquo;il n&rsquo;avait plus depuis cent cinquante ans. Ce d\u00e9tour rallonge les trajets de 10-15 jours et augmente les co\u00fbts de transport de 30 \u00e0 50 %<a href=\"#_ftn37\" id=\"_ftnref37\">[37]<\/a>, mais il offre une chose que le Golfe ne garantit plus : la s\u00e9curit\u00e9. Jusqu\u2019\u00e0 15 % des flux Asie-Europe pourrait passer durablement par le Cap, contre moins de 5 % avant 2023. Pretoria n\u00e9gocierait alors avec la Chine, l\u2019Inde et l\u2019UE des accords de modernisation portuaires massifs pour capter cette nouvelle rente maritime, et \u00e9lever le prix de passage.<\/p>\n\n\n\n<h3 class=\"wp-block-heading has-medium-font-size\" id=\"h-mohammed-vi-visionnaire-sur-tanger-med\">Mohammed VI, visionnaire sur Tanger Med<\/h3>\n\n\n\n<p class=\"has-medium-font-size wp-block-paragraph\">Il y a vingt ans, Mohammed VI, roi du Maroc, lan\u00e7ait Tanger Med<a href=\"#_ftn38\" id=\"_ftnref38\">[38]<\/a>. Le projet paraissait surdimensionn\u00e9 pour un pays de 37 millions d&rsquo;habitants sans tradition maritime. Aujourd&rsquo;hui, Tanger Med est connect\u00e9 \u00e0 180 ports dans 70 pays et traite des volumes comparables aux grands hubs europ\u00e9ens<a href=\"#_ftn39\" id=\"_ftnref39\">[39]<\/a>.&nbsp; Et la guerre en Iran vient de valider cette vision. Le Maroc contr\u00f4le le flanc sud du d\u00e9troit de Gibraltar, seul passage maritime entre la M\u00e9diterran\u00e9e et l&rsquo;Atlantique rest\u00e9 totalement ouvert depuis la crise d&rsquo;Ormuz<a href=\"#_ftn40\" id=\"_ftnref40\">[40]<\/a>. Rabat a d\u00e9j\u00e0 pens\u00e9 \u00e0 la suite : Nador West Med ouvrira fin 2026 avec une capacit\u00e9 de 5 millions de TEUs (\u00e9quivalent 20 pieds) et le premier terminal GNL marocain ; et Dakhla Atlantique, suivra pour une ouverture pr\u00e9vue en 2028-2029 avec une capacit\u00e9 de 35 millions de tonnes annuelles<a href=\"#_ftn41\" id=\"_ftnref41\">[41]<\/a>. CMA CGM a d\u00e9j\u00e0 sign\u00e9 une convention garantissant 3 millions de conteneurs par an \u00e0 Nador<a href=\"#_ftn42\" id=\"_ftnref42\">[42]<\/a>. Enfin, le pipeline Nigeria-Maroc de 5 800 km (plus long gazoduc offshore du monde, s&rsquo;il est finalis\u00e9) pourrait acheminer une partie du gaz d&rsquo;Afrique subsaharienne vers l&rsquo;Europe via le royaume, contournant enti\u00e8rement le Golfe. Le Maroc a le potentiel pour s\u2019imposer comme le principal hub \u00e9nerg\u00e9tique et de transit pour les \u00e9changes Europe-Afrique-Am\u00e9riques \u2013 r\u00f4le que Duba\u00ef occupait pour le Moyen-Orient.<\/p>\n\n\n\n<h3 class=\"wp-block-heading has-medium-font-size\" id=\"h-l-algerie-est-formellement-identifiee-par-le-fmi-comme-l-un-des-gagnants-du-conflit-iranien\">L&rsquo;Alg\u00e9rie est formellement identifi\u00e9e par le FMI comme l&rsquo;un des \u00ab gagnants \u00bb du conflit iranien<\/h3>\n\n\n\n<p class=\"has-medium-font-size wp-block-paragraph\">Ses exportations gazi\u00e8res vers l&rsquo;Europe ont augment\u00e9 de 22 % en janvier 2026<a href=\"#_ftn43\" id=\"_ftnref43\">[43]<\/a>. L\u2019Italie et l&rsquo;Espagne ont atterri \u00e0 Alger dans les 24 heures l&rsquo;une de l&rsquo;autre en mars, pour s\u00e9curiser du gaz via les gazoducs Transmed (vers l&rsquo;Italie) et Medgaz (vers l&rsquo;Espagne)<a href=\"#_ftn44\" id=\"_ftnref44\">[44]<\/a>.&nbsp; L&rsquo;Alg\u00e9rie livrait d\u00e9j\u00e0 39-40 milliards de m\u00e8tres cubes de gaz \u00e0 l&rsquo;UE en 2025, soit 1\/6 des importations totales<a href=\"#_ftn45\" id=\"_ftnref45\">[45]<\/a> et dispose d&rsquo;une fen\u00eatre de 18 \u00e0 24 mois pour imposer des termes favorables avant que les renouvelables europ\u00e9ens ne r\u00e9duisent la demande.<\/p>\n\n\n\n<p class=\"has-medium-font-size wp-block-paragraph\">La Libye, longtemps marginalis\u00e9e, revient dans le jeu en attribuant ses blocs p\u00e9troliers et gaziers \u00e0 des majors \u00e9trangers (Eni, Chevron, QatarEnergy), une premi\u00e8re en vingt ans. Lorsque n\u00e9cessit\u00e9 fait loi, les Europ\u00e9ens savent oublier. Le pipeline du champ Farigh vers la M\u00e9diterran\u00e9e \u00e9tait en phase de test d\u00e9but mars. Ce pipeline sera bient\u00f4t en service commercial, faisant de la Libye le troisi\u00e8me fournisseur gazier de l&rsquo;Europe. Encore une fois, la guerre en Iran sera le d\u00e9clencheur d&rsquo;une int\u00e9gration \u00e9nerg\u00e9tique euro-africaine que vingt ans de politique de voisinage europ\u00e9enne n&rsquo;avaient pas r\u00e9ussi \u00e0 produire.<\/p>\n\n\n\n<h2 class=\"wp-block-heading\" id=\"h-les-angles-morts-de-cette-multipolarisation-du-monde-quelles-perspectives-d-evolution\">Les angles morts de cette multipolarisation du monde, quelles perspectives d&rsquo;\u00e9volution ?<\/h2>\n\n\n\n<p class=\"has-medium-font-size wp-block-paragraph\">Fid\u00e8les \u00e0 notre approche, regardons l\u00e0 o\u00f9 personne ne regarde. <\/p>\n\n\n\n<h3 class=\"wp-block-heading has-medium-font-size\" id=\"h-acceleration-du-nucleaire-civil-au-japon-et-en-coree-du-sud\">Acc\u00e9l\u00e9ration du nucl\u00e9aire civil au Japon et en Cor\u00e9e du Sud<\/h3>\n\n\n\n<p class=\"has-medium-font-size wp-block-paragraph\">Le Qatar produit 35 % de l\u2019h\u00e9lium mondial<a href=\"#_ftn46\" id=\"_ftnref46\">[46]<\/a>, ressource invisible mais critique pour la fabrication de semi-conducteurs : il refroidit les tranches de silicium pendant la production, emp\u00eache les r\u00e9actions chimiques parasites, et est utilis\u00e9 dans les IRM et la recherche a\u00e9rospatiale. La frappe sur Ras Laffan a imm\u00e9diatement fait exploser les prix, passant de 300 dollars \u00e0 600 voire 900 dollars pour mille pieds cubes.<\/p>\n\n\n\n<p class=\"has-medium-font-size wp-block-paragraph\">La Cor\u00e9e du Sud, plus grand fabricant mondial de semi-conducteurs avec Ta\u00efwan, importait 65 % de son h\u00e9lium du Qatar en 2024<a href=\"#_ftn47\" id=\"_ftnref47\">[47]<\/a>, tandis que ses approvisionnements \u00e9nerg\u00e9tiques reposent sur les m\u00eames routes d\u00e9sormais sous tension. Le Japon, lui, a d\u00fb lib\u00e9rer 80 millions de barils de ses r\u00e9serves le 16 mars, soit 15 jours de consommation nationale<a href=\"#_ftn48\" id=\"_ftnref48\">[48]<\/a>. M\u00eame probl\u00e8me dit r\u00e9ponse identique. Ces deux pays vont converger vers un retour acc\u00e9l\u00e9r\u00e9 au nucl\u00e9aire civil. Le Japon a red\u00e9marr\u00e9 12 r\u00e9acteurs depuis 2022<a href=\"#_ftn49\" id=\"_ftnref49\">[49]<\/a> ; 8 suppl\u00e9mentaires pourraient l\u2019\u00eatre d\u2019ici 2028, marquant un tournant post-Fukushima. S\u00e9oul, d\u00e9j\u00e0 constructeur de 4 r\u00e9acteurs aux \u00c9mirats<a href=\"#_ftn50\" id=\"_ftnref50\">[50]<\/a>, va capitaliser sur la panique \u00e9nerg\u00e9tique du Golfe pour s\u2019imposer comme le vendeur mondial de r\u00e9acteurs.<\/p>\n\n\n\n<h2 class=\"wp-block-heading has-medium-font-size\" id=\"h-quelles-sont-les-alternatives\">Quelles sont les alternatives ? <\/h2>\n\n\n\n<p class=\"has-medium-font-size wp-block-paragraph\">Tanzanie et Pologne, avec des gisements d&rsquo;h\u00e9lium non exploit\u00e9s<a href=\"#_ftn51\" id=\"_ftnref51\">[51]<\/a>, attireront des investissements massifs d&rsquo;ici 2027, pendant que les g\u00e9ants technologiques Samsung, TSMC et ASML vont acc\u00e9l\u00e9rer leurs programmes de r\u00e9duction de la consommation d&rsquo;h\u00e9lium dans les processus de fabrication, en anticipant que la d\u00e9pendance \u00e0 une source unique est un risque strat\u00e9gique. Cette guerre va indirectement forcer une innovation contrainte.<\/p>\n\n\n\n<h3 class=\"wp-block-heading has-medium-font-size\" id=\"h-les-prix-alimentaires-mondiaux-deja-en-tension-vont-monter-d-ici-la-recolte-d-automne-2027\">Les prix alimentaires mondiaux, d\u00e9j\u00e0 en tension, vont monter d&rsquo;ici la r\u00e9colte d&rsquo;automne 2027<\/h3>\n\n\n\n<p class=\"has-medium-font-size wp-block-paragraph\">Le choc probablement le plus dangereux, aussi parce qu\u2019il est diff\u00e9r\u00e9. Le Golfe repr\u00e9sente 30 % des exportations mondiales d\u2019ur\u00e9e, 20 \u00e0 30 % de l\u2019ammoniac et 50 % des flux de soufre<a href=\"#_ftn52\" id=\"_ftnref52\">[52]<\/a> ; tous des intrants n\u00e9cessaires aux engrais. Depuis le d\u00e9but du conflit, les prix des engrais ont d\u00e9j\u00e0 augment\u00e9 de 40 %, avec des projections de doublement pour l\u2019azote<a href=\"#_ftn53\" id=\"_ftnref53\">[53]<\/a>. L\u2019impact r\u00e9el sur le choc des engrais se mat\u00e9rialisera probablement l\u2019ann\u00e9e prochaine, lors des semis printemps.<\/p>\n\n\n\n<p class=\"has-medium-font-size wp-block-paragraph\">Le Programme alimentaire mondial de l&rsquo;ONU a d\u00e9j\u00e0 averti d&rsquo;un sc\u00e9nario similaire \u00e0 la crise alimentaire de 2022. Alors ce choc frappera en priorit\u00e9 les zones les plus expos\u00e9es aux importations. Mali, Niger, et Burkina faso, mais aussi plusieurs \u00e9conomies d&rsquo;Asie (Bangladesh, Pakistan, Indon\u00e9sie ou Sri Lanka) d\u00e9j\u00e0 fragilis\u00e9s par des \u00e9meutes li\u00e9es aux prix (2022) conna\u00eetront de nouvelles vagues de troubles d\u2019ici 2028. Dans ces pays, o\u00f9 l\u2019alimentation repr\u00e9sente 50% du budget des m\u00e9nages, une hausse m\u00eame marginale des prix agit comme d\u00e9clencheur imm\u00e9diat.<\/p>\n\n\n\n<h2 class=\"wp-block-heading has-medium-font-size\" id=\"h-la-guerre-en-iran-ne-rencherit-pas-seulement-le-petrole-elle-rencherit-le-simple-fait-de-circuler\">La guerre en Iran ne rench\u00e9rit pas seulement le p\u00e9trole ; elle rench\u00e9rit le simple fait de circuler<\/h2>\n\n\n\n<p class=\"has-medium-font-size wp-block-paragraph\">Les primes d\u2019assurance maritime ont bondi de plus de 1 000 %, passant d\u2019environ 0,25 % \u00e0 pr\u00e8s de 3 % de la valeur des navires<a href=\"#_ftn54\" id=\"_ftnref54\">[54]<\/a>. Sur un tanker de 200 \u00e0 300 millions de dollars, cela repr\u00e9sente jusqu\u2019\u00e0 7,5 millions pour un seul trajet. Pr\u00e8s de 25 milliards de dollars de cargaisons restent expos\u00e9s dans la zone. L\u2019Iran transforme sa vuln\u00e9rabilit\u00e9 en taxe sur le commerce mondial. Pour les plus audacieux, l\u2019Iran propose un p\u00e9age de 2 millions d\u2019euros pour tout bateau qui voudrait passer par Hormuz\u2026 sauf s\u2019il appartient \u00e0 un oligarque Russe, ami de Poutine<a href=\"#_ftn55\" id=\"_ftnref55\">[55]<\/a>. Le march\u00e9 global de l\u2019assurance, les soci\u00e9t\u00e9s de s\u00e9curit\u00e9 maritime et les cabinets de conseil en risque conna\u00eetront tous une croissance, port\u00e9 par la multiplication des zones grises.<\/p>\n\n\n\n<h2 class=\"wp-block-heading\" id=\"h-l-europe-differentes-guerres-memes-erreurs-et-maintenant\">L\u2019Europe, diff\u00e9rentes guerres, m\u00eames erreurs, et maintenant ?<\/h2>\n\n\n\n<h3 class=\"wp-block-heading has-medium-font-size\" id=\"h-troisieme-crise-energetique-en-quatre-ans-et-l-europe-n-a-toujours-pas-appris-de-ses-erreurs\">Troisi\u00e8me crise \u00e9nerg\u00e9tique en quatre ans, et l\u2019Europe n\u2019a toujours pas appris de ses erreurs.<\/h3>\n\n\n\n<p class=\"has-medium-font-size wp-block-paragraph\">En 2022, elle d\u00e9pendait \u00e0 40 % du gaz russe et n&rsquo;avait aucun plan de sortie. En 2026, elle se pr\u00e9cipite vers le GNL am\u00e9ricain qui repr\u00e9sente d\u00e9sormais 64% de ses  importations<a href=\"#_ftn56\" id=\"_ftnref56\">[56]<\/a>. C\u2019est trop. En mars, la fermeture de Ras Laffan a fait bondir le Titlle Transfer Facility (TTF) au-del\u00e0 de 60 \u20ac\/MWh, avec des r\u00e9serves tomb\u00e9es \u00e0 30 %, un plancher en cinq ans<a href=\"#_ftn57\" id=\"_ftnref57\">[57]<\/a>. Tout ce que l\u2019Europe a fait, c\u2019est remplacer une d\u00e9pendance par une autre, sans traiter sa vuln\u00e9rabilit\u00e9 aux chocs externes. L&rsquo;Europe n&rsquo;a pas de plan B pour Ormuz, comme elle n&rsquo;avait pas de plan B pour le gaz russe en 2022. Le probl\u00e8me n&rsquo;est plus conjoncturel, il est structurel.<\/p>\n\n\n\n<h2 class=\"wp-block-heading has-medium-font-size\" id=\"h-cette-crise-revele-aussi-une-fracture-interne-qui-dit-tout-sur-ce-que-l-europe-aurait-du-faire\">Cette crise r\u00e9v\u00e8le aussi une fracture interne, qui dit tout sur ce que l&rsquo;Europe aurait d\u00fb faire<\/h2>\n\n\n\n<p class=\"has-medium-font-size wp-block-paragraph\">Alors qu\u2019en Espagne, le gaz fixe le prix de l&rsquo;\u00e9lectricit\u00e9 pendant seulement 15 % des heures en 2026 gr\u00e2ce \u00e0 la mont\u00e9e fulgurante des renouvelables, en Italie, ce chiffre atteint 90 %<a href=\"#_ftn58\" id=\"_ftnref58\">[58]<\/a>. M\u00eame choc externe, deux r\u00e9alit\u00e9s \u00e9conomiques. L&rsquo;Italie et l&rsquo;Allemagne, dont les industriels de l&rsquo;acier et de la chimie ont impos\u00e9 des surcharges de 30 % \u00e0 leurs clients, sont au bord de la r\u00e9cession technique.<\/p>\n\n\n\n<p class=\"has-medium-font-size wp-block-paragraph\">En 2022, la guerre en Ukraine avait d\u00e9clench\u00e9 une vague d&rsquo;investissements sans pr\u00e9c\u00e9dent dans les renouvelables europ\u00e9ens. Les pays qui franchissent 50 % de renouvelables dans leur mix \u00e9nerg\u00e9tique seront immunis\u00e9s contre le prochain choc Ormuz. Actuellement, seules quelques \u00e9conomies sont sur cette trajectoire positive : Espagne, Danemark, Portugal, Su\u00e8de, et \u00c9cosse.<\/p>\n\n\n\n<h3 class=\"wp-block-heading has-medium-font-size\" id=\"h-pour-un-terminal-gnl-atlantique\">Pour un terminal GNL Atlantique<\/h3>\n\n\n\n<p class=\"has-medium-font-size wp-block-paragraph\">Maintenant, un peu d\u2019id\u00e9es ! Le Portugal dispose de la plus longue fa\u00e7ade atlantique de l&rsquo;Europe continentale, tandis que l&rsquo;Espagne poss\u00e8de la plus grande capacit\u00e9 de regaz\u00e9ification du continent avec 34 milliards de m\u00e8tres cubes par an<a href=\"#_ftn59\" id=\"_ftnref59\">[59]<\/a> &#8211; mais n&rsquo;est raccord\u00e9e \u00e0 la France que par deux petits gazoducs satur\u00e9s. C&rsquo;est le cha\u00eenon manquant le plus absurde de la g\u00e9ographie \u00e9nerg\u00e9tique europ\u00e9enne. Si l&rsquo;UE finance l&rsquo;interconnexion ib\u00e9rique d&rsquo;ici 2028, elle cr\u00e9e de facto un terminal GNL atlantique commun capable d&rsquo;alimenter l&rsquo;Allemagne et l&rsquo;Italie sans passer par les routes de l&rsquo;Est ni d\u00e9pendre du Golfe. Nous anticipons que d&rsquo;ici 2030, le corridor Ib\u00e9rique, Lisbonne-Madrid-Bilbao, deviendra la principale porte d&rsquo;entr\u00e9e \u00e9nerg\u00e9tique de l&rsquo;Europe depuis l&rsquo;Atlantique. La guerre en Iran aura co\u00fbt\u00e9 des centaines de milliards \u00e0 l&rsquo;Europe. L&rsquo;interconnexion ib\u00e9rique n\u2019en co\u00fbterait probablement que cinq.<\/p>\n\n\n\n<h2 class=\"wp-block-heading\" id=\"h-ce-que-cette-guerre-nous-dit-de-la-prochaine\">Ce que cette guerre nous dit de la prochaine<\/h2>\n\n\n\n<p class=\"has-medium-font-size wp-block-paragraph\">L&rsquo;histoire des guerres est aussi l&rsquo;histoire de ce qu&rsquo;elles r\u00e9v\u00e8lent.<\/p>\n\n\n\n<p class=\"has-medium-font-size wp-block-paragraph\">Cinquante-cinq kilom\u00e8tres de d\u00e9troit ont suffi \u00e0 faire vaciller la machine \u00e9conomique mondiale. Un pays exsangue a tenu en otage la premi\u00e8re puissance militaire de la plan\u00e8te. Ce qui est certain, c&rsquo;est que l&rsquo;erreur de calcul initiale, l&rsquo;id\u00e9e que d\u00e9capiter un r\u00e9gime suffit \u00e0 le faire tomber, va hanter Washington et Tel-Aviv de longues ann\u00e9es. Pendant ce temps, la Russie attendait que les prix montent. La Chine laissait les d\u00e9pendances parler pour elle. Sun Tzu \u00e9crivait d\u00e9j\u00e0 que \u00ab la supr\u00eame habilet\u00e9 consiste \u00e0 vaincre sans combattre \u00bb.<\/p>\n\n\n\n<h1 class=\"wp-block-heading\" id=\"h-une-redistribution-des-roles-et-de-la-puissance\">Une redistribution des r\u00f4les et de la puissance<\/h1>\n\n\n\n<p class=\"has-medium-font-size wp-block-paragraph\">Gr\u00e2ce \u00e0 cette guerre, un pays qui \u00e9tait en faillite en 2023 sera en 2028 l&rsquo;un des acteurs diplomatiques les plus sollicit\u00e9s du monde, en vue de cr\u00e9er un NATO-sunnite. Un sultanat que personne ne regardait devient la Gen\u00e8ve du Moyen-Orient. Un royaume du Maghreb r\u00e9alise le pari de sa vie. Un pays enclav\u00e9 d&rsquo;Afrique de l&rsquo;Est voit soudain ses gisements d&rsquo;h\u00e9lium devenir une mati\u00e8re premi\u00e8re strat\u00e9gique pour les semi-conducteurs mondiaux. Un cartel p\u00e9trolier vieux de soixante ans commence \u00e0 mourir. Une nation qui construisait des r\u00e9acteurs nucl\u00e9aires pour les autres commence \u00e0 en commander pour elle-m\u00eame. Et quelque part, une puissance qui n&rsquo;a tir\u00e9 aucun missile encaisse neuf milliards de dollars par mois. Des \u00ab petits \u00bb acteurs deviendront \u00ab grands \u00bb et des alliances se formeront dans l&rsquo;ombre de d\u00e9pendances nouvelles.<\/p>\n\n\n\n<p class=\"has-medium-font-size wp-block-paragraph\">Ce sont ces angles silencieux et structurels l\u00e0, qui dessinent le monde d&rsquo;apr\u00e8s<\/p>\n\n\n\n<hr class=\"wp-block-separator has-alpha-channel-opacity\"\/>\n\n\n\n<p class=\"wp-block-paragraph\"><a href=\"#_ftnref1\" id=\"_ftn1\">[1]<\/a>&nbsp;&nbsp;&nbsp; Source : <a href=\"https:\/\/fr.wikipedia.org\/wiki\/Amin_Maalouf\">Amin Maalouf, les Desorientes<\/a>, 2012<\/p>\n\n\n\n<p class=\"wp-block-paragraph\"><a href=\"#_ftnref2\" id=\"_ftn2\">[2]<\/a>&nbsp;&nbsp;&nbsp; Source : <a href=\"https:\/\/en.wikipedia.org\/wiki\/2026_Strait_of_Hormuz_crisis\">Wikipedia<\/a>, 04\/05\/2026<\/p>\n\n\n\n<p class=\"wp-block-paragraph\"><a href=\"#_ftnref3\" id=\"_ftn3\">[3]<\/a>&nbsp;&nbsp;&nbsp; Source : <a href=\"https:\/\/www.aa.com.tr\/en\/economy\/around-70-of-global-oil-demand-transported-through-strategic-maritime-chokepoints\/3857495\">Anadolu Agency<\/a>, 10\/03\/2026<\/p>\n\n\n\n<p class=\"wp-block-paragraph\"><a href=\"#_ftnref4\" id=\"_ftn4\">[4]<\/a>&nbsp;&nbsp;&nbsp; Source : <a href=\"https:\/\/www.logisticsmiddleeast.com\/analysis\/the-seven-maritime-chokepoints-holding-global-trade-together\">Logistics Middle East<\/a>, 13\/04\/2026<\/p>\n\n\n\n<p class=\"wp-block-paragraph\"><a href=\"#_ftnref5\" id=\"_ftn5\">[5]<\/a>&nbsp;&nbsp;&nbsp;&nbsp; Source : <a href=\"https:\/\/legrandcontinent.eu\/fr\/2025\/01\/02\/les-brics-se-dotent-de-9-nouveaux-etats-partenaires-le-groupe-represente-desormais-51-de-la-population-et-40-du-pib-mondial\/\">Le grand continent<\/a>, 02\/01\/2025<\/p>\n\n\n\n<p class=\"wp-block-paragraph\"><a href=\"#_ftnref6\" id=\"_ftn6\">[6]<\/a>&nbsp;&nbsp;&nbsp;&nbsp; Source : <a href=\"https:\/\/foreignpolicy.com\/2026\/03\/16\/iran-war-trump-brics-china-russia-india-gulf\/\">Foreign Policy<\/a>, 16\/03\/2026<\/p>\n\n\n\n<p class=\"wp-block-paragraph\"><a href=\"#_ftnref7\" id=\"_ftn7\">[7]<\/a>&nbsp;&nbsp;&nbsp;&nbsp; Source : <a href=\"https:\/\/www.lesechos.fr\/monde\/enjeux-internationaux\/guerre-au-moyen-orient-pourquoi-le-blocage-du-detroit-dormuz-par-les-etats-unis-accentue-la-pression-sur-la-chine-2226132\">Les Echos<\/a>, 13\/04\/2026<\/p>\n\n\n\n<p class=\"wp-block-paragraph\"><a href=\"#_ftnref8\" id=\"_ftn8\">[8]<\/a>&nbsp;&nbsp;&nbsp;&nbsp; Source : <a href=\"https:\/\/www.eia.gov\/todayinenergy\/detail.php?id=66884\">EIA<\/a>, 17\/12\/2025<\/p>\n\n\n\n<p class=\"wp-block-paragraph\"><a href=\"#_ftnref9\" id=\"_ftn9\">[9]<\/a>&nbsp;&nbsp;&nbsp;&nbsp; Source : <a href=\"https:\/\/www.auto-infos.fr\/article\/en-plein-chambardement-politique-la-hongrie-devient-le-cheval-de-troie-des-chinois-byd-et-catl-qui-demarrent-leur-production.291599\">Auto infos<\/a>, 13\/04\/2026<\/p>\n\n\n\n<p class=\"wp-block-paragraph\"><a href=\"#_ftnref10\" id=\"_ftn10\">[10]<\/a>&nbsp;&nbsp;&nbsp; Source : <a href=\"https:\/\/www.lepoint.fr\/economie\/concurrence-de-la-chine-lindustrie-europeenne-agonise-et-le-haut-commissaire-au-plan-veut-y-mettre-AW53PEIVO5HQDE2OFEJLODP3OU\/#:~:text=Cela%20se%20traduit%20de%20mani%C3%A8re,%C3%A0%20360%20milliards%20d'euros\">Le Point<\/a>, 19\/02\/2026<\/p>\n\n\n\n<p class=\"wp-block-paragraph\"><a href=\"#_ftnref11\" id=\"_ftn11\">[11]<\/a>&nbsp;&nbsp;&nbsp; Source : <a href=\"https:\/\/www.reuters.com\/business\/energy\/russias-oil-gas-tax-revenues-seen-rising-may-still-down-year-date-2026-04-27\/\">Reuters<\/a>, 27\/04\/2026<\/p>\n\n\n\n<p class=\"wp-block-paragraph\"><a href=\"#_ftnref12\" id=\"_ftn12\">[12]<\/a>&nbsp;&nbsp;&nbsp; Source : <a href=\"https:\/\/www.bfmtv.com\/economie\/international\/l-ere-du-petrole-bon-marche-est-pour-l-instant-revolue-mais-l-acces-a-l-or-noir-a-ete-preserve-pour-eviter-une-penurie-l-inde-tente-de-diversifier-ses-approvisionnements-petroliers-notamment-avec-la-russie-l-angola-l-iran-et-le-venezuela_AD-202604270123.html#:~:text=Il%20est%20le%20troisi%C3%A8me%20importateur,Iran%20le%2028%20f%C3%A9vrier%20dernier\">BFM TV<\/a>, 27\/04\/2026<\/p>\n\n\n\n<p class=\"wp-block-paragraph\"><a href=\"#_ftnref13\" id=\"_ftn13\">[13]<\/a>&nbsp;&nbsp;&nbsp; Source : <a href=\"https:\/\/www.bfmtv.com\/economie\/international\/un-impact-devastateur-pakistanais-philippins-indonesiens-les-economies-du-golfe-reposent-sur-24-millions-de-travailleurs-immigres-mais-leurs-gouvernements-se-disent-prets-a-les-rapatrier-si-le-conflit-se-poursuit_AV-202603020582.html\">BFM TV<\/a> 02\/03\/2026<\/p>\n\n\n\n<p class=\"wp-block-paragraph\"><a href=\"#_ftnref14\" id=\"_ftn14\">[14]<\/a>&nbsp;&nbsp;&nbsp;&nbsp; Source : <a href=\"https:\/\/fr.euronews.com\/business\/2026\/03\/13\/washington-etend-la-derogation-sur-le-petrole-russe-a-tous-les-acheteurs-pour-calmer-les-p\">Euronews<\/a>, 13\/03\/2026<\/p>\n\n\n\n<p class=\"wp-block-paragraph\"><a href=\"#_ftnref15\" id=\"_ftn15\">[15]<\/a>&nbsp;&nbsp;&nbsp;&nbsp; Source : <a href=\"https:\/\/www.tresor.economie.gouv.fr\/Pays\/PK\/presentation-pays\">DG du Tresor<\/a>, 2026<\/p>\n\n\n\n<p class=\"wp-block-paragraph\"><a href=\"#_ftnref16\" id=\"_ftn16\">[16]<\/a>&nbsp;&nbsp;&nbsp;&nbsp; Source : <a href=\"https:\/\/www.obsarm.info\/spip.php?article734\">Observatoire des armements<\/a>, 08\/03\/2026<\/p>\n\n\n\n<p class=\"wp-block-paragraph\"><a href=\"#_ftnref17\" id=\"_ftn17\">[17]<\/a>&nbsp;&nbsp;&nbsp;&nbsp; Source : <a href=\"https:\/\/www.avianews.ch\/post\/l-azerba%C3%AFdjan-commande-le-jf-17-thunder\">Avianews<\/a>, 09\/06\/2025<\/p>\n\n\n\n<p class=\"wp-block-paragraph\"><a href=\"#_ftnref18\" id=\"_ftn18\">[18]<\/a>&nbsp;&nbsp;&nbsp; Source : <a href=\"https:\/\/www.aljazeera.com\/news\/2026\/4\/29\/uae-quits-opec-what-that-means-for-the-gulf-energy-markets-and-beyond\">Al Jazeera<\/a>, 29\/04\/2026<\/p>\n\n\n\n<p class=\"wp-block-paragraph\"><a href=\"#_ftnref19\" id=\"_ftn19\">[19]<\/a>&nbsp;&nbsp;&nbsp; Source : <a href=\"https:\/\/information.tv5monde.com\/international\/le-debut-de-la-fin-pour-lopep-quelles-consequences-apres-le-depart-brutal-des-emirats-arabes-unis-de-lorganisation-2819533\">TV5 Monde<\/a>, 29\/04\/2026<\/p>\n\n\n\n<p class=\"wp-block-paragraph\"><a href=\"#_ftnref20\" id=\"_ftn20\">[20]<\/a>&nbsp;&nbsp;&nbsp; Source : <a href=\"https:\/\/www.lorientlejour.com\/article\/1489999\/laxe-israel-emirats-ou-le-nouveau-cauchemar-de-mbs.html\">L&rsquo;Orient-Le-Jour<\/a>, 30\/12\/2025<\/p>\n\n\n\n<p class=\"wp-block-paragraph\"><a href=\"#_ftnref21\" id=\"_ftn21\">[21]<\/a>&nbsp;&nbsp; Source : <a href=\"https:\/\/www.rfi.fr\/fr\/moyen-orient\/20251227-y%C3%A9men-la-coalition-men%C3%A9e-par-riyad-met-en-garde-les-s%C3%A9paratistes-soutenus-par-les-%C3%A9mirats-arabes-unis\">RFI<\/a>, 27\/12\/2025<\/p>\n\n\n\n<p class=\"wp-block-paragraph\"><a href=\"#_ftnref22\" id=\"_ftn22\">[22]<\/a>&nbsp;&nbsp;&nbsp; Source : <a href=\"https:\/\/www.agefi.fr\/news\/economie-marches\/la-bourse-de-dubai-bascule-en-bear-market\">Agefi<\/a>, 16\/03\/2026<\/p>\n\n\n\n<p class=\"wp-block-paragraph\"><a href=\"#_ftnref23\" id=\"_ftn23\">[23]<\/a>&nbsp;&nbsp;&nbsp; Source : <a href=\"https:\/\/www.reuters.com\/world\/middle-east\/iran-conflict-threatens-gulf-tourism-undermining-years-investment-2026-03-03\/\">Reuters<\/a>, 03\/03\/2026<\/p>\n\n\n\n<p class=\"wp-block-paragraph\"><a href=\"#_ftnref24\" id=\"_ftn24\">[24]<\/a>&nbsp;&nbsp;&nbsp; Source : <a href=\"https:\/\/www.boursier.com\/actualites\/economie\/dubai-le-marche-immobilier-montre-les-premiers-signes-de-fragilite-54380.html\">Goldman Sachs<\/a>, 23\/03\/206<\/p>\n\n\n\n<p class=\"wp-block-paragraph\"><a href=\"#_ftnref25\" id=\"_ftn25\">[25]<\/a>&nbsp;&nbsp;&nbsp; Source : <a href=\"https:\/\/www.lesechos.fr\/monde\/afrique-moyen-orient\/guerre-au-moyen-orient-les-emirats-arabes-unis-prets-a-repondre-aux-attaques-iraniennes-2230190\">Les Echos<\/a>, 5\/05\/2026<\/p>\n\n\n\n<p class=\"wp-block-paragraph\"><a href=\"#_ftnref26\" id=\"_ftn26\">[26]<\/a>&nbsp;&nbsp;&nbsp; Source : <a href=\"https:\/\/www.franceinfo.fr\/replay-jt\/france-2\/20-heures\/guerre-au-moyen-orient-les-pays-du-golfe-entreront-ils-en-guerre_7858865.html\">France Info<\/a>, 10\/03\/2026<\/p>\n\n\n\n<p class=\"wp-block-paragraph\"><a href=\"#_ftnref27\" id=\"_ftn27\">[27]<\/a>&nbsp;&nbsp;&nbsp; Source : <a href=\"https:\/\/www.france24.com\/fr\/am%C3%A9riques\/20251118-donald-trump-re%C3%A7oit-prince-h%C3%A9ritier-saoudien-%C3%A9gards-ben-salmane-israel\">France24<\/a>, 18\/11\/2025<\/p>\n\n\n\n<p class=\"wp-block-paragraph\"><a href=\"#_ftnref28\" id=\"_ftn28\">[28]<\/a>&nbsp;&nbsp;&nbsp; &nbsp;Source : <a href=\"https:\/\/www.lemonde.fr\/international\/article\/2025\/09\/18\/l-arabie-saoudite-et-le-pakistan-signent-un-accord-de-defense-mutuelle-une-semaine-apres-la-frappe-israelienne-contre-le-hamas-au-qatar_6641595_3210.html\">Le Monde<\/a>, 18\/09\/2025<\/p>\n\n\n\n<p class=\"wp-block-paragraph\"><a href=\"#_ftnref29\" id=\"_ftn29\">[29]<\/a>&nbsp;&nbsp;&nbsp;&nbsp; Source : <a href=\"https:\/\/www.arabnews.fr\/node\/505602\/%C3%A9conomie\">Arab News<\/a>, 01\/04\/2026&nbsp;<\/p>\n\n\n\n<p class=\"wp-block-paragraph\"><a href=\"#_ftnref30\" id=\"_ftn30\">[30]<\/a>&nbsp;&nbsp;&nbsp;&nbsp; Source : <a href=\"https:\/\/www.lopinion.fr\/international\/le-monde-a-plus-que-jamais-besoin-de-ces-deux-pipelines-au-moyen-orient?fbclid=IwY2xjawRnOTRleHRuA2FlbQIxMQBicmlkETE5ZTA1cndtRnJNNEZMS0NGc3J0YwZhcHBfaWQQMjIyMDM5MTc4ODIwMDg5MgABHro_h4LI-mF4hNo7i3XBe_lhdxSfO0-hj4lgpcln-mVvhLbaQpCZ5agpXgXX_aem_1h-nV4IgMmJvUoCs68Zaag\">L&rsquo;Opinion<\/a>, 16\/03\/2026<\/p>\n\n\n\n<p class=\"wp-block-paragraph\"><a href=\"#_ftnref31\" id=\"_ftn31\">[31]<\/a>&nbsp;&nbsp;&nbsp;&nbsp; Source : <a href=\"https:\/\/geoconfluences.ens-lyon.fr\/glossaire\/bric#:~:text=En%20avril%202025%2C%20les%20BRICS,officiellement%20annonc%C3%A9e%2C%20est%20finalement%20suspendue\">Geoconfluences<\/a>, 04\/12\/2025<\/p>\n\n\n\n<p class=\"wp-block-paragraph\"><a href=\"#_ftnref32\" id=\"_ftn32\">[32]<\/a>&nbsp;&nbsp;&nbsp;&nbsp; Source : <a href=\"https:\/\/www.courrierinternational.com\/article\/escalade-des-frappes-visant-bahrein-dubai-oman-le-qatar-les-pays-du-golfe-rattrapes-par-la-guerre_241164\">Courrier International<\/a>, 01\/03\/2026<\/p>\n\n\n\n<p class=\"wp-block-paragraph\"><a href=\"#_ftnref33\" id=\"_ftn33\">[33]<\/a>&nbsp;&nbsp;&nbsp;&nbsp; Source : <a href=\"https:\/\/www.lemonde.fr\/international\/article\/2021\/01\/05\/riyad-met-fin-au-blocus-contre-le-qatar_6065241_3210.html\">Le Monde<\/a>, 05\/01\/2021<\/p>\n\n\n\n<p class=\"wp-block-paragraph\"><a href=\"#_ftnref34\" id=\"_ftn34\">[34]<\/a>&nbsp;&nbsp;&nbsp;&nbsp; Source : <a href=\"https:\/\/www.lesechos.fr\/monde\/enjeux-internationaux\/la-guerre-du-gaz-aura-bien-lieu-liran-sattaque-a-la-plus-grande-usine-de-liquefaction-du-monde-2222022\">Les Echos<\/a>, 19\/03\/2026<\/p>\n\n\n\n<p class=\"wp-block-paragraph\"><a href=\"#_ftnref35\" id=\"_ftn35\">[35]<\/a>&nbsp;&nbsp;&nbsp; Source : <a href=\"https:\/\/www.letemps.ch\/economie\/en-deux-mois-des-nouvelles-voies-maritimes-et-terrestres-ont-permis-de-contourner-le-detroit-d-ormuz-en-partie?srsltid=AfmBOoqOkrOZclHbvC6ai9ucZQCLbbr_JJ_LS-GxyNZQ4Zq0PlwkvRqc\">Le temps<\/a>, 03\/05\/2026<\/p>\n\n\n\n<p class=\"wp-block-paragraph\"><a href=\"#_ftnref36\" id=\"_ftn36\">[36]<\/a>&nbsp;&nbsp;&nbsp; Source : <a href=\"https:\/\/cnes.fr\/geoimage\/afrique-sud-cap-une-metropole-post-apartheid-profondes-mutations-sociales-urbaines\">National Geographic<\/a>, 19\/09\/2025&nbsp;<\/p>\n\n\n\n<p class=\"wp-block-paragraph\"><a href=\"#_ftnref37\" id=\"_ftn37\">[37]<\/a>&nbsp;&nbsp;&nbsp; Source : <a href=\"https:\/\/www.vantrumpreport.com\/2024\/01\/09\/how-red-sea-hazards-are-impacting-global-trade-including-agriculture\/\">Van report<\/a>, 09\/01\/2025<\/p>\n\n\n\n<p class=\"wp-block-paragraph\"><a href=\"#_ftnref38\" id=\"_ftn38\">[38]<\/a>&nbsp;&nbsp;&nbsp; Source : <a href=\"https:\/\/fr.hespress.com\/428028-macron-salue-lengagement-fort-et-clair-du-roi-mohammed-vi-pour-le-developpement-dune-economie-bleue-en-afrique.html\">Hespress<\/a>, 09\/06\/2025<\/p>\n\n\n\n<p class=\"wp-block-paragraph\"><a href=\"#_ftnref39\" id=\"_ftn39\">[39]<\/a>&nbsp;&nbsp;&nbsp; Source : <a href=\"https:\/\/northafricapost.com\/95463-moroccos-port-strategy-gains-new-relevance-as-geopolitical-fragmentation-reshapes-global-trade.html\">North Africa post<\/a>, 13\/03\/2026<\/p>\n\n\n\n<p class=\"wp-block-paragraph\"><a href=\"#_ftnref40\" id=\"_ftn40\">[40]<\/a>&nbsp;&nbsp;&nbsp; Source : <a href=\"https:\/\/www.atalayar.com\/en\/articulo\/economy-and-business\/moroccan-maritime-doctrine-between-the-pursuit-of-sovereignty-and-the-demands-of-geopolitical-change\/20260401210000224473.amp.html\">Atalayar<\/a>, 02\/04\/2026<\/p>\n\n\n\n<p class=\"wp-block-paragraph\"><a href=\"#_ftnref41\" id=\"_ftn41\">[41]<\/a>&nbsp;&nbsp;&nbsp; Source : <a href=\"https:\/\/www.reuters.com\/business\/energy\/morocco-open-two-deepwater-ports-2026-2028-minister-says-2025-12-08\/\">Reuters<\/a>, 08\/12\/2025<\/p>\n\n\n\n<p class=\"wp-block-paragraph\"><a href=\"#_ftnref42\" id=\"_ftn42\">[42]<\/a>&nbsp;&nbsp;&nbsp; Source : <a href=\"https:\/\/medias24.com\/2025\/11\/11\/nizar-baraka-le-port-de-nador-west-med-est-pret-son-exploitation-est-prevue-des-fin-2026\/\">Medias 24<\/a>, 11\/11\/2025<\/p>\n\n\n\n<p class=\"wp-block-paragraph\"><a href=\"#_ftnref43\" id=\"_ftn43\">[43]<\/a>&nbsp;&nbsp;&nbsp; Source : <a href=\"https:\/\/www.agbi.com\/analysis\/oil-and-gas\/2026\/04\/algeria-and-libya-see-gains-from-iran-conflict-but-time-is-of-essence\">AGBI<\/a>, 22\/04\/2026<\/p>\n\n\n\n<p class=\"wp-block-paragraph\"><a href=\"#_ftnref44\" id=\"_ftn44\">[44]<\/a>&nbsp;&nbsp;&nbsp; Source : <a href=\"https:\/\/www.la-croix.com\/international\/l-algerie-mise-sur-ses-hydrocarbures-pour-rompre-lisolement-diplomatique-sous-leffet-de-la-guerre-en-iran-20260402\">La Croix<\/a>, 02\/04\/2026&nbsp;<\/p>\n\n\n\n<p class=\"wp-block-paragraph\"><a href=\"#_ftnref45\" id=\"_ftn45\"><\/a>&nbsp;<\/p>\n\n\n\n<p class=\"wp-block-paragraph\"><a href=\"#_ftnref46\" id=\"_ftn46\">[46]<\/a>&nbsp;&nbsp;&nbsp;&nbsp; Source : <a href=\"https:\/\/www.usinenouvelle.com\/chroniques\/matiere-a-penser\/hausse-des-prix-risques-de-rupture-dapprovisionnement-le-marche-tres-strategique-de-lhelium-bouleverse-durablement-par-la-guerre-au-moyen-orient.JJEE5CXV2NHCBMGFURIFDSNDF4.html\">Usine Nouvelle<\/a>, 07\/04\/2026<\/p>\n\n\n\n<p class=\"wp-block-paragraph\"><a href=\"#_ftnref47\" id=\"_ftn47\">[47]<\/a>&nbsp;&nbsp;&nbsp;&nbsp; Source : <a href=\"https:\/\/www.lemonde.fr\/economie\/article\/2026\/03\/12\/guerre-au-moyen-orient-les-fabricants-de-semi-conducteurs-s-inquietent-pour-leur-approvisionnement-en-helium_6670787_3234.html#:~:text=La%20Cor%C3%A9e%20du%20Sud%2C%20plus,Association%20cor%C3%A9enne%20du%20commerce%20international\">Le Monde<\/a>, 12\/03\/2026<\/p>\n\n\n\n<p class=\"wp-block-paragraph\"><a href=\"#_ftnref48\" id=\"_ftn48\">[48]<\/a>&nbsp;&nbsp;&nbsp;&nbsp; Source : <a href=\"https:\/\/foreignpolicy.com\/2026\/04\/09\/iran-war-oil-energy-crisis-1970s-shock-middle-east\/\"><em>Foreign Policy<\/em><\/a><em>, 09\/04\/2026<\/em><\/p>\n\n\n\n<p class=\"wp-block-paragraph\"><a href=\"#_ftnref49\" id=\"_ftn49\">[49]<\/a>&nbsp;&nbsp;&nbsp;&nbsp; Source : <a href=\"https:\/\/www.nippon.com\/fr\/japan-data\/h01365\/\">Nippon<\/a>, 20\/08\/2022<\/p>\n\n\n\n<p class=\"wp-block-paragraph\"><a href=\"#_ftnref50\" id=\"_ftn50\">[50]<\/a>&nbsp;&nbsp;&nbsp;&nbsp; Source : <a href=\"https:\/\/www.rfi.fr\/fr\/contenu\/20091227-nucleaire-seoul-lemporte-emirats\">RFI<\/a>, 27\/12\/2009<\/p>\n\n\n\n<p class=\"wp-block-paragraph\"><a href=\"#_ftnref51\" id=\"_ftn51\">[51]<\/a>&nbsp;&nbsp;&nbsp;&nbsp; Source : <a href=\"https:\/\/www.bbc.com\/news\/science-environment-36651048\">BBC<\/a>, 28\/06\/2016<\/p>\n\n\n\n<p class=\"wp-block-paragraph\"><a href=\"#_ftnref52\" id=\"_ftn52\">[52]<\/a>&nbsp;&nbsp;&nbsp;&nbsp; Source : <a href=\"https:\/\/www.agenceecofin.com\/actualites\/1803-136769-apres-le-petrole-le-spectre-dune-crise-mondiale-des-fertilisants-a-ormuz\">Agence Ecofin<\/a>, 18\/03\/2026<\/p>\n\n\n\n<p class=\"wp-block-paragraph\"><a href=\"#_ftnref53\" id=\"_ftn53\">[53]<\/a>&nbsp;&nbsp;&nbsp;&nbsp; Source : <a href=\"https:\/\/www.tresor.economie.gouv.fr\/Articles\/2026\/03\/13\/qui-seme-la-guerre-ne-seme-guere-les-engrais\">DG Tresor<\/a>, 13\/03\/2026<\/p>\n\n\n\n<p class=\"wp-block-paragraph\"><a href=\"#_ftnref54\" id=\"_ftn54\">[54]<\/a>&nbsp;&nbsp;&nbsp;&nbsp; Source : <a href=\"https:\/\/www.reuters.com\/world\/middle-east\/maritime-insurance-premiums-surge-iran-conflict-widens-2026-03-06\/\">Reuters<\/a>, 28\/04\/2026<\/p>\n\n\n\n<p class=\"wp-block-paragraph\"><a href=\"#_ftnref55\" id=\"_ftn55\">[55]<\/a>&nbsp;&nbsp;&nbsp;&nbsp; Source : <a href=\"https:\/\/lemarin.ouest-france.fr\/shipping\/liran-finance-sa-guerre-en-imposant-un-peage-de-2-millions-de-dollars-aux-navires-qui-souhaitent-traverser-ormuz-52fb2c4e-27a4-11f1-97c2-97e16ef66fd6\">Ouest France<\/a>, 24\/03\/2026<\/p>\n\n\n\n<p class=\"wp-block-paragraph\"><a href=\"#_ftnref56\" id=\"_ftn56\">[56]<\/a>&nbsp;&nbsp;&nbsp;&nbsp; Source : <a href=\"https:\/\/nationalinterest.org\/blog\/energy-world\/why-the-iran-war-is-pushing-europe-closer-to-us-lng\">National Interest<\/a>, 07\/04\/2026<\/p>\n\n\n\n<p class=\"wp-block-paragraph\"><a href=\"#_ftnref57\" id=\"_ftn57\">[57]<\/a>&nbsp;&nbsp;&nbsp; Source : <a href=\"https:\/\/en.wikipedia.org\/wiki\/Economic_impact_of_the_2026_Iran_war\">Wikipedia<\/a>, 28\/04\/2026<\/p>\n\n\n\n<p class=\"wp-block-paragraph\"><a href=\"#_ftnref58\" id=\"_ftn58\">[58]<\/a>&nbsp;&nbsp;&nbsp; Source : <a href=\"https:\/\/www.pv-magazine.fr\/2026\/03\/18\/lespagne-a-reduit-linfluence-du-gaz-sur-le-prix-de-lelectricite-a-15-des-heures-grace-aux-renouvelables\/#:~:text=Depuis%20le%20d%C3%A9but%20de%202026,la%20flexibilit%C3%A9%20de%20son%20syst%C3%A8me\">PV Magazine<\/a>, 18\/03\/2026<\/p>\n\n\n\n<p class=\"wp-block-paragraph\"><a href=\"#_ftnref59\" id=\"_ftn59\">[59]<\/a>&nbsp;&nbsp;&nbsp; Source : <a href=\"https:\/\/www.revueconflits.com\/lespagne-puissance-energetique-inattendue-face-au-choc-dormuz\/\">Revue Conflits<\/a>, 22\/04\/2026<\/p>\n","protected":false},"excerpt":{"rendered":"<p>La guerre en Iran constitue probablement le premier test grandeur nature du yuan comme monnaie de r\u00e8glement internationale. La part des transactions&hellip;<\/p>","protected":false},"author":138,"featured_media":4338,"comment_status":"closed","ping_status":"closed","sticky":false,"template":"","format":"standard","meta":{"_lmt_disableupdate":"","_lmt_disable":"","footnotes":""},"categories":[616,5,4],"tags":[586,693],"class_list":["post-4319","post","type-post","status-publish","format-standard","has-post-thumbnail","hentry","category-economie","category-international","category-mis-en-avant","tag-guerre-en-iran","tag-monde-a-venir"],"yoast_head":"<!-- This site is optimized with the Yoast SEO Premium plugin v28.1 (Yoast SEO v28.1) - https:\/\/yoast.com\/product\/yoast-seo-premium-wordpress\/ -->\n<title>Iran : derri\u00e8re la guerre, le monde d\u2019apr\u00e8s | Geopolitics.fr<\/title>\n<meta name=\"robots\" content=\"index, follow, max-snippet:-1, max-image-preview:large, max-video-preview:-1\" \/>\n<link rel=\"canonical\" href=\"https:\/\/www.geopolitics.fr\/en\/2026\/05\/18\/iran-derriere-la-guerre-le-monde-dapres\/\" \/>\n<meta property=\"og:locale\" content=\"en_GB\" \/>\n<meta property=\"og:type\" content=\"article\" \/>\n<meta property=\"og:title\" content=\"Iran : derri\u00e8re la guerre, le monde d\u2019apr\u00e8s\" \/>\n<meta property=\"og:description\" content=\"La guerre en Iran constitue probablement le premier test grandeur nature du yuan comme monnaie de r\u00e8glement internationale. La part des transactions&hellip;\" \/>\n<meta property=\"og:url\" content=\"https:\/\/www.geopolitics.fr\/en\/2026\/05\/18\/iran-derriere-la-guerre-le-monde-dapres\/\" \/>\n<meta property=\"og:site_name\" content=\"Geopolitics.fr\" \/>\n<meta property=\"article:publisher\" content=\"https:\/\/www.facebook.com\/people\/Erwan-Davoux\/61557098968092\/\" \/>\n<meta property=\"article:published_time\" content=\"2026-05-18T06:36:16+00:00\" \/>\n<meta property=\"article:modified_time\" content=\"2026-05-18T06:36:18+00:00\" \/>\n<meta property=\"og:image\" content=\"https:\/\/www.geopolitics.fr\/wp-content\/uploads\/2026\/05\/TRMP-NETA-BON-BON.jpg\" \/>\n\t<meta property=\"og:image:width\" content=\"1920\" \/>\n\t<meta property=\"og:image:height\" content=\"1084\" \/>\n\t<meta property=\"og:image:type\" content=\"image\/jpeg\" \/>\n<meta name=\"author\" content=\"Anthony Trad\" \/>\n<meta name=\"twitter:card\" content=\"summary_large_image\" \/>\n<meta name=\"twitter:creator\" content=\"@Geopolitics_Fr\" \/>\n<meta name=\"twitter:site\" content=\"@Geopolitics_Fr\" \/>\n<meta name=\"twitter:label1\" content=\"Written by\" \/>\n\t<meta name=\"twitter:data1\" content=\"Anthony Trad\" \/>\n\t<meta name=\"twitter:label2\" content=\"Estimated reading time\" \/>\n\t<meta name=\"twitter:data2\" content=\"25 minutes\" \/>\n<script type=\"application\/ld+json\" class=\"yoast-schema-graph\">{\"@context\":\"https:\\\/\\\/schema.org\",\"@graph\":[{\"@type\":\"Article\",\"@id\":\"https:\\\/\\\/www.geopolitics.fr\\\/2026\\\/05\\\/18\\\/iran-derriere-la-guerre-le-monde-dapres\\\/#article\",\"isPartOf\":{\"@id\":\"https:\\\/\\\/www.geopolitics.fr\\\/2026\\\/05\\\/18\\\/iran-derriere-la-guerre-le-monde-dapres\\\/\"},\"author\":{\"name\":\"Anthony Trad\",\"@id\":\"https:\\\/\\\/www.geopolitics.fr\\\/#\\\/schema\\\/person\\\/b26760fb1b1fc0b0f78101b8ab130623\"},\"headline\":\"Iran : derri\u00e8re la guerre, le monde d\u2019apr\u00e8s\",\"datePublished\":\"2026-05-18T06:36:16+00:00\",\"dateModified\":\"2026-05-18T06:36:18+00:00\",\"mainEntityOfPage\":{\"@id\":\"https:\\\/\\\/www.geopolitics.fr\\\/2026\\\/05\\\/18\\\/iran-derriere-la-guerre-le-monde-dapres\\\/\"},\"wordCount\":5309,\"publisher\":{\"@id\":\"https:\\\/\\\/www.geopolitics.fr\\\/#organization\"},\"image\":{\"@id\":\"https:\\\/\\\/www.geopolitics.fr\\\/2026\\\/05\\\/18\\\/iran-derriere-la-guerre-le-monde-dapres\\\/#primaryimage\"},\"thumbnailUrl\":\"https:\\\/\\\/www.geopolitics.fr\\\/wp-content\\\/uploads\\\/2026\\\/05\\\/TRMP-NETA-BON-BON.jpg\",\"keywords\":[\"GUERRE EN IRAN\",\"MONDE A VENIR\"],\"articleSection\":[\"Economie\",\"International\",\"Mis en AVANT\"],\"inLanguage\":\"en-GB\"},{\"@type\":\"WebPage\",\"@id\":\"https:\\\/\\\/www.geopolitics.fr\\\/2026\\\/05\\\/18\\\/iran-derriere-la-guerre-le-monde-dapres\\\/\",\"url\":\"https:\\\/\\\/www.geopolitics.fr\\\/2026\\\/05\\\/18\\\/iran-derriere-la-guerre-le-monde-dapres\\\/\",\"name\":\"Iran : derri\u00e8re la guerre, le monde d\u2019apr\u00e8s | Geopolitics.fr\",\"isPartOf\":{\"@id\":\"https:\\\/\\\/www.geopolitics.fr\\\/#website\"},\"primaryImageOfPage\":{\"@id\":\"https:\\\/\\\/www.geopolitics.fr\\\/2026\\\/05\\\/18\\\/iran-derriere-la-guerre-le-monde-dapres\\\/#primaryimage\"},\"image\":{\"@id\":\"https:\\\/\\\/www.geopolitics.fr\\\/2026\\\/05\\\/18\\\/iran-derriere-la-guerre-le-monde-dapres\\\/#primaryimage\"},\"thumbnailUrl\":\"https:\\\/\\\/www.geopolitics.fr\\\/wp-content\\\/uploads\\\/2026\\\/05\\\/TRMP-NETA-BON-BON.jpg\",\"datePublished\":\"2026-05-18T06:36:16+00:00\",\"dateModified\":\"2026-05-18T06:36:18+00:00\",\"breadcrumb\":{\"@id\":\"https:\\\/\\\/www.geopolitics.fr\\\/2026\\\/05\\\/18\\\/iran-derriere-la-guerre-le-monde-dapres\\\/#breadcrumb\"},\"inLanguage\":\"en-GB\",\"potentialAction\":[{\"@type\":\"ReadAction\",\"target\":[\"https:\\\/\\\/www.geopolitics.fr\\\/2026\\\/05\\\/18\\\/iran-derriere-la-guerre-le-monde-dapres\\\/\"]}]},{\"@type\":\"ImageObject\",\"inLanguage\":\"en-GB\",\"@id\":\"https:\\\/\\\/www.geopolitics.fr\\\/2026\\\/05\\\/18\\\/iran-derriere-la-guerre-le-monde-dapres\\\/#primaryimage\",\"url\":\"https:\\\/\\\/www.geopolitics.fr\\\/wp-content\\\/uploads\\\/2026\\\/05\\\/TRMP-NETA-BON-BON.jpg\",\"contentUrl\":\"https:\\\/\\\/www.geopolitics.fr\\\/wp-content\\\/uploads\\\/2026\\\/05\\\/TRMP-NETA-BON-BON.jpg\",\"width\":1920,\"height\":1084},{\"@type\":\"BreadcrumbList\",\"@id\":\"https:\\\/\\\/www.geopolitics.fr\\\/2026\\\/05\\\/18\\\/iran-derriere-la-guerre-le-monde-dapres\\\/#breadcrumb\",\"itemListElement\":[{\"@type\":\"ListItem\",\"position\":1,\"name\":\"Accueil\",\"item\":\"https:\\\/\\\/www.geopolitics.fr\\\/\"},{\"@type\":\"ListItem\",\"position\":2,\"name\":\"Iran : derri\u00e8re la guerre, le monde d\u2019apr\u00e8s\"}]},{\"@type\":\"WebSite\",\"@id\":\"https:\\\/\\\/www.geopolitics.fr\\\/#website\",\"url\":\"https:\\\/\\\/www.geopolitics.fr\\\/\",\"name\":\"Geopolitics.fr\",\"description\":\"Geopolitics.fr Analyse politique, relations internationales, d\u00e9fense - ligne \u00e9ditoriale gaullo-chiraquienne\",\"publisher\":{\"@id\":\"https:\\\/\\\/www.geopolitics.fr\\\/#organization\"},\"potentialAction\":[{\"@type\":\"SearchAction\",\"target\":{\"@type\":\"EntryPoint\",\"urlTemplate\":\"https:\\\/\\\/www.geopolitics.fr\\\/?s={search_term_string}\"},\"query-input\":{\"@type\":\"PropertyValueSpecification\",\"valueRequired\":true,\"valueName\":\"search_term_string\"}}],\"inLanguage\":\"en-GB\"},{\"@type\":\"Organization\",\"@id\":\"https:\\\/\\\/www.geopolitics.fr\\\/#organization\",\"name\":\"Geopolitics.fr\",\"url\":\"https:\\\/\\\/www.geopolitics.fr\\\/\",\"logo\":{\"@type\":\"ImageObject\",\"inLanguage\":\"en-GB\",\"@id\":\"https:\\\/\\\/www.geopolitics.fr\\\/#\\\/schema\\\/logo\\\/image\\\/\",\"url\":\"https:\\\/\\\/www.geopolitics.fr\\\/wp-content\\\/uploads\\\/2024\\\/01\\\/logo.jpg\",\"contentUrl\":\"https:\\\/\\\/www.geopolitics.fr\\\/wp-content\\\/uploads\\\/2024\\\/01\\\/logo.jpg\",\"width\":500,\"height\":500,\"caption\":\"Geopolitics.fr\"},\"image\":{\"@id\":\"https:\\\/\\\/www.geopolitics.fr\\\/#\\\/schema\\\/logo\\\/image\\\/\"},\"sameAs\":[\"https:\\\/\\\/www.facebook.com\\\/people\\\/Erwan-Davoux\\\/61557098968092\\\/\",\"https:\\\/\\\/x.com\\\/Geopolitics_Fr\"]},{\"@type\":\"Person\",\"@id\":\"https:\\\/\\\/www.geopolitics.fr\\\/#\\\/schema\\\/person\\\/b26760fb1b1fc0b0f78101b8ab130623\",\"name\":\"Anthony Trad\",\"image\":{\"@type\":\"ImageObject\",\"inLanguage\":\"en-GB\",\"@id\":\"https:\\\/\\\/www.geopolitics.fr\\\/wp-content\\\/uploads\\\/2025\\\/05\\\/anthony-96x96.jpg\",\"url\":\"https:\\\/\\\/www.geopolitics.fr\\\/wp-content\\\/uploads\\\/2025\\\/05\\\/anthony-96x96.jpg\",\"contentUrl\":\"https:\\\/\\\/www.geopolitics.fr\\\/wp-content\\\/uploads\\\/2025\\\/05\\\/anthony-96x96.jpg\",\"caption\":\"Anthony Trad\"},\"description\":\"Anthony Trad est analyste en s\u00e9curit\u00e9 internationale et pr\u00e9sident de Stradegy Advisory. Franco-Libanais, il est sp\u00e9cialis\u00e9 dans les dynamiques de d\u00e9fense, de contre-terrorisme, d\u2019influence et de m\u00e9diation, notamment au Moyen-Orient et en Afrique du Nord. Pass\u00e9 par le Parlement europ\u00e9en et l\u2019Observatoire des Pays Arabes, il publie r\u00e9guli\u00e8rement des analyses g\u00e9opolitiques dans Le Figaro, L\u2019Opinion, La Tribune\u2026\",\"url\":\"https:\\\/\\\/www.geopolitics.fr\\\/en\\\/author\\\/anthony\\\/\"}]}<\/script>\n<!-- \/ Yoast SEO Premium plugin. -->","yoast_head_json":{"title":"Iran : derri\u00e8re la guerre, le monde d\u2019apr\u00e8s | Geopolitics.fr","robots":{"index":"index","follow":"follow","max-snippet":"max-snippet:-1","max-image-preview":"max-image-preview:large","max-video-preview":"max-video-preview:-1"},"canonical":"https:\/\/www.geopolitics.fr\/en\/2026\/05\/18\/iran-derriere-la-guerre-le-monde-dapres\/","og_locale":"en_GB","og_type":"article","og_title":"Iran : derri\u00e8re la guerre, le monde d\u2019apr\u00e8s","og_description":"La guerre en Iran constitue probablement le premier test grandeur nature du yuan comme monnaie de r\u00e8glement internationale. La part des transactions&hellip;","og_url":"https:\/\/www.geopolitics.fr\/en\/2026\/05\/18\/iran-derriere-la-guerre-le-monde-dapres\/","og_site_name":"Geopolitics.fr","article_publisher":"https:\/\/www.facebook.com\/people\/Erwan-Davoux\/61557098968092\/","article_published_time":"2026-05-18T06:36:16+00:00","article_modified_time":"2026-05-18T06:36:18+00:00","og_image":[{"width":1920,"height":1084,"url":"https:\/\/www.geopolitics.fr\/wp-content\/uploads\/2026\/05\/TRMP-NETA-BON-BON.jpg","type":"image\/jpeg"}],"author":"Anthony Trad","twitter_card":"summary_large_image","twitter_creator":"@Geopolitics_Fr","twitter_site":"@Geopolitics_Fr","twitter_misc":{"Written by":"Anthony Trad","Estimated reading time":"25 minutes"},"schema":{"@context":"https:\/\/schema.org","@graph":[{"@type":"Article","@id":"https:\/\/www.geopolitics.fr\/2026\/05\/18\/iran-derriere-la-guerre-le-monde-dapres\/#article","isPartOf":{"@id":"https:\/\/www.geopolitics.fr\/2026\/05\/18\/iran-derriere-la-guerre-le-monde-dapres\/"},"author":{"name":"Anthony Trad","@id":"https:\/\/www.geopolitics.fr\/#\/schema\/person\/b26760fb1b1fc0b0f78101b8ab130623"},"headline":"Iran : derri\u00e8re la guerre, le monde d\u2019apr\u00e8s","datePublished":"2026-05-18T06:36:16+00:00","dateModified":"2026-05-18T06:36:18+00:00","mainEntityOfPage":{"@id":"https:\/\/www.geopolitics.fr\/2026\/05\/18\/iran-derriere-la-guerre-le-monde-dapres\/"},"wordCount":5309,"publisher":{"@id":"https:\/\/www.geopolitics.fr\/#organization"},"image":{"@id":"https:\/\/www.geopolitics.fr\/2026\/05\/18\/iran-derriere-la-guerre-le-monde-dapres\/#primaryimage"},"thumbnailUrl":"https:\/\/www.geopolitics.fr\/wp-content\/uploads\/2026\/05\/TRMP-NETA-BON-BON.jpg","keywords":["GUERRE EN IRAN","MONDE A VENIR"],"articleSection":["Economie","International","Mis en AVANT"],"inLanguage":"en-GB"},{"@type":"WebPage","@id":"https:\/\/www.geopolitics.fr\/2026\/05\/18\/iran-derriere-la-guerre-le-monde-dapres\/","url":"https:\/\/www.geopolitics.fr\/2026\/05\/18\/iran-derriere-la-guerre-le-monde-dapres\/","name":"Iran : derri\u00e8re la guerre, le monde d\u2019apr\u00e8s | Geopolitics.fr","isPartOf":{"@id":"https:\/\/www.geopolitics.fr\/#website"},"primaryImageOfPage":{"@id":"https:\/\/www.geopolitics.fr\/2026\/05\/18\/iran-derriere-la-guerre-le-monde-dapres\/#primaryimage"},"image":{"@id":"https:\/\/www.geopolitics.fr\/2026\/05\/18\/iran-derriere-la-guerre-le-monde-dapres\/#primaryimage"},"thumbnailUrl":"https:\/\/www.geopolitics.fr\/wp-content\/uploads\/2026\/05\/TRMP-NETA-BON-BON.jpg","datePublished":"2026-05-18T06:36:16+00:00","dateModified":"2026-05-18T06:36:18+00:00","breadcrumb":{"@id":"https:\/\/www.geopolitics.fr\/2026\/05\/18\/iran-derriere-la-guerre-le-monde-dapres\/#breadcrumb"},"inLanguage":"en-GB","potentialAction":[{"@type":"ReadAction","target":["https:\/\/www.geopolitics.fr\/2026\/05\/18\/iran-derriere-la-guerre-le-monde-dapres\/"]}]},{"@type":"ImageObject","inLanguage":"en-GB","@id":"https:\/\/www.geopolitics.fr\/2026\/05\/18\/iran-derriere-la-guerre-le-monde-dapres\/#primaryimage","url":"https:\/\/www.geopolitics.fr\/wp-content\/uploads\/2026\/05\/TRMP-NETA-BON-BON.jpg","contentUrl":"https:\/\/www.geopolitics.fr\/wp-content\/uploads\/2026\/05\/TRMP-NETA-BON-BON.jpg","width":1920,"height":1084},{"@type":"BreadcrumbList","@id":"https:\/\/www.geopolitics.fr\/2026\/05\/18\/iran-derriere-la-guerre-le-monde-dapres\/#breadcrumb","itemListElement":[{"@type":"ListItem","position":1,"name":"Accueil","item":"https:\/\/www.geopolitics.fr\/"},{"@type":"ListItem","position":2,"name":"Iran : derri\u00e8re la guerre, le monde d\u2019apr\u00e8s"}]},{"@type":"WebSite","@id":"https:\/\/www.geopolitics.fr\/#website","url":"https:\/\/www.geopolitics.fr\/","name":"Geopolitics.fr","description":"Geopolitics.fr Analyse politique, relations internationales, d\u00e9fense - ligne \u00e9ditoriale gaullo-chiraquienne","publisher":{"@id":"https:\/\/www.geopolitics.fr\/#organization"},"potentialAction":[{"@type":"SearchAction","target":{"@type":"EntryPoint","urlTemplate":"https:\/\/www.geopolitics.fr\/?s={search_term_string}"},"query-input":{"@type":"PropertyValueSpecification","valueRequired":true,"valueName":"search_term_string"}}],"inLanguage":"en-GB"},{"@type":"Organization","@id":"https:\/\/www.geopolitics.fr\/#organization","name":"Geopolitics.fr","url":"https:\/\/www.geopolitics.fr\/","logo":{"@type":"ImageObject","inLanguage":"en-GB","@id":"https:\/\/www.geopolitics.fr\/#\/schema\/logo\/image\/","url":"https:\/\/www.geopolitics.fr\/wp-content\/uploads\/2024\/01\/logo.jpg","contentUrl":"https:\/\/www.geopolitics.fr\/wp-content\/uploads\/2024\/01\/logo.jpg","width":500,"height":500,"caption":"Geopolitics.fr"},"image":{"@id":"https:\/\/www.geopolitics.fr\/#\/schema\/logo\/image\/"},"sameAs":["https:\/\/www.facebook.com\/people\/Erwan-Davoux\/61557098968092\/","https:\/\/x.com\/Geopolitics_Fr"]},{"@type":"Person","@id":"https:\/\/www.geopolitics.fr\/#\/schema\/person\/b26760fb1b1fc0b0f78101b8ab130623","name":"Anthony Trad","image":{"@type":"ImageObject","inLanguage":"en-GB","@id":"https:\/\/www.geopolitics.fr\/wp-content\/uploads\/2025\/05\/anthony-96x96.jpg","url":"https:\/\/www.geopolitics.fr\/wp-content\/uploads\/2025\/05\/anthony-96x96.jpg","contentUrl":"https:\/\/www.geopolitics.fr\/wp-content\/uploads\/2025\/05\/anthony-96x96.jpg","caption":"Anthony Trad"},"description":"Anthony Trad est analyste en s\u00e9curit\u00e9 internationale et pr\u00e9sident de Stradegy Advisory. Franco-Libanais, il est sp\u00e9cialis\u00e9 dans les dynamiques de d\u00e9fense, de contre-terrorisme, d\u2019influence et de m\u00e9diation, notamment au Moyen-Orient et en Afrique du Nord. Pass\u00e9 par le Parlement europ\u00e9en et l\u2019Observatoire des Pays Arabes, il publie r\u00e9guli\u00e8rement des analyses g\u00e9opolitiques dans Le Figaro, L\u2019Opinion, La Tribune\u2026","url":"https:\/\/www.geopolitics.fr\/en\/author\/anthony\/"}]}},"_links":{"self":[{"href":"https:\/\/www.geopolitics.fr\/en\/wp-json\/wp\/v2\/posts\/4319","targetHints":{"allow":["GET"]}}],"collection":[{"href":"https:\/\/www.geopolitics.fr\/en\/wp-json\/wp\/v2\/posts"}],"about":[{"href":"https:\/\/www.geopolitics.fr\/en\/wp-json\/wp\/v2\/types\/post"}],"author":[{"embeddable":true,"href":"https:\/\/www.geopolitics.fr\/en\/wp-json\/wp\/v2\/users\/138"}],"replies":[{"embeddable":true,"href":"https:\/\/www.geopolitics.fr\/en\/wp-json\/wp\/v2\/comments?post=4319"}],"version-history":[{"count":0,"href":"https:\/\/www.geopolitics.fr\/en\/wp-json\/wp\/v2\/posts\/4319\/revisions"}],"wp:featuredmedia":[{"embeddable":true,"href":"https:\/\/www.geopolitics.fr\/en\/wp-json\/wp\/v2\/media\/4338"}],"wp:attachment":[{"href":"https:\/\/www.geopolitics.fr\/en\/wp-json\/wp\/v2\/media?parent=4319"}],"wp:term":[{"taxonomy":"category","embeddable":true,"href":"https:\/\/www.geopolitics.fr\/en\/wp-json\/wp\/v2\/categories?post=4319"},{"taxonomy":"post_tag","embeddable":true,"href":"https:\/\/www.geopolitics.fr\/en\/wp-json\/wp\/v2\/tags?post=4319"}],"curies":[{"name":"wp","href":"https:\/\/api.w.org\/{rel}","templated":true}]}}