{"id":4294,"date":"2026-05-16T19:46:39","date_gmt":"2026-05-16T17:46:39","guid":{"rendered":"https:\/\/www.geopolitics.fr\/?p=4294"},"modified":"2026-05-17T09:15:40","modified_gmt":"2026-05-17T07:15:40","slug":"a-marseille-droite-annee-zero","status":"publish","type":"post","link":"https:\/\/www.geopolitics.fr\/en\/2026\/05\/16\/a-marseille-droite-annee-zero\/","title":{"rendered":"\u00c0 MARSEILLE, DROITE ANN\u00c9E Z\u00c9RO"},"content":{"rendered":"\n<h2 class=\"wp-block-heading\" id=\"h-muselier-vassal-nbsp-les-sakozystes-devenus-macronistes\">MUSELIER\/VASSAL&nbsp;: LES SAKOZYSTES DEVENUS MACRONISTES<\/h2>\n\n\n\n<p class=\"has-medium-font-size wp-block-paragraph\">Ils ne s\u2019appr\u00e9cient pas mais ils ont fait mine d\u2019\u00eatres unis pour ne pas dispara\u00eetre. Martine Vassal et Renaud Muselier ont souhait\u00e9 de mani\u00e8re alternative et concurrentielle prendre le leadership \u00e0 droite, dans l\u2019apr\u00e8s Gaudin. En d\u00e9pit d\u2019une union contrainte lors des derni\u00e8res municipales, le duo sarkozyste a \u00e9chou\u00e9.<\/p>\n\n\n\n<p class=\"has-medium-font-size wp-block-paragraph\">La premi\u00e8re, d\u00e9j\u00e0 d\u00e9faite lors des \u00e9lections municipales de 2020, n\u2019a jamais su se positionner de mani\u00e8re claire sur l\u2019h\u00e9ritage Gaudin, oscillant entre continuit\u00e9 et reniement. R\u00e9sultat, une tambouille qui l\u2019a conduit \u00e0 perdre sur les deux tableaux.<\/p>\n\n\n\n<p class=\"has-medium-font-size wp-block-paragraph\">Le second, distanc\u00e9 au 1<sup>er<\/sup> tour par Thierry Mariani (RN) lors des \u00e9lections r\u00e9gionales de 2020, ne doit d\u2019avoir conserv\u00e9 la R\u00e9gion qu\u2019\u00e0 un \u00ab&nbsp;front r\u00e9publicain&nbsp;\u00bb encore vivace \u00e0 cette \u00e9poque.<\/p>\n\n\n\n<p class=\"has-medium-font-size wp-block-paragraph\">Ces alertes pass\u00e9es, Muselier comme Vassal prenant conscience que la r\u00e9\u00e9lection de Macron \u00e9tait in\u00e9vitable en 2022, retourn\u00e8rent leur veste sans broncher. Ne pas affronter des vents contraires et tenter de profiter de l\u2019\u00e9lan pr\u00e9sidentiel : voil\u00e0 \u00e0 quoi s\u2019est r\u00e9duite leur strat\u00e9gie. <\/p>\n\n\n\n<p class=\"has-medium-font-size wp-block-paragraph\">Renaud Muselier franchit le pas dans le cadre d\u2019un ralliement de trois grands barons de la r\u00e9gion PACA (Muselier, Falco, Estrosi) \u00e0 Macron (malgr\u00e9 l\u2019ADN tr\u00e8s \u00e0 droite des deux derniers).<\/p>\n\n\n\n<p class=\"has-medium-font-size wp-block-paragraph\">Il fit les choses en grand, adh\u00e9rent \u00e0 \u00ab&nbsp;Renaissance&nbsp;\u00bb (contrairement \u00e0 Christian Estrosi ou Hubert Falco), il en devint le patron dans les Bouches-du-Rh\u00f4ne. Il appartint au comit\u00e9 strat\u00e9gique de campagne du parti, participant au staff de campagne rapproch\u00e9 d\u2019Emmanuel Macron durant la pr\u00e9sidentielle 2022. Son collaborateur, Romain Simmarano est membre du bureau d\u00e9partemental de Renaissance.<\/p>\n\n\n\n<p class=\"has-medium-font-size wp-block-paragraph\">Vassal, elle, prit pr\u00e9texte de la guerre Russo-Ukrainienne pour l\u00e2cher \u00ab&nbsp;son amie&nbsp;\u00bb Val\u00e9rie P\u00e9cresse<a href=\"#_ftn1\" id=\"_ftnref1\">[1]<\/a> alors m\u00eame qu\u2019elle dirigeait la f\u00e9d\u00e9ration LR des Bouches-du-Rh\u00f4ne. Sans rejoindre, pour autant, la parti macroniste. Encore une fois, en restant au milieu du gu\u00e9 faute de cap ou de convictions, Martine Vassal perdait sur les deux tableaux. \u00ab&nbsp;Traitre&nbsp;\u00bb pour la droite, \u00ab&nbsp;pas des n\u00f4tres&nbsp;\u00bb \u00e0 Renaissance, selon une \u00e9lue du D\u00e9partement qui n\u2019a cess\u00e9 de d\u00e9noncer, en coulisse, la d\u00e9rive droiti\u00e8re de Martine Vassal.<\/p>\n\n\n\n<h2 class=\"wp-block-heading\" id=\"h-avec-macron-je-t-aime-moi-non-plus\">AVEC MACRON, JE T\u2019AIME MOI NON PLUS<\/h2>\n\n\n\n<p class=\"has-medium-font-size wp-block-paragraph\">Malheureusement pour Martine Vassal et Renaud Muselier, Emmanuel Macron ne r\u00e9compensera pas les deux transhumants politiques<a href=\"#_ftn2\" id=\"_ftnref2\">[2]<\/a>.<\/p>\n\n\n\n<p class=\"has-medium-font-size wp-block-paragraph\">Pour la premi\u00e8re, il \u00e9tait, en r\u00e9alit\u00e9 plus difficile de ne pas entrer au gouvernement que d\u2019y entrer. En effet, une femme dirigeant deux grandes institutions, alors qu\u2019aucune personnalit\u00e9 issue des Bouches-du-Rh\u00f4ne (3<sup>\u00e8me<\/sup> D\u00e9partement de Fance) n\u2019\u00e9tait pressentie\u00a0: l\u2019affaire semblait bien ficel\u00e9e. Mais les espoirs minist\u00e9riels de Martine Vassal s\u2019\u00e9vapor\u00e8rent malgr\u00e9 le soutien de ses amis du journal \u00ab\u00a0La Tribune\u00a0\u00bb<a href=\"#_ftn3\" id=\"_ftnref3\">[3]<\/a> qui firent tant pour la promouvoir : \u00ab\u00a0Vassal, future ministre ?\u00a0\u00bb<\/p>\n\n\n\n<p class=\"has-medium-font-size wp-block-paragraph\">?. Le Pr\u00e9sident r\u00e9\u00e9lu n\u2019en voulu pas, estimant qu\u2019elle n\u2019avait pas le niveau. La suite de l\u2019histoire ne lui donne pas tort.<\/p>\n\n\n\n<p class=\"has-medium-font-size wp-block-paragraph\">L\u2019int\u00e9ress\u00e9 sera alors contrainte de r\u00e9affirmer plusieurs fois, pour laver l\u2019affront, son \u00ab&nbsp;choix&nbsp;\u00bb de se consacrer uniquement \u00e0 ses mandats locaux. Elle fut, en r\u00e9alit\u00e9, doubl\u00e9e par Sabrina Agresti-Roubache.<\/p>\n\n\n\n<p class=\"has-medium-font-size wp-block-paragraph\">Quant \u00e0 Renaud Muselier, Emmanuel Macron estima (comme pour Christian Estrosi), qu\u2019il \u00e9tait plut\u00f4t en fin de parcours et qu\u2019il n\u2019avait plus grand-chose \u00e0 lui apporter. Les r\u00eaves minist\u00e9riels s\u2019\u00e9vanouirent.<\/p>\n\n\n\n<h2 class=\"wp-block-heading\" id=\"h-les-municipales-un-mauvais-moment-a-passer-nbsp\">LES MUNICIPALES, UN MAUVAIS MOMENT \u00c0 PASSER&nbsp;?<\/h2>\n\n\n\n<p class=\"has-medium-font-size wp-block-paragraph\">C\u2019est dans ce contexte peu porteur que se profilaient les municipales, une \u00e9ch\u00e9ance majeure pour l\u2019un comme pour l\u2019autre.<\/p>\n\n\n\n<p class=\"has-medium-font-size wp-block-paragraph\">Renaud Muselier a toujours r\u00eav\u00e9 d\u2019\u00eatre Maire de Marseille et s\u2019est cru, un certain temps, le dauphin naturel de Jean-Claude Gaudin. N\u00e9anmoins, la lucidit\u00e9 sur le rapport de force \u00e9lectoral le contraint \u00e0 renoncer \u00e0 son r\u00eave municipal, deux ans avant l\u2019\u00e9ch\u00e9ance.<\/p>\n\n\n\n<p class=\"has-medium-font-size wp-block-paragraph\">Martine Vassal, elle, est contrainte d\u2019\u00eatre candidate, sauf \u00e0 renoncer d&#8217;embl\u00e9e \u00e0 la pr\u00e9sidence de la M\u00e9tropole.<a href=\"#_ftn4\" id=\"_ftnref4\">[4]<\/a> Alors que son identit\u00e9 politique est de plus en plus floue, du fait de ses zig-zags permanents, elle ne peut se permettre de faire l\u2019impasse sur les municipales.<\/p>\n\n\n\n<p class=\"has-medium-font-size wp-block-paragraph\">L\u2019\u00ab espace central&nbsp;\u00bb ne cessant de r\u00e9tr\u00e9cir dans le pays et tout particuli\u00e8rement \u00e0 Marseille, pris en \u00e9tau entre l\u2019extr\u00eame droite et l\u2019extr\u00eame gauche, les rivaux d\u2019hier se r\u00e9concilient. Renaud Muselier se r\u00e9signe \u00e0 soutenir Martine Vassal pour tenter de \u00ab&nbsp;sauver les meubles&nbsp;\u00bb. M\u00eame Bruno Gilles, qui avait fait dissidence aux municipales de 2020, embarque dans cette gal\u00e8re.<\/p>\n\n\n\n<h2 class=\"wp-block-heading\" id=\"h-une-campagne-qui-va-de-charybde-en-scylla\">UNE CAMPAGNE QUI VA DE CHARYBDE EN SCYLLA <\/h2>\n\n\n\n<p class=\"has-medium-font-size wp-block-paragraph\">Il est acquis tr\u00e8s rapidement que Martine Vassal n\u2019est pas en situation de conqu\u00e9rir la Mairie, l\u2019objectif r\u00e9el \u00e9tant de sauver la M\u00e9tropole. Mais la campagne est calamiteuse&nbsp;; Faites de promesses les unes plus irr\u00e9alistes que les autres<a href=\"#_ftn5\" id=\"_ftnref5\">[5]<\/a>, de propos hasardeux ou de bourdes<a href=\"#_ftn6\" id=\"_ftnref6\">[6]<\/a>, chaque prise de parole est contre-productive. Pourquoi ferait-elle demain, ce qu\u2019elle a eu toute latitude de faire hier&nbsp;? La cr\u00e9dibilit\u00e9 lui fait cruellement d\u00e9faut. Cette campagne r\u00e9v\u00e8le au grand public marseillais que celle qui dirige la M\u00e9tropole depuis 8 ans et la D\u00e9partement depuis 10 ans n&rsquo;est, en r\u00e9alit\u00e9, pas \u00e0 la hauteur de ses fonctions.<\/p>\n\n\n\n<p class=\"has-medium-font-size wp-block-paragraph\">Son entourage ne vaut gu\u00e8re mieux. Romain Simaranno tentera de tirer son \u00e9pingle du jeu. \u00ab\u00a0Au Royaume des aveugles, les borgnes ne sont-ils pas rois ? \u00ab\u00a0Il b\u00e9n\u00e9ficiera, comme Martine Vassal, d\u2019un acc\u00e8s en quasi libre-service \u00e0&nbsp;\u00ab&nbsp;La Provence&nbsp;\u00bb et \u00e0 \u00ab&nbsp;BFM TV&nbsp;\u00bb. Et du soutien plus discret d\u2019autres m\u00e9dias locaux. Mais rien n\u2019y fit.<\/p>\n\n\n\n<p class=\"has-medium-font-size wp-block-paragraph\">La d\u00e9faite honorable, \u00e0 25%, apparut rapidement hors de port\u00e9e, malgr\u00e9 les multiples sondages flatteurs command\u00e9s par&#8230;.. \u00ab&nbsp;Les amis de Martine Vassal&nbsp;\u00bb.  Pourtant, Renaud Muselier jouera pleinement son r\u00f4le. Il ne contenta pas d\u2019un soutien du bout des l\u00e8vres comme d\u2019aucuns le pr\u00e9disaient. Une ancienne \u00e9lue de droite demeura persuad\u00e9e que \u00ab&nbsp;le soir du premier tour, Renaud contraindrait Martine \u00e0 se retirer pour faire barrage au RN&nbsp;\u00bb. Il n\u2019en fut rien. <\/p>\n\n\n\n<h2 class=\"wp-block-heading\" id=\"h-l-apres-deroute-quelles-perspectives-nbsp-le-senat-un-exil-dore\">L\u2019APRES DEROUTE, QUELLES PERSPECTIVES&nbsp;? LE SENAT, UN EXIL DOR\u00c9<\/h2>\n\n\n\n<p class=\"has-medium-font-size wp-block-paragraph\">Muselier fut le premier \u00e0 tirer les cons\u00e9quences du scrutin. La victoire aux r\u00e9gionales de 2028 semblait hors-de-port\u00e9e. Le S\u00e9nat devenait un refuge plus qu\u2019honorable. Tr\u00e8s vite, le pr\u00e9sident de R\u00e9gion annon\u00e7a sa volont\u00e9 de conduire une liste aux \u00e9lections s\u00e9natoriales du 27 septembre 2026. Prenant de court tout le monde, y compris ses collaborateurs et ses soutiens. Mais en confondant vitesse et pr\u00e9cipitation. Le motif \u00e9voqu\u00e9 par l\u2019int\u00e9ress\u00e9&nbsp;: prendre une place d\u00e9terminante \u00e0 la campagne pr\u00e9sidentielle et faire barrage \u00e0 l\u2019extr\u00eame droite, pr\u00eate \u00e0 sourire. La ficelle est grosse. Le S\u00e9nat ne si\u00e8ge pas durant la campagne et le poids d\u2019un pr\u00e9sident de r\u00e9gion est bien plus d\u00e9terminant.<\/p>\n\n\n\n<p class=\"has-medium-font-size wp-block-paragraph\">Renaud Muselier r\u00eavait de r\u00e9\u00e9diter son exploit des r\u00e9gionales de 2020&nbsp;par lequel il avait roul\u00e9 dans la farine son ami Christian Jacob, alors \u00e0 la t\u00eate de LR&nbsp;: obtenir l\u2019investiture de ce parti et en m\u00eame temps celle du camp pr\u00e9sidentiel. Mais les temps. Sabrina Agresti-Roubache (encore elle&nbsp;!) mit fin \u00e0 ce doux r\u00eave. C\u2019est elle qui conduira la liste du camp pr\u00e9sidentiel.&nbsp;<\/p>\n\n\n\n<p class=\"has-medium-font-size wp-block-paragraph\">Quant \u00e0 LR, on ne voit pas pour quelle raison B. Retailleau investirait un macroniste. Val\u00e9rie Boyer a toute l\u00e9gitimit\u00e9 pour conduire cette liste.<\/p>\n\n\n\n<p class=\"has-medium-font-size wp-block-paragraph\">Martine Vassal r\u00eavait, elle aussi, du S\u00e9nat dans le cas o\u00f9 elle ne parvenait pas \u00e0 conserver la M\u00e9tropole. Elle n\u2019h\u00e9sitera pas \u00e0 d\u00e9penser 900 millions d\u2019\u20ac par le biais du Conseil d\u00e9partemental en subventions d\u2019\u00e9quipements pour les petites communes, entre 2018 et 2023<a href=\"#_ftn7\" id=\"_ftnref7\">[7]<\/a>. L\u00e0 o\u00f9 se trouvent pr\u00e9cis\u00e9ment les grands \u00e9lecteurs des s\u00e9natoriales. Mais la fin tragi-comique de sa campagne lui \u00f4ta tout espoir. L&rsquo;enjeu d\u00e9sormais, pour elle, est de conserver le D\u00e9partement jusqu&rsquo;en 2028, sans \u00eatre d\u00e9barqu\u00e9e en interne.<\/p>\n\n\n\n<h2 class=\"wp-block-heading\" id=\"h-deux-autres-grandes-perdantes\">DEUX AUTRES GRANDES PERDANTES<\/h2>\n\n\n\n<figure class=\"wp-block-image size-full\"><img fetchpriority=\"high\" decoding=\"async\" width=\"749\" height=\"818\" src=\"https:\/\/www.geopolitics.fr\/wp-content\/uploads\/2026\/05\/VASSAL-ROSSI.jpg\" alt=\"\" class=\"wp-image-4296\" srcset=\"https:\/\/www.geopolitics.fr\/wp-content\/uploads\/2026\/05\/VASSAL-ROSSI.jpg 749w, https:\/\/www.geopolitics.fr\/wp-content\/uploads\/2026\/05\/VASSAL-ROSSI-275x300.jpg 275w, https:\/\/www.geopolitics.fr\/wp-content\/uploads\/2026\/05\/VASSAL-ROSSI-585x639.jpg 585w, https:\/\/www.geopolitics.fr\/wp-content\/uploads\/2026\/05\/VASSAL-ROSSI-600x655.jpg 600w\" sizes=\"(max-width: 749px) 100vw, 749px\" \/><\/figure>\n\n\n\n<p class=\"has-medium-font-size wp-block-paragraph\">A l\u2019issue de ce scrutin, deux grandes perdantes restaient sur le carreau\u00a0: Catherine Pila, proche de B. Retailleau apr\u00e8s l\u2019avoir \u00e9t\u00e9 de X. Bertrand et Laure-Agn\u00e8s Caradec. La premi\u00e8re cumularde chevronn\u00e9e : directrice d\u2019\u00e9cole dans la vie, \u00e9lue \u00e0 la ville (pr\u00e9sidente du groupe \u00ab\u00a0une volont\u00e9 pour Marseille\u00a0\u00bb), Vice-Pr\u00e9sidente \u00e0 la M\u00e9tropole et pr\u00e9sidente de la RTM, se retrouvait priv\u00e9e de tout. Sauf, naturellement, de son emploi \u00e0 l\u2019\u00e9ducation nationale. Chacun appr\u00e9ciera son bilan \u00e0 la t\u00eate de la RTM&#8230;.<\/p>\n\n\n\n<p class=\"has-medium-font-size wp-block-paragraph\">Laure-Agn\u00e8s Caradec, vice-pr\u00e9sidente du D\u00e9partement des Bouches-du-Rh\u00f4ne, conseill\u00e8re m\u00e9tropolitaine, \u00e9lue \u00e0 la ville de Marseille et ancienne Pr\u00e9sidente d\u2019Euromed, se retrouva, aussi, fort d\u00e9munie. Celle qui fut la flamboyante directrice de\u00a0 campagne de Martine Vassal qui se termina \u00e0 5,3%, avait connu pr\u00e9c\u00e9demment un \u00e9chec retentissant aux \u00e9lections l\u00e9gislatives de juin 2024 dans la circonscription la plus acquise \u00e0 la droite ( 7<sup>\u00e8me<\/sup> et 8<sup>\u00e8me<\/sup> arrondissements, 8,6% des voix). Elle demeurait la patronne LR des Bouches-du-Rh\u00f4ne. Une f\u00e9d\u00e9ration \u00e0 la d\u00e9rive et qu\u2019elle ne sut redresser.<\/p>\n\n\n\n<p class=\"has-medium-font-size wp-block-paragraph\">Les deux int\u00e9ress\u00e9es n\u2019entendaient pas, en d\u00e9pit des d\u00e9faites accumul\u00e9es et d\u2019une longue, tr\u00e8s longue carri\u00e8re politique, tirer leur r\u00e9v\u00e9rence.<\/p>\n\n\n\n<h2 class=\"wp-block-heading\" id=\"h-continuer-a-exister-coute-que-coute\">CONTINUER \u00c0 EXISTER CO\u00dbTE QUE CO\u00dbTE<\/h2>\n\n\n\n<p class=\"has-medium-font-size wp-block-paragraph\">L\u2019\u00e9lection au S\u00e9nat \u00e9tant bouch\u00e9e (a priori seules les t\u00eates de liste seront \u00e9lues en raison de la multiplicit\u00e9 des candidatures), par un beau matin de printemps, Laure-Agn\u00e8s Caradec se d\u00e9couvrit UDR. Cette formation alli\u00e9e au RN peut esp\u00e9rer faire \u00e9lire un s\u00e9nateur dans les Bouches-du-Rh\u00f4ne. C\u2019est donc la deuxi\u00e8me fois que la Pr\u00e9sidente de f\u00e9d\u00e9ration LR des Bouches-du-Rh\u00f4ne quitte le navire dans la temp\u00eate, apr\u00e8s Martine Vassal en 2022. Martine Vassal lui retirera-t-elle ou pas sa d\u00e9l\u00e9gation au D\u00e9partement ?<\/p>\n\n\n\n<p class=\"has-medium-font-size wp-block-paragraph\">Quant \u00e0 Catherine Pila, l\u2019horreur du vide, la porta \u00e0 se porter candidate \u00e0 la Pr\u00e9sidente de la f\u00e9d\u00e9ration LR des Bouches-du-Rh\u00f4ne. Difficile d\u2019admettre que l\u2019on a fait son temps et que la droite a un besoin urgent de faire \u00e9merger de nouveaux visages. Elle pourra vraisemblablement compter sur le soutien du pr\u00e9sident du parti et de Martine Vassal dont elle est proche. Mais est-ce vraiment un atout ?<\/p>\n\n\n\n<p class=\"has-medium-font-size wp-block-paragraph\">Son rival dans cette comp\u00e9tition, Ludovic Perney, est vice-pr\u00e9sident de la R\u00e9gion. Il n\u2019est pas un nouveau venu en politique mais n\u2019a pas (encore) jou\u00e9 les premiers r\u00f4les. L&rsquo;int\u00e9ress\u00e9 a souvent accept\u00e9 de s\u2019effacer devant des poids lourds ou des apparatchiks. Il dispose, l\u00e0, d\u2019une occasion de s\u2019affirmer et de d\u00e9barrasser la droite d\u2019un certain nombre d\u2019encombrants et d\u2019encombrantes.<\/p>\n\n\n\n<p class=\"has-medium-font-size wp-block-paragraph\">Autant le dire, la reconstruction de la droite \u00e0 Marseille sera longue et laborieuse. Renouvellement des visages et des pratiques sont urgents. Quelques convictions souhait\u00e9es dans l\u2019adversit\u00e9 plut\u00f4t que des retournements de veste. Quelques id\u00e9es seraient bienvenues.<\/p>\n\n\n\n<p class=\"has-medium-font-size wp-block-paragraph\">A Marseille, c\u2019est droite ann\u00e9e 0, tout est \u00e0 reconstruire.<\/p>\n\n\n\n<hr class=\"wp-block-separator has-alpha-channel-opacity\"\/>\n\n\n\n<p class=\"wp-block-paragraph\"><a href=\"#_ftnref1\" id=\"_ftn1\">[1]<\/a> https:\/\/www.lefigaro.fr\/elections\/presidentielles\/presidentielle-2022-martine-vassal-lr-annonce-soutenir-la-candidature-d-emmanuel-macron-20220304<\/p>\n\n\n\n<p class=\"wp-block-paragraph\"><a href=\"#_ftnref2\" id=\"_ftn2\">[2]<\/a> Ni le troisi\u00e8me, Christian Estrosi, qui se voyait d\u00e9j\u00e0 \u00e0 Matignon ou dans le pire des cas \u00e0 Beauvau apr\u00e8s la r\u00e9\u00e9lection d\u2019Emmanuel Macron et avait op\u00e9r\u00e9 des recrutements en cons\u00e9quence \u00e0 la M\u00e9tropole de Nice transform\u00e9e en futur cabinet minist\u00e9riel.<\/p>\n\n\n\n<p class=\"wp-block-paragraph\"><a href=\"#_ftnref3\" id=\"_ftn3\">[3]<\/a> https:\/\/www.latribune.fr\/politique\/2022-04-27\/martine-vassal-future-ministre-915683.html<\/p>\n\n\n\n<p class=\"wp-block-paragraph\"><a href=\"#_ftnref4\" id=\"_ftn4\">[4]<\/a> Le scrutin de mars 2026 visait \u00e0 \u00e9lire les conseillers municipaux mais aussi les m\u00e9tropolitains.<\/p>\n\n\n\n<p class=\"wp-block-paragraph\"><a href=\"#_ftnref5\" id=\"_ftn5\">[5]<\/a> Un tract mentionnera, par exemple, le doublement de effectifs de police municipale et, \u00e0 la ligne suivante, la baisse du montant de la taxe fonci\u00e8re. Apr\u00e8s avoir mis en faillite le D\u00e9partement et la M\u00e9tropole, la ville de Marseille semble l\u2019avoir \u00e9chapp\u00e9 belle&nbsp;!<\/p>\n\n\n\n<p class=\"wp-block-paragraph\"><a href=\"#_ftnref6\" id=\"_ftn6\">[6]<\/a> Elle reprit \u00e0 son compte la devise \u00ab&nbsp;Travail, Famille, Patrie&nbsp;\u00bb du r\u00e9gime de Vichy lors d\u2019un d\u00e9bat sur BFM TV, le 19 f\u00e9vrier. Malgr\u00e9 une session de rattrapage offerte par la m\u00eame cha\u00eene, la campagne \u00e9tait d\u00e9finitivement plomb\u00e9e.<\/p>\n\n\n\n<p class=\"wp-block-paragraph\"><a href=\"#_ftnref7\" id=\"_ftn7\">[7]<\/a> https:\/\/www.ccomptes.fr\/fr\/publications\/departement-des-bouches-du-rhone-2<\/p>\n\n\n\n<p class=\"wp-block-paragraph\"><\/p>\n","protected":false},"excerpt":{"rendered":"<p>MUSELIER\/VASSAL&nbsp;: LES SAKOZYSTES DEVENUS MACRONISTES Ils ne s\u2019appr\u00e9cient pas mais ils ont fait mine d\u2019\u00eatres unis pour ne pas dispara\u00eetre. Martine Vassal&hellip;<\/p>","protected":false},"author":16,"featured_media":4300,"comment_status":"closed","ping_status":"closed","sticky":false,"template":"","format":"standard","meta":{"_lmt_disableupdate":"","_lmt_disable":"","footnotes":""},"categories":[606,4,626],"tags":[262,224,661,471],"class_list":["post-4294","post","type-post","status-publish","format-standard","has-post-thumbnail","hentry","category-local-13","category-mis-en-avant","category-politique-local-13","tag-droite","tag-marseille","tag-muselier","tag-vassal"],"yoast_head":"<!-- This site is optimized with the Yoast SEO Premium plugin v28.1 (Yoast SEO v28.1) - https:\/\/yoast.com\/product\/yoast-seo-premium-wordpress\/ -->\n<title>\u00c0 MARSEILLE, DROITE ANN\u00c9E Z\u00c9RO | Geopolitics.fr<\/title>\n<meta name=\"description\" content=\"A Marseille, c\u2019est droite ann\u00e9e 0, tout est \u00e0 reconstruire. Le duo Vassal-Muselier a dilapid\u00e9 l&#039;h\u00e9ritage Gaudin\" \/>\n<meta name=\"robots\" content=\"index, follow, max-snippet:-1, max-image-preview:large, max-video-preview:-1\" \/>\n<link rel=\"canonical\" href=\"https:\/\/www.geopolitics.fr\/en\/2026\/05\/16\/a-marseille-droite-annee-zero\/\" \/>\n<meta property=\"og:locale\" content=\"en_GB\" \/>\n<meta property=\"og:type\" content=\"article\" \/>\n<meta property=\"og:title\" content=\"\u00c0 MARSEILLE, DROITE ANN\u00c9E Z\u00c9RO\" \/>\n<meta property=\"og:description\" content=\"A Marseille, c\u2019est droite ann\u00e9e 0, tout est \u00e0 reconstruire. Le duo Vassal-Muselier a dilapid\u00e9 l&#039;h\u00e9ritage Gaudin\" \/>\n<meta property=\"og:url\" content=\"https:\/\/www.geopolitics.fr\/en\/2026\/05\/16\/a-marseille-droite-annee-zero\/\" \/>\n<meta property=\"og:site_name\" content=\"Geopolitics.fr\" \/>\n<meta property=\"article:publisher\" content=\"https:\/\/www.facebook.com\/people\/Erwan-Davoux\/61557098968092\/\" \/>\n<meta property=\"article:author\" content=\"Erwan Davoux\" \/>\n<meta property=\"article:published_time\" content=\"2026-05-16T17:46:39+00:00\" \/>\n<meta property=\"article:modified_time\" content=\"2026-05-17T07:15:40+00:00\" \/>\n<meta property=\"og:image\" content=\"https:\/\/www.geopolitics.fr\/wp-content\/uploads\/2026\/05\/ruines-vassal-muselier.jpg\" \/>\n\t<meta property=\"og:image:width\" content=\"1920\" \/>\n\t<meta property=\"og:image:height\" content=\"1287\" \/>\n\t<meta property=\"og:image:type\" content=\"image\/jpeg\" \/>\n<meta name=\"author\" content=\"Erwan Davoux\" \/>\n<meta name=\"twitter:card\" content=\"summary_large_image\" \/>\n<meta name=\"twitter:creator\" content=\"@erwandavoux @Geo_politicsfr\" \/>\n<meta name=\"twitter:site\" content=\"@Geopolitics_Fr\" \/>\n<meta name=\"twitter:label1\" content=\"Written by\" \/>\n\t<meta name=\"twitter:data1\" content=\"Erwan Davoux\" \/>\n\t<meta name=\"twitter:label2\" content=\"Estimated reading time\" \/>\n\t<meta name=\"twitter:data2\" content=\"10 minutes\" \/>\n<script type=\"application\/ld+json\" class=\"yoast-schema-graph\">{\"@context\":\"https:\\\/\\\/schema.org\",\"@graph\":[{\"@type\":\"Article\",\"@id\":\"https:\\\/\\\/www.geopolitics.fr\\\/2026\\\/05\\\/16\\\/a-marseille-droite-annee-zero\\\/#article\",\"isPartOf\":{\"@id\":\"https:\\\/\\\/www.geopolitics.fr\\\/2026\\\/05\\\/16\\\/a-marseille-droite-annee-zero\\\/\"},\"author\":{\"name\":\"Erwan Davoux\",\"@id\":\"https:\\\/\\\/www.geopolitics.fr\\\/#\\\/schema\\\/person\\\/a487273e91313e368925717400fa1b11\"},\"headline\":\"\u00c0 MARSEILLE, DROITE ANN\u00c9E Z\u00c9RO\",\"datePublished\":\"2026-05-16T17:46:39+00:00\",\"dateModified\":\"2026-05-17T07:15:40+00:00\",\"mainEntityOfPage\":{\"@id\":\"https:\\\/\\\/www.geopolitics.fr\\\/2026\\\/05\\\/16\\\/a-marseille-droite-annee-zero\\\/\"},\"wordCount\":2097,\"publisher\":{\"@id\":\"https:\\\/\\\/www.geopolitics.fr\\\/#organization\"},\"image\":{\"@id\":\"https:\\\/\\\/www.geopolitics.fr\\\/2026\\\/05\\\/16\\\/a-marseille-droite-annee-zero\\\/#primaryimage\"},\"thumbnailUrl\":\"https:\\\/\\\/www.geopolitics.fr\\\/wp-content\\\/uploads\\\/2026\\\/05\\\/ruines-vassal-muselier.jpg\",\"keywords\":[\"DROITE\",\"MARSEILLE\",\"MUSELIER\",\"VASSAL\"],\"articleSection\":[\"LOCAL (13)\",\"Mis en AVANT\",\"politique\"],\"inLanguage\":\"en-GB\"},{\"@type\":\"WebPage\",\"@id\":\"https:\\\/\\\/www.geopolitics.fr\\\/2026\\\/05\\\/16\\\/a-marseille-droite-annee-zero\\\/\",\"url\":\"https:\\\/\\\/www.geopolitics.fr\\\/2026\\\/05\\\/16\\\/a-marseille-droite-annee-zero\\\/\",\"name\":\"\u00c0 MARSEILLE, DROITE ANN\u00c9E Z\u00c9RO | Geopolitics.fr\",\"isPartOf\":{\"@id\":\"https:\\\/\\\/www.geopolitics.fr\\\/#website\"},\"primaryImageOfPage\":{\"@id\":\"https:\\\/\\\/www.geopolitics.fr\\\/2026\\\/05\\\/16\\\/a-marseille-droite-annee-zero\\\/#primaryimage\"},\"image\":{\"@id\":\"https:\\\/\\\/www.geopolitics.fr\\\/2026\\\/05\\\/16\\\/a-marseille-droite-annee-zero\\\/#primaryimage\"},\"thumbnailUrl\":\"https:\\\/\\\/www.geopolitics.fr\\\/wp-content\\\/uploads\\\/2026\\\/05\\\/ruines-vassal-muselier.jpg\",\"datePublished\":\"2026-05-16T17:46:39+00:00\",\"dateModified\":\"2026-05-17T07:15:40+00:00\",\"description\":\"A Marseille, c\u2019est droite ann\u00e9e 0, tout est \u00e0 reconstruire. Le duo Vassal-Muselier a dilapid\u00e9 l'h\u00e9ritage Gaudin\",\"breadcrumb\":{\"@id\":\"https:\\\/\\\/www.geopolitics.fr\\\/2026\\\/05\\\/16\\\/a-marseille-droite-annee-zero\\\/#breadcrumb\"},\"inLanguage\":\"en-GB\",\"potentialAction\":[{\"@type\":\"ReadAction\",\"target\":[\"https:\\\/\\\/www.geopolitics.fr\\\/2026\\\/05\\\/16\\\/a-marseille-droite-annee-zero\\\/\"]}]},{\"@type\":\"ImageObject\",\"inLanguage\":\"en-GB\",\"@id\":\"https:\\\/\\\/www.geopolitics.fr\\\/2026\\\/05\\\/16\\\/a-marseille-droite-annee-zero\\\/#primaryimage\",\"url\":\"https:\\\/\\\/www.geopolitics.fr\\\/wp-content\\\/uploads\\\/2026\\\/05\\\/ruines-vassal-muselier.jpg\",\"contentUrl\":\"https:\\\/\\\/www.geopolitics.fr\\\/wp-content\\\/uploads\\\/2026\\\/05\\\/ruines-vassal-muselier.jpg\",\"width\":1920,\"height\":1287},{\"@type\":\"BreadcrumbList\",\"@id\":\"https:\\\/\\\/www.geopolitics.fr\\\/2026\\\/05\\\/16\\\/a-marseille-droite-annee-zero\\\/#breadcrumb\",\"itemListElement\":[{\"@type\":\"ListItem\",\"position\":1,\"name\":\"Accueil\",\"item\":\"https:\\\/\\\/www.geopolitics.fr\\\/\"},{\"@type\":\"ListItem\",\"position\":2,\"name\":\"\u00c0 MARSEILLE, DROITE ANN\u00c9E Z\u00c9RO\"}]},{\"@type\":\"WebSite\",\"@id\":\"https:\\\/\\\/www.geopolitics.fr\\\/#website\",\"url\":\"https:\\\/\\\/www.geopolitics.fr\\\/\",\"name\":\"Geopolitics.fr\",\"description\":\"Geopolitics.fr Analyse politique, relations internationales, d\u00e9fense - ligne \u00e9ditoriale gaullo-chiraquienne\",\"publisher\":{\"@id\":\"https:\\\/\\\/www.geopolitics.fr\\\/#organization\"},\"potentialAction\":[{\"@type\":\"SearchAction\",\"target\":{\"@type\":\"EntryPoint\",\"urlTemplate\":\"https:\\\/\\\/www.geopolitics.fr\\\/?s={search_term_string}\"},\"query-input\":{\"@type\":\"PropertyValueSpecification\",\"valueRequired\":true,\"valueName\":\"search_term_string\"}}],\"inLanguage\":\"en-GB\"},{\"@type\":\"Organization\",\"@id\":\"https:\\\/\\\/www.geopolitics.fr\\\/#organization\",\"name\":\"Geopolitics.fr\",\"url\":\"https:\\\/\\\/www.geopolitics.fr\\\/\",\"logo\":{\"@type\":\"ImageObject\",\"inLanguage\":\"en-GB\",\"@id\":\"https:\\\/\\\/www.geopolitics.fr\\\/#\\\/schema\\\/logo\\\/image\\\/\",\"url\":\"https:\\\/\\\/www.geopolitics.fr\\\/wp-content\\\/uploads\\\/2024\\\/01\\\/logo.jpg\",\"contentUrl\":\"https:\\\/\\\/www.geopolitics.fr\\\/wp-content\\\/uploads\\\/2024\\\/01\\\/logo.jpg\",\"width\":500,\"height\":500,\"caption\":\"Geopolitics.fr\"},\"image\":{\"@id\":\"https:\\\/\\\/www.geopolitics.fr\\\/#\\\/schema\\\/logo\\\/image\\\/\"},\"sameAs\":[\"https:\\\/\\\/www.facebook.com\\\/people\\\/Erwan-Davoux\\\/61557098968092\\\/\",\"https:\\\/\\\/x.com\\\/Geopolitics_Fr\"]},{\"@type\":\"Person\",\"@id\":\"https:\\\/\\\/www.geopolitics.fr\\\/#\\\/schema\\\/person\\\/a487273e91313e368925717400fa1b11\",\"name\":\"Erwan Davoux\",\"image\":{\"@type\":\"ImageObject\",\"inLanguage\":\"en-GB\",\"@id\":\"https:\\\/\\\/www.geopolitics.fr\\\/wp-content\\\/uploads\\\/2026\\\/05\\\/moi-96x96.jpg\",\"url\":\"https:\\\/\\\/www.geopolitics.fr\\\/wp-content\\\/uploads\\\/2026\\\/05\\\/moi-96x96.jpg\",\"contentUrl\":\"https:\\\/\\\/www.geopolitics.fr\\\/wp-content\\\/uploads\\\/2026\\\/05\\\/moi-96x96.jpg\",\"caption\":\"Erwan Davoux\"},\"description\":\"Erwan DAVOUX est Pr\u00e9sident de LMD CONSEIL, (conseil strat\u00e9gique, intelligence \u00e9conomique, risque g\u00e9opolitique, influence politique, diplomatie \u00e9conomique). Dipl\u00f4m\u00e9 de l'IEP de Paris et de l'INALCO (d\u00e9partement d'\u00e9tudes arabes), il est directeur de la publication de geopolitics.fr. Ancien fonctionnaire au Minist\u00e8re de l'Int\u00e9rieur et de la D\u00e9fense (DGSE) Ancien charg\u00e9 de Mission \u00e0 la Pr\u00e9sidence de la R\u00e9publique (cellule diplomatique) Conseil de nombreuses personnalit\u00e9s politiques \u00e0 l'International (dont deux anciens Premiers ministres).\",\"sameAs\":[\"Erwan Davoux\",\"@erwandavoux\",\"https:\\\/\\\/www.linkedin.com\\\/in\\\/erwan-davoux-6800b289\\\/\",\"https:\\\/\\\/x.com\\\/@erwandavoux @Geo_politicsfr\"],\"url\":\"https:\\\/\\\/www.geopolitics.fr\\\/en\\\/author\\\/erwan-davoux\\\/\"}]}<\/script>\n<!-- \/ Yoast SEO Premium plugin. -->","yoast_head_json":{"title":"\u00c0 MARSEILLE, DROITE ANN\u00c9E Z\u00c9RO | Geopolitics.fr","description":"A Marseille, c\u2019est droite ann\u00e9e 0, tout est \u00e0 reconstruire. Le duo Vassal-Muselier a dilapid\u00e9 l'h\u00e9ritage Gaudin","robots":{"index":"index","follow":"follow","max-snippet":"max-snippet:-1","max-image-preview":"max-image-preview:large","max-video-preview":"max-video-preview:-1"},"canonical":"https:\/\/www.geopolitics.fr\/en\/2026\/05\/16\/a-marseille-droite-annee-zero\/","og_locale":"en_GB","og_type":"article","og_title":"\u00c0 MARSEILLE, DROITE ANN\u00c9E Z\u00c9RO","og_description":"A Marseille, c\u2019est droite ann\u00e9e 0, tout est \u00e0 reconstruire. Le duo Vassal-Muselier a dilapid\u00e9 l'h\u00e9ritage Gaudin","og_url":"https:\/\/www.geopolitics.fr\/en\/2026\/05\/16\/a-marseille-droite-annee-zero\/","og_site_name":"Geopolitics.fr","article_publisher":"https:\/\/www.facebook.com\/people\/Erwan-Davoux\/61557098968092\/","article_author":"Erwan Davoux","article_published_time":"2026-05-16T17:46:39+00:00","article_modified_time":"2026-05-17T07:15:40+00:00","og_image":[{"width":1920,"height":1287,"url":"https:\/\/www.geopolitics.fr\/wp-content\/uploads\/2026\/05\/ruines-vassal-muselier.jpg","type":"image\/jpeg"}],"author":"Erwan Davoux","twitter_card":"summary_large_image","twitter_creator":"@erwandavoux @Geo_politicsfr","twitter_site":"@Geopolitics_Fr","twitter_misc":{"Written by":"Erwan Davoux","Estimated reading time":"10 minutes"},"schema":{"@context":"https:\/\/schema.org","@graph":[{"@type":"Article","@id":"https:\/\/www.geopolitics.fr\/2026\/05\/16\/a-marseille-droite-annee-zero\/#article","isPartOf":{"@id":"https:\/\/www.geopolitics.fr\/2026\/05\/16\/a-marseille-droite-annee-zero\/"},"author":{"name":"Erwan Davoux","@id":"https:\/\/www.geopolitics.fr\/#\/schema\/person\/a487273e91313e368925717400fa1b11"},"headline":"\u00c0 MARSEILLE, DROITE ANN\u00c9E Z\u00c9RO","datePublished":"2026-05-16T17:46:39+00:00","dateModified":"2026-05-17T07:15:40+00:00","mainEntityOfPage":{"@id":"https:\/\/www.geopolitics.fr\/2026\/05\/16\/a-marseille-droite-annee-zero\/"},"wordCount":2097,"publisher":{"@id":"https:\/\/www.geopolitics.fr\/#organization"},"image":{"@id":"https:\/\/www.geopolitics.fr\/2026\/05\/16\/a-marseille-droite-annee-zero\/#primaryimage"},"thumbnailUrl":"https:\/\/www.geopolitics.fr\/wp-content\/uploads\/2026\/05\/ruines-vassal-muselier.jpg","keywords":["DROITE","MARSEILLE","MUSELIER","VASSAL"],"articleSection":["LOCAL (13)","Mis en AVANT","politique"],"inLanguage":"en-GB"},{"@type":"WebPage","@id":"https:\/\/www.geopolitics.fr\/2026\/05\/16\/a-marseille-droite-annee-zero\/","url":"https:\/\/www.geopolitics.fr\/2026\/05\/16\/a-marseille-droite-annee-zero\/","name":"\u00c0 MARSEILLE, DROITE ANN\u00c9E Z\u00c9RO | Geopolitics.fr","isPartOf":{"@id":"https:\/\/www.geopolitics.fr\/#website"},"primaryImageOfPage":{"@id":"https:\/\/www.geopolitics.fr\/2026\/05\/16\/a-marseille-droite-annee-zero\/#primaryimage"},"image":{"@id":"https:\/\/www.geopolitics.fr\/2026\/05\/16\/a-marseille-droite-annee-zero\/#primaryimage"},"thumbnailUrl":"https:\/\/www.geopolitics.fr\/wp-content\/uploads\/2026\/05\/ruines-vassal-muselier.jpg","datePublished":"2026-05-16T17:46:39+00:00","dateModified":"2026-05-17T07:15:40+00:00","description":"A Marseille, c\u2019est droite ann\u00e9e 0, tout est \u00e0 reconstruire. Le duo Vassal-Muselier a dilapid\u00e9 l'h\u00e9ritage Gaudin","breadcrumb":{"@id":"https:\/\/www.geopolitics.fr\/2026\/05\/16\/a-marseille-droite-annee-zero\/#breadcrumb"},"inLanguage":"en-GB","potentialAction":[{"@type":"ReadAction","target":["https:\/\/www.geopolitics.fr\/2026\/05\/16\/a-marseille-droite-annee-zero\/"]}]},{"@type":"ImageObject","inLanguage":"en-GB","@id":"https:\/\/www.geopolitics.fr\/2026\/05\/16\/a-marseille-droite-annee-zero\/#primaryimage","url":"https:\/\/www.geopolitics.fr\/wp-content\/uploads\/2026\/05\/ruines-vassal-muselier.jpg","contentUrl":"https:\/\/www.geopolitics.fr\/wp-content\/uploads\/2026\/05\/ruines-vassal-muselier.jpg","width":1920,"height":1287},{"@type":"BreadcrumbList","@id":"https:\/\/www.geopolitics.fr\/2026\/05\/16\/a-marseille-droite-annee-zero\/#breadcrumb","itemListElement":[{"@type":"ListItem","position":1,"name":"Accueil","item":"https:\/\/www.geopolitics.fr\/"},{"@type":"ListItem","position":2,"name":"\u00c0 MARSEILLE, DROITE ANN\u00c9E Z\u00c9RO"}]},{"@type":"WebSite","@id":"https:\/\/www.geopolitics.fr\/#website","url":"https:\/\/www.geopolitics.fr\/","name":"Geopolitics.fr","description":"Geopolitics.fr Analyse politique, relations internationales, d\u00e9fense - ligne \u00e9ditoriale gaullo-chiraquienne","publisher":{"@id":"https:\/\/www.geopolitics.fr\/#organization"},"potentialAction":[{"@type":"SearchAction","target":{"@type":"EntryPoint","urlTemplate":"https:\/\/www.geopolitics.fr\/?s={search_term_string}"},"query-input":{"@type":"PropertyValueSpecification","valueRequired":true,"valueName":"search_term_string"}}],"inLanguage":"en-GB"},{"@type":"Organization","@id":"https:\/\/www.geopolitics.fr\/#organization","name":"Geopolitics.fr","url":"https:\/\/www.geopolitics.fr\/","logo":{"@type":"ImageObject","inLanguage":"en-GB","@id":"https:\/\/www.geopolitics.fr\/#\/schema\/logo\/image\/","url":"https:\/\/www.geopolitics.fr\/wp-content\/uploads\/2024\/01\/logo.jpg","contentUrl":"https:\/\/www.geopolitics.fr\/wp-content\/uploads\/2024\/01\/logo.jpg","width":500,"height":500,"caption":"Geopolitics.fr"},"image":{"@id":"https:\/\/www.geopolitics.fr\/#\/schema\/logo\/image\/"},"sameAs":["https:\/\/www.facebook.com\/people\/Erwan-Davoux\/61557098968092\/","https:\/\/x.com\/Geopolitics_Fr"]},{"@type":"Person","@id":"https:\/\/www.geopolitics.fr\/#\/schema\/person\/a487273e91313e368925717400fa1b11","name":"Erwan Davoux","image":{"@type":"ImageObject","inLanguage":"en-GB","@id":"https:\/\/www.geopolitics.fr\/wp-content\/uploads\/2026\/05\/moi-96x96.jpg","url":"https:\/\/www.geopolitics.fr\/wp-content\/uploads\/2026\/05\/moi-96x96.jpg","contentUrl":"https:\/\/www.geopolitics.fr\/wp-content\/uploads\/2026\/05\/moi-96x96.jpg","caption":"Erwan Davoux"},"description":"Erwan DAVOUX est Pr\u00e9sident de LMD CONSEIL, (conseil strat\u00e9gique, intelligence \u00e9conomique, risque g\u00e9opolitique, influence politique, diplomatie \u00e9conomique). Dipl\u00f4m\u00e9 de l'IEP de Paris et de l'INALCO (d\u00e9partement d'\u00e9tudes arabes), il est directeur de la publication de geopolitics.fr. Ancien fonctionnaire au Minist\u00e8re de l'Int\u00e9rieur et de la D\u00e9fense (DGSE) Ancien charg\u00e9 de Mission \u00e0 la Pr\u00e9sidence de la R\u00e9publique (cellule diplomatique) Conseil de nombreuses personnalit\u00e9s politiques \u00e0 l'International (dont deux anciens Premiers ministres).","sameAs":["Erwan Davoux","@erwandavoux","https:\/\/www.linkedin.com\/in\/erwan-davoux-6800b289\/","https:\/\/x.com\/@erwandavoux @Geo_politicsfr"],"url":"https:\/\/www.geopolitics.fr\/en\/author\/erwan-davoux\/"}]}},"_links":{"self":[{"href":"https:\/\/www.geopolitics.fr\/en\/wp-json\/wp\/v2\/posts\/4294","targetHints":{"allow":["GET"]}}],"collection":[{"href":"https:\/\/www.geopolitics.fr\/en\/wp-json\/wp\/v2\/posts"}],"about":[{"href":"https:\/\/www.geopolitics.fr\/en\/wp-json\/wp\/v2\/types\/post"}],"author":[{"embeddable":true,"href":"https:\/\/www.geopolitics.fr\/en\/wp-json\/wp\/v2\/users\/16"}],"replies":[{"embeddable":true,"href":"https:\/\/www.geopolitics.fr\/en\/wp-json\/wp\/v2\/comments?post=4294"}],"version-history":[{"count":0,"href":"https:\/\/www.geopolitics.fr\/en\/wp-json\/wp\/v2\/posts\/4294\/revisions"}],"wp:featuredmedia":[{"embeddable":true,"href":"https:\/\/www.geopolitics.fr\/en\/wp-json\/wp\/v2\/media\/4300"}],"wp:attachment":[{"href":"https:\/\/www.geopolitics.fr\/en\/wp-json\/wp\/v2\/media?parent=4294"}],"wp:term":[{"taxonomy":"category","embeddable":true,"href":"https:\/\/www.geopolitics.fr\/en\/wp-json\/wp\/v2\/categories?post=4294"},{"taxonomy":"post_tag","embeddable":true,"href":"https:\/\/www.geopolitics.fr\/en\/wp-json\/wp\/v2\/tags?post=4294"}],"curies":[{"name":"wp","href":"https:\/\/api.w.org\/{rel}","templated":true}]}}