{"id":4291,"date":"2026-05-16T09:00:00","date_gmt":"2026-05-16T07:00:00","guid":{"rendered":"https:\/\/www.geopolitics.fr\/?p=4291"},"modified":"2026-05-15T23:34:02","modified_gmt":"2026-05-15T21:34:02","slug":"presidentielle-2027-le-grand-desordre-avant-la-bataille","status":"publish","type":"post","link":"https:\/\/www.geopolitics.fr\/en\/2026\/05\/16\/presidentielle-2027-le-grand-desordre-avant-la-bataille\/","title":{"rendered":"Pr\u00e9sidentielle 2027 : le grand d\u00e9sordre avant la bataille"},"content":{"rendered":"<h2 class=\"wp-block-heading\" id=\"h-l-instabilite-nouveau-regime-permanent\">L&rsquo;instabilit\u00e9, nouveau r\u00e9gime permanent<\/h2>\n\n\n\n<p class=\"has-medium-font-size wp-block-paragraph\">La s\u00e9quence commenc\u00e9e avec la dissolution surprise de juin 2024 n&rsquo;en finit pas de produire ses effets. La dissolution de l&rsquo;Assembl\u00e9e nationale annonc\u00e9e par Emmanuel Macron a ouvert une s\u00e9quence d&rsquo;instabilit\u00e9 politique. Michel Barnier a \u00e9t\u00e9 nomm\u00e9 Premier ministre en septembre 2024 \u00e0 la t\u00eate d&rsquo;un gouvernement reposant sur un \u00ab socle commun \u00bb entre les macronistes et Les R\u00e9publicains. Avant d&rsquo;\u00eatre renvers\u00e9 par une motion de censure en d\u00e9cembre la deuxi\u00e8me adopt\u00e9e sous la Cinqui\u00e8me R\u00e9publique apr\u00e8s celle de 1962. Fran\u00e7ois Bayrou lui a succ\u00e9d\u00e9, avant d&rsquo;\u00eatre \u00e0 son tour renvers\u00e9 le 9 septembre 2025, entra\u00eenant la nomination de S\u00e9bastien Lecornu \u00e0 Matignon.<\/p>\n\n\n\n<p class=\"has-medium-font-size wp-block-paragraph\">Cette succession de Premiers ministres en moins de deux ans a produit une paralysie l\u00e9gislative profonde et un sentiment de gouvernance en apesanteur. Cette succession de gouvernements minoritaires s&rsquo;accompagne d&rsquo;un ralentissement de l&rsquo;activit\u00e9 l\u00e9gislative. L&rsquo;ex\u00e9cutif s&rsquo;appuie davantage sur les propositions de loi d&rsquo;origine parlementaire ainsi que sur le S\u00e9nat et les commissions mixtes paritaires pour faire adopter des textes.<\/p>\n\n\n\n<h2 class=\"wp-block-heading\" id=\"h-les-francais-le-grand-divorce\">Les Fran\u00e7ais : le grand divorce<\/h2>\n\n\n\n<p class=\"has-medium-font-size wp-block-paragraph\">Dans ce contexte, le foss\u00e9 entre les citoyens et leurs repr\u00e9sentants atteint des proportions in\u00e9dites. Le pouvoir d&rsquo;achat demeure la principale pr\u00e9occupation des Fran\u00e7ais (49%), devant l&rsquo;avenir du syst\u00e8me social (41%) et le niveau de la dette et des d\u00e9ficits (30%). Cette pr\u00e9occupation s&rsquo;accompagne d&rsquo;un fort pessimisme : 91% des Fran\u00e7ais se disent pessimistes concernant la situation \u00e9conomique du pays, selon Ipsos.<\/p>\n\n\n\n<p class=\"has-medium-font-size wp-block-paragraph\">Le barom\u00e8tre de mai 2026 r\u00e9v\u00e8le un s\u00e9isme politique d&rsquo;une ampleur historique : le bloc central s&rsquo;effondre, et une force in\u00e9dite \u00e9merge, le \u00ab Parti du Rejet \u00bb, repr\u00e9sentant 23% des \u00e9lecteurs qui refusent cat\u00e9goriquement tout candidat issu des partis actuels. Un quart de l&rsquo;\u00e9lectorat qui dit non \u00e0 tout le monde, c&rsquo;est le signe d&rsquo;une crise de repr\u00e9sentation que les sondages peinent \u00e0 saisir pleinement.<\/p>\n\n\n\n<h2 class=\"wp-block-heading\" id=\"h-le-rn-en-position-de-force-mais-avec-un-joker-judiciaire\">Le RN en position de force, mais avec un joker judiciaire<\/h2>\n\n\n\n<p class=\"has-medium-font-size wp-block-paragraph\">Jordan Bardella dominerait les r\u00e9sultats de la pr\u00e9sidentielle de 2027, s&rsquo;imposant devant \u00c9douard Philippe et Jean-Luc M\u00e9lenchon selon un sondage de Toluna Harris Interactive. Le RN est toujours en t\u00eate dans les intentions de vote : Bardella obtiendrait 34 \u00e0 35% des intentions de vote, Marine Le Pen 32 \u00e0 33%.<\/p>\n\n\n\n<p class=\"has-medium-font-size wp-block-paragraph\">Mais une \u00e9p\u00e9e de Damocl\u00e8s plane sur le parti. Le jugement en appel dans l&rsquo;affaire Marine Le Pen est attendu le 7 juillet 2026. Jordan Bardella, son successeur \u00e0 la t\u00eate du Rassemblement national, appara\u00eet comme un potentiel rempla\u00e7ant, y compris aux yeux de Marine Le Pen elle-m\u00eame si son in\u00e9ligibilit\u00e9 \u00e9tait confirm\u00e9e. L&rsquo;\u00e9t\u00e9 2026 pourrait donc tout changer.<\/p>\n\n\n\n<h2 class=\"wp-block-heading\" id=\"h-une-droite-morcelee-une-gauche-introuvable\">Une droite morcel\u00e9e, une gauche introuvable<\/h2>\n\n\n\n<p class=\"has-medium-font-size wp-block-paragraph\">\u00c0 un an de l&rsquo;\u00e9ch\u00e9ance, c&rsquo;est toujours Bardella et Le Pen qui sont en t\u00eate des personnalit\u00e9s dont l&rsquo;accession \u00e0 la pr\u00e9sidence susciterait le plus de satisfaction. Gabriel Attal se situe \u00e0 la troisi\u00e8me position avec une progression de 5 points en un mois (24%), tandis qu&rsquo;\u00c9douard Philippe voit sa cote reculer de 4 points (22%). \u00c0 gauche, c&rsquo;est Fran\u00e7ois Hollande qui est ce mois-ci au niveau le plus haut (18%), selon Ipsos.<\/p>\n\n\n\n<p class=\"has-medium-font-size wp-block-paragraph\">La droite, elle, est prise dans ses guerres intestines. Bruno Retailleau a \u00e9t\u00e9 officiellement d\u00e9sign\u00e9 candidat LR le 19 avril 2026, \u00e0 la suite d&rsquo;un vote des adh\u00e9rents. G\u00e9rald Darmanin, Laurent Wauquiez et David Lisnard demeurent cependant favorables \u00e0 une primaire afin de rassembler la droite. Michel Barnier propose un projet de coalition programmatique intitul\u00e9 \u00ab B\u00e2tir ensemble \u00bb pour tenter de rassembler la droite et le centre sur un programme commun.\u00a0<\/p>\n\n\n\n<p class=\"has-medium-font-size wp-block-paragraph\">\u00c9douard Philippe s&rsquo;impose comme le leader naturel du bloc central (62%) et la gauche reste profond\u00e9ment fractur\u00e9e entre des figures comme Jean-Luc M\u00e9lenchon et Rapha\u00ebl Glucksmann, rendant l&rsquo;unit\u00e9 inacessible. Le Nouveau Front populaire se fragilise progressivement en raison de divergences strat\u00e9giques entre ses composantes, notamment entre le Parti socialiste et La France insoumise, \u00e0 la fois sur la strat\u00e9gie parlementaire et la pr\u00e9paration de la pr\u00e9sidentielle.<\/p>\n\n\n\n<h2 class=\"wp-block-heading\" id=\"h-une-election-hors-normes-en-vue\">Une \u00e9lection hors normes en vue<\/h2>\n\n\n\n<p class=\"has-medium-font-size wp-block-paragraph\">Le nombre de candidatures d\u00e9clar\u00e9es ou pr\u00e9sum\u00e9es est in\u00e9dit sous la Cinqui\u00e8me R\u00e9publique. \u00c0 la mi-f\u00e9vrier 2026, onze personnalit\u00e9s avaient d\u00e9j\u00e0 d\u00e9clar\u00e9 leur candidature, et plusieurs autres sont attendues, Le HuffPost et la Revue politique et parlementaire comptaient une trentaine de candidatures potentielles en avril. Parmi les noms qui circulent, on trouve m\u00eame Cyril Hanouna, sympt\u00f4me suppl\u00e9mentaire d&rsquo;un syst\u00e8me politique en d\u00e9route.<\/p>\n\n\n\n<p class=\"has-medium-font-size wp-block-paragraph\">\u00c0 un an de l&rsquo;\u00e9ch\u00e9ance, la pr\u00e9sidentielle de 2027 pourrait marquer un tournant : celui d&rsquo;un retour du vote sur les enjeux de fond. Sant\u00e9, pouvoir d&rsquo;achat, \u00e9ducation&#8230; L&rsquo;enqu\u00eate \u00e9lectorale fran\u00e7aise r\u00e9v\u00e8le une hi\u00e9rarchie claire des priorit\u00e9s des Fran\u00e7ais, loin des seules logiques de casting ou de vote utile.&nbsp;<\/p>\n\n\n\n<p class=\"has-medium-font-size wp-block-paragraph\">La question n&rsquo;est plus de savoir si la France changera de cap en 2027. Elle est de savoir si les forces qui s&rsquo;affrontent seront capables de lui en proposer un et si les \u00e9lecteurs leur feront encore assez confiance pour y croire.<\/p>","protected":false},"excerpt":{"rendered":"<p>L&rsquo;instabilit\u00e9, nouveau r\u00e9gime permanent La s\u00e9quence commenc\u00e9e avec la dissolution surprise de juin 2024 n&rsquo;en finit pas de produire ses effets. La&hellip;<\/p>","protected":false},"author":31730,"featured_media":4292,"comment_status":"closed","ping_status":"closed","sticky":false,"template":"","format":"standard","meta":{"_lmt_disableupdate":"","_lmt_disable":"","footnotes":""},"categories":[605,617],"tags":[139,691],"class_list":["post-4291","post","type-post","status-publish","format-standard","has-post-thumbnail","hentry","category-france","category-politique-france","tag-politique","tag-presidentielle-2027-2"],"yoast_head":"<!-- This site is optimized with the Yoast SEO Premium plugin v28.1 (Yoast SEO v28.1) - https:\/\/yoast.com\/product\/yoast-seo-premium-wordpress\/ -->\n<title>Pr\u00e9sidentielle 2027 : le grand d\u00e9sordre avant la bataille | Geopolitics.fr<\/title>\n<meta name=\"description\" content=\"\u00c0 un an de la pr\u00e9sidentielle, la Ve R\u00e9publique est en turbulence. La sc\u00e8ne politique est un champ de ruine plus qu&#039;un champ de bataille\" \/>\n<meta name=\"robots\" content=\"index, follow, max-snippet:-1, max-image-preview:large, max-video-preview:-1\" \/>\n<link rel=\"canonical\" href=\"https:\/\/www.geopolitics.fr\/en\/2026\/05\/16\/presidentielle-2027-le-grand-desordre-avant-la-bataille\/\" \/>\n<meta property=\"og:locale\" content=\"en_GB\" \/>\n<meta property=\"og:type\" content=\"article\" \/>\n<meta property=\"og:title\" content=\"Pr\u00e9sidentielle 2027 : le grand d\u00e9sordre avant la bataille\" \/>\n<meta property=\"og:description\" content=\"\u00c0 un an de la pr\u00e9sidentielle, la Ve R\u00e9publique est en turbulence. La sc\u00e8ne politique est un champ de ruine plus qu&#039;un champ de bataille\" \/>\n<meta property=\"og:url\" content=\"https:\/\/www.geopolitics.fr\/en\/2026\/05\/16\/presidentielle-2027-le-grand-desordre-avant-la-bataille\/\" \/>\n<meta property=\"og:site_name\" content=\"Geopolitics.fr\" \/>\n<meta property=\"article:publisher\" content=\"https:\/\/www.facebook.com\/people\/Erwan-Davoux\/61557098968092\/\" \/>\n<meta property=\"article:published_time\" content=\"2026-05-16T07:00:00+00:00\" \/>\n<meta property=\"og:image\" content=\"https:\/\/www.geopolitics.fr\/wp-content\/uploads\/2026\/05\/candidats.jpg\" \/>\n\t<meta property=\"og:image:width\" content=\"1078\" \/>\n\t<meta property=\"og:image:height\" content=\"570\" \/>\n\t<meta property=\"og:image:type\" content=\"image\/jpeg\" \/>\n<meta name=\"author\" content=\"Ghizlaine Badri\" \/>\n<meta name=\"twitter:card\" content=\"summary_large_image\" \/>\n<meta name=\"twitter:creator\" content=\"@Geopolitics_Fr\" \/>\n<meta name=\"twitter:site\" content=\"@Geopolitics_Fr\" \/>\n<meta name=\"twitter:label1\" content=\"Written by\" \/>\n\t<meta name=\"twitter:data1\" content=\"Ghizlaine Badri\" \/>\n\t<meta name=\"twitter:label2\" content=\"Estimated reading time\" \/>\n\t<meta name=\"twitter:data2\" content=\"5 minutes\" \/>\n<script type=\"application\/ld+json\" class=\"yoast-schema-graph\">{\"@context\":\"https:\\\/\\\/schema.org\",\"@graph\":[{\"@type\":\"Article\",\"@id\":\"https:\\\/\\\/www.geopolitics.fr\\\/2026\\\/05\\\/16\\\/presidentielle-2027-le-grand-desordre-avant-la-bataille\\\/#article\",\"isPartOf\":{\"@id\":\"https:\\\/\\\/www.geopolitics.fr\\\/2026\\\/05\\\/16\\\/presidentielle-2027-le-grand-desordre-avant-la-bataille\\\/\"},\"author\":{\"name\":\"Ghizlaine Badri\",\"@id\":\"https:\\\/\\\/www.geopolitics.fr\\\/#\\\/schema\\\/person\\\/c36b165f511617c65a2bf8f8abd9af41\"},\"headline\":\"Pr\u00e9sidentielle 2027 : le grand d\u00e9sordre avant la bataille\",\"datePublished\":\"2026-05-16T07:00:00+00:00\",\"mainEntityOfPage\":{\"@id\":\"https:\\\/\\\/www.geopolitics.fr\\\/2026\\\/05\\\/16\\\/presidentielle-2027-le-grand-desordre-avant-la-bataille\\\/\"},\"wordCount\":885,\"publisher\":{\"@id\":\"https:\\\/\\\/www.geopolitics.fr\\\/#organization\"},\"image\":{\"@id\":\"https:\\\/\\\/www.geopolitics.fr\\\/2026\\\/05\\\/16\\\/presidentielle-2027-le-grand-desordre-avant-la-bataille\\\/#primaryimage\"},\"thumbnailUrl\":\"https:\\\/\\\/www.geopolitics.fr\\\/wp-content\\\/uploads\\\/2026\\\/05\\\/candidats.jpg\",\"keywords\":[\"POLITIQUE\",\"pr\u00e9sidentielle 2027\"],\"articleSection\":[\"FRANCE\",\"Politique\"],\"inLanguage\":\"en-GB\"},{\"@type\":\"WebPage\",\"@id\":\"https:\\\/\\\/www.geopolitics.fr\\\/2026\\\/05\\\/16\\\/presidentielle-2027-le-grand-desordre-avant-la-bataille\\\/\",\"url\":\"https:\\\/\\\/www.geopolitics.fr\\\/2026\\\/05\\\/16\\\/presidentielle-2027-le-grand-desordre-avant-la-bataille\\\/\",\"name\":\"Pr\u00e9sidentielle 2027 : le grand d\u00e9sordre avant la bataille | Geopolitics.fr\",\"isPartOf\":{\"@id\":\"https:\\\/\\\/www.geopolitics.fr\\\/#website\"},\"primaryImageOfPage\":{\"@id\":\"https:\\\/\\\/www.geopolitics.fr\\\/2026\\\/05\\\/16\\\/presidentielle-2027-le-grand-desordre-avant-la-bataille\\\/#primaryimage\"},\"image\":{\"@id\":\"https:\\\/\\\/www.geopolitics.fr\\\/2026\\\/05\\\/16\\\/presidentielle-2027-le-grand-desordre-avant-la-bataille\\\/#primaryimage\"},\"thumbnailUrl\":\"https:\\\/\\\/www.geopolitics.fr\\\/wp-content\\\/uploads\\\/2026\\\/05\\\/candidats.jpg\",\"datePublished\":\"2026-05-16T07:00:00+00:00\",\"description\":\"\u00c0 un an de la pr\u00e9sidentielle, la Ve R\u00e9publique est en turbulence. La sc\u00e8ne politique est un champ de ruine plus qu'un champ de bataille\",\"breadcrumb\":{\"@id\":\"https:\\\/\\\/www.geopolitics.fr\\\/2026\\\/05\\\/16\\\/presidentielle-2027-le-grand-desordre-avant-la-bataille\\\/#breadcrumb\"},\"inLanguage\":\"en-GB\",\"potentialAction\":[{\"@type\":\"ReadAction\",\"target\":[\"https:\\\/\\\/www.geopolitics.fr\\\/2026\\\/05\\\/16\\\/presidentielle-2027-le-grand-desordre-avant-la-bataille\\\/\"]}]},{\"@type\":\"ImageObject\",\"inLanguage\":\"en-GB\",\"@id\":\"https:\\\/\\\/www.geopolitics.fr\\\/2026\\\/05\\\/16\\\/presidentielle-2027-le-grand-desordre-avant-la-bataille\\\/#primaryimage\",\"url\":\"https:\\\/\\\/www.geopolitics.fr\\\/wp-content\\\/uploads\\\/2026\\\/05\\\/candidats.jpg\",\"contentUrl\":\"https:\\\/\\\/www.geopolitics.fr\\\/wp-content\\\/uploads\\\/2026\\\/05\\\/candidats.jpg\",\"width\":1078,\"height\":570},{\"@type\":\"BreadcrumbList\",\"@id\":\"https:\\\/\\\/www.geopolitics.fr\\\/2026\\\/05\\\/16\\\/presidentielle-2027-le-grand-desordre-avant-la-bataille\\\/#breadcrumb\",\"itemListElement\":[{\"@type\":\"ListItem\",\"position\":1,\"name\":\"Accueil\",\"item\":\"https:\\\/\\\/www.geopolitics.fr\\\/\"},{\"@type\":\"ListItem\",\"position\":2,\"name\":\"Pr\u00e9sidentielle 2027 : le grand d\u00e9sordre avant la bataille\"}]},{\"@type\":\"WebSite\",\"@id\":\"https:\\\/\\\/www.geopolitics.fr\\\/#website\",\"url\":\"https:\\\/\\\/www.geopolitics.fr\\\/\",\"name\":\"Geopolitics.fr\",\"description\":\"Geopolitics.fr Analyse politique, relations internationales, d\u00e9fense - ligne \u00e9ditoriale gaullo-chiraquienne\",\"publisher\":{\"@id\":\"https:\\\/\\\/www.geopolitics.fr\\\/#organization\"},\"potentialAction\":[{\"@type\":\"SearchAction\",\"target\":{\"@type\":\"EntryPoint\",\"urlTemplate\":\"https:\\\/\\\/www.geopolitics.fr\\\/?s={search_term_string}\"},\"query-input\":{\"@type\":\"PropertyValueSpecification\",\"valueRequired\":true,\"valueName\":\"search_term_string\"}}],\"inLanguage\":\"en-GB\"},{\"@type\":\"Organization\",\"@id\":\"https:\\\/\\\/www.geopolitics.fr\\\/#organization\",\"name\":\"Geopolitics.fr\",\"url\":\"https:\\\/\\\/www.geopolitics.fr\\\/\",\"logo\":{\"@type\":\"ImageObject\",\"inLanguage\":\"en-GB\",\"@id\":\"https:\\\/\\\/www.geopolitics.fr\\\/#\\\/schema\\\/logo\\\/image\\\/\",\"url\":\"https:\\\/\\\/www.geopolitics.fr\\\/wp-content\\\/uploads\\\/2024\\\/01\\\/logo.jpg\",\"contentUrl\":\"https:\\\/\\\/www.geopolitics.fr\\\/wp-content\\\/uploads\\\/2024\\\/01\\\/logo.jpg\",\"width\":500,\"height\":500,\"caption\":\"Geopolitics.fr\"},\"image\":{\"@id\":\"https:\\\/\\\/www.geopolitics.fr\\\/#\\\/schema\\\/logo\\\/image\\\/\"},\"sameAs\":[\"https:\\\/\\\/www.facebook.com\\\/people\\\/Erwan-Davoux\\\/61557098968092\\\/\",\"https:\\\/\\\/x.com\\\/Geopolitics_Fr\"]},{\"@type\":\"Person\",\"@id\":\"https:\\\/\\\/www.geopolitics.fr\\\/#\\\/schema\\\/person\\\/c36b165f511617c65a2bf8f8abd9af41\",\"name\":\"Ghizlaine Badri\",\"image\":{\"@type\":\"ImageObject\",\"inLanguage\":\"en-GB\",\"@id\":\"https:\\\/\\\/www.geopolitics.fr\\\/wp-content\\\/uploads\\\/2026\\\/04\\\/cropped-Ghizlaine-96x96.jpg\",\"url\":\"https:\\\/\\\/www.geopolitics.fr\\\/wp-content\\\/uploads\\\/2026\\\/04\\\/cropped-Ghizlaine-96x96.jpg\",\"contentUrl\":\"https:\\\/\\\/www.geopolitics.fr\\\/wp-content\\\/uploads\\\/2026\\\/04\\\/cropped-Ghizlaine-96x96.jpg\",\"caption\":\"Ghizlaine Badri\"},\"description\":\"R\u00e9dactrice en chef de Geopolitics.fr, Ghizlaine Badri est une Journaliste politique forte de vingt-cing ans d'exp\u00e9rience professionnelle dont quinze ans dans la Presse. Elle a construit un parcours \u00e0 l'intersection des sc\u00e8nes fran\u00e7aise, europ\u00e9enne et internationale. Ghizlaine a collabor\u00e9 avec pr\u00e8s d'une vingtaine de m\u00e9dias, parmi lesquels Le Point, Le Figaro, Les \u00c9chos, L'Express et Forbes. Correspondante Maroc\u2013Maghreb pour Le Point et correspondante Afrique pour Forbes, elle s'est distingu\u00e9e par une couverture approfondie des dynamiques politiques et diplomatiques entre l'Europe et le continent africain. Elle est \u00e0 ce jour la seule journaliste marocaine en activit\u00e9 \u00e0 avoir collabor\u00e9 avec des titres majeurs de la presse fran\u00e7aise hors sph\u00e8re panafricaine en France. Au sein du quotidien \u00e9conomique L'\u00c9conomiste, 1er quotidien au Maroc, elle a fond\u00e9 la rubrique France\u2013Maroc, contribuant \u00e0 structurer un espace \u00e9ditorial in\u00e9dit. Titulaire de trois masters obtenus en France, elle a travaill\u00e9 dans les domaines de la communication institutionnelle notamment \u00e0 la Mairie de Bordeaux aupr\u00e8s d'Alain Jupp\u00e9 et a \u00e9galement exerc\u00e9 des fonctions de direction en communication marketing, notamment aupr\u00e8s de l'Ambassade de France au Maroc. Polyglotte, elle est franco-italo-marocaine, n\u00e9e \u00e0 Casablanca, a v\u00e9cu \u00e0 New-York et maitrise cinq langues le fran\u00e7ais, l'arabe, l'anglais, l'italien et l'espagnol.\",\"url\":\"https:\\\/\\\/www.geopolitics.fr\\\/en\\\/author\\\/ghizlaine-badri\\\/\"}]}<\/script>\n<!-- \/ Yoast SEO Premium plugin. -->","yoast_head_json":{"title":"Pr\u00e9sidentielle 2027 : le grand d\u00e9sordre avant la bataille | Geopolitics.fr","description":"\u00c0 un an de la pr\u00e9sidentielle, la Ve R\u00e9publique est en turbulence. La sc\u00e8ne politique est un champ de ruine plus qu'un champ de bataille","robots":{"index":"index","follow":"follow","max-snippet":"max-snippet:-1","max-image-preview":"max-image-preview:large","max-video-preview":"max-video-preview:-1"},"canonical":"https:\/\/www.geopolitics.fr\/en\/2026\/05\/16\/presidentielle-2027-le-grand-desordre-avant-la-bataille\/","og_locale":"en_GB","og_type":"article","og_title":"Pr\u00e9sidentielle 2027 : le grand d\u00e9sordre avant la bataille","og_description":"\u00c0 un an de la pr\u00e9sidentielle, la Ve R\u00e9publique est en turbulence. La sc\u00e8ne politique est un champ de ruine plus qu'un champ de bataille","og_url":"https:\/\/www.geopolitics.fr\/en\/2026\/05\/16\/presidentielle-2027-le-grand-desordre-avant-la-bataille\/","og_site_name":"Geopolitics.fr","article_publisher":"https:\/\/www.facebook.com\/people\/Erwan-Davoux\/61557098968092\/","article_published_time":"2026-05-16T07:00:00+00:00","og_image":[{"width":1078,"height":570,"url":"https:\/\/www.geopolitics.fr\/wp-content\/uploads\/2026\/05\/candidats.jpg","type":"image\/jpeg"}],"author":"Ghizlaine Badri","twitter_card":"summary_large_image","twitter_creator":"@Geopolitics_Fr","twitter_site":"@Geopolitics_Fr","twitter_misc":{"Written by":"Ghizlaine Badri","Estimated reading time":"5 minutes"},"schema":{"@context":"https:\/\/schema.org","@graph":[{"@type":"Article","@id":"https:\/\/www.geopolitics.fr\/2026\/05\/16\/presidentielle-2027-le-grand-desordre-avant-la-bataille\/#article","isPartOf":{"@id":"https:\/\/www.geopolitics.fr\/2026\/05\/16\/presidentielle-2027-le-grand-desordre-avant-la-bataille\/"},"author":{"name":"Ghizlaine Badri","@id":"https:\/\/www.geopolitics.fr\/#\/schema\/person\/c36b165f511617c65a2bf8f8abd9af41"},"headline":"Pr\u00e9sidentielle 2027 : le grand d\u00e9sordre avant la bataille","datePublished":"2026-05-16T07:00:00+00:00","mainEntityOfPage":{"@id":"https:\/\/www.geopolitics.fr\/2026\/05\/16\/presidentielle-2027-le-grand-desordre-avant-la-bataille\/"},"wordCount":885,"publisher":{"@id":"https:\/\/www.geopolitics.fr\/#organization"},"image":{"@id":"https:\/\/www.geopolitics.fr\/2026\/05\/16\/presidentielle-2027-le-grand-desordre-avant-la-bataille\/#primaryimage"},"thumbnailUrl":"https:\/\/www.geopolitics.fr\/wp-content\/uploads\/2026\/05\/candidats.jpg","keywords":["POLITIQUE","pr\u00e9sidentielle 2027"],"articleSection":["FRANCE","Politique"],"inLanguage":"en-GB"},{"@type":"WebPage","@id":"https:\/\/www.geopolitics.fr\/2026\/05\/16\/presidentielle-2027-le-grand-desordre-avant-la-bataille\/","url":"https:\/\/www.geopolitics.fr\/2026\/05\/16\/presidentielle-2027-le-grand-desordre-avant-la-bataille\/","name":"Pr\u00e9sidentielle 2027 : le grand d\u00e9sordre avant la bataille | Geopolitics.fr","isPartOf":{"@id":"https:\/\/www.geopolitics.fr\/#website"},"primaryImageOfPage":{"@id":"https:\/\/www.geopolitics.fr\/2026\/05\/16\/presidentielle-2027-le-grand-desordre-avant-la-bataille\/#primaryimage"},"image":{"@id":"https:\/\/www.geopolitics.fr\/2026\/05\/16\/presidentielle-2027-le-grand-desordre-avant-la-bataille\/#primaryimage"},"thumbnailUrl":"https:\/\/www.geopolitics.fr\/wp-content\/uploads\/2026\/05\/candidats.jpg","datePublished":"2026-05-16T07:00:00+00:00","description":"\u00c0 un an de la pr\u00e9sidentielle, la Ve R\u00e9publique est en turbulence. La sc\u00e8ne politique est un champ de ruine plus qu'un champ de bataille","breadcrumb":{"@id":"https:\/\/www.geopolitics.fr\/2026\/05\/16\/presidentielle-2027-le-grand-desordre-avant-la-bataille\/#breadcrumb"},"inLanguage":"en-GB","potentialAction":[{"@type":"ReadAction","target":["https:\/\/www.geopolitics.fr\/2026\/05\/16\/presidentielle-2027-le-grand-desordre-avant-la-bataille\/"]}]},{"@type":"ImageObject","inLanguage":"en-GB","@id":"https:\/\/www.geopolitics.fr\/2026\/05\/16\/presidentielle-2027-le-grand-desordre-avant-la-bataille\/#primaryimage","url":"https:\/\/www.geopolitics.fr\/wp-content\/uploads\/2026\/05\/candidats.jpg","contentUrl":"https:\/\/www.geopolitics.fr\/wp-content\/uploads\/2026\/05\/candidats.jpg","width":1078,"height":570},{"@type":"BreadcrumbList","@id":"https:\/\/www.geopolitics.fr\/2026\/05\/16\/presidentielle-2027-le-grand-desordre-avant-la-bataille\/#breadcrumb","itemListElement":[{"@type":"ListItem","position":1,"name":"Accueil","item":"https:\/\/www.geopolitics.fr\/"},{"@type":"ListItem","position":2,"name":"Pr\u00e9sidentielle 2027 : le grand d\u00e9sordre avant la bataille"}]},{"@type":"WebSite","@id":"https:\/\/www.geopolitics.fr\/#website","url":"https:\/\/www.geopolitics.fr\/","name":"Geopolitics.fr","description":"Geopolitics.fr Analyse politique, relations internationales, d\u00e9fense - ligne \u00e9ditoriale gaullo-chiraquienne","publisher":{"@id":"https:\/\/www.geopolitics.fr\/#organization"},"potentialAction":[{"@type":"SearchAction","target":{"@type":"EntryPoint","urlTemplate":"https:\/\/www.geopolitics.fr\/?s={search_term_string}"},"query-input":{"@type":"PropertyValueSpecification","valueRequired":true,"valueName":"search_term_string"}}],"inLanguage":"en-GB"},{"@type":"Organization","@id":"https:\/\/www.geopolitics.fr\/#organization","name":"Geopolitics.fr","url":"https:\/\/www.geopolitics.fr\/","logo":{"@type":"ImageObject","inLanguage":"en-GB","@id":"https:\/\/www.geopolitics.fr\/#\/schema\/logo\/image\/","url":"https:\/\/www.geopolitics.fr\/wp-content\/uploads\/2024\/01\/logo.jpg","contentUrl":"https:\/\/www.geopolitics.fr\/wp-content\/uploads\/2024\/01\/logo.jpg","width":500,"height":500,"caption":"Geopolitics.fr"},"image":{"@id":"https:\/\/www.geopolitics.fr\/#\/schema\/logo\/image\/"},"sameAs":["https:\/\/www.facebook.com\/people\/Erwan-Davoux\/61557098968092\/","https:\/\/x.com\/Geopolitics_Fr"]},{"@type":"Person","@id":"https:\/\/www.geopolitics.fr\/#\/schema\/person\/c36b165f511617c65a2bf8f8abd9af41","name":"Ghizlaine Badri","image":{"@type":"ImageObject","inLanguage":"en-GB","@id":"https:\/\/www.geopolitics.fr\/wp-content\/uploads\/2026\/04\/cropped-Ghizlaine-96x96.jpg","url":"https:\/\/www.geopolitics.fr\/wp-content\/uploads\/2026\/04\/cropped-Ghizlaine-96x96.jpg","contentUrl":"https:\/\/www.geopolitics.fr\/wp-content\/uploads\/2026\/04\/cropped-Ghizlaine-96x96.jpg","caption":"Ghizlaine Badri"},"description":"R\u00e9dactrice en chef de Geopolitics.fr, Ghizlaine Badri est une Journaliste politique forte de vingt-cing ans d'exp\u00e9rience professionnelle dont quinze ans dans la Presse. Elle a construit un parcours \u00e0 l'intersection des sc\u00e8nes fran\u00e7aise, europ\u00e9enne et internationale. Ghizlaine a collabor\u00e9 avec pr\u00e8s d'une vingtaine de m\u00e9dias, parmi lesquels Le Point, Le Figaro, Les \u00c9chos, L'Express et Forbes. Correspondante Maroc\u2013Maghreb pour Le Point et correspondante Afrique pour Forbes, elle s'est distingu\u00e9e par une couverture approfondie des dynamiques politiques et diplomatiques entre l'Europe et le continent africain. Elle est \u00e0 ce jour la seule journaliste marocaine en activit\u00e9 \u00e0 avoir collabor\u00e9 avec des titres majeurs de la presse fran\u00e7aise hors sph\u00e8re panafricaine en France. Au sein du quotidien \u00e9conomique L'\u00c9conomiste, 1er quotidien au Maroc, elle a fond\u00e9 la rubrique France\u2013Maroc, contribuant \u00e0 structurer un espace \u00e9ditorial in\u00e9dit. Titulaire de trois masters obtenus en France, elle a travaill\u00e9 dans les domaines de la communication institutionnelle notamment \u00e0 la Mairie de Bordeaux aupr\u00e8s d'Alain Jupp\u00e9 et a \u00e9galement exerc\u00e9 des fonctions de direction en communication marketing, notamment aupr\u00e8s de l'Ambassade de France au Maroc. Polyglotte, elle est franco-italo-marocaine, n\u00e9e \u00e0 Casablanca, a v\u00e9cu \u00e0 New-York et maitrise cinq langues le fran\u00e7ais, l'arabe, l'anglais, l'italien et l'espagnol.","url":"https:\/\/www.geopolitics.fr\/en\/author\/ghizlaine-badri\/"}]}},"_links":{"self":[{"href":"https:\/\/www.geopolitics.fr\/en\/wp-json\/wp\/v2\/posts\/4291","targetHints":{"allow":["GET"]}}],"collection":[{"href":"https:\/\/www.geopolitics.fr\/en\/wp-json\/wp\/v2\/posts"}],"about":[{"href":"https:\/\/www.geopolitics.fr\/en\/wp-json\/wp\/v2\/types\/post"}],"author":[{"embeddable":true,"href":"https:\/\/www.geopolitics.fr\/en\/wp-json\/wp\/v2\/users\/31730"}],"replies":[{"embeddable":true,"href":"https:\/\/www.geopolitics.fr\/en\/wp-json\/wp\/v2\/comments?post=4291"}],"version-history":[{"count":0,"href":"https:\/\/www.geopolitics.fr\/en\/wp-json\/wp\/v2\/posts\/4291\/revisions"}],"wp:featuredmedia":[{"embeddable":true,"href":"https:\/\/www.geopolitics.fr\/en\/wp-json\/wp\/v2\/media\/4292"}],"wp:attachment":[{"href":"https:\/\/www.geopolitics.fr\/en\/wp-json\/wp\/v2\/media?parent=4291"}],"wp:term":[{"taxonomy":"category","embeddable":true,"href":"https:\/\/www.geopolitics.fr\/en\/wp-json\/wp\/v2\/categories?post=4291"},{"taxonomy":"post_tag","embeddable":true,"href":"https:\/\/www.geopolitics.fr\/en\/wp-json\/wp\/v2\/tags?post=4291"}],"curies":[{"name":"wp","href":"https:\/\/api.w.org\/{rel}","templated":true}]}}