{"id":4288,"date":"2026-05-15T11:47:00","date_gmt":"2026-05-15T09:47:00","guid":{"rendered":"https:\/\/www.geopolitics.fr\/?p=4288"},"modified":"2026-05-15T12:22:39","modified_gmt":"2026-05-15T10:22:39","slug":"incident-au-senat-autour-dune-conference-de-presse-sur-lacetamipride","status":"publish","type":"post","link":"https:\/\/www.geopolitics.fr\/en\/2026\/05\/15\/incident-au-senat-autour-dune-conference-de-presse-sur-lacetamipride\/","title":{"rendered":"Incident au S\u00e9nat autour d\u2019une conf\u00e9rence de presse sur l\u2019ac\u00e9tamipride"},"content":{"rendered":"<p class=\"has-medium-font-size wp-block-paragraph\">Un vif incident s\u2019est produit au S\u00e9nat \u00e0 l\u2019occasion d\u2019une conf\u00e9rence de presse consacr\u00e9e \u00e0 une note de l&rsquo;Office parlementaire d\u2019\u00e9valuation des choix scientifiques et technologiques (OPECST) sur l\u2019ac\u00e9tamipride, pesticide au c\u0153ur des d\u00e9bats sur le projet de loi d\u2019urgence agricole.<\/p>\n\n\n\n<p class=\"has-medium-font-size wp-block-paragraph\">Selon les \u00e9l\u00e9ments communiqu\u00e9s, cette note, qui devait pr\u00e9senter un travail scientifique sur les effets et les risques de cette substance pour l\u2019environnement et la sant\u00e9, n\u2019a pas \u00e9t\u00e9 adopt\u00e9e apr\u00e8s un vote \u00e0 \u00e9galit\u00e9, six voix contre six. <\/p>\n\n\n\n<p class=\"has-medium-font-size wp-block-paragraph\">Face \u00e0 ce blocage, une conf\u00e9rence de presse avait \u00e9t\u00e9 organis\u00e9e afin d\u2019expliquer la m\u00e9thode, le contenu du travail et les raisons de cette situation in\u00e9dite.<\/p>\n\n\n\n<p class=\"has-medium-font-size wp-block-paragraph\">Mais son d\u00e9roulement aurait \u00e9t\u00e9 perturb\u00e9 par l\u2019intervention du s\u00e9nateur LR St\u00e9phane Piednoir, pr\u00e9sident de l\u2019OPECST, qui aurait emp\u00each\u00e9 la tenue sereine de l\u2019\u00e9change. L\u2019AGAP, association de gauche des collaboratrices et collaborateurs parlementaires au S\u00e9nat, d\u00e9nonce de son c\u00f4t\u00e9 des menaces verbales et une contrainte physique exerc\u00e9e contre un collaborateur parlementaire pr\u00e9sent sur place.<\/p>\n\n\n\n<p class=\"has-medium-font-size wp-block-paragraph\">Dans un communiqu\u00e9 publi\u00e9 le 13 mai, l\u2019association demande une r\u00e9action forte de la Pr\u00e9sidence du S\u00e9nat et la saisine du Bureau, lors de sa prochaine r\u00e9union.<\/p>\n\n\n\n<p class=\"has-medium-font-size wp-block-paragraph\">Au-del\u00e0 de l\u2019incident, cette affaire ravive les tensions autour de la transparence du travail parlementaire et scientifique sur l\u2019ac\u00e9tamipride. Ses opposants y voient un d\u00e9ni de d\u00e9bat d\u00e9mocratique, au moment o\u00f9 la question du retour possible de ce pesticide dans certains usages agricoles suscite de fortes inqui\u00e9tudes environnementales et sanitaires.<\/p>","protected":false},"excerpt":{"rendered":"<p>Un vif incident s\u2019est produit au S\u00e9nat \u00e0 l\u2019occasion d\u2019une conf\u00e9rence de presse consacr\u00e9e \u00e0 une note de l&rsquo;Office parlementaire d\u2019\u00e9valuation des&hellip;<\/p>","protected":false},"author":9,"featured_media":4289,"comment_status":"closed","ping_status":"closed","sticky":false,"template":"","format":"standard","meta":{"_lmt_disableupdate":"","_lmt_disable":"","footnotes":""},"categories":[596,605,618,617,623,634],"tags":[690,689,190],"class_list":["post-4288","post","type-post","status-publish","format-standard","has-post-thumbnail","hentry","category-breves-police-justice","category-france","category-institutions","category-politique-france","category-sante-sciences-recherche","category-top-secret-france","tag-acetamipride","tag-opecst","tag-senat"],"yoast_head":"<!-- This site is optimized with the Yoast SEO Premium plugin v28.1 (Yoast SEO v28.1) - https:\/\/yoast.com\/product\/yoast-seo-premium-wordpress\/ -->\n<title>Incident au S\u00e9nat autour d\u2019une conf\u00e9rence de presse sur l\u2019ac\u00e9tamipride | Geopolitics.fr<\/title>\n<meta name=\"robots\" content=\"index, follow, max-snippet:-1, max-image-preview:large, max-video-preview:-1\" \/>\n<link rel=\"canonical\" href=\"https:\/\/www.geopolitics.fr\/en\/2026\/05\/15\/incident-au-senat-autour-dune-conference-de-presse-sur-lacetamipride\/\" \/>\n<meta property=\"og:locale\" content=\"en_GB\" \/>\n<meta property=\"og:type\" content=\"article\" \/>\n<meta property=\"og:title\" content=\"Incident au S\u00e9nat autour d\u2019une conf\u00e9rence de presse sur l\u2019ac\u00e9tamipride\" \/>\n<meta property=\"og:description\" content=\"Un vif incident s\u2019est produit au S\u00e9nat \u00e0 l\u2019occasion d\u2019une conf\u00e9rence de presse consacr\u00e9e \u00e0 une note de l&rsquo;Office parlementaire d\u2019\u00e9valuation des&hellip;\" \/>\n<meta property=\"og:url\" content=\"https:\/\/www.geopolitics.fr\/en\/2026\/05\/15\/incident-au-senat-autour-dune-conference-de-presse-sur-lacetamipride\/\" \/>\n<meta property=\"og:site_name\" content=\"Geopolitics.fr\" \/>\n<meta property=\"article:publisher\" content=\"https:\/\/www.facebook.com\/people\/Erwan-Davoux\/61557098968092\/\" \/>\n<meta property=\"article:published_time\" content=\"2026-05-15T09:47:00+00:00\" \/>\n<meta property=\"article:modified_time\" content=\"2026-05-15T10:22:39+00:00\" \/>\n<meta property=\"og:image\" content=\"https:\/\/www.geopolitics.fr\/wp-content\/uploads\/2026\/05\/incident-au-senat.jpg\" \/>\n\t<meta property=\"og:image:width\" content=\"1920\" \/>\n\t<meta property=\"og:image:height\" content=\"988\" \/>\n\t<meta property=\"og:image:type\" content=\"image\/jpeg\" \/>\n<meta name=\"author\" content=\"contact@geopolitics.fr\" \/>\n<meta name=\"twitter:card\" content=\"summary_large_image\" \/>\n<meta name=\"twitter:creator\" content=\"@Geopolitics_Fr\" \/>\n<meta name=\"twitter:site\" content=\"@Geopolitics_Fr\" \/>\n<meta name=\"twitter:label1\" content=\"Written by\" \/>\n\t<meta name=\"twitter:data1\" content=\"contact@geopolitics.fr\" \/>\n\t<meta name=\"twitter:label2\" content=\"Estimated reading time\" \/>\n\t<meta name=\"twitter:data2\" content=\"2 minutes\" \/>\n<script type=\"application\/ld+json\" class=\"yoast-schema-graph\">{\"@context\":\"https:\\\/\\\/schema.org\",\"@graph\":[{\"@type\":\"Article\",\"@id\":\"https:\\\/\\\/www.geopolitics.fr\\\/2026\\\/05\\\/15\\\/incident-au-senat-autour-dune-conference-de-presse-sur-lacetamipride\\\/#article\",\"isPartOf\":{\"@id\":\"https:\\\/\\\/www.geopolitics.fr\\\/2026\\\/05\\\/15\\\/incident-au-senat-autour-dune-conference-de-presse-sur-lacetamipride\\\/\"},\"author\":{\"name\":\"contact@geopolitics.fr\",\"@id\":\"https:\\\/\\\/www.geopolitics.fr\\\/#\\\/schema\\\/person\\\/69dde260ad11805e2aa68f0d9e9128da\"},\"headline\":\"Incident au S\u00e9nat autour d\u2019une conf\u00e9rence de presse sur l\u2019ac\u00e9tamipride\",\"datePublished\":\"2026-05-15T09:47:00+00:00\",\"dateModified\":\"2026-05-15T10:22:39+00:00\",\"mainEntityOfPage\":{\"@id\":\"https:\\\/\\\/www.geopolitics.fr\\\/2026\\\/05\\\/15\\\/incident-au-senat-autour-dune-conference-de-presse-sur-lacetamipride\\\/\"},\"wordCount\":298,\"publisher\":{\"@id\":\"https:\\\/\\\/www.geopolitics.fr\\\/#organization\"},\"image\":{\"@id\":\"https:\\\/\\\/www.geopolitics.fr\\\/2026\\\/05\\\/15\\\/incident-au-senat-autour-dune-conference-de-presse-sur-lacetamipride\\\/#primaryimage\"},\"thumbnailUrl\":\"https:\\\/\\\/www.geopolitics.fr\\\/wp-content\\\/uploads\\\/2026\\\/05\\\/incident-au-senat.jpg\",\"keywords\":[\"ac\u00e9tamipride\",\"OPECST\",\"SENAT\"],\"articleSection\":[\"Br\u00e8ves\",\"FRANCE\",\"Institutions\",\"Politique\",\"Sant\u00e9, sciences, recherche\",\"top secret\"],\"inLanguage\":\"en-GB\"},{\"@type\":\"WebPage\",\"@id\":\"https:\\\/\\\/www.geopolitics.fr\\\/2026\\\/05\\\/15\\\/incident-au-senat-autour-dune-conference-de-presse-sur-lacetamipride\\\/\",\"url\":\"https:\\\/\\\/www.geopolitics.fr\\\/2026\\\/05\\\/15\\\/incident-au-senat-autour-dune-conference-de-presse-sur-lacetamipride\\\/\",\"name\":\"Incident au S\u00e9nat autour d\u2019une conf\u00e9rence de presse sur l\u2019ac\u00e9tamipride | Geopolitics.fr\",\"isPartOf\":{\"@id\":\"https:\\\/\\\/www.geopolitics.fr\\\/#website\"},\"primaryImageOfPage\":{\"@id\":\"https:\\\/\\\/www.geopolitics.fr\\\/2026\\\/05\\\/15\\\/incident-au-senat-autour-dune-conference-de-presse-sur-lacetamipride\\\/#primaryimage\"},\"image\":{\"@id\":\"https:\\\/\\\/www.geopolitics.fr\\\/2026\\\/05\\\/15\\\/incident-au-senat-autour-dune-conference-de-presse-sur-lacetamipride\\\/#primaryimage\"},\"thumbnailUrl\":\"https:\\\/\\\/www.geopolitics.fr\\\/wp-content\\\/uploads\\\/2026\\\/05\\\/incident-au-senat.jpg\",\"datePublished\":\"2026-05-15T09:47:00+00:00\",\"dateModified\":\"2026-05-15T10:22:39+00:00\",\"breadcrumb\":{\"@id\":\"https:\\\/\\\/www.geopolitics.fr\\\/2026\\\/05\\\/15\\\/incident-au-senat-autour-dune-conference-de-presse-sur-lacetamipride\\\/#breadcrumb\"},\"inLanguage\":\"en-GB\",\"potentialAction\":[{\"@type\":\"ReadAction\",\"target\":[\"https:\\\/\\\/www.geopolitics.fr\\\/2026\\\/05\\\/15\\\/incident-au-senat-autour-dune-conference-de-presse-sur-lacetamipride\\\/\"]}]},{\"@type\":\"ImageObject\",\"inLanguage\":\"en-GB\",\"@id\":\"https:\\\/\\\/www.geopolitics.fr\\\/2026\\\/05\\\/15\\\/incident-au-senat-autour-dune-conference-de-presse-sur-lacetamipride\\\/#primaryimage\",\"url\":\"https:\\\/\\\/www.geopolitics.fr\\\/wp-content\\\/uploads\\\/2026\\\/05\\\/incident-au-senat.jpg\",\"contentUrl\":\"https:\\\/\\\/www.geopolitics.fr\\\/wp-content\\\/uploads\\\/2026\\\/05\\\/incident-au-senat.jpg\",\"width\":1920,\"height\":988},{\"@type\":\"BreadcrumbList\",\"@id\":\"https:\\\/\\\/www.geopolitics.fr\\\/2026\\\/05\\\/15\\\/incident-au-senat-autour-dune-conference-de-presse-sur-lacetamipride\\\/#breadcrumb\",\"itemListElement\":[{\"@type\":\"ListItem\",\"position\":1,\"name\":\"Accueil\",\"item\":\"https:\\\/\\\/www.geopolitics.fr\\\/\"},{\"@type\":\"ListItem\",\"position\":2,\"name\":\"Incident au S\u00e9nat autour d\u2019une conf\u00e9rence de presse sur l\u2019ac\u00e9tamipride\"}]},{\"@type\":\"WebSite\",\"@id\":\"https:\\\/\\\/www.geopolitics.fr\\\/#website\",\"url\":\"https:\\\/\\\/www.geopolitics.fr\\\/\",\"name\":\"Geopolitics.fr\",\"description\":\"Geopolitics.fr Analyse politique, relations internationales, d\u00e9fense - ligne \u00e9ditoriale gaullo-chiraquienne\",\"publisher\":{\"@id\":\"https:\\\/\\\/www.geopolitics.fr\\\/#organization\"},\"potentialAction\":[{\"@type\":\"SearchAction\",\"target\":{\"@type\":\"EntryPoint\",\"urlTemplate\":\"https:\\\/\\\/www.geopolitics.fr\\\/?s={search_term_string}\"},\"query-input\":{\"@type\":\"PropertyValueSpecification\",\"valueRequired\":true,\"valueName\":\"search_term_string\"}}],\"inLanguage\":\"en-GB\"},{\"@type\":\"Organization\",\"@id\":\"https:\\\/\\\/www.geopolitics.fr\\\/#organization\",\"name\":\"Geopolitics.fr\",\"url\":\"https:\\\/\\\/www.geopolitics.fr\\\/\",\"logo\":{\"@type\":\"ImageObject\",\"inLanguage\":\"en-GB\",\"@id\":\"https:\\\/\\\/www.geopolitics.fr\\\/#\\\/schema\\\/logo\\\/image\\\/\",\"url\":\"https:\\\/\\\/www.geopolitics.fr\\\/wp-content\\\/uploads\\\/2024\\\/01\\\/logo.jpg\",\"contentUrl\":\"https:\\\/\\\/www.geopolitics.fr\\\/wp-content\\\/uploads\\\/2024\\\/01\\\/logo.jpg\",\"width\":500,\"height\":500,\"caption\":\"Geopolitics.fr\"},\"image\":{\"@id\":\"https:\\\/\\\/www.geopolitics.fr\\\/#\\\/schema\\\/logo\\\/image\\\/\"},\"sameAs\":[\"https:\\\/\\\/www.facebook.com\\\/people\\\/Erwan-Davoux\\\/61557098968092\\\/\",\"https:\\\/\\\/x.com\\\/Geopolitics_Fr\"]},{\"@type\":\"Person\",\"@id\":\"https:\\\/\\\/www.geopolitics.fr\\\/#\\\/schema\\\/person\\\/69dde260ad11805e2aa68f0d9e9128da\",\"name\":\"contact@geopolitics.fr\",\"image\":{\"@type\":\"ImageObject\",\"inLanguage\":\"en-GB\",\"@id\":\"https:\\\/\\\/www.geopolitics.fr\\\/wp-content\\\/uploads\\\/2024\\\/01\\\/edito-bonne-banniere-96x96.jpg\",\"url\":\"https:\\\/\\\/www.geopolitics.fr\\\/wp-content\\\/uploads\\\/2024\\\/01\\\/edito-bonne-banniere-96x96.jpg\",\"contentUrl\":\"https:\\\/\\\/www.geopolitics.fr\\\/wp-content\\\/uploads\\\/2024\\\/01\\\/edito-bonne-banniere-96x96.jpg\",\"caption\":\"contact@geopolitics.fr\"},\"url\":\"https:\\\/\\\/www.geopolitics.fr\\\/en\\\/author\\\/contactgeopolitics-fr\\\/\"}]}<\/script>\n<!-- \/ Yoast SEO Premium plugin. -->","yoast_head_json":{"title":"Incident au S\u00e9nat autour d\u2019une conf\u00e9rence de presse sur l\u2019ac\u00e9tamipride | Geopolitics.fr","robots":{"index":"index","follow":"follow","max-snippet":"max-snippet:-1","max-image-preview":"max-image-preview:large","max-video-preview":"max-video-preview:-1"},"canonical":"https:\/\/www.geopolitics.fr\/en\/2026\/05\/15\/incident-au-senat-autour-dune-conference-de-presse-sur-lacetamipride\/","og_locale":"en_GB","og_type":"article","og_title":"Incident au S\u00e9nat autour d\u2019une conf\u00e9rence de presse sur l\u2019ac\u00e9tamipride","og_description":"Un vif incident s\u2019est produit au S\u00e9nat \u00e0 l\u2019occasion d\u2019une conf\u00e9rence de presse consacr\u00e9e \u00e0 une note de l&rsquo;Office parlementaire d\u2019\u00e9valuation des&hellip;","og_url":"https:\/\/www.geopolitics.fr\/en\/2026\/05\/15\/incident-au-senat-autour-dune-conference-de-presse-sur-lacetamipride\/","og_site_name":"Geopolitics.fr","article_publisher":"https:\/\/www.facebook.com\/people\/Erwan-Davoux\/61557098968092\/","article_published_time":"2026-05-15T09:47:00+00:00","article_modified_time":"2026-05-15T10:22:39+00:00","og_image":[{"width":1920,"height":988,"url":"https:\/\/www.geopolitics.fr\/wp-content\/uploads\/2026\/05\/incident-au-senat.jpg","type":"image\/jpeg"}],"author":"contact@geopolitics.fr","twitter_card":"summary_large_image","twitter_creator":"@Geopolitics_Fr","twitter_site":"@Geopolitics_Fr","twitter_misc":{"Written by":"contact@geopolitics.fr","Estimated reading time":"2 minutes"},"schema":{"@context":"https:\/\/schema.org","@graph":[{"@type":"Article","@id":"https:\/\/www.geopolitics.fr\/2026\/05\/15\/incident-au-senat-autour-dune-conference-de-presse-sur-lacetamipride\/#article","isPartOf":{"@id":"https:\/\/www.geopolitics.fr\/2026\/05\/15\/incident-au-senat-autour-dune-conference-de-presse-sur-lacetamipride\/"},"author":{"name":"contact@geopolitics.fr","@id":"https:\/\/www.geopolitics.fr\/#\/schema\/person\/69dde260ad11805e2aa68f0d9e9128da"},"headline":"Incident au S\u00e9nat autour d\u2019une conf\u00e9rence de presse sur l\u2019ac\u00e9tamipride","datePublished":"2026-05-15T09:47:00+00:00","dateModified":"2026-05-15T10:22:39+00:00","mainEntityOfPage":{"@id":"https:\/\/www.geopolitics.fr\/2026\/05\/15\/incident-au-senat-autour-dune-conference-de-presse-sur-lacetamipride\/"},"wordCount":298,"publisher":{"@id":"https:\/\/www.geopolitics.fr\/#organization"},"image":{"@id":"https:\/\/www.geopolitics.fr\/2026\/05\/15\/incident-au-senat-autour-dune-conference-de-presse-sur-lacetamipride\/#primaryimage"},"thumbnailUrl":"https:\/\/www.geopolitics.fr\/wp-content\/uploads\/2026\/05\/incident-au-senat.jpg","keywords":["ac\u00e9tamipride","OPECST","SENAT"],"articleSection":["Br\u00e8ves","FRANCE","Institutions","Politique","Sant\u00e9, sciences, recherche","top secret"],"inLanguage":"en-GB"},{"@type":"WebPage","@id":"https:\/\/www.geopolitics.fr\/2026\/05\/15\/incident-au-senat-autour-dune-conference-de-presse-sur-lacetamipride\/","url":"https:\/\/www.geopolitics.fr\/2026\/05\/15\/incident-au-senat-autour-dune-conference-de-presse-sur-lacetamipride\/","name":"Incident au S\u00e9nat autour d\u2019une conf\u00e9rence de presse sur l\u2019ac\u00e9tamipride | Geopolitics.fr","isPartOf":{"@id":"https:\/\/www.geopolitics.fr\/#website"},"primaryImageOfPage":{"@id":"https:\/\/www.geopolitics.fr\/2026\/05\/15\/incident-au-senat-autour-dune-conference-de-presse-sur-lacetamipride\/#primaryimage"},"image":{"@id":"https:\/\/www.geopolitics.fr\/2026\/05\/15\/incident-au-senat-autour-dune-conference-de-presse-sur-lacetamipride\/#primaryimage"},"thumbnailUrl":"https:\/\/www.geopolitics.fr\/wp-content\/uploads\/2026\/05\/incident-au-senat.jpg","datePublished":"2026-05-15T09:47:00+00:00","dateModified":"2026-05-15T10:22:39+00:00","breadcrumb":{"@id":"https:\/\/www.geopolitics.fr\/2026\/05\/15\/incident-au-senat-autour-dune-conference-de-presse-sur-lacetamipride\/#breadcrumb"},"inLanguage":"en-GB","potentialAction":[{"@type":"ReadAction","target":["https:\/\/www.geopolitics.fr\/2026\/05\/15\/incident-au-senat-autour-dune-conference-de-presse-sur-lacetamipride\/"]}]},{"@type":"ImageObject","inLanguage":"en-GB","@id":"https:\/\/www.geopolitics.fr\/2026\/05\/15\/incident-au-senat-autour-dune-conference-de-presse-sur-lacetamipride\/#primaryimage","url":"https:\/\/www.geopolitics.fr\/wp-content\/uploads\/2026\/05\/incident-au-senat.jpg","contentUrl":"https:\/\/www.geopolitics.fr\/wp-content\/uploads\/2026\/05\/incident-au-senat.jpg","width":1920,"height":988},{"@type":"BreadcrumbList","@id":"https:\/\/www.geopolitics.fr\/2026\/05\/15\/incident-au-senat-autour-dune-conference-de-presse-sur-lacetamipride\/#breadcrumb","itemListElement":[{"@type":"ListItem","position":1,"name":"Accueil","item":"https:\/\/www.geopolitics.fr\/"},{"@type":"ListItem","position":2,"name":"Incident au S\u00e9nat autour d\u2019une conf\u00e9rence de presse sur l\u2019ac\u00e9tamipride"}]},{"@type":"WebSite","@id":"https:\/\/www.geopolitics.fr\/#website","url":"https:\/\/www.geopolitics.fr\/","name":"Geopolitics.fr","description":"Geopolitics.fr Analyse politique, relations internationales, d\u00e9fense - ligne \u00e9ditoriale gaullo-chiraquienne","publisher":{"@id":"https:\/\/www.geopolitics.fr\/#organization"},"potentialAction":[{"@type":"SearchAction","target":{"@type":"EntryPoint","urlTemplate":"https:\/\/www.geopolitics.fr\/?s={search_term_string}"},"query-input":{"@type":"PropertyValueSpecification","valueRequired":true,"valueName":"search_term_string"}}],"inLanguage":"en-GB"},{"@type":"Organization","@id":"https:\/\/www.geopolitics.fr\/#organization","name":"Geopolitics.fr","url":"https:\/\/www.geopolitics.fr\/","logo":{"@type":"ImageObject","inLanguage":"en-GB","@id":"https:\/\/www.geopolitics.fr\/#\/schema\/logo\/image\/","url":"https:\/\/www.geopolitics.fr\/wp-content\/uploads\/2024\/01\/logo.jpg","contentUrl":"https:\/\/www.geopolitics.fr\/wp-content\/uploads\/2024\/01\/logo.jpg","width":500,"height":500,"caption":"Geopolitics.fr"},"image":{"@id":"https:\/\/www.geopolitics.fr\/#\/schema\/logo\/image\/"},"sameAs":["https:\/\/www.facebook.com\/people\/Erwan-Davoux\/61557098968092\/","https:\/\/x.com\/Geopolitics_Fr"]},{"@type":"Person","@id":"https:\/\/www.geopolitics.fr\/#\/schema\/person\/69dde260ad11805e2aa68f0d9e9128da","name":"contact@geopolitics.fr","image":{"@type":"ImageObject","inLanguage":"en-GB","@id":"https:\/\/www.geopolitics.fr\/wp-content\/uploads\/2024\/01\/edito-bonne-banniere-96x96.jpg","url":"https:\/\/www.geopolitics.fr\/wp-content\/uploads\/2024\/01\/edito-bonne-banniere-96x96.jpg","contentUrl":"https:\/\/www.geopolitics.fr\/wp-content\/uploads\/2024\/01\/edito-bonne-banniere-96x96.jpg","caption":"contact@geopolitics.fr"},"url":"https:\/\/www.geopolitics.fr\/en\/author\/contactgeopolitics-fr\/"}]}},"_links":{"self":[{"href":"https:\/\/www.geopolitics.fr\/en\/wp-json\/wp\/v2\/posts\/4288","targetHints":{"allow":["GET"]}}],"collection":[{"href":"https:\/\/www.geopolitics.fr\/en\/wp-json\/wp\/v2\/posts"}],"about":[{"href":"https:\/\/www.geopolitics.fr\/en\/wp-json\/wp\/v2\/types\/post"}],"author":[{"embeddable":true,"href":"https:\/\/www.geopolitics.fr\/en\/wp-json\/wp\/v2\/users\/9"}],"replies":[{"embeddable":true,"href":"https:\/\/www.geopolitics.fr\/en\/wp-json\/wp\/v2\/comments?post=4288"}],"version-history":[{"count":0,"href":"https:\/\/www.geopolitics.fr\/en\/wp-json\/wp\/v2\/posts\/4288\/revisions"}],"wp:featuredmedia":[{"embeddable":true,"href":"https:\/\/www.geopolitics.fr\/en\/wp-json\/wp\/v2\/media\/4289"}],"wp:attachment":[{"href":"https:\/\/www.geopolitics.fr\/en\/wp-json\/wp\/v2\/media?parent=4288"}],"wp:term":[{"taxonomy":"category","embeddable":true,"href":"https:\/\/www.geopolitics.fr\/en\/wp-json\/wp\/v2\/categories?post=4288"},{"taxonomy":"post_tag","embeddable":true,"href":"https:\/\/www.geopolitics.fr\/en\/wp-json\/wp\/v2\/tags?post=4288"}],"curies":[{"name":"wp","href":"https:\/\/api.w.org\/{rel}","templated":true}]}}