{"id":4285,"date":"2026-05-15T18:40:00","date_gmt":"2026-05-15T16:40:00","guid":{"rendered":"https:\/\/www.geopolitics.fr\/?p=4285"},"modified":"2026-05-15T19:37:18","modified_gmt":"2026-05-15T17:37:18","slug":"leurope-a-lheure-du-choix-souverainete-ou-dependance","status":"publish","type":"post","link":"https:\/\/www.geopolitics.fr\/en\/2026\/05\/15\/leurope-a-lheure-du-choix-souverainete-ou-dependance\/","title":{"rendered":"L&rsquo;Europe \u00e0 l&rsquo;heure du choix : souverainet\u00e9 ou d\u00e9pendance ?"},"content":{"rendered":"<h2 class=\"wp-block-heading has-medium-font-size\" id=\"h-le-grand-pari-du-rearmement-europeen\">Le grand pari du r\u00e9armement europ\u00e9en<\/h2>\n\n\n\n<p class=\"has-medium-font-size wp-block-paragraph\">Le retour de Donald Trump \u00e0 la Maison-Blanche a agi comme un r\u00e9v\u00e9lateur brutal. Loin du r\u00e9cit d&rsquo;un \u00ab faiseur de paix \u00bb, l&rsquo;agenda trumpiste n&rsquo;a pas d\u00e9bouch\u00e9 sur les issues rapides annonc\u00e9es dans les guerres en Ukraine et \u00e0 Gaza. Pire, la volont\u00e9 du pr\u00e9sident Trump de r\u00e9duire l&rsquo;engagement militaire am\u00e9ricain au profit de l&rsquo;alliance transatlantique, alors que la Russie poursuit sa guerre contre l&rsquo;Ukraine, a plac\u00e9 l&rsquo;Europe face \u00e0 un double d\u00e9fi : renforcer ses capacit\u00e9s de d\u00e9fense face aux menaces qui se d\u00e9veloppent \u00e0 ses fronti\u00e8res, et assurer son autonomie strat\u00e9gique pour r\u00e9duire sa d\u00e9pendance \u00e0 la protection am\u00e9ricaine.&nbsp;<\/p>\n\n\n\n<p class=\"has-medium-font-size wp-block-paragraph\">L&rsquo;Europe se trouve confront\u00e9e \u00e0 un paradoxe strat\u00e9gique saisissant : revenue au c\u0153ur de l&rsquo;histoire mondiale et faisant face \u00e0 un agresseur trois fois moins peupl\u00e9 qu&rsquo;elle et environ huit fois moins riche, elle demeure \u00e0 ce stade incapable d&rsquo;assurer sa s\u00e9curit\u00e9 par elle-m\u00eame. Ce constat, aussi cruel que salutaire, a produit un \u00e9lectrochoc politique sans pr\u00e9c\u00e9dent depuis la fin de la Guerre froide.&nbsp;<\/p>\n\n\n\n<h2 class=\"wp-block-heading\" id=\"h-800-milliards-le-chiffre-qui-change-tout\">800 milliards : le chiffre qui change tout<\/h2>\n\n\n\n<p class=\"has-medium-font-size wp-block-paragraph\">La r\u00e9ponse europ\u00e9enne a \u00e9t\u00e9 spectaculaire dans son ampleur. Le plan de la Commission europ\u00e9enne, ReArm Europe \/ Readiness 2030, annonc\u00e9 en f\u00e9vrier 2025 avec 800 milliards d&rsquo;euros de financement, commence \u00e0 \u00eatre impl\u00e9ment\u00e9 dans tous les pays europ\u00e9ens. Les budgets nationaux pour 2026 pr\u00e9voient des augmentations significatives des d\u00e9penses militaires : les d\u00e9penses militaires sont en hausse de 22 milliards d&rsquo;euros (+21%) en Allemagne et de 6,7 milliards d&rsquo;euros (+13%) en France en 2026 par rapport \u00e0 2025.&nbsp;<\/p>\n\n\n\n<p class=\"has-medium-font-size wp-block-paragraph\">Les premiers effets sont d\u00e9j\u00e0 tangibles. Le programme europ\u00e9en SAFE pr\u00e9voit 150 milliards d&rsquo;euros de pr\u00eats pour des achats conjoints de mat\u00e9riel militaire, et son impl\u00e9mentation est rapide puisque les premiers versements ont eu lieu d\u00e8s le mois de mars 2026. \u00c0 cela s&rsquo;ajoute le Fonds Europ\u00e9en de D\u00e9fense, dot\u00e9 d&rsquo;un milliard d&rsquo;euros pour 2026, qui finance des projets collaboratifs autour de priorit\u00e9s comme les technologies critiques, le combat multi-domaines, la cybers\u00e9curit\u00e9, la r\u00e9silience \u00e9nerg\u00e9tique et les applications spatiales de d\u00e9fense.&nbsp;<\/p>\n\n\n\n<h2 class=\"wp-block-heading\" id=\"h-les-lacunes-beantes-d-un-continent-mal-prepare\">Les lacunes b\u00e9antes d&rsquo;un continent mal pr\u00e9par\u00e9<\/h2>\n\n\n\n<p class=\"has-medium-font-size wp-block-paragraph\">Derri\u00e8re ces chiffres impressionnants se cachent des vuln\u00e9rabilit\u00e9s structurelles profondes. Le document Sparta 2.0, rendu public par l&rsquo;Institut de Kiel pour l&rsquo;\u00c9conomie mondiale, chiffre \u00e0 environ 50 milliards d&rsquo;euros par an l&rsquo;effort n\u00e9cessaire pour b\u00e2tir une autonomie europ\u00e9enne de d\u00e9fense. Les auteurs d\u00e9crivent une d\u00e9pendance prononc\u00e9e aux \u00c9tats-Unis et fixent des fen\u00eatres de trois \u00e0 cinq ans pour des progr\u00e8s sensibles. L&rsquo;\u00e9tude identifie dix lacunes critiques touchant le commandement et le contr\u00f4le, les syst\u00e8mes autonomes, la frappe de pr\u00e9cision et la d\u00e9fense a\u00e9rienne, et \u00e9value entre 150 et 200 milliards d&rsquo;euros l&rsquo;investissement n\u00e9cessaire d&rsquo;ici 2030.&nbsp;<\/p>\n\n\n\n<p class=\"has-medium-font-size wp-block-paragraph\">Surtout, cette ambition se heurte \u00e0 des commandes majeures pass\u00e9es par plusieurs capitales europ\u00e9ennes au b\u00e9n\u00e9fice d&rsquo;\u00e9quipements non europ\u00e9ens, qui orientent les cha\u00eenes d&rsquo;effet et de soutien loin du continent. La Pologne a ainsi choisi des chars cor\u00e9ens K2, l&rsquo;Allemagne s&rsquo;appr\u00eate \u00e0 \u00e9quiper ses fr\u00e9gates de syst\u00e8mes de combat am\u00e9ricains AEGIS, et l&rsquo;Espagne explore des partenariats turcs pour ses chasseurs de nouvelle g\u00e9n\u00e9ration. L&rsquo;urgence op\u00e9rationnelle conduit de nombreux \u00c9tats la Pologne, les Pays-Bas, l&rsquo;Allemagne et les pays nordiques \u00e0 acheter rapidement des syst\u00e8mes am\u00e9ricains ou isra\u00e9liens d\u00e9j\u00e0 \u00e9prouv\u00e9s et disponibles imm\u00e9diatement, au d\u00e9triment de la consolidation d&rsquo;une fili\u00e8re industrielle europ\u00e9enne.&nbsp;<\/p>\n\n\n\n<h2 class=\"wp-block-heading\" id=\"h-le-dilemme-nucleaire\">Le dilemme nucl\u00e9aire<\/h2>\n\n\n\n<p class=\"has-medium-font-size wp-block-paragraph\">La question la plus vertigineuse est celle du nucl\u00e9aire. L&rsquo;autonomie europ\u00e9enne pourrait \u00eatre de courte dur\u00e9e dans la mesure o\u00f9 l&rsquo;administration Trump a d\u00e9couvert que les garanties de s\u00e9curit\u00e9 am\u00e9ricaines constituent un levier redoutable sur ses alli\u00e9s surtout dans le domaine nucl\u00e9aire. Alors que les \u00c9tats-Unis pourraient abandonner leurs partenaires, le d\u00e9bat europ\u00e9en sur la dissuasion nucl\u00e9aire franco-britannique en Europe pourrait conna\u00eetre une forme de renouveau.&nbsp;<\/p>\n\n\n\n<p class=\"has-medium-font-size wp-block-paragraph\">La France, seule puissance nucl\u00e9aire de l&rsquo;Union europ\u00e9enne, se retrouve ainsi dans une position \u00e0 la fois centrale et inconfortable. La France, par sa longue tradition d&rsquo;autonomie strat\u00e9gique, a un r\u00f4le d\u00e9terminant \u00e0 jouer dans la construction d&rsquo;une v\u00e9ritable Europe de la d\u00e9fense. Mais sa situation budg\u00e9taire et les controverses autour d&rsquo;interventions ext\u00e9rieures montrent que la puissance militaire reste n\u00e9cessaire mais insuffisante pour garantir l&rsquo;influence politique dans un monde multipolaire.&nbsp;<\/p>\n\n\n\n<h2 class=\"wp-block-heading\" id=\"h-la-russie-l-ukraine-et-le-temps-qui-presse\">La Russie, l&rsquo;Ukraine et le temps qui presse<\/h2>\n\n\n\n<p class=\"has-medium-font-size wp-block-paragraph\">Pendant que l&rsquo;Europe d\u00e9bat, les menaces, elles, n&rsquo;attendent pas. En multipliant les incursions de drones et les actes de sabotage sur une portion toujours plus large du territoire europ\u00e9en, Vladimir Poutine fait courir le risque d&rsquo;une escalade impliquant plusieurs puissances nucl\u00e9aires. Pour financer la r\u00e9sistance ukrainienne, une solution cr\u00e9ative a \u00e9merg\u00e9 c\u00f4t\u00e9 fran\u00e7ais : Macron a permis de sauver l&rsquo;UE d&rsquo;une impasse en offrant la solution d&rsquo;un pr\u00eat de 90 milliards d&rsquo;euros \u00e0 l&rsquo;Ukraine par le biais d&rsquo;un emprunt de type Covid sur le budget de l&rsquo;UE.<\/p>\n\n\n\n<p class=\"has-medium-font-size wp-block-paragraph\">L&rsquo;arrimage de l&rsquo;industrie europ\u00e9enne \u00e0 l&rsquo;Ukraine appara\u00eet de plus en plus comme une piste strat\u00e9gique coh\u00e9rente. Faire de Kiev non seulement un b\u00e9n\u00e9ficiaire mais un partenaire industriel de d\u00e9fense permettrait de mutualiser les le\u00e7ons d&rsquo;un conflit de haute intensit\u00e9 unique depuis 1945.<\/p>\n\n\n\n<h2 class=\"wp-block-heading\" id=\"h-2026-l-annee-charniere\">2026, l&rsquo;ann\u00e9e charni\u00e8re<\/h2>\n\n\n\n<p class=\"has-medium-font-size wp-block-paragraph\">2026 pourrait marquer l&rsquo;entr\u00e9e dans une d\u00e9cennie o\u00f9 les pays europ\u00e9ens devront choisir entre r\u00e9signation strat\u00e9gique et construction active d&rsquo;une souverainet\u00e9 de d\u00e9fense cr\u00e9dible, id\u00e9alement de mani\u00e8re coordonn\u00e9e. L&rsquo;argent est l\u00e0, la volont\u00e9 politique semble enfin r\u00e9elle, mais la coh\u00e9rence fait encore d\u00e9faut. Entre les industries nationales qui d\u00e9fendent leurs p\u00e9rim\u00e8tres historiques, les achats court-termistes hors d&rsquo;Europe, et les divergences doctrinales sur la place du nucl\u00e9aire et de l&rsquo;OTAN, le chantier de l&rsquo;autonomie strat\u00e9gique europ\u00e9enne ressemble encore \u00e0 un puzzle dont chaque \u00c9tat tente de garder ses propres pi\u00e8ces.&nbsp;<\/p>\n\n\n\n<p class=\"has-medium-font-size wp-block-paragraph\">L&rsquo;Histoire jugera si 2026 fut l&rsquo;ann\u00e9e o\u00f9 l&rsquo;Europe prit enfin son destin en main ou celle o\u00f9 elle laissa passer la derni\u00e8re fen\u00eatre de lucidit\u00e9 strat\u00e9gique avant qu&rsquo;il ne soit trop tard.<\/p>\n\n\n\n<p class=\"wp-block-paragraph\"><\/p>","protected":false},"excerpt":{"rendered":"<p>Le grand pari du r\u00e9armement europ\u00e9en Le retour de Donald Trump \u00e0 la Maison-Blanche a agi comme un r\u00e9v\u00e9lateur brutal. Loin du&hellip;<\/p>","protected":false},"author":31730,"featured_media":4286,"comment_status":"closed","ping_status":"closed","sticky":false,"template":"","format":"standard","meta":{"_lmt_disableupdate":"","_lmt_disable":"","footnotes":""},"categories":[609,611,4],"tags":[688,330],"class_list":["post-4285","post","type-post","status-publish","format-standard","has-post-thumbnail","hentry","category-defense","category-europe","category-mis-en-avant","tag-europe-defense","tag-souverainete"],"yoast_head":"<!-- This site is optimized with the Yoast SEO Premium plugin v28.1 (Yoast SEO v28.1) - https:\/\/yoast.com\/product\/yoast-seo-premium-wordpress\/ -->\n<title>L&#039;Europe \u00e0 l&#039;heure du choix : souverainet\u00e9 ou d\u00e9pendance ? | Geopolitics.fr<\/title>\n<meta name=\"description\" content=\"2026, ann\u00e9e charni\u00e8re : les Europ\u00e9ens devront choisir entre r\u00e9signation strat\u00e9gique et construction active d&#039;une souverainet\u00e9 de d\u00e9fense\" \/>\n<meta name=\"robots\" content=\"index, follow, max-snippet:-1, max-image-preview:large, max-video-preview:-1\" \/>\n<link rel=\"canonical\" href=\"https:\/\/www.geopolitics.fr\/en\/2026\/05\/15\/leurope-a-lheure-du-choix-souverainete-ou-dependance\/\" \/>\n<meta property=\"og:locale\" content=\"en_GB\" \/>\n<meta property=\"og:type\" content=\"article\" \/>\n<meta property=\"og:title\" content=\"L&#039;Europe \u00e0 l&#039;heure du choix : souverainet\u00e9 ou d\u00e9pendance ?\" \/>\n<meta property=\"og:description\" content=\"2026, ann\u00e9e charni\u00e8re : les Europ\u00e9ens devront choisir entre r\u00e9signation strat\u00e9gique et construction active d&#039;une souverainet\u00e9 de d\u00e9fense\" \/>\n<meta property=\"og:url\" content=\"https:\/\/www.geopolitics.fr\/en\/2026\/05\/15\/leurope-a-lheure-du-choix-souverainete-ou-dependance\/\" \/>\n<meta property=\"og:site_name\" content=\"Geopolitics.fr\" \/>\n<meta property=\"article:publisher\" content=\"https:\/\/www.facebook.com\/people\/Erwan-Davoux\/61557098968092\/\" \/>\n<meta property=\"article:published_time\" content=\"2026-05-15T16:40:00+00:00\" \/>\n<meta property=\"article:modified_time\" content=\"2026-05-15T17:37:18+00:00\" \/>\n<meta property=\"og:image\" content=\"https:\/\/www.geopolitics.fr\/wp-content\/uploads\/2026\/05\/europe-heure.jpg\" \/>\n\t<meta property=\"og:image:width\" content=\"1920\" \/>\n\t<meta property=\"og:image:height\" content=\"967\" \/>\n\t<meta property=\"og:image:type\" content=\"image\/jpeg\" \/>\n<meta name=\"author\" content=\"Ghizlaine Badri\" \/>\n<meta name=\"twitter:card\" content=\"summary_large_image\" \/>\n<meta name=\"twitter:creator\" content=\"@Geopolitics_Fr\" \/>\n<meta name=\"twitter:site\" content=\"@Geopolitics_Fr\" \/>\n<meta name=\"twitter:label1\" content=\"Written by\" \/>\n\t<meta name=\"twitter:data1\" content=\"Ghizlaine Badri\" \/>\n\t<meta name=\"twitter:label2\" content=\"Estimated reading time\" \/>\n\t<meta name=\"twitter:data2\" content=\"5 minutes\" \/>\n<script type=\"application\/ld+json\" class=\"yoast-schema-graph\">{\"@context\":\"https:\\\/\\\/schema.org\",\"@graph\":[{\"@type\":\"Article\",\"@id\":\"https:\\\/\\\/www.geopolitics.fr\\\/2026\\\/05\\\/15\\\/leurope-a-lheure-du-choix-souverainete-ou-dependance\\\/#article\",\"isPartOf\":{\"@id\":\"https:\\\/\\\/www.geopolitics.fr\\\/2026\\\/05\\\/15\\\/leurope-a-lheure-du-choix-souverainete-ou-dependance\\\/\"},\"author\":{\"name\":\"Ghizlaine Badri\",\"@id\":\"https:\\\/\\\/www.geopolitics.fr\\\/#\\\/schema\\\/person\\\/c36b165f511617c65a2bf8f8abd9af41\"},\"headline\":\"L&rsquo;Europe \u00e0 l&rsquo;heure du choix : souverainet\u00e9 ou d\u00e9pendance ?\",\"datePublished\":\"2026-05-15T16:40:00+00:00\",\"dateModified\":\"2026-05-15T17:37:18+00:00\",\"mainEntityOfPage\":{\"@id\":\"https:\\\/\\\/www.geopolitics.fr\\\/2026\\\/05\\\/15\\\/leurope-a-lheure-du-choix-souverainete-ou-dependance\\\/\"},\"wordCount\":1133,\"publisher\":{\"@id\":\"https:\\\/\\\/www.geopolitics.fr\\\/#organization\"},\"image\":{\"@id\":\"https:\\\/\\\/www.geopolitics.fr\\\/2026\\\/05\\\/15\\\/leurope-a-lheure-du-choix-souverainete-ou-dependance\\\/#primaryimage\"},\"thumbnailUrl\":\"https:\\\/\\\/www.geopolitics.fr\\\/wp-content\\\/uploads\\\/2026\\\/05\\\/europe-heure.jpg\",\"keywords\":[\"Europe d\u00e9fense\",\"souverainet\u00e9\"],\"articleSection\":[\"D\u00e9fense\",\"Europe\",\"Mis en AVANT\"],\"inLanguage\":\"en-GB\"},{\"@type\":\"WebPage\",\"@id\":\"https:\\\/\\\/www.geopolitics.fr\\\/2026\\\/05\\\/15\\\/leurope-a-lheure-du-choix-souverainete-ou-dependance\\\/\",\"url\":\"https:\\\/\\\/www.geopolitics.fr\\\/2026\\\/05\\\/15\\\/leurope-a-lheure-du-choix-souverainete-ou-dependance\\\/\",\"name\":\"L'Europe \u00e0 l'heure du choix : souverainet\u00e9 ou d\u00e9pendance ? | Geopolitics.fr\",\"isPartOf\":{\"@id\":\"https:\\\/\\\/www.geopolitics.fr\\\/#website\"},\"primaryImageOfPage\":{\"@id\":\"https:\\\/\\\/www.geopolitics.fr\\\/2026\\\/05\\\/15\\\/leurope-a-lheure-du-choix-souverainete-ou-dependance\\\/#primaryimage\"},\"image\":{\"@id\":\"https:\\\/\\\/www.geopolitics.fr\\\/2026\\\/05\\\/15\\\/leurope-a-lheure-du-choix-souverainete-ou-dependance\\\/#primaryimage\"},\"thumbnailUrl\":\"https:\\\/\\\/www.geopolitics.fr\\\/wp-content\\\/uploads\\\/2026\\\/05\\\/europe-heure.jpg\",\"datePublished\":\"2026-05-15T16:40:00+00:00\",\"dateModified\":\"2026-05-15T17:37:18+00:00\",\"description\":\"2026, ann\u00e9e charni\u00e8re : les Europ\u00e9ens devront choisir entre r\u00e9signation strat\u00e9gique et construction active d'une souverainet\u00e9 de d\u00e9fense\",\"breadcrumb\":{\"@id\":\"https:\\\/\\\/www.geopolitics.fr\\\/2026\\\/05\\\/15\\\/leurope-a-lheure-du-choix-souverainete-ou-dependance\\\/#breadcrumb\"},\"inLanguage\":\"en-GB\",\"potentialAction\":[{\"@type\":\"ReadAction\",\"target\":[\"https:\\\/\\\/www.geopolitics.fr\\\/2026\\\/05\\\/15\\\/leurope-a-lheure-du-choix-souverainete-ou-dependance\\\/\"]}]},{\"@type\":\"ImageObject\",\"inLanguage\":\"en-GB\",\"@id\":\"https:\\\/\\\/www.geopolitics.fr\\\/2026\\\/05\\\/15\\\/leurope-a-lheure-du-choix-souverainete-ou-dependance\\\/#primaryimage\",\"url\":\"https:\\\/\\\/www.geopolitics.fr\\\/wp-content\\\/uploads\\\/2026\\\/05\\\/europe-heure.jpg\",\"contentUrl\":\"https:\\\/\\\/www.geopolitics.fr\\\/wp-content\\\/uploads\\\/2026\\\/05\\\/europe-heure.jpg\",\"width\":1920,\"height\":967},{\"@type\":\"BreadcrumbList\",\"@id\":\"https:\\\/\\\/www.geopolitics.fr\\\/2026\\\/05\\\/15\\\/leurope-a-lheure-du-choix-souverainete-ou-dependance\\\/#breadcrumb\",\"itemListElement\":[{\"@type\":\"ListItem\",\"position\":1,\"name\":\"Accueil\",\"item\":\"https:\\\/\\\/www.geopolitics.fr\\\/\"},{\"@type\":\"ListItem\",\"position\":2,\"name\":\"L&rsquo;Europe \u00e0 l&rsquo;heure du choix : souverainet\u00e9 ou d\u00e9pendance ?\"}]},{\"@type\":\"WebSite\",\"@id\":\"https:\\\/\\\/www.geopolitics.fr\\\/#website\",\"url\":\"https:\\\/\\\/www.geopolitics.fr\\\/\",\"name\":\"Geopolitics.fr\",\"description\":\"Geopolitics.fr Analyse politique, relations internationales, d\u00e9fense - ligne \u00e9ditoriale gaullo-chiraquienne\",\"publisher\":{\"@id\":\"https:\\\/\\\/www.geopolitics.fr\\\/#organization\"},\"potentialAction\":[{\"@type\":\"SearchAction\",\"target\":{\"@type\":\"EntryPoint\",\"urlTemplate\":\"https:\\\/\\\/www.geopolitics.fr\\\/?s={search_term_string}\"},\"query-input\":{\"@type\":\"PropertyValueSpecification\",\"valueRequired\":true,\"valueName\":\"search_term_string\"}}],\"inLanguage\":\"en-GB\"},{\"@type\":\"Organization\",\"@id\":\"https:\\\/\\\/www.geopolitics.fr\\\/#organization\",\"name\":\"Geopolitics.fr\",\"url\":\"https:\\\/\\\/www.geopolitics.fr\\\/\",\"logo\":{\"@type\":\"ImageObject\",\"inLanguage\":\"en-GB\",\"@id\":\"https:\\\/\\\/www.geopolitics.fr\\\/#\\\/schema\\\/logo\\\/image\\\/\",\"url\":\"https:\\\/\\\/www.geopolitics.fr\\\/wp-content\\\/uploads\\\/2024\\\/01\\\/logo.jpg\",\"contentUrl\":\"https:\\\/\\\/www.geopolitics.fr\\\/wp-content\\\/uploads\\\/2024\\\/01\\\/logo.jpg\",\"width\":500,\"height\":500,\"caption\":\"Geopolitics.fr\"},\"image\":{\"@id\":\"https:\\\/\\\/www.geopolitics.fr\\\/#\\\/schema\\\/logo\\\/image\\\/\"},\"sameAs\":[\"https:\\\/\\\/www.facebook.com\\\/people\\\/Erwan-Davoux\\\/61557098968092\\\/\",\"https:\\\/\\\/x.com\\\/Geopolitics_Fr\"]},{\"@type\":\"Person\",\"@id\":\"https:\\\/\\\/www.geopolitics.fr\\\/#\\\/schema\\\/person\\\/c36b165f511617c65a2bf8f8abd9af41\",\"name\":\"Ghizlaine Badri\",\"image\":{\"@type\":\"ImageObject\",\"inLanguage\":\"en-GB\",\"@id\":\"https:\\\/\\\/www.geopolitics.fr\\\/wp-content\\\/uploads\\\/2026\\\/04\\\/cropped-Ghizlaine-96x96.jpg\",\"url\":\"https:\\\/\\\/www.geopolitics.fr\\\/wp-content\\\/uploads\\\/2026\\\/04\\\/cropped-Ghizlaine-96x96.jpg\",\"contentUrl\":\"https:\\\/\\\/www.geopolitics.fr\\\/wp-content\\\/uploads\\\/2026\\\/04\\\/cropped-Ghizlaine-96x96.jpg\",\"caption\":\"Ghizlaine Badri\"},\"description\":\"R\u00e9dactrice en chef de Geopolitics.fr, Ghizlaine Badri est une Journaliste politique forte de vingt-cing ans d'exp\u00e9rience professionnelle dont quinze ans dans la Presse. Elle a construit un parcours \u00e0 l'intersection des sc\u00e8nes fran\u00e7aise, europ\u00e9enne et internationale. Ghizlaine a collabor\u00e9 avec pr\u00e8s d'une vingtaine de m\u00e9dias, parmi lesquels Le Point, Le Figaro, Les \u00c9chos, L'Express et Forbes. Correspondante Maroc\u2013Maghreb pour Le Point et correspondante Afrique pour Forbes, elle s'est distingu\u00e9e par une couverture approfondie des dynamiques politiques et diplomatiques entre l'Europe et le continent africain. Elle est \u00e0 ce jour la seule journaliste marocaine en activit\u00e9 \u00e0 avoir collabor\u00e9 avec des titres majeurs de la presse fran\u00e7aise hors sph\u00e8re panafricaine en France. Au sein du quotidien \u00e9conomique L'\u00c9conomiste, 1er quotidien au Maroc, elle a fond\u00e9 la rubrique France\u2013Maroc, contribuant \u00e0 structurer un espace \u00e9ditorial in\u00e9dit. Titulaire de trois masters obtenus en France, elle a travaill\u00e9 dans les domaines de la communication institutionnelle notamment \u00e0 la Mairie de Bordeaux aupr\u00e8s d'Alain Jupp\u00e9 et a \u00e9galement exerc\u00e9 des fonctions de direction en communication marketing, notamment aupr\u00e8s de l'Ambassade de France au Maroc. Polyglotte, elle est franco-italo-marocaine, n\u00e9e \u00e0 Casablanca, a v\u00e9cu \u00e0 New-York et maitrise cinq langues le fran\u00e7ais, l'arabe, l'anglais, l'italien et l'espagnol.\",\"url\":\"https:\\\/\\\/www.geopolitics.fr\\\/en\\\/author\\\/ghizlaine-badri\\\/\"}]}<\/script>\n<!-- \/ Yoast SEO Premium plugin. -->","yoast_head_json":{"title":"L'Europe \u00e0 l'heure du choix : souverainet\u00e9 ou d\u00e9pendance ? | Geopolitics.fr","description":"2026, ann\u00e9e charni\u00e8re : les Europ\u00e9ens devront choisir entre r\u00e9signation strat\u00e9gique et construction active d'une souverainet\u00e9 de d\u00e9fense","robots":{"index":"index","follow":"follow","max-snippet":"max-snippet:-1","max-image-preview":"max-image-preview:large","max-video-preview":"max-video-preview:-1"},"canonical":"https:\/\/www.geopolitics.fr\/en\/2026\/05\/15\/leurope-a-lheure-du-choix-souverainete-ou-dependance\/","og_locale":"en_GB","og_type":"article","og_title":"L'Europe \u00e0 l'heure du choix : souverainet\u00e9 ou d\u00e9pendance ?","og_description":"2026, ann\u00e9e charni\u00e8re : les Europ\u00e9ens devront choisir entre r\u00e9signation strat\u00e9gique et construction active d'une souverainet\u00e9 de d\u00e9fense","og_url":"https:\/\/www.geopolitics.fr\/en\/2026\/05\/15\/leurope-a-lheure-du-choix-souverainete-ou-dependance\/","og_site_name":"Geopolitics.fr","article_publisher":"https:\/\/www.facebook.com\/people\/Erwan-Davoux\/61557098968092\/","article_published_time":"2026-05-15T16:40:00+00:00","article_modified_time":"2026-05-15T17:37:18+00:00","og_image":[{"width":1920,"height":967,"url":"https:\/\/www.geopolitics.fr\/wp-content\/uploads\/2026\/05\/europe-heure.jpg","type":"image\/jpeg"}],"author":"Ghizlaine Badri","twitter_card":"summary_large_image","twitter_creator":"@Geopolitics_Fr","twitter_site":"@Geopolitics_Fr","twitter_misc":{"Written by":"Ghizlaine Badri","Estimated reading time":"5 minutes"},"schema":{"@context":"https:\/\/schema.org","@graph":[{"@type":"Article","@id":"https:\/\/www.geopolitics.fr\/2026\/05\/15\/leurope-a-lheure-du-choix-souverainete-ou-dependance\/#article","isPartOf":{"@id":"https:\/\/www.geopolitics.fr\/2026\/05\/15\/leurope-a-lheure-du-choix-souverainete-ou-dependance\/"},"author":{"name":"Ghizlaine Badri","@id":"https:\/\/www.geopolitics.fr\/#\/schema\/person\/c36b165f511617c65a2bf8f8abd9af41"},"headline":"L&rsquo;Europe \u00e0 l&rsquo;heure du choix : souverainet\u00e9 ou d\u00e9pendance ?","datePublished":"2026-05-15T16:40:00+00:00","dateModified":"2026-05-15T17:37:18+00:00","mainEntityOfPage":{"@id":"https:\/\/www.geopolitics.fr\/2026\/05\/15\/leurope-a-lheure-du-choix-souverainete-ou-dependance\/"},"wordCount":1133,"publisher":{"@id":"https:\/\/www.geopolitics.fr\/#organization"},"image":{"@id":"https:\/\/www.geopolitics.fr\/2026\/05\/15\/leurope-a-lheure-du-choix-souverainete-ou-dependance\/#primaryimage"},"thumbnailUrl":"https:\/\/www.geopolitics.fr\/wp-content\/uploads\/2026\/05\/europe-heure.jpg","keywords":["Europe d\u00e9fense","souverainet\u00e9"],"articleSection":["D\u00e9fense","Europe","Mis en AVANT"],"inLanguage":"en-GB"},{"@type":"WebPage","@id":"https:\/\/www.geopolitics.fr\/2026\/05\/15\/leurope-a-lheure-du-choix-souverainete-ou-dependance\/","url":"https:\/\/www.geopolitics.fr\/2026\/05\/15\/leurope-a-lheure-du-choix-souverainete-ou-dependance\/","name":"L'Europe \u00e0 l'heure du choix : souverainet\u00e9 ou d\u00e9pendance ? | Geopolitics.fr","isPartOf":{"@id":"https:\/\/www.geopolitics.fr\/#website"},"primaryImageOfPage":{"@id":"https:\/\/www.geopolitics.fr\/2026\/05\/15\/leurope-a-lheure-du-choix-souverainete-ou-dependance\/#primaryimage"},"image":{"@id":"https:\/\/www.geopolitics.fr\/2026\/05\/15\/leurope-a-lheure-du-choix-souverainete-ou-dependance\/#primaryimage"},"thumbnailUrl":"https:\/\/www.geopolitics.fr\/wp-content\/uploads\/2026\/05\/europe-heure.jpg","datePublished":"2026-05-15T16:40:00+00:00","dateModified":"2026-05-15T17:37:18+00:00","description":"2026, ann\u00e9e charni\u00e8re : les Europ\u00e9ens devront choisir entre r\u00e9signation strat\u00e9gique et construction active d'une souverainet\u00e9 de d\u00e9fense","breadcrumb":{"@id":"https:\/\/www.geopolitics.fr\/2026\/05\/15\/leurope-a-lheure-du-choix-souverainete-ou-dependance\/#breadcrumb"},"inLanguage":"en-GB","potentialAction":[{"@type":"ReadAction","target":["https:\/\/www.geopolitics.fr\/2026\/05\/15\/leurope-a-lheure-du-choix-souverainete-ou-dependance\/"]}]},{"@type":"ImageObject","inLanguage":"en-GB","@id":"https:\/\/www.geopolitics.fr\/2026\/05\/15\/leurope-a-lheure-du-choix-souverainete-ou-dependance\/#primaryimage","url":"https:\/\/www.geopolitics.fr\/wp-content\/uploads\/2026\/05\/europe-heure.jpg","contentUrl":"https:\/\/www.geopolitics.fr\/wp-content\/uploads\/2026\/05\/europe-heure.jpg","width":1920,"height":967},{"@type":"BreadcrumbList","@id":"https:\/\/www.geopolitics.fr\/2026\/05\/15\/leurope-a-lheure-du-choix-souverainete-ou-dependance\/#breadcrumb","itemListElement":[{"@type":"ListItem","position":1,"name":"Accueil","item":"https:\/\/www.geopolitics.fr\/"},{"@type":"ListItem","position":2,"name":"L&rsquo;Europe \u00e0 l&rsquo;heure du choix : souverainet\u00e9 ou d\u00e9pendance ?"}]},{"@type":"WebSite","@id":"https:\/\/www.geopolitics.fr\/#website","url":"https:\/\/www.geopolitics.fr\/","name":"Geopolitics.fr","description":"Geopolitics.fr Analyse politique, relations internationales, d\u00e9fense - ligne \u00e9ditoriale gaullo-chiraquienne","publisher":{"@id":"https:\/\/www.geopolitics.fr\/#organization"},"potentialAction":[{"@type":"SearchAction","target":{"@type":"EntryPoint","urlTemplate":"https:\/\/www.geopolitics.fr\/?s={search_term_string}"},"query-input":{"@type":"PropertyValueSpecification","valueRequired":true,"valueName":"search_term_string"}}],"inLanguage":"en-GB"},{"@type":"Organization","@id":"https:\/\/www.geopolitics.fr\/#organization","name":"Geopolitics.fr","url":"https:\/\/www.geopolitics.fr\/","logo":{"@type":"ImageObject","inLanguage":"en-GB","@id":"https:\/\/www.geopolitics.fr\/#\/schema\/logo\/image\/","url":"https:\/\/www.geopolitics.fr\/wp-content\/uploads\/2024\/01\/logo.jpg","contentUrl":"https:\/\/www.geopolitics.fr\/wp-content\/uploads\/2024\/01\/logo.jpg","width":500,"height":500,"caption":"Geopolitics.fr"},"image":{"@id":"https:\/\/www.geopolitics.fr\/#\/schema\/logo\/image\/"},"sameAs":["https:\/\/www.facebook.com\/people\/Erwan-Davoux\/61557098968092\/","https:\/\/x.com\/Geopolitics_Fr"]},{"@type":"Person","@id":"https:\/\/www.geopolitics.fr\/#\/schema\/person\/c36b165f511617c65a2bf8f8abd9af41","name":"Ghizlaine Badri","image":{"@type":"ImageObject","inLanguage":"en-GB","@id":"https:\/\/www.geopolitics.fr\/wp-content\/uploads\/2026\/04\/cropped-Ghizlaine-96x96.jpg","url":"https:\/\/www.geopolitics.fr\/wp-content\/uploads\/2026\/04\/cropped-Ghizlaine-96x96.jpg","contentUrl":"https:\/\/www.geopolitics.fr\/wp-content\/uploads\/2026\/04\/cropped-Ghizlaine-96x96.jpg","caption":"Ghizlaine Badri"},"description":"R\u00e9dactrice en chef de Geopolitics.fr, Ghizlaine Badri est une Journaliste politique forte de vingt-cing ans d'exp\u00e9rience professionnelle dont quinze ans dans la Presse. Elle a construit un parcours \u00e0 l'intersection des sc\u00e8nes fran\u00e7aise, europ\u00e9enne et internationale. Ghizlaine a collabor\u00e9 avec pr\u00e8s d'une vingtaine de m\u00e9dias, parmi lesquels Le Point, Le Figaro, Les \u00c9chos, L'Express et Forbes. Correspondante Maroc\u2013Maghreb pour Le Point et correspondante Afrique pour Forbes, elle s'est distingu\u00e9e par une couverture approfondie des dynamiques politiques et diplomatiques entre l'Europe et le continent africain. Elle est \u00e0 ce jour la seule journaliste marocaine en activit\u00e9 \u00e0 avoir collabor\u00e9 avec des titres majeurs de la presse fran\u00e7aise hors sph\u00e8re panafricaine en France. Au sein du quotidien \u00e9conomique L'\u00c9conomiste, 1er quotidien au Maroc, elle a fond\u00e9 la rubrique France\u2013Maroc, contribuant \u00e0 structurer un espace \u00e9ditorial in\u00e9dit. Titulaire de trois masters obtenus en France, elle a travaill\u00e9 dans les domaines de la communication institutionnelle notamment \u00e0 la Mairie de Bordeaux aupr\u00e8s d'Alain Jupp\u00e9 et a \u00e9galement exerc\u00e9 des fonctions de direction en communication marketing, notamment aupr\u00e8s de l'Ambassade de France au Maroc. Polyglotte, elle est franco-italo-marocaine, n\u00e9e \u00e0 Casablanca, a v\u00e9cu \u00e0 New-York et maitrise cinq langues le fran\u00e7ais, l'arabe, l'anglais, l'italien et l'espagnol.","url":"https:\/\/www.geopolitics.fr\/en\/author\/ghizlaine-badri\/"}]}},"_links":{"self":[{"href":"https:\/\/www.geopolitics.fr\/en\/wp-json\/wp\/v2\/posts\/4285","targetHints":{"allow":["GET"]}}],"collection":[{"href":"https:\/\/www.geopolitics.fr\/en\/wp-json\/wp\/v2\/posts"}],"about":[{"href":"https:\/\/www.geopolitics.fr\/en\/wp-json\/wp\/v2\/types\/post"}],"author":[{"embeddable":true,"href":"https:\/\/www.geopolitics.fr\/en\/wp-json\/wp\/v2\/users\/31730"}],"replies":[{"embeddable":true,"href":"https:\/\/www.geopolitics.fr\/en\/wp-json\/wp\/v2\/comments?post=4285"}],"version-history":[{"count":0,"href":"https:\/\/www.geopolitics.fr\/en\/wp-json\/wp\/v2\/posts\/4285\/revisions"}],"wp:featuredmedia":[{"embeddable":true,"href":"https:\/\/www.geopolitics.fr\/en\/wp-json\/wp\/v2\/media\/4286"}],"wp:attachment":[{"href":"https:\/\/www.geopolitics.fr\/en\/wp-json\/wp\/v2\/media?parent=4285"}],"wp:term":[{"taxonomy":"category","embeddable":true,"href":"https:\/\/www.geopolitics.fr\/en\/wp-json\/wp\/v2\/categories?post=4285"},{"taxonomy":"post_tag","embeddable":true,"href":"https:\/\/www.geopolitics.fr\/en\/wp-json\/wp\/v2\/tags?post=4285"}],"curies":[{"name":"wp","href":"https:\/\/api.w.org\/{rel}","templated":true}]}}