{"id":4271,"date":"2026-05-13T13:14:49","date_gmt":"2026-05-13T11:14:49","guid":{"rendered":"https:\/\/www.geopolitics.fr\/?p=4271"},"modified":"2026-05-13T13:15:41","modified_gmt":"2026-05-13T11:15:41","slug":"le-rapport-alloncle-une-bombe-politique-au-coeur-de-la-souverainete-mediatique-francaise","status":"publish","type":"post","link":"https:\/\/www.geopolitics.fr\/en\/2026\/05\/13\/le-rapport-alloncle-une-bombe-politique-au-coeur-de-la-souverainete-mediatique-francaise\/","title":{"rendered":"Le Rapport Alloncle : une bombe politique au c\u0153ur de la souverainet\u00e9 m\u00e9diatique fran\u00e7aise"},"content":{"rendered":"<p class=\"has-medium-font-size wp-block-paragraph\">En six mois de travaux, 264 heures d&rsquo;auditions, 551 pages de rapport et 69 recommandations, la commission d&rsquo;enqu\u00eate parlementaire sur l&rsquo;audiovisuel public a produit un document. Il fait beaucoup de bruit pour des raisons qui n&rsquo;ont presque rien \u00e0 voir avec les d\u00e9fis r\u00e9els auxquels est confront\u00e9e la France dans la bataille mondiale de l&rsquo;information.<\/p>\n\n\n\n<h2 class=\"wp-block-heading\" id=\"h-une-commission-nee-d-une-polemique-mineure-pour-des-enjeux-majeurs\">Une commission n\u00e9e d&rsquo;une pol\u00e9mique mineure, pour des enjeux majeurs<\/h2>\n\n\n\n<p class=\"has-medium-font-size wp-block-paragraph\">Le 5 mai 2026, l&rsquo;Assembl\u00e9e nationale publiait le rapport de la commission d&rsquo;enqu\u00eate sur \u00ab la neutralit\u00e9, le fonctionnement et le financement de l&rsquo;audiovisuel public \u00bb. Son rapporteur, Charles Alloncle, d\u00e9put\u00e9 UDR (parti d&rsquo;\u00c9ric Ciotti, alli\u00e9 au Rassemblement national), pr\u00e9sentait ce document comme une tentative de \u00ab sauver l&rsquo;audiovisuel public \u00bb. Ses adversaires y lisaient une feuille de route pour le d\u00e9manteler. <\/p>\n\n\n\n<p class=\"has-medium-font-size wp-block-paragraph\">Le Premier ministre S\u00e9bastien Lecornu parlait d&rsquo;une \u00ab occasion manqu\u00e9e \u00bb. La pr\u00e9sidente de France T\u00e9l\u00e9visions, Delphine Ernotte Cunci, d\u00e9non\u00e7ait \u00ab le plus grand plan social de l&rsquo;histoire culturelle fran\u00e7aise \u00bb. Le pr\u00e9sident de la commission lui-m\u00eame, J\u00e9r\u00e9mie Patrier-Leitus (Horizons), prenait ses distances dans un avant-propos virulent.<\/p>\n\n\n\n<p class=\"has-medium-font-size wp-block-paragraph\">C&rsquo;est une vid\u00e9o publi\u00e9e par le site d&rsquo;extr\u00eame droite \u00ab\u00a0L&rsquo;Incorrect\u00a0\u00bb, montrant des journalistes Thomas Legrand et Patrick Cohen dans une conversation informelle avec des responsables socialistes, qui a fourni le pr\u00e9texte. \u00c9ric Ciotti a imm\u00e9diatement exerc\u00e9 son droit de tirage parlementaire pour d\u00e9clencher une commission d&rsquo;enqu\u00eate sur la \u00ab neutralit\u00e9 \u00bb de l&rsquo;audiovisuel public.\u00a0<\/p>\n\n\n\n<p class=\"has-medium-font-size wp-block-paragraph\">Le dispositif est embl\u00e9matique d&rsquo;une \u00e9poque : une controverse de quelques heures sur les r\u00e9seaux sociaux devient le fondement institutionnel d&rsquo;une commission de six mois. Le rapport a \u00e9t\u00e9 adopt\u00e9 dans des conditions rocambolesques : 12 voix pour et 10 contre, au terme de quatre heures de r\u00e9union \u00e9lectrique \u00e0 huis clos, apr\u00e8s des semaines de tensions autour de son contenu et de sa m\u00e9thode.&nbsp;<\/p>\n\n\n\n<h2 class=\"wp-block-heading\" id=\"h-ce-que-le-rapport-dit-reellement-un-service-public-retreci\">Ce que le rapport dit r\u00e9ellement : un service public r\u00e9tr\u00e9ci<\/h2>\n\n\n\n<p class=\"has-medium-font-size wp-block-paragraph\">Loin de la caricature qui en a parfois \u00e9t\u00e9 faite, le rapport Alloncle n&rsquo;est pas un texte de privatisation directe. Il ne propose ni la suppression du service public, ni la privatisation des soci\u00e9t\u00e9s nationales, ni leur regroupement en une holding unique. Il dessine cependant, avec une coh\u00e9rence interne certaine, un service public r\u00e9duit dans ses missions, r\u00e9tr\u00e9ci dans ses formats, et reconduit sous tutelle politique directe.&nbsp;<\/p>\n\n\n\n<p class=\"has-medium-font-size wp-block-paragraph\">Les restructurations propos\u00e9es sont radicales. Le rapport pr\u00e9conise la fusion de France 2 et France 5, celle de Franceinfo et France 24, celle de France 3 et ICI, et la suppression pure et simple de France 4, de France TV Slash et de la station Mouv&rsquo;. Sur le plan budg\u00e9taire, le rapport vise plus d&rsquo;un milliard d&rsquo;euros d&rsquo;\u00e9conomies annuelles sur les quatre milliards que repr\u00e9sente le financement public du secteur.  Cela repr\u00e9sente une r\u00e9duction d&rsquo;un tiers du budget sportif et une baisse de 75 % du budget des jeux t\u00e9l\u00e9vis\u00e9s.\u00a0<\/p>\n\n\n\n<p class=\"has-medium-font-size wp-block-paragraph\">La gouvernance est le point le plus lourd de cons\u00e9quences. Le rapport pr\u00e9conise la nomination des dirigeants de l&rsquo;audiovisuel public directement par le pr\u00e9sident de la R\u00e9publique, apr\u00e8s avis des commissions des affaires culturelles et de l&rsquo;ARCOM.  Une proposition qui, selon ses opposants, fleure bon le retour \u00e0 l&rsquo;ORTF. Par ailleurs, France T\u00e9l\u00e9visions et Radio France ne seraient plus rattach\u00e9es au minist\u00e8re de la Culture, mais plac\u00e9es sous la tutelle d&rsquo;un secr\u00e9tariat g\u00e9n\u00e9ral \u00e0 l&rsquo;audiovisuel public directement rattach\u00e9 \u00e0 Matignon.<\/p>\n\n\n\n<p class=\"has-medium-font-size wp-block-paragraph\">Les r\u00e9ponses du rapport pr\u00e9sentent une coh\u00e9rence interne, mais semblent dessiner un service public r\u00e9tr\u00e9ci, assez \u00ab r\u00e9tro \u00bb, moins attractif pour le public et plus que jamais soup\u00e7onn\u00e9 d&rsquo;\u00eatre sous la coupe du pouvoir politique.<\/p>\n\n\n\n<h2 class=\"wp-block-heading\" id=\"h-ce-que-le-rapport-ne-dit-pas-l-angle-mort-geopolitique\">Ce que le rapport ne dit pas : l&rsquo;angle mort g\u00e9opolitique<\/h2>\n\n\n\n<p class=\"has-medium-font-size wp-block-paragraph\">C&rsquo;est ici que l&rsquo;analyse s&rsquo;impose dans toute sa n\u00e9cessit\u00e9. Car l&rsquo;audiovisuel public fran\u00e7ais n&rsquo;est pas seulement une question de politique int\u00e9rieure ou d&rsquo;\u00e9quilibre budg\u00e9taire. Il est un instrument central de la puissance douce fran\u00e7aise dans le monde.<\/p>\n\n\n\n<h3 class=\"wp-block-heading has-medium-font-size\" id=\"h-la-bataille-mondiale-de-l-information\"><strong>La bataille mondiale de l&rsquo;information<\/strong><\/h3>\n\n\n\n<p class=\"has-medium-font-size wp-block-paragraph\">La Russie, la Chine, la Turquie et le Qatar ont pour point commun d&rsquo;utiliser les m\u00e9dias, l&rsquo;audiovisuel et les r\u00e9seaux sociaux pour influencer les opinions publiques mondiales. C&rsquo;est par la fiction t\u00e9l\u00e9visuelle que la Turquie a accru de mani\u00e8re exponentielle son influence dans les pays arabes \u00e0 partir du milieu des ann\u00e9es 2000. Dans le domaine audiovisuel, l&rsquo;op\u00e9rateur audiovisuel chinois Startimes s&rsquo;est impos\u00e9 comme le leader de la t\u00e9l\u00e9vision num\u00e9rique en Afrique subsaharienne, avec 13 millions d&rsquo;abonn\u00e9s dans plus de 30 pays.\u00a0<\/p>\n\n\n\n<h3 class=\"wp-block-heading has-medium-font-size\" id=\"h-france-medias-monde-arme-strategique-en-peril\"><strong>France M\u00e9dias Monde, arme strat\u00e9gique en p\u00e9ril<\/strong><\/h3>\n\n\n\n<p class=\"has-medium-font-size wp-block-paragraph\">A la suite d&rsquo;un reportage sur les exactions de la milice Wagner, la diffusion de RFI en FM et la distribution de France 24 ont \u00e9t\u00e9 suspendues au Mali. Ces tensions g\u00e9opolitiques r\u00e9centes sont venues souligner l&rsquo;importance de l&rsquo;audiovisuel ext\u00e9rieur fran\u00e7ais. Ces expulsions pr\u00e9sent\u00e9es par les juntes comme une question de souverainet\u00e9, \u00e9taient en r\u00e9alit\u00e9 la preuve que RFI et France 24 d\u00e9rangeaient les nouveaux ma\u00eetres sah\u00e9liens et leurs parrains moscovites.<\/p>\n\n\n\n<h3 class=\"wp-block-heading has-medium-font-size\" id=\"h-la-fusion-franceinfo-france-24-une-recommandation-geopolitiquement-irresponsable\"><strong>La fusion Franceinfo \/ France 24 : une recommandation g\u00e9opolitiquement irresponsable<\/strong><\/h3>\n\n\n\n<p class=\"has-medium-font-size wp-block-paragraph\">Ces deux entit\u00e9s ont des missions radicalement diff\u00e9rentes. France 24 diffuse en quatre langues et repr\u00e9sente une offre alternative aux grands m\u00e9dias d&rsquo;information anglo-saxons, proposant une vision originale de l&rsquo;actualit\u00e9 internationale, fond\u00e9e sur des valeurs d\u00e9mocratiques. Les fusionner au nom d&rsquo;\u00e9conomies budg\u00e9taires reviendrait \u00e0 sacrifier l&rsquo;expertise internationale de France 24 sur l&rsquo;autel de la rationalisation comptable. Et ainsi offrir un avantage strat\u00e9gique imm\u00e9diat \u00e0 la Russie et \u00e0 la Chine dans les zones o\u00f9 leur influence progresse.\u00a0<\/p>\n\n\n\n<h3 class=\"wp-block-heading has-medium-font-size\" id=\"h-le-defi-de-l-ia-generative-totalement-ignore\"><strong>Le d\u00e9fi de l&rsquo;IA g\u00e9n\u00e9rative, totalement ignor\u00e9<\/strong><\/h3>\n\n\n\n<p class=\"has-medium-font-size wp-block-paragraph\">En 2026, plus de 80 % des moins de 25 ans utilisent l&rsquo;IA g\u00e9n\u00e9rative comme premi\u00e8re source d&rsquo;information. L&rsquo;initiative de Grokipedia lanc\u00e9e par Elon Musk vise \u00e0 \u00ab intoxiquer \u00bb progressivement les bases de donn\u00e9es des grands mod\u00e8les de langage.  Au risque, par exemple, de voir ces outils expliquer un jour \u00e0 leurs utilisateurs que c&rsquo;est l&rsquo;Ukraine qui a attaqu\u00e9 la Russie en 2022. Les archives num\u00e9riques de l&rsquo;INA, les productions de France T\u00e9l\u00e9visions et de RFI constituent une ressource strat\u00e9gique irrempla\u00e7able pour alimenter des mod\u00e8les d&rsquo;IA fond\u00e9s sur une information v\u00e9rifi\u00e9e. Le rapport n&rsquo;aborde pas ce sujet.<\/p>\n\n\n\n<p class=\"has-medium-font-size wp-block-paragraph\">Le pr\u00e9sident de la commission, J\u00e9r\u00e9mie Patrier-Leitus, a accus\u00e9 Charles Alloncle de vouloir \u00ab pr\u00e9parer les esprits \u00bb \u00e0 une privatisation de France T\u00e9l\u00e9visions et Radio France, souhait\u00e9e par ses alli\u00e9s du Rassemblement national.&nbsp;<\/p>\n\n\n\n<h3 class=\"wp-block-heading has-medium-font-size\" id=\"h-le-programme-politique-du-rn-et-de-ses-allies-en-matiere-d-audiovisuel-public\"><strong>le programme politique du RN et de ses alli\u00e9s en mati\u00e8re d&rsquo;audiovisuel public ?<\/strong><\/h3>\n\n\n\n<p class=\"has-medium-font-size wp-block-paragraph\">Le rapport ne vise pas \u00e0 faire consensus, mais plut\u00f4t \u00e0 esquisser ce que pourrait \u00eatre le programme politique du RN et de ses alli\u00e9s en mati\u00e8re d&rsquo;audiovisuel public. Les m\u00e9thodes d\u00e9nonc\u00e9es, mise en cause de la neutralit\u00e9 des m\u00e9dias publics, suggestion de les placer sous contr\u00f4le politique direct sont pr\u00e9cis\u00e9ment celles qu&rsquo;ont utilis\u00e9es Viktor Orb\u00e1n en Hongrie ou le gouvernement PiS en Pologne pour affaiblir leurs m\u00e9dias ind\u00e9pendants. La vigilance comparative s&rsquo;impose.&nbsp;<\/p>\n\n\n\n<p class=\"has-medium-font-size wp-block-paragraph\">Le pr\u00e9sident de la commission a lui-m\u00eame regrett\u00e9 des \u00ab insinuations \u00bb, des \u00ab calomnies \u00bb et des \u00ab accusations mensong\u00e8res \u00bb, estimant que le rapport risquait de \u00ab fragiliser encore davantage nos institutions d\u00e9mocratiques et la confiance des Fran\u00e7ais \u00bb.&nbsp;<\/p>\n\n\n\n<h2 class=\"wp-block-heading\" id=\"h-les-vrais-enjeux-que-la-commission-n-a-pas-traites\">Les vrais enjeux que la commission n&rsquo;a pas trait\u00e9s<\/h2>\n\n\n\n<p class=\"has-medium-font-size wp-block-paragraph\">Qu&rsquo;auraient d\u00fb aborder 264 heures d&rsquo;auditions ? La liste est longue, et son absence est instructive.<\/p>\n\n\n\n<h3 class=\"wp-block-heading has-medium-font-size\" id=\"h-la-bataille-de-l-influence-en-afrique-francophone\"><strong>La bataille de l&rsquo;influence en Afrique francophone<\/strong><\/h3>\n\n\n\n<p class=\"has-medium-font-size wp-block-paragraph\">Alors que la France recule politiquement et militairement au Sahel, son audiovisuel ext\u00e9rieur reste l&rsquo;un de ses derniers atouts d&rsquo;influence r\u00e9els. Une commission s\u00e9rieuse aurait d\u00fb formuler une strat\u00e9gie de reconqu\u00eate de l&rsquo;audience africaine par un journalisme de proximit\u00e9 et une production locale renforc\u00e9e.<\/p>\n\n\n\n<h3 class=\"wp-block-heading has-medium-font-size\" id=\"h-la-souverainete-numerique\"><strong>La souverainet\u00e9 num\u00e9rique<\/strong><\/h3>\n\n\n\n<p class=\"has-medium-font-size wp-block-paragraph\">La bataille du soft power par des pure players fran\u00e7ais et europ\u00e9ens est pour l&rsquo;instant perdue, avec en particulier l&rsquo;\u00e9chec de Salto et la marginalisation de Dailymotion. Les acteurs audiovisuels publics comme Arte et France M\u00e9dias Monde restent une partie essentielle de la solution dans cette bataille mondiale.\u00a0<\/p>\n\n\n\n<h3 class=\"wp-block-heading has-medium-font-size\" id=\"h-le-financement-perenne\"><strong>Le financement p\u00e9renne<\/strong><\/h3>\n\n\n\n<p class=\"has-medium-font-size wp-block-paragraph\">La suppression de la redevance audiovisuelle en 2022, remplac\u00e9e par une fraction de TVA, a fragilis\u00e9 l&rsquo;ind\u00e9pendance du secteur. Un vrai rapport de r\u00e9forme aurait d\u00fb proposer un m\u00e9canisme de financement pluriannuel garantissant l&rsquo;autonomie \u00e9ditoriale sur le mod\u00e8le des pays nordiques.<\/p>\n\n\n\n<h3 class=\"wp-block-heading has-medium-font-size\" id=\"h-l-exception-culturelle-a-l-ere-du-streaming\"><strong>L&rsquo;exception culturelle \u00e0 l&rsquo;\u00e8re du streaming<\/strong><\/h3>\n\n\n\n<p class=\"has-medium-font-size wp-block-paragraph\">Les quotas de diffusion, la chronologie des m\u00e9dias, le soutien au CNC sont menac\u00e9s par l&rsquo;\u00e9volution des usages num\u00e9riques. Les tensions entre l&rsquo;ouverture universaliste de la culture fran\u00e7aise et les exigences de souverainet\u00e9 culturelle, comment pr\u00e9server l&rsquo;ind\u00e9pendance des expressions culturelles \u00e0 l&rsquo;\u00e8re des plateformes num\u00e9riques globalis\u00e9es ? Constituent le vrai d\u00e9fi strat\u00e9gique.\u00a0<\/p>\n\n\n\n<h3 class=\"wp-block-heading has-medium-font-size\" id=\"h-un-rapport-passeiste\"><strong>Un rapport pass\u00e9iste<\/strong><\/h3>\n\n\n\n<p class=\"has-medium-font-size wp-block-paragraph\">Le rapport Alloncle sera peut-\u00eatre la derni\u00e8re bataille du XXe si\u00e8cle dans le d\u00e9bat sur l&rsquo;audiovisuel public fran\u00e7ais. L&rsquo;intelligence artificielle red\u00e9finit la production et la consommation de l&rsquo;information, la guerre informationnelle est devenue une composante permanente de la comp\u00e9tition g\u00e9opolitique, la souverainet\u00e9 culturelle est un enjeu central de la politique europ\u00e9enne. Au m\u00eame moment, la France choisit de consacrer six mois de travail parlementaire \u00e0 une querelle politique sur la neutralit\u00e9 suppos\u00e9e d&rsquo;animateurs de radio.<\/p>\n\n\n\n<p class=\"has-medium-font-size wp-block-paragraph\">Le pr\u00e9sident de la commission a lui-m\u00eame appel\u00e9 \u00e0 r\u00e9fl\u00e9chir sur la place de l&rsquo;audiovisuel public face aux plateformes mondiales, \u00e0 la d\u00e9sinformation et \u00e0 la concentration des m\u00e9dias. Il a estim\u00e9 que \u00ab c&rsquo;est \u00e0 partir de ces r\u00e9ponses que doivent \u00eatre pos\u00e9es les questions de format, de moyens, d&rsquo;organisation \u00bb. Cette m\u00e9thode, le fond avant les structures est exactement l&rsquo;inverse de ce qu&rsquo;a produit la commission Alloncle.\u00a0<\/p>\n\n\n\n<p class=\"has-medium-font-size wp-block-paragraph\">L&rsquo;audiovisuel public est un bien commun, un instrument de souverainet\u00e9 et un pilier de la d\u00e9mocratie. Il m\u00e9rite mieux qu&rsquo;un rapport partisan n\u00e9 d&rsquo;une pol\u00e9mique de r\u00e9seaux sociaux. Il m\u00e9rite une vision strat\u00e9gique \u00e0 la hauteur des enjeux du XXIe si\u00e8cle.<\/p>\n\n\n\n<p class=\"wp-block-paragraph\"><\/p>","protected":false},"excerpt":{"rendered":"<p>En six mois de travaux, 264 heures d&rsquo;auditions, 551 pages de rapport et 69 recommandations, la commission d&rsquo;enqu\u00eate parlementaire sur l&rsquo;audiovisuel public&hellip;<\/p>","protected":false},"author":31730,"featured_media":4272,"comment_status":"closed","ping_status":"closed","sticky":false,"template":"","format":"standard","meta":{"_lmt_disableupdate":"","_lmt_disable":"","footnotes":""},"categories":[635,605,4,617],"tags":[684,685],"class_list":["post-4271","post","type-post","status-publish","format-standard","has-post-thumbnail","hentry","category-diplomatie","category-france","category-mis-en-avant","category-politique-france","tag-audiovisuel-public","tag-rapport-alloncle"],"yoast_head":"<!-- This site is optimized with the Yoast SEO Premium plugin v28.1 (Yoast SEO v28.1) - https:\/\/yoast.com\/product\/yoast-seo-premium-wordpress\/ -->\n<title>Le Rapport Alloncle : une bombe politique au c\u0153ur de la souverainet\u00e9 m\u00e9diatique fran\u00e7aise | Geopolitics.fr<\/title>\n<meta name=\"description\" content=\"IA, guerre informationnelle, souverainet\u00e9 culturelle sont les oubli\u00e9es d&#039;un rapport Alloncle se limitant une querelle partisane d\u00e9risoire\" \/>\n<meta name=\"robots\" content=\"index, follow, max-snippet:-1, max-image-preview:large, max-video-preview:-1\" \/>\n<link rel=\"canonical\" href=\"https:\/\/www.geopolitics.fr\/en\/2026\/05\/13\/le-rapport-alloncle-une-bombe-politique-au-coeur-de-la-souverainete-mediatique-francaise\/\" \/>\n<meta property=\"og:locale\" content=\"en_GB\" \/>\n<meta property=\"og:type\" content=\"article\" \/>\n<meta property=\"og:title\" content=\"Le Rapport Alloncle : une bombe politique au c\u0153ur de la souverainet\u00e9 m\u00e9diatique fran\u00e7aise\" \/>\n<meta property=\"og:description\" content=\"IA, guerre informationnelle, souverainet\u00e9 culturelle sont les oubli\u00e9es d&#039;un rapport Alloncle se limitant une querelle partisane d\u00e9risoire\" \/>\n<meta property=\"og:url\" content=\"https:\/\/www.geopolitics.fr\/en\/2026\/05\/13\/le-rapport-alloncle-une-bombe-politique-au-coeur-de-la-souverainete-mediatique-francaise\/\" \/>\n<meta property=\"og:site_name\" content=\"Geopolitics.fr\" \/>\n<meta property=\"article:publisher\" content=\"https:\/\/www.facebook.com\/people\/Erwan-Davoux\/61557098968092\/\" \/>\n<meta property=\"article:published_time\" content=\"2026-05-13T11:14:49+00:00\" \/>\n<meta property=\"article:modified_time\" content=\"2026-05-13T11:15:41+00:00\" \/>\n<meta property=\"og:image\" content=\"https:\/\/www.geopolitics.fr\/wp-content\/uploads\/2026\/05\/alloncle.jpg\" \/>\n\t<meta property=\"og:image:width\" content=\"1920\" \/>\n\t<meta property=\"og:image:height\" content=\"1080\" \/>\n\t<meta property=\"og:image:type\" content=\"image\/jpeg\" \/>\n<meta name=\"author\" content=\"Ghizlaine Badri\" \/>\n<meta name=\"twitter:card\" content=\"summary_large_image\" \/>\n<meta name=\"twitter:creator\" content=\"@Geopolitics_Fr\" \/>\n<meta name=\"twitter:site\" content=\"@Geopolitics_Fr\" \/>\n<meta name=\"twitter:label1\" content=\"Written by\" \/>\n\t<meta name=\"twitter:data1\" content=\"Ghizlaine Badri\" \/>\n\t<meta name=\"twitter:label2\" content=\"Estimated reading time\" \/>\n\t<meta name=\"twitter:data2\" content=\"9 minutes\" \/>\n<script type=\"application\/ld+json\" class=\"yoast-schema-graph\">{\"@context\":\"https:\\\/\\\/schema.org\",\"@graph\":[{\"@type\":\"Article\",\"@id\":\"https:\\\/\\\/www.geopolitics.fr\\\/2026\\\/05\\\/13\\\/le-rapport-alloncle-une-bombe-politique-au-coeur-de-la-souverainete-mediatique-francaise\\\/#article\",\"isPartOf\":{\"@id\":\"https:\\\/\\\/www.geopolitics.fr\\\/2026\\\/05\\\/13\\\/le-rapport-alloncle-une-bombe-politique-au-coeur-de-la-souverainete-mediatique-francaise\\\/\"},\"author\":{\"name\":\"Ghizlaine Badri\",\"@id\":\"https:\\\/\\\/www.geopolitics.fr\\\/#\\\/schema\\\/person\\\/c36b165f511617c65a2bf8f8abd9af41\"},\"headline\":\"Le Rapport Alloncle : une bombe politique au c\u0153ur de la souverainet\u00e9 m\u00e9diatique fran\u00e7aise\",\"datePublished\":\"2026-05-13T11:14:49+00:00\",\"dateModified\":\"2026-05-13T11:15:41+00:00\",\"mainEntityOfPage\":{\"@id\":\"https:\\\/\\\/www.geopolitics.fr\\\/2026\\\/05\\\/13\\\/le-rapport-alloncle-une-bombe-politique-au-coeur-de-la-souverainete-mediatique-francaise\\\/\"},\"wordCount\":1807,\"publisher\":{\"@id\":\"https:\\\/\\\/www.geopolitics.fr\\\/#organization\"},\"image\":{\"@id\":\"https:\\\/\\\/www.geopolitics.fr\\\/2026\\\/05\\\/13\\\/le-rapport-alloncle-une-bombe-politique-au-coeur-de-la-souverainete-mediatique-francaise\\\/#primaryimage\"},\"thumbnailUrl\":\"https:\\\/\\\/www.geopolitics.fr\\\/wp-content\\\/uploads\\\/2026\\\/05\\\/alloncle.jpg\",\"keywords\":[\"AUDIOVISUEL PUBLIC\",\"RAPPORT ALLONCLE\"],\"articleSection\":[\"Diplomatie\",\"FRANCE\",\"Mis en AVANT\",\"Politique\"],\"inLanguage\":\"en-GB\"},{\"@type\":\"WebPage\",\"@id\":\"https:\\\/\\\/www.geopolitics.fr\\\/2026\\\/05\\\/13\\\/le-rapport-alloncle-une-bombe-politique-au-coeur-de-la-souverainete-mediatique-francaise\\\/\",\"url\":\"https:\\\/\\\/www.geopolitics.fr\\\/2026\\\/05\\\/13\\\/le-rapport-alloncle-une-bombe-politique-au-coeur-de-la-souverainete-mediatique-francaise\\\/\",\"name\":\"Le Rapport Alloncle : une bombe politique au c\u0153ur de la souverainet\u00e9 m\u00e9diatique fran\u00e7aise | Geopolitics.fr\",\"isPartOf\":{\"@id\":\"https:\\\/\\\/www.geopolitics.fr\\\/#website\"},\"primaryImageOfPage\":{\"@id\":\"https:\\\/\\\/www.geopolitics.fr\\\/2026\\\/05\\\/13\\\/le-rapport-alloncle-une-bombe-politique-au-coeur-de-la-souverainete-mediatique-francaise\\\/#primaryimage\"},\"image\":{\"@id\":\"https:\\\/\\\/www.geopolitics.fr\\\/2026\\\/05\\\/13\\\/le-rapport-alloncle-une-bombe-politique-au-coeur-de-la-souverainete-mediatique-francaise\\\/#primaryimage\"},\"thumbnailUrl\":\"https:\\\/\\\/www.geopolitics.fr\\\/wp-content\\\/uploads\\\/2026\\\/05\\\/alloncle.jpg\",\"datePublished\":\"2026-05-13T11:14:49+00:00\",\"dateModified\":\"2026-05-13T11:15:41+00:00\",\"description\":\"IA, guerre informationnelle, souverainet\u00e9 culturelle sont les oubli\u00e9es d'un rapport Alloncle se limitant une querelle partisane d\u00e9risoire\",\"breadcrumb\":{\"@id\":\"https:\\\/\\\/www.geopolitics.fr\\\/2026\\\/05\\\/13\\\/le-rapport-alloncle-une-bombe-politique-au-coeur-de-la-souverainete-mediatique-francaise\\\/#breadcrumb\"},\"inLanguage\":\"en-GB\",\"potentialAction\":[{\"@type\":\"ReadAction\",\"target\":[\"https:\\\/\\\/www.geopolitics.fr\\\/2026\\\/05\\\/13\\\/le-rapport-alloncle-une-bombe-politique-au-coeur-de-la-souverainete-mediatique-francaise\\\/\"]}]},{\"@type\":\"ImageObject\",\"inLanguage\":\"en-GB\",\"@id\":\"https:\\\/\\\/www.geopolitics.fr\\\/2026\\\/05\\\/13\\\/le-rapport-alloncle-une-bombe-politique-au-coeur-de-la-souverainete-mediatique-francaise\\\/#primaryimage\",\"url\":\"https:\\\/\\\/www.geopolitics.fr\\\/wp-content\\\/uploads\\\/2026\\\/05\\\/alloncle.jpg\",\"contentUrl\":\"https:\\\/\\\/www.geopolitics.fr\\\/wp-content\\\/uploads\\\/2026\\\/05\\\/alloncle.jpg\",\"width\":1920,\"height\":1080},{\"@type\":\"BreadcrumbList\",\"@id\":\"https:\\\/\\\/www.geopolitics.fr\\\/2026\\\/05\\\/13\\\/le-rapport-alloncle-une-bombe-politique-au-coeur-de-la-souverainete-mediatique-francaise\\\/#breadcrumb\",\"itemListElement\":[{\"@type\":\"ListItem\",\"position\":1,\"name\":\"Accueil\",\"item\":\"https:\\\/\\\/www.geopolitics.fr\\\/\"},{\"@type\":\"ListItem\",\"position\":2,\"name\":\"Le Rapport Alloncle : une bombe politique au c\u0153ur de la souverainet\u00e9 m\u00e9diatique fran\u00e7aise\"}]},{\"@type\":\"WebSite\",\"@id\":\"https:\\\/\\\/www.geopolitics.fr\\\/#website\",\"url\":\"https:\\\/\\\/www.geopolitics.fr\\\/\",\"name\":\"Geopolitics.fr\",\"description\":\"Geopolitics.fr Analyse politique, relations internationales, d\u00e9fense - ligne \u00e9ditoriale gaullo-chiraquienne\",\"publisher\":{\"@id\":\"https:\\\/\\\/www.geopolitics.fr\\\/#organization\"},\"potentialAction\":[{\"@type\":\"SearchAction\",\"target\":{\"@type\":\"EntryPoint\",\"urlTemplate\":\"https:\\\/\\\/www.geopolitics.fr\\\/?s={search_term_string}\"},\"query-input\":{\"@type\":\"PropertyValueSpecification\",\"valueRequired\":true,\"valueName\":\"search_term_string\"}}],\"inLanguage\":\"en-GB\"},{\"@type\":\"Organization\",\"@id\":\"https:\\\/\\\/www.geopolitics.fr\\\/#organization\",\"name\":\"Geopolitics.fr\",\"url\":\"https:\\\/\\\/www.geopolitics.fr\\\/\",\"logo\":{\"@type\":\"ImageObject\",\"inLanguage\":\"en-GB\",\"@id\":\"https:\\\/\\\/www.geopolitics.fr\\\/#\\\/schema\\\/logo\\\/image\\\/\",\"url\":\"https:\\\/\\\/www.geopolitics.fr\\\/wp-content\\\/uploads\\\/2024\\\/01\\\/logo.jpg\",\"contentUrl\":\"https:\\\/\\\/www.geopolitics.fr\\\/wp-content\\\/uploads\\\/2024\\\/01\\\/logo.jpg\",\"width\":500,\"height\":500,\"caption\":\"Geopolitics.fr\"},\"image\":{\"@id\":\"https:\\\/\\\/www.geopolitics.fr\\\/#\\\/schema\\\/logo\\\/image\\\/\"},\"sameAs\":[\"https:\\\/\\\/www.facebook.com\\\/people\\\/Erwan-Davoux\\\/61557098968092\\\/\",\"https:\\\/\\\/x.com\\\/Geopolitics_Fr\"]},{\"@type\":\"Person\",\"@id\":\"https:\\\/\\\/www.geopolitics.fr\\\/#\\\/schema\\\/person\\\/c36b165f511617c65a2bf8f8abd9af41\",\"name\":\"Ghizlaine Badri\",\"image\":{\"@type\":\"ImageObject\",\"inLanguage\":\"en-GB\",\"@id\":\"https:\\\/\\\/www.geopolitics.fr\\\/wp-content\\\/uploads\\\/2026\\\/04\\\/cropped-Ghizlaine-96x96.jpg\",\"url\":\"https:\\\/\\\/www.geopolitics.fr\\\/wp-content\\\/uploads\\\/2026\\\/04\\\/cropped-Ghizlaine-96x96.jpg\",\"contentUrl\":\"https:\\\/\\\/www.geopolitics.fr\\\/wp-content\\\/uploads\\\/2026\\\/04\\\/cropped-Ghizlaine-96x96.jpg\",\"caption\":\"Ghizlaine Badri\"},\"description\":\"R\u00e9dactrice en chef de Geopolitics.fr, Ghizlaine Badri est une Journaliste politique forte de vingt-cing ans d'exp\u00e9rience professionnelle dont quinze ans dans la Presse. Elle a construit un parcours \u00e0 l'intersection des sc\u00e8nes fran\u00e7aise, europ\u00e9enne et internationale. Ghizlaine a collabor\u00e9 avec pr\u00e8s d'une vingtaine de m\u00e9dias, parmi lesquels Le Point, Le Figaro, Les \u00c9chos, L'Express et Forbes. Correspondante Maroc\u2013Maghreb pour Le Point et correspondante Afrique pour Forbes, elle s'est distingu\u00e9e par une couverture approfondie des dynamiques politiques et diplomatiques entre l'Europe et le continent africain. Elle est \u00e0 ce jour la seule journaliste marocaine en activit\u00e9 \u00e0 avoir collabor\u00e9 avec des titres majeurs de la presse fran\u00e7aise hors sph\u00e8re panafricaine en France. Au sein du quotidien \u00e9conomique L'\u00c9conomiste, 1er quotidien au Maroc, elle a fond\u00e9 la rubrique France\u2013Maroc, contribuant \u00e0 structurer un espace \u00e9ditorial in\u00e9dit. Titulaire de trois masters obtenus en France, elle a travaill\u00e9 dans les domaines de la communication institutionnelle notamment \u00e0 la Mairie de Bordeaux aupr\u00e8s d'Alain Jupp\u00e9 et a \u00e9galement exerc\u00e9 des fonctions de direction en communication marketing, notamment aupr\u00e8s de l'Ambassade de France au Maroc. Polyglotte, elle est franco-italo-marocaine, n\u00e9e \u00e0 Casablanca, a v\u00e9cu \u00e0 New-York et maitrise cinq langues le fran\u00e7ais, l'arabe, l'anglais, l'italien et l'espagnol.\",\"url\":\"https:\\\/\\\/www.geopolitics.fr\\\/en\\\/author\\\/ghizlaine-badri\\\/\"}]}<\/script>\n<!-- \/ Yoast SEO Premium plugin. -->","yoast_head_json":{"title":"Le Rapport Alloncle : une bombe politique au c\u0153ur de la souverainet\u00e9 m\u00e9diatique fran\u00e7aise | Geopolitics.fr","description":"IA, guerre informationnelle, souverainet\u00e9 culturelle sont les oubli\u00e9es d'un rapport Alloncle se limitant une querelle partisane d\u00e9risoire","robots":{"index":"index","follow":"follow","max-snippet":"max-snippet:-1","max-image-preview":"max-image-preview:large","max-video-preview":"max-video-preview:-1"},"canonical":"https:\/\/www.geopolitics.fr\/en\/2026\/05\/13\/le-rapport-alloncle-une-bombe-politique-au-coeur-de-la-souverainete-mediatique-francaise\/","og_locale":"en_GB","og_type":"article","og_title":"Le Rapport Alloncle : une bombe politique au c\u0153ur de la souverainet\u00e9 m\u00e9diatique fran\u00e7aise","og_description":"IA, guerre informationnelle, souverainet\u00e9 culturelle sont les oubli\u00e9es d'un rapport Alloncle se limitant une querelle partisane d\u00e9risoire","og_url":"https:\/\/www.geopolitics.fr\/en\/2026\/05\/13\/le-rapport-alloncle-une-bombe-politique-au-coeur-de-la-souverainete-mediatique-francaise\/","og_site_name":"Geopolitics.fr","article_publisher":"https:\/\/www.facebook.com\/people\/Erwan-Davoux\/61557098968092\/","article_published_time":"2026-05-13T11:14:49+00:00","article_modified_time":"2026-05-13T11:15:41+00:00","og_image":[{"width":1920,"height":1080,"url":"https:\/\/www.geopolitics.fr\/wp-content\/uploads\/2026\/05\/alloncle.jpg","type":"image\/jpeg"}],"author":"Ghizlaine Badri","twitter_card":"summary_large_image","twitter_creator":"@Geopolitics_Fr","twitter_site":"@Geopolitics_Fr","twitter_misc":{"Written by":"Ghizlaine Badri","Estimated reading time":"9 minutes"},"schema":{"@context":"https:\/\/schema.org","@graph":[{"@type":"Article","@id":"https:\/\/www.geopolitics.fr\/2026\/05\/13\/le-rapport-alloncle-une-bombe-politique-au-coeur-de-la-souverainete-mediatique-francaise\/#article","isPartOf":{"@id":"https:\/\/www.geopolitics.fr\/2026\/05\/13\/le-rapport-alloncle-une-bombe-politique-au-coeur-de-la-souverainete-mediatique-francaise\/"},"author":{"name":"Ghizlaine Badri","@id":"https:\/\/www.geopolitics.fr\/#\/schema\/person\/c36b165f511617c65a2bf8f8abd9af41"},"headline":"Le Rapport Alloncle : une bombe politique au c\u0153ur de la souverainet\u00e9 m\u00e9diatique fran\u00e7aise","datePublished":"2026-05-13T11:14:49+00:00","dateModified":"2026-05-13T11:15:41+00:00","mainEntityOfPage":{"@id":"https:\/\/www.geopolitics.fr\/2026\/05\/13\/le-rapport-alloncle-une-bombe-politique-au-coeur-de-la-souverainete-mediatique-francaise\/"},"wordCount":1807,"publisher":{"@id":"https:\/\/www.geopolitics.fr\/#organization"},"image":{"@id":"https:\/\/www.geopolitics.fr\/2026\/05\/13\/le-rapport-alloncle-une-bombe-politique-au-coeur-de-la-souverainete-mediatique-francaise\/#primaryimage"},"thumbnailUrl":"https:\/\/www.geopolitics.fr\/wp-content\/uploads\/2026\/05\/alloncle.jpg","keywords":["AUDIOVISUEL PUBLIC","RAPPORT ALLONCLE"],"articleSection":["Diplomatie","FRANCE","Mis en AVANT","Politique"],"inLanguage":"en-GB"},{"@type":"WebPage","@id":"https:\/\/www.geopolitics.fr\/2026\/05\/13\/le-rapport-alloncle-une-bombe-politique-au-coeur-de-la-souverainete-mediatique-francaise\/","url":"https:\/\/www.geopolitics.fr\/2026\/05\/13\/le-rapport-alloncle-une-bombe-politique-au-coeur-de-la-souverainete-mediatique-francaise\/","name":"Le Rapport Alloncle : une bombe politique au c\u0153ur de la souverainet\u00e9 m\u00e9diatique fran\u00e7aise | Geopolitics.fr","isPartOf":{"@id":"https:\/\/www.geopolitics.fr\/#website"},"primaryImageOfPage":{"@id":"https:\/\/www.geopolitics.fr\/2026\/05\/13\/le-rapport-alloncle-une-bombe-politique-au-coeur-de-la-souverainete-mediatique-francaise\/#primaryimage"},"image":{"@id":"https:\/\/www.geopolitics.fr\/2026\/05\/13\/le-rapport-alloncle-une-bombe-politique-au-coeur-de-la-souverainete-mediatique-francaise\/#primaryimage"},"thumbnailUrl":"https:\/\/www.geopolitics.fr\/wp-content\/uploads\/2026\/05\/alloncle.jpg","datePublished":"2026-05-13T11:14:49+00:00","dateModified":"2026-05-13T11:15:41+00:00","description":"IA, guerre informationnelle, souverainet\u00e9 culturelle sont les oubli\u00e9es d'un rapport Alloncle se limitant une querelle partisane d\u00e9risoire","breadcrumb":{"@id":"https:\/\/www.geopolitics.fr\/2026\/05\/13\/le-rapport-alloncle-une-bombe-politique-au-coeur-de-la-souverainete-mediatique-francaise\/#breadcrumb"},"inLanguage":"en-GB","potentialAction":[{"@type":"ReadAction","target":["https:\/\/www.geopolitics.fr\/2026\/05\/13\/le-rapport-alloncle-une-bombe-politique-au-coeur-de-la-souverainete-mediatique-francaise\/"]}]},{"@type":"ImageObject","inLanguage":"en-GB","@id":"https:\/\/www.geopolitics.fr\/2026\/05\/13\/le-rapport-alloncle-une-bombe-politique-au-coeur-de-la-souverainete-mediatique-francaise\/#primaryimage","url":"https:\/\/www.geopolitics.fr\/wp-content\/uploads\/2026\/05\/alloncle.jpg","contentUrl":"https:\/\/www.geopolitics.fr\/wp-content\/uploads\/2026\/05\/alloncle.jpg","width":1920,"height":1080},{"@type":"BreadcrumbList","@id":"https:\/\/www.geopolitics.fr\/2026\/05\/13\/le-rapport-alloncle-une-bombe-politique-au-coeur-de-la-souverainete-mediatique-francaise\/#breadcrumb","itemListElement":[{"@type":"ListItem","position":1,"name":"Accueil","item":"https:\/\/www.geopolitics.fr\/"},{"@type":"ListItem","position":2,"name":"Le Rapport Alloncle : une bombe politique au c\u0153ur de la souverainet\u00e9 m\u00e9diatique fran\u00e7aise"}]},{"@type":"WebSite","@id":"https:\/\/www.geopolitics.fr\/#website","url":"https:\/\/www.geopolitics.fr\/","name":"Geopolitics.fr","description":"Geopolitics.fr Analyse politique, relations internationales, d\u00e9fense - ligne \u00e9ditoriale gaullo-chiraquienne","publisher":{"@id":"https:\/\/www.geopolitics.fr\/#organization"},"potentialAction":[{"@type":"SearchAction","target":{"@type":"EntryPoint","urlTemplate":"https:\/\/www.geopolitics.fr\/?s={search_term_string}"},"query-input":{"@type":"PropertyValueSpecification","valueRequired":true,"valueName":"search_term_string"}}],"inLanguage":"en-GB"},{"@type":"Organization","@id":"https:\/\/www.geopolitics.fr\/#organization","name":"Geopolitics.fr","url":"https:\/\/www.geopolitics.fr\/","logo":{"@type":"ImageObject","inLanguage":"en-GB","@id":"https:\/\/www.geopolitics.fr\/#\/schema\/logo\/image\/","url":"https:\/\/www.geopolitics.fr\/wp-content\/uploads\/2024\/01\/logo.jpg","contentUrl":"https:\/\/www.geopolitics.fr\/wp-content\/uploads\/2024\/01\/logo.jpg","width":500,"height":500,"caption":"Geopolitics.fr"},"image":{"@id":"https:\/\/www.geopolitics.fr\/#\/schema\/logo\/image\/"},"sameAs":["https:\/\/www.facebook.com\/people\/Erwan-Davoux\/61557098968092\/","https:\/\/x.com\/Geopolitics_Fr"]},{"@type":"Person","@id":"https:\/\/www.geopolitics.fr\/#\/schema\/person\/c36b165f511617c65a2bf8f8abd9af41","name":"Ghizlaine Badri","image":{"@type":"ImageObject","inLanguage":"en-GB","@id":"https:\/\/www.geopolitics.fr\/wp-content\/uploads\/2026\/04\/cropped-Ghizlaine-96x96.jpg","url":"https:\/\/www.geopolitics.fr\/wp-content\/uploads\/2026\/04\/cropped-Ghizlaine-96x96.jpg","contentUrl":"https:\/\/www.geopolitics.fr\/wp-content\/uploads\/2026\/04\/cropped-Ghizlaine-96x96.jpg","caption":"Ghizlaine Badri"},"description":"R\u00e9dactrice en chef de Geopolitics.fr, Ghizlaine Badri est une Journaliste politique forte de vingt-cing ans d'exp\u00e9rience professionnelle dont quinze ans dans la Presse. Elle a construit un parcours \u00e0 l'intersection des sc\u00e8nes fran\u00e7aise, europ\u00e9enne et internationale. Ghizlaine a collabor\u00e9 avec pr\u00e8s d'une vingtaine de m\u00e9dias, parmi lesquels Le Point, Le Figaro, Les \u00c9chos, L'Express et Forbes. Correspondante Maroc\u2013Maghreb pour Le Point et correspondante Afrique pour Forbes, elle s'est distingu\u00e9e par une couverture approfondie des dynamiques politiques et diplomatiques entre l'Europe et le continent africain. Elle est \u00e0 ce jour la seule journaliste marocaine en activit\u00e9 \u00e0 avoir collabor\u00e9 avec des titres majeurs de la presse fran\u00e7aise hors sph\u00e8re panafricaine en France. Au sein du quotidien \u00e9conomique L'\u00c9conomiste, 1er quotidien au Maroc, elle a fond\u00e9 la rubrique France\u2013Maroc, contribuant \u00e0 structurer un espace \u00e9ditorial in\u00e9dit. Titulaire de trois masters obtenus en France, elle a travaill\u00e9 dans les domaines de la communication institutionnelle notamment \u00e0 la Mairie de Bordeaux aupr\u00e8s d'Alain Jupp\u00e9 et a \u00e9galement exerc\u00e9 des fonctions de direction en communication marketing, notamment aupr\u00e8s de l'Ambassade de France au Maroc. Polyglotte, elle est franco-italo-marocaine, n\u00e9e \u00e0 Casablanca, a v\u00e9cu \u00e0 New-York et maitrise cinq langues le fran\u00e7ais, l'arabe, l'anglais, l'italien et l'espagnol.","url":"https:\/\/www.geopolitics.fr\/en\/author\/ghizlaine-badri\/"}]}},"_links":{"self":[{"href":"https:\/\/www.geopolitics.fr\/en\/wp-json\/wp\/v2\/posts\/4271","targetHints":{"allow":["GET"]}}],"collection":[{"href":"https:\/\/www.geopolitics.fr\/en\/wp-json\/wp\/v2\/posts"}],"about":[{"href":"https:\/\/www.geopolitics.fr\/en\/wp-json\/wp\/v2\/types\/post"}],"author":[{"embeddable":true,"href":"https:\/\/www.geopolitics.fr\/en\/wp-json\/wp\/v2\/users\/31730"}],"replies":[{"embeddable":true,"href":"https:\/\/www.geopolitics.fr\/en\/wp-json\/wp\/v2\/comments?post=4271"}],"version-history":[{"count":0,"href":"https:\/\/www.geopolitics.fr\/en\/wp-json\/wp\/v2\/posts\/4271\/revisions"}],"wp:featuredmedia":[{"embeddable":true,"href":"https:\/\/www.geopolitics.fr\/en\/wp-json\/wp\/v2\/media\/4272"}],"wp:attachment":[{"href":"https:\/\/www.geopolitics.fr\/en\/wp-json\/wp\/v2\/media?parent=4271"}],"wp:term":[{"taxonomy":"category","embeddable":true,"href":"https:\/\/www.geopolitics.fr\/en\/wp-json\/wp\/v2\/categories?post=4271"},{"taxonomy":"post_tag","embeddable":true,"href":"https:\/\/www.geopolitics.fr\/en\/wp-json\/wp\/v2\/tags?post=4271"}],"curies":[{"name":"wp","href":"https:\/\/api.w.org\/{rel}","templated":true}]}}