{"id":4268,"date":"2026-05-13T08:33:57","date_gmt":"2026-05-13T06:33:57","guid":{"rendered":"https:\/\/www.geopolitics.fr\/?p=4268"},"modified":"2026-05-13T08:34:31","modified_gmt":"2026-05-13T06:34:31","slug":"popularite-des-politiques-francais-qui-monte-qui-chute","status":"publish","type":"post","link":"https:\/\/www.geopolitics.fr\/en\/2026\/05\/13\/popularite-des-politiques-francais-qui-monte-qui-chute\/","title":{"rendered":"Popularit\u00e9 des politiques fran\u00e7ais : qui monte, qui chute ?"},"content":{"rendered":"<p class=\"has-medium-font-size wp-block-paragraph\">Les sondages de popularit\u00e9 ne font pas les \u00e9lections. Ils en r\u00e9v\u00e8lent pourtant la grammaire profonde : qui incarne, qui rassemble, qui divise. Les enqu\u00eates publi\u00e9es entre janvier et avril 2026 par l&rsquo;IFOP, Ipsos et Elabe dessinent une sc\u00e8ne politique fran\u00e7aise dans un \u00e9tat de fragmentation avanc\u00e9e. Aucune figure ne s&rsquo;impose avec autorit\u00e9. Chaque camp cherche encore sa boussole pour 2027.<\/p>\n\n\n\n<h2 class=\"wp-block-heading\" id=\"h-un-executif-sous-perfusion-geopolitique\">Un ex\u00e9cutif sous perfusion g\u00e9opolitique<\/h2>\n\n\n\n<p class=\"has-medium-font-size wp-block-paragraph\">La courbe d&rsquo;Emmanuel Macron reste remarquablement basse. Le chef de l&rsquo;\u00c9tat plafonne \u00e0 23 % de satisfaction en avril, apr\u00e8s un creux \u00e0 18 % en mars suivi d&rsquo;un rebond li\u00e9 \u00e0 la s\u00e9quence diplomatique internationale, ce que l&rsquo;IFOP d\u00e9signe comme l&rsquo;\u00ab effet Iran \u00bb. Ce ressaut ponctuel confirme un ph\u00e9nom\u00e8ne d\u00e9sormais structurel du macronisme tardif : la politique \u00e9trang\u00e8re demeure le dernier espace o\u00f9 le pr\u00e9sident conserve une cr\u00e9dibilit\u00e9 institutionnelle. Mais le rebond reste fragile, sans traduction dans les chiffres de fond.<\/p>\n\n\n\n<p class=\"has-medium-font-size wp-block-paragraph\">Le cas de S\u00e9bastien Lecornu est plus nuanc\u00e9. Cr\u00e9dit\u00e9 de 36 % d&rsquo;opinions favorables en mars avant de reculer de quatre points, le Premier ministre conserve une image de gestionnaire solide sur les dossiers r\u00e9galiens. Les inqui\u00e9tudes \u00e9conomiques&nbsp; inflation persistante, ralentissement de la croissance, tensions budg\u00e9taires p\u00e8sent n\u00e9anmoins directement sur Matignon. Le tandem ex\u00e9cutif fonctionne sur une ligne de cr\u00eate : l\u00e9gitimit\u00e9 internationale d&rsquo;un c\u00f4t\u00e9, comp\u00e9tence technique de l&rsquo;autre, mais absence persistante d&rsquo;enthousiasme populaire.<\/p>\n\n\n\n<h2 class=\"wp-block-heading\" id=\"h-la-revanche-des-figures-post-partisanes\">La revanche des figures \u00ab post-partisanes \u00bb<\/h2>\n\n\n\n<p class=\"has-medium-font-size wp-block-paragraph\">Le classement IFOP-Fiducial d&rsquo;avril r\u00e9v\u00e8le une tendance plus profonde que les variations hebdomadaires : la mont\u00e9e continue des personnalit\u00e9s per\u00e7ues comme sup\u00e9rieures aux clivages partisans.<\/p>\n\n\n\n<p class=\"has-medium-font-size wp-block-paragraph\">En t\u00eate figure Michel-\u00c9douard Leclerc, \u00e0 51 % de bonnes opinions. Chef d&rsquo;entreprise et non homme politique, il b\u00e9n\u00e9ficie d&rsquo;une image construite autour du pouvoir d&rsquo;achat, th\u00e8me central dans une France o\u00f9 l&rsquo;inqui\u00e9tude \u00e9conomique structure le vote depuis plusieurs cycles. Sa pr\u00e9sence en t\u00eate d&rsquo;un classement politique n&rsquo;est pas anecdotique : elle dit quelque chose de l&rsquo;\u00e9tat du rapport des Fran\u00e7ais \u00e0 leurs dirigeants.<\/p>\n\n\n\n<p class=\"has-medium-font-size wp-block-paragraph\">Derri\u00e8re lui, la progression de Dominique de Villepin, +3 points, 50 % confirme le retour en gr\u00e2ce d&rsquo;une parole gaullienne, souveraine, qui s\u00e9duit bien au-del\u00e0 de la droite classique. M\u00eame logique pour Borloo ou Philippe : les figures jug\u00e9es \u00ab raisonnables \u00bb, technocratiques ou mod\u00e9r\u00e9es r\u00e9sistent mieux que les responsables directement associ\u00e9s aux affrontements id\u00e9ologiques. Mais cette mod\u00e9ration a ses limites. Si Philippe progresse fortement dans l&rsquo;hypoth\u00e8se pr\u00e9sidentielle (+6 points), il reste loin derri\u00e8re les candidats du Rassemblement national dans les sc\u00e9narios de pouvoir effectif.<\/p>\n\n\n\n<h2 class=\"wp-block-heading\" id=\"h-le-rn-conserve-l-avantage-presidentiel\">Le RN conserve l&rsquo;avantage pr\u00e9sidentiel<\/h2>\n\n\n\n<p class=\"has-medium-font-size wp-block-paragraph\">Malgr\u00e9 un l\u00e9ger tassement, le bloc national-populiste demeure structurellement dominant dans les projections pr\u00e9sidentielles. Jordan Bardella obtient 34 % de Fran\u00e7ais se disant satisfaits s&rsquo;il acc\u00e9dait \u00e0 l&rsquo;\u00c9lys\u00e9e. Marine Le Pen suit \u00e0 32 %. Aucun autre responsable ne d\u00e9passe les 26 % d&rsquo;\u00c9douard Philippe.<\/p>\n\n\n\n<p class=\"has-medium-font-size wp-block-paragraph\">Le recul de Bardella en avril (\u22122 points) n&rsquo;efface pas sa centralit\u00e9 politique. Il conserve une forte capacit\u00e9 d&rsquo;incarnation g\u00e9n\u00e9rationnelle, notamment chez les moins de 35 ans et les cat\u00e9gories p\u00e9riurbaines. La stabilit\u00e9 de Le Pen, elle, indique qu&rsquo;une partie de l&rsquo;\u00e9lectorat RN continue de valoriser l&rsquo;exp\u00e9rience acquise au fil des campagnes.<\/p>\n\n\n\n<p class=\"has-medium-font-size wp-block-paragraph\">Fait notable : la pouss\u00e9e d&rsquo;\u00c9ric Ciotti. Avec +9 points en mars et 20 % de satisfaction dans l&rsquo;hypoth\u00e8se pr\u00e9sidentielle, le maire de Nice b\u00e9n\u00e9ficie de son ancrage s\u00e9curitaire et local, et traduit la radicalisation d&rsquo;un segment de la droite classique. En revanche, les figures historiques des R\u00e9publicains poursuivent leur \u00e9rosion : Nicolas Sarkozy chute de sept points en avril ; Xavier Bertrand et Val\u00e9rie P\u00e9cresse reculent \u00e9galement. La droite traditionnelle semble prise en \u00e9tau entre une droite nationale offensive et un centre gestionnaire incarn\u00e9 par Philippe.<\/p>\n\n\n\n<h2 class=\"wp-block-heading\" id=\"h-a-gauche-l-absence-de-leadership-stabilise\">\u00c0 gauche, l&rsquo;absence de leadership stabilis\u00e9<\/h2>\n\n\n\n<p class=\"has-medium-font-size wp-block-paragraph\">La gauche fran\u00e7aise pr\u00e9sente un paradoxe saisissant : plusieurs personnalit\u00e9s disposent d&rsquo;un capital de sympathie significatif parmi leurs propres \u00e9lecteurs, mais aucune ne parvient \u00e0 transformer cette popularit\u00e9 en dynamique majoritaire \u00e0 l&rsquo;\u00e9chelle nationale.<\/p>\n\n\n\n<p class=\"has-medium-font-size wp-block-paragraph\">Fran\u00e7ois Ruffin reste la personnalit\u00e9 pr\u00e9f\u00e9r\u00e9e des sympathisants de gauche \u00e0 49 %, malgr\u00e9 une baisse de cinq points. Son discours social, anti-\u00e9lite, lui permet de toucher un \u00e9lectorat populaire que la gauche institutionnelle a largement perdu. Fabien Roussel conserve la deuxi\u00e8me place malgr\u00e9 une forte volatilit\u00e9 mensuelle, son positionnement r\u00e9publicain et productiviste continuant de s\u00e9duire une partie des classes populaires.<\/p>\n\n\n\n<p class=\"has-medium-font-size wp-block-paragraph\">La situation de Jean-Luc M\u00e9lenchon est en revanche critique. \u00c0 31 % de bonnes opinions chez les sympathisants de gauche, son plus bas niveau historique et concentrant 47 % de \u00ab tr\u00e8s mauvaises opinions \u00bb, il incarne d\u00e9sormais moins une force de rassemblement qu&rsquo;un repoussoir. La conflictualit\u00e9 permanente qui faisait sa force mobilisatrice semble produire plus de rejet que d&rsquo;adh\u00e9sion.<\/p>\n\n\n\n<p class=\"has-medium-font-size wp-block-paragraph\">\u00c0 l&rsquo;inverse, Rapha\u00ebl Glucksmann et Fran\u00e7ois Hollande b\u00e9n\u00e9ficient d&rsquo;une image plus consensuelle. Le retour de l&rsquo;ancien pr\u00e9sident dans le top 10 national constitue l&rsquo;un des faits politiques les plus inattendus du printemps : per\u00e7u comme une figure de stabilit\u00e9 dans un paysage fragment\u00e9, Hollande r\u00e9alise une r\u00e9habilitation par d\u00e9faut que peu auraient pronostiqu\u00e9e.<\/p>\n\n\n\n<h2 class=\"wp-block-heading\" id=\"h-une-france-sans-majorite-affective\">Une France sans majorit\u00e9 affective<\/h2>\n\n\n\n<p class=\"has-medium-font-size wp-block-paragraph\">Au-del\u00e0 des variations mensuelles, ces barom\u00e8tres r\u00e9v\u00e8lent une crise durable de l&rsquo;adh\u00e9sion politique. Aucune personnalit\u00e9 n&rsquo;approche les niveaux de popularit\u00e9 observ\u00e9s lors des cycles pr\u00e9sidentiels des d\u00e9cennies pr\u00e9c\u00e9dentes. Les leaders les mieux plac\u00e9s plafonnent autour de 50 % de bonnes opinions, tandis que les principaux candidats cr\u00e9dibles pour 2027 demeurent massivement clivants.<\/p>\n\n\n\n<p class=\"has-medium-font-size wp-block-paragraph\">Cette fragmentation profite aujourd&rsquo;hui au Rassemblement national, seul bloc disposant d&rsquo;une base \u00e9lectorale coh\u00e9rente et relativement stable. Mais elle traduit aussi un ph\u00e9nom\u00e8ne plus profond : la disparition progressive des grandes fid\u00e9lit\u00e9s partisanes, au profit de soutiens volatils, \u00e9motionnels et souvent circonstanciels.<\/p>\n\n\n\n<p class=\"has-medium-font-size wp-block-paragraph\">La politique fran\u00e7aise entre ainsi dans une phase in\u00e9dite o\u00f9 la popularit\u00e9 ne garantit plus l&rsquo;autorit\u00e9, et o\u00f9 l&rsquo;impopularit\u00e9 n&#8217;emp\u00eache plus la comp\u00e9titivit\u00e9 \u00e9lectorale. Pour les candidats \u00e0 2027, la question n&rsquo;est plus tant de convaincre que de ne pas \u00eatre rejet\u00e9.<\/p>\n\n\n\n<p class=\"wp-block-paragraph\"><\/p>","protected":false},"excerpt":{"rendered":"<p>Les sondages de popularit\u00e9 ne font pas les \u00e9lections. Ils en r\u00e9v\u00e8lent pourtant la grammaire profonde : qui incarne, qui rassemble, qui&hellip;<\/p>","protected":false},"author":31730,"featured_media":4092,"comment_status":"closed","ping_status":"closed","sticky":false,"template":"","format":"standard","meta":{"_lmt_disableupdate":"","_lmt_disable":"","footnotes":""},"categories":[605,4,617],"tags":[683,682],"class_list":["post-4268","post","type-post","status-publish","format-standard","has-post-thumbnail","hentry","category-france","category-mis-en-avant","category-politique-france","tag-election-presidentielle-3","tag-sondages"],"yoast_head":"<!-- This site is optimized with the Yoast SEO Premium plugin v28.1 (Yoast SEO v28.1) - https:\/\/yoast.com\/product\/yoast-seo-premium-wordpress\/ -->\n<title>Popularit\u00e9 des politiques fran\u00e7ais : qui monte, qui chute ? | Geopolitics.fr<\/title>\n<meta name=\"description\" content=\"Les sondages r\u00e9v\u00e8lent une crise politique durable. Aucune personnalit\u00e9 n&#039;approche les niveaux de popularit\u00e9 des pr\u00e9c\u00e9dents scrutins\" \/>\n<meta name=\"robots\" content=\"index, follow, max-snippet:-1, max-image-preview:large, max-video-preview:-1\" \/>\n<link rel=\"canonical\" href=\"https:\/\/www.geopolitics.fr\/en\/2026\/05\/13\/popularite-des-politiques-francais-qui-monte-qui-chute\/\" \/>\n<meta property=\"og:locale\" content=\"en_GB\" \/>\n<meta property=\"og:type\" content=\"article\" \/>\n<meta property=\"og:title\" content=\"Popularit\u00e9 des politiques fran\u00e7ais : qui monte, qui chute ?\" \/>\n<meta property=\"og:description\" content=\"Les sondages r\u00e9v\u00e8lent une crise politique durable. Aucune personnalit\u00e9 n&#039;approche les niveaux de popularit\u00e9 des pr\u00e9c\u00e9dents scrutins\" \/>\n<meta property=\"og:url\" content=\"https:\/\/www.geopolitics.fr\/en\/2026\/05\/13\/popularite-des-politiques-francais-qui-monte-qui-chute\/\" \/>\n<meta property=\"og:site_name\" content=\"Geopolitics.fr\" \/>\n<meta property=\"article:publisher\" content=\"https:\/\/www.facebook.com\/people\/Erwan-Davoux\/61557098968092\/\" \/>\n<meta property=\"article:published_time\" content=\"2026-05-13T06:33:57+00:00\" \/>\n<meta property=\"article:modified_time\" content=\"2026-05-13T06:34:31+00:00\" \/>\n<meta property=\"og:image\" content=\"https:\/\/www.geopolitics.fr\/wp-content\/uploads\/2026\/05\/droite-2027.jpg\" \/>\n\t<meta property=\"og:image:width\" content=\"1920\" \/>\n\t<meta property=\"og:image:height\" content=\"1358\" \/>\n\t<meta property=\"og:image:type\" content=\"image\/jpeg\" \/>\n<meta name=\"author\" content=\"Ghizlaine Badri\" \/>\n<meta name=\"twitter:card\" content=\"summary_large_image\" \/>\n<meta name=\"twitter:creator\" content=\"@Geopolitics_Fr\" \/>\n<meta name=\"twitter:site\" content=\"@Geopolitics_Fr\" \/>\n<meta name=\"twitter:label1\" content=\"Written by\" \/>\n\t<meta name=\"twitter:data1\" content=\"Ghizlaine Badri\" \/>\n\t<meta name=\"twitter:label2\" content=\"Estimated reading time\" \/>\n\t<meta name=\"twitter:data2\" content=\"5 minutes\" \/>\n<script type=\"application\/ld+json\" class=\"yoast-schema-graph\">{\"@context\":\"https:\\\/\\\/schema.org\",\"@graph\":[{\"@type\":\"Article\",\"@id\":\"https:\\\/\\\/www.geopolitics.fr\\\/2026\\\/05\\\/13\\\/popularite-des-politiques-francais-qui-monte-qui-chute\\\/#article\",\"isPartOf\":{\"@id\":\"https:\\\/\\\/www.geopolitics.fr\\\/2026\\\/05\\\/13\\\/popularite-des-politiques-francais-qui-monte-qui-chute\\\/\"},\"author\":{\"name\":\"Ghizlaine Badri\",\"@id\":\"https:\\\/\\\/www.geopolitics.fr\\\/#\\\/schema\\\/person\\\/c36b165f511617c65a2bf8f8abd9af41\"},\"headline\":\"Popularit\u00e9 des politiques fran\u00e7ais : qui monte, qui chute ?\",\"datePublished\":\"2026-05-13T06:33:57+00:00\",\"dateModified\":\"2026-05-13T06:34:31+00:00\",\"mainEntityOfPage\":{\"@id\":\"https:\\\/\\\/www.geopolitics.fr\\\/2026\\\/05\\\/13\\\/popularite-des-politiques-francais-qui-monte-qui-chute\\\/\"},\"wordCount\":1064,\"publisher\":{\"@id\":\"https:\\\/\\\/www.geopolitics.fr\\\/#organization\"},\"image\":{\"@id\":\"https:\\\/\\\/www.geopolitics.fr\\\/2026\\\/05\\\/13\\\/popularite-des-politiques-francais-qui-monte-qui-chute\\\/#primaryimage\"},\"thumbnailUrl\":\"https:\\\/\\\/www.geopolitics.fr\\\/wp-content\\\/uploads\\\/2026\\\/05\\\/droite-2027.jpg\",\"keywords\":[\"election pr\u00e9sidentielle\",\"sondages\"],\"articleSection\":[\"FRANCE\",\"Mis en AVANT\",\"Politique\"],\"inLanguage\":\"en-GB\"},{\"@type\":\"WebPage\",\"@id\":\"https:\\\/\\\/www.geopolitics.fr\\\/2026\\\/05\\\/13\\\/popularite-des-politiques-francais-qui-monte-qui-chute\\\/\",\"url\":\"https:\\\/\\\/www.geopolitics.fr\\\/2026\\\/05\\\/13\\\/popularite-des-politiques-francais-qui-monte-qui-chute\\\/\",\"name\":\"Popularit\u00e9 des politiques fran\u00e7ais : qui monte, qui chute ? | Geopolitics.fr\",\"isPartOf\":{\"@id\":\"https:\\\/\\\/www.geopolitics.fr\\\/#website\"},\"primaryImageOfPage\":{\"@id\":\"https:\\\/\\\/www.geopolitics.fr\\\/2026\\\/05\\\/13\\\/popularite-des-politiques-francais-qui-monte-qui-chute\\\/#primaryimage\"},\"image\":{\"@id\":\"https:\\\/\\\/www.geopolitics.fr\\\/2026\\\/05\\\/13\\\/popularite-des-politiques-francais-qui-monte-qui-chute\\\/#primaryimage\"},\"thumbnailUrl\":\"https:\\\/\\\/www.geopolitics.fr\\\/wp-content\\\/uploads\\\/2026\\\/05\\\/droite-2027.jpg\",\"datePublished\":\"2026-05-13T06:33:57+00:00\",\"dateModified\":\"2026-05-13T06:34:31+00:00\",\"description\":\"Les sondages r\u00e9v\u00e8lent une crise politique durable. Aucune personnalit\u00e9 n'approche les niveaux de popularit\u00e9 des pr\u00e9c\u00e9dents scrutins\",\"breadcrumb\":{\"@id\":\"https:\\\/\\\/www.geopolitics.fr\\\/2026\\\/05\\\/13\\\/popularite-des-politiques-francais-qui-monte-qui-chute\\\/#breadcrumb\"},\"inLanguage\":\"en-GB\",\"potentialAction\":[{\"@type\":\"ReadAction\",\"target\":[\"https:\\\/\\\/www.geopolitics.fr\\\/2026\\\/05\\\/13\\\/popularite-des-politiques-francais-qui-monte-qui-chute\\\/\"]}]},{\"@type\":\"ImageObject\",\"inLanguage\":\"en-GB\",\"@id\":\"https:\\\/\\\/www.geopolitics.fr\\\/2026\\\/05\\\/13\\\/popularite-des-politiques-francais-qui-monte-qui-chute\\\/#primaryimage\",\"url\":\"https:\\\/\\\/www.geopolitics.fr\\\/wp-content\\\/uploads\\\/2026\\\/05\\\/droite-2027.jpg\",\"contentUrl\":\"https:\\\/\\\/www.geopolitics.fr\\\/wp-content\\\/uploads\\\/2026\\\/05\\\/droite-2027.jpg\",\"width\":1920,\"height\":1358,\"caption\":\"icon for the French presidential elections in 2027\"},{\"@type\":\"BreadcrumbList\",\"@id\":\"https:\\\/\\\/www.geopolitics.fr\\\/2026\\\/05\\\/13\\\/popularite-des-politiques-francais-qui-monte-qui-chute\\\/#breadcrumb\",\"itemListElement\":[{\"@type\":\"ListItem\",\"position\":1,\"name\":\"Accueil\",\"item\":\"https:\\\/\\\/www.geopolitics.fr\\\/\"},{\"@type\":\"ListItem\",\"position\":2,\"name\":\"Popularit\u00e9 des politiques fran\u00e7ais : qui monte, qui chute ?\"}]},{\"@type\":\"WebSite\",\"@id\":\"https:\\\/\\\/www.geopolitics.fr\\\/#website\",\"url\":\"https:\\\/\\\/www.geopolitics.fr\\\/\",\"name\":\"Geopolitics.fr\",\"description\":\"Geopolitics.fr Analyse politique, relations internationales, d\u00e9fense - ligne \u00e9ditoriale gaullo-chiraquienne\",\"publisher\":{\"@id\":\"https:\\\/\\\/www.geopolitics.fr\\\/#organization\"},\"potentialAction\":[{\"@type\":\"SearchAction\",\"target\":{\"@type\":\"EntryPoint\",\"urlTemplate\":\"https:\\\/\\\/www.geopolitics.fr\\\/?s={search_term_string}\"},\"query-input\":{\"@type\":\"PropertyValueSpecification\",\"valueRequired\":true,\"valueName\":\"search_term_string\"}}],\"inLanguage\":\"en-GB\"},{\"@type\":\"Organization\",\"@id\":\"https:\\\/\\\/www.geopolitics.fr\\\/#organization\",\"name\":\"Geopolitics.fr\",\"url\":\"https:\\\/\\\/www.geopolitics.fr\\\/\",\"logo\":{\"@type\":\"ImageObject\",\"inLanguage\":\"en-GB\",\"@id\":\"https:\\\/\\\/www.geopolitics.fr\\\/#\\\/schema\\\/logo\\\/image\\\/\",\"url\":\"https:\\\/\\\/www.geopolitics.fr\\\/wp-content\\\/uploads\\\/2024\\\/01\\\/logo.jpg\",\"contentUrl\":\"https:\\\/\\\/www.geopolitics.fr\\\/wp-content\\\/uploads\\\/2024\\\/01\\\/logo.jpg\",\"width\":500,\"height\":500,\"caption\":\"Geopolitics.fr\"},\"image\":{\"@id\":\"https:\\\/\\\/www.geopolitics.fr\\\/#\\\/schema\\\/logo\\\/image\\\/\"},\"sameAs\":[\"https:\\\/\\\/www.facebook.com\\\/people\\\/Erwan-Davoux\\\/61557098968092\\\/\",\"https:\\\/\\\/x.com\\\/Geopolitics_Fr\"]},{\"@type\":\"Person\",\"@id\":\"https:\\\/\\\/www.geopolitics.fr\\\/#\\\/schema\\\/person\\\/c36b165f511617c65a2bf8f8abd9af41\",\"name\":\"Ghizlaine Badri\",\"image\":{\"@type\":\"ImageObject\",\"inLanguage\":\"en-GB\",\"@id\":\"https:\\\/\\\/www.geopolitics.fr\\\/wp-content\\\/uploads\\\/2026\\\/04\\\/cropped-Ghizlaine-96x96.jpg\",\"url\":\"https:\\\/\\\/www.geopolitics.fr\\\/wp-content\\\/uploads\\\/2026\\\/04\\\/cropped-Ghizlaine-96x96.jpg\",\"contentUrl\":\"https:\\\/\\\/www.geopolitics.fr\\\/wp-content\\\/uploads\\\/2026\\\/04\\\/cropped-Ghizlaine-96x96.jpg\",\"caption\":\"Ghizlaine Badri\"},\"description\":\"R\u00e9dactrice en chef de Geopolitics.fr, Ghizlaine Badri est une Journaliste politique forte de vingt-cing ans d'exp\u00e9rience professionnelle dont quinze ans dans la Presse. Elle a construit un parcours \u00e0 l'intersection des sc\u00e8nes fran\u00e7aise, europ\u00e9enne et internationale. Ghizlaine a collabor\u00e9 avec pr\u00e8s d'une vingtaine de m\u00e9dias, parmi lesquels Le Point, Le Figaro, Les \u00c9chos, L'Express et Forbes. Correspondante Maroc\u2013Maghreb pour Le Point et correspondante Afrique pour Forbes, elle s'est distingu\u00e9e par une couverture approfondie des dynamiques politiques et diplomatiques entre l'Europe et le continent africain. Elle est \u00e0 ce jour la seule journaliste marocaine en activit\u00e9 \u00e0 avoir collabor\u00e9 avec des titres majeurs de la presse fran\u00e7aise hors sph\u00e8re panafricaine en France. Au sein du quotidien \u00e9conomique L'\u00c9conomiste, 1er quotidien au Maroc, elle a fond\u00e9 la rubrique France\u2013Maroc, contribuant \u00e0 structurer un espace \u00e9ditorial in\u00e9dit. Titulaire de trois masters obtenus en France, elle a travaill\u00e9 dans les domaines de la communication institutionnelle notamment \u00e0 la Mairie de Bordeaux aupr\u00e8s d'Alain Jupp\u00e9 et a \u00e9galement exerc\u00e9 des fonctions de direction en communication marketing, notamment aupr\u00e8s de l'Ambassade de France au Maroc. Polyglotte, elle est franco-italo-marocaine, n\u00e9e \u00e0 Casablanca, a v\u00e9cu \u00e0 New-York et maitrise cinq langues le fran\u00e7ais, l'arabe, l'anglais, l'italien et l'espagnol.\",\"url\":\"https:\\\/\\\/www.geopolitics.fr\\\/en\\\/author\\\/ghizlaine-badri\\\/\"}]}<\/script>\n<!-- \/ Yoast SEO Premium plugin. -->","yoast_head_json":{"title":"Popularit\u00e9 des politiques fran\u00e7ais : qui monte, qui chute ? | Geopolitics.fr","description":"Les sondages r\u00e9v\u00e8lent une crise politique durable. Aucune personnalit\u00e9 n'approche les niveaux de popularit\u00e9 des pr\u00e9c\u00e9dents scrutins","robots":{"index":"index","follow":"follow","max-snippet":"max-snippet:-1","max-image-preview":"max-image-preview:large","max-video-preview":"max-video-preview:-1"},"canonical":"https:\/\/www.geopolitics.fr\/en\/2026\/05\/13\/popularite-des-politiques-francais-qui-monte-qui-chute\/","og_locale":"en_GB","og_type":"article","og_title":"Popularit\u00e9 des politiques fran\u00e7ais : qui monte, qui chute ?","og_description":"Les sondages r\u00e9v\u00e8lent une crise politique durable. Aucune personnalit\u00e9 n'approche les niveaux de popularit\u00e9 des pr\u00e9c\u00e9dents scrutins","og_url":"https:\/\/www.geopolitics.fr\/en\/2026\/05\/13\/popularite-des-politiques-francais-qui-monte-qui-chute\/","og_site_name":"Geopolitics.fr","article_publisher":"https:\/\/www.facebook.com\/people\/Erwan-Davoux\/61557098968092\/","article_published_time":"2026-05-13T06:33:57+00:00","article_modified_time":"2026-05-13T06:34:31+00:00","og_image":[{"width":1920,"height":1358,"url":"https:\/\/www.geopolitics.fr\/wp-content\/uploads\/2026\/05\/droite-2027.jpg","type":"image\/jpeg"}],"author":"Ghizlaine Badri","twitter_card":"summary_large_image","twitter_creator":"@Geopolitics_Fr","twitter_site":"@Geopolitics_Fr","twitter_misc":{"Written by":"Ghizlaine Badri","Estimated reading time":"5 minutes"},"schema":{"@context":"https:\/\/schema.org","@graph":[{"@type":"Article","@id":"https:\/\/www.geopolitics.fr\/2026\/05\/13\/popularite-des-politiques-francais-qui-monte-qui-chute\/#article","isPartOf":{"@id":"https:\/\/www.geopolitics.fr\/2026\/05\/13\/popularite-des-politiques-francais-qui-monte-qui-chute\/"},"author":{"name":"Ghizlaine Badri","@id":"https:\/\/www.geopolitics.fr\/#\/schema\/person\/c36b165f511617c65a2bf8f8abd9af41"},"headline":"Popularit\u00e9 des politiques fran\u00e7ais : qui monte, qui chute ?","datePublished":"2026-05-13T06:33:57+00:00","dateModified":"2026-05-13T06:34:31+00:00","mainEntityOfPage":{"@id":"https:\/\/www.geopolitics.fr\/2026\/05\/13\/popularite-des-politiques-francais-qui-monte-qui-chute\/"},"wordCount":1064,"publisher":{"@id":"https:\/\/www.geopolitics.fr\/#organization"},"image":{"@id":"https:\/\/www.geopolitics.fr\/2026\/05\/13\/popularite-des-politiques-francais-qui-monte-qui-chute\/#primaryimage"},"thumbnailUrl":"https:\/\/www.geopolitics.fr\/wp-content\/uploads\/2026\/05\/droite-2027.jpg","keywords":["election pr\u00e9sidentielle","sondages"],"articleSection":["FRANCE","Mis en AVANT","Politique"],"inLanguage":"en-GB"},{"@type":"WebPage","@id":"https:\/\/www.geopolitics.fr\/2026\/05\/13\/popularite-des-politiques-francais-qui-monte-qui-chute\/","url":"https:\/\/www.geopolitics.fr\/2026\/05\/13\/popularite-des-politiques-francais-qui-monte-qui-chute\/","name":"Popularit\u00e9 des politiques fran\u00e7ais : qui monte, qui chute ? | Geopolitics.fr","isPartOf":{"@id":"https:\/\/www.geopolitics.fr\/#website"},"primaryImageOfPage":{"@id":"https:\/\/www.geopolitics.fr\/2026\/05\/13\/popularite-des-politiques-francais-qui-monte-qui-chute\/#primaryimage"},"image":{"@id":"https:\/\/www.geopolitics.fr\/2026\/05\/13\/popularite-des-politiques-francais-qui-monte-qui-chute\/#primaryimage"},"thumbnailUrl":"https:\/\/www.geopolitics.fr\/wp-content\/uploads\/2026\/05\/droite-2027.jpg","datePublished":"2026-05-13T06:33:57+00:00","dateModified":"2026-05-13T06:34:31+00:00","description":"Les sondages r\u00e9v\u00e8lent une crise politique durable. Aucune personnalit\u00e9 n'approche les niveaux de popularit\u00e9 des pr\u00e9c\u00e9dents scrutins","breadcrumb":{"@id":"https:\/\/www.geopolitics.fr\/2026\/05\/13\/popularite-des-politiques-francais-qui-monte-qui-chute\/#breadcrumb"},"inLanguage":"en-GB","potentialAction":[{"@type":"ReadAction","target":["https:\/\/www.geopolitics.fr\/2026\/05\/13\/popularite-des-politiques-francais-qui-monte-qui-chute\/"]}]},{"@type":"ImageObject","inLanguage":"en-GB","@id":"https:\/\/www.geopolitics.fr\/2026\/05\/13\/popularite-des-politiques-francais-qui-monte-qui-chute\/#primaryimage","url":"https:\/\/www.geopolitics.fr\/wp-content\/uploads\/2026\/05\/droite-2027.jpg","contentUrl":"https:\/\/www.geopolitics.fr\/wp-content\/uploads\/2026\/05\/droite-2027.jpg","width":1920,"height":1358,"caption":"icon for the French presidential elections in 2027"},{"@type":"BreadcrumbList","@id":"https:\/\/www.geopolitics.fr\/2026\/05\/13\/popularite-des-politiques-francais-qui-monte-qui-chute\/#breadcrumb","itemListElement":[{"@type":"ListItem","position":1,"name":"Accueil","item":"https:\/\/www.geopolitics.fr\/"},{"@type":"ListItem","position":2,"name":"Popularit\u00e9 des politiques fran\u00e7ais : qui monte, qui chute ?"}]},{"@type":"WebSite","@id":"https:\/\/www.geopolitics.fr\/#website","url":"https:\/\/www.geopolitics.fr\/","name":"Geopolitics.fr","description":"Geopolitics.fr Analyse politique, relations internationales, d\u00e9fense - ligne \u00e9ditoriale gaullo-chiraquienne","publisher":{"@id":"https:\/\/www.geopolitics.fr\/#organization"},"potentialAction":[{"@type":"SearchAction","target":{"@type":"EntryPoint","urlTemplate":"https:\/\/www.geopolitics.fr\/?s={search_term_string}"},"query-input":{"@type":"PropertyValueSpecification","valueRequired":true,"valueName":"search_term_string"}}],"inLanguage":"en-GB"},{"@type":"Organization","@id":"https:\/\/www.geopolitics.fr\/#organization","name":"Geopolitics.fr","url":"https:\/\/www.geopolitics.fr\/","logo":{"@type":"ImageObject","inLanguage":"en-GB","@id":"https:\/\/www.geopolitics.fr\/#\/schema\/logo\/image\/","url":"https:\/\/www.geopolitics.fr\/wp-content\/uploads\/2024\/01\/logo.jpg","contentUrl":"https:\/\/www.geopolitics.fr\/wp-content\/uploads\/2024\/01\/logo.jpg","width":500,"height":500,"caption":"Geopolitics.fr"},"image":{"@id":"https:\/\/www.geopolitics.fr\/#\/schema\/logo\/image\/"},"sameAs":["https:\/\/www.facebook.com\/people\/Erwan-Davoux\/61557098968092\/","https:\/\/x.com\/Geopolitics_Fr"]},{"@type":"Person","@id":"https:\/\/www.geopolitics.fr\/#\/schema\/person\/c36b165f511617c65a2bf8f8abd9af41","name":"Ghizlaine Badri","image":{"@type":"ImageObject","inLanguage":"en-GB","@id":"https:\/\/www.geopolitics.fr\/wp-content\/uploads\/2026\/04\/cropped-Ghizlaine-96x96.jpg","url":"https:\/\/www.geopolitics.fr\/wp-content\/uploads\/2026\/04\/cropped-Ghizlaine-96x96.jpg","contentUrl":"https:\/\/www.geopolitics.fr\/wp-content\/uploads\/2026\/04\/cropped-Ghizlaine-96x96.jpg","caption":"Ghizlaine Badri"},"description":"R\u00e9dactrice en chef de Geopolitics.fr, Ghizlaine Badri est une Journaliste politique forte de vingt-cing ans d'exp\u00e9rience professionnelle dont quinze ans dans la Presse. Elle a construit un parcours \u00e0 l'intersection des sc\u00e8nes fran\u00e7aise, europ\u00e9enne et internationale. Ghizlaine a collabor\u00e9 avec pr\u00e8s d'une vingtaine de m\u00e9dias, parmi lesquels Le Point, Le Figaro, Les \u00c9chos, L'Express et Forbes. Correspondante Maroc\u2013Maghreb pour Le Point et correspondante Afrique pour Forbes, elle s'est distingu\u00e9e par une couverture approfondie des dynamiques politiques et diplomatiques entre l'Europe et le continent africain. Elle est \u00e0 ce jour la seule journaliste marocaine en activit\u00e9 \u00e0 avoir collabor\u00e9 avec des titres majeurs de la presse fran\u00e7aise hors sph\u00e8re panafricaine en France. Au sein du quotidien \u00e9conomique L'\u00c9conomiste, 1er quotidien au Maroc, elle a fond\u00e9 la rubrique France\u2013Maroc, contribuant \u00e0 structurer un espace \u00e9ditorial in\u00e9dit. Titulaire de trois masters obtenus en France, elle a travaill\u00e9 dans les domaines de la communication institutionnelle notamment \u00e0 la Mairie de Bordeaux aupr\u00e8s d'Alain Jupp\u00e9 et a \u00e9galement exerc\u00e9 des fonctions de direction en communication marketing, notamment aupr\u00e8s de l'Ambassade de France au Maroc. Polyglotte, elle est franco-italo-marocaine, n\u00e9e \u00e0 Casablanca, a v\u00e9cu \u00e0 New-York et maitrise cinq langues le fran\u00e7ais, l'arabe, l'anglais, l'italien et l'espagnol.","url":"https:\/\/www.geopolitics.fr\/en\/author\/ghizlaine-badri\/"}]}},"_links":{"self":[{"href":"https:\/\/www.geopolitics.fr\/en\/wp-json\/wp\/v2\/posts\/4268","targetHints":{"allow":["GET"]}}],"collection":[{"href":"https:\/\/www.geopolitics.fr\/en\/wp-json\/wp\/v2\/posts"}],"about":[{"href":"https:\/\/www.geopolitics.fr\/en\/wp-json\/wp\/v2\/types\/post"}],"author":[{"embeddable":true,"href":"https:\/\/www.geopolitics.fr\/en\/wp-json\/wp\/v2\/users\/31730"}],"replies":[{"embeddable":true,"href":"https:\/\/www.geopolitics.fr\/en\/wp-json\/wp\/v2\/comments?post=4268"}],"version-history":[{"count":0,"href":"https:\/\/www.geopolitics.fr\/en\/wp-json\/wp\/v2\/posts\/4268\/revisions"}],"wp:featuredmedia":[{"embeddable":true,"href":"https:\/\/www.geopolitics.fr\/en\/wp-json\/wp\/v2\/media\/4092"}],"wp:attachment":[{"href":"https:\/\/www.geopolitics.fr\/en\/wp-json\/wp\/v2\/media?parent=4268"}],"wp:term":[{"taxonomy":"category","embeddable":true,"href":"https:\/\/www.geopolitics.fr\/en\/wp-json\/wp\/v2\/categories?post=4268"},{"taxonomy":"post_tag","embeddable":true,"href":"https:\/\/www.geopolitics.fr\/en\/wp-json\/wp\/v2\/tags?post=4268"}],"curies":[{"name":"wp","href":"https:\/\/api.w.org\/{rel}","templated":true}]}}