{"id":4265,"date":"2026-05-12T16:30:00","date_gmt":"2026-05-12T14:30:00","guid":{"rendered":"https:\/\/www.geopolitics.fr\/?p=4265"},"modified":"2026-05-12T16:30:02","modified_gmt":"2026-05-12T14:30:02","slug":"melenchon-iv-le-pari-solitaire","status":"publish","type":"post","link":"https:\/\/www.geopolitics.fr\/en\/2026\/05\/12\/melenchon-iv-le-pari-solitaire\/","title":{"rendered":"M\u00e9lenchon IV : le pari solitaire\u00a0"},"content":{"rendered":"<p class=\"has-medium-font-size wp-block-paragraph\">Guerre au Rassemblement national qu&rsquo;il d\u00e9signe comme son adversaire principal, guerre \u00e0 la gauche mod\u00e9r\u00e9e qui esp\u00e9rait le voir se retirer, guerre enfin \u00e0 un ordre mondial qu&rsquo;il juge en pleine d\u00e9composition.\u00a0<\/p>\n\n\n\n<p class=\"has-medium-font-size wp-block-paragraph\">L&rsquo;annonce \u00e9tait attendue. Elle n&rsquo;en reconfigure pas moins profond\u00e9ment le paysage politique fran\u00e7ais \u00e0 moins d&rsquo;un an du scrutin.<\/p>\n\n\n\n<h2 class=\"wp-block-heading\" id=\"h-le-retour-de-celui-qui-devait-partir\">Le retour de celui qui devait partir<\/h2>\n\n\n\n<p class=\"has-medium-font-size wp-block-paragraph\">\u00c0 sa quatri\u00e8me candidature, M\u00e9lenchon avait pourtant promis, en 2022, qu&rsquo;il souhaitait passer le relais \u00e0 une nouvelle g\u00e9n\u00e9ration. \u00ab Il est \u00e9vident que c&rsquo;est ma derni\u00e8re candidature \u00bb, avait-il alors d\u00e9clar\u00e9. La r\u00e9alit\u00e9 de 2026 est autre : aucun successeur cr\u00e9dible n&rsquo;a \u00e9merg\u00e9 au sein de LFI, et le mouvement, fort de trois campagnes rod\u00e9es, a choisi de miser sur la continuit\u00e9 plut\u00f4t que sur le risque de l&rsquo;inconnue.&nbsp;<\/p>\n\n\n\n<p class=\"has-medium-font-size wp-block-paragraph\">Les \u00e9lus insoumis, r\u00e9unis \u00e0 Paris dans la matin\u00e9e du 3 mai, ont officiellement d\u00e9sign\u00e9 M\u00e9lenchon comme leur candidat avant m\u00eame son passage sur TF1. Sa justification : l&rsquo;urgence. \u00ab Nous entrons dans une saison tr\u00e8s agit\u00e9e de l&rsquo;histoire du monde. Nous sommes menac\u00e9s d&rsquo;une guerre g\u00e9n\u00e9ralis\u00e9e, menac\u00e9s par un changement spectaculaire du climat. Et puis nous avons une crise \u00e9conomique et sociale qui s&rsquo;avance vers nous \u00bb, a-t-il d\u00e9clar\u00e9. Le registre est celui qu&rsquo;il affectionne : l&rsquo;homme providentiel face \u00e0 un monde qui s&rsquo;effondre.&nbsp;<\/p>\n\n\n\n<h2 class=\"wp-block-heading\" id=\"h-un-programme-de-rupture-assumee\">Un programme de rupture assum\u00e9e<\/h2>\n\n\n\n<p class=\"has-medium-font-size wp-block-paragraph\">Sur le fond, M\u00e9lenchon n&rsquo;a pas chang\u00e9 de cap. Le 8 mai, dans un entretien accord\u00e9 \u00e0 LCI, il a r\u00e9affirm\u00e9 sa promesse de sortir la France de l&rsquo;OTAN \u00ab par \u00e9tapes \u00bb si il \u00e9tait \u00e9lu, estimant que l&rsquo;Alliance atlantique \u00ab ne sert qu&rsquo;\u00e0 une chose : nous mettre sous tutelle des \u00c9tats-Unis \u00bb. C&rsquo;est une ligne qu&rsquo;il porte depuis des ann\u00e9es, mais qui prend une r\u00e9sonance particuli\u00e8re dans un contexte de r\u00e9armement europ\u00e9en et de tensions persistantes autour du conflit ukrainien. Pour une France qui cherche \u00e0 peser dans la recomposition de l&rsquo;ordre mondial post-Trump, une telle posture repr\u00e9sente une rupture radicale avec l&rsquo;ensemble du spectre politique traditionnel.&nbsp;<\/p>\n\n\n\n<p class=\"has-medium-font-size wp-block-paragraph\">Sur le plan int\u00e9rieur, le programme reste celui d&rsquo;une planification \u00e9cologique forte, d&rsquo;une VIe R\u00e9publique et d&rsquo;une rupture avec les institutions europ\u00e9ennes telles qu&rsquo;elles fonctionnent. M\u00e9lenchon se dit convaincu de battre le RN : \u00ab Je pense que nous allons les battre \u00e0 plate couture \u00bb, ajoutant douter m\u00eame de leur pr\u00e9sence au second tour. Un optimisme que les sondages actuels ne valident pas, mais qui sert aussi de mobilisateur pour sa base.&nbsp;<\/p>\n\n\n\n<h2 class=\"wp-block-heading\" id=\"h-la-gauche-non-insoumise-entre-colere-et-impuissance\">La gauche non-insoumise, entre col\u00e8re et impuissance<\/h2>\n\n\n\n<p class=\"has-medium-font-size wp-block-paragraph\">L&rsquo;annonce a produit l&rsquo;effet escompt\u00e9 \u00e0 gauche : la division. Si M\u00e9lenchon a revendiqu\u00e9 150 000 signatures de soutien d\u00e8s le lendemain de son annonce, son enthousiasme est loin d&rsquo;\u00eatre partag\u00e9 par l&rsquo;ensemble de la gauche non-LFI. Plusieurs responsables socialistes et \u00e9cologistes ont rappel\u00e9 avec amertume ses promesses de ne pas se repr\u00e9senter. Pour eux, ce retour est moins un acte politique qu&rsquo;un acte d&rsquo;ego.&nbsp;<\/p>\n\n\n\n<p class=\"has-medium-font-size wp-block-paragraph\">La vraie question, \u00e0 un an et demi de la pr\u00e9sidentielle, n&rsquo;est pas seulement de savoir qui se lance. C&rsquo;est surtout de savoir quel camp ce candidat aide \u00e0 structurer, et lequel il fragilise. La candidature M\u00e9lenchon enferme-t-elle la gauche dans une r\u00e9p\u00e9tition de 2022, ou provoque-t-elle enfin une riposte organis\u00e9e autour d&rsquo;une candidature commune ? C&rsquo;est l\u00e0 que r\u00e9side l&rsquo;enjeu v\u00e9ritable.&nbsp;<\/p>\n\n\n\n<p class=\"has-medium-font-size wp-block-paragraph\">Le d\u00e9part de Boris Vallaud de la direction du PS, survenu cinq jours apr\u00e8s l&rsquo;annonce de M\u00e9lenchon, illustre \u00e0 quel point cette candidature agit comme un r\u00e9v\u00e9lateur des fractures pr\u00e9existantes. En se d\u00e9clarant, M\u00e9lenchon force chaque acteur de gauche \u00e0 se positionner : pour, contre, ou dans l&rsquo;attente d&rsquo;un hypoth\u00e9tique candidat commun. LFI refuse toute primaire qui les obligerait \u00e0 renoncer \u00e0 M\u00e9lenchon, tandis que socialistes, \u00e9cologistes et diverses formations r\u00e9formistes cherchent une troisi\u00e8me voie qui peine \u00e0 se mat\u00e9rialiser.&nbsp;<\/p>\n\n\n\n<h2 class=\"wp-block-heading\" id=\"h-la-force-et-la-limite-de-l-appareil-insoumis\">La force et la limite de l&rsquo;appareil insoumis<\/h2>\n\n\n\n<p class=\"has-medium-font-size wp-block-paragraph\">Sur le plan organisationnel, LFI part avec des atouts consid\u00e9rables. Trois campagnes pr\u00e9sidentielles ont forg\u00e9 une machine militante disciplin\u00e9e, rod\u00e9e \u00e0 la collecte de signatures, \u00e0 la mobilisation de terrain et \u00e0 la communication num\u00e9rique. La collecte des 150 000 parrainages citoyens&nbsp; d\u00e9sormais requis en lieu et place des parrainages d&rsquo;\u00e9lus devrait \u00eatre une formalit\u00e9 pour le fondateur de LFI. Son site de campagne a \u00e9t\u00e9 mis en ligne d\u00e8s l&rsquo;annonce, signe d&rsquo;une organisation pr\u00e9par\u00e9e de longue date.&nbsp;<\/p>\n\n\n\n<p class=\"has-medium-font-size wp-block-paragraph\">Mais la force de l&rsquo;appareil ne compense pas les faiblesses structurelles de la candidature. M\u00e9lenchon est, avec le RN, la personnalit\u00e9 politique qui polarise le plus l&rsquo;\u00e9lectorat fran\u00e7ais. Son score de 22 % au premier tour de 2022 avait constitu\u00e9 un plafond autant qu&rsquo;un plancher, une base fid\u00e8le, mais une incapacit\u00e9 chronique \u00e0 \u00e9largir au-del\u00e0 du noyau militant et des classes populaires urbaines. \u00c0 74 ans, au quatri\u00e8me essai, la question de l&rsquo;usure personnelle s&rsquo;ajoute \u00e0 celle du plafond \u00e9lectoral.<\/p>\n\n\n\n<h2 class=\"wp-block-heading\" id=\"h-un-pari-sur-le-desordre-mondial\">Un pari sur le d\u00e9sordre mondial<\/h2>\n\n\n\n<p class=\"has-medium-font-size wp-block-paragraph\">Ce qui distingue la candidature M\u00e9lenchon 2027 des pr\u00e9c\u00e9dentes, c&rsquo;est le contexte g\u00e9opolitique dans lequel elle s&rsquo;inscrit. L&rsquo;instabilit\u00e9 internationale, guerre en Ukraine, turbulences transatlantiques, crise climatique, lui offre un terrain rh\u00e9torique qu&rsquo;il exploite avec habilet\u00e9. \u00ab Tenir bon face \u00e0 la guerre, au changement climatique et \u00e0 la crise \u00e9conomique et sociale, \u00e7a ne s&rsquo;improvise pas \u00bb, a-t-il d\u00e9clar\u00e9, se pr\u00e9sentant comme l&rsquo;homme d&rsquo;exp\u00e9rience face \u00e0 l&rsquo;adversit\u00e9.&nbsp;<\/p>\n\n\n\n<p class=\"has-medium-font-size wp-block-paragraph\">C&rsquo;est un pari sur le d\u00e9sordre : plus le monde est per\u00e7u comme chaotique, plus sa rh\u00e9torique de rupture trouve un \u00e9cho. Mais c&rsquo;est aussi son principal risque : dans un moment o\u00f9 les Fran\u00e7ais cherchent de la stabilit\u00e9, une candidature qui promet de quitter l&rsquo;OTAN et de rompre avec les cadres institutionnels existants peut se r\u00e9v\u00e9ler aussi mobilisatrice pour ses adversaires que pour ses partisans.<\/p>\n\n\n\n<p class=\"has-medium-font-size wp-block-paragraph\">\u00c0 moins d&rsquo;un an du premier tour, Jean-Luc M\u00e9lenchon a tranch\u00e9 l\u00e0 o\u00f9 les autres h\u00e9sitent encore. Il est en campagne. Le reste de la gauche, lui, est toujours en train de d\u00e9cider s&rsquo;il existe.<\/p>\n\n\n\n<p class=\"wp-block-paragraph\"><\/p>","protected":false},"excerpt":{"rendered":"<p>Guerre au Rassemblement national qu&rsquo;il d\u00e9signe comme son adversaire principal, guerre \u00e0 la gauche mod\u00e9r\u00e9e qui esp\u00e9rait le voir se retirer, guerre&hellip;<\/p>","protected":false},"author":31730,"featured_media":4266,"comment_status":"closed","ping_status":"closed","sticky":false,"template":"","format":"standard","meta":{"_lmt_disableupdate":"","_lmt_disable":"","footnotes":""},"categories":[605,4,617],"tags":[656,240,681,193],"class_list":["post-4265","post","type-post","status-publish","format-standard","has-post-thumbnail","hentry","category-france","category-mis-en-avant","category-politique-france","tag-gauche","tag-lfi","tag-melenchon","tag-presidentielle"],"yoast_head":"<!-- This site is optimized with the Yoast SEO Premium plugin v28.1 (Yoast SEO v28.1) - https:\/\/yoast.com\/product\/yoast-seo-premium-wordpress\/ -->\n<title>M\u00e9lenchon IV : le pari solitaire\u00a0 | Geopolitics.fr<\/title>\n<meta name=\"description\" content=\"La candidature M\u00e9lenchon pr\u00e9sidentielle semble n&#039;enthousiasmer que son propre camp et enferme la gauche dans une division suicidaire.\" \/>\n<meta name=\"robots\" content=\"index, follow, max-snippet:-1, max-image-preview:large, max-video-preview:-1\" \/>\n<link rel=\"canonical\" href=\"https:\/\/www.geopolitics.fr\/en\/2026\/05\/12\/melenchon-iv-le-pari-solitaire\/\" \/>\n<meta property=\"og:locale\" content=\"en_GB\" \/>\n<meta property=\"og:type\" content=\"article\" \/>\n<meta property=\"og:title\" content=\"M\u00e9lenchon IV : le pari solitaire\u00a0\" \/>\n<meta property=\"og:description\" content=\"La candidature M\u00e9lenchon pr\u00e9sidentielle semble n&#039;enthousiasmer que son propre camp et enferme la gauche dans une division suicidaire.\" \/>\n<meta property=\"og:url\" content=\"https:\/\/www.geopolitics.fr\/en\/2026\/05\/12\/melenchon-iv-le-pari-solitaire\/\" \/>\n<meta property=\"og:site_name\" content=\"Geopolitics.fr\" \/>\n<meta property=\"article:publisher\" content=\"https:\/\/www.facebook.com\/people\/Erwan-Davoux\/61557098968092\/\" \/>\n<meta property=\"article:published_time\" content=\"2026-05-12T14:30:00+00:00\" \/>\n<meta property=\"article:modified_time\" content=\"2026-05-12T14:30:02+00:00\" \/>\n<meta property=\"og:image\" content=\"https:\/\/www.geopolitics.fr\/wp-content\/uploads\/2026\/05\/MELUCHE.jpg\" \/>\n\t<meta property=\"og:image:width\" content=\"591\" \/>\n\t<meta property=\"og:image:height\" content=\"564\" \/>\n\t<meta property=\"og:image:type\" content=\"image\/jpeg\" \/>\n<meta name=\"author\" content=\"Ghizlaine Badri\" \/>\n<meta name=\"twitter:card\" content=\"summary_large_image\" \/>\n<meta name=\"twitter:creator\" content=\"@Geopolitics_Fr\" \/>\n<meta name=\"twitter:site\" content=\"@Geopolitics_Fr\" \/>\n<meta name=\"twitter:label1\" content=\"Written by\" \/>\n\t<meta name=\"twitter:data1\" content=\"Ghizlaine Badri\" \/>\n\t<meta name=\"twitter:label2\" content=\"Estimated reading time\" \/>\n\t<meta name=\"twitter:data2\" content=\"5 minutes\" \/>\n<script type=\"application\/ld+json\" class=\"yoast-schema-graph\">{\"@context\":\"https:\\\/\\\/schema.org\",\"@graph\":[{\"@type\":\"Article\",\"@id\":\"https:\\\/\\\/www.geopolitics.fr\\\/2026\\\/05\\\/12\\\/melenchon-iv-le-pari-solitaire\\\/#article\",\"isPartOf\":{\"@id\":\"https:\\\/\\\/www.geopolitics.fr\\\/2026\\\/05\\\/12\\\/melenchon-iv-le-pari-solitaire\\\/\"},\"author\":{\"name\":\"Ghizlaine Badri\",\"@id\":\"https:\\\/\\\/www.geopolitics.fr\\\/#\\\/schema\\\/person\\\/c36b165f511617c65a2bf8f8abd9af41\"},\"headline\":\"M\u00e9lenchon IV : le pari solitaire\u00a0\",\"datePublished\":\"2026-05-12T14:30:00+00:00\",\"dateModified\":\"2026-05-12T14:30:02+00:00\",\"mainEntityOfPage\":{\"@id\":\"https:\\\/\\\/www.geopolitics.fr\\\/2026\\\/05\\\/12\\\/melenchon-iv-le-pari-solitaire\\\/\"},\"wordCount\":1070,\"publisher\":{\"@id\":\"https:\\\/\\\/www.geopolitics.fr\\\/#organization\"},\"image\":{\"@id\":\"https:\\\/\\\/www.geopolitics.fr\\\/2026\\\/05\\\/12\\\/melenchon-iv-le-pari-solitaire\\\/#primaryimage\"},\"thumbnailUrl\":\"https:\\\/\\\/www.geopolitics.fr\\\/wp-content\\\/uploads\\\/2026\\\/05\\\/MELUCHE.jpg\",\"keywords\":[\"gauche\",\"LFI\",\"MELENCHON\",\"PRESIDENTIELLE\"],\"articleSection\":[\"FRANCE\",\"Mis en AVANT\",\"Politique\"],\"inLanguage\":\"en-GB\"},{\"@type\":\"WebPage\",\"@id\":\"https:\\\/\\\/www.geopolitics.fr\\\/2026\\\/05\\\/12\\\/melenchon-iv-le-pari-solitaire\\\/\",\"url\":\"https:\\\/\\\/www.geopolitics.fr\\\/2026\\\/05\\\/12\\\/melenchon-iv-le-pari-solitaire\\\/\",\"name\":\"M\u00e9lenchon IV : le pari solitaire\u00a0 | Geopolitics.fr\",\"isPartOf\":{\"@id\":\"https:\\\/\\\/www.geopolitics.fr\\\/#website\"},\"primaryImageOfPage\":{\"@id\":\"https:\\\/\\\/www.geopolitics.fr\\\/2026\\\/05\\\/12\\\/melenchon-iv-le-pari-solitaire\\\/#primaryimage\"},\"image\":{\"@id\":\"https:\\\/\\\/www.geopolitics.fr\\\/2026\\\/05\\\/12\\\/melenchon-iv-le-pari-solitaire\\\/#primaryimage\"},\"thumbnailUrl\":\"https:\\\/\\\/www.geopolitics.fr\\\/wp-content\\\/uploads\\\/2026\\\/05\\\/MELUCHE.jpg\",\"datePublished\":\"2026-05-12T14:30:00+00:00\",\"dateModified\":\"2026-05-12T14:30:02+00:00\",\"description\":\"La candidature M\u00e9lenchon pr\u00e9sidentielle semble n'enthousiasmer que son propre camp et enferme la gauche dans une division suicidaire.\",\"breadcrumb\":{\"@id\":\"https:\\\/\\\/www.geopolitics.fr\\\/2026\\\/05\\\/12\\\/melenchon-iv-le-pari-solitaire\\\/#breadcrumb\"},\"inLanguage\":\"en-GB\",\"potentialAction\":[{\"@type\":\"ReadAction\",\"target\":[\"https:\\\/\\\/www.geopolitics.fr\\\/2026\\\/05\\\/12\\\/melenchon-iv-le-pari-solitaire\\\/\"]}]},{\"@type\":\"ImageObject\",\"inLanguage\":\"en-GB\",\"@id\":\"https:\\\/\\\/www.geopolitics.fr\\\/2026\\\/05\\\/12\\\/melenchon-iv-le-pari-solitaire\\\/#primaryimage\",\"url\":\"https:\\\/\\\/www.geopolitics.fr\\\/wp-content\\\/uploads\\\/2026\\\/05\\\/MELUCHE.jpg\",\"contentUrl\":\"https:\\\/\\\/www.geopolitics.fr\\\/wp-content\\\/uploads\\\/2026\\\/05\\\/MELUCHE.jpg\",\"width\":591,\"height\":564},{\"@type\":\"BreadcrumbList\",\"@id\":\"https:\\\/\\\/www.geopolitics.fr\\\/2026\\\/05\\\/12\\\/melenchon-iv-le-pari-solitaire\\\/#breadcrumb\",\"itemListElement\":[{\"@type\":\"ListItem\",\"position\":1,\"name\":\"Accueil\",\"item\":\"https:\\\/\\\/www.geopolitics.fr\\\/\"},{\"@type\":\"ListItem\",\"position\":2,\"name\":\"M\u00e9lenchon IV : le pari solitaire\u00a0\"}]},{\"@type\":\"WebSite\",\"@id\":\"https:\\\/\\\/www.geopolitics.fr\\\/#website\",\"url\":\"https:\\\/\\\/www.geopolitics.fr\\\/\",\"name\":\"Geopolitics.fr\",\"description\":\"Geopolitics.fr Analyse politique, relations internationales, d\u00e9fense - ligne \u00e9ditoriale gaullo-chiraquienne\",\"publisher\":{\"@id\":\"https:\\\/\\\/www.geopolitics.fr\\\/#organization\"},\"potentialAction\":[{\"@type\":\"SearchAction\",\"target\":{\"@type\":\"EntryPoint\",\"urlTemplate\":\"https:\\\/\\\/www.geopolitics.fr\\\/?s={search_term_string}\"},\"query-input\":{\"@type\":\"PropertyValueSpecification\",\"valueRequired\":true,\"valueName\":\"search_term_string\"}}],\"inLanguage\":\"en-GB\"},{\"@type\":\"Organization\",\"@id\":\"https:\\\/\\\/www.geopolitics.fr\\\/#organization\",\"name\":\"Geopolitics.fr\",\"url\":\"https:\\\/\\\/www.geopolitics.fr\\\/\",\"logo\":{\"@type\":\"ImageObject\",\"inLanguage\":\"en-GB\",\"@id\":\"https:\\\/\\\/www.geopolitics.fr\\\/#\\\/schema\\\/logo\\\/image\\\/\",\"url\":\"https:\\\/\\\/www.geopolitics.fr\\\/wp-content\\\/uploads\\\/2024\\\/01\\\/logo.jpg\",\"contentUrl\":\"https:\\\/\\\/www.geopolitics.fr\\\/wp-content\\\/uploads\\\/2024\\\/01\\\/logo.jpg\",\"width\":500,\"height\":500,\"caption\":\"Geopolitics.fr\"},\"image\":{\"@id\":\"https:\\\/\\\/www.geopolitics.fr\\\/#\\\/schema\\\/logo\\\/image\\\/\"},\"sameAs\":[\"https:\\\/\\\/www.facebook.com\\\/people\\\/Erwan-Davoux\\\/61557098968092\\\/\",\"https:\\\/\\\/x.com\\\/Geopolitics_Fr\"]},{\"@type\":\"Person\",\"@id\":\"https:\\\/\\\/www.geopolitics.fr\\\/#\\\/schema\\\/person\\\/c36b165f511617c65a2bf8f8abd9af41\",\"name\":\"Ghizlaine Badri\",\"image\":{\"@type\":\"ImageObject\",\"inLanguage\":\"en-GB\",\"@id\":\"https:\\\/\\\/www.geopolitics.fr\\\/wp-content\\\/uploads\\\/2026\\\/04\\\/cropped-Ghizlaine-96x96.jpg\",\"url\":\"https:\\\/\\\/www.geopolitics.fr\\\/wp-content\\\/uploads\\\/2026\\\/04\\\/cropped-Ghizlaine-96x96.jpg\",\"contentUrl\":\"https:\\\/\\\/www.geopolitics.fr\\\/wp-content\\\/uploads\\\/2026\\\/04\\\/cropped-Ghizlaine-96x96.jpg\",\"caption\":\"Ghizlaine Badri\"},\"description\":\"R\u00e9dactrice en chef de Geopolitics.fr, Ghizlaine Badri est une Journaliste politique forte de vingt-cing ans d'exp\u00e9rience professionnelle dont quinze ans dans la Presse. Elle a construit un parcours \u00e0 l'intersection des sc\u00e8nes fran\u00e7aise, europ\u00e9enne et internationale. Ghizlaine a collabor\u00e9 avec pr\u00e8s d'une vingtaine de m\u00e9dias, parmi lesquels Le Point, Le Figaro, Les \u00c9chos, L'Express et Forbes. Correspondante Maroc\u2013Maghreb pour Le Point et correspondante Afrique pour Forbes, elle s'est distingu\u00e9e par une couverture approfondie des dynamiques politiques et diplomatiques entre l'Europe et le continent africain. Elle est \u00e0 ce jour la seule journaliste marocaine en activit\u00e9 \u00e0 avoir collabor\u00e9 avec des titres majeurs de la presse fran\u00e7aise hors sph\u00e8re panafricaine en France. Au sein du quotidien \u00e9conomique L'\u00c9conomiste, 1er quotidien au Maroc, elle a fond\u00e9 la rubrique France\u2013Maroc, contribuant \u00e0 structurer un espace \u00e9ditorial in\u00e9dit. Titulaire de trois masters obtenus en France, elle a travaill\u00e9 dans les domaines de la communication institutionnelle notamment \u00e0 la Mairie de Bordeaux aupr\u00e8s d'Alain Jupp\u00e9 et a \u00e9galement exerc\u00e9 des fonctions de direction en communication marketing, notamment aupr\u00e8s de l'Ambassade de France au Maroc. Polyglotte, elle est franco-italo-marocaine, n\u00e9e \u00e0 Casablanca, a v\u00e9cu \u00e0 New-York et maitrise cinq langues le fran\u00e7ais, l'arabe, l'anglais, l'italien et l'espagnol.\",\"url\":\"https:\\\/\\\/www.geopolitics.fr\\\/en\\\/author\\\/ghizlaine-badri\\\/\"}]}<\/script>\n<!-- \/ Yoast SEO Premium plugin. -->","yoast_head_json":{"title":"M\u00e9lenchon IV : le pari solitaire\u00a0 | Geopolitics.fr","description":"La candidature M\u00e9lenchon pr\u00e9sidentielle semble n'enthousiasmer que son propre camp et enferme la gauche dans une division suicidaire.","robots":{"index":"index","follow":"follow","max-snippet":"max-snippet:-1","max-image-preview":"max-image-preview:large","max-video-preview":"max-video-preview:-1"},"canonical":"https:\/\/www.geopolitics.fr\/en\/2026\/05\/12\/melenchon-iv-le-pari-solitaire\/","og_locale":"en_GB","og_type":"article","og_title":"M\u00e9lenchon IV : le pari solitaire\u00a0","og_description":"La candidature M\u00e9lenchon pr\u00e9sidentielle semble n'enthousiasmer que son propre camp et enferme la gauche dans une division suicidaire.","og_url":"https:\/\/www.geopolitics.fr\/en\/2026\/05\/12\/melenchon-iv-le-pari-solitaire\/","og_site_name":"Geopolitics.fr","article_publisher":"https:\/\/www.facebook.com\/people\/Erwan-Davoux\/61557098968092\/","article_published_time":"2026-05-12T14:30:00+00:00","article_modified_time":"2026-05-12T14:30:02+00:00","og_image":[{"width":591,"height":564,"url":"https:\/\/www.geopolitics.fr\/wp-content\/uploads\/2026\/05\/MELUCHE.jpg","type":"image\/jpeg"}],"author":"Ghizlaine Badri","twitter_card":"summary_large_image","twitter_creator":"@Geopolitics_Fr","twitter_site":"@Geopolitics_Fr","twitter_misc":{"Written by":"Ghizlaine Badri","Estimated reading time":"5 minutes"},"schema":{"@context":"https:\/\/schema.org","@graph":[{"@type":"Article","@id":"https:\/\/www.geopolitics.fr\/2026\/05\/12\/melenchon-iv-le-pari-solitaire\/#article","isPartOf":{"@id":"https:\/\/www.geopolitics.fr\/2026\/05\/12\/melenchon-iv-le-pari-solitaire\/"},"author":{"name":"Ghizlaine Badri","@id":"https:\/\/www.geopolitics.fr\/#\/schema\/person\/c36b165f511617c65a2bf8f8abd9af41"},"headline":"M\u00e9lenchon IV : le pari solitaire\u00a0","datePublished":"2026-05-12T14:30:00+00:00","dateModified":"2026-05-12T14:30:02+00:00","mainEntityOfPage":{"@id":"https:\/\/www.geopolitics.fr\/2026\/05\/12\/melenchon-iv-le-pari-solitaire\/"},"wordCount":1070,"publisher":{"@id":"https:\/\/www.geopolitics.fr\/#organization"},"image":{"@id":"https:\/\/www.geopolitics.fr\/2026\/05\/12\/melenchon-iv-le-pari-solitaire\/#primaryimage"},"thumbnailUrl":"https:\/\/www.geopolitics.fr\/wp-content\/uploads\/2026\/05\/MELUCHE.jpg","keywords":["gauche","LFI","MELENCHON","PRESIDENTIELLE"],"articleSection":["FRANCE","Mis en AVANT","Politique"],"inLanguage":"en-GB"},{"@type":"WebPage","@id":"https:\/\/www.geopolitics.fr\/2026\/05\/12\/melenchon-iv-le-pari-solitaire\/","url":"https:\/\/www.geopolitics.fr\/2026\/05\/12\/melenchon-iv-le-pari-solitaire\/","name":"M\u00e9lenchon IV : le pari solitaire\u00a0 | Geopolitics.fr","isPartOf":{"@id":"https:\/\/www.geopolitics.fr\/#website"},"primaryImageOfPage":{"@id":"https:\/\/www.geopolitics.fr\/2026\/05\/12\/melenchon-iv-le-pari-solitaire\/#primaryimage"},"image":{"@id":"https:\/\/www.geopolitics.fr\/2026\/05\/12\/melenchon-iv-le-pari-solitaire\/#primaryimage"},"thumbnailUrl":"https:\/\/www.geopolitics.fr\/wp-content\/uploads\/2026\/05\/MELUCHE.jpg","datePublished":"2026-05-12T14:30:00+00:00","dateModified":"2026-05-12T14:30:02+00:00","description":"La candidature M\u00e9lenchon pr\u00e9sidentielle semble n'enthousiasmer que son propre camp et enferme la gauche dans une division suicidaire.","breadcrumb":{"@id":"https:\/\/www.geopolitics.fr\/2026\/05\/12\/melenchon-iv-le-pari-solitaire\/#breadcrumb"},"inLanguage":"en-GB","potentialAction":[{"@type":"ReadAction","target":["https:\/\/www.geopolitics.fr\/2026\/05\/12\/melenchon-iv-le-pari-solitaire\/"]}]},{"@type":"ImageObject","inLanguage":"en-GB","@id":"https:\/\/www.geopolitics.fr\/2026\/05\/12\/melenchon-iv-le-pari-solitaire\/#primaryimage","url":"https:\/\/www.geopolitics.fr\/wp-content\/uploads\/2026\/05\/MELUCHE.jpg","contentUrl":"https:\/\/www.geopolitics.fr\/wp-content\/uploads\/2026\/05\/MELUCHE.jpg","width":591,"height":564},{"@type":"BreadcrumbList","@id":"https:\/\/www.geopolitics.fr\/2026\/05\/12\/melenchon-iv-le-pari-solitaire\/#breadcrumb","itemListElement":[{"@type":"ListItem","position":1,"name":"Accueil","item":"https:\/\/www.geopolitics.fr\/"},{"@type":"ListItem","position":2,"name":"M\u00e9lenchon IV : le pari solitaire\u00a0"}]},{"@type":"WebSite","@id":"https:\/\/www.geopolitics.fr\/#website","url":"https:\/\/www.geopolitics.fr\/","name":"Geopolitics.fr","description":"Geopolitics.fr Analyse politique, relations internationales, d\u00e9fense - ligne \u00e9ditoriale gaullo-chiraquienne","publisher":{"@id":"https:\/\/www.geopolitics.fr\/#organization"},"potentialAction":[{"@type":"SearchAction","target":{"@type":"EntryPoint","urlTemplate":"https:\/\/www.geopolitics.fr\/?s={search_term_string}"},"query-input":{"@type":"PropertyValueSpecification","valueRequired":true,"valueName":"search_term_string"}}],"inLanguage":"en-GB"},{"@type":"Organization","@id":"https:\/\/www.geopolitics.fr\/#organization","name":"Geopolitics.fr","url":"https:\/\/www.geopolitics.fr\/","logo":{"@type":"ImageObject","inLanguage":"en-GB","@id":"https:\/\/www.geopolitics.fr\/#\/schema\/logo\/image\/","url":"https:\/\/www.geopolitics.fr\/wp-content\/uploads\/2024\/01\/logo.jpg","contentUrl":"https:\/\/www.geopolitics.fr\/wp-content\/uploads\/2024\/01\/logo.jpg","width":500,"height":500,"caption":"Geopolitics.fr"},"image":{"@id":"https:\/\/www.geopolitics.fr\/#\/schema\/logo\/image\/"},"sameAs":["https:\/\/www.facebook.com\/people\/Erwan-Davoux\/61557098968092\/","https:\/\/x.com\/Geopolitics_Fr"]},{"@type":"Person","@id":"https:\/\/www.geopolitics.fr\/#\/schema\/person\/c36b165f511617c65a2bf8f8abd9af41","name":"Ghizlaine Badri","image":{"@type":"ImageObject","inLanguage":"en-GB","@id":"https:\/\/www.geopolitics.fr\/wp-content\/uploads\/2026\/04\/cropped-Ghizlaine-96x96.jpg","url":"https:\/\/www.geopolitics.fr\/wp-content\/uploads\/2026\/04\/cropped-Ghizlaine-96x96.jpg","contentUrl":"https:\/\/www.geopolitics.fr\/wp-content\/uploads\/2026\/04\/cropped-Ghizlaine-96x96.jpg","caption":"Ghizlaine Badri"},"description":"R\u00e9dactrice en chef de Geopolitics.fr, Ghizlaine Badri est une Journaliste politique forte de vingt-cing ans d'exp\u00e9rience professionnelle dont quinze ans dans la Presse. Elle a construit un parcours \u00e0 l'intersection des sc\u00e8nes fran\u00e7aise, europ\u00e9enne et internationale. Ghizlaine a collabor\u00e9 avec pr\u00e8s d'une vingtaine de m\u00e9dias, parmi lesquels Le Point, Le Figaro, Les \u00c9chos, L'Express et Forbes. Correspondante Maroc\u2013Maghreb pour Le Point et correspondante Afrique pour Forbes, elle s'est distingu\u00e9e par une couverture approfondie des dynamiques politiques et diplomatiques entre l'Europe et le continent africain. Elle est \u00e0 ce jour la seule journaliste marocaine en activit\u00e9 \u00e0 avoir collabor\u00e9 avec des titres majeurs de la presse fran\u00e7aise hors sph\u00e8re panafricaine en France. Au sein du quotidien \u00e9conomique L'\u00c9conomiste, 1er quotidien au Maroc, elle a fond\u00e9 la rubrique France\u2013Maroc, contribuant \u00e0 structurer un espace \u00e9ditorial in\u00e9dit. Titulaire de trois masters obtenus en France, elle a travaill\u00e9 dans les domaines de la communication institutionnelle notamment \u00e0 la Mairie de Bordeaux aupr\u00e8s d'Alain Jupp\u00e9 et a \u00e9galement exerc\u00e9 des fonctions de direction en communication marketing, notamment aupr\u00e8s de l'Ambassade de France au Maroc. Polyglotte, elle est franco-italo-marocaine, n\u00e9e \u00e0 Casablanca, a v\u00e9cu \u00e0 New-York et maitrise cinq langues le fran\u00e7ais, l'arabe, l'anglais, l'italien et l'espagnol.","url":"https:\/\/www.geopolitics.fr\/en\/author\/ghizlaine-badri\/"}]}},"_links":{"self":[{"href":"https:\/\/www.geopolitics.fr\/en\/wp-json\/wp\/v2\/posts\/4265","targetHints":{"allow":["GET"]}}],"collection":[{"href":"https:\/\/www.geopolitics.fr\/en\/wp-json\/wp\/v2\/posts"}],"about":[{"href":"https:\/\/www.geopolitics.fr\/en\/wp-json\/wp\/v2\/types\/post"}],"author":[{"embeddable":true,"href":"https:\/\/www.geopolitics.fr\/en\/wp-json\/wp\/v2\/users\/31730"}],"replies":[{"embeddable":true,"href":"https:\/\/www.geopolitics.fr\/en\/wp-json\/wp\/v2\/comments?post=4265"}],"version-history":[{"count":0,"href":"https:\/\/www.geopolitics.fr\/en\/wp-json\/wp\/v2\/posts\/4265\/revisions"}],"wp:featuredmedia":[{"embeddable":true,"href":"https:\/\/www.geopolitics.fr\/en\/wp-json\/wp\/v2\/media\/4266"}],"wp:attachment":[{"href":"https:\/\/www.geopolitics.fr\/en\/wp-json\/wp\/v2\/media?parent=4265"}],"wp:term":[{"taxonomy":"category","embeddable":true,"href":"https:\/\/www.geopolitics.fr\/en\/wp-json\/wp\/v2\/categories?post=4265"},{"taxonomy":"post_tag","embeddable":true,"href":"https:\/\/www.geopolitics.fr\/en\/wp-json\/wp\/v2\/tags?post=4265"}],"curies":[{"name":"wp","href":"https:\/\/api.w.org\/{rel}","templated":true}]}}