{"id":4262,"date":"2026-05-12T08:21:20","date_gmt":"2026-05-12T06:21:20","guid":{"rendered":"https:\/\/www.geopolitics.fr\/?p=4262"},"modified":"2026-05-12T08:21:23","modified_gmt":"2026-05-12T06:21:23","slug":"la-fracture-socialiste-vallaud-contre-faure-une-guerre-pour-2027","status":"publish","type":"post","link":"https:\/\/www.geopolitics.fr\/en\/2026\/05\/12\/la-fracture-socialiste-vallaud-contre-faure-une-guerre-pour-2027\/","title":{"rendered":"La fracture socialiste : Vallaud contre Faure, une guerre pour 2027"},"content":{"rendered":"<p class=\"has-medium-font-size wp-block-paragraph\">Mais Vallaud ne quitte pas le PS : il conserve sa carte de membre et la pr\u00e9sidence du groupe parlementaire. Il abandonne uniquement les instances dirigeantes, maintenant ainsi sa l\u00e9gitimit\u00e9 institutionnelle tout en se posant en opposant interne, libre de critiquer la ligne sans en \u00eatre solidaire.<\/p>\n\n\n\n<p class=\"has-medium-font-size wp-block-paragraph\">Dans un courrier adress\u00e9 \u00e0 Olivier Faure, le s\u00e9nateur Alexandre Ouizille, mandataire du courant, d\u00e9nonce une \u00ab coll\u00e9gialit\u00e9 b\u00e2cl\u00e9e \u00bb, une \u00ab brutalisation du fonctionnement \u00bb des instances et une \u00ab strat\u00e9gie d&rsquo;isolement et d&rsquo;enlisement \u00bb. La direction du PS a r\u00e9pondu laconiquement : \u00ab On ne construit rien de durable en brutalisant ses partenaires. \u00bb<\/p>\n\n\n\n<h2 class=\"wp-block-heading\" id=\"h-le-coeur-du-conflit-primaire-ou-designation-interne\">Le c\u0153ur du conflit : primaire ou d\u00e9signation interne ?<\/h2>\n\n\n\n<p class=\"has-medium-font-size wp-block-paragraph\">Derri\u00e8re la querelle de personnes, il existe un d\u00e9saccord profond sur la strat\u00e9gie de la gauche pour la pr\u00e9sidentielle de 2027. Olivier Faure d\u00e9fend une primaire ouverte de la gauche et des \u00e9cologistes, un processus consultatif large pour d\u00e9signer un candidat commun. Vallaud rejette cat\u00e9goriquement cette option. Il plaide pour une d\u00e9signation d&rsquo;abord socialiste le PS doit nommer son propre chef de file avant toute coalition, puis la construction d&rsquo;une alliance autour d&rsquo;un socle programmatique clair, avec Rapha\u00ebl Glucksmann et Yannick Jadot, sans d\u00e9pendre d&rsquo;une m\u00e9canique qui avantagerait les figures \u00e0 forte notori\u00e9t\u00e9 externe. Sa position se r\u00e9sume \u00e0 une formule : \u00ab Ma seule pr\u00e9occupation, c&rsquo;est qu&rsquo;\u00e0 la fin, il y ait un seul candidat de la gauche non m\u00e9lenchoniste. \u00bb<\/p>\n\n\n\n<p class=\"has-medium-font-size wp-block-paragraph\">Cette divergence n&rsquo;est pas anodine. La question de la primaire est avant tout une question de rapport de force. Accepter une primaire ouverte revient, pour le PS, \u00e0 risquer de voir son identit\u00e9 absorb\u00e9e par une dynamique qu&rsquo;il ne contr\u00f4le pas. Faure y voit un outil pour \u00e9viter la dispersion fatale des voix de gauche au premier tour. Vallaud y voit un m\u00e9canisme susceptible d&rsquo;affaiblir encore davantage un parti d\u00e9j\u00e0 fragilis\u00e9.<\/p>\n\n\n\n<h2 class=\"wp-block-heading\" id=\"h-la-variable-lfi-le-vrai-fosse-ideologique\">La variable LFI : le vrai foss\u00e9 id\u00e9ologique<\/h2>\n\n\n\n<p class=\"has-medium-font-size wp-block-paragraph\">La question de La France insoumise constitue le v\u00e9ritable point de rupture symbolique entre les deux hommes. Une partie des socialistes, emmen\u00e9e par Vallaud, estime qu&rsquo;une alliance trop \u00e9troite avec LFI brouille l&rsquo;identit\u00e9 social-d\u00e9mocrate du PS et lui co\u00fbte des voix dans les villes moyennes o\u00f9 il cherche \u00e0 s&rsquo;ancrer. Lors des \u00e9lections municipales r\u00e9centes, le camp Vallaud avait d\u00e9j\u00e0 d\u00e9nonc\u00e9 les ambigu\u00eft\u00e9s de la direction sur les alliances locales avec les Insoumis.<\/p>\n\n\n\n<p class=\"has-medium-font-size wp-block-paragraph\">Faure, au contraire, a fait le pari de l&rsquo;union la plus large possible, dans la continuit\u00e9 de sa strat\u00e9gie aux l\u00e9gislatives de 2024. Son calcul est simple : \u00e9viter une nouvelle dispersion des voix de gauche au premier tour, qui ferait rejouer le sc\u00e9nario de 2002 ou de 2022, o\u00f9 plusieurs candidats de gauche s&rsquo;annulaient mutuellement. Vallaud, lui, plaide pour une ligne social-d\u00e9mocrate identifiable, moins de LFI, plus de Glucksmann, susceptible d&rsquo;attirer un \u00e9lectorat centriste de gauche aujourd&rsquo;hui orphelin. Ce n&rsquo;est pas seulement une querelle de strat\u00e8ges : c&rsquo;est un d\u00e9saccord sur l&rsquo;identit\u00e9 m\u00eame du Parti socialiste.<\/p>\n\n\n\n<h2 class=\"wp-block-heading\" id=\"h-faure-affaibli-mais-toujours-en-place\">Faure affaibli, mais toujours en place<\/h2>\n\n\n\n<p class=\"has-medium-font-size wp-block-paragraph\">Sur le plan institutionnel, Faure reste premier secr\u00e9taire. Mais son autorit\u00e9 en sort consid\u00e9rablement fragilis\u00e9e. R\u00e9\u00e9lu lors du congr\u00e8s de Nancy en juin 2025 avec seulement 51,15 % des suffrages exprim\u00e9s, il dirigeait d\u00e9j\u00e0 un parti divis\u00e9. Le d\u00e9part du courant Vallaud le place dans une position de minoritaire de fait : il conserve le titre, mais sans majorit\u00e9 r\u00e9elle dans les instances qu&rsquo;il pr\u00e9side.<\/p>\n\n\n\n<p class=\"has-medium-font-size wp-block-paragraph\">Plusieurs figures du PS ont saisi l&rsquo;occasion pour appeler ouvertement \u00e0 sa d\u00e9mission. Karim Bouamrane, maire de Saint-Ouen, a d\u00e9clar\u00e9 que Faure \u00e9tait d\u00e9sormais minoritaire et que sa feuille de route pour les pr\u00e9sidentielles \u00e9tait caduque. St\u00e9phane Le Foll a rappel\u00e9 qu&rsquo;il \u00e9tait le seul en 2021 \u00e0 demander un d\u00e9bat dans un parti qui ne d\u00e9bat plus depuis longtemps. Ces d\u00e9clarations dessinent les contours d&rsquo;une fronde qui d\u00e9passe le seul courant Vallaud.<\/p>\n\n\n\n<h2 class=\"wp-block-heading\" id=\"h-une-crise-d-identite-autant-qu-une-crise-d-appareil\">Une crise d&rsquo;identit\u00e9 autant qu&rsquo;une crise d&rsquo;appareil<\/h2>\n\n\n\n<p class=\"has-medium-font-size wp-block-paragraph\">Au-del\u00e0 de la querelle socialiste, cet \u00e9pisode r\u00e9v\u00e8le une tension structurelle de la gauche fran\u00e7aise depuis 2022 : comment reconstituer un bloc capable de gouverner dans un paysage fragment\u00e9 entre LFI, le PS, Place publique et les \u00e9cologistes ? La fracture Vallaud-Faure n&rsquo;est pas un accident c&rsquo;est la r\u00e9surgence d&rsquo;un d\u00e9bat jamais tranch\u00e9 sur l&rsquo;identit\u00e9 de la gauche non-insoumise.<\/p>\n\n\n\n<p class=\"has-medium-font-size wp-block-paragraph\">Sur l&rsquo;\u00e9chiquier plus large, plusieurs acteurs se positionnent d\u00e9j\u00e0. Glucksmann refuse toute primaire et peaufine sa propre feuille de route. Des cercles proches de Fran\u00e7ois Hollande ont lanc\u00e9 les Jeunes avec Hollande, signal que l&rsquo;ex-pr\u00e9sident n&rsquo;exclut pas un retour. Face \u00e0 cette gauche en confettis, selon l&rsquo;expression d&rsquo;un cadre du parti, Jean-Luc M\u00e9lenchon reste le seul \u00e0 disposer d&rsquo;une candidature solide et structur\u00e9e. Le prochain rendez-vous cl\u00e9 est interne : un vote sur le projet du parti est pr\u00e9vu d&rsquo;ici juin 2026. C&rsquo;est l\u00e0 que se mesurera le vrai rapport de force post-Vallaud.<\/p>\n\n\n\n<p class=\"wp-block-paragraph\"><\/p>","protected":false},"excerpt":{"rendered":"<p>Mais Vallaud ne quitte pas le PS : il conserve sa carte de membre et la pr\u00e9sidence du groupe parlementaire. Il abandonne&hellip;<\/p>","protected":false},"author":31730,"featured_media":4263,"comment_status":"closed","ping_status":"closed","sticky":false,"template":"","format":"standard","meta":{"_lmt_disableupdate":"","_lmt_disable":"","footnotes":""},"categories":[605,4,617],"tags":[139,193,292],"class_list":["post-4262","post","type-post","status-publish","format-standard","has-post-thumbnail","hentry","category-france","category-mis-en-avant","category-politique-france","tag-politique","tag-presidentielle","tag-ps"],"yoast_head":"<!-- This site is optimized with the Yoast SEO Premium plugin v28.1 (Yoast SEO v28.1) - https:\/\/yoast.com\/product\/yoast-seo-premium-wordpress\/ -->\n<title>La fracture socialiste : Vallaud contre Faure, une guerre pour 2027 | Geopolitics.fr<\/title>\n<meta name=\"description\" content=\"La fracture Vallaud-Faure n&#039;est pas un accident c&#039;est la r\u00e9surgence d&#039;un d\u00e9bat jamais tranch\u00e9 sur l&#039;identit\u00e9 de la gauche non LFI.\" \/>\n<meta name=\"robots\" content=\"index, follow, max-snippet:-1, max-image-preview:large, max-video-preview:-1\" \/>\n<link rel=\"canonical\" href=\"https:\/\/www.geopolitics.fr\/en\/2026\/05\/12\/la-fracture-socialiste-vallaud-contre-faure-une-guerre-pour-2027\/\" \/>\n<meta property=\"og:locale\" content=\"en_GB\" \/>\n<meta property=\"og:type\" content=\"article\" \/>\n<meta property=\"og:title\" content=\"La fracture socialiste : Vallaud contre Faure, une guerre pour 2027\" \/>\n<meta property=\"og:description\" content=\"La fracture Vallaud-Faure n&#039;est pas un accident c&#039;est la r\u00e9surgence d&#039;un d\u00e9bat jamais tranch\u00e9 sur l&#039;identit\u00e9 de la gauche non LFI.\" \/>\n<meta property=\"og:url\" content=\"https:\/\/www.geopolitics.fr\/en\/2026\/05\/12\/la-fracture-socialiste-vallaud-contre-faure-une-guerre-pour-2027\/\" \/>\n<meta property=\"og:site_name\" content=\"Geopolitics.fr\" \/>\n<meta property=\"article:publisher\" content=\"https:\/\/www.facebook.com\/people\/Erwan-Davoux\/61557098968092\/\" \/>\n<meta property=\"article:published_time\" content=\"2026-05-12T06:21:20+00:00\" \/>\n<meta property=\"article:modified_time\" content=\"2026-05-12T06:21:23+00:00\" \/>\n<meta property=\"og:image\" content=\"https:\/\/www.geopolitics.fr\/wp-content\/uploads\/2026\/05\/vallaud.jpg\" \/>\n\t<meta property=\"og:image:width\" content=\"951\" \/>\n\t<meta property=\"og:image:height\" content=\"609\" \/>\n\t<meta property=\"og:image:type\" content=\"image\/jpeg\" \/>\n<meta name=\"author\" content=\"Ghizlaine Badri\" \/>\n<meta name=\"twitter:card\" content=\"summary_large_image\" \/>\n<meta name=\"twitter:creator\" content=\"@Geopolitics_Fr\" \/>\n<meta name=\"twitter:site\" content=\"@Geopolitics_Fr\" \/>\n<meta name=\"twitter:label1\" content=\"Written by\" \/>\n\t<meta name=\"twitter:data1\" content=\"Ghizlaine Badri\" \/>\n\t<meta name=\"twitter:label2\" content=\"Estimated reading time\" \/>\n\t<meta name=\"twitter:data2\" content=\"5 minutes\" \/>\n<script type=\"application\/ld+json\" class=\"yoast-schema-graph\">{\"@context\":\"https:\\\/\\\/schema.org\",\"@graph\":[{\"@type\":\"Article\",\"@id\":\"https:\\\/\\\/www.geopolitics.fr\\\/2026\\\/05\\\/12\\\/la-fracture-socialiste-vallaud-contre-faure-une-guerre-pour-2027\\\/#article\",\"isPartOf\":{\"@id\":\"https:\\\/\\\/www.geopolitics.fr\\\/2026\\\/05\\\/12\\\/la-fracture-socialiste-vallaud-contre-faure-une-guerre-pour-2027\\\/\"},\"author\":{\"name\":\"Ghizlaine Badri\",\"@id\":\"https:\\\/\\\/www.geopolitics.fr\\\/#\\\/schema\\\/person\\\/c36b165f511617c65a2bf8f8abd9af41\"},\"headline\":\"La fracture socialiste : Vallaud contre Faure, une guerre pour 2027\",\"datePublished\":\"2026-05-12T06:21:20+00:00\",\"dateModified\":\"2026-05-12T06:21:23+00:00\",\"mainEntityOfPage\":{\"@id\":\"https:\\\/\\\/www.geopolitics.fr\\\/2026\\\/05\\\/12\\\/la-fracture-socialiste-vallaud-contre-faure-une-guerre-pour-2027\\\/\"},\"wordCount\":871,\"publisher\":{\"@id\":\"https:\\\/\\\/www.geopolitics.fr\\\/#organization\"},\"image\":{\"@id\":\"https:\\\/\\\/www.geopolitics.fr\\\/2026\\\/05\\\/12\\\/la-fracture-socialiste-vallaud-contre-faure-une-guerre-pour-2027\\\/#primaryimage\"},\"thumbnailUrl\":\"https:\\\/\\\/www.geopolitics.fr\\\/wp-content\\\/uploads\\\/2026\\\/05\\\/vallaud.jpg\",\"keywords\":[\"POLITIQUE\",\"PRESIDENTIELLE\",\"ps\"],\"articleSection\":[\"FRANCE\",\"Mis en AVANT\",\"Politique\"],\"inLanguage\":\"en-GB\"},{\"@type\":\"WebPage\",\"@id\":\"https:\\\/\\\/www.geopolitics.fr\\\/2026\\\/05\\\/12\\\/la-fracture-socialiste-vallaud-contre-faure-une-guerre-pour-2027\\\/\",\"url\":\"https:\\\/\\\/www.geopolitics.fr\\\/2026\\\/05\\\/12\\\/la-fracture-socialiste-vallaud-contre-faure-une-guerre-pour-2027\\\/\",\"name\":\"La fracture socialiste : Vallaud contre Faure, une guerre pour 2027 | Geopolitics.fr\",\"isPartOf\":{\"@id\":\"https:\\\/\\\/www.geopolitics.fr\\\/#website\"},\"primaryImageOfPage\":{\"@id\":\"https:\\\/\\\/www.geopolitics.fr\\\/2026\\\/05\\\/12\\\/la-fracture-socialiste-vallaud-contre-faure-une-guerre-pour-2027\\\/#primaryimage\"},\"image\":{\"@id\":\"https:\\\/\\\/www.geopolitics.fr\\\/2026\\\/05\\\/12\\\/la-fracture-socialiste-vallaud-contre-faure-une-guerre-pour-2027\\\/#primaryimage\"},\"thumbnailUrl\":\"https:\\\/\\\/www.geopolitics.fr\\\/wp-content\\\/uploads\\\/2026\\\/05\\\/vallaud.jpg\",\"datePublished\":\"2026-05-12T06:21:20+00:00\",\"dateModified\":\"2026-05-12T06:21:23+00:00\",\"description\":\"La fracture Vallaud-Faure n'est pas un accident c'est la r\u00e9surgence d'un d\u00e9bat jamais tranch\u00e9 sur l'identit\u00e9 de la gauche non LFI.\",\"breadcrumb\":{\"@id\":\"https:\\\/\\\/www.geopolitics.fr\\\/2026\\\/05\\\/12\\\/la-fracture-socialiste-vallaud-contre-faure-une-guerre-pour-2027\\\/#breadcrumb\"},\"inLanguage\":\"en-GB\",\"potentialAction\":[{\"@type\":\"ReadAction\",\"target\":[\"https:\\\/\\\/www.geopolitics.fr\\\/2026\\\/05\\\/12\\\/la-fracture-socialiste-vallaud-contre-faure-une-guerre-pour-2027\\\/\"]}]},{\"@type\":\"ImageObject\",\"inLanguage\":\"en-GB\",\"@id\":\"https:\\\/\\\/www.geopolitics.fr\\\/2026\\\/05\\\/12\\\/la-fracture-socialiste-vallaud-contre-faure-une-guerre-pour-2027\\\/#primaryimage\",\"url\":\"https:\\\/\\\/www.geopolitics.fr\\\/wp-content\\\/uploads\\\/2026\\\/05\\\/vallaud.jpg\",\"contentUrl\":\"https:\\\/\\\/www.geopolitics.fr\\\/wp-content\\\/uploads\\\/2026\\\/05\\\/vallaud.jpg\",\"width\":951,\"height\":609,\"caption\":\"Rien ne va plus\"},{\"@type\":\"BreadcrumbList\",\"@id\":\"https:\\\/\\\/www.geopolitics.fr\\\/2026\\\/05\\\/12\\\/la-fracture-socialiste-vallaud-contre-faure-une-guerre-pour-2027\\\/#breadcrumb\",\"itemListElement\":[{\"@type\":\"ListItem\",\"position\":1,\"name\":\"Accueil\",\"item\":\"https:\\\/\\\/www.geopolitics.fr\\\/\"},{\"@type\":\"ListItem\",\"position\":2,\"name\":\"La fracture socialiste : Vallaud contre Faure, une guerre pour 2027\"}]},{\"@type\":\"WebSite\",\"@id\":\"https:\\\/\\\/www.geopolitics.fr\\\/#website\",\"url\":\"https:\\\/\\\/www.geopolitics.fr\\\/\",\"name\":\"Geopolitics.fr\",\"description\":\"Geopolitics.fr Analyse politique, relations internationales, d\u00e9fense - ligne \u00e9ditoriale gaullo-chiraquienne\",\"publisher\":{\"@id\":\"https:\\\/\\\/www.geopolitics.fr\\\/#organization\"},\"potentialAction\":[{\"@type\":\"SearchAction\",\"target\":{\"@type\":\"EntryPoint\",\"urlTemplate\":\"https:\\\/\\\/www.geopolitics.fr\\\/?s={search_term_string}\"},\"query-input\":{\"@type\":\"PropertyValueSpecification\",\"valueRequired\":true,\"valueName\":\"search_term_string\"}}],\"inLanguage\":\"en-GB\"},{\"@type\":\"Organization\",\"@id\":\"https:\\\/\\\/www.geopolitics.fr\\\/#organization\",\"name\":\"Geopolitics.fr\",\"url\":\"https:\\\/\\\/www.geopolitics.fr\\\/\",\"logo\":{\"@type\":\"ImageObject\",\"inLanguage\":\"en-GB\",\"@id\":\"https:\\\/\\\/www.geopolitics.fr\\\/#\\\/schema\\\/logo\\\/image\\\/\",\"url\":\"https:\\\/\\\/www.geopolitics.fr\\\/wp-content\\\/uploads\\\/2024\\\/01\\\/logo.jpg\",\"contentUrl\":\"https:\\\/\\\/www.geopolitics.fr\\\/wp-content\\\/uploads\\\/2024\\\/01\\\/logo.jpg\",\"width\":500,\"height\":500,\"caption\":\"Geopolitics.fr\"},\"image\":{\"@id\":\"https:\\\/\\\/www.geopolitics.fr\\\/#\\\/schema\\\/logo\\\/image\\\/\"},\"sameAs\":[\"https:\\\/\\\/www.facebook.com\\\/people\\\/Erwan-Davoux\\\/61557098968092\\\/\",\"https:\\\/\\\/x.com\\\/Geopolitics_Fr\"]},{\"@type\":\"Person\",\"@id\":\"https:\\\/\\\/www.geopolitics.fr\\\/#\\\/schema\\\/person\\\/c36b165f511617c65a2bf8f8abd9af41\",\"name\":\"Ghizlaine Badri\",\"image\":{\"@type\":\"ImageObject\",\"inLanguage\":\"en-GB\",\"@id\":\"https:\\\/\\\/www.geopolitics.fr\\\/wp-content\\\/uploads\\\/2026\\\/04\\\/cropped-Ghizlaine-96x96.jpg\",\"url\":\"https:\\\/\\\/www.geopolitics.fr\\\/wp-content\\\/uploads\\\/2026\\\/04\\\/cropped-Ghizlaine-96x96.jpg\",\"contentUrl\":\"https:\\\/\\\/www.geopolitics.fr\\\/wp-content\\\/uploads\\\/2026\\\/04\\\/cropped-Ghizlaine-96x96.jpg\",\"caption\":\"Ghizlaine Badri\"},\"description\":\"R\u00e9dactrice en chef de Geopolitics.fr, Ghizlaine Badri est une Journaliste politique forte de vingt-cing ans d'exp\u00e9rience professionnelle dont quinze ans dans la Presse. Elle a construit un parcours \u00e0 l'intersection des sc\u00e8nes fran\u00e7aise, europ\u00e9enne et internationale. Ghizlaine a collabor\u00e9 avec pr\u00e8s d'une vingtaine de m\u00e9dias, parmi lesquels Le Point, Le Figaro, Les \u00c9chos, L'Express et Forbes. Correspondante Maroc\u2013Maghreb pour Le Point et correspondante Afrique pour Forbes, elle s'est distingu\u00e9e par une couverture approfondie des dynamiques politiques et diplomatiques entre l'Europe et le continent africain. Elle est \u00e0 ce jour la seule journaliste marocaine en activit\u00e9 \u00e0 avoir collabor\u00e9 avec des titres majeurs de la presse fran\u00e7aise hors sph\u00e8re panafricaine en France. Au sein du quotidien \u00e9conomique L'\u00c9conomiste, 1er quotidien au Maroc, elle a fond\u00e9 la rubrique France\u2013Maroc, contribuant \u00e0 structurer un espace \u00e9ditorial in\u00e9dit. Titulaire de trois masters obtenus en France, elle a travaill\u00e9 dans les domaines de la communication institutionnelle notamment \u00e0 la Mairie de Bordeaux aupr\u00e8s d'Alain Jupp\u00e9 et a \u00e9galement exerc\u00e9 des fonctions de direction en communication marketing, notamment aupr\u00e8s de l'Ambassade de France au Maroc. Polyglotte, elle est franco-italo-marocaine, n\u00e9e \u00e0 Casablanca, a v\u00e9cu \u00e0 New-York et maitrise cinq langues le fran\u00e7ais, l'arabe, l'anglais, l'italien et l'espagnol.\",\"url\":\"https:\\\/\\\/www.geopolitics.fr\\\/en\\\/author\\\/ghizlaine-badri\\\/\"}]}<\/script>\n<!-- \/ Yoast SEO Premium plugin. -->","yoast_head_json":{"title":"La fracture socialiste : Vallaud contre Faure, une guerre pour 2027 | Geopolitics.fr","description":"La fracture Vallaud-Faure n'est pas un accident c'est la r\u00e9surgence d'un d\u00e9bat jamais tranch\u00e9 sur l'identit\u00e9 de la gauche non LFI.","robots":{"index":"index","follow":"follow","max-snippet":"max-snippet:-1","max-image-preview":"max-image-preview:large","max-video-preview":"max-video-preview:-1"},"canonical":"https:\/\/www.geopolitics.fr\/en\/2026\/05\/12\/la-fracture-socialiste-vallaud-contre-faure-une-guerre-pour-2027\/","og_locale":"en_GB","og_type":"article","og_title":"La fracture socialiste : Vallaud contre Faure, une guerre pour 2027","og_description":"La fracture Vallaud-Faure n'est pas un accident c'est la r\u00e9surgence d'un d\u00e9bat jamais tranch\u00e9 sur l'identit\u00e9 de la gauche non LFI.","og_url":"https:\/\/www.geopolitics.fr\/en\/2026\/05\/12\/la-fracture-socialiste-vallaud-contre-faure-une-guerre-pour-2027\/","og_site_name":"Geopolitics.fr","article_publisher":"https:\/\/www.facebook.com\/people\/Erwan-Davoux\/61557098968092\/","article_published_time":"2026-05-12T06:21:20+00:00","article_modified_time":"2026-05-12T06:21:23+00:00","og_image":[{"width":951,"height":609,"url":"https:\/\/www.geopolitics.fr\/wp-content\/uploads\/2026\/05\/vallaud.jpg","type":"image\/jpeg"}],"author":"Ghizlaine Badri","twitter_card":"summary_large_image","twitter_creator":"@Geopolitics_Fr","twitter_site":"@Geopolitics_Fr","twitter_misc":{"Written by":"Ghizlaine Badri","Estimated reading time":"5 minutes"},"schema":{"@context":"https:\/\/schema.org","@graph":[{"@type":"Article","@id":"https:\/\/www.geopolitics.fr\/2026\/05\/12\/la-fracture-socialiste-vallaud-contre-faure-une-guerre-pour-2027\/#article","isPartOf":{"@id":"https:\/\/www.geopolitics.fr\/2026\/05\/12\/la-fracture-socialiste-vallaud-contre-faure-une-guerre-pour-2027\/"},"author":{"name":"Ghizlaine Badri","@id":"https:\/\/www.geopolitics.fr\/#\/schema\/person\/c36b165f511617c65a2bf8f8abd9af41"},"headline":"La fracture socialiste : Vallaud contre Faure, une guerre pour 2027","datePublished":"2026-05-12T06:21:20+00:00","dateModified":"2026-05-12T06:21:23+00:00","mainEntityOfPage":{"@id":"https:\/\/www.geopolitics.fr\/2026\/05\/12\/la-fracture-socialiste-vallaud-contre-faure-une-guerre-pour-2027\/"},"wordCount":871,"publisher":{"@id":"https:\/\/www.geopolitics.fr\/#organization"},"image":{"@id":"https:\/\/www.geopolitics.fr\/2026\/05\/12\/la-fracture-socialiste-vallaud-contre-faure-une-guerre-pour-2027\/#primaryimage"},"thumbnailUrl":"https:\/\/www.geopolitics.fr\/wp-content\/uploads\/2026\/05\/vallaud.jpg","keywords":["POLITIQUE","PRESIDENTIELLE","ps"],"articleSection":["FRANCE","Mis en AVANT","Politique"],"inLanguage":"en-GB"},{"@type":"WebPage","@id":"https:\/\/www.geopolitics.fr\/2026\/05\/12\/la-fracture-socialiste-vallaud-contre-faure-une-guerre-pour-2027\/","url":"https:\/\/www.geopolitics.fr\/2026\/05\/12\/la-fracture-socialiste-vallaud-contre-faure-une-guerre-pour-2027\/","name":"La fracture socialiste : Vallaud contre Faure, une guerre pour 2027 | Geopolitics.fr","isPartOf":{"@id":"https:\/\/www.geopolitics.fr\/#website"},"primaryImageOfPage":{"@id":"https:\/\/www.geopolitics.fr\/2026\/05\/12\/la-fracture-socialiste-vallaud-contre-faure-une-guerre-pour-2027\/#primaryimage"},"image":{"@id":"https:\/\/www.geopolitics.fr\/2026\/05\/12\/la-fracture-socialiste-vallaud-contre-faure-une-guerre-pour-2027\/#primaryimage"},"thumbnailUrl":"https:\/\/www.geopolitics.fr\/wp-content\/uploads\/2026\/05\/vallaud.jpg","datePublished":"2026-05-12T06:21:20+00:00","dateModified":"2026-05-12T06:21:23+00:00","description":"La fracture Vallaud-Faure n'est pas un accident c'est la r\u00e9surgence d'un d\u00e9bat jamais tranch\u00e9 sur l'identit\u00e9 de la gauche non LFI.","breadcrumb":{"@id":"https:\/\/www.geopolitics.fr\/2026\/05\/12\/la-fracture-socialiste-vallaud-contre-faure-une-guerre-pour-2027\/#breadcrumb"},"inLanguage":"en-GB","potentialAction":[{"@type":"ReadAction","target":["https:\/\/www.geopolitics.fr\/2026\/05\/12\/la-fracture-socialiste-vallaud-contre-faure-une-guerre-pour-2027\/"]}]},{"@type":"ImageObject","inLanguage":"en-GB","@id":"https:\/\/www.geopolitics.fr\/2026\/05\/12\/la-fracture-socialiste-vallaud-contre-faure-une-guerre-pour-2027\/#primaryimage","url":"https:\/\/www.geopolitics.fr\/wp-content\/uploads\/2026\/05\/vallaud.jpg","contentUrl":"https:\/\/www.geopolitics.fr\/wp-content\/uploads\/2026\/05\/vallaud.jpg","width":951,"height":609,"caption":"Rien ne va plus"},{"@type":"BreadcrumbList","@id":"https:\/\/www.geopolitics.fr\/2026\/05\/12\/la-fracture-socialiste-vallaud-contre-faure-une-guerre-pour-2027\/#breadcrumb","itemListElement":[{"@type":"ListItem","position":1,"name":"Accueil","item":"https:\/\/www.geopolitics.fr\/"},{"@type":"ListItem","position":2,"name":"La fracture socialiste : Vallaud contre Faure, une guerre pour 2027"}]},{"@type":"WebSite","@id":"https:\/\/www.geopolitics.fr\/#website","url":"https:\/\/www.geopolitics.fr\/","name":"Geopolitics.fr","description":"Geopolitics.fr Analyse politique, relations internationales, d\u00e9fense - ligne \u00e9ditoriale gaullo-chiraquienne","publisher":{"@id":"https:\/\/www.geopolitics.fr\/#organization"},"potentialAction":[{"@type":"SearchAction","target":{"@type":"EntryPoint","urlTemplate":"https:\/\/www.geopolitics.fr\/?s={search_term_string}"},"query-input":{"@type":"PropertyValueSpecification","valueRequired":true,"valueName":"search_term_string"}}],"inLanguage":"en-GB"},{"@type":"Organization","@id":"https:\/\/www.geopolitics.fr\/#organization","name":"Geopolitics.fr","url":"https:\/\/www.geopolitics.fr\/","logo":{"@type":"ImageObject","inLanguage":"en-GB","@id":"https:\/\/www.geopolitics.fr\/#\/schema\/logo\/image\/","url":"https:\/\/www.geopolitics.fr\/wp-content\/uploads\/2024\/01\/logo.jpg","contentUrl":"https:\/\/www.geopolitics.fr\/wp-content\/uploads\/2024\/01\/logo.jpg","width":500,"height":500,"caption":"Geopolitics.fr"},"image":{"@id":"https:\/\/www.geopolitics.fr\/#\/schema\/logo\/image\/"},"sameAs":["https:\/\/www.facebook.com\/people\/Erwan-Davoux\/61557098968092\/","https:\/\/x.com\/Geopolitics_Fr"]},{"@type":"Person","@id":"https:\/\/www.geopolitics.fr\/#\/schema\/person\/c36b165f511617c65a2bf8f8abd9af41","name":"Ghizlaine Badri","image":{"@type":"ImageObject","inLanguage":"en-GB","@id":"https:\/\/www.geopolitics.fr\/wp-content\/uploads\/2026\/04\/cropped-Ghizlaine-96x96.jpg","url":"https:\/\/www.geopolitics.fr\/wp-content\/uploads\/2026\/04\/cropped-Ghizlaine-96x96.jpg","contentUrl":"https:\/\/www.geopolitics.fr\/wp-content\/uploads\/2026\/04\/cropped-Ghizlaine-96x96.jpg","caption":"Ghizlaine Badri"},"description":"R\u00e9dactrice en chef de Geopolitics.fr, Ghizlaine Badri est une Journaliste politique forte de vingt-cing ans d'exp\u00e9rience professionnelle dont quinze ans dans la Presse. Elle a construit un parcours \u00e0 l'intersection des sc\u00e8nes fran\u00e7aise, europ\u00e9enne et internationale. Ghizlaine a collabor\u00e9 avec pr\u00e8s d'une vingtaine de m\u00e9dias, parmi lesquels Le Point, Le Figaro, Les \u00c9chos, L'Express et Forbes. Correspondante Maroc\u2013Maghreb pour Le Point et correspondante Afrique pour Forbes, elle s'est distingu\u00e9e par une couverture approfondie des dynamiques politiques et diplomatiques entre l'Europe et le continent africain. Elle est \u00e0 ce jour la seule journaliste marocaine en activit\u00e9 \u00e0 avoir collabor\u00e9 avec des titres majeurs de la presse fran\u00e7aise hors sph\u00e8re panafricaine en France. Au sein du quotidien \u00e9conomique L'\u00c9conomiste, 1er quotidien au Maroc, elle a fond\u00e9 la rubrique France\u2013Maroc, contribuant \u00e0 structurer un espace \u00e9ditorial in\u00e9dit. Titulaire de trois masters obtenus en France, elle a travaill\u00e9 dans les domaines de la communication institutionnelle notamment \u00e0 la Mairie de Bordeaux aupr\u00e8s d'Alain Jupp\u00e9 et a \u00e9galement exerc\u00e9 des fonctions de direction en communication marketing, notamment aupr\u00e8s de l'Ambassade de France au Maroc. Polyglotte, elle est franco-italo-marocaine, n\u00e9e \u00e0 Casablanca, a v\u00e9cu \u00e0 New-York et maitrise cinq langues le fran\u00e7ais, l'arabe, l'anglais, l'italien et l'espagnol.","url":"https:\/\/www.geopolitics.fr\/en\/author\/ghizlaine-badri\/"}]}},"_links":{"self":[{"href":"https:\/\/www.geopolitics.fr\/en\/wp-json\/wp\/v2\/posts\/4262","targetHints":{"allow":["GET"]}}],"collection":[{"href":"https:\/\/www.geopolitics.fr\/en\/wp-json\/wp\/v2\/posts"}],"about":[{"href":"https:\/\/www.geopolitics.fr\/en\/wp-json\/wp\/v2\/types\/post"}],"author":[{"embeddable":true,"href":"https:\/\/www.geopolitics.fr\/en\/wp-json\/wp\/v2\/users\/31730"}],"replies":[{"embeddable":true,"href":"https:\/\/www.geopolitics.fr\/en\/wp-json\/wp\/v2\/comments?post=4262"}],"version-history":[{"count":0,"href":"https:\/\/www.geopolitics.fr\/en\/wp-json\/wp\/v2\/posts\/4262\/revisions"}],"wp:featuredmedia":[{"embeddable":true,"href":"https:\/\/www.geopolitics.fr\/en\/wp-json\/wp\/v2\/media\/4263"}],"wp:attachment":[{"href":"https:\/\/www.geopolitics.fr\/en\/wp-json\/wp\/v2\/media?parent=4262"}],"wp:term":[{"taxonomy":"category","embeddable":true,"href":"https:\/\/www.geopolitics.fr\/en\/wp-json\/wp\/v2\/categories?post=4262"},{"taxonomy":"post_tag","embeddable":true,"href":"https:\/\/www.geopolitics.fr\/en\/wp-json\/wp\/v2\/tags?post=4262"}],"curies":[{"name":"wp","href":"https:\/\/api.w.org\/{rel}","templated":true}]}}