{"id":4257,"date":"2026-05-11T18:55:00","date_gmt":"2026-05-11T16:55:00","guid":{"rendered":"https:\/\/www.geopolitics.fr\/?p=4257"},"modified":"2026-05-11T16:06:37","modified_gmt":"2026-05-11T14:06:37","slug":"g7-devian-la-contre-offensive-africaine-de-paris","status":"publish","type":"post","link":"https:\/\/www.geopolitics.fr\/en\/2026\/05\/11\/g7-devian-la-contre-offensive-africaine-de-paris\/","title":{"rendered":"G7 d\u2019\u00c9vian : la contre-offensive africaine de Paris"},"content":{"rendered":"<p class=\"has-medium-font-size wp-block-paragraph\">Dans les salons feutr\u00e9s de \u00c9vian-les-Bains, face au L\u00e9man, tout est pr\u00eat pour accueillir les puissances du G7 du 15 au 17 juin. Juste apr\u00e8s le sommet Afrique-France de\u00a0Nairobi au Kenya. Officiellement, il sera question d\u2019intelligence artificielle, de guerre en Ukraine ou de tensions au Moyen-Orient.<\/p>\n\n\n\n<p class=\"has-medium-font-size wp-block-paragraph\">Mais en coulisses, un autre dossier monopolise d\u00e9j\u00e0 les \u00e9changes pr\u00e9paratoires : encore l\u2019Afrique. Et \u00e0 Paris, personne&nbsp;ne s\u2019en cache vraiment : ce sommet est pens\u00e9 comme une tentative de reprise d\u2019initiative strat\u00e9gique sur un continent o\u00f9 l\u2019influence fran\u00e7aise s\u2019est s\u00e9rieusement \u00e9rod\u00e9e.<\/p>\n\n\n\n<h2 class=\"wp-block-heading\" id=\"h-l-afrique-est-devenue-un-terrain-de-competition-directe\">\u00ab L\u2019Afrique est devenue un terrain de comp\u00e9tition directe \u00bb<\/h2>\n\n\n\n<p class=\"has-medium-font-size wp-block-paragraph\">\u00ab&nbsp;<em>Ce&nbsp;n\u2019est plus un sujet de d\u00e9veloppement. C\u2019est un sujet de puissance&nbsp;<\/em>\u00bb, tranche un diplomate europ\u00e9en impliqu\u00e9 dans les&nbsp;n\u00e9gociations pr\u00e9paratoires.<\/p>\n\n\n\n<p class=\"has-medium-font-size wp-block-paragraph\">Depuis plusieurs semaines, l\u2019entourage du pr\u00e9sident Emmanuel Macron multiplie les r\u00e9unions discr\u00e8tes avec des institutions financi\u00e8res, des groupes miniers et des partenaires africains.<\/p>\n\n\n\n<p class=\"has-medium-font-size wp-block-paragraph\">Objectif : structurer une offre cr\u00e9dible face \u00e0 la mont\u00e9e en puissance de la Chine\u2026 mais aussi de&nbsp;nouveaux entrants plus agressifs.<\/p>\n\n\n\n<h2 class=\"wp-block-heading\" id=\"h-minerais-critiques-la-bataille-des-sous-sols-africains\">Minerais critiques : la bataille des sous-sols africains<\/h2>\n\n\n\n<p class=\"has-medium-font-size wp-block-paragraph\">Premier front, et&nbsp;non des moindres : les minerais strat\u00e9giques. Le 20 avril, Paris a organis\u00e9 un format in\u00e9dit r\u00e9unissant G7, banques multilat\u00e9rales et pays africains producteurs.<\/p>\n\n\n\n<p class=\"has-medium-font-size wp-block-paragraph\">Derri\u00e8re cette initiative, une inqui\u00e9tude : la d\u00e9pendance croissante des cha\u00eenes industrielles occidentales vis-\u00e0-vis de P\u00e9kin. Car aujourd\u2019hui, la r\u00e9alit\u00e9 est brutale :<\/p>\n\n\n\n<ul class=\"wp-block-list\">\n<li class=\"has-medium-font-size\">la R\u00e9publique d\u00e9mocratique du Congo fournit pr\u00e8s de 70 % du cobalt mondial.<\/li>\n\n\n\n<li class=\"has-medium-font-size\">la Guin\u00e9e concentre des r\u00e9serves majeures de bauxite;<\/li>\n\n\n\n<li class=\"has-medium-font-size\">plusieurs pays africains contr\u00f4lent des gisements cl\u00e9s de lithium, mangan\u00e8se ou graphite.<\/li>\n<\/ul>\n\n\n\n<p class=\"has-medium-font-size wp-block-paragraph\">\u00ab&nbsp;<em>Le G7 arrive tard. Les Chinois sont d\u00e9j\u00e0 install\u00e9s&nbsp;<\/em>\u00bb, glisse un expert du secteur minier.<\/p>\n\n\n\n<h3 class=\"wp-block-heading has-medium-font-size\" id=\"h-dette-le-bras-de-fer-silencieux-avec-pekin\">Dette : le bras de fer silencieux avec P\u00e9kin<\/h3>\n\n\n\n<p class=\"has-medium-font-size wp-block-paragraph\">Deuxi\u00e8me champ de bataille : la dette africaine. Avec plus de 1 100 milliards de dollars d\u2019encours, le continent est devenu un terrain de&nbsp;n\u00e9gociation complexe entre cr\u00e9anciers occidentaux\u2026 et la Chine, d\u00e9sormais premier pr\u00eateur bilat\u00e9ral.<\/p>\n\n\n\n<p class=\"has-medium-font-size wp-block-paragraph\">Paris pousse en coulisses pour un&nbsp;nouveau m\u00e9canisme de restructuration. Probl\u00e8me : P\u00e9kin impose ses propres r\u00e8gles du jeu.<\/p>\n\n\n\n<p class=\"has-medium-font-size wp-block-paragraph\">\u00ab&nbsp;<em>Les discussions sont extr\u00eamement tendues. Chacun d\u00e9fend ses int\u00e9r\u00eats financiers et g\u00e9opolitiques<\/em>&nbsp;\u00bb, confie une source proche de la Banque mondiale.<\/p>\n\n\n\n<p class=\"has-medium-font-size wp-block-paragraph\">R\u00e9sultat : derri\u00e8re les communiqu\u00e9s consensuels attendus \u00e0 \u00c9vian, les lignes de fracture restent profondes.<\/p>\n\n\n\n<h2 class=\"wp-block-heading\" id=\"h-securite-sahelienne-une-strategie-a-reconstruire\">S\u00e9curit\u00e9 sah\u00e9lienne : une strat\u00e9gie \u00e0 reconstruire<\/h2>\n\n\n\n<p class=\"has-medium-font-size wp-block-paragraph\">Troisi\u00e8me dossier, plus sensible encore : le Sahel. Apr\u00e8s les ruptures successives avec le Mali, le Burkina Faso et le&nbsp;Niger, Paris cherche une&nbsp;nouvelle architecture s\u00e9curitaire.<\/p>\n\n\n\n<p class=\"has-medium-font-size wp-block-paragraph\">Mais sans pr\u00e9sence militaire directe, l\u2019\u00e9quation est d\u00e9licate. C\u2019est dans ce contexte qu\u2019intervient un choix diplomatique r\u00e9v\u00e9lateur : l\u2019invitation adress\u00e9e au pr\u00e9sident kenyan William Ruto.<\/p>\n\n\n\n<p class=\"has-medium-font-size wp-block-paragraph\">Selon plusieurs fuites, cette d\u00e9cision s\u2019est faite au d\u00e9triment du pr\u00e9sident sud-africain Cyril Ramaphosa. Un arbitrage loin d\u2019\u00eatre anodin.<\/p>\n\n\n\n<p class=\"has-medium-font-size wp-block-paragraph\">\u00ab&nbsp;<em>Le Kenya est per\u00e7u comme plus align\u00e9, plus stable, et surtout plus op\u00e9rationnel sur les questions s\u00e9curitaires&nbsp;<\/em>\u00bb, d\u00e9crypte un diplomate africain bas\u00e9 \u00e0 Bruxelles.<\/p>\n\n\n\n<h2 class=\"wp-block-heading\" id=\"h-corridors-et-ports-la-nbsp-nouvelle-obsession-strategique\">Corridors et ports : la&nbsp;nouvelle obsession strat\u00e9gique<\/h2>\n\n\n\n<p class=\"has-medium-font-size wp-block-paragraph\">Quatri\u00e8me front : les infrastructures. De Lom\u00e9 \u00e0 Djibouti, en passant par les fa\u00e7ades atlantiques et la mer Rouge, les corridors logistiques africains sont devenus des actifs strat\u00e9giques majeurs.<\/p>\n\n\n\n<p class=\"has-medium-font-size wp-block-paragraph\">Dans un contexte de tensions maritimes et de fragmentation des routes commerciales, le contr\u00f4le des flux devient une priorit\u00e9.<\/p>\n\n\n\n<p class=\"has-medium-font-size wp-block-paragraph\">\u00ab&nbsp;<em>Celui qui contr\u00f4le les ports africains contr\u00f4le une partie du commerce mondial de demain<\/em>&nbsp;\u00bb, r\u00e9sume un haut responsable europ\u00e9en. Mais l\u00e0 encore, la concurrence est f\u00e9roce :<\/p>\n\n\n\n<ul class=\"wp-block-list\">\n<li class=\"has-medium-font-size\">la Chine finance et exploite d\u00e9j\u00e0 de\u00a0nombreuses infrastructures.<\/li>\n\n\n\n<li class=\"has-medium-font-size\">la Turquie multiplie les positions portuaires.<\/li>\n\n\n\n<li class=\"has-medium-font-size\">les \u00c9mirats arabes unis avancent agressivement via leurs g\u00e9ants logistiques.<\/li>\n<\/ul>\n\n\n\n<h2 class=\"wp-block-heading\" id=\"h-evian-ou-le-test-de-credibilite-du-g7\">\u00c9vian, ou le test de cr\u00e9dibilit\u00e9 du G7<\/h2>\n\n\n\n<p class=\"has-medium-font-size wp-block-paragraph\" id=\"h-evian-ou-le-test-de-credibilite-du-g7en-realite-le-sommet-d-evian-pose-une-question-simple-mais-redoutable-le-g7-peut-il-encore-peser-en-afrique\">En r\u00e9alit\u00e9, le sommet d\u2019\u00c9vian pose une question simple, mais redoutable : le G7 peut-il encore peser en Afrique ?<\/p>\n\n\n\n<p class=\"has-medium-font-size wp-block-paragraph\">Les chiffres parlent d\u2019eux-m\u00eames : les \u00e9changes entre la Chine et l\u2019Afrique d\u00e9passent d\u00e9sormais 295 milliards de dollars, contre environ 65 milliards pour la France.<\/p>\n\n\n\n<p class=\"has-medium-font-size wp-block-paragraph\">Et surtout, les capitales africaines ont chang\u00e9 de logiciel. \u00ab&nbsp;<em>Elles diversifient,&nbsp;n\u00e9gocient, arbitrent. L\u2019\u00e9poque des partenariats exclusifs est termin\u00e9e&nbsp;<\/em>\u00bb, observe un analyste.<\/p>\n\n\n\n<h2 class=\"wp-block-heading\" id=\"h-une-offensive-sous-pression\">Une offensive sous pression<\/h2>\n\n\n\n<p class=\"has-medium-font-size wp-block-paragraph\">\u00c0 \u00c9vian, Paris tentera donc de reprendre la main. Mais sans illusion excessive. Car derri\u00e8re les initiatives diplomatiques, une r\u00e9alit\u00e9 s\u2019impose : l\u2019Afrique\u00a0n\u2019est plus un terrain d\u2019influence acquis. C\u2019est un espace de comp\u00e9tition ouverte. Et dans cette partie, le G7\u00a0n\u2019a plus l\u2019avantage.<\/p>\n\n\n\n<p class=\"wp-block-paragraph\"><\/p>","protected":false},"excerpt":{"rendered":"<p>Dans les salons feutr\u00e9s de \u00c9vian-les-Bains, face au L\u00e9man, tout est pr\u00eat pour accueillir les puissances du G7 du 15 au 17&hellip;<\/p>","protected":false},"author":53,"featured_media":4259,"comment_status":"closed","ping_status":"closed","sticky":false,"template":"","format":"standard","meta":{"_lmt_disableupdate":"","_lmt_disable":"","footnotes":""},"categories":[635,610,5],"tags":[680,321],"class_list":["post-4257","post","type-post","status-publish","format-standard","has-post-thumbnail","hentry","category-diplomatie","category-droit-international","category-international","tag-evian","tag-g7"],"yoast_head":"<!-- This site is optimized with the Yoast SEO Premium plugin v28.1 (Yoast SEO v28.1) - https:\/\/yoast.com\/product\/yoast-seo-premium-wordpress\/ -->\n<title>G7 d\u2019\u00c9vian : la contre-offensive africaine de Paris | Geopolitics.fr<\/title>\n<meta name=\"description\" content=\"\u00c9vian accueillera le G7 en juin. Officiellement, il sera question d\u2019AI, d&#039;Ukraine ou du MO. Officieusement, l\u2019Afrique sera un sujet majeur.\" \/>\n<meta name=\"robots\" content=\"index, follow, max-snippet:-1, max-image-preview:large, max-video-preview:-1\" \/>\n<link rel=\"canonical\" href=\"https:\/\/www.geopolitics.fr\/en\/2026\/05\/11\/g7-devian-la-contre-offensive-africaine-de-paris\/\" \/>\n<meta property=\"og:locale\" content=\"en_GB\" \/>\n<meta property=\"og:type\" content=\"article\" \/>\n<meta property=\"og:title\" content=\"G7 d\u2019\u00c9vian : la contre-offensive africaine de Paris\" \/>\n<meta property=\"og:description\" content=\"\u00c9vian accueillera le G7 en juin. Officiellement, il sera question d\u2019AI, d&#039;Ukraine ou du MO. Officieusement, l\u2019Afrique sera un sujet majeur.\" \/>\n<meta property=\"og:url\" content=\"https:\/\/www.geopolitics.fr\/en\/2026\/05\/11\/g7-devian-la-contre-offensive-africaine-de-paris\/\" \/>\n<meta property=\"og:site_name\" content=\"Geopolitics.fr\" \/>\n<meta property=\"article:publisher\" content=\"https:\/\/www.facebook.com\/people\/Erwan-Davoux\/61557098968092\/\" \/>\n<meta property=\"article:published_time\" content=\"2026-05-11T16:55:00+00:00\" \/>\n<meta property=\"og:image\" content=\"https:\/\/www.geopolitics.fr\/wp-content\/uploads\/2026\/05\/g7-bon.jpg\" \/>\n\t<meta property=\"og:image:width\" content=\"1920\" \/>\n\t<meta property=\"og:image:height\" content=\"1280\" \/>\n\t<meta property=\"og:image:type\" content=\"image\/jpeg\" \/>\n<meta name=\"author\" content=\"No\u00ebl N&#039;DONG\" \/>\n<meta name=\"twitter:card\" content=\"summary_large_image\" \/>\n<meta name=\"twitter:creator\" content=\"@Geopolitics_Fr\" \/>\n<meta name=\"twitter:site\" content=\"@Geopolitics_Fr\" \/>\n<meta name=\"twitter:label1\" content=\"Written by\" \/>\n\t<meta name=\"twitter:data1\" content=\"No\u00ebl N&#039;DONG\" \/>\n\t<meta name=\"twitter:label2\" content=\"Estimated reading time\" \/>\n\t<meta name=\"twitter:data2\" content=\"4 minutes\" \/>\n<script type=\"application\/ld+json\" class=\"yoast-schema-graph\">{\"@context\":\"https:\\\/\\\/schema.org\",\"@graph\":[{\"@type\":\"Article\",\"@id\":\"https:\\\/\\\/www.geopolitics.fr\\\/2026\\\/05\\\/11\\\/g7-devian-la-contre-offensive-africaine-de-paris\\\/#article\",\"isPartOf\":{\"@id\":\"https:\\\/\\\/www.geopolitics.fr\\\/2026\\\/05\\\/11\\\/g7-devian-la-contre-offensive-africaine-de-paris\\\/\"},\"author\":{\"name\":\"No\u00ebl N'DONG\",\"@id\":\"https:\\\/\\\/www.geopolitics.fr\\\/#\\\/schema\\\/person\\\/7dc57d7d2375406984e1082cad678c4a\"},\"headline\":\"G7 d\u2019\u00c9vian : la contre-offensive africaine de Paris\",\"datePublished\":\"2026-05-11T16:55:00+00:00\",\"mainEntityOfPage\":{\"@id\":\"https:\\\/\\\/www.geopolitics.fr\\\/2026\\\/05\\\/11\\\/g7-devian-la-contre-offensive-africaine-de-paris\\\/\"},\"wordCount\":827,\"publisher\":{\"@id\":\"https:\\\/\\\/www.geopolitics.fr\\\/#organization\"},\"image\":{\"@id\":\"https:\\\/\\\/www.geopolitics.fr\\\/2026\\\/05\\\/11\\\/g7-devian-la-contre-offensive-africaine-de-paris\\\/#primaryimage\"},\"thumbnailUrl\":\"https:\\\/\\\/www.geopolitics.fr\\\/wp-content\\\/uploads\\\/2026\\\/05\\\/g7-bon.jpg\",\"keywords\":[\"EVIAN\",\"G7\"],\"articleSection\":[\"Diplomatie\",\"Droit international, multilat\u00e9ral\",\"International\"],\"inLanguage\":\"en-GB\"},{\"@type\":\"WebPage\",\"@id\":\"https:\\\/\\\/www.geopolitics.fr\\\/2026\\\/05\\\/11\\\/g7-devian-la-contre-offensive-africaine-de-paris\\\/\",\"url\":\"https:\\\/\\\/www.geopolitics.fr\\\/2026\\\/05\\\/11\\\/g7-devian-la-contre-offensive-africaine-de-paris\\\/\",\"name\":\"G7 d\u2019\u00c9vian : la contre-offensive africaine de Paris | Geopolitics.fr\",\"isPartOf\":{\"@id\":\"https:\\\/\\\/www.geopolitics.fr\\\/#website\"},\"primaryImageOfPage\":{\"@id\":\"https:\\\/\\\/www.geopolitics.fr\\\/2026\\\/05\\\/11\\\/g7-devian-la-contre-offensive-africaine-de-paris\\\/#primaryimage\"},\"image\":{\"@id\":\"https:\\\/\\\/www.geopolitics.fr\\\/2026\\\/05\\\/11\\\/g7-devian-la-contre-offensive-africaine-de-paris\\\/#primaryimage\"},\"thumbnailUrl\":\"https:\\\/\\\/www.geopolitics.fr\\\/wp-content\\\/uploads\\\/2026\\\/05\\\/g7-bon.jpg\",\"datePublished\":\"2026-05-11T16:55:00+00:00\",\"description\":\"\u00c9vian accueillera le G7 en juin. Officiellement, il sera question d\u2019AI, d'Ukraine ou du MO. Officieusement, l\u2019Afrique sera un sujet majeur.\",\"breadcrumb\":{\"@id\":\"https:\\\/\\\/www.geopolitics.fr\\\/2026\\\/05\\\/11\\\/g7-devian-la-contre-offensive-africaine-de-paris\\\/#breadcrumb\"},\"inLanguage\":\"en-GB\",\"potentialAction\":[{\"@type\":\"ReadAction\",\"target\":[\"https:\\\/\\\/www.geopolitics.fr\\\/2026\\\/05\\\/11\\\/g7-devian-la-contre-offensive-africaine-de-paris\\\/\"]}]},{\"@type\":\"ImageObject\",\"inLanguage\":\"en-GB\",\"@id\":\"https:\\\/\\\/www.geopolitics.fr\\\/2026\\\/05\\\/11\\\/g7-devian-la-contre-offensive-africaine-de-paris\\\/#primaryimage\",\"url\":\"https:\\\/\\\/www.geopolitics.fr\\\/wp-content\\\/uploads\\\/2026\\\/05\\\/g7-bon.jpg\",\"contentUrl\":\"https:\\\/\\\/www.geopolitics.fr\\\/wp-content\\\/uploads\\\/2026\\\/05\\\/g7-bon.jpg\",\"width\":1920,\"height\":1280,\"caption\":\"G7 concept, 3D rendering\"},{\"@type\":\"BreadcrumbList\",\"@id\":\"https:\\\/\\\/www.geopolitics.fr\\\/2026\\\/05\\\/11\\\/g7-devian-la-contre-offensive-africaine-de-paris\\\/#breadcrumb\",\"itemListElement\":[{\"@type\":\"ListItem\",\"position\":1,\"name\":\"Accueil\",\"item\":\"https:\\\/\\\/www.geopolitics.fr\\\/\"},{\"@type\":\"ListItem\",\"position\":2,\"name\":\"G7 d\u2019\u00c9vian : la contre-offensive africaine de Paris\"}]},{\"@type\":\"WebSite\",\"@id\":\"https:\\\/\\\/www.geopolitics.fr\\\/#website\",\"url\":\"https:\\\/\\\/www.geopolitics.fr\\\/\",\"name\":\"Geopolitics.fr\",\"description\":\"Geopolitics.fr Analyse politique, relations internationales, d\u00e9fense - ligne \u00e9ditoriale gaullo-chiraquienne\",\"publisher\":{\"@id\":\"https:\\\/\\\/www.geopolitics.fr\\\/#organization\"},\"potentialAction\":[{\"@type\":\"SearchAction\",\"target\":{\"@type\":\"EntryPoint\",\"urlTemplate\":\"https:\\\/\\\/www.geopolitics.fr\\\/?s={search_term_string}\"},\"query-input\":{\"@type\":\"PropertyValueSpecification\",\"valueRequired\":true,\"valueName\":\"search_term_string\"}}],\"inLanguage\":\"en-GB\"},{\"@type\":\"Organization\",\"@id\":\"https:\\\/\\\/www.geopolitics.fr\\\/#organization\",\"name\":\"Geopolitics.fr\",\"url\":\"https:\\\/\\\/www.geopolitics.fr\\\/\",\"logo\":{\"@type\":\"ImageObject\",\"inLanguage\":\"en-GB\",\"@id\":\"https:\\\/\\\/www.geopolitics.fr\\\/#\\\/schema\\\/logo\\\/image\\\/\",\"url\":\"https:\\\/\\\/www.geopolitics.fr\\\/wp-content\\\/uploads\\\/2024\\\/01\\\/logo.jpg\",\"contentUrl\":\"https:\\\/\\\/www.geopolitics.fr\\\/wp-content\\\/uploads\\\/2024\\\/01\\\/logo.jpg\",\"width\":500,\"height\":500,\"caption\":\"Geopolitics.fr\"},\"image\":{\"@id\":\"https:\\\/\\\/www.geopolitics.fr\\\/#\\\/schema\\\/logo\\\/image\\\/\"},\"sameAs\":[\"https:\\\/\\\/www.facebook.com\\\/people\\\/Erwan-Davoux\\\/61557098968092\\\/\",\"https:\\\/\\\/x.com\\\/Geopolitics_Fr\"]},{\"@type\":\"Person\",\"@id\":\"https:\\\/\\\/www.geopolitics.fr\\\/#\\\/schema\\\/person\\\/7dc57d7d2375406984e1082cad678c4a\",\"name\":\"No\u00ebl N'DONG\",\"image\":{\"@type\":\"ImageObject\",\"inLanguage\":\"en-GB\",\"@id\":\"https:\\\/\\\/www.geopolitics.fr\\\/wp-content\\\/uploads\\\/2024\\\/06\\\/ndong-96x96.jpg\",\"url\":\"https:\\\/\\\/www.geopolitics.fr\\\/wp-content\\\/uploads\\\/2024\\\/06\\\/ndong-96x96.jpg\",\"contentUrl\":\"https:\\\/\\\/www.geopolitics.fr\\\/wp-content\\\/uploads\\\/2024\\\/06\\\/ndong-96x96.jpg\",\"caption\":\"No\u00ebl N'DONG\"},\"description\":\"Journaliste -Ancien responsable du Courrier d\u2019Afrique centrale (CAC) -Ancien journaliste de la revue G\u00e9opolitique africaine (GA) -Ancien directeur des r\u00e9daction de la revue Afrique D\u00e9fense (AD) -Ancien r\u00e9dacteur en chef adjoint- Desk international de T\u00e9l\u00e9sud -Correspondant Adiac-Les D\u00e9p\u00eaches de Brazzaville -Consultant en intelligence \u00e9conomique\",\"url\":\"https:\\\/\\\/www.geopolitics.fr\\\/en\\\/author\\\/noelndong\\\/\"}]}<\/script>\n<!-- \/ Yoast SEO Premium plugin. -->","yoast_head_json":{"title":"G7 d\u2019\u00c9vian : la contre-offensive africaine de Paris | Geopolitics.fr","description":"\u00c9vian accueillera le G7 en juin. Officiellement, il sera question d\u2019AI, d'Ukraine ou du MO. Officieusement, l\u2019Afrique sera un sujet majeur.","robots":{"index":"index","follow":"follow","max-snippet":"max-snippet:-1","max-image-preview":"max-image-preview:large","max-video-preview":"max-video-preview:-1"},"canonical":"https:\/\/www.geopolitics.fr\/en\/2026\/05\/11\/g7-devian-la-contre-offensive-africaine-de-paris\/","og_locale":"en_GB","og_type":"article","og_title":"G7 d\u2019\u00c9vian : la contre-offensive africaine de Paris","og_description":"\u00c9vian accueillera le G7 en juin. Officiellement, il sera question d\u2019AI, d'Ukraine ou du MO. Officieusement, l\u2019Afrique sera un sujet majeur.","og_url":"https:\/\/www.geopolitics.fr\/en\/2026\/05\/11\/g7-devian-la-contre-offensive-africaine-de-paris\/","og_site_name":"Geopolitics.fr","article_publisher":"https:\/\/www.facebook.com\/people\/Erwan-Davoux\/61557098968092\/","article_published_time":"2026-05-11T16:55:00+00:00","og_image":[{"width":1920,"height":1280,"url":"https:\/\/www.geopolitics.fr\/wp-content\/uploads\/2026\/05\/g7-bon.jpg","type":"image\/jpeg"}],"author":"No\u00ebl N'DONG","twitter_card":"summary_large_image","twitter_creator":"@Geopolitics_Fr","twitter_site":"@Geopolitics_Fr","twitter_misc":{"Written by":"No\u00ebl N'DONG","Estimated reading time":"4 minutes"},"schema":{"@context":"https:\/\/schema.org","@graph":[{"@type":"Article","@id":"https:\/\/www.geopolitics.fr\/2026\/05\/11\/g7-devian-la-contre-offensive-africaine-de-paris\/#article","isPartOf":{"@id":"https:\/\/www.geopolitics.fr\/2026\/05\/11\/g7-devian-la-contre-offensive-africaine-de-paris\/"},"author":{"name":"No\u00ebl N'DONG","@id":"https:\/\/www.geopolitics.fr\/#\/schema\/person\/7dc57d7d2375406984e1082cad678c4a"},"headline":"G7 d\u2019\u00c9vian : la contre-offensive africaine de Paris","datePublished":"2026-05-11T16:55:00+00:00","mainEntityOfPage":{"@id":"https:\/\/www.geopolitics.fr\/2026\/05\/11\/g7-devian-la-contre-offensive-africaine-de-paris\/"},"wordCount":827,"publisher":{"@id":"https:\/\/www.geopolitics.fr\/#organization"},"image":{"@id":"https:\/\/www.geopolitics.fr\/2026\/05\/11\/g7-devian-la-contre-offensive-africaine-de-paris\/#primaryimage"},"thumbnailUrl":"https:\/\/www.geopolitics.fr\/wp-content\/uploads\/2026\/05\/g7-bon.jpg","keywords":["EVIAN","G7"],"articleSection":["Diplomatie","Droit international, multilat\u00e9ral","International"],"inLanguage":"en-GB"},{"@type":"WebPage","@id":"https:\/\/www.geopolitics.fr\/2026\/05\/11\/g7-devian-la-contre-offensive-africaine-de-paris\/","url":"https:\/\/www.geopolitics.fr\/2026\/05\/11\/g7-devian-la-contre-offensive-africaine-de-paris\/","name":"G7 d\u2019\u00c9vian : la contre-offensive africaine de Paris | Geopolitics.fr","isPartOf":{"@id":"https:\/\/www.geopolitics.fr\/#website"},"primaryImageOfPage":{"@id":"https:\/\/www.geopolitics.fr\/2026\/05\/11\/g7-devian-la-contre-offensive-africaine-de-paris\/#primaryimage"},"image":{"@id":"https:\/\/www.geopolitics.fr\/2026\/05\/11\/g7-devian-la-contre-offensive-africaine-de-paris\/#primaryimage"},"thumbnailUrl":"https:\/\/www.geopolitics.fr\/wp-content\/uploads\/2026\/05\/g7-bon.jpg","datePublished":"2026-05-11T16:55:00+00:00","description":"\u00c9vian accueillera le G7 en juin. Officiellement, il sera question d\u2019AI, d'Ukraine ou du MO. Officieusement, l\u2019Afrique sera un sujet majeur.","breadcrumb":{"@id":"https:\/\/www.geopolitics.fr\/2026\/05\/11\/g7-devian-la-contre-offensive-africaine-de-paris\/#breadcrumb"},"inLanguage":"en-GB","potentialAction":[{"@type":"ReadAction","target":["https:\/\/www.geopolitics.fr\/2026\/05\/11\/g7-devian-la-contre-offensive-africaine-de-paris\/"]}]},{"@type":"ImageObject","inLanguage":"en-GB","@id":"https:\/\/www.geopolitics.fr\/2026\/05\/11\/g7-devian-la-contre-offensive-africaine-de-paris\/#primaryimage","url":"https:\/\/www.geopolitics.fr\/wp-content\/uploads\/2026\/05\/g7-bon.jpg","contentUrl":"https:\/\/www.geopolitics.fr\/wp-content\/uploads\/2026\/05\/g7-bon.jpg","width":1920,"height":1280,"caption":"G7 concept, 3D rendering"},{"@type":"BreadcrumbList","@id":"https:\/\/www.geopolitics.fr\/2026\/05\/11\/g7-devian-la-contre-offensive-africaine-de-paris\/#breadcrumb","itemListElement":[{"@type":"ListItem","position":1,"name":"Accueil","item":"https:\/\/www.geopolitics.fr\/"},{"@type":"ListItem","position":2,"name":"G7 d\u2019\u00c9vian : la contre-offensive africaine de Paris"}]},{"@type":"WebSite","@id":"https:\/\/www.geopolitics.fr\/#website","url":"https:\/\/www.geopolitics.fr\/","name":"Geopolitics.fr","description":"Geopolitics.fr Analyse politique, relations internationales, d\u00e9fense - ligne \u00e9ditoriale gaullo-chiraquienne","publisher":{"@id":"https:\/\/www.geopolitics.fr\/#organization"},"potentialAction":[{"@type":"SearchAction","target":{"@type":"EntryPoint","urlTemplate":"https:\/\/www.geopolitics.fr\/?s={search_term_string}"},"query-input":{"@type":"PropertyValueSpecification","valueRequired":true,"valueName":"search_term_string"}}],"inLanguage":"en-GB"},{"@type":"Organization","@id":"https:\/\/www.geopolitics.fr\/#organization","name":"Geopolitics.fr","url":"https:\/\/www.geopolitics.fr\/","logo":{"@type":"ImageObject","inLanguage":"en-GB","@id":"https:\/\/www.geopolitics.fr\/#\/schema\/logo\/image\/","url":"https:\/\/www.geopolitics.fr\/wp-content\/uploads\/2024\/01\/logo.jpg","contentUrl":"https:\/\/www.geopolitics.fr\/wp-content\/uploads\/2024\/01\/logo.jpg","width":500,"height":500,"caption":"Geopolitics.fr"},"image":{"@id":"https:\/\/www.geopolitics.fr\/#\/schema\/logo\/image\/"},"sameAs":["https:\/\/www.facebook.com\/people\/Erwan-Davoux\/61557098968092\/","https:\/\/x.com\/Geopolitics_Fr"]},{"@type":"Person","@id":"https:\/\/www.geopolitics.fr\/#\/schema\/person\/7dc57d7d2375406984e1082cad678c4a","name":"No\u00ebl N'DONG","image":{"@type":"ImageObject","inLanguage":"en-GB","@id":"https:\/\/www.geopolitics.fr\/wp-content\/uploads\/2024\/06\/ndong-96x96.jpg","url":"https:\/\/www.geopolitics.fr\/wp-content\/uploads\/2024\/06\/ndong-96x96.jpg","contentUrl":"https:\/\/www.geopolitics.fr\/wp-content\/uploads\/2024\/06\/ndong-96x96.jpg","caption":"No\u00ebl N'DONG"},"description":"Journaliste -Ancien responsable du Courrier d\u2019Afrique centrale (CAC) -Ancien journaliste de la revue G\u00e9opolitique africaine (GA) -Ancien directeur des r\u00e9daction de la revue Afrique D\u00e9fense (AD) -Ancien r\u00e9dacteur en chef adjoint- Desk international de T\u00e9l\u00e9sud -Correspondant Adiac-Les D\u00e9p\u00eaches de Brazzaville -Consultant en intelligence \u00e9conomique","url":"https:\/\/www.geopolitics.fr\/en\/author\/noelndong\/"}]}},"_links":{"self":[{"href":"https:\/\/www.geopolitics.fr\/en\/wp-json\/wp\/v2\/posts\/4257","targetHints":{"allow":["GET"]}}],"collection":[{"href":"https:\/\/www.geopolitics.fr\/en\/wp-json\/wp\/v2\/posts"}],"about":[{"href":"https:\/\/www.geopolitics.fr\/en\/wp-json\/wp\/v2\/types\/post"}],"author":[{"embeddable":true,"href":"https:\/\/www.geopolitics.fr\/en\/wp-json\/wp\/v2\/users\/53"}],"replies":[{"embeddable":true,"href":"https:\/\/www.geopolitics.fr\/en\/wp-json\/wp\/v2\/comments?post=4257"}],"version-history":[{"count":0,"href":"https:\/\/www.geopolitics.fr\/en\/wp-json\/wp\/v2\/posts\/4257\/revisions"}],"wp:featuredmedia":[{"embeddable":true,"href":"https:\/\/www.geopolitics.fr\/en\/wp-json\/wp\/v2\/media\/4259"}],"wp:attachment":[{"href":"https:\/\/www.geopolitics.fr\/en\/wp-json\/wp\/v2\/media?parent=4257"}],"wp:term":[{"taxonomy":"category","embeddable":true,"href":"https:\/\/www.geopolitics.fr\/en\/wp-json\/wp\/v2\/categories?post=4257"},{"taxonomy":"post_tag","embeddable":true,"href":"https:\/\/www.geopolitics.fr\/en\/wp-json\/wp\/v2\/tags?post=4257"}],"curies":[{"name":"wp","href":"https:\/\/api.w.org\/{rel}","templated":true}]}}