{"id":4248,"date":"2026-05-11T13:06:27","date_gmt":"2026-05-11T11:06:27","guid":{"rendered":"https:\/\/www.geopolitics.fr\/?p=4248"},"modified":"2026-05-11T20:30:42","modified_gmt":"2026-05-11T18:30:42","slug":"gaza-anatomie-dun-probable-genocide-du-gateau-garni-a-la-potence-aux-charniers-des-prisons-israeliennes","status":"publish","type":"post","link":"https:\/\/www.geopolitics.fr\/en\/2026\/05\/11\/gaza-anatomie-dun-probable-genocide-du-gateau-garni-a-la-potence-aux-charniers-des-prisons-israeliennes\/","title":{"rendered":"Gaza &#8211; Anatomie d&rsquo;un probable g\u00e9nocide : du g\u00e2teau garni \u00e0 la potence aux charniers des prisons isra\u00e9liennes"},"content":{"rendered":"<p class=\"has-medium-font-size wp-block-paragraph\">Dans une villa du sud d&rsquo;Isra\u00ebl, pr\u00e8s d&rsquo;Ashdod, une f\u00eate bat son plein. Hauts grad\u00e9s de la police en tenue, militants d&rsquo;extr\u00eame droite, cam\u00e9ras de t\u00e9l\u00e9phones brandies, Itamar Ben Gvir, ministre isra\u00e9lien de la S\u00e9curit\u00e9 nationale, f\u00eate ses 50 ans. Le moment le plus comment\u00e9 de la soir\u00e9e survient lorsque son \u00e9pouse, Ayala, lui pr\u00e9sente le g\u00e2teau d&rsquo;anniversaire : une pi\u00e8ce mont\u00e9e \u00e0 trois \u00e9tages surmont\u00e9e d&rsquo;un n\u0153ud coulant dor\u00e9. Un second g\u00e2teau, plus imposant, exhibe une potence dor\u00e9e dress\u00e9e au-dessus d&rsquo;une carte repr\u00e9sentant Isra\u00ebl, Gaza et la Cisjordanie, des armes point\u00e9es vers les territoires palestiniens. L&rsquo;inscription, grav\u00e9e dans le sucre, ne laisse aucune ambigu\u00eft\u00e9 : \u00ab F\u00e9licitations ministre Ben Gvir. Parfois, les r\u00eaves deviennent r\u00e9alit\u00e9. \u00bb.&nbsp;<\/p>\n\n\n\n<p class=\"has-medium-font-size wp-block-paragraph\">Ce n&rsquo;est pas une (mauvaise) blague. Ce n&rsquo;est pas une provocation isol\u00e9e. C&rsquo;est un symbole politique d&rsquo;une pr\u00e9cision chirurgicale, c\u00e9l\u00e9brant l&rsquo;adoption, quelques semaines plus t\u00f4t, d&rsquo;une loi instaurant la peine de mort, la pendaison, applicable quasi exclusivement aux Palestiniens. Derri\u00e8re l&rsquo;anecdote macabre se dessine la structure d&rsquo;un pouvoir qui, depuis octobre 2023, a transform\u00e9 une guerre en catastrophe humanitaire document\u00e9e par l&rsquo;ensemble des agences des Nations Unies : plus de 100.000 morts palestiniens, dont pr\u00e8s de 70 % de femmes et d&rsquo;enfants parmi les victimes identifi\u00e9es. Une famine officiellement d\u00e9clar\u00e9e, plus de 10 000 prisonniers dont des centaines d&rsquo;enfants, et plus de 300 journalistes tu\u00e9s entre octobre 2023 et d\u00e9cembre 2025 lors des op\u00e9rations militaires isra\u00e9liennes \u00e0 Gaza.<\/p>\n\n\n\n<h2 class=\"wp-block-heading\" id=\"h-ben-gvir-l-ideologie-faite-ministre\">Ben Gvir : l&rsquo;id\u00e9ologie faite ministre<\/h2>\n\n\n\n<h3 class=\"wp-block-heading has-medium-font-size\" id=\"h-du-poster-de-goldstein-au-portefeuille-ministeriel\"><strong>Du poster de Goldstein au portefeuille minist\u00e9riel<\/strong><\/h3>\n\n\n\n<p class=\"has-medium-font-size wp-block-paragraph\">Pour comprendre le g\u00e2teau \u00e0 la potence, il faut comprendre l&rsquo;homme qui lui sourit. Ben Gvir avait dans sa chambre un poster de Baruch Goldstein, le terroriste ayant abattu 29 civils palestiniens \u00e0 H\u00e9bron en 1994. Pour le futur ministre, Goldstein est un h\u00e9ros et une source inspiration.<\/p>\n\n\n\n<p class=\"has-medium-font-size wp-block-paragraph\">Des d\u00e9cennies plus tard, Ben Gvir si\u00e8ge au gouvernement de Benyamin Netanyahou, \u00e0 la t\u00eate du minist\u00e8re de la S\u00e9curit\u00e9 nationale, le minist\u00e8re qui supervise la police, les prisons, et les conditions de d\u00e9tention de dizaines de milliers de Palestiniens. Ce g\u00e2teau est une m\u00e9taphore saisissante de la plateforme politique de l&rsquo;extr\u00eame droite en Isra\u00ebl, incarn\u00e9e aujourd&rsquo;hui par le r\u00e9cent quinquag\u00e9naire. Il incarne une vision d&rsquo;Isra\u00ebl rejet\u00e9e par Yitzhak Rabin, que ses assassins avaient voulu tuer avec lui, assassins dont les disciples si\u00e8gent aujourd&rsquo;hui au gouvernement. Par la gr\u00e2ce d&rsquo;un Premier ministre aussi cynique en 1996 qu&rsquo;en 2026.<\/p>\n\n\n\n<h2 class=\"wp-block-heading has-medium-font-size\" id=\"h-la-loi-sur-la-peine-de-mort-une-pendaison-sur-mesure\">La loi sur la peine de mort : une pendaison sur mesure<\/h2>\n\n\n\n<p class=\"has-medium-font-size wp-block-paragraph\">Le n\u0153ud coulant est une r\u00e9f\u00e9rence \u00e0 la loi controvers\u00e9e adopt\u00e9e par la Knesset en mars, qui impose la peine de mort aux Palestiniens accus\u00e9s de terrorisme, une loi d\u00e9fendue de longue date par Ben Gvir et son parti Otzma Yehudit. Ce texte, baptis\u00e9 Death Penalty for Terrorists Law, instaure la pendaison comme peine automatique pour les Palestiniens de Cisjordanie. S&rsquo;ils sont reconnus coupables de meurtres qualifi\u00e9s d&rsquo;actes terroristes par les tribunaux militaires isra\u00e9liens, la pendaison est prononc\u00e9e suite \u00e0 la suite de proc\u00e9dures acc\u00e9l\u00e9r\u00e9es.<\/p>\n\n\n\n<p class=\"has-medium-font-size wp-block-paragraph\">Le chef des droits de l&rsquo;homme de l&rsquo;ONU, Volker T\u00fcrk, a exhort\u00e9 Isra\u00ebl \u00e0 abroger cette loi, qu&rsquo;il juge discriminatoire \u00e0 l&rsquo;\u00e9gard des Palestiniens. Il faut noter qu&rsquo;Isra\u00ebl n&rsquo;a appliqu\u00e9 la peine de mort que deux fois dans son histoire : contre un officier isra\u00e9lien en 1948 et contre Adolf Eichmann en 1962. La troisi\u00e8me application, si elle advient, sera r\u00e9serv\u00e9e aux Palestiniens.<\/p>\n\n\n\n<h2 class=\"wp-block-heading\" id=\"h-l-assouplissement-des-armes-une-societe-militarisee\">L&rsquo;assouplissement des armes : une soci\u00e9t\u00e9 militaris\u00e9e<\/h2>\n\n\n\n<p class=\"has-medium-font-size wp-block-paragraph\">Le niveau inf\u00e9rieur du g\u00e2teau repr\u00e9sentait deux armes \u00e0 feu point\u00e9es vers une carte d&rsquo;Isra\u00ebl incluant Gaza et la Cisjordanie, symbolisant les politiques controvers\u00e9es de Ben Gvir en mati\u00e8re d&rsquo;armes \u00e0 feu, consid\u00e9rablement assouplies pendant son mandat. Les effets de cette politique ont \u00e9t\u00e9 document\u00e9s lors de nombreux incidents impliquant des colons arm\u00e9s en Cisjordanie, dont certains ont entra\u00een\u00e9 la mort de Palestiniens sans jamais d\u00e9boucher sur des poursuites judiciaires.<\/p>\n\n\n\n<h2 class=\"wp-block-heading\" id=\"h-gaza-chronologie-d-une-catastrophe\">Gaza : chronologie d&rsquo;une catastrophe<\/h2>\n\n\n\n<h3 class=\"wp-block-heading\" id=\"h-le-point-de-depart-l-attaque-du-7-octobre-2023\"><strong>Le point de d\u00e9part : l&rsquo;attaque du 7 octobre 2023<\/strong><\/h3>\n\n\n\n<p class=\"has-medium-font-size wp-block-paragraph\">Toute analyse honn\u00eate exige de rappeler le contexte d\u00e9clencheur. Le 7 octobre 2023, le Hamas lance une attaque de nature terroriste contre Isra\u00ebl. 695 civils isra\u00e9liens et 71 ressortissants \u00e9trangers sont tu\u00e9s. Lors du festival de musique de R\u00e9\u00efm, 260 isra\u00e9liens sont assassin\u00e9s, certains par l&rsquo;arm\u00e9e isra\u00e9lienne en application de la \u00ab\u00a0doctrine Hannibal\u00a0\u00bb.  Cette derni\u00e8re est une<strong>&nbsp;<\/strong>directive secr\u00e8te de l&rsquo;Arm\u00e9e de d\u00e9fense d&rsquo;Isra\u00ebl dont l&rsquo;objectif est d&#8217;emp\u00eacher la capture de soldats isra\u00e9liens par des forces ennemies au cours des combats.<\/p>\n\n\n\n<p class=\"has-medium-font-size wp-block-paragraph\">251 personnes sont prises en otage, dont un b\u00e9b\u00e9 \u00ab\u00a0Kfir\u00a0\u00bb tu\u00e9 en captivit\u00e9.<\/p>\n\n\n\n<p class=\"has-medium-font-size wp-block-paragraph\">Des faits document\u00e9s par Haaretz, m\u00e9dia de la gauche isra\u00e9lienne. Ce sera le point de d\u00e9part d&rsquo;une r\u00e9ponse militaire dont l&rsquo;ampleur et les m\u00e9thodes sont d\u00e9sormais au c\u0153ur d&rsquo;accusations internationales graves.&nbsp;<\/p>\n\n\n\n<h3 class=\"wp-block-heading has-medium-font-size\" id=\"h-des-represailles-totalement-disproportionnees-et-sans-autre-objectif-que-la-destruction-totale\"><strong>Des repr\u00e9sailles totalement disproportionn\u00e9es et sans autre objectif que la destruction totale<\/strong><\/h3>\n\n\n\n<p class=\"has-medium-font-size wp-block-paragraph\">Le bilan des victimes palestiniennes d\u00e9passe 100 000 morts, dont pr\u00e8s de 70 % de femmes et d&rsquo;enfants parmi les victimes identifi\u00e9es. Cette asym\u00e9trie des pertes a soulev\u00e9 de profondes interrogations sur le respect du droit international humanitaire. Fin 2024, l&rsquo;UNICEF comptabilise plus de 80.000 morts palestiniens, dont au moins 30.000 enfants, plus de 150 000 bless\u00e9s, dont plus de 50 000 enfants, et plus de 15 000 disparus.<\/p>\n\n\n\n<p class=\"has-medium-font-size wp-block-paragraph\">ONU Femmes rapporte que plus de 50 000 femmes et filles ont \u00e9t\u00e9 tu\u00e9es entre octobre 2023 et d\u00e9cembre 2025, soit une moyenne d&rsquo;au moins 50 d\u00e9c\u00e8s par jour sur l&rsquo;ensemble de la p\u00e9riode. Ces chiffres reposent sur les donn\u00e9es du Health Cluster Dashboard arr\u00eat\u00e9es au 31 d\u00e9cembre 2025. Toutefois, les chiffres r\u00e9els pourraient \u00eatre bien plus \u00e9lev\u00e9s : de nombreux corps demeurent ensevelis sous les d\u00e9combres, tandis que l&rsquo;effondrement des syst\u00e8mes de sant\u00e9 limite fortement l&rsquo;enregistrement pr\u00e9cis des victimes.&nbsp;<\/p>\n\n\n\n<p class=\"has-medium-font-size wp-block-paragraph\">En septembre 2025, 3000 familles avaient \u00e9t\u00e9 enti\u00e8rement an\u00e9anties, aucun survivant et 7000 ne comptaient plus qu&rsquo;un seul membre en vie. Des noms de famille disparaissent du registre civil de Gaza. Des arbres g\u00e9n\u00e9alogiques entiers ont \u00e9t\u00e9 effac\u00e9s, bombard\u00e9s, tu\u00e9s \u00e0 bout portant, brul\u00e9s vifs. Assoif\u00e9s et affam\u00e9s.&nbsp;<\/p>\n\n\n\n<h2 class=\"wp-block-heading\" id=\"h-la-destruction-systematique-des-infrastructures\">La destruction syst\u00e9matique des infrastructures<\/h2>\n\n\n\n<p class=\"has-medium-font-size wp-block-paragraph\">Les frappes isra\u00e9liennes ont provoqu\u00e9 une destruction g\u00e9n\u00e9ralis\u00e9e des infrastructures : eau, \u00e9gouts, t\u00e9l\u00e9communications, logements. La plupart des h\u00f4pitaux sont hors service. Le Bureau des droits de l&rsquo;homme de l&rsquo;ONU a mis en garde contre la \u00ab destruction syst\u00e9matique de la ville de Gaza \u00bb. Des images satellites analys\u00e9es par Amnesty International ont r\u00e9v\u00e9l\u00e9 la destruction totale de zones enti\u00e8res, documentant une \u00ab destruction gratuite \u00bb. La quasi-totalit\u00e9 de la population gazaouie, soit 1,9 million de personnes, est d\u00e9plac\u00e9e \u00e0 l&rsquo;int\u00e9rieur de l&rsquo;enclave.&nbsp;<\/p>\n\n\n\n<p class=\"has-medium-font-size wp-block-paragraph\">Selon une \u00e9valuation conjointe de l&rsquo;UE, de l&rsquo;ONU et de la Banque mondiale, 71,4 milliards de dollars seront n\u00e9cessaires sur dix ans pour reconstruire Gaza. 26,3 milliards doivent \u00eatre mobilis\u00e9s imm\u00e9diatement pour remettre en marche les services vitaux, reb\u00e2tir des infrastructures d\u00e9vast\u00e9es et relancer une \u00e9conomie \u00e0 l&rsquo;arr\u00eat.&nbsp;<\/p>\n\n\n\n<h2 class=\"wp-block-heading\" id=\"h-la-famine-comme-arme-de-guerre\">La famine comme arme de guerre<\/h2>\n\n\n\n<h3 class=\"wp-block-heading has-medium-font-size\" id=\"h-le-blocus-une-decision-politique-documentee\"><strong>le blocus : une d\u00e9cision politique document\u00e9e<\/strong><\/h3>\n\n\n\n<p class=\"has-medium-font-size wp-block-paragraph\">Le 9 octobre 2023, d\u00e8s le lendemain du d\u00e9but de la guerre, Isra\u00ebl impose un blocus total \u00e0 Gaza. Le 2 mars 2025, la premi\u00e8re phase du cessez-le-feu \u00e0 peine termin\u00e9e, Isra\u00ebl d\u00e9cide de suspendre toute entr\u00e9e de marchandises et d&rsquo;approvisionnement dans la bande de Gaza. Tous les points de passage pour l&rsquo;acheminement de l&rsquo;aide dans l&rsquo;enclave palestinienne ont \u00e9t\u00e9 ferm\u00e9s.<\/p>\n\n\n\n<p class=\"has-medium-font-size wp-block-paragraph\">Le Directeur g\u00e9n\u00e9ral de l&rsquo;OMS ne m\u00e2che pas ses mots : \u00ab Il n&rsquo;y a pas besoin d&rsquo;attendre que la famine soit d\u00e9clar\u00e9e \u00e0 Gaza pour le constater : affam\u00e9s, les habitants tombent malades et meurent. Pourtant, la nourriture et les m\u00e9dicaments sont bien disponibles, \u00e0 quelques minutes de l\u00e0, de l&rsquo;autre c\u00f4t\u00e9 de la fronti\u00e8re. \u00bb La r\u00e9solution 2417 du Conseil de s\u00e9curit\u00e9 de l&rsquo;ONU (2018) condamne explicitement l&rsquo;utilisation de la famine comme arme de guerre. Isra\u00ebl est signataire de cette r\u00e9solution.&nbsp;<\/p>\n\n\n\n<p class=\"has-medium-font-size wp-block-paragraph\">Le 22 ao\u00fbt 2025, l&rsquo;Organisation des Nations Unies d\u00e9clare officiellement l&rsquo;\u00e9tat de famine dans le gouvernorat de Gaza, en raison de l&rsquo;\u00ab obstruction syst\u00e9matique d&rsquo;Isra\u00ebl \u00bb sur l&rsquo;acheminement des vivres. Les chiffres sont difficilement v\u00e9rifiables mais environ 440 personnes, dont 147 enfants, \u00e9taient mortes de faim. L&rsquo;UNICEF indiquait en octobre 2025 que plus de 60 000 enfants \u00e9taient inscrits pour un traitement contre la malnutrition.<\/p>\n\n\n\n<p class=\"has-medium-font-size wp-block-paragraph\">Depuis le d\u00e9but du blocus humanitaire du 2 mars 2025, plus de 60 enfants sont d\u00e9c\u00e9d\u00e9s des suites de la malnutrition selon les donn\u00e9es du minist\u00e8re de la sant\u00e9 dirig\u00e9 par le Hamas, un chiffre sous-estim\u00e9 et vou\u00e9 \u00e0 cro\u00eetre. Si la situation avait perdur\u00e9, la malnutrition aigu\u00eb aurait touch\u00e9 pr\u00e8s de 80 000 enfants de moins de cinq ans au cours des onze mois suivants.<\/p>\n\n\n\n<p class=\"has-medium-font-size wp-block-paragraph\">\u00c0 partir de la fin mai 2025, la Fondation humanitaire de Gaza, charg\u00e9e par Isra\u00ebl d&rsquo;assurer la distribution alimentaire, a fait pr\u00e8s de 1 500 morts entre trois mois lors de ses distributions dans un contexte chaotique.&nbsp;<\/p>\n\n\n\n<h3 class=\"wp-block-heading has-medium-font-size\" id=\"h-une-famine-repoussee-mais-toujours-menacante\"><strong>Une famine repouss\u00e9e, mais toujours mena\u00e7ante<\/strong><\/h3>\n\n\n\n<p class=\"has-medium-font-size wp-block-paragraph\">L&rsquo;\u00e9tat de famine, d\u00e9clar\u00e9 en ao\u00fbt lors du blocus humanitaire impos\u00e9 par Isra\u00ebl, a \u00e9t\u00e9 officiellement lev\u00e9, en d\u00e9cembre 2025, \u00e0 la faveur du cessez-le-feu d&rsquo;octobre et d&rsquo;une lev\u00e9e partielle des entraves aux livraisons d&rsquo;aide. Le Secr\u00e9taire g\u00e9n\u00e9ral de l&rsquo;ONU s&rsquo;en est f\u00e9licit\u00e9, mais a aussit\u00f4t mis en garde : \u00ab Les besoins augmentent plus vite que l&rsquo;aide ne peut parvenir. \u00bb<\/p>\n\n\n\n<p class=\"has-medium-font-size wp-block-paragraph\">Entre le 1er d\u00e9cembre 2025 et le 15 avril 2026, environ 1,6 million de personnes, soit plus des trois quarts des habitants de l&rsquo;enclave, resteront \u00e0 des niveaux d&rsquo;ins\u00e9curit\u00e9 alimentaire jug\u00e9s \u00ab critique \u00bb, \u00ab urgent \u00bb ou \u00ab catastrophique \u00bb. La FAO, l&rsquo;UNICEF, le PAM et l&rsquo;OMS avertissent que sans une augmentation soutenue et \u00e0 grande \u00e9chelle de l&rsquo;aide alimentaire, des centaines de milliers de personnes pourraient rapidement retomber dans la famine.<\/p>\n\n\n\n<h2 class=\"wp-block-heading\" id=\"h-le-systeme-de-sante-cible-et-victime\">Le syst\u00e8me de sant\u00e9 : cible et victime<\/h2>\n\n\n\n<h3 class=\"wp-block-heading has-medium-font-size\" id=\"h-des-hopitaux-comme-zones-de-guerre\"><strong>Des h\u00f4pitaux comme zones de guerre<\/strong><\/h3>\n\n\n\n<p class=\"has-medium-font-size wp-block-paragraph\">Au 5 d\u00e9cembre 2025, au moins 2000 professionnels de sant\u00e9 ont \u00e9t\u00e9 tu\u00e9s et plus de 700 travailleurs humanitaires, pour la plupart palestiniens, ont perdu la vie \u00e0 Gaza. Quinze membres du personnel de MSF ont \u00e9t\u00e9 tu\u00e9s par les forces isra\u00e9liennes depuis le 7 octobre 2023, certains pendant qu&rsquo;ils \u00e9taient en service.<\/p>\n\n\n\n<p class=\"has-medium-font-size wp-block-paragraph\">En ao\u00fbt 2025, les installations de MSF fonctionnent \u00e0 plus de 100 % de leur capacit\u00e9, tandis que certains h\u00f4pitaux du minist\u00e8re de la Sant\u00e9 atteignent plus de 200 %, notamment l&rsquo;h\u00f4pital Al-Shifa. Les listes d&rsquo;attente pour les op\u00e9rations chirurgicales sont si longues, que les patients meurent souvent avant que les \u00e9quipes aient pu les op\u00e9rer.<\/p>\n\n\n\n<p class=\"has-medium-font-size wp-block-paragraph\">Des centaines de milliers de Palestiniens sont toujours d\u00e9racin\u00e9s, vivant dans des tentes de fortune plant\u00e9es \u00e0 m\u00eame le sol ou entass\u00e9s dans des b\u00e2timents endommag\u00e9s, sans acc\u00e8s fiable \u00e0 l&rsquo;eau, \u00e0 l&rsquo;\u00e9lectricit\u00e9, aux soins de sant\u00e9 ou \u00e0 l&rsquo;assainissement.&nbsp;<\/p>\n\n\n\n<p class=\"has-medium-font-size wp-block-paragraph\">Dans ces conditions sanitaires catastrophiques, le poliovirus a refait surface \u00e0 Gaza apr\u00e8s 25 ans d&rsquo;absence, en juillet 2024. En r\u00e9ponse, l&rsquo;ONU et le minist\u00e8re de la Sant\u00e9 de Gaza ont lanc\u00e9 une campagne de vaccination en deux phases. La surpopulation et les mauvaises conditions d&rsquo;hygi\u00e8ne dans les camps de d\u00e9plac\u00e9s favorisent la propagation de maladies et d&rsquo;infestations comme la gale et les poux. Les d\u00e9chets accumul\u00e9s et les d\u00e9combres favorisent la prolif\u00e9ration de rats et de souris vecteurs de maladies graves, sans raticides disponibles pour les humanitaires.&nbsp;<\/p>\n\n\n\n<h2 class=\"wp-block-heading\" id=\"h-les-journalistes-une-guerre-contre-l-information\">Les journalistes : une guerre contre l&rsquo;information<\/h2>\n\n\n\n<h3 class=\"wp-block-heading has-medium-font-size\" id=\"h-le-conflit-le-plus-meurtrier-pour-les-medias-de-l-histoire-moderne\"><strong>Le conflit le plus meurtrier pour les m\u00e9dias de l&rsquo;histoire moderne<\/strong><\/h3>\n\n\n\n<p class=\"has-medium-font-size wp-block-paragraph\">Entre octobre 2023 et la mi-d\u00e9cembre 2025, plus de 300 journalistes ont \u00e9t\u00e9 assasin\u00e9s&nbsp; lors des op\u00e9rations militaires isra\u00e9liennes \u00e0 Gaza. Parall\u00e8lement, plus de 200 journalistes palestiniens ont \u00e9t\u00e9 arr\u00eat\u00e9s, souvent plac\u00e9s en d\u00e9tention administrative dans des conditions arbitraires.<\/p>\n\n\n\n<p class=\"has-medium-font-size wp-block-paragraph\">Dans son bilan annuel 2025, Reporters Sans Fronti\u00e8res d\u00e9nombre 67 journalistes tu\u00e9s dans le monde en un an, dont pr\u00e8s de la moiti\u00e9 \u00e0 Gaza \u00ab sous le feu des forces arm\u00e9es isra\u00e9liennes \u00bb. L&rsquo;ONG qualifie l&rsquo;arm\u00e9e isra\u00e9lienne de \u00ab pire ennemi des journalistes \u00bb, soulignant qu&rsquo;il ne s&rsquo;agit pas de \u00ab balles perdues \u00bb mais d&rsquo;attaques d\u00e9lib\u00e9r\u00e9es visant \u00e0 emp\u00eacher l&rsquo;information depuis le terrain.&nbsp;<\/p>\n\n\n\n<p class=\"has-medium-font-size wp-block-paragraph\">Dans l&rsquo;un des incidents les plus document\u00e9s, le 7 avril 2025, l&rsquo;arm\u00e9e isra\u00e9lienne a cibl\u00e9 un groupe de journalistes qui dormait sous une tente, pr\u00e8s de l&rsquo;h\u00f4pital Nasser \u00e0 Khan Youn\u00e8s. Le journaliste Hilmi Al-Faqaawi de Palestine de Today TV a \u00e9t\u00e9 br\u00fbl\u00e9 vif, neuf de ses coll\u00e8gues ont \u00e9t\u00e9 bless\u00e9s. L&rsquo;un d&rsquo;entre eux, Ahmed Mansour, gri\u00e8vement br\u00fbl\u00e9, n&rsquo;a pas surv\u00e9cu \u00e0 ses blessures. Les autorit\u00e9s isra\u00e9liennes ont affirm\u00e9 avoir vis\u00e9 \u00ab un terroriste se faisant passer pour un journaliste .\u00bb<\/p>\n\n\n\n<p class=\"has-medium-font-size wp-block-paragraph\">Isra\u00ebl continue d&rsquo;imposer une interdiction g\u00e9n\u00e9rale d&rsquo;acc\u00e8s ind\u00e9pendant \u00e0 Gaza aux m\u00e9dias internationaux, ainsi que des restrictions excessives au travail des m\u00e9dias en Cisjordanie. Entre janvier et mai 2025, Al Jazeera a \u00e9t\u00e9 interdite apr\u00e8s la fermeture de ses bureaux par les forces isra\u00e9liennes. Les journalistes lib\u00e9r\u00e9s ont d\u00e9crit des interrogatoires ax\u00e9s sur leurs reportages ou leurs publications sur les r\u00e9seaux sociaux, fond\u00e9s sur des accusations vagues d&rsquo;\u00ab incitation \u00bb, de \u00ab soutien au terrorisme \u00bb ou de menaces \u00e0 la \u00ab s\u00e9curit\u00e9 nationale \u00bb d&rsquo;Isra\u00ebl.&nbsp;<\/p>\n\n\n\n<h2 class=\"wp-block-heading\" id=\"h-les-prisons-israeliennes-l-autre-front\">Les prisons isra\u00e9liennes : l&rsquo;autre front<\/h2>\n\n\n\n<h3 class=\"wp-block-heading has-medium-font-size\" id=\"h-plus-de-10-000-prisonniers-une-incarceration-de-masse\"><strong>Plus de 10 000 prisonniers : une incarc\u00e9ration de masse<\/strong><\/h3>\n\n\n\n<p class=\"has-medium-font-size wp-block-paragraph\">En mai 2025, plus de 10 100 prisonniers palestiniens sont identifi\u00e9s dans les prisons isra\u00e9liennes, \u00e0 l&rsquo;exclusion des d\u00e9tenus de Gaza dont le nombre exact demeure inconnu. Parmi eux : pr\u00e8s de 4000 en d\u00e9tention administrative, 2000 au titre de \u00ab combattants ill\u00e9gaux \u00bb, plus de 500 enfants et autant de femmes.<\/p>\n\n\n\n<h3 class=\"wp-block-heading has-medium-font-size\" id=\"h-des-fondements-juridiques-pour-le-moins-discutables\"><strong>Des fondements juridiques pour le moins discutables<\/strong><\/h3>\n\n\n\n<p class=\"has-medium-font-size wp-block-paragraph\">Les d\u00e9tenus administratifs sont emprisonn\u00e9s sans proc\u00e8s ni inculpation, sur la base d&rsquo;un \u00ab dossier secret \u00bb auquel ni le d\u00e9tenu ni son avocat n&rsquo;ont acc\u00e8s, ce qui les prive de tout moyen de se d\u00e9fendre devant les tribunaux militaires isra\u00e9liens. Depuis 1967, au moins 50 % des hommes palestiniens ont connu la prison \u00e0 un moment de leur vie, une dimension syst\u00e9mique que plusieurs juristes internationaux qualifient d&rsquo;incarc\u00e9ration de masse.<\/p>\n\n\n\n<h3 class=\"wp-block-heading has-medium-font-size\" id=\"h-des-enfants-detenus-arbitrairement\"><strong>Des enfants d\u00e9tenus arbitrairement<\/strong><\/h3>\n\n\n\n<p class=\"has-medium-font-size wp-block-paragraph\">Isra\u00ebl est le seul pays au monde \u00e0 juger des enfants devant un tribunal militaire. D\u00e8s l&rsquo;\u00e2ge de 12 ans, un mineur palestinien peut \u00eatre condamn\u00e9 \u00e0 20 ann\u00e9es de prison pour \u00ab jet de pierres \u00bb,&nbsp; le chef d&rsquo;accusation le plus fr\u00e9quent. En moyenne, 1000 mineurs palestiniens sont poursuivis chaque ann\u00e9e devant les tribunaux militaires par les forces isra\u00e9liennes, selon Defense for Children International.&nbsp;<\/p>\n\n\n\n<p class=\"has-medium-font-size wp-block-paragraph\">Parmi les prisonniers dont la lib\u00e9ration a \u00e9t\u00e9 envisag\u00e9e dans le cadre d&rsquo;\u00e9changes, cinq n&rsquo;avaient que 14 ans. La question pos\u00e9e par des observateurs : comment un gar\u00e7on de 14 ans peut-il devenir un \u00ab prisonnier de s\u00e9curit\u00e9 \u00bb ? La majorit\u00e9 des mineurs d\u00e9tenus ont \u00e9t\u00e9 accus\u00e9s d&rsquo;infractions mineures, dont le jet de pierres pour un grand nombre d&rsquo;entre eux. Aucun n&rsquo;a \u00e9t\u00e9 condamn\u00e9 pour meurtre.&nbsp;<\/p>\n\n\n\n<p class=\"has-medium-font-size wp-block-paragraph\">La dur\u00e9e moyenne de d\u00e9tention pour les mineurs palestiniens est de 120 jours. Dans 80 % des cas, le droit \u00e0 la pr\u00e9sence d&rsquo;un avocat ou d&rsquo;un parent lors des interrogatoires n&rsquo;est pas appliqu\u00e9, pourtant obligatoire selon le droit isra\u00e9lien lui-m\u00eame, selon des juristes documentant ces abus. L&rsquo;UNICEF qualifie les mauvais traitements subis par les enfants prisonniers de \u00ab r\u00e9pandus, syst\u00e9matiques et institutionnalis\u00e9s \u00bb.<\/p>\n\n\n\n<h2 class=\"wp-block-heading\" id=\"h-la-torture-temoignages-et-documentation-internationale\">La torture : t\u00e9moignages et documentation internationale<\/h2>\n\n\n\n<p class=\"has-medium-font-size wp-block-paragraph\">Les t\u00e9moignages d&rsquo;anciens d\u00e9tenus palestiniens recueillis par des ONG font \u00e9tat de br\u00fblures de cigarette sur le corps, de torture \u00e0 l&rsquo;eau, de l\u00e2chers de chiens. Dans certains centres de d\u00e9tention, la plupart des d\u00e9tenus ne sont v\u00eatus que de couches. La m\u00e9thode dite \u00ab disco \u00bb,&nbsp; d\u00e9tention dans une salle avec musique \u00e0 tr\u00e8s haut volume, est d\u00e9crite par plusieurs anciens prisonniers. Elle est reconnue comme torture par les organisations internationales. D&rsquo;autres t\u00e9moignages d\u00e9crivent des viols \u00e0 l&rsquo;aide d&rsquo;objets, des cassages de doigts r\u00e9p\u00e9t\u00e9s, des humiliations en tous genres.&nbsp;<\/p>\n\n\n\n<p class=\"has-medium-font-size wp-block-paragraph\">En avril 2025, les autorit\u00e9s isra\u00e9liennes ont annonc\u00e9 la mort de deux prisonniers palestiniens en d\u00e9tention. Les r\u00e9sultats d&rsquo;autopsie du jeune Walid Ahmad, 17 ans, mort en mars, ont \u00e9tabli que la cause principale du d\u00e9c\u00e8s \u00e9tait la privation de nourriture. Depuis le 7 octobre 2023, au moins 200 Palestiniens sont morts en d\u00e9tention isra\u00e9lienne.<\/p>\n\n\n\n<p class=\"has-medium-font-size wp-block-paragraph\">C&rsquo;est dans ce contexte,10 000 prisonniers, des centaines d&rsquo;enfants, des morts en d\u00e9tention, des t\u00e9moignages de torture, que la loi sur la peine de mort adopt\u00e9e en mars 2026 prend toute sa signification. Ben Gvir avait publiquement d\u00e9clar\u00e9 vouloir utiliser l&rsquo;ex\u00e9cution des prisonniers palestiniens comme solution \u00e0 la \u00ab surpopulation carc\u00e9rale \u00bb. Le g\u00e2teau \u00e0 la potence n&rsquo;est pas une m\u00e9taphore. C&rsquo;est un programme politique, coh\u00e9rent, assum\u00e9, c\u00e9l\u00e9br\u00e9 en public devant des officiers de police en uniforme.<\/p>\n\n\n\n<h2 class=\"wp-block-heading\" id=\"h-la-cij-et-les-accusations-de-genocide\">La CIJ et les accusations de g\u00e9nocide<\/h2>\n\n\n\n<p class=\"has-medium-font-size wp-block-paragraph\">En d\u00e9cembre 2023, l&rsquo;Afrique du Sud saisit la Cour internationale de Justice d&rsquo;une plainte contre Isra\u00ebl pour violation de la Convention pour la pr\u00e9vention et la r\u00e9pression du crime de g\u00e9nocide. En septembre 2025, un rapport d&rsquo;une commission d&rsquo;enqu\u00eate des Nations Unies a conclu \u00e0 la commission d&rsquo;actes de g\u00e9nocide par Isra\u00ebl \u00e0 Gaza. Des hauts responsables de l&rsquo;ONU ont estim\u00e9 que les frappes isra\u00e9liennes meurtri\u00e8res sur des zones dens\u00e9ment peupl\u00e9es s&rsquo;apparentent \u00e0 des crimes de guerre..&nbsp;<\/p>\n\n\n\n<p class=\"has-medium-font-size wp-block-paragraph\">L&rsquo;Assembl\u00e9e g\u00e9n\u00e9rale a adopt\u00e9 une r\u00e9solution approuvant l&rsquo;avis consultatif de la Cour internationale de Justice sur les obligations d&rsquo;Isra\u00ebl en Palestine.<\/p>\n\n\n\n<p class=\"has-medium-font-size wp-block-paragraph\">La loi antiterroriste isra\u00e9lienne de 2016 et les r\u00e8glements de d\u00e9fense de 1945 sont utilis\u00e9s pour perquisitionner les ONG palestiniennes, restreindre leurs financements et arr\u00eater leur personnel. En f\u00e9vrier 2025, un projet de loi \u00e0 la Knesset visait \u00e0 criminaliser le partage d&rsquo;informations avec la Cour p\u00e9nale internationale.&nbsp;<\/p>\n\n\n\n<p class=\"has-medium-font-size wp-block-paragraph\">Les restrictions impos\u00e9es par Isra\u00ebl aux activit\u00e9s des ONG internationales compliquent encore davantage les op\u00e9rations humanitaires \u00e0 Gaza. Le Secr\u00e9taire g\u00e9n\u00e9ral de l&rsquo;ONU a exhort\u00e9 les autorit\u00e9s isra\u00e9liennes \u00e0 revenir sur leur d\u00e9cision d&rsquo;interdire les ONG internationales, rappelant leur r\u00f4le crucial dans les op\u00e9rations humanitaires.<\/p>\n\n\n\n<p class=\"wp-block-paragraph\"><\/p>\n\n\n\n<p class=\"has-medium-font-size wp-block-paragraph\">Le 2 mai 2026, Itamar Ben Gvir sourit devant une potence en sucre. Au m\u00eame moment, plus de 10 000 Palestiniens sont d\u00e9tenus dans les prisons isra\u00e9liennes, dont 500 enfants. Au m\u00eame moment, 1,6 million de Gazaouis vivent dans une ins\u00e9curit\u00e9 alimentaire aigu\u00eb. Au m\u00eame moment, les ruines de Gaza attendent 71 milliards de dollars de reconstruction.<\/p>\n\n\n\n<h2 class=\"wp-block-heading\" id=\"h-une-ideologie-d-etat-fanatique\">Une id\u00e9ologie d&rsquo;\u00c9tat fanatique<\/h2>\n\n\n\n<p class=\"has-medium-font-size wp-block-paragraph\">Le g\u00e2teau \u00e0 la potence est un symbole trop parfait pour \u00eatre accidentel. Il synth\u00e9tise en un objet comestible ce que deux ans de guerre ont produit : une id\u00e9ologie d&rsquo;\u00c9tat fanatique et g\u00e9nocidaire qui a transform\u00e9 l&rsquo;urgence s\u00e9curitaire n\u00e9e du 7 octobre en machine \u00e0 broyer une population civile, avec la paralysie embarrass\u00e9e d&rsquo;une grande partie de la communaut\u00e9 internationale totalement impuissante alors que le g\u00e9nocide d&rsquo;un peuple est en court depuis pr\u00e8s de trois ans, sous les yeux du monde entier.<\/p>\n\n\n\n<p class=\"has-medium-font-size wp-block-paragraph\">Ant\u00f3nio Guterres a d\u00e9clar\u00e9 : \u00ab Cela me brise le c\u0153ur de voir l&rsquo;ampleur persistante de la souffrance humaine \u00e0 Gaza. Les familles endurent l&rsquo;insupportable. \u00bb<\/p>\n\n\n\n<p class=\"has-medium-font-size wp-block-paragraph\">Les chiffres, eux, sont d\u00e9j\u00e0 l\u00e0. L&rsquo;histoire jugera. Et elle risque ne pas \u00eatre tendre avec les acteurs et les spectateurs passifs.<\/p>","protected":false},"excerpt":{"rendered":"<p>Dans une villa du sud d&rsquo;Isra\u00ebl, pr\u00e8s d&rsquo;Ashdod, une f\u00eate bat son plein. Hauts grad\u00e9s de la police en tenue, militants d&rsquo;extr\u00eame&hellip;<\/p>","protected":false},"author":31730,"featured_media":4249,"comment_status":"closed","ping_status":"closed","sticky":false,"template":"","format":"standard","meta":{"_lmt_disableupdate":"","_lmt_disable":"","footnotes":""},"categories":[610,5,4,612],"tags":[],"class_list":["post-4248","post","type-post","status-publish","format-standard","has-post-thumbnail","hentry","category-droit-international","category-international","category-mis-en-avant","category-monde-arabe"],"yoast_head":"<!-- This site is optimized with the Yoast SEO Premium plugin v28.1 (Yoast SEO v28.1) - https:\/\/yoast.com\/product\/yoast-seo-premium-wordpress\/ -->\n<title>Gaza - Anatomie d&#039;un probable g\u00e9nocide : du g\u00e2teau garni \u00e0 la potence aux charniers des prisons isra\u00e9liennes | Geopolitics.fr<\/title>\n<meta name=\"description\" content=\"Analyse document\u00e9e de l&#039;id\u00e9ologie fanatique port\u00e9e port\u00e9e par le ministre Ben Gvir et qui semble avoir gagn\u00e9 le gouvernement Netanyahou\" \/>\n<meta name=\"robots\" content=\"index, follow, max-snippet:-1, max-image-preview:large, max-video-preview:-1\" \/>\n<link rel=\"canonical\" href=\"https:\/\/www.geopolitics.fr\/en\/2026\/05\/11\/gaza-anatomie-dun-probable-genocide-du-gateau-garni-a-la-potence-aux-charniers-des-prisons-israeliennes\/\" \/>\n<meta property=\"og:locale\" content=\"en_GB\" \/>\n<meta property=\"og:type\" content=\"article\" \/>\n<meta property=\"og:title\" content=\"Gaza - Anatomie d&#039;un probable g\u00e9nocide : du g\u00e2teau garni \u00e0 la potence aux charniers des prisons isra\u00e9liennes\" \/>\n<meta property=\"og:description\" content=\"Analyse document\u00e9e de l&#039;id\u00e9ologie fanatique port\u00e9e port\u00e9e par le ministre Ben Gvir et qui semble avoir gagn\u00e9 le gouvernement Netanyahou\" \/>\n<meta property=\"og:url\" content=\"https:\/\/www.geopolitics.fr\/en\/2026\/05\/11\/gaza-anatomie-dun-probable-genocide-du-gateau-garni-a-la-potence-aux-charniers-des-prisons-israeliennes\/\" \/>\n<meta property=\"og:site_name\" content=\"Geopolitics.fr\" \/>\n<meta property=\"article:publisher\" content=\"https:\/\/www.facebook.com\/people\/Erwan-Davoux\/61557098968092\/\" \/>\n<meta property=\"article:published_time\" content=\"2026-05-11T11:06:27+00:00\" \/>\n<meta property=\"article:modified_time\" content=\"2026-05-11T18:30:42+00:00\" \/>\n<meta property=\"og:image\" content=\"https:\/\/www.geopolitics.fr\/wp-content\/uploads\/2026\/05\/ben-gvir-e1778497952250.jpg\" \/>\n\t<meta property=\"og:image:width\" content=\"400\" \/>\n\t<meta property=\"og:image:height\" content=\"307\" \/>\n\t<meta property=\"og:image:type\" content=\"image\/jpeg\" \/>\n<meta name=\"author\" content=\"Ghizlaine Badri\" \/>\n<meta name=\"twitter:card\" content=\"summary_large_image\" \/>\n<meta name=\"twitter:creator\" content=\"@Geopolitics_Fr\" \/>\n<meta name=\"twitter:site\" content=\"@Geopolitics_Fr\" \/>\n<meta name=\"twitter:label1\" content=\"Written by\" \/>\n\t<meta name=\"twitter:data1\" content=\"Ghizlaine Badri\" \/>\n\t<meta name=\"twitter:label2\" content=\"Estimated reading time\" \/>\n\t<meta name=\"twitter:data2\" content=\"16 minutes\" \/>\n<script type=\"application\/ld+json\" class=\"yoast-schema-graph\">{\"@context\":\"https:\\\/\\\/schema.org\",\"@graph\":[{\"@type\":\"Article\",\"@id\":\"https:\\\/\\\/www.geopolitics.fr\\\/2026\\\/05\\\/11\\\/gaza-anatomie-dun-probable-genocide-du-gateau-garni-a-la-potence-aux-charniers-des-prisons-israeliennes\\\/#article\",\"isPartOf\":{\"@id\":\"https:\\\/\\\/www.geopolitics.fr\\\/2026\\\/05\\\/11\\\/gaza-anatomie-dun-probable-genocide-du-gateau-garni-a-la-potence-aux-charniers-des-prisons-israeliennes\\\/\"},\"author\":{\"name\":\"Ghizlaine Badri\",\"@id\":\"https:\\\/\\\/www.geopolitics.fr\\\/#\\\/schema\\\/person\\\/c36b165f511617c65a2bf8f8abd9af41\"},\"headline\":\"Gaza &#8211; Anatomie d&rsquo;un probable g\u00e9nocide : du g\u00e2teau garni \u00e0 la potence aux charniers des prisons isra\u00e9liennes\",\"datePublished\":\"2026-05-11T11:06:27+00:00\",\"dateModified\":\"2026-05-11T18:30:42+00:00\",\"mainEntityOfPage\":{\"@id\":\"https:\\\/\\\/www.geopolitics.fr\\\/2026\\\/05\\\/11\\\/gaza-anatomie-dun-probable-genocide-du-gateau-garni-a-la-potence-aux-charniers-des-prisons-israeliennes\\\/\"},\"wordCount\":3480,\"publisher\":{\"@id\":\"https:\\\/\\\/www.geopolitics.fr\\\/#organization\"},\"image\":{\"@id\":\"https:\\\/\\\/www.geopolitics.fr\\\/2026\\\/05\\\/11\\\/gaza-anatomie-dun-probable-genocide-du-gateau-garni-a-la-potence-aux-charniers-des-prisons-israeliennes\\\/#primaryimage\"},\"thumbnailUrl\":\"https:\\\/\\\/www.geopolitics.fr\\\/wp-content\\\/uploads\\\/2026\\\/05\\\/ben-gvir-e1778497952250.jpg\",\"articleSection\":[\"Droit international, multilat\u00e9ral\",\"International\",\"Mis en AVANT\",\"Monde arabe\"],\"inLanguage\":\"en-GB\"},{\"@type\":\"WebPage\",\"@id\":\"https:\\\/\\\/www.geopolitics.fr\\\/2026\\\/05\\\/11\\\/gaza-anatomie-dun-probable-genocide-du-gateau-garni-a-la-potence-aux-charniers-des-prisons-israeliennes\\\/\",\"url\":\"https:\\\/\\\/www.geopolitics.fr\\\/2026\\\/05\\\/11\\\/gaza-anatomie-dun-probable-genocide-du-gateau-garni-a-la-potence-aux-charniers-des-prisons-israeliennes\\\/\",\"name\":\"Gaza - Anatomie d'un probable g\u00e9nocide : du g\u00e2teau garni \u00e0 la potence aux charniers des prisons isra\u00e9liennes | Geopolitics.fr\",\"isPartOf\":{\"@id\":\"https:\\\/\\\/www.geopolitics.fr\\\/#website\"},\"primaryImageOfPage\":{\"@id\":\"https:\\\/\\\/www.geopolitics.fr\\\/2026\\\/05\\\/11\\\/gaza-anatomie-dun-probable-genocide-du-gateau-garni-a-la-potence-aux-charniers-des-prisons-israeliennes\\\/#primaryimage\"},\"image\":{\"@id\":\"https:\\\/\\\/www.geopolitics.fr\\\/2026\\\/05\\\/11\\\/gaza-anatomie-dun-probable-genocide-du-gateau-garni-a-la-potence-aux-charniers-des-prisons-israeliennes\\\/#primaryimage\"},\"thumbnailUrl\":\"https:\\\/\\\/www.geopolitics.fr\\\/wp-content\\\/uploads\\\/2026\\\/05\\\/ben-gvir-e1778497952250.jpg\",\"datePublished\":\"2026-05-11T11:06:27+00:00\",\"dateModified\":\"2026-05-11T18:30:42+00:00\",\"description\":\"Analyse document\u00e9e de l'id\u00e9ologie fanatique port\u00e9e port\u00e9e par le ministre Ben Gvir et qui semble avoir gagn\u00e9 le gouvernement Netanyahou\",\"breadcrumb\":{\"@id\":\"https:\\\/\\\/www.geopolitics.fr\\\/2026\\\/05\\\/11\\\/gaza-anatomie-dun-probable-genocide-du-gateau-garni-a-la-potence-aux-charniers-des-prisons-israeliennes\\\/#breadcrumb\"},\"inLanguage\":\"en-GB\",\"potentialAction\":[{\"@type\":\"ReadAction\",\"target\":[\"https:\\\/\\\/www.geopolitics.fr\\\/2026\\\/05\\\/11\\\/gaza-anatomie-dun-probable-genocide-du-gateau-garni-a-la-potence-aux-charniers-des-prisons-israeliennes\\\/\"]}]},{\"@type\":\"ImageObject\",\"inLanguage\":\"en-GB\",\"@id\":\"https:\\\/\\\/www.geopolitics.fr\\\/2026\\\/05\\\/11\\\/gaza-anatomie-dun-probable-genocide-du-gateau-garni-a-la-potence-aux-charniers-des-prisons-israeliennes\\\/#primaryimage\",\"url\":\"https:\\\/\\\/www.geopolitics.fr\\\/wp-content\\\/uploads\\\/2026\\\/05\\\/ben-gvir-e1778497952250.jpg\",\"contentUrl\":\"https:\\\/\\\/www.geopolitics.fr\\\/wp-content\\\/uploads\\\/2026\\\/05\\\/ben-gvir-e1778497952250.jpg\",\"width\":400,\"height\":307},{\"@type\":\"BreadcrumbList\",\"@id\":\"https:\\\/\\\/www.geopolitics.fr\\\/2026\\\/05\\\/11\\\/gaza-anatomie-dun-probable-genocide-du-gateau-garni-a-la-potence-aux-charniers-des-prisons-israeliennes\\\/#breadcrumb\",\"itemListElement\":[{\"@type\":\"ListItem\",\"position\":1,\"name\":\"Accueil\",\"item\":\"https:\\\/\\\/www.geopolitics.fr\\\/\"},{\"@type\":\"ListItem\",\"position\":2,\"name\":\"Gaza &#8211; Anatomie d&rsquo;un probable g\u00e9nocide : du g\u00e2teau garni \u00e0 la potence aux charniers des prisons isra\u00e9liennes\"}]},{\"@type\":\"WebSite\",\"@id\":\"https:\\\/\\\/www.geopolitics.fr\\\/#website\",\"url\":\"https:\\\/\\\/www.geopolitics.fr\\\/\",\"name\":\"Geopolitics.fr\",\"description\":\"Geopolitics.fr Analyse politique, relations internationales, d\u00e9fense - ligne \u00e9ditoriale gaullo-chiraquienne\",\"publisher\":{\"@id\":\"https:\\\/\\\/www.geopolitics.fr\\\/#organization\"},\"potentialAction\":[{\"@type\":\"SearchAction\",\"target\":{\"@type\":\"EntryPoint\",\"urlTemplate\":\"https:\\\/\\\/www.geopolitics.fr\\\/?s={search_term_string}\"},\"query-input\":{\"@type\":\"PropertyValueSpecification\",\"valueRequired\":true,\"valueName\":\"search_term_string\"}}],\"inLanguage\":\"en-GB\"},{\"@type\":\"Organization\",\"@id\":\"https:\\\/\\\/www.geopolitics.fr\\\/#organization\",\"name\":\"Geopolitics.fr\",\"url\":\"https:\\\/\\\/www.geopolitics.fr\\\/\",\"logo\":{\"@type\":\"ImageObject\",\"inLanguage\":\"en-GB\",\"@id\":\"https:\\\/\\\/www.geopolitics.fr\\\/#\\\/schema\\\/logo\\\/image\\\/\",\"url\":\"https:\\\/\\\/www.geopolitics.fr\\\/wp-content\\\/uploads\\\/2024\\\/01\\\/logo.jpg\",\"contentUrl\":\"https:\\\/\\\/www.geopolitics.fr\\\/wp-content\\\/uploads\\\/2024\\\/01\\\/logo.jpg\",\"width\":500,\"height\":500,\"caption\":\"Geopolitics.fr\"},\"image\":{\"@id\":\"https:\\\/\\\/www.geopolitics.fr\\\/#\\\/schema\\\/logo\\\/image\\\/\"},\"sameAs\":[\"https:\\\/\\\/www.facebook.com\\\/people\\\/Erwan-Davoux\\\/61557098968092\\\/\",\"https:\\\/\\\/x.com\\\/Geopolitics_Fr\"]},{\"@type\":\"Person\",\"@id\":\"https:\\\/\\\/www.geopolitics.fr\\\/#\\\/schema\\\/person\\\/c36b165f511617c65a2bf8f8abd9af41\",\"name\":\"Ghizlaine Badri\",\"image\":{\"@type\":\"ImageObject\",\"inLanguage\":\"en-GB\",\"@id\":\"https:\\\/\\\/www.geopolitics.fr\\\/wp-content\\\/uploads\\\/2026\\\/04\\\/cropped-Ghizlaine-96x96.jpg\",\"url\":\"https:\\\/\\\/www.geopolitics.fr\\\/wp-content\\\/uploads\\\/2026\\\/04\\\/cropped-Ghizlaine-96x96.jpg\",\"contentUrl\":\"https:\\\/\\\/www.geopolitics.fr\\\/wp-content\\\/uploads\\\/2026\\\/04\\\/cropped-Ghizlaine-96x96.jpg\",\"caption\":\"Ghizlaine Badri\"},\"description\":\"R\u00e9dactrice en chef de Geopolitics.fr, Ghizlaine Badri est une Journaliste politique forte de vingt-cing ans d'exp\u00e9rience professionnelle dont quinze ans dans la Presse. Elle a construit un parcours \u00e0 l'intersection des sc\u00e8nes fran\u00e7aise, europ\u00e9enne et internationale. Ghizlaine a collabor\u00e9 avec pr\u00e8s d'une vingtaine de m\u00e9dias, parmi lesquels Le Point, Le Figaro, Les \u00c9chos, L'Express et Forbes. Correspondante Maroc\u2013Maghreb pour Le Point et correspondante Afrique pour Forbes, elle s'est distingu\u00e9e par une couverture approfondie des dynamiques politiques et diplomatiques entre l'Europe et le continent africain. Elle est \u00e0 ce jour la seule journaliste marocaine en activit\u00e9 \u00e0 avoir collabor\u00e9 avec des titres majeurs de la presse fran\u00e7aise hors sph\u00e8re panafricaine en France. Au sein du quotidien \u00e9conomique L'\u00c9conomiste, 1er quotidien au Maroc, elle a fond\u00e9 la rubrique France\u2013Maroc, contribuant \u00e0 structurer un espace \u00e9ditorial in\u00e9dit. Titulaire de trois masters obtenus en France, elle a travaill\u00e9 dans les domaines de la communication institutionnelle notamment \u00e0 la Mairie de Bordeaux aupr\u00e8s d'Alain Jupp\u00e9 et a \u00e9galement exerc\u00e9 des fonctions de direction en communication marketing, notamment aupr\u00e8s de l'Ambassade de France au Maroc. Polyglotte, elle est franco-italo-marocaine, n\u00e9e \u00e0 Casablanca, a v\u00e9cu \u00e0 New-York et maitrise cinq langues le fran\u00e7ais, l'arabe, l'anglais, l'italien et l'espagnol.\",\"url\":\"https:\\\/\\\/www.geopolitics.fr\\\/en\\\/author\\\/ghizlaine-badri\\\/\"}]}<\/script>\n<!-- \/ Yoast SEO Premium plugin. -->","yoast_head_json":{"title":"Gaza - Anatomie d'un probable g\u00e9nocide : du g\u00e2teau garni \u00e0 la potence aux charniers des prisons isra\u00e9liennes | Geopolitics.fr","description":"Analyse document\u00e9e de l'id\u00e9ologie fanatique port\u00e9e port\u00e9e par le ministre Ben Gvir et qui semble avoir gagn\u00e9 le gouvernement Netanyahou","robots":{"index":"index","follow":"follow","max-snippet":"max-snippet:-1","max-image-preview":"max-image-preview:large","max-video-preview":"max-video-preview:-1"},"canonical":"https:\/\/www.geopolitics.fr\/en\/2026\/05\/11\/gaza-anatomie-dun-probable-genocide-du-gateau-garni-a-la-potence-aux-charniers-des-prisons-israeliennes\/","og_locale":"en_GB","og_type":"article","og_title":"Gaza - Anatomie d'un probable g\u00e9nocide : du g\u00e2teau garni \u00e0 la potence aux charniers des prisons isra\u00e9liennes","og_description":"Analyse document\u00e9e de l'id\u00e9ologie fanatique port\u00e9e port\u00e9e par le ministre Ben Gvir et qui semble avoir gagn\u00e9 le gouvernement Netanyahou","og_url":"https:\/\/www.geopolitics.fr\/en\/2026\/05\/11\/gaza-anatomie-dun-probable-genocide-du-gateau-garni-a-la-potence-aux-charniers-des-prisons-israeliennes\/","og_site_name":"Geopolitics.fr","article_publisher":"https:\/\/www.facebook.com\/people\/Erwan-Davoux\/61557098968092\/","article_published_time":"2026-05-11T11:06:27+00:00","article_modified_time":"2026-05-11T18:30:42+00:00","og_image":[{"width":400,"height":307,"url":"https:\/\/www.geopolitics.fr\/wp-content\/uploads\/2026\/05\/ben-gvir-e1778497952250.jpg","type":"image\/jpeg"}],"author":"Ghizlaine Badri","twitter_card":"summary_large_image","twitter_creator":"@Geopolitics_Fr","twitter_site":"@Geopolitics_Fr","twitter_misc":{"Written by":"Ghizlaine Badri","Estimated reading time":"16 minutes"},"schema":{"@context":"https:\/\/schema.org","@graph":[{"@type":"Article","@id":"https:\/\/www.geopolitics.fr\/2026\/05\/11\/gaza-anatomie-dun-probable-genocide-du-gateau-garni-a-la-potence-aux-charniers-des-prisons-israeliennes\/#article","isPartOf":{"@id":"https:\/\/www.geopolitics.fr\/2026\/05\/11\/gaza-anatomie-dun-probable-genocide-du-gateau-garni-a-la-potence-aux-charniers-des-prisons-israeliennes\/"},"author":{"name":"Ghizlaine Badri","@id":"https:\/\/www.geopolitics.fr\/#\/schema\/person\/c36b165f511617c65a2bf8f8abd9af41"},"headline":"Gaza &#8211; Anatomie d&rsquo;un probable g\u00e9nocide : du g\u00e2teau garni \u00e0 la potence aux charniers des prisons isra\u00e9liennes","datePublished":"2026-05-11T11:06:27+00:00","dateModified":"2026-05-11T18:30:42+00:00","mainEntityOfPage":{"@id":"https:\/\/www.geopolitics.fr\/2026\/05\/11\/gaza-anatomie-dun-probable-genocide-du-gateau-garni-a-la-potence-aux-charniers-des-prisons-israeliennes\/"},"wordCount":3480,"publisher":{"@id":"https:\/\/www.geopolitics.fr\/#organization"},"image":{"@id":"https:\/\/www.geopolitics.fr\/2026\/05\/11\/gaza-anatomie-dun-probable-genocide-du-gateau-garni-a-la-potence-aux-charniers-des-prisons-israeliennes\/#primaryimage"},"thumbnailUrl":"https:\/\/www.geopolitics.fr\/wp-content\/uploads\/2026\/05\/ben-gvir-e1778497952250.jpg","articleSection":["Droit international, multilat\u00e9ral","International","Mis en AVANT","Monde arabe"],"inLanguage":"en-GB"},{"@type":"WebPage","@id":"https:\/\/www.geopolitics.fr\/2026\/05\/11\/gaza-anatomie-dun-probable-genocide-du-gateau-garni-a-la-potence-aux-charniers-des-prisons-israeliennes\/","url":"https:\/\/www.geopolitics.fr\/2026\/05\/11\/gaza-anatomie-dun-probable-genocide-du-gateau-garni-a-la-potence-aux-charniers-des-prisons-israeliennes\/","name":"Gaza - Anatomie d'un probable g\u00e9nocide : du g\u00e2teau garni \u00e0 la potence aux charniers des prisons isra\u00e9liennes | Geopolitics.fr","isPartOf":{"@id":"https:\/\/www.geopolitics.fr\/#website"},"primaryImageOfPage":{"@id":"https:\/\/www.geopolitics.fr\/2026\/05\/11\/gaza-anatomie-dun-probable-genocide-du-gateau-garni-a-la-potence-aux-charniers-des-prisons-israeliennes\/#primaryimage"},"image":{"@id":"https:\/\/www.geopolitics.fr\/2026\/05\/11\/gaza-anatomie-dun-probable-genocide-du-gateau-garni-a-la-potence-aux-charniers-des-prisons-israeliennes\/#primaryimage"},"thumbnailUrl":"https:\/\/www.geopolitics.fr\/wp-content\/uploads\/2026\/05\/ben-gvir-e1778497952250.jpg","datePublished":"2026-05-11T11:06:27+00:00","dateModified":"2026-05-11T18:30:42+00:00","description":"Analyse document\u00e9e de l'id\u00e9ologie fanatique port\u00e9e port\u00e9e par le ministre Ben Gvir et qui semble avoir gagn\u00e9 le gouvernement Netanyahou","breadcrumb":{"@id":"https:\/\/www.geopolitics.fr\/2026\/05\/11\/gaza-anatomie-dun-probable-genocide-du-gateau-garni-a-la-potence-aux-charniers-des-prisons-israeliennes\/#breadcrumb"},"inLanguage":"en-GB","potentialAction":[{"@type":"ReadAction","target":["https:\/\/www.geopolitics.fr\/2026\/05\/11\/gaza-anatomie-dun-probable-genocide-du-gateau-garni-a-la-potence-aux-charniers-des-prisons-israeliennes\/"]}]},{"@type":"ImageObject","inLanguage":"en-GB","@id":"https:\/\/www.geopolitics.fr\/2026\/05\/11\/gaza-anatomie-dun-probable-genocide-du-gateau-garni-a-la-potence-aux-charniers-des-prisons-israeliennes\/#primaryimage","url":"https:\/\/www.geopolitics.fr\/wp-content\/uploads\/2026\/05\/ben-gvir-e1778497952250.jpg","contentUrl":"https:\/\/www.geopolitics.fr\/wp-content\/uploads\/2026\/05\/ben-gvir-e1778497952250.jpg","width":400,"height":307},{"@type":"BreadcrumbList","@id":"https:\/\/www.geopolitics.fr\/2026\/05\/11\/gaza-anatomie-dun-probable-genocide-du-gateau-garni-a-la-potence-aux-charniers-des-prisons-israeliennes\/#breadcrumb","itemListElement":[{"@type":"ListItem","position":1,"name":"Accueil","item":"https:\/\/www.geopolitics.fr\/"},{"@type":"ListItem","position":2,"name":"Gaza &#8211; Anatomie d&rsquo;un probable g\u00e9nocide : du g\u00e2teau garni \u00e0 la potence aux charniers des prisons isra\u00e9liennes"}]},{"@type":"WebSite","@id":"https:\/\/www.geopolitics.fr\/#website","url":"https:\/\/www.geopolitics.fr\/","name":"Geopolitics.fr","description":"Geopolitics.fr Analyse politique, relations internationales, d\u00e9fense - ligne \u00e9ditoriale gaullo-chiraquienne","publisher":{"@id":"https:\/\/www.geopolitics.fr\/#organization"},"potentialAction":[{"@type":"SearchAction","target":{"@type":"EntryPoint","urlTemplate":"https:\/\/www.geopolitics.fr\/?s={search_term_string}"},"query-input":{"@type":"PropertyValueSpecification","valueRequired":true,"valueName":"search_term_string"}}],"inLanguage":"en-GB"},{"@type":"Organization","@id":"https:\/\/www.geopolitics.fr\/#organization","name":"Geopolitics.fr","url":"https:\/\/www.geopolitics.fr\/","logo":{"@type":"ImageObject","inLanguage":"en-GB","@id":"https:\/\/www.geopolitics.fr\/#\/schema\/logo\/image\/","url":"https:\/\/www.geopolitics.fr\/wp-content\/uploads\/2024\/01\/logo.jpg","contentUrl":"https:\/\/www.geopolitics.fr\/wp-content\/uploads\/2024\/01\/logo.jpg","width":500,"height":500,"caption":"Geopolitics.fr"},"image":{"@id":"https:\/\/www.geopolitics.fr\/#\/schema\/logo\/image\/"},"sameAs":["https:\/\/www.facebook.com\/people\/Erwan-Davoux\/61557098968092\/","https:\/\/x.com\/Geopolitics_Fr"]},{"@type":"Person","@id":"https:\/\/www.geopolitics.fr\/#\/schema\/person\/c36b165f511617c65a2bf8f8abd9af41","name":"Ghizlaine Badri","image":{"@type":"ImageObject","inLanguage":"en-GB","@id":"https:\/\/www.geopolitics.fr\/wp-content\/uploads\/2026\/04\/cropped-Ghizlaine-96x96.jpg","url":"https:\/\/www.geopolitics.fr\/wp-content\/uploads\/2026\/04\/cropped-Ghizlaine-96x96.jpg","contentUrl":"https:\/\/www.geopolitics.fr\/wp-content\/uploads\/2026\/04\/cropped-Ghizlaine-96x96.jpg","caption":"Ghizlaine Badri"},"description":"R\u00e9dactrice en chef de Geopolitics.fr, Ghizlaine Badri est une Journaliste politique forte de vingt-cing ans d'exp\u00e9rience professionnelle dont quinze ans dans la Presse. Elle a construit un parcours \u00e0 l'intersection des sc\u00e8nes fran\u00e7aise, europ\u00e9enne et internationale. Ghizlaine a collabor\u00e9 avec pr\u00e8s d'une vingtaine de m\u00e9dias, parmi lesquels Le Point, Le Figaro, Les \u00c9chos, L'Express et Forbes. Correspondante Maroc\u2013Maghreb pour Le Point et correspondante Afrique pour Forbes, elle s'est distingu\u00e9e par une couverture approfondie des dynamiques politiques et diplomatiques entre l'Europe et le continent africain. Elle est \u00e0 ce jour la seule journaliste marocaine en activit\u00e9 \u00e0 avoir collabor\u00e9 avec des titres majeurs de la presse fran\u00e7aise hors sph\u00e8re panafricaine en France. Au sein du quotidien \u00e9conomique L'\u00c9conomiste, 1er quotidien au Maroc, elle a fond\u00e9 la rubrique France\u2013Maroc, contribuant \u00e0 structurer un espace \u00e9ditorial in\u00e9dit. Titulaire de trois masters obtenus en France, elle a travaill\u00e9 dans les domaines de la communication institutionnelle notamment \u00e0 la Mairie de Bordeaux aupr\u00e8s d'Alain Jupp\u00e9 et a \u00e9galement exerc\u00e9 des fonctions de direction en communication marketing, notamment aupr\u00e8s de l'Ambassade de France au Maroc. Polyglotte, elle est franco-italo-marocaine, n\u00e9e \u00e0 Casablanca, a v\u00e9cu \u00e0 New-York et maitrise cinq langues le fran\u00e7ais, l'arabe, l'anglais, l'italien et l'espagnol.","url":"https:\/\/www.geopolitics.fr\/en\/author\/ghizlaine-badri\/"}]}},"_links":{"self":[{"href":"https:\/\/www.geopolitics.fr\/en\/wp-json\/wp\/v2\/posts\/4248","targetHints":{"allow":["GET"]}}],"collection":[{"href":"https:\/\/www.geopolitics.fr\/en\/wp-json\/wp\/v2\/posts"}],"about":[{"href":"https:\/\/www.geopolitics.fr\/en\/wp-json\/wp\/v2\/types\/post"}],"author":[{"embeddable":true,"href":"https:\/\/www.geopolitics.fr\/en\/wp-json\/wp\/v2\/users\/31730"}],"replies":[{"embeddable":true,"href":"https:\/\/www.geopolitics.fr\/en\/wp-json\/wp\/v2\/comments?post=4248"}],"version-history":[{"count":0,"href":"https:\/\/www.geopolitics.fr\/en\/wp-json\/wp\/v2\/posts\/4248\/revisions"}],"wp:featuredmedia":[{"embeddable":true,"href":"https:\/\/www.geopolitics.fr\/en\/wp-json\/wp\/v2\/media\/4249"}],"wp:attachment":[{"href":"https:\/\/www.geopolitics.fr\/en\/wp-json\/wp\/v2\/media?parent=4248"}],"wp:term":[{"taxonomy":"category","embeddable":true,"href":"https:\/\/www.geopolitics.fr\/en\/wp-json\/wp\/v2\/categories?post=4248"},{"taxonomy":"post_tag","embeddable":true,"href":"https:\/\/www.geopolitics.fr\/en\/wp-json\/wp\/v2\/tags?post=4248"}],"curies":[{"name":"wp","href":"https:\/\/api.w.org\/{rel}","templated":true}]}}