{"id":4207,"date":"2026-05-08T18:57:58","date_gmt":"2026-05-08T16:57:58","guid":{"rendered":"https:\/\/www.geopolitics.fr\/?p=4207"},"modified":"2026-05-08T18:58:00","modified_gmt":"2026-05-08T16:58:00","slug":"renaissance-un-parti-au-service-de-gabriel-attal","status":"publish","type":"post","link":"https:\/\/www.geopolitics.fr\/en\/2026\/05\/08\/renaissance-un-parti-au-service-de-gabriel-attal\/","title":{"rendered":"Renaissance : un parti au service de Gabriel Attal ?"},"content":{"rendered":"<p class=\"has-medium-font-size wp-block-paragraph\">Cette mainmise sur l&rsquo;appareil macroniste est-elle au service d&rsquo;un projet collectif, ou d&rsquo;une ambition personnelle pour 2027 ?\u00a0<\/p>\n\n\n\n<p class=\"has-medium-font-size wp-block-paragraph\">Il est des configurations politiques qui, sous des dehors anodins, r\u00e9v\u00e8lent les transformations profondes d&rsquo;un syst\u00e8me partisan. Le cas de Renaissance illustre avec une nettet\u00e9 presque p\u00e9dagogique un ph\u00e9nom\u00e8ne r\u00e9current dans la Ve R\u00e9publique : la conversion d&rsquo;une formation politique en instrument au service d&rsquo;une candidature individuelle.<\/p>\n\n\n\n<h2 class=\"wp-block-heading\" id=\"h-la-mecanique-de-la-captation\">La m\u00e9canique de la captation<\/h2>\n\n\n\n<p class=\"has-medium-font-size wp-block-paragraph\">Gabriel Attal, \u00e9lu secr\u00e9taire g\u00e9n\u00e9ral du parti en d\u00e9cembre 2024 avec 94,9 % des voix, score qui en dit long sur l&rsquo;\u00e9tat r\u00e9el du d\u00e9bat interne, cumule cette fonction avec la pr\u00e9sidence du groupe Ensemble pour la R\u00e9publique \u00e0 l&rsquo;Assembl\u00e9e nationale. Cette double emprise sur l&rsquo;appareil et sur le groupe parlementaire constitue, dans la grammaire de la politique fran\u00e7aise, un point de contr\u00f4le rarement atteint aussi rapidement, et sans opposition organis\u00e9e.<\/p>\n\n\n\n<p class=\"has-medium-font-size wp-block-paragraph\">La feuille de route qu&rsquo;Attal a fix\u00e9e \u00e0 l&rsquo;appareil est d&rsquo;une transparence d\u00e9sarmante. Une premi\u00e8re phase de \u00ab\u2009professionnalisation\u2009\u00bb en 2025, suivie d&rsquo;une \u00ab\u2009acc\u00e9l\u00e9ration\u2009\u00bb en 2026. Elle est articul\u00e9e autour de trois mots d&rsquo;ordre : rupture, espoir, rassemblement emprunts directs au vocabulaire des grandes s\u00e9quences pr\u00e9sidentielles fran\u00e7aises depuis 1981. Le calendrier \u00e9pouse exactement le cycle d&rsquo;une candidature en pr\u00e9paration, sans que le mot soit encore prononc\u00e9.<\/p>\n\n\n\n<p class=\"has-medium-font-size wp-block-paragraph\">Attal a publi\u00e9 le 23 avril 2026 un livre, En homme libre, dont le titre seul constitue une prise de distance symbolique avec la tutelle macroniste. Il y qualifie la dissolution de l&rsquo;Assembl\u00e9e nationale de 2024 de l&rsquo;une des d\u00e9cisions les plus n\u00e9fastes de la Ve R\u00e9publique, ce qui revient, dans l&rsquo;\u00e9conomie des fid\u00e9lit\u00e9s politiques fran\u00e7aises, \u00e0 br\u00fbler publiquement ce que l&rsquo;on adorait. Un grand rassemblement est pr\u00e9vu \u00e0 Paris le 30 mai.<\/p>\n\n\n\n<h2 class=\"wp-block-heading\" id=\"h-la-minorite-organisee-et-ses-limites\">La minorit\u00e9 organis\u00e9e et ses limites<\/h2>\n\n\n\n<p class=\"has-medium-font-size wp-block-paragraph\">La r\u00e9action la plus significative est venue d&rsquo;\u00c9lisabeth Borne. L&rsquo;ancienne Premi\u00e8re ministre a formul\u00e9 un diagnostic sans ambigu\u00eft\u00e9, repris dans tous les couloirs de la rue du Rocher : \u00ab\u2009Renaissance, ce n&rsquo;est pas un parti, c&rsquo;est l&rsquo;agence de com de Gabriel Attal.\u2009\u00bb<\/p>\n\n\n\n<p class=\"has-medium-font-size wp-block-paragraph\">Le 6 mai 2026, elle annon\u00e7ait son retrait de la direction du parti, tout en conservant son adh\u00e9sion, geste qui pr\u00e9serve une capacit\u00e9 de nuisance future sans rompre les ponts. Cette d\u00e9fiance n&rsquo;est pas isol\u00e9e. D\u00e8s septembre 2025, lors du meeting d&rsquo;Arras, plusieurs figures notables avaient choisi de s\u00e9cher le discours de cl\u00f4ture d&rsquo;Attal. On ne combat pas frontalement, on s&rsquo;absente : c&rsquo;est le langage des appareils o\u00f9 la contestation explicite est trop co\u00fbteuse pour \u00eatre articul\u00e9e ouvertement.<\/p>\n\n\n\n<p class=\"has-medium-font-size wp-block-paragraph\">Le 4 mai 2026, une consultation interne r\u00e9v\u00e8le que 70 % des militants approuvent la d\u00e9signation d&rsquo;Attal comme candidat pr\u00e9sidentiel par le conseil national. Le bureau ex\u00e9cutif a suivi : soixante voix pour, trois abstentions, z\u00e9ro opposition d\u00e9clar\u00e9e. Une unanimit\u00e9 de fa\u00e7ade qui dissimule, sans la r\u00e9soudre, la fracture entre une direction mobilis\u00e9e autour d&rsquo;un destin individuel et une minorit\u00e9 qui refuse de s&rsquo;y identifier. Le conseil national doit se r\u00e9unir le 12 mai pour trancher.<\/p>\n\n\n\n<h2 class=\"wp-block-heading\" id=\"h-l-inflexion-ideologique-comme-strategie-de-differenciation\">L&rsquo;inflexion id\u00e9ologique comme strat\u00e9gie de diff\u00e9renciation<\/h2>\n\n\n\n<p class=\"has-medium-font-size wp-block-paragraph\">Pour occuper un espace propre dans un paysage centriste encombr\u00e9, Attal a fait le choix d&rsquo;une droitisation assum\u00e9e. Renaissance travaille d\u00e9sormais sur des sujets soci\u00e9taux clivants : la l\u00e9galisation d&rsquo;une GPA dite \u00e9thique est pr\u00e9sent\u00e9e comme une conviction personnelle forte du secr\u00e9taire g\u00e9n\u00e9ral ; l&rsquo;interdiction du voile pour les mineures de moins de quinze ans s&rsquo;inscrit dans une ligne r\u00e9galienne durcie. Ces orientations accentuent les fractures internes, mais remplissent une fonction pr\u00e9cise : distinguer Attal d&rsquo;\u00c9douard Philippe, son principal concurrent dans les sondages.<\/p>\n\n\n\n<p class=\"has-medium-font-size wp-block-paragraph\">Cette \u00e9volution n&rsquo;est pas enti\u00e8rement nouvelle. Des analyses produites d\u00e8s 2021 relevaient un glissement perceptible du parti macroniste vers le centre-droit. Ce que la direction Attal op\u00e8re, c&rsquo;est la transformation d&rsquo;une d\u00e9rive tacite en ligne revendiqu\u00e9e, passage du subi \u00e0 l&rsquo;assum\u00e9 qui t\u00e9moigne d&rsquo;une strat\u00e9gie coh\u00e9rente, quelles qu&rsquo;en soient les contradictions internes.<\/p>\n\n\n\n<p class=\"has-medium-font-size wp-block-paragraph\">L&rsquo;histoire longue de la politique fran\u00e7aise est jalonn\u00e9e de formations constitu\u00e9es autour d&rsquo;un homme, et qui se sont \u00e9tiol\u00e9es avec lui. Chaque fois, le parti fonctionne d&rsquo;abord comme une organisation de campagne, avant de chercher, parfois trop tard, une existence collective. Renaissance ne fait pas exception \u00e0 cette logique ; elle l&rsquo;illustre simplement avec une efficacit\u00e9 et une vitesse in\u00e9dites.<\/p>\n\n\n\n<p class=\"has-medium-font-size wp-block-paragraph\">Ce qui singularise la s\u00e9quence actuelle, c&rsquo;est la rapidit\u00e9 de la captation. En moins de dix-huit mois, Attal a unifi\u00e9 entre ses mains la direction du parti et la pr\u00e9sidence du groupe parlementaire, sans rencontrer d&rsquo;opposition structur\u00e9e. Les raisons en sont multiples : le traumatisme de la dissolution de 2024, la d\u00e9sorientation des cadres face \u00e0 un macronisme sans Macron, et le vide laiss\u00e9 par un chef de l&rsquo;\u00c9tat en fin de mandat qui ne peut plus arbitrer les conflits internes.<\/p>\n\n\n\n<h2 class=\"wp-block-heading\" id=\"h-vers-2027-atout-ou-fragilite\">Vers 2027 : atout ou fragilit\u00e9 ?<\/h2>\n\n\n\n<p class=\"has-medium-font-size wp-block-paragraph\">La question qui demeure est de savoir si cette personnalisation acc\u00e9l\u00e9r\u00e9e constitue un avantage comp\u00e9titif ou une vuln\u00e9rabilit\u00e9 structurelle pour l&rsquo;\u00e9ch\u00e9ance de 2027. Les pr\u00e9c\u00e9dents sont ambivalents. Une machine bien huil\u00e9e autour d&rsquo;un candidat peut \u00eatre redoutablement efficace \u2014 \u00e0 condition que le candidat lui-m\u00eame soit capable de d\u00e9passer son propre appareil pour parler \u00e0 l&rsquo;ensemble du pays.<\/p>\n\n\n\n<p class=\"has-medium-font-size wp-block-paragraph\">Or le paysage que devra traverser Attal est autrement plus complexe que celui de 2017. Marine Le Pen dispose d&rsquo;un \u00e9lectorat consolid\u00e9. \u00c9douard Philippe, depuis Le Havre, construit patiemment une alternative centriste \u00e0 l&rsquo;abri des turbulences parisiennes. Une gauche en voie de recomposition pr\u00e9pare elle aussi sa candidature. Dans ce contexte, la captation d&rsquo;un appareil partisan, m\u00eame aussi efficacement men\u00e9e ne suffit pas \u00e0 construire une dynamique \u00e9lectorale. Elle en est la condition n\u00e9cessaire, non suffisante.<\/p>\n\n\n\n<p class=\"has-medium-font-size wp-block-paragraph\">Renaissance ressemble aujourd&rsquo;hui moins \u00e0 un parti politique au sens classique du terme qu&rsquo;\u00e0 une infrastructure de campagne en attente de son signal de d\u00e9part officiel. Il restera \u00e0 d\u00e9montrer qu&rsquo;une organisation con\u00e7ue pour servir une ambition est capable, le moment venu, de servir un projet.<\/p>\n\n\n\n<p class=\"has-medium-font-size wp-block-paragraph\">Les partis politiques, \u00e9crivait Max Weber, sont des \u00ab\u2009enfants de la d\u00e9mocratie de masse\u2009\u00bb. Ils en portent aussi, parfois, les pathologies : celle de la personnalisation, qui dissout le collectif dans le destin d&rsquo;un seul, est sans doute la plus ancienne et la plus tenace.<\/p>\n\n\n\n<p class=\"wp-block-paragraph\"><\/p>","protected":false},"excerpt":{"rendered":"<p>Cette mainmise sur l&rsquo;appareil macroniste est-elle au service d&rsquo;un projet collectif, ou d&rsquo;une ambition personnelle pour 2027 ?\u00a0 Il est des configurations&hellip;<\/p>","protected":false},"author":31730,"featured_media":4208,"comment_status":"closed","ping_status":"closed","sticky":false,"template":"","format":"standard","meta":{"_lmt_disableupdate":"","_lmt_disable":"","footnotes":""},"categories":[619,605,617],"tags":[674,139,146],"class_list":["post-4207","post","type-post","status-publish","format-standard","has-post-thumbnail","hentry","category-elections","category-france","category-politique-france","tag-g-attal","tag-politique","tag-renaissance"],"yoast_head":"<!-- This site is optimized with the Yoast SEO Premium plugin v28.1 (Yoast SEO v28.1) - https:\/\/yoast.com\/product\/yoast-seo-premium-wordpress\/ -->\n<title>Renaissance : un parti au service de Gabriel Attal ? | Geopolitics.fr<\/title>\n<meta name=\"description\" content=\"Renaissance est-elle un parti politique politique ou une simple structure servant ls int\u00e9r\u00eats \u00e9lectoraux de G. Attal ?\" \/>\n<meta name=\"robots\" content=\"index, follow, max-snippet:-1, max-image-preview:large, max-video-preview:-1\" \/>\n<link rel=\"canonical\" href=\"https:\/\/www.geopolitics.fr\/en\/2026\/05\/08\/renaissance-un-parti-au-service-de-gabriel-attal\/\" \/>\n<meta property=\"og:locale\" content=\"en_GB\" \/>\n<meta property=\"og:type\" content=\"article\" \/>\n<meta property=\"og:title\" content=\"Renaissance : un parti au service de Gabriel Attal ?\" \/>\n<meta property=\"og:description\" content=\"Renaissance est-elle un parti politique politique ou une simple structure servant ls int\u00e9r\u00eats \u00e9lectoraux de G. Attal ?\" \/>\n<meta property=\"og:url\" content=\"https:\/\/www.geopolitics.fr\/en\/2026\/05\/08\/renaissance-un-parti-au-service-de-gabriel-attal\/\" \/>\n<meta property=\"og:site_name\" content=\"Geopolitics.fr\" \/>\n<meta property=\"article:publisher\" content=\"https:\/\/www.facebook.com\/people\/Erwan-Davoux\/61557098968092\/\" \/>\n<meta property=\"article:published_time\" content=\"2026-05-08T16:57:58+00:00\" \/>\n<meta property=\"article:modified_time\" content=\"2026-05-08T16:58:00+00:00\" \/>\n<meta property=\"og:image\" content=\"https:\/\/www.geopolitics.fr\/wp-content\/uploads\/2026\/05\/atta-seul.jpg\" \/>\n\t<meta property=\"og:image:width\" content=\"1920\" \/>\n\t<meta property=\"og:image:height\" content=\"1354\" \/>\n\t<meta property=\"og:image:type\" content=\"image\/jpeg\" \/>\n<meta name=\"author\" content=\"Ghizlaine Badri\" \/>\n<meta name=\"twitter:card\" content=\"summary_large_image\" \/>\n<meta name=\"twitter:creator\" content=\"@Geopolitics_Fr\" \/>\n<meta name=\"twitter:site\" content=\"@Geopolitics_Fr\" \/>\n<meta name=\"twitter:label1\" content=\"Written by\" \/>\n\t<meta name=\"twitter:data1\" content=\"Ghizlaine Badri\" \/>\n\t<meta name=\"twitter:label2\" content=\"Estimated reading time\" \/>\n\t<meta name=\"twitter:data2\" content=\"6 minutes\" \/>\n<script type=\"application\/ld+json\" class=\"yoast-schema-graph\">{\"@context\":\"https:\\\/\\\/schema.org\",\"@graph\":[{\"@type\":\"Article\",\"@id\":\"https:\\\/\\\/www.geopolitics.fr\\\/2026\\\/05\\\/08\\\/renaissance-un-parti-au-service-de-gabriel-attal\\\/#article\",\"isPartOf\":{\"@id\":\"https:\\\/\\\/www.geopolitics.fr\\\/2026\\\/05\\\/08\\\/renaissance-un-parti-au-service-de-gabriel-attal\\\/\"},\"author\":{\"name\":\"Ghizlaine Badri\",\"@id\":\"https:\\\/\\\/www.geopolitics.fr\\\/#\\\/schema\\\/person\\\/c36b165f511617c65a2bf8f8abd9af41\"},\"headline\":\"Renaissance : un parti au service de Gabriel Attal ?\",\"datePublished\":\"2026-05-08T16:57:58+00:00\",\"dateModified\":\"2026-05-08T16:58:00+00:00\",\"mainEntityOfPage\":{\"@id\":\"https:\\\/\\\/www.geopolitics.fr\\\/2026\\\/05\\\/08\\\/renaissance-un-parti-au-service-de-gabriel-attal\\\/\"},\"wordCount\":1127,\"publisher\":{\"@id\":\"https:\\\/\\\/www.geopolitics.fr\\\/#organization\"},\"image\":{\"@id\":\"https:\\\/\\\/www.geopolitics.fr\\\/2026\\\/05\\\/08\\\/renaissance-un-parti-au-service-de-gabriel-attal\\\/#primaryimage\"},\"thumbnailUrl\":\"https:\\\/\\\/www.geopolitics.fr\\\/wp-content\\\/uploads\\\/2026\\\/05\\\/atta-seul.jpg\",\"keywords\":[\"G.ATTAL\",\"POLITIQUE\",\"RENAISSANCE\"],\"articleSection\":[\"Elections\",\"FRANCE\",\"Politique\"],\"inLanguage\":\"en-GB\"},{\"@type\":\"WebPage\",\"@id\":\"https:\\\/\\\/www.geopolitics.fr\\\/2026\\\/05\\\/08\\\/renaissance-un-parti-au-service-de-gabriel-attal\\\/\",\"url\":\"https:\\\/\\\/www.geopolitics.fr\\\/2026\\\/05\\\/08\\\/renaissance-un-parti-au-service-de-gabriel-attal\\\/\",\"name\":\"Renaissance : un parti au service de Gabriel Attal ? | Geopolitics.fr\",\"isPartOf\":{\"@id\":\"https:\\\/\\\/www.geopolitics.fr\\\/#website\"},\"primaryImageOfPage\":{\"@id\":\"https:\\\/\\\/www.geopolitics.fr\\\/2026\\\/05\\\/08\\\/renaissance-un-parti-au-service-de-gabriel-attal\\\/#primaryimage\"},\"image\":{\"@id\":\"https:\\\/\\\/www.geopolitics.fr\\\/2026\\\/05\\\/08\\\/renaissance-un-parti-au-service-de-gabriel-attal\\\/#primaryimage\"},\"thumbnailUrl\":\"https:\\\/\\\/www.geopolitics.fr\\\/wp-content\\\/uploads\\\/2026\\\/05\\\/atta-seul.jpg\",\"datePublished\":\"2026-05-08T16:57:58+00:00\",\"dateModified\":\"2026-05-08T16:58:00+00:00\",\"description\":\"Renaissance est-elle un parti politique politique ou une simple structure servant ls int\u00e9r\u00eats \u00e9lectoraux de G. Attal ?\",\"breadcrumb\":{\"@id\":\"https:\\\/\\\/www.geopolitics.fr\\\/2026\\\/05\\\/08\\\/renaissance-un-parti-au-service-de-gabriel-attal\\\/#breadcrumb\"},\"inLanguage\":\"en-GB\",\"potentialAction\":[{\"@type\":\"ReadAction\",\"target\":[\"https:\\\/\\\/www.geopolitics.fr\\\/2026\\\/05\\\/08\\\/renaissance-un-parti-au-service-de-gabriel-attal\\\/\"]}]},{\"@type\":\"ImageObject\",\"inLanguage\":\"en-GB\",\"@id\":\"https:\\\/\\\/www.geopolitics.fr\\\/2026\\\/05\\\/08\\\/renaissance-un-parti-au-service-de-gabriel-attal\\\/#primaryimage\",\"url\":\"https:\\\/\\\/www.geopolitics.fr\\\/wp-content\\\/uploads\\\/2026\\\/05\\\/atta-seul.jpg\",\"contentUrl\":\"https:\\\/\\\/www.geopolitics.fr\\\/wp-content\\\/uploads\\\/2026\\\/05\\\/atta-seul.jpg\",\"width\":1920,\"height\":1354,\"caption\":\"Vector illustration of a businessman or politician speaking to a large crowd of people\"},{\"@type\":\"BreadcrumbList\",\"@id\":\"https:\\\/\\\/www.geopolitics.fr\\\/2026\\\/05\\\/08\\\/renaissance-un-parti-au-service-de-gabriel-attal\\\/#breadcrumb\",\"itemListElement\":[{\"@type\":\"ListItem\",\"position\":1,\"name\":\"Accueil\",\"item\":\"https:\\\/\\\/www.geopolitics.fr\\\/\"},{\"@type\":\"ListItem\",\"position\":2,\"name\":\"Renaissance : un parti au service de Gabriel Attal ?\"}]},{\"@type\":\"WebSite\",\"@id\":\"https:\\\/\\\/www.geopolitics.fr\\\/#website\",\"url\":\"https:\\\/\\\/www.geopolitics.fr\\\/\",\"name\":\"Geopolitics.fr\",\"description\":\"Geopolitics.fr Analyse politique, relations internationales, d\u00e9fense - ligne \u00e9ditoriale gaullo-chiraquienne\",\"publisher\":{\"@id\":\"https:\\\/\\\/www.geopolitics.fr\\\/#organization\"},\"potentialAction\":[{\"@type\":\"SearchAction\",\"target\":{\"@type\":\"EntryPoint\",\"urlTemplate\":\"https:\\\/\\\/www.geopolitics.fr\\\/?s={search_term_string}\"},\"query-input\":{\"@type\":\"PropertyValueSpecification\",\"valueRequired\":true,\"valueName\":\"search_term_string\"}}],\"inLanguage\":\"en-GB\"},{\"@type\":\"Organization\",\"@id\":\"https:\\\/\\\/www.geopolitics.fr\\\/#organization\",\"name\":\"Geopolitics.fr\",\"url\":\"https:\\\/\\\/www.geopolitics.fr\\\/\",\"logo\":{\"@type\":\"ImageObject\",\"inLanguage\":\"en-GB\",\"@id\":\"https:\\\/\\\/www.geopolitics.fr\\\/#\\\/schema\\\/logo\\\/image\\\/\",\"url\":\"https:\\\/\\\/www.geopolitics.fr\\\/wp-content\\\/uploads\\\/2024\\\/01\\\/logo.jpg\",\"contentUrl\":\"https:\\\/\\\/www.geopolitics.fr\\\/wp-content\\\/uploads\\\/2024\\\/01\\\/logo.jpg\",\"width\":500,\"height\":500,\"caption\":\"Geopolitics.fr\"},\"image\":{\"@id\":\"https:\\\/\\\/www.geopolitics.fr\\\/#\\\/schema\\\/logo\\\/image\\\/\"},\"sameAs\":[\"https:\\\/\\\/www.facebook.com\\\/people\\\/Erwan-Davoux\\\/61557098968092\\\/\",\"https:\\\/\\\/x.com\\\/Geopolitics_Fr\"]},{\"@type\":\"Person\",\"@id\":\"https:\\\/\\\/www.geopolitics.fr\\\/#\\\/schema\\\/person\\\/c36b165f511617c65a2bf8f8abd9af41\",\"name\":\"Ghizlaine Badri\",\"image\":{\"@type\":\"ImageObject\",\"inLanguage\":\"en-GB\",\"@id\":\"https:\\\/\\\/www.geopolitics.fr\\\/wp-content\\\/uploads\\\/2026\\\/04\\\/cropped-Ghizlaine-96x96.jpg\",\"url\":\"https:\\\/\\\/www.geopolitics.fr\\\/wp-content\\\/uploads\\\/2026\\\/04\\\/cropped-Ghizlaine-96x96.jpg\",\"contentUrl\":\"https:\\\/\\\/www.geopolitics.fr\\\/wp-content\\\/uploads\\\/2026\\\/04\\\/cropped-Ghizlaine-96x96.jpg\",\"caption\":\"Ghizlaine Badri\"},\"description\":\"R\u00e9dactrice en chef de Geopolitics.fr, Ghizlaine Badri est une Journaliste politique forte de vingt-cing ans d'exp\u00e9rience professionnelle dont quinze ans dans la Presse. Elle a construit un parcours \u00e0 l'intersection des sc\u00e8nes fran\u00e7aise, europ\u00e9enne et internationale. Ghizlaine a collabor\u00e9 avec pr\u00e8s d'une vingtaine de m\u00e9dias, parmi lesquels Le Point, Le Figaro, Les \u00c9chos, L'Express et Forbes. Correspondante Maroc\u2013Maghreb pour Le Point et correspondante Afrique pour Forbes, elle s'est distingu\u00e9e par une couverture approfondie des dynamiques politiques et diplomatiques entre l'Europe et le continent africain. Elle est \u00e0 ce jour la seule journaliste marocaine en activit\u00e9 \u00e0 avoir collabor\u00e9 avec des titres majeurs de la presse fran\u00e7aise hors sph\u00e8re panafricaine en France. Au sein du quotidien \u00e9conomique L'\u00c9conomiste, 1er quotidien au Maroc, elle a fond\u00e9 la rubrique France\u2013Maroc, contribuant \u00e0 structurer un espace \u00e9ditorial in\u00e9dit. Titulaire de trois masters obtenus en France, elle a travaill\u00e9 dans les domaines de la communication institutionnelle notamment \u00e0 la Mairie de Bordeaux aupr\u00e8s d'Alain Jupp\u00e9 et a \u00e9galement exerc\u00e9 des fonctions de direction en communication marketing, notamment aupr\u00e8s de l'Ambassade de France au Maroc. Polyglotte, elle est franco-italo-marocaine, n\u00e9e \u00e0 Casablanca, a v\u00e9cu \u00e0 New-York et maitrise cinq langues le fran\u00e7ais, l'arabe, l'anglais, l'italien et l'espagnol.\",\"url\":\"https:\\\/\\\/www.geopolitics.fr\\\/en\\\/author\\\/ghizlaine-badri\\\/\"}]}<\/script>\n<!-- \/ Yoast SEO Premium plugin. -->","yoast_head_json":{"title":"Renaissance : un parti au service de Gabriel Attal ? | Geopolitics.fr","description":"Renaissance est-elle un parti politique politique ou une simple structure servant ls int\u00e9r\u00eats \u00e9lectoraux de G. Attal ?","robots":{"index":"index","follow":"follow","max-snippet":"max-snippet:-1","max-image-preview":"max-image-preview:large","max-video-preview":"max-video-preview:-1"},"canonical":"https:\/\/www.geopolitics.fr\/en\/2026\/05\/08\/renaissance-un-parti-au-service-de-gabriel-attal\/","og_locale":"en_GB","og_type":"article","og_title":"Renaissance : un parti au service de Gabriel Attal ?","og_description":"Renaissance est-elle un parti politique politique ou une simple structure servant ls int\u00e9r\u00eats \u00e9lectoraux de G. Attal ?","og_url":"https:\/\/www.geopolitics.fr\/en\/2026\/05\/08\/renaissance-un-parti-au-service-de-gabriel-attal\/","og_site_name":"Geopolitics.fr","article_publisher":"https:\/\/www.facebook.com\/people\/Erwan-Davoux\/61557098968092\/","article_published_time":"2026-05-08T16:57:58+00:00","article_modified_time":"2026-05-08T16:58:00+00:00","og_image":[{"width":1920,"height":1354,"url":"https:\/\/www.geopolitics.fr\/wp-content\/uploads\/2026\/05\/atta-seul.jpg","type":"image\/jpeg"}],"author":"Ghizlaine Badri","twitter_card":"summary_large_image","twitter_creator":"@Geopolitics_Fr","twitter_site":"@Geopolitics_Fr","twitter_misc":{"Written by":"Ghizlaine Badri","Estimated reading time":"6 minutes"},"schema":{"@context":"https:\/\/schema.org","@graph":[{"@type":"Article","@id":"https:\/\/www.geopolitics.fr\/2026\/05\/08\/renaissance-un-parti-au-service-de-gabriel-attal\/#article","isPartOf":{"@id":"https:\/\/www.geopolitics.fr\/2026\/05\/08\/renaissance-un-parti-au-service-de-gabriel-attal\/"},"author":{"name":"Ghizlaine Badri","@id":"https:\/\/www.geopolitics.fr\/#\/schema\/person\/c36b165f511617c65a2bf8f8abd9af41"},"headline":"Renaissance : un parti au service de Gabriel Attal ?","datePublished":"2026-05-08T16:57:58+00:00","dateModified":"2026-05-08T16:58:00+00:00","mainEntityOfPage":{"@id":"https:\/\/www.geopolitics.fr\/2026\/05\/08\/renaissance-un-parti-au-service-de-gabriel-attal\/"},"wordCount":1127,"publisher":{"@id":"https:\/\/www.geopolitics.fr\/#organization"},"image":{"@id":"https:\/\/www.geopolitics.fr\/2026\/05\/08\/renaissance-un-parti-au-service-de-gabriel-attal\/#primaryimage"},"thumbnailUrl":"https:\/\/www.geopolitics.fr\/wp-content\/uploads\/2026\/05\/atta-seul.jpg","keywords":["G.ATTAL","POLITIQUE","RENAISSANCE"],"articleSection":["Elections","FRANCE","Politique"],"inLanguage":"en-GB"},{"@type":"WebPage","@id":"https:\/\/www.geopolitics.fr\/2026\/05\/08\/renaissance-un-parti-au-service-de-gabriel-attal\/","url":"https:\/\/www.geopolitics.fr\/2026\/05\/08\/renaissance-un-parti-au-service-de-gabriel-attal\/","name":"Renaissance : un parti au service de Gabriel Attal ? | Geopolitics.fr","isPartOf":{"@id":"https:\/\/www.geopolitics.fr\/#website"},"primaryImageOfPage":{"@id":"https:\/\/www.geopolitics.fr\/2026\/05\/08\/renaissance-un-parti-au-service-de-gabriel-attal\/#primaryimage"},"image":{"@id":"https:\/\/www.geopolitics.fr\/2026\/05\/08\/renaissance-un-parti-au-service-de-gabriel-attal\/#primaryimage"},"thumbnailUrl":"https:\/\/www.geopolitics.fr\/wp-content\/uploads\/2026\/05\/atta-seul.jpg","datePublished":"2026-05-08T16:57:58+00:00","dateModified":"2026-05-08T16:58:00+00:00","description":"Renaissance est-elle un parti politique politique ou une simple structure servant ls int\u00e9r\u00eats \u00e9lectoraux de G. Attal ?","breadcrumb":{"@id":"https:\/\/www.geopolitics.fr\/2026\/05\/08\/renaissance-un-parti-au-service-de-gabriel-attal\/#breadcrumb"},"inLanguage":"en-GB","potentialAction":[{"@type":"ReadAction","target":["https:\/\/www.geopolitics.fr\/2026\/05\/08\/renaissance-un-parti-au-service-de-gabriel-attal\/"]}]},{"@type":"ImageObject","inLanguage":"en-GB","@id":"https:\/\/www.geopolitics.fr\/2026\/05\/08\/renaissance-un-parti-au-service-de-gabriel-attal\/#primaryimage","url":"https:\/\/www.geopolitics.fr\/wp-content\/uploads\/2026\/05\/atta-seul.jpg","contentUrl":"https:\/\/www.geopolitics.fr\/wp-content\/uploads\/2026\/05\/atta-seul.jpg","width":1920,"height":1354,"caption":"Vector illustration of a businessman or politician speaking to a large crowd of people"},{"@type":"BreadcrumbList","@id":"https:\/\/www.geopolitics.fr\/2026\/05\/08\/renaissance-un-parti-au-service-de-gabriel-attal\/#breadcrumb","itemListElement":[{"@type":"ListItem","position":1,"name":"Accueil","item":"https:\/\/www.geopolitics.fr\/"},{"@type":"ListItem","position":2,"name":"Renaissance : un parti au service de Gabriel Attal ?"}]},{"@type":"WebSite","@id":"https:\/\/www.geopolitics.fr\/#website","url":"https:\/\/www.geopolitics.fr\/","name":"Geopolitics.fr","description":"Geopolitics.fr Analyse politique, relations internationales, d\u00e9fense - ligne \u00e9ditoriale gaullo-chiraquienne","publisher":{"@id":"https:\/\/www.geopolitics.fr\/#organization"},"potentialAction":[{"@type":"SearchAction","target":{"@type":"EntryPoint","urlTemplate":"https:\/\/www.geopolitics.fr\/?s={search_term_string}"},"query-input":{"@type":"PropertyValueSpecification","valueRequired":true,"valueName":"search_term_string"}}],"inLanguage":"en-GB"},{"@type":"Organization","@id":"https:\/\/www.geopolitics.fr\/#organization","name":"Geopolitics.fr","url":"https:\/\/www.geopolitics.fr\/","logo":{"@type":"ImageObject","inLanguage":"en-GB","@id":"https:\/\/www.geopolitics.fr\/#\/schema\/logo\/image\/","url":"https:\/\/www.geopolitics.fr\/wp-content\/uploads\/2024\/01\/logo.jpg","contentUrl":"https:\/\/www.geopolitics.fr\/wp-content\/uploads\/2024\/01\/logo.jpg","width":500,"height":500,"caption":"Geopolitics.fr"},"image":{"@id":"https:\/\/www.geopolitics.fr\/#\/schema\/logo\/image\/"},"sameAs":["https:\/\/www.facebook.com\/people\/Erwan-Davoux\/61557098968092\/","https:\/\/x.com\/Geopolitics_Fr"]},{"@type":"Person","@id":"https:\/\/www.geopolitics.fr\/#\/schema\/person\/c36b165f511617c65a2bf8f8abd9af41","name":"Ghizlaine Badri","image":{"@type":"ImageObject","inLanguage":"en-GB","@id":"https:\/\/www.geopolitics.fr\/wp-content\/uploads\/2026\/04\/cropped-Ghizlaine-96x96.jpg","url":"https:\/\/www.geopolitics.fr\/wp-content\/uploads\/2026\/04\/cropped-Ghizlaine-96x96.jpg","contentUrl":"https:\/\/www.geopolitics.fr\/wp-content\/uploads\/2026\/04\/cropped-Ghizlaine-96x96.jpg","caption":"Ghizlaine Badri"},"description":"R\u00e9dactrice en chef de Geopolitics.fr, Ghizlaine Badri est une Journaliste politique forte de vingt-cing ans d'exp\u00e9rience professionnelle dont quinze ans dans la Presse. Elle a construit un parcours \u00e0 l'intersection des sc\u00e8nes fran\u00e7aise, europ\u00e9enne et internationale. Ghizlaine a collabor\u00e9 avec pr\u00e8s d'une vingtaine de m\u00e9dias, parmi lesquels Le Point, Le Figaro, Les \u00c9chos, L'Express et Forbes. Correspondante Maroc\u2013Maghreb pour Le Point et correspondante Afrique pour Forbes, elle s'est distingu\u00e9e par une couverture approfondie des dynamiques politiques et diplomatiques entre l'Europe et le continent africain. Elle est \u00e0 ce jour la seule journaliste marocaine en activit\u00e9 \u00e0 avoir collabor\u00e9 avec des titres majeurs de la presse fran\u00e7aise hors sph\u00e8re panafricaine en France. Au sein du quotidien \u00e9conomique L'\u00c9conomiste, 1er quotidien au Maroc, elle a fond\u00e9 la rubrique France\u2013Maroc, contribuant \u00e0 structurer un espace \u00e9ditorial in\u00e9dit. Titulaire de trois masters obtenus en France, elle a travaill\u00e9 dans les domaines de la communication institutionnelle notamment \u00e0 la Mairie de Bordeaux aupr\u00e8s d'Alain Jupp\u00e9 et a \u00e9galement exerc\u00e9 des fonctions de direction en communication marketing, notamment aupr\u00e8s de l'Ambassade de France au Maroc. Polyglotte, elle est franco-italo-marocaine, n\u00e9e \u00e0 Casablanca, a v\u00e9cu \u00e0 New-York et maitrise cinq langues le fran\u00e7ais, l'arabe, l'anglais, l'italien et l'espagnol.","url":"https:\/\/www.geopolitics.fr\/en\/author\/ghizlaine-badri\/"}]}},"_links":{"self":[{"href":"https:\/\/www.geopolitics.fr\/en\/wp-json\/wp\/v2\/posts\/4207","targetHints":{"allow":["GET"]}}],"collection":[{"href":"https:\/\/www.geopolitics.fr\/en\/wp-json\/wp\/v2\/posts"}],"about":[{"href":"https:\/\/www.geopolitics.fr\/en\/wp-json\/wp\/v2\/types\/post"}],"author":[{"embeddable":true,"href":"https:\/\/www.geopolitics.fr\/en\/wp-json\/wp\/v2\/users\/31730"}],"replies":[{"embeddable":true,"href":"https:\/\/www.geopolitics.fr\/en\/wp-json\/wp\/v2\/comments?post=4207"}],"version-history":[{"count":0,"href":"https:\/\/www.geopolitics.fr\/en\/wp-json\/wp\/v2\/posts\/4207\/revisions"}],"wp:featuredmedia":[{"embeddable":true,"href":"https:\/\/www.geopolitics.fr\/en\/wp-json\/wp\/v2\/media\/4208"}],"wp:attachment":[{"href":"https:\/\/www.geopolitics.fr\/en\/wp-json\/wp\/v2\/media?parent=4207"}],"wp:term":[{"taxonomy":"category","embeddable":true,"href":"https:\/\/www.geopolitics.fr\/en\/wp-json\/wp\/v2\/categories?post=4207"},{"taxonomy":"post_tag","embeddable":true,"href":"https:\/\/www.geopolitics.fr\/en\/wp-json\/wp\/v2\/tags?post=4207"}],"curies":[{"name":"wp","href":"https:\/\/api.w.org\/{rel}","templated":true}]}}