{"id":4192,"date":"2026-05-08T09:42:49","date_gmt":"2026-05-08T07:42:49","guid":{"rendered":"https:\/\/www.geopolitics.fr\/?p=4192"},"modified":"2026-05-08T09:46:08","modified_gmt":"2026-05-08T07:46:08","slug":"la-france-face-a-lallemagne-qui-dirige-vraiment-leurope-en-2026","status":"publish","type":"post","link":"https:\/\/www.geopolitics.fr\/en\/2026\/05\/08\/la-france-face-a-lallemagne-qui-dirige-vraiment-leurope-en-2026\/","title":{"rendered":"La France face \u00e0 l&rsquo;Allemagne : qui dirige vraiment l&rsquo;Europe en 2026 ?"},"content":{"rendered":"<p class=\"has-medium-font-size wp-block-paragraph\">Posons la question directement, sans les pr\u00e9cautions rh\u00e9toriques habituelles : la France est-elle encore une grande puissance europ\u00e9enne ?<\/p>\n\n\n\n<p class=\"has-medium-font-size wp-block-paragraph\">Pas au sens nominal, le si\u00e8ge au Conseil de s\u00e9curit\u00e9, la bombe atomique, le discours sur la souverainet\u00e9,&nbsp;mais au sens op\u00e9rationnel, c&rsquo;est-\u00e0-dire la capacit\u00e9 r\u00e9elle d&rsquo;imposer sa vision, de peser sur les d\u00e9cisions, d&rsquo;entra\u00eener ses alli\u00e9s. Si l&rsquo;on regarde ce qui se passe \u00e0 Berlin depuis l&rsquo;arriv\u00e9e de Friedrich Merz, la r\u00e9ponse est de plus en plus inconfortable pour Paris : non, pas vraiment.<\/p>\n\n\n\n<h2 class=\"wp-block-heading\" id=\"h-le-renversement-historique-l-allemagne-veut-l-armee-la-plus-puissante-d-europe\">Le renversement historique : l&rsquo;Allemagne veut l&rsquo;arm\u00e9e la plus puissante d&rsquo;Europe<\/h2>\n\n\n\n<p class=\"has-medium-font-size wp-block-paragraph\">Commen\u00e7ons par l&rsquo;\u00e9v\u00e9nement structurant de 2026 en Europe : le r\u00e9armement allemand. Ce n&rsquo;est pas une mont\u00e9e en puissance progressive et discr\u00e8te. C&rsquo;est une r\u00e9volution de doctrine assum\u00e9e, chiffr\u00e9e, et d\u00e9lib\u00e9r\u00e9ment mise en sc\u00e8ne. Le ministre de la D\u00e9fense allemand Boris Pistorius a d\u00e9voil\u00e9 une nouvelle strat\u00e9gie militaire. L&rsquo;ambition est claire : placer l&rsquo;Allemagne \u00e0 la t\u00eate du cort\u00e8ge militaire europ\u00e9en et prendre le leadership europ\u00e9en en mati\u00e8re de dissuasion conventionnelle. Le plan est structur\u00e9 en trois phases jusqu&rsquo;\u00e0 2035, avec \u00e0 l&rsquo;horizon une Bundeswehr qui devrait d\u00e9passer en volume toutes les arm\u00e9es du continent.<\/p>\n\n\n\n<p class=\"has-medium-font-size wp-block-paragraph\">Que cela repr\u00e9sente-t-il pour la France ? Une menace directe sur son statut. La France, actuellement en t\u00eate avec 264 000 militaires op\u00e9rationnels, pr\u00e9voit de recruter 11 000 soldats tout en doublant le nombre de r\u00e9servistes d&rsquo;ici 2035 selon la loi de programmation militaire actualis\u00e9e 2026. Autrement dit : pendant que l&rsquo;Allemagne op\u00e8re un saut quantitatif historique, la France fait de la croissance marginale. L&rsquo;asym\u00e9trie qui se creuse n&rsquo;est pas conjoncturelle. Elle est structurelle.<\/p>\n\n\n\n<h2 class=\"wp-block-heading\" id=\"h-le-nucleaire-francais-dernier-atout-ou-nouvelle-monnaie-d-echange\">Le nucl\u00e9aire fran\u00e7ais : dernier atout ou nouvelle monnaie d&rsquo;\u00e9change ?<\/h2>\n\n\n\n<p class=\"has-medium-font-size wp-block-paragraph\">C&rsquo;est pr\u00e9cis\u00e9ment l\u00e0 que le discours du 2 mars 2026 de Macron \u00e0 l&rsquo;\u00cele Longue prend toute son importance analytique. Ce discours du pr\u00e9sident de la R\u00e9publique sur la dissuasion nucl\u00e9aire marque une inflexion strat\u00e9gique importante. Entre menace russe persistante et incertitudes sur les garanties de s\u00e9curit\u00e9 am\u00e9ricaines, la France affirme une ambition renforc\u00e9e pour la d\u00e9fense europ\u00e9enne \u00e0 travers la notion de&nbsp; dissuasion avanc\u00e9e.&nbsp;<\/p>\n\n\n\n<p class=\"has-medium-font-size wp-block-paragraph\">La dissuasion avanc\u00e9e, c&rsquo;est quoi concr\u00e8tement ? Macron a annonc\u00e9 que les forces a\u00e9riennes strat\u00e9giques fran\u00e7aises pourraient se diss\u00e9miner dans la profondeur du continent europ\u00e9en, \u00e0 la mani\u00e8re d&rsquo;un archipel de forces. Huit pays europ\u00e9ens ont accept\u00e9 d&rsquo;y participer : l&rsquo;Allemagne, le Royaume-Uni, la Pologne, les Pays-Bas, la Belgique, la Gr\u00e8ce, la Su\u00e8de et le Danemark. En contrepartie, ils contribueront \u00e0 \u00ab l&rsquo;\u00e9paulement strat\u00e9gique \u00bb de la dissuasion nucl\u00e9aire fran\u00e7aise dans les domaines de l&rsquo;alerte avanc\u00e9e, de la d\u00e9fense a\u00e9rienne et de la frappe dans la profondeur.<\/p>\n\n\n\n<p class=\"has-medium-font-size wp-block-paragraph\">Deux lectures s&rsquo;affrontent ici. La lecture optimiste : la France transforme son monopole nucl\u00e9aire en levier de leadership europ\u00e9en. En proposant un parapluie \u00e9tendu, elle se rend indispensable \u00e0 la s\u00e9curit\u00e9 du continent et reconstruit son influence sur une base strat\u00e9gique solide. <\/p>\n\n\n\n<p class=\"has-medium-font-size wp-block-paragraph\">La lecture pessimiste et plus honn\u00eate : en ouvrant la dissuasion, m\u00eame partiellement, m\u00eame sous forme de dialogue doctrinal, la France dilapide progressivement l&rsquo;exclusivit\u00e9 qui fonde pr\u00e9cis\u00e9ment sa singularit\u00e9 strat\u00e9gique. Le jour o\u00f9 la dissuasion deviendra \u00ab europ\u00e9enne \u00bb dans les faits, Paris aura perdu son dernier avantage comparatif absolu.<\/p>\n\n\n\n<p class=\"has-medium-font-size wp-block-paragraph\">La France et l&rsquo;Allemagne ont par ailleurs mis en place un groupe de pilotage nucl\u00e9aire de haut niveau. Ce dernier servira de cadre bilat\u00e9ral pour le dialogue doctrinal et la coordination de la coop\u00e9ration strat\u00e9gique, notamment pour les consultations relatives \u00e0 l&rsquo;articulation optimale de capacit\u00e9s conventionnelles, de d\u00e9fense antimissile et de capacit\u00e9s nucl\u00e9aires fran\u00e7aises. Ce groupe existe. La question qui se pose est : dans dix ans, qui pilote qui ?<\/p>\n\n\n\n<p class=\"has-medium-font-size wp-block-paragraph\">La dissuasion avanc\u00e9e est un pari g\u00e9opolitique audacieux mais potentiellement contre-productif. Si l&rsquo;Allemagne finance massivement des capacit\u00e9s conventionnelles et b\u00e9n\u00e9ficie simultan\u00e9ment du parapluie nucl\u00e9aire fran\u00e7ais, Berlin obtient les deux jambes de la puissance militaire, la masse et la dissuasion, sans en payer le prix politique complet. La France, elle, obtient quoi ? Des contributions financi\u00e8res \u00e0 son \u00ab \u00e9paulement strat\u00e9gique \u00bb et une promesse de solidarit\u00e9 dont l&rsquo;histoire du couple franco-allemand n&rsquo;a pas d\u00e9montr\u00e9 qu&rsquo;elle \u00e9tait inconditionnelle.<\/p>\n\n\n\n<h2 class=\"wp-block-heading\" id=\"h-le-scaf-ou-la-metaphore-de-tout-le-reste\">Le SCAF, ou la m\u00e9taphore de tout le reste<\/h2>\n\n\n\n<p class=\"has-medium-font-size wp-block-paragraph\">Le programme SCAF (Syst\u00e8me de Combat A\u00e9rien du Futur) est bien plus qu&rsquo;un programme d&rsquo;armement. C&rsquo;est le test de QI de l&rsquo;Europe de la d\u00e9fense. Au d\u00e9but du mois de f\u00e9vrier 2026, le SCAF change de nature politique. Ce programme est d\u00e9sormais ouvertement remis en cause en Allemagne. Des industriels, des syndicats et des responsables proches du pouvoir plaident pour un chasseur alternatif, hors du cadre franco-allemand. \u00c0 Paris, cette \u00e9volution est interpr\u00e9t\u00e9e comme un nouveau signal de fragilisation d&rsquo;un couple pr\u00e9sent\u00e9 depuis des d\u00e9cennies comme le moteur de l&rsquo;int\u00e9gration europ\u00e9enne.<\/p>\n\n\n\n<p class=\"has-medium-font-size wp-block-paragraph\">Pourquoi l&rsquo;Allemagne sabote-t-elle un programme qu&rsquo;elle a co-sign\u00e9 ? La r\u00e9ponse tient en une phrase de Thomas Gomart, directeur de l&rsquo;IFRI : \u00ab Avant, les Allemands avaient du temps et pas d&rsquo;argent. Aujourd&rsquo;hui ils ont de l&rsquo;argent mais pas de temps. Ils ne veulent pas attendre les Fran\u00e7ais. \u00bb Berlin a compris que dans la course \u00e0 la puissance militaire que lui impose l&rsquo;effondrement de l&rsquo;ordre s\u00e9curitaire post-1990, la coop\u00e9ration franco-allemande est une contrainte, un processus lent, conflictuel, pi\u00e9g\u00e9 dans des n\u00e9gociations industrielles interminables. L&rsquo;Allemagne envisage m\u00eame de renforcer sa commande de F-35 am\u00e9ricains, portant le total potentiel \u00e0 50 appareils. Acheter am\u00e9ricain, c&rsquo;est rapide, op\u00e9rationnel, politiquement sans friction avec Washington. C&rsquo;est aussi, accessoirement, tuer le SCAF dans les faits avant m\u00eame de le dire officiellement.&nbsp;<\/p>\n\n\n\n<p class=\"has-medium-font-size wp-block-paragraph\">Si le SCAF s&rsquo;effondre, ce qui est aujourd&rsquo;hui probable \u00e0 moyen terme, c&rsquo;est toute la philosophie de l&rsquo;autonomie strat\u00e9gique europ\u00e9enne port\u00e9e par Macron depuis 2017 qui s&rsquo;\u00e9croule avec lui. L&rsquo;autonomie europ\u00e9enne pourrait \u00eatre de courte dur\u00e9e dans la mesure o\u00f9 l&rsquo;administration Trump a d\u00e9couvert que les garanties de s\u00e9curit\u00e9 am\u00e9ricaines constituent un levier redoutable sur ses alli\u00e9s. La d\u00e9pendance \u00e0 l&rsquo;armement am\u00e9ricain est aussi une d\u00e9pendance politique. L&rsquo;Allemagne semble avoir choisi de l&rsquo;assumer. La France refuse de l&rsquo;admettre.&nbsp;<\/p>\n\n\n\n<h2 class=\"wp-block-heading\" id=\"h-le-vrai-rapport-de-forces-une-france-declassee-mais-irremplacable-nbsp\">Le vrai rapport de forces : une France d\u00e9class\u00e9e mais irrempla\u00e7able&nbsp;<\/h2>\n\n\n\n<p class=\"has-medium-font-size wp-block-paragraph\">Voici le paradoxe central de la relation franco-allemande en 2026 : la France est objectivement en perte de vitesse financi\u00e8rement, politiquement, en volume militaire, mais elle reste structurellement irrempla\u00e7able.<\/p>\n\n\n\n<p class=\"has-medium-font-size wp-block-paragraph\">Irrempla\u00e7able pourquoi ? Parce que l&rsquo;Allemagne, malgr\u00e9 ses 108 milliards de budget de d\u00e9fense en 2026, souffre de deux handicaps fondamentaux que l&rsquo;argent ne peut pas acheter \u00e0 court terme. <\/p>\n\n\n\n<p class=\"has-medium-font-size wp-block-paragraph\"><strong>Premier handicap<\/strong> : l&rsquo;Allemagne doit faire face \u00e0 la difficult\u00e9 de traduire ses investissements massifs dans une v\u00e9ritable doctrine militaire, un exercice sans pr\u00e9c\u00e9dent dans lequel elle ne dispose ni d&rsquo;exp\u00e9rience pr\u00e9alable ni de garantie de succ\u00e8s. Tout d\u00e9ploiement militaire des forces arm\u00e9es allemandes n\u00e9cessite une d\u00e9cision du parlement, souvent au terme d&rsquo;un processus d\u00e9lib\u00e9ratif intense et long. Une arm\u00e9e conventionnelle puissante sans doctrine d&#8217;emploi ni culture de projection n&rsquo;est pas une puissance militaire. C&rsquo;est un outil sans main.&nbsp;<\/p>\n\n\n\n<p class=\"has-medium-font-size wp-block-paragraph\"><strong>Second handicap<\/strong> : Berlin est encore loin d&rsquo;\u00eatre enti\u00e8rement ind\u00e9pendant strat\u00e9giquement. D\u00e9pourvue de l&rsquo;arme atomique, sa dissuasion non conventionnelle passe en grande partie par un partenariat strat\u00e9gique fort et asym\u00e9trique avec les \u00c9tats-Unis au sein de l&rsquo;OTAN. Dans les p\u00e9riodes de tensions avec Washington, ce m\u00e9canisme met en \u00e9vidence une forme de d\u00e9pendance structurelle, parfois per\u00e7ue comme une contrainte strat\u00e9gique.<\/p>\n\n\n\n<p class=\"has-medium-font-size wp-block-paragraph\">C&rsquo;est l\u00e0 que r\u00e9side la vraie n\u00e9gociation qui se joue en ce moment entre Paris et Berlin, sans que les deux capitales l&rsquo;aient encore formellement \u00e9nonc\u00e9e. L&rsquo;Allemagne a besoin de la France pour sa cr\u00e9dibilit\u00e9 nucl\u00e9aire et sa doctrine de puissance. La France a besoin de l&rsquo;Allemagne pour ses capacit\u00e9s financi\u00e8res et industrielles. Le probl\u00e8me, c&rsquo;est que cette interd\u00e9pendance n&rsquo;est plus sym\u00e9trique. Elle penche de plus en plus vers Berlin.<\/p>\n\n\n\n<h2 class=\"wp-block-heading\" id=\"h-pronostic-le-risque-du-declassement-silencieux\">Pronostic : le risque du d\u00e9classement silencieux<\/h2>\n\n\n\n<p class=\"has-medium-font-size wp-block-paragraph\">\u00c0 court terme (2026-2027), la France maintient son r\u00f4le de puissance d&rsquo;impulsion politique en Europe, notamment sur la question ukrainienne et la dissuasion avanc\u00e9e. Sa pr\u00e9sidentielle de 2027 cr\u00e9e un vide diplomatique relatif qui affaiblit encore sa capacit\u00e9 de n\u00e9gociation avec Berlin.<\/p>\n\n\n\n<p class=\"has-medium-font-size wp-block-paragraph\">\u00c0 moyen terme (2028-2032), le d\u00e9crochage devient visible si la Bundeswehr monte effectivement en puissance comme pr\u00e9vu, si le SCAF est abandonn\u00e9 ou renationalis\u00e9, et si la France ne trouve pas de r\u00e9ponse \u00e0 la question budg\u00e9taire. 2026 pourrait marquer l&rsquo;entr\u00e9e dans une d\u00e9cennie o\u00f9 les pays europ\u00e9ens devront choisir entre r\u00e9signation strat\u00e9gique et construction active d&rsquo;une souverainet\u00e9 de d\u00e9fense cr\u00e9dible.&nbsp;<\/p>\n\n\n\n<p class=\"has-medium-font-size wp-block-paragraph\">Le seul sc\u00e9nario fran\u00e7ais viable repose sur un pari : que la dissuasion nucl\u00e9aire avanc\u00e9e devienne v\u00e9ritablement le ciment d&rsquo;une architecture de s\u00e9curit\u00e9 europ\u00e9enne dont Paris tient les cl\u00e9s. Que l&rsquo;Allemagne, puissante en volume conventionnel, reste durablement d\u00e9pendante de la France pour sa cr\u00e9dibilit\u00e9 nucl\u00e9aire. Et que cette d\u00e9pendance soit institutionnalis\u00e9e dans un cadre o\u00f9 Paris conserve le leadership strat\u00e9gique.<\/p>\n\n\n\n<p class=\"has-medium-font-size wp-block-paragraph\">C&rsquo;est possible. Mais cela suppose que la France ait la lucidit\u00e9 de reconna\u00eetre que le temps de la rh\u00e9torique est termin\u00e9. L&rsquo;Europe n&rsquo;est plus en train de d\u00e9battre de puissance. Elle est en train de la construire, armement par armement, budget par budget. Et dans ce jeu-l\u00e0, les mots sans les moyens ne valent rien.<\/p>\n\n\n\n<p class=\"wp-block-paragraph\"><\/p>","protected":false},"excerpt":{"rendered":"<p>Posons la question directement, sans les pr\u00e9cautions rh\u00e9toriques habituelles : la France est-elle encore une grande puissance europ\u00e9enne ? Pas au sens&hellip;<\/p>","protected":false},"author":31730,"featured_media":4201,"comment_status":"closed","ping_status":"closed","sticky":false,"template":"","format":"standard","meta":{"_lmt_disableupdate":"","_lmt_disable":"","footnotes":""},"categories":[6,635,611,4],"tags":[356,673,109,56],"class_list":["post-4192","post","type-post","status-publish","format-standard","has-post-thumbnail","hentry","category-defense-et-armees","category-diplomatie","category-europe","category-mis-en-avant","tag-allemagne","tag-dissuasuion-nucleaire","tag-europe","tag-france"],"yoast_head":"<!-- This site is optimized with the Yoast SEO Premium plugin v28.1 (Yoast SEO v28.1) - https:\/\/yoast.com\/product\/yoast-seo-premium-wordpress\/ -->\n<title>La France face \u00e0 l&#039;Allemagne : qui dirige vraiment l&#039;Europe en 2026 ? | Geopolitics.fr<\/title>\n<meta name=\"description\" content=\"La France est-elle encore une grande puissance europ\u00e9enne ? Le d\u00e9classement face \u00e0 l&#039;Allemagne devient patent.\" \/>\n<meta name=\"robots\" content=\"index, follow, max-snippet:-1, max-image-preview:large, max-video-preview:-1\" \/>\n<link rel=\"canonical\" href=\"https:\/\/www.geopolitics.fr\/en\/2026\/05\/08\/la-france-face-a-lallemagne-qui-dirige-vraiment-leurope-en-2026\/\" \/>\n<meta property=\"og:locale\" content=\"en_GB\" \/>\n<meta property=\"og:type\" content=\"article\" \/>\n<meta property=\"og:title\" content=\"La France face \u00e0 l&#039;Allemagne : qui dirige vraiment l&#039;Europe en 2026 ?\" \/>\n<meta property=\"og:description\" content=\"La France est-elle encore une grande puissance europ\u00e9enne ? Le d\u00e9classement face \u00e0 l&#039;Allemagne devient patent.\" \/>\n<meta property=\"og:url\" content=\"https:\/\/www.geopolitics.fr\/en\/2026\/05\/08\/la-france-face-a-lallemagne-qui-dirige-vraiment-leurope-en-2026\/\" \/>\n<meta property=\"og:site_name\" content=\"Geopolitics.fr\" \/>\n<meta property=\"article:publisher\" content=\"https:\/\/www.facebook.com\/people\/Erwan-Davoux\/61557098968092\/\" \/>\n<meta property=\"article:published_time\" content=\"2026-05-08T07:42:49+00:00\" \/>\n<meta property=\"article:modified_time\" content=\"2026-05-08T07:46:08+00:00\" \/>\n<meta property=\"og:image\" content=\"https:\/\/www.geopolitics.fr\/wp-content\/uploads\/2026\/05\/macron-merz-bon-e1778226140577.jpg\" \/>\n\t<meta property=\"og:image:width\" content=\"920\" \/>\n\t<meta property=\"og:image:height\" content=\"460\" \/>\n\t<meta property=\"og:image:type\" content=\"image\/jpeg\" \/>\n<meta name=\"author\" content=\"Ghizlaine Badri\" \/>\n<meta name=\"twitter:card\" content=\"summary_large_image\" \/>\n<meta name=\"twitter:creator\" content=\"@Geopolitics_Fr\" \/>\n<meta name=\"twitter:site\" content=\"@Geopolitics_Fr\" \/>\n<meta name=\"twitter:label1\" content=\"Written by\" \/>\n\t<meta name=\"twitter:data1\" content=\"Ghizlaine Badri\" \/>\n\t<meta name=\"twitter:label2\" content=\"Estimated reading time\" \/>\n\t<meta name=\"twitter:data2\" content=\"8 minutes\" \/>\n<script type=\"application\/ld+json\" class=\"yoast-schema-graph\">{\"@context\":\"https:\\\/\\\/schema.org\",\"@graph\":[{\"@type\":\"Article\",\"@id\":\"https:\\\/\\\/www.geopolitics.fr\\\/2026\\\/05\\\/08\\\/la-france-face-a-lallemagne-qui-dirige-vraiment-leurope-en-2026\\\/#article\",\"isPartOf\":{\"@id\":\"https:\\\/\\\/www.geopolitics.fr\\\/2026\\\/05\\\/08\\\/la-france-face-a-lallemagne-qui-dirige-vraiment-leurope-en-2026\\\/\"},\"author\":{\"name\":\"Ghizlaine Badri\",\"@id\":\"https:\\\/\\\/www.geopolitics.fr\\\/#\\\/schema\\\/person\\\/c36b165f511617c65a2bf8f8abd9af41\"},\"headline\":\"La France face \u00e0 l&rsquo;Allemagne : qui dirige vraiment l&rsquo;Europe en 2026 ?\",\"datePublished\":\"2026-05-08T07:42:49+00:00\",\"dateModified\":\"2026-05-08T07:46:08+00:00\",\"mainEntityOfPage\":{\"@id\":\"https:\\\/\\\/www.geopolitics.fr\\\/2026\\\/05\\\/08\\\/la-france-face-a-lallemagne-qui-dirige-vraiment-leurope-en-2026\\\/\"},\"wordCount\":1727,\"publisher\":{\"@id\":\"https:\\\/\\\/www.geopolitics.fr\\\/#organization\"},\"image\":{\"@id\":\"https:\\\/\\\/www.geopolitics.fr\\\/2026\\\/05\\\/08\\\/la-france-face-a-lallemagne-qui-dirige-vraiment-leurope-en-2026\\\/#primaryimage\"},\"thumbnailUrl\":\"https:\\\/\\\/www.geopolitics.fr\\\/wp-content\\\/uploads\\\/2026\\\/05\\\/macron-merz-bon-e1778226140577.jpg\",\"keywords\":[\"ALLEMAGNE\",\"dissuasuion nucl\u00e9aire\",\"EUROPE\",\"France\"],\"articleSection\":[\"D\u00e9fense\",\"Diplomatie\",\"Europe\",\"Mis en AVANT\"],\"inLanguage\":\"en-GB\"},{\"@type\":\"WebPage\",\"@id\":\"https:\\\/\\\/www.geopolitics.fr\\\/2026\\\/05\\\/08\\\/la-france-face-a-lallemagne-qui-dirige-vraiment-leurope-en-2026\\\/\",\"url\":\"https:\\\/\\\/www.geopolitics.fr\\\/2026\\\/05\\\/08\\\/la-france-face-a-lallemagne-qui-dirige-vraiment-leurope-en-2026\\\/\",\"name\":\"La France face \u00e0 l'Allemagne : qui dirige vraiment l'Europe en 2026 ? | Geopolitics.fr\",\"isPartOf\":{\"@id\":\"https:\\\/\\\/www.geopolitics.fr\\\/#website\"},\"primaryImageOfPage\":{\"@id\":\"https:\\\/\\\/www.geopolitics.fr\\\/2026\\\/05\\\/08\\\/la-france-face-a-lallemagne-qui-dirige-vraiment-leurope-en-2026\\\/#primaryimage\"},\"image\":{\"@id\":\"https:\\\/\\\/www.geopolitics.fr\\\/2026\\\/05\\\/08\\\/la-france-face-a-lallemagne-qui-dirige-vraiment-leurope-en-2026\\\/#primaryimage\"},\"thumbnailUrl\":\"https:\\\/\\\/www.geopolitics.fr\\\/wp-content\\\/uploads\\\/2026\\\/05\\\/macron-merz-bon-e1778226140577.jpg\",\"datePublished\":\"2026-05-08T07:42:49+00:00\",\"dateModified\":\"2026-05-08T07:46:08+00:00\",\"description\":\"La France est-elle encore une grande puissance europ\u00e9enne ? Le d\u00e9classement face \u00e0 l'Allemagne devient patent.\",\"breadcrumb\":{\"@id\":\"https:\\\/\\\/www.geopolitics.fr\\\/2026\\\/05\\\/08\\\/la-france-face-a-lallemagne-qui-dirige-vraiment-leurope-en-2026\\\/#breadcrumb\"},\"inLanguage\":\"en-GB\",\"potentialAction\":[{\"@type\":\"ReadAction\",\"target\":[\"https:\\\/\\\/www.geopolitics.fr\\\/2026\\\/05\\\/08\\\/la-france-face-a-lallemagne-qui-dirige-vraiment-leurope-en-2026\\\/\"]}]},{\"@type\":\"ImageObject\",\"inLanguage\":\"en-GB\",\"@id\":\"https:\\\/\\\/www.geopolitics.fr\\\/2026\\\/05\\\/08\\\/la-france-face-a-lallemagne-qui-dirige-vraiment-leurope-en-2026\\\/#primaryimage\",\"url\":\"https:\\\/\\\/www.geopolitics.fr\\\/wp-content\\\/uploads\\\/2026\\\/05\\\/macron-merz-bon-e1778226140577.jpg\",\"contentUrl\":\"https:\\\/\\\/www.geopolitics.fr\\\/wp-content\\\/uploads\\\/2026\\\/05\\\/macron-merz-bon-e1778226140577.jpg\",\"width\":920,\"height\":460,\"caption\":\"K.Nietfield\\\/AFP\"},{\"@type\":\"BreadcrumbList\",\"@id\":\"https:\\\/\\\/www.geopolitics.fr\\\/2026\\\/05\\\/08\\\/la-france-face-a-lallemagne-qui-dirige-vraiment-leurope-en-2026\\\/#breadcrumb\",\"itemListElement\":[{\"@type\":\"ListItem\",\"position\":1,\"name\":\"Accueil\",\"item\":\"https:\\\/\\\/www.geopolitics.fr\\\/\"},{\"@type\":\"ListItem\",\"position\":2,\"name\":\"La France face \u00e0 l&rsquo;Allemagne : qui dirige vraiment l&rsquo;Europe en 2026 ?\"}]},{\"@type\":\"WebSite\",\"@id\":\"https:\\\/\\\/www.geopolitics.fr\\\/#website\",\"url\":\"https:\\\/\\\/www.geopolitics.fr\\\/\",\"name\":\"Geopolitics.fr\",\"description\":\"Geopolitics.fr Analyse politique, relations internationales, d\u00e9fense - ligne \u00e9ditoriale gaullo-chiraquienne\",\"publisher\":{\"@id\":\"https:\\\/\\\/www.geopolitics.fr\\\/#organization\"},\"potentialAction\":[{\"@type\":\"SearchAction\",\"target\":{\"@type\":\"EntryPoint\",\"urlTemplate\":\"https:\\\/\\\/www.geopolitics.fr\\\/?s={search_term_string}\"},\"query-input\":{\"@type\":\"PropertyValueSpecification\",\"valueRequired\":true,\"valueName\":\"search_term_string\"}}],\"inLanguage\":\"en-GB\"},{\"@type\":\"Organization\",\"@id\":\"https:\\\/\\\/www.geopolitics.fr\\\/#organization\",\"name\":\"Geopolitics.fr\",\"url\":\"https:\\\/\\\/www.geopolitics.fr\\\/\",\"logo\":{\"@type\":\"ImageObject\",\"inLanguage\":\"en-GB\",\"@id\":\"https:\\\/\\\/www.geopolitics.fr\\\/#\\\/schema\\\/logo\\\/image\\\/\",\"url\":\"https:\\\/\\\/www.geopolitics.fr\\\/wp-content\\\/uploads\\\/2024\\\/01\\\/logo.jpg\",\"contentUrl\":\"https:\\\/\\\/www.geopolitics.fr\\\/wp-content\\\/uploads\\\/2024\\\/01\\\/logo.jpg\",\"width\":500,\"height\":500,\"caption\":\"Geopolitics.fr\"},\"image\":{\"@id\":\"https:\\\/\\\/www.geopolitics.fr\\\/#\\\/schema\\\/logo\\\/image\\\/\"},\"sameAs\":[\"https:\\\/\\\/www.facebook.com\\\/people\\\/Erwan-Davoux\\\/61557098968092\\\/\",\"https:\\\/\\\/x.com\\\/Geopolitics_Fr\"]},{\"@type\":\"Person\",\"@id\":\"https:\\\/\\\/www.geopolitics.fr\\\/#\\\/schema\\\/person\\\/c36b165f511617c65a2bf8f8abd9af41\",\"name\":\"Ghizlaine Badri\",\"image\":{\"@type\":\"ImageObject\",\"inLanguage\":\"en-GB\",\"@id\":\"https:\\\/\\\/www.geopolitics.fr\\\/wp-content\\\/uploads\\\/2026\\\/04\\\/cropped-Ghizlaine-96x96.jpg\",\"url\":\"https:\\\/\\\/www.geopolitics.fr\\\/wp-content\\\/uploads\\\/2026\\\/04\\\/cropped-Ghizlaine-96x96.jpg\",\"contentUrl\":\"https:\\\/\\\/www.geopolitics.fr\\\/wp-content\\\/uploads\\\/2026\\\/04\\\/cropped-Ghizlaine-96x96.jpg\",\"caption\":\"Ghizlaine Badri\"},\"description\":\"R\u00e9dactrice en chef de Geopolitics.fr, Ghizlaine Badri est une Journaliste politique forte de vingt-cing ans d'exp\u00e9rience professionnelle dont quinze ans dans la Presse. Elle a construit un parcours \u00e0 l'intersection des sc\u00e8nes fran\u00e7aise, europ\u00e9enne et internationale. Ghizlaine a collabor\u00e9 avec pr\u00e8s d'une vingtaine de m\u00e9dias, parmi lesquels Le Point, Le Figaro, Les \u00c9chos, L'Express et Forbes. Correspondante Maroc\u2013Maghreb pour Le Point et correspondante Afrique pour Forbes, elle s'est distingu\u00e9e par une couverture approfondie des dynamiques politiques et diplomatiques entre l'Europe et le continent africain. Elle est \u00e0 ce jour la seule journaliste marocaine en activit\u00e9 \u00e0 avoir collabor\u00e9 avec des titres majeurs de la presse fran\u00e7aise hors sph\u00e8re panafricaine en France. Au sein du quotidien \u00e9conomique L'\u00c9conomiste, 1er quotidien au Maroc, elle a fond\u00e9 la rubrique France\u2013Maroc, contribuant \u00e0 structurer un espace \u00e9ditorial in\u00e9dit. Titulaire de trois masters obtenus en France, elle a travaill\u00e9 dans les domaines de la communication institutionnelle notamment \u00e0 la Mairie de Bordeaux aupr\u00e8s d'Alain Jupp\u00e9 et a \u00e9galement exerc\u00e9 des fonctions de direction en communication marketing, notamment aupr\u00e8s de l'Ambassade de France au Maroc. Polyglotte, elle est franco-italo-marocaine, n\u00e9e \u00e0 Casablanca, a v\u00e9cu \u00e0 New-York et maitrise cinq langues le fran\u00e7ais, l'arabe, l'anglais, l'italien et l'espagnol.\",\"url\":\"https:\\\/\\\/www.geopolitics.fr\\\/en\\\/author\\\/ghizlaine-badri\\\/\"}]}<\/script>\n<!-- \/ Yoast SEO Premium plugin. -->","yoast_head_json":{"title":"La France face \u00e0 l'Allemagne : qui dirige vraiment l'Europe en 2026 ? | Geopolitics.fr","description":"La France est-elle encore une grande puissance europ\u00e9enne ? Le d\u00e9classement face \u00e0 l'Allemagne devient patent.","robots":{"index":"index","follow":"follow","max-snippet":"max-snippet:-1","max-image-preview":"max-image-preview:large","max-video-preview":"max-video-preview:-1"},"canonical":"https:\/\/www.geopolitics.fr\/en\/2026\/05\/08\/la-france-face-a-lallemagne-qui-dirige-vraiment-leurope-en-2026\/","og_locale":"en_GB","og_type":"article","og_title":"La France face \u00e0 l'Allemagne : qui dirige vraiment l'Europe en 2026 ?","og_description":"La France est-elle encore une grande puissance europ\u00e9enne ? Le d\u00e9classement face \u00e0 l'Allemagne devient patent.","og_url":"https:\/\/www.geopolitics.fr\/en\/2026\/05\/08\/la-france-face-a-lallemagne-qui-dirige-vraiment-leurope-en-2026\/","og_site_name":"Geopolitics.fr","article_publisher":"https:\/\/www.facebook.com\/people\/Erwan-Davoux\/61557098968092\/","article_published_time":"2026-05-08T07:42:49+00:00","article_modified_time":"2026-05-08T07:46:08+00:00","og_image":[{"width":920,"height":460,"url":"https:\/\/www.geopolitics.fr\/wp-content\/uploads\/2026\/05\/macron-merz-bon-e1778226140577.jpg","type":"image\/jpeg"}],"author":"Ghizlaine Badri","twitter_card":"summary_large_image","twitter_creator":"@Geopolitics_Fr","twitter_site":"@Geopolitics_Fr","twitter_misc":{"Written by":"Ghizlaine Badri","Estimated reading time":"8 minutes"},"schema":{"@context":"https:\/\/schema.org","@graph":[{"@type":"Article","@id":"https:\/\/www.geopolitics.fr\/2026\/05\/08\/la-france-face-a-lallemagne-qui-dirige-vraiment-leurope-en-2026\/#article","isPartOf":{"@id":"https:\/\/www.geopolitics.fr\/2026\/05\/08\/la-france-face-a-lallemagne-qui-dirige-vraiment-leurope-en-2026\/"},"author":{"name":"Ghizlaine Badri","@id":"https:\/\/www.geopolitics.fr\/#\/schema\/person\/c36b165f511617c65a2bf8f8abd9af41"},"headline":"La France face \u00e0 l&rsquo;Allemagne : qui dirige vraiment l&rsquo;Europe en 2026 ?","datePublished":"2026-05-08T07:42:49+00:00","dateModified":"2026-05-08T07:46:08+00:00","mainEntityOfPage":{"@id":"https:\/\/www.geopolitics.fr\/2026\/05\/08\/la-france-face-a-lallemagne-qui-dirige-vraiment-leurope-en-2026\/"},"wordCount":1727,"publisher":{"@id":"https:\/\/www.geopolitics.fr\/#organization"},"image":{"@id":"https:\/\/www.geopolitics.fr\/2026\/05\/08\/la-france-face-a-lallemagne-qui-dirige-vraiment-leurope-en-2026\/#primaryimage"},"thumbnailUrl":"https:\/\/www.geopolitics.fr\/wp-content\/uploads\/2026\/05\/macron-merz-bon-e1778226140577.jpg","keywords":["ALLEMAGNE","dissuasuion nucl\u00e9aire","EUROPE","France"],"articleSection":["D\u00e9fense","Diplomatie","Europe","Mis en AVANT"],"inLanguage":"en-GB"},{"@type":"WebPage","@id":"https:\/\/www.geopolitics.fr\/2026\/05\/08\/la-france-face-a-lallemagne-qui-dirige-vraiment-leurope-en-2026\/","url":"https:\/\/www.geopolitics.fr\/2026\/05\/08\/la-france-face-a-lallemagne-qui-dirige-vraiment-leurope-en-2026\/","name":"La France face \u00e0 l'Allemagne : qui dirige vraiment l'Europe en 2026 ? | Geopolitics.fr","isPartOf":{"@id":"https:\/\/www.geopolitics.fr\/#website"},"primaryImageOfPage":{"@id":"https:\/\/www.geopolitics.fr\/2026\/05\/08\/la-france-face-a-lallemagne-qui-dirige-vraiment-leurope-en-2026\/#primaryimage"},"image":{"@id":"https:\/\/www.geopolitics.fr\/2026\/05\/08\/la-france-face-a-lallemagne-qui-dirige-vraiment-leurope-en-2026\/#primaryimage"},"thumbnailUrl":"https:\/\/www.geopolitics.fr\/wp-content\/uploads\/2026\/05\/macron-merz-bon-e1778226140577.jpg","datePublished":"2026-05-08T07:42:49+00:00","dateModified":"2026-05-08T07:46:08+00:00","description":"La France est-elle encore une grande puissance europ\u00e9enne ? Le d\u00e9classement face \u00e0 l'Allemagne devient patent.","breadcrumb":{"@id":"https:\/\/www.geopolitics.fr\/2026\/05\/08\/la-france-face-a-lallemagne-qui-dirige-vraiment-leurope-en-2026\/#breadcrumb"},"inLanguage":"en-GB","potentialAction":[{"@type":"ReadAction","target":["https:\/\/www.geopolitics.fr\/2026\/05\/08\/la-france-face-a-lallemagne-qui-dirige-vraiment-leurope-en-2026\/"]}]},{"@type":"ImageObject","inLanguage":"en-GB","@id":"https:\/\/www.geopolitics.fr\/2026\/05\/08\/la-france-face-a-lallemagne-qui-dirige-vraiment-leurope-en-2026\/#primaryimage","url":"https:\/\/www.geopolitics.fr\/wp-content\/uploads\/2026\/05\/macron-merz-bon-e1778226140577.jpg","contentUrl":"https:\/\/www.geopolitics.fr\/wp-content\/uploads\/2026\/05\/macron-merz-bon-e1778226140577.jpg","width":920,"height":460,"caption":"K.Nietfield\/AFP"},{"@type":"BreadcrumbList","@id":"https:\/\/www.geopolitics.fr\/2026\/05\/08\/la-france-face-a-lallemagne-qui-dirige-vraiment-leurope-en-2026\/#breadcrumb","itemListElement":[{"@type":"ListItem","position":1,"name":"Accueil","item":"https:\/\/www.geopolitics.fr\/"},{"@type":"ListItem","position":2,"name":"La France face \u00e0 l&rsquo;Allemagne : qui dirige vraiment l&rsquo;Europe en 2026 ?"}]},{"@type":"WebSite","@id":"https:\/\/www.geopolitics.fr\/#website","url":"https:\/\/www.geopolitics.fr\/","name":"Geopolitics.fr","description":"Geopolitics.fr Analyse politique, relations internationales, d\u00e9fense - ligne \u00e9ditoriale gaullo-chiraquienne","publisher":{"@id":"https:\/\/www.geopolitics.fr\/#organization"},"potentialAction":[{"@type":"SearchAction","target":{"@type":"EntryPoint","urlTemplate":"https:\/\/www.geopolitics.fr\/?s={search_term_string}"},"query-input":{"@type":"PropertyValueSpecification","valueRequired":true,"valueName":"search_term_string"}}],"inLanguage":"en-GB"},{"@type":"Organization","@id":"https:\/\/www.geopolitics.fr\/#organization","name":"Geopolitics.fr","url":"https:\/\/www.geopolitics.fr\/","logo":{"@type":"ImageObject","inLanguage":"en-GB","@id":"https:\/\/www.geopolitics.fr\/#\/schema\/logo\/image\/","url":"https:\/\/www.geopolitics.fr\/wp-content\/uploads\/2024\/01\/logo.jpg","contentUrl":"https:\/\/www.geopolitics.fr\/wp-content\/uploads\/2024\/01\/logo.jpg","width":500,"height":500,"caption":"Geopolitics.fr"},"image":{"@id":"https:\/\/www.geopolitics.fr\/#\/schema\/logo\/image\/"},"sameAs":["https:\/\/www.facebook.com\/people\/Erwan-Davoux\/61557098968092\/","https:\/\/x.com\/Geopolitics_Fr"]},{"@type":"Person","@id":"https:\/\/www.geopolitics.fr\/#\/schema\/person\/c36b165f511617c65a2bf8f8abd9af41","name":"Ghizlaine Badri","image":{"@type":"ImageObject","inLanguage":"en-GB","@id":"https:\/\/www.geopolitics.fr\/wp-content\/uploads\/2026\/04\/cropped-Ghizlaine-96x96.jpg","url":"https:\/\/www.geopolitics.fr\/wp-content\/uploads\/2026\/04\/cropped-Ghizlaine-96x96.jpg","contentUrl":"https:\/\/www.geopolitics.fr\/wp-content\/uploads\/2026\/04\/cropped-Ghizlaine-96x96.jpg","caption":"Ghizlaine Badri"},"description":"R\u00e9dactrice en chef de Geopolitics.fr, Ghizlaine Badri est une Journaliste politique forte de vingt-cing ans d'exp\u00e9rience professionnelle dont quinze ans dans la Presse. Elle a construit un parcours \u00e0 l'intersection des sc\u00e8nes fran\u00e7aise, europ\u00e9enne et internationale. Ghizlaine a collabor\u00e9 avec pr\u00e8s d'une vingtaine de m\u00e9dias, parmi lesquels Le Point, Le Figaro, Les \u00c9chos, L'Express et Forbes. Correspondante Maroc\u2013Maghreb pour Le Point et correspondante Afrique pour Forbes, elle s'est distingu\u00e9e par une couverture approfondie des dynamiques politiques et diplomatiques entre l'Europe et le continent africain. Elle est \u00e0 ce jour la seule journaliste marocaine en activit\u00e9 \u00e0 avoir collabor\u00e9 avec des titres majeurs de la presse fran\u00e7aise hors sph\u00e8re panafricaine en France. Au sein du quotidien \u00e9conomique L'\u00c9conomiste, 1er quotidien au Maroc, elle a fond\u00e9 la rubrique France\u2013Maroc, contribuant \u00e0 structurer un espace \u00e9ditorial in\u00e9dit. Titulaire de trois masters obtenus en France, elle a travaill\u00e9 dans les domaines de la communication institutionnelle notamment \u00e0 la Mairie de Bordeaux aupr\u00e8s d'Alain Jupp\u00e9 et a \u00e9galement exerc\u00e9 des fonctions de direction en communication marketing, notamment aupr\u00e8s de l'Ambassade de France au Maroc. Polyglotte, elle est franco-italo-marocaine, n\u00e9e \u00e0 Casablanca, a v\u00e9cu \u00e0 New-York et maitrise cinq langues le fran\u00e7ais, l'arabe, l'anglais, l'italien et l'espagnol.","url":"https:\/\/www.geopolitics.fr\/en\/author\/ghizlaine-badri\/"}]}},"_links":{"self":[{"href":"https:\/\/www.geopolitics.fr\/en\/wp-json\/wp\/v2\/posts\/4192","targetHints":{"allow":["GET"]}}],"collection":[{"href":"https:\/\/www.geopolitics.fr\/en\/wp-json\/wp\/v2\/posts"}],"about":[{"href":"https:\/\/www.geopolitics.fr\/en\/wp-json\/wp\/v2\/types\/post"}],"author":[{"embeddable":true,"href":"https:\/\/www.geopolitics.fr\/en\/wp-json\/wp\/v2\/users\/31730"}],"replies":[{"embeddable":true,"href":"https:\/\/www.geopolitics.fr\/en\/wp-json\/wp\/v2\/comments?post=4192"}],"version-history":[{"count":0,"href":"https:\/\/www.geopolitics.fr\/en\/wp-json\/wp\/v2\/posts\/4192\/revisions"}],"wp:featuredmedia":[{"embeddable":true,"href":"https:\/\/www.geopolitics.fr\/en\/wp-json\/wp\/v2\/media\/4201"}],"wp:attachment":[{"href":"https:\/\/www.geopolitics.fr\/en\/wp-json\/wp\/v2\/media?parent=4192"}],"wp:term":[{"taxonomy":"category","embeddable":true,"href":"https:\/\/www.geopolitics.fr\/en\/wp-json\/wp\/v2\/categories?post=4192"},{"taxonomy":"post_tag","embeddable":true,"href":"https:\/\/www.geopolitics.fr\/en\/wp-json\/wp\/v2\/tags?post=4192"}],"curies":[{"name":"wp","href":"https:\/\/api.w.org\/{rel}","templated":true}]}}