{"id":4143,"date":"2026-05-06T17:28:52","date_gmt":"2026-05-06T15:28:52","guid":{"rendered":"https:\/\/www.geopolitics.fr\/?p=4143"},"modified":"2026-05-07T11:44:44","modified_gmt":"2026-05-07T09:44:44","slug":"edouard-philippe-et-le-bloc-central-peuvent-ils-encore-gagner-en-2027","status":"publish","type":"post","link":"https:\/\/www.geopolitics.fr\/en\/2026\/05\/06\/edouard-philippe-et-le-bloc-central-peuvent-ils-encore-gagner-en-2027\/","title":{"rendered":"\u00c9douard Philippe et le bloc central peuvent-ils encore gagner en 2027 ?"},"content":{"rendered":"<h2 class=\"wp-block-heading\" id=\"h-le-retour-en-grace-une-progression-reelle-mais-volatile\">Le retour en gr\u00e2ce : une progression r\u00e9elle mais volatile<\/h2>\n\n\n\n<p class=\"has-medium-font-size wp-block-paragraph\">La r\u00e9\u00e9lection d&rsquo;\u00c9douard Philippe \u00e0 la mairie du Havre en mars 2026 a agi comme un v\u00e9ritable catalyseur politique. Selon le barom\u00e8tre Odoxa pour Public S\u00e9nat et la presse r\u00e9gionale, l&rsquo;ancien Premier ministre enregistre une progression spectaculaire. Il s&rsquo;impose d\u00e9sormais comme le seul candidat susceptible de se qualifier au second tour de la pr\u00e9sidentielle face \u00e0 un Jordan Bardella ultradominant. Dans un sondage Elabe pour La Tribune Dimanche, \u00c9douard Philippe est cr\u00e9dit\u00e9 de 20,5 % \u00e0 25,5 % d&rsquo;intentions de vote au premier tour de la pr\u00e9sidentielle, loin derri\u00e8re la candidature RN, donn\u00e9e \u00e0 31% &#8211; 35 %.&nbsp;<\/p>\n\n\n\n<p class=\"has-medium-font-size wp-block-paragraph\">Ce qui distingue cependant Philippe de tous les autres candidats du camp r\u00e9publicain, c&rsquo;est sa capacit\u00e9 confirm\u00e9e \u00e0 remporter le second tour. Il est le seul candidat test\u00e9 susceptible de battre l&rsquo;extr\u00eame droite : \u00e0 53 % vs 47 % dans l&rsquo;hypoth\u00e8se d&rsquo;un duel avec Marine Le Pen, et \u00e0 51,5 % vs 48,5 % si c&rsquo;est Jordan Bardella qui se pr\u00e9sente.<\/p>\n\n\n\n<p class=\"has-medium-font-size wp-block-paragraph\">Ces chiffres masquent pourtant une r\u00e9alit\u00e9 plus inqui\u00e9tante. En novembre 2025, un barom\u00e8tre diff\u00e9rent racontait une tout autre histoire. Jordan Bardella, cr\u00e9dit\u00e9 de 35 % des suffrages potentiels au premier tour, l&#8217;emportait face \u00e0 Philippe au second tour \u00e0 53 % contre 46 %, marquant une rupture nette avec les projections du printemps pr\u00e9c\u00e9dent, o\u00f9 Philippe aurait battu Bardella \u00e0 54 % contre 46 %. La volatilit\u00e9 de cet espace central est donc structurelle : elle refl\u00e8te moins une conviction ancr\u00e9e qu&rsquo;un vote utile de r\u00e9sistance, susceptible de se d\u00e9rober au moindre faux pas.<\/p>\n\n\n\n<figure class=\"wp-block-image size-large\"><img fetchpriority=\"high\" decoding=\"async\" width=\"1024\" height=\"724\" src=\"https:\/\/www.geopolitics.fr\/wp-content\/uploads\/2026\/05\/presidentielle-2027-1024x724.jpg\" alt=\"\" class=\"wp-image-4164\" srcset=\"https:\/\/www.geopolitics.fr\/wp-content\/uploads\/2026\/05\/presidentielle-2027-1024x724.jpg 1024w, https:\/\/www.geopolitics.fr\/wp-content\/uploads\/2026\/05\/presidentielle-2027-300x212.jpg 300w, https:\/\/www.geopolitics.fr\/wp-content\/uploads\/2026\/05\/presidentielle-2027-768x543.jpg 768w, https:\/\/www.geopolitics.fr\/wp-content\/uploads\/2026\/05\/presidentielle-2027-1536x1086.jpg 1536w, https:\/\/www.geopolitics.fr\/wp-content\/uploads\/2026\/05\/presidentielle-2027-1170x828.jpg 1170w, https:\/\/www.geopolitics.fr\/wp-content\/uploads\/2026\/05\/presidentielle-2027-585x414.jpg 585w, https:\/\/www.geopolitics.fr\/wp-content\/uploads\/2026\/05\/presidentielle-2027.jpg 1920w\" sizes=\"(max-width: 1024px) 100vw, 1024px\" \/><figcaption class=\"wp-element-caption\">Pr\u00e9sidentielle 2027<\/figcaption><\/figure>\n\n\n\n<h2 class=\"wp-block-heading\" id=\"h-philippe-leader-naturel-d-un-camp-sans-arbitre\">Philippe, leader naturel d&rsquo;un camp sans arbitre<\/h2>\n\n\n\n<p class=\"has-medium-font-size wp-block-paragraph\">Au sein m\u00eame du bloc central, la comp\u00e9tition reste ouverte. \u00c9douard Philippe s&rsquo;impose comme le leader naturel du bloc central pour 62 % des sympathisants de cet espace. Mais cette h\u00e9g\u00e9monie est loin d&rsquo;\u00eatre acquise face aux ambitions de Gabriel Attal et Bruno Retailleau.<\/p>\n\n\n\n<p class=\"has-medium-font-size wp-block-paragraph\">Dans une \u00e9tude Elabe, Gabriel Attal et \u00c9douard Philippe sont au coude-\u00e0-coude pour repr\u00e9senter le bloc central aupr\u00e8s de l&rsquo;\u00e9lectorat Ensemble des l\u00e9gislatives de 2024, avec 42 % pour Attal contre 40 % pour Philippe. Mais chez les sympathisants Renaissance, Modem et Horizons, Philippe prend l&rsquo;avantage, avec 60 % contre 48 %. Cette distinction est capitale : Philippe attire davantage \u00e0 l&rsquo;ext\u00e9rieur de sa base imm\u00e9diate, l\u00e0 o\u00f9 Attal garde un meilleur ancrage partisan.<\/p>\n\n\n\n<p class=\"has-medium-font-size wp-block-paragraph\">Avec 47 % de Fran\u00e7ais pensant qu&rsquo;il ferait un bon candidat pour son camp, Philippe devance de 11 points Gabriel Attal (36 %) et de 15 points G\u00e9rald Darmanin (32 %). L&rsquo;\u00e9cart est encore plus net aupr\u00e8s des sympathisants du centre.<\/p>\n\n\n\n<p class=\"has-medium-font-size wp-block-paragraph\">Reste la question de Bruno Retailleau et des R\u00e9publicains. Odoxa a test\u00e9 le sc\u00e9nario d&rsquo;une double candidature au premier tour, celle d&rsquo;\u00c9douard Philippe et de Bruno Retailleau. Le verdict est sans appel : la fragmentation cr\u00e9e un risque d&rsquo;\u00e9limination pour les deux. La le\u00e7on de 2002 hante tous les \u00e9tats-majors : la droite r\u00e9publicaine et le centre peuvent se neutraliser mutuellement et offrir le second tour au RN.<\/p>\n\n\n\n<h2 class=\"wp-block-heading\" id=\"h-la-strategie-d-elargissement-depasser-horizons\">La strat\u00e9gie d&rsquo;\u00e9largissement : d\u00e9passer Horizons<\/h2>\n\n\n\n<p class=\"has-medium-font-size wp-block-paragraph\">La lucidit\u00e9 strat\u00e9gique d&rsquo;\u00c9douard Philippe r\u00e9side dans sa conscience que son parti seul ne suffit pas. Philippe a d\u00e9clar\u00e9 qu&rsquo;\u00ab on sera capable de discuter le moment venu pour qu&rsquo;on puisse faire pr\u00e9valoir un bloc, un bloc r\u00e9publicain, qui croit \u00e0 l&rsquo;Europe, \u00e0 l&rsquo;\u00e9conomie de march\u00e9, qui pense que la France doit \u00eatre puissante \u00bb. Et il a explicitement ouvert la porte \u00e0 la gauche r\u00e9publicaine : \u00ab Bien s\u00fbr qu&rsquo;il faut parler \u00e0 la gauche r\u00e9publicaine. J&rsquo;ai beaucoup de respect pour des \u00e9lus de gauche, et je ne vais pas arr\u00eater de leur parler.\u00bb<\/p>\n\n\n\n<p class=\"has-medium-font-size wp-block-paragraph\">\u00c0 terme, \u00c9douard Philippe a vocation \u00e0 se d\u00e9gager d&rsquo;Horizons. Ce sera un support principal pour la campagne, mais d&rsquo;autres gens vont s&rsquo;agr\u00e9ger. \u00ab Edouard Philippe a bien conscience qu&rsquo;il va falloir d\u00e9passer Horizons pour gagner \u00bb, confirme la s\u00e9natrice Agn\u00e8s Canayer \u00e0 Public S\u00e9nat. L&rsquo;id\u00e9e d&rsquo;une nouvelle structure d&rsquo;accueil circule dans son entourage. Un mod\u00e8le proche du P\u00f4le r\u00e9publicain de Chev\u00e8nement en 2002, une ombrelle plus large que le parti d&rsquo;origine, capable d&rsquo;agr\u00e9ger des personnalit\u00e9s issues d&rsquo;horizons diff\u00e9rents.<\/p>\n\n\n\n<p class=\"has-medium-font-size wp-block-paragraph\">Du c\u00f4t\u00e9 de la droite mod\u00e9r\u00e9e, le diagnostic est partag\u00e9.\u00ab Je pense que le front r\u00e9publicain n&rsquo;a plus d&rsquo;existence. Il se fissure partout. Les digues aujourd&rsquo;hui ont saut\u00e9. Donc il faudra trouver autre chose. \u00bb ajoute Agn\u00e8s Canayer \u00e0 Public S\u00e9nat.&nbsp;<\/p>\n\n\n\n<h2 class=\"wp-block-heading\" id=\"h-le-paradoxe-de-l-heritage-macroniste\">Le paradoxe de l&rsquo;h\u00e9ritage macroniste<\/h2>\n\n\n\n<p class=\"has-medium-font-size wp-block-paragraph\">\u00c9douard Philippe doit r\u00e9soudre une \u00e9quation d\u00e9licate : capitaliser sur son exp\u00e9rience gouvernementale tout en s&rsquo;\u00e9mancipant du bilan macroniste. Premier ministre de 2017 \u00e0 2020, il porte \u00e0 la fois les r\u00e9formes accomplies et les impopularit\u00e9s associ\u00e9es.<\/p>\n\n\n\n<p class=\"has-medium-font-size wp-block-paragraph\">Sur les retraites, la blessure est encore vive. Philippe a d\u00e9fendu en 2019 le syst\u00e8me universel et a encore soutenu sa r\u00e9forme face \u00e0 une motion de censure en 2020. Pour une large partie des Fran\u00e7ais, il reste l&rsquo;homme qui a voulu allonger la dur\u00e9e de cotisation, une image particuli\u00e8rement n\u00e9gative dans les milieux ouvriers que le RN a su capter.&nbsp;<\/p>\n\n\n\n<p class=\"has-medium-font-size wp-block-paragraph\">Sur l&rsquo;immigration, la ligne d&rsquo;Horizons tente un \u00e9quilibre pr\u00e9caire. Horizons a affirm\u00e9 \u00e0 l&rsquo;Assembl\u00e9e nationale en novembre 2025 vouloir reprendre la ma\u00eetrise des flux, combattre l&rsquo;immigration irr\u00e9guli\u00e8re et ren\u00e9gocier des cadres jug\u00e9s obsol\u00e8tes, comme l&rsquo;accord franco-alg\u00e9rien de 1968. Pour ses partisans, c&rsquo;est du pragmatisme. Pour ses adversaires, c&rsquo;est la preuve qu&rsquo;il ne faut pas se laisser tromper par une image trop lisse.<\/p>\n\n\n\n<p class=\"has-medium-font-size wp-block-paragraph\">Les enqu\u00eates d\u00e9crivent un ancien premier ministre jug\u00e9 s\u00e9rieux et travailleur, mais aussi opportuniste. Et elles montrent surtout qu&rsquo;il part avec un socle solide au centre, bien plus qu&rsquo;\u00e0 gauche. La question de sa cr\u00e9dibilit\u00e9 aupr\u00e8s des classes populaires reste enti\u00e8re.&nbsp;<\/p>\n\n\n\n<h2 class=\"wp-block-heading\" id=\"h-les-conditions-d-une-victoire-et-le-verdict\">Les conditions d&rsquo;une victoire et le verdict<\/h2>\n\n\n\n<p class=\"has-medium-font-size wp-block-paragraph\">Trois conditions cumulatives semblent n\u00e9cessaires pour qu&rsquo;\u00c9douard Philippe parvienne \u00e0 l&rsquo;\u00c9lys\u00e9e en 2027. Premi\u00e8rement, l&rsquo;unit\u00e9 du bloc central autour de sa candidature, en \u00e9vitant la double candidature avec Retailleau ou une concurrence frontale avec Attal au premier tour. La question n&rsquo;est plus seulement de savoir qui parle le plus fort. Elle est de savoir qui peut encore parler au nom d&rsquo;un camp assez large pour ne pas finir au bord de la route en 2027. Le bloc central a des candidats. Il lui manque encore un arbitre.&nbsp;<\/p>\n\n\n\n<p class=\"has-medium-font-size wp-block-paragraph\">Deuxi\u00e8mement, une candidature fractionn\u00e9e de la gauche, ce qui semble aujourd&rsquo;hui probable,&nbsp; permettant \u00e0 Philippe d&rsquo;arriver nettement en deuxi\u00e8me position au premier tour sans \u00eatre doubl\u00e9 par un candidat de gauche unifi\u00e9.<\/p>\n\n\n\n<p class=\"has-medium-font-size wp-block-paragraph\">Troisi\u00e8mement, une variable judiciaire et politique d\u00e9cisive : le sort de Marine Le Pen. Condamn\u00e9e en premi\u00e8re instance \u00e0 5 ans d&rsquo;in\u00e9ligibilit\u00e9 avec ex\u00e9cution provisoire dans l&rsquo;affaire des assistants parlementaires, sa candidature reste suspendue \u00e0 l&rsquo;issue en appel. Si Le Pen est \u00e9cart\u00e9e et Bardella lui est substitu\u00e9, les sondages d&rsquo;automne 2025 sugg\u00e8rent que Philippe perdrait le second tour. La fragilisation judiciaire du RN pourrait paradoxalement le renforcer en le pr\u00e9sentant comme victime du syst\u00e8me.<\/p>\n\n\n\n<p class=\"has-medium-font-size wp-block-paragraph\">\u00c9douard Philippe dispose aujourd&rsquo;hui du profil le plus complet du spectre r\u00e9publicain : exp\u00e9rience gouvernementale, ancrage territorial, image de s\u00e9rieux, capacit\u00e9 rh\u00e9torique, et une vision de long terme rare dans un paysage politique domin\u00e9 par l&rsquo;imm\u00e9diatet\u00e9. La pr\u00e9sentation de son programme, annonc\u00e9e pour mai 2026, sera un test d\u00e9cisif de sa capacit\u00e9 \u00e0 proposer autre chose que de la gestion.<\/p>\n\n\n\n<p class=\"has-medium-font-size wp-block-paragraph\">Mais la victoire en 2027 exige une conjonction d&rsquo;\u00e9v\u00e9nements favorables rarissime. Le RN reste dominant au premier tour quel que soit son candidat. La France de 2027 est une France o\u00f9 la d\u00e9fiance envers les \u00e9lites et l&rsquo;establishment, dont Philippe est objectivement une figure, demeure structurellement \u00e9lev\u00e9e. Gagner, pour lui, c&rsquo;est convaincre que l&rsquo;exp\u00e9rience et la comp\u00e9tence valent mieux que la col\u00e8re et la rupture. Un pari difficile. Pas impossible.<\/p>","protected":false},"excerpt":{"rendered":"<p>Le retour en gr\u00e2ce : une progression r\u00e9elle mais volatile La r\u00e9\u00e9lection d&rsquo;\u00c9douard Philippe \u00e0 la mairie du Havre en mars 2026&hellip;<\/p>","protected":false},"author":31730,"featured_media":4162,"comment_status":"closed","ping_status":"closed","sticky":false,"template":"","format":"standard","meta":{"_lmt_disableupdate":"","_lmt_disable":"","footnotes":""},"categories":[619,605,4,617],"tags":[664,666],"class_list":["post-4143","post","type-post","status-publish","format-standard","has-post-thumbnail","hentry","category-elections","category-france","category-mis-en-avant","category-politique-france","tag-edouard-philippe","tag-presidentielle-2027"],"yoast_head":"<!-- This site is optimized with the Yoast SEO Premium plugin v28.1 (Yoast SEO v28.1) - https:\/\/yoast.com\/product\/yoast-seo-premium-wordpress\/ -->\n<title>\u00c9douard Philippe et le bloc central peuvent-ils encore gagner en 2027 ? | Geopolitics.fr<\/title>\n<meta name=\"description\" content=\"\u00c9douard Philippe doit r\u00e9soudre une \u00e9quation d\u00e9licate : capitaliser sur son exp\u00e9rience gouvernementale tout en s&#039;\u00e9mancipant du macronisme.\" \/>\n<meta name=\"robots\" content=\"index, follow, max-snippet:-1, max-image-preview:large, max-video-preview:-1\" \/>\n<link rel=\"canonical\" href=\"https:\/\/www.geopolitics.fr\/en\/2026\/05\/06\/edouard-philippe-et-le-bloc-central-peuvent-ils-encore-gagner-en-2027\/\" \/>\n<meta property=\"og:locale\" content=\"en_GB\" \/>\n<meta property=\"og:type\" content=\"article\" \/>\n<meta property=\"og:title\" content=\"\u00c9douard Philippe et le bloc central peuvent-ils encore gagner en 2027 ?\" \/>\n<meta property=\"og:description\" content=\"\u00c9douard Philippe doit r\u00e9soudre une \u00e9quation d\u00e9licate : capitaliser sur son exp\u00e9rience gouvernementale tout en s&#039;\u00e9mancipant du macronisme.\" \/>\n<meta property=\"og:url\" content=\"https:\/\/www.geopolitics.fr\/en\/2026\/05\/06\/edouard-philippe-et-le-bloc-central-peuvent-ils-encore-gagner-en-2027\/\" \/>\n<meta property=\"og:site_name\" content=\"Geopolitics.fr\" \/>\n<meta property=\"article:publisher\" content=\"https:\/\/www.facebook.com\/people\/Erwan-Davoux\/61557098968092\/\" \/>\n<meta property=\"article:published_time\" content=\"2026-05-06T15:28:52+00:00\" \/>\n<meta property=\"article:modified_time\" content=\"2026-05-07T09:44:44+00:00\" \/>\n<meta property=\"og:image\" content=\"https:\/\/www.geopolitics.fr\/wp-content\/uploads\/2026\/05\/EP-1.jpg\" \/>\n\t<meta property=\"og:image:width\" content=\"1080\" \/>\n\t<meta property=\"og:image:height\" content=\"1018\" \/>\n\t<meta property=\"og:image:type\" content=\"image\/jpeg\" \/>\n<meta name=\"author\" content=\"Ghizlaine Badri\" \/>\n<meta name=\"twitter:card\" content=\"summary_large_image\" \/>\n<meta name=\"twitter:creator\" content=\"@Geopolitics_Fr\" \/>\n<meta name=\"twitter:site\" content=\"@Geopolitics_Fr\" \/>\n<meta name=\"twitter:label1\" content=\"Written by\" \/>\n\t<meta name=\"twitter:data1\" content=\"Ghizlaine Badri\" \/>\n\t<meta name=\"twitter:label2\" content=\"Estimated reading time\" \/>\n\t<meta name=\"twitter:data2\" content=\"7 minutes\" \/>\n<script type=\"application\/ld+json\" class=\"yoast-schema-graph\">{\"@context\":\"https:\\\/\\\/schema.org\",\"@graph\":[{\"@type\":\"Article\",\"@id\":\"https:\\\/\\\/www.geopolitics.fr\\\/2026\\\/05\\\/06\\\/edouard-philippe-et-le-bloc-central-peuvent-ils-encore-gagner-en-2027\\\/#article\",\"isPartOf\":{\"@id\":\"https:\\\/\\\/www.geopolitics.fr\\\/2026\\\/05\\\/06\\\/edouard-philippe-et-le-bloc-central-peuvent-ils-encore-gagner-en-2027\\\/\"},\"author\":{\"name\":\"Ghizlaine Badri\",\"@id\":\"https:\\\/\\\/www.geopolitics.fr\\\/#\\\/schema\\\/person\\\/c36b165f511617c65a2bf8f8abd9af41\"},\"headline\":\"\u00c9douard Philippe et le bloc central peuvent-ils encore gagner en 2027 ?\",\"datePublished\":\"2026-05-06T15:28:52+00:00\",\"dateModified\":\"2026-05-07T09:44:44+00:00\",\"mainEntityOfPage\":{\"@id\":\"https:\\\/\\\/www.geopolitics.fr\\\/2026\\\/05\\\/06\\\/edouard-philippe-et-le-bloc-central-peuvent-ils-encore-gagner-en-2027\\\/\"},\"wordCount\":1378,\"publisher\":{\"@id\":\"https:\\\/\\\/www.geopolitics.fr\\\/#organization\"},\"image\":{\"@id\":\"https:\\\/\\\/www.geopolitics.fr\\\/2026\\\/05\\\/06\\\/edouard-philippe-et-le-bloc-central-peuvent-ils-encore-gagner-en-2027\\\/#primaryimage\"},\"thumbnailUrl\":\"https:\\\/\\\/www.geopolitics.fr\\\/wp-content\\\/uploads\\\/2026\\\/05\\\/EP-1.jpg\",\"keywords\":[\"EDOUARD PHILIPPE\",\"PRESIDENTIELLE 2027\"],\"articleSection\":[\"Elections\",\"FRANCE\",\"Mis en AVANT\",\"Politique\"],\"inLanguage\":\"en-GB\"},{\"@type\":\"WebPage\",\"@id\":\"https:\\\/\\\/www.geopolitics.fr\\\/2026\\\/05\\\/06\\\/edouard-philippe-et-le-bloc-central-peuvent-ils-encore-gagner-en-2027\\\/\",\"url\":\"https:\\\/\\\/www.geopolitics.fr\\\/2026\\\/05\\\/06\\\/edouard-philippe-et-le-bloc-central-peuvent-ils-encore-gagner-en-2027\\\/\",\"name\":\"\u00c9douard Philippe et le bloc central peuvent-ils encore gagner en 2027 ? | Geopolitics.fr\",\"isPartOf\":{\"@id\":\"https:\\\/\\\/www.geopolitics.fr\\\/#website\"},\"primaryImageOfPage\":{\"@id\":\"https:\\\/\\\/www.geopolitics.fr\\\/2026\\\/05\\\/06\\\/edouard-philippe-et-le-bloc-central-peuvent-ils-encore-gagner-en-2027\\\/#primaryimage\"},\"image\":{\"@id\":\"https:\\\/\\\/www.geopolitics.fr\\\/2026\\\/05\\\/06\\\/edouard-philippe-et-le-bloc-central-peuvent-ils-encore-gagner-en-2027\\\/#primaryimage\"},\"thumbnailUrl\":\"https:\\\/\\\/www.geopolitics.fr\\\/wp-content\\\/uploads\\\/2026\\\/05\\\/EP-1.jpg\",\"datePublished\":\"2026-05-06T15:28:52+00:00\",\"dateModified\":\"2026-05-07T09:44:44+00:00\",\"description\":\"\u00c9douard Philippe doit r\u00e9soudre une \u00e9quation d\u00e9licate : capitaliser sur son exp\u00e9rience gouvernementale tout en s'\u00e9mancipant du macronisme.\",\"breadcrumb\":{\"@id\":\"https:\\\/\\\/www.geopolitics.fr\\\/2026\\\/05\\\/06\\\/edouard-philippe-et-le-bloc-central-peuvent-ils-encore-gagner-en-2027\\\/#breadcrumb\"},\"inLanguage\":\"en-GB\",\"potentialAction\":[{\"@type\":\"ReadAction\",\"target\":[\"https:\\\/\\\/www.geopolitics.fr\\\/2026\\\/05\\\/06\\\/edouard-philippe-et-le-bloc-central-peuvent-ils-encore-gagner-en-2027\\\/\"]}]},{\"@type\":\"ImageObject\",\"inLanguage\":\"en-GB\",\"@id\":\"https:\\\/\\\/www.geopolitics.fr\\\/2026\\\/05\\\/06\\\/edouard-philippe-et-le-bloc-central-peuvent-ils-encore-gagner-en-2027\\\/#primaryimage\",\"url\":\"https:\\\/\\\/www.geopolitics.fr\\\/wp-content\\\/uploads\\\/2026\\\/05\\\/EP-1.jpg\",\"contentUrl\":\"https:\\\/\\\/www.geopolitics.fr\\\/wp-content\\\/uploads\\\/2026\\\/05\\\/EP-1.jpg\",\"width\":1080,\"height\":1018},{\"@type\":\"BreadcrumbList\",\"@id\":\"https:\\\/\\\/www.geopolitics.fr\\\/2026\\\/05\\\/06\\\/edouard-philippe-et-le-bloc-central-peuvent-ils-encore-gagner-en-2027\\\/#breadcrumb\",\"itemListElement\":[{\"@type\":\"ListItem\",\"position\":1,\"name\":\"Accueil\",\"item\":\"https:\\\/\\\/www.geopolitics.fr\\\/\"},{\"@type\":\"ListItem\",\"position\":2,\"name\":\"\u00c9douard Philippe et le bloc central peuvent-ils encore gagner en 2027 ?\"}]},{\"@type\":\"WebSite\",\"@id\":\"https:\\\/\\\/www.geopolitics.fr\\\/#website\",\"url\":\"https:\\\/\\\/www.geopolitics.fr\\\/\",\"name\":\"Geopolitics.fr\",\"description\":\"Geopolitics.fr Analyse politique, relations internationales, d\u00e9fense - ligne \u00e9ditoriale gaullo-chiraquienne\",\"publisher\":{\"@id\":\"https:\\\/\\\/www.geopolitics.fr\\\/#organization\"},\"potentialAction\":[{\"@type\":\"SearchAction\",\"target\":{\"@type\":\"EntryPoint\",\"urlTemplate\":\"https:\\\/\\\/www.geopolitics.fr\\\/?s={search_term_string}\"},\"query-input\":{\"@type\":\"PropertyValueSpecification\",\"valueRequired\":true,\"valueName\":\"search_term_string\"}}],\"inLanguage\":\"en-GB\"},{\"@type\":\"Organization\",\"@id\":\"https:\\\/\\\/www.geopolitics.fr\\\/#organization\",\"name\":\"Geopolitics.fr\",\"url\":\"https:\\\/\\\/www.geopolitics.fr\\\/\",\"logo\":{\"@type\":\"ImageObject\",\"inLanguage\":\"en-GB\",\"@id\":\"https:\\\/\\\/www.geopolitics.fr\\\/#\\\/schema\\\/logo\\\/image\\\/\",\"url\":\"https:\\\/\\\/www.geopolitics.fr\\\/wp-content\\\/uploads\\\/2024\\\/01\\\/logo.jpg\",\"contentUrl\":\"https:\\\/\\\/www.geopolitics.fr\\\/wp-content\\\/uploads\\\/2024\\\/01\\\/logo.jpg\",\"width\":500,\"height\":500,\"caption\":\"Geopolitics.fr\"},\"image\":{\"@id\":\"https:\\\/\\\/www.geopolitics.fr\\\/#\\\/schema\\\/logo\\\/image\\\/\"},\"sameAs\":[\"https:\\\/\\\/www.facebook.com\\\/people\\\/Erwan-Davoux\\\/61557098968092\\\/\",\"https:\\\/\\\/x.com\\\/Geopolitics_Fr\"]},{\"@type\":\"Person\",\"@id\":\"https:\\\/\\\/www.geopolitics.fr\\\/#\\\/schema\\\/person\\\/c36b165f511617c65a2bf8f8abd9af41\",\"name\":\"Ghizlaine Badri\",\"image\":{\"@type\":\"ImageObject\",\"inLanguage\":\"en-GB\",\"@id\":\"https:\\\/\\\/www.geopolitics.fr\\\/wp-content\\\/uploads\\\/2026\\\/04\\\/cropped-Ghizlaine-96x96.jpg\",\"url\":\"https:\\\/\\\/www.geopolitics.fr\\\/wp-content\\\/uploads\\\/2026\\\/04\\\/cropped-Ghizlaine-96x96.jpg\",\"contentUrl\":\"https:\\\/\\\/www.geopolitics.fr\\\/wp-content\\\/uploads\\\/2026\\\/04\\\/cropped-Ghizlaine-96x96.jpg\",\"caption\":\"Ghizlaine Badri\"},\"description\":\"R\u00e9dactrice en chef de Geopolitics.fr, Ghizlaine Badri est une Journaliste politique forte de vingt-cing ans d'exp\u00e9rience professionnelle dont quinze ans dans la Presse. Elle a construit un parcours \u00e0 l'intersection des sc\u00e8nes fran\u00e7aise, europ\u00e9enne et internationale. Ghizlaine a collabor\u00e9 avec pr\u00e8s d'une vingtaine de m\u00e9dias, parmi lesquels Le Point, Le Figaro, Les \u00c9chos, L'Express et Forbes. Correspondante Maroc\u2013Maghreb pour Le Point et correspondante Afrique pour Forbes, elle s'est distingu\u00e9e par une couverture approfondie des dynamiques politiques et diplomatiques entre l'Europe et le continent africain. Elle est \u00e0 ce jour la seule journaliste marocaine en activit\u00e9 \u00e0 avoir collabor\u00e9 avec des titres majeurs de la presse fran\u00e7aise hors sph\u00e8re panafricaine en France. Au sein du quotidien \u00e9conomique L'\u00c9conomiste, 1er quotidien au Maroc, elle a fond\u00e9 la rubrique France\u2013Maroc, contribuant \u00e0 structurer un espace \u00e9ditorial in\u00e9dit. Titulaire de trois masters obtenus en France, elle a travaill\u00e9 dans les domaines de la communication institutionnelle notamment \u00e0 la Mairie de Bordeaux aupr\u00e8s d'Alain Jupp\u00e9 et a \u00e9galement exerc\u00e9 des fonctions de direction en communication marketing, notamment aupr\u00e8s de l'Ambassade de France au Maroc. Polyglotte, elle est franco-italo-marocaine, n\u00e9e \u00e0 Casablanca, a v\u00e9cu \u00e0 New-York et maitrise cinq langues le fran\u00e7ais, l'arabe, l'anglais, l'italien et l'espagnol.\",\"url\":\"https:\\\/\\\/www.geopolitics.fr\\\/en\\\/author\\\/ghizlaine-badri\\\/\"}]}<\/script>\n<!-- \/ Yoast SEO Premium plugin. -->","yoast_head_json":{"title":"\u00c9douard Philippe et le bloc central peuvent-ils encore gagner en 2027 ? | Geopolitics.fr","description":"\u00c9douard Philippe doit r\u00e9soudre une \u00e9quation d\u00e9licate : capitaliser sur son exp\u00e9rience gouvernementale tout en s'\u00e9mancipant du macronisme.","robots":{"index":"index","follow":"follow","max-snippet":"max-snippet:-1","max-image-preview":"max-image-preview:large","max-video-preview":"max-video-preview:-1"},"canonical":"https:\/\/www.geopolitics.fr\/en\/2026\/05\/06\/edouard-philippe-et-le-bloc-central-peuvent-ils-encore-gagner-en-2027\/","og_locale":"en_GB","og_type":"article","og_title":"\u00c9douard Philippe et le bloc central peuvent-ils encore gagner en 2027 ?","og_description":"\u00c9douard Philippe doit r\u00e9soudre une \u00e9quation d\u00e9licate : capitaliser sur son exp\u00e9rience gouvernementale tout en s'\u00e9mancipant du macronisme.","og_url":"https:\/\/www.geopolitics.fr\/en\/2026\/05\/06\/edouard-philippe-et-le-bloc-central-peuvent-ils-encore-gagner-en-2027\/","og_site_name":"Geopolitics.fr","article_publisher":"https:\/\/www.facebook.com\/people\/Erwan-Davoux\/61557098968092\/","article_published_time":"2026-05-06T15:28:52+00:00","article_modified_time":"2026-05-07T09:44:44+00:00","og_image":[{"width":1080,"height":1018,"url":"https:\/\/www.geopolitics.fr\/wp-content\/uploads\/2026\/05\/EP-1.jpg","type":"image\/jpeg"}],"author":"Ghizlaine Badri","twitter_card":"summary_large_image","twitter_creator":"@Geopolitics_Fr","twitter_site":"@Geopolitics_Fr","twitter_misc":{"Written by":"Ghizlaine Badri","Estimated reading time":"7 minutes"},"schema":{"@context":"https:\/\/schema.org","@graph":[{"@type":"Article","@id":"https:\/\/www.geopolitics.fr\/2026\/05\/06\/edouard-philippe-et-le-bloc-central-peuvent-ils-encore-gagner-en-2027\/#article","isPartOf":{"@id":"https:\/\/www.geopolitics.fr\/2026\/05\/06\/edouard-philippe-et-le-bloc-central-peuvent-ils-encore-gagner-en-2027\/"},"author":{"name":"Ghizlaine Badri","@id":"https:\/\/www.geopolitics.fr\/#\/schema\/person\/c36b165f511617c65a2bf8f8abd9af41"},"headline":"\u00c9douard Philippe et le bloc central peuvent-ils encore gagner en 2027 ?","datePublished":"2026-05-06T15:28:52+00:00","dateModified":"2026-05-07T09:44:44+00:00","mainEntityOfPage":{"@id":"https:\/\/www.geopolitics.fr\/2026\/05\/06\/edouard-philippe-et-le-bloc-central-peuvent-ils-encore-gagner-en-2027\/"},"wordCount":1378,"publisher":{"@id":"https:\/\/www.geopolitics.fr\/#organization"},"image":{"@id":"https:\/\/www.geopolitics.fr\/2026\/05\/06\/edouard-philippe-et-le-bloc-central-peuvent-ils-encore-gagner-en-2027\/#primaryimage"},"thumbnailUrl":"https:\/\/www.geopolitics.fr\/wp-content\/uploads\/2026\/05\/EP-1.jpg","keywords":["EDOUARD PHILIPPE","PRESIDENTIELLE 2027"],"articleSection":["Elections","FRANCE","Mis en AVANT","Politique"],"inLanguage":"en-GB"},{"@type":"WebPage","@id":"https:\/\/www.geopolitics.fr\/2026\/05\/06\/edouard-philippe-et-le-bloc-central-peuvent-ils-encore-gagner-en-2027\/","url":"https:\/\/www.geopolitics.fr\/2026\/05\/06\/edouard-philippe-et-le-bloc-central-peuvent-ils-encore-gagner-en-2027\/","name":"\u00c9douard Philippe et le bloc central peuvent-ils encore gagner en 2027 ? | Geopolitics.fr","isPartOf":{"@id":"https:\/\/www.geopolitics.fr\/#website"},"primaryImageOfPage":{"@id":"https:\/\/www.geopolitics.fr\/2026\/05\/06\/edouard-philippe-et-le-bloc-central-peuvent-ils-encore-gagner-en-2027\/#primaryimage"},"image":{"@id":"https:\/\/www.geopolitics.fr\/2026\/05\/06\/edouard-philippe-et-le-bloc-central-peuvent-ils-encore-gagner-en-2027\/#primaryimage"},"thumbnailUrl":"https:\/\/www.geopolitics.fr\/wp-content\/uploads\/2026\/05\/EP-1.jpg","datePublished":"2026-05-06T15:28:52+00:00","dateModified":"2026-05-07T09:44:44+00:00","description":"\u00c9douard Philippe doit r\u00e9soudre une \u00e9quation d\u00e9licate : capitaliser sur son exp\u00e9rience gouvernementale tout en s'\u00e9mancipant du macronisme.","breadcrumb":{"@id":"https:\/\/www.geopolitics.fr\/2026\/05\/06\/edouard-philippe-et-le-bloc-central-peuvent-ils-encore-gagner-en-2027\/#breadcrumb"},"inLanguage":"en-GB","potentialAction":[{"@type":"ReadAction","target":["https:\/\/www.geopolitics.fr\/2026\/05\/06\/edouard-philippe-et-le-bloc-central-peuvent-ils-encore-gagner-en-2027\/"]}]},{"@type":"ImageObject","inLanguage":"en-GB","@id":"https:\/\/www.geopolitics.fr\/2026\/05\/06\/edouard-philippe-et-le-bloc-central-peuvent-ils-encore-gagner-en-2027\/#primaryimage","url":"https:\/\/www.geopolitics.fr\/wp-content\/uploads\/2026\/05\/EP-1.jpg","contentUrl":"https:\/\/www.geopolitics.fr\/wp-content\/uploads\/2026\/05\/EP-1.jpg","width":1080,"height":1018},{"@type":"BreadcrumbList","@id":"https:\/\/www.geopolitics.fr\/2026\/05\/06\/edouard-philippe-et-le-bloc-central-peuvent-ils-encore-gagner-en-2027\/#breadcrumb","itemListElement":[{"@type":"ListItem","position":1,"name":"Accueil","item":"https:\/\/www.geopolitics.fr\/"},{"@type":"ListItem","position":2,"name":"\u00c9douard Philippe et le bloc central peuvent-ils encore gagner en 2027 ?"}]},{"@type":"WebSite","@id":"https:\/\/www.geopolitics.fr\/#website","url":"https:\/\/www.geopolitics.fr\/","name":"Geopolitics.fr","description":"Geopolitics.fr Analyse politique, relations internationales, d\u00e9fense - ligne \u00e9ditoriale gaullo-chiraquienne","publisher":{"@id":"https:\/\/www.geopolitics.fr\/#organization"},"potentialAction":[{"@type":"SearchAction","target":{"@type":"EntryPoint","urlTemplate":"https:\/\/www.geopolitics.fr\/?s={search_term_string}"},"query-input":{"@type":"PropertyValueSpecification","valueRequired":true,"valueName":"search_term_string"}}],"inLanguage":"en-GB"},{"@type":"Organization","@id":"https:\/\/www.geopolitics.fr\/#organization","name":"Geopolitics.fr","url":"https:\/\/www.geopolitics.fr\/","logo":{"@type":"ImageObject","inLanguage":"en-GB","@id":"https:\/\/www.geopolitics.fr\/#\/schema\/logo\/image\/","url":"https:\/\/www.geopolitics.fr\/wp-content\/uploads\/2024\/01\/logo.jpg","contentUrl":"https:\/\/www.geopolitics.fr\/wp-content\/uploads\/2024\/01\/logo.jpg","width":500,"height":500,"caption":"Geopolitics.fr"},"image":{"@id":"https:\/\/www.geopolitics.fr\/#\/schema\/logo\/image\/"},"sameAs":["https:\/\/www.facebook.com\/people\/Erwan-Davoux\/61557098968092\/","https:\/\/x.com\/Geopolitics_Fr"]},{"@type":"Person","@id":"https:\/\/www.geopolitics.fr\/#\/schema\/person\/c36b165f511617c65a2bf8f8abd9af41","name":"Ghizlaine Badri","image":{"@type":"ImageObject","inLanguage":"en-GB","@id":"https:\/\/www.geopolitics.fr\/wp-content\/uploads\/2026\/04\/cropped-Ghizlaine-96x96.jpg","url":"https:\/\/www.geopolitics.fr\/wp-content\/uploads\/2026\/04\/cropped-Ghizlaine-96x96.jpg","contentUrl":"https:\/\/www.geopolitics.fr\/wp-content\/uploads\/2026\/04\/cropped-Ghizlaine-96x96.jpg","caption":"Ghizlaine Badri"},"description":"R\u00e9dactrice en chef de Geopolitics.fr, Ghizlaine Badri est une Journaliste politique forte de vingt-cing ans d'exp\u00e9rience professionnelle dont quinze ans dans la Presse. Elle a construit un parcours \u00e0 l'intersection des sc\u00e8nes fran\u00e7aise, europ\u00e9enne et internationale. Ghizlaine a collabor\u00e9 avec pr\u00e8s d'une vingtaine de m\u00e9dias, parmi lesquels Le Point, Le Figaro, Les \u00c9chos, L'Express et Forbes. Correspondante Maroc\u2013Maghreb pour Le Point et correspondante Afrique pour Forbes, elle s'est distingu\u00e9e par une couverture approfondie des dynamiques politiques et diplomatiques entre l'Europe et le continent africain. Elle est \u00e0 ce jour la seule journaliste marocaine en activit\u00e9 \u00e0 avoir collabor\u00e9 avec des titres majeurs de la presse fran\u00e7aise hors sph\u00e8re panafricaine en France. Au sein du quotidien \u00e9conomique L'\u00c9conomiste, 1er quotidien au Maroc, elle a fond\u00e9 la rubrique France\u2013Maroc, contribuant \u00e0 structurer un espace \u00e9ditorial in\u00e9dit. Titulaire de trois masters obtenus en France, elle a travaill\u00e9 dans les domaines de la communication institutionnelle notamment \u00e0 la Mairie de Bordeaux aupr\u00e8s d'Alain Jupp\u00e9 et a \u00e9galement exerc\u00e9 des fonctions de direction en communication marketing, notamment aupr\u00e8s de l'Ambassade de France au Maroc. Polyglotte, elle est franco-italo-marocaine, n\u00e9e \u00e0 Casablanca, a v\u00e9cu \u00e0 New-York et maitrise cinq langues le fran\u00e7ais, l'arabe, l'anglais, l'italien et l'espagnol.","url":"https:\/\/www.geopolitics.fr\/en\/author\/ghizlaine-badri\/"}]}},"_links":{"self":[{"href":"https:\/\/www.geopolitics.fr\/en\/wp-json\/wp\/v2\/posts\/4143","targetHints":{"allow":["GET"]}}],"collection":[{"href":"https:\/\/www.geopolitics.fr\/en\/wp-json\/wp\/v2\/posts"}],"about":[{"href":"https:\/\/www.geopolitics.fr\/en\/wp-json\/wp\/v2\/types\/post"}],"author":[{"embeddable":true,"href":"https:\/\/www.geopolitics.fr\/en\/wp-json\/wp\/v2\/users\/31730"}],"replies":[{"embeddable":true,"href":"https:\/\/www.geopolitics.fr\/en\/wp-json\/wp\/v2\/comments?post=4143"}],"version-history":[{"count":0,"href":"https:\/\/www.geopolitics.fr\/en\/wp-json\/wp\/v2\/posts\/4143\/revisions"}],"wp:featuredmedia":[{"embeddable":true,"href":"https:\/\/www.geopolitics.fr\/en\/wp-json\/wp\/v2\/media\/4162"}],"wp:attachment":[{"href":"https:\/\/www.geopolitics.fr\/en\/wp-json\/wp\/v2\/media?parent=4143"}],"wp:term":[{"taxonomy":"category","embeddable":true,"href":"https:\/\/www.geopolitics.fr\/en\/wp-json\/wp\/v2\/categories?post=4143"},{"taxonomy":"post_tag","embeddable":true,"href":"https:\/\/www.geopolitics.fr\/en\/wp-json\/wp\/v2\/tags?post=4143"}],"curies":[{"name":"wp","href":"https:\/\/api.w.org\/{rel}","templated":true}]}}