{"id":4128,"date":"2026-05-05T14:09:03","date_gmt":"2026-05-05T12:09:03","guid":{"rendered":"https:\/\/www.geopolitics.fr\/?p=4128"},"modified":"2026-05-07T11:59:18","modified_gmt":"2026-05-07T09:59:18","slug":"la-candidature-de-sabrina-agresti-roubache-aux-senatoriales-rebat-les-cartes-dans-les-bouches-du-rhone","status":"publish","type":"post","link":"https:\/\/www.geopolitics.fr\/en\/2026\/05\/05\/la-candidature-de-sabrina-agresti-roubache-aux-senatoriales-rebat-les-cartes-dans-les-bouches-du-rhone\/","title":{"rendered":"La candidature de Sabrina Agresti-Roubache aux s\u00e9natoriales rebat les cartes dans les Bouches-du-Rh\u00f4ne"},"content":{"rendered":"\n<p class=\"has-medium-font-size wp-block-paragraph\">L\u2019actuelle&nbsp;ministre de l\u2019Enseignement et de la Formation professionnels ne fait plus myst\u00e8re de sa candidature aux \u00e9lections s\u00e9natoriales du 27 septembre 2026. En effet, \u00e0 cette p\u00e9riode, le S\u00e9nat sera renouvel\u00e9 par moiti\u00e9<a href=\"#_ftn1\" id=\"_ftnref1\">[1]<\/a>. L\u2019embouteillage risque d\u2019\u00eatre s\u00e9v\u00e8re pour le \u00ab&nbsp;bloc&nbsp;central&nbsp;\u00bb au sein duquel la ou les places \u00e9ligibles sont ch\u00e8res.<\/p>\n\n\n\n<h2 class=\"wp-block-heading\" id=\"h-le-senat-objectif-manque-de-martine-vassal\">Le S\u00e9nat, objectif manqu\u00e9 de Martine Vassal<\/h2>\n\n\n\n<p class=\"has-medium-font-size wp-block-paragraph\">Le S\u00e9nat, c\u2019\u00e9tait tout d\u2019abord l\u2019objectif de Martine Vassal alors Pr\u00e9sidente de la M\u00e9tropole et du D\u00e9partement. Une tranquillit\u00e9 assur\u00e9e \u00e0 Paris pour six ann\u00e9es, loin des affaires et des turpitudes marseillaises. Se faire oublier tout en b\u00e9n\u00e9ficiant d\u2019une immunit\u00e9 parlementaire, voil\u00e0 qui pouvait \u00eatre astucieux et judicieux.<\/p>\n\n\n\n<p class=\"has-medium-font-size wp-block-paragraph\">La pr\u00e9sidente du D\u00e9partement avait d\u00e9pens\u00e9 sans compter pour s\u2019attirer les faveurs des grand \u00e9lecteurs<a href=\"#_ftn2\" id=\"_ftnref2\">[2]<\/a>. Selon un rapport de la Chambre de la Chambre R\u00e9gionale des Compte PACA (d\u00e9cembre 2025), l\u2019int\u00e9ress\u00e9e n\u2019a pas h\u00e9sit\u00e9 \u00e0 d\u00e9penser 900 millions d\u2019Euros<a href=\"#_ftn3\" id=\"_ftnref3\">[3]<\/a> pour des subventions d\u2019\u00e9quipement (loin d\u2019\u00eatre la comp\u00e9tence centrale d\u2019un d\u00e9partement) aux plus petites communes sans prise en compte de la richesse de ces derni\u00e8res. Le tout, entre 2018 et 2023. La baisse tr\u00e8s significative de l\u2019aide aux communes dans le projet de budget du D\u00e9partement 2026 vient souligner l\u2019\u00e9troite corr\u00e9lation entre ambitions \u00e9lectorales et d\u00e9penses cibl\u00e9es.<\/p>\n\n\n\n<p class=\"has-medium-font-size wp-block-paragraph\">Certes, Martine Vassal avait anticip\u00e9 sa d\u00e9faite aux municipales. Mais elle n\u2019avait pas pr\u00e9vu que cette d\u00e9faite serait une d\u00e9b\u00e2cle (5,35% au 2<sup>nd<\/sup> tour) la privant de toute possibilit\u00e9 de conduire une liste s\u00e9natoriale dans les Bouches-du-Rh\u00f4ne. Et que le pot aux roses de la faillite budg\u00e9taire de la M\u00e9tropole et de la quasi-faillite du D\u00e9partement allaient d\u00e9finitivement la disqualifier et lui \u00f4ter toute perspective. Qu\u2019il \u2018agisse de la liste LR ou Rennaissance\/ Horizon, peu importe l\u2019int\u00e9ress\u00e9e est habitu\u00e9s aux zigzags politiques. Martine Vassal s\u2019est, d\u00e9sormais, repli\u00e9e sur le D\u00e9partement. Et ce ne sera pas une mince affaire que de le conserver jusqu\u2019en 2028 tant les man\u0153uvres internes sont \u00e0 l\u2019\u0153uvre.<\/p>\n\n\n\n<h2 class=\"wp-block-heading\" id=\"h-la-surprise-muselier-tourne-au-cauchemar\">La surprise Muselier tourne au cauchemar<\/h2>\n\n\n\n<p class=\"has-medium-font-size wp-block-paragraph\">Renaud Muselier, sentant le vent du boulet venir pour les prochaines \u00e9lections r\u00e9gionales de mars 2028, a annonc\u00e9 aussit\u00f4t qu\u2019il quittait la Pr\u00e9sidence de la R\u00e9gion pour \u00eatre lui-m\u00eame \u00eatre candidat aux \u00e9lection s\u00e9natoriales.<\/p>\n\n\n\n<p class=\"has-medium-font-size wp-block-paragraph\">La d\u00e9route de Martine Vassal, n\u2019est pas directement et totalement transposable mais les \u00e9lecteurs ont adress\u00e9 un message tr\u00e8s clair&nbsp;qui a conduit \u00e0 la d\u00e9b\u00e2cle, la d\u00e9route ou la d\u00e9faite de tous les candidats sarko-macronistes en r\u00e9gion PACA, de cette droite qui \u00e9volue au gr\u00e9 du vent pour toujours s\u2019attirer les faveurs du pouvoir. Martine Vassal \u00e0 Marseille, Christian Estrosi \u00e0 Nice, le candidat soutenu par Hubert Falco \u00e0 Toulon.<\/p>\n\n\n\n<p class=\"has-medium-font-size wp-block-paragraph\">Cette annonce-surprise a \u00e9t\u00e9 mal pr\u00e9par\u00e9e, tr\u00e8s probablement pr\u00e9cipit\u00e9e. En effet, ses motivations ne tiennent pas la route un seul instant. Renaud Muselier pr\u00e9tend aller si\u00e9ger au S\u00e9nat pour prendre une part active \u00e0 l\u2019\u00e9lection pr\u00e9sidentielle. Une justification qui ne r\u00e9siste pas une seconde \u00e0 la r\u00e9alit\u00e9 politique. Un Pr\u00e9sident de r\u00e9gion a bien davantage de pouvoir et d\u2019emprise sur l\u2019\u00e9lection qu\u2019un s\u00e9nateur. D\u2019autant que le S\u00e9nat ne si\u00e8ge pas durant la p\u00e9riode \u00e9lectorale. Une erreur de communication stup\u00e9fiante, d\u2019un amateurisme av\u00e9r\u00e9 de la part d\u2019un vieux loup de la politique\u2026<\/p>\n\n\n\n<p class=\"has-medium-font-size wp-block-paragraph\">L\u2019\u00e9tau se resserre donc pour Renaud Muselier qui souhaitait \u00eatre t\u00eate de liste LR, HorIzons, Modem et UDI. Reproduire la formidable manipulation \u00e0 laquelle il s\u2019\u00e9tait livr\u00e9 lors des \u00e9lections r\u00e9gionales de 2020 parait hors-de-port\u00e9e&nbsp;: rouler dans la farine le parti pr\u00e9sidentiel et LR (alors dirig\u00e9e par son ami Christian Jacob), pr\u00e9tendant aux uns et aux autres qu\u2019il \u00e9tait leur candidat mais pas celui du camp d\u2019en face. Il avait obtenu ainsi le soutien des deux formations politiques.<\/p>\n\n\n\n<figure class=\"wp-block-image size-full\"><img fetchpriority=\"high\" decoding=\"async\" width=\"844\" height=\"632\" src=\"https:\/\/www.geopolitics.fr\/wp-content\/uploads\/2026\/05\/elections-senat.jpg\" alt=\"\" class=\"wp-image-4129\" srcset=\"https:\/\/www.geopolitics.fr\/wp-content\/uploads\/2026\/05\/elections-senat.jpg 844w, https:\/\/www.geopolitics.fr\/wp-content\/uploads\/2026\/05\/elections-senat-300x225.jpg 300w, https:\/\/www.geopolitics.fr\/wp-content\/uploads\/2026\/05\/elections-senat-768x575.jpg 768w, https:\/\/www.geopolitics.fr\/wp-content\/uploads\/2026\/05\/elections-senat-585x438.jpg 585w\" sizes=\"(max-width: 844px) 100vw, 844px\" \/><\/figure>\n\n\n\n<p class=\"wp-block-paragraph\">Elections s\u00e9natoriales septembre 2026<\/p>\n\n\n\n<h2 class=\"wp-block-heading\" id=\"h-valerie-boyer-et-sabrina-agresti-roubache-en-pole-position-dans-leur-camp-respectif\">Val\u00e9rie Boyer et Sabrina Agresti Roubache en p\u00f4le position dans leur camp respectif<\/h2>\n\n\n\n<h3 class=\"wp-block-heading has-medium-font-size\" id=\"h-valerie-boyer-tete-de-liste-lr\">Val\u00e9rie Boyer t\u00eate de liste LR<\/h3>\n\n\n\n<p class=\"has-medium-font-size wp-block-paragraph\">D\u2019autant que Val\u00e9rie Boyer tient coute que co\u00fbte \u00e0 conduire la liste LR et devrait \u00eatre investie. L\u2019int\u00e9ress\u00e9e est all\u00e9e jusqu\u2019\u00e0 soutenir becs et ongles la candidature de Martine Vassal aux municipales afin \u00e9liminer une possible rivale dans la course \u00e0 l\u2019investiture s\u00e9natoriale. &nbsp;En effet, une campagne victorieuse aboutissant \u00e0 la conqu\u00eate de la ville de Marseille permettait de neutraliser Martine Vassal tout naturellement. Il est peu de dire que ces deux personnalit\u00e9s ont peu de chose en commun.<\/p>\n\n\n\n<p class=\"has-medium-font-size wp-block-paragraph\">Le vrai probl\u00e8me pour Val\u00e9rie Boyer porte un nom&nbsp;: le s\u00e9nateur sortant St\u00e9phane Le Rudulier. En effet, le potentiel candidat \u00e0 sa r\u00e9\u00e9lection qui vient d\u2019\u00eatre condamn\u00e9 pour injures publiques envers Beno\u00eet Payan, est \u00e9galement sous le coup d\u2019une enqu\u00eate pour violences volontaires commises \u00e0 l\u2019encontre de sa successeuse \u00e0 la Mairie de Rognac, Sylvie Miceli-Houdais. Pas s\u00fbr que cela s\u00e9duise les grands \u00e9lecteurs dans le secret de l\u2019isoloir.<\/p>\n\n\n\n<h3 class=\"wp-block-heading has-medium-font-size\" id=\"h-sabrina-roubache-tete-de-liste-du-bloc-central\">Sabrina Roubache, t\u00eate de liste du bloc central<\/h3>\n\n\n\n<p class=\"has-medium-font-size wp-block-paragraph\">La candidature de la ministre Sabrina Roubache dont on connait la proximit\u00e9 avec le couple Macron vient refermer d\u00e9finitivement l\u2019hypoth\u00e8se d\u2019une liste commune LR\/Renaissance aux s\u00e9natoriales. Seules les deux t\u00eates de liste &nbsp;deux formations politiques devraient \u00eatre \u00e9lus, sauf surprise.<\/p>\n\n\n\n<p class=\"has-medium-font-size wp-block-paragraph\">La Ministre avait pris ses distances avec Martine Vassal durant la campagne des municipales, d\u00e9non\u00e7ant sa droitisation excessive. Quand bien m\u00eame son parti avait, lui, soutenu la candidate.<\/p>\n\n\n\n<h3 class=\"wp-block-heading has-medium-font-size\" id=\"h-renaud-muselier-le-risque-de-tout-perdre\">Renaud Muselier : le risque de tout perdre<\/h3>\n\n\n\n<p class=\"has-medium-font-size wp-block-paragraph\">Renaud Muselier est d\u00e9sormais dans une situation pour le moins inconfortable&nbsp;: il a franchi le Rubicon\u2026 \u00e0 la l\u00e9g\u00e8re. Son d\u00e9part de la R\u00e9gion fut pr\u00e9sent\u00e9 comme act\u00e9, le nom de son successeur d\u00e9j\u00e0 avanc\u00e9&nbsp;: Fran\u00e7ois de Canson. Le Maire de la Londes-Les-Maures et actuellement troisi\u00e8me Vice-Pr\u00e9sident de la R\u00e9gion offre une image de renouveau dont la droite locale a r\u00e9ellement besoin. Pas de retour en arri\u00e8re possible \u00e0 moins de renoncer \u00e0 toute once de dignit\u00e9 et d\u2019honneur. La fin de parcours semble se pr\u00e9ciser pour Renaud Muselier comme pour Martine Vassal, sans doux sursis de six ann\u00e9es \u00e0 passer dans les \u00e9pais velours rouges et les lambris du Palais du Luxembourg.<\/p>\n\n\n\n<p class=\"has-medium-font-size wp-block-paragraph\">A Marseille, c\u2019est droite ann\u00e9e 0.<\/p>\n\n\n\n<hr class=\"wp-block-separator has-alpha-channel-opacity\"\/>\n\n\n\n<p class=\"wp-block-paragraph\"><a href=\"#_ftnref1\" id=\"_ftn1\">[1]<\/a> En Hexagone, les d\u00e9partements concern\u00e9s par le vote, dans l\u2019ordre min\u00e9ralogique, sont les d\u00e9partements allant de l\u2019Ain (1) \u00e0 l\u2019Indre (36), puis du Bas-Rhin (67) au Territoire de Belfort (90) \u00e0 l\u2019exception&nbsp;des d\u00e9partements de la r\u00e9gion \u00cele-de-France. En Outre-mer, la Guyane, les \u00eeles Wallis et Futuna, Saint-Barth\u00e9lemy, Saint-Martin et la Polyn\u00e9sie fran\u00e7aise sont concern\u00e9s.<\/p>\n\n\n\n<h6 class=\"wp-block-heading has-small-font-size\" id=\"h-2-les-conseillers-departementaux-et-les-delegues-des-conseils-municipaux-representent-95-des-quelques-162-000-grands-electeurs-au-total\"><a href=\"#_ftnref2\" id=\"_ftn2\">[2]<\/a>Les conseillers d\u00e9partementaux et les d\u00e9l\u00e9gu\u00e9s des conseils municipaux repr\u00e9sentent 95 % des quelques 162 000 grands \u00e9lecteurs au total.<\/h6>\n\n\n\n<p class=\"has-small-font-size wp-block-paragraph\"><a href=\"#_ftnref3\" id=\"_ftn3\">[3]<\/a> L\u2019\u2019aide du d\u00e9partement \u00e0 l\u2019investissement des communes repr\u00e9sente 44 % des subventions d\u2019\u00e9quipement vers\u00e9es et pr\u00e8s de 900 millions d\u2019euros (M\u20ac) de d\u00e9penses entre 2018 et 2023. Principalement tourn\u00e9e vers les communes les moins peupl\u00e9es (\u2026). La chambre observe que le montant des aides n\u2019est pas fonction de la richesse fiscale et territoriale des b\u00e9n\u00e9ficiaires. Enfin, alors que la dette des communes du d\u00e9partement a \u00e9volu\u00e9 de fa\u00e7on plus favorable que la moyenne nationale, la situation financi\u00e8re comparative du d\u00e9partement s\u2019est au contraire d\u00e9grad\u00e9e. Dans ce contexte, la pertinence sur le seul plan financier d\u2019un investissement singuli\u00e8rement soutenu en mati\u00e8re d\u2019aide aux communes n\u2019est pas d\u00e9montr\u00e9e&nbsp;\u00bb.<\/p>\n","protected":false},"excerpt":{"rendered":"<p>L\u2019actuelle&nbsp;ministre de l\u2019Enseignement et de la Formation professionnels ne fait plus myst\u00e8re de sa candidature aux \u00e9lections s\u00e9natoriales du 27 septembre 2026.&hellip;<\/p>","protected":false},"author":16,"featured_media":4171,"comment_status":"closed","ping_status":"closed","sticky":false,"template":"","format":"standard","meta":{"_lmt_disableupdate":"","_lmt_disable":"","footnotes":""},"categories":[619,606,4,626],"tags":[472,660,657,661,662],"class_list":["post-4128","post","type-post","status-publish","format-standard","has-post-thumbnail","hentry","category-elections","category-local-13","category-mis-en-avant","category-politique-local-13","tag-bouches-du-rhone","tag-bouches-du-rhone-4","tag-elections-senatoriales","tag-muselier","tag-roubache"],"yoast_head":"<!-- This site is optimized with the Yoast SEO Premium plugin v28.1 (Yoast SEO v28.1) - https:\/\/yoast.com\/product\/yoast-seo-premium-wordpress\/ -->\n<title>La candidature de Sabrina Agresti-Roubache aux s\u00e9natoriales rebat les cartes dans les Bouches-du-Rh\u00f4ne | Geopolitics.fr<\/title>\n<meta name=\"description\" content=\"La candidature de la Ministre Sabrina Roubache aux s\u00e9natoriales rebat les cartes dans les Bouches-du-Rh\u00f4ne au d\u00e9triment de Renaud Muselier\" \/>\n<meta name=\"robots\" content=\"index, follow, max-snippet:-1, max-image-preview:large, max-video-preview:-1\" \/>\n<link rel=\"canonical\" href=\"https:\/\/www.geopolitics.fr\/en\/2026\/05\/05\/la-candidature-de-sabrina-agresti-roubache-aux-senatoriales-rebat-les-cartes-dans-les-bouches-du-rhone\/\" \/>\n<meta property=\"og:locale\" content=\"en_GB\" \/>\n<meta property=\"og:type\" content=\"article\" \/>\n<meta property=\"og:title\" content=\"La candidature de Sabrina Agresti-Roubache aux s\u00e9natoriales rebat les cartes dans les Bouches-du-Rh\u00f4ne\" \/>\n<meta property=\"og:description\" content=\"La candidature de la Ministre Sabrina Roubache aux s\u00e9natoriales rebat les cartes dans les Bouches-du-Rh\u00f4ne au d\u00e9triment de Renaud Muselier\" \/>\n<meta property=\"og:url\" content=\"https:\/\/www.geopolitics.fr\/en\/2026\/05\/05\/la-candidature-de-sabrina-agresti-roubache-aux-senatoriales-rebat-les-cartes-dans-les-bouches-du-rhone\/\" \/>\n<meta property=\"og:site_name\" content=\"Geopolitics.fr\" \/>\n<meta property=\"article:publisher\" content=\"https:\/\/www.facebook.com\/people\/Erwan-Davoux\/61557098968092\/\" \/>\n<meta property=\"article:author\" content=\"Erwan Davoux\" \/>\n<meta property=\"article:published_time\" content=\"2026-05-05T12:09:03+00:00\" \/>\n<meta property=\"article:modified_time\" content=\"2026-05-07T09:59:18+00:00\" \/>\n<meta property=\"og:image\" content=\"https:\/\/www.geopolitics.fr\/wp-content\/uploads\/2026\/05\/agresti.jpg\" \/>\n\t<meta property=\"og:image:width\" content=\"879\" \/>\n\t<meta property=\"og:image:height\" content=\"605\" \/>\n\t<meta property=\"og:image:type\" content=\"image\/jpeg\" \/>\n<meta name=\"author\" content=\"Erwan Davoux\" \/>\n<meta name=\"twitter:card\" content=\"summary_large_image\" \/>\n<meta name=\"twitter:creator\" content=\"@erwandavoux @Geo_politicsfr\" \/>\n<meta name=\"twitter:site\" content=\"@Geopolitics_Fr\" \/>\n<meta name=\"twitter:label1\" content=\"Written by\" \/>\n\t<meta name=\"twitter:data1\" content=\"Erwan Davoux\" \/>\n\t<meta name=\"twitter:label2\" content=\"Estimated reading time\" \/>\n\t<meta name=\"twitter:data2\" content=\"7 minutes\" \/>\n<script type=\"application\/ld+json\" class=\"yoast-schema-graph\">{\"@context\":\"https:\\\/\\\/schema.org\",\"@graph\":[{\"@type\":\"Article\",\"@id\":\"https:\\\/\\\/www.geopolitics.fr\\\/2026\\\/05\\\/05\\\/la-candidature-de-sabrina-agresti-roubache-aux-senatoriales-rebat-les-cartes-dans-les-bouches-du-rhone\\\/#article\",\"isPartOf\":{\"@id\":\"https:\\\/\\\/www.geopolitics.fr\\\/2026\\\/05\\\/05\\\/la-candidature-de-sabrina-agresti-roubache-aux-senatoriales-rebat-les-cartes-dans-les-bouches-du-rhone\\\/\"},\"author\":{\"name\":\"Erwan Davoux\",\"@id\":\"https:\\\/\\\/www.geopolitics.fr\\\/#\\\/schema\\\/person\\\/a487273e91313e368925717400fa1b11\"},\"headline\":\"La candidature de Sabrina Agresti-Roubache aux s\u00e9natoriales rebat les cartes dans les Bouches-du-Rh\u00f4ne\",\"datePublished\":\"2026-05-05T12:09:03+00:00\",\"dateModified\":\"2026-05-07T09:59:18+00:00\",\"mainEntityOfPage\":{\"@id\":\"https:\\\/\\\/www.geopolitics.fr\\\/2026\\\/05\\\/05\\\/la-candidature-de-sabrina-agresti-roubache-aux-senatoriales-rebat-les-cartes-dans-les-bouches-du-rhone\\\/\"},\"wordCount\":1356,\"publisher\":{\"@id\":\"https:\\\/\\\/www.geopolitics.fr\\\/#organization\"},\"image\":{\"@id\":\"https:\\\/\\\/www.geopolitics.fr\\\/2026\\\/05\\\/05\\\/la-candidature-de-sabrina-agresti-roubache-aux-senatoriales-rebat-les-cartes-dans-les-bouches-du-rhone\\\/#primaryimage\"},\"thumbnailUrl\":\"https:\\\/\\\/www.geopolitics.fr\\\/wp-content\\\/uploads\\\/2026\\\/05\\\/agresti.jpg\",\"keywords\":[\"BOUCHES DU RHONE\",\"Bouches du-Rh\u00f4ne\",\"\u00e9lections s\u00e9natoriales\",\"MUSELIER\",\"ROUBACHE\"],\"articleSection\":[\"Elections\",\"LOCAL (13)\",\"Mis en AVANT\",\"politique\"],\"inLanguage\":\"en-GB\"},{\"@type\":\"WebPage\",\"@id\":\"https:\\\/\\\/www.geopolitics.fr\\\/2026\\\/05\\\/05\\\/la-candidature-de-sabrina-agresti-roubache-aux-senatoriales-rebat-les-cartes-dans-les-bouches-du-rhone\\\/\",\"url\":\"https:\\\/\\\/www.geopolitics.fr\\\/2026\\\/05\\\/05\\\/la-candidature-de-sabrina-agresti-roubache-aux-senatoriales-rebat-les-cartes-dans-les-bouches-du-rhone\\\/\",\"name\":\"La candidature de Sabrina Agresti-Roubache aux s\u00e9natoriales rebat les cartes dans les Bouches-du-Rh\u00f4ne | Geopolitics.fr\",\"isPartOf\":{\"@id\":\"https:\\\/\\\/www.geopolitics.fr\\\/#website\"},\"primaryImageOfPage\":{\"@id\":\"https:\\\/\\\/www.geopolitics.fr\\\/2026\\\/05\\\/05\\\/la-candidature-de-sabrina-agresti-roubache-aux-senatoriales-rebat-les-cartes-dans-les-bouches-du-rhone\\\/#primaryimage\"},\"image\":{\"@id\":\"https:\\\/\\\/www.geopolitics.fr\\\/2026\\\/05\\\/05\\\/la-candidature-de-sabrina-agresti-roubache-aux-senatoriales-rebat-les-cartes-dans-les-bouches-du-rhone\\\/#primaryimage\"},\"thumbnailUrl\":\"https:\\\/\\\/www.geopolitics.fr\\\/wp-content\\\/uploads\\\/2026\\\/05\\\/agresti.jpg\",\"datePublished\":\"2026-05-05T12:09:03+00:00\",\"dateModified\":\"2026-05-07T09:59:18+00:00\",\"description\":\"La candidature de la Ministre Sabrina Roubache aux s\u00e9natoriales rebat les cartes dans les Bouches-du-Rh\u00f4ne au d\u00e9triment de Renaud Muselier\",\"breadcrumb\":{\"@id\":\"https:\\\/\\\/www.geopolitics.fr\\\/2026\\\/05\\\/05\\\/la-candidature-de-sabrina-agresti-roubache-aux-senatoriales-rebat-les-cartes-dans-les-bouches-du-rhone\\\/#breadcrumb\"},\"inLanguage\":\"en-GB\",\"potentialAction\":[{\"@type\":\"ReadAction\",\"target\":[\"https:\\\/\\\/www.geopolitics.fr\\\/2026\\\/05\\\/05\\\/la-candidature-de-sabrina-agresti-roubache-aux-senatoriales-rebat-les-cartes-dans-les-bouches-du-rhone\\\/\"]}]},{\"@type\":\"ImageObject\",\"inLanguage\":\"en-GB\",\"@id\":\"https:\\\/\\\/www.geopolitics.fr\\\/2026\\\/05\\\/05\\\/la-candidature-de-sabrina-agresti-roubache-aux-senatoriales-rebat-les-cartes-dans-les-bouches-du-rhone\\\/#primaryimage\",\"url\":\"https:\\\/\\\/www.geopolitics.fr\\\/wp-content\\\/uploads\\\/2026\\\/05\\\/agresti.jpg\",\"contentUrl\":\"https:\\\/\\\/www.geopolitics.fr\\\/wp-content\\\/uploads\\\/2026\\\/05\\\/agresti.jpg\",\"width\":879,\"height\":605},{\"@type\":\"BreadcrumbList\",\"@id\":\"https:\\\/\\\/www.geopolitics.fr\\\/2026\\\/05\\\/05\\\/la-candidature-de-sabrina-agresti-roubache-aux-senatoriales-rebat-les-cartes-dans-les-bouches-du-rhone\\\/#breadcrumb\",\"itemListElement\":[{\"@type\":\"ListItem\",\"position\":1,\"name\":\"Accueil\",\"item\":\"https:\\\/\\\/www.geopolitics.fr\\\/\"},{\"@type\":\"ListItem\",\"position\":2,\"name\":\"La candidature de Sabrina Agresti-Roubache aux s\u00e9natoriales rebat les cartes dans les Bouches-du-Rh\u00f4ne\"}]},{\"@type\":\"WebSite\",\"@id\":\"https:\\\/\\\/www.geopolitics.fr\\\/#website\",\"url\":\"https:\\\/\\\/www.geopolitics.fr\\\/\",\"name\":\"Geopolitics.fr\",\"description\":\"Geopolitics.fr Analyse politique, relations internationales, d\u00e9fense - ligne \u00e9ditoriale gaullo-chiraquienne\",\"publisher\":{\"@id\":\"https:\\\/\\\/www.geopolitics.fr\\\/#organization\"},\"potentialAction\":[{\"@type\":\"SearchAction\",\"target\":{\"@type\":\"EntryPoint\",\"urlTemplate\":\"https:\\\/\\\/www.geopolitics.fr\\\/?s={search_term_string}\"},\"query-input\":{\"@type\":\"PropertyValueSpecification\",\"valueRequired\":true,\"valueName\":\"search_term_string\"}}],\"inLanguage\":\"en-GB\"},{\"@type\":\"Organization\",\"@id\":\"https:\\\/\\\/www.geopolitics.fr\\\/#organization\",\"name\":\"Geopolitics.fr\",\"url\":\"https:\\\/\\\/www.geopolitics.fr\\\/\",\"logo\":{\"@type\":\"ImageObject\",\"inLanguage\":\"en-GB\",\"@id\":\"https:\\\/\\\/www.geopolitics.fr\\\/#\\\/schema\\\/logo\\\/image\\\/\",\"url\":\"https:\\\/\\\/www.geopolitics.fr\\\/wp-content\\\/uploads\\\/2024\\\/01\\\/logo.jpg\",\"contentUrl\":\"https:\\\/\\\/www.geopolitics.fr\\\/wp-content\\\/uploads\\\/2024\\\/01\\\/logo.jpg\",\"width\":500,\"height\":500,\"caption\":\"Geopolitics.fr\"},\"image\":{\"@id\":\"https:\\\/\\\/www.geopolitics.fr\\\/#\\\/schema\\\/logo\\\/image\\\/\"},\"sameAs\":[\"https:\\\/\\\/www.facebook.com\\\/people\\\/Erwan-Davoux\\\/61557098968092\\\/\",\"https:\\\/\\\/x.com\\\/Geopolitics_Fr\"]},{\"@type\":\"Person\",\"@id\":\"https:\\\/\\\/www.geopolitics.fr\\\/#\\\/schema\\\/person\\\/a487273e91313e368925717400fa1b11\",\"name\":\"Erwan Davoux\",\"image\":{\"@type\":\"ImageObject\",\"inLanguage\":\"en-GB\",\"@id\":\"https:\\\/\\\/www.geopolitics.fr\\\/wp-content\\\/uploads\\\/2026\\\/05\\\/moi-96x96.jpg\",\"url\":\"https:\\\/\\\/www.geopolitics.fr\\\/wp-content\\\/uploads\\\/2026\\\/05\\\/moi-96x96.jpg\",\"contentUrl\":\"https:\\\/\\\/www.geopolitics.fr\\\/wp-content\\\/uploads\\\/2026\\\/05\\\/moi-96x96.jpg\",\"caption\":\"Erwan Davoux\"},\"description\":\"Erwan DAVOUX est Pr\u00e9sident de LMD CONSEIL, (conseil strat\u00e9gique, intelligence \u00e9conomique, risque g\u00e9opolitique, influence politique, diplomatie \u00e9conomique). Dipl\u00f4m\u00e9 de l'IEP de Paris et de l'INALCO (d\u00e9partement d'\u00e9tudes arabes), il est directeur de la publication de geopolitics.fr. Ancien fonctionnaire au Minist\u00e8re de l'Int\u00e9rieur et de la D\u00e9fense (DGSE) Ancien charg\u00e9 de Mission \u00e0 la Pr\u00e9sidence de la R\u00e9publique (cellule diplomatique) Conseil de nombreuses personnalit\u00e9s politiques \u00e0 l'International (dont deux anciens Premiers ministres).\",\"sameAs\":[\"Erwan Davoux\",\"@erwandavoux\",\"https:\\\/\\\/www.linkedin.com\\\/in\\\/erwan-davoux-6800b289\\\/\",\"https:\\\/\\\/x.com\\\/@erwandavoux @Geo_politicsfr\"],\"url\":\"https:\\\/\\\/www.geopolitics.fr\\\/en\\\/author\\\/erwan-davoux\\\/\"}]}<\/script>\n<!-- \/ Yoast SEO Premium plugin. -->","yoast_head_json":{"title":"La candidature de Sabrina Agresti-Roubache aux s\u00e9natoriales rebat les cartes dans les Bouches-du-Rh\u00f4ne | Geopolitics.fr","description":"La candidature de la Ministre Sabrina Roubache aux s\u00e9natoriales rebat les cartes dans les Bouches-du-Rh\u00f4ne au d\u00e9triment de Renaud Muselier","robots":{"index":"index","follow":"follow","max-snippet":"max-snippet:-1","max-image-preview":"max-image-preview:large","max-video-preview":"max-video-preview:-1"},"canonical":"https:\/\/www.geopolitics.fr\/en\/2026\/05\/05\/la-candidature-de-sabrina-agresti-roubache-aux-senatoriales-rebat-les-cartes-dans-les-bouches-du-rhone\/","og_locale":"en_GB","og_type":"article","og_title":"La candidature de Sabrina Agresti-Roubache aux s\u00e9natoriales rebat les cartes dans les Bouches-du-Rh\u00f4ne","og_description":"La candidature de la Ministre Sabrina Roubache aux s\u00e9natoriales rebat les cartes dans les Bouches-du-Rh\u00f4ne au d\u00e9triment de Renaud Muselier","og_url":"https:\/\/www.geopolitics.fr\/en\/2026\/05\/05\/la-candidature-de-sabrina-agresti-roubache-aux-senatoriales-rebat-les-cartes-dans-les-bouches-du-rhone\/","og_site_name":"Geopolitics.fr","article_publisher":"https:\/\/www.facebook.com\/people\/Erwan-Davoux\/61557098968092\/","article_author":"Erwan Davoux","article_published_time":"2026-05-05T12:09:03+00:00","article_modified_time":"2026-05-07T09:59:18+00:00","og_image":[{"width":879,"height":605,"url":"https:\/\/www.geopolitics.fr\/wp-content\/uploads\/2026\/05\/agresti.jpg","type":"image\/jpeg"}],"author":"Erwan Davoux","twitter_card":"summary_large_image","twitter_creator":"@erwandavoux @Geo_politicsfr","twitter_site":"@Geopolitics_Fr","twitter_misc":{"Written by":"Erwan Davoux","Estimated reading time":"7 minutes"},"schema":{"@context":"https:\/\/schema.org","@graph":[{"@type":"Article","@id":"https:\/\/www.geopolitics.fr\/2026\/05\/05\/la-candidature-de-sabrina-agresti-roubache-aux-senatoriales-rebat-les-cartes-dans-les-bouches-du-rhone\/#article","isPartOf":{"@id":"https:\/\/www.geopolitics.fr\/2026\/05\/05\/la-candidature-de-sabrina-agresti-roubache-aux-senatoriales-rebat-les-cartes-dans-les-bouches-du-rhone\/"},"author":{"name":"Erwan Davoux","@id":"https:\/\/www.geopolitics.fr\/#\/schema\/person\/a487273e91313e368925717400fa1b11"},"headline":"La candidature de Sabrina Agresti-Roubache aux s\u00e9natoriales rebat les cartes dans les Bouches-du-Rh\u00f4ne","datePublished":"2026-05-05T12:09:03+00:00","dateModified":"2026-05-07T09:59:18+00:00","mainEntityOfPage":{"@id":"https:\/\/www.geopolitics.fr\/2026\/05\/05\/la-candidature-de-sabrina-agresti-roubache-aux-senatoriales-rebat-les-cartes-dans-les-bouches-du-rhone\/"},"wordCount":1356,"publisher":{"@id":"https:\/\/www.geopolitics.fr\/#organization"},"image":{"@id":"https:\/\/www.geopolitics.fr\/2026\/05\/05\/la-candidature-de-sabrina-agresti-roubache-aux-senatoriales-rebat-les-cartes-dans-les-bouches-du-rhone\/#primaryimage"},"thumbnailUrl":"https:\/\/www.geopolitics.fr\/wp-content\/uploads\/2026\/05\/agresti.jpg","keywords":["BOUCHES DU RHONE","Bouches du-Rh\u00f4ne","\u00e9lections s\u00e9natoriales","MUSELIER","ROUBACHE"],"articleSection":["Elections","LOCAL (13)","Mis en AVANT","politique"],"inLanguage":"en-GB"},{"@type":"WebPage","@id":"https:\/\/www.geopolitics.fr\/2026\/05\/05\/la-candidature-de-sabrina-agresti-roubache-aux-senatoriales-rebat-les-cartes-dans-les-bouches-du-rhone\/","url":"https:\/\/www.geopolitics.fr\/2026\/05\/05\/la-candidature-de-sabrina-agresti-roubache-aux-senatoriales-rebat-les-cartes-dans-les-bouches-du-rhone\/","name":"La candidature de Sabrina Agresti-Roubache aux s\u00e9natoriales rebat les cartes dans les Bouches-du-Rh\u00f4ne | Geopolitics.fr","isPartOf":{"@id":"https:\/\/www.geopolitics.fr\/#website"},"primaryImageOfPage":{"@id":"https:\/\/www.geopolitics.fr\/2026\/05\/05\/la-candidature-de-sabrina-agresti-roubache-aux-senatoriales-rebat-les-cartes-dans-les-bouches-du-rhone\/#primaryimage"},"image":{"@id":"https:\/\/www.geopolitics.fr\/2026\/05\/05\/la-candidature-de-sabrina-agresti-roubache-aux-senatoriales-rebat-les-cartes-dans-les-bouches-du-rhone\/#primaryimage"},"thumbnailUrl":"https:\/\/www.geopolitics.fr\/wp-content\/uploads\/2026\/05\/agresti.jpg","datePublished":"2026-05-05T12:09:03+00:00","dateModified":"2026-05-07T09:59:18+00:00","description":"La candidature de la Ministre Sabrina Roubache aux s\u00e9natoriales rebat les cartes dans les Bouches-du-Rh\u00f4ne au d\u00e9triment de Renaud Muselier","breadcrumb":{"@id":"https:\/\/www.geopolitics.fr\/2026\/05\/05\/la-candidature-de-sabrina-agresti-roubache-aux-senatoriales-rebat-les-cartes-dans-les-bouches-du-rhone\/#breadcrumb"},"inLanguage":"en-GB","potentialAction":[{"@type":"ReadAction","target":["https:\/\/www.geopolitics.fr\/2026\/05\/05\/la-candidature-de-sabrina-agresti-roubache-aux-senatoriales-rebat-les-cartes-dans-les-bouches-du-rhone\/"]}]},{"@type":"ImageObject","inLanguage":"en-GB","@id":"https:\/\/www.geopolitics.fr\/2026\/05\/05\/la-candidature-de-sabrina-agresti-roubache-aux-senatoriales-rebat-les-cartes-dans-les-bouches-du-rhone\/#primaryimage","url":"https:\/\/www.geopolitics.fr\/wp-content\/uploads\/2026\/05\/agresti.jpg","contentUrl":"https:\/\/www.geopolitics.fr\/wp-content\/uploads\/2026\/05\/agresti.jpg","width":879,"height":605},{"@type":"BreadcrumbList","@id":"https:\/\/www.geopolitics.fr\/2026\/05\/05\/la-candidature-de-sabrina-agresti-roubache-aux-senatoriales-rebat-les-cartes-dans-les-bouches-du-rhone\/#breadcrumb","itemListElement":[{"@type":"ListItem","position":1,"name":"Accueil","item":"https:\/\/www.geopolitics.fr\/"},{"@type":"ListItem","position":2,"name":"La candidature de Sabrina Agresti-Roubache aux s\u00e9natoriales rebat les cartes dans les Bouches-du-Rh\u00f4ne"}]},{"@type":"WebSite","@id":"https:\/\/www.geopolitics.fr\/#website","url":"https:\/\/www.geopolitics.fr\/","name":"Geopolitics.fr","description":"Geopolitics.fr Analyse politique, relations internationales, d\u00e9fense - ligne \u00e9ditoriale gaullo-chiraquienne","publisher":{"@id":"https:\/\/www.geopolitics.fr\/#organization"},"potentialAction":[{"@type":"SearchAction","target":{"@type":"EntryPoint","urlTemplate":"https:\/\/www.geopolitics.fr\/?s={search_term_string}"},"query-input":{"@type":"PropertyValueSpecification","valueRequired":true,"valueName":"search_term_string"}}],"inLanguage":"en-GB"},{"@type":"Organization","@id":"https:\/\/www.geopolitics.fr\/#organization","name":"Geopolitics.fr","url":"https:\/\/www.geopolitics.fr\/","logo":{"@type":"ImageObject","inLanguage":"en-GB","@id":"https:\/\/www.geopolitics.fr\/#\/schema\/logo\/image\/","url":"https:\/\/www.geopolitics.fr\/wp-content\/uploads\/2024\/01\/logo.jpg","contentUrl":"https:\/\/www.geopolitics.fr\/wp-content\/uploads\/2024\/01\/logo.jpg","width":500,"height":500,"caption":"Geopolitics.fr"},"image":{"@id":"https:\/\/www.geopolitics.fr\/#\/schema\/logo\/image\/"},"sameAs":["https:\/\/www.facebook.com\/people\/Erwan-Davoux\/61557098968092\/","https:\/\/x.com\/Geopolitics_Fr"]},{"@type":"Person","@id":"https:\/\/www.geopolitics.fr\/#\/schema\/person\/a487273e91313e368925717400fa1b11","name":"Erwan Davoux","image":{"@type":"ImageObject","inLanguage":"en-GB","@id":"https:\/\/www.geopolitics.fr\/wp-content\/uploads\/2026\/05\/moi-96x96.jpg","url":"https:\/\/www.geopolitics.fr\/wp-content\/uploads\/2026\/05\/moi-96x96.jpg","contentUrl":"https:\/\/www.geopolitics.fr\/wp-content\/uploads\/2026\/05\/moi-96x96.jpg","caption":"Erwan Davoux"},"description":"Erwan DAVOUX est Pr\u00e9sident de LMD CONSEIL, (conseil strat\u00e9gique, intelligence \u00e9conomique, risque g\u00e9opolitique, influence politique, diplomatie \u00e9conomique). Dipl\u00f4m\u00e9 de l'IEP de Paris et de l'INALCO (d\u00e9partement d'\u00e9tudes arabes), il est directeur de la publication de geopolitics.fr. Ancien fonctionnaire au Minist\u00e8re de l'Int\u00e9rieur et de la D\u00e9fense (DGSE) Ancien charg\u00e9 de Mission \u00e0 la Pr\u00e9sidence de la R\u00e9publique (cellule diplomatique) Conseil de nombreuses personnalit\u00e9s politiques \u00e0 l'International (dont deux anciens Premiers ministres).","sameAs":["Erwan Davoux","@erwandavoux","https:\/\/www.linkedin.com\/in\/erwan-davoux-6800b289\/","https:\/\/x.com\/@erwandavoux @Geo_politicsfr"],"url":"https:\/\/www.geopolitics.fr\/en\/author\/erwan-davoux\/"}]}},"_links":{"self":[{"href":"https:\/\/www.geopolitics.fr\/en\/wp-json\/wp\/v2\/posts\/4128","targetHints":{"allow":["GET"]}}],"collection":[{"href":"https:\/\/www.geopolitics.fr\/en\/wp-json\/wp\/v2\/posts"}],"about":[{"href":"https:\/\/www.geopolitics.fr\/en\/wp-json\/wp\/v2\/types\/post"}],"author":[{"embeddable":true,"href":"https:\/\/www.geopolitics.fr\/en\/wp-json\/wp\/v2\/users\/16"}],"replies":[{"embeddable":true,"href":"https:\/\/www.geopolitics.fr\/en\/wp-json\/wp\/v2\/comments?post=4128"}],"version-history":[{"count":0,"href":"https:\/\/www.geopolitics.fr\/en\/wp-json\/wp\/v2\/posts\/4128\/revisions"}],"wp:featuredmedia":[{"embeddable":true,"href":"https:\/\/www.geopolitics.fr\/en\/wp-json\/wp\/v2\/media\/4171"}],"wp:attachment":[{"href":"https:\/\/www.geopolitics.fr\/en\/wp-json\/wp\/v2\/media?parent=4128"}],"wp:term":[{"taxonomy":"category","embeddable":true,"href":"https:\/\/www.geopolitics.fr\/en\/wp-json\/wp\/v2\/categories?post=4128"},{"taxonomy":"post_tag","embeddable":true,"href":"https:\/\/www.geopolitics.fr\/en\/wp-json\/wp\/v2\/tags?post=4128"}],"curies":[{"name":"wp","href":"https:\/\/api.w.org\/{rel}","templated":true}]}}