{"id":4101,"date":"2026-05-04T13:00:00","date_gmt":"2026-05-04T11:00:00","guid":{"rendered":"https:\/\/www.geopolitics.fr\/?p=4101"},"modified":"2026-05-07T12:08:41","modified_gmt":"2026-05-07T10:08:41","slug":"le-nouveau-front-ppopulaire-une-union-de-facade-une-fracture-de-fond","status":"publish","type":"post","link":"https:\/\/www.geopolitics.fr\/en\/2026\/05\/04\/le-nouveau-front-ppopulaire-une-union-de-facade-une-fracture-de-fond\/","title":{"rendered":"Le Nouveau Front Populaire : une union de fa\u00e7ade, une fracture de fond"},"content":{"rendered":"<h2 class=\"wp-block-heading\" id=\"h-glucksmann-le-pari-social-democrate-et-ses-limites\">Glucksmann : le pari social-d\u00e9mocrate et ses limites<\/h2>\n\n\n\n<p class=\"has-medium-font-size wp-block-paragraph\">La dynamique du Nouveau Front Populaire, n\u00e9e dans l&rsquo;urgence de la dissolution de juin 2024, a produit un score significatif aux l\u00e9gislatives anticip\u00e9es. Mais elle n&rsquo;a jamais r\u00e9solu les contradictions fondamentales qui traversent la gauche fran\u00e7aise depuis la rupture des ann\u00e9es 1990. Le PS et les \u00c9cologistes s&rsquo;inscrivent dans une tradition social-d\u00e9mocrate, tandis que LFI pr\u00f4ne une r\u00e9volution citoyenne et une refonte compl\u00e8te des institutions. Le mouvement de Jean-Luc M\u00e9lenchon rejette le social-lib\u00e9ralisme adopt\u00e9 par le PS ces derni\u00e8res d\u00e9cennies et l&rsquo;accuse de compromission avec le n\u00e9olib\u00e9ralisme.&nbsp;<\/p>\n\n\n\n<p class=\"has-medium-font-size wp-block-paragraph\">Un an apr\u00e8s le Nouveau Front populaire, la gauche est de nouveau \u00e9parpill\u00e9e fa\u00e7on puzzle, alors que la prochaine pr\u00e9sidentielle approche \u00e0 grands pas. La cr\u00e9ation du collectif \u00ab Front Populaire 2027 \u00bb, act\u00e9 \u00e0 Tours en janvier 2026, ne masque pas longtemps les lignes de faille. Ce processus est men\u00e9 par le collectif Front Populaire 2027, compos\u00e9 de personnalit\u00e9s telles que Fran\u00e7ois Ruffin, Cl\u00e9mentine Autain, Marine Tondelier, Olivier Faure et Lucie Castets. Jean-Luc M\u00e9lenchon et Rapha\u00ebl Glucksmann, quant \u00e0 eux, refusent d&rsquo;y prendre part.&nbsp;<\/p>\n\n\n\n<p class=\"has-medium-font-size wp-block-paragraph\">Deux absences qui ne sont pas anecdotiques : elles signifient que la primaire pr\u00e9vue pour octobre 2026 se tiendra sans les deux personnalit\u00e9s les plus sond\u00e9es \u00e0 gauche. Ce paradoxe structurel r\u00e9sume \u00e0 lui seul l&rsquo;impasse dans laquelle se trouve le camp progressiste.<\/p>\n\n\n\n<figure class=\"wp-block-image size-large\"><img fetchpriority=\"high\" decoding=\"async\" width=\"1024\" height=\"724\" src=\"https:\/\/www.geopolitics.fr\/wp-content\/uploads\/2026\/05\/presidentielle-2027-1024x724.jpg\" alt=\"\" class=\"wp-image-4164\" srcset=\"https:\/\/www.geopolitics.fr\/wp-content\/uploads\/2026\/05\/presidentielle-2027-1024x724.jpg 1024w, https:\/\/www.geopolitics.fr\/wp-content\/uploads\/2026\/05\/presidentielle-2027-300x212.jpg 300w, https:\/\/www.geopolitics.fr\/wp-content\/uploads\/2026\/05\/presidentielle-2027-768x543.jpg 768w, https:\/\/www.geopolitics.fr\/wp-content\/uploads\/2026\/05\/presidentielle-2027-1536x1086.jpg 1536w, https:\/\/www.geopolitics.fr\/wp-content\/uploads\/2026\/05\/presidentielle-2027-1170x828.jpg 1170w, https:\/\/www.geopolitics.fr\/wp-content\/uploads\/2026\/05\/presidentielle-2027-585x414.jpg 585w, https:\/\/www.geopolitics.fr\/wp-content\/uploads\/2026\/05\/presidentielle-2027.jpg 1920w\" sizes=\"(max-width: 1024px) 100vw, 1024px\" \/><figcaption class=\"wp-element-caption\">Election pr\u00e9sidentielle 2027<\/figcaption><\/figure>\n\n\n\n<h2 class=\"wp-block-heading\" id=\"h-la-question-melenchon-atout-de-premier-tour-poison-de-second\">La question M\u00e9lenchon : atout de premier tour, poison de second<\/h2>\n\n\n\n<p class=\"has-medium-font-size wp-block-paragraph\">Jean-Luc M\u00e9lenchon incarne la contradiction majeure de la gauche radicale fran\u00e7aise depuis maintenant plus d&rsquo;une d\u00e9cennie. Excellent candidat de premier tour, capable de mobiliser les classes populaires abstentionnistes et les quartiers populaires sur un discours de rupture,&nbsp; il est un candidat structurellement n\u00e9gatif au second tour, incapable d&rsquo;\u00e9largir au-del\u00e0 de son socle militant.<\/p>\n\n\n\n<p class=\"has-medium-font-size wp-block-paragraph\">Si Jean-Luc M\u00e9lenchon est un bon candidat de premier tour de la pr\u00e9sidentielle, c&rsquo;est moins vrai pour un second tour selon les estimations, dans un duel hypoth\u00e9tique avec Bardella, les projections sondagi\u00e8res lui donnent seulement 26 %, une d\u00e9route historique qui transformerait le second tour en pl\u00e9biscite pour le RN.&nbsp;<\/p>\n\n\n\n<p class=\"has-medium-font-size wp-block-paragraph\">Pourtant, il se pr\u00e9pare \u00e0 une quatri\u00e8me candidature pr\u00e9sidentielle. Chez LFI, la possibilit\u00e9 d&rsquo;une quatri\u00e8me candidature de Jean-Luc M\u00e9lenchon est pl\u00e9biscit\u00e9e par 78 % des soutiens de la gauche radicale, contre seulement 17 % des Fran\u00e7ais interrog\u00e9s. Son refus de la primaire n&rsquo;est pas une posture tactique : c&rsquo;est une conviction strat\u00e9gique. Il consid\u00e8re que sa l\u00e9gitimit\u00e9 vient directement du peuple, et non d&rsquo;un vote de militants qui le contestent.<\/p>\n\n\n\n<p class=\"has-medium-font-size wp-block-paragraph\">L&rsquo;exclusion des \u00ab frondeurs \u00bb de LFI, Alexis Corbi\u00e8re, Raquel Garrido, Fr\u00e9d\u00e9ric Mathieu, Hendrik Davi et Danielle Simonnet, tout en r\u00e9investissant Adrien Quatennens visait ainsi \u00e0 consolider le leadership de Jean-Luc M\u00e9lenchon et \u00e0 pr\u00e9parer le terrain pour une nouvelle candidature en 2027. La machine LFI est verrouill\u00e9e autour de son fondateur. La dissidence interne, r\u00e9elle, n&rsquo;a pas produit de figure alternative capable de le remplacer.<\/p>\n\n\n\n<p class=\"has-medium-font-size wp-block-paragraph\">Face \u00e0 M\u00e9lenchon, Rapha\u00ebl Glucksmann incarne une strat\u00e9gie radicalement diff\u00e9rente : construire une offre propre, lisible, pro-europ\u00e9enne, humaniste, susceptible d&rsquo;agr\u00e9ger l&rsquo;\u00e9lectorat socialiste traditionnel, une partie des Verts et des \u00e9lecteurs du bloc central d\u00e9\u00e7us par le macronisme sans avoir bascul\u00e9 vers la droite.<\/p>\n\n\n\n<p class=\"has-medium-font-size wp-block-paragraph\">Glucksmann bondit \u00e0 24 % d&rsquo;opinions favorables en novembre 2025 et devient la figure la plus populaire aupr\u00e8s des sympathisants de gauche, o\u00f9 il atteint 50 % d&rsquo;adh\u00e9sion, devant Fran\u00e7ois Hollande et Fabien Roussel. Il souhaite incarner \u00ab une gauche sociale, europ\u00e9enne, humaniste, \u00e9cologiste et f\u00e9ministe \u00bb.&nbsp;<\/p>\n\n\n\n<p class=\"has-medium-font-size wp-block-paragraph\">Glucksmann d\u00e9nonce un projet de primaire qui&nbsp; refuse de trancher entre deux p\u00f4les existants \u00e0 gauche : d&rsquo;un c\u00f4t\u00e9, un courant populiste men\u00e9 par M\u00e9lenchon, de l&rsquo;autre une gauche r\u00e9formiste, pro-europ\u00e9enne et pr\u00eate \u00e0 gouverner. Plut\u00f4t que de participer \u00e0 la primaire, il plaide pour une plateforme commune avec les socialistes afin de cr\u00e9er une dynamique \u00e9lectorale plus structur\u00e9e.<\/p>\n\n\n\n<p class=\"has-medium-font-size wp-block-paragraph\">Sa strat\u00e9gie suppose cependant une condition difficile \u00e0 r\u00e9unir : que le PS se range massivement derri\u00e8re lui contre les r\u00e9sistances internes. L&rsquo;eurod\u00e9put\u00e9 doit s&rsquo;appuyer sur le PS tout en contournant son secr\u00e9taire national Olivier Faure, per\u00e7u par certains \u00e9lus socialistes comme le \u00ab fossoyeur de la gauche \u00bb ou d&rsquo;\u00eatre \u00ab sous influence totale \u00bb de Jean-Luc M\u00e9lenchon. Le Premier secr\u00e9taire du PS Olivier Faure, tr\u00e8s contest\u00e9 en interne, ne r\u00e9colte que 37 % d&rsquo;opinions favorables pour une candidature en 2027 aupr\u00e8s des \u00e9lecteurs PS.&nbsp;<\/p>\n\n\n\n<h2 class=\"wp-block-heading\" id=\"h-la-primaire-fp-2027-solution-ou-machine-a-diviser\">La primaire FP 2027 : solution ou machine \u00e0 diviser ?<\/h2>\n\n\n\n<p class=\"has-medium-font-size wp-block-paragraph\">La primaire pr\u00e9vue le 11 octobre 2026 est pr\u00e9sent\u00e9e par ses promoteurs comme le seul m\u00e9canisme permettant d&rsquo;\u00e9viter la dispersion des candidatures. La r\u00e9alit\u00e9 est plus ambigu\u00eb.<\/p>\n\n\n\n<p class=\"has-medium-font-size wp-block-paragraph\">Les partisans de la primaire y voient un moyen de trancher entre plusieurs candidats sans guerre totale des ego. Les opposants, eux, redoutent l&rsquo;inverse : une machine \u00e0 faire remonter les divisions, \u00e0 l\u00e9gitimer des camps d\u00e9j\u00e0 s\u00e9par\u00e9s et \u00e0 fabriquer un vainqueur sans base solide. Rapha\u00ebl Glucksmann a d\u00e9j\u00e0 ferm\u00e9 la porte \u00e0 une telle proc\u00e9dure, comme Jean-Luc M\u00e9lenchon.<\/p>\n\n\n\n<p class=\"has-medium-font-size wp-block-paragraph\">Les donn\u00e9es d&rsquo;opinion sont pourtant favorables \u00e0 l&rsquo;union, dans une configuration pr\u00e9cise. Selon une \u00e9tude r\u00e9cente, 48 % des Fran\u00e7ais se disent favorables \u00e0 une alliance et \u00e0 une candidature unique entre certains partis de gauche, Parti socialiste, \u00c9cologistes et Parti communiste, sans La France insoumise. Le soutien grimpe fortement chez les sympathisants du Nouveau Front populaire, \u00e0 73 %. Et il est encore plus marqu\u00e9 chez les \u00e9lecteurs du Parti socialiste : 92 % d&rsquo;entre eux se disent favorables \u00e0 une alliance de ce type hors LFI.&nbsp;<\/p>\n\n\n\n<p class=\"has-medium-font-size wp-block-paragraph\">Le m\u00eame sondage teste l&rsquo;hypoth\u00e8se inverse : une alliance avec LFI. Seuls 27 % des Fran\u00e7ais y sont favorables. Chez les \u00e9lecteurs du NFP, l&rsquo;id\u00e9e reste majoritaire \u00e0 68 %. Mais chez les \u00e9lecteurs socialistes, elle est massivement rejet\u00e9e.<\/p>\n\n\n\n<p class=\"has-medium-font-size wp-block-paragraph\">L&rsquo;\u00e9quation est donc pos\u00e9e avec une clart\u00e9 math\u00e9matique : l&rsquo;union sans M\u00e9lenchon est populaire dans l&rsquo;opinion ; avec lui, elle est repoussoir pour l&rsquo;\u00e9lectorat mod\u00e9r\u00e9 indispensable \u00e0 la victoire au second tour. Mais M\u00e9lenchon ne participera pas \u00e0 une primaire qui l&rsquo;exclurait de facto.<\/p>\n\n\n\n<h2 class=\"wp-block-heading\" id=\"h-ruffin-castets-les-tiers-voies-introuvables\">Ruffin, Castets : les tiers-voies introuvables<\/h2>\n\n\n\n<p class=\"has-medium-font-size wp-block-paragraph\">Fran\u00e7ois Ruffin et Lucie Castets incarnent chacun \u00e0 leur mani\u00e8re la recherche d&rsquo;une troisi\u00e8me voie entre le hollandisme discret de Glucksmann et le m\u00e9lenchonisme fracassant. Deux trajectoires int\u00e9ressantes, deux impasses probables.<\/p>\n\n\n\n<p class=\"has-medium-font-size wp-block-paragraph\">Ruffin a r\u00e9ussi une mutation politique remarquable. Souhaitant se pr\u00e9senter comme un candidat ind\u00e9pendant, il a r\u00e9ussi \u00e0 se d\u00e9tacher de l&rsquo;orbite insoumise, n&rsquo;h\u00e9sitant plus \u00e0 afficher son \u00ab d\u00e9saccord moral et \u00e9lectoral profond \u00bb avec Jean-Luc M\u00e9lenchon. Il incarne une gauche de terrain, populaire au sens premier du terme, ancr\u00e9e dans les pr\u00e9occupations concr\u00e8tes des classes moyennes et populaires. Mais il manque de structure.<\/p>\n\n\n\n<p class=\"has-medium-font-size wp-block-paragraph\">Castets, sans \u00e9tiquette, tente d&rsquo;incarner une possibilit\u00e9 hors des appareils traditionnels. Elle n&rsquo;est pas seule dans cette tentative, mais elle semble, tout comme Ruffin, marquer le pas, sans parvenir \u00e0 incarner une troisi\u00e8me voie entre le hollandisme et le m\u00e9lenchonisme. Sans appareil militant, sans financement structur\u00e9, sans parti-relais territorial, une candidature pr\u00e9sidentielle reste une entreprise quasi impossible dans le syst\u00e8me fran\u00e7ais.&nbsp;<\/p>\n\n\n\n<h2 class=\"wp-block-heading\" id=\"h-les-municipales-de-2026-comme-revelateur-des-rapports-de-force\">Les municipales de 2026 comme r\u00e9v\u00e9lateur des rapports de force<\/h2>\n\n\n\n<p class=\"has-medium-font-size wp-block-paragraph\">Les \u00e9lections municipales de mars 2026 constituent un laboratoire strat\u00e9gique d&rsquo;une importance capitale pour lire les \u00e9quilibres de 2027. Le CEVIPOF rappelle que ce scrutin arrive juste avant 2027 et qu&rsquo;il sert de r\u00e9v\u00e9lateur du rapport de force r\u00e9el entre partis, \u00e9lus locaux et \u00e9lecteurs. Il donnera des maires, des r\u00e9seaux, des ressources militantes et des marqueurs territoriaux.<\/p>\n\n\n\n<p class=\"has-medium-font-size wp-block-paragraph\">\u00c0 moins d&rsquo;une semaine des \u00e9lections municipales de 2026, le scrutin s&rsquo;annonce marqu\u00e9 par une forte prime aux sortants et une logique largement locale. Mais dans les grandes villes, o\u00f9 la comp\u00e9tition est plus politis\u00e9e et plus ouverte, ces \u00e9lections pourraient servir de laboratoire strat\u00e9gique pour les partis nationaux, et notamment pour la nouvelle strat\u00e9gie d&rsquo;implantation locale de la France Insoumise.<\/p>\n\n\n\n<p class=\"has-medium-font-size wp-block-paragraph\">Les r\u00e9sultats confirment une tendance lourde : la gauche unie localement peut r\u00e9sister, la gauche fragment\u00e9e s&rsquo;effondre. Or le Premier secr\u00e9taire du PS Olivier Faure est tr\u00e8s contest\u00e9 en interne apr\u00e8s une s\u00e9rie d&rsquo;alliances PS-LFI aux municipales. Ces alliances contre-nature dans certaines villes alimentent les tensions internes socialistes et fragilisent davantage la perspective d&rsquo;un PS uni derri\u00e8re une candidature pr\u00e9sidentielle unique.&nbsp;<\/p>\n\n\n\n<h2 class=\"wp-block-heading\" id=\"h-les-scenarios-pour-2027-de-l-espoir-a-la-catastrophe\">Les sc\u00e9narios pour 2027 : de l&rsquo;espoir \u00e0 la catastrophe<\/h2>\n\n\n\n<p class=\"has-medium-font-size wp-block-paragraph\">Sc\u00e9nario noir (le plus probable) : Trois candidatures maintenues,&nbsp; M\u00e9lenchon autour de 12 %, Glucksmann autour de 12 %, et un candidat issu du FP 2027 autour de 8 % totalisent une gauche \u00e0 32 % mais sans qualifi\u00e9. Le spectre de Jospin \u00e9limin\u00e9 au premier tour en 2002 avec 16,2 % se mat\u00e9rialise sous une autre forme : non plus l&rsquo;\u00e9clatement sur la gauche de la gauche, mais la tripartition entre trois gauches \u00e9galement incapables de se fondre. Le RN et Philippe se retrouvent en face \u00e0 face.<\/p>\n\n\n\n<p class=\"has-medium-font-size wp-block-paragraph\">Sc\u00e9nario m\u00e9dian (possible) : La primaire d&rsquo;octobre 2026 produit un candidat Ruffin ou Castets auquel Glucksmann finit par se rallier sous pression des socialistes. M\u00e9lenchon se maintient. La gauche pr\u00e9sente deux candidats \u00e0 18 % et 12 %, dont un se qualifie de justesse pour le second tour face \u00e0 Philippe. Le r\u00e9sultat du second tour d\u00e9pend alors de la capacit\u00e9 du candidat de gauche \u00e0 convaincre au-del\u00e0 de son \u00e9lectorat naturel, exercice historiquement difficile pour la gauche fran\u00e7aise depuis 2012.<\/p>\n\n\n\n<p class=\"has-medium-font-size wp-block-paragraph\">Sc\u00e9nario optimiste (improbable) : Glucksmann incarne une candidature sociale-d\u00e9mocrate large, clairement pro-europ\u00e9enne, capable d&rsquo;agr\u00e9ger PS, Verts et une frange des d\u00e9\u00e7us du macronisme. LFI se rallie in extremis ou se disperse. La gauche r\u00e9formiste atteint 20-22 % au premier tour, se qualifie nettement, et construit un rassemblement r\u00e9publicain au second tour suffisamment large pour battre le RN. Ce sc\u00e9nario suppose un niveau de discipline collective que la gauche fran\u00e7aise n&rsquo;a pas d\u00e9montr\u00e9 depuis Fran\u00e7ois Mitterrand en 1981.<\/p>\n\n\n\n<h2 class=\"wp-block-heading\" id=\"h-la-gauche-face-a-son-destin\">La gauche face \u00e0 son destin<\/h2>\n\n\n\n<p class=\"has-medium-font-size wp-block-paragraph\">Depuis au moins trente ans, la gauche fran\u00e7aise essaie inlassablement de se rassembler. Et \u00e0 chaque fois, les divisions refont surface, plus tenaces encore. La pr\u00e9sidentielle de 2027 ne fait pas exception \u00e0 cette r\u00e8gle d&rsquo;airain. Les acteurs changent,&nbsp; Glucksmann a remplac\u00e9 Hollande, Ruffin a pris la place de Montebourg, Castets incarne une nouvelle g\u00e9n\u00e9ration,&nbsp; mais la m\u00e9canique de l&rsquo;\u00e9chec reste identique. La gauche fran\u00e7aise souffre d&rsquo;un mal profond que les primaires et les collectifs ne gu\u00e9riront pas : l&rsquo;absence d&rsquo;un r\u00e9cit commun sur ce qu&rsquo;est la France qu&rsquo;elle veut construire. Entre la rupture radicale de M\u00e9lenchon et le r\u00e9formisme prudent de Glucksmann, il n&rsquo;y a pas de synth\u00e8se possible, seulement un compromis boiteux qui satisferait les appareils sans convaincre les \u00e9lecteurs.<\/p>\n\n\n\n<p class=\"has-medium-font-size wp-block-paragraph\">L&rsquo;espoir existe, t\u00e9nu. La probabilit\u00e9 d&rsquo;une gauche unie, disciplin\u00e9e et conqu\u00e9rante en 2027 reste, elle, historiquement faible. Le rendez-vous d&rsquo;octobre 2026, la primaire FP 2027, dira si la gauche a enfin appris la le\u00e7on de ses d\u00e9faites. Tout indique que non.<\/p>","protected":false},"excerpt":{"rendered":"<p>Glucksmann : le pari social-d\u00e9mocrate et ses limites La dynamique du Nouveau Front Populaire, n\u00e9e dans l&rsquo;urgence de la dissolution de juin&hellip;<\/p>","protected":false},"author":31730,"featured_media":4175,"comment_status":"closed","ping_status":"closed","sticky":false,"template":"","format":"standard","meta":{"_lmt_disableupdate":"","_lmt_disable":"","footnotes":""},"categories":[605,4,617],"tags":[56,240,139,292],"class_list":["post-4101","post","type-post","status-publish","format-standard","has-post-thumbnail","hentry","category-france","category-mis-en-avant","category-politique-france","tag-france","tag-lfi","tag-politique","tag-ps"],"yoast_head":"<!-- This site is optimized with the Yoast SEO Premium plugin v28.1 (Yoast SEO v28.1) - https:\/\/yoast.com\/product\/yoast-seo-premium-wordpress\/ -->\n<title>Le Nouveau Front Populaire : une union de fa\u00e7ade, une fracture de fond | Geopolitics.fr<\/title>\n<meta name=\"description\" content=\"La gauche aborde l&#039;\u00e9lection pr\u00e9sidentielle divis\u00e9e. Le scenario noir est probable, le scenario m\u00e9dian possible, celui optimiste improbable\" \/>\n<meta name=\"robots\" content=\"index, follow, max-snippet:-1, max-image-preview:large, max-video-preview:-1\" \/>\n<link rel=\"canonical\" href=\"https:\/\/www.geopolitics.fr\/en\/2026\/05\/04\/le-nouveau-front-ppopulaire-une-union-de-facade-une-fracture-de-fond\/\" \/>\n<meta property=\"og:locale\" content=\"en_GB\" \/>\n<meta property=\"og:type\" content=\"article\" \/>\n<meta property=\"og:title\" content=\"Le Nouveau Front Populaire : une union de fa\u00e7ade, une fracture de fond\" \/>\n<meta property=\"og:description\" content=\"La gauche aborde l&#039;\u00e9lection pr\u00e9sidentielle divis\u00e9e. Le scenario noir est probable, le scenario m\u00e9dian possible, celui optimiste improbable\" \/>\n<meta property=\"og:url\" content=\"https:\/\/www.geopolitics.fr\/en\/2026\/05\/04\/le-nouveau-front-ppopulaire-une-union-de-facade-une-fracture-de-fond\/\" \/>\n<meta property=\"og:site_name\" content=\"Geopolitics.fr\" \/>\n<meta property=\"article:publisher\" content=\"https:\/\/www.facebook.com\/people\/Erwan-Davoux\/61557098968092\/\" \/>\n<meta property=\"article:published_time\" content=\"2026-05-04T11:00:00+00:00\" \/>\n<meta property=\"article:modified_time\" content=\"2026-05-07T10:08:41+00:00\" \/>\n<meta property=\"og:image\" content=\"https:\/\/www.geopolitics.fr\/wp-content\/uploads\/2026\/05\/front-pop.jpg\" \/>\n\t<meta property=\"og:image:width\" content=\"1042\" \/>\n\t<meta property=\"og:image:height\" content=\"696\" \/>\n\t<meta property=\"og:image:type\" content=\"image\/jpeg\" \/>\n<meta name=\"author\" content=\"Ghizlaine Badri\" \/>\n<meta name=\"twitter:card\" content=\"summary_large_image\" \/>\n<meta name=\"twitter:creator\" content=\"@Geopolitics_Fr\" \/>\n<meta name=\"twitter:site\" content=\"@Geopolitics_Fr\" \/>\n<meta name=\"twitter:label1\" content=\"Written by\" \/>\n\t<meta name=\"twitter:data1\" content=\"Ghizlaine Badri\" \/>\n\t<meta name=\"twitter:label2\" content=\"Estimated reading time\" \/>\n\t<meta name=\"twitter:data2\" content=\"10 minutes\" \/>\n<script type=\"application\/ld+json\" class=\"yoast-schema-graph\">{\"@context\":\"https:\\\/\\\/schema.org\",\"@graph\":[{\"@type\":\"Article\",\"@id\":\"https:\\\/\\\/www.geopolitics.fr\\\/2026\\\/05\\\/04\\\/le-nouveau-front-ppopulaire-une-union-de-facade-une-fracture-de-fond\\\/#article\",\"isPartOf\":{\"@id\":\"https:\\\/\\\/www.geopolitics.fr\\\/2026\\\/05\\\/04\\\/le-nouveau-front-ppopulaire-une-union-de-facade-une-fracture-de-fond\\\/\"},\"author\":{\"name\":\"Ghizlaine Badri\",\"@id\":\"https:\\\/\\\/www.geopolitics.fr\\\/#\\\/schema\\\/person\\\/c36b165f511617c65a2bf8f8abd9af41\"},\"headline\":\"Le Nouveau Front Populaire : une union de fa\u00e7ade, une fracture de fond\",\"datePublished\":\"2026-05-04T11:00:00+00:00\",\"dateModified\":\"2026-05-07T10:08:41+00:00\",\"mainEntityOfPage\":{\"@id\":\"https:\\\/\\\/www.geopolitics.fr\\\/2026\\\/05\\\/04\\\/le-nouveau-front-ppopulaire-une-union-de-facade-une-fracture-de-fond\\\/\"},\"wordCount\":1915,\"publisher\":{\"@id\":\"https:\\\/\\\/www.geopolitics.fr\\\/#organization\"},\"image\":{\"@id\":\"https:\\\/\\\/www.geopolitics.fr\\\/2026\\\/05\\\/04\\\/le-nouveau-front-ppopulaire-une-union-de-facade-une-fracture-de-fond\\\/#primaryimage\"},\"thumbnailUrl\":\"https:\\\/\\\/www.geopolitics.fr\\\/wp-content\\\/uploads\\\/2026\\\/05\\\/front-pop.jpg\",\"keywords\":[\"France\",\"LFI\",\"POLITIQUE\",\"ps\"],\"articleSection\":[\"FRANCE\",\"Mis en AVANT\",\"Politique\"],\"inLanguage\":\"en-GB\"},{\"@type\":\"WebPage\",\"@id\":\"https:\\\/\\\/www.geopolitics.fr\\\/2026\\\/05\\\/04\\\/le-nouveau-front-ppopulaire-une-union-de-facade-une-fracture-de-fond\\\/\",\"url\":\"https:\\\/\\\/www.geopolitics.fr\\\/2026\\\/05\\\/04\\\/le-nouveau-front-ppopulaire-une-union-de-facade-une-fracture-de-fond\\\/\",\"name\":\"Le Nouveau Front Populaire : une union de fa\u00e7ade, une fracture de fond | Geopolitics.fr\",\"isPartOf\":{\"@id\":\"https:\\\/\\\/www.geopolitics.fr\\\/#website\"},\"primaryImageOfPage\":{\"@id\":\"https:\\\/\\\/www.geopolitics.fr\\\/2026\\\/05\\\/04\\\/le-nouveau-front-ppopulaire-une-union-de-facade-une-fracture-de-fond\\\/#primaryimage\"},\"image\":{\"@id\":\"https:\\\/\\\/www.geopolitics.fr\\\/2026\\\/05\\\/04\\\/le-nouveau-front-ppopulaire-une-union-de-facade-une-fracture-de-fond\\\/#primaryimage\"},\"thumbnailUrl\":\"https:\\\/\\\/www.geopolitics.fr\\\/wp-content\\\/uploads\\\/2026\\\/05\\\/front-pop.jpg\",\"datePublished\":\"2026-05-04T11:00:00+00:00\",\"dateModified\":\"2026-05-07T10:08:41+00:00\",\"description\":\"La gauche aborde l'\u00e9lection pr\u00e9sidentielle divis\u00e9e. Le scenario noir est probable, le scenario m\u00e9dian possible, celui optimiste improbable\",\"breadcrumb\":{\"@id\":\"https:\\\/\\\/www.geopolitics.fr\\\/2026\\\/05\\\/04\\\/le-nouveau-front-ppopulaire-une-union-de-facade-une-fracture-de-fond\\\/#breadcrumb\"},\"inLanguage\":\"en-GB\",\"potentialAction\":[{\"@type\":\"ReadAction\",\"target\":[\"https:\\\/\\\/www.geopolitics.fr\\\/2026\\\/05\\\/04\\\/le-nouveau-front-ppopulaire-une-union-de-facade-une-fracture-de-fond\\\/\"]}]},{\"@type\":\"ImageObject\",\"inLanguage\":\"en-GB\",\"@id\":\"https:\\\/\\\/www.geopolitics.fr\\\/2026\\\/05\\\/04\\\/le-nouveau-front-ppopulaire-une-union-de-facade-une-fracture-de-fond\\\/#primaryimage\",\"url\":\"https:\\\/\\\/www.geopolitics.fr\\\/wp-content\\\/uploads\\\/2026\\\/05\\\/front-pop.jpg\",\"contentUrl\":\"https:\\\/\\\/www.geopolitics.fr\\\/wp-content\\\/uploads\\\/2026\\\/05\\\/front-pop.jpg\",\"width\":1042,\"height\":696},{\"@type\":\"BreadcrumbList\",\"@id\":\"https:\\\/\\\/www.geopolitics.fr\\\/2026\\\/05\\\/04\\\/le-nouveau-front-ppopulaire-une-union-de-facade-une-fracture-de-fond\\\/#breadcrumb\",\"itemListElement\":[{\"@type\":\"ListItem\",\"position\":1,\"name\":\"Accueil\",\"item\":\"https:\\\/\\\/www.geopolitics.fr\\\/\"},{\"@type\":\"ListItem\",\"position\":2,\"name\":\"Le Nouveau Front Populaire : une union de fa\u00e7ade, une fracture de fond\"}]},{\"@type\":\"WebSite\",\"@id\":\"https:\\\/\\\/www.geopolitics.fr\\\/#website\",\"url\":\"https:\\\/\\\/www.geopolitics.fr\\\/\",\"name\":\"Geopolitics.fr\",\"description\":\"Geopolitics.fr Analyse politique, relations internationales, d\u00e9fense - ligne \u00e9ditoriale gaullo-chiraquienne\",\"publisher\":{\"@id\":\"https:\\\/\\\/www.geopolitics.fr\\\/#organization\"},\"potentialAction\":[{\"@type\":\"SearchAction\",\"target\":{\"@type\":\"EntryPoint\",\"urlTemplate\":\"https:\\\/\\\/www.geopolitics.fr\\\/?s={search_term_string}\"},\"query-input\":{\"@type\":\"PropertyValueSpecification\",\"valueRequired\":true,\"valueName\":\"search_term_string\"}}],\"inLanguage\":\"en-GB\"},{\"@type\":\"Organization\",\"@id\":\"https:\\\/\\\/www.geopolitics.fr\\\/#organization\",\"name\":\"Geopolitics.fr\",\"url\":\"https:\\\/\\\/www.geopolitics.fr\\\/\",\"logo\":{\"@type\":\"ImageObject\",\"inLanguage\":\"en-GB\",\"@id\":\"https:\\\/\\\/www.geopolitics.fr\\\/#\\\/schema\\\/logo\\\/image\\\/\",\"url\":\"https:\\\/\\\/www.geopolitics.fr\\\/wp-content\\\/uploads\\\/2024\\\/01\\\/logo.jpg\",\"contentUrl\":\"https:\\\/\\\/www.geopolitics.fr\\\/wp-content\\\/uploads\\\/2024\\\/01\\\/logo.jpg\",\"width\":500,\"height\":500,\"caption\":\"Geopolitics.fr\"},\"image\":{\"@id\":\"https:\\\/\\\/www.geopolitics.fr\\\/#\\\/schema\\\/logo\\\/image\\\/\"},\"sameAs\":[\"https:\\\/\\\/www.facebook.com\\\/people\\\/Erwan-Davoux\\\/61557098968092\\\/\",\"https:\\\/\\\/x.com\\\/Geopolitics_Fr\"]},{\"@type\":\"Person\",\"@id\":\"https:\\\/\\\/www.geopolitics.fr\\\/#\\\/schema\\\/person\\\/c36b165f511617c65a2bf8f8abd9af41\",\"name\":\"Ghizlaine Badri\",\"image\":{\"@type\":\"ImageObject\",\"inLanguage\":\"en-GB\",\"@id\":\"https:\\\/\\\/www.geopolitics.fr\\\/wp-content\\\/uploads\\\/2026\\\/04\\\/cropped-Ghizlaine-96x96.jpg\",\"url\":\"https:\\\/\\\/www.geopolitics.fr\\\/wp-content\\\/uploads\\\/2026\\\/04\\\/cropped-Ghizlaine-96x96.jpg\",\"contentUrl\":\"https:\\\/\\\/www.geopolitics.fr\\\/wp-content\\\/uploads\\\/2026\\\/04\\\/cropped-Ghizlaine-96x96.jpg\",\"caption\":\"Ghizlaine Badri\"},\"description\":\"R\u00e9dactrice en chef de Geopolitics.fr, Ghizlaine Badri est une Journaliste politique forte de vingt-cing ans d'exp\u00e9rience professionnelle dont quinze ans dans la Presse. Elle a construit un parcours \u00e0 l'intersection des sc\u00e8nes fran\u00e7aise, europ\u00e9enne et internationale. Ghizlaine a collabor\u00e9 avec pr\u00e8s d'une vingtaine de m\u00e9dias, parmi lesquels Le Point, Le Figaro, Les \u00c9chos, L'Express et Forbes. Correspondante Maroc\u2013Maghreb pour Le Point et correspondante Afrique pour Forbes, elle s'est distingu\u00e9e par une couverture approfondie des dynamiques politiques et diplomatiques entre l'Europe et le continent africain. Elle est \u00e0 ce jour la seule journaliste marocaine en activit\u00e9 \u00e0 avoir collabor\u00e9 avec des titres majeurs de la presse fran\u00e7aise hors sph\u00e8re panafricaine en France. Au sein du quotidien \u00e9conomique L'\u00c9conomiste, 1er quotidien au Maroc, elle a fond\u00e9 la rubrique France\u2013Maroc, contribuant \u00e0 structurer un espace \u00e9ditorial in\u00e9dit. Titulaire de trois masters obtenus en France, elle a travaill\u00e9 dans les domaines de la communication institutionnelle notamment \u00e0 la Mairie de Bordeaux aupr\u00e8s d'Alain Jupp\u00e9 et a \u00e9galement exerc\u00e9 des fonctions de direction en communication marketing, notamment aupr\u00e8s de l'Ambassade de France au Maroc. Polyglotte, elle est franco-italo-marocaine, n\u00e9e \u00e0 Casablanca, a v\u00e9cu \u00e0 New-York et maitrise cinq langues le fran\u00e7ais, l'arabe, l'anglais, l'italien et l'espagnol.\",\"url\":\"https:\\\/\\\/www.geopolitics.fr\\\/en\\\/author\\\/ghizlaine-badri\\\/\"}]}<\/script>\n<!-- \/ Yoast SEO Premium plugin. -->","yoast_head_json":{"title":"Le Nouveau Front Populaire : une union de fa\u00e7ade, une fracture de fond | Geopolitics.fr","description":"La gauche aborde l'\u00e9lection pr\u00e9sidentielle divis\u00e9e. Le scenario noir est probable, le scenario m\u00e9dian possible, celui optimiste improbable","robots":{"index":"index","follow":"follow","max-snippet":"max-snippet:-1","max-image-preview":"max-image-preview:large","max-video-preview":"max-video-preview:-1"},"canonical":"https:\/\/www.geopolitics.fr\/en\/2026\/05\/04\/le-nouveau-front-ppopulaire-une-union-de-facade-une-fracture-de-fond\/","og_locale":"en_GB","og_type":"article","og_title":"Le Nouveau Front Populaire : une union de fa\u00e7ade, une fracture de fond","og_description":"La gauche aborde l'\u00e9lection pr\u00e9sidentielle divis\u00e9e. Le scenario noir est probable, le scenario m\u00e9dian possible, celui optimiste improbable","og_url":"https:\/\/www.geopolitics.fr\/en\/2026\/05\/04\/le-nouveau-front-ppopulaire-une-union-de-facade-une-fracture-de-fond\/","og_site_name":"Geopolitics.fr","article_publisher":"https:\/\/www.facebook.com\/people\/Erwan-Davoux\/61557098968092\/","article_published_time":"2026-05-04T11:00:00+00:00","article_modified_time":"2026-05-07T10:08:41+00:00","og_image":[{"width":1042,"height":696,"url":"https:\/\/www.geopolitics.fr\/wp-content\/uploads\/2026\/05\/front-pop.jpg","type":"image\/jpeg"}],"author":"Ghizlaine Badri","twitter_card":"summary_large_image","twitter_creator":"@Geopolitics_Fr","twitter_site":"@Geopolitics_Fr","twitter_misc":{"Written by":"Ghizlaine Badri","Estimated reading time":"10 minutes"},"schema":{"@context":"https:\/\/schema.org","@graph":[{"@type":"Article","@id":"https:\/\/www.geopolitics.fr\/2026\/05\/04\/le-nouveau-front-ppopulaire-une-union-de-facade-une-fracture-de-fond\/#article","isPartOf":{"@id":"https:\/\/www.geopolitics.fr\/2026\/05\/04\/le-nouveau-front-ppopulaire-une-union-de-facade-une-fracture-de-fond\/"},"author":{"name":"Ghizlaine Badri","@id":"https:\/\/www.geopolitics.fr\/#\/schema\/person\/c36b165f511617c65a2bf8f8abd9af41"},"headline":"Le Nouveau Front Populaire : une union de fa\u00e7ade, une fracture de fond","datePublished":"2026-05-04T11:00:00+00:00","dateModified":"2026-05-07T10:08:41+00:00","mainEntityOfPage":{"@id":"https:\/\/www.geopolitics.fr\/2026\/05\/04\/le-nouveau-front-ppopulaire-une-union-de-facade-une-fracture-de-fond\/"},"wordCount":1915,"publisher":{"@id":"https:\/\/www.geopolitics.fr\/#organization"},"image":{"@id":"https:\/\/www.geopolitics.fr\/2026\/05\/04\/le-nouveau-front-ppopulaire-une-union-de-facade-une-fracture-de-fond\/#primaryimage"},"thumbnailUrl":"https:\/\/www.geopolitics.fr\/wp-content\/uploads\/2026\/05\/front-pop.jpg","keywords":["France","LFI","POLITIQUE","ps"],"articleSection":["FRANCE","Mis en AVANT","Politique"],"inLanguage":"en-GB"},{"@type":"WebPage","@id":"https:\/\/www.geopolitics.fr\/2026\/05\/04\/le-nouveau-front-ppopulaire-une-union-de-facade-une-fracture-de-fond\/","url":"https:\/\/www.geopolitics.fr\/2026\/05\/04\/le-nouveau-front-ppopulaire-une-union-de-facade-une-fracture-de-fond\/","name":"Le Nouveau Front Populaire : une union de fa\u00e7ade, une fracture de fond | Geopolitics.fr","isPartOf":{"@id":"https:\/\/www.geopolitics.fr\/#website"},"primaryImageOfPage":{"@id":"https:\/\/www.geopolitics.fr\/2026\/05\/04\/le-nouveau-front-ppopulaire-une-union-de-facade-une-fracture-de-fond\/#primaryimage"},"image":{"@id":"https:\/\/www.geopolitics.fr\/2026\/05\/04\/le-nouveau-front-ppopulaire-une-union-de-facade-une-fracture-de-fond\/#primaryimage"},"thumbnailUrl":"https:\/\/www.geopolitics.fr\/wp-content\/uploads\/2026\/05\/front-pop.jpg","datePublished":"2026-05-04T11:00:00+00:00","dateModified":"2026-05-07T10:08:41+00:00","description":"La gauche aborde l'\u00e9lection pr\u00e9sidentielle divis\u00e9e. Le scenario noir est probable, le scenario m\u00e9dian possible, celui optimiste improbable","breadcrumb":{"@id":"https:\/\/www.geopolitics.fr\/2026\/05\/04\/le-nouveau-front-ppopulaire-une-union-de-facade-une-fracture-de-fond\/#breadcrumb"},"inLanguage":"en-GB","potentialAction":[{"@type":"ReadAction","target":["https:\/\/www.geopolitics.fr\/2026\/05\/04\/le-nouveau-front-ppopulaire-une-union-de-facade-une-fracture-de-fond\/"]}]},{"@type":"ImageObject","inLanguage":"en-GB","@id":"https:\/\/www.geopolitics.fr\/2026\/05\/04\/le-nouveau-front-ppopulaire-une-union-de-facade-une-fracture-de-fond\/#primaryimage","url":"https:\/\/www.geopolitics.fr\/wp-content\/uploads\/2026\/05\/front-pop.jpg","contentUrl":"https:\/\/www.geopolitics.fr\/wp-content\/uploads\/2026\/05\/front-pop.jpg","width":1042,"height":696},{"@type":"BreadcrumbList","@id":"https:\/\/www.geopolitics.fr\/2026\/05\/04\/le-nouveau-front-ppopulaire-une-union-de-facade-une-fracture-de-fond\/#breadcrumb","itemListElement":[{"@type":"ListItem","position":1,"name":"Accueil","item":"https:\/\/www.geopolitics.fr\/"},{"@type":"ListItem","position":2,"name":"Le Nouveau Front Populaire : une union de fa\u00e7ade, une fracture de fond"}]},{"@type":"WebSite","@id":"https:\/\/www.geopolitics.fr\/#website","url":"https:\/\/www.geopolitics.fr\/","name":"Geopolitics.fr","description":"Geopolitics.fr Analyse politique, relations internationales, d\u00e9fense - ligne \u00e9ditoriale gaullo-chiraquienne","publisher":{"@id":"https:\/\/www.geopolitics.fr\/#organization"},"potentialAction":[{"@type":"SearchAction","target":{"@type":"EntryPoint","urlTemplate":"https:\/\/www.geopolitics.fr\/?s={search_term_string}"},"query-input":{"@type":"PropertyValueSpecification","valueRequired":true,"valueName":"search_term_string"}}],"inLanguage":"en-GB"},{"@type":"Organization","@id":"https:\/\/www.geopolitics.fr\/#organization","name":"Geopolitics.fr","url":"https:\/\/www.geopolitics.fr\/","logo":{"@type":"ImageObject","inLanguage":"en-GB","@id":"https:\/\/www.geopolitics.fr\/#\/schema\/logo\/image\/","url":"https:\/\/www.geopolitics.fr\/wp-content\/uploads\/2024\/01\/logo.jpg","contentUrl":"https:\/\/www.geopolitics.fr\/wp-content\/uploads\/2024\/01\/logo.jpg","width":500,"height":500,"caption":"Geopolitics.fr"},"image":{"@id":"https:\/\/www.geopolitics.fr\/#\/schema\/logo\/image\/"},"sameAs":["https:\/\/www.facebook.com\/people\/Erwan-Davoux\/61557098968092\/","https:\/\/x.com\/Geopolitics_Fr"]},{"@type":"Person","@id":"https:\/\/www.geopolitics.fr\/#\/schema\/person\/c36b165f511617c65a2bf8f8abd9af41","name":"Ghizlaine Badri","image":{"@type":"ImageObject","inLanguage":"en-GB","@id":"https:\/\/www.geopolitics.fr\/wp-content\/uploads\/2026\/04\/cropped-Ghizlaine-96x96.jpg","url":"https:\/\/www.geopolitics.fr\/wp-content\/uploads\/2026\/04\/cropped-Ghizlaine-96x96.jpg","contentUrl":"https:\/\/www.geopolitics.fr\/wp-content\/uploads\/2026\/04\/cropped-Ghizlaine-96x96.jpg","caption":"Ghizlaine Badri"},"description":"R\u00e9dactrice en chef de Geopolitics.fr, Ghizlaine Badri est une Journaliste politique forte de vingt-cing ans d'exp\u00e9rience professionnelle dont quinze ans dans la Presse. Elle a construit un parcours \u00e0 l'intersection des sc\u00e8nes fran\u00e7aise, europ\u00e9enne et internationale. Ghizlaine a collabor\u00e9 avec pr\u00e8s d'une vingtaine de m\u00e9dias, parmi lesquels Le Point, Le Figaro, Les \u00c9chos, L'Express et Forbes. Correspondante Maroc\u2013Maghreb pour Le Point et correspondante Afrique pour Forbes, elle s'est distingu\u00e9e par une couverture approfondie des dynamiques politiques et diplomatiques entre l'Europe et le continent africain. Elle est \u00e0 ce jour la seule journaliste marocaine en activit\u00e9 \u00e0 avoir collabor\u00e9 avec des titres majeurs de la presse fran\u00e7aise hors sph\u00e8re panafricaine en France. Au sein du quotidien \u00e9conomique L'\u00c9conomiste, 1er quotidien au Maroc, elle a fond\u00e9 la rubrique France\u2013Maroc, contribuant \u00e0 structurer un espace \u00e9ditorial in\u00e9dit. Titulaire de trois masters obtenus en France, elle a travaill\u00e9 dans les domaines de la communication institutionnelle notamment \u00e0 la Mairie de Bordeaux aupr\u00e8s d'Alain Jupp\u00e9 et a \u00e9galement exerc\u00e9 des fonctions de direction en communication marketing, notamment aupr\u00e8s de l'Ambassade de France au Maroc. Polyglotte, elle est franco-italo-marocaine, n\u00e9e \u00e0 Casablanca, a v\u00e9cu \u00e0 New-York et maitrise cinq langues le fran\u00e7ais, l'arabe, l'anglais, l'italien et l'espagnol.","url":"https:\/\/www.geopolitics.fr\/en\/author\/ghizlaine-badri\/"}]}},"_links":{"self":[{"href":"https:\/\/www.geopolitics.fr\/en\/wp-json\/wp\/v2\/posts\/4101","targetHints":{"allow":["GET"]}}],"collection":[{"href":"https:\/\/www.geopolitics.fr\/en\/wp-json\/wp\/v2\/posts"}],"about":[{"href":"https:\/\/www.geopolitics.fr\/en\/wp-json\/wp\/v2\/types\/post"}],"author":[{"embeddable":true,"href":"https:\/\/www.geopolitics.fr\/en\/wp-json\/wp\/v2\/users\/31730"}],"replies":[{"embeddable":true,"href":"https:\/\/www.geopolitics.fr\/en\/wp-json\/wp\/v2\/comments?post=4101"}],"version-history":[{"count":0,"href":"https:\/\/www.geopolitics.fr\/en\/wp-json\/wp\/v2\/posts\/4101\/revisions"}],"wp:featuredmedia":[{"embeddable":true,"href":"https:\/\/www.geopolitics.fr\/en\/wp-json\/wp\/v2\/media\/4175"}],"wp:attachment":[{"href":"https:\/\/www.geopolitics.fr\/en\/wp-json\/wp\/v2\/media?parent=4101"}],"wp:term":[{"taxonomy":"category","embeddable":true,"href":"https:\/\/www.geopolitics.fr\/en\/wp-json\/wp\/v2\/categories?post=4101"},{"taxonomy":"post_tag","embeddable":true,"href":"https:\/\/www.geopolitics.fr\/en\/wp-json\/wp\/v2\/tags?post=4101"}],"curies":[{"name":"wp","href":"https:\/\/api.w.org\/{rel}","templated":true}]}}