{"id":4094,"date":"2026-05-03T18:45:00","date_gmt":"2026-05-03T16:45:00","guid":{"rendered":"https:\/\/www.geopolitics.fr\/?p=4094"},"modified":"2026-05-03T19:32:36","modified_gmt":"2026-05-03T17:32:36","slug":"ramstein-le-jour-dapres-le-revelateur-transatlantique","status":"publish","type":"post","link":"https:\/\/www.geopolitics.fr\/en\/2026\/05\/03\/ramstein-le-jour-dapres-le-revelateur-transatlantique\/","title":{"rendered":"Ramstein, le jour d&rsquo;apr\u00e8s : un tournant transatlantique ?"},"content":{"rendered":"<h2 class=\"wp-block-heading\" id=\"h-une-querelle-un-symbole-un-seisme\">Une querelle, un symbole, un s\u00e9isme<\/h2>\n\n\n\n<p class=\"has-medium-font-size wp-block-paragraph\">Ce n&rsquo;est pas une crise diplomatique ordinaire. C&rsquo;est la premi\u00e8re fois depuis 1945 qu&rsquo;un pr\u00e9sident des \u00c9tats-Unis r\u00e9duit unilat\u00e9ralement la pr\u00e9sence militaire am\u00e9ricaine en Allemagne en r\u00e9ponse directe aux propos d&rsquo;un chancelier alli\u00e9. La s\u00e9quence est in\u00e9dite : une phrase de Berlin, une d\u00e9cision du Pentagone, un tremblement de fond dans l&rsquo;architecture atlantique.<\/p>\n\n\n\n<p class=\"has-medium-font-size wp-block-paragraph\">Mais le d\u00e9tonateur importe moins que ce qu&rsquo;il r\u00e9v\u00e8le. Derri\u00e8re la querelle Merz-Trump sur l&rsquo;Iran se profile une question plus vaste, longtemps refoul\u00e9e : l&rsquo;Europe a-t-elle, au fil de soixante-quinze ans de parapluie am\u00e9ricain, perdu la capacit\u00e9 \u2014 et le r\u00e9flexe \u2014 de se d\u00e9fendre seule ? Le retrait de Ramstein n&rsquo;est peut-\u00eatre pas la fin d&rsquo;une alliance. Il est, plus s\u00fbrement, le miroir brutal d&rsquo;une d\u00e9pendance que l&rsquo;Europe avait cess\u00e9 de voir.<\/p>\n\n\n\n<h2 class=\"wp-block-heading\" id=\"h-ramstein-ou-le-poids-d-un-symbole\">Ramstein, ou le poids d&rsquo;un symbole<\/h2>\n\n\n\n<p class=\"has-medium-font-size wp-block-paragraph\">Avant de mesurer ce que le retrait signifie, il faut mesurer ce que l&rsquo;on retire.<\/p>\n\n\n\n<p class=\"has-medium-font-size wp-block-paragraph\">Ramstein n&rsquo;est pas une base parmi d&rsquo;autres. En 2026, elle est la plus grande installation de l&rsquo;US Air Force hors des \u00c9tats-Unis : si\u00e8ge de l&rsquo;USAFE-AFAFRICA, quartier g\u00e9n\u00e9ral du commandement a\u00e9rien alli\u00e9 de l&rsquo;OTAN, point de passage oblig\u00e9 de chaque soldat, chaque arme et chaque v\u00e9hicule am\u00e9ricain engag\u00e9 de la guerre du Golfe au Kosovo, d&rsquo;Irak au retrait d&rsquo;Afghanistan, jusqu&rsquo;aux convois d&rsquo;armement vers l&rsquo;Ukraine depuis 2022. Elle h\u00e9berge \u00e9galement les liaisons satellitaires et les relais de commandement qui pilotent, \u00e0 distance, les op\u00e9rations de drones am\u00e9ricains vers le Moyen-Orient et l&rsquo;Afrique. Son empreinte strat\u00e9gique d\u00e9passe largement le th\u00e9\u00e2tre europ\u00e9en.<\/p>\n\n\n\n<p class=\"has-medium-font-size wp-block-paragraph\">C&rsquo;est pr\u00e9cis\u00e9ment ce qui rend la d\u00e9cision de Trump analytiquement paradoxale. Retirer des troupes d&rsquo;Allemagne, c&rsquo;est sanctionner Berlin \u2014 mais c&rsquo;est surtout se priver d&rsquo;un outil de projection mondiale irrempla\u00e7able. Le co\u00fbt op\u00e9rationnel pour Washington \u2014 relocalisation des cha\u00eenes logistiques, perte de r\u00e9activit\u00e9 sur les flancs russe et iranien, affaiblissement du commandement a\u00e9rien de l&rsquo;OTAN \u2014 exc\u00e8de de loin les 2 milliards d&rsquo;euros annuels que les bases g\u00e9n\u00e8rent pour l&rsquo;\u00e9conomie locale allemande.<\/p>\n\n\n\n<p class=\"has-medium-font-size wp-block-paragraph\">Le paradoxe est au c\u0153ur de l&rsquo;analyse : cet acte punitif est, objectivement, plus co\u00fbteux pour celui qui l&rsquo;inflige que pour celui qui le subit. Trump bluffe-t-il sur un atout qu&rsquo;il ne peut se permettre de perdre ? Ou calcule-t-il que l&rsquo;Europe, accul\u00e9e, n&rsquo;aura d&rsquo;autre choix que de financer sa propre d\u00e9fense \u2014 lib\u00e9rant ainsi Washington pour son v\u00e9ritable horizon strat\u00e9gique, l&rsquo;Indo-Pacifique ?<\/p>\n\n\n\n<h2 class=\"wp-block-heading\" id=\"h-la-longue-histoire-d-une-dependance-consentie\">La longue histoire d&rsquo;une d\u00e9pendance consentie<\/h2>\n\n\n\n<p class=\"has-medium-font-size wp-block-paragraph\">Pour comprendre le choc de 2026, il faut remonter \u00e0 sa gen\u00e8se. La pr\u00e9sence am\u00e9ricaine en Allemagne n&rsquo;est pas le produit d&rsquo;un trait\u00e9 ordinaire : c&rsquo;est le r\u00e9sultat de trois bascules successives, chacune ayant consolid\u00e9 une d\u00e9pendance que l&rsquo;on a fini par confondre avec un ordre naturel des choses.<\/p>\n\n\n\n<h3 class=\"wp-block-heading has-medium-font-size\" id=\"h-la-premiere-bascule-est-celle-de-la-guerre-froide\"><strong>La premi\u00e8re bascule est celle de la Guerre froide<\/strong><\/h3>\n\n\n\n<p class=\"has-medium-font-size wp-block-paragraph\">Entre 1949 et 1991, l&rsquo;Allemagne \u2014 \u00c9tat semi-souverain, puissance vaincue en cours de r\u00e9habilitation \u2014 accueille la pr\u00e9sence militaire am\u00e9ricaine comme condition implicite de sa r\u00e9int\u00e9gration dans le concert occidental. Le trait\u00e9 dit \u00ab 2+4 \u00bb, sign\u00e9 en septembre 1990, cristallise cet \u00e9quilibre avec une pr\u00e9cision chirurgicale : les deux Allemagnes et les quatre puissances victorieuses de 1945 \u2014 \u00c9tats-Unis, Union Sovi\u00e9tique, Royaume-Uni, France \u2014 y r\u00e8glent ensemble les conditions de la r\u00e9unification.<\/p>\n\n\n\n<p class=\"has-medium-font-size wp-block-paragraph\">L&rsquo;Allemagne y recouvre sa pleine souverainet\u00e9 formelle, renonce \u00e0 l&rsquo;arme nucl\u00e9aire et accepte des limites sur ses effectifs militaires. En contrepartie, les alli\u00e9s occidentaux s&rsquo;engagent \u00e0 maintenir leur pr\u00e9sence sur son sol. Ce n&rsquo;est pas un trait\u00e9 de paix ordinaire \u2014 c&rsquo;est l&rsquo;acte de naissance d&rsquo;une souverainet\u00e9 sous tutelle consentie : Berlin gouverne, Washington prot\u00e8ge, et Ramstein en est le gage concret. Dans les faits, l&rsquo;Allemagne r\u00e9unifi\u00e9e exerce son influence \u00e0 l&rsquo;ombre du parapluie nucl\u00e9aire am\u00e9ricain \u2014 non par contrainte, mais par calcul raisonn\u00e9. La s\u00e9curit\u00e9 est externalis\u00e9e ; l&rsquo;\u00e9nergie nationale est consacr\u00e9e \u00e0 la reconstruction, puis \u00e0 la puissance \u00e9conomique.<\/p>\n\n\n\n<p class=\"has-medium-font-size wp-block-paragraph\">L&rsquo;arrangement est clair, sinon explicite : la s\u00e9curit\u00e9 contre la vassalit\u00e9 strat\u00e9gique. Ramstein en est le verrou physique, la manifestation de b\u00e9ton et d&rsquo;acier d&rsquo;un protectorat consenti.<\/p>\n\n\n\n<h3 class=\"wp-block-heading has-medium-font-size\" id=\"h-la-deuxieme-bascule-est-celle-de-l-illusion\"><strong>La deuxi\u00e8me bascule est celle de l&rsquo;illusion<\/strong><\/h3>\n\n\n\n<p class=\"has-medium-font-size wp-block-paragraph\">De 1991 \u00e0 2022, la chute du mur ouvre une longue parenth\u00e8se d&rsquo;insouciance strat\u00e9gique. L&rsquo;Allemagne r\u00e9duit ses d\u00e9penses militaires \u00e0 1,2 % du PIB, fait confiance au <em>Wandel durch Handel<\/em> \u2014 la doctrine qui postule que le commerce transforme les r\u00e9gimes et dissout les conflits \u2014 et d\u00e9l\u00e8gue sa s\u00e9curit\u00e9 \u00e0 Washington sans \u00e9tat d&rsquo;\u00e2me apparent. La puissance allemande devient \u00e9conomique, commerciale, normative. Elle prosp\u00e8re. Et pendant trois d\u00e9cennies, cette prosp\u00e9rit\u00e9 masque une vuln\u00e9rabilit\u00e9 croissante, que Poutine mettra \u00e0 nu en f\u00e9vrier 2022.<\/p>\n\n\n\n<h3 class=\"wp-block-heading has-medium-font-size\" id=\"h-la-troisieme-bascule-est-celle-de-l-eveil-force\"><strong>La troisi\u00e8me bascule est celle de l&rsquo;\u00e9veil forc\u00e9<\/strong><\/h3>\n\n\n\n<p class=\"has-medium-font-size wp-block-paragraph\">L&rsquo;invasion de l&rsquo;Ukraine brise la logique du <em>Wandel durch Handel<\/em> et contraint le chancelier Scholz \u00e0 proclamer le <em>Zeitenwende<\/em> \u2014 le tournant historique. En 2026, les d\u00e9penses de d\u00e9fense allemandes d\u00e9passent 3 % du PIB ; des projets de d\u00e9ploiement de missiles Tomahawk sur le sol allemand sont en cours de discussion. Berlin r\u00e9arme \u00e0 un rythme que l&rsquo;Allemagne d&rsquo;apr\u00e8s-guerre n&rsquo;avait jamais connu.<\/p>\n\n\n\n<p class=\"has-medium-font-size wp-block-paragraph\">C&rsquo;est l\u00e0 que r\u00e9side la contradiction la plus saisissante de la crise actuelle : l&rsquo;Allemagne s&rsquo;\u00e9mancipe militairement au moment pr\u00e9cis o\u00f9 son alli\u00e9 historique annonce son retrait partiel. La d\u00e9pendance ne dispara\u00eet pas \u2014 elle se transforme, sous contrainte, en quelque chose qui ressemble \u00e0 une autonomie. Mais une autonomie pr\u00e9cipit\u00e9e, incompl\u00e8te, et pour l&rsquo;heure encore fragile.<\/p>\n\n\n\n<p class=\"has-medium-font-size wp-block-paragraph\">Le retrait de Trump n&rsquo;est donc pas la cause de cette mutation : il en est l&rsquo;acc\u00e9l\u00e9rateur brutal. Pour en comprendre la logique r\u00e9elle, il faut en diss\u00e9quer l&rsquo;anatomie.<\/p>\n\n\n\n<h2 class=\"wp-block-heading\" id=\"h-anatomie-d-un-retrait-coercition-ou-recomposition\">Anatomie d&rsquo;un retrait : coercition ou recomposition ?<\/h2>\n\n\n\n<p class=\"has-medium-font-size wp-block-paragraph\">Le retrait de 5 000 soldats am\u00e9ricains d&rsquo;Allemagne r\u00e9siste \u00e0 toute lecture univoque. C&rsquo;est pr\u00e9cis\u00e9ment ce qui en fait la d\u00e9cision strat\u00e9gique la plus complexe de ces derni\u00e8res ann\u00e9es. Quatre grilles d&rsquo;analyse, non pas exclusives mais compl\u00e9mentaires, permettent d&rsquo;en d\u00e9plier la logique.<\/p>\n\n\n\n<p class=\"has-medium-font-size wp-block-paragraph\"><strong>La coercition transactionnelle<\/strong><\/p>\n\n\n\n<p class=\"has-medium-font-size wp-block-paragraph\">Trump a une m\u00e9thode. Elle est simple, constante, efficace : menacer ce \u00e0 quoi l&rsquo;autre tient le plus pour obtenir ce qu&rsquo;il veut. La s\u00e9quence de cette derni\u00e8re semaine d&rsquo;avril en est l&rsquo;illustration parfaite. Le 28 avril, Merz d\u00e9clare publiquement que les Am\u00e9ricains n&rsquo;ont \u00ab visiblement aucune strat\u00e9gie \u00bb face \u00e0 l&rsquo;Iran et que T\u00e9h\u00e9ran \u00ab humilie \u00bb la premi\u00e8re puissance mondiale. Le 30 avril, Trump r\u00e9pond sur Truth Social que le chancelier \u00ab ne sait pas de quoi il parle \u00bb. Le 1er mai, le Pentagone annonce le retrait. Trois jours, trois actes, une logique implacable. Ce n&rsquo;est pas de l&rsquo;impulsivit\u00e9 : c&rsquo;est de la m\u00e9canique punitive. Et Trump y ajoute, dans la foul\u00e9e, une deuxi\u00e8me lame : des droits de douane de 25 % sur les voitures et camions europ\u00e9ens \u2014 touchant Berlin l\u00e0 o\u00f9 \u00e7a fait doublement mal.<\/p>\n\n\n\n<h3 class=\"wp-block-heading has-medium-font-size\" id=\"h-le-precedent-existe\"><strong>Le pr\u00e9c\u00e9dent existe<\/strong><\/h3>\n\n\n\n<p class=\"has-medium-font-size wp-block-paragraph\">Lors de son premier mandat, Trump avait d\u00e9j\u00e0 brandi la menace d&rsquo;un retrait de 9 500 soldats pour forcer Berlin \u00e0 augmenter ses contributions \u00e0 l&rsquo;OTAN. La menace n&rsquo;avait jamais \u00e9t\u00e9 ex\u00e9cut\u00e9e \u2014 mais elle avait suffi \u00e0 obtenir de vraies concessions budg\u00e9taires. C&rsquo;est toute la logique du deal trumpien : le retrait n&rsquo;est pas un projet, c&rsquo;est un levier. On ne le tire pas pour partir \u2014 on le tire pour que l&rsquo;autre c\u00e8de. Dans cette lecture, la d\u00e9cision du 1er mai est r\u00e9versible par nature : l&rsquo;Europe a le choix entre s&rsquo;aligner ou perdre son bouclier. C&rsquo;est le <em>Schutzgeld<\/em> renvers\u00e9 \u2014 non plus l&rsquo;Am\u00e9rique qui prot\u00e8ge en \u00e9change de loyaut\u00e9, mais l&rsquo;Am\u00e9rique qui suspend sa protection jusqu&rsquo;\u00e0 ce que la loyaut\u00e9 soit prouv\u00e9e.<\/p>\n\n\n\n<p class=\"has-medium-font-size wp-block-paragraph\"><strong>La recomposition structurelle<\/strong><\/p>\n\n\n\n<p class=\"has-medium-font-size wp-block-paragraph\">La querelle Trump-Merz a un d\u00e9clencheur conjoncturel. Mais elle s&rsquo;inscrit dans une toile de fond qui la d\u00e9passe, et qui pr\u00e9existait largement \u00e0 la d\u00e9claration sur l&rsquo;Iran.<\/p>\n\n\n\n<p class=\"has-medium-font-size wp-block-paragraph\">Depuis une d\u00e9cennie, Washington d\u00e9place m\u00e9thodiquement le centre de gravit\u00e9 de sa strat\u00e9gie vers l&rsquo;Indo-Pacifique, l\u00e0 o\u00f9 se joue la vraie comp\u00e9tition \u2014 avec la Chine. Dans cette logique, l&rsquo;Europe n&rsquo;est pas punie : elle est rel\u00e9gu\u00e9e. La nuance est importante. On ne sanctionne pas un ennemi ; on se d\u00e9sencombre d&rsquo;une charge devenue secondaire. Les sites vis\u00e9s le disent clairement : Ramstein, hub logistique mondial ; l&rsquo;EUCOM \u00e0 Stuttgart, qui coordonne l&rsquo;ensemble des op\u00e9rations am\u00e9ricaines en Europe ; Grafenwoehr, le plus grand polygone d&rsquo;entra\u00eenement am\u00e9ricain sur le continent. Ces trois infrastructures forment l&rsquo;\u00e9pine dorsale de la pr\u00e9sence am\u00e9ricaine en Europe. Les voir \u00ab redimensionn\u00e9es \u00bb, c&rsquo;est voir cette pr\u00e9sence se contracter \u2014 non par col\u00e8re, mais par calcul froid. P\u00e9kin, non Moscou, dicte d\u00e9sormais le tempo.<\/p>\n\n\n\n<h3 class=\"wp-block-heading has-medium-font-size\" id=\"h-le-paradoxe-auto-penalisant\"><strong>Le paradoxe auto-p\u00e9nalisant<\/strong><\/h3>\n\n\n\n<p class=\"has-medium-font-size wp-block-paragraph\">C&rsquo;est ici que la d\u00e9cision r\u00e9v\u00e8le sa dimension la plus troublante.<\/p>\n\n\n\n<p class=\"has-medium-font-size wp-block-paragraph\">Ramstein n&rsquo;est pas qu&rsquo;une base en Allemagne. C&rsquo;est la plaque tournante \u00e0 partir de laquelle les \u00c9tats-Unis projettent leur puissance vers l&rsquo;Afrique, le Moyen-Orient et au-del\u00e0. Chaque drone au Sahel, chaque convoi vers le Levant, chaque \u00e9vacuation d&rsquo;urgence en M\u00e9diterran\u00e9e transite, de pr\u00e8s ou de loin, par Ramstein. Des experts soulignent d&rsquo;ailleurs que la pr\u00e9occupation r\u00e9elle des alli\u00e9s n&rsquo;est pas tant le d\u00e9part de 5 000 hommes que le red\u00e9ploiement am\u00e9ricain de syst\u00e8mes Patriot et de munitions vers le Moyen-Orient \u2014 un mouvement qui, lui, d\u00e9grade concr\u00e8tement la posture d\u00e9fensive en Europe.<\/p>\n\n\n\n<p class=\"has-medium-font-size wp-block-paragraph\">La question se pose alors avec acuit\u00e9 : qui profite r\u00e9ellement de ce retrait ? Certainement pas les Europ\u00e9ens. Mais pas davantage les Am\u00e9ricains, qui affaiblissent leur propre r\u00e9activit\u00e9 sur des th\u00e9\u00e2tres sans lien avec la querelle germano-am\u00e9ricaine. Les vrais b\u00e9n\u00e9ficiaires sont ailleurs : \u00e0 Moscou, qui observe un affaiblissement de la coordination OTAN sans avoir eu \u00e0 lever le petit doigt ; \u00e0 P\u00e9kin, qui voit se creuser un vide strat\u00e9gique en Europe au moment m\u00eame o\u00f9 Washington pr\u00e9tend se concentrer sur l&rsquo;Asie. Un acte cens\u00e9 punir un alli\u00e9 qui finit par affaiblir celui qui le d\u00e9cide : c&rsquo;est soit un bluff mal calibr\u00e9, soit le signe que d&rsquo;autres calculs, moins visibles, sont \u00e0 l&rsquo;\u0153uvre.<\/p>\n\n\n\n<p class=\"has-medium-font-size wp-block-paragraph\"><strong>L&rsquo;hypoth\u00e8se de la relocalisation<\/strong><\/p>\n\n\n\n<p class=\"has-medium-font-size wp-block-paragraph\"> Des sources proches du Pentagone \u00e9voquent une piste qui change radicalement la nature de l&rsquo;op\u00e9ration : non pas un retrait, mais un d\u00e9placement. Les capacit\u00e9s de Ramstein migreraient vers la Roumanie \u2014 frontali\u00e8re de l&rsquo;Ukraine, membre de l&rsquo;OTAN sans les r\u00e9ticences strat\u00e9giques de Berlin. Dans cette lecture, la d\u00e9cision n&rsquo;est pas un d\u00e9sengagement de l&rsquo;Europe, mais une relocalisation vers son flanc oriental : Bucarest et Varsovie r\u00e9compens\u00e9s, Berlin sanctionn\u00e9. La fracture n&rsquo;est alors plus entre l&rsquo;Am\u00e9rique et l&rsquo;Europe \u2014 elle est au c\u0153ur m\u00eame de l&rsquo;Europe, entre un Est r\u00e9solument atlantiste et un Ouest qui cherche encore sa doctrine.<\/p>\n\n\n\n<p class=\"has-medium-font-size wp-block-paragraph\">Ces quatre lectures ne s&rsquo;excluent pas. Elles se superposent, se renforcent, et r\u00e9v\u00e8lent ensemble un Trump moins impulsif qu&rsquo;il n&rsquo;y para\u00eet : coercitif dans la forme, restructurant dans le fond. Ce que l&rsquo;on sait avec certitude, c&rsquo;est que cette d\u00e9cision, quelle qu&rsquo;en soit la motivation profonde, a agi comme un r\u00e9v\u00e9lateur brutal \u2014 mettant en lumi\u00e8re des fractures que l&rsquo;Europe pr\u00e9f\u00e9rait ignorer.<\/p>\n\n\n\n<h2 class=\"wp-block-heading\" id=\"h-les-fractures-revelees\">Les fractures r\u00e9v\u00e9l\u00e9es<\/h2>\n\n\n\n<p class=\"has-medium-font-size wp-block-paragraph\">La d\u00e9cision de Trump n&rsquo;a pas cr\u00e9\u00e9 les fractures de l&rsquo;Europe. Elle les a rendues visibles. Trois lignes de faille, en particulier, structurent d\u00e9sormais ouvertement le paysage g\u00e9opolitique du continent.<\/p>\n\n\n\n<h3 class=\"wp-block-heading has-medium-font-size\" id=\"h-la-fracture-est-ouest-intra-europeenne\"><strong>La fracture Est-Ouest intra-europ\u00e9enne<\/strong><\/h3>\n\n\n\n<p class=\"has-medium-font-size wp-block-paragraph\">Dans les capitales orientales, la nouvelle est accueillie avec moins d&rsquo;alarme qu&rsquo;\u00e0 Paris ou Berlin. Varsovie, Tallinn, Bucarest ont depuis longtemps tir\u00e9 leurs propres conclusions sur la fiabilit\u00e9 strat\u00e9gique de l&rsquo;Allemagne.<\/p>\n\n\n\n<p class=\"has-medium-font-size wp-block-paragraph\">Le format Ramstein \u2014 cette coalition de cinquante nations n\u00e9e en avril 2022 pour coordonner le soutien militaire \u00e0 l&rsquo;Ukraine \u2014 en est le r\u00e9v\u00e9lateur. Ce sont la Pologne et les pays baltes qui en ont port\u00e9 l&rsquo;effort le plus constant, quand Berlin pesait chaque livraison d&rsquo;armes \u00e0 l&rsquo;aune d&rsquo;une doctrine de retenue h\u00e9rit\u00e9e de la Guerre froide. Pour ces pays, le retrait am\u00e9ricain d&rsquo;Allemagne n&rsquo;est pas une catastrophe \u2014 c&rsquo;est une redistribution. La base roumaine de Mihail Kog\u0103lniceanu, d\u00e9j\u00e0 en pleine expansion sur la mer Noire, attend ce que les cartes militaires annoncent depuis deux ans : le centre de gravit\u00e9 de l&rsquo;OTAN a migr\u00e9 vers l&rsquo;Est.<\/p>\n\n\n\n<p class=\"has-medium-font-size wp-block-paragraph\">La vraie fracture, en d\u00e9finitive, n&rsquo;est pas entre l&rsquo;Europe et l&rsquo;Am\u00e9rique. Elle traverse l&rsquo;Europe elle-m\u00eame.<\/p>\n\n\n\n<h3 class=\"wp-block-heading has-medium-font-size\" id=\"h-la-fracture-nucleaire\"><strong>La fracture nucl\u00e9aire<\/strong><\/h3>\n\n\n\n<p class=\"has-medium-font-size wp-block-paragraph\">C&rsquo;est la plus profonde, et la moins dite. Le retrait partiel rouvre une question que l&rsquo;Europe avait soigneusement \u00e9vit\u00e9e : si le parapluie am\u00e9ricain se r\u00e9tracte, qui prot\u00e8ge le continent ? Les bombes B61 stationn\u00e9es \u00e0 B\u00fcchel, en Allemagne, dans le cadre du partage nucl\u00e9aire de l&rsquo;OTAN, incarnent cette d\u00e9pendance dans sa forme la plus concr\u00e8te. Ce dispositif repose sur un principe simple : des armes am\u00e9ricaines, sur des bases europ\u00e9ennes, largu\u00e9es si n\u00e9cessaire par des avions alli\u00e9s. Il suppose une confiance totale dans la garantie am\u00e9ricaine. Cette confiance vacille.<\/p>\n\n\n\n<p class=\"has-medium-font-size wp-block-paragraph\">La dissuasion fran\u00e7aise \u2014 290 ogives, commandement strictement national, doctrine d&#8217;emploi ind\u00e9pendante \u2014 est alors le seul actif nucl\u00e9aire europ\u00e9en disponible. Mais transformer une dissuasion nationale en garantie collective se heurte \u00e0 deux obstacles de taille : Paris n&rsquo;a jamais accept\u00e9 de partager la d\u00e9cision ultime, et Berlin, marqu\u00e9e par la m\u00e9moire de la Seconde Guerre mondiale, reste culturellement r\u00e9fractaire \u00e0 toute logique nucl\u00e9aire.<\/p>\n\n\n\n<p class=\"has-medium-font-size wp-block-paragraph\">La question est pourtant d\u00e9sormais sur la table \u2014 non plus comme sp\u00e9culation acad\u00e9mique, mais comme urgence politique. Elle divise l&rsquo;Union entre ceux qui veulent construire un substitut europ\u00e9en \u00e0 la garantie am\u00e9ricaine, et ceux qui attendent encore, en esp\u00e9rant, le retour de Washington.<\/p>\n\n\n\n<h3 class=\"wp-block-heading has-medium-font-size\" id=\"h-la-fracture-doctrinale\"><strong>La fracture doctrinale<\/strong><\/h3>\n\n\n\n<p class=\"has-medium-font-size wp-block-paragraph\">L&rsquo;Iran n&rsquo;est que le d\u00e9tonateur. Le d\u00e9saccord de fond est plus ancien et plus large : il porte sur la mani\u00e8re dont on g\u00e8re un monde dangereux.<\/p>\n\n\n\n<p class=\"has-medium-font-size wp-block-paragraph\">L&rsquo;Europe croit aux n\u00e9gociations, aux institutions internationales, \u00e0 la patience diplomatique. Elle pense que l&rsquo;interd\u00e9pendance \u00e9conomique stabilise les r\u00e9gimes et pr\u00e9vient les conflits. L&rsquo;administration Trump pense le contraire : seule la puissance est comprise, la coercition est plus efficace que la persuasion, et le multilat\u00e9ralisme est une contrainte que les forts n&rsquo;ont pas \u00e0 s&rsquo;imposer. Ce n&rsquo;est pas une querelle de temp\u00e9raments entre Trump et Merz. C&rsquo;est une divergence de vision sur l&rsquo;ordre du monde \u2014 profonde, durable, et que la crise iranienne a simplement rendu impossible \u00e0 esquiver davantage.<\/p>\n\n\n\n<p class=\"has-medium-font-size wp-block-paragraph\">Ces trois fractures \u2014 entre l&rsquo;Est et l&rsquo;Ouest europ\u00e9ens, sur le nucl\u00e9aire, sur la doctrine \u2014 r\u00e9v\u00e8lent une v\u00e9rit\u00e9 que Ramstein a mise en lumi\u00e8re : la crise n&rsquo;est pas seulement transatlantique. Elle est europ\u00e9enne. Trump en a fourni le r\u00e9v\u00e9lateur. Il n&rsquo;en est pas la cause.<\/p>\n\n\n\n<h2 class=\"wp-block-heading\" id=\"h-trois-futurs-possibles\">Trois futurs possibles<\/h2>\n\n\n\n<p class=\"has-medium-font-size wp-block-paragraph\">Le 1er mai 2026 est un carrefour, pas un point d&rsquo;arriv\u00e9e. Ce qui suit d\u00e9pend de choix politiques concrets, que ni les march\u00e9s ni les \u00e9tats-majors ne feront \u00e0 la place des gouvernements. Trois sc\u00e9narios se dessinent \u2014 non comme des certitudes, mais comme des horizons possibles.<\/p>\n\n\n\n<h3 class=\"wp-block-heading has-medium-font-size\" id=\"h-le-bluff-qui-s-installe\"><strong>Le bluff qui s&rsquo;installe<\/strong><\/h3>\n\n\n\n<p class=\"has-medium-font-size wp-block-paragraph\">Le retrait se fait \u00e0 moiti\u00e9 : quelques milliers de soldats rentrent aux \u00c9tats-Unis, Ramstein est all\u00e9g\u00e9e mais reste op\u00e9rationnelle. En coulisses, les n\u00e9gociations reprennent : Berlin accepte d&rsquo;augmenter son budget de d\u00e9fense, Washington l\u00e2che du lest sur l&rsquo;Iran. Un accord discret, jamais officialis\u00e9, remet les choses \u00e0 peu pr\u00e8s en place. L&rsquo;Europe a eu peur \u2014 juste assez pour d\u00e9penser un peu plus, pas assez pour changer vraiment. La d\u00e9pendance continue, maquill\u00e9e en \u00ab partenariat r\u00e9\u00e9quilibr\u00e9 \u00bb. C&rsquo;est le sc\u00e9nario le plus rassurant \u00e0 court terme, et le plus risqu\u00e9 dans la dur\u00e9e : l&rsquo;Europe passe \u00e0 c\u00f4t\u00e9 d&rsquo;une occasion historique de prendre son destin en main, et remet \u00e0 plus tard ce qu&rsquo;elle devra de toute fa\u00e7on affronter.<\/p>\n\n\n\n<h2 class=\"wp-block-heading\" id=\"h-la-bifurcation-forcee\"><strong>La bifurcation forc\u00e9e<\/strong><\/h2>\n\n\n\n<p class=\"has-medium-font-size wp-block-paragraph\">Les retraits s&rsquo;\u00e9tendent \u00e0 l&rsquo;Italie et \u00e0 l&rsquo;Espagne. La pression devient insupportable. La France prend le commandement a\u00e9rien de l&rsquo;OTAN en juillet 2026 \u2014 un symbole qui devient r\u00e9alit\u00e9. Paris et Berlin, accul\u00e9s, d\u00e9cident d&rsquo;acc\u00e9l\u00e9rer la construction d&rsquo;une d\u00e9fense europ\u00e9enne digne de ce nom : davantage de moyens communs, une coop\u00e9ration militaire renforc\u00e9e entre Europ\u00e9ens, et pour la premi\u00e8re fois, une discussion ouverte sur le r\u00f4le de la dissuasion nucl\u00e9aire fran\u00e7aise dans la s\u00e9curit\u00e9 collective du continent. L&rsquo;Europe cesse d&rsquo;\u00eatre un protectorat pour devenir, progressivement et imparfaitement, une puissance. Ce chemin est possible \u2014 mais il exige une entente solide entre Paris et Berlin, et la capacit\u00e9 d&rsquo;entra\u00eener des alli\u00e9s qui n&rsquo;ont pas les m\u00eames priorit\u00e9s ni la m\u00eame histoire.<\/p>\n\n\n\n<h3 class=\"wp-block-heading has-medium-font-size\" id=\"h-la-desintegration-silencieuse\"><strong>La d\u00e9sint\u00e9gration silencieuse<\/strong><\/h3>\n\n\n\n<p class=\"has-medium-font-size wp-block-paragraph\"> C&rsquo;est le sc\u00e9nario le moins probable aujourd&rsquo;hui, et le plus dangereux \u00e0 dix ans. Faute d&rsquo;accord commun, chaque pays se d\u00e9brouille seul : la Pologne n\u00e9gocie directement avec Washington le maintien de soldats am\u00e9ricains sur son sol, l&rsquo;Espagne ren\u00e9gocie ses bases, la Hongrie s&rsquo;accommode d&rsquo;une OTAN vid\u00e9e de sa substance. L&rsquo;Alliance existe encore sur le papier ; l&rsquo;Union europ\u00e9enne reste un grand march\u00e9, mais sans ambition strat\u00e9gique partag\u00e9e. La s\u00e9curit\u00e9 redevient une affaire nationale. L&rsquo;Europe ne s&rsquo;effondre pas \u2014 elle se morcelle, lentement, sans bruit. Ce n&rsquo;est pas la guerre. C&rsquo;est l&rsquo;impuissance organis\u00e9e.<\/p>\n\n\n\n<p class=\"has-medium-font-size wp-block-paragraph\">La trajectoire la plus probable m\u00eale les deux premiers sc\u00e9narios : une pression am\u00e9ricaine suffisamment durable pour forcer de vrais changements en Europe, sans aller jusqu&rsquo;\u00e0 la rupture totale. Mais l&rsquo;issue finale d\u00e9pend de quatre inconnues qui toutes, en ce printemps 2026, restent ouvertes : la capacit\u00e9 de Paris et Berlin \u00e0 parler d&rsquo;une seule voix dans les mois qui viennent ; le d\u00e9nouement du conflit iranien, vers l&rsquo;escalade ou vers la table des n\u00e9gociations ; les r\u00e9sultats des \u00e9lections am\u00e9ricaines de mi-mandat en novembre, qui pourraient affaiblir ou conforter Trump ; et enfin la posture de Moscou, qui observe la d\u00e9sunion occidentale avec un int\u00e9r\u00eat non dissimul\u00e9. Aucune de ces variables n&rsquo;est fix\u00e9e. Toutes sont en mouvement.<\/p>\n\n\n\n<h2 class=\"wp-block-heading\" id=\"h-l-europe-face-a-son-miroir\">L&rsquo;Europe face \u00e0 son miroir<\/h2>\n\n\n\n<h3 class=\"wp-block-heading has-medium-font-size\" id=\"h-le-1er-mai-2026-restera-peut-etre-comme-une-date-charniere\"><strong>Le 1er mai 2026 restera peut-\u00eatre comme une date charni\u00e8re<\/strong><\/h3>\n\n\n\n<p class=\"has-medium-font-size wp-block-paragraph\">non parce que l&rsquo;alliance transatlantique s&rsquo;est rompue, mais parce qu&rsquo;elle a r\u00e9v\u00e9l\u00e9, pour la premi\u00e8re fois depuis 1945, sa propre fragilit\u00e9. L&rsquo;Am\u00e9rique n&rsquo;a pas abandonn\u00e9 l&rsquo;Europe. Elle a simplement d\u00e9montr\u00e9, en l&rsquo;espace de trois jours, qu&rsquo;elle en avait la capacit\u00e9. C&rsquo;est une nuance consid\u00e9rable \u2014 et une le\u00e7on que le continent europ\u00e9en devra m\u00e9diter longuement.<\/p>\n\n\n\n<p class=\"has-medium-font-size wp-block-paragraph\">Soixante-quinze ans de garantie am\u00e9ricaine ont engendr\u00e9, en Europe, une forme de confort strat\u00e9gique dont les effets sont aujourd&rsquo;hui visibles. La s\u00e9curit\u00e9, assur\u00e9e de l&rsquo;ext\u00e9rieur, a progressivement cess\u00e9 d&rsquo;\u00eatre per\u00e7ue comme une responsabilit\u00e9 propre. Les budgets militaires ont \u00e9t\u00e9 comprim\u00e9s. La d\u00e9pendance \u00e9nerg\u00e9tique \u00e0 la Russie a \u00e9t\u00e9 rationalis\u00e9e comme un levier de stabilisation. Ces choix, compr\u00e9hensibles dans le contexte de l&rsquo;apr\u00e8s-Guerre froide, ont creus\u00e9 au fil des d\u00e9cennies une vuln\u00e9rabilit\u00e9 que l&rsquo;invasion de l&rsquo;Ukraine en 2022 a commenc\u00e9 \u00e0 r\u00e9v\u00e9ler, et que la crise de Ramstein expose d\u00e9sormais dans toute son \u00e9tendue.<\/p>\n\n\n\n<h3 class=\"wp-block-heading has-medium-font-size\" id=\"h-ce-que-cet-episode-met-en-lumiere-depasse-la-relation-bilaterale-germano-americaine-il-eclaire-l-etat-d-un-continent-traverse-par-des-divergences-profondes\"><strong>Ce que cet \u00e9pisode met en lumi\u00e8re d\u00e9passe la relation bilat\u00e9rale germano-am\u00e9ricaine. Il \u00e9claire l&rsquo;\u00e9tat d&rsquo;un continent travers\u00e9 par des divergences profondes <\/strong><\/h3>\n\n\n\n<p class=\"has-medium-font-size wp-block-paragraph\"> Entre une Europe orientale qui place sa confiance dans le lien bilat\u00e9ral avec Washington, et une Europe occidentale qui cherche encore sa doctrine ; entre des \u00c9tats membres pr\u00eats \u00e0 envisager une autonomie strat\u00e9gique r\u00e9elle, et d&rsquo;autres qui pr\u00e9f\u00e8rent attendre un retour \u00e0 la normale ; entre deux visions de l&rsquo;ordre international que la querelle sur l&rsquo;Iran a rendues, cette semaine, impossibles \u00e0 concilier. Ces lignes de fracture ne sont pas n\u00e9es de la d\u00e9cision de Trump. Elles lui pr\u00e9existaient. Il leur a simplement donn\u00e9 une visibilit\u00e9 nouvelle.<\/p>\n\n\n\n<h3 class=\"wp-block-heading has-medium-font-size\" id=\"h-l-europe-est-elle-en-mesure-de-peser-par-elle-meme\"><strong>L&rsquo;Europe est-elle en mesure de peser par elle-m\u00eame<\/strong> ?<\/h3>\n\n\n\n<p class=\"has-medium-font-size wp-block-paragraph\">La question qui se pose d\u00e9sormais n&rsquo;est pas tant de savoir si les \u00c9tats-Unis maintiendront leur engagement en Europe \u2014 leurs int\u00e9r\u00eats strat\u00e9giques sur le continent restent consid\u00e9rables, et le paradoxe d&rsquo;un retrait de Ramstein plus co\u00fbteux pour Washington que pour Berlin plaide pour une certaine r\u00e9versibilit\u00e9. La question est plus fondamentale : dans un ordre international de plus en plus transactionnel, o\u00f9 les garanties de s\u00e9curit\u00e9 se n\u00e9gocient davantage qu&rsquo;elles ne se donnent, l&rsquo;Europe est-elle en mesure de peser par elle-m\u00eame \u2014 ou restera-t-elle tributaire de d\u00e9cisions prises ailleurs ?<\/p>\n\n\n\n<p class=\"has-medium-font-size wp-block-paragraph\">L&rsquo;Europe n&rsquo;est pas encore post-OTAN. Mais elle ne peut plus se permettre d&rsquo;\u00eatre pr\u00e9-autonome.<\/p>\n\n\n\n<p class=\"wp-block-paragraph\"><\/p>","protected":false},"excerpt":{"rendered":"<p>Une querelle, un symbole, un s\u00e9isme Ce n&rsquo;est pas une crise diplomatique ordinaire. C&rsquo;est la premi\u00e8re fois depuis 1945 qu&rsquo;un pr\u00e9sident des&hellip;<\/p>","protected":false},"author":103,"featured_media":4095,"comment_status":"closed","ping_status":"closed","sticky":false,"template":"","format":"standard","meta":{"_lmt_disableupdate":"","_lmt_disable":"","footnotes":""},"categories":[614,6,611,5,4],"tags":[655,87,109],"class_list":["post-4094","post","type-post","status-publish","format-standard","has-post-thumbnail","hentry","category-ameriques","category-defense-et-armees","category-europe","category-international","category-mis-en-avant","tag-defense-2","tag-etats-unis","tag-europe"],"yoast_head":"<!-- This site is optimized with the Yoast SEO Premium plugin v28.1 (Yoast SEO v28.1) - https:\/\/yoast.com\/product\/yoast-seo-premium-wordpress\/ -->\n<title>Ramstein, le jour d&#039;apr\u00e8s : un tournant transatlantique ? | Geopolitics.fr<\/title>\n<meta name=\"description\" content=\"L&#039;Europe a-t-elle perdu la capacit\u00e9 de se d\u00e9fendre seule ? Le retrait de Ramstein est le miroir brutal d&#039;une d\u00e9pendance\" \/>\n<meta name=\"robots\" content=\"index, follow, max-snippet:-1, max-image-preview:large, max-video-preview:-1\" \/>\n<link rel=\"canonical\" href=\"https:\/\/www.geopolitics.fr\/en\/2026\/05\/03\/ramstein-le-jour-dapres-le-revelateur-transatlantique\/\" \/>\n<meta property=\"og:locale\" content=\"en_GB\" \/>\n<meta property=\"og:type\" content=\"article\" \/>\n<meta property=\"og:title\" content=\"Ramstein, le jour d&#039;apr\u00e8s : un tournant transatlantique ?\" \/>\n<meta property=\"og:description\" content=\"L&#039;Europe a-t-elle perdu la capacit\u00e9 de se d\u00e9fendre seule ? Le retrait de Ramstein est le miroir brutal d&#039;une d\u00e9pendance\" \/>\n<meta property=\"og:url\" content=\"https:\/\/www.geopolitics.fr\/en\/2026\/05\/03\/ramstein-le-jour-dapres-le-revelateur-transatlantique\/\" \/>\n<meta property=\"og:site_name\" content=\"Geopolitics.fr\" \/>\n<meta property=\"article:publisher\" content=\"https:\/\/www.facebook.com\/people\/Erwan-Davoux\/61557098968092\/\" \/>\n<meta property=\"article:published_time\" content=\"2026-05-03T16:45:00+00:00\" \/>\n<meta property=\"article:modified_time\" content=\"2026-05-03T17:32:36+00:00\" \/>\n<meta property=\"og:image\" content=\"https:\/\/www.geopolitics.fr\/wp-content\/uploads\/2026\/05\/crise-ue-eu.jpg\" \/>\n\t<meta property=\"og:image:width\" content=\"1920\" \/>\n\t<meta property=\"og:image:height\" content=\"1123\" \/>\n\t<meta property=\"og:image:type\" content=\"image\/jpeg\" \/>\n<meta name=\"author\" content=\"Elyes GHARIANI\" \/>\n<meta name=\"twitter:card\" content=\"summary_large_image\" \/>\n<meta name=\"twitter:creator\" content=\"@Geopolitics_Fr\" \/>\n<meta name=\"twitter:site\" content=\"@Geopolitics_Fr\" \/>\n<meta name=\"twitter:label1\" content=\"Written by\" \/>\n\t<meta name=\"twitter:data1\" content=\"Elyes GHARIANI\" \/>\n\t<meta name=\"twitter:label2\" content=\"Estimated reading time\" \/>\n\t<meta name=\"twitter:data2\" content=\"17 minutes\" \/>\n<script type=\"application\/ld+json\" class=\"yoast-schema-graph\">{\"@context\":\"https:\\\/\\\/schema.org\",\"@graph\":[{\"@type\":\"Article\",\"@id\":\"https:\\\/\\\/www.geopolitics.fr\\\/2026\\\/05\\\/03\\\/ramstein-le-jour-dapres-le-revelateur-transatlantique\\\/#article\",\"isPartOf\":{\"@id\":\"https:\\\/\\\/www.geopolitics.fr\\\/2026\\\/05\\\/03\\\/ramstein-le-jour-dapres-le-revelateur-transatlantique\\\/\"},\"author\":{\"name\":\"Elyes GHARIANI\",\"@id\":\"https:\\\/\\\/www.geopolitics.fr\\\/#\\\/schema\\\/person\\\/2f100050c14e702a5388d142a9fa8307\"},\"headline\":\"Ramstein, le jour d&rsquo;apr\u00e8s : un tournant transatlantique ?\",\"datePublished\":\"2026-05-03T16:45:00+00:00\",\"dateModified\":\"2026-05-03T17:32:36+00:00\",\"mainEntityOfPage\":{\"@id\":\"https:\\\/\\\/www.geopolitics.fr\\\/2026\\\/05\\\/03\\\/ramstein-le-jour-dapres-le-revelateur-transatlantique\\\/\"},\"wordCount\":3694,\"publisher\":{\"@id\":\"https:\\\/\\\/www.geopolitics.fr\\\/#organization\"},\"image\":{\"@id\":\"https:\\\/\\\/www.geopolitics.fr\\\/2026\\\/05\\\/03\\\/ramstein-le-jour-dapres-le-revelateur-transatlantique\\\/#primaryimage\"},\"thumbnailUrl\":\"https:\\\/\\\/www.geopolitics.fr\\\/wp-content\\\/uploads\\\/2026\\\/05\\\/crise-ue-eu.jpg\",\"keywords\":[\"d\u00e9fense\",\"Etats-unis\",\"EUROPE\"],\"articleSection\":[\"Am\u00e9riques\",\"D\u00e9fense\",\"Europe\",\"International\",\"Mis en AVANT\"],\"inLanguage\":\"en-GB\"},{\"@type\":\"WebPage\",\"@id\":\"https:\\\/\\\/www.geopolitics.fr\\\/2026\\\/05\\\/03\\\/ramstein-le-jour-dapres-le-revelateur-transatlantique\\\/\",\"url\":\"https:\\\/\\\/www.geopolitics.fr\\\/2026\\\/05\\\/03\\\/ramstein-le-jour-dapres-le-revelateur-transatlantique\\\/\",\"name\":\"Ramstein, le jour d'apr\u00e8s : un tournant transatlantique ? | Geopolitics.fr\",\"isPartOf\":{\"@id\":\"https:\\\/\\\/www.geopolitics.fr\\\/#website\"},\"primaryImageOfPage\":{\"@id\":\"https:\\\/\\\/www.geopolitics.fr\\\/2026\\\/05\\\/03\\\/ramstein-le-jour-dapres-le-revelateur-transatlantique\\\/#primaryimage\"},\"image\":{\"@id\":\"https:\\\/\\\/www.geopolitics.fr\\\/2026\\\/05\\\/03\\\/ramstein-le-jour-dapres-le-revelateur-transatlantique\\\/#primaryimage\"},\"thumbnailUrl\":\"https:\\\/\\\/www.geopolitics.fr\\\/wp-content\\\/uploads\\\/2026\\\/05\\\/crise-ue-eu.jpg\",\"datePublished\":\"2026-05-03T16:45:00+00:00\",\"dateModified\":\"2026-05-03T17:32:36+00:00\",\"description\":\"L'Europe a-t-elle perdu la capacit\u00e9 de se d\u00e9fendre seule ? Le retrait de Ramstein est le miroir brutal d'une d\u00e9pendance\",\"breadcrumb\":{\"@id\":\"https:\\\/\\\/www.geopolitics.fr\\\/2026\\\/05\\\/03\\\/ramstein-le-jour-dapres-le-revelateur-transatlantique\\\/#breadcrumb\"},\"inLanguage\":\"en-GB\",\"potentialAction\":[{\"@type\":\"ReadAction\",\"target\":[\"https:\\\/\\\/www.geopolitics.fr\\\/2026\\\/05\\\/03\\\/ramstein-le-jour-dapres-le-revelateur-transatlantique\\\/\"]}]},{\"@type\":\"ImageObject\",\"inLanguage\":\"en-GB\",\"@id\":\"https:\\\/\\\/www.geopolitics.fr\\\/2026\\\/05\\\/03\\\/ramstein-le-jour-dapres-le-revelateur-transatlantique\\\/#primaryimage\",\"url\":\"https:\\\/\\\/www.geopolitics.fr\\\/wp-content\\\/uploads\\\/2026\\\/05\\\/crise-ue-eu.jpg\",\"contentUrl\":\"https:\\\/\\\/www.geopolitics.fr\\\/wp-content\\\/uploads\\\/2026\\\/05\\\/crise-ue-eu.jpg\",\"width\":1920,\"height\":1123,\"caption\":\"EU and US crisis concept as a Broken Rope stretched with force and stressed to a decoupling metaphor for pressure on the economic and political relationship between Brussels and Washington.\"},{\"@type\":\"BreadcrumbList\",\"@id\":\"https:\\\/\\\/www.geopolitics.fr\\\/2026\\\/05\\\/03\\\/ramstein-le-jour-dapres-le-revelateur-transatlantique\\\/#breadcrumb\",\"itemListElement\":[{\"@type\":\"ListItem\",\"position\":1,\"name\":\"Accueil\",\"item\":\"https:\\\/\\\/www.geopolitics.fr\\\/\"},{\"@type\":\"ListItem\",\"position\":2,\"name\":\"Ramstein, le jour d&rsquo;apr\u00e8s : un tournant transatlantique ?\"}]},{\"@type\":\"WebSite\",\"@id\":\"https:\\\/\\\/www.geopolitics.fr\\\/#website\",\"url\":\"https:\\\/\\\/www.geopolitics.fr\\\/\",\"name\":\"Geopolitics.fr\",\"description\":\"Geopolitics.fr Analyse politique, relations internationales, d\u00e9fense - ligne \u00e9ditoriale gaullo-chiraquienne\",\"publisher\":{\"@id\":\"https:\\\/\\\/www.geopolitics.fr\\\/#organization\"},\"potentialAction\":[{\"@type\":\"SearchAction\",\"target\":{\"@type\":\"EntryPoint\",\"urlTemplate\":\"https:\\\/\\\/www.geopolitics.fr\\\/?s={search_term_string}\"},\"query-input\":{\"@type\":\"PropertyValueSpecification\",\"valueRequired\":true,\"valueName\":\"search_term_string\"}}],\"inLanguage\":\"en-GB\"},{\"@type\":\"Organization\",\"@id\":\"https:\\\/\\\/www.geopolitics.fr\\\/#organization\",\"name\":\"Geopolitics.fr\",\"url\":\"https:\\\/\\\/www.geopolitics.fr\\\/\",\"logo\":{\"@type\":\"ImageObject\",\"inLanguage\":\"en-GB\",\"@id\":\"https:\\\/\\\/www.geopolitics.fr\\\/#\\\/schema\\\/logo\\\/image\\\/\",\"url\":\"https:\\\/\\\/www.geopolitics.fr\\\/wp-content\\\/uploads\\\/2024\\\/01\\\/logo.jpg\",\"contentUrl\":\"https:\\\/\\\/www.geopolitics.fr\\\/wp-content\\\/uploads\\\/2024\\\/01\\\/logo.jpg\",\"width\":500,\"height\":500,\"caption\":\"Geopolitics.fr\"},\"image\":{\"@id\":\"https:\\\/\\\/www.geopolitics.fr\\\/#\\\/schema\\\/logo\\\/image\\\/\"},\"sameAs\":[\"https:\\\/\\\/www.facebook.com\\\/people\\\/Erwan-Davoux\\\/61557098968092\\\/\",\"https:\\\/\\\/x.com\\\/Geopolitics_Fr\"]},{\"@type\":\"Person\",\"@id\":\"https:\\\/\\\/www.geopolitics.fr\\\/#\\\/schema\\\/person\\\/2f100050c14e702a5388d142a9fa8307\",\"name\":\"Elyes GHARIANI\",\"image\":{\"@type\":\"ImageObject\",\"inLanguage\":\"en-GB\",\"@id\":\"https:\\\/\\\/www.geopolitics.fr\\\/wp-content\\\/uploads\\\/2024\\\/12\\\/elyes-photo-96x96.png\",\"url\":\"https:\\\/\\\/www.geopolitics.fr\\\/wp-content\\\/uploads\\\/2024\\\/12\\\/elyes-photo-96x96.png\",\"contentUrl\":\"https:\\\/\\\/www.geopolitics.fr\\\/wp-content\\\/uploads\\\/2024\\\/12\\\/elyes-photo-96x96.png\",\"caption\":\"Elyes GHARIANI\"},\"description\":\"Ancien ambassadeur de Tunisie, \u00e0 Berlin et \u00e0 La Haye et fort d\u2019une exp\u00e9rience de 40 ans dans le travail diplomatique et la coop\u00e9ration internationale, il dispose d\u2019une bonne expertise en affaires europ\u00e9ennes pour avoir \u00e9t\u00e9 en poste dans les principaux Etats membres fondateurs de l\u2019UE (Allemagne, Belgique, France, Pays-Bas). Dipl\u00f4m\u00e9 de l\u2019Institut Bourguiba des Langues Vivantes de Tunis, de l\u2019Institut Pouchkine de langue russe \u00e0 Moscou et de l\u2019Institut Universitaire des Hautes Etudes Internationales (IUHEI) de Gen\u00e8ve, il dispose d\u2019une large exp\u00e9rience en mati\u00e8re de gestion et de mise en \u0153uvre de projets au niveau international. Il a \u00e9t\u00e9 Conseiller Diplomatique du Chef du Gouvernement en 2015-2016 et 2020-2021\",\"url\":\"https:\\\/\\\/www.geopolitics.fr\\\/en\\\/author\\\/elyes\\\/\"}]}<\/script>\n<!-- \/ Yoast SEO Premium plugin. -->","yoast_head_json":{"title":"Ramstein, le jour d'apr\u00e8s : un tournant transatlantique ? | Geopolitics.fr","description":"L'Europe a-t-elle perdu la capacit\u00e9 de se d\u00e9fendre seule ? Le retrait de Ramstein est le miroir brutal d'une d\u00e9pendance","robots":{"index":"index","follow":"follow","max-snippet":"max-snippet:-1","max-image-preview":"max-image-preview:large","max-video-preview":"max-video-preview:-1"},"canonical":"https:\/\/www.geopolitics.fr\/en\/2026\/05\/03\/ramstein-le-jour-dapres-le-revelateur-transatlantique\/","og_locale":"en_GB","og_type":"article","og_title":"Ramstein, le jour d'apr\u00e8s : un tournant transatlantique ?","og_description":"L'Europe a-t-elle perdu la capacit\u00e9 de se d\u00e9fendre seule ? Le retrait de Ramstein est le miroir brutal d'une d\u00e9pendance","og_url":"https:\/\/www.geopolitics.fr\/en\/2026\/05\/03\/ramstein-le-jour-dapres-le-revelateur-transatlantique\/","og_site_name":"Geopolitics.fr","article_publisher":"https:\/\/www.facebook.com\/people\/Erwan-Davoux\/61557098968092\/","article_published_time":"2026-05-03T16:45:00+00:00","article_modified_time":"2026-05-03T17:32:36+00:00","og_image":[{"width":1920,"height":1123,"url":"https:\/\/www.geopolitics.fr\/wp-content\/uploads\/2026\/05\/crise-ue-eu.jpg","type":"image\/jpeg"}],"author":"Elyes GHARIANI","twitter_card":"summary_large_image","twitter_creator":"@Geopolitics_Fr","twitter_site":"@Geopolitics_Fr","twitter_misc":{"Written by":"Elyes GHARIANI","Estimated reading time":"17 minutes"},"schema":{"@context":"https:\/\/schema.org","@graph":[{"@type":"Article","@id":"https:\/\/www.geopolitics.fr\/2026\/05\/03\/ramstein-le-jour-dapres-le-revelateur-transatlantique\/#article","isPartOf":{"@id":"https:\/\/www.geopolitics.fr\/2026\/05\/03\/ramstein-le-jour-dapres-le-revelateur-transatlantique\/"},"author":{"name":"Elyes GHARIANI","@id":"https:\/\/www.geopolitics.fr\/#\/schema\/person\/2f100050c14e702a5388d142a9fa8307"},"headline":"Ramstein, le jour d&rsquo;apr\u00e8s : un tournant transatlantique ?","datePublished":"2026-05-03T16:45:00+00:00","dateModified":"2026-05-03T17:32:36+00:00","mainEntityOfPage":{"@id":"https:\/\/www.geopolitics.fr\/2026\/05\/03\/ramstein-le-jour-dapres-le-revelateur-transatlantique\/"},"wordCount":3694,"publisher":{"@id":"https:\/\/www.geopolitics.fr\/#organization"},"image":{"@id":"https:\/\/www.geopolitics.fr\/2026\/05\/03\/ramstein-le-jour-dapres-le-revelateur-transatlantique\/#primaryimage"},"thumbnailUrl":"https:\/\/www.geopolitics.fr\/wp-content\/uploads\/2026\/05\/crise-ue-eu.jpg","keywords":["d\u00e9fense","Etats-unis","EUROPE"],"articleSection":["Am\u00e9riques","D\u00e9fense","Europe","International","Mis en AVANT"],"inLanguage":"en-GB"},{"@type":"WebPage","@id":"https:\/\/www.geopolitics.fr\/2026\/05\/03\/ramstein-le-jour-dapres-le-revelateur-transatlantique\/","url":"https:\/\/www.geopolitics.fr\/2026\/05\/03\/ramstein-le-jour-dapres-le-revelateur-transatlantique\/","name":"Ramstein, le jour d'apr\u00e8s : un tournant transatlantique ? | Geopolitics.fr","isPartOf":{"@id":"https:\/\/www.geopolitics.fr\/#website"},"primaryImageOfPage":{"@id":"https:\/\/www.geopolitics.fr\/2026\/05\/03\/ramstein-le-jour-dapres-le-revelateur-transatlantique\/#primaryimage"},"image":{"@id":"https:\/\/www.geopolitics.fr\/2026\/05\/03\/ramstein-le-jour-dapres-le-revelateur-transatlantique\/#primaryimage"},"thumbnailUrl":"https:\/\/www.geopolitics.fr\/wp-content\/uploads\/2026\/05\/crise-ue-eu.jpg","datePublished":"2026-05-03T16:45:00+00:00","dateModified":"2026-05-03T17:32:36+00:00","description":"L'Europe a-t-elle perdu la capacit\u00e9 de se d\u00e9fendre seule ? Le retrait de Ramstein est le miroir brutal d'une d\u00e9pendance","breadcrumb":{"@id":"https:\/\/www.geopolitics.fr\/2026\/05\/03\/ramstein-le-jour-dapres-le-revelateur-transatlantique\/#breadcrumb"},"inLanguage":"en-GB","potentialAction":[{"@type":"ReadAction","target":["https:\/\/www.geopolitics.fr\/2026\/05\/03\/ramstein-le-jour-dapres-le-revelateur-transatlantique\/"]}]},{"@type":"ImageObject","inLanguage":"en-GB","@id":"https:\/\/www.geopolitics.fr\/2026\/05\/03\/ramstein-le-jour-dapres-le-revelateur-transatlantique\/#primaryimage","url":"https:\/\/www.geopolitics.fr\/wp-content\/uploads\/2026\/05\/crise-ue-eu.jpg","contentUrl":"https:\/\/www.geopolitics.fr\/wp-content\/uploads\/2026\/05\/crise-ue-eu.jpg","width":1920,"height":1123,"caption":"EU and US crisis concept as a Broken Rope stretched with force and stressed to a decoupling metaphor for pressure on the economic and political relationship between Brussels and Washington."},{"@type":"BreadcrumbList","@id":"https:\/\/www.geopolitics.fr\/2026\/05\/03\/ramstein-le-jour-dapres-le-revelateur-transatlantique\/#breadcrumb","itemListElement":[{"@type":"ListItem","position":1,"name":"Accueil","item":"https:\/\/www.geopolitics.fr\/"},{"@type":"ListItem","position":2,"name":"Ramstein, le jour d&rsquo;apr\u00e8s : un tournant transatlantique ?"}]},{"@type":"WebSite","@id":"https:\/\/www.geopolitics.fr\/#website","url":"https:\/\/www.geopolitics.fr\/","name":"Geopolitics.fr","description":"Geopolitics.fr Analyse politique, relations internationales, d\u00e9fense - ligne \u00e9ditoriale gaullo-chiraquienne","publisher":{"@id":"https:\/\/www.geopolitics.fr\/#organization"},"potentialAction":[{"@type":"SearchAction","target":{"@type":"EntryPoint","urlTemplate":"https:\/\/www.geopolitics.fr\/?s={search_term_string}"},"query-input":{"@type":"PropertyValueSpecification","valueRequired":true,"valueName":"search_term_string"}}],"inLanguage":"en-GB"},{"@type":"Organization","@id":"https:\/\/www.geopolitics.fr\/#organization","name":"Geopolitics.fr","url":"https:\/\/www.geopolitics.fr\/","logo":{"@type":"ImageObject","inLanguage":"en-GB","@id":"https:\/\/www.geopolitics.fr\/#\/schema\/logo\/image\/","url":"https:\/\/www.geopolitics.fr\/wp-content\/uploads\/2024\/01\/logo.jpg","contentUrl":"https:\/\/www.geopolitics.fr\/wp-content\/uploads\/2024\/01\/logo.jpg","width":500,"height":500,"caption":"Geopolitics.fr"},"image":{"@id":"https:\/\/www.geopolitics.fr\/#\/schema\/logo\/image\/"},"sameAs":["https:\/\/www.facebook.com\/people\/Erwan-Davoux\/61557098968092\/","https:\/\/x.com\/Geopolitics_Fr"]},{"@type":"Person","@id":"https:\/\/www.geopolitics.fr\/#\/schema\/person\/2f100050c14e702a5388d142a9fa8307","name":"Elyes GHARIANI","image":{"@type":"ImageObject","inLanguage":"en-GB","@id":"https:\/\/www.geopolitics.fr\/wp-content\/uploads\/2024\/12\/elyes-photo-96x96.png","url":"https:\/\/www.geopolitics.fr\/wp-content\/uploads\/2024\/12\/elyes-photo-96x96.png","contentUrl":"https:\/\/www.geopolitics.fr\/wp-content\/uploads\/2024\/12\/elyes-photo-96x96.png","caption":"Elyes GHARIANI"},"description":"Ancien ambassadeur de Tunisie, \u00e0 Berlin et \u00e0 La Haye et fort d\u2019une exp\u00e9rience de 40 ans dans le travail diplomatique et la coop\u00e9ration internationale, il dispose d\u2019une bonne expertise en affaires europ\u00e9ennes pour avoir \u00e9t\u00e9 en poste dans les principaux Etats membres fondateurs de l\u2019UE (Allemagne, Belgique, France, Pays-Bas). Dipl\u00f4m\u00e9 de l\u2019Institut Bourguiba des Langues Vivantes de Tunis, de l\u2019Institut Pouchkine de langue russe \u00e0 Moscou et de l\u2019Institut Universitaire des Hautes Etudes Internationales (IUHEI) de Gen\u00e8ve, il dispose d\u2019une large exp\u00e9rience en mati\u00e8re de gestion et de mise en \u0153uvre de projets au niveau international. Il a \u00e9t\u00e9 Conseiller Diplomatique du Chef du Gouvernement en 2015-2016 et 2020-2021","url":"https:\/\/www.geopolitics.fr\/en\/author\/elyes\/"}]}},"_links":{"self":[{"href":"https:\/\/www.geopolitics.fr\/en\/wp-json\/wp\/v2\/posts\/4094","targetHints":{"allow":["GET"]}}],"collection":[{"href":"https:\/\/www.geopolitics.fr\/en\/wp-json\/wp\/v2\/posts"}],"about":[{"href":"https:\/\/www.geopolitics.fr\/en\/wp-json\/wp\/v2\/types\/post"}],"author":[{"embeddable":true,"href":"https:\/\/www.geopolitics.fr\/en\/wp-json\/wp\/v2\/users\/103"}],"replies":[{"embeddable":true,"href":"https:\/\/www.geopolitics.fr\/en\/wp-json\/wp\/v2\/comments?post=4094"}],"version-history":[{"count":0,"href":"https:\/\/www.geopolitics.fr\/en\/wp-json\/wp\/v2\/posts\/4094\/revisions"}],"wp:featuredmedia":[{"embeddable":true,"href":"https:\/\/www.geopolitics.fr\/en\/wp-json\/wp\/v2\/media\/4095"}],"wp:attachment":[{"href":"https:\/\/www.geopolitics.fr\/en\/wp-json\/wp\/v2\/media?parent=4094"}],"wp:term":[{"taxonomy":"category","embeddable":true,"href":"https:\/\/www.geopolitics.fr\/en\/wp-json\/wp\/v2\/categories?post=4094"},{"taxonomy":"post_tag","embeddable":true,"href":"https:\/\/www.geopolitics.fr\/en\/wp-json\/wp\/v2\/tags?post=4094"}],"curies":[{"name":"wp","href":"https:\/\/api.w.org\/{rel}","templated":true}]}}