{"id":4091,"date":"2026-05-03T09:21:35","date_gmt":"2026-05-03T07:21:35","guid":{"rendered":"https:\/\/www.geopolitics.fr\/?p=4091"},"modified":"2026-05-03T09:21:37","modified_gmt":"2026-05-03T07:21:37","slug":"la-bataille-des-droites-qui-heritera-de-la-france-en-2027","status":"publish","type":"post","link":"https:\/\/www.geopolitics.fr\/en\/2026\/05\/03\/la-bataille-des-droites-qui-heritera-de-la-france-en-2027\/","title":{"rendered":"La bataille des droites : qui h\u00e9ritera de la France en 2027 ?"},"content":{"rendered":"<h2 class=\"wp-block-heading\" id=\"h-une-recomposition-historique\">Une recomposition historique<\/h2>\n\n\n\n<p class=\"has-medium-font-size wp-block-paragraph\">D&rsquo;un c\u00f4t\u00e9, le Rassemblement national de Jordan Bardella, grand favori des sondages avec 38 % des intentions de vote au premier tour. De l&rsquo;autre, une droite dite \u00ab de gouvernement \u00bb incarn\u00e9e par Bruno Retailleau, d\u00e9sign\u00e9 candidat LR le 19 avril 2026 avec 73,8 % des voix des adh\u00e9rents, mais donn\u00e9 \u00e0 seulement 10-13 % dans les enqu\u00eates nationales. Entre les deux, une n\u00e9buleuse d&rsquo;acteurs: Ciotti, Wauquiez, de Villiers, Zemmour, Marion Mar\u00e9chal, qui alimentent le d\u00e9bat sans en tenir le fil.<\/p>\n\n\n\n<p class=\"has-medium-font-size wp-block-paragraph\">Ce qui se joue n&rsquo;est pas seulement une \u00e9lection. C&rsquo;est la d\u00e9finition m\u00eame de ce qu&rsquo;est la droite fran\u00e7aise au XXIe si\u00e8cle.<\/p>\n\n\n\n<h2 class=\"wp-block-heading\" id=\"h-le-rn-et-bardella-l-hegemonie-sondagiere-la-fragilite-judiciaire\">Le RN et Bardella : l&rsquo;h\u00e9g\u00e9monie sondagi\u00e8re, la fragilit\u00e9 judiciaire<\/h2>\n\n\n\n<p class=\"has-medium-font-size wp-block-paragraph\">Jordan Bardella s&rsquo;impose comme le ph\u00e9nom\u00e8ne politique de la s\u00e9quence. Selon un sondage IFOP-FIDUCIAL de mars 2026, il est cr\u00e9dit\u00e9 de 36 \u00e0 38 % des intentions de vote au premier tour de la pr\u00e9sidentielle 2027 selon les hypoth\u00e8ses, des scores sup\u00e9rieurs \u00e0 ceux que Fran\u00e7ois Mitterrand et Nicolas Sarkozy affichaient avant leur \u00e9lection respective. Parmi les sympathisants RN, 97 % le jugent bon candidat, contre 88 % pour Marine Le Pen.<\/p>\n\n\n\n<p class=\"has-medium-font-size wp-block-paragraph\">Son programme se structure autour de trois axes immuables : pouvoir d&rsquo;achat, s\u00e9curit\u00e9, immigration. Sur l&rsquo;immigration, il pr\u00f4ne la suppression du droit du sol, le r\u00e9tablissement du d\u00e9lit de s\u00e9jour irr\u00e9gulier, l&rsquo;expulsion syst\u00e9matique des d\u00e9linquants \u00e9trangers et la suppression de l&rsquo;aide m\u00e9dicale d&rsquo;\u00c9tat remplac\u00e9e par une \u00ab aide d&rsquo;urgence vitale \u00bb. Sur la s\u00e9curit\u00e9 : peines planchers, fin de l&rsquo;excuse de minorit\u00e9, vouvoiement obligatoire des enseignants et interdiction du t\u00e9l\u00e9phone portable \u00e0 l&rsquo;\u00e9cole. Sur l&rsquo;\u00e9conomie : baisse de TVA sur l&rsquo;\u00e9nergie, moratoire sur l&rsquo;\u00e9olien, soutien au nucl\u00e9aire.<\/p>\n\n\n\n<p class=\"has-medium-font-size wp-block-paragraph\">L&rsquo;\u00e9quation Bardella reste pourtant suspendue \u00e0 un fil : le jugement en appel de Marine Le Pen, attendu le 7 juillet 2026. Condamn\u00e9e en premi\u00e8re instance \u00e0 cinq ans d&rsquo;in\u00e9ligibilit\u00e9 avec ex\u00e9cution provisoire dans l&rsquo;affaire des assistants parlementaires du FN, elle est actuellement inapte \u00e0 concourir. Si la cour d&rsquo;appel confirme la peine, Bardella devient le candidat naturel. Si elle l&rsquo;infirme, un duel interne entre les deux figures du RN n&rsquo;est pas exclu, m\u00eame si, selon Odoxa, 44 % des Fran\u00e7ais pr\u00e9f\u00e9reraient Bardella \u00e0 Marine Le Pen pour repr\u00e9senter le RN, contre 37 % pour elle.<\/p>\n\n\n\n<p class=\"has-medium-font-size wp-block-paragraph\">Par ailleurs, un sondage de mars 2026 avertit : si \u00c9douard Philippe se hissait au second tour, il battrait Bardella 52 % contre 48 %. La domination du premier tour ne garantit pas la victoire finale.<\/p>\n\n\n\n<h2 class=\"wp-block-heading\" id=\"h-lr-et-retailleau-une-droite-qui-cherche-son-souffle\">LR et Retailleau : une droite qui cherche son souffle<\/h2>\n\n\n\n<p class=\"has-medium-font-size wp-block-paragraph\">Le 19 avril 2026, les adh\u00e9rents des R\u00e9publicains ont tranch\u00e9 : Bruno Retailleau est le candidat du parti \u00e0 la pr\u00e9sidentielle. D\u00e9sign\u00e9 directement sans primaire, \u00e0 73,8 % des suffrages exprim\u00e9s, avec un taux de participation de 60 % sur les quelque 76 000 adh\u00e9rents. Le r\u00e9sultat est net. Mais il laisse enti\u00e8res les fractures internes.<\/p>\n\n\n\n<p class=\"has-medium-font-size wp-block-paragraph\">Laurent Wauquiez a vot\u00e9 blanc et d\u00e9nonc\u00e9 un \u00ab jeu de dupes \u00bb. David Lisnard a claqu\u00e9 la porte du parti pour se lancer seul. Jean-Fran\u00e7ois Cop\u00e9 brandit la menace d&rsquo;un \u00ab schisme \u00bb. Xavier Bertrand pr\u00e9pare sa propre candidature. Et Michel Barnier plaide pour un \u00ab conclave \u00bb regroupant toute la droite et le centre.<\/p>\n\n\n\n<p class=\"has-medium-font-size wp-block-paragraph\">Retailleau a choisi la s\u00e9curit\u00e9 comme th\u00e8me d&rsquo;entr\u00e9e. Depuis Nanterre, son premier d\u00e9placement de campagne, il promet un \u00ab \u00e9tat d&rsquo;urgence anti-trafics \u00bb, des op\u00e9rations de bouclage et un usage renforc\u00e9 des moyens de gendarmerie. L&rsquo;objectif est clair : reprendre \u00e0 droite l&rsquo;espace occup\u00e9 par le RN sur l&rsquo;ordre public, sans quitter le giron de la droite r\u00e9publicaine.<\/p>\n\n\n\n<p class=\"has-medium-font-size wp-block-paragraph\">Mais c&rsquo;est sur la natalit\u00e9 qu&rsquo;il place son coup le plus audacieux. Dans un entretien accord\u00e9 \u00e0 l&rsquo;AFP, il annonce vouloir, s&rsquo;il est \u00e9lu, \u00ab bousculer l&rsquo;ordre naturel des choses \u00bb. Il lance le 30 avril 2026 un appel sur le r\u00e9seau X : \u00ab Je lancerai une grande politique familiale et nataliste. \u00bb Retailleau cible directement Fran\u00e7ois Hollande pour avoir \u00ab remis en cause l&rsquo;universalit\u00e9 des allocations familiales \u00bb et critique l&rsquo;immobilisme de la p\u00e9riode Macron.<\/p>\n\n\n\n<p class=\"has-medium-font-size wp-block-paragraph\">Le contexte d\u00e9mographique lui donne une prise r\u00e9elle : au premier trimestre 2026, 154 932 b\u00e9b\u00e9s sont n\u00e9s, soit une baisse de 1,8 % par rapport \u00e0 la m\u00eame p\u00e9riode en 2025, pour 174 024 d\u00e9c\u00e8s. Le solde naturel est durablement n\u00e9gatif.<\/p>\n\n\n\n<h2 class=\"wp-block-heading\" id=\"h-la-bombe-demographique-le-carburant-ideologique-de-toutes-les-droites\">La bombe d\u00e9mographique : le carburant id\u00e9ologique de toutes les droites<\/h2>\n\n\n\n<p class=\"has-medium-font-size wp-block-paragraph\">La d\u00e9mographie est devenue le th\u00e8me transversal qui structure le discours de toutes les composantes de la droite. Et pour cause : les donn\u00e9es de l&rsquo;INSEE sont in\u00e9dites dans leur gravit\u00e9.<\/p>\n\n\n\n<p class=\"has-medium-font-size wp-block-paragraph\">En 2025, 645 000 b\u00e9b\u00e9s sont n\u00e9s en France, soit 24 % de moins qu&rsquo;en 2010, ann\u00e9e du dernier pic de naissances. Dans le m\u00eame temps, 651 000 d\u00e9c\u00e8s ont \u00e9t\u00e9 enregistr\u00e9s. Le solde naturel est n\u00e9gatif de 6 000 personnes : une premi\u00e8re depuis la fin de la Seconde Guerre mondiale. L&rsquo;indice conjoncturel de f\u00e9condit\u00e9 s&rsquo;\u00e9tablit \u00e0 1,56 enfant par femme, son niveau le plus bas depuis 1918,&nbsp; soit depuis la fin de la Premi\u00e8re Guerre mondiale. L&rsquo;\u00e2ge moyen \u00e0 l&rsquo;accouchement atteint 31 ans, contre 29 ans en 2005.<\/p>\n\n\n\n<p class=\"has-medium-font-size wp-block-paragraph\">La France, longtemps consid\u00e9r\u00e9e comme l&rsquo;exception europ\u00e9enne en mati\u00e8re de natalit\u00e9,&nbsp; elle affichait encore 2 enfants par femme en 2010,&nbsp; a rejoint la tendance g\u00e9n\u00e9rale du continent.<\/p>\n\n\n\n<h2 class=\"wp-block-heading\" id=\"h-de-villiers-la-demographie-comme-eschatologie\">De Villiers : la d\u00e9mographie comme eschatologie<\/h2>\n\n\n\n<p class=\"has-medium-font-size wp-block-paragraph\">C&rsquo;est Philippe de Villiers qui a traduit ces chiffres avec le plus de virulence. Dans un entretien au JDD en d\u00e9cembre 2025, il d\u00e9clare : \u00ab 2027 sera la derni\u00e8re chance de la France. \u00bb Il parle de chass\u00e9-crois\u00e9 d\u00e9mographique, d&rsquo;une France o\u00f9 le nouveau slogan est \u00ab\u00a0No Kids\u00a0\u00bb \u00bb, et conclut : \u00ab En 2032, il sera trop tard. \u00bb Son livre Populicide (Fayard, 2025) d\u00e9passe les 400 000 exemplaires, selon l&rsquo;institut Edistat. Le livre de Jordan Bardella cumule 320 000 exemplaires, celui de Sarkozy 200 000.<\/p>\n\n\n\n<p class=\"has-medium-font-size wp-block-paragraph\">Cette explosion \u00e9ditoriale de la droite identitaire est un barom\u00e8tre : elle n&rsquo;est pas seulement un ph\u00e9nom\u00e8ne commercial, elle signale une demande sociale profonde de r\u00e9cits structurants sur l&rsquo;identit\u00e9 nationale.<\/p>\n\n\n\n<h3 class=\"wp-block-heading has-medium-font-size\" id=\"h-les-nuances-que-le-discours-politique-tait\">Les nuances que le discours politique tait<\/h3>\n\n\n\n<p class=\"has-medium-font-size wp-block-paragraph\">Les d\u00e9mographes temp\u00e8rent cependant l&rsquo;alarmisme. Une \u00e9tude du Centre d&rsquo;observation de la soci\u00e9t\u00e9 rappelle que la descendance finale des femmes n\u00e9es en 1980 s&rsquo;\u00e9tablit \u00e0 2 enfants,&nbsp; proche du renouvellement des g\u00e9n\u00e9rations. La baisse de l&rsquo;indicateur conjoncturel refl\u00e8te en partie un effet de calendrier : les femmes ont leurs enfants plus tard, pas forc\u00e9ment moins. Les raisons invoqu\u00e9es par les couples sont plurielles et largement \u00e9conomiques : co\u00fbt du logement, pr\u00e9carit\u00e9, incertitudes climatiques.<\/p>\n\n\n\n<h2 class=\"wp-block-heading\" id=\"h-ciotti-et-l-udr-la-charniere-vers-l-extreme-droite\">Ciotti et l&rsquo;UDR : la charni\u00e8re vers l&rsquo;extr\u00eame droite<\/h2>\n\n\n\n<p class=\"has-medium-font-size wp-block-paragraph\">\u00c9ric Ciotti repr\u00e9sente la tentative la plus frontale d&rsquo;effacer la fronti\u00e8re entre la droite r\u00e9publicaine et l&rsquo;extr\u00eame droite. Ancien pr\u00e9sident des R\u00e9publicains,  il fut exclu du parti apr\u00e8s avoir conclu une alliance \u00e9lectorale avec le RN en 2024. Il a alors fond\u00e9 l&rsquo;Union des droites pour la R\u00e9publique (UDR) et rejoint le camp de Marine Le Pen pour 2027.<\/p>\n\n\n\n<p class=\"has-medium-font-size wp-block-paragraph\">Son livre Je ne regrette rien (Fayard, juin 2025)&nbsp; r\u00e9dig\u00e9 selon \u00ab\u00a0La Lettre\u00a0\u00bb par un n\u00e8gre litt\u00e9raire proche de l&rsquo;\u00e9cosyst\u00e8me Bollor\u00e9, r\u00e9sume sa trajectoire. Il incarne le passage assum\u00e9 vers ce que les politologues appellent le \u00ab bloc national \u00bb : une droite qui ne distingue plus entre conservatisme r\u00e9publicain et nationalisme identitaire.<\/p>\n\n\n\n<p class=\"has-medium-font-size wp-block-paragraph\">Il dispose d\u00e9sormais d&rsquo;une forte une base locale, \u00e0, Nice, qu&rsquo;il a construit en parall\u00e8le de son engagement pr\u00e9sidentiel.<\/p>\n\n\n\n<h2 class=\"wp-block-heading\" id=\"h-l-union-des-droites-fantasme-ou-strategie\">L&rsquo;union des droites : fantasme ou strat\u00e9gie ?<\/h2>\n\n\n\n<p class=\"has-medium-font-size wp-block-paragraph\">Le r\u00eave de l&rsquo;union des droites de LR \u00e0 Reconqu\u00eate en passant par l&rsquo;UDR et le RN agite r\u00e9guli\u00e8rement les commentateurs. Elle se heurte \u00e0 plusieurs r\u00e9alit\u00e9s.<\/p>\n\n\n\n<p class=\"has-medium-font-size wp-block-paragraph\">C\u00f4t\u00e9 RN, Bardella lui-m\u00eame dit ne pas croire \u00e0 une large union des droites pour 2027, jugeant que la droite fran\u00e7aise n&rsquo;existe plus aujourd&rsquo;hui. Son parti pr\u00e9f\u00e8re capitaliser sur sa domination sondagi\u00e8re que risquer de la diluer dans un attelage instable.<\/p>\n\n\n\n<p class=\"has-medium-font-size wp-block-paragraph\">C\u00f4t\u00e9 LR, le point de friction est strat\u00e9gique : ceux qui poussent pour un rassemblement large avec le centre misent sur un ticket capable de rivaliser avec \u00c9douard Philippe au second tour. Retailleau et ses soutiens, eux, estiment qu&rsquo;une droite qui se dissout dans le centre perd son identit\u00e9 et dispara\u00eet \u00e9lectoralement.<\/p>\n\n\n\n<p class=\"has-medium-font-size wp-block-paragraph\">L&rsquo;Institut de l&rsquo;esp\u00e9rance, think tank lanc\u00e9 en 2025 dans l&rsquo;orbite de Vincent Bollor\u00e9, tente de poser une infrastructure id\u00e9ologique commune : son manifeste pr\u00f4ne r\u00e9duction de l&rsquo;immigration, retour de l&rsquo;uniforme \u00e0 l&rsquo;\u00e9cole, suppression du d\u00e9lit d&rsquo;entrave \u00e0 l&rsquo;avortement. Un programme transversal qui refl\u00e8te les convergences r\u00e9elles entre ces formations m\u00eame si les rivalit\u00e9s de personnes restent intenses.<\/p>\n\n\n\n<p class=\"has-medium-font-size wp-block-paragraph\">Derri\u00e8re la guerre des chiffres et des candidatures, c&rsquo;est un agenda th\u00e9matique commun que toutes les droites se disputent :<\/p>\n\n\n\n<p class=\"has-medium-font-size wp-block-paragraph\">L&rsquo;immigration : th\u00e8me central du RN (suppression du droit du sol, r\u00e9f\u00e9rendum) repris par Retailleau (\u00e9tat d&rsquo;urgence, expulsions) et instrumentalis\u00e9 par de Villiers \u00ab migrationnisme utilitaire \u00bb. La loi immigration de 2024 a d\u00e9j\u00e0 durci le droit du sol,&nbsp; mais la droite radicale juge ces mesures insuffisantes.<\/p>\n\n\n\n<p class=\"has-medium-font-size wp-block-paragraph\">La natalit\u00e9 et la famille est le point de convergence entre Retailleau (plan nataliste), de Villiers (Populicide) et l&rsquo;ensemble de la droite conservatrice. Les chiffres leur donnent un terreau r\u00e9el : 1,56 enfant par femme, solde naturel n\u00e9gatif pour la premi\u00e8re fois depuis 1945.<\/p>\n\n\n\n<p class=\"has-medium-font-size wp-block-paragraph\">Concernant l&rsquo;autorit\u00e9 et la s\u00e9curit\u00e9, Bardella veut des peines planchers et la fin de l&rsquo;excuse de minorit\u00e9; Retailleau veut un \u00e9tat d&rsquo;urgence anti-trafics; Ciotti appelle \u00e0 un retour de l&rsquo;ordre r\u00e9galien.<\/p>\n\n\n\n<p class=\"has-medium-font-size wp-block-paragraph\">Au niveau de la souverainet\u00e9 europ\u00e9enne, le RN veut n\u00e9gocier des d\u00e9rogations \u00e0 Bruxelles et s&rsquo;oppose au pacte asile-migration ; de Villiers appelle \u00e0 ne plus ob\u00e9ir \u00e0 Bruxelles; Retailleau veut une droite distincte qui ne se dissout pas dans l&rsquo;Europe technocratique.<\/p>\n\n\n\n<h2 class=\"wp-block-heading\" id=\"h-2027-l-election-d-une-recomposition\">2027, l&rsquo;\u00e9lection d&rsquo;une recomposition<\/h2>\n\n\n\n<p class=\"has-medium-font-size wp-block-paragraph\">Ce qui se joue \u00e0 droite avant 2027 n&rsquo;est pas une simple comp\u00e9tition \u00e9lectorale. C&rsquo;est la recomposition en profondeur d&rsquo;un espace politique qui n&rsquo;a pas trouv\u00e9 son \u00e9quilibre depuis la disparition du gaullisme.<\/p>\n\n\n\n<p class=\"has-medium-font-size wp-block-paragraph\">Le RN occupe le terrain avec une avance sondagi\u00e8re historique : jamais depuis l&rsquo;apr\u00e8s-guerre une force politique n&rsquo;avait affich\u00e9 de tels scores de premier tour un an avant le scrutin. Mais l&rsquo;inconnue judiciaire du 7 juillet, la question du second tour face \u00e0 \u00c9douard Philippe, et la volatilit\u00e9 classique des intentions de vote \u00e0 douze mois d&rsquo;une \u00e9lection temp\u00e8rent tout pronostic.<\/p>\n\n\n\n<p class=\"has-medium-font-size wp-block-paragraph\">LR tente de survivre autour de Retailleau, mais sa base militante r\u00e9duite, 76 000 adh\u00e9rents pour un vote interne et ses fractures internes (Wauquiez, Lisnard, Bertrand) limitent sa dynamique nationale.<\/p>\n\n\n\n<p class=\"has-medium-font-size wp-block-paragraph\">Entre ces deux p\u00f4les, une galaxie de figures,&nbsp; Ciotti, de Villiers, Knafo, Marion Mar\u00e9chal,&nbsp; incarne une droite radicale qui ne cherche plus \u00e0 gouverner depuis le centre, mais \u00e0 renverser le logiciel r\u00e9publicain lui-m\u00eame.<\/p>\n\n\n\n<p class=\"has-medium-font-size wp-block-paragraph\">La question n&rsquo;est pas seulement de savoir qui gagnera \u00e0 droite. C&rsquo;est de savoir si la droite fran\u00e7aise est encore capable de gouverner ou si elle est condamn\u00e9e \u00e0 \u00eatre, pour longtemps encore, le r\u00e9servoir d&rsquo;une protestation qui n&rsquo;a jamais trouv\u00e9 ses mots pour le pouvoir.<\/p>\n\n\n\n<p class=\"wp-block-paragraph\"><\/p>","protected":false},"excerpt":{"rendered":"<p>Une recomposition historique D&rsquo;un c\u00f4t\u00e9, le Rassemblement national de Jordan Bardella, grand favori des sondages avec 38 % des intentions de vote&hellip;<\/p>","protected":false},"author":31730,"featured_media":4092,"comment_status":"closed","ping_status":"closed","sticky":false,"template":"","format":"standard","meta":{"_lmt_disableupdate":"","_lmt_disable":"","footnotes":""},"categories":[605,4,617],"tags":[262,654,56],"class_list":["post-4091","post","type-post","status-publish","format-standard","has-post-thumbnail","hentry","category-france","category-mis-en-avant","category-politique-france","tag-droite","tag-election-presidentielle-2","tag-france"],"yoast_head":"<!-- This site is optimized with the Yoast SEO Premium plugin v28.1 (Yoast SEO v28.1) - https:\/\/yoast.com\/product\/yoast-seo-premium-wordpress\/ -->\n<title>La bataille des droites : qui h\u00e9ritera de la France en 2027 ? | Geopolitics.fr<\/title>\n<meta name=\"description\" content=\"Ce qui se joue \u00e0 droite avant 2027 n&#039;est pas une simple comp\u00e9tition \u00e9lectorale. C&#039;est la recomposition en profondeur d&#039;un espace politique.\" \/>\n<meta name=\"robots\" content=\"index, follow, max-snippet:-1, max-image-preview:large, max-video-preview:-1\" \/>\n<link rel=\"canonical\" href=\"https:\/\/www.geopolitics.fr\/en\/2026\/05\/03\/la-bataille-des-droites-qui-heritera-de-la-france-en-2027\/\" \/>\n<meta property=\"og:locale\" content=\"en_GB\" \/>\n<meta property=\"og:type\" content=\"article\" \/>\n<meta property=\"og:title\" content=\"La bataille des droites : qui h\u00e9ritera de la France en 2027 ?\" \/>\n<meta property=\"og:description\" content=\"Ce qui se joue \u00e0 droite avant 2027 n&#039;est pas une simple comp\u00e9tition \u00e9lectorale. C&#039;est la recomposition en profondeur d&#039;un espace politique.\" \/>\n<meta property=\"og:url\" content=\"https:\/\/www.geopolitics.fr\/en\/2026\/05\/03\/la-bataille-des-droites-qui-heritera-de-la-france-en-2027\/\" \/>\n<meta property=\"og:site_name\" content=\"Geopolitics.fr\" \/>\n<meta property=\"article:publisher\" content=\"https:\/\/www.facebook.com\/people\/Erwan-Davoux\/61557098968092\/\" \/>\n<meta property=\"article:published_time\" content=\"2026-05-03T07:21:35+00:00\" \/>\n<meta property=\"article:modified_time\" content=\"2026-05-03T07:21:37+00:00\" \/>\n<meta property=\"og:image\" content=\"https:\/\/www.geopolitics.fr\/wp-content\/uploads\/2026\/05\/droite-2027.jpg\" \/>\n\t<meta property=\"og:image:width\" content=\"1920\" \/>\n\t<meta property=\"og:image:height\" content=\"1358\" \/>\n\t<meta property=\"og:image:type\" content=\"image\/jpeg\" \/>\n<meta name=\"author\" content=\"Ghizlaine Badri\" \/>\n<meta name=\"twitter:card\" content=\"summary_large_image\" \/>\n<meta name=\"twitter:creator\" content=\"@Geopolitics_Fr\" \/>\n<meta name=\"twitter:site\" content=\"@Geopolitics_Fr\" \/>\n<meta name=\"twitter:label1\" content=\"Written by\" \/>\n\t<meta name=\"twitter:data1\" content=\"Ghizlaine Badri\" \/>\n\t<meta name=\"twitter:label2\" content=\"Estimated reading time\" \/>\n\t<meta name=\"twitter:data2\" content=\"10 minutes\" \/>\n<script type=\"application\/ld+json\" class=\"yoast-schema-graph\">{\"@context\":\"https:\\\/\\\/schema.org\",\"@graph\":[{\"@type\":\"Article\",\"@id\":\"https:\\\/\\\/www.geopolitics.fr\\\/2026\\\/05\\\/03\\\/la-bataille-des-droites-qui-heritera-de-la-france-en-2027\\\/#article\",\"isPartOf\":{\"@id\":\"https:\\\/\\\/www.geopolitics.fr\\\/2026\\\/05\\\/03\\\/la-bataille-des-droites-qui-heritera-de-la-france-en-2027\\\/\"},\"author\":{\"name\":\"Ghizlaine Badri\",\"@id\":\"https:\\\/\\\/www.geopolitics.fr\\\/#\\\/schema\\\/person\\\/c36b165f511617c65a2bf8f8abd9af41\"},\"headline\":\"La bataille des droites : qui h\u00e9ritera de la France en 2027 ?\",\"datePublished\":\"2026-05-03T07:21:35+00:00\",\"dateModified\":\"2026-05-03T07:21:37+00:00\",\"mainEntityOfPage\":{\"@id\":\"https:\\\/\\\/www.geopolitics.fr\\\/2026\\\/05\\\/03\\\/la-bataille-des-droites-qui-heritera-de-la-france-en-2027\\\/\"},\"wordCount\":1922,\"publisher\":{\"@id\":\"https:\\\/\\\/www.geopolitics.fr\\\/#organization\"},\"image\":{\"@id\":\"https:\\\/\\\/www.geopolitics.fr\\\/2026\\\/05\\\/03\\\/la-bataille-des-droites-qui-heritera-de-la-france-en-2027\\\/#primaryimage\"},\"thumbnailUrl\":\"https:\\\/\\\/www.geopolitics.fr\\\/wp-content\\\/uploads\\\/2026\\\/05\\\/droite-2027.jpg\",\"keywords\":[\"DROITE\",\"\u00e9lection pr\u00e9sidentielle\",\"France\"],\"articleSection\":[\"FRANCE\",\"Mis en AVANT\",\"Politique\"],\"inLanguage\":\"en-GB\"},{\"@type\":\"WebPage\",\"@id\":\"https:\\\/\\\/www.geopolitics.fr\\\/2026\\\/05\\\/03\\\/la-bataille-des-droites-qui-heritera-de-la-france-en-2027\\\/\",\"url\":\"https:\\\/\\\/www.geopolitics.fr\\\/2026\\\/05\\\/03\\\/la-bataille-des-droites-qui-heritera-de-la-france-en-2027\\\/\",\"name\":\"La bataille des droites : qui h\u00e9ritera de la France en 2027 ? | Geopolitics.fr\",\"isPartOf\":{\"@id\":\"https:\\\/\\\/www.geopolitics.fr\\\/#website\"},\"primaryImageOfPage\":{\"@id\":\"https:\\\/\\\/www.geopolitics.fr\\\/2026\\\/05\\\/03\\\/la-bataille-des-droites-qui-heritera-de-la-france-en-2027\\\/#primaryimage\"},\"image\":{\"@id\":\"https:\\\/\\\/www.geopolitics.fr\\\/2026\\\/05\\\/03\\\/la-bataille-des-droites-qui-heritera-de-la-france-en-2027\\\/#primaryimage\"},\"thumbnailUrl\":\"https:\\\/\\\/www.geopolitics.fr\\\/wp-content\\\/uploads\\\/2026\\\/05\\\/droite-2027.jpg\",\"datePublished\":\"2026-05-03T07:21:35+00:00\",\"dateModified\":\"2026-05-03T07:21:37+00:00\",\"description\":\"Ce qui se joue \u00e0 droite avant 2027 n'est pas une simple comp\u00e9tition \u00e9lectorale. C'est la recomposition en profondeur d'un espace politique.\",\"breadcrumb\":{\"@id\":\"https:\\\/\\\/www.geopolitics.fr\\\/2026\\\/05\\\/03\\\/la-bataille-des-droites-qui-heritera-de-la-france-en-2027\\\/#breadcrumb\"},\"inLanguage\":\"en-GB\",\"potentialAction\":[{\"@type\":\"ReadAction\",\"target\":[\"https:\\\/\\\/www.geopolitics.fr\\\/2026\\\/05\\\/03\\\/la-bataille-des-droites-qui-heritera-de-la-france-en-2027\\\/\"]}]},{\"@type\":\"ImageObject\",\"inLanguage\":\"en-GB\",\"@id\":\"https:\\\/\\\/www.geopolitics.fr\\\/2026\\\/05\\\/03\\\/la-bataille-des-droites-qui-heritera-de-la-france-en-2027\\\/#primaryimage\",\"url\":\"https:\\\/\\\/www.geopolitics.fr\\\/wp-content\\\/uploads\\\/2026\\\/05\\\/droite-2027.jpg\",\"contentUrl\":\"https:\\\/\\\/www.geopolitics.fr\\\/wp-content\\\/uploads\\\/2026\\\/05\\\/droite-2027.jpg\",\"width\":1920,\"height\":1358,\"caption\":\"icon for the French presidential elections in 2027\"},{\"@type\":\"BreadcrumbList\",\"@id\":\"https:\\\/\\\/www.geopolitics.fr\\\/2026\\\/05\\\/03\\\/la-bataille-des-droites-qui-heritera-de-la-france-en-2027\\\/#breadcrumb\",\"itemListElement\":[{\"@type\":\"ListItem\",\"position\":1,\"name\":\"Accueil\",\"item\":\"https:\\\/\\\/www.geopolitics.fr\\\/\"},{\"@type\":\"ListItem\",\"position\":2,\"name\":\"La bataille des droites : qui h\u00e9ritera de la France en 2027 ?\"}]},{\"@type\":\"WebSite\",\"@id\":\"https:\\\/\\\/www.geopolitics.fr\\\/#website\",\"url\":\"https:\\\/\\\/www.geopolitics.fr\\\/\",\"name\":\"Geopolitics.fr\",\"description\":\"Geopolitics.fr Analyse politique, relations internationales, d\u00e9fense - ligne \u00e9ditoriale gaullo-chiraquienne\",\"publisher\":{\"@id\":\"https:\\\/\\\/www.geopolitics.fr\\\/#organization\"},\"potentialAction\":[{\"@type\":\"SearchAction\",\"target\":{\"@type\":\"EntryPoint\",\"urlTemplate\":\"https:\\\/\\\/www.geopolitics.fr\\\/?s={search_term_string}\"},\"query-input\":{\"@type\":\"PropertyValueSpecification\",\"valueRequired\":true,\"valueName\":\"search_term_string\"}}],\"inLanguage\":\"en-GB\"},{\"@type\":\"Organization\",\"@id\":\"https:\\\/\\\/www.geopolitics.fr\\\/#organization\",\"name\":\"Geopolitics.fr\",\"url\":\"https:\\\/\\\/www.geopolitics.fr\\\/\",\"logo\":{\"@type\":\"ImageObject\",\"inLanguage\":\"en-GB\",\"@id\":\"https:\\\/\\\/www.geopolitics.fr\\\/#\\\/schema\\\/logo\\\/image\\\/\",\"url\":\"https:\\\/\\\/www.geopolitics.fr\\\/wp-content\\\/uploads\\\/2024\\\/01\\\/logo.jpg\",\"contentUrl\":\"https:\\\/\\\/www.geopolitics.fr\\\/wp-content\\\/uploads\\\/2024\\\/01\\\/logo.jpg\",\"width\":500,\"height\":500,\"caption\":\"Geopolitics.fr\"},\"image\":{\"@id\":\"https:\\\/\\\/www.geopolitics.fr\\\/#\\\/schema\\\/logo\\\/image\\\/\"},\"sameAs\":[\"https:\\\/\\\/www.facebook.com\\\/people\\\/Erwan-Davoux\\\/61557098968092\\\/\",\"https:\\\/\\\/x.com\\\/Geopolitics_Fr\"]},{\"@type\":\"Person\",\"@id\":\"https:\\\/\\\/www.geopolitics.fr\\\/#\\\/schema\\\/person\\\/c36b165f511617c65a2bf8f8abd9af41\",\"name\":\"Ghizlaine Badri\",\"image\":{\"@type\":\"ImageObject\",\"inLanguage\":\"en-GB\",\"@id\":\"https:\\\/\\\/www.geopolitics.fr\\\/wp-content\\\/uploads\\\/2026\\\/04\\\/cropped-Ghizlaine-96x96.jpg\",\"url\":\"https:\\\/\\\/www.geopolitics.fr\\\/wp-content\\\/uploads\\\/2026\\\/04\\\/cropped-Ghizlaine-96x96.jpg\",\"contentUrl\":\"https:\\\/\\\/www.geopolitics.fr\\\/wp-content\\\/uploads\\\/2026\\\/04\\\/cropped-Ghizlaine-96x96.jpg\",\"caption\":\"Ghizlaine Badri\"},\"description\":\"R\u00e9dactrice en chef de Geopolitics.fr, Ghizlaine Badri est une Journaliste politique forte de vingt-cing ans d'exp\u00e9rience professionnelle dont quinze ans dans la Presse. Elle a construit un parcours \u00e0 l'intersection des sc\u00e8nes fran\u00e7aise, europ\u00e9enne et internationale. Ghizlaine a collabor\u00e9 avec pr\u00e8s d'une vingtaine de m\u00e9dias, parmi lesquels Le Point, Le Figaro, Les \u00c9chos, L'Express et Forbes. Correspondante Maroc\u2013Maghreb pour Le Point et correspondante Afrique pour Forbes, elle s'est distingu\u00e9e par une couverture approfondie des dynamiques politiques et diplomatiques entre l'Europe et le continent africain. Elle est \u00e0 ce jour la seule journaliste marocaine en activit\u00e9 \u00e0 avoir collabor\u00e9 avec des titres majeurs de la presse fran\u00e7aise hors sph\u00e8re panafricaine en France. Au sein du quotidien \u00e9conomique L'\u00c9conomiste, 1er quotidien au Maroc, elle a fond\u00e9 la rubrique France\u2013Maroc, contribuant \u00e0 structurer un espace \u00e9ditorial in\u00e9dit. Titulaire de trois masters obtenus en France, elle a travaill\u00e9 dans les domaines de la communication institutionnelle notamment \u00e0 la Mairie de Bordeaux aupr\u00e8s d'Alain Jupp\u00e9 et a \u00e9galement exerc\u00e9 des fonctions de direction en communication marketing, notamment aupr\u00e8s de l'Ambassade de France au Maroc. Polyglotte, elle est franco-italo-marocaine, n\u00e9e \u00e0 Casablanca, a v\u00e9cu \u00e0 New-York et maitrise cinq langues le fran\u00e7ais, l'arabe, l'anglais, l'italien et l'espagnol.\",\"url\":\"https:\\\/\\\/www.geopolitics.fr\\\/en\\\/author\\\/ghizlaine-badri\\\/\"}]}<\/script>\n<!-- \/ Yoast SEO Premium plugin. -->","yoast_head_json":{"title":"La bataille des droites : qui h\u00e9ritera de la France en 2027 ? | Geopolitics.fr","description":"Ce qui se joue \u00e0 droite avant 2027 n'est pas une simple comp\u00e9tition \u00e9lectorale. C'est la recomposition en profondeur d'un espace politique.","robots":{"index":"index","follow":"follow","max-snippet":"max-snippet:-1","max-image-preview":"max-image-preview:large","max-video-preview":"max-video-preview:-1"},"canonical":"https:\/\/www.geopolitics.fr\/en\/2026\/05\/03\/la-bataille-des-droites-qui-heritera-de-la-france-en-2027\/","og_locale":"en_GB","og_type":"article","og_title":"La bataille des droites : qui h\u00e9ritera de la France en 2027 ?","og_description":"Ce qui se joue \u00e0 droite avant 2027 n'est pas une simple comp\u00e9tition \u00e9lectorale. C'est la recomposition en profondeur d'un espace politique.","og_url":"https:\/\/www.geopolitics.fr\/en\/2026\/05\/03\/la-bataille-des-droites-qui-heritera-de-la-france-en-2027\/","og_site_name":"Geopolitics.fr","article_publisher":"https:\/\/www.facebook.com\/people\/Erwan-Davoux\/61557098968092\/","article_published_time":"2026-05-03T07:21:35+00:00","article_modified_time":"2026-05-03T07:21:37+00:00","og_image":[{"width":1920,"height":1358,"url":"https:\/\/www.geopolitics.fr\/wp-content\/uploads\/2026\/05\/droite-2027.jpg","type":"image\/jpeg"}],"author":"Ghizlaine Badri","twitter_card":"summary_large_image","twitter_creator":"@Geopolitics_Fr","twitter_site":"@Geopolitics_Fr","twitter_misc":{"Written by":"Ghizlaine Badri","Estimated reading time":"10 minutes"},"schema":{"@context":"https:\/\/schema.org","@graph":[{"@type":"Article","@id":"https:\/\/www.geopolitics.fr\/2026\/05\/03\/la-bataille-des-droites-qui-heritera-de-la-france-en-2027\/#article","isPartOf":{"@id":"https:\/\/www.geopolitics.fr\/2026\/05\/03\/la-bataille-des-droites-qui-heritera-de-la-france-en-2027\/"},"author":{"name":"Ghizlaine Badri","@id":"https:\/\/www.geopolitics.fr\/#\/schema\/person\/c36b165f511617c65a2bf8f8abd9af41"},"headline":"La bataille des droites : qui h\u00e9ritera de la France en 2027 ?","datePublished":"2026-05-03T07:21:35+00:00","dateModified":"2026-05-03T07:21:37+00:00","mainEntityOfPage":{"@id":"https:\/\/www.geopolitics.fr\/2026\/05\/03\/la-bataille-des-droites-qui-heritera-de-la-france-en-2027\/"},"wordCount":1922,"publisher":{"@id":"https:\/\/www.geopolitics.fr\/#organization"},"image":{"@id":"https:\/\/www.geopolitics.fr\/2026\/05\/03\/la-bataille-des-droites-qui-heritera-de-la-france-en-2027\/#primaryimage"},"thumbnailUrl":"https:\/\/www.geopolitics.fr\/wp-content\/uploads\/2026\/05\/droite-2027.jpg","keywords":["DROITE","\u00e9lection pr\u00e9sidentielle","France"],"articleSection":["FRANCE","Mis en AVANT","Politique"],"inLanguage":"en-GB"},{"@type":"WebPage","@id":"https:\/\/www.geopolitics.fr\/2026\/05\/03\/la-bataille-des-droites-qui-heritera-de-la-france-en-2027\/","url":"https:\/\/www.geopolitics.fr\/2026\/05\/03\/la-bataille-des-droites-qui-heritera-de-la-france-en-2027\/","name":"La bataille des droites : qui h\u00e9ritera de la France en 2027 ? | Geopolitics.fr","isPartOf":{"@id":"https:\/\/www.geopolitics.fr\/#website"},"primaryImageOfPage":{"@id":"https:\/\/www.geopolitics.fr\/2026\/05\/03\/la-bataille-des-droites-qui-heritera-de-la-france-en-2027\/#primaryimage"},"image":{"@id":"https:\/\/www.geopolitics.fr\/2026\/05\/03\/la-bataille-des-droites-qui-heritera-de-la-france-en-2027\/#primaryimage"},"thumbnailUrl":"https:\/\/www.geopolitics.fr\/wp-content\/uploads\/2026\/05\/droite-2027.jpg","datePublished":"2026-05-03T07:21:35+00:00","dateModified":"2026-05-03T07:21:37+00:00","description":"Ce qui se joue \u00e0 droite avant 2027 n'est pas une simple comp\u00e9tition \u00e9lectorale. C'est la recomposition en profondeur d'un espace politique.","breadcrumb":{"@id":"https:\/\/www.geopolitics.fr\/2026\/05\/03\/la-bataille-des-droites-qui-heritera-de-la-france-en-2027\/#breadcrumb"},"inLanguage":"en-GB","potentialAction":[{"@type":"ReadAction","target":["https:\/\/www.geopolitics.fr\/2026\/05\/03\/la-bataille-des-droites-qui-heritera-de-la-france-en-2027\/"]}]},{"@type":"ImageObject","inLanguage":"en-GB","@id":"https:\/\/www.geopolitics.fr\/2026\/05\/03\/la-bataille-des-droites-qui-heritera-de-la-france-en-2027\/#primaryimage","url":"https:\/\/www.geopolitics.fr\/wp-content\/uploads\/2026\/05\/droite-2027.jpg","contentUrl":"https:\/\/www.geopolitics.fr\/wp-content\/uploads\/2026\/05\/droite-2027.jpg","width":1920,"height":1358,"caption":"icon for the French presidential elections in 2027"},{"@type":"BreadcrumbList","@id":"https:\/\/www.geopolitics.fr\/2026\/05\/03\/la-bataille-des-droites-qui-heritera-de-la-france-en-2027\/#breadcrumb","itemListElement":[{"@type":"ListItem","position":1,"name":"Accueil","item":"https:\/\/www.geopolitics.fr\/"},{"@type":"ListItem","position":2,"name":"La bataille des droites : qui h\u00e9ritera de la France en 2027 ?"}]},{"@type":"WebSite","@id":"https:\/\/www.geopolitics.fr\/#website","url":"https:\/\/www.geopolitics.fr\/","name":"Geopolitics.fr","description":"Geopolitics.fr Analyse politique, relations internationales, d\u00e9fense - ligne \u00e9ditoriale gaullo-chiraquienne","publisher":{"@id":"https:\/\/www.geopolitics.fr\/#organization"},"potentialAction":[{"@type":"SearchAction","target":{"@type":"EntryPoint","urlTemplate":"https:\/\/www.geopolitics.fr\/?s={search_term_string}"},"query-input":{"@type":"PropertyValueSpecification","valueRequired":true,"valueName":"search_term_string"}}],"inLanguage":"en-GB"},{"@type":"Organization","@id":"https:\/\/www.geopolitics.fr\/#organization","name":"Geopolitics.fr","url":"https:\/\/www.geopolitics.fr\/","logo":{"@type":"ImageObject","inLanguage":"en-GB","@id":"https:\/\/www.geopolitics.fr\/#\/schema\/logo\/image\/","url":"https:\/\/www.geopolitics.fr\/wp-content\/uploads\/2024\/01\/logo.jpg","contentUrl":"https:\/\/www.geopolitics.fr\/wp-content\/uploads\/2024\/01\/logo.jpg","width":500,"height":500,"caption":"Geopolitics.fr"},"image":{"@id":"https:\/\/www.geopolitics.fr\/#\/schema\/logo\/image\/"},"sameAs":["https:\/\/www.facebook.com\/people\/Erwan-Davoux\/61557098968092\/","https:\/\/x.com\/Geopolitics_Fr"]},{"@type":"Person","@id":"https:\/\/www.geopolitics.fr\/#\/schema\/person\/c36b165f511617c65a2bf8f8abd9af41","name":"Ghizlaine Badri","image":{"@type":"ImageObject","inLanguage":"en-GB","@id":"https:\/\/www.geopolitics.fr\/wp-content\/uploads\/2026\/04\/cropped-Ghizlaine-96x96.jpg","url":"https:\/\/www.geopolitics.fr\/wp-content\/uploads\/2026\/04\/cropped-Ghizlaine-96x96.jpg","contentUrl":"https:\/\/www.geopolitics.fr\/wp-content\/uploads\/2026\/04\/cropped-Ghizlaine-96x96.jpg","caption":"Ghizlaine Badri"},"description":"R\u00e9dactrice en chef de Geopolitics.fr, Ghizlaine Badri est une Journaliste politique forte de vingt-cing ans d'exp\u00e9rience professionnelle dont quinze ans dans la Presse. Elle a construit un parcours \u00e0 l'intersection des sc\u00e8nes fran\u00e7aise, europ\u00e9enne et internationale. Ghizlaine a collabor\u00e9 avec pr\u00e8s d'une vingtaine de m\u00e9dias, parmi lesquels Le Point, Le Figaro, Les \u00c9chos, L'Express et Forbes. Correspondante Maroc\u2013Maghreb pour Le Point et correspondante Afrique pour Forbes, elle s'est distingu\u00e9e par une couverture approfondie des dynamiques politiques et diplomatiques entre l'Europe et le continent africain. Elle est \u00e0 ce jour la seule journaliste marocaine en activit\u00e9 \u00e0 avoir collabor\u00e9 avec des titres majeurs de la presse fran\u00e7aise hors sph\u00e8re panafricaine en France. Au sein du quotidien \u00e9conomique L'\u00c9conomiste, 1er quotidien au Maroc, elle a fond\u00e9 la rubrique France\u2013Maroc, contribuant \u00e0 structurer un espace \u00e9ditorial in\u00e9dit. Titulaire de trois masters obtenus en France, elle a travaill\u00e9 dans les domaines de la communication institutionnelle notamment \u00e0 la Mairie de Bordeaux aupr\u00e8s d'Alain Jupp\u00e9 et a \u00e9galement exerc\u00e9 des fonctions de direction en communication marketing, notamment aupr\u00e8s de l'Ambassade de France au Maroc. Polyglotte, elle est franco-italo-marocaine, n\u00e9e \u00e0 Casablanca, a v\u00e9cu \u00e0 New-York et maitrise cinq langues le fran\u00e7ais, l'arabe, l'anglais, l'italien et l'espagnol.","url":"https:\/\/www.geopolitics.fr\/en\/author\/ghizlaine-badri\/"}]}},"_links":{"self":[{"href":"https:\/\/www.geopolitics.fr\/en\/wp-json\/wp\/v2\/posts\/4091","targetHints":{"allow":["GET"]}}],"collection":[{"href":"https:\/\/www.geopolitics.fr\/en\/wp-json\/wp\/v2\/posts"}],"about":[{"href":"https:\/\/www.geopolitics.fr\/en\/wp-json\/wp\/v2\/types\/post"}],"author":[{"embeddable":true,"href":"https:\/\/www.geopolitics.fr\/en\/wp-json\/wp\/v2\/users\/31730"}],"replies":[{"embeddable":true,"href":"https:\/\/www.geopolitics.fr\/en\/wp-json\/wp\/v2\/comments?post=4091"}],"version-history":[{"count":0,"href":"https:\/\/www.geopolitics.fr\/en\/wp-json\/wp\/v2\/posts\/4091\/revisions"}],"wp:featuredmedia":[{"embeddable":true,"href":"https:\/\/www.geopolitics.fr\/en\/wp-json\/wp\/v2\/media\/4092"}],"wp:attachment":[{"href":"https:\/\/www.geopolitics.fr\/en\/wp-json\/wp\/v2\/media?parent=4091"}],"wp:term":[{"taxonomy":"category","embeddable":true,"href":"https:\/\/www.geopolitics.fr\/en\/wp-json\/wp\/v2\/categories?post=4091"},{"taxonomy":"post_tag","embeddable":true,"href":"https:\/\/www.geopolitics.fr\/en\/wp-json\/wp\/v2\/tags?post=4091"}],"curies":[{"name":"wp","href":"https:\/\/api.w.org\/{rel}","templated":true}]}}