{"id":4088,"date":"2026-05-02T09:31:28","date_gmt":"2026-05-02T07:31:28","guid":{"rendered":"https:\/\/www.geopolitics.fr\/?p=4088"},"modified":"2026-05-02T09:31:30","modified_gmt":"2026-05-02T07:31:30","slug":"la-france-decline-t-elle-vraiment-ou-choisit-on-de-le-croire","status":"publish","type":"post","link":"https:\/\/www.geopolitics.fr\/en\/2026\/05\/02\/la-france-decline-t-elle-vraiment-ou-choisit-on-de-le-croire\/","title":{"rendered":"La France d\u00e9cline-t-elle vraiment ou choisit-on de le croire ?"},"content":{"rendered":"<h2 class=\"wp-block-heading\" id=\"h-ce-que-les-chiffres-revelent-une-puissance-qui-se-transforme-pas-qui-disparait\">Ce que les chiffres r\u00e9v\u00e8lent : une puissance qui se transforme, pas qui dispara\u00eet<\/h2>\n\n\n\n<p class=\"has-medium-font-size wp-block-paragraph\">Les faits d&rsquo;abord. La France demeure, selon le FMI, la 7e puissance \u00e9conomique mondiale, avec un PIB nominal de 2 920 milliards d&rsquo;euros en 2024 et une croissance de +1,1 %,&nbsp; l\u00e9g\u00e8rement sup\u00e9rieure \u00e0 la moyenne de la zone euro. En 2025, la croissance annuelle s&rsquo;\u00e9tablit \u00e0 +0,9 % selon l&rsquo;INSEE, port\u00e9e par la consommation des m\u00e9nages et les d\u00e9penses publiques.<\/p>\n\n\n\n<p class=\"has-medium-font-size wp-block-paragraph\">Ces chiffres semblent rassurants. Mais ils masquent une r\u00e9alit\u00e9 plus sombre d\u00e8s lors qu&rsquo;on affine l&rsquo;analyse. En PIB par habitant, la France occupait le 11e rang mondial en 1980, elle n&rsquo;est plus qu&rsquo;au 24e rang en 2024 selon le FMI. En parit\u00e9 de pouvoir d&rsquo;achat, elle pointe au 25e rang. Un d\u00e9crochage de plus de treize places en quatre d\u00e9cennies, difficile de l&rsquo;ignorer.<\/p>\n\n\n\n<p class=\"has-medium-font-size wp-block-paragraph\">Autre signal d&rsquo;alarme : les finances publiques. La dette publique fran\u00e7aise atteignait 113,2 % du PIB fin 2024, contre 97,9 % avant la pand\u00e9mie en 2019. Au deuxi\u00e8me trimestre 2025, elle franchit 115,6 % du PIB, soit 3 416 milliards d&rsquo;euros. Le d\u00e9ficit public 2024 s&rsquo;est \u00e9tabli \u00e0 5,8 % du PIB, soit plus du double du seuil autoris\u00e9 par les r\u00e8gles europ\u00e9ennes. R\u00e9sultat : la France emprunte d\u00e9sormais sur les march\u00e9s \u00e0 des taux sup\u00e9rieurs \u00e0 ceux de la Gr\u00e8ce, un symbole qui aurait paru inconcevable il y a dix ans.<\/p>\n\n\n\n<h2 class=\"wp-block-heading\" id=\"h-la-desindustrialisation-le-coeur-du-malaise\">La d\u00e9sindustrialisation : le c\u0153ur du malaise<\/h2>\n\n\n\n<p class=\"has-medium-font-size wp-block-paragraph\">C&rsquo;est ici que la r\u00e9alit\u00e9 du d\u00e9clin devient la plus tangible. Depuis 1980, les branches industrielles fran\u00e7aises ont perdu pr\u00e8s de la moiti\u00e9 de leurs effectifs, soit 2,2 millions d&#8217;emplois. La part de l&rsquo;industrie dans le PIB a chut\u00e9 de pr\u00e8s de 10 points sur la m\u00eame p\u00e9riode. La France est aujourd&rsquo;hui, avec le Royaume-Uni, le pays le plus d\u00e9sindustrialis\u00e9 du G7.<\/p>\n\n\n\n<p class=\"has-medium-font-size wp-block-paragraph\">Entre 2009 et 2013 seulement, selon le cabinet Trendeo, plus d&rsquo;un millier d&rsquo;usines employant au moins dix salari\u00e9s ont ferm\u00e9 leurs portes. Entre 2012 et 2017, l&#8217;emploi industriel a perdu encore 150 000 postes suppl\u00e9mentaires. Et la dynamique se poursuit : de septembre \u00e0 d\u00e9cembre 2025, selon Les \u00c9chos, plus de 10 000 emplois ont \u00e9t\u00e9 supprim\u00e9s ou compromis sur plus de 165 sites industriels en France, contre 120 sites sur la m\u00eame p\u00e9riode l&rsquo;ann\u00e9e pr\u00e9c\u00e9dente.<\/p>\n\n\n\n<p class=\"has-medium-font-size wp-block-paragraph\">Les effets d&rsquo;entra\u00eenement sont d\u00e9vastateurs. Une \u00e9tude \u00e9conomique estime qu&rsquo;un emploi perdu dans l&rsquo;industrie entra\u00eene la perte de trois emplois dans le reste de l&rsquo;\u00e9conomie locale. Certains territoires en portent encore les cicatrices : \u00e0 Arques (Pas-de-Calais), Arc France employait 12 000 personnes il y a vingt ans contre 3 500 aujourd&rsquo;hui.<\/p>\n\n\n\n<p class=\"has-medium-font-size wp-block-paragraph\">Ces fractures \u00e9conomiques ont une traduction politique directe. La mondialisation et la d\u00e9sindustrialisation ont polaris\u00e9 \u00e9conomiquement, puis politiquement, le territoire fran\u00e7ais. Les espaces les plus touch\u00e9s: distance aux grands centres, disparition des emplois industriels, services publics en recul, sont aussi ceux o\u00f9 les discours d\u00e9clinistes trouvent la r\u00e9sonance la plus forte.<\/p>\n\n\n\n<p class=\"has-medium-font-size wp-block-paragraph\">La variable cl\u00e9, selon une \u00e9tude de la Fondapol, n&rsquo;est pas tant le niveau de revenu que le niveau de dipl\u00f4me : le vote populiste est davantage concentr\u00e9 dans les communes les moins dipl\u00f4m\u00e9es hors des grandes agglom\u00e9rations. Ce n&rsquo;est pas une adh\u00e9sion id\u00e9ologique abstraite,&nbsp; c&rsquo;est l&rsquo;expression d&rsquo;une exp\u00e9rience sociale v\u00e9cue, celle d&rsquo;un d\u00e9classement territorial et professionnel que les partis traditionnels n&rsquo;ont pas su nommer ni endiguer.<\/p>\n\n\n\n<p class=\"has-medium-font-size wp-block-paragraph\">Les in\u00e9galit\u00e9s territoriales se sont accentu\u00e9es, creusant un foss\u00e9 structurel entre m\u00e9tropoles dynamiques et p\u00e9riph\u00e9ries en souffrance. Ce foss\u00e9, le r\u00e9cit du d\u00e9clin le capte et l&rsquo;instrumente.<\/p>\n\n\n\n<h2 class=\"wp-block-heading\" id=\"h-le-recul-geopolitique-reel-mais-a-nuancer\">Le recul g\u00e9opolitique : r\u00e9el, mais \u00e0 nuancer<\/h2>\n\n\n\n<p class=\"has-medium-font-size wp-block-paragraph\">Sur la sc\u00e8ne internationale, la France a effectivement subi un relatif recul. Son influence en Afrique, longtemps pilier de sa puissance,&nbsp; s&rsquo;est \u00e9rod\u00e9e de fa\u00e7on notable, particuli\u00e8rement au Sahel o\u00f9 ses forces militaires ont \u00e9t\u00e9 contraintes au retrait. Un rapport parlementaire r\u00e9cent pointe une politique africaine \u00e9labor\u00e9e en vase clos, une r\u00e9duction des moyens civils et militaires, et une perte de connaissances g\u00e9n\u00e9ralis\u00e9e concernant le continent.<\/p>\n\n\n\n<p class=\"has-medium-font-size wp-block-paragraph\">Sa part dans le PIB mondial est pass\u00e9e de 4,5 % dans les ann\u00e9es 1990 \u00e0 moins de 3 % aujourd&rsquo;hui, sous l&rsquo;effet m\u00e9canique de la mont\u00e9e en puissance des \u00e9conomies \u00e9mergentes. La France p\u00e8se encore 15 % du PIB europ\u00e9en et conserve le 4e rang mondial pour les brevets d\u00e9pos\u00e9s, mais sa capacit\u00e9 \u00e0 peser dans les grandes n\u00e9gociations multilat\u00e9rales est contrainte par ses d\u00e9s\u00e9quilibres budg\u00e9taires int\u00e9rieurs.<\/p>\n\n\n\n<p class=\"has-medium-font-size wp-block-paragraph\">L&rsquo;instabilit\u00e9 politique aggrave la situation : depuis la dissolution de juin 2024, la France a connu une Assembl\u00e9e sans majorit\u00e9 stable, illustrant une forme d&rsquo;ingouvernabilit\u00e9 qui fragilise sa cr\u00e9dibilit\u00e9 ext\u00e9rieure.<\/p>\n\n\n\n<h2 class=\"wp-block-heading\" id=\"h-un-phenomene-occidental-pas-une-singularite-francaise\">Un ph\u00e9nom\u00e8ne occidental, pas une singularit\u00e9 fran\u00e7aise<\/h2>\n\n\n\n<p class=\"has-medium-font-size wp-block-paragraph\">Replac\u00e9 dans son contexte international, le d\u00e9clinisme fran\u00e7ais perd son caract\u00e8re d&rsquo;exception. Les \u00c9tats-Unis ont connu avec Donald Trump l&rsquo;apog\u00e9e d&rsquo;un r\u00e9cit similaire \u00ab Make America Great Again \u00bb confessant implicitement que la grandeur \u00e9tait perdue. Le Royaume-Uni a structur\u00e9 le Brexit autour de la promesse de \u00ab reprendre le contr\u00f4le \u00bb. La Hongrie d&rsquo;Orb\u00e1n a \u00e9rig\u00e9 la d\u00e9fense de la \u00ab civilisation chr\u00e9tienne europ\u00e9enne \u00bb en programme de gouvernement.<\/p>\n\n\n\n<p class=\"has-medium-font-size wp-block-paragraph\">Dans tous ces cas, le sch\u00e9ma est identique : une puissance qui se per\u00e7oit comme d\u00e9clinante, un r\u00e9cit qui d\u00e9signe des responsables internes et externes, une promesse de restauration d&rsquo;un ordre ant\u00e9rieur. Le \u00ab d\u00e9clin fran\u00e7ais \u00bb s&rsquo;inscrit dans cette internationale conservatrice du ressentiment qui traverse les d\u00e9mocraties occidentales depuis la crise financi\u00e8re de 2008.<\/p>\n\n\n\n<p class=\"has-medium-font-size wp-block-paragraph\">Ce n&rsquo;est pas une co\u00efncidence. La mondialisation a produit des gagnants et des perdants. Les perdants cherchent des r\u00e9cits qui expliquent leur d\u00e9classement. Les entrepreneurs politiques du d\u00e9clin ont su les leur fournir.<\/p>\n\n\n\n<h2 class=\"wp-block-heading\" id=\"h-a-qui-profite-le-declin\">A qui profite le d\u00e9clin ?<\/h2>\n\n\n\n<p class=\"has-medium-font-size wp-block-paragraph\">Le \u00ab d\u00e9clin fran\u00e7ais \u00bb ne peut \u00eatre appr\u00e9hend\u00e9 de mani\u00e8re univoque. Des transformations r\u00e9elles affectent la position de la France dans le monde : d\u00e9sindustrialisation massive, d\u00e9crochage du PIB par habitant, dette publique au-del\u00e0 des 115 % du PIB, recul d&rsquo;influence g\u00e9opolitique. Ces r\u00e9alit\u00e9s ne se contestent pas.<\/p>\n\n\n\n<p class=\"has-medium-font-size wp-block-paragraph\">Mais le r\u00e9cit du d\u00e9clin rel\u00e8ve aussi d&rsquo;une construction politique puissante, fa\u00e7onn\u00e9e pour mobiliser, orienter et polariser. La question n&rsquo;est donc pas tant de savoir si la France d\u00e9cline mais pourquoi ce r\u00e9cit prosp\u00e8re maintenant, et \u00e0 qui il profite.<\/p>\n\n\n\n<p class=\"has-medium-font-size wp-block-paragraph\">Entre fait mesur\u00e9 et \u00e9motion instrumentalis\u00e9e, la France est avant tout une d\u00e9mocratie confront\u00e9e \u00e0 un monde en mutation rapide, en qu\u00eate de red\u00e9finition de son r\u00f4le. La lucidit\u00e9 face aux chiffres est la condition minimale pour y r\u00e9pondre s\u00e9rieusement sans c\u00e9der ni \u00e0 l&rsquo;ang\u00e9lisme ni aux sir\u00e8nes du catastrophisme.<\/p>\n\n\n\n<p class=\"wp-block-paragraph\"><\/p>","protected":false},"excerpt":{"rendered":"<p>Ce que les chiffres r\u00e9v\u00e8lent : une puissance qui se transforme, pas qui dispara\u00eet Les faits d&rsquo;abord. La France demeure, selon le&hellip;<\/p>","protected":false},"author":31730,"featured_media":4089,"comment_status":"closed","ping_status":"closed","sticky":false,"template":"","format":"standard","meta":{"_lmt_disableupdate":"","_lmt_disable":"","footnotes":""},"categories":[635,620,605,617],"tags":[56],"class_list":["post-4088","post","type-post","status-publish","format-standard","has-post-thumbnail","hentry","category-diplomatie","category-economie-france","category-france","category-politique-france","tag-france"],"yoast_head":"<!-- This site is optimized with the Yoast SEO Premium plugin v28.1 (Yoast SEO v28.1) - https:\/\/yoast.com\/product\/yoast-seo-premium-wordpress\/ -->\n<title>La France d\u00e9cline-t-elle vraiment ou choisit-on de le croire ? | Geopolitics.fr<\/title>\n<meta name=\"description\" content=\"Analyse du d\u00e9clin fran\u00e7ais entre mythe et r\u00e9alit\u00e9. Ce dernier est av\u00e9r\u00e9 mais s&#039;inscrit dans un mouvement plus global, occidental\" \/>\n<meta name=\"robots\" content=\"index, follow, max-snippet:-1, max-image-preview:large, max-video-preview:-1\" \/>\n<link rel=\"canonical\" href=\"https:\/\/www.geopolitics.fr\/en\/2026\/05\/02\/la-france-decline-t-elle-vraiment-ou-choisit-on-de-le-croire\/\" \/>\n<meta property=\"og:locale\" content=\"en_GB\" \/>\n<meta property=\"og:type\" content=\"article\" \/>\n<meta property=\"og:title\" content=\"La France d\u00e9cline-t-elle vraiment ou choisit-on de le croire ?\" \/>\n<meta property=\"og:description\" content=\"Analyse du d\u00e9clin fran\u00e7ais entre mythe et r\u00e9alit\u00e9. Ce dernier est av\u00e9r\u00e9 mais s&#039;inscrit dans un mouvement plus global, occidental\" \/>\n<meta property=\"og:url\" content=\"https:\/\/www.geopolitics.fr\/en\/2026\/05\/02\/la-france-decline-t-elle-vraiment-ou-choisit-on-de-le-croire\/\" \/>\n<meta property=\"og:site_name\" content=\"Geopolitics.fr\" \/>\n<meta property=\"article:publisher\" content=\"https:\/\/www.facebook.com\/people\/Erwan-Davoux\/61557098968092\/\" \/>\n<meta property=\"article:published_time\" content=\"2026-05-02T07:31:28+00:00\" \/>\n<meta property=\"article:modified_time\" content=\"2026-05-02T07:31:30+00:00\" \/>\n<meta property=\"og:image\" content=\"https:\/\/www.geopolitics.fr\/wp-content\/uploads\/2026\/05\/declin-francais.jpg\" \/>\n\t<meta property=\"og:image:width\" content=\"1816\" \/>\n\t<meta property=\"og:image:height\" content=\"1651\" \/>\n\t<meta property=\"og:image:type\" content=\"image\/jpeg\" \/>\n<meta name=\"author\" content=\"Ghizlaine Badri\" \/>\n<meta name=\"twitter:card\" content=\"summary_large_image\" \/>\n<meta name=\"twitter:creator\" content=\"@Geopolitics_Fr\" \/>\n<meta name=\"twitter:site\" content=\"@Geopolitics_Fr\" \/>\n<meta name=\"twitter:label1\" content=\"Written by\" \/>\n\t<meta name=\"twitter:data1\" content=\"Ghizlaine Badri\" \/>\n\t<meta name=\"twitter:label2\" content=\"Estimated reading time\" \/>\n\t<meta name=\"twitter:data2\" content=\"6 minutes\" \/>\n<script type=\"application\/ld+json\" class=\"yoast-schema-graph\">{\"@context\":\"https:\\\/\\\/schema.org\",\"@graph\":[{\"@type\":\"Article\",\"@id\":\"https:\\\/\\\/www.geopolitics.fr\\\/2026\\\/05\\\/02\\\/la-france-decline-t-elle-vraiment-ou-choisit-on-de-le-croire\\\/#article\",\"isPartOf\":{\"@id\":\"https:\\\/\\\/www.geopolitics.fr\\\/2026\\\/05\\\/02\\\/la-france-decline-t-elle-vraiment-ou-choisit-on-de-le-croire\\\/\"},\"author\":{\"name\":\"Ghizlaine Badri\",\"@id\":\"https:\\\/\\\/www.geopolitics.fr\\\/#\\\/schema\\\/person\\\/c36b165f511617c65a2bf8f8abd9af41\"},\"headline\":\"La France d\u00e9cline-t-elle vraiment ou choisit-on de le croire ?\",\"datePublished\":\"2026-05-02T07:31:28+00:00\",\"dateModified\":\"2026-05-02T07:31:30+00:00\",\"mainEntityOfPage\":{\"@id\":\"https:\\\/\\\/www.geopolitics.fr\\\/2026\\\/05\\\/02\\\/la-france-decline-t-elle-vraiment-ou-choisit-on-de-le-croire\\\/\"},\"wordCount\":1183,\"publisher\":{\"@id\":\"https:\\\/\\\/www.geopolitics.fr\\\/#organization\"},\"image\":{\"@id\":\"https:\\\/\\\/www.geopolitics.fr\\\/2026\\\/05\\\/02\\\/la-france-decline-t-elle-vraiment-ou-choisit-on-de-le-croire\\\/#primaryimage\"},\"thumbnailUrl\":\"https:\\\/\\\/www.geopolitics.fr\\\/wp-content\\\/uploads\\\/2026\\\/05\\\/declin-francais.jpg\",\"keywords\":[\"France\"],\"articleSection\":[\"Diplomatie\",\"Economie\",\"FRANCE\",\"Politique\"],\"inLanguage\":\"en-GB\"},{\"@type\":\"WebPage\",\"@id\":\"https:\\\/\\\/www.geopolitics.fr\\\/2026\\\/05\\\/02\\\/la-france-decline-t-elle-vraiment-ou-choisit-on-de-le-croire\\\/\",\"url\":\"https:\\\/\\\/www.geopolitics.fr\\\/2026\\\/05\\\/02\\\/la-france-decline-t-elle-vraiment-ou-choisit-on-de-le-croire\\\/\",\"name\":\"La France d\u00e9cline-t-elle vraiment ou choisit-on de le croire ? | Geopolitics.fr\",\"isPartOf\":{\"@id\":\"https:\\\/\\\/www.geopolitics.fr\\\/#website\"},\"primaryImageOfPage\":{\"@id\":\"https:\\\/\\\/www.geopolitics.fr\\\/2026\\\/05\\\/02\\\/la-france-decline-t-elle-vraiment-ou-choisit-on-de-le-croire\\\/#primaryimage\"},\"image\":{\"@id\":\"https:\\\/\\\/www.geopolitics.fr\\\/2026\\\/05\\\/02\\\/la-france-decline-t-elle-vraiment-ou-choisit-on-de-le-croire\\\/#primaryimage\"},\"thumbnailUrl\":\"https:\\\/\\\/www.geopolitics.fr\\\/wp-content\\\/uploads\\\/2026\\\/05\\\/declin-francais.jpg\",\"datePublished\":\"2026-05-02T07:31:28+00:00\",\"dateModified\":\"2026-05-02T07:31:30+00:00\",\"description\":\"Analyse du d\u00e9clin fran\u00e7ais entre mythe et r\u00e9alit\u00e9. Ce dernier est av\u00e9r\u00e9 mais s'inscrit dans un mouvement plus global, occidental\",\"breadcrumb\":{\"@id\":\"https:\\\/\\\/www.geopolitics.fr\\\/2026\\\/05\\\/02\\\/la-france-decline-t-elle-vraiment-ou-choisit-on-de-le-croire\\\/#breadcrumb\"},\"inLanguage\":\"en-GB\",\"potentialAction\":[{\"@type\":\"ReadAction\",\"target\":[\"https:\\\/\\\/www.geopolitics.fr\\\/2026\\\/05\\\/02\\\/la-france-decline-t-elle-vraiment-ou-choisit-on-de-le-croire\\\/\"]}]},{\"@type\":\"ImageObject\",\"inLanguage\":\"en-GB\",\"@id\":\"https:\\\/\\\/www.geopolitics.fr\\\/2026\\\/05\\\/02\\\/la-france-decline-t-elle-vraiment-ou-choisit-on-de-le-croire\\\/#primaryimage\",\"url\":\"https:\\\/\\\/www.geopolitics.fr\\\/wp-content\\\/uploads\\\/2026\\\/05\\\/declin-francais.jpg\",\"contentUrl\":\"https:\\\/\\\/www.geopolitics.fr\\\/wp-content\\\/uploads\\\/2026\\\/05\\\/declin-francais.jpg\",\"width\":1816,\"height\":1651,\"caption\":\"3D map of France in the colors of the French flag with a downward arrow making cracks on the map (cut out)\"},{\"@type\":\"BreadcrumbList\",\"@id\":\"https:\\\/\\\/www.geopolitics.fr\\\/2026\\\/05\\\/02\\\/la-france-decline-t-elle-vraiment-ou-choisit-on-de-le-croire\\\/#breadcrumb\",\"itemListElement\":[{\"@type\":\"ListItem\",\"position\":1,\"name\":\"Accueil\",\"item\":\"https:\\\/\\\/www.geopolitics.fr\\\/\"},{\"@type\":\"ListItem\",\"position\":2,\"name\":\"La France d\u00e9cline-t-elle vraiment ou choisit-on de le croire ?\"}]},{\"@type\":\"WebSite\",\"@id\":\"https:\\\/\\\/www.geopolitics.fr\\\/#website\",\"url\":\"https:\\\/\\\/www.geopolitics.fr\\\/\",\"name\":\"Geopolitics.fr\",\"description\":\"Geopolitics.fr Analyse politique, relations internationales, d\u00e9fense - ligne \u00e9ditoriale gaullo-chiraquienne\",\"publisher\":{\"@id\":\"https:\\\/\\\/www.geopolitics.fr\\\/#organization\"},\"potentialAction\":[{\"@type\":\"SearchAction\",\"target\":{\"@type\":\"EntryPoint\",\"urlTemplate\":\"https:\\\/\\\/www.geopolitics.fr\\\/?s={search_term_string}\"},\"query-input\":{\"@type\":\"PropertyValueSpecification\",\"valueRequired\":true,\"valueName\":\"search_term_string\"}}],\"inLanguage\":\"en-GB\"},{\"@type\":\"Organization\",\"@id\":\"https:\\\/\\\/www.geopolitics.fr\\\/#organization\",\"name\":\"Geopolitics.fr\",\"url\":\"https:\\\/\\\/www.geopolitics.fr\\\/\",\"logo\":{\"@type\":\"ImageObject\",\"inLanguage\":\"en-GB\",\"@id\":\"https:\\\/\\\/www.geopolitics.fr\\\/#\\\/schema\\\/logo\\\/image\\\/\",\"url\":\"https:\\\/\\\/www.geopolitics.fr\\\/wp-content\\\/uploads\\\/2024\\\/01\\\/logo.jpg\",\"contentUrl\":\"https:\\\/\\\/www.geopolitics.fr\\\/wp-content\\\/uploads\\\/2024\\\/01\\\/logo.jpg\",\"width\":500,\"height\":500,\"caption\":\"Geopolitics.fr\"},\"image\":{\"@id\":\"https:\\\/\\\/www.geopolitics.fr\\\/#\\\/schema\\\/logo\\\/image\\\/\"},\"sameAs\":[\"https:\\\/\\\/www.facebook.com\\\/people\\\/Erwan-Davoux\\\/61557098968092\\\/\",\"https:\\\/\\\/x.com\\\/Geopolitics_Fr\"]},{\"@type\":\"Person\",\"@id\":\"https:\\\/\\\/www.geopolitics.fr\\\/#\\\/schema\\\/person\\\/c36b165f511617c65a2bf8f8abd9af41\",\"name\":\"Ghizlaine Badri\",\"image\":{\"@type\":\"ImageObject\",\"inLanguage\":\"en-GB\",\"@id\":\"https:\\\/\\\/www.geopolitics.fr\\\/wp-content\\\/uploads\\\/2026\\\/04\\\/cropped-Ghizlaine-96x96.jpg\",\"url\":\"https:\\\/\\\/www.geopolitics.fr\\\/wp-content\\\/uploads\\\/2026\\\/04\\\/cropped-Ghizlaine-96x96.jpg\",\"contentUrl\":\"https:\\\/\\\/www.geopolitics.fr\\\/wp-content\\\/uploads\\\/2026\\\/04\\\/cropped-Ghizlaine-96x96.jpg\",\"caption\":\"Ghizlaine Badri\"},\"description\":\"R\u00e9dactrice en chef de Geopolitics.fr, Ghizlaine Badri est une Journaliste politique forte de vingt-cing ans d'exp\u00e9rience professionnelle dont quinze ans dans la Presse. Elle a construit un parcours \u00e0 l'intersection des sc\u00e8nes fran\u00e7aise, europ\u00e9enne et internationale. Ghizlaine a collabor\u00e9 avec pr\u00e8s d'une vingtaine de m\u00e9dias, parmi lesquels Le Point, Le Figaro, Les \u00c9chos, L'Express et Forbes. Correspondante Maroc\u2013Maghreb pour Le Point et correspondante Afrique pour Forbes, elle s'est distingu\u00e9e par une couverture approfondie des dynamiques politiques et diplomatiques entre l'Europe et le continent africain. Elle est \u00e0 ce jour la seule journaliste marocaine en activit\u00e9 \u00e0 avoir collabor\u00e9 avec des titres majeurs de la presse fran\u00e7aise hors sph\u00e8re panafricaine en France. Au sein du quotidien \u00e9conomique L'\u00c9conomiste, 1er quotidien au Maroc, elle a fond\u00e9 la rubrique France\u2013Maroc, contribuant \u00e0 structurer un espace \u00e9ditorial in\u00e9dit. Titulaire de trois masters obtenus en France, elle a travaill\u00e9 dans les domaines de la communication institutionnelle notamment \u00e0 la Mairie de Bordeaux aupr\u00e8s d'Alain Jupp\u00e9 et a \u00e9galement exerc\u00e9 des fonctions de direction en communication marketing, notamment aupr\u00e8s de l'Ambassade de France au Maroc. Polyglotte, elle est franco-italo-marocaine, n\u00e9e \u00e0 Casablanca, a v\u00e9cu \u00e0 New-York et maitrise cinq langues le fran\u00e7ais, l'arabe, l'anglais, l'italien et l'espagnol.\",\"url\":\"https:\\\/\\\/www.geopolitics.fr\\\/en\\\/author\\\/ghizlaine-badri\\\/\"}]}<\/script>\n<!-- \/ Yoast SEO Premium plugin. -->","yoast_head_json":{"title":"La France d\u00e9cline-t-elle vraiment ou choisit-on de le croire ? | Geopolitics.fr","description":"Analyse du d\u00e9clin fran\u00e7ais entre mythe et r\u00e9alit\u00e9. Ce dernier est av\u00e9r\u00e9 mais s'inscrit dans un mouvement plus global, occidental","robots":{"index":"index","follow":"follow","max-snippet":"max-snippet:-1","max-image-preview":"max-image-preview:large","max-video-preview":"max-video-preview:-1"},"canonical":"https:\/\/www.geopolitics.fr\/en\/2026\/05\/02\/la-france-decline-t-elle-vraiment-ou-choisit-on-de-le-croire\/","og_locale":"en_GB","og_type":"article","og_title":"La France d\u00e9cline-t-elle vraiment ou choisit-on de le croire ?","og_description":"Analyse du d\u00e9clin fran\u00e7ais entre mythe et r\u00e9alit\u00e9. Ce dernier est av\u00e9r\u00e9 mais s'inscrit dans un mouvement plus global, occidental","og_url":"https:\/\/www.geopolitics.fr\/en\/2026\/05\/02\/la-france-decline-t-elle-vraiment-ou-choisit-on-de-le-croire\/","og_site_name":"Geopolitics.fr","article_publisher":"https:\/\/www.facebook.com\/people\/Erwan-Davoux\/61557098968092\/","article_published_time":"2026-05-02T07:31:28+00:00","article_modified_time":"2026-05-02T07:31:30+00:00","og_image":[{"width":1816,"height":1651,"url":"https:\/\/www.geopolitics.fr\/wp-content\/uploads\/2026\/05\/declin-francais.jpg","type":"image\/jpeg"}],"author":"Ghizlaine Badri","twitter_card":"summary_large_image","twitter_creator":"@Geopolitics_Fr","twitter_site":"@Geopolitics_Fr","twitter_misc":{"Written by":"Ghizlaine Badri","Estimated reading time":"6 minutes"},"schema":{"@context":"https:\/\/schema.org","@graph":[{"@type":"Article","@id":"https:\/\/www.geopolitics.fr\/2026\/05\/02\/la-france-decline-t-elle-vraiment-ou-choisit-on-de-le-croire\/#article","isPartOf":{"@id":"https:\/\/www.geopolitics.fr\/2026\/05\/02\/la-france-decline-t-elle-vraiment-ou-choisit-on-de-le-croire\/"},"author":{"name":"Ghizlaine Badri","@id":"https:\/\/www.geopolitics.fr\/#\/schema\/person\/c36b165f511617c65a2bf8f8abd9af41"},"headline":"La France d\u00e9cline-t-elle vraiment ou choisit-on de le croire ?","datePublished":"2026-05-02T07:31:28+00:00","dateModified":"2026-05-02T07:31:30+00:00","mainEntityOfPage":{"@id":"https:\/\/www.geopolitics.fr\/2026\/05\/02\/la-france-decline-t-elle-vraiment-ou-choisit-on-de-le-croire\/"},"wordCount":1183,"publisher":{"@id":"https:\/\/www.geopolitics.fr\/#organization"},"image":{"@id":"https:\/\/www.geopolitics.fr\/2026\/05\/02\/la-france-decline-t-elle-vraiment-ou-choisit-on-de-le-croire\/#primaryimage"},"thumbnailUrl":"https:\/\/www.geopolitics.fr\/wp-content\/uploads\/2026\/05\/declin-francais.jpg","keywords":["France"],"articleSection":["Diplomatie","Economie","FRANCE","Politique"],"inLanguage":"en-GB"},{"@type":"WebPage","@id":"https:\/\/www.geopolitics.fr\/2026\/05\/02\/la-france-decline-t-elle-vraiment-ou-choisit-on-de-le-croire\/","url":"https:\/\/www.geopolitics.fr\/2026\/05\/02\/la-france-decline-t-elle-vraiment-ou-choisit-on-de-le-croire\/","name":"La France d\u00e9cline-t-elle vraiment ou choisit-on de le croire ? | Geopolitics.fr","isPartOf":{"@id":"https:\/\/www.geopolitics.fr\/#website"},"primaryImageOfPage":{"@id":"https:\/\/www.geopolitics.fr\/2026\/05\/02\/la-france-decline-t-elle-vraiment-ou-choisit-on-de-le-croire\/#primaryimage"},"image":{"@id":"https:\/\/www.geopolitics.fr\/2026\/05\/02\/la-france-decline-t-elle-vraiment-ou-choisit-on-de-le-croire\/#primaryimage"},"thumbnailUrl":"https:\/\/www.geopolitics.fr\/wp-content\/uploads\/2026\/05\/declin-francais.jpg","datePublished":"2026-05-02T07:31:28+00:00","dateModified":"2026-05-02T07:31:30+00:00","description":"Analyse du d\u00e9clin fran\u00e7ais entre mythe et r\u00e9alit\u00e9. Ce dernier est av\u00e9r\u00e9 mais s'inscrit dans un mouvement plus global, occidental","breadcrumb":{"@id":"https:\/\/www.geopolitics.fr\/2026\/05\/02\/la-france-decline-t-elle-vraiment-ou-choisit-on-de-le-croire\/#breadcrumb"},"inLanguage":"en-GB","potentialAction":[{"@type":"ReadAction","target":["https:\/\/www.geopolitics.fr\/2026\/05\/02\/la-france-decline-t-elle-vraiment-ou-choisit-on-de-le-croire\/"]}]},{"@type":"ImageObject","inLanguage":"en-GB","@id":"https:\/\/www.geopolitics.fr\/2026\/05\/02\/la-france-decline-t-elle-vraiment-ou-choisit-on-de-le-croire\/#primaryimage","url":"https:\/\/www.geopolitics.fr\/wp-content\/uploads\/2026\/05\/declin-francais.jpg","contentUrl":"https:\/\/www.geopolitics.fr\/wp-content\/uploads\/2026\/05\/declin-francais.jpg","width":1816,"height":1651,"caption":"3D map of France in the colors of the French flag with a downward arrow making cracks on the map (cut out)"},{"@type":"BreadcrumbList","@id":"https:\/\/www.geopolitics.fr\/2026\/05\/02\/la-france-decline-t-elle-vraiment-ou-choisit-on-de-le-croire\/#breadcrumb","itemListElement":[{"@type":"ListItem","position":1,"name":"Accueil","item":"https:\/\/www.geopolitics.fr\/"},{"@type":"ListItem","position":2,"name":"La France d\u00e9cline-t-elle vraiment ou choisit-on de le croire ?"}]},{"@type":"WebSite","@id":"https:\/\/www.geopolitics.fr\/#website","url":"https:\/\/www.geopolitics.fr\/","name":"Geopolitics.fr","description":"Geopolitics.fr Analyse politique, relations internationales, d\u00e9fense - ligne \u00e9ditoriale gaullo-chiraquienne","publisher":{"@id":"https:\/\/www.geopolitics.fr\/#organization"},"potentialAction":[{"@type":"SearchAction","target":{"@type":"EntryPoint","urlTemplate":"https:\/\/www.geopolitics.fr\/?s={search_term_string}"},"query-input":{"@type":"PropertyValueSpecification","valueRequired":true,"valueName":"search_term_string"}}],"inLanguage":"en-GB"},{"@type":"Organization","@id":"https:\/\/www.geopolitics.fr\/#organization","name":"Geopolitics.fr","url":"https:\/\/www.geopolitics.fr\/","logo":{"@type":"ImageObject","inLanguage":"en-GB","@id":"https:\/\/www.geopolitics.fr\/#\/schema\/logo\/image\/","url":"https:\/\/www.geopolitics.fr\/wp-content\/uploads\/2024\/01\/logo.jpg","contentUrl":"https:\/\/www.geopolitics.fr\/wp-content\/uploads\/2024\/01\/logo.jpg","width":500,"height":500,"caption":"Geopolitics.fr"},"image":{"@id":"https:\/\/www.geopolitics.fr\/#\/schema\/logo\/image\/"},"sameAs":["https:\/\/www.facebook.com\/people\/Erwan-Davoux\/61557098968092\/","https:\/\/x.com\/Geopolitics_Fr"]},{"@type":"Person","@id":"https:\/\/www.geopolitics.fr\/#\/schema\/person\/c36b165f511617c65a2bf8f8abd9af41","name":"Ghizlaine Badri","image":{"@type":"ImageObject","inLanguage":"en-GB","@id":"https:\/\/www.geopolitics.fr\/wp-content\/uploads\/2026\/04\/cropped-Ghizlaine-96x96.jpg","url":"https:\/\/www.geopolitics.fr\/wp-content\/uploads\/2026\/04\/cropped-Ghizlaine-96x96.jpg","contentUrl":"https:\/\/www.geopolitics.fr\/wp-content\/uploads\/2026\/04\/cropped-Ghizlaine-96x96.jpg","caption":"Ghizlaine Badri"},"description":"R\u00e9dactrice en chef de Geopolitics.fr, Ghizlaine Badri est une Journaliste politique forte de vingt-cing ans d'exp\u00e9rience professionnelle dont quinze ans dans la Presse. Elle a construit un parcours \u00e0 l'intersection des sc\u00e8nes fran\u00e7aise, europ\u00e9enne et internationale. Ghizlaine a collabor\u00e9 avec pr\u00e8s d'une vingtaine de m\u00e9dias, parmi lesquels Le Point, Le Figaro, Les \u00c9chos, L'Express et Forbes. Correspondante Maroc\u2013Maghreb pour Le Point et correspondante Afrique pour Forbes, elle s'est distingu\u00e9e par une couverture approfondie des dynamiques politiques et diplomatiques entre l'Europe et le continent africain. Elle est \u00e0 ce jour la seule journaliste marocaine en activit\u00e9 \u00e0 avoir collabor\u00e9 avec des titres majeurs de la presse fran\u00e7aise hors sph\u00e8re panafricaine en France. Au sein du quotidien \u00e9conomique L'\u00c9conomiste, 1er quotidien au Maroc, elle a fond\u00e9 la rubrique France\u2013Maroc, contribuant \u00e0 structurer un espace \u00e9ditorial in\u00e9dit. Titulaire de trois masters obtenus en France, elle a travaill\u00e9 dans les domaines de la communication institutionnelle notamment \u00e0 la Mairie de Bordeaux aupr\u00e8s d'Alain Jupp\u00e9 et a \u00e9galement exerc\u00e9 des fonctions de direction en communication marketing, notamment aupr\u00e8s de l'Ambassade de France au Maroc. Polyglotte, elle est franco-italo-marocaine, n\u00e9e \u00e0 Casablanca, a v\u00e9cu \u00e0 New-York et maitrise cinq langues le fran\u00e7ais, l'arabe, l'anglais, l'italien et l'espagnol.","url":"https:\/\/www.geopolitics.fr\/en\/author\/ghizlaine-badri\/"}]}},"_links":{"self":[{"href":"https:\/\/www.geopolitics.fr\/en\/wp-json\/wp\/v2\/posts\/4088","targetHints":{"allow":["GET"]}}],"collection":[{"href":"https:\/\/www.geopolitics.fr\/en\/wp-json\/wp\/v2\/posts"}],"about":[{"href":"https:\/\/www.geopolitics.fr\/en\/wp-json\/wp\/v2\/types\/post"}],"author":[{"embeddable":true,"href":"https:\/\/www.geopolitics.fr\/en\/wp-json\/wp\/v2\/users\/31730"}],"replies":[{"embeddable":true,"href":"https:\/\/www.geopolitics.fr\/en\/wp-json\/wp\/v2\/comments?post=4088"}],"version-history":[{"count":0,"href":"https:\/\/www.geopolitics.fr\/en\/wp-json\/wp\/v2\/posts\/4088\/revisions"}],"wp:featuredmedia":[{"embeddable":true,"href":"https:\/\/www.geopolitics.fr\/en\/wp-json\/wp\/v2\/media\/4089"}],"wp:attachment":[{"href":"https:\/\/www.geopolitics.fr\/en\/wp-json\/wp\/v2\/media?parent=4088"}],"wp:term":[{"taxonomy":"category","embeddable":true,"href":"https:\/\/www.geopolitics.fr\/en\/wp-json\/wp\/v2\/categories?post=4088"},{"taxonomy":"post_tag","embeddable":true,"href":"https:\/\/www.geopolitics.fr\/en\/wp-json\/wp\/v2\/tags?post=4088"}],"curies":[{"name":"wp","href":"https:\/\/api.w.org\/{rel}","templated":true}]}}