{"id":4079,"date":"2026-04-30T14:49:01","date_gmt":"2026-04-30T12:49:01","guid":{"rendered":"https:\/\/www.geopolitics.fr\/?p=4079"},"modified":"2026-05-01T16:42:14","modified_gmt":"2026-05-01T14:42:14","slug":"le-senateur-buffet-futur-defenseur-des-droits","status":"publish","type":"post","link":"https:\/\/www.geopolitics.fr\/en\/2026\/04\/30\/le-senateur-buffet-futur-defenseur-des-droits\/","title":{"rendered":"Le S\u00e9nateur Buffet, futur D\u00e9fenseur des Droits ?"},"content":{"rendered":"<p class=\"has-medium-font-size wp-block-paragraph\">Le s\u00e9nateur Fran\u00e7ois-No\u00ebl Buffet est pressenti pour devenir D\u00e9fenseur des droits, en remplacement de Claire H\u00e9don, dont le mandat arrive \u00e0 \u00e9ch\u00e9ance. Une nomination attendue dans les prochaines heures et qui surprend jusque dans les cercles politiques tant son nom n\u2019apparaissait pas en t\u00eate des pronostics. <\/p>\n\n\n\n<p class=\"has-medium-font-size wp-block-paragraph\">Il fut bri\u00e8vement Ministre d\u00e9l\u00e9gu\u00e9 aupr\u00e8s du Premier ministre pour les Outre-mer (21\/09\/2024 au 13\/12\/2024) puis Ministre aupr\u00e8s du Ministre d&rsquo;Etat, ministre de l&rsquo;Int\u00e9rieur  (13\/12\/2024  au 09\/09\/2025) dans les gouvernements Barnier puis Bayrou.<\/p>\n\n\n\n<p class=\"has-medium-font-size wp-block-paragraph\">Juriste reconnu, avocat de formation, il s\u2019est impos\u00e9 au fil des ann\u00e9es comme une figure solide et respect\u00e9e du S\u00e9nat, notamment \u00e0 la pr\u00e9sidence de la commission des lois, o\u00f9 il a pilot\u00e9 des textes majeurs touchant aux libert\u00e9s publiques, \u00e0 la s\u00e9curit\u00e9 et \u00e0 l\u2019organisation institutionnelle.<\/p>\n\n\n\n<p class=\"has-medium-font-size wp-block-paragraph\">Proche des collectivit\u00e9s locales, ancien maire d\u2019Oullins, dans la m\u00e9tropole de Lyon, il a \u00e9galement \u00e9t\u00e9 plusieurs fois cit\u00e9 pour briguer des responsabilit\u00e9s ex\u00e9cutives importantes, notamment \u00e0 la t\u00eate de la m\u00e9tropole lyonnaise. Son profil avait aussi \u00e9t\u00e9 \u00e9voqu\u00e9, en coulisses, pour succ\u00e9der un jour \u00e0 G\u00e9rard Larcher \u00e0 la pr\u00e9sidence du S\u00e9nat. Finalement, c\u2019est vers une autorit\u00e9 ind\u00e9pendante majeure qu\u2019il pourrait se tourner, dans la lign\u00e9e de Jacques Toubon.<\/p>\n\n\n\n<p class=\"has-medium-font-size wp-block-paragraph\">S\u2019il est confirm\u00e9, ce choix marquerait la volont\u00e9 de confier cette institution cl\u00e9 \u00e0 un profil exp\u00e9riment\u00e9, rompu aux \u00e9quilibres juridiques et politiques, \u00e0 un moment o\u00f9 les questions de droits et de libert\u00e9s occupent une place centrale dans le d\u00e9bat public.<\/p>","protected":false},"excerpt":{"rendered":"<p>Le s\u00e9nateur Fran\u00e7ois-No\u00ebl Buffet est pressenti pour devenir D\u00e9fenseur des droits, en remplacement de Claire H\u00e9don, dont le mandat arrive \u00e0 \u00e9ch\u00e9ance.&hellip;<\/p>","protected":false},"author":9,"featured_media":4083,"comment_status":"closed","ping_status":"closed","sticky":false,"template":"","format":"standard","meta":{"_lmt_disableupdate":"","_lmt_disable":"","footnotes":""},"categories":[633,605,618,617,634],"tags":[653,652,649],"class_list":["post-4079","post","type-post","status-publish","format-standard","has-post-thumbnail","hentry","category-breves-france","category-france","category-institutions","category-politique-france","category-top-secret-france","tag-buffet","tag-defenseur-des-droits","tag-senat-2"],"yoast_head":"<!-- This site is optimized with the Yoast SEO Premium plugin v28.1 (Yoast SEO v28.1) - https:\/\/yoast.com\/product\/yoast-seo-premium-wordpress\/ -->\n<title>Le S\u00e9nateur Buffet, futur D\u00e9fenseur des Droits ? | Geopolitics.fr<\/title>\n<meta name=\"description\" content=\"Le S\u00e9nateur Buffet pourrait cr\u00e9er la surprise dans la derni\u00e8re ligne droite et \u00eatre nomm\u00e9 D\u00e9fenseur des Droits\" \/>\n<meta name=\"robots\" content=\"index, follow, max-snippet:-1, max-image-preview:large, max-video-preview:-1\" \/>\n<link rel=\"canonical\" href=\"https:\/\/www.geopolitics.fr\/en\/2026\/04\/30\/le-senateur-buffet-futur-defenseur-des-droits\/\" \/>\n<meta property=\"og:locale\" content=\"en_GB\" \/>\n<meta property=\"og:type\" content=\"article\" \/>\n<meta property=\"og:title\" content=\"Le S\u00e9nateur Buffet, futur D\u00e9fenseur des Droits ?\" \/>\n<meta property=\"og:description\" content=\"Le S\u00e9nateur Buffet pourrait cr\u00e9er la surprise dans la derni\u00e8re ligne droite et \u00eatre nomm\u00e9 D\u00e9fenseur des Droits\" \/>\n<meta property=\"og:url\" content=\"https:\/\/www.geopolitics.fr\/en\/2026\/04\/30\/le-senateur-buffet-futur-defenseur-des-droits\/\" \/>\n<meta property=\"og:site_name\" content=\"Geopolitics.fr\" \/>\n<meta property=\"article:publisher\" content=\"https:\/\/www.facebook.com\/people\/Erwan-Davoux\/61557098968092\/\" \/>\n<meta property=\"article:published_time\" content=\"2026-04-30T12:49:01+00:00\" \/>\n<meta property=\"article:modified_time\" content=\"2026-05-01T14:42:14+00:00\" \/>\n<meta property=\"og:image\" content=\"https:\/\/www.geopolitics.fr\/wp-content\/uploads\/2026\/04\/BUFFET-BON.jpg\" \/>\n\t<meta property=\"og:image:width\" content=\"872\" \/>\n\t<meta property=\"og:image:height\" content=\"1087\" \/>\n\t<meta property=\"og:image:type\" content=\"image\/jpeg\" \/>\n<meta name=\"author\" content=\"contact@geopolitics.fr\" \/>\n<meta name=\"twitter:card\" content=\"summary_large_image\" \/>\n<meta name=\"twitter:creator\" content=\"@Geopolitics_Fr\" \/>\n<meta name=\"twitter:site\" content=\"@Geopolitics_Fr\" \/>\n<meta name=\"twitter:label1\" content=\"Written by\" \/>\n\t<meta name=\"twitter:data1\" content=\"contact@geopolitics.fr\" \/>\n\t<meta name=\"twitter:label2\" content=\"Estimated reading time\" \/>\n\t<meta name=\"twitter:data2\" content=\"2 minutes\" \/>\n<script type=\"application\/ld+json\" class=\"yoast-schema-graph\">{\"@context\":\"https:\\\/\\\/schema.org\",\"@graph\":[{\"@type\":\"Article\",\"@id\":\"https:\\\/\\\/www.geopolitics.fr\\\/2026\\\/04\\\/30\\\/le-senateur-buffet-futur-defenseur-des-droits\\\/#article\",\"isPartOf\":{\"@id\":\"https:\\\/\\\/www.geopolitics.fr\\\/2026\\\/04\\\/30\\\/le-senateur-buffet-futur-defenseur-des-droits\\\/\"},\"author\":{\"name\":\"contact@geopolitics.fr\",\"@id\":\"https:\\\/\\\/www.geopolitics.fr\\\/#\\\/schema\\\/person\\\/69dde260ad11805e2aa68f0d9e9128da\"},\"headline\":\"Le S\u00e9nateur Buffet, futur D\u00e9fenseur des Droits ?\",\"datePublished\":\"2026-04-30T12:49:01+00:00\",\"dateModified\":\"2026-05-01T14:42:14+00:00\",\"mainEntityOfPage\":{\"@id\":\"https:\\\/\\\/www.geopolitics.fr\\\/2026\\\/04\\\/30\\\/le-senateur-buffet-futur-defenseur-des-droits\\\/\"},\"wordCount\":277,\"publisher\":{\"@id\":\"https:\\\/\\\/www.geopolitics.fr\\\/#organization\"},\"image\":{\"@id\":\"https:\\\/\\\/www.geopolitics.fr\\\/2026\\\/04\\\/30\\\/le-senateur-buffet-futur-defenseur-des-droits\\\/#primaryimage\"},\"thumbnailUrl\":\"https:\\\/\\\/www.geopolitics.fr\\\/wp-content\\\/uploads\\\/2026\\\/04\\\/BUFFET-BON.jpg\",\"keywords\":[\"Buffet\",\"d\u00e9fenseur des droits\",\"s\u00e9nat\"],\"articleSection\":[\"br\u00e8ves\",\"FRANCE\",\"Institutions\",\"Politique\",\"top secret\"],\"inLanguage\":\"en-GB\"},{\"@type\":\"WebPage\",\"@id\":\"https:\\\/\\\/www.geopolitics.fr\\\/2026\\\/04\\\/30\\\/le-senateur-buffet-futur-defenseur-des-droits\\\/\",\"url\":\"https:\\\/\\\/www.geopolitics.fr\\\/2026\\\/04\\\/30\\\/le-senateur-buffet-futur-defenseur-des-droits\\\/\",\"name\":\"Le S\u00e9nateur Buffet, futur D\u00e9fenseur des Droits ? | Geopolitics.fr\",\"isPartOf\":{\"@id\":\"https:\\\/\\\/www.geopolitics.fr\\\/#website\"},\"primaryImageOfPage\":{\"@id\":\"https:\\\/\\\/www.geopolitics.fr\\\/2026\\\/04\\\/30\\\/le-senateur-buffet-futur-defenseur-des-droits\\\/#primaryimage\"},\"image\":{\"@id\":\"https:\\\/\\\/www.geopolitics.fr\\\/2026\\\/04\\\/30\\\/le-senateur-buffet-futur-defenseur-des-droits\\\/#primaryimage\"},\"thumbnailUrl\":\"https:\\\/\\\/www.geopolitics.fr\\\/wp-content\\\/uploads\\\/2026\\\/04\\\/BUFFET-BON.jpg\",\"datePublished\":\"2026-04-30T12:49:01+00:00\",\"dateModified\":\"2026-05-01T14:42:14+00:00\",\"description\":\"Le S\u00e9nateur Buffet pourrait cr\u00e9er la surprise dans la derni\u00e8re ligne droite et \u00eatre nomm\u00e9 D\u00e9fenseur des Droits\",\"breadcrumb\":{\"@id\":\"https:\\\/\\\/www.geopolitics.fr\\\/2026\\\/04\\\/30\\\/le-senateur-buffet-futur-defenseur-des-droits\\\/#breadcrumb\"},\"inLanguage\":\"en-GB\",\"potentialAction\":[{\"@type\":\"ReadAction\",\"target\":[\"https:\\\/\\\/www.geopolitics.fr\\\/2026\\\/04\\\/30\\\/le-senateur-buffet-futur-defenseur-des-droits\\\/\"]}]},{\"@type\":\"ImageObject\",\"inLanguage\":\"en-GB\",\"@id\":\"https:\\\/\\\/www.geopolitics.fr\\\/2026\\\/04\\\/30\\\/le-senateur-buffet-futur-defenseur-des-droits\\\/#primaryimage\",\"url\":\"https:\\\/\\\/www.geopolitics.fr\\\/wp-content\\\/uploads\\\/2026\\\/04\\\/BUFFET-BON.jpg\",\"contentUrl\":\"https:\\\/\\\/www.geopolitics.fr\\\/wp-content\\\/uploads\\\/2026\\\/04\\\/BUFFET-BON.jpg\",\"width\":872,\"height\":1087},{\"@type\":\"BreadcrumbList\",\"@id\":\"https:\\\/\\\/www.geopolitics.fr\\\/2026\\\/04\\\/30\\\/le-senateur-buffet-futur-defenseur-des-droits\\\/#breadcrumb\",\"itemListElement\":[{\"@type\":\"ListItem\",\"position\":1,\"name\":\"Accueil\",\"item\":\"https:\\\/\\\/www.geopolitics.fr\\\/\"},{\"@type\":\"ListItem\",\"position\":2,\"name\":\"Le S\u00e9nateur Buffet, futur D\u00e9fenseur des Droits ?\"}]},{\"@type\":\"WebSite\",\"@id\":\"https:\\\/\\\/www.geopolitics.fr\\\/#website\",\"url\":\"https:\\\/\\\/www.geopolitics.fr\\\/\",\"name\":\"Geopolitics.fr\",\"description\":\"Geopolitics.fr Analyse politique, relations internationales, d\u00e9fense - ligne \u00e9ditoriale gaullo-chiraquienne\",\"publisher\":{\"@id\":\"https:\\\/\\\/www.geopolitics.fr\\\/#organization\"},\"potentialAction\":[{\"@type\":\"SearchAction\",\"target\":{\"@type\":\"EntryPoint\",\"urlTemplate\":\"https:\\\/\\\/www.geopolitics.fr\\\/?s={search_term_string}\"},\"query-input\":{\"@type\":\"PropertyValueSpecification\",\"valueRequired\":true,\"valueName\":\"search_term_string\"}}],\"inLanguage\":\"en-GB\"},{\"@type\":\"Organization\",\"@id\":\"https:\\\/\\\/www.geopolitics.fr\\\/#organization\",\"name\":\"Geopolitics.fr\",\"url\":\"https:\\\/\\\/www.geopolitics.fr\\\/\",\"logo\":{\"@type\":\"ImageObject\",\"inLanguage\":\"en-GB\",\"@id\":\"https:\\\/\\\/www.geopolitics.fr\\\/#\\\/schema\\\/logo\\\/image\\\/\",\"url\":\"https:\\\/\\\/www.geopolitics.fr\\\/wp-content\\\/uploads\\\/2024\\\/01\\\/logo.jpg\",\"contentUrl\":\"https:\\\/\\\/www.geopolitics.fr\\\/wp-content\\\/uploads\\\/2024\\\/01\\\/logo.jpg\",\"width\":500,\"height\":500,\"caption\":\"Geopolitics.fr\"},\"image\":{\"@id\":\"https:\\\/\\\/www.geopolitics.fr\\\/#\\\/schema\\\/logo\\\/image\\\/\"},\"sameAs\":[\"https:\\\/\\\/www.facebook.com\\\/people\\\/Erwan-Davoux\\\/61557098968092\\\/\",\"https:\\\/\\\/x.com\\\/Geopolitics_Fr\"]},{\"@type\":\"Person\",\"@id\":\"https:\\\/\\\/www.geopolitics.fr\\\/#\\\/schema\\\/person\\\/69dde260ad11805e2aa68f0d9e9128da\",\"name\":\"contact@geopolitics.fr\",\"image\":{\"@type\":\"ImageObject\",\"inLanguage\":\"en-GB\",\"@id\":\"https:\\\/\\\/www.geopolitics.fr\\\/wp-content\\\/uploads\\\/2024\\\/01\\\/edito-bonne-banniere-96x96.jpg\",\"url\":\"https:\\\/\\\/www.geopolitics.fr\\\/wp-content\\\/uploads\\\/2024\\\/01\\\/edito-bonne-banniere-96x96.jpg\",\"contentUrl\":\"https:\\\/\\\/www.geopolitics.fr\\\/wp-content\\\/uploads\\\/2024\\\/01\\\/edito-bonne-banniere-96x96.jpg\",\"caption\":\"contact@geopolitics.fr\"},\"url\":\"https:\\\/\\\/www.geopolitics.fr\\\/en\\\/author\\\/contactgeopolitics-fr\\\/\"}]}<\/script>\n<!-- \/ Yoast SEO Premium plugin. -->","yoast_head_json":{"title":"Le S\u00e9nateur Buffet, futur D\u00e9fenseur des Droits ? | Geopolitics.fr","description":"Le S\u00e9nateur Buffet pourrait cr\u00e9er la surprise dans la derni\u00e8re ligne droite et \u00eatre nomm\u00e9 D\u00e9fenseur des Droits","robots":{"index":"index","follow":"follow","max-snippet":"max-snippet:-1","max-image-preview":"max-image-preview:large","max-video-preview":"max-video-preview:-1"},"canonical":"https:\/\/www.geopolitics.fr\/en\/2026\/04\/30\/le-senateur-buffet-futur-defenseur-des-droits\/","og_locale":"en_GB","og_type":"article","og_title":"Le S\u00e9nateur Buffet, futur D\u00e9fenseur des Droits ?","og_description":"Le S\u00e9nateur Buffet pourrait cr\u00e9er la surprise dans la derni\u00e8re ligne droite et \u00eatre nomm\u00e9 D\u00e9fenseur des Droits","og_url":"https:\/\/www.geopolitics.fr\/en\/2026\/04\/30\/le-senateur-buffet-futur-defenseur-des-droits\/","og_site_name":"Geopolitics.fr","article_publisher":"https:\/\/www.facebook.com\/people\/Erwan-Davoux\/61557098968092\/","article_published_time":"2026-04-30T12:49:01+00:00","article_modified_time":"2026-05-01T14:42:14+00:00","og_image":[{"width":872,"height":1087,"url":"https:\/\/www.geopolitics.fr\/wp-content\/uploads\/2026\/04\/BUFFET-BON.jpg","type":"image\/jpeg"}],"author":"contact@geopolitics.fr","twitter_card":"summary_large_image","twitter_creator":"@Geopolitics_Fr","twitter_site":"@Geopolitics_Fr","twitter_misc":{"Written by":"contact@geopolitics.fr","Estimated reading time":"2 minutes"},"schema":{"@context":"https:\/\/schema.org","@graph":[{"@type":"Article","@id":"https:\/\/www.geopolitics.fr\/2026\/04\/30\/le-senateur-buffet-futur-defenseur-des-droits\/#article","isPartOf":{"@id":"https:\/\/www.geopolitics.fr\/2026\/04\/30\/le-senateur-buffet-futur-defenseur-des-droits\/"},"author":{"name":"contact@geopolitics.fr","@id":"https:\/\/www.geopolitics.fr\/#\/schema\/person\/69dde260ad11805e2aa68f0d9e9128da"},"headline":"Le S\u00e9nateur Buffet, futur D\u00e9fenseur des Droits ?","datePublished":"2026-04-30T12:49:01+00:00","dateModified":"2026-05-01T14:42:14+00:00","mainEntityOfPage":{"@id":"https:\/\/www.geopolitics.fr\/2026\/04\/30\/le-senateur-buffet-futur-defenseur-des-droits\/"},"wordCount":277,"publisher":{"@id":"https:\/\/www.geopolitics.fr\/#organization"},"image":{"@id":"https:\/\/www.geopolitics.fr\/2026\/04\/30\/le-senateur-buffet-futur-defenseur-des-droits\/#primaryimage"},"thumbnailUrl":"https:\/\/www.geopolitics.fr\/wp-content\/uploads\/2026\/04\/BUFFET-BON.jpg","keywords":["Buffet","d\u00e9fenseur des droits","s\u00e9nat"],"articleSection":["br\u00e8ves","FRANCE","Institutions","Politique","top secret"],"inLanguage":"en-GB"},{"@type":"WebPage","@id":"https:\/\/www.geopolitics.fr\/2026\/04\/30\/le-senateur-buffet-futur-defenseur-des-droits\/","url":"https:\/\/www.geopolitics.fr\/2026\/04\/30\/le-senateur-buffet-futur-defenseur-des-droits\/","name":"Le S\u00e9nateur Buffet, futur D\u00e9fenseur des Droits ? | Geopolitics.fr","isPartOf":{"@id":"https:\/\/www.geopolitics.fr\/#website"},"primaryImageOfPage":{"@id":"https:\/\/www.geopolitics.fr\/2026\/04\/30\/le-senateur-buffet-futur-defenseur-des-droits\/#primaryimage"},"image":{"@id":"https:\/\/www.geopolitics.fr\/2026\/04\/30\/le-senateur-buffet-futur-defenseur-des-droits\/#primaryimage"},"thumbnailUrl":"https:\/\/www.geopolitics.fr\/wp-content\/uploads\/2026\/04\/BUFFET-BON.jpg","datePublished":"2026-04-30T12:49:01+00:00","dateModified":"2026-05-01T14:42:14+00:00","description":"Le S\u00e9nateur Buffet pourrait cr\u00e9er la surprise dans la derni\u00e8re ligne droite et \u00eatre nomm\u00e9 D\u00e9fenseur des Droits","breadcrumb":{"@id":"https:\/\/www.geopolitics.fr\/2026\/04\/30\/le-senateur-buffet-futur-defenseur-des-droits\/#breadcrumb"},"inLanguage":"en-GB","potentialAction":[{"@type":"ReadAction","target":["https:\/\/www.geopolitics.fr\/2026\/04\/30\/le-senateur-buffet-futur-defenseur-des-droits\/"]}]},{"@type":"ImageObject","inLanguage":"en-GB","@id":"https:\/\/www.geopolitics.fr\/2026\/04\/30\/le-senateur-buffet-futur-defenseur-des-droits\/#primaryimage","url":"https:\/\/www.geopolitics.fr\/wp-content\/uploads\/2026\/04\/BUFFET-BON.jpg","contentUrl":"https:\/\/www.geopolitics.fr\/wp-content\/uploads\/2026\/04\/BUFFET-BON.jpg","width":872,"height":1087},{"@type":"BreadcrumbList","@id":"https:\/\/www.geopolitics.fr\/2026\/04\/30\/le-senateur-buffet-futur-defenseur-des-droits\/#breadcrumb","itemListElement":[{"@type":"ListItem","position":1,"name":"Accueil","item":"https:\/\/www.geopolitics.fr\/"},{"@type":"ListItem","position":2,"name":"Le S\u00e9nateur Buffet, futur D\u00e9fenseur des Droits ?"}]},{"@type":"WebSite","@id":"https:\/\/www.geopolitics.fr\/#website","url":"https:\/\/www.geopolitics.fr\/","name":"Geopolitics.fr","description":"Geopolitics.fr Analyse politique, relations internationales, d\u00e9fense - ligne \u00e9ditoriale gaullo-chiraquienne","publisher":{"@id":"https:\/\/www.geopolitics.fr\/#organization"},"potentialAction":[{"@type":"SearchAction","target":{"@type":"EntryPoint","urlTemplate":"https:\/\/www.geopolitics.fr\/?s={search_term_string}"},"query-input":{"@type":"PropertyValueSpecification","valueRequired":true,"valueName":"search_term_string"}}],"inLanguage":"en-GB"},{"@type":"Organization","@id":"https:\/\/www.geopolitics.fr\/#organization","name":"Geopolitics.fr","url":"https:\/\/www.geopolitics.fr\/","logo":{"@type":"ImageObject","inLanguage":"en-GB","@id":"https:\/\/www.geopolitics.fr\/#\/schema\/logo\/image\/","url":"https:\/\/www.geopolitics.fr\/wp-content\/uploads\/2024\/01\/logo.jpg","contentUrl":"https:\/\/www.geopolitics.fr\/wp-content\/uploads\/2024\/01\/logo.jpg","width":500,"height":500,"caption":"Geopolitics.fr"},"image":{"@id":"https:\/\/www.geopolitics.fr\/#\/schema\/logo\/image\/"},"sameAs":["https:\/\/www.facebook.com\/people\/Erwan-Davoux\/61557098968092\/","https:\/\/x.com\/Geopolitics_Fr"]},{"@type":"Person","@id":"https:\/\/www.geopolitics.fr\/#\/schema\/person\/69dde260ad11805e2aa68f0d9e9128da","name":"contact@geopolitics.fr","image":{"@type":"ImageObject","inLanguage":"en-GB","@id":"https:\/\/www.geopolitics.fr\/wp-content\/uploads\/2024\/01\/edito-bonne-banniere-96x96.jpg","url":"https:\/\/www.geopolitics.fr\/wp-content\/uploads\/2024\/01\/edito-bonne-banniere-96x96.jpg","contentUrl":"https:\/\/www.geopolitics.fr\/wp-content\/uploads\/2024\/01\/edito-bonne-banniere-96x96.jpg","caption":"contact@geopolitics.fr"},"url":"https:\/\/www.geopolitics.fr\/en\/author\/contactgeopolitics-fr\/"}]}},"_links":{"self":[{"href":"https:\/\/www.geopolitics.fr\/en\/wp-json\/wp\/v2\/posts\/4079","targetHints":{"allow":["GET"]}}],"collection":[{"href":"https:\/\/www.geopolitics.fr\/en\/wp-json\/wp\/v2\/posts"}],"about":[{"href":"https:\/\/www.geopolitics.fr\/en\/wp-json\/wp\/v2\/types\/post"}],"author":[{"embeddable":true,"href":"https:\/\/www.geopolitics.fr\/en\/wp-json\/wp\/v2\/users\/9"}],"replies":[{"embeddable":true,"href":"https:\/\/www.geopolitics.fr\/en\/wp-json\/wp\/v2\/comments?post=4079"}],"version-history":[{"count":0,"href":"https:\/\/www.geopolitics.fr\/en\/wp-json\/wp\/v2\/posts\/4079\/revisions"}],"wp:featuredmedia":[{"embeddable":true,"href":"https:\/\/www.geopolitics.fr\/en\/wp-json\/wp\/v2\/media\/4083"}],"wp:attachment":[{"href":"https:\/\/www.geopolitics.fr\/en\/wp-json\/wp\/v2\/media?parent=4079"}],"wp:term":[{"taxonomy":"category","embeddable":true,"href":"https:\/\/www.geopolitics.fr\/en\/wp-json\/wp\/v2\/categories?post=4079"},{"taxonomy":"post_tag","embeddable":true,"href":"https:\/\/www.geopolitics.fr\/en\/wp-json\/wp\/v2\/tags?post=4079"}],"curies":[{"name":"wp","href":"https:\/\/api.w.org\/{rel}","templated":true}]}}