{"id":4076,"date":"2026-04-30T08:50:14","date_gmt":"2026-04-30T06:50:14","guid":{"rendered":"https:\/\/www.geopolitics.fr\/?p=4076"},"modified":"2026-04-30T08:50:16","modified_gmt":"2026-04-30T06:50:16","slug":"piney-nomme-a-marseille-un-retour-aux-commandes-dans-une-zone-sous-tension","status":"publish","type":"post","link":"https:\/\/www.geopolitics.fr\/en\/2026\/04\/30\/piney-nomme-a-marseille-un-retour-aux-commandes-dans-une-zone-sous-tension\/","title":{"rendered":"Piney nomm\u00e9 \u00e0 Marseille : un retour aux commandes dans une zone sous tension"},"content":{"rendered":"<p class=\"has-medium-font-size wp-block-paragraph\">Changement strat\u00e9gique \u00e0 la t\u00eate des services p\u00e9nitentiaires de Marseille : Guillaume Piney est nomm\u00e9 directeur interr\u00e9gional, apr\u00e8s avoir dirig\u00e9 Dijon. Ancien chef d\u2019\u00e9tablissement \u00e0 Marseille et \u00e0 Grasse, pass\u00e9 par l\u2019administration centrale, il conna\u00eet parfaitement les enjeux locaux. Il succ\u00e8de \u00e0 Thierry Alves, en poste depuis 2019.<\/p>\n\n\n\n<p class=\"has-medium-font-size wp-block-paragraph\">\u00c0 la t\u00eate d\u2019un p\u00e9rim\u00e8tre couvrant PACA et la Corse, quatre cours d\u2019appel, 16 \u00e9tablissements p\u00e9nitentiaires et 8 Services P\u00e9nitentiaires d&rsquo;Insertion et de Probation (SPIP), il prend les r\u00eanes d\u2019un territoire sous forte pression, marqu\u00e9 par la surpopulation carc\u00e9rale, des enjeux s\u00e9curitaires majeurs et la narcotrafic. Son retour \u00e0 Marseille, o\u00f9 il a d\u00e9j\u00e0 exerc\u00e9, est per\u00e7u comme un choix de continuit\u00e9 et d\u2019exp\u00e9rience pour piloter un syst\u00e8me p\u00e9nitentiaire particuli\u00e8rement expos\u00e9.<\/p>","protected":false},"excerpt":{"rendered":"<p>Changement strat\u00e9gique \u00e0 la t\u00eate des services p\u00e9nitentiaires de Marseille : Guillaume Piney est nomm\u00e9 directeur interr\u00e9gional, apr\u00e8s avoir dirig\u00e9 Dijon. Ancien&hellip;<\/p>","protected":false},"author":9,"featured_media":4077,"comment_status":"closed","ping_status":"closed","sticky":false,"template":"","format":"standard","meta":{"_lmt_disableupdate":"","_lmt_disable":"","footnotes":""},"categories":[631,605,606,627],"tags":[224,651],"class_list":["post-4076","post","type-post","status-publish","format-standard","has-post-thumbnail","hentry","category-breves","category-france","category-local-13","category-police-justice-local-13","tag-marseille","tag-penitentiaire"],"yoast_head":"<!-- This site is optimized with the Yoast SEO Premium plugin v28.1 (Yoast SEO v28.1) - https:\/\/yoast.com\/product\/yoast-seo-premium-wordpress\/ -->\n<title>Piney nomm\u00e9 \u00e0 Marseille : un retour aux commandes dans une zone sous tension | Geopolitics.fr<\/title>\n<meta name=\"description\" content=\"Changement strat\u00e9gique \u00e0 la t\u00eate des services p\u00e9nitentiaires de Marseille : Guillaume Piney est nomm\u00e9 directeur interr\u00e9gional.\" \/>\n<meta name=\"robots\" content=\"index, follow, max-snippet:-1, max-image-preview:large, max-video-preview:-1\" \/>\n<link rel=\"canonical\" href=\"https:\/\/www.geopolitics.fr\/en\/2026\/04\/30\/piney-nomme-a-marseille-un-retour-aux-commandes-dans-une-zone-sous-tension\/\" \/>\n<meta property=\"og:locale\" content=\"en_GB\" \/>\n<meta property=\"og:type\" content=\"article\" \/>\n<meta property=\"og:title\" content=\"Piney nomm\u00e9 \u00e0 Marseille : un retour aux commandes dans une zone sous tension\" \/>\n<meta property=\"og:description\" content=\"Changement strat\u00e9gique \u00e0 la t\u00eate des services p\u00e9nitentiaires de Marseille : Guillaume Piney est nomm\u00e9 directeur interr\u00e9gional.\" \/>\n<meta property=\"og:url\" content=\"https:\/\/www.geopolitics.fr\/en\/2026\/04\/30\/piney-nomme-a-marseille-un-retour-aux-commandes-dans-une-zone-sous-tension\/\" \/>\n<meta property=\"og:site_name\" content=\"Geopolitics.fr\" \/>\n<meta property=\"article:publisher\" content=\"https:\/\/www.facebook.com\/people\/Erwan-Davoux\/61557098968092\/\" \/>\n<meta property=\"article:published_time\" content=\"2026-04-30T06:50:14+00:00\" \/>\n<meta property=\"article:modified_time\" content=\"2026-04-30T06:50:16+00:00\" \/>\n<meta property=\"og:image\" content=\"https:\/\/www.geopolitics.fr\/wp-content\/uploads\/2026\/04\/porte-prison.jpg\" \/>\n\t<meta property=\"og:image:width\" content=\"1920\" \/>\n\t<meta property=\"og:image:height\" content=\"1220\" \/>\n\t<meta property=\"og:image:type\" content=\"image\/jpeg\" \/>\n<meta name=\"author\" content=\"contact@geopolitics.fr\" \/>\n<meta name=\"twitter:card\" content=\"summary_large_image\" \/>\n<meta name=\"twitter:creator\" content=\"@Geopolitics_Fr\" \/>\n<meta name=\"twitter:site\" content=\"@Geopolitics_Fr\" \/>\n<meta name=\"twitter:label1\" content=\"Written by\" \/>\n\t<meta name=\"twitter:data1\" content=\"contact@geopolitics.fr\" \/>\n\t<meta name=\"twitter:label2\" content=\"Estimated reading time\" \/>\n\t<meta name=\"twitter:data2\" content=\"1 minute\" \/>\n<script type=\"application\/ld+json\" class=\"yoast-schema-graph\">{\"@context\":\"https:\\\/\\\/schema.org\",\"@graph\":[{\"@type\":\"Article\",\"@id\":\"https:\\\/\\\/www.geopolitics.fr\\\/2026\\\/04\\\/30\\\/piney-nomme-a-marseille-un-retour-aux-commandes-dans-une-zone-sous-tension\\\/#article\",\"isPartOf\":{\"@id\":\"https:\\\/\\\/www.geopolitics.fr\\\/2026\\\/04\\\/30\\\/piney-nomme-a-marseille-un-retour-aux-commandes-dans-une-zone-sous-tension\\\/\"},\"author\":{\"name\":\"contact@geopolitics.fr\",\"@id\":\"https:\\\/\\\/www.geopolitics.fr\\\/#\\\/schema\\\/person\\\/69dde260ad11805e2aa68f0d9e9128da\"},\"headline\":\"Piney nomm\u00e9 \u00e0 Marseille : un retour aux commandes dans une zone sous tension\",\"datePublished\":\"2026-04-30T06:50:14+00:00\",\"dateModified\":\"2026-04-30T06:50:16+00:00\",\"mainEntityOfPage\":{\"@id\":\"https:\\\/\\\/www.geopolitics.fr\\\/2026\\\/04\\\/30\\\/piney-nomme-a-marseille-un-retour-aux-commandes-dans-une-zone-sous-tension\\\/\"},\"wordCount\":149,\"publisher\":{\"@id\":\"https:\\\/\\\/www.geopolitics.fr\\\/#organization\"},\"image\":{\"@id\":\"https:\\\/\\\/www.geopolitics.fr\\\/2026\\\/04\\\/30\\\/piney-nomme-a-marseille-un-retour-aux-commandes-dans-une-zone-sous-tension\\\/#primaryimage\"},\"thumbnailUrl\":\"https:\\\/\\\/www.geopolitics.fr\\\/wp-content\\\/uploads\\\/2026\\\/04\\\/porte-prison.jpg\",\"keywords\":[\"MARSEILLE\",\"p\u00e9nitentiaire\"],\"articleSection\":[\"br\u00e8ves\",\"FRANCE\",\"LOCAL (13)\",\"police justice\"],\"inLanguage\":\"en-GB\"},{\"@type\":\"WebPage\",\"@id\":\"https:\\\/\\\/www.geopolitics.fr\\\/2026\\\/04\\\/30\\\/piney-nomme-a-marseille-un-retour-aux-commandes-dans-une-zone-sous-tension\\\/\",\"url\":\"https:\\\/\\\/www.geopolitics.fr\\\/2026\\\/04\\\/30\\\/piney-nomme-a-marseille-un-retour-aux-commandes-dans-une-zone-sous-tension\\\/\",\"name\":\"Piney nomm\u00e9 \u00e0 Marseille : un retour aux commandes dans une zone sous tension | Geopolitics.fr\",\"isPartOf\":{\"@id\":\"https:\\\/\\\/www.geopolitics.fr\\\/#website\"},\"primaryImageOfPage\":{\"@id\":\"https:\\\/\\\/www.geopolitics.fr\\\/2026\\\/04\\\/30\\\/piney-nomme-a-marseille-un-retour-aux-commandes-dans-une-zone-sous-tension\\\/#primaryimage\"},\"image\":{\"@id\":\"https:\\\/\\\/www.geopolitics.fr\\\/2026\\\/04\\\/30\\\/piney-nomme-a-marseille-un-retour-aux-commandes-dans-une-zone-sous-tension\\\/#primaryimage\"},\"thumbnailUrl\":\"https:\\\/\\\/www.geopolitics.fr\\\/wp-content\\\/uploads\\\/2026\\\/04\\\/porte-prison.jpg\",\"datePublished\":\"2026-04-30T06:50:14+00:00\",\"dateModified\":\"2026-04-30T06:50:16+00:00\",\"description\":\"Changement strat\u00e9gique \u00e0 la t\u00eate des services p\u00e9nitentiaires de Marseille : Guillaume Piney est nomm\u00e9 directeur interr\u00e9gional.\",\"breadcrumb\":{\"@id\":\"https:\\\/\\\/www.geopolitics.fr\\\/2026\\\/04\\\/30\\\/piney-nomme-a-marseille-un-retour-aux-commandes-dans-une-zone-sous-tension\\\/#breadcrumb\"},\"inLanguage\":\"en-GB\",\"potentialAction\":[{\"@type\":\"ReadAction\",\"target\":[\"https:\\\/\\\/www.geopolitics.fr\\\/2026\\\/04\\\/30\\\/piney-nomme-a-marseille-un-retour-aux-commandes-dans-une-zone-sous-tension\\\/\"]}]},{\"@type\":\"ImageObject\",\"inLanguage\":\"en-GB\",\"@id\":\"https:\\\/\\\/www.geopolitics.fr\\\/2026\\\/04\\\/30\\\/piney-nomme-a-marseille-un-retour-aux-commandes-dans-une-zone-sous-tension\\\/#primaryimage\",\"url\":\"https:\\\/\\\/www.geopolitics.fr\\\/wp-content\\\/uploads\\\/2026\\\/04\\\/porte-prison.jpg\",\"contentUrl\":\"https:\\\/\\\/www.geopolitics.fr\\\/wp-content\\\/uploads\\\/2026\\\/04\\\/porte-prison.jpg\",\"width\":1920,\"height\":1220,\"caption\":\"Entrance gate to prison with gaurds\"},{\"@type\":\"BreadcrumbList\",\"@id\":\"https:\\\/\\\/www.geopolitics.fr\\\/2026\\\/04\\\/30\\\/piney-nomme-a-marseille-un-retour-aux-commandes-dans-une-zone-sous-tension\\\/#breadcrumb\",\"itemListElement\":[{\"@type\":\"ListItem\",\"position\":1,\"name\":\"Accueil\",\"item\":\"https:\\\/\\\/www.geopolitics.fr\\\/\"},{\"@type\":\"ListItem\",\"position\":2,\"name\":\"Piney nomm\u00e9 \u00e0 Marseille : un retour aux commandes dans une zone sous tension\"}]},{\"@type\":\"WebSite\",\"@id\":\"https:\\\/\\\/www.geopolitics.fr\\\/#website\",\"url\":\"https:\\\/\\\/www.geopolitics.fr\\\/\",\"name\":\"Geopolitics.fr\",\"description\":\"Geopolitics.fr Analyse politique, relations internationales, d\u00e9fense - ligne \u00e9ditoriale gaullo-chiraquienne\",\"publisher\":{\"@id\":\"https:\\\/\\\/www.geopolitics.fr\\\/#organization\"},\"potentialAction\":[{\"@type\":\"SearchAction\",\"target\":{\"@type\":\"EntryPoint\",\"urlTemplate\":\"https:\\\/\\\/www.geopolitics.fr\\\/?s={search_term_string}\"},\"query-input\":{\"@type\":\"PropertyValueSpecification\",\"valueRequired\":true,\"valueName\":\"search_term_string\"}}],\"inLanguage\":\"en-GB\"},{\"@type\":\"Organization\",\"@id\":\"https:\\\/\\\/www.geopolitics.fr\\\/#organization\",\"name\":\"Geopolitics.fr\",\"url\":\"https:\\\/\\\/www.geopolitics.fr\\\/\",\"logo\":{\"@type\":\"ImageObject\",\"inLanguage\":\"en-GB\",\"@id\":\"https:\\\/\\\/www.geopolitics.fr\\\/#\\\/schema\\\/logo\\\/image\\\/\",\"url\":\"https:\\\/\\\/www.geopolitics.fr\\\/wp-content\\\/uploads\\\/2024\\\/01\\\/logo.jpg\",\"contentUrl\":\"https:\\\/\\\/www.geopolitics.fr\\\/wp-content\\\/uploads\\\/2024\\\/01\\\/logo.jpg\",\"width\":500,\"height\":500,\"caption\":\"Geopolitics.fr\"},\"image\":{\"@id\":\"https:\\\/\\\/www.geopolitics.fr\\\/#\\\/schema\\\/logo\\\/image\\\/\"},\"sameAs\":[\"https:\\\/\\\/www.facebook.com\\\/people\\\/Erwan-Davoux\\\/61557098968092\\\/\",\"https:\\\/\\\/x.com\\\/Geopolitics_Fr\"]},{\"@type\":\"Person\",\"@id\":\"https:\\\/\\\/www.geopolitics.fr\\\/#\\\/schema\\\/person\\\/69dde260ad11805e2aa68f0d9e9128da\",\"name\":\"contact@geopolitics.fr\",\"image\":{\"@type\":\"ImageObject\",\"inLanguage\":\"en-GB\",\"@id\":\"https:\\\/\\\/www.geopolitics.fr\\\/wp-content\\\/uploads\\\/2024\\\/01\\\/edito-bonne-banniere-96x96.jpg\",\"url\":\"https:\\\/\\\/www.geopolitics.fr\\\/wp-content\\\/uploads\\\/2024\\\/01\\\/edito-bonne-banniere-96x96.jpg\",\"contentUrl\":\"https:\\\/\\\/www.geopolitics.fr\\\/wp-content\\\/uploads\\\/2024\\\/01\\\/edito-bonne-banniere-96x96.jpg\",\"caption\":\"contact@geopolitics.fr\"},\"url\":\"https:\\\/\\\/www.geopolitics.fr\\\/en\\\/author\\\/contactgeopolitics-fr\\\/\"}]}<\/script>\n<!-- \/ Yoast SEO Premium plugin. -->","yoast_head_json":{"title":"Piney nomm\u00e9 \u00e0 Marseille : un retour aux commandes dans une zone sous tension | Geopolitics.fr","description":"Changement strat\u00e9gique \u00e0 la t\u00eate des services p\u00e9nitentiaires de Marseille : Guillaume Piney est nomm\u00e9 directeur interr\u00e9gional.","robots":{"index":"index","follow":"follow","max-snippet":"max-snippet:-1","max-image-preview":"max-image-preview:large","max-video-preview":"max-video-preview:-1"},"canonical":"https:\/\/www.geopolitics.fr\/en\/2026\/04\/30\/piney-nomme-a-marseille-un-retour-aux-commandes-dans-une-zone-sous-tension\/","og_locale":"en_GB","og_type":"article","og_title":"Piney nomm\u00e9 \u00e0 Marseille : un retour aux commandes dans une zone sous tension","og_description":"Changement strat\u00e9gique \u00e0 la t\u00eate des services p\u00e9nitentiaires de Marseille : Guillaume Piney est nomm\u00e9 directeur interr\u00e9gional.","og_url":"https:\/\/www.geopolitics.fr\/en\/2026\/04\/30\/piney-nomme-a-marseille-un-retour-aux-commandes-dans-une-zone-sous-tension\/","og_site_name":"Geopolitics.fr","article_publisher":"https:\/\/www.facebook.com\/people\/Erwan-Davoux\/61557098968092\/","article_published_time":"2026-04-30T06:50:14+00:00","article_modified_time":"2026-04-30T06:50:16+00:00","og_image":[{"width":1920,"height":1220,"url":"https:\/\/www.geopolitics.fr\/wp-content\/uploads\/2026\/04\/porte-prison.jpg","type":"image\/jpeg"}],"author":"contact@geopolitics.fr","twitter_card":"summary_large_image","twitter_creator":"@Geopolitics_Fr","twitter_site":"@Geopolitics_Fr","twitter_misc":{"Written by":"contact@geopolitics.fr","Estimated reading time":"1 minute"},"schema":{"@context":"https:\/\/schema.org","@graph":[{"@type":"Article","@id":"https:\/\/www.geopolitics.fr\/2026\/04\/30\/piney-nomme-a-marseille-un-retour-aux-commandes-dans-une-zone-sous-tension\/#article","isPartOf":{"@id":"https:\/\/www.geopolitics.fr\/2026\/04\/30\/piney-nomme-a-marseille-un-retour-aux-commandes-dans-une-zone-sous-tension\/"},"author":{"name":"contact@geopolitics.fr","@id":"https:\/\/www.geopolitics.fr\/#\/schema\/person\/69dde260ad11805e2aa68f0d9e9128da"},"headline":"Piney nomm\u00e9 \u00e0 Marseille : un retour aux commandes dans une zone sous tension","datePublished":"2026-04-30T06:50:14+00:00","dateModified":"2026-04-30T06:50:16+00:00","mainEntityOfPage":{"@id":"https:\/\/www.geopolitics.fr\/2026\/04\/30\/piney-nomme-a-marseille-un-retour-aux-commandes-dans-une-zone-sous-tension\/"},"wordCount":149,"publisher":{"@id":"https:\/\/www.geopolitics.fr\/#organization"},"image":{"@id":"https:\/\/www.geopolitics.fr\/2026\/04\/30\/piney-nomme-a-marseille-un-retour-aux-commandes-dans-une-zone-sous-tension\/#primaryimage"},"thumbnailUrl":"https:\/\/www.geopolitics.fr\/wp-content\/uploads\/2026\/04\/porte-prison.jpg","keywords":["MARSEILLE","p\u00e9nitentiaire"],"articleSection":["br\u00e8ves","FRANCE","LOCAL (13)","police justice"],"inLanguage":"en-GB"},{"@type":"WebPage","@id":"https:\/\/www.geopolitics.fr\/2026\/04\/30\/piney-nomme-a-marseille-un-retour-aux-commandes-dans-une-zone-sous-tension\/","url":"https:\/\/www.geopolitics.fr\/2026\/04\/30\/piney-nomme-a-marseille-un-retour-aux-commandes-dans-une-zone-sous-tension\/","name":"Piney nomm\u00e9 \u00e0 Marseille : un retour aux commandes dans une zone sous tension | Geopolitics.fr","isPartOf":{"@id":"https:\/\/www.geopolitics.fr\/#website"},"primaryImageOfPage":{"@id":"https:\/\/www.geopolitics.fr\/2026\/04\/30\/piney-nomme-a-marseille-un-retour-aux-commandes-dans-une-zone-sous-tension\/#primaryimage"},"image":{"@id":"https:\/\/www.geopolitics.fr\/2026\/04\/30\/piney-nomme-a-marseille-un-retour-aux-commandes-dans-une-zone-sous-tension\/#primaryimage"},"thumbnailUrl":"https:\/\/www.geopolitics.fr\/wp-content\/uploads\/2026\/04\/porte-prison.jpg","datePublished":"2026-04-30T06:50:14+00:00","dateModified":"2026-04-30T06:50:16+00:00","description":"Changement strat\u00e9gique \u00e0 la t\u00eate des services p\u00e9nitentiaires de Marseille : Guillaume Piney est nomm\u00e9 directeur interr\u00e9gional.","breadcrumb":{"@id":"https:\/\/www.geopolitics.fr\/2026\/04\/30\/piney-nomme-a-marseille-un-retour-aux-commandes-dans-une-zone-sous-tension\/#breadcrumb"},"inLanguage":"en-GB","potentialAction":[{"@type":"ReadAction","target":["https:\/\/www.geopolitics.fr\/2026\/04\/30\/piney-nomme-a-marseille-un-retour-aux-commandes-dans-une-zone-sous-tension\/"]}]},{"@type":"ImageObject","inLanguage":"en-GB","@id":"https:\/\/www.geopolitics.fr\/2026\/04\/30\/piney-nomme-a-marseille-un-retour-aux-commandes-dans-une-zone-sous-tension\/#primaryimage","url":"https:\/\/www.geopolitics.fr\/wp-content\/uploads\/2026\/04\/porte-prison.jpg","contentUrl":"https:\/\/www.geopolitics.fr\/wp-content\/uploads\/2026\/04\/porte-prison.jpg","width":1920,"height":1220,"caption":"Entrance gate to prison with gaurds"},{"@type":"BreadcrumbList","@id":"https:\/\/www.geopolitics.fr\/2026\/04\/30\/piney-nomme-a-marseille-un-retour-aux-commandes-dans-une-zone-sous-tension\/#breadcrumb","itemListElement":[{"@type":"ListItem","position":1,"name":"Accueil","item":"https:\/\/www.geopolitics.fr\/"},{"@type":"ListItem","position":2,"name":"Piney nomm\u00e9 \u00e0 Marseille : un retour aux commandes dans une zone sous tension"}]},{"@type":"WebSite","@id":"https:\/\/www.geopolitics.fr\/#website","url":"https:\/\/www.geopolitics.fr\/","name":"Geopolitics.fr","description":"Geopolitics.fr Analyse politique, relations internationales, d\u00e9fense - ligne \u00e9ditoriale gaullo-chiraquienne","publisher":{"@id":"https:\/\/www.geopolitics.fr\/#organization"},"potentialAction":[{"@type":"SearchAction","target":{"@type":"EntryPoint","urlTemplate":"https:\/\/www.geopolitics.fr\/?s={search_term_string}"},"query-input":{"@type":"PropertyValueSpecification","valueRequired":true,"valueName":"search_term_string"}}],"inLanguage":"en-GB"},{"@type":"Organization","@id":"https:\/\/www.geopolitics.fr\/#organization","name":"Geopolitics.fr","url":"https:\/\/www.geopolitics.fr\/","logo":{"@type":"ImageObject","inLanguage":"en-GB","@id":"https:\/\/www.geopolitics.fr\/#\/schema\/logo\/image\/","url":"https:\/\/www.geopolitics.fr\/wp-content\/uploads\/2024\/01\/logo.jpg","contentUrl":"https:\/\/www.geopolitics.fr\/wp-content\/uploads\/2024\/01\/logo.jpg","width":500,"height":500,"caption":"Geopolitics.fr"},"image":{"@id":"https:\/\/www.geopolitics.fr\/#\/schema\/logo\/image\/"},"sameAs":["https:\/\/www.facebook.com\/people\/Erwan-Davoux\/61557098968092\/","https:\/\/x.com\/Geopolitics_Fr"]},{"@type":"Person","@id":"https:\/\/www.geopolitics.fr\/#\/schema\/person\/69dde260ad11805e2aa68f0d9e9128da","name":"contact@geopolitics.fr","image":{"@type":"ImageObject","inLanguage":"en-GB","@id":"https:\/\/www.geopolitics.fr\/wp-content\/uploads\/2024\/01\/edito-bonne-banniere-96x96.jpg","url":"https:\/\/www.geopolitics.fr\/wp-content\/uploads\/2024\/01\/edito-bonne-banniere-96x96.jpg","contentUrl":"https:\/\/www.geopolitics.fr\/wp-content\/uploads\/2024\/01\/edito-bonne-banniere-96x96.jpg","caption":"contact@geopolitics.fr"},"url":"https:\/\/www.geopolitics.fr\/en\/author\/contactgeopolitics-fr\/"}]}},"_links":{"self":[{"href":"https:\/\/www.geopolitics.fr\/en\/wp-json\/wp\/v2\/posts\/4076","targetHints":{"allow":["GET"]}}],"collection":[{"href":"https:\/\/www.geopolitics.fr\/en\/wp-json\/wp\/v2\/posts"}],"about":[{"href":"https:\/\/www.geopolitics.fr\/en\/wp-json\/wp\/v2\/types\/post"}],"author":[{"embeddable":true,"href":"https:\/\/www.geopolitics.fr\/en\/wp-json\/wp\/v2\/users\/9"}],"replies":[{"embeddable":true,"href":"https:\/\/www.geopolitics.fr\/en\/wp-json\/wp\/v2\/comments?post=4076"}],"version-history":[{"count":0,"href":"https:\/\/www.geopolitics.fr\/en\/wp-json\/wp\/v2\/posts\/4076\/revisions"}],"wp:featuredmedia":[{"embeddable":true,"href":"https:\/\/www.geopolitics.fr\/en\/wp-json\/wp\/v2\/media\/4077"}],"wp:attachment":[{"href":"https:\/\/www.geopolitics.fr\/en\/wp-json\/wp\/v2\/media?parent=4076"}],"wp:term":[{"taxonomy":"category","embeddable":true,"href":"https:\/\/www.geopolitics.fr\/en\/wp-json\/wp\/v2\/categories?post=4076"},{"taxonomy":"post_tag","embeddable":true,"href":"https:\/\/www.geopolitics.fr\/en\/wp-json\/wp\/v2\/tags?post=4076"}],"curies":[{"name":"wp","href":"https:\/\/api.w.org\/{rel}","templated":true}]}}