{"id":4073,"date":"2026-04-30T08:12:14","date_gmt":"2026-04-30T06:12:14","guid":{"rendered":"https:\/\/www.geopolitics.fr\/?p=4073"},"modified":"2026-05-02T09:33:16","modified_gmt":"2026-05-02T07:33:16","slug":"larcher-refuse-la-commission-denquete-epstein-au-senat","status":"publish","type":"post","link":"https:\/\/www.geopolitics.fr\/en\/2026\/04\/30\/larcher-refuse-la-commission-denquete-epstein-au-senat\/","title":{"rendered":"Larcher refuse la commission d\u2019enqu\u00eate Epstein au S\u00e9nat"},"content":{"rendered":"<p class=\"has-medium-font-size wp-block-paragraph\">Saisie par 17 s\u00e9nateurs de la majorit\u00e9 pour faire la lumi\u00e8re sur les ramifications de l\u2019affaire Epstein, la demande de commission d\u2019enqu\u00eate parlementaire a \u00e9t\u00e9 rejet\u00e9e par G\u00e9rard Larcher, dans la ligne de Ya\u00ebl Braun-Pivet. Un coup d\u2019arr\u00eat net qui suscite des interrogations au Palais du Luxembourg : pourquoi refuser un outil de contr\u00f4le parlementaire sur un dossier qui a \u00e9branl\u00e9 l\u2019opinion mondiale ? Entre prudence institutionnelle et soup\u00e7ons d\u2019opacit\u00e9, la d\u00e9cision ne passe pas inaper\u00e7ue.<br>Plusieurs \u00e9lus pointent un signal politique troublant, alors m\u00eame que des courriers et \u00e9l\u00e9ments avaient commenc\u00e9 \u00e0 circuler au sein de la Haute Assembl\u00e9e. En creux, la question demeure : le Parlement doit-il se saisir pleinement de telles affaires ou s\u2019en remettre \u00e0 d\u2019autres canaux ?<\/p>\n\n\n\n<p class=\"wp-block-paragraph\"><\/p>","protected":false},"excerpt":{"rendered":"<p>Saisie par 17 s\u00e9nateurs de la majorit\u00e9 pour faire la lumi\u00e8re sur les ramifications de l\u2019affaire Epstein, la demande de commission d\u2019enqu\u00eate&hellip;<\/p>","protected":false},"author":9,"featured_media":4074,"comment_status":"closed","ping_status":"closed","sticky":false,"template":"","format":"standard","meta":{"_lmt_disableupdate":"","_lmt_disable":"","footnotes":""},"categories":[633,605,617,634],"tags":[650,139,190],"class_list":["post-4073","post","type-post","status-publish","format-standard","has-post-thumbnail","hentry","category-breves-france","category-france","category-politique-france","category-top-secret-france","tag-larcher","tag-politique","tag-senat"],"yoast_head":"<!-- This site is optimized with the Yoast SEO Premium plugin v28.1 (Yoast SEO v28.1) - https:\/\/yoast.com\/product\/yoast-seo-premium-wordpress\/ -->\n<title>Larcher refuse la commission d\u2019enqu\u00eate Epstein au S\u00e9nat | Geopolitics.fr<\/title>\n<meta name=\"description\" content=\"La demande de commission d\u2019enqu\u00eate parlementaire a \u00e9t\u00e9 rejet\u00e9e par G\u00e9rard Larcher, dans la ligne de Ya\u00ebl Braun-Pivet\" \/>\n<meta name=\"robots\" content=\"index, follow, max-snippet:-1, max-image-preview:large, max-video-preview:-1\" \/>\n<link rel=\"canonical\" href=\"https:\/\/www.geopolitics.fr\/en\/2026\/04\/30\/larcher-refuse-la-commission-denquete-epstein-au-senat\/\" \/>\n<meta property=\"og:locale\" content=\"en_GB\" \/>\n<meta property=\"og:type\" content=\"article\" \/>\n<meta property=\"og:title\" content=\"Larcher refuse la commission d\u2019enqu\u00eate Epstein au S\u00e9nat\" \/>\n<meta property=\"og:description\" content=\"La demande de commission d\u2019enqu\u00eate parlementaire a \u00e9t\u00e9 rejet\u00e9e par G\u00e9rard Larcher, dans la ligne de Ya\u00ebl Braun-Pivet\" \/>\n<meta property=\"og:url\" content=\"https:\/\/www.geopolitics.fr\/en\/2026\/04\/30\/larcher-refuse-la-commission-denquete-epstein-au-senat\/\" \/>\n<meta property=\"og:site_name\" content=\"Geopolitics.fr\" \/>\n<meta property=\"article:publisher\" content=\"https:\/\/www.facebook.com\/people\/Erwan-Davoux\/61557098968092\/\" \/>\n<meta property=\"article:published_time\" content=\"2026-04-30T06:12:14+00:00\" \/>\n<meta property=\"article:modified_time\" content=\"2026-05-02T07:33:16+00:00\" \/>\n<meta property=\"og:image\" content=\"https:\/\/www.geopolitics.fr\/wp-content\/uploads\/2026\/04\/SENAT.jpg\" \/>\n\t<meta property=\"og:image:width\" content=\"1920\" \/>\n\t<meta property=\"og:image:height\" content=\"1284\" \/>\n\t<meta property=\"og:image:type\" content=\"image\/jpeg\" \/>\n<meta name=\"author\" content=\"contact@geopolitics.fr\" \/>\n<meta name=\"twitter:card\" content=\"summary_large_image\" \/>\n<meta name=\"twitter:creator\" content=\"@Geopolitics_Fr\" \/>\n<meta name=\"twitter:site\" content=\"@Geopolitics_Fr\" \/>\n<meta name=\"twitter:label1\" content=\"Written by\" \/>\n\t<meta name=\"twitter:data1\" content=\"contact@geopolitics.fr\" \/>\n\t<meta name=\"twitter:label2\" content=\"Estimated reading time\" \/>\n\t<meta name=\"twitter:data2\" content=\"1 minute\" \/>\n<script type=\"application\/ld+json\" class=\"yoast-schema-graph\">{\"@context\":\"https:\\\/\\\/schema.org\",\"@graph\":[{\"@type\":\"Article\",\"@id\":\"https:\\\/\\\/www.geopolitics.fr\\\/2026\\\/04\\\/30\\\/larcher-refuse-la-commission-denquete-epstein-au-senat\\\/#article\",\"isPartOf\":{\"@id\":\"https:\\\/\\\/www.geopolitics.fr\\\/2026\\\/04\\\/30\\\/larcher-refuse-la-commission-denquete-epstein-au-senat\\\/\"},\"author\":{\"name\":\"contact@geopolitics.fr\",\"@id\":\"https:\\\/\\\/www.geopolitics.fr\\\/#\\\/schema\\\/person\\\/69dde260ad11805e2aa68f0d9e9128da\"},\"headline\":\"Larcher refuse la commission d\u2019enqu\u00eate Epstein au S\u00e9nat\",\"datePublished\":\"2026-04-30T06:12:14+00:00\",\"dateModified\":\"2026-05-02T07:33:16+00:00\",\"mainEntityOfPage\":{\"@id\":\"https:\\\/\\\/www.geopolitics.fr\\\/2026\\\/04\\\/30\\\/larcher-refuse-la-commission-denquete-epstein-au-senat\\\/\"},\"wordCount\":147,\"publisher\":{\"@id\":\"https:\\\/\\\/www.geopolitics.fr\\\/#organization\"},\"image\":{\"@id\":\"https:\\\/\\\/www.geopolitics.fr\\\/2026\\\/04\\\/30\\\/larcher-refuse-la-commission-denquete-epstein-au-senat\\\/#primaryimage\"},\"thumbnailUrl\":\"https:\\\/\\\/www.geopolitics.fr\\\/wp-content\\\/uploads\\\/2026\\\/04\\\/SENAT.jpg\",\"keywords\":[\"larcher\",\"POLITIQUE\",\"SENAT\"],\"articleSection\":[\"br\u00e8ves\",\"FRANCE\",\"Politique\",\"top secret\"],\"inLanguage\":\"en-GB\"},{\"@type\":\"WebPage\",\"@id\":\"https:\\\/\\\/www.geopolitics.fr\\\/2026\\\/04\\\/30\\\/larcher-refuse-la-commission-denquete-epstein-au-senat\\\/\",\"url\":\"https:\\\/\\\/www.geopolitics.fr\\\/2026\\\/04\\\/30\\\/larcher-refuse-la-commission-denquete-epstein-au-senat\\\/\",\"name\":\"Larcher refuse la commission d\u2019enqu\u00eate Epstein au S\u00e9nat | Geopolitics.fr\",\"isPartOf\":{\"@id\":\"https:\\\/\\\/www.geopolitics.fr\\\/#website\"},\"primaryImageOfPage\":{\"@id\":\"https:\\\/\\\/www.geopolitics.fr\\\/2026\\\/04\\\/30\\\/larcher-refuse-la-commission-denquete-epstein-au-senat\\\/#primaryimage\"},\"image\":{\"@id\":\"https:\\\/\\\/www.geopolitics.fr\\\/2026\\\/04\\\/30\\\/larcher-refuse-la-commission-denquete-epstein-au-senat\\\/#primaryimage\"},\"thumbnailUrl\":\"https:\\\/\\\/www.geopolitics.fr\\\/wp-content\\\/uploads\\\/2026\\\/04\\\/SENAT.jpg\",\"datePublished\":\"2026-04-30T06:12:14+00:00\",\"dateModified\":\"2026-05-02T07:33:16+00:00\",\"description\":\"La demande de commission d\u2019enqu\u00eate parlementaire a \u00e9t\u00e9 rejet\u00e9e par G\u00e9rard Larcher, dans la ligne de Ya\u00ebl Braun-Pivet\",\"breadcrumb\":{\"@id\":\"https:\\\/\\\/www.geopolitics.fr\\\/2026\\\/04\\\/30\\\/larcher-refuse-la-commission-denquete-epstein-au-senat\\\/#breadcrumb\"},\"inLanguage\":\"en-GB\",\"potentialAction\":[{\"@type\":\"ReadAction\",\"target\":[\"https:\\\/\\\/www.geopolitics.fr\\\/2026\\\/04\\\/30\\\/larcher-refuse-la-commission-denquete-epstein-au-senat\\\/\"]}]},{\"@type\":\"ImageObject\",\"inLanguage\":\"en-GB\",\"@id\":\"https:\\\/\\\/www.geopolitics.fr\\\/2026\\\/04\\\/30\\\/larcher-refuse-la-commission-denquete-epstein-au-senat\\\/#primaryimage\",\"url\":\"https:\\\/\\\/www.geopolitics.fr\\\/wp-content\\\/uploads\\\/2026\\\/04\\\/SENAT.jpg\",\"contentUrl\":\"https:\\\/\\\/www.geopolitics.fr\\\/wp-content\\\/uploads\\\/2026\\\/04\\\/SENAT.jpg\",\"width\":1920,\"height\":1284,\"caption\":\"French Senate monument entrance in Paris, France\"},{\"@type\":\"BreadcrumbList\",\"@id\":\"https:\\\/\\\/www.geopolitics.fr\\\/2026\\\/04\\\/30\\\/larcher-refuse-la-commission-denquete-epstein-au-senat\\\/#breadcrumb\",\"itemListElement\":[{\"@type\":\"ListItem\",\"position\":1,\"name\":\"Accueil\",\"item\":\"https:\\\/\\\/www.geopolitics.fr\\\/\"},{\"@type\":\"ListItem\",\"position\":2,\"name\":\"Larcher refuse la commission d\u2019enqu\u00eate Epstein au S\u00e9nat\"}]},{\"@type\":\"WebSite\",\"@id\":\"https:\\\/\\\/www.geopolitics.fr\\\/#website\",\"url\":\"https:\\\/\\\/www.geopolitics.fr\\\/\",\"name\":\"Geopolitics.fr\",\"description\":\"Geopolitics.fr Analyse politique, relations internationales, d\u00e9fense - ligne \u00e9ditoriale gaullo-chiraquienne\",\"publisher\":{\"@id\":\"https:\\\/\\\/www.geopolitics.fr\\\/#organization\"},\"potentialAction\":[{\"@type\":\"SearchAction\",\"target\":{\"@type\":\"EntryPoint\",\"urlTemplate\":\"https:\\\/\\\/www.geopolitics.fr\\\/?s={search_term_string}\"},\"query-input\":{\"@type\":\"PropertyValueSpecification\",\"valueRequired\":true,\"valueName\":\"search_term_string\"}}],\"inLanguage\":\"en-GB\"},{\"@type\":\"Organization\",\"@id\":\"https:\\\/\\\/www.geopolitics.fr\\\/#organization\",\"name\":\"Geopolitics.fr\",\"url\":\"https:\\\/\\\/www.geopolitics.fr\\\/\",\"logo\":{\"@type\":\"ImageObject\",\"inLanguage\":\"en-GB\",\"@id\":\"https:\\\/\\\/www.geopolitics.fr\\\/#\\\/schema\\\/logo\\\/image\\\/\",\"url\":\"https:\\\/\\\/www.geopolitics.fr\\\/wp-content\\\/uploads\\\/2024\\\/01\\\/logo.jpg\",\"contentUrl\":\"https:\\\/\\\/www.geopolitics.fr\\\/wp-content\\\/uploads\\\/2024\\\/01\\\/logo.jpg\",\"width\":500,\"height\":500,\"caption\":\"Geopolitics.fr\"},\"image\":{\"@id\":\"https:\\\/\\\/www.geopolitics.fr\\\/#\\\/schema\\\/logo\\\/image\\\/\"},\"sameAs\":[\"https:\\\/\\\/www.facebook.com\\\/people\\\/Erwan-Davoux\\\/61557098968092\\\/\",\"https:\\\/\\\/x.com\\\/Geopolitics_Fr\"]},{\"@type\":\"Person\",\"@id\":\"https:\\\/\\\/www.geopolitics.fr\\\/#\\\/schema\\\/person\\\/69dde260ad11805e2aa68f0d9e9128da\",\"name\":\"contact@geopolitics.fr\",\"image\":{\"@type\":\"ImageObject\",\"inLanguage\":\"en-GB\",\"@id\":\"https:\\\/\\\/www.geopolitics.fr\\\/wp-content\\\/uploads\\\/2024\\\/01\\\/edito-bonne-banniere-96x96.jpg\",\"url\":\"https:\\\/\\\/www.geopolitics.fr\\\/wp-content\\\/uploads\\\/2024\\\/01\\\/edito-bonne-banniere-96x96.jpg\",\"contentUrl\":\"https:\\\/\\\/www.geopolitics.fr\\\/wp-content\\\/uploads\\\/2024\\\/01\\\/edito-bonne-banniere-96x96.jpg\",\"caption\":\"contact@geopolitics.fr\"},\"url\":\"https:\\\/\\\/www.geopolitics.fr\\\/en\\\/author\\\/contactgeopolitics-fr\\\/\"}]}<\/script>\n<!-- \/ Yoast SEO Premium plugin. -->","yoast_head_json":{"title":"Larcher refuse la commission d\u2019enqu\u00eate Epstein au S\u00e9nat | Geopolitics.fr","description":"La demande de commission d\u2019enqu\u00eate parlementaire a \u00e9t\u00e9 rejet\u00e9e par G\u00e9rard Larcher, dans la ligne de Ya\u00ebl Braun-Pivet","robots":{"index":"index","follow":"follow","max-snippet":"max-snippet:-1","max-image-preview":"max-image-preview:large","max-video-preview":"max-video-preview:-1"},"canonical":"https:\/\/www.geopolitics.fr\/en\/2026\/04\/30\/larcher-refuse-la-commission-denquete-epstein-au-senat\/","og_locale":"en_GB","og_type":"article","og_title":"Larcher refuse la commission d\u2019enqu\u00eate Epstein au S\u00e9nat","og_description":"La demande de commission d\u2019enqu\u00eate parlementaire a \u00e9t\u00e9 rejet\u00e9e par G\u00e9rard Larcher, dans la ligne de Ya\u00ebl Braun-Pivet","og_url":"https:\/\/www.geopolitics.fr\/en\/2026\/04\/30\/larcher-refuse-la-commission-denquete-epstein-au-senat\/","og_site_name":"Geopolitics.fr","article_publisher":"https:\/\/www.facebook.com\/people\/Erwan-Davoux\/61557098968092\/","article_published_time":"2026-04-30T06:12:14+00:00","article_modified_time":"2026-05-02T07:33:16+00:00","og_image":[{"width":1920,"height":1284,"url":"https:\/\/www.geopolitics.fr\/wp-content\/uploads\/2026\/04\/SENAT.jpg","type":"image\/jpeg"}],"author":"contact@geopolitics.fr","twitter_card":"summary_large_image","twitter_creator":"@Geopolitics_Fr","twitter_site":"@Geopolitics_Fr","twitter_misc":{"Written by":"contact@geopolitics.fr","Estimated reading time":"1 minute"},"schema":{"@context":"https:\/\/schema.org","@graph":[{"@type":"Article","@id":"https:\/\/www.geopolitics.fr\/2026\/04\/30\/larcher-refuse-la-commission-denquete-epstein-au-senat\/#article","isPartOf":{"@id":"https:\/\/www.geopolitics.fr\/2026\/04\/30\/larcher-refuse-la-commission-denquete-epstein-au-senat\/"},"author":{"name":"contact@geopolitics.fr","@id":"https:\/\/www.geopolitics.fr\/#\/schema\/person\/69dde260ad11805e2aa68f0d9e9128da"},"headline":"Larcher refuse la commission d\u2019enqu\u00eate Epstein au S\u00e9nat","datePublished":"2026-04-30T06:12:14+00:00","dateModified":"2026-05-02T07:33:16+00:00","mainEntityOfPage":{"@id":"https:\/\/www.geopolitics.fr\/2026\/04\/30\/larcher-refuse-la-commission-denquete-epstein-au-senat\/"},"wordCount":147,"publisher":{"@id":"https:\/\/www.geopolitics.fr\/#organization"},"image":{"@id":"https:\/\/www.geopolitics.fr\/2026\/04\/30\/larcher-refuse-la-commission-denquete-epstein-au-senat\/#primaryimage"},"thumbnailUrl":"https:\/\/www.geopolitics.fr\/wp-content\/uploads\/2026\/04\/SENAT.jpg","keywords":["larcher","POLITIQUE","SENAT"],"articleSection":["br\u00e8ves","FRANCE","Politique","top secret"],"inLanguage":"en-GB"},{"@type":"WebPage","@id":"https:\/\/www.geopolitics.fr\/2026\/04\/30\/larcher-refuse-la-commission-denquete-epstein-au-senat\/","url":"https:\/\/www.geopolitics.fr\/2026\/04\/30\/larcher-refuse-la-commission-denquete-epstein-au-senat\/","name":"Larcher refuse la commission d\u2019enqu\u00eate Epstein au S\u00e9nat | Geopolitics.fr","isPartOf":{"@id":"https:\/\/www.geopolitics.fr\/#website"},"primaryImageOfPage":{"@id":"https:\/\/www.geopolitics.fr\/2026\/04\/30\/larcher-refuse-la-commission-denquete-epstein-au-senat\/#primaryimage"},"image":{"@id":"https:\/\/www.geopolitics.fr\/2026\/04\/30\/larcher-refuse-la-commission-denquete-epstein-au-senat\/#primaryimage"},"thumbnailUrl":"https:\/\/www.geopolitics.fr\/wp-content\/uploads\/2026\/04\/SENAT.jpg","datePublished":"2026-04-30T06:12:14+00:00","dateModified":"2026-05-02T07:33:16+00:00","description":"La demande de commission d\u2019enqu\u00eate parlementaire a \u00e9t\u00e9 rejet\u00e9e par G\u00e9rard Larcher, dans la ligne de Ya\u00ebl Braun-Pivet","breadcrumb":{"@id":"https:\/\/www.geopolitics.fr\/2026\/04\/30\/larcher-refuse-la-commission-denquete-epstein-au-senat\/#breadcrumb"},"inLanguage":"en-GB","potentialAction":[{"@type":"ReadAction","target":["https:\/\/www.geopolitics.fr\/2026\/04\/30\/larcher-refuse-la-commission-denquete-epstein-au-senat\/"]}]},{"@type":"ImageObject","inLanguage":"en-GB","@id":"https:\/\/www.geopolitics.fr\/2026\/04\/30\/larcher-refuse-la-commission-denquete-epstein-au-senat\/#primaryimage","url":"https:\/\/www.geopolitics.fr\/wp-content\/uploads\/2026\/04\/SENAT.jpg","contentUrl":"https:\/\/www.geopolitics.fr\/wp-content\/uploads\/2026\/04\/SENAT.jpg","width":1920,"height":1284,"caption":"French Senate monument entrance in Paris, France"},{"@type":"BreadcrumbList","@id":"https:\/\/www.geopolitics.fr\/2026\/04\/30\/larcher-refuse-la-commission-denquete-epstein-au-senat\/#breadcrumb","itemListElement":[{"@type":"ListItem","position":1,"name":"Accueil","item":"https:\/\/www.geopolitics.fr\/"},{"@type":"ListItem","position":2,"name":"Larcher refuse la commission d\u2019enqu\u00eate Epstein au S\u00e9nat"}]},{"@type":"WebSite","@id":"https:\/\/www.geopolitics.fr\/#website","url":"https:\/\/www.geopolitics.fr\/","name":"Geopolitics.fr","description":"Geopolitics.fr Analyse politique, relations internationales, d\u00e9fense - ligne \u00e9ditoriale gaullo-chiraquienne","publisher":{"@id":"https:\/\/www.geopolitics.fr\/#organization"},"potentialAction":[{"@type":"SearchAction","target":{"@type":"EntryPoint","urlTemplate":"https:\/\/www.geopolitics.fr\/?s={search_term_string}"},"query-input":{"@type":"PropertyValueSpecification","valueRequired":true,"valueName":"search_term_string"}}],"inLanguage":"en-GB"},{"@type":"Organization","@id":"https:\/\/www.geopolitics.fr\/#organization","name":"Geopolitics.fr","url":"https:\/\/www.geopolitics.fr\/","logo":{"@type":"ImageObject","inLanguage":"en-GB","@id":"https:\/\/www.geopolitics.fr\/#\/schema\/logo\/image\/","url":"https:\/\/www.geopolitics.fr\/wp-content\/uploads\/2024\/01\/logo.jpg","contentUrl":"https:\/\/www.geopolitics.fr\/wp-content\/uploads\/2024\/01\/logo.jpg","width":500,"height":500,"caption":"Geopolitics.fr"},"image":{"@id":"https:\/\/www.geopolitics.fr\/#\/schema\/logo\/image\/"},"sameAs":["https:\/\/www.facebook.com\/people\/Erwan-Davoux\/61557098968092\/","https:\/\/x.com\/Geopolitics_Fr"]},{"@type":"Person","@id":"https:\/\/www.geopolitics.fr\/#\/schema\/person\/69dde260ad11805e2aa68f0d9e9128da","name":"contact@geopolitics.fr","image":{"@type":"ImageObject","inLanguage":"en-GB","@id":"https:\/\/www.geopolitics.fr\/wp-content\/uploads\/2024\/01\/edito-bonne-banniere-96x96.jpg","url":"https:\/\/www.geopolitics.fr\/wp-content\/uploads\/2024\/01\/edito-bonne-banniere-96x96.jpg","contentUrl":"https:\/\/www.geopolitics.fr\/wp-content\/uploads\/2024\/01\/edito-bonne-banniere-96x96.jpg","caption":"contact@geopolitics.fr"},"url":"https:\/\/www.geopolitics.fr\/en\/author\/contactgeopolitics-fr\/"}]}},"_links":{"self":[{"href":"https:\/\/www.geopolitics.fr\/en\/wp-json\/wp\/v2\/posts\/4073","targetHints":{"allow":["GET"]}}],"collection":[{"href":"https:\/\/www.geopolitics.fr\/en\/wp-json\/wp\/v2\/posts"}],"about":[{"href":"https:\/\/www.geopolitics.fr\/en\/wp-json\/wp\/v2\/types\/post"}],"author":[{"embeddable":true,"href":"https:\/\/www.geopolitics.fr\/en\/wp-json\/wp\/v2\/users\/9"}],"replies":[{"embeddable":true,"href":"https:\/\/www.geopolitics.fr\/en\/wp-json\/wp\/v2\/comments?post=4073"}],"version-history":[{"count":0,"href":"https:\/\/www.geopolitics.fr\/en\/wp-json\/wp\/v2\/posts\/4073\/revisions"}],"wp:featuredmedia":[{"embeddable":true,"href":"https:\/\/www.geopolitics.fr\/en\/wp-json\/wp\/v2\/media\/4074"}],"wp:attachment":[{"href":"https:\/\/www.geopolitics.fr\/en\/wp-json\/wp\/v2\/media?parent=4073"}],"wp:term":[{"taxonomy":"category","embeddable":true,"href":"https:\/\/www.geopolitics.fr\/en\/wp-json\/wp\/v2\/categories?post=4073"},{"taxonomy":"post_tag","embeddable":true,"href":"https:\/\/www.geopolitics.fr\/en\/wp-json\/wp\/v2\/tags?post=4073"}],"curies":[{"name":"wp","href":"https:\/\/api.w.org\/{rel}","templated":true}]}}