{"id":4021,"date":"2026-04-26T17:30:00","date_gmt":"2026-04-26T15:30:00","guid":{"rendered":"https:\/\/www.geopolitics.fr\/?p=4021"},"modified":"2026-04-26T18:53:51","modified_gmt":"2026-04-26T16:53:51","slug":"cabinet-de-nicolas-isnard-on-prend-les-memes-et-on-recommence","status":"publish","type":"post","link":"https:\/\/www.geopolitics.fr\/en\/2026\/04\/26\/cabinet-de-nicolas-isnard-on-prend-les-memes-et-on-recommence\/","title":{"rendered":"M\u00e9tropole Aix-Marseille\u00a0: on prend les m\u00eames et on recommence\u00a0?"},"content":{"rendered":"\n<h2 class=\"wp-block-heading\" id=\"h-didier-khelfa-est-le-nouveau-directeur-de-cabinet-de-nicolas-isnard\">Didier Khelfa est le nouveau Directeur de Cabinet de Nicolas Isnard.<\/h2>\n\n\n\n<h3 class=\"wp-block-heading has-medium-font-size\" id=\"h-directeur-de-cabinet-et-futur-dgs-nbsp\"><strong>Directeur de Cabinet et futur DGS&nbsp;?<\/strong><\/h3>\n\n\n\n<p class=\"has-medium-font-size wp-block-paragraph\">A peine nomm\u00e9 Directeur de Cabinet, certains voient d\u00e9j\u00e0 Didier Khelfa succ\u00e9der, prochainement, \u00e0 Domnin Rauscher<a href=\"#_ftn1\" id=\"_ftnref1\">[1]<\/a>, actuel Directeur G\u00e9n\u00e9ral des Services (DGS) de l\u2019Institution. Qui est Didier Khelfa\u00a0? Ancien Maire de Saint-Chamas (2014-2025), il d\u00e9missionna de son mandat de mani\u00e8re anticip\u00e9e. Certes, l\u2019int\u00e9ress\u00e9 avait laiss\u00e9 entendre, d\u00e8s son \u00e9lection, qu\u2019il ne ferait pas plus de deux mandats mais le timing de sa d\u00e9mission, un an et demi avant le scrutin \u00e9lectoral, interroge. Selon une source de geopolitics.fr, cette d\u00e9cision pourrait \u00eatre motiv\u00e9e par une opportunit\u00e9 professionnelle et des raisons financi\u00e8res.<\/p>\n\n\n\n<h3 class=\"wp-block-heading has-medium-font-size\" id=\"h-une-fonction-eminente-au-departement-des-bouches-du-rhone-un-proche-de-martine-vassal\"><strong>Une fonction \u00e9minente au D\u00e9partement des Bouches-du-Rh\u00f4ne, un proche de Martine Vassal<\/strong><\/h3>\n\n\n\n<p class=\"has-medium-font-size wp-block-paragraph\">En effet, d\u00e8s son renoncement, il fut nomm\u00e9 Directeur G\u00e9n\u00e9ral des Services Adjoint en charge de l\u2019Administration G\u00e9n\u00e9rale au D\u00e9partement des Bouches-du-Rh\u00f4ne, institution pr\u00e9sid\u00e9e par Martine Vassal. Une fonction bien plus r\u00e9mun\u00e9ratrice que celle de Maire d\u2019une petite commune et de Vice-Pr\u00e9sident de la M\u00e9tropole, de l\u2019ordre du simple au double ou m\u00eame au triple. Un poste \u00e9minemment sensible et strat\u00e9gique puisqu\u2019il comprend la tutelle sur la direction des Finances et celle de l\u2019achat public. Didier Khelfa a la r\u00e9putation d\u2019\u00eatre un expert en mati\u00e8re de finances locales. Une comp\u00e9tence et un talent fort utiles \u00e0 Martine Vassal lorsque l\u2019on connait la situation calamiteuse des finances du D\u00e9partement et la sensibilit\u00e9 des questions relatives \u00e0 l\u2019achat public.<\/p>\n\n\n\n<h3 class=\"wp-block-heading has-medium-font-size\" id=\"h-l-ancien-vp-de-la-metropole-en-charge-des-finances-pour-combler-le-trou-beant-qu-il-a-contribue-a-creer-nbsp\"><strong>L\u2019ancien VP de la M\u00e9tropole en charge des Finances\u2026 Pour combler le trou b\u00e9ant qu\u2019il a contribu\u00e9 \u00e0 cr\u00e9er&nbsp;?<\/strong><\/h3>\n\n\n\n<p class=\"has-medium-font-size wp-block-paragraph\">Cette expertise, Didier Khelfa n\u2019aura pas su la mettre \u00e0 profit \u00e0 la M\u00e9tropole dont il fut Vice-Pr\u00e9sident d\u00e9l\u00e9gu\u00e9 au Budget, aux Finances, \u00e0 la Strat\u00e9gie financi\u00e8re et \u00e0 la contractualisation avec l\u2019\u00c9tat et les collectivit\u00e9s. Et ce, jusqu\u2019\u00e0 sa d\u00e9mission des fonctions de Maire, cette d\u00e9cision faisant automatiquement tomber son mandat \u00e0 la M\u00e9tropole.<\/p>\n\n\n\n<p class=\"has-medium-font-size wp-block-paragraph\">C\u2019est donc l\u2019un des principaux responsables du \u00ab&nbsp;trou&nbsp;\u00bb gigantesque des finances de la M\u00e9tropole (123 millions d\u2019\u20ac), ancien \u00e9lu et collaborateur de Martine Vassal qui prend la fonction de Directeur de Cabinet<a href=\"#_ftn2\" id=\"_ftnref2\">[2]<\/a>. Difficile pour Nicolas Isnard de pr\u00e9tendre tout ignorer de la situation financi\u00e8re de l&rsquo;Institution alors que lui-m\u00eame y \u00e9tait \u00e9lu et son plus proche collaborateur aux avant-postes.<\/p>\n\n\n\n<h2 class=\"wp-block-heading\" id=\"h-franck-dumontel-le-mari-de-samia-ghali-integre-le-cabinet-de-nicolas-isnard\">Franck Dumontel, le mari de Samia Ghali int\u00e8gre le Cabinet de Nicolas Isnard<\/h2>\n\n\n\n<h3 class=\"wp-block-heading has-medium-font-size\" id=\"h-un-collaborateur-ps-pour-un-president-lr\"><strong>Un collaborateur PS pour un Pr\u00e9sident LR<\/strong><\/h3>\n\n\n\n<p class=\"has-medium-font-size wp-block-paragraph\">Il y a l\u00e0 une vraie surprise. En effet, le cabinet est un organe purement politique et m\u00eame parfois partisan au sein duquel celui ou celle qui dirige l\u2019ex\u00e9cutif nomme des collaborateurs en qui il \u00e9prouve une confiance personnelle absolue et naturellement du m\u00eame bord politique. Notons que le timing est id\u00e9al pour Franck Dumontel\u00a0: celui-ci \u00e9tait directeur de cabinet de Cecille Helles, maire (PS) d\u2019Avignon<a href=\"#_ftn3\" id=\"_ftnref3\">[3]<\/a> qui ne se repr\u00e9sentait pas. Et la liste PS fut balay\u00e9e lors des derni\u00e8res municipales dans cette ville.<\/p>\n\n\n\n<p class=\"has-medium-font-size wp-block-paragraph\">Autant une gouvernance partag\u00e9e au niveau des \u00e9lus comme des agents qui doivent \u00eatre motiv\u00e9s par le seul int\u00e9r\u00eat g\u00e9n\u00e9ral peut s\u2019entendre\u00a0; autant prendre des personnalit\u00e9s d\u2019un bord politique clairement oppos\u00e9, au Cabinet, est in\u00e9dit et interroge sur le pouvoir r\u00e9el du nouveau Pr\u00e9sident de la M\u00e9tropole.<\/p>\n\n\n\n<h3 class=\"wp-block-heading has-medium-font-size\" id=\"h-mari-de-samia-ghali-nbsp-circulez-il-n-y-a-rien-a-voir-nbsp\"><strong>Mari de Samia Ghali&nbsp;: circulez, il n\u2019y a rien \u00e0 voir&nbsp;!<\/strong><\/h3>\n\n\n\n<p class=\"has-medium-font-size wp-block-paragraph\">Par ailleurs le lien marital qui unit Franck Domontel \u00e0 Samia Ghali ne peut \u00eatre sans cons\u00e9quences puisque cette derni\u00e8re a rafl\u00e9 la mise lors des derni\u00e8res \u00e9lections\u00a0: 3e adjointe au Maire de Marseille, Maire adjointe &#8211; D\u00e9l\u00e9gu\u00e9e aux mobilit\u00e9s, \u00e0 la r\u00e9novation urbaine et aux projets structurants, conseill\u00e8re m\u00e9tropolitaine- et probable future pr\u00e9sidente de la R\u00e9gie Marseillaise des Transports (RTM). Elle a m\u00eame choisi, de mani\u00e8re totalement discr\u00e9tionnaire, le Maire des 15<sup>\u00e8me<\/sup> et 16<sup>\u00e8me<\/sup>arrondissements. Il s&rsquo;agit de Jean-Marc Coppola dont le nom n&rsquo;avait pas m\u00eame \u00e9t\u00e9 \u00e9voqu\u00e9 avant le scrutin, devant les \u00e9lecteurs. Exit la Maire sortante Nadia Boulainseur. Dr\u00f4le de d\u00e9mocratie\u00a0!<\/p>\n\n\n\n<p class=\"has-medium-font-size wp-block-paragraph\">A la M\u00e9tropole, Franck Dumontel aura particuli\u00e8rement en charge les dossiers relatifs aux relations entre la M\u00e9tropole et la ville de Marseille ou les dossiers d\u2019int\u00e9r\u00eat commun. Autant dire que l\u2019Adjointe au Maire de Marseille a (au moins) un pied au Cabinet de Nicolas Isnard.<\/p>\n\n\n\n<h3 class=\"wp-block-heading has-medium-font-size\" id=\"h-des-precautions-juridiques-qui-valent-ce-qu-elles-valent\"><strong>Des pr\u00e9cautions juridiques qui valent ce qu&rsquo;elles valent<\/strong><\/h3>\n\n\n\n<p class=\"has-medium-font-size wp-block-paragraph\">Certes, des pr\u00e9cautions juridiques ont \u00e9t\u00e9 prises&nbsp;: dans un arr\u00eat\u00e9 portant d\u00e9port, en date du 24 avril, il est rappel\u00e9 que du fait de cette union maritale des conflits d\u2019int\u00e9r\u00eats peuvent surgir. Par cons\u00e9quent, Franck Dumontel \u00ab&nbsp;s\u2019abstient de toute intervention quant \u00e0 l\u2019instruction, au suivi et \u00e0 l\u2019ex\u00e9cution des d\u00e9cisions relatives aux projets de mobilit\u00e9, renouvellement urbain et projets structurants concernant la ville de Marseille et relevant de la comp\u00e9tence de Madame Samia Ghali&nbsp;\u00bb. <\/p>\n\n\n\n<p class=\"has-medium-font-size wp-block-paragraph\">Comment imaginer que sur des dossiers aussi lourds et structurants que ceux des mobilit\u00e9s et du renouvellement urbain, un conseiller charg\u00e9 des relations entre la M\u00e9tropole et la Ville n\u2019intervienne pas\u00a0? La question qui vient aussit\u00f4t \u00e0 l\u2019esprit est limpide\u00a0: quel contr\u00f4le\u00a0? Un article du Journal \u00ab\u00a0Le Monde\u00a0\u00bb indiquait, d\u00e8s 2014 : \u00a0\u00ab\u00a0Son mari et conseiller politique, Franck Dumontel (&#8230;) se m\u00eale de tout ce que fait sa femme<em>\u00bb<a href=\"#_ftn4\" id=\"_ftnref4\"><strong>[4]<\/strong><\/a><\/em><\/p>\n\n\n\n<p class=\"has-medium-font-size wp-block-paragraph\">Une confusion des genres qui revient \u00e0 prendre les Marseillais pour des imb\u00e9ciles. Mais on comprend mieux \u00e0 la fois l\u2019ineptie de cette nomination et les pr\u00e9cautions juridiques prises \u00e0 l\u2019aune du pass\u00e9 de Franck Dumontel.<\/p>\n\n\n\n<h3 class=\"wp-block-heading has-medium-font-size\" id=\"h-un-lourd-et-long-passe\">Un lourd et long pass\u00e9<\/h3>\n\n\n\n<h3 class=\"wp-block-heading has-medium-font-size\" id=\"h-mis-en-examen-puis-relaxe-dans-une-affaire-de-detournement-public-a-la-region\"><em><strong>Mis en examen puis relax\u00e9 dans une affaire de d\u00e9tournement public \u00e0 la R\u00e9gion<\/strong><\/em><\/h3>\n\n\n\n<p class=\"has-medium-font-size wp-block-paragraph\">En 2009, alors directeur de Cabinet de Michelle Vauzelle, il est mis en examen dans une affaire de d\u00e9tournement pr\u00e9sum\u00e9 de subventions au sein du Conseil r\u00e9gional Provence- Alpes- C\u00f4te d\u2019Azur. Il est soup\u00e7onn\u00e9 de \u00ab complicit\u00e9 de d\u00e9tournement de fonds publics \u00bb. En cause, 740.000 euros de subventions au profit de plusieurs associations des quartiers nord de Marseille, structures que la justice suspecte d\u2019\u00eatre des \u00ab coquilles vides\u00bb.<\/p>\n\n\n\n<p class=\"has-medium-font-size wp-block-paragraph\">Le lien entre ces subventions et Sylvie Andrieux (vice-pr\u00e9sidente (PS) de la r\u00e9gion, \u00e9lue des quartiers vers lesquels ces subventions \u00e9taient fl\u00e9ch\u00e9es), avait \u00e9t\u00e9 implicitement fait par Michel Vauzelle. Ce dernier se constitua partie civile au nom de l\u2019Institution et retira \u00e0 la d\u00e9put\u00e9e marseillaise sa d\u00e9l\u00e9gation de responsable de la politique de la ville.<\/p>\n\n\n\n<p class=\"has-medium-font-size wp-block-paragraph\" id=\"h-un-passe-marquant\">Pendant sa garde \u00e0 vue dans les locaux de la brigade financi\u00e8re du SRPJ de Marseille, Franck Dumontel contesta vivement avoir eu connaissance d\u2019un quelconque montage frauduleux<a href=\"#_ftn6\" id=\"_ftnref6\">[6]<\/a>.<strong> <\/strong><\/p>\n\n\n\n<h3 class=\"wp-block-heading has-medium-font-size\" id=\"h-un-homme-des-freres-guerini-chez-eugene-caselli-nbsp\"><em><strong>Un homme des fr\u00e8res Guerini chez Eug\u00e8ne Caselli&nbsp;?<\/strong><\/em><\/h3>\n\n\n\n<p class=\"has-medium-font-size wp-block-paragraph\">Franck Dumontel est loin d\u2019\u00eatre un nouveau venu \u00e0 la M\u00e9tropole. En effet, Il fut Directeur de Cabinet d\u2019Eug\u00e8ne Caselli \u00e0 la Communaut\u00e9 Urbaine Marseille Provence M\u00e9tropole en 2008-2009 (anc\u00eatre de l\u2019actuelle M\u00e9tropole).<\/p>\n\n\n\n<p class=\"has-medium-font-size wp-block-paragraph\">Consid\u00e9r\u00e9 comme proche des fr\u00e8res Gu\u00e9rini, ces derniers estiment l\u2019avoir impos\u00e9 comme directeur de Cabinet \u00e0 Eug\u00e8ne Caselli. Dans une conversation enregistr\u00e9e le 7 mai 2009 entre Alexandre Gu\u00e9rini et Henri Proglio, alors patron de V\u00e9olia, le premier d\u00e9clare que\u00a0Franck Dumontel\u00a0\u00ab\u00a0<em>est un mec extraordinairement intelligent et tr\u00e8s efficace, heu, qui est actuellement le directeur de cabinet de Caselli, que Jean-No\u00ebl a mis pour \u00eatre son directeur de cabinet, en v\u00e9rit\u00e9 c&rsquo;est lui le patron, heu, c&rsquo;est Franck qui est le vrai patron de la Communaut\u00e9 urbaine de Marseille et qui est notre, heu,\u00a0<\/em>notre ami intime<em>\u00a0quoi&#8230;\u00a0\u00bb<\/em>\u00a0<a href=\"#_ftn5\" id=\"_ftnref5\">[5]<\/a><\/p>\n\n\n\n<p class=\"has-medium-font-size wp-block-paragraph\">Prenant connaissance de cet enregistrement Eug\u00e8ne Caselli avait aussit\u00f4t mis fin aux fonctions de son Directeur de Cabinet. &nbsp;<\/p>\n\n\n\n<p class=\"has-medium-font-size wp-block-paragraph\"><em><strong>Une soci\u00e9t\u00e9 de Conseil active<\/strong><\/em><\/p>\n\n\n\n<p class=\"has-medium-font-size wp-block-paragraph\">Enfin, une consultation en ligne et en libre acc\u00e8s de \u00ab&nbsp;Pappers&nbsp;\u00bb permet d\u2019apprendre que Franck Dumontel dirige ou g\u00e8re trois soci\u00e9t\u00e9s en activit\u00e9&nbsp;: l\u2019une en conseil de gestion ainsi que deux autres SCI en location de terrains et autres biens immobiliers.<\/p>\n\n\n\n<h2 class=\"wp-block-heading\" id=\"h-une-presidence-qui-debute-sous-de-mauvais-auspices\">Une Pr\u00e9sidence qui d\u00e9bute sous de mauvais auspices<\/h2>\n\n\n\n<p class=\"has-medium-font-size wp-block-paragraph\">Ainsi, les espoirs de changement, de renouveau et de transparence soulev\u00e9s par l\u2019\u00e9lection de Nicolas Isnard \u00e0 la t\u00eate de la M\u00e9tropole risquent (d\u00e9j\u00e0) de faire pschitt. S\u2019il s\u2019est parfaitement pr\u00e9par\u00e9, depuis des mois, \u00e0 prendre la t\u00eate de l\u2019Institution, le nouveau pr\u00e9sident semble bien moins en mesure d\u2019exercer effectivement le pouvoir. Qui dirige vraiment la M\u00e9tropole d\u2019Aix Marseille\u00a0? La question m\u00e9rite d\u2019\u00eatre pos\u00e9e\u2026<\/p>\n\n\n\n<hr class=\"wp-block-separator has-alpha-channel-opacity\"\/>\n\n\n\n<p class=\"wp-block-paragraph\"><a href=\"#_ftnref1\" id=\"_ftn1\">[1]<\/a> L\u2019actuel DGS, homme fort, du syst\u00e8me Vassal, est prot\u00e9g\u00e9 par son statut. En effet, la d\u00e9cision de fin de fonctions ne peut intervenir qu&rsquo;apr\u00e8s un d\u00e9lai de <strong>six mois<\/strong> suivant soit la nomination dans l&#8217;emploi soit la d\u00e9signation de l&rsquo;autorit\u00e9 territoriale par l&rsquo;organe d\u00e9lib\u00e9rant.<\/p>\n\n\n\n<p class=\"wp-block-paragraph\"><a href=\"#_ftnref2\" id=\"_ftn2\">[2]<\/a> Le Pr\u00e9c\u00e9dent directeur de Cabinet n\u2019\u00e9tait autre que Marc Jolibois, concubin de Martine Vassal. Cette derni\u00e8re l\u2019avait nomm\u00e9 \u00e0 la fois directeur de cabinet \u00e0 la M\u00e9tropole mais aussi au D\u00e9partement.<\/p>\n\n\n\n<p class=\"wp-block-paragraph\"><a href=\"#_ftnref3\" id=\"_ftn3\">[3]<\/a> Cecille Helles comme Franck Dumontel furent des proches d\u2019Elisabeth Guigou. L\u2019une fut sa suppl\u00e9ante et l\u2019autre collaborateur de Cabinet de l\u2019ancienne ministre.<\/p>\n\n\n\n<p class=\"wp-block-paragraph\"><a href=\"#_ftnref4\" id=\"_ftn4\">[4]<\/a> https:\/\/www.lemonde.fr\/m-actu\/article\/2014\/02\/14\/samia-ghali-ne-perd-pas-le-nord_4365624_4497186.html<\/p>\n\n\n\n<p class=\"wp-block-paragraph\"><a href=\"#_ftnref5\" id=\"_ftn5\">[5]<\/a> Source le JDD du 12 d\u00e9cembre 2010<\/p>\n\n\n\n<p class=\"wp-block-paragraph\"><a href=\"#_ftnref6\" id=\"_ftn6\">[6]<\/a> &nbsp;Source&nbsp;: la Gazette des Communes https:\/\/www.lagazettedescommunes.com\/4031\/paca-deux-anciens-cadres-de-la-region-mis-en-examen-dans-le-dossier-des-subventions-fictives\/<\/p>\n","protected":false},"excerpt":{"rendered":"<p>Didier Khelfa est le nouveau Directeur de Cabinet de Nicolas Isnard. Directeur de Cabinet et futur DGS&nbsp;? A peine nomm\u00e9 Directeur de&hellip;<\/p>","protected":false},"author":16,"featured_media":4022,"comment_status":"closed","ping_status":"closed","sticky":false,"template":"","format":"standard","meta":{"_lmt_disableupdate":"","_lmt_disable":"","footnotes":""},"categories":[606,4,626],"tags":[643,642,641],"class_list":["post-4021","post","type-post","status-publish","format-standard","has-post-thumbnail","hentry","category-local-13","category-mis-en-avant","category-politique-local-13","tag-ghali","tag-isnard","tag-metropole-aix-marseille"],"yoast_head":"<!-- This site is optimized with the Yoast SEO Premium plugin v28.1 (Yoast SEO v28.1) - https:\/\/yoast.com\/product\/yoast-seo-premium-wordpress\/ -->\n<title>M\u00e9tropole Aix-Marseille\u00a0: on prend les m\u00eames et on recommence\u00a0? | Geopolitics.fr<\/title>\n<meta name=\"description\" content=\"Les nominations au Cabinet de Nicolas Isnard, Pr\u00e9sident de la M\u00e9tropole Aix Marseille suscitent la perplexit\u00e9 et tourn\u00e9es vers le pass\u00e9\" \/>\n<meta name=\"robots\" content=\"index, follow, max-snippet:-1, max-image-preview:large, max-video-preview:-1\" \/>\n<link rel=\"canonical\" href=\"https:\/\/www.geopolitics.fr\/en\/2026\/04\/26\/cabinet-de-nicolas-isnard-on-prend-les-memes-et-on-recommence\/\" \/>\n<meta property=\"og:locale\" content=\"en_GB\" \/>\n<meta property=\"og:type\" content=\"article\" \/>\n<meta property=\"og:title\" content=\"M\u00e9tropole Aix-Marseille\u00a0: on prend les m\u00eames et on recommence\u00a0?\" \/>\n<meta property=\"og:description\" content=\"Les nominations au Cabinet de Nicolas Isnard, Pr\u00e9sident de la M\u00e9tropole Aix Marseille suscitent la perplexit\u00e9 et tourn\u00e9es vers le pass\u00e9\" \/>\n<meta property=\"og:url\" content=\"https:\/\/www.geopolitics.fr\/en\/2026\/04\/26\/cabinet-de-nicolas-isnard-on-prend-les-memes-et-on-recommence\/\" \/>\n<meta property=\"og:site_name\" content=\"Geopolitics.fr\" \/>\n<meta property=\"article:publisher\" content=\"https:\/\/www.facebook.com\/people\/Erwan-Davoux\/61557098968092\/\" \/>\n<meta property=\"article:author\" content=\"Erwan Davoux\" \/>\n<meta property=\"article:published_time\" content=\"2026-04-26T15:30:00+00:00\" \/>\n<meta property=\"article:modified_time\" content=\"2026-04-26T16:53:51+00:00\" \/>\n<meta property=\"og:image\" content=\"https:\/\/www.geopolitics.fr\/wp-content\/uploads\/2026\/04\/ficelles.jpg\" \/>\n\t<meta property=\"og:image:width\" content=\"1920\" \/>\n\t<meta property=\"og:image:height\" content=\"1229\" \/>\n\t<meta property=\"og:image:type\" content=\"image\/jpeg\" \/>\n<meta name=\"author\" content=\"Erwan Davoux\" \/>\n<meta name=\"twitter:card\" content=\"summary_large_image\" \/>\n<meta name=\"twitter:creator\" content=\"@erwandavoux @Geo_politicsfr\" \/>\n<meta name=\"twitter:site\" content=\"@Geopolitics_Fr\" \/>\n<meta name=\"twitter:label1\" content=\"Written by\" \/>\n\t<meta name=\"twitter:data1\" content=\"Erwan Davoux\" \/>\n\t<meta name=\"twitter:label2\" content=\"Estimated reading time\" \/>\n\t<meta name=\"twitter:data2\" content=\"8 minutes\" \/>\n<script type=\"application\/ld+json\" class=\"yoast-schema-graph\">{\"@context\":\"https:\\\/\\\/schema.org\",\"@graph\":[{\"@type\":\"Article\",\"@id\":\"https:\\\/\\\/www.geopolitics.fr\\\/2026\\\/04\\\/26\\\/cabinet-de-nicolas-isnard-on-prend-les-memes-et-on-recommence\\\/#article\",\"isPartOf\":{\"@id\":\"https:\\\/\\\/www.geopolitics.fr\\\/2026\\\/04\\\/26\\\/cabinet-de-nicolas-isnard-on-prend-les-memes-et-on-recommence\\\/\"},\"author\":{\"name\":\"Erwan Davoux\",\"@id\":\"https:\\\/\\\/www.geopolitics.fr\\\/#\\\/schema\\\/person\\\/a487273e91313e368925717400fa1b11\"},\"headline\":\"M\u00e9tropole Aix-Marseille\u00a0: on prend les m\u00eames et on recommence\u00a0?\",\"datePublished\":\"2026-04-26T15:30:00+00:00\",\"dateModified\":\"2026-04-26T16:53:51+00:00\",\"mainEntityOfPage\":{\"@id\":\"https:\\\/\\\/www.geopolitics.fr\\\/2026\\\/04\\\/26\\\/cabinet-de-nicolas-isnard-on-prend-les-memes-et-on-recommence\\\/\"},\"wordCount\":1667,\"publisher\":{\"@id\":\"https:\\\/\\\/www.geopolitics.fr\\\/#organization\"},\"image\":{\"@id\":\"https:\\\/\\\/www.geopolitics.fr\\\/2026\\\/04\\\/26\\\/cabinet-de-nicolas-isnard-on-prend-les-memes-et-on-recommence\\\/#primaryimage\"},\"thumbnailUrl\":\"https:\\\/\\\/www.geopolitics.fr\\\/wp-content\\\/uploads\\\/2026\\\/04\\\/ficelles.jpg\",\"keywords\":[\"GHALI\",\"ISNARD\",\"METROPOLE AIX MARSEILLE\"],\"articleSection\":[\"LOCAL (13)\",\"Mis en AVANT\",\"politique\"],\"inLanguage\":\"en-GB\"},{\"@type\":\"WebPage\",\"@id\":\"https:\\\/\\\/www.geopolitics.fr\\\/2026\\\/04\\\/26\\\/cabinet-de-nicolas-isnard-on-prend-les-memes-et-on-recommence\\\/\",\"url\":\"https:\\\/\\\/www.geopolitics.fr\\\/2026\\\/04\\\/26\\\/cabinet-de-nicolas-isnard-on-prend-les-memes-et-on-recommence\\\/\",\"name\":\"M\u00e9tropole Aix-Marseille\u00a0: on prend les m\u00eames et on recommence\u00a0? | Geopolitics.fr\",\"isPartOf\":{\"@id\":\"https:\\\/\\\/www.geopolitics.fr\\\/#website\"},\"primaryImageOfPage\":{\"@id\":\"https:\\\/\\\/www.geopolitics.fr\\\/2026\\\/04\\\/26\\\/cabinet-de-nicolas-isnard-on-prend-les-memes-et-on-recommence\\\/#primaryimage\"},\"image\":{\"@id\":\"https:\\\/\\\/www.geopolitics.fr\\\/2026\\\/04\\\/26\\\/cabinet-de-nicolas-isnard-on-prend-les-memes-et-on-recommence\\\/#primaryimage\"},\"thumbnailUrl\":\"https:\\\/\\\/www.geopolitics.fr\\\/wp-content\\\/uploads\\\/2026\\\/04\\\/ficelles.jpg\",\"datePublished\":\"2026-04-26T15:30:00+00:00\",\"dateModified\":\"2026-04-26T16:53:51+00:00\",\"description\":\"Les nominations au Cabinet de Nicolas Isnard, Pr\u00e9sident de la M\u00e9tropole Aix Marseille suscitent la perplexit\u00e9 et tourn\u00e9es vers le pass\u00e9\",\"breadcrumb\":{\"@id\":\"https:\\\/\\\/www.geopolitics.fr\\\/2026\\\/04\\\/26\\\/cabinet-de-nicolas-isnard-on-prend-les-memes-et-on-recommence\\\/#breadcrumb\"},\"inLanguage\":\"en-GB\",\"potentialAction\":[{\"@type\":\"ReadAction\",\"target\":[\"https:\\\/\\\/www.geopolitics.fr\\\/2026\\\/04\\\/26\\\/cabinet-de-nicolas-isnard-on-prend-les-memes-et-on-recommence\\\/\"]}]},{\"@type\":\"ImageObject\",\"inLanguage\":\"en-GB\",\"@id\":\"https:\\\/\\\/www.geopolitics.fr\\\/2026\\\/04\\\/26\\\/cabinet-de-nicolas-isnard-on-prend-les-memes-et-on-recommence\\\/#primaryimage\",\"url\":\"https:\\\/\\\/www.geopolitics.fr\\\/wp-content\\\/uploads\\\/2026\\\/04\\\/ficelles.jpg\",\"contentUrl\":\"https:\\\/\\\/www.geopolitics.fr\\\/wp-content\\\/uploads\\\/2026\\\/04\\\/ficelles.jpg\",\"width\":1920,\"height\":1229,\"caption\":\"Hand controls the rope tied to the finger\"},{\"@type\":\"BreadcrumbList\",\"@id\":\"https:\\\/\\\/www.geopolitics.fr\\\/2026\\\/04\\\/26\\\/cabinet-de-nicolas-isnard-on-prend-les-memes-et-on-recommence\\\/#breadcrumb\",\"itemListElement\":[{\"@type\":\"ListItem\",\"position\":1,\"name\":\"Accueil\",\"item\":\"https:\\\/\\\/www.geopolitics.fr\\\/\"},{\"@type\":\"ListItem\",\"position\":2,\"name\":\"M\u00e9tropole Aix-Marseille\u00a0: on prend les m\u00eames et on recommence\u00a0?\"}]},{\"@type\":\"WebSite\",\"@id\":\"https:\\\/\\\/www.geopolitics.fr\\\/#website\",\"url\":\"https:\\\/\\\/www.geopolitics.fr\\\/\",\"name\":\"Geopolitics.fr\",\"description\":\"Geopolitics.fr Analyse politique, relations internationales, d\u00e9fense - ligne \u00e9ditoriale gaullo-chiraquienne\",\"publisher\":{\"@id\":\"https:\\\/\\\/www.geopolitics.fr\\\/#organization\"},\"potentialAction\":[{\"@type\":\"SearchAction\",\"target\":{\"@type\":\"EntryPoint\",\"urlTemplate\":\"https:\\\/\\\/www.geopolitics.fr\\\/?s={search_term_string}\"},\"query-input\":{\"@type\":\"PropertyValueSpecification\",\"valueRequired\":true,\"valueName\":\"search_term_string\"}}],\"inLanguage\":\"en-GB\"},{\"@type\":\"Organization\",\"@id\":\"https:\\\/\\\/www.geopolitics.fr\\\/#organization\",\"name\":\"Geopolitics.fr\",\"url\":\"https:\\\/\\\/www.geopolitics.fr\\\/\",\"logo\":{\"@type\":\"ImageObject\",\"inLanguage\":\"en-GB\",\"@id\":\"https:\\\/\\\/www.geopolitics.fr\\\/#\\\/schema\\\/logo\\\/image\\\/\",\"url\":\"https:\\\/\\\/www.geopolitics.fr\\\/wp-content\\\/uploads\\\/2024\\\/01\\\/logo.jpg\",\"contentUrl\":\"https:\\\/\\\/www.geopolitics.fr\\\/wp-content\\\/uploads\\\/2024\\\/01\\\/logo.jpg\",\"width\":500,\"height\":500,\"caption\":\"Geopolitics.fr\"},\"image\":{\"@id\":\"https:\\\/\\\/www.geopolitics.fr\\\/#\\\/schema\\\/logo\\\/image\\\/\"},\"sameAs\":[\"https:\\\/\\\/www.facebook.com\\\/people\\\/Erwan-Davoux\\\/61557098968092\\\/\",\"https:\\\/\\\/x.com\\\/Geopolitics_Fr\"]},{\"@type\":\"Person\",\"@id\":\"https:\\\/\\\/www.geopolitics.fr\\\/#\\\/schema\\\/person\\\/a487273e91313e368925717400fa1b11\",\"name\":\"Erwan Davoux\",\"image\":{\"@type\":\"ImageObject\",\"inLanguage\":\"en-GB\",\"@id\":\"https:\\\/\\\/www.geopolitics.fr\\\/wp-content\\\/uploads\\\/2026\\\/05\\\/moi-96x96.jpg\",\"url\":\"https:\\\/\\\/www.geopolitics.fr\\\/wp-content\\\/uploads\\\/2026\\\/05\\\/moi-96x96.jpg\",\"contentUrl\":\"https:\\\/\\\/www.geopolitics.fr\\\/wp-content\\\/uploads\\\/2026\\\/05\\\/moi-96x96.jpg\",\"caption\":\"Erwan Davoux\"},\"description\":\"Erwan DAVOUX est Pr\u00e9sident de LMD CONSEIL, (conseil strat\u00e9gique, intelligence \u00e9conomique, risque g\u00e9opolitique, influence politique, diplomatie \u00e9conomique). Dipl\u00f4m\u00e9 de l'IEP de Paris et de l'INALCO (d\u00e9partement d'\u00e9tudes arabes), il est directeur de la publication de geopolitics.fr. Ancien fonctionnaire au Minist\u00e8re de l'Int\u00e9rieur et de la D\u00e9fense (DGSE) Ancien charg\u00e9 de Mission \u00e0 la Pr\u00e9sidence de la R\u00e9publique (cellule diplomatique) Conseil de nombreuses personnalit\u00e9s politiques \u00e0 l'International (dont deux anciens Premiers ministres).\",\"sameAs\":[\"Erwan Davoux\",\"@erwandavoux\",\"https:\\\/\\\/www.linkedin.com\\\/in\\\/erwan-davoux-6800b289\\\/\",\"https:\\\/\\\/x.com\\\/@erwandavoux @Geo_politicsfr\"],\"url\":\"https:\\\/\\\/www.geopolitics.fr\\\/en\\\/author\\\/erwan-davoux\\\/\"}]}<\/script>\n<!-- \/ Yoast SEO Premium plugin. -->","yoast_head_json":{"title":"M\u00e9tropole Aix-Marseille\u00a0: on prend les m\u00eames et on recommence\u00a0? | Geopolitics.fr","description":"Les nominations au Cabinet de Nicolas Isnard, Pr\u00e9sident de la M\u00e9tropole Aix Marseille suscitent la perplexit\u00e9 et tourn\u00e9es vers le pass\u00e9","robots":{"index":"index","follow":"follow","max-snippet":"max-snippet:-1","max-image-preview":"max-image-preview:large","max-video-preview":"max-video-preview:-1"},"canonical":"https:\/\/www.geopolitics.fr\/en\/2026\/04\/26\/cabinet-de-nicolas-isnard-on-prend-les-memes-et-on-recommence\/","og_locale":"en_GB","og_type":"article","og_title":"M\u00e9tropole Aix-Marseille\u00a0: on prend les m\u00eames et on recommence\u00a0?","og_description":"Les nominations au Cabinet de Nicolas Isnard, Pr\u00e9sident de la M\u00e9tropole Aix Marseille suscitent la perplexit\u00e9 et tourn\u00e9es vers le pass\u00e9","og_url":"https:\/\/www.geopolitics.fr\/en\/2026\/04\/26\/cabinet-de-nicolas-isnard-on-prend-les-memes-et-on-recommence\/","og_site_name":"Geopolitics.fr","article_publisher":"https:\/\/www.facebook.com\/people\/Erwan-Davoux\/61557098968092\/","article_author":"Erwan Davoux","article_published_time":"2026-04-26T15:30:00+00:00","article_modified_time":"2026-04-26T16:53:51+00:00","og_image":[{"width":1920,"height":1229,"url":"https:\/\/www.geopolitics.fr\/wp-content\/uploads\/2026\/04\/ficelles.jpg","type":"image\/jpeg"}],"author":"Erwan Davoux","twitter_card":"summary_large_image","twitter_creator":"@erwandavoux @Geo_politicsfr","twitter_site":"@Geopolitics_Fr","twitter_misc":{"Written by":"Erwan Davoux","Estimated reading time":"8 minutes"},"schema":{"@context":"https:\/\/schema.org","@graph":[{"@type":"Article","@id":"https:\/\/www.geopolitics.fr\/2026\/04\/26\/cabinet-de-nicolas-isnard-on-prend-les-memes-et-on-recommence\/#article","isPartOf":{"@id":"https:\/\/www.geopolitics.fr\/2026\/04\/26\/cabinet-de-nicolas-isnard-on-prend-les-memes-et-on-recommence\/"},"author":{"name":"Erwan Davoux","@id":"https:\/\/www.geopolitics.fr\/#\/schema\/person\/a487273e91313e368925717400fa1b11"},"headline":"M\u00e9tropole Aix-Marseille\u00a0: on prend les m\u00eames et on recommence\u00a0?","datePublished":"2026-04-26T15:30:00+00:00","dateModified":"2026-04-26T16:53:51+00:00","mainEntityOfPage":{"@id":"https:\/\/www.geopolitics.fr\/2026\/04\/26\/cabinet-de-nicolas-isnard-on-prend-les-memes-et-on-recommence\/"},"wordCount":1667,"publisher":{"@id":"https:\/\/www.geopolitics.fr\/#organization"},"image":{"@id":"https:\/\/www.geopolitics.fr\/2026\/04\/26\/cabinet-de-nicolas-isnard-on-prend-les-memes-et-on-recommence\/#primaryimage"},"thumbnailUrl":"https:\/\/www.geopolitics.fr\/wp-content\/uploads\/2026\/04\/ficelles.jpg","keywords":["GHALI","ISNARD","METROPOLE AIX MARSEILLE"],"articleSection":["LOCAL (13)","Mis en AVANT","politique"],"inLanguage":"en-GB"},{"@type":"WebPage","@id":"https:\/\/www.geopolitics.fr\/2026\/04\/26\/cabinet-de-nicolas-isnard-on-prend-les-memes-et-on-recommence\/","url":"https:\/\/www.geopolitics.fr\/2026\/04\/26\/cabinet-de-nicolas-isnard-on-prend-les-memes-et-on-recommence\/","name":"M\u00e9tropole Aix-Marseille\u00a0: on prend les m\u00eames et on recommence\u00a0? | Geopolitics.fr","isPartOf":{"@id":"https:\/\/www.geopolitics.fr\/#website"},"primaryImageOfPage":{"@id":"https:\/\/www.geopolitics.fr\/2026\/04\/26\/cabinet-de-nicolas-isnard-on-prend-les-memes-et-on-recommence\/#primaryimage"},"image":{"@id":"https:\/\/www.geopolitics.fr\/2026\/04\/26\/cabinet-de-nicolas-isnard-on-prend-les-memes-et-on-recommence\/#primaryimage"},"thumbnailUrl":"https:\/\/www.geopolitics.fr\/wp-content\/uploads\/2026\/04\/ficelles.jpg","datePublished":"2026-04-26T15:30:00+00:00","dateModified":"2026-04-26T16:53:51+00:00","description":"Les nominations au Cabinet de Nicolas Isnard, Pr\u00e9sident de la M\u00e9tropole Aix Marseille suscitent la perplexit\u00e9 et tourn\u00e9es vers le pass\u00e9","breadcrumb":{"@id":"https:\/\/www.geopolitics.fr\/2026\/04\/26\/cabinet-de-nicolas-isnard-on-prend-les-memes-et-on-recommence\/#breadcrumb"},"inLanguage":"en-GB","potentialAction":[{"@type":"ReadAction","target":["https:\/\/www.geopolitics.fr\/2026\/04\/26\/cabinet-de-nicolas-isnard-on-prend-les-memes-et-on-recommence\/"]}]},{"@type":"ImageObject","inLanguage":"en-GB","@id":"https:\/\/www.geopolitics.fr\/2026\/04\/26\/cabinet-de-nicolas-isnard-on-prend-les-memes-et-on-recommence\/#primaryimage","url":"https:\/\/www.geopolitics.fr\/wp-content\/uploads\/2026\/04\/ficelles.jpg","contentUrl":"https:\/\/www.geopolitics.fr\/wp-content\/uploads\/2026\/04\/ficelles.jpg","width":1920,"height":1229,"caption":"Hand controls the rope tied to the finger"},{"@type":"BreadcrumbList","@id":"https:\/\/www.geopolitics.fr\/2026\/04\/26\/cabinet-de-nicolas-isnard-on-prend-les-memes-et-on-recommence\/#breadcrumb","itemListElement":[{"@type":"ListItem","position":1,"name":"Accueil","item":"https:\/\/www.geopolitics.fr\/"},{"@type":"ListItem","position":2,"name":"M\u00e9tropole Aix-Marseille\u00a0: on prend les m\u00eames et on recommence\u00a0?"}]},{"@type":"WebSite","@id":"https:\/\/www.geopolitics.fr\/#website","url":"https:\/\/www.geopolitics.fr\/","name":"Geopolitics.fr","description":"Geopolitics.fr Analyse politique, relations internationales, d\u00e9fense - ligne \u00e9ditoriale gaullo-chiraquienne","publisher":{"@id":"https:\/\/www.geopolitics.fr\/#organization"},"potentialAction":[{"@type":"SearchAction","target":{"@type":"EntryPoint","urlTemplate":"https:\/\/www.geopolitics.fr\/?s={search_term_string}"},"query-input":{"@type":"PropertyValueSpecification","valueRequired":true,"valueName":"search_term_string"}}],"inLanguage":"en-GB"},{"@type":"Organization","@id":"https:\/\/www.geopolitics.fr\/#organization","name":"Geopolitics.fr","url":"https:\/\/www.geopolitics.fr\/","logo":{"@type":"ImageObject","inLanguage":"en-GB","@id":"https:\/\/www.geopolitics.fr\/#\/schema\/logo\/image\/","url":"https:\/\/www.geopolitics.fr\/wp-content\/uploads\/2024\/01\/logo.jpg","contentUrl":"https:\/\/www.geopolitics.fr\/wp-content\/uploads\/2024\/01\/logo.jpg","width":500,"height":500,"caption":"Geopolitics.fr"},"image":{"@id":"https:\/\/www.geopolitics.fr\/#\/schema\/logo\/image\/"},"sameAs":["https:\/\/www.facebook.com\/people\/Erwan-Davoux\/61557098968092\/","https:\/\/x.com\/Geopolitics_Fr"]},{"@type":"Person","@id":"https:\/\/www.geopolitics.fr\/#\/schema\/person\/a487273e91313e368925717400fa1b11","name":"Erwan Davoux","image":{"@type":"ImageObject","inLanguage":"en-GB","@id":"https:\/\/www.geopolitics.fr\/wp-content\/uploads\/2026\/05\/moi-96x96.jpg","url":"https:\/\/www.geopolitics.fr\/wp-content\/uploads\/2026\/05\/moi-96x96.jpg","contentUrl":"https:\/\/www.geopolitics.fr\/wp-content\/uploads\/2026\/05\/moi-96x96.jpg","caption":"Erwan Davoux"},"description":"Erwan DAVOUX est Pr\u00e9sident de LMD CONSEIL, (conseil strat\u00e9gique, intelligence \u00e9conomique, risque g\u00e9opolitique, influence politique, diplomatie \u00e9conomique). Dipl\u00f4m\u00e9 de l'IEP de Paris et de l'INALCO (d\u00e9partement d'\u00e9tudes arabes), il est directeur de la publication de geopolitics.fr. Ancien fonctionnaire au Minist\u00e8re de l'Int\u00e9rieur et de la D\u00e9fense (DGSE) Ancien charg\u00e9 de Mission \u00e0 la Pr\u00e9sidence de la R\u00e9publique (cellule diplomatique) Conseil de nombreuses personnalit\u00e9s politiques \u00e0 l'International (dont deux anciens Premiers ministres).","sameAs":["Erwan Davoux","@erwandavoux","https:\/\/www.linkedin.com\/in\/erwan-davoux-6800b289\/","https:\/\/x.com\/@erwandavoux @Geo_politicsfr"],"url":"https:\/\/www.geopolitics.fr\/en\/author\/erwan-davoux\/"}]}},"_links":{"self":[{"href":"https:\/\/www.geopolitics.fr\/en\/wp-json\/wp\/v2\/posts\/4021","targetHints":{"allow":["GET"]}}],"collection":[{"href":"https:\/\/www.geopolitics.fr\/en\/wp-json\/wp\/v2\/posts"}],"about":[{"href":"https:\/\/www.geopolitics.fr\/en\/wp-json\/wp\/v2\/types\/post"}],"author":[{"embeddable":true,"href":"https:\/\/www.geopolitics.fr\/en\/wp-json\/wp\/v2\/users\/16"}],"replies":[{"embeddable":true,"href":"https:\/\/www.geopolitics.fr\/en\/wp-json\/wp\/v2\/comments?post=4021"}],"version-history":[{"count":0,"href":"https:\/\/www.geopolitics.fr\/en\/wp-json\/wp\/v2\/posts\/4021\/revisions"}],"wp:featuredmedia":[{"embeddable":true,"href":"https:\/\/www.geopolitics.fr\/en\/wp-json\/wp\/v2\/media\/4022"}],"wp:attachment":[{"href":"https:\/\/www.geopolitics.fr\/en\/wp-json\/wp\/v2\/media?parent=4021"}],"wp:term":[{"taxonomy":"category","embeddable":true,"href":"https:\/\/www.geopolitics.fr\/en\/wp-json\/wp\/v2\/categories?post=4021"},{"taxonomy":"post_tag","embeddable":true,"href":"https:\/\/www.geopolitics.fr\/en\/wp-json\/wp\/v2\/tags?post=4021"}],"curies":[{"name":"wp","href":"https:\/\/api.w.org\/{rel}","templated":true}]}}