{"id":3983,"date":"2026-04-23T21:12:10","date_gmt":"2026-04-23T19:12:10","guid":{"rendered":"https:\/\/www.geopolitics.fr\/?p=3983"},"modified":"2026-04-24T17:50:25","modified_gmt":"2026-04-24T15:50:25","slug":"de-gaza-a-teheran-la-diplomatie-francaise-face-a-lepreuve-de-la-contrainte-strategique","status":"publish","type":"post","link":"https:\/\/www.geopolitics.fr\/en\/2026\/04\/23\/de-gaza-a-teheran-la-diplomatie-francaise-face-a-lepreuve-de-la-contrainte-strategique\/","title":{"rendered":"De Gaza \u00e0 T\u00e9h\u00e9ran : la diplomatie fran\u00e7aise face \u00e0 l&rsquo;\u00e9preuve de la contrainte strat\u00e9gique"},"content":{"rendered":"<h2 class=\"wp-block-heading has-medium-font-size\" id=\"h-entre-continuite-gaulliste-et-reduction-des-marges-d-autonomie-comment-paris-tente-de-peser-dans-un-moyen-orient-recompose-par-la-guerre\">Entre continuit\u00e9 gaulliste et r\u00e9duction des marges d&rsquo;autonomie : comment Paris tente de peser dans un Moyen-Orient recompos\u00e9 par la guerre.<\/h2>\n\n\n\n<p class=\"has-medium-font-size wp-block-paragraph\">Il existe des moments dans les relations internationales o\u00f9 les bonnes intentions diplomatiques ne suffisent plus \u00e0 masquer les rapports de force. Depuis le 28 f\u00e9vrier 2026, date \u00e0 laquelle les \u00c9tats-Unis et Isra\u00ebl ont d\u00e9clench\u00e9 leurs frappes contre l&rsquo;Iran, la France vit l&rsquo;un de ces moments. Le d\u00e9troit d&rsquo;Ormuz est bloqu\u00e9 depuis d\u00e9but mars. Un militaire fran\u00e7ais de la FINUL a \u00e9t\u00e9 tu\u00e9 au Liban. La guerre au Moyen-Orient co\u00fbte quelque 6 milliards d&rsquo;euros \u00e0 l&rsquo;\u00e9conomie fran\u00e7aise. Ce n&rsquo;est plus de la g\u00e9opolitique abstraite : c&rsquo;est une contrainte concr\u00e8te, budg\u00e9taire, strat\u00e9gique, diplomatique.<\/p>\n\n\n\n<p class=\"has-medium-font-size wp-block-paragraph\">Face \u00e0 cette s\u00e9quence in\u00e9dite depuis la guerre du Golfe, la diplomatie fran\u00e7aise tente de tenir une ligne qui lui est constitutive depuis de Gaulle : ni vassal am\u00e9ricain, ni neutralit\u00e9 st\u00e9rile, mais puissance d&rsquo;\u00e9quilibre capable de peser dans les crises sans s&rsquo;y dissoudre. La question est de savoir si cette ambition r\u00e9siste encore \u00e0 l&rsquo;\u00e9preuve des faits.<\/p>\n\n\n\n<h2 class=\"wp-block-heading has-medium-font-size\" id=\"h-gaza-d-une-posture-d-equilibre-a-un-acte-diplomatique-majeur\">Gaza : d&rsquo;une posture d&rsquo;\u00e9quilibre \u00e0 un acte diplomatique majeur<\/h2>\n\n\n\n<p class=\"has-medium-font-size wp-block-paragraph\">Pendant deux ans, la position fran\u00e7aise sur Gaza a \u00e9t\u00e9 marqu\u00e9e par une prudence calcul\u00e9e : soutien au droit d&rsquo;Isra\u00ebl \u00e0 se d\u00e9fendre, appel \u00e0 la protection des civils, d\u00e9fense de la solution \u00e0 deux \u00c9tats. Une ligne juste mais qui, faute de traduction concr\u00e8te, ressemblait davantage \u00e0 une d\u00e9claration de principe qu&rsquo;\u00e0 une politique.<\/p>\n\n\n\n<p class=\"has-medium-font-size wp-block-paragraph\">La rupture est venue le 22 septembre 2025. Devant la 80e Assembl\u00e9e g\u00e9n\u00e9rale des Nations unies, Emmanuel Macron a reconnu officiellement l&rsquo;\u00c9tat de Palestine. \u00ab Oui, le temps est venu d&rsquo;arr\u00eater la guerre \u00e0 Gaza, les massacres, la mort. L&rsquo;urgence nous le commande. Le temps est venu de rendre justice au peuple palestinien \u00bb, a d\u00e9clar\u00e9 le chef de l&rsquo;\u00c9tat \u00e0 New York. Cette annonce, pr\u00e9par\u00e9e en amont avec l&rsquo;Arabie saoudite, s&rsquo;inscrivait dans une initiative diplomatique plus large : la France et Riyad avaient copr\u00e9sid\u00e9 fin juillet 2025 une conf\u00e9rence onusienne sur la solution \u00e0 deux \u00c9tats, aboutissant \u00e0 la \u00ab D\u00e9claration de New York \u00bb, adopt\u00e9e le 12 septembre par 142 \u00c9tats membres.<\/p>\n\n\n\n<p class=\"has-medium-font-size wp-block-paragraph\">Ce faisant, Paris franchissait un seuil que Londres, Ottawa et Canberra ont franchi au m\u00eame moment. Avec la France et le Royaume-Uni, quatre des cinq membres permanents du Conseil de s\u00e9curit\u00e9 reconnaissaient d\u00e9sormais l&rsquo;\u00c9tat palestinien, isolant de fait les \u00c9tats-Unis sur ce dossier. C&rsquo;est l\u00e0 un acte diplomatique de premier plan, non une posture. Il r\u00e9v\u00e8le une capacit\u00e9 d&rsquo;initiative r\u00e9elle,&nbsp; mais aussi ses limites : Isra\u00ebl et Washington ont refus\u00e9 de participer au sommet, et la r\u00e9alit\u00e9 de terrain \u00e0 Gaza n&rsquo;en a pas \u00e9t\u00e9 imm\u00e9diatement modifi\u00e9e.<\/p>\n\n\n\n<h2 class=\"wp-block-heading\" id=\"h-iran-de-la-diplomatie-nucleaire-a-la-gestion-d-un-conflit-ouvert\">Iran : de la diplomatie nucl\u00e9aire \u00e0 la gestion d&rsquo;un conflit ouvert<\/h2>\n\n\n\n<p class=\"has-medium-font-size wp-block-paragraph\">La relation franco-iranienne s&rsquo;est profond\u00e9ment transform\u00e9e en l&rsquo;espace de quelques mois. Fin 2025, elle relevait encore de la diplomatie nucl\u00e9aire classique. Le 26 novembre 2025, le ministre Jean-No\u00ebl Barrot s&rsquo;entretenait avec son homologue Abbas Araghchi \u00e0 Paris, l&rsquo;appelant \u00e0 reprendre les n\u00e9gociations et \u00e0 se conformer aux obligations de l&rsquo;AIEA,&nbsp; tout en soulevant le sort de ressortissants fran\u00e7ais d\u00e9tenus \u00e0 T\u00e9h\u00e9ran. Paris maintenant alors la ligne d&rsquo;un dialogue exigeant, h\u00e9rit\u00e9e du format E3 (France, Allemagne, Royaume-Uni) qui avait co-n\u00e9goci\u00e9 le JCPOA.<\/p>\n\n\n\n<p class=\"has-medium-font-size wp-block-paragraph\">Puis la guerre a \u00e9clat\u00e9. Le 28 f\u00e9vrier 2026, les frappes am\u00e9ricano-isra\u00e9liennes ont tu\u00e9 le Guide supr\u00eame Ali Khamenei et d\u00e9clench\u00e9 une riposte iranienne massive : missiles sur les pays du Golfe, fermeture du d\u00e9troit d&rsquo;Ormuz \u00e0 partir du 1er mars, pose de mines navales, attaques contre des p\u00e9troliers. Le 2 mars, Barrot tenait une conf\u00e9rence de presse pour affirmer que la France \u00e9tait \u00ab pr\u00eate \u00e0 participer \u00e0 la d\u00e9fense \u00bb de ses alli\u00e9s du Golfe, Arabie saoudite, \u00c9mirats, Qatar, Irak, Bahre\u00efn, Kowe\u00eft, Oman, Jordanie, tout en refusant explicitement de participer \u00e0 \u00ab toute ouverture de force du D\u00e9troit dans le contexte des op\u00e9rations de guerre \u00bb.<\/p>\n\n\n\n<p class=\"has-medium-font-size wp-block-paragraph\">Cette distinction est l&rsquo;expression m\u00eame de la ligne fran\u00e7aise : solidarit\u00e9 avec les alli\u00e9s r\u00e9gionaux, refus de la logique de bellig\u00e9rance, maintien d&rsquo;une fen\u00eatre diplomatique. Le 19 mars, Paris cosignait avec ses partenaires du G7 un communiqu\u00e9 condamnant fermement le blocage d&rsquo;Ormuz et appelant \u00e0 la conformit\u00e9 avec la r\u00e9solution 2817 du Conseil de s\u00e9curit\u00e9. Le 26 mars, lors de la r\u00e9union des ministres des Affaires \u00e9trang\u00e8res du G7 \u00e0 l&rsquo;abbaye des Vaux-de-Cernay sous pr\u00e9sidence fran\u00e7aise , Barrot tentait encore de construire des \u00ab voies de n\u00e9gociation \u00bb pour encourager la d\u00e9sescalade.<\/p>\n\n\n\n<h2 class=\"wp-block-heading\" id=\"h-le-detroit-d-ormuz-quand-la-contrainte-systemique-devient-physique\">Le d\u00e9troit d&rsquo;Ormuz : quand la contrainte syst\u00e9mique devient physique<\/h2>\n\n\n\n<p class=\"has-medium-font-size wp-block-paragraph\">Le d\u00e9troit d&rsquo;Ormuz est la v\u00e9rification empirique de toutes les abstractions diplomatiques. Vingt pour cent du commerce mondial de p\u00e9trole y transitent. Sa fermeture de facto depuis le 1er mars 2026, avec 150 navires bloqu\u00e9s d\u00e8s les premiers jours, a provoqu\u00e9 une hausse de plus de 15 % des prix du p\u00e9trole et des r\u00e9percussions directes en France : flamb\u00e9e des carburants, aides d&rsquo;urgence aux p\u00eacheurs et aux \u00ab grands rouleurs \u00bb, tensions agricoles.<\/p>\n\n\n\n<p class=\"has-medium-font-size wp-block-paragraph\">C&rsquo;est dans ce contexte que la France a d\u00e9ploy\u00e9 une diplomatie maritime active. Elle a co-organis\u00e9 avec le Royaume-Uni un sommet de 51 pays sur la libert\u00e9 de navigation dans le d\u00e9troit. Elle a particip\u00e9 aux discussions du G7 sur l&rsquo;escorte de convois. Elle dispose d&rsquo;une pr\u00e9sence en M\u00e9diterran\u00e9e orientale et s&rsquo;est engag\u00e9e dans le cadre de l&rsquo;op\u00e9ration europ\u00e9enne ASPIDES pour la s\u00e9curit\u00e9 maritime en mer Rouge. Mais voil\u00e0 la limite structurelle : c&rsquo;est Washington qui a finalement structur\u00e9 la r\u00e9ponse militaire. C&rsquo;est Trump qui a annonc\u00e9 que l&rsquo;US Navy escorterait les p\u00e9troliers \u00ab d\u00e8s que possible \u00bb. C&rsquo;est lui encore qui a annonc\u00e9 le cessez-le-feu du 8 avril 2026, puis sa prolongation au 21 avril.<\/p>\n\n\n\n<p class=\"has-medium-font-size wp-block-paragraph\">La France a pes\u00e9 dans le cadre multilat\u00e9ral. Elle n&rsquo;a pas structur\u00e9 le d\u00e9nouement. C&rsquo;est l\u00e0 une r\u00e9alit\u00e9 qu&rsquo;il faut nommer sans l&rsquo;habiller de m\u00e9taphores.<\/p>\n\n\n\n<h2 class=\"wp-block-heading\" id=\"h-l-autonomie-strategique-europeenne-concept-ou-realite-operationnelle\">L&rsquo;autonomie strat\u00e9gique europ\u00e9enne : concept ou r\u00e9alit\u00e9 op\u00e9rationnelle ?<\/h2>\n\n\n\n<p class=\"has-medium-font-size wp-block-paragraph\">La crise de mars-avril 2026 constitue un test grandeur nature pour la notion d&rsquo;autonomie strat\u00e9gique europ\u00e9enne, port\u00e9e depuis des ann\u00e9es par Paris comme horizon politique. Le bilan est nuanc\u00e9.<\/p>\n\n\n\n<p class=\"has-medium-font-size wp-block-paragraph\">D&rsquo;un c\u00f4t\u00e9, l&rsquo;Europe n&rsquo;est pas absente. Le G7 sous pr\u00e9sidence fran\u00e7aise a \u00e9t\u00e9 un cadre actif. Les Europ\u00e9ens ont coordonn\u00e9 leurs positions sur le nucl\u00e9aire iranien, la libert\u00e9 de navigation, les sanctions. La France a utilis\u00e9 sa pr\u00e9sidence du G7 pour tenter d&rsquo;imposer une logique de d\u00e9sescalade l\u00e0 o\u00f9 Trump penchait vers la confrontation.<\/p>\n\n\n\n<p class=\"has-medium-font-size wp-block-paragraph\">De l&rsquo;autre, les limites sont saillantes. La d\u00e9pendance s\u00e9curitaire \u00e0 l&rsquo;\u00e9gard de l&rsquo;OTAN et de la puissance am\u00e9ricaine demeure d\u00e9terminante d\u00e8s lors que le conflit bascule dans la phase militaire ouverte.&nbsp;<\/p>\n\n\n\n<p class=\"has-medium-font-size wp-block-paragraph\">La fragmentation des int\u00e9r\u00eats nationaux europ\u00e9ens certains \u00c9tats membres plus align\u00e9s sur Washington, d&rsquo;autres plus prudents, r\u00e9duit la capacit\u00e9 d&rsquo;action collective. Et les mesures extraterritoriales am\u00e9ricaines continuent de contraindre les partenaires europ\u00e9ens qui voudraient maintenir des canaux ouverts avec T\u00e9h\u00e9ran.<\/p>\n\n\n\n<p class=\"has-medium-font-size wp-block-paragraph\">L&rsquo;autonomie strat\u00e9gique reste donc davantage un cap qu&rsquo;une r\u00e9alit\u00e9 op\u00e9rationnelle. Elle progresse, la France y travaille, mais elle bute sur des structures que ni Paris seule ni l&rsquo;Europe unie n&rsquo;ont encore les moyens de surmonter en situation de crise majeure.<\/p>\n\n\n\n<h2 class=\"wp-block-heading\" id=\"h-une-puissance-d-initiative-dans-un-monde-de-resultats\">Une puissance d&rsquo;initiative dans un monde de r\u00e9sultats<\/h2>\n\n\n\n<p class=\"has-medium-font-size wp-block-paragraph\">Ce qui se dessine \u00e0 travers les dossiers gazaoui et iranien n&rsquo;est pas un d\u00e9clin de la diplomatie fran\u00e7aise, mais une clarification de sa fonction. La France reste capable d&rsquo;initiatives structurantes, la reconnaissance de la Palestine en est la preuve et d&rsquo;une pr\u00e9sence active dans les enceintes multilat\u00e9rales. Elle a su, dans la crise d&rsquo;Ormuz, maintenir une distinction entre solidarit\u00e9 d\u00e9fensive et participation offensive, ce qui n&rsquo;est pas rien dans un contexte de pression am\u00e9ricaine forte.<\/p>\n\n\n\n<p class=\"has-medium-font-size wp-block-paragraph\">Mais le monde ne juge plus les puissances interm\u00e9diaires \u00e0 leurs positions : il les juge \u00e0 leurs effets. Sur Gaza, malgr\u00e9 la reconnaissance de septembre 2025 et la D\u00e9claration de New York, le conflit dure et l&rsquo;aide humanitaire reste insuffisante. Sur l&rsquo;Iran, malgr\u00e9 le travail diplomatique, c&rsquo;est Trump qui a obtenu le cessez-le-feu. Sur Ormuz, malgr\u00e9 les sommets, la route maritime reste instable.<\/p>\n\n\n\n<p class=\"has-medium-font-size wp-block-paragraph\">La question centrale pour la diplomatie fran\u00e7aise n&rsquo;est donc pas celle de sa l\u00e9gitimit\u00e9, elle est reconnue, ni m\u00eame de sa coh\u00e9rence, elle tient. C&rsquo;est celle de l&rsquo;efficacit\u00e9 dans un monde o\u00f9 les r\u00e9sultats d\u00e9pendent de moins en moins de la qualit\u00e9 des analyses et de plus en plus de la capacit\u00e9 \u00e0 mobiliser des coalitions de puissance. C&rsquo;est \u00e0 cette exigence que Paris doit d\u00e9sormais r\u00e9pondre, au-del\u00e0 des formules et des tribunes.<\/p>","protected":false},"excerpt":{"rendered":"<p>Entre continuit\u00e9 gaulliste et r\u00e9duction des marges d&rsquo;autonomie : comment Paris tente de peser dans un Moyen-Orient recompos\u00e9 par la guerre. Il&hellip;<\/p>","protected":false},"author":31730,"featured_media":3987,"comment_status":"closed","ping_status":"closed","sticky":false,"template":"","format":"standard","meta":{"_lmt_disableupdate":"","_lmt_disable":"","footnotes":""},"categories":[635,605,4,612],"tags":[336,69,105],"class_list":["post-3983","post","type-post","status-publish","format-standard","has-post-thumbnail","hentry","category-diplomatie","category-france","category-mis-en-avant","category-monde-arabe","tag-diplomatie-francaise-2","tag-gaza","tag-iran"],"yoast_head":"<!-- This site is optimized with the Yoast SEO Premium plugin v28.1 (Yoast SEO v28.1) - https:\/\/yoast.com\/product\/yoast-seo-premium-wordpress\/ -->\n<title>De Gaza \u00e0 T\u00e9h\u00e9ran : la diplomatie fran\u00e7aise face \u00e0 l&#039;\u00e9preuve de la contrainte strat\u00e9gique | Geopolitics.fr<\/title>\n<meta name=\"description\" content=\"Comment une puissance telle que la France peut-elle continuer \u00e0 peser dans un monde qui \u00e9chappe de plus en plus aux logiques d&#039;\u00e9quilibre ?\" \/>\n<meta name=\"robots\" content=\"index, follow, max-snippet:-1, max-image-preview:large, max-video-preview:-1\" \/>\n<link rel=\"canonical\" href=\"https:\/\/www.geopolitics.fr\/en\/2026\/04\/23\/de-gaza-a-teheran-la-diplomatie-francaise-face-a-lepreuve-de-la-contrainte-strategique\/\" \/>\n<meta property=\"og:locale\" content=\"en_GB\" \/>\n<meta property=\"og:type\" content=\"article\" \/>\n<meta property=\"og:title\" content=\"De Gaza \u00e0 T\u00e9h\u00e9ran : la diplomatie fran\u00e7aise face \u00e0 l&#039;\u00e9preuve de la contrainte strat\u00e9gique\" \/>\n<meta property=\"og:description\" content=\"Comment une puissance telle que la France peut-elle continuer \u00e0 peser dans un monde qui \u00e9chappe de plus en plus aux logiques d&#039;\u00e9quilibre ?\" \/>\n<meta property=\"og:url\" content=\"https:\/\/www.geopolitics.fr\/en\/2026\/04\/23\/de-gaza-a-teheran-la-diplomatie-francaise-face-a-lepreuve-de-la-contrainte-strategique\/\" \/>\n<meta property=\"og:site_name\" content=\"Geopolitics.fr\" \/>\n<meta property=\"article:publisher\" content=\"https:\/\/www.facebook.com\/people\/Erwan-Davoux\/61557098968092\/\" \/>\n<meta property=\"article:published_time\" content=\"2026-04-23T19:12:10+00:00\" \/>\n<meta property=\"article:modified_time\" content=\"2026-04-24T15:50:25+00:00\" \/>\n<meta property=\"og:image\" content=\"https:\/\/www.geopolitics.fr\/wp-content\/uploads\/2026\/04\/quai-orsay.jpg\" \/>\n\t<meta property=\"og:image:width\" content=\"1920\" \/>\n\t<meta property=\"og:image:height\" content=\"1619\" \/>\n\t<meta property=\"og:image:type\" content=\"image\/jpeg\" \/>\n<meta name=\"author\" content=\"Ghizlaine Badri\" \/>\n<meta name=\"twitter:card\" content=\"summary_large_image\" \/>\n<meta name=\"twitter:creator\" content=\"@Geopolitics_Fr\" \/>\n<meta name=\"twitter:site\" content=\"@Geopolitics_Fr\" \/>\n<meta name=\"twitter:label1\" content=\"Written by\" \/>\n\t<meta name=\"twitter:data1\" content=\"Ghizlaine Badri\" \/>\n\t<meta name=\"twitter:label2\" content=\"Estimated reading time\" \/>\n\t<meta name=\"twitter:data2\" content=\"8 minutes\" \/>\n<script type=\"application\/ld+json\" class=\"yoast-schema-graph\">{\"@context\":\"https:\\\/\\\/schema.org\",\"@graph\":[{\"@type\":\"Article\",\"@id\":\"https:\\\/\\\/www.geopolitics.fr\\\/2026\\\/04\\\/23\\\/de-gaza-a-teheran-la-diplomatie-francaise-face-a-lepreuve-de-la-contrainte-strategique\\\/#article\",\"isPartOf\":{\"@id\":\"https:\\\/\\\/www.geopolitics.fr\\\/2026\\\/04\\\/23\\\/de-gaza-a-teheran-la-diplomatie-francaise-face-a-lepreuve-de-la-contrainte-strategique\\\/\"},\"author\":{\"name\":\"Ghizlaine Badri\",\"@id\":\"https:\\\/\\\/www.geopolitics.fr\\\/#\\\/schema\\\/person\\\/c36b165f511617c65a2bf8f8abd9af41\"},\"headline\":\"De Gaza \u00e0 T\u00e9h\u00e9ran : la diplomatie fran\u00e7aise face \u00e0 l&rsquo;\u00e9preuve de la contrainte strat\u00e9gique\",\"datePublished\":\"2026-04-23T19:12:10+00:00\",\"dateModified\":\"2026-04-24T15:50:25+00:00\",\"mainEntityOfPage\":{\"@id\":\"https:\\\/\\\/www.geopolitics.fr\\\/2026\\\/04\\\/23\\\/de-gaza-a-teheran-la-diplomatie-francaise-face-a-lepreuve-de-la-contrainte-strategique\\\/\"},\"wordCount\":1556,\"publisher\":{\"@id\":\"https:\\\/\\\/www.geopolitics.fr\\\/#organization\"},\"image\":{\"@id\":\"https:\\\/\\\/www.geopolitics.fr\\\/2026\\\/04\\\/23\\\/de-gaza-a-teheran-la-diplomatie-francaise-face-a-lepreuve-de-la-contrainte-strategique\\\/#primaryimage\"},\"thumbnailUrl\":\"https:\\\/\\\/www.geopolitics.fr\\\/wp-content\\\/uploads\\\/2026\\\/04\\\/quai-orsay.jpg\",\"keywords\":[\"diplomatie fran\u00e7aise\",\"gaza\",\"iran\"],\"articleSection\":[\"Diplomatie\",\"FRANCE\",\"Mis en AVANT\",\"Monde arabe\"],\"inLanguage\":\"en-GB\"},{\"@type\":\"WebPage\",\"@id\":\"https:\\\/\\\/www.geopolitics.fr\\\/2026\\\/04\\\/23\\\/de-gaza-a-teheran-la-diplomatie-francaise-face-a-lepreuve-de-la-contrainte-strategique\\\/\",\"url\":\"https:\\\/\\\/www.geopolitics.fr\\\/2026\\\/04\\\/23\\\/de-gaza-a-teheran-la-diplomatie-francaise-face-a-lepreuve-de-la-contrainte-strategique\\\/\",\"name\":\"De Gaza \u00e0 T\u00e9h\u00e9ran : la diplomatie fran\u00e7aise face \u00e0 l'\u00e9preuve de la contrainte strat\u00e9gique | Geopolitics.fr\",\"isPartOf\":{\"@id\":\"https:\\\/\\\/www.geopolitics.fr\\\/#website\"},\"primaryImageOfPage\":{\"@id\":\"https:\\\/\\\/www.geopolitics.fr\\\/2026\\\/04\\\/23\\\/de-gaza-a-teheran-la-diplomatie-francaise-face-a-lepreuve-de-la-contrainte-strategique\\\/#primaryimage\"},\"image\":{\"@id\":\"https:\\\/\\\/www.geopolitics.fr\\\/2026\\\/04\\\/23\\\/de-gaza-a-teheran-la-diplomatie-francaise-face-a-lepreuve-de-la-contrainte-strategique\\\/#primaryimage\"},\"thumbnailUrl\":\"https:\\\/\\\/www.geopolitics.fr\\\/wp-content\\\/uploads\\\/2026\\\/04\\\/quai-orsay.jpg\",\"datePublished\":\"2026-04-23T19:12:10+00:00\",\"dateModified\":\"2026-04-24T15:50:25+00:00\",\"description\":\"Comment une puissance telle que la France peut-elle continuer \u00e0 peser dans un monde qui \u00e9chappe de plus en plus aux logiques d'\u00e9quilibre ?\",\"breadcrumb\":{\"@id\":\"https:\\\/\\\/www.geopolitics.fr\\\/2026\\\/04\\\/23\\\/de-gaza-a-teheran-la-diplomatie-francaise-face-a-lepreuve-de-la-contrainte-strategique\\\/#breadcrumb\"},\"inLanguage\":\"en-GB\",\"potentialAction\":[{\"@type\":\"ReadAction\",\"target\":[\"https:\\\/\\\/www.geopolitics.fr\\\/2026\\\/04\\\/23\\\/de-gaza-a-teheran-la-diplomatie-francaise-face-a-lepreuve-de-la-contrainte-strategique\\\/\"]}]},{\"@type\":\"ImageObject\",\"inLanguage\":\"en-GB\",\"@id\":\"https:\\\/\\\/www.geopolitics.fr\\\/2026\\\/04\\\/23\\\/de-gaza-a-teheran-la-diplomatie-francaise-face-a-lepreuve-de-la-contrainte-strategique\\\/#primaryimage\",\"url\":\"https:\\\/\\\/www.geopolitics.fr\\\/wp-content\\\/uploads\\\/2026\\\/04\\\/quai-orsay.jpg\",\"contentUrl\":\"https:\\\/\\\/www.geopolitics.fr\\\/wp-content\\\/uploads\\\/2026\\\/04\\\/quai-orsay.jpg\",\"width\":1920,\"height\":1619,\"caption\":\"A government building in Paris during Le Bastille day. All flags and decorations are displayed on the 14th of July.\"},{\"@type\":\"BreadcrumbList\",\"@id\":\"https:\\\/\\\/www.geopolitics.fr\\\/2026\\\/04\\\/23\\\/de-gaza-a-teheran-la-diplomatie-francaise-face-a-lepreuve-de-la-contrainte-strategique\\\/#breadcrumb\",\"itemListElement\":[{\"@type\":\"ListItem\",\"position\":1,\"name\":\"Accueil\",\"item\":\"https:\\\/\\\/www.geopolitics.fr\\\/\"},{\"@type\":\"ListItem\",\"position\":2,\"name\":\"De Gaza \u00e0 T\u00e9h\u00e9ran : la diplomatie fran\u00e7aise face \u00e0 l&rsquo;\u00e9preuve de la contrainte strat\u00e9gique\"}]},{\"@type\":\"WebSite\",\"@id\":\"https:\\\/\\\/www.geopolitics.fr\\\/#website\",\"url\":\"https:\\\/\\\/www.geopolitics.fr\\\/\",\"name\":\"Geopolitics.fr\",\"description\":\"Geopolitics.fr Analyse politique, relations internationales, d\u00e9fense - ligne \u00e9ditoriale gaullo-chiraquienne\",\"publisher\":{\"@id\":\"https:\\\/\\\/www.geopolitics.fr\\\/#organization\"},\"potentialAction\":[{\"@type\":\"SearchAction\",\"target\":{\"@type\":\"EntryPoint\",\"urlTemplate\":\"https:\\\/\\\/www.geopolitics.fr\\\/?s={search_term_string}\"},\"query-input\":{\"@type\":\"PropertyValueSpecification\",\"valueRequired\":true,\"valueName\":\"search_term_string\"}}],\"inLanguage\":\"en-GB\"},{\"@type\":\"Organization\",\"@id\":\"https:\\\/\\\/www.geopolitics.fr\\\/#organization\",\"name\":\"Geopolitics.fr\",\"url\":\"https:\\\/\\\/www.geopolitics.fr\\\/\",\"logo\":{\"@type\":\"ImageObject\",\"inLanguage\":\"en-GB\",\"@id\":\"https:\\\/\\\/www.geopolitics.fr\\\/#\\\/schema\\\/logo\\\/image\\\/\",\"url\":\"https:\\\/\\\/www.geopolitics.fr\\\/wp-content\\\/uploads\\\/2024\\\/01\\\/logo.jpg\",\"contentUrl\":\"https:\\\/\\\/www.geopolitics.fr\\\/wp-content\\\/uploads\\\/2024\\\/01\\\/logo.jpg\",\"width\":500,\"height\":500,\"caption\":\"Geopolitics.fr\"},\"image\":{\"@id\":\"https:\\\/\\\/www.geopolitics.fr\\\/#\\\/schema\\\/logo\\\/image\\\/\"},\"sameAs\":[\"https:\\\/\\\/www.facebook.com\\\/people\\\/Erwan-Davoux\\\/61557098968092\\\/\",\"https:\\\/\\\/x.com\\\/Geopolitics_Fr\"]},{\"@type\":\"Person\",\"@id\":\"https:\\\/\\\/www.geopolitics.fr\\\/#\\\/schema\\\/person\\\/c36b165f511617c65a2bf8f8abd9af41\",\"name\":\"Ghizlaine Badri\",\"image\":{\"@type\":\"ImageObject\",\"inLanguage\":\"en-GB\",\"@id\":\"https:\\\/\\\/www.geopolitics.fr\\\/wp-content\\\/uploads\\\/2026\\\/04\\\/cropped-Ghizlaine-96x96.jpg\",\"url\":\"https:\\\/\\\/www.geopolitics.fr\\\/wp-content\\\/uploads\\\/2026\\\/04\\\/cropped-Ghizlaine-96x96.jpg\",\"contentUrl\":\"https:\\\/\\\/www.geopolitics.fr\\\/wp-content\\\/uploads\\\/2026\\\/04\\\/cropped-Ghizlaine-96x96.jpg\",\"caption\":\"Ghizlaine Badri\"},\"description\":\"R\u00e9dactrice en chef de Geopolitics.fr, Ghizlaine Badri est une Journaliste politique forte de vingt-cing ans d'exp\u00e9rience professionnelle dont quinze ans dans la Presse. Elle a construit un parcours \u00e0 l'intersection des sc\u00e8nes fran\u00e7aise, europ\u00e9enne et internationale. Ghizlaine a collabor\u00e9 avec pr\u00e8s d'une vingtaine de m\u00e9dias, parmi lesquels Le Point, Le Figaro, Les \u00c9chos, L'Express et Forbes. Correspondante Maroc\u2013Maghreb pour Le Point et correspondante Afrique pour Forbes, elle s'est distingu\u00e9e par une couverture approfondie des dynamiques politiques et diplomatiques entre l'Europe et le continent africain. Elle est \u00e0 ce jour la seule journaliste marocaine en activit\u00e9 \u00e0 avoir collabor\u00e9 avec des titres majeurs de la presse fran\u00e7aise hors sph\u00e8re panafricaine en France. Au sein du quotidien \u00e9conomique L'\u00c9conomiste, 1er quotidien au Maroc, elle a fond\u00e9 la rubrique France\u2013Maroc, contribuant \u00e0 structurer un espace \u00e9ditorial in\u00e9dit. Titulaire de trois masters obtenus en France, elle a travaill\u00e9 dans les domaines de la communication institutionnelle notamment \u00e0 la Mairie de Bordeaux aupr\u00e8s d'Alain Jupp\u00e9 et a \u00e9galement exerc\u00e9 des fonctions de direction en communication marketing, notamment aupr\u00e8s de l'Ambassade de France au Maroc. Polyglotte, elle est franco-italo-marocaine, n\u00e9e \u00e0 Casablanca, a v\u00e9cu \u00e0 New-York et maitrise cinq langues le fran\u00e7ais, l'arabe, l'anglais, l'italien et l'espagnol.\",\"url\":\"https:\\\/\\\/www.geopolitics.fr\\\/en\\\/author\\\/ghizlaine-badri\\\/\"}]}<\/script>\n<!-- \/ Yoast SEO Premium plugin. -->","yoast_head_json":{"title":"De Gaza \u00e0 T\u00e9h\u00e9ran : la diplomatie fran\u00e7aise face \u00e0 l'\u00e9preuve de la contrainte strat\u00e9gique | Geopolitics.fr","description":"Comment une puissance telle que la France peut-elle continuer \u00e0 peser dans un monde qui \u00e9chappe de plus en plus aux logiques d'\u00e9quilibre ?","robots":{"index":"index","follow":"follow","max-snippet":"max-snippet:-1","max-image-preview":"max-image-preview:large","max-video-preview":"max-video-preview:-1"},"canonical":"https:\/\/www.geopolitics.fr\/en\/2026\/04\/23\/de-gaza-a-teheran-la-diplomatie-francaise-face-a-lepreuve-de-la-contrainte-strategique\/","og_locale":"en_GB","og_type":"article","og_title":"De Gaza \u00e0 T\u00e9h\u00e9ran : la diplomatie fran\u00e7aise face \u00e0 l'\u00e9preuve de la contrainte strat\u00e9gique","og_description":"Comment une puissance telle que la France peut-elle continuer \u00e0 peser dans un monde qui \u00e9chappe de plus en plus aux logiques d'\u00e9quilibre ?","og_url":"https:\/\/www.geopolitics.fr\/en\/2026\/04\/23\/de-gaza-a-teheran-la-diplomatie-francaise-face-a-lepreuve-de-la-contrainte-strategique\/","og_site_name":"Geopolitics.fr","article_publisher":"https:\/\/www.facebook.com\/people\/Erwan-Davoux\/61557098968092\/","article_published_time":"2026-04-23T19:12:10+00:00","article_modified_time":"2026-04-24T15:50:25+00:00","og_image":[{"width":1920,"height":1619,"url":"https:\/\/www.geopolitics.fr\/wp-content\/uploads\/2026\/04\/quai-orsay.jpg","type":"image\/jpeg"}],"author":"Ghizlaine Badri","twitter_card":"summary_large_image","twitter_creator":"@Geopolitics_Fr","twitter_site":"@Geopolitics_Fr","twitter_misc":{"Written by":"Ghizlaine Badri","Estimated reading time":"8 minutes"},"schema":{"@context":"https:\/\/schema.org","@graph":[{"@type":"Article","@id":"https:\/\/www.geopolitics.fr\/2026\/04\/23\/de-gaza-a-teheran-la-diplomatie-francaise-face-a-lepreuve-de-la-contrainte-strategique\/#article","isPartOf":{"@id":"https:\/\/www.geopolitics.fr\/2026\/04\/23\/de-gaza-a-teheran-la-diplomatie-francaise-face-a-lepreuve-de-la-contrainte-strategique\/"},"author":{"name":"Ghizlaine Badri","@id":"https:\/\/www.geopolitics.fr\/#\/schema\/person\/c36b165f511617c65a2bf8f8abd9af41"},"headline":"De Gaza \u00e0 T\u00e9h\u00e9ran : la diplomatie fran\u00e7aise face \u00e0 l&rsquo;\u00e9preuve de la contrainte strat\u00e9gique","datePublished":"2026-04-23T19:12:10+00:00","dateModified":"2026-04-24T15:50:25+00:00","mainEntityOfPage":{"@id":"https:\/\/www.geopolitics.fr\/2026\/04\/23\/de-gaza-a-teheran-la-diplomatie-francaise-face-a-lepreuve-de-la-contrainte-strategique\/"},"wordCount":1556,"publisher":{"@id":"https:\/\/www.geopolitics.fr\/#organization"},"image":{"@id":"https:\/\/www.geopolitics.fr\/2026\/04\/23\/de-gaza-a-teheran-la-diplomatie-francaise-face-a-lepreuve-de-la-contrainte-strategique\/#primaryimage"},"thumbnailUrl":"https:\/\/www.geopolitics.fr\/wp-content\/uploads\/2026\/04\/quai-orsay.jpg","keywords":["diplomatie fran\u00e7aise","gaza","iran"],"articleSection":["Diplomatie","FRANCE","Mis en AVANT","Monde arabe"],"inLanguage":"en-GB"},{"@type":"WebPage","@id":"https:\/\/www.geopolitics.fr\/2026\/04\/23\/de-gaza-a-teheran-la-diplomatie-francaise-face-a-lepreuve-de-la-contrainte-strategique\/","url":"https:\/\/www.geopolitics.fr\/2026\/04\/23\/de-gaza-a-teheran-la-diplomatie-francaise-face-a-lepreuve-de-la-contrainte-strategique\/","name":"De Gaza \u00e0 T\u00e9h\u00e9ran : la diplomatie fran\u00e7aise face \u00e0 l'\u00e9preuve de la contrainte strat\u00e9gique | Geopolitics.fr","isPartOf":{"@id":"https:\/\/www.geopolitics.fr\/#website"},"primaryImageOfPage":{"@id":"https:\/\/www.geopolitics.fr\/2026\/04\/23\/de-gaza-a-teheran-la-diplomatie-francaise-face-a-lepreuve-de-la-contrainte-strategique\/#primaryimage"},"image":{"@id":"https:\/\/www.geopolitics.fr\/2026\/04\/23\/de-gaza-a-teheran-la-diplomatie-francaise-face-a-lepreuve-de-la-contrainte-strategique\/#primaryimage"},"thumbnailUrl":"https:\/\/www.geopolitics.fr\/wp-content\/uploads\/2026\/04\/quai-orsay.jpg","datePublished":"2026-04-23T19:12:10+00:00","dateModified":"2026-04-24T15:50:25+00:00","description":"Comment une puissance telle que la France peut-elle continuer \u00e0 peser dans un monde qui \u00e9chappe de plus en plus aux logiques d'\u00e9quilibre ?","breadcrumb":{"@id":"https:\/\/www.geopolitics.fr\/2026\/04\/23\/de-gaza-a-teheran-la-diplomatie-francaise-face-a-lepreuve-de-la-contrainte-strategique\/#breadcrumb"},"inLanguage":"en-GB","potentialAction":[{"@type":"ReadAction","target":["https:\/\/www.geopolitics.fr\/2026\/04\/23\/de-gaza-a-teheran-la-diplomatie-francaise-face-a-lepreuve-de-la-contrainte-strategique\/"]}]},{"@type":"ImageObject","inLanguage":"en-GB","@id":"https:\/\/www.geopolitics.fr\/2026\/04\/23\/de-gaza-a-teheran-la-diplomatie-francaise-face-a-lepreuve-de-la-contrainte-strategique\/#primaryimage","url":"https:\/\/www.geopolitics.fr\/wp-content\/uploads\/2026\/04\/quai-orsay.jpg","contentUrl":"https:\/\/www.geopolitics.fr\/wp-content\/uploads\/2026\/04\/quai-orsay.jpg","width":1920,"height":1619,"caption":"A government building in Paris during Le Bastille day. All flags and decorations are displayed on the 14th of July."},{"@type":"BreadcrumbList","@id":"https:\/\/www.geopolitics.fr\/2026\/04\/23\/de-gaza-a-teheran-la-diplomatie-francaise-face-a-lepreuve-de-la-contrainte-strategique\/#breadcrumb","itemListElement":[{"@type":"ListItem","position":1,"name":"Accueil","item":"https:\/\/www.geopolitics.fr\/"},{"@type":"ListItem","position":2,"name":"De Gaza \u00e0 T\u00e9h\u00e9ran : la diplomatie fran\u00e7aise face \u00e0 l&rsquo;\u00e9preuve de la contrainte strat\u00e9gique"}]},{"@type":"WebSite","@id":"https:\/\/www.geopolitics.fr\/#website","url":"https:\/\/www.geopolitics.fr\/","name":"Geopolitics.fr","description":"Geopolitics.fr Analyse politique, relations internationales, d\u00e9fense - ligne \u00e9ditoriale gaullo-chiraquienne","publisher":{"@id":"https:\/\/www.geopolitics.fr\/#organization"},"potentialAction":[{"@type":"SearchAction","target":{"@type":"EntryPoint","urlTemplate":"https:\/\/www.geopolitics.fr\/?s={search_term_string}"},"query-input":{"@type":"PropertyValueSpecification","valueRequired":true,"valueName":"search_term_string"}}],"inLanguage":"en-GB"},{"@type":"Organization","@id":"https:\/\/www.geopolitics.fr\/#organization","name":"Geopolitics.fr","url":"https:\/\/www.geopolitics.fr\/","logo":{"@type":"ImageObject","inLanguage":"en-GB","@id":"https:\/\/www.geopolitics.fr\/#\/schema\/logo\/image\/","url":"https:\/\/www.geopolitics.fr\/wp-content\/uploads\/2024\/01\/logo.jpg","contentUrl":"https:\/\/www.geopolitics.fr\/wp-content\/uploads\/2024\/01\/logo.jpg","width":500,"height":500,"caption":"Geopolitics.fr"},"image":{"@id":"https:\/\/www.geopolitics.fr\/#\/schema\/logo\/image\/"},"sameAs":["https:\/\/www.facebook.com\/people\/Erwan-Davoux\/61557098968092\/","https:\/\/x.com\/Geopolitics_Fr"]},{"@type":"Person","@id":"https:\/\/www.geopolitics.fr\/#\/schema\/person\/c36b165f511617c65a2bf8f8abd9af41","name":"Ghizlaine Badri","image":{"@type":"ImageObject","inLanguage":"en-GB","@id":"https:\/\/www.geopolitics.fr\/wp-content\/uploads\/2026\/04\/cropped-Ghizlaine-96x96.jpg","url":"https:\/\/www.geopolitics.fr\/wp-content\/uploads\/2026\/04\/cropped-Ghizlaine-96x96.jpg","contentUrl":"https:\/\/www.geopolitics.fr\/wp-content\/uploads\/2026\/04\/cropped-Ghizlaine-96x96.jpg","caption":"Ghizlaine Badri"},"description":"R\u00e9dactrice en chef de Geopolitics.fr, Ghizlaine Badri est une Journaliste politique forte de vingt-cing ans d'exp\u00e9rience professionnelle dont quinze ans dans la Presse. Elle a construit un parcours \u00e0 l'intersection des sc\u00e8nes fran\u00e7aise, europ\u00e9enne et internationale. Ghizlaine a collabor\u00e9 avec pr\u00e8s d'une vingtaine de m\u00e9dias, parmi lesquels Le Point, Le Figaro, Les \u00c9chos, L'Express et Forbes. Correspondante Maroc\u2013Maghreb pour Le Point et correspondante Afrique pour Forbes, elle s'est distingu\u00e9e par une couverture approfondie des dynamiques politiques et diplomatiques entre l'Europe et le continent africain. Elle est \u00e0 ce jour la seule journaliste marocaine en activit\u00e9 \u00e0 avoir collabor\u00e9 avec des titres majeurs de la presse fran\u00e7aise hors sph\u00e8re panafricaine en France. Au sein du quotidien \u00e9conomique L'\u00c9conomiste, 1er quotidien au Maroc, elle a fond\u00e9 la rubrique France\u2013Maroc, contribuant \u00e0 structurer un espace \u00e9ditorial in\u00e9dit. Titulaire de trois masters obtenus en France, elle a travaill\u00e9 dans les domaines de la communication institutionnelle notamment \u00e0 la Mairie de Bordeaux aupr\u00e8s d'Alain Jupp\u00e9 et a \u00e9galement exerc\u00e9 des fonctions de direction en communication marketing, notamment aupr\u00e8s de l'Ambassade de France au Maroc. Polyglotte, elle est franco-italo-marocaine, n\u00e9e \u00e0 Casablanca, a v\u00e9cu \u00e0 New-York et maitrise cinq langues le fran\u00e7ais, l'arabe, l'anglais, l'italien et l'espagnol.","url":"https:\/\/www.geopolitics.fr\/en\/author\/ghizlaine-badri\/"}]}},"_links":{"self":[{"href":"https:\/\/www.geopolitics.fr\/en\/wp-json\/wp\/v2\/posts\/3983","targetHints":{"allow":["GET"]}}],"collection":[{"href":"https:\/\/www.geopolitics.fr\/en\/wp-json\/wp\/v2\/posts"}],"about":[{"href":"https:\/\/www.geopolitics.fr\/en\/wp-json\/wp\/v2\/types\/post"}],"author":[{"embeddable":true,"href":"https:\/\/www.geopolitics.fr\/en\/wp-json\/wp\/v2\/users\/31730"}],"replies":[{"embeddable":true,"href":"https:\/\/www.geopolitics.fr\/en\/wp-json\/wp\/v2\/comments?post=3983"}],"version-history":[{"count":0,"href":"https:\/\/www.geopolitics.fr\/en\/wp-json\/wp\/v2\/posts\/3983\/revisions"}],"wp:featuredmedia":[{"embeddable":true,"href":"https:\/\/www.geopolitics.fr\/en\/wp-json\/wp\/v2\/media\/3987"}],"wp:attachment":[{"href":"https:\/\/www.geopolitics.fr\/en\/wp-json\/wp\/v2\/media?parent=3983"}],"wp:term":[{"taxonomy":"category","embeddable":true,"href":"https:\/\/www.geopolitics.fr\/en\/wp-json\/wp\/v2\/categories?post=3983"},{"taxonomy":"post_tag","embeddable":true,"href":"https:\/\/www.geopolitics.fr\/en\/wp-json\/wp\/v2\/tags?post=3983"}],"curies":[{"name":"wp","href":"https:\/\/api.w.org\/{rel}","templated":true}]}}