{"id":3971,"date":"2026-04-21T17:34:33","date_gmt":"2026-04-21T15:34:33","guid":{"rendered":"https:\/\/www.geopolitics.fr\/?p=3971"},"modified":"2026-04-21T17:36:04","modified_gmt":"2026-04-21T15:36:04","slug":"ce-que-la-defaite-dorban-dit-vraiment-du-continent","status":"publish","type":"post","link":"https:\/\/www.geopolitics.fr\/en\/2026\/04\/21\/ce-que-la-defaite-dorban-dit-vraiment-du-continent\/","title":{"rendered":"L\u2019Europe d\u2019apr\u00e8s\u00a0: ce que la d\u00e9faite d\u2019Orb\u00e1n dit vraiment du continent"},"content":{"rendered":"<p class=\"has-medium-font-size wp-block-paragraph\">L\u2019Europe n\u2019est pas seulement fa\u00e7onn\u00e9e par les puissances qui la composent ; elle l\u2019est aussi, parfois d\u00e9cisivement, par des \u00c9tats de taille moyenne capables d\u2019exploiter les failles du syst\u00e8me institutionnel. Pendant plus d\u2019une d\u00e9cennie, la Hongrie de Viktor Orb\u00e1n a incarn\u00e9 cette capacit\u00e9 d\u2019influence disproportionn\u00e9e, transformant les m\u00e9canismes de d\u00e9cision de l\u2019Union europ\u00e9enne en levier de projection diplomatique. Dans un contexte marqu\u00e9 par la guerre en Ukraine, la fragmentation \u00e9nerg\u00e9tique et la mont\u00e9e des souverainismes, Budapest s\u2019est impos\u00e9e comme un acteur pivot, non par sa puissance mat\u00e9rielle, mais par sa facult\u00e9 \u00e0 ralentir, conditionner ou red\u00e9finir le consensus europ\u00e9en.<\/p>\n\n\n\n<p class=\"has-medium-font-size wp-block-paragraph\">La d\u00e9faite d\u2019Orb\u00e1n et l\u2019accession de P\u00e9ter Magyar ouvrent ainsi une s\u00e9quence dont la port\u00e9e d\u00e9passe largement le cadre hongrois. Elle intervient \u00e0 un moment o\u00f9 l\u2019Union cherche \u00e0 consolider sa coh\u00e9sion strat\u00e9gique face \u00e0 un environnement international plus conflictuel, o\u00f9 la capacit\u00e9 d\u2019agir collectivement devient un facteur central de cr\u00e9dibilit\u00e9 g\u00e9opolitique. La transition politique \u00e0 Budapest ne constitue pas seulement une alternance nationale : elle modifie potentiellement l\u2019\u00e9quilibre interne d\u2019une Europe r\u00e9guli\u00e8rement confront\u00e9e \u00e0 ses propres lignes de fracture \u2014 sur la Russie, l\u2019Ukraine, l\u2019\u00e9nergie ou encore le Moyen-Orient.<\/p>\n\n\n\n<p class=\"has-medium-font-size wp-block-paragraph\">Sous Orb\u00e1n, la Hongrie s\u2019\u00e9tait \u00e9rig\u00e9e en acteur central de la \u00ab minorit\u00e9 de blocage \u00bb au sein du Conseil : frein aux sanctions contre Moscou, conditionnement de l\u2019aide \u00e0 Kiev, positions singuli\u00e8res sur plusieurs dossiers sensibles, notamment sur le Moyen-Orient. Cette posture r\u00e9v\u00e9lait une Europe travers\u00e9e de divergences profondes, tout en conf\u00e9rant \u00e0 Budapest une influence bien sup\u00e9rieure \u00e0 son poids d\u00e9mographique.<\/p>\n\n\n\n<p class=\"has-medium-font-size wp-block-paragraph\">L\u2019alternance politique soul\u00e8ve d\u00e8s lors une question strat\u00e9gique : s\u2019agit-il d\u2019un r\u00e9alignement durable vers le consensus europ\u00e9en, ou d\u2019une normalisation limit\u00e9e par des contraintes structurelles \u2014 \u00e9nerg\u00e9tiques, institutionnelles et politiques \u2014 qui continueront de peser sur la diplomatie hongroise ?<\/p>\n\n\n\n<p class=\"has-medium-font-size wp-block-paragraph\">L\u2019hypoth\u00e8se la plus plausible est celle d\u2019une \u00e9volution graduelle : un rapprochement r\u00e9el avec Bruxelles, sans rupture strat\u00e9gique brutale, dont les effets seront d\u2019abord visibles dans le fonctionnement institutionnel de l\u2019Union. Plus qu\u2019un basculement, la transition hongroise pourrait ainsi marquer une recomposition subtile mais durable de la dynamique d\u00e9cisionnelle europ\u00e9enne.<\/p>\n\n\n\n<h2 class=\"wp-block-heading has-medium-font-size\" id=\"h-la-fin-d-une-diplomatie-de-veto-recomposition-institutionnelle-au-sein-de-l-ue\">La fin d\u2019une diplomatie de veto\u00a0: recomposition institutionnelle au sein de l\u2019UE<\/h2>\n\n\n\n<h3 class=\"wp-block-heading has-medium-font-size\" id=\"h-la-hongrie-d-orban-comme-acteur-de-blocage\"><strong>La Hongrie d\u2019Orb\u00e1n comme acteur de blocage<\/strong><\/h3>\n\n\n\n<p class=\"has-medium-font-size wp-block-paragraph\">La strat\u00e9gie du veto hongrois n\u2019avait rien de ponctuel&nbsp;: elle s\u2019inscrivait dans une logique coh\u00e9rente de pr\u00e9servation de l\u2019autonomie nationale face aux orientations majoritaires de l\u2019Union. Sur les sanctions contre la Russie, Budapest a syst\u00e9matiquement contest\u00e9 les mesures \u00e9nerg\u00e9tiques, invoquant leur co\u00fbt \u00e9conomique pour obtenir des exemptions. Sur l\u2019Ukraine, le soutien a \u00e9t\u00e9 conditionn\u00e9 \u00e0 des garanties financi\u00e8res ou des concessions politiques, retardant plusieurs dispositifs europ\u00e9ens. Les tensions sur la conditionnalit\u00e9 budg\u00e9taire \u2014 l\u2019Union cherchant \u00e0 lier les fonds au respect de l\u2019\u00c9tat de droit \u2014 ont accentu\u00e9 l\u2019isolement de Budapest, tout en renfor\u00e7ant paradoxalement son pouvoir de n\u00e9gociation.<\/p>\n\n\n\n<h3 class=\"wp-block-heading has-medium-font-size\" id=\"h-le-retour-a-une-diplomatie-plus-previsible\"><strong>Le retour \u00e0 une diplomatie plus pr\u00e9visible<\/strong><\/h3>\n\n\n\n<p class=\"has-medium-font-size wp-block-paragraph\">L\u2019arriv\u00e9e de Magyar ouvre la perspective d\u2019un changement de registre. Sans renoncer \u00e0 la d\u00e9fense des int\u00e9r\u00eats nationaux, la nouvelle direction devrait privil\u00e9gier une approche plus consensuelle, r\u00e9duisant l\u2019incertitude qui pesait sur chaque n\u00e9gociation impliquant Budapest. Le simple fait que la Hongrie ne soit plus per\u00e7ue comme un veto potentiel modifie d\u00e9j\u00e0 la dynamique d\u00e9cisionnelle au Conseil. Ce n\u2019est pas la disparition des divergences, mais un retour \u00e0 la logique du compromis \u2014 pierre angulaire du fonctionnement communautaire.<\/p>\n\n\n\n<h3 class=\"wp-block-heading has-medium-font-size\" id=\"h-effets-sur-la-gouvernance-europeenne\"><strong>Effets sur la gouvernance europ\u00e9enne<\/strong><\/h3>\n\n\n\n<p class=\"has-medium-font-size wp-block-paragraph\">Les cons\u00e9quences institutionnelles pourraient \u00eatre substantielles. L\u2019affaiblissement de la minorit\u00e9 de blocage renforce la capacit\u00e9 du Conseil \u00e0 agir rapidement, r\u00e9duit le risque de paralysie et am\u00e9liore la cr\u00e9dibilit\u00e9 d\u00e9cisionnelle de l\u2019Union. Cette transition pourrait \u00e9galement relancer les d\u00e9bats sur la r\u00e9forme de la r\u00e8gle de l\u2019unanimit\u00e9. Une dynamique plus coop\u00e9rative permettrait d\u2019acc\u00e9l\u00e9rer les d\u00e9cisions et de consolider l\u2019image d\u2019une Union capable d\u2019agir collectivement \u2014 sans que les trait\u00e9s aient \u00e9t\u00e9 modifi\u00e9s d\u2019une virgule.<\/p>\n\n\n\n<h2 class=\"wp-block-heading has-medium-font-size\" id=\"h-russie-et-ukraine-un-realignement-aux-effets-strategiques-mesures\">Russie et Ukraine\u00a0: un r\u00e9alignement aux effets strat\u00e9giques mesur\u00e9s<\/h2>\n\n\n\n<h3 class=\"wp-block-heading has-medium-font-size\" id=\"h-la-perte-d-un-relais-politique-pour-moscou\"><strong>La perte d\u2019un relais politique pour Moscou<\/strong><\/h3>\n\n\n\n<p class=\"has-medium-font-size wp-block-paragraph\">Pendant plus d\u2019une d\u00e9cennie, Budapest proposait une lecture alternative au consensus euro-atlantique&nbsp;: critique des sanctions, insistance sur les risques d\u2019escalade, plaidoyer pour le dialogue avec Moscou. Cette posture reposait sur des fondements structurels \u2014 accords gaziers et nucl\u00e9aires civils \u2014 davantage que sur une affinit\u00e9 id\u00e9ologique. Orb\u00e1n n\u2019\u00e9tait pas align\u00e9 sur la Russie&nbsp;; il lui offrait un relais politique indirect au c\u0153ur des institutions europ\u00e9ennes. La transition d\u00e9fait cet \u00e9quilibre&nbsp;: les voix de la prudence se retrouvent moins structur\u00e9es, le d\u00e9bat europ\u00e9en se resserre autour d\u2019une ligne plus coh\u00e9rente \u2014 \u00e9volution symbolique, mais politiquement r\u00e9elle.<\/p>\n\n\n\n<h3 class=\"wp-block-heading has-medium-font-size\" id=\"h-impact-sur-l-aide-a-l-ukraine\"><strong>Impact sur l\u2019aide \u00e0 l\u2019Ukraine<\/strong><\/h3>\n\n\n\n<p class=\"has-medium-font-size wp-block-paragraph\">L\u2019effet le plus imm\u00e9diat concerne le soutien \u00e0 Kiev. Sous Orb\u00e1n, plusieurs initiatives financi\u00e8res ont \u00e9t\u00e9 retard\u00e9es ou ren\u00e9goci\u00e9es, Budapest conditionnant syst\u00e9matiquement son accord \u00e0 des garanties ou compensations. L\u2019arriv\u00e9e de Magyar ne signifie pas une transformation radicale, mais la disparition d\u2019un blocage structurel qui paralysait le Conseil. Une Hongrie dispos\u00e9e au compromis suffit \u00e0 acc\u00e9l\u00e9rer des d\u00e9cisions enlis\u00e9es et \u00e0 consolider la cr\u00e9dibilit\u00e9 europ\u00e9enne vis-\u00e0-vis de Kiev. La coh\u00e9sion de l\u2019Union d\u00e9pend moins de l\u2019unanimit\u00e9 parfaite que de l\u2019absence d\u2019opposition organis\u00e9e&nbsp;: c\u2019est pr\u00e9cis\u00e9ment ce facteur de friction que la transition contribue \u00e0 r\u00e9duire.<\/p>\n\n\n\n<h3 class=\"wp-block-heading has-medium-font-size\" id=\"h-les-limites-structurelles-du-realignement\"><strong>Les limites structurelles du r\u00e9alignement<\/strong><\/h3>\n\n\n\n<p class=\"has-medium-font-size wp-block-paragraph\">Le r\u00e9alignement se heurtera \u00e0 des contraintes durables. La d\u00e9pendance au gaz russe demeure profonde \u2014 infrastructures h\u00e9rit\u00e9es, contrats \u00e0 long terme, co\u00fbts de diversification \u00e9lev\u00e9s \u2014 et les alternatives, r\u00e9elles, s\u2019\u00e9taleront sur plusieurs ann\u00e9es. L\u2019opinion publique ajoute une pression suppl\u00e9mentaire&nbsp;: une partie de l\u2019\u00e9lectorat conservateur reste m\u00e9fiante des sanctions, et l\u2019h\u00e9ritage institutionnel d\u2019Orb\u00e1n \u2014 justice, m\u00e9dias, cadre constitutionnel \u2014 rend toute polarisation difficile \u00e0 contenir. Un repositionnement trop brusque fragiliserait la nouvelle majorit\u00e9 avant m\u00eame qu\u2019elle ne s\u2019installe.<\/p>\n\n\n\n<p class=\"has-medium-font-size wp-block-paragraph\">La trajectoire la plus probable est celle d\u2019un ancrage europ\u00e9en renforc\u00e9 combin\u00e9 au maintien de canaux ouverts avec Moscou&nbsp;: une normalisation prudente, pas une conversion.<\/p>\n\n\n\n<h3 class=\"wp-block-heading has-medium-font-size\" id=\"h-continuites-structurelles-pourquoi-la-rupture-sera-lente\"><strong>Continuit\u00e9s structurelles\u00a0: pourquoi la rupture sera lente<\/strong><\/h3>\n\n\n\n<p class=\"has-medium-font-size wp-block-paragraph\">Les flux \u00e9nerg\u00e9tiques h\u00e9rit\u00e9s des d\u00e9cennies sovi\u00e9tiques orientent naturellement la Hongrie vers l\u2019Est, et les diversifier suppose des investissements lourds qu\u2019aucune volont\u00e9 politique ne peut acc\u00e9l\u00e9rer seule. Sur le plan interne, seize ans d\u2019orbanisme ont fa\u00e7onn\u00e9 un environnement institutionnel qui impose les ajustements graduels. Budapest adoptera donc une posture \u00e9quilibr\u00e9e&nbsp;: soutien accru aux initiatives europ\u00e9ennes, autonomie diplomatique r\u00e9siduelle pr\u00e9serv\u00e9e. Ce n\u2019est pas un retournement \u2014 c\u2019est une normalisation, lente mais structurante.<\/p>\n\n\n\n<h2 class=\"wp-block-heading has-medium-font-size\" id=\"h-implications-globales-otan-etats-unis-israel-et-partenaires-exterieurs\">Implications globales\u00a0: OTAN, \u00c9tats-Unis, Isra\u00ebl et partenaires ext\u00e9rieurs<\/h2>\n\n\n\n<h3 class=\"wp-block-heading has-medium-font-size\" id=\"h-reequilibrage-transatlantique-et-otan\"><strong>R\u00e9\u00e9quilibrage transatlantique et OTAN<\/strong><\/h3>\n\n\n\n<p class=\"has-medium-font-size wp-block-paragraph\">La transition hongroise d\u00e9passe le cadre europ\u00e9en&nbsp;: elle reconfigure la dynamique transatlantique. Sous Orb\u00e1n, Budapest \u00e9tait membre formel de l\u2019OTAN, mais porteur d\u2019un discours dissonant sur les risques d\u2019une confrontation prolong\u00e9e avec Moscou \u2014 sans remettre en cause ses engagements militaires, mais en introduisant une voix discordante dans le concert occidental.<\/p>\n\n\n\n<p class=\"has-medium-font-size wp-block-paragraph\">Sa disparition renforce la coh\u00e9rence entre capitales europ\u00e9ennes et Washington, facilite la coordination sur le flanc oriental et consolide la cr\u00e9dibilit\u00e9 dissuasive de l\u2019Alliance, dont la coh\u00e9sion politique est aussi essentielle que les capacit\u00e9s militaires. La guerre en Ukraine tend \u00e0 resserrer structurellement les marges de divergence entre partenaires occidentaux&nbsp;; la transition hongroise s\u2019inscrit pleinement dans ce mouvement.<\/p>\n\n\n\n<h2 class=\"wp-block-heading has-medium-font-size\" id=\"h-la-russie-et-la-turquie-face-a-une-ue-plus-coherente\"><strong>La Russie et la Turquie face \u00e0 une UE plus coh\u00e9rente<\/strong><\/h2>\n\n\n\n<p class=\"has-medium-font-size wp-block-paragraph\">Pour Moscou, la d\u00e9faite d\u2019Orb\u00e1n constitue une perte essentiellement politique, mais non n\u00e9gligeable. La Hongrie offrait une voix capable de ralentir certaines d\u00e9cisions et de rendre visibles les fractures europ\u00e9ennes. Sa sortie du jeu r\u00e9duit la capacit\u00e9 russe \u00e0 exploiter les divisions institutionnelles \u2014 non parce que l\u2019Union deviendrait soudainement homog\u00e8ne, mais parce que les marges de man\u0153uvre se resserrent. Une UE plus coh\u00e9rente limite les possibilit\u00e9s d\u2019influence indirecte et rend sa politique \u00e9trang\u00e8re plus lisible pour adversaires comme pour partenaires.<\/p>\n\n\n\n<p class=\"has-medium-font-size wp-block-paragraph\">La Turquie observe cette \u00e9volution avec une attention comparable. Ankara a r\u00e9guli\u00e8rement tir\u00e9 parti des divergences europ\u00e9ennes pour n\u00e9gocier bilat\u00e9ralement avec certains \u00c9tats membres. Une Hongrie r\u00e9align\u00e9e r\u00e9duit l\u00e9g\u00e8rement ces opportunit\u00e9s, sans transformer radicalement l\u2019\u00e9quation \u2014 la Turquie conserve de nombreux autres leviers. La transition contribue n\u00e9anmoins \u00e0 renforcer l\u2019image d\u2019une Union moins fragment\u00e9e, plus capable de positions coordonn\u00e9es face aux puissances r\u00e9gionales. Cette logique s\u2019est illustr\u00e9e lors des tensions li\u00e9es aux forages gaziers en M\u00e9diterran\u00e9e orientale, lorsque l\u2019absence d\u2019un consensus europ\u00e9en ferme a permis \u00e0 Ankara de privil\u00e9gier des \u00e9changes directs avec des capitales comme Berlin ou Madrid, plus enclines \u00e0 privil\u00e9gier la d\u00e9sescalade et la n\u00e9gociation. Dans un contexte o\u00f9 l\u2019Union appara\u00eetrait plus homog\u00e8ne, ces marges de man\u0153uvre bilat\u00e9rales seraient m\u00e9caniquement r\u00e9duites, rendant plus cr\u00e9dible la formation de positions communes suivies d\u2019effets diplomatiques concrets.<\/p>\n\n\n\n<h2 class=\"wp-block-heading has-medium-font-size\" id=\"h-israel-la-perte-d-un-allie-singulier\"><strong>Isra\u00ebl\u00a0: la perte d\u2019un alli\u00e9 singulier<\/strong><\/h2>\n\n\n\n<p class=\"has-medium-font-size wp-block-paragraph\">Sous Viktor Orb\u00e1n, Budapest s\u2019\u00e9tait impos\u00e9e comme l\u2019un des soutiens les plus constants d\u2019Isra\u00ebl au sein de l\u2019Union \u2014 bloquant certaines initiatives critiques, att\u00e9nuant des d\u00e9clarations communes, refusant des conditionnalit\u00e9s jug\u00e9es d\u00e9favorables. Tel-Aviv disposait ainsi d\u2019un relais institutionnel pr\u00e9cieux, capable d\u2019influer sur la formulation m\u00eame de la politique europ\u00e9enne au Moyen-Orient. Cette posture s\u2019est illustr\u00e9e, par exemple, lorsque la Hongrie a refus\u00e9 d\u2019endosser plusieurs d\u00e9clarations europ\u00e9ennes critiquant le transfert de l\u2019ambassade am\u00e9ricaine \u00e0 J\u00e9rusalem, emp\u00eachant l\u2019adoption d\u2019une position commune plus ferme.<\/p>\n\n\n\n<p class=\"has-medium-font-size wp-block-paragraph\">Avec P\u00e9ter Magyar, la Hongrie devrait adopter une posture davantage align\u00e9e sur la ligne europ\u00e9enne dominante \u2014 \u00e9quilibre entre soutien \u00e0 la s\u00e9curit\u00e9 d\u2019Isra\u00ebl et attachement au droit international. Concr\u00e8tement, Isra\u00ebl pourrait perdre ce bouclier dans les d\u00e9bats sur Gaza, les \u00e9ventuelles sanctions ou la reconnaissance palestinienne. Le changement est n\u00e9anmoins g\u00e9om\u00e9trique plut\u00f4t que radical : d\u2019autres capitales continueront de d\u00e9fendre une approche coop\u00e9rative. C\u2019est l\u2019\u00e9quilibre interne qui se d\u00e9place \u2014 progressivement, vers une position europ\u00e9enne plus homog\u00e8ne.<\/p>\n\n\n\n<h2 class=\"wp-block-heading has-medium-font-size\" id=\"h-effet-signal-en-europe-ce-que-la-defaite-d-orban-dit-au-continent\"><strong>Effet signal en Europe\u00a0: ce que la d\u00e9faite d\u2019Orb\u00e1n dit au continent<\/strong><\/h2>\n\n\n\n<p class=\"has-medium-font-size wp-block-paragraph\">Au-del\u00e0 de ses implications diplomatiques, la d\u00e9faite d\u2019Orb\u00e1n poss\u00e8de une port\u00e9e symbolique pour l\u2019ensemble du continent. Pendant plusieurs ann\u00e9es, le mod\u00e8le hongrois avait \u00e9t\u00e9 pr\u00e9sent\u00e9 comme un syst\u00e8me durablement verrouill\u00e9, imperm\u00e9able aux m\u00e9canismes \u00e9lectoraux traditionnels. L\u2019alternance d\u00e9montre le contraire&nbsp;: m\u00eame des structures consolid\u00e9es peuvent \u00eatre remises en question par le jeu d\u00e9mocratique \u2014 signal direct aux \u00e9lectorats europ\u00e9ens confront\u00e9s \u00e0 la mont\u00e9e des forces souverainistes.<\/p>\n\n\n\n<p class=\"has-medium-font-size wp-block-paragraph\">Il serait toutefois excessif d\u2019y voir la fin de ces mouvements. La victoire de Giorgia Meloni en Italie \u2014 acquise depuis plusieurs ann\u00e9es \u2014 ainsi que la pr\u00e9sence durable de partis souverainistes dans des \u00c9tats membres comme la France, les Pays-Bas, l\u2019Autriche ou encore la Slovaquie rappellent que les tensions \u00e9conomiques, identitaires et sociales qui les nourrissent restent bien pr\u00e9sentes. La d\u00e9faite de Viktor Orb\u00e1n constitue donc un signal politique, mais pas un changement structurel. Le risque serait d\u2019en tirer un r\u00e9cit trop optimiste, alors que l\u2019\u00e9quilibre politique europ\u00e9en demeure profond\u00e9ment mouvant.<\/p>\n\n\n\n<h2 class=\"wp-block-heading has-medium-font-size\" id=\"h-une-recomposition-graduelle-des-equilibres-europeens\">Une recomposition graduelle des \u00e9quilibres europ\u00e9ens<\/h2>\n\n\n\n<p class=\"has-medium-font-size wp-block-paragraph\">La fin de l\u2019\u00e8re Viktor Orb\u00e1n ne referme pas seulement un chapitre hongrois ; elle modifie, \u00e0 la marge mais durablement, les \u00e9quilibres internes de l\u2019Union. Pendant pr\u00e8s de seize ans, Budapest avait fait du veto un levier diplomatique, pesant sur des dossiers majeurs comme les sanctions contre la Russie, l\u2019aide \u00e0 l\u2019Ukraine ou certaines positions au Moyen-Orient. La transition ouvre la voie \u00e0 une dynamique d\u00e9cisionnelle moins fragment\u00e9e, sans pour autant transformer radicalement la politique europ\u00e9enne.<\/p>\n\n\n\n<p class=\"has-medium-font-size wp-block-paragraph\">Les effets devraient d\u2019abord se traduire par une coordination plus fluide entre \u00c9tats membres et une position europ\u00e9enne plus lisible pour ses partenaires ext\u00e9rieurs. Sur les questions \u00e9nerg\u00e9tiques, s\u00e9curitaires ou moyen-orientales, une Union moins expos\u00e9e aux blocages internes gagne en pr\u00e9visibilit\u00e9 \u2014 un facteur important pour les pays voisins du Sud, qui ajustent leurs relations avec l\u2019Europe en fonction de sa coh\u00e9rence strat\u00e9gique.<\/p>\n\n\n\n<p class=\"has-medium-font-size wp-block-paragraph\">Pour autant, les contraintes structurelles demeurent. La d\u00e9pendance \u00e9nerg\u00e9tique, les \u00e9quilibres politiques internes et l\u2019h\u00e9ritage institutionnel limiteront la marge de man\u0153uvre de P\u00e9ter Magyar. La Hongrie ne change pas d\u2019orientation du jour au lendemain ; elle \u00e9volue progressivement vers une position plus align\u00e9e sur ses partenaires europ\u00e9ens.<\/p>\n\n\n\n<p class=\"has-medium-font-size wp-block-paragraph\">La transition hongroise ne constitue donc pas un tournant majeur, mais un ajustement significatif. Elle participe \u00e0 une recomposition graduelle de l\u2019Union, dont l\u2019effet principal sera une diplomatie europ\u00e9enne l\u00e9g\u00e8rement plus coh\u00e9rente \u2014 et donc plus lisible \u2014 dans un environnement international marqu\u00e9 par la comp\u00e9tition des puissances et l\u2019instabilit\u00e9 r\u00e9gionale.<\/p>\n\n\n\n<p class=\"wp-block-paragraph\"><\/p>","protected":false},"excerpt":{"rendered":"<p>L\u2019Europe n\u2019est pas seulement fa\u00e7onn\u00e9e par les puissances qui la composent ; elle l\u2019est aussi, parfois d\u00e9cisivement, par des \u00c9tats de taille&hellip;<\/p>","protected":false},"author":103,"featured_media":3972,"comment_status":"closed","ping_status":"closed","sticky":false,"template":"","format":"standard","meta":{"_lmt_disableupdate":"","_lmt_disable":"","footnotes":""},"categories":[5,4],"tags":[602,604,366,603],"class_list":["post-3971","post","type-post","status-publish","format-standard","has-post-thumbnail","hentry","category-international","category-mis-en-avant","tag-hongrie","tag-peter-magyar","tag-union-europeenne","tag-viktor-orban"],"yoast_head":"<!-- This site is optimized with the Yoast SEO Premium plugin v28.1 (Yoast SEO v28.1) - https:\/\/yoast.com\/product\/yoast-seo-premium-wordpress\/ -->\n<title>L\u2019Europe d\u2019apr\u00e8s\u00a0: ce que la d\u00e9faite d\u2019Orb\u00e1n dit vraiment du continent | Geopolitics.fr<\/title>\n<meta name=\"description\" content=\"Hongrie : la d\u00e9faire d&#039;Orban signifie-t-elle un r\u00e9alignement vers le consensus europ\u00e9en ou une normalisation limit\u00e9e ?\" \/>\n<meta name=\"robots\" content=\"index, follow, max-snippet:-1, max-image-preview:large, max-video-preview:-1\" \/>\n<link rel=\"canonical\" href=\"https:\/\/www.geopolitics.fr\/en\/2026\/04\/21\/ce-que-la-defaite-dorban-dit-vraiment-du-continent\/\" \/>\n<meta property=\"og:locale\" content=\"en_GB\" \/>\n<meta property=\"og:type\" content=\"article\" \/>\n<meta property=\"og:title\" content=\"L\u2019Europe d\u2019apr\u00e8s\u00a0: ce que la d\u00e9faite d\u2019Orb\u00e1n dit vraiment du continent\" \/>\n<meta property=\"og:description\" content=\"Hongrie : la d\u00e9faire d&#039;Orban signifie-t-elle un r\u00e9alignement vers le consensus europ\u00e9en ou une normalisation limit\u00e9e ?\" \/>\n<meta property=\"og:url\" content=\"https:\/\/www.geopolitics.fr\/en\/2026\/04\/21\/ce-que-la-defaite-dorban-dit-vraiment-du-continent\/\" \/>\n<meta property=\"og:site_name\" content=\"Geopolitics.fr\" \/>\n<meta property=\"article:publisher\" content=\"https:\/\/www.facebook.com\/people\/Erwan-Davoux\/61557098968092\/\" \/>\n<meta property=\"article:published_time\" content=\"2026-04-21T15:34:33+00:00\" \/>\n<meta property=\"article:modified_time\" content=\"2026-04-21T15:36:04+00:00\" \/>\n<meta property=\"og:image\" content=\"https:\/\/www.geopolitics.fr\/wp-content\/uploads\/2026\/04\/hongrie.jpg\" \/>\n\t<meta property=\"og:image:width\" content=\"1920\" \/>\n\t<meta property=\"og:image:height\" content=\"1279\" \/>\n\t<meta property=\"og:image:type\" content=\"image\/jpeg\" \/>\n<meta name=\"author\" content=\"Elyes GHARIANI\" \/>\n<meta name=\"twitter:card\" content=\"summary_large_image\" \/>\n<meta name=\"twitter:creator\" content=\"@Geopolitics_Fr\" \/>\n<meta name=\"twitter:site\" content=\"@Geopolitics_Fr\" \/>\n<meta name=\"twitter:label1\" content=\"Written by\" \/>\n\t<meta name=\"twitter:data1\" content=\"Elyes GHARIANI\" \/>\n\t<meta name=\"twitter:label2\" content=\"Estimated reading time\" \/>\n\t<meta name=\"twitter:data2\" content=\"10 minutes\" \/>\n<script type=\"application\/ld+json\" class=\"yoast-schema-graph\">{\"@context\":\"https:\\\/\\\/schema.org\",\"@graph\":[{\"@type\":\"Article\",\"@id\":\"https:\\\/\\\/www.geopolitics.fr\\\/2026\\\/04\\\/21\\\/ce-que-la-defaite-dorban-dit-vraiment-du-continent\\\/#article\",\"isPartOf\":{\"@id\":\"https:\\\/\\\/www.geopolitics.fr\\\/2026\\\/04\\\/21\\\/ce-que-la-defaite-dorban-dit-vraiment-du-continent\\\/\"},\"author\":{\"name\":\"Elyes GHARIANI\",\"@id\":\"https:\\\/\\\/www.geopolitics.fr\\\/#\\\/schema\\\/person\\\/2f100050c14e702a5388d142a9fa8307\"},\"headline\":\"L\u2019Europe d\u2019apr\u00e8s\u00a0: ce que la d\u00e9faite d\u2019Orb\u00e1n dit vraiment du continent\",\"datePublished\":\"2026-04-21T15:34:33+00:00\",\"dateModified\":\"2026-04-21T15:36:04+00:00\",\"mainEntityOfPage\":{\"@id\":\"https:\\\/\\\/www.geopolitics.fr\\\/2026\\\/04\\\/21\\\/ce-que-la-defaite-dorban-dit-vraiment-du-continent\\\/\"},\"wordCount\":2329,\"publisher\":{\"@id\":\"https:\\\/\\\/www.geopolitics.fr\\\/#organization\"},\"image\":{\"@id\":\"https:\\\/\\\/www.geopolitics.fr\\\/2026\\\/04\\\/21\\\/ce-que-la-defaite-dorban-dit-vraiment-du-continent\\\/#primaryimage\"},\"thumbnailUrl\":\"https:\\\/\\\/www.geopolitics.fr\\\/wp-content\\\/uploads\\\/2026\\\/04\\\/hongrie.jpg\",\"keywords\":[\"HONGRIE\",\"PETER MAGYAR\",\"UNION EUROPEENNE\",\"VIKTOR ORBAN\"],\"articleSection\":[\"International\",\"Mis en AVANT\"],\"inLanguage\":\"en-GB\"},{\"@type\":\"WebPage\",\"@id\":\"https:\\\/\\\/www.geopolitics.fr\\\/2026\\\/04\\\/21\\\/ce-que-la-defaite-dorban-dit-vraiment-du-continent\\\/\",\"url\":\"https:\\\/\\\/www.geopolitics.fr\\\/2026\\\/04\\\/21\\\/ce-que-la-defaite-dorban-dit-vraiment-du-continent\\\/\",\"name\":\"L\u2019Europe d\u2019apr\u00e8s\u00a0: ce que la d\u00e9faite d\u2019Orb\u00e1n dit vraiment du continent | Geopolitics.fr\",\"isPartOf\":{\"@id\":\"https:\\\/\\\/www.geopolitics.fr\\\/#website\"},\"primaryImageOfPage\":{\"@id\":\"https:\\\/\\\/www.geopolitics.fr\\\/2026\\\/04\\\/21\\\/ce-que-la-defaite-dorban-dit-vraiment-du-continent\\\/#primaryimage\"},\"image\":{\"@id\":\"https:\\\/\\\/www.geopolitics.fr\\\/2026\\\/04\\\/21\\\/ce-que-la-defaite-dorban-dit-vraiment-du-continent\\\/#primaryimage\"},\"thumbnailUrl\":\"https:\\\/\\\/www.geopolitics.fr\\\/wp-content\\\/uploads\\\/2026\\\/04\\\/hongrie.jpg\",\"datePublished\":\"2026-04-21T15:34:33+00:00\",\"dateModified\":\"2026-04-21T15:36:04+00:00\",\"description\":\"Hongrie : la d\u00e9faire d'Orban signifie-t-elle un r\u00e9alignement vers le consensus europ\u00e9en ou une normalisation limit\u00e9e ?\",\"breadcrumb\":{\"@id\":\"https:\\\/\\\/www.geopolitics.fr\\\/2026\\\/04\\\/21\\\/ce-que-la-defaite-dorban-dit-vraiment-du-continent\\\/#breadcrumb\"},\"inLanguage\":\"en-GB\",\"potentialAction\":[{\"@type\":\"ReadAction\",\"target\":[\"https:\\\/\\\/www.geopolitics.fr\\\/2026\\\/04\\\/21\\\/ce-que-la-defaite-dorban-dit-vraiment-du-continent\\\/\"]}]},{\"@type\":\"ImageObject\",\"inLanguage\":\"en-GB\",\"@id\":\"https:\\\/\\\/www.geopolitics.fr\\\/2026\\\/04\\\/21\\\/ce-que-la-defaite-dorban-dit-vraiment-du-continent\\\/#primaryimage\",\"url\":\"https:\\\/\\\/www.geopolitics.fr\\\/wp-content\\\/uploads\\\/2026\\\/04\\\/hongrie.jpg\",\"contentUrl\":\"https:\\\/\\\/www.geopolitics.fr\\\/wp-content\\\/uploads\\\/2026\\\/04\\\/hongrie.jpg\",\"width\":1920,\"height\":1279,\"caption\":\"Hungarian flag waving over Budapest, the captial city. Stock photo.\"},{\"@type\":\"BreadcrumbList\",\"@id\":\"https:\\\/\\\/www.geopolitics.fr\\\/2026\\\/04\\\/21\\\/ce-que-la-defaite-dorban-dit-vraiment-du-continent\\\/#breadcrumb\",\"itemListElement\":[{\"@type\":\"ListItem\",\"position\":1,\"name\":\"Accueil\",\"item\":\"https:\\\/\\\/www.geopolitics.fr\\\/\"},{\"@type\":\"ListItem\",\"position\":2,\"name\":\"L\u2019Europe d\u2019apr\u00e8s\u00a0: ce que la d\u00e9faite d\u2019Orb\u00e1n dit vraiment du continent\"}]},{\"@type\":\"WebSite\",\"@id\":\"https:\\\/\\\/www.geopolitics.fr\\\/#website\",\"url\":\"https:\\\/\\\/www.geopolitics.fr\\\/\",\"name\":\"Geopolitics.fr\",\"description\":\"Geopolitics.fr Analyse politique, relations internationales, d\u00e9fense - ligne \u00e9ditoriale gaullo-chiraquienne\",\"publisher\":{\"@id\":\"https:\\\/\\\/www.geopolitics.fr\\\/#organization\"},\"potentialAction\":[{\"@type\":\"SearchAction\",\"target\":{\"@type\":\"EntryPoint\",\"urlTemplate\":\"https:\\\/\\\/www.geopolitics.fr\\\/?s={search_term_string}\"},\"query-input\":{\"@type\":\"PropertyValueSpecification\",\"valueRequired\":true,\"valueName\":\"search_term_string\"}}],\"inLanguage\":\"en-GB\"},{\"@type\":\"Organization\",\"@id\":\"https:\\\/\\\/www.geopolitics.fr\\\/#organization\",\"name\":\"Geopolitics.fr\",\"url\":\"https:\\\/\\\/www.geopolitics.fr\\\/\",\"logo\":{\"@type\":\"ImageObject\",\"inLanguage\":\"en-GB\",\"@id\":\"https:\\\/\\\/www.geopolitics.fr\\\/#\\\/schema\\\/logo\\\/image\\\/\",\"url\":\"https:\\\/\\\/www.geopolitics.fr\\\/wp-content\\\/uploads\\\/2024\\\/01\\\/logo.jpg\",\"contentUrl\":\"https:\\\/\\\/www.geopolitics.fr\\\/wp-content\\\/uploads\\\/2024\\\/01\\\/logo.jpg\",\"width\":500,\"height\":500,\"caption\":\"Geopolitics.fr\"},\"image\":{\"@id\":\"https:\\\/\\\/www.geopolitics.fr\\\/#\\\/schema\\\/logo\\\/image\\\/\"},\"sameAs\":[\"https:\\\/\\\/www.facebook.com\\\/people\\\/Erwan-Davoux\\\/61557098968092\\\/\",\"https:\\\/\\\/x.com\\\/Geopolitics_Fr\"]},{\"@type\":\"Person\",\"@id\":\"https:\\\/\\\/www.geopolitics.fr\\\/#\\\/schema\\\/person\\\/2f100050c14e702a5388d142a9fa8307\",\"name\":\"Elyes GHARIANI\",\"image\":{\"@type\":\"ImageObject\",\"inLanguage\":\"en-GB\",\"@id\":\"https:\\\/\\\/www.geopolitics.fr\\\/wp-content\\\/uploads\\\/2024\\\/12\\\/elyes-photo-96x96.png\",\"url\":\"https:\\\/\\\/www.geopolitics.fr\\\/wp-content\\\/uploads\\\/2024\\\/12\\\/elyes-photo-96x96.png\",\"contentUrl\":\"https:\\\/\\\/www.geopolitics.fr\\\/wp-content\\\/uploads\\\/2024\\\/12\\\/elyes-photo-96x96.png\",\"caption\":\"Elyes GHARIANI\"},\"description\":\"Ancien ambassadeur de Tunisie, \u00e0 Berlin et \u00e0 La Haye et fort d\u2019une exp\u00e9rience de 40 ans dans le travail diplomatique et la coop\u00e9ration internationale, il dispose d\u2019une bonne expertise en affaires europ\u00e9ennes pour avoir \u00e9t\u00e9 en poste dans les principaux Etats membres fondateurs de l\u2019UE (Allemagne, Belgique, France, Pays-Bas). Dipl\u00f4m\u00e9 de l\u2019Institut Bourguiba des Langues Vivantes de Tunis, de l\u2019Institut Pouchkine de langue russe \u00e0 Moscou et de l\u2019Institut Universitaire des Hautes Etudes Internationales (IUHEI) de Gen\u00e8ve, il dispose d\u2019une large exp\u00e9rience en mati\u00e8re de gestion et de mise en \u0153uvre de projets au niveau international. Il a \u00e9t\u00e9 Conseiller Diplomatique du Chef du Gouvernement en 2015-2016 et 2020-2021\",\"url\":\"https:\\\/\\\/www.geopolitics.fr\\\/en\\\/author\\\/elyes\\\/\"}]}<\/script>\n<!-- \/ Yoast SEO Premium plugin. -->","yoast_head_json":{"title":"L\u2019Europe d\u2019apr\u00e8s\u00a0: ce que la d\u00e9faite d\u2019Orb\u00e1n dit vraiment du continent | Geopolitics.fr","description":"Hongrie : la d\u00e9faire d'Orban signifie-t-elle un r\u00e9alignement vers le consensus europ\u00e9en ou une normalisation limit\u00e9e ?","robots":{"index":"index","follow":"follow","max-snippet":"max-snippet:-1","max-image-preview":"max-image-preview:large","max-video-preview":"max-video-preview:-1"},"canonical":"https:\/\/www.geopolitics.fr\/en\/2026\/04\/21\/ce-que-la-defaite-dorban-dit-vraiment-du-continent\/","og_locale":"en_GB","og_type":"article","og_title":"L\u2019Europe d\u2019apr\u00e8s\u00a0: ce que la d\u00e9faite d\u2019Orb\u00e1n dit vraiment du continent","og_description":"Hongrie : la d\u00e9faire d'Orban signifie-t-elle un r\u00e9alignement vers le consensus europ\u00e9en ou une normalisation limit\u00e9e ?","og_url":"https:\/\/www.geopolitics.fr\/en\/2026\/04\/21\/ce-que-la-defaite-dorban-dit-vraiment-du-continent\/","og_site_name":"Geopolitics.fr","article_publisher":"https:\/\/www.facebook.com\/people\/Erwan-Davoux\/61557098968092\/","article_published_time":"2026-04-21T15:34:33+00:00","article_modified_time":"2026-04-21T15:36:04+00:00","og_image":[{"width":1920,"height":1279,"url":"https:\/\/www.geopolitics.fr\/wp-content\/uploads\/2026\/04\/hongrie.jpg","type":"image\/jpeg"}],"author":"Elyes GHARIANI","twitter_card":"summary_large_image","twitter_creator":"@Geopolitics_Fr","twitter_site":"@Geopolitics_Fr","twitter_misc":{"Written by":"Elyes GHARIANI","Estimated reading time":"10 minutes"},"schema":{"@context":"https:\/\/schema.org","@graph":[{"@type":"Article","@id":"https:\/\/www.geopolitics.fr\/2026\/04\/21\/ce-que-la-defaite-dorban-dit-vraiment-du-continent\/#article","isPartOf":{"@id":"https:\/\/www.geopolitics.fr\/2026\/04\/21\/ce-que-la-defaite-dorban-dit-vraiment-du-continent\/"},"author":{"name":"Elyes GHARIANI","@id":"https:\/\/www.geopolitics.fr\/#\/schema\/person\/2f100050c14e702a5388d142a9fa8307"},"headline":"L\u2019Europe d\u2019apr\u00e8s\u00a0: ce que la d\u00e9faite d\u2019Orb\u00e1n dit vraiment du continent","datePublished":"2026-04-21T15:34:33+00:00","dateModified":"2026-04-21T15:36:04+00:00","mainEntityOfPage":{"@id":"https:\/\/www.geopolitics.fr\/2026\/04\/21\/ce-que-la-defaite-dorban-dit-vraiment-du-continent\/"},"wordCount":2329,"publisher":{"@id":"https:\/\/www.geopolitics.fr\/#organization"},"image":{"@id":"https:\/\/www.geopolitics.fr\/2026\/04\/21\/ce-que-la-defaite-dorban-dit-vraiment-du-continent\/#primaryimage"},"thumbnailUrl":"https:\/\/www.geopolitics.fr\/wp-content\/uploads\/2026\/04\/hongrie.jpg","keywords":["HONGRIE","PETER MAGYAR","UNION EUROPEENNE","VIKTOR ORBAN"],"articleSection":["International","Mis en AVANT"],"inLanguage":"en-GB"},{"@type":"WebPage","@id":"https:\/\/www.geopolitics.fr\/2026\/04\/21\/ce-que-la-defaite-dorban-dit-vraiment-du-continent\/","url":"https:\/\/www.geopolitics.fr\/2026\/04\/21\/ce-que-la-defaite-dorban-dit-vraiment-du-continent\/","name":"L\u2019Europe d\u2019apr\u00e8s\u00a0: ce que la d\u00e9faite d\u2019Orb\u00e1n dit vraiment du continent | Geopolitics.fr","isPartOf":{"@id":"https:\/\/www.geopolitics.fr\/#website"},"primaryImageOfPage":{"@id":"https:\/\/www.geopolitics.fr\/2026\/04\/21\/ce-que-la-defaite-dorban-dit-vraiment-du-continent\/#primaryimage"},"image":{"@id":"https:\/\/www.geopolitics.fr\/2026\/04\/21\/ce-que-la-defaite-dorban-dit-vraiment-du-continent\/#primaryimage"},"thumbnailUrl":"https:\/\/www.geopolitics.fr\/wp-content\/uploads\/2026\/04\/hongrie.jpg","datePublished":"2026-04-21T15:34:33+00:00","dateModified":"2026-04-21T15:36:04+00:00","description":"Hongrie : la d\u00e9faire d'Orban signifie-t-elle un r\u00e9alignement vers le consensus europ\u00e9en ou une normalisation limit\u00e9e ?","breadcrumb":{"@id":"https:\/\/www.geopolitics.fr\/2026\/04\/21\/ce-que-la-defaite-dorban-dit-vraiment-du-continent\/#breadcrumb"},"inLanguage":"en-GB","potentialAction":[{"@type":"ReadAction","target":["https:\/\/www.geopolitics.fr\/2026\/04\/21\/ce-que-la-defaite-dorban-dit-vraiment-du-continent\/"]}]},{"@type":"ImageObject","inLanguage":"en-GB","@id":"https:\/\/www.geopolitics.fr\/2026\/04\/21\/ce-que-la-defaite-dorban-dit-vraiment-du-continent\/#primaryimage","url":"https:\/\/www.geopolitics.fr\/wp-content\/uploads\/2026\/04\/hongrie.jpg","contentUrl":"https:\/\/www.geopolitics.fr\/wp-content\/uploads\/2026\/04\/hongrie.jpg","width":1920,"height":1279,"caption":"Hungarian flag waving over Budapest, the captial city. Stock photo."},{"@type":"BreadcrumbList","@id":"https:\/\/www.geopolitics.fr\/2026\/04\/21\/ce-que-la-defaite-dorban-dit-vraiment-du-continent\/#breadcrumb","itemListElement":[{"@type":"ListItem","position":1,"name":"Accueil","item":"https:\/\/www.geopolitics.fr\/"},{"@type":"ListItem","position":2,"name":"L\u2019Europe d\u2019apr\u00e8s\u00a0: ce que la d\u00e9faite d\u2019Orb\u00e1n dit vraiment du continent"}]},{"@type":"WebSite","@id":"https:\/\/www.geopolitics.fr\/#website","url":"https:\/\/www.geopolitics.fr\/","name":"Geopolitics.fr","description":"Geopolitics.fr Analyse politique, relations internationales, d\u00e9fense - ligne \u00e9ditoriale gaullo-chiraquienne","publisher":{"@id":"https:\/\/www.geopolitics.fr\/#organization"},"potentialAction":[{"@type":"SearchAction","target":{"@type":"EntryPoint","urlTemplate":"https:\/\/www.geopolitics.fr\/?s={search_term_string}"},"query-input":{"@type":"PropertyValueSpecification","valueRequired":true,"valueName":"search_term_string"}}],"inLanguage":"en-GB"},{"@type":"Organization","@id":"https:\/\/www.geopolitics.fr\/#organization","name":"Geopolitics.fr","url":"https:\/\/www.geopolitics.fr\/","logo":{"@type":"ImageObject","inLanguage":"en-GB","@id":"https:\/\/www.geopolitics.fr\/#\/schema\/logo\/image\/","url":"https:\/\/www.geopolitics.fr\/wp-content\/uploads\/2024\/01\/logo.jpg","contentUrl":"https:\/\/www.geopolitics.fr\/wp-content\/uploads\/2024\/01\/logo.jpg","width":500,"height":500,"caption":"Geopolitics.fr"},"image":{"@id":"https:\/\/www.geopolitics.fr\/#\/schema\/logo\/image\/"},"sameAs":["https:\/\/www.facebook.com\/people\/Erwan-Davoux\/61557098968092\/","https:\/\/x.com\/Geopolitics_Fr"]},{"@type":"Person","@id":"https:\/\/www.geopolitics.fr\/#\/schema\/person\/2f100050c14e702a5388d142a9fa8307","name":"Elyes GHARIANI","image":{"@type":"ImageObject","inLanguage":"en-GB","@id":"https:\/\/www.geopolitics.fr\/wp-content\/uploads\/2024\/12\/elyes-photo-96x96.png","url":"https:\/\/www.geopolitics.fr\/wp-content\/uploads\/2024\/12\/elyes-photo-96x96.png","contentUrl":"https:\/\/www.geopolitics.fr\/wp-content\/uploads\/2024\/12\/elyes-photo-96x96.png","caption":"Elyes GHARIANI"},"description":"Ancien ambassadeur de Tunisie, \u00e0 Berlin et \u00e0 La Haye et fort d\u2019une exp\u00e9rience de 40 ans dans le travail diplomatique et la coop\u00e9ration internationale, il dispose d\u2019une bonne expertise en affaires europ\u00e9ennes pour avoir \u00e9t\u00e9 en poste dans les principaux Etats membres fondateurs de l\u2019UE (Allemagne, Belgique, France, Pays-Bas). Dipl\u00f4m\u00e9 de l\u2019Institut Bourguiba des Langues Vivantes de Tunis, de l\u2019Institut Pouchkine de langue russe \u00e0 Moscou et de l\u2019Institut Universitaire des Hautes Etudes Internationales (IUHEI) de Gen\u00e8ve, il dispose d\u2019une large exp\u00e9rience en mati\u00e8re de gestion et de mise en \u0153uvre de projets au niveau international. Il a \u00e9t\u00e9 Conseiller Diplomatique du Chef du Gouvernement en 2015-2016 et 2020-2021","url":"https:\/\/www.geopolitics.fr\/en\/author\/elyes\/"}]}},"_links":{"self":[{"href":"https:\/\/www.geopolitics.fr\/en\/wp-json\/wp\/v2\/posts\/3971","targetHints":{"allow":["GET"]}}],"collection":[{"href":"https:\/\/www.geopolitics.fr\/en\/wp-json\/wp\/v2\/posts"}],"about":[{"href":"https:\/\/www.geopolitics.fr\/en\/wp-json\/wp\/v2\/types\/post"}],"author":[{"embeddable":true,"href":"https:\/\/www.geopolitics.fr\/en\/wp-json\/wp\/v2\/users\/103"}],"replies":[{"embeddable":true,"href":"https:\/\/www.geopolitics.fr\/en\/wp-json\/wp\/v2\/comments?post=3971"}],"version-history":[{"count":0,"href":"https:\/\/www.geopolitics.fr\/en\/wp-json\/wp\/v2\/posts\/3971\/revisions"}],"wp:featuredmedia":[{"embeddable":true,"href":"https:\/\/www.geopolitics.fr\/en\/wp-json\/wp\/v2\/media\/3972"}],"wp:attachment":[{"href":"https:\/\/www.geopolitics.fr\/en\/wp-json\/wp\/v2\/media?parent=3971"}],"wp:term":[{"taxonomy":"category","embeddable":true,"href":"https:\/\/www.geopolitics.fr\/en\/wp-json\/wp\/v2\/categories?post=3971"},{"taxonomy":"post_tag","embeddable":true,"href":"https:\/\/www.geopolitics.fr\/en\/wp-json\/wp\/v2\/tags?post=3971"}],"curies":[{"name":"wp","href":"https:\/\/api.w.org\/{rel}","templated":true}]}}